{"id":47421,"date":"2017-04-21T10:32:45","date_gmt":"2017-04-21T13:32:45","guid":{"rendered":"https:\/\/www.jornalja.com.br\/?p=47421"},"modified":"2017-04-21T10:32:45","modified_gmt":"2017-04-21T13:32:45","slug":"imprensa-esconde-a-grave-situacao-da-seguranca-em-fortaleza","status":"publish","type":"post","link":"https:\/\/www.jornalja.com.br\/arquivo\/imprensa-esconde-a-grave-situacao-da-seguranca-em-fortaleza\/","title":{"rendered":"Imprensa esconde a grave situa\u00e7\u00e3o da seguran\u00e7a em  Fortaleza"},"content":{"rendered":"<p>Os principais jornais do pais decidiram minimizar a s\u00e9rie de ataques criminosos que ocorrem desde quarta-feira em Fortaleza. O assunto foi omitido no notici\u00e1rio desta manh\u00e3 nos portais dos grandes jornais do centro Sul &#8211; Globo, Folha, Estad\u00e3o, Zero Hora.<br \/>\nOs eventos cessaram com o feriado, mas a tens\u00e3o na cidade ainda e grande.<br \/>\nReproduzimos mat\u00e9ria do jornal O Povo, da capital cearense, publicada em seu portal na tarde de quinta-feira, quando se contavam 21 \u00f4nibus incendiados, duas viaturas policiais e tr\u00eas delegacias atacadas.<br \/>\n&#8220;Os \u00f4nibus de Fortaleza v\u00e3o circular daqui a pouco em comboios e com policiais militares a bordo. Esta \u00e9 uma das decis\u00f5es tomadas pela c\u00fapula da Seguran\u00e7a P\u00fablica do Estado e a Dire\u00e7\u00e3o do Sindi\u00f4nibus, reunidos neste momento na sede do Sindicato. Itiner\u00e1rios alternativos tamb\u00e9m est\u00e3o sendo estudados.<br \/>\nA frota ser\u00e1 reduzida. N\u00e3o h\u00e1 policiais suficientes para todos os 2.400 \u00f4nibus da Capital. Refor\u00e7os est\u00e3o sendo trazidos de cidades do Interior. Pelo menos por enquanto, \u00a0est\u00e1 descartado o pedido de ajuda \u00e0 For\u00e7a Nacional.<br \/>\nO encontro que ocorre agora tem car\u00e1ter mais t\u00e9cnico do que a reuni\u00e3o encerrada h\u00e1 cerca de 30 minutos no Pal\u00e1cio da Aboli\u00e7\u00e3o com o governador Camilo Santana(PT), o prefeito em exerc\u00edcio Moroni Torgan (policial federal aposentado); o secret\u00e1rio da Seguran\u00e7a, Andr\u00e9 Costa; a secret\u00e1ria da Justi\u00e7a, Socorro Fran\u00e7a; o presidente da Assembleia Legislativa, Zezinho Albuquerque; e o presidente do Sindi\u00f4nibus, Dimas Barreira.<br \/>\nA Coordenadoria de Intelig\u00eancia da Secretaria da Seguran\u00e7a P\u00fablica e Defesa Social (Coin) n\u00e3o teria em seu banco de dados um mapeamento detalhado sobre a atua\u00e7\u00e3o da fac\u00e7\u00e3o criminosa Guardi\u00f5es do Estado (GDE).<br \/>\nAo grupo est\u00e1 sendo atr\u00edbu\u00edda, desde a \u00faltima quarta-feira, a maioria dos ataques a \u00f4nibus ocorridos em bairros de Fortaleza e em cidades da Regi\u00e3o Metropolitana.<\/p>\n<div class=\"clear\">\u00a0O POVO apurou que a Coin e o Servi\u00e7o de Intelig\u00eancia da Secretaria da Justi\u00e7a (Sejus), mais o Departamento de Intelig\u00eancia da Pol\u00edcia Civil (DIP) e o Grupo de Atua\u00e7\u00e3o Especial de Combate \u00e0s Organiza\u00e7\u00f5es Criminosas do Minist\u00e9rio P\u00fablico do Cear\u00e1 (Gaeco) ir\u00e3o tentar cruzar o que cada um tem de informa\u00e7\u00f5es para saber mais sobre a fac\u00e7\u00e3o.<\/div>\n<p>Mesmo rec\u00e9m-surgida no mapa do crime local &#8211; teria menos de cinco anos de exist\u00eancia -, a GDE j\u00e1 se apresenta como terceira for\u00e7a nas unidades prisionais cearenses. Por contagens n\u00e3o oficiais, fontes da seguran\u00e7a p\u00fablica estimam que o bando teria pelo menos 600 homens no contingente das cadeias locais. Ainda longe do que agrupam as duas principais: Primeiro Comando da Capital (PCC), cerca de 1.300; e Comando Vermelho (CV), perto de 1.100 presos.<br \/>\nEm Fortaleza, a GDE se espalha por v\u00e1rios bairros, mas seu dom\u00ednio \u00e9 considerado maior na regi\u00e3o da Sapiranga (seria a base principal), Sabiaguaba, Lagamar, Aerol\u00e2ndia, Serviluz, Vicente Pinz\u00f3n, Castelo Encantado, Edson Queiroz, Mucuripe e, no lado oposto da cidade, tamb\u00e9m com base na Vila Velha e Parque Leblon, bairro de Caucaia. Praia do Futuro, Ca\u00e7a e Pesca seriam \u00e1reas rec\u00e9m-conquistadas na guerra com outras fac\u00e7\u00f5es.<\/p>\n<div class=\"clear\">\u00a0Mesmo rec\u00e9m-surgida no mapa do crime local, a GDE j\u00e1 se apresenta como terceira for\u00e7a nas unidades prisionais Cearenses&#8221;<\/div>\n<aside class=\"cx-quote border-right-geral\">\n<div><\/div>\n<\/aside>\n<p>No conv\u00edvio dentro e fora das penitenci\u00e1rias, a GDE \u00e9 aliada do PCC, enquanto o CV faz parcerias do crime com a Fam\u00edlia do Norte. A FDN \u00e9 outra das fac\u00e7\u00f5es existentes no Cear\u00e1, aqui n\u00e3o t\u00e3o poderosa como \u00e9 no Rio Grande do Norte. Os alinhamentos facilitam o caminho de drogas e armas entre elas.<br \/>\nH\u00e1 tr\u00e9guas eventuais, mas a guerra nunca cessa. Ontem pela manh\u00e3, inclusive, um dos principais gerentes da fac\u00e7\u00e3o FDN no Amazonas, Vainer de Matos Magalh\u00e3es, o \u201cPep\u00ea\u201d, de 34 anos, foi assassinado em Fortaleza. Ele dirigia uma picape Hilux pela avenida Santos Dumont, no bairro Papicu, quando foi morto a tiros. Era considerado poderoso na hierarquia de sua fac\u00e7\u00e3o. A Pol\u00edcia Civil atribui a morte a membros do PCC.<br \/>\n<strong>GDE = 745<\/strong><br \/>\nComo marca, a GDE adota o algarismo \u201c745\u201d. Os n\u00fameros s\u00e3o a posi\u00e7\u00e3o das letras no alfabeto: G=7, D=4, E=5. O PCC, por exemplo, adota o numeral 1533. Com o 745, muito comum em picha\u00e7\u00f5es de muros e fachadas, a GDE se autopromove entre os criminosos e demarca suas zonas de atua\u00e7\u00e3o.<br \/>\nA GDE estaria recrutando mais gente que as outras fac\u00e7\u00f5es porque n\u00e3o cobra a mensalidade do crime. Como fazem PCC e CV. N\u00e3o obrigatoriamente, mas para impor respeito no seu espa\u00e7o, um membro da GDE gosta de exibir o \u201c745\u201d em alguma tatuagem pelo corpo.<br \/>\nOntem, num flagrante feito \u00e0 tarde no Mucuripe, tr\u00eas jovens se preparavam para incendiar um \u00f4nibus pr\u00f3ximo da avenida Aboli\u00e7\u00e3o. Eram duas mo\u00e7as e um rapaz. Uma delas tinha o n\u00famero 745 tatuado na m\u00e3o esquerda. O grupo estava com cinco litros de gasolina num gal\u00e3o. Por sorte, o ve\u00edculo n\u00e3o foi atingido e n\u00e3o entrou na contagem de ocorr\u00eancias desses dias de terror em Fortaleza.<br \/>\n<strong>Falta diagn\u00f3stico nos bairros na Capital e RMF<\/strong><br \/>\nA falta de um mapeamento sistematizado da \u00e1rea de influ\u00eancia das fac\u00e7\u00f5es em Fortaleza e na Regi\u00e3o Metropolitana \u00e9 apontada como erro estrat\u00e9gico para a formula\u00e7\u00e3o de a\u00e7\u00f5es policiais permanentes e para interven\u00e7\u00f5es sociais duradouras nos bairros. A cr\u00edtica vem das universidades e de integrantes dos servi\u00e7os de informa\u00e7\u00e3o da estrutura da seguran\u00e7a p\u00fablica do Estado.<br \/>\nNuma divis\u00e3o por bairros em Fortaleza, os Guardi\u00f5es do Estado (GDE) dominariam territ\u00f3rios da periferia. Pelo menos 11 bairros na Capital e dois em Caucaia (veja mat\u00e9ria ao lado). A informa\u00e7\u00e3o \u00e9 de policiais que est\u00e3o no dia a dia das ruas.<br \/>\nO Comando Vermelho controlaria a Rosalina, Riacho Doce, Serrinha, Mondubim, Barroso, Babil\u00f4nia, Bela Vista, Gueto, Pirambu e Padre Andrade..<br \/>\nO Primeiro Comando da Capital (PCC) teria \u201csoldados\u201d na Favela da Mana, Maraponga, uma parte da Serrinha, Barracal do Itapery, Dias Mac\u00eado e Bom Sucesso.<br \/>\nos pres\u00eddios da Regi\u00e3o Metropolitana (RMF) servem de \u201cquartel general\u201d de onde tamb\u00e9m partem ordens para os \u201cneg\u00f3cios do crime\u201d, ligados, principalmente, ao tr\u00e1fico de drogas\/armas, assaltos a banco e acertos de conta.<br \/>\nAs unidades prisionais seriam dominadas por pelo menos seis fac\u00e7\u00f5es. PCC, CV, GDE, Fam\u00edlia do Norte (FDN), Amigos dos Amigos (ADA) e Equipe Mentes Criminosas (EMC).<br \/>\nNenhuma delegacia ou unidade militar emite relat\u00f3rios frequentes (mensais) para os servi\u00e7os de informa\u00e7\u00e3o ou \u00e1rea de dados sobre movimentos das fac\u00e7\u00f5es nos bairros. Nem com o surgimento da \u201cpacifica\u00e7\u00e3o\u201d dos grupos criminosos . Notadamente anunciada a partir do ano passado.<br \/>\nEm setembro de 2016, um relat\u00f3rio Gaeco\/MPCE apontou que o PCC, CV e GDE comandaram as rebeli\u00f5es de maio no sistema penitenci\u00e1rio do Cear\u00e1.O levante terminou com 14 mortes de detentos.<\/p>\n<p class=\"autor\">CL\u00c1UDIO RIBEIRO | DEMITRI T\u00daLIO<\/p>\n<div class=\"tags\"><\/div>\n","protected":false},"excerpt":{"rendered":"<p>Os principais jornais do pais decidiram minimizar a s\u00e9rie de ataques criminosos que ocorrem desde quarta-feira em Fortaleza. O assunto foi omitido no notici\u00e1rio desta manh\u00e3 nos portais dos grandes jornais do centro Sul &#8211; Globo, Folha, Estad\u00e3o, Zero Hora. Os eventos cessaram com o feriado, mas a tens\u00e3o na cidade ainda e grande. Reproduzimos [&hellip;]<\/p>\n","protected":false},"author":4,"featured_media":47442,"comment_status":"open","ping_status":"closed","sticky":false,"template":"","format":"standard","meta":{"_jetpack_newsletter_access":"","_jetpack_dont_email_post_to_subs":false,"_jetpack_newsletter_tier_id":0,"_jetpack_memberships_contains_paywalled_content":false,"_jetpack_feature_clip_id":0,"_jetpack_memberships_contains_paid_content":false,"footnotes":"","jetpack_post_was_ever_published":false},"categories":[26],"tags":[],"class_list":["post-47421","post","type-post","status-publish","format-standard","has-post-thumbnail","hentry","category-geral"],"aioseo_notices":[],"aioseo_head":"\n\t\t<!-- All in One SEO 5.0.1.1 - aioseo.com -->\n\t<meta name=\"robots\" content=\"max-image-preview:large\" \/>\n\t<meta name=\"author\" content=\"da Reda\u00e7\u00e3o\"\/>\n\t<link rel=\"canonical\" href=\"https:\/\/www.jornalja.com.br\/arquivo\/imprensa-esconde-a-grave-situacao-da-seguranca-em-fortaleza\/\" \/>\n\t<meta name=\"generator\" content=\"All in One SEO (AIOSEO) 5.0.1.1\" \/>\n\t\t<meta property=\"og:locale\" content=\"pt_BR\" \/>\n\t\t<meta property=\"og:site_name\" content=\"Arquivo | Jornal J\u00c1 | Porto Alegre\" \/>\n\t\t<meta property=\"og:type\" content=\"article\" \/>\n\t\t<meta property=\"og:title\" content=\"Imprensa esconde a grave situa\u00e7\u00e3o da seguran\u00e7a em Fortaleza | Arquivo\" \/>\n\t\t<meta property=\"og:url\" content=\"https:\/\/www.jornalja.com.br\/arquivo\/imprensa-esconde-a-grave-situacao-da-seguranca-em-fortaleza\/\" \/>\n\t\t<meta property=\"og:image\" content=\"https:\/\/www.jornalja.com.br\/economics\/wp-content\/uploads\/sites\/11\/2026\/08\/ja-folhaderosto-facebook.jpg\" \/>\n\t\t<meta property=\"og:image:secure_url\" content=\"https:\/\/www.jornalja.com.br\/economics\/wp-content\/uploads\/sites\/11\/2026\/08\/ja-folhaderosto-facebook.jpg\" \/>\n\t\t<meta property=\"article:published_time\" content=\"2017-04-21T13:32:45+00:00\" \/>\n\t\t<meta property=\"article:modified_time\" content=\"2017-04-21T13:32:45+00:00\" \/>\n\t\t<meta name=\"twitter:card\" content=\"summary\" \/>\n\t\t<meta name=\"twitter:title\" content=\"Imprensa esconde a grave situa\u00e7\u00e3o da seguran\u00e7a em Fortaleza | Arquivo\" \/>\n\t\t<meta name=\"twitter:image\" content=\"https:\/\/www.jornalja.com.br\/economics\/wp-content\/uploads\/sites\/11\/2026\/08\/ja-folhaderosto-facebook.jpg\" \/>\n\t\t<script type=\"application\/ld+json\" class=\"aioseo-schema\">\n\t\t\t{\"@context\":\"https:\\\/\\\/schema.org\",\"@graph\":[{\"@type\":\"BlogPosting\",\"@id\":\"https:\\\/\\\/www.jornalja.com.br\\\/arquivo\\\/imprensa-esconde-a-grave-situacao-da-seguranca-em-fortaleza\\\/#blogposting\",\"name\":\"Imprensa esconde a grave situa\\u00e7\\u00e3o da seguran\\u00e7a em Fortaleza | Arquivo\",\"headline\":\"Imprensa esconde a grave situa\\u00e7\\u00e3o da seguran\\u00e7a em  Fortaleza\",\"author\":{\"@id\":\"https:\\\/\\\/www.jornalja.com.br\\\/arquivo\\\/author\\\/daredacao\\\/#author\"},\"publisher\":{\"@id\":\"https:\\\/\\\/www.jornalja.com.br\\\/arquivo\\\/#organization\"},\"image\":{\"@type\":\"ImageObject\",\"url\":47442},\"datePublished\":\"2017-04-21T10:32:45-03:00\",\"dateModified\":\"2017-04-21T10:32:45-03:00\",\"inLanguage\":\"pt-BR\",\"mainEntityOfPage\":{\"@id\":\"https:\\\/\\\/www.jornalja.com.br\\\/arquivo\\\/imprensa-esconde-a-grave-situacao-da-seguranca-em-fortaleza\\\/#webpage\"},\"isPartOf\":{\"@id\":\"https:\\\/\\\/www.jornalja.com.br\\\/arquivo\\\/imprensa-esconde-a-grave-situacao-da-seguranca-em-fortaleza\\\/#webpage\"},\"articleSection\":\"Geral\"},{\"@type\":\"BreadcrumbList\",\"@id\":\"https:\\\/\\\/www.jornalja.com.br\\\/arquivo\\\/imprensa-esconde-a-grave-situacao-da-seguranca-em-fortaleza\\\/#breadcrumblist\",\"itemListElement\":[{\"@type\":\"ListItem\",\"@id\":\"https:\\\/\\\/www.jornalja.com.br\\\/arquivo#listItem\",\"position\":1,\"name\":\"Home\",\"item\":\"https:\\\/\\\/www.jornalja.com.br\\\/arquivo\",\"nextItem\":{\"@type\":\"ListItem\",\"@id\":\"https:\\\/\\\/www.jornalja.com.br\\\/arquivo\\\/category\\\/geral\\\/#listItem\",\"name\":\"Geral\"}},{\"@type\":\"ListItem\",\"@id\":\"https:\\\/\\\/www.jornalja.com.br\\\/arquivo\\\/category\\\/geral\\\/#listItem\",\"position\":2,\"name\":\"Geral\",\"item\":\"https:\\\/\\\/www.jornalja.com.br\\\/arquivo\\\/category\\\/geral\\\/\",\"nextItem\":{\"@type\":\"ListItem\",\"@id\":\"https:\\\/\\\/www.jornalja.com.br\\\/arquivo\\\/imprensa-esconde-a-grave-situacao-da-seguranca-em-fortaleza\\\/#listItem\",\"name\":\"Imprensa esconde a grave situa\\u00e7\\u00e3o da seguran\\u00e7a em  Fortaleza\"},\"previousItem\":{\"@type\":\"ListItem\",\"@id\":\"https:\\\/\\\/www.jornalja.com.br\\\/arquivo#listItem\",\"name\":\"Home\"}},{\"@type\":\"ListItem\",\"@id\":\"https:\\\/\\\/www.jornalja.com.br\\\/arquivo\\\/imprensa-esconde-a-grave-situacao-da-seguranca-em-fortaleza\\\/#listItem\",\"position\":3,\"name\":\"Imprensa esconde a grave situa\\u00e7\\u00e3o da seguran\\u00e7a em  Fortaleza\",\"previousItem\":{\"@type\":\"ListItem\",\"@id\":\"https:\\\/\\\/www.jornalja.com.br\\\/arquivo\\\/category\\\/geral\\\/#listItem\",\"name\":\"Geral\"}}]},{\"@type\":\"Organization\",\"@id\":\"https:\\\/\\\/www.jornalja.com.br\\\/arquivo\\\/#organization\",\"name\":\"Jornal J\\u00c1\",\"description\":\"Jornal J\\u00c1 | Porto Alegre\",\"url\":\"https:\\\/\\\/www.jornalja.com.br\\\/arquivo\\\/\",\"telephone\":\"+555133307272\",\"logo\":{\"@type\":\"ImageObject\",\"url\":\"https:\\\/\\\/www.jornalja.com.br\\\/wp-content\\\/uploads\\\/cards\\\/JAslogan.png\",\"@id\":\"https:\\\/\\\/www.jornalja.com.br\\\/arquivo\\\/imprensa-esconde-a-grave-situacao-da-seguranca-em-fortaleza\\\/#organizationLogo\"},\"image\":{\"@id\":\"https:\\\/\\\/www.jornalja.com.br\\\/arquivo\\\/imprensa-esconde-a-grave-situacao-da-seguranca-em-fortaleza\\\/#organizationLogo\"}},{\"@type\":\"Person\",\"@id\":\"https:\\\/\\\/www.jornalja.com.br\\\/arquivo\\\/author\\\/daredacao\\\/#author\",\"url\":\"https:\\\/\\\/www.jornalja.com.br\\\/arquivo\\\/author\\\/daredacao\\\/\",\"name\":\"da Reda\\u00e7\\u00e3o\",\"image\":{\"@type\":\"ImageObject\",\"@id\":\"https:\\\/\\\/www.jornalja.com.br\\\/arquivo\\\/imprensa-esconde-a-grave-situacao-da-seguranca-em-fortaleza\\\/#authorImage\",\"url\":\"https:\\\/\\\/secure.gravatar.com\\\/avatar\\\/469fd857d6605ad19919d27ed29d35a968a25f6e8fd9318356bbb7f57aae9c65?s=96&d=mm&r=g\",\"width\":96,\"height\":96,\"caption\":\"da Reda\\u00e7\\u00e3o\"}},{\"@type\":\"WebPage\",\"@id\":\"https:\\\/\\\/www.jornalja.com.br\\\/arquivo\\\/imprensa-esconde-a-grave-situacao-da-seguranca-em-fortaleza\\\/#webpage\",\"url\":\"https:\\\/\\\/www.jornalja.com.br\\\/arquivo\\\/imprensa-esconde-a-grave-situacao-da-seguranca-em-fortaleza\\\/\",\"name\":\"Imprensa esconde a grave situa\\u00e7\\u00e3o da seguran\\u00e7a em Fortaleza | Arquivo\",\"inLanguage\":\"pt-BR\",\"isPartOf\":{\"@id\":\"https:\\\/\\\/www.jornalja.com.br\\\/arquivo\\\/#website\"},\"breadcrumb\":{\"@id\":\"https:\\\/\\\/www.jornalja.com.br\\\/arquivo\\\/imprensa-esconde-a-grave-situacao-da-seguranca-em-fortaleza\\\/#breadcrumblist\"},\"author\":{\"@id\":\"https:\\\/\\\/www.jornalja.com.br\\\/arquivo\\\/author\\\/daredacao\\\/#author\"},\"creator\":{\"@id\":\"https:\\\/\\\/www.jornalja.com.br\\\/arquivo\\\/author\\\/daredacao\\\/#author\"},\"image\":{\"@type\":\"ImageObject\",\"url\":47442,\"@id\":\"https:\\\/\\\/www.jornalja.com.br\\\/arquivo\\\/imprensa-esconde-a-grave-situacao-da-seguranca-em-fortaleza\\\/#mainImage\"},\"primaryImageOfPage\":{\"@id\":\"https:\\\/\\\/www.jornalja.com.br\\\/arquivo\\\/imprensa-esconde-a-grave-situacao-da-seguranca-em-fortaleza\\\/#mainImage\"},\"datePublished\":\"2017-04-21T10:32:45-03:00\",\"dateModified\":\"2017-04-21T10:32:45-03:00\"},{\"@type\":\"WebSite\",\"@id\":\"https:\\\/\\\/www.jornalja.com.br\\\/arquivo\\\/#website\",\"url\":\"https:\\\/\\\/www.jornalja.com.br\\\/arquivo\\\/\",\"name\":\"Arquivo\",\"description\":\"Jornal J\\u00c1 | Porto Alegre\",\"inLanguage\":\"pt-BR\",\"publisher\":{\"@id\":\"https:\\\/\\\/www.jornalja.com.br\\\/arquivo\\\/#organization\"}}]}\n\t\t<\/script>\n\t\t<!-- All in One SEO -->\n\n","aioseo_head_json":{"title":"Imprensa esconde a grave situa\u00e7\u00e3o da seguran\u00e7a em Fortaleza | Arquivo","description":"","canonical_url":"https:\/\/www.jornalja.com.br\/arquivo\/imprensa-esconde-a-grave-situacao-da-seguranca-em-fortaleza\/","robots":"max-image-preview:large","keywords":"","webmasterTools":{"miscellaneous":""},"schema":{"@context":"https:\/\/schema.org","@graph":[{"@type":"BlogPosting","@id":"https:\/\/www.jornalja.com.br\/arquivo\/imprensa-esconde-a-grave-situacao-da-seguranca-em-fortaleza\/#blogposting","name":"Imprensa esconde a grave situa\u00e7\u00e3o da seguran\u00e7a em Fortaleza | Arquivo","headline":"Imprensa esconde a grave situa\u00e7\u00e3o da seguran\u00e7a em  Fortaleza","author":{"@id":"https:\/\/www.jornalja.com.br\/arquivo\/author\/daredacao\/#author"},"publisher":{"@id":"https:\/\/www.jornalja.com.br\/arquivo\/#organization"},"image":{"@type":"ImageObject","url":47442},"datePublished":"2017-04-21T10:32:45-03:00","dateModified":"2017-04-21T10:32:45-03:00","inLanguage":"pt-BR","mainEntityOfPage":{"@id":"https:\/\/www.jornalja.com.br\/arquivo\/imprensa-esconde-a-grave-situacao-da-seguranca-em-fortaleza\/#webpage"},"isPartOf":{"@id":"https:\/\/www.jornalja.com.br\/arquivo\/imprensa-esconde-a-grave-situacao-da-seguranca-em-fortaleza\/#webpage"},"articleSection":"Geral"},{"@type":"BreadcrumbList","@id":"https:\/\/www.jornalja.com.br\/arquivo\/imprensa-esconde-a-grave-situacao-da-seguranca-em-fortaleza\/#breadcrumblist","itemListElement":[{"@type":"ListItem","@id":"https:\/\/www.jornalja.com.br\/arquivo#listItem","position":1,"name":"Home","item":"https:\/\/www.jornalja.com.br\/arquivo","nextItem":{"@type":"ListItem","@id":"https:\/\/www.jornalja.com.br\/arquivo\/category\/geral\/#listItem","name":"Geral"}},{"@type":"ListItem","@id":"https:\/\/www.jornalja.com.br\/arquivo\/category\/geral\/#listItem","position":2,"name":"Geral","item":"https:\/\/www.jornalja.com.br\/arquivo\/category\/geral\/","nextItem":{"@type":"ListItem","@id":"https:\/\/www.jornalja.com.br\/arquivo\/imprensa-esconde-a-grave-situacao-da-seguranca-em-fortaleza\/#listItem","name":"Imprensa esconde a grave situa\u00e7\u00e3o da seguran\u00e7a em  Fortaleza"},"previousItem":{"@type":"ListItem","@id":"https:\/\/www.jornalja.com.br\/arquivo#listItem","name":"Home"}},{"@type":"ListItem","@id":"https:\/\/www.jornalja.com.br\/arquivo\/imprensa-esconde-a-grave-situacao-da-seguranca-em-fortaleza\/#listItem","position":3,"name":"Imprensa esconde a grave situa\u00e7\u00e3o da seguran\u00e7a em  Fortaleza","previousItem":{"@type":"ListItem","@id":"https:\/\/www.jornalja.com.br\/arquivo\/category\/geral\/#listItem","name":"Geral"}}]},{"@type":"Organization","@id":"https:\/\/www.jornalja.com.br\/arquivo\/#organization","name":"Jornal J\u00c1","description":"Jornal J\u00c1 | Porto Alegre","url":"https:\/\/www.jornalja.com.br\/arquivo\/","telephone":"+555133307272","logo":{"@type":"ImageObject","url":"https:\/\/www.jornalja.com.br\/wp-content\/uploads\/cards\/JAslogan.png","@id":"https:\/\/www.jornalja.com.br\/arquivo\/imprensa-esconde-a-grave-situacao-da-seguranca-em-fortaleza\/#organizationLogo"},"image":{"@id":"https:\/\/www.jornalja.com.br\/arquivo\/imprensa-esconde-a-grave-situacao-da-seguranca-em-fortaleza\/#organizationLogo"}},{"@type":"Person","@id":"https:\/\/www.jornalja.com.br\/arquivo\/author\/daredacao\/#author","url":"https:\/\/www.jornalja.com.br\/arquivo\/author\/daredacao\/","name":"da Reda\u00e7\u00e3o","image":{"@type":"ImageObject","@id":"https:\/\/www.jornalja.com.br\/arquivo\/imprensa-esconde-a-grave-situacao-da-seguranca-em-fortaleza\/#authorImage","url":"https:\/\/secure.gravatar.com\/avatar\/469fd857d6605ad19919d27ed29d35a968a25f6e8fd9318356bbb7f57aae9c65?s=96&d=mm&r=g","width":96,"height":96,"caption":"da Reda\u00e7\u00e3o"}},{"@type":"WebPage","@id":"https:\/\/www.jornalja.com.br\/arquivo\/imprensa-esconde-a-grave-situacao-da-seguranca-em-fortaleza\/#webpage","url":"https:\/\/www.jornalja.com.br\/arquivo\/imprensa-esconde-a-grave-situacao-da-seguranca-em-fortaleza\/","name":"Imprensa esconde a grave situa\u00e7\u00e3o da seguran\u00e7a em Fortaleza | Arquivo","inLanguage":"pt-BR","isPartOf":{"@id":"https:\/\/www.jornalja.com.br\/arquivo\/#website"},"breadcrumb":{"@id":"https:\/\/www.jornalja.com.br\/arquivo\/imprensa-esconde-a-grave-situacao-da-seguranca-em-fortaleza\/#breadcrumblist"},"author":{"@id":"https:\/\/www.jornalja.com.br\/arquivo\/author\/daredacao\/#author"},"creator":{"@id":"https:\/\/www.jornalja.com.br\/arquivo\/author\/daredacao\/#author"},"image":{"@type":"ImageObject","url":47442,"@id":"https:\/\/www.jornalja.com.br\/arquivo\/imprensa-esconde-a-grave-situacao-da-seguranca-em-fortaleza\/#mainImage"},"primaryImageOfPage":{"@id":"https:\/\/www.jornalja.com.br\/arquivo\/imprensa-esconde-a-grave-situacao-da-seguranca-em-fortaleza\/#mainImage"},"datePublished":"2017-04-21T10:32:45-03:00","dateModified":"2017-04-21T10:32:45-03:00"},{"@type":"WebSite","@id":"https:\/\/www.jornalja.com.br\/arquivo\/#website","url":"https:\/\/www.jornalja.com.br\/arquivo\/","name":"Arquivo","description":"Jornal J\u00c1 | Porto Alegre","inLanguage":"pt-BR","publisher":{"@id":"https:\/\/www.jornalja.com.br\/arquivo\/#organization"}}]},"og:locale":"pt_BR","og:site_name":"Arquivo | Jornal J\u00c1 | Porto Alegre","og:type":"article","og:title":"Imprensa esconde a grave situa\u00e7\u00e3o da seguran\u00e7a em Fortaleza | Arquivo","og:url":"https:\/\/www.jornalja.com.br\/arquivo\/imprensa-esconde-a-grave-situacao-da-seguranca-em-fortaleza\/","og:image":"https:\/\/www.jornalja.com.br\/economics\/wp-content\/uploads\/sites\/11\/2026\/08\/ja-folhaderosto-facebook.jpg","og:image:secure_url":"https:\/\/www.jornalja.com.br\/economics\/wp-content\/uploads\/sites\/11\/2026\/08\/ja-folhaderosto-facebook.jpg","article:published_time":"2017-04-21T13:32:45+00:00","article:modified_time":"2017-04-21T13:32:45+00:00","twitter:card":"summary","twitter:title":"Imprensa esconde a grave situa\u00e7\u00e3o da seguran\u00e7a em Fortaleza | Arquivo","twitter:image":"https:\/\/www.jornalja.com.br\/economics\/wp-content\/uploads\/sites\/11\/2026\/08\/ja-folhaderosto-facebook.jpg"},"aioseo_meta_data":{"post_id":"47421","title":null,"description":null,"keywords":null,"keyphrases":null,"primary_term":null,"canonical_url":null,"og_title":null,"og_description":null,"og_object_type":"default","og_image_type":"default","og_image_url":null,"og_image_width":null,"og_image_height":null,"og_image_custom_url":null,"og_image_custom_fields":null,"og_video":null,"og_custom_url":null,"og_article_section":null,"og_article_tags":null,"twitter_use_og":false,"twitter_card":"default","twitter_image_type":"default","twitter_image_url":null,"twitter_image_custom_url":null,"twitter_image_custom_fields":null,"twitter_title":null,"twitter_description":null,"schema":{"blockGraphs":[],"customGraphs":[],"default":{"data":{"Article":[],"Course":[],"Dataset":[],"FAQPage":[],"Movie":[],"Person":[],"Product":[],"ProductReview":[],"Car":[],"Recipe":[],"Service":[],"SoftwareApplication":[],"WebPage":[]},"graphName":"","isEnabled":true},"graphs":[],"defaultGraph":"","defaultPostTypeGraph":""},"schema_type":null,"schema_type_options":null,"pillar_content":false,"robots_default":true,"robots_noindex":false,"robots_noarchive":false,"robots_nosnippet":false,"robots_nofollow":false,"robots_noimageindex":false,"robots_noodp":false,"robots_notranslate":false,"robots_max_snippet":null,"robots_max_videopreview":null,"robots_max_imagepreview":"large","priority":null,"frequency":null,"location":null,"local_seo":null,"breadcrumb_settings":null,"limit_modified_date":false,"ai":null,"created":"2020-12-20 20:35:51","updated":"2025-07-19 21:08:04","seo_analyzer_scan_date":null,"focus_keyword":null,"additional_keywords":null,"truseo_locale":null},"jetpack_sharing_enabled":true,"jetpack-related-posts":[{"id":13240,"url":"https:\/\/www.jornalja.com.br\/arquivo\/plano-diretor-estamos-construindo-o-caos\/","url_meta":{"origin":47421,"position":0},"title":"Plano diretor: &quot;Estamos construindo o caos&quot;","author":"Patr\u00edcia Marini","date":"26 de maio de 2014","format":false,"excerpt":"Desabafo que arquiteta Eliana Castilhos, delegada da Regi\u00e3o de Planejamento 1, postou nas redes sociais \u00e9 um testemunho do ambiente que se criou no Conselho do Plano Diretor de Porto Alegre, onde a aprova\u00e7\u00e3o de grandes empreendimentos \u00e9 empurrada guela abaixo dos conselheiros. Ao CMDUA Como delegada da Regi\u00e3o de\u2026","rel":"","context":"Em &quot;Geral&quot;","block_context":{"text":"Geral","link":"https:\/\/www.jornalja.com.br\/arquivo\/category\/geral\/"},"img":{"alt_text":"","src":"","width":0,"height":0},"classes":[]},{"id":12960,"url":"https:\/\/www.jornalja.com.br\/arquivo\/populacao-culpa-empresas-pela-greve-dos-rodoviarios\/","url_meta":{"origin":47421,"position":1},"title":"Popula\u00e7\u00e3o culpa empresas pela greve","author":"Patr\u00edcia Marini","date":"14 de fevereiro de 2014","format":false,"excerpt":"Pesquisa divulgada na edi\u00e7\u00e3o do jornal Metro desta sexta-feira,14, comprova o velho ditado: \u00e9 poss\u00edvel enganar muitos por algum tempo, mas n\u00e3o \u00e9 poss\u00edvel enganar a todos o tempo inteiro. A principal revela\u00e7\u00e3o foi que 59,8% dos entrevistados apontaram as empresas como as principais respons\u00e1veis pela grave e 46% culparam\u2026","rel":"","context":"Em &quot;X.Categorias velhas&quot;","block_context":{"text":"X.Categorias velhas","link":"https:\/\/www.jornalja.com.br\/arquivo\/category\/x-categorias-velhas\/"},"img":{"alt_text":"","src":"","width":0,"height":0},"classes":[]},{"id":13101,"url":"https:\/\/www.jornalja.com.br\/arquivo\/morre-um-guerreiro-do-texto\/","url_meta":{"origin":47421,"position":2},"title":"Morre um guerreiro do texto","author":"Patr\u00edcia Marini","date":"14 de maio de 2014","format":false,"excerpt":"Por Ricardo Kotscho Reproduzido do blog do autor, 11\/5\/2014; t\u00edtulo original \u201cE l\u00e1 se foi o nosso Myltainho, guerreiro do texto\u201d. Mi\u00fado e franzino, meu amigo Myltainho era um valente e inconformado guerreiro na luta contra as injusti\u00e7as sociais, a hipocrisia, as maracutaias, o autoritarismo, a intoler\u00e2ncia, a viol\u00eancia, o\u2026","rel":"","context":"Em &quot;Geral&quot;","block_context":{"text":"Geral","link":"https:\/\/www.jornalja.com.br\/arquivo\/category\/geral\/"},"img":{"alt_text":"","src":"","width":0,"height":0},"classes":[]},{"id":14241,"url":"https:\/\/www.jornalja.com.br\/arquivo\/o-guaiba-nas-imagens-poeticas-de-achutti\/","url_meta":{"origin":47421,"position":3},"title":"O Gua\u00edba nas imagens po\u00e9ticas de Achutti","author":"da Reda\u00e7\u00e3o","date":"18 de junho de 2014","format":false,"excerpt":"Em \u201cO Gua\u00edba por Achutti\u201d \u2013 obra financiada via Minist\u00e9rio da Cultura, produ\u00e7\u00e3o executiva de Pedro Longhi, e Fl\u00e1vio Wild como designer \u2013, o fot\u00f3grafo revela a beleza e as mazelas de um espa\u00e7o aqu\u00e1tico de \u00e1guas sempre renovadas, cheio de hist\u00f3rias e lendas como as das cidades que foram\u2026","rel":"","context":"Em &quot;Cultura-Geral&quot;","block_context":{"text":"Cultura-Geral","link":"https:\/\/www.jornalja.com.br\/arquivo\/category\/materiasecundaria\/"},"img":{"alt_text":"","src":"","width":0,"height":0},"classes":[]},{"id":13128,"url":"https:\/\/www.jornalja.com.br\/arquivo\/maconha-terra-diz-que-uso-medicinal-e-desculpa\/","url_meta":{"origin":47421,"position":4},"title":"Maconha: Terra diz que uso medicinal \u00e9 desculpa","author":"Patr\u00edcia Marini","date":"4 de junho de 2014","format":false,"excerpt":"A condi\u00e7\u00e3o de pol\u00edtico, em \u00e9poca de campanha de campanha eleitoral, tira for\u00e7a do discurso do m\u00e9dico Osmar Terra contra a legaliza\u00e7\u00e3o da maconha. A tese dele de que a libera\u00e7\u00e3o vai ampliar exponencialmente o consumo \u00e9 discutivel, o consumo \u00e9 corrente. Mas seus alertas quanto aos riscos tem que\u2026","rel":"","context":"Em &quot;X.Categorias velhas&quot;","block_context":{"text":"X.Categorias velhas","link":"https:\/\/www.jornalja.com.br\/arquivo\/category\/x-categorias-velhas\/"},"img":{"alt_text":"","src":"","width":0,"height":0},"classes":[]},{"id":13109,"url":"https:\/\/www.jornalja.com.br\/arquivo\/judiciario-reconhece-poluicao-eletromagnetica\/","url_meta":{"origin":47421,"position":5},"title":"Judici\u00e1rio reconhece polui\u00e7\u00e3o eletromagn\u00e9tica","author":"Patr\u00edcia Marini","date":"16 de maio de 2014","format":false,"excerpt":"A\u00e7\u00e3o de duas associa\u00e7\u00f5es de moradores foi acolhida pelo Tribunal de Justi\u00e7a de S\u00e3o Paulo que. em decis\u00e3o in\u00e9dita, determinou a redu\u00e7\u00e3o do campo eletromagn\u00e9tico gerado pelas linhas de transmiss\u00e3o de energia que cortam os bairros City Boa\u00e7ava e Alto de Pinheiros. \u00c9 a primeira vez que um tribunal do\u2026","rel":"","context":"Em &quot;X.Categorias velhas&quot;","block_context":{"text":"X.Categorias velhas","link":"https:\/\/www.jornalja.com.br\/arquivo\/category\/x-categorias-velhas\/"},"img":{"alt_text":"","src":"","width":0,"height":0},"classes":[]}],"jetpack_shortlink":"https:\/\/wp.me\/pbQjBd-ckR","jetpack_featured_media_url":"","_links":{"self":[{"href":"https:\/\/www.jornalja.com.br\/arquivo\/wp-json\/wp\/v2\/posts\/47421","targetHints":{"allow":["GET"]}}],"collection":[{"href":"https:\/\/www.jornalja.com.br\/arquivo\/wp-json\/wp\/v2\/posts"}],"about":[{"href":"https:\/\/www.jornalja.com.br\/arquivo\/wp-json\/wp\/v2\/types\/post"}],"author":[{"embeddable":true,"href":"https:\/\/www.jornalja.com.br\/arquivo\/wp-json\/wp\/v2\/users\/4"}],"replies":[{"embeddable":true,"href":"https:\/\/www.jornalja.com.br\/arquivo\/wp-json\/wp\/v2\/comments?post=47421"}],"version-history":[{"count":0,"href":"https:\/\/www.jornalja.com.br\/arquivo\/wp-json\/wp\/v2\/posts\/47421\/revisions"}],"wp:attachment":[{"href":"https:\/\/www.jornalja.com.br\/arquivo\/wp-json\/wp\/v2\/media?parent=47421"}],"wp:term":[{"taxonomy":"category","embeddable":true,"href":"https:\/\/www.jornalja.com.br\/arquivo\/wp-json\/wp\/v2\/categories?post=47421"},{"taxonomy":"post_tag","embeddable":true,"href":"https:\/\/www.jornalja.com.br\/arquivo\/wp-json\/wp\/v2\/tags?post=47421"}],"curies":[{"name":"wp","href":"https:\/\/api.w.org\/{rel}","templated":true}]}}