{"id":47423,"date":"2017-06-05T09:47:49","date_gmt":"2017-06-05T12:47:49","guid":{"rendered":"https:\/\/www.jornalja.com.br\/?p=47423"},"modified":"2017-06-05T09:47:49","modified_gmt":"2017-06-05T12:47:49","slug":"projeto-de-r-13-bilhoes-embala-as-esperancas-do-carvao-gaucho","status":"publish","type":"post","link":"https:\/\/www.jornalja.com.br\/arquivo\/projeto-de-r-13-bilhoes-embala-as-esperancas-do-carvao-gaucho\/","title":{"rendered":"Projetos para o carv\u00e3o ga\u00facho na bagagem de Sartori no Jap\u00e3o"},"content":{"rendered":"<p><span class=\"assina\">Elmar Bones <\/span><br \/>\nEst\u00e1 na bagagem do governador Jos\u00e9 Ivo Sartori, no Jap\u00e3o, o\u00a0projeto que embala as esperan\u00e7as no carv\u00e3o no Rio Grande do Sul.<br \/>\n\u00c9 uma planta de 1,7 bilh\u00e3o de d\u00f3lares para produzir g\u00e1s natural sint\u00e9tico a partir do carv\u00e3o da mina Gua\u00edba, em Eldorado, abrindo caminho para um polo carboqu\u00edmico de alto impacto na economia regional.<br \/>\nEnvolvendo outras etapas, a partir do g\u00e1s, o projeto pode demandar at\u00e9 \u00a04,4 \u00a0bilh\u00f5es de d\u00f3lares (R$ 13 bilh\u00f5es) para produzir diversas mat\u00e9rias-primas estrat\u00e9gicas, que o Estado importa, como metanol, am\u00f4nia, ureia, entre outros.<br \/>\nS\u00f3 um exemplo: o Rio Grande Sul poderia deixar de importar 1 milh\u00e3o de toneladas de ureia por ano para suas lavouras.<br \/>\nA Copelmi tem desde 2014 uma parceria com a coreana Posco, para desenvolver esse projeto de gaseifica\u00e7\u00e3o do carv\u00e3o no Rio Grande do Sul.<br \/>\nA Posco (Companhia A\u00e7o e Ferro Pohang) \u00e9 um dos cinco maiores grupos sider\u00fargicos do mundo e opera uma planta semelhante, para extra\u00e7\u00e3o de g\u00e1s de carv\u00e3o, na Cor\u00e9ia do Sul.<br \/>\nEla entraria com a tecnologia e equipamentos. Al\u00e9m dela, h\u00e1 grupos japoneses e o pr\u00f3prio banco de fomento do Jap\u00e3o, interessados em financiar o empreendimento, segundo o diretor da Copelmi, Roberto Faria.<br \/>\nOutro projeto, tamb\u00e9m da Copelmi, est\u00e1 no horizonte desta viagem do governador ga\u00facho. \u00c9 uma usina t\u00e9rmica, com o carv\u00e3o das reservas concedidas \u00e0 empresa no baixo Jacu\u00ed. Prev\u00ea investimentos de R$ 2 bilh\u00f5es e, segundo a empresa \u00a0brasileira, conta com financiamento japon\u00eas para o estudo de viabilidade.<br \/>\nEst\u00e3o diretamente interessadas \u00a0neste projeto a Tokio Eletric Power Company (Tepco) que opera oito t\u00e9rmicas a carv\u00e3o no Jap\u00e3o, e a Hiskawagima, fornecedora de equipamentos, que inclusive j\u00e1 desenvolveu uma caldeira para os padr\u00f5es do carv\u00e3o brasileiro.<br \/>\nEsses projetos ganham corpo \u00a0num momento em que o carv\u00e3o ga\u00facho est\u00e1 em baixa.<br \/>\nFora dos leil\u00f5es de energia h\u00e1 mais de cinco anos, com usinas fechando, sem uma pol\u00edtica para seu aproveitamento, o carv\u00e3o enfrenta ainda restri\u00e7\u00f5es do ponto de vista ambiental. Para completar, a CGTEE, a estatal federal que controla as t\u00e9rmicas a carv\u00e3o no Estado, est\u00e1\u00a0 agonizante. Seu futuro \u00e9 incerto.<br \/>\n\u00c9 nesse cen\u00e1rio que a Copelmi, a mais antiga mineradora em atividade no Sul do Brasil, apresenta dois projetos bilion\u00e1rios \u00a0que tem como mat\u00e9ria-prima exatamente o carv\u00e3o ga\u00facho.<br \/>\nSuas avalia\u00e7\u00f5es indicam que o Rio Grande do Sul n\u00e3o vai encontrar alternativa mais barata do que a gerada pelo carv\u00e3o para suprir sua demanda de energia. O carv\u00e3o ga\u00facho, portanto, tem futuro. Precisa vencer os preconceitos.<br \/>\nNeste primeiro semestre de 2017, a Copelmi, segundo seu diretor, est\u00e1 concluindo a sele\u00e7\u00e3o dos fornecedores dos equipamentos\u00a0 para a usina de gaseifica\u00e7\u00e3o. Com o or\u00e7amento fechado, poder\u00e1 ent\u00e3o iniciar o projeto de engenharia b\u00e1sica, detalhada em 14 meses, para poder iniciar a constru\u00e7\u00e3o final de 2018.<br \/>\nO desenvolvimento do projeto est\u00e1 or\u00e7ado em R$ 80 milh\u00f5es. Segundo Faria, a Posco est\u00e1 disposta a bancar parte desse investimento. Para o restante a Copelmi j\u00e1 tem financiamento garantido da FINEP.<br \/>\n\u201cHoje precisamos defini\u00e7\u00e3o da compra do g\u00e1s\u201d, diz Faria. \u00a0A inten\u00e7\u00e3o da Copelmi \u00e9 assegurar um contrato para fornecimento \u00e0 Sulg\u00e1s, que hoje tem sua expans\u00e3o contida pela limita\u00e7\u00e3o da mat\u00e9ria-prima, o g\u00e1s que vem da Bol\u00edvia.<br \/>\n\u201cO que precisamos \u00e9 dar garantias aos nossos parceiros, da\u00ed a import\u00e2ncia das negocia\u00e7\u00f5es que est\u00e3o acontecendo&#8221;, diz o diretor.<br \/>\nO fato de a estatal Sulg\u00e1s estar numa lista de empresas que o governo do Estado quer privatizar n\u00e3o \u00e9 complicador, segundo Faria.<br \/>\nA \u00a0Copelmi, segundo ele, n\u00e3o tem capacidade financeira para comprar a Sulg\u00e1s, se ela for realmente \u00e0 venda. \u201cQueremos o comprador do g\u00e1s. Seja quem for o acionista da Sulg\u00e1s ela vai continuar precisando de g\u00e1s para entregar aos seus clientes. Uma troca de controle pode at\u00e9 acelerar o processo.\u201d<br \/>\nO que mais atrapalha \u00e9 a falta de uma pol\u00edtica definida para o carv\u00e3o. \u201cH\u00e1 uma campanha permanente contra o carv\u00e3o, o governo tem que demonstrar claramente que o Estado quer um uso do carv\u00e3o sustent\u00e1vel e de longo prazo\u201d, diz o diretor.<br \/>\nA apresenta\u00e7\u00e3o do projeto em um semin\u00e1rio da Fiergs, em abril, teve amplo apoio do governo do Estado, de todos os setores industriais, de lideran\u00e7as pol\u00edticas e de representantes das comunidades da regi\u00e3o carbon\u00edfera. O secret\u00e1rio de Minas e Energia, presente ao semin\u00e1rio, garantiu que o projeto \u00e9 priorit\u00e1rio para o governo estadual.<br \/>\nNa esteira desta viagem do governador ao Jap\u00e3o, est\u00e1 previsto para \u00a0o segundo semestre um semin\u00e1rio internacional para mostrar as oportunidades a investidores estrangeiros. \u201cNa hora em que houver uma pol\u00edtica definida, investidores e fornecedores se entendem\u201d, diz Faria.<br \/>\nA Copelmi tem a concess\u00e3o por 30 anos da Mina do Gua\u00edba, na regi\u00e3o do Baixo Jacu\u00ed, entre os munic\u00edpios de \u00a0Eldorado e Charqueadas.<br \/>\n\u00c9 uma jazida de 200 milh\u00f5es toneladas, que poderia produzir por 70 anos, \u00a0estimando-se um consumo em torno de \u00a02 ou\u00a0 3 milh\u00f5es de toneladas de carv\u00e3o por ano.<\/p>\n","protected":false},"excerpt":{"rendered":"<p>Elmar Bones Est\u00e1 na bagagem do governador Jos\u00e9 Ivo Sartori, no Jap\u00e3o, o\u00a0projeto que embala as esperan\u00e7as no carv\u00e3o no Rio Grande do Sul. \u00c9 uma planta de 1,7 bilh\u00e3o de d\u00f3lares para produzir g\u00e1s natural sint\u00e9tico a partir do carv\u00e3o da mina Gua\u00edba, em Eldorado, abrindo caminho para um polo carboqu\u00edmico de alto impacto [&hellip;]<\/p>\n","protected":false},"author":4,"featured_media":49515,"comment_status":"open","ping_status":"closed","sticky":false,"template":"","format":"standard","meta":{"_jetpack_newsletter_access":"","_jetpack_dont_email_post_to_subs":false,"_jetpack_newsletter_tier_id":0,"_jetpack_memberships_contains_paywalled_content":false,"_jetpack_feature_clip_id":0,"_jetpack_memberships_contains_paid_content":false,"footnotes":"","jetpack_post_was_ever_published":false},"categories":[26],"tags":[],"class_list":["post-47423","post","type-post","status-publish","format-standard","has-post-thumbnail","hentry","category-geral"],"aioseo_notices":[],"aioseo_head":"\n\t\t<!-- All in One SEO 5.0.1.1 - aioseo.com -->\n\t<meta name=\"robots\" content=\"max-image-preview:large\" \/>\n\t<meta name=\"author\" content=\"da Reda\u00e7\u00e3o\"\/>\n\t<link rel=\"canonical\" href=\"https:\/\/www.jornalja.com.br\/arquivo\/projeto-de-r-13-bilhoes-embala-as-esperancas-do-carvao-gaucho\/\" \/>\n\t<meta name=\"generator\" content=\"All in One SEO (AIOSEO) 5.0.1.1\" \/>\n\t\t<meta property=\"og:locale\" content=\"pt_BR\" \/>\n\t\t<meta property=\"og:site_name\" content=\"Arquivo | Jornal J\u00c1 | Porto Alegre\" \/>\n\t\t<meta property=\"og:type\" content=\"article\" \/>\n\t\t<meta property=\"og:title\" content=\"Projetos para o carv\u00e3o ga\u00facho na bagagem de Sartori no Jap\u00e3o | Arquivo\" \/>\n\t\t<meta property=\"og:url\" content=\"https:\/\/www.jornalja.com.br\/arquivo\/projeto-de-r-13-bilhoes-embala-as-esperancas-do-carvao-gaucho\/\" \/>\n\t\t<meta property=\"og:image\" content=\"https:\/\/www.jornalja.com.br\/economics\/wp-content\/uploads\/sites\/11\/2026\/08\/ja-folhaderosto-facebook.jpg\" \/>\n\t\t<meta property=\"og:image:secure_url\" content=\"https:\/\/www.jornalja.com.br\/economics\/wp-content\/uploads\/sites\/11\/2026\/08\/ja-folhaderosto-facebook.jpg\" \/>\n\t\t<meta property=\"article:published_time\" content=\"2017-06-05T12:47:49+00:00\" \/>\n\t\t<meta property=\"article:modified_time\" content=\"2017-06-05T12:47:49+00:00\" \/>\n\t\t<meta name=\"twitter:card\" content=\"summary\" \/>\n\t\t<meta name=\"twitter:title\" content=\"Projetos para o carv\u00e3o ga\u00facho na bagagem de Sartori no Jap\u00e3o | Arquivo\" \/>\n\t\t<meta name=\"twitter:image\" content=\"https:\/\/www.jornalja.com.br\/economics\/wp-content\/uploads\/sites\/11\/2026\/08\/ja-folhaderosto-facebook.jpg\" \/>\n\t\t<script type=\"application\/ld+json\" class=\"aioseo-schema\">\n\t\t\t{\"@context\":\"https:\\\/\\\/schema.org\",\"@graph\":[{\"@type\":\"BlogPosting\",\"@id\":\"https:\\\/\\\/www.jornalja.com.br\\\/arquivo\\\/projeto-de-r-13-bilhoes-embala-as-esperancas-do-carvao-gaucho\\\/#blogposting\",\"name\":\"Projetos para o carv\\u00e3o ga\\u00facho na bagagem de Sartori no Jap\\u00e3o | Arquivo\",\"headline\":\"Projetos para o carv\\u00e3o ga\\u00facho na bagagem de Sartori no Jap\\u00e3o\",\"author\":{\"@id\":\"https:\\\/\\\/www.jornalja.com.br\\\/arquivo\\\/author\\\/daredacao\\\/#author\"},\"publisher\":{\"@id\":\"https:\\\/\\\/www.jornalja.com.br\\\/arquivo\\\/#organization\"},\"image\":{\"@type\":\"ImageObject\",\"url\":49515},\"datePublished\":\"2017-06-05T09:47:49-03:00\",\"dateModified\":\"2017-06-05T09:47:49-03:00\",\"inLanguage\":\"pt-BR\",\"mainEntityOfPage\":{\"@id\":\"https:\\\/\\\/www.jornalja.com.br\\\/arquivo\\\/projeto-de-r-13-bilhoes-embala-as-esperancas-do-carvao-gaucho\\\/#webpage\"},\"isPartOf\":{\"@id\":\"https:\\\/\\\/www.jornalja.com.br\\\/arquivo\\\/projeto-de-r-13-bilhoes-embala-as-esperancas-do-carvao-gaucho\\\/#webpage\"},\"articleSection\":\"Geral\"},{\"@type\":\"BreadcrumbList\",\"@id\":\"https:\\\/\\\/www.jornalja.com.br\\\/arquivo\\\/projeto-de-r-13-bilhoes-embala-as-esperancas-do-carvao-gaucho\\\/#breadcrumblist\",\"itemListElement\":[{\"@type\":\"ListItem\",\"@id\":\"https:\\\/\\\/www.jornalja.com.br\\\/arquivo#listItem\",\"position\":1,\"name\":\"Home\",\"item\":\"https:\\\/\\\/www.jornalja.com.br\\\/arquivo\",\"nextItem\":{\"@type\":\"ListItem\",\"@id\":\"https:\\\/\\\/www.jornalja.com.br\\\/arquivo\\\/category\\\/geral\\\/#listItem\",\"name\":\"Geral\"}},{\"@type\":\"ListItem\",\"@id\":\"https:\\\/\\\/www.jornalja.com.br\\\/arquivo\\\/category\\\/geral\\\/#listItem\",\"position\":2,\"name\":\"Geral\",\"item\":\"https:\\\/\\\/www.jornalja.com.br\\\/arquivo\\\/category\\\/geral\\\/\",\"nextItem\":{\"@type\":\"ListItem\",\"@id\":\"https:\\\/\\\/www.jornalja.com.br\\\/arquivo\\\/projeto-de-r-13-bilhoes-embala-as-esperancas-do-carvao-gaucho\\\/#listItem\",\"name\":\"Projetos para o carv\\u00e3o ga\\u00facho na bagagem de Sartori no Jap\\u00e3o\"},\"previousItem\":{\"@type\":\"ListItem\",\"@id\":\"https:\\\/\\\/www.jornalja.com.br\\\/arquivo#listItem\",\"name\":\"Home\"}},{\"@type\":\"ListItem\",\"@id\":\"https:\\\/\\\/www.jornalja.com.br\\\/arquivo\\\/projeto-de-r-13-bilhoes-embala-as-esperancas-do-carvao-gaucho\\\/#listItem\",\"position\":3,\"name\":\"Projetos para o carv\\u00e3o ga\\u00facho na bagagem de Sartori no Jap\\u00e3o\",\"previousItem\":{\"@type\":\"ListItem\",\"@id\":\"https:\\\/\\\/www.jornalja.com.br\\\/arquivo\\\/category\\\/geral\\\/#listItem\",\"name\":\"Geral\"}}]},{\"@type\":\"Organization\",\"@id\":\"https:\\\/\\\/www.jornalja.com.br\\\/arquivo\\\/#organization\",\"name\":\"Jornal J\\u00c1\",\"description\":\"Jornal J\\u00c1 | Porto Alegre\",\"url\":\"https:\\\/\\\/www.jornalja.com.br\\\/arquivo\\\/\",\"telephone\":\"+555133307272\",\"logo\":{\"@type\":\"ImageObject\",\"url\":\"https:\\\/\\\/www.jornalja.com.br\\\/wp-content\\\/uploads\\\/cards\\\/JAslogan.png\",\"@id\":\"https:\\\/\\\/www.jornalja.com.br\\\/arquivo\\\/projeto-de-r-13-bilhoes-embala-as-esperancas-do-carvao-gaucho\\\/#organizationLogo\"},\"image\":{\"@id\":\"https:\\\/\\\/www.jornalja.com.br\\\/arquivo\\\/projeto-de-r-13-bilhoes-embala-as-esperancas-do-carvao-gaucho\\\/#organizationLogo\"}},{\"@type\":\"Person\",\"@id\":\"https:\\\/\\\/www.jornalja.com.br\\\/arquivo\\\/author\\\/daredacao\\\/#author\",\"url\":\"https:\\\/\\\/www.jornalja.com.br\\\/arquivo\\\/author\\\/daredacao\\\/\",\"name\":\"da Reda\\u00e7\\u00e3o\",\"image\":{\"@type\":\"ImageObject\",\"@id\":\"https:\\\/\\\/www.jornalja.com.br\\\/arquivo\\\/projeto-de-r-13-bilhoes-embala-as-esperancas-do-carvao-gaucho\\\/#authorImage\",\"url\":\"https:\\\/\\\/secure.gravatar.com\\\/avatar\\\/469fd857d6605ad19919d27ed29d35a968a25f6e8fd9318356bbb7f57aae9c65?s=96&d=mm&r=g\",\"width\":96,\"height\":96,\"caption\":\"da Reda\\u00e7\\u00e3o\"}},{\"@type\":\"WebPage\",\"@id\":\"https:\\\/\\\/www.jornalja.com.br\\\/arquivo\\\/projeto-de-r-13-bilhoes-embala-as-esperancas-do-carvao-gaucho\\\/#webpage\",\"url\":\"https:\\\/\\\/www.jornalja.com.br\\\/arquivo\\\/projeto-de-r-13-bilhoes-embala-as-esperancas-do-carvao-gaucho\\\/\",\"name\":\"Projetos para o carv\\u00e3o ga\\u00facho na bagagem de Sartori no Jap\\u00e3o | Arquivo\",\"inLanguage\":\"pt-BR\",\"isPartOf\":{\"@id\":\"https:\\\/\\\/www.jornalja.com.br\\\/arquivo\\\/#website\"},\"breadcrumb\":{\"@id\":\"https:\\\/\\\/www.jornalja.com.br\\\/arquivo\\\/projeto-de-r-13-bilhoes-embala-as-esperancas-do-carvao-gaucho\\\/#breadcrumblist\"},\"author\":{\"@id\":\"https:\\\/\\\/www.jornalja.com.br\\\/arquivo\\\/author\\\/daredacao\\\/#author\"},\"creator\":{\"@id\":\"https:\\\/\\\/www.jornalja.com.br\\\/arquivo\\\/author\\\/daredacao\\\/#author\"},\"image\":{\"@type\":\"ImageObject\",\"url\":49515,\"@id\":\"https:\\\/\\\/www.jornalja.com.br\\\/arquivo\\\/projeto-de-r-13-bilhoes-embala-as-esperancas-do-carvao-gaucho\\\/#mainImage\"},\"primaryImageOfPage\":{\"@id\":\"https:\\\/\\\/www.jornalja.com.br\\\/arquivo\\\/projeto-de-r-13-bilhoes-embala-as-esperancas-do-carvao-gaucho\\\/#mainImage\"},\"datePublished\":\"2017-06-05T09:47:49-03:00\",\"dateModified\":\"2017-06-05T09:47:49-03:00\"},{\"@type\":\"WebSite\",\"@id\":\"https:\\\/\\\/www.jornalja.com.br\\\/arquivo\\\/#website\",\"url\":\"https:\\\/\\\/www.jornalja.com.br\\\/arquivo\\\/\",\"name\":\"Arquivo\",\"description\":\"Jornal J\\u00c1 | Porto Alegre\",\"inLanguage\":\"pt-BR\",\"publisher\":{\"@id\":\"https:\\\/\\\/www.jornalja.com.br\\\/arquivo\\\/#organization\"}}]}\n\t\t<\/script>\n\t\t<!-- All in One SEO -->\n\n","aioseo_head_json":{"title":"Projetos para o carv\u00e3o ga\u00facho na bagagem de Sartori no Jap\u00e3o | Arquivo","description":"","canonical_url":"https:\/\/www.jornalja.com.br\/arquivo\/projeto-de-r-13-bilhoes-embala-as-esperancas-do-carvao-gaucho\/","robots":"max-image-preview:large","keywords":"","webmasterTools":{"miscellaneous":""},"schema":{"@context":"https:\/\/schema.org","@graph":[{"@type":"BlogPosting","@id":"https:\/\/www.jornalja.com.br\/arquivo\/projeto-de-r-13-bilhoes-embala-as-esperancas-do-carvao-gaucho\/#blogposting","name":"Projetos para o carv\u00e3o ga\u00facho na bagagem de Sartori no Jap\u00e3o | Arquivo","headline":"Projetos para o carv\u00e3o ga\u00facho na bagagem de Sartori no Jap\u00e3o","author":{"@id":"https:\/\/www.jornalja.com.br\/arquivo\/author\/daredacao\/#author"},"publisher":{"@id":"https:\/\/www.jornalja.com.br\/arquivo\/#organization"},"image":{"@type":"ImageObject","url":49515},"datePublished":"2017-06-05T09:47:49-03:00","dateModified":"2017-06-05T09:47:49-03:00","inLanguage":"pt-BR","mainEntityOfPage":{"@id":"https:\/\/www.jornalja.com.br\/arquivo\/projeto-de-r-13-bilhoes-embala-as-esperancas-do-carvao-gaucho\/#webpage"},"isPartOf":{"@id":"https:\/\/www.jornalja.com.br\/arquivo\/projeto-de-r-13-bilhoes-embala-as-esperancas-do-carvao-gaucho\/#webpage"},"articleSection":"Geral"},{"@type":"BreadcrumbList","@id":"https:\/\/www.jornalja.com.br\/arquivo\/projeto-de-r-13-bilhoes-embala-as-esperancas-do-carvao-gaucho\/#breadcrumblist","itemListElement":[{"@type":"ListItem","@id":"https:\/\/www.jornalja.com.br\/arquivo#listItem","position":1,"name":"Home","item":"https:\/\/www.jornalja.com.br\/arquivo","nextItem":{"@type":"ListItem","@id":"https:\/\/www.jornalja.com.br\/arquivo\/category\/geral\/#listItem","name":"Geral"}},{"@type":"ListItem","@id":"https:\/\/www.jornalja.com.br\/arquivo\/category\/geral\/#listItem","position":2,"name":"Geral","item":"https:\/\/www.jornalja.com.br\/arquivo\/category\/geral\/","nextItem":{"@type":"ListItem","@id":"https:\/\/www.jornalja.com.br\/arquivo\/projeto-de-r-13-bilhoes-embala-as-esperancas-do-carvao-gaucho\/#listItem","name":"Projetos para o carv\u00e3o ga\u00facho na bagagem de Sartori no Jap\u00e3o"},"previousItem":{"@type":"ListItem","@id":"https:\/\/www.jornalja.com.br\/arquivo#listItem","name":"Home"}},{"@type":"ListItem","@id":"https:\/\/www.jornalja.com.br\/arquivo\/projeto-de-r-13-bilhoes-embala-as-esperancas-do-carvao-gaucho\/#listItem","position":3,"name":"Projetos para o carv\u00e3o ga\u00facho na bagagem de Sartori no Jap\u00e3o","previousItem":{"@type":"ListItem","@id":"https:\/\/www.jornalja.com.br\/arquivo\/category\/geral\/#listItem","name":"Geral"}}]},{"@type":"Organization","@id":"https:\/\/www.jornalja.com.br\/arquivo\/#organization","name":"Jornal J\u00c1","description":"Jornal J\u00c1 | Porto Alegre","url":"https:\/\/www.jornalja.com.br\/arquivo\/","telephone":"+555133307272","logo":{"@type":"ImageObject","url":"https:\/\/www.jornalja.com.br\/wp-content\/uploads\/cards\/JAslogan.png","@id":"https:\/\/www.jornalja.com.br\/arquivo\/projeto-de-r-13-bilhoes-embala-as-esperancas-do-carvao-gaucho\/#organizationLogo"},"image":{"@id":"https:\/\/www.jornalja.com.br\/arquivo\/projeto-de-r-13-bilhoes-embala-as-esperancas-do-carvao-gaucho\/#organizationLogo"}},{"@type":"Person","@id":"https:\/\/www.jornalja.com.br\/arquivo\/author\/daredacao\/#author","url":"https:\/\/www.jornalja.com.br\/arquivo\/author\/daredacao\/","name":"da Reda\u00e7\u00e3o","image":{"@type":"ImageObject","@id":"https:\/\/www.jornalja.com.br\/arquivo\/projeto-de-r-13-bilhoes-embala-as-esperancas-do-carvao-gaucho\/#authorImage","url":"https:\/\/secure.gravatar.com\/avatar\/469fd857d6605ad19919d27ed29d35a968a25f6e8fd9318356bbb7f57aae9c65?s=96&d=mm&r=g","width":96,"height":96,"caption":"da Reda\u00e7\u00e3o"}},{"@type":"WebPage","@id":"https:\/\/www.jornalja.com.br\/arquivo\/projeto-de-r-13-bilhoes-embala-as-esperancas-do-carvao-gaucho\/#webpage","url":"https:\/\/www.jornalja.com.br\/arquivo\/projeto-de-r-13-bilhoes-embala-as-esperancas-do-carvao-gaucho\/","name":"Projetos para o carv\u00e3o ga\u00facho na bagagem de Sartori no Jap\u00e3o | Arquivo","inLanguage":"pt-BR","isPartOf":{"@id":"https:\/\/www.jornalja.com.br\/arquivo\/#website"},"breadcrumb":{"@id":"https:\/\/www.jornalja.com.br\/arquivo\/projeto-de-r-13-bilhoes-embala-as-esperancas-do-carvao-gaucho\/#breadcrumblist"},"author":{"@id":"https:\/\/www.jornalja.com.br\/arquivo\/author\/daredacao\/#author"},"creator":{"@id":"https:\/\/www.jornalja.com.br\/arquivo\/author\/daredacao\/#author"},"image":{"@type":"ImageObject","url":49515,"@id":"https:\/\/www.jornalja.com.br\/arquivo\/projeto-de-r-13-bilhoes-embala-as-esperancas-do-carvao-gaucho\/#mainImage"},"primaryImageOfPage":{"@id":"https:\/\/www.jornalja.com.br\/arquivo\/projeto-de-r-13-bilhoes-embala-as-esperancas-do-carvao-gaucho\/#mainImage"},"datePublished":"2017-06-05T09:47:49-03:00","dateModified":"2017-06-05T09:47:49-03:00"},{"@type":"WebSite","@id":"https:\/\/www.jornalja.com.br\/arquivo\/#website","url":"https:\/\/www.jornalja.com.br\/arquivo\/","name":"Arquivo","description":"Jornal J\u00c1 | Porto Alegre","inLanguage":"pt-BR","publisher":{"@id":"https:\/\/www.jornalja.com.br\/arquivo\/#organization"}}]},"og:locale":"pt_BR","og:site_name":"Arquivo | Jornal J\u00c1 | Porto Alegre","og:type":"article","og:title":"Projetos para o carv\u00e3o ga\u00facho na bagagem de Sartori no Jap\u00e3o | Arquivo","og:url":"https:\/\/www.jornalja.com.br\/arquivo\/projeto-de-r-13-bilhoes-embala-as-esperancas-do-carvao-gaucho\/","og:image":"https:\/\/www.jornalja.com.br\/economics\/wp-content\/uploads\/sites\/11\/2026\/08\/ja-folhaderosto-facebook.jpg","og:image:secure_url":"https:\/\/www.jornalja.com.br\/economics\/wp-content\/uploads\/sites\/11\/2026\/08\/ja-folhaderosto-facebook.jpg","article:published_time":"2017-06-05T12:47:49+00:00","article:modified_time":"2017-06-05T12:47:49+00:00","twitter:card":"summary","twitter:title":"Projetos para o carv\u00e3o ga\u00facho na bagagem de Sartori no Jap\u00e3o | Arquivo","twitter:image":"https:\/\/www.jornalja.com.br\/economics\/wp-content\/uploads\/sites\/11\/2026\/08\/ja-folhaderosto-facebook.jpg"},"aioseo_meta_data":{"post_id":"47423","title":null,"description":null,"keywords":null,"keyphrases":null,"primary_term":null,"canonical_url":null,"og_title":null,"og_description":null,"og_object_type":"default","og_image_type":"default","og_image_url":null,"og_image_width":null,"og_image_height":null,"og_image_custom_url":null,"og_image_custom_fields":null,"og_video":null,"og_custom_url":null,"og_article_section":null,"og_article_tags":null,"twitter_use_og":false,"twitter_card":"default","twitter_image_type":"default","twitter_image_url":null,"twitter_image_custom_url":null,"twitter_image_custom_fields":null,"twitter_title":null,"twitter_description":null,"schema":{"blockGraphs":[],"customGraphs":[],"default":{"data":{"Article":[],"Course":[],"Dataset":[],"FAQPage":[],"Movie":[],"Person":[],"Product":[],"ProductReview":[],"Car":[],"Recipe":[],"Service":[],"SoftwareApplication":[],"WebPage":[]},"graphName":"","isEnabled":true},"graphs":[],"defaultGraph":"","defaultPostTypeGraph":""},"schema_type":null,"schema_type_options":null,"pillar_content":false,"robots_default":true,"robots_noindex":false,"robots_noarchive":false,"robots_nosnippet":false,"robots_nofollow":false,"robots_noimageindex":false,"robots_noodp":false,"robots_notranslate":false,"robots_max_snippet":null,"robots_max_videopreview":null,"robots_max_imagepreview":"large","priority":null,"frequency":null,"location":null,"local_seo":null,"breadcrumb_settings":null,"limit_modified_date":false,"ai":null,"created":"2020-12-20 20:35:51","updated":"2025-07-19 21:57:25","seo_analyzer_scan_date":null,"focus_keyword":null,"additional_keywords":null,"truseo_locale":null},"jetpack_sharing_enabled":true,"jetpack-related-posts":[{"id":14241,"url":"https:\/\/www.jornalja.com.br\/arquivo\/o-guaiba-nas-imagens-poeticas-de-achutti\/","url_meta":{"origin":47423,"position":0},"title":"O Gua\u00edba nas imagens po\u00e9ticas de Achutti","author":"da Reda\u00e7\u00e3o","date":"18 de junho de 2014","format":false,"excerpt":"Em \u201cO Gua\u00edba por Achutti\u201d \u2013 obra financiada via Minist\u00e9rio da Cultura, produ\u00e7\u00e3o executiva de Pedro Longhi, e Fl\u00e1vio Wild como designer \u2013, o fot\u00f3grafo revela a beleza e as mazelas de um espa\u00e7o aqu\u00e1tico de \u00e1guas sempre renovadas, cheio de hist\u00f3rias e lendas como as das cidades que foram\u2026","rel":"","context":"Em &quot;Cultura-Geral&quot;","block_context":{"text":"Cultura-Geral","link":"https:\/\/www.jornalja.com.br\/arquivo\/category\/materiasecundaria\/"},"img":{"alt_text":"","src":"","width":0,"height":0},"classes":[]},{"id":13124,"url":"https:\/\/www.jornalja.com.br\/arquivo\/sangue-latino-no-iecine\/","url_meta":{"origin":47423,"position":1},"title":"Sangue latino no IECINE","author":"da Reda\u00e7\u00e3o","date":"18 de maio de 2014","format":false,"excerpt":"Francisco Ribeiro O Instituto Estadual de Cinema (IECINE) tem a frente, desde abril \u00faltimo, um novo diretor, o cineasta colombiano Juan Zapata, 36, que substitui Luiz Alberto Cassol. Radicado h\u00e1 dez anos em Porto Alegre, Zapata tem diante de si o desafio de conduzir at\u00e9 o final do ano um\u2026","rel":"","context":"Em &quot;Cultura-Geral&quot;","block_context":{"text":"Cultura-Geral","link":"https:\/\/www.jornalja.com.br\/arquivo\/category\/materiasecundaria\/"},"img":{"alt_text":"","src":"","width":0,"height":0},"classes":[]},{"id":13128,"url":"https:\/\/www.jornalja.com.br\/arquivo\/maconha-terra-diz-que-uso-medicinal-e-desculpa\/","url_meta":{"origin":47423,"position":2},"title":"Maconha: Terra diz que uso medicinal \u00e9 desculpa","author":"Patr\u00edcia Marini","date":"4 de junho de 2014","format":false,"excerpt":"A condi\u00e7\u00e3o de pol\u00edtico, em \u00e9poca de campanha de campanha eleitoral, tira for\u00e7a do discurso do m\u00e9dico Osmar Terra contra a legaliza\u00e7\u00e3o da maconha. A tese dele de que a libera\u00e7\u00e3o vai ampliar exponencialmente o consumo \u00e9 discutivel, o consumo \u00e9 corrente. Mas seus alertas quanto aos riscos tem que\u2026","rel":"","context":"Em &quot;X.Categorias velhas&quot;","block_context":{"text":"X.Categorias velhas","link":"https:\/\/www.jornalja.com.br\/arquivo\/category\/x-categorias-velhas\/"},"img":{"alt_text":"","src":"","width":0,"height":0},"classes":[]},{"id":5440,"url":"https:\/\/www.jornalja.com.br\/arquivo\/casarao-da-venancio-destino-permanece-incerto\/","url_meta":{"origin":47423,"position":3},"title":"Estado ainda n\u00e3o sabe o que fazer com casar\u00e3o abandonado h\u00e1 20 anos","author":"Elmar Bones","date":"6 de julho de 2009","format":false,"excerpt":"O casar\u00e3o amarelo, numa esquina nobre de Porto Alegre (Ven\u00e2ncio Aires com Jo\u00e3o Pessoa), j\u00e1 abrigou uma escola. H\u00e1 duas d\u00e9cadas, pelo menos, est\u00e1 abandonado, porque seu propriet\u00e1rio, o governo do Estado do Rio Grande do Sul, n\u00e3o consegue achar um destino para ele. Planos n\u00e3o faltaram. O governador Ol\u00edvio\u2026","rel":"","context":"Em &quot;X.Categorias velhas&quot;","block_context":{"text":"X.Categorias velhas","link":"https:\/\/www.jornalja.com.br\/arquivo\/category\/x-categorias-velhas\/"},"img":{"alt_text":"geraldo1","src":"https:\/\/i0.wp.com\/www.jornalja.com.br\/wp-content\/uploads\/2009\/07\/geraldo1.jpg?resize=350%2C200&ssl=1","width":350,"height":200},"classes":[]},{"id":13240,"url":"https:\/\/www.jornalja.com.br\/arquivo\/plano-diretor-estamos-construindo-o-caos\/","url_meta":{"origin":47423,"position":4},"title":"Plano diretor: &quot;Estamos construindo o caos&quot;","author":"Patr\u00edcia Marini","date":"26 de maio de 2014","format":false,"excerpt":"Desabafo que arquiteta Eliana Castilhos, delegada da Regi\u00e3o de Planejamento 1, postou nas redes sociais \u00e9 um testemunho do ambiente que se criou no Conselho do Plano Diretor de Porto Alegre, onde a aprova\u00e7\u00e3o de grandes empreendimentos \u00e9 empurrada guela abaixo dos conselheiros. Ao CMDUA Como delegada da Regi\u00e3o de\u2026","rel":"","context":"Em &quot;Geral&quot;","block_context":{"text":"Geral","link":"https:\/\/www.jornalja.com.br\/arquivo\/category\/geral\/"},"img":{"alt_text":"","src":"","width":0,"height":0},"classes":[]},{"id":13109,"url":"https:\/\/www.jornalja.com.br\/arquivo\/judiciario-reconhece-poluicao-eletromagnetica\/","url_meta":{"origin":47423,"position":5},"title":"Judici\u00e1rio reconhece polui\u00e7\u00e3o eletromagn\u00e9tica","author":"Patr\u00edcia Marini","date":"16 de maio de 2014","format":false,"excerpt":"A\u00e7\u00e3o de duas associa\u00e7\u00f5es de moradores foi acolhida pelo Tribunal de Justi\u00e7a de S\u00e3o Paulo que. em decis\u00e3o in\u00e9dita, determinou a redu\u00e7\u00e3o do campo eletromagn\u00e9tico gerado pelas linhas de transmiss\u00e3o de energia que cortam os bairros City Boa\u00e7ava e Alto de Pinheiros. \u00c9 a primeira vez que um tribunal do\u2026","rel":"","context":"Em &quot;X.Categorias velhas&quot;","block_context":{"text":"X.Categorias velhas","link":"https:\/\/www.jornalja.com.br\/arquivo\/category\/x-categorias-velhas\/"},"img":{"alt_text":"","src":"","width":0,"height":0},"classes":[]}],"jetpack_shortlink":"https:\/\/wp.me\/pbQjBd-ckT","jetpack_featured_media_url":"","_links":{"self":[{"href":"https:\/\/www.jornalja.com.br\/arquivo\/wp-json\/wp\/v2\/posts\/47423","targetHints":{"allow":["GET"]}}],"collection":[{"href":"https:\/\/www.jornalja.com.br\/arquivo\/wp-json\/wp\/v2\/posts"}],"about":[{"href":"https:\/\/www.jornalja.com.br\/arquivo\/wp-json\/wp\/v2\/types\/post"}],"author":[{"embeddable":true,"href":"https:\/\/www.jornalja.com.br\/arquivo\/wp-json\/wp\/v2\/users\/4"}],"replies":[{"embeddable":true,"href":"https:\/\/www.jornalja.com.br\/arquivo\/wp-json\/wp\/v2\/comments?post=47423"}],"version-history":[{"count":0,"href":"https:\/\/www.jornalja.com.br\/arquivo\/wp-json\/wp\/v2\/posts\/47423\/revisions"}],"wp:attachment":[{"href":"https:\/\/www.jornalja.com.br\/arquivo\/wp-json\/wp\/v2\/media?parent=47423"}],"wp:term":[{"taxonomy":"category","embeddable":true,"href":"https:\/\/www.jornalja.com.br\/arquivo\/wp-json\/wp\/v2\/categories?post=47423"},{"taxonomy":"post_tag","embeddable":true,"href":"https:\/\/www.jornalja.com.br\/arquivo\/wp-json\/wp\/v2\/tags?post=47423"}],"curies":[{"name":"wp","href":"https:\/\/api.w.org\/{rel}","templated":true}]}}