{"id":47447,"date":"2017-04-23T10:25:07","date_gmt":"2017-04-23T13:25:07","guid":{"rendered":"https:\/\/www.jornalja.com.br\/?p=47447"},"modified":"2017-04-23T10:25:07","modified_gmt":"2017-04-23T13:25:07","slug":"jornalistas-reagem-a-censura-do-governo-de-pernambuco","status":"publish","type":"post","link":"https:\/\/www.jornalja.com.br\/arquivo\/jornalistas-reagem-a-censura-do-governo-de-pernambuco\/","title":{"rendered":"Jornalistas reagem \u00e0 censura do governo de Pernambuco"},"content":{"rendered":"<div class=\"wrapper\">\n<div class=\"content-page\">\n<div class=\"ck\">\n<div><strong>Nota oficial conjunta<\/strong><\/div>\n<div>A Comiss\u00e3o de \u00c9tica e a Diretoria do Sindicato dos Jornalistas Profissionais do Estado de Pernambuco (Sinjope), bem como a Federa\u00e7\u00e3o Nacional dos Jornalistas (Fenaj), tiveram conhecimento de um of\u00edcio da Secretaria de Defesa Social (SDS) do Governo de Pernambuco, intitulado \u201cOrienta\u00e7\u00f5es sobre divulga\u00e7\u00e3o de resenhas di\u00e1rias para imprensa\u201d, cujo teor atenta contra a liberdade de imprensa.<\/div>\n<div><\/div>\n<div>No of\u00edcio, h\u00e1 a expl\u00edcita orienta\u00e7\u00e3o de que \u201co conte\u00fado a ser repassado seja apenas de Informa\u00e7\u00f5es Positivas\u201d. Surpreende-nos que o documento do Governo do Estado seja emitido justo ap\u00f3s um caso em que ficou flagrante a m\u00e1 atua\u00e7\u00e3o da Pol\u00edcia Militar como o da morte do estudante Edvaldo da Silva Alves, v\u00edtima de um tiro de bala de borracha e da trucul\u00eancia de tr\u00eas funcion\u00e1rios p\u00fablicos, que continuam no exerc\u00edcio de suas fun\u00e7\u00f5es mesmo ap\u00f3s um m\u00eas do crime.<\/div>\n<div><\/div>\n<div>Ademais, diz o of\u00edcio que \u201ca partir desta data (10\/04\/2017) est\u00e1 terminantemente proibido o repasse diretamente para imprensa de Resenha Di\u00e1ria de forma como \u00e9 elaborada na OME e divulgada em nosso meio sem que ocorra (sic) antes os ajustes necess\u00e1rios, retornando os dados que n\u00e3o sejam de interesse de todos, de modo a preservar as informa\u00e7\u00f5es pessoais de v\u00edtimas acusadas e testemunhas\u201d.<\/div>\n<div><\/div>\n<div>Ora, o C\u00f3digo de \u00c9tica dos Jornalistas Brasileiros, que tem como base \u201co direito fundamental do cidad\u00e3o \u00e0 informa\u00e7\u00e3o, que abrange direito de informar, de ser informado e de ter acesso \u00e0 informa\u00e7\u00e3o\u201d, deixa claro que \u201co acesso \u00e0 informa\u00e7\u00e3o de relevante interesse p\u00fablico \u00e9 um direito fundamental\u201d.<\/div>\n<div><\/div>\n<div>Assim, a Comiss\u00e3o de \u00c9tica, a Diretoria do Sinjope e a Fenaj, pautadas nesse princ\u00edpio, repudiam a orienta\u00e7\u00e3o da SDS em apenas informar \u00e0 sociedade not\u00edcias \u201cpositivas\u201d referentes \u00e0s quest\u00f5es de seguran\u00e7a no Estado, numa tentativa expl\u00edcita de sonegar informa\u00e7\u00f5es aos ve\u00edculos de comunica\u00e7\u00e3o e aos jornalistas \u2013 em primeira inst\u00e2ncia, \u00e0 pr\u00f3pria sociedade.<\/div>\n<div><\/div>\n<div>O Sinjope, inclusive, tem recebido manifesta\u00e7\u00f5es de jornalistas que j\u00e1 est\u00e3o sentindo no seu dia a dia nas reda\u00e7\u00f5es uma maior dificuldade de acesso a dados sobre a viol\u00eancia em Pernambuco. E faz quest\u00e3o de lembrar que a fun\u00e7\u00e3o do jornalista que exerce fun\u00e7\u00e3o no poder p\u00fablico \u00e9 informar \u00e0 comunidade como um todo e n\u00e3o atender aos interesses de uma gest\u00e3o passageira.<\/div>\n<div><\/div>\n<div>Refor\u00e7amos que o acesso \u00e0 informa\u00e7\u00e3o de interesse p\u00fablico \u00e9 um direito fundamental dos cidad\u00e3os e cidad\u00e3s. Com o livre acesso \u00e0 informa\u00e7\u00e3o, cabe aos profissionais de jornalismo e aos ve\u00edculos traduzirem para a sociedade de forma \u00e9tica e n\u00e3o sensacionalista, respeitando o exerc\u00edcio da liberdade de express\u00e3o com responsabilidade.<\/div>\n<div><\/div>\n<div>Ali\u00e1s, \u00e9 uma luta antiga dos movimentos de direitos humanos e do Sinjope a preserva\u00e7\u00e3o das informa\u00e7\u00f5es pessoais de v\u00edtimas acusadas e testemunhas. Claramente essa n\u00e3o \u00e9 a preocupa\u00e7\u00e3o da SDS ao declarar que ser\u00e3o apenas veiculadas \u201cinforma\u00e7\u00f5es positivas\u201d.<\/div>\n<div><\/div>\n<div>O nosso C\u00f3digo de \u00c9tica, que \u00e9 baseado nas leis brasileiras, reitera que \u201ca presta\u00e7\u00e3o de informa\u00e7\u00f5es pelas organiza\u00e7\u00f5es p\u00fablicas e privadas, incluindo as n\u00e3o governamentais, deve ser considerada uma obriga\u00e7\u00e3o social\u201d.<\/div>\n<div><\/div>\n<div>Entendemos que omitir informa\u00e7\u00f5es sobre a grave situa\u00e7\u00e3o da viol\u00eancia no Estado em nada contribui para minimizar esse quadro alarmante. Pelo contr\u00e1rio, inibe a participa\u00e7\u00e3o da sociedade civil organizada em buscar caminhos e solu\u00e7\u00f5es \u00e0 grave crise de seguran\u00e7a pela qual passa Pernambuco. Sem contar que a \u201cmaquiagem\u201d de informa\u00e7\u00f5es relevantes passa a ser um desservi\u00e7o a toda sociedade.<\/div>\n<div><\/div>\n<div>Recomendamos que o Governo do Estado reveja essa orienta\u00e7\u00e3o, garantindo a transpar\u00eancia necess\u00e1ria \u00e0 rela\u00e7\u00e3o entre as institui\u00e7\u00f5es p\u00fablicas e a sociedade \u2013 transpar\u00eancia que \u00e9 pr\u00f3pria de um sistema democr\u00e1tico.<\/div>\n<div><\/div>\n<div>Recife, 13 de abril de 2017.<\/div>\n<div><\/div>\n<div>Comiss\u00e3o de \u00c9tica e Diretoria do Sindicato dos Jornalistas Profissionais do Estado de Pernambuco (Sinjope)<\/div>\n<div>Federa\u00e7\u00e3o Nacional dos Jornalistas (Fenaj)<\/div>\n<\/div>\n<div id=\"conteudos_relacionados\"><\/div>\n<div><em>(Fonte: Fenaj)<\/em><\/div>\n<\/div>\n<\/div>\n","protected":false},"excerpt":{"rendered":"<p>Nota oficial conjunta A Comiss\u00e3o de \u00c9tica e a Diretoria do Sindicato dos Jornalistas Profissionais do Estado de Pernambuco (Sinjope), bem como a Federa\u00e7\u00e3o Nacional dos Jornalistas (Fenaj), tiveram conhecimento de um of\u00edcio da Secretaria de Defesa Social (SDS) do Governo de Pernambuco, intitulado \u201cOrienta\u00e7\u00f5es sobre divulga\u00e7\u00e3o de resenhas di\u00e1rias para imprensa\u201d, cujo teor atenta [&hellip;]<\/p>\n","protected":false},"author":4,"featured_media":0,"comment_status":"open","ping_status":"closed","sticky":false,"template":"","format":"standard","meta":{"_jetpack_newsletter_access":"","_jetpack_dont_email_post_to_subs":false,"_jetpack_newsletter_tier_id":0,"_jetpack_memberships_contains_paywalled_content":false,"_jetpack_feature_clip_id":0,"_jetpack_memberships_contains_paid_content":false,"footnotes":"","jetpack_post_was_ever_published":false},"categories":[2022],"tags":[],"class_list":["post-47447","post","type-post","status-publish","format-standard","hentry","category-notas"],"aioseo_notices":[],"aioseo_head":"\n\t\t<!-- All in One SEO 5.0.1.1 - aioseo.com -->\n\t<meta name=\"robots\" content=\"max-image-preview:large\" \/>\n\t<meta name=\"author\" content=\"da Reda\u00e7\u00e3o\"\/>\n\t<link rel=\"canonical\" href=\"https:\/\/www.jornalja.com.br\/arquivo\/jornalistas-reagem-a-censura-do-governo-de-pernambuco\/\" \/>\n\t<meta name=\"generator\" content=\"All in One SEO (AIOSEO) 5.0.1.1\" \/>\n\t\t<meta property=\"og:locale\" content=\"pt_BR\" \/>\n\t\t<meta property=\"og:site_name\" content=\"Arquivo | Jornal J\u00c1 | Porto Alegre\" \/>\n\t\t<meta property=\"og:type\" content=\"article\" \/>\n\t\t<meta property=\"og:title\" content=\"Jornalistas reagem \u00e0 censura do governo de Pernambuco | Arquivo\" \/>\n\t\t<meta property=\"og:url\" content=\"https:\/\/www.jornalja.com.br\/arquivo\/jornalistas-reagem-a-censura-do-governo-de-pernambuco\/\" \/>\n\t\t<meta property=\"og:image\" content=\"https:\/\/www.jornalja.com.br\/economics\/wp-content\/uploads\/sites\/11\/2026\/08\/ja-folhaderosto-facebook.jpg\" \/>\n\t\t<meta property=\"og:image:secure_url\" content=\"https:\/\/www.jornalja.com.br\/economics\/wp-content\/uploads\/sites\/11\/2026\/08\/ja-folhaderosto-facebook.jpg\" \/>\n\t\t<meta property=\"article:published_time\" content=\"2017-04-23T13:25:07+00:00\" \/>\n\t\t<meta property=\"article:modified_time\" content=\"2017-04-23T13:25:07+00:00\" \/>\n\t\t<meta name=\"twitter:card\" content=\"summary\" \/>\n\t\t<meta name=\"twitter:title\" content=\"Jornalistas reagem \u00e0 censura do governo de Pernambuco | Arquivo\" \/>\n\t\t<meta name=\"twitter:image\" content=\"https:\/\/www.jornalja.com.br\/economics\/wp-content\/uploads\/sites\/11\/2026\/08\/ja-folhaderosto-facebook.jpg\" \/>\n\t\t<script type=\"application\/ld+json\" class=\"aioseo-schema\">\n\t\t\t{\"@context\":\"https:\\\/\\\/schema.org\",\"@graph\":[{\"@type\":\"BlogPosting\",\"@id\":\"https:\\\/\\\/www.jornalja.com.br\\\/arquivo\\\/jornalistas-reagem-a-censura-do-governo-de-pernambuco\\\/#blogposting\",\"name\":\"Jornalistas reagem \\u00e0 censura do governo de Pernambuco | Arquivo\",\"headline\":\"Jornalistas reagem \\u00e0 censura do governo de Pernambuco\",\"author\":{\"@id\":\"https:\\\/\\\/www.jornalja.com.br\\\/arquivo\\\/author\\\/daredacao\\\/#author\"},\"publisher\":{\"@id\":\"https:\\\/\\\/www.jornalja.com.br\\\/arquivo\\\/#organization\"},\"image\":{\"@type\":\"ImageObject\",\"url\":\"https:\\\/\\\/www.jornalja.com.br\\\/wp-content\\\/uploads\\\/cards\\\/JAslogan.png\",\"@id\":\"https:\\\/\\\/www.jornalja.com.br\\\/arquivo\\\/#articleImage\"},\"datePublished\":\"2017-04-23T10:25:07-03:00\",\"dateModified\":\"2017-04-23T10:25:07-03:00\",\"inLanguage\":\"pt-BR\",\"mainEntityOfPage\":{\"@id\":\"https:\\\/\\\/www.jornalja.com.br\\\/arquivo\\\/jornalistas-reagem-a-censura-do-governo-de-pernambuco\\\/#webpage\"},\"isPartOf\":{\"@id\":\"https:\\\/\\\/www.jornalja.com.br\\\/arquivo\\\/jornalistas-reagem-a-censura-do-governo-de-pernambuco\\\/#webpage\"},\"articleSection\":\"NOTAS\"},{\"@type\":\"BreadcrumbList\",\"@id\":\"https:\\\/\\\/www.jornalja.com.br\\\/arquivo\\\/jornalistas-reagem-a-censura-do-governo-de-pernambuco\\\/#breadcrumblist\",\"itemListElement\":[{\"@type\":\"ListItem\",\"@id\":\"https:\\\/\\\/www.jornalja.com.br\\\/arquivo#listItem\",\"position\":1,\"name\":\"Home\",\"item\":\"https:\\\/\\\/www.jornalja.com.br\\\/arquivo\",\"nextItem\":{\"@type\":\"ListItem\",\"@id\":\"https:\\\/\\\/www.jornalja.com.br\\\/arquivo\\\/category\\\/notas\\\/#listItem\",\"name\":\"NOTAS\"}},{\"@type\":\"ListItem\",\"@id\":\"https:\\\/\\\/www.jornalja.com.br\\\/arquivo\\\/category\\\/notas\\\/#listItem\",\"position\":2,\"name\":\"NOTAS\",\"item\":\"https:\\\/\\\/www.jornalja.com.br\\\/arquivo\\\/category\\\/notas\\\/\",\"nextItem\":{\"@type\":\"ListItem\",\"@id\":\"https:\\\/\\\/www.jornalja.com.br\\\/arquivo\\\/jornalistas-reagem-a-censura-do-governo-de-pernambuco\\\/#listItem\",\"name\":\"Jornalistas reagem \\u00e0 censura do governo de Pernambuco\"},\"previousItem\":{\"@type\":\"ListItem\",\"@id\":\"https:\\\/\\\/www.jornalja.com.br\\\/arquivo#listItem\",\"name\":\"Home\"}},{\"@type\":\"ListItem\",\"@id\":\"https:\\\/\\\/www.jornalja.com.br\\\/arquivo\\\/jornalistas-reagem-a-censura-do-governo-de-pernambuco\\\/#listItem\",\"position\":3,\"name\":\"Jornalistas reagem \\u00e0 censura do governo de Pernambuco\",\"previousItem\":{\"@type\":\"ListItem\",\"@id\":\"https:\\\/\\\/www.jornalja.com.br\\\/arquivo\\\/category\\\/notas\\\/#listItem\",\"name\":\"NOTAS\"}}]},{\"@type\":\"Organization\",\"@id\":\"https:\\\/\\\/www.jornalja.com.br\\\/arquivo\\\/#organization\",\"name\":\"Jornal J\\u00c1\",\"description\":\"Jornal J\\u00c1 | Porto Alegre\",\"url\":\"https:\\\/\\\/www.jornalja.com.br\\\/arquivo\\\/\",\"telephone\":\"+555133307272\",\"logo\":{\"@type\":\"ImageObject\",\"url\":\"https:\\\/\\\/www.jornalja.com.br\\\/wp-content\\\/uploads\\\/cards\\\/JAslogan.png\",\"@id\":\"https:\\\/\\\/www.jornalja.com.br\\\/arquivo\\\/jornalistas-reagem-a-censura-do-governo-de-pernambuco\\\/#organizationLogo\"},\"image\":{\"@id\":\"https:\\\/\\\/www.jornalja.com.br\\\/arquivo\\\/jornalistas-reagem-a-censura-do-governo-de-pernambuco\\\/#organizationLogo\"}},{\"@type\":\"Person\",\"@id\":\"https:\\\/\\\/www.jornalja.com.br\\\/arquivo\\\/author\\\/daredacao\\\/#author\",\"url\":\"https:\\\/\\\/www.jornalja.com.br\\\/arquivo\\\/author\\\/daredacao\\\/\",\"name\":\"da Reda\\u00e7\\u00e3o\",\"image\":{\"@type\":\"ImageObject\",\"@id\":\"https:\\\/\\\/www.jornalja.com.br\\\/arquivo\\\/jornalistas-reagem-a-censura-do-governo-de-pernambuco\\\/#authorImage\",\"url\":\"https:\\\/\\\/secure.gravatar.com\\\/avatar\\\/469fd857d6605ad19919d27ed29d35a968a25f6e8fd9318356bbb7f57aae9c65?s=96&d=mm&r=g\",\"width\":96,\"height\":96,\"caption\":\"da Reda\\u00e7\\u00e3o\"}},{\"@type\":\"WebPage\",\"@id\":\"https:\\\/\\\/www.jornalja.com.br\\\/arquivo\\\/jornalistas-reagem-a-censura-do-governo-de-pernambuco\\\/#webpage\",\"url\":\"https:\\\/\\\/www.jornalja.com.br\\\/arquivo\\\/jornalistas-reagem-a-censura-do-governo-de-pernambuco\\\/\",\"name\":\"Jornalistas reagem \\u00e0 censura do governo de Pernambuco | Arquivo\",\"inLanguage\":\"pt-BR\",\"isPartOf\":{\"@id\":\"https:\\\/\\\/www.jornalja.com.br\\\/arquivo\\\/#website\"},\"breadcrumb\":{\"@id\":\"https:\\\/\\\/www.jornalja.com.br\\\/arquivo\\\/jornalistas-reagem-a-censura-do-governo-de-pernambuco\\\/#breadcrumblist\"},\"author\":{\"@id\":\"https:\\\/\\\/www.jornalja.com.br\\\/arquivo\\\/author\\\/daredacao\\\/#author\"},\"creator\":{\"@id\":\"https:\\\/\\\/www.jornalja.com.br\\\/arquivo\\\/author\\\/daredacao\\\/#author\"},\"datePublished\":\"2017-04-23T10:25:07-03:00\",\"dateModified\":\"2017-04-23T10:25:07-03:00\"},{\"@type\":\"WebSite\",\"@id\":\"https:\\\/\\\/www.jornalja.com.br\\\/arquivo\\\/#website\",\"url\":\"https:\\\/\\\/www.jornalja.com.br\\\/arquivo\\\/\",\"name\":\"Arquivo\",\"description\":\"Jornal J\\u00c1 | Porto Alegre\",\"inLanguage\":\"pt-BR\",\"publisher\":{\"@id\":\"https:\\\/\\\/www.jornalja.com.br\\\/arquivo\\\/#organization\"}}]}\n\t\t<\/script>\n\t\t<!-- All in One SEO -->\n\n","aioseo_head_json":{"title":"Jornalistas reagem \u00e0 censura do governo de Pernambuco | Arquivo","description":"","canonical_url":"https:\/\/www.jornalja.com.br\/arquivo\/jornalistas-reagem-a-censura-do-governo-de-pernambuco\/","robots":"max-image-preview:large","keywords":"","webmasterTools":{"miscellaneous":""},"schema":{"@context":"https:\/\/schema.org","@graph":[{"@type":"BlogPosting","@id":"https:\/\/www.jornalja.com.br\/arquivo\/jornalistas-reagem-a-censura-do-governo-de-pernambuco\/#blogposting","name":"Jornalistas reagem \u00e0 censura do governo de Pernambuco | Arquivo","headline":"Jornalistas reagem \u00e0 censura do governo de Pernambuco","author":{"@id":"https:\/\/www.jornalja.com.br\/arquivo\/author\/daredacao\/#author"},"publisher":{"@id":"https:\/\/www.jornalja.com.br\/arquivo\/#organization"},"image":{"@type":"ImageObject","url":"https:\/\/www.jornalja.com.br\/wp-content\/uploads\/cards\/JAslogan.png","@id":"https:\/\/www.jornalja.com.br\/arquivo\/#articleImage"},"datePublished":"2017-04-23T10:25:07-03:00","dateModified":"2017-04-23T10:25:07-03:00","inLanguage":"pt-BR","mainEntityOfPage":{"@id":"https:\/\/www.jornalja.com.br\/arquivo\/jornalistas-reagem-a-censura-do-governo-de-pernambuco\/#webpage"},"isPartOf":{"@id":"https:\/\/www.jornalja.com.br\/arquivo\/jornalistas-reagem-a-censura-do-governo-de-pernambuco\/#webpage"},"articleSection":"NOTAS"},{"@type":"BreadcrumbList","@id":"https:\/\/www.jornalja.com.br\/arquivo\/jornalistas-reagem-a-censura-do-governo-de-pernambuco\/#breadcrumblist","itemListElement":[{"@type":"ListItem","@id":"https:\/\/www.jornalja.com.br\/arquivo#listItem","position":1,"name":"Home","item":"https:\/\/www.jornalja.com.br\/arquivo","nextItem":{"@type":"ListItem","@id":"https:\/\/www.jornalja.com.br\/arquivo\/category\/notas\/#listItem","name":"NOTAS"}},{"@type":"ListItem","@id":"https:\/\/www.jornalja.com.br\/arquivo\/category\/notas\/#listItem","position":2,"name":"NOTAS","item":"https:\/\/www.jornalja.com.br\/arquivo\/category\/notas\/","nextItem":{"@type":"ListItem","@id":"https:\/\/www.jornalja.com.br\/arquivo\/jornalistas-reagem-a-censura-do-governo-de-pernambuco\/#listItem","name":"Jornalistas reagem \u00e0 censura do governo de Pernambuco"},"previousItem":{"@type":"ListItem","@id":"https:\/\/www.jornalja.com.br\/arquivo#listItem","name":"Home"}},{"@type":"ListItem","@id":"https:\/\/www.jornalja.com.br\/arquivo\/jornalistas-reagem-a-censura-do-governo-de-pernambuco\/#listItem","position":3,"name":"Jornalistas reagem \u00e0 censura do governo de Pernambuco","previousItem":{"@type":"ListItem","@id":"https:\/\/www.jornalja.com.br\/arquivo\/category\/notas\/#listItem","name":"NOTAS"}}]},{"@type":"Organization","@id":"https:\/\/www.jornalja.com.br\/arquivo\/#organization","name":"Jornal J\u00c1","description":"Jornal J\u00c1 | Porto Alegre","url":"https:\/\/www.jornalja.com.br\/arquivo\/","telephone":"+555133307272","logo":{"@type":"ImageObject","url":"https:\/\/www.jornalja.com.br\/wp-content\/uploads\/cards\/JAslogan.png","@id":"https:\/\/www.jornalja.com.br\/arquivo\/jornalistas-reagem-a-censura-do-governo-de-pernambuco\/#organizationLogo"},"image":{"@id":"https:\/\/www.jornalja.com.br\/arquivo\/jornalistas-reagem-a-censura-do-governo-de-pernambuco\/#organizationLogo"}},{"@type":"Person","@id":"https:\/\/www.jornalja.com.br\/arquivo\/author\/daredacao\/#author","url":"https:\/\/www.jornalja.com.br\/arquivo\/author\/daredacao\/","name":"da Reda\u00e7\u00e3o","image":{"@type":"ImageObject","@id":"https:\/\/www.jornalja.com.br\/arquivo\/jornalistas-reagem-a-censura-do-governo-de-pernambuco\/#authorImage","url":"https:\/\/secure.gravatar.com\/avatar\/469fd857d6605ad19919d27ed29d35a968a25f6e8fd9318356bbb7f57aae9c65?s=96&d=mm&r=g","width":96,"height":96,"caption":"da Reda\u00e7\u00e3o"}},{"@type":"WebPage","@id":"https:\/\/www.jornalja.com.br\/arquivo\/jornalistas-reagem-a-censura-do-governo-de-pernambuco\/#webpage","url":"https:\/\/www.jornalja.com.br\/arquivo\/jornalistas-reagem-a-censura-do-governo-de-pernambuco\/","name":"Jornalistas reagem \u00e0 censura do governo de Pernambuco | Arquivo","inLanguage":"pt-BR","isPartOf":{"@id":"https:\/\/www.jornalja.com.br\/arquivo\/#website"},"breadcrumb":{"@id":"https:\/\/www.jornalja.com.br\/arquivo\/jornalistas-reagem-a-censura-do-governo-de-pernambuco\/#breadcrumblist"},"author":{"@id":"https:\/\/www.jornalja.com.br\/arquivo\/author\/daredacao\/#author"},"creator":{"@id":"https:\/\/www.jornalja.com.br\/arquivo\/author\/daredacao\/#author"},"datePublished":"2017-04-23T10:25:07-03:00","dateModified":"2017-04-23T10:25:07-03:00"},{"@type":"WebSite","@id":"https:\/\/www.jornalja.com.br\/arquivo\/#website","url":"https:\/\/www.jornalja.com.br\/arquivo\/","name":"Arquivo","description":"Jornal J\u00c1 | Porto Alegre","inLanguage":"pt-BR","publisher":{"@id":"https:\/\/www.jornalja.com.br\/arquivo\/#organization"}}]},"og:locale":"pt_BR","og:site_name":"Arquivo | Jornal J\u00c1 | Porto Alegre","og:type":"article","og:title":"Jornalistas reagem \u00e0 censura do governo de Pernambuco | Arquivo","og:url":"https:\/\/www.jornalja.com.br\/arquivo\/jornalistas-reagem-a-censura-do-governo-de-pernambuco\/","og:image":"https:\/\/www.jornalja.com.br\/economics\/wp-content\/uploads\/sites\/11\/2026\/08\/ja-folhaderosto-facebook.jpg","og:image:secure_url":"https:\/\/www.jornalja.com.br\/economics\/wp-content\/uploads\/sites\/11\/2026\/08\/ja-folhaderosto-facebook.jpg","article:published_time":"2017-04-23T13:25:07+00:00","article:modified_time":"2017-04-23T13:25:07+00:00","twitter:card":"summary","twitter:title":"Jornalistas reagem \u00e0 censura do governo de Pernambuco | Arquivo","twitter:image":"https:\/\/www.jornalja.com.br\/economics\/wp-content\/uploads\/sites\/11\/2026\/08\/ja-folhaderosto-facebook.jpg"},"aioseo_meta_data":{"post_id":"47447","title":null,"description":null,"keywords":null,"keyphrases":null,"primary_term":null,"canonical_url":null,"og_title":null,"og_description":null,"og_object_type":"default","og_image_type":"default","og_image_url":null,"og_image_width":null,"og_image_height":null,"og_image_custom_url":null,"og_image_custom_fields":null,"og_video":null,"og_custom_url":null,"og_article_section":null,"og_article_tags":null,"twitter_use_og":false,"twitter_card":"default","twitter_image_type":"default","twitter_image_url":null,"twitter_image_custom_url":null,"twitter_image_custom_fields":null,"twitter_title":null,"twitter_description":null,"schema":{"blockGraphs":[],"customGraphs":[],"default":{"data":{"Article":[],"Course":[],"Dataset":[],"FAQPage":[],"Movie":[],"Person":[],"Product":[],"ProductReview":[],"Car":[],"Recipe":[],"Service":[],"SoftwareApplication":[],"WebPage":[]},"graphName":"","isEnabled":true},"graphs":[]},"schema_type":null,"schema_type_options":null,"pillar_content":false,"robots_default":true,"robots_noindex":false,"robots_noarchive":false,"robots_nosnippet":false,"robots_nofollow":false,"robots_noimageindex":false,"robots_noodp":false,"robots_notranslate":false,"robots_max_snippet":null,"robots_max_videopreview":null,"robots_max_imagepreview":"large","priority":null,"frequency":null,"location":null,"local_seo":null,"breadcrumb_settings":null,"limit_modified_date":false,"ai":null,"created":"2020-12-20 20:35:51","updated":"2025-07-19 21:08:04","seo_analyzer_scan_date":null,"focus_keyword":null,"additional_keywords":null,"truseo_locale":null},"jetpack_sharing_enabled":true,"jetpack-related-posts":[{"id":13101,"url":"https:\/\/www.jornalja.com.br\/arquivo\/morre-um-guerreiro-do-texto\/","url_meta":{"origin":47447,"position":0},"title":"Morre um guerreiro do texto","author":"Patr\u00edcia Marini","date":"14 de maio de 2014","format":false,"excerpt":"Por Ricardo Kotscho Reproduzido do blog do autor, 11\/5\/2014; t\u00edtulo original \u201cE l\u00e1 se foi o nosso Myltainho, guerreiro do texto\u201d. Mi\u00fado e franzino, meu amigo Myltainho era um valente e inconformado guerreiro na luta contra as injusti\u00e7as sociais, a hipocrisia, as maracutaias, o autoritarismo, a intoler\u00e2ncia, a viol\u00eancia, o\u2026","rel":"","context":"Em &quot;Geral&quot;","block_context":{"text":"Geral","link":"https:\/\/www.jornalja.com.br\/arquivo\/category\/geral\/"},"img":{"alt_text":"","src":"","width":0,"height":0},"classes":[]},{"id":12960,"url":"https:\/\/www.jornalja.com.br\/arquivo\/populacao-culpa-empresas-pela-greve-dos-rodoviarios\/","url_meta":{"origin":47447,"position":1},"title":"Popula\u00e7\u00e3o culpa empresas pela greve","author":"Patr\u00edcia Marini","date":"14 de fevereiro de 2014","format":false,"excerpt":"Pesquisa divulgada na edi\u00e7\u00e3o do jornal Metro desta sexta-feira,14, comprova o velho ditado: \u00e9 poss\u00edvel enganar muitos por algum tempo, mas n\u00e3o \u00e9 poss\u00edvel enganar a todos o tempo inteiro. A principal revela\u00e7\u00e3o foi que 59,8% dos entrevistados apontaram as empresas como as principais respons\u00e1veis pela grave e 46% culparam\u2026","rel":"","context":"Em &quot;X.Categorias velhas&quot;","block_context":{"text":"X.Categorias velhas","link":"https:\/\/www.jornalja.com.br\/arquivo\/category\/x-categorias-velhas\/"},"img":{"alt_text":"","src":"","width":0,"height":0},"classes":[]},{"id":13124,"url":"https:\/\/www.jornalja.com.br\/arquivo\/sangue-latino-no-iecine\/","url_meta":{"origin":47447,"position":2},"title":"Sangue latino no IECINE","author":"da Reda\u00e7\u00e3o","date":"18 de maio de 2014","format":false,"excerpt":"Francisco Ribeiro O Instituto Estadual de Cinema (IECINE) tem a frente, desde abril \u00faltimo, um novo diretor, o cineasta colombiano Juan Zapata, 36, que substitui Luiz Alberto Cassol. Radicado h\u00e1 dez anos em Porto Alegre, Zapata tem diante de si o desafio de conduzir at\u00e9 o final do ano um\u2026","rel":"","context":"Em &quot;Cultura-Geral&quot;","block_context":{"text":"Cultura-Geral","link":"https:\/\/www.jornalja.com.br\/arquivo\/category\/materiasecundaria\/"},"img":{"alt_text":"","src":"","width":0,"height":0},"classes":[]},{"id":5440,"url":"https:\/\/www.jornalja.com.br\/arquivo\/casarao-da-venancio-destino-permanece-incerto\/","url_meta":{"origin":47447,"position":3},"title":"Estado ainda n\u00e3o sabe o que fazer com casar\u00e3o abandonado h\u00e1 20 anos","author":"Elmar Bones","date":"6 de julho de 2009","format":false,"excerpt":"O casar\u00e3o amarelo, numa esquina nobre de Porto Alegre (Ven\u00e2ncio Aires com Jo\u00e3o Pessoa), j\u00e1 abrigou uma escola. H\u00e1 duas d\u00e9cadas, pelo menos, est\u00e1 abandonado, porque seu propriet\u00e1rio, o governo do Estado do Rio Grande do Sul, n\u00e3o consegue achar um destino para ele. Planos n\u00e3o faltaram. O governador Ol\u00edvio\u2026","rel":"","context":"Em &quot;X.Categorias velhas&quot;","block_context":{"text":"X.Categorias velhas","link":"https:\/\/www.jornalja.com.br\/arquivo\/category\/x-categorias-velhas\/"},"img":{"alt_text":"geraldo1","src":"https:\/\/i0.wp.com\/www.jornalja.com.br\/wp-content\/uploads\/2009\/07\/geraldo1.jpg?resize=350%2C200&ssl=1","width":350,"height":200},"classes":[]},{"id":13128,"url":"https:\/\/www.jornalja.com.br\/arquivo\/maconha-terra-diz-que-uso-medicinal-e-desculpa\/","url_meta":{"origin":47447,"position":4},"title":"Maconha: Terra diz que uso medicinal \u00e9 desculpa","author":"Patr\u00edcia Marini","date":"4 de junho de 2014","format":false,"excerpt":"A condi\u00e7\u00e3o de pol\u00edtico, em \u00e9poca de campanha de campanha eleitoral, tira for\u00e7a do discurso do m\u00e9dico Osmar Terra contra a legaliza\u00e7\u00e3o da maconha. A tese dele de que a libera\u00e7\u00e3o vai ampliar exponencialmente o consumo \u00e9 discutivel, o consumo \u00e9 corrente. Mas seus alertas quanto aos riscos tem que\u2026","rel":"","context":"Em &quot;X.Categorias velhas&quot;","block_context":{"text":"X.Categorias velhas","link":"https:\/\/www.jornalja.com.br\/arquivo\/category\/x-categorias-velhas\/"},"img":{"alt_text":"","src":"","width":0,"height":0},"classes":[]},{"id":14241,"url":"https:\/\/www.jornalja.com.br\/arquivo\/o-guaiba-nas-imagens-poeticas-de-achutti\/","url_meta":{"origin":47447,"position":5},"title":"O Gua\u00edba nas imagens po\u00e9ticas de Achutti","author":"da Reda\u00e7\u00e3o","date":"18 de junho de 2014","format":false,"excerpt":"Em \u201cO Gua\u00edba por Achutti\u201d \u2013 obra financiada via Minist\u00e9rio da Cultura, produ\u00e7\u00e3o executiva de Pedro Longhi, e Fl\u00e1vio Wild como designer \u2013, o fot\u00f3grafo revela a beleza e as mazelas de um espa\u00e7o aqu\u00e1tico de \u00e1guas sempre renovadas, cheio de hist\u00f3rias e lendas como as das cidades que foram\u2026","rel":"","context":"Em &quot;Cultura-Geral&quot;","block_context":{"text":"Cultura-Geral","link":"https:\/\/www.jornalja.com.br\/arquivo\/category\/materiasecundaria\/"},"img":{"alt_text":"","src":"","width":0,"height":0},"classes":[]}],"jetpack_shortlink":"https:\/\/wp.me\/pbQjBd-clh","jetpack_featured_media_url":"","_links":{"self":[{"href":"https:\/\/www.jornalja.com.br\/arquivo\/wp-json\/wp\/v2\/posts\/47447","targetHints":{"allow":["GET"]}}],"collection":[{"href":"https:\/\/www.jornalja.com.br\/arquivo\/wp-json\/wp\/v2\/posts"}],"about":[{"href":"https:\/\/www.jornalja.com.br\/arquivo\/wp-json\/wp\/v2\/types\/post"}],"author":[{"embeddable":true,"href":"https:\/\/www.jornalja.com.br\/arquivo\/wp-json\/wp\/v2\/users\/4"}],"replies":[{"embeddable":true,"href":"https:\/\/www.jornalja.com.br\/arquivo\/wp-json\/wp\/v2\/comments?post=47447"}],"version-history":[{"count":0,"href":"https:\/\/www.jornalja.com.br\/arquivo\/wp-json\/wp\/v2\/posts\/47447\/revisions"}],"wp:attachment":[{"href":"https:\/\/www.jornalja.com.br\/arquivo\/wp-json\/wp\/v2\/media?parent=47447"}],"wp:term":[{"taxonomy":"category","embeddable":true,"href":"https:\/\/www.jornalja.com.br\/arquivo\/wp-json\/wp\/v2\/categories?post=47447"},{"taxonomy":"post_tag","embeddable":true,"href":"https:\/\/www.jornalja.com.br\/arquivo\/wp-json\/wp\/v2\/tags?post=47447"}],"curies":[{"name":"wp","href":"https:\/\/api.w.org\/{rel}","templated":true}]}}