{"id":47449,"date":"2017-04-23T12:08:00","date_gmt":"2017-04-23T15:08:00","guid":{"rendered":"https:\/\/www.jornalja.com.br\/?p=47449"},"modified":"2017-04-23T12:08:00","modified_gmt":"2017-04-23T15:08:00","slug":"tcu-exige-que-o-mctic-apresente-estudo-sobre-os-fundos-de-telecom","status":"publish","type":"post","link":"https:\/\/www.jornalja.com.br\/arquivo\/tcu-exige-que-o-mctic-apresente-estudo-sobre-os-fundos-de-telecom\/","title":{"rendered":"TCU exige que o MCTIC apresente estudo sobre os fundos de telecom"},"content":{"rendered":"<div class=\"wrapper\">\n<div class=\"content-page\">\n<h1 class=\"titulo_content\"><\/h1>\n<p class=\"escrito\">Lu\u00eds Osvaldo Grossmann, do site Converg\u00eancia Digital, informa que o Tribunal de Contas da Uni\u00e3o quer que o Minist\u00e9rio de Ci\u00eancia, Tecnologia, Inova\u00e7\u00f5es e Comunica\u00e7\u00f5es apresente em 120 dias um estudo sobre o descompasso entre a arrecada\u00e7\u00e3o e o uso dos fundos setoriais de telecomunica\u00e7\u00f5es, inclusive com avalia\u00e7\u00e3o de potencial redu\u00e7\u00e3o dos valores cobrados, diante dos desvios de finalidade do Fistel, Fust e Funttel que superam os R$ 106 bilh\u00f5es.<\/p>\n<div class=\"ck\">\n<div>A determina\u00e7\u00e3o faz parte do Ac\u00f3rd\u00e3o 749\/2017, aprovado na sess\u00e3o de 12\/4, que trata da tomada de contas solicitada pela Comiss\u00e3o de Ci\u00eancia e Tecnologia da C\u00e2mara dos Deputados. Nas contas do TCU, o Fistel arrecadou R$ 85,4 bilh\u00f5es entre 1997 e 2016, enquanto Fust e Funttel levantaram cerca de R$ 27,7 bilh\u00f5es entre 2001 e 2016. S\u00e3o R$ 113,1 bilh\u00f5es, dos quais R$ 6,6 bilh\u00f5es, ou 5,8%, foram efetivamente aplicados nas finalidades para os quais foram criados.<\/div>\n<div><\/div>\n<div>\u201cDesde o ano de 1997, tornou-se pr\u00e1tica frequente do Poder Executivo a edi\u00e7\u00e3o, ao final do exerc\u00edcio, de medidas provis\u00f3rias, posteriormente convertidas em leis, permitindo a desvincula\u00e7\u00e3o do super\u00e1vit financeiro dos fundos p\u00fablicos e sua utiliza\u00e7\u00e3o para outras despesas que n\u00e3o aquelas originalmente previstas\u201d, sustenta o Tribunal de Contas no Ac\u00f3rd\u00e3o.<\/div>\n<div><\/div>\n<div>Essa pr\u00e1tica, reiterada e corriqueira, tem dois aliados de peso: a pouca transpar\u00eancia nos dados sobre os fundos setoriais e a aus\u00eancia de pol\u00edticas p\u00fablicas para o setor. De um lado o Tesouro Nacional dificulta a efetiva an\u00e1lise dos valores envolvidos, enquanto de outro o Minist\u00e9rio das Comunica\u00e7\u00f5es, agora MCTIC, n\u00e3o cumpre seu papel sequer na defesa do or\u00e7amento \u2013 inclusive em desrespeito a preceitos da Lei Geral de Telecomunica\u00e7\u00f5es.<\/div>\n<div><\/div>\n<div>\u201cUm fato que dificulta a obten\u00e7\u00e3o dessas informa\u00e7\u00f5es \u00e9 a prec\u00e1ria publicidade e transpar\u00eancia dada pela STN [Secretaria do Tesouro Nacional] ao processo de desvincula\u00e7\u00e3o por medida provis\u00f3ria dos saldos financeiros dos fundos, n\u00e3o sendo de f\u00e1cil obten\u00e7\u00e3o os crit\u00e9rios utilizados, os montantes desvinculados do fundo e a efetiva destina\u00e7\u00e3o dos recursos, algo incompat\u00edvel com a materialidade das desvincula\u00e7\u00f5es para outras finalidades.\u201d<\/div>\n<div><\/div>\n<div>\u201cA falta de uma pol\u00edtica setorial de m\u00e9dio e longo prazo para o setor de telecomunica\u00e7\u00f5es com planos, metas e a\u00e7\u00f5es bem definidos, com indica\u00e7\u00e3o das fontes de financiamento para essas a\u00e7\u00f5es, favorece a n\u00e3o utiliza\u00e7\u00e3o dos fundos setoriais, pois na aus\u00eancia de defini\u00e7\u00e3o de a\u00e7\u00f5es a serem implementadas com os valores arrecadados pelos fundos, n\u00e3o \u00e9 poss\u00edvel estimar a real necessidade dos valores para a universaliza\u00e7\u00e3o dos servi\u00e7os de telecomunica \u00e7\u00f5es, o que favorece o contingenciamento por outros \u00f3rg\u00e3os.\u201d<\/div>\n<div><\/div>\n<div>Vai da\u00ed que uma das decis\u00f5es do TCU foi \u201cdeterminar ao MCTIC que, em 120 dias, apresente estudo que justifique a manuten\u00e7\u00e3o dos atuais patamares de arrecada\u00e7\u00e3o do Fistel e do Fust, frente \u00e0 baixa aplica\u00e7\u00e3o dos recursos em suas finalidades legais, bem como indique poss\u00edveis medidas a serem implementadas com vistas \u00e0 redu\u00e7\u00e3o do citado descompasso entre as receitas e as aplica\u00e7\u00f5es\u201d.<\/div>\n<\/div>\n<div id=\"conteudos_relacionados\"><\/div>\n<\/div>\n<\/div>\n","protected":false},"excerpt":{"rendered":"<p>Lu\u00eds Osvaldo Grossmann, do site Converg\u00eancia Digital, informa que o Tribunal de Contas da Uni\u00e3o quer que o Minist\u00e9rio de Ci\u00eancia, Tecnologia, Inova\u00e7\u00f5es e Comunica\u00e7\u00f5es apresente em 120 dias um estudo sobre o descompasso entre a arrecada\u00e7\u00e3o e o uso dos fundos setoriais de telecomunica\u00e7\u00f5es, inclusive com avalia\u00e7\u00e3o de potencial redu\u00e7\u00e3o dos valores cobrados, diante [&hellip;]<\/p>\n","protected":false},"author":4,"featured_media":0,"comment_status":"open","ping_status":"closed","sticky":false,"template":"","format":"standard","meta":{"_jetpack_newsletter_access":"","_jetpack_dont_email_post_to_subs":false,"_jetpack_newsletter_tier_id":0,"_jetpack_memberships_contains_paywalled_content":false,"_jetpack_feature_clip_id":0,"_jetpack_memberships_contains_paid_content":false,"footnotes":"","jetpack_post_was_ever_published":false},"categories":[2022],"tags":[],"class_list":["post-47449","post","type-post","status-publish","format-standard","hentry","category-notas"],"aioseo_notices":[],"aioseo_head":"\n\t\t<!-- All in One SEO 5.0.1.1 - aioseo.com -->\n\t<meta name=\"robots\" content=\"max-image-preview:large\" \/>\n\t<meta name=\"author\" content=\"da Reda\u00e7\u00e3o\"\/>\n\t<link rel=\"canonical\" href=\"https:\/\/www.jornalja.com.br\/arquivo\/tcu-exige-que-o-mctic-apresente-estudo-sobre-os-fundos-de-telecom\/\" \/>\n\t<meta name=\"generator\" content=\"All in One SEO (AIOSEO) 5.0.1.1\" \/>\n\t\t<meta property=\"og:locale\" content=\"pt_BR\" \/>\n\t\t<meta property=\"og:site_name\" content=\"Arquivo | Jornal J\u00c1 | Porto Alegre\" \/>\n\t\t<meta property=\"og:type\" content=\"article\" \/>\n\t\t<meta property=\"og:title\" content=\"TCU exige que o MCTIC apresente estudo sobre os fundos de telecom | Arquivo\" \/>\n\t\t<meta property=\"og:url\" content=\"https:\/\/www.jornalja.com.br\/arquivo\/tcu-exige-que-o-mctic-apresente-estudo-sobre-os-fundos-de-telecom\/\" \/>\n\t\t<meta property=\"og:image\" content=\"https:\/\/www.jornalja.com.br\/economics\/wp-content\/uploads\/sites\/11\/2026\/08\/ja-folhaderosto-facebook.jpg\" \/>\n\t\t<meta property=\"og:image:secure_url\" content=\"https:\/\/www.jornalja.com.br\/economics\/wp-content\/uploads\/sites\/11\/2026\/08\/ja-folhaderosto-facebook.jpg\" \/>\n\t\t<meta property=\"article:published_time\" content=\"2017-04-23T15:08:00+00:00\" \/>\n\t\t<meta property=\"article:modified_time\" content=\"2017-04-23T15:08:00+00:00\" \/>\n\t\t<meta name=\"twitter:card\" content=\"summary\" \/>\n\t\t<meta name=\"twitter:title\" content=\"TCU exige que o MCTIC apresente estudo sobre os fundos de telecom | Arquivo\" \/>\n\t\t<meta name=\"twitter:image\" content=\"https:\/\/www.jornalja.com.br\/economics\/wp-content\/uploads\/sites\/11\/2026\/08\/ja-folhaderosto-facebook.jpg\" \/>\n\t\t<script type=\"application\/ld+json\" class=\"aioseo-schema\">\n\t\t\t{\"@context\":\"https:\\\/\\\/schema.org\",\"@graph\":[{\"@type\":\"BlogPosting\",\"@id\":\"https:\\\/\\\/www.jornalja.com.br\\\/arquivo\\\/tcu-exige-que-o-mctic-apresente-estudo-sobre-os-fundos-de-telecom\\\/#blogposting\",\"name\":\"TCU exige que o MCTIC apresente estudo sobre os fundos de telecom | Arquivo\",\"headline\":\"TCU exige que o MCTIC apresente estudo sobre os fundos de telecom\",\"author\":{\"@id\":\"https:\\\/\\\/www.jornalja.com.br\\\/arquivo\\\/author\\\/daredacao\\\/#author\"},\"publisher\":{\"@id\":\"https:\\\/\\\/www.jornalja.com.br\\\/arquivo\\\/#organization\"},\"image\":{\"@type\":\"ImageObject\",\"url\":\"https:\\\/\\\/www.jornalja.com.br\\\/wp-content\\\/uploads\\\/cards\\\/JAslogan.png\",\"@id\":\"https:\\\/\\\/www.jornalja.com.br\\\/arquivo\\\/#articleImage\"},\"datePublished\":\"2017-04-23T12:08:00-03:00\",\"dateModified\":\"2017-04-23T12:08:00-03:00\",\"inLanguage\":\"pt-BR\",\"mainEntityOfPage\":{\"@id\":\"https:\\\/\\\/www.jornalja.com.br\\\/arquivo\\\/tcu-exige-que-o-mctic-apresente-estudo-sobre-os-fundos-de-telecom\\\/#webpage\"},\"isPartOf\":{\"@id\":\"https:\\\/\\\/www.jornalja.com.br\\\/arquivo\\\/tcu-exige-que-o-mctic-apresente-estudo-sobre-os-fundos-de-telecom\\\/#webpage\"},\"articleSection\":\"NOTAS\"},{\"@type\":\"BreadcrumbList\",\"@id\":\"https:\\\/\\\/www.jornalja.com.br\\\/arquivo\\\/tcu-exige-que-o-mctic-apresente-estudo-sobre-os-fundos-de-telecom\\\/#breadcrumblist\",\"itemListElement\":[{\"@type\":\"ListItem\",\"@id\":\"https:\\\/\\\/www.jornalja.com.br\\\/arquivo#listItem\",\"position\":1,\"name\":\"Home\",\"item\":\"https:\\\/\\\/www.jornalja.com.br\\\/arquivo\",\"nextItem\":{\"@type\":\"ListItem\",\"@id\":\"https:\\\/\\\/www.jornalja.com.br\\\/arquivo\\\/category\\\/notas\\\/#listItem\",\"name\":\"NOTAS\"}},{\"@type\":\"ListItem\",\"@id\":\"https:\\\/\\\/www.jornalja.com.br\\\/arquivo\\\/category\\\/notas\\\/#listItem\",\"position\":2,\"name\":\"NOTAS\",\"item\":\"https:\\\/\\\/www.jornalja.com.br\\\/arquivo\\\/category\\\/notas\\\/\",\"nextItem\":{\"@type\":\"ListItem\",\"@id\":\"https:\\\/\\\/www.jornalja.com.br\\\/arquivo\\\/tcu-exige-que-o-mctic-apresente-estudo-sobre-os-fundos-de-telecom\\\/#listItem\",\"name\":\"TCU exige que o MCTIC apresente estudo sobre os fundos de telecom\"},\"previousItem\":{\"@type\":\"ListItem\",\"@id\":\"https:\\\/\\\/www.jornalja.com.br\\\/arquivo#listItem\",\"name\":\"Home\"}},{\"@type\":\"ListItem\",\"@id\":\"https:\\\/\\\/www.jornalja.com.br\\\/arquivo\\\/tcu-exige-que-o-mctic-apresente-estudo-sobre-os-fundos-de-telecom\\\/#listItem\",\"position\":3,\"name\":\"TCU exige que o MCTIC apresente estudo sobre os fundos de telecom\",\"previousItem\":{\"@type\":\"ListItem\",\"@id\":\"https:\\\/\\\/www.jornalja.com.br\\\/arquivo\\\/category\\\/notas\\\/#listItem\",\"name\":\"NOTAS\"}}]},{\"@type\":\"Organization\",\"@id\":\"https:\\\/\\\/www.jornalja.com.br\\\/arquivo\\\/#organization\",\"name\":\"Jornal J\\u00c1\",\"description\":\"Jornal J\\u00c1 | Porto Alegre\",\"url\":\"https:\\\/\\\/www.jornalja.com.br\\\/arquivo\\\/\",\"telephone\":\"+555133307272\",\"logo\":{\"@type\":\"ImageObject\",\"url\":\"https:\\\/\\\/www.jornalja.com.br\\\/wp-content\\\/uploads\\\/cards\\\/JAslogan.png\",\"@id\":\"https:\\\/\\\/www.jornalja.com.br\\\/arquivo\\\/tcu-exige-que-o-mctic-apresente-estudo-sobre-os-fundos-de-telecom\\\/#organizationLogo\"},\"image\":{\"@id\":\"https:\\\/\\\/www.jornalja.com.br\\\/arquivo\\\/tcu-exige-que-o-mctic-apresente-estudo-sobre-os-fundos-de-telecom\\\/#organizationLogo\"}},{\"@type\":\"Person\",\"@id\":\"https:\\\/\\\/www.jornalja.com.br\\\/arquivo\\\/author\\\/daredacao\\\/#author\",\"url\":\"https:\\\/\\\/www.jornalja.com.br\\\/arquivo\\\/author\\\/daredacao\\\/\",\"name\":\"da Reda\\u00e7\\u00e3o\",\"image\":{\"@type\":\"ImageObject\",\"@id\":\"https:\\\/\\\/www.jornalja.com.br\\\/arquivo\\\/tcu-exige-que-o-mctic-apresente-estudo-sobre-os-fundos-de-telecom\\\/#authorImage\",\"url\":\"https:\\\/\\\/secure.gravatar.com\\\/avatar\\\/469fd857d6605ad19919d27ed29d35a968a25f6e8fd9318356bbb7f57aae9c65?s=96&d=mm&r=g\",\"width\":96,\"height\":96,\"caption\":\"da Reda\\u00e7\\u00e3o\"}},{\"@type\":\"WebPage\",\"@id\":\"https:\\\/\\\/www.jornalja.com.br\\\/arquivo\\\/tcu-exige-que-o-mctic-apresente-estudo-sobre-os-fundos-de-telecom\\\/#webpage\",\"url\":\"https:\\\/\\\/www.jornalja.com.br\\\/arquivo\\\/tcu-exige-que-o-mctic-apresente-estudo-sobre-os-fundos-de-telecom\\\/\",\"name\":\"TCU exige que o MCTIC apresente estudo sobre os fundos de telecom | Arquivo\",\"inLanguage\":\"pt-BR\",\"isPartOf\":{\"@id\":\"https:\\\/\\\/www.jornalja.com.br\\\/arquivo\\\/#website\"},\"breadcrumb\":{\"@id\":\"https:\\\/\\\/www.jornalja.com.br\\\/arquivo\\\/tcu-exige-que-o-mctic-apresente-estudo-sobre-os-fundos-de-telecom\\\/#breadcrumblist\"},\"author\":{\"@id\":\"https:\\\/\\\/www.jornalja.com.br\\\/arquivo\\\/author\\\/daredacao\\\/#author\"},\"creator\":{\"@id\":\"https:\\\/\\\/www.jornalja.com.br\\\/arquivo\\\/author\\\/daredacao\\\/#author\"},\"datePublished\":\"2017-04-23T12:08:00-03:00\",\"dateModified\":\"2017-04-23T12:08:00-03:00\"},{\"@type\":\"WebSite\",\"@id\":\"https:\\\/\\\/www.jornalja.com.br\\\/arquivo\\\/#website\",\"url\":\"https:\\\/\\\/www.jornalja.com.br\\\/arquivo\\\/\",\"name\":\"Arquivo\",\"description\":\"Jornal J\\u00c1 | Porto Alegre\",\"inLanguage\":\"pt-BR\",\"publisher\":{\"@id\":\"https:\\\/\\\/www.jornalja.com.br\\\/arquivo\\\/#organization\"}}]}\n\t\t<\/script>\n\t\t<!-- All in One SEO -->\n\n","aioseo_head_json":{"title":"TCU exige que o MCTIC apresente estudo sobre os fundos de telecom | Arquivo","description":"","canonical_url":"https:\/\/www.jornalja.com.br\/arquivo\/tcu-exige-que-o-mctic-apresente-estudo-sobre-os-fundos-de-telecom\/","robots":"max-image-preview:large","keywords":"","webmasterTools":{"miscellaneous":""},"schema":{"@context":"https:\/\/schema.org","@graph":[{"@type":"BlogPosting","@id":"https:\/\/www.jornalja.com.br\/arquivo\/tcu-exige-que-o-mctic-apresente-estudo-sobre-os-fundos-de-telecom\/#blogposting","name":"TCU exige que o MCTIC apresente estudo sobre os fundos de telecom | Arquivo","headline":"TCU exige que o MCTIC apresente estudo sobre os fundos de telecom","author":{"@id":"https:\/\/www.jornalja.com.br\/arquivo\/author\/daredacao\/#author"},"publisher":{"@id":"https:\/\/www.jornalja.com.br\/arquivo\/#organization"},"image":{"@type":"ImageObject","url":"https:\/\/www.jornalja.com.br\/wp-content\/uploads\/cards\/JAslogan.png","@id":"https:\/\/www.jornalja.com.br\/arquivo\/#articleImage"},"datePublished":"2017-04-23T12:08:00-03:00","dateModified":"2017-04-23T12:08:00-03:00","inLanguage":"pt-BR","mainEntityOfPage":{"@id":"https:\/\/www.jornalja.com.br\/arquivo\/tcu-exige-que-o-mctic-apresente-estudo-sobre-os-fundos-de-telecom\/#webpage"},"isPartOf":{"@id":"https:\/\/www.jornalja.com.br\/arquivo\/tcu-exige-que-o-mctic-apresente-estudo-sobre-os-fundos-de-telecom\/#webpage"},"articleSection":"NOTAS"},{"@type":"BreadcrumbList","@id":"https:\/\/www.jornalja.com.br\/arquivo\/tcu-exige-que-o-mctic-apresente-estudo-sobre-os-fundos-de-telecom\/#breadcrumblist","itemListElement":[{"@type":"ListItem","@id":"https:\/\/www.jornalja.com.br\/arquivo#listItem","position":1,"name":"Home","item":"https:\/\/www.jornalja.com.br\/arquivo","nextItem":{"@type":"ListItem","@id":"https:\/\/www.jornalja.com.br\/arquivo\/category\/notas\/#listItem","name":"NOTAS"}},{"@type":"ListItem","@id":"https:\/\/www.jornalja.com.br\/arquivo\/category\/notas\/#listItem","position":2,"name":"NOTAS","item":"https:\/\/www.jornalja.com.br\/arquivo\/category\/notas\/","nextItem":{"@type":"ListItem","@id":"https:\/\/www.jornalja.com.br\/arquivo\/tcu-exige-que-o-mctic-apresente-estudo-sobre-os-fundos-de-telecom\/#listItem","name":"TCU exige que o MCTIC apresente estudo sobre os fundos de telecom"},"previousItem":{"@type":"ListItem","@id":"https:\/\/www.jornalja.com.br\/arquivo#listItem","name":"Home"}},{"@type":"ListItem","@id":"https:\/\/www.jornalja.com.br\/arquivo\/tcu-exige-que-o-mctic-apresente-estudo-sobre-os-fundos-de-telecom\/#listItem","position":3,"name":"TCU exige que o MCTIC apresente estudo sobre os fundos de telecom","previousItem":{"@type":"ListItem","@id":"https:\/\/www.jornalja.com.br\/arquivo\/category\/notas\/#listItem","name":"NOTAS"}}]},{"@type":"Organization","@id":"https:\/\/www.jornalja.com.br\/arquivo\/#organization","name":"Jornal J\u00c1","description":"Jornal J\u00c1 | Porto Alegre","url":"https:\/\/www.jornalja.com.br\/arquivo\/","telephone":"+555133307272","logo":{"@type":"ImageObject","url":"https:\/\/www.jornalja.com.br\/wp-content\/uploads\/cards\/JAslogan.png","@id":"https:\/\/www.jornalja.com.br\/arquivo\/tcu-exige-que-o-mctic-apresente-estudo-sobre-os-fundos-de-telecom\/#organizationLogo"},"image":{"@id":"https:\/\/www.jornalja.com.br\/arquivo\/tcu-exige-que-o-mctic-apresente-estudo-sobre-os-fundos-de-telecom\/#organizationLogo"}},{"@type":"Person","@id":"https:\/\/www.jornalja.com.br\/arquivo\/author\/daredacao\/#author","url":"https:\/\/www.jornalja.com.br\/arquivo\/author\/daredacao\/","name":"da Reda\u00e7\u00e3o","image":{"@type":"ImageObject","@id":"https:\/\/www.jornalja.com.br\/arquivo\/tcu-exige-que-o-mctic-apresente-estudo-sobre-os-fundos-de-telecom\/#authorImage","url":"https:\/\/secure.gravatar.com\/avatar\/469fd857d6605ad19919d27ed29d35a968a25f6e8fd9318356bbb7f57aae9c65?s=96&d=mm&r=g","width":96,"height":96,"caption":"da Reda\u00e7\u00e3o"}},{"@type":"WebPage","@id":"https:\/\/www.jornalja.com.br\/arquivo\/tcu-exige-que-o-mctic-apresente-estudo-sobre-os-fundos-de-telecom\/#webpage","url":"https:\/\/www.jornalja.com.br\/arquivo\/tcu-exige-que-o-mctic-apresente-estudo-sobre-os-fundos-de-telecom\/","name":"TCU exige que o MCTIC apresente estudo sobre os fundos de telecom | Arquivo","inLanguage":"pt-BR","isPartOf":{"@id":"https:\/\/www.jornalja.com.br\/arquivo\/#website"},"breadcrumb":{"@id":"https:\/\/www.jornalja.com.br\/arquivo\/tcu-exige-que-o-mctic-apresente-estudo-sobre-os-fundos-de-telecom\/#breadcrumblist"},"author":{"@id":"https:\/\/www.jornalja.com.br\/arquivo\/author\/daredacao\/#author"},"creator":{"@id":"https:\/\/www.jornalja.com.br\/arquivo\/author\/daredacao\/#author"},"datePublished":"2017-04-23T12:08:00-03:00","dateModified":"2017-04-23T12:08:00-03:00"},{"@type":"WebSite","@id":"https:\/\/www.jornalja.com.br\/arquivo\/#website","url":"https:\/\/www.jornalja.com.br\/arquivo\/","name":"Arquivo","description":"Jornal J\u00c1 | Porto Alegre","inLanguage":"pt-BR","publisher":{"@id":"https:\/\/www.jornalja.com.br\/arquivo\/#organization"}}]},"og:locale":"pt_BR","og:site_name":"Arquivo | Jornal J\u00c1 | Porto Alegre","og:type":"article","og:title":"TCU exige que o MCTIC apresente estudo sobre os fundos de telecom | Arquivo","og:url":"https:\/\/www.jornalja.com.br\/arquivo\/tcu-exige-que-o-mctic-apresente-estudo-sobre-os-fundos-de-telecom\/","og:image":"https:\/\/www.jornalja.com.br\/economics\/wp-content\/uploads\/sites\/11\/2026\/08\/ja-folhaderosto-facebook.jpg","og:image:secure_url":"https:\/\/www.jornalja.com.br\/economics\/wp-content\/uploads\/sites\/11\/2026\/08\/ja-folhaderosto-facebook.jpg","article:published_time":"2017-04-23T15:08:00+00:00","article:modified_time":"2017-04-23T15:08:00+00:00","twitter:card":"summary","twitter:title":"TCU exige que o MCTIC apresente estudo sobre os fundos de telecom | Arquivo","twitter:image":"https:\/\/www.jornalja.com.br\/economics\/wp-content\/uploads\/sites\/11\/2026\/08\/ja-folhaderosto-facebook.jpg"},"aioseo_meta_data":{"post_id":"47449","title":null,"description":null,"keywords":null,"keyphrases":null,"primary_term":null,"canonical_url":null,"og_title":null,"og_description":null,"og_object_type":"default","og_image_type":"default","og_image_url":null,"og_image_width":null,"og_image_height":null,"og_image_custom_url":null,"og_image_custom_fields":null,"og_video":null,"og_custom_url":null,"og_article_section":null,"og_article_tags":null,"twitter_use_og":false,"twitter_card":"default","twitter_image_type":"default","twitter_image_url":null,"twitter_image_custom_url":null,"twitter_image_custom_fields":null,"twitter_title":null,"twitter_description":null,"schema":{"blockGraphs":[],"customGraphs":[],"default":{"data":{"Article":[],"Course":[],"Dataset":[],"FAQPage":[],"Movie":[],"Person":[],"Product":[],"ProductReview":[],"Car":[],"Recipe":[],"Service":[],"SoftwareApplication":[],"WebPage":[]},"graphName":"","isEnabled":true},"graphs":[],"defaultGraph":"","defaultPostTypeGraph":""},"schema_type":null,"schema_type_options":null,"pillar_content":false,"robots_default":true,"robots_noindex":false,"robots_noarchive":false,"robots_nosnippet":false,"robots_nofollow":false,"robots_noimageindex":false,"robots_noodp":false,"robots_notranslate":false,"robots_max_snippet":null,"robots_max_videopreview":null,"robots_max_imagepreview":"large","priority":null,"frequency":null,"location":null,"local_seo":null,"breadcrumb_settings":null,"limit_modified_date":false,"ai":null,"created":"2020-12-20 20:35:51","updated":"2025-07-19 21:08:04","seo_analyzer_scan_date":null,"focus_keyword":null,"additional_keywords":null,"truseo_locale":null},"jetpack_sharing_enabled":true,"jetpack-related-posts":[{"id":13240,"url":"https:\/\/www.jornalja.com.br\/arquivo\/plano-diretor-estamos-construindo-o-caos\/","url_meta":{"origin":47449,"position":0},"title":"Plano diretor: &quot;Estamos construindo o caos&quot;","author":"Patr\u00edcia Marini","date":"26 de maio de 2014","format":false,"excerpt":"Desabafo que arquiteta Eliana Castilhos, delegada da Regi\u00e3o de Planejamento 1, postou nas redes sociais \u00e9 um testemunho do ambiente que se criou no Conselho do Plano Diretor de Porto Alegre, onde a aprova\u00e7\u00e3o de grandes empreendimentos \u00e9 empurrada guela abaixo dos conselheiros. Ao CMDUA Como delegada da Regi\u00e3o de\u2026","rel":"","context":"Em &quot;Geral&quot;","block_context":{"text":"Geral","link":"https:\/\/www.jornalja.com.br\/arquivo\/category\/geral\/"},"img":{"alt_text":"","src":"","width":0,"height":0},"classes":[]},{"id":5440,"url":"https:\/\/www.jornalja.com.br\/arquivo\/casarao-da-venancio-destino-permanece-incerto\/","url_meta":{"origin":47449,"position":1},"title":"Estado ainda n\u00e3o sabe o que fazer com casar\u00e3o abandonado h\u00e1 20 anos","author":"Elmar Bones","date":"6 de julho de 2009","format":false,"excerpt":"O casar\u00e3o amarelo, numa esquina nobre de Porto Alegre (Ven\u00e2ncio Aires com Jo\u00e3o Pessoa), j\u00e1 abrigou uma escola. H\u00e1 duas d\u00e9cadas, pelo menos, est\u00e1 abandonado, porque seu propriet\u00e1rio, o governo do Estado do Rio Grande do Sul, n\u00e3o consegue achar um destino para ele. Planos n\u00e3o faltaram. O governador Ol\u00edvio\u2026","rel":"","context":"Em &quot;X.Categorias velhas&quot;","block_context":{"text":"X.Categorias velhas","link":"https:\/\/www.jornalja.com.br\/arquivo\/category\/x-categorias-velhas\/"},"img":{"alt_text":"geraldo1","src":"https:\/\/i0.wp.com\/www.jornalja.com.br\/wp-content\/uploads\/2009\/07\/geraldo1.jpg?resize=350%2C200&ssl=1","width":350,"height":200},"classes":[]},{"id":13101,"url":"https:\/\/www.jornalja.com.br\/arquivo\/morre-um-guerreiro-do-texto\/","url_meta":{"origin":47449,"position":2},"title":"Morre um guerreiro do texto","author":"Patr\u00edcia Marini","date":"14 de maio de 2014","format":false,"excerpt":"Por Ricardo Kotscho Reproduzido do blog do autor, 11\/5\/2014; t\u00edtulo original \u201cE l\u00e1 se foi o nosso Myltainho, guerreiro do texto\u201d. Mi\u00fado e franzino, meu amigo Myltainho era um valente e inconformado guerreiro na luta contra as injusti\u00e7as sociais, a hipocrisia, as maracutaias, o autoritarismo, a intoler\u00e2ncia, a viol\u00eancia, o\u2026","rel":"","context":"Em &quot;Geral&quot;","block_context":{"text":"Geral","link":"https:\/\/www.jornalja.com.br\/arquivo\/category\/geral\/"},"img":{"alt_text":"","src":"","width":0,"height":0},"classes":[]},{"id":13109,"url":"https:\/\/www.jornalja.com.br\/arquivo\/judiciario-reconhece-poluicao-eletromagnetica\/","url_meta":{"origin":47449,"position":3},"title":"Judici\u00e1rio reconhece polui\u00e7\u00e3o eletromagn\u00e9tica","author":"Patr\u00edcia Marini","date":"16 de maio de 2014","format":false,"excerpt":"A\u00e7\u00e3o de duas associa\u00e7\u00f5es de moradores foi acolhida pelo Tribunal de Justi\u00e7a de S\u00e3o Paulo que. em decis\u00e3o in\u00e9dita, determinou a redu\u00e7\u00e3o do campo eletromagn\u00e9tico gerado pelas linhas de transmiss\u00e3o de energia que cortam os bairros City Boa\u00e7ava e Alto de Pinheiros. \u00c9 a primeira vez que um tribunal do\u2026","rel":"","context":"Em &quot;X.Categorias velhas&quot;","block_context":{"text":"X.Categorias velhas","link":"https:\/\/www.jornalja.com.br\/arquivo\/category\/x-categorias-velhas\/"},"img":{"alt_text":"","src":"","width":0,"height":0},"classes":[]},{"id":14241,"url":"https:\/\/www.jornalja.com.br\/arquivo\/o-guaiba-nas-imagens-poeticas-de-achutti\/","url_meta":{"origin":47449,"position":4},"title":"O Gua\u00edba nas imagens po\u00e9ticas de Achutti","author":"da Reda\u00e7\u00e3o","date":"18 de junho de 2014","format":false,"excerpt":"Em \u201cO Gua\u00edba por Achutti\u201d \u2013 obra financiada via Minist\u00e9rio da Cultura, produ\u00e7\u00e3o executiva de Pedro Longhi, e Fl\u00e1vio Wild como designer \u2013, o fot\u00f3grafo revela a beleza e as mazelas de um espa\u00e7o aqu\u00e1tico de \u00e1guas sempre renovadas, cheio de hist\u00f3rias e lendas como as das cidades que foram\u2026","rel":"","context":"Em &quot;Cultura-Geral&quot;","block_context":{"text":"Cultura-Geral","link":"https:\/\/www.jornalja.com.br\/arquivo\/category\/materiasecundaria\/"},"img":{"alt_text":"","src":"","width":0,"height":0},"classes":[]},{"id":13239,"url":"https:\/\/www.jornalja.com.br\/arquivo\/conselho-desdenha-do-plano-diretor\/","url_meta":{"origin":47449,"position":5},"title":"Porto Alegre: Conselho detona Plano Diretor","author":"Patr\u00edcia Marini","date":"25 de maio de 2014","format":false,"excerpt":"Den\u00fancia do arquiteto e \u00a0urbanista Ibir\u00e1 Santos Lucas. Ele diz que os conselheiros est\u00e3o votando com \"enorme irresponsabilidade\". \"Mudam regime com a maior naturalidade,,,regularizam absurdos de constru\u00e7\u00f5es irregulares... \"O CMDUA est\u00e1 flexibilizando a lei do plano diretor, de uma forma impactante na vida da cidade. Mudam regime com a maior\u2026","rel":"","context":"Em &quot;Geral&quot;","block_context":{"text":"Geral","link":"https:\/\/www.jornalja.com.br\/arquivo\/category\/geral\/"},"img":{"alt_text":"","src":"","width":0,"height":0},"classes":[]}],"jetpack_shortlink":"https:\/\/wp.me\/pbQjBd-clj","jetpack_featured_media_url":"","_links":{"self":[{"href":"https:\/\/www.jornalja.com.br\/arquivo\/wp-json\/wp\/v2\/posts\/47449","targetHints":{"allow":["GET"]}}],"collection":[{"href":"https:\/\/www.jornalja.com.br\/arquivo\/wp-json\/wp\/v2\/posts"}],"about":[{"href":"https:\/\/www.jornalja.com.br\/arquivo\/wp-json\/wp\/v2\/types\/post"}],"author":[{"embeddable":true,"href":"https:\/\/www.jornalja.com.br\/arquivo\/wp-json\/wp\/v2\/users\/4"}],"replies":[{"embeddable":true,"href":"https:\/\/www.jornalja.com.br\/arquivo\/wp-json\/wp\/v2\/comments?post=47449"}],"version-history":[{"count":0,"href":"https:\/\/www.jornalja.com.br\/arquivo\/wp-json\/wp\/v2\/posts\/47449\/revisions"}],"wp:attachment":[{"href":"https:\/\/www.jornalja.com.br\/arquivo\/wp-json\/wp\/v2\/media?parent=47449"}],"wp:term":[{"taxonomy":"category","embeddable":true,"href":"https:\/\/www.jornalja.com.br\/arquivo\/wp-json\/wp\/v2\/categories?post=47449"},{"taxonomy":"post_tag","embeddable":true,"href":"https:\/\/www.jornalja.com.br\/arquivo\/wp-json\/wp\/v2\/tags?post=47449"}],"curies":[{"name":"wp","href":"https:\/\/api.w.org\/{rel}","templated":true}]}}