{"id":47507,"date":"2017-04-24T19:24:35","date_gmt":"2017-04-24T22:24:35","guid":{"rendered":"https:\/\/www.jornalja.com.br\/?p=47507"},"modified":"2017-04-24T19:24:35","modified_gmt":"2017-04-24T22:24:35","slug":"comida-di-buteco-tem-pratos-especiais-em-17-bares-de-porto-alegre","status":"publish","type":"post","link":"https:\/\/www.jornalja.com.br\/arquivo\/comida-di-buteco-tem-pratos-especiais-em-17-bares-de-porto-alegre\/","title":{"rendered":"&quot;Comida di Buteco&quot; tem pratos especiais em 17 bares de Porto Alegre"},"content":{"rendered":"<p>Dezessete bares de Porto Alegre apresentam pratos especiais at\u00e9 o dia 14 de maio para a competi\u00e7\u00e3o do concurso \u201cComida di Buteco\u201d. Nesta edi\u00e7\u00e3o, os bares preparam receitas \u00e0 base de cereais, com custo de at\u00e9 R$ 25,90. Os clientes e um corpo de jurados participam da vota\u00e7\u00e3o que define o melhor prato da capital. Na segunda etapa, um corpo de jurados visitar\u00e1 os campe\u00f5es das vinte cidades em que o concurso acontece para escolher o vencedor nacional.<br \/>\nAl\u00e9m do prato principal, que contempla 70% da nota, a qualidade do atendimento, a higiene do local e a temperatura da bebida tamb\u00e9m s\u00e3o avaliadas e t\u00eam o peso de 10% cada. O cliente que provar o petisco recebe uma c\u00e9dula de vota\u00e7\u00e3o. Cada crit\u00e9rio \u00e9 avaliado com nota de 0 a 10, sendo poss\u00edvel votar apenas uma vez em cada estabelecimento.<br \/>\nNa edi\u00e7\u00e3o anterior\u00a0em Porto Alegre, somente nos primeiros vinte dias o concurso gerou cerca de 30% de aumento no faturamento dos bares participantes. O \u201cComida di Buteco\u201d teve sua primeira edi\u00e7\u00e3o em 2000, em Minas Gerais, lan\u00e7ado com apoio da R\u00e1dio Gerais. Em sua primeira edi\u00e7\u00e3o, o concurso reuniu dez estabelecimentos.<br \/>\n<strong>Veja os estabelecimentos participantes em Porto Alegre<\/strong><br \/>\n<strong>Anticu\u00e1rio Restobar<\/strong><br \/>\nPetisco: Tabule &#8211; Burgol (trigo mo\u00eddo) cebola, tomate, tempero verde, cebola de \u201cverdeo\u201d, lim\u00e3o, sal, azeite de oliva, acompanha p\u00e3es \u00e1rabe.<br \/>\nRua General Lima e Silva, 985, loja 02 \u2013 Cidade Baixa \/ Hor\u00e1rio de funcionamento: de segunda a sexta das 18h \u00e0s 01h. S\u00e1bados das 19h \u00e0s 02h.<br \/>\n<strong>Bar Chopp Petiscos<\/strong><br \/>\nPetisco: Bolinho Longa Vida &#8211; Bolinho de Bacalhau Funcional.<br \/>\nRua Mal. Floriano Peixoto, 387 &#8211; Centro Hist\u00f3rico \/ Hor\u00e1rio de funcionamento: de segunda a sexta das 09h \u00e0s 22h. S\u00e1bados das 09h \u00e0s 18h.<br \/>\n<strong>Bella Dora<\/strong><br \/>\nPetisco: Bolinho Dona Narcisa &#8211; Bolinho de arroz 7 gr\u00e3os, recheado com queijo coalho. Acompanha molho remolhado.<br \/>\nAvenida Gua\u00edba, 10748 \u2013 Ipanema \/ Hor\u00e1rio de funcionamento: de segunda a sexta das 15h \u00e0s 23h. S\u00e1bados e domingos das 12h \u00e0s 00h.<br \/>\n<strong>Brech\u00f3 do futebol<\/strong><br \/>\nPetisco: Ki Chute &#8211; Mini torta de milho assada: 2 recheadas com espinafre ricota e cebola coverta com confit de alho. 2 recheadas com frango e requeij\u00e3o cobertas com chutney.<br \/>\nRua Fernando Machado, 1188 \u2013 Centro \/ Hor\u00e1rio de funcionamento: de segunda a sexta das 18h \u00e0s 00h. S\u00e1bados e domingos das 16h \u00e0s 00h.<br \/>\n<strong>El Farol<\/strong><br \/>\nPetisco: La Milonga &#8211; Massa de farinha de trigo e aveia recheada com sabores da casa.<br \/>\nRua Mariante, 855 &#8211; Rio Branco \/ Hor\u00e1rio de funcionamento: de ter\u00e7a a domingo das 18h30 \u00e0 00h.<br \/>\n<strong>Lipe Bar<\/strong><br \/>\nPetisco: Bolinho n\u2019aveia &#8211; Bolinho de carne empanado na aveia, no ovo e na farinha de rosca com cama de anel de cebola com molho temperado (linha\u00e7a dourada) da casa.<br \/>\nRua Felipe Camar\u00e3o, 624 \u2013 Rio Branco \/ Hor\u00e1rio de funcionamento: de segunda a s\u00e1bado das 16h \u00e0 00h.<br \/>\n<strong>Lourival Bar<\/strong><br \/>\nPetisco: Trio Panelinhas &#8211; Tr\u00eas cestinhas de flocos de milho: uma recheada com frango e catupiry, outra recheada com carne de panela e outra recheada com espinafre e ricota.<br \/>\nRua Vinte e Quatro de Outubro, 1624 \u2013 Auxiliadora \/ Hor\u00e1rio de funcionamento: de segunda a s\u00e1bado das 18h \u00e0 01h.<br \/>\n<strong>Mao Sut<\/strong><br \/>\nPetisco: Lha Li Kai &#8211; Sandu\u00edche de p\u00e3o chato artesanal com chia, salada de acelga e repolho roxo, maionese de coco e coentro, ervas frescas (hortel\u00e3, manjeric\u00e3o, cebolinha, nir\u00e1 e coentro), caramelo salgado e frango \u00a0defumado artesanalmente levemente picante.<br \/>\nRua Ramiro Barcelos, 1374 \u2013 Independ\u00eancia \/ Hor\u00e1rio de funcionamento: de ter\u00e7a a s\u00e1bado das 18h \u00e0s 23h30<br \/>\n<strong>Mariu&#8217;s<\/strong><br \/>\nPetisco: Bruschettas Portuguesas &#8211; Carne de panela desfiada com cebola caramelada. Acompanha fatias de p\u00e3es levemente torrados.<br \/>\nAvenida Oswaldo Aranha, 228 &#8211; Bom Fim \/ Hor\u00e1rio de funcionamento: de segunda a sexta das 07h30 \u00e0s 00h e s\u00e1bado das 09h30 \u00e0s 15h e 18h \u00e0s 23h.<br \/>\n<strong>Mercado do Chopp<\/strong><br \/>\nPetisco: Crocante de Camar\u00e3o &#8211; Rolinhos de camar\u00e3o, acompanhados com molho de pimenta e cacha\u00e7a, sweet chilli e molho rose.<br \/>\nAv. Mariland, 1676 &#8211; Mont&#8217;Serrat \/ Hor\u00e1rio de funcionamento: de segunda a s\u00e1bado das 18h \u00e0 01h.<br \/>\n<strong>Pinga Brasil<\/strong><br \/>\nPetisco: Costelinha Pinga Brasil &#8211; Costelinha de Porco na cerveja preta, acompanha polenta chips e molho barbecue.<br \/>\nAv. do Forte, 1347 &#8211; Vila Ipiranga \/ Hor\u00e1rio de funcionamento: de ter\u00e7a a quinta das 18h \u00e0 01h. Sexta e s\u00e1bado das 19h \u00e0s 04h.<br \/>\n<strong>Porto Carioca<\/strong><br \/>\nPetisco: Alfajor Salgado &#8211; Alfajor empanado feito com biscoito salgado e requeij\u00e3o, recheado com azeitona, cebola crispy, queijo brie e salame.<br \/>\nRua da Rep\u00fablica, 188 &#8211; Cidade Baixa \/ Hor\u00e1rio de funcionamento: de segunda a segunda das 18h \u00e0 01h.<br \/>\n<strong>Posta del Diablo<\/strong><br \/>\nPetisco: Iscas Posta del Diablo &#8211; Alcatra ao molho de cerveja preta, acompanha polenta frita e molho chimichurri.<br \/>\nRua General Lima e Silva, 587 &#8211; Cidade Baixa \/ Hor\u00e1rio de funcionamento: de ter\u00e7a a domingo das 18h \u00e0s 02h.<br \/>\n<strong>Snoopy Bar<\/strong><br \/>\nPetisco: Bauru tradicional de Contrafil\u00e9 &#8211; Bauru tradicional de Contrafil\u00e9 servido em 4 partes.<br \/>\nAv. Prot\u00e1sio Alves, 1811 \u2013 Petr\u00f3polis \/ Hor\u00e1rio de funcionamento: de segunda a sexta das 17h \u00e0s 23h30.<br \/>\n<strong>Tapas Bar<\/strong><br \/>\nPetisco: Palitinhos de Frango &#8211; Cubos de peito de frango envoltos em molho branco e empanados com gergelim e linha\u00e7a.<br \/>\nRua da Rep\u00fablica, 30 &#8211; Cidade Baixa \/ Hor\u00e1rio de funcionamento: de segunda a quinta das 17h \u00e0s 00h. Sextas e s\u00e1bados das 17h \u00e0s 02h. Domingos das 17h \u00e0s 00h.<br \/>\n<strong>Tempero Rosa<\/strong><br \/>\nPetisco: Pancho &#8211; Pancho acompanha molhos de pimenta, mostarda e chimichurri.<br \/>\nRua Visconde do Rio Branco, 555 \u2013 Floresta \/ Hor\u00e1rio de funcionamento: de segunda a sexta das 17h \u00e0s 00h.<br \/>\n<strong>Tuim<\/strong><br \/>\nPetisco: Navegar \u00e9 preciso &#8211; Bacalhau \u00e0s natas com lula defumada, gratinado com torradinhas e parmes\u00e3o.<br \/>\nRua General C\u00e2mara, 333 &#8211; Centro Hist\u00f3rico \/ Hor\u00e1rio de funcionamento: de segunda a sexta das 11h \u00e0s 21h.<\/p>\n","protected":false},"excerpt":{"rendered":"<p>Dezessete bares de Porto Alegre apresentam pratos especiais at\u00e9 o dia 14 de maio para a competi\u00e7\u00e3o do concurso \u201cComida di Buteco\u201d. Nesta edi\u00e7\u00e3o, os bares preparam receitas \u00e0 base de cereais, com custo de at\u00e9 R$ 25,90. Os clientes e um corpo de jurados participam da vota\u00e7\u00e3o que define o melhor prato da capital. [&hellip;]<\/p>\n","protected":false},"author":4,"featured_media":47510,"comment_status":"open","ping_status":"closed","sticky":false,"template":"","format":"standard","meta":{"_jetpack_newsletter_access":"","_jetpack_dont_email_post_to_subs":false,"_jetpack_newsletter_tier_id":0,"_jetpack_memberships_contains_paywalled_content":false,"_jetpack_feature_clip_id":0,"_jetpack_memberships_contains_paid_content":false,"footnotes":"","jetpack_post_was_ever_published":false},"categories":[26],"tags":[],"class_list":["post-47507","post","type-post","status-publish","format-standard","has-post-thumbnail","hentry","category-geral"],"aioseo_notices":[],"aioseo_head":"\n\t\t<!-- All in One SEO 5.0.1.1 - aioseo.com -->\n\t<meta name=\"robots\" content=\"max-image-preview:large\" \/>\n\t<meta name=\"author\" content=\"da Reda\u00e7\u00e3o\"\/>\n\t<link rel=\"canonical\" href=\"https:\/\/www.jornalja.com.br\/arquivo\/comida-di-buteco-tem-pratos-especiais-em-17-bares-de-porto-alegre\/\" \/>\n\t<meta name=\"generator\" content=\"All in One SEO (AIOSEO) 5.0.1.1\" \/>\n\t\t<meta property=\"og:locale\" content=\"pt_BR\" \/>\n\t\t<meta property=\"og:site_name\" content=\"Arquivo | Jornal J\u00c1 | Porto Alegre\" \/>\n\t\t<meta property=\"og:type\" content=\"article\" \/>\n\t\t<meta property=\"og:title\" content=\"&quot;Comida di Buteco&quot; tem pratos especiais em 17 bares de Porto Alegre | Arquivo\" \/>\n\t\t<meta property=\"og:url\" content=\"https:\/\/www.jornalja.com.br\/arquivo\/comida-di-buteco-tem-pratos-especiais-em-17-bares-de-porto-alegre\/\" \/>\n\t\t<meta property=\"og:image\" content=\"https:\/\/www.jornalja.com.br\/economics\/wp-content\/uploads\/sites\/11\/2026\/08\/ja-folhaderosto-facebook.jpg\" \/>\n\t\t<meta property=\"og:image:secure_url\" content=\"https:\/\/www.jornalja.com.br\/economics\/wp-content\/uploads\/sites\/11\/2026\/08\/ja-folhaderosto-facebook.jpg\" \/>\n\t\t<meta property=\"article:published_time\" content=\"2017-04-24T22:24:35+00:00\" \/>\n\t\t<meta property=\"article:modified_time\" content=\"2017-04-24T22:24:35+00:00\" \/>\n\t\t<meta name=\"twitter:card\" content=\"summary\" \/>\n\t\t<meta name=\"twitter:title\" content=\"&quot;Comida di Buteco&quot; tem pratos especiais em 17 bares de Porto Alegre | Arquivo\" \/>\n\t\t<meta name=\"twitter:image\" content=\"https:\/\/www.jornalja.com.br\/economics\/wp-content\/uploads\/sites\/11\/2026\/08\/ja-folhaderosto-facebook.jpg\" \/>\n\t\t<script type=\"application\/ld+json\" class=\"aioseo-schema\">\n\t\t\t{\"@context\":\"https:\\\/\\\/schema.org\",\"@graph\":[{\"@type\":\"BlogPosting\",\"@id\":\"https:\\\/\\\/www.jornalja.com.br\\\/arquivo\\\/comida-di-buteco-tem-pratos-especiais-em-17-bares-de-porto-alegre\\\/#blogposting\",\"name\":\"\\\"Comida di Buteco\\\" tem pratos especiais em 17 bares de Porto Alegre | Arquivo\",\"headline\":\"&quot;Comida di Buteco&quot; tem pratos especiais em 17 bares de Porto Alegre\",\"author\":{\"@id\":\"https:\\\/\\\/www.jornalja.com.br\\\/arquivo\\\/author\\\/daredacao\\\/#author\"},\"publisher\":{\"@id\":\"https:\\\/\\\/www.jornalja.com.br\\\/arquivo\\\/#organization\"},\"image\":{\"@type\":\"ImageObject\",\"url\":47510},\"datePublished\":\"2017-04-24T19:24:35-03:00\",\"dateModified\":\"2017-04-24T19:24:35-03:00\",\"inLanguage\":\"pt-BR\",\"mainEntityOfPage\":{\"@id\":\"https:\\\/\\\/www.jornalja.com.br\\\/arquivo\\\/comida-di-buteco-tem-pratos-especiais-em-17-bares-de-porto-alegre\\\/#webpage\"},\"isPartOf\":{\"@id\":\"https:\\\/\\\/www.jornalja.com.br\\\/arquivo\\\/comida-di-buteco-tem-pratos-especiais-em-17-bares-de-porto-alegre\\\/#webpage\"},\"articleSection\":\"Geral\"},{\"@type\":\"BreadcrumbList\",\"@id\":\"https:\\\/\\\/www.jornalja.com.br\\\/arquivo\\\/comida-di-buteco-tem-pratos-especiais-em-17-bares-de-porto-alegre\\\/#breadcrumblist\",\"itemListElement\":[{\"@type\":\"ListItem\",\"@id\":\"https:\\\/\\\/www.jornalja.com.br\\\/arquivo#listItem\",\"position\":1,\"name\":\"Home\",\"item\":\"https:\\\/\\\/www.jornalja.com.br\\\/arquivo\",\"nextItem\":{\"@type\":\"ListItem\",\"@id\":\"https:\\\/\\\/www.jornalja.com.br\\\/arquivo\\\/category\\\/geral\\\/#listItem\",\"name\":\"Geral\"}},{\"@type\":\"ListItem\",\"@id\":\"https:\\\/\\\/www.jornalja.com.br\\\/arquivo\\\/category\\\/geral\\\/#listItem\",\"position\":2,\"name\":\"Geral\",\"item\":\"https:\\\/\\\/www.jornalja.com.br\\\/arquivo\\\/category\\\/geral\\\/\",\"nextItem\":{\"@type\":\"ListItem\",\"@id\":\"https:\\\/\\\/www.jornalja.com.br\\\/arquivo\\\/comida-di-buteco-tem-pratos-especiais-em-17-bares-de-porto-alegre\\\/#listItem\",\"name\":\"&quot;Comida di Buteco&quot; tem pratos especiais em 17 bares de Porto Alegre\"},\"previousItem\":{\"@type\":\"ListItem\",\"@id\":\"https:\\\/\\\/www.jornalja.com.br\\\/arquivo#listItem\",\"name\":\"Home\"}},{\"@type\":\"ListItem\",\"@id\":\"https:\\\/\\\/www.jornalja.com.br\\\/arquivo\\\/comida-di-buteco-tem-pratos-especiais-em-17-bares-de-porto-alegre\\\/#listItem\",\"position\":3,\"name\":\"&quot;Comida di Buteco&quot; tem pratos especiais em 17 bares de Porto Alegre\",\"previousItem\":{\"@type\":\"ListItem\",\"@id\":\"https:\\\/\\\/www.jornalja.com.br\\\/arquivo\\\/category\\\/geral\\\/#listItem\",\"name\":\"Geral\"}}]},{\"@type\":\"Organization\",\"@id\":\"https:\\\/\\\/www.jornalja.com.br\\\/arquivo\\\/#organization\",\"name\":\"Jornal J\\u00c1\",\"description\":\"Jornal J\\u00c1 | Porto Alegre\",\"url\":\"https:\\\/\\\/www.jornalja.com.br\\\/arquivo\\\/\",\"telephone\":\"+555133307272\",\"logo\":{\"@type\":\"ImageObject\",\"url\":\"https:\\\/\\\/www.jornalja.com.br\\\/wp-content\\\/uploads\\\/cards\\\/JAslogan.png\",\"@id\":\"https:\\\/\\\/www.jornalja.com.br\\\/arquivo\\\/comida-di-buteco-tem-pratos-especiais-em-17-bares-de-porto-alegre\\\/#organizationLogo\"},\"image\":{\"@id\":\"https:\\\/\\\/www.jornalja.com.br\\\/arquivo\\\/comida-di-buteco-tem-pratos-especiais-em-17-bares-de-porto-alegre\\\/#organizationLogo\"}},{\"@type\":\"Person\",\"@id\":\"https:\\\/\\\/www.jornalja.com.br\\\/arquivo\\\/author\\\/daredacao\\\/#author\",\"url\":\"https:\\\/\\\/www.jornalja.com.br\\\/arquivo\\\/author\\\/daredacao\\\/\",\"name\":\"da Reda\\u00e7\\u00e3o\",\"image\":{\"@type\":\"ImageObject\",\"@id\":\"https:\\\/\\\/www.jornalja.com.br\\\/arquivo\\\/comida-di-buteco-tem-pratos-especiais-em-17-bares-de-porto-alegre\\\/#authorImage\",\"url\":\"https:\\\/\\\/secure.gravatar.com\\\/avatar\\\/469fd857d6605ad19919d27ed29d35a968a25f6e8fd9318356bbb7f57aae9c65?s=96&d=mm&r=g\",\"width\":96,\"height\":96,\"caption\":\"da Reda\\u00e7\\u00e3o\"}},{\"@type\":\"WebPage\",\"@id\":\"https:\\\/\\\/www.jornalja.com.br\\\/arquivo\\\/comida-di-buteco-tem-pratos-especiais-em-17-bares-de-porto-alegre\\\/#webpage\",\"url\":\"https:\\\/\\\/www.jornalja.com.br\\\/arquivo\\\/comida-di-buteco-tem-pratos-especiais-em-17-bares-de-porto-alegre\\\/\",\"name\":\"\\\"Comida di Buteco\\\" tem pratos especiais em 17 bares de Porto Alegre | Arquivo\",\"inLanguage\":\"pt-BR\",\"isPartOf\":{\"@id\":\"https:\\\/\\\/www.jornalja.com.br\\\/arquivo\\\/#website\"},\"breadcrumb\":{\"@id\":\"https:\\\/\\\/www.jornalja.com.br\\\/arquivo\\\/comida-di-buteco-tem-pratos-especiais-em-17-bares-de-porto-alegre\\\/#breadcrumblist\"},\"author\":{\"@id\":\"https:\\\/\\\/www.jornalja.com.br\\\/arquivo\\\/author\\\/daredacao\\\/#author\"},\"creator\":{\"@id\":\"https:\\\/\\\/www.jornalja.com.br\\\/arquivo\\\/author\\\/daredacao\\\/#author\"},\"image\":{\"@type\":\"ImageObject\",\"url\":47510,\"@id\":\"https:\\\/\\\/www.jornalja.com.br\\\/arquivo\\\/comida-di-buteco-tem-pratos-especiais-em-17-bares-de-porto-alegre\\\/#mainImage\"},\"primaryImageOfPage\":{\"@id\":\"https:\\\/\\\/www.jornalja.com.br\\\/arquivo\\\/comida-di-buteco-tem-pratos-especiais-em-17-bares-de-porto-alegre\\\/#mainImage\"},\"datePublished\":\"2017-04-24T19:24:35-03:00\",\"dateModified\":\"2017-04-24T19:24:35-03:00\"},{\"@type\":\"WebSite\",\"@id\":\"https:\\\/\\\/www.jornalja.com.br\\\/arquivo\\\/#website\",\"url\":\"https:\\\/\\\/www.jornalja.com.br\\\/arquivo\\\/\",\"name\":\"Arquivo\",\"description\":\"Jornal J\\u00c1 | Porto Alegre\",\"inLanguage\":\"pt-BR\",\"publisher\":{\"@id\":\"https:\\\/\\\/www.jornalja.com.br\\\/arquivo\\\/#organization\"}}]}\n\t\t<\/script>\n\t\t<!-- All in One SEO -->\n\n","aioseo_head_json":{"title":"\"Comida di Buteco\" tem pratos especiais em 17 bares de Porto Alegre | Arquivo","description":"","canonical_url":"https:\/\/www.jornalja.com.br\/arquivo\/comida-di-buteco-tem-pratos-especiais-em-17-bares-de-porto-alegre\/","robots":"max-image-preview:large","keywords":"","webmasterTools":{"miscellaneous":""},"schema":{"@context":"https:\/\/schema.org","@graph":[{"@type":"BlogPosting","@id":"https:\/\/www.jornalja.com.br\/arquivo\/comida-di-buteco-tem-pratos-especiais-em-17-bares-de-porto-alegre\/#blogposting","name":"\"Comida di Buteco\" tem pratos especiais em 17 bares de Porto Alegre | Arquivo","headline":"&quot;Comida di Buteco&quot; tem pratos especiais em 17 bares de Porto Alegre","author":{"@id":"https:\/\/www.jornalja.com.br\/arquivo\/author\/daredacao\/#author"},"publisher":{"@id":"https:\/\/www.jornalja.com.br\/arquivo\/#organization"},"image":{"@type":"ImageObject","url":47510},"datePublished":"2017-04-24T19:24:35-03:00","dateModified":"2017-04-24T19:24:35-03:00","inLanguage":"pt-BR","mainEntityOfPage":{"@id":"https:\/\/www.jornalja.com.br\/arquivo\/comida-di-buteco-tem-pratos-especiais-em-17-bares-de-porto-alegre\/#webpage"},"isPartOf":{"@id":"https:\/\/www.jornalja.com.br\/arquivo\/comida-di-buteco-tem-pratos-especiais-em-17-bares-de-porto-alegre\/#webpage"},"articleSection":"Geral"},{"@type":"BreadcrumbList","@id":"https:\/\/www.jornalja.com.br\/arquivo\/comida-di-buteco-tem-pratos-especiais-em-17-bares-de-porto-alegre\/#breadcrumblist","itemListElement":[{"@type":"ListItem","@id":"https:\/\/www.jornalja.com.br\/arquivo#listItem","position":1,"name":"Home","item":"https:\/\/www.jornalja.com.br\/arquivo","nextItem":{"@type":"ListItem","@id":"https:\/\/www.jornalja.com.br\/arquivo\/category\/geral\/#listItem","name":"Geral"}},{"@type":"ListItem","@id":"https:\/\/www.jornalja.com.br\/arquivo\/category\/geral\/#listItem","position":2,"name":"Geral","item":"https:\/\/www.jornalja.com.br\/arquivo\/category\/geral\/","nextItem":{"@type":"ListItem","@id":"https:\/\/www.jornalja.com.br\/arquivo\/comida-di-buteco-tem-pratos-especiais-em-17-bares-de-porto-alegre\/#listItem","name":"&quot;Comida di Buteco&quot; tem pratos especiais em 17 bares de Porto Alegre"},"previousItem":{"@type":"ListItem","@id":"https:\/\/www.jornalja.com.br\/arquivo#listItem","name":"Home"}},{"@type":"ListItem","@id":"https:\/\/www.jornalja.com.br\/arquivo\/comida-di-buteco-tem-pratos-especiais-em-17-bares-de-porto-alegre\/#listItem","position":3,"name":"&quot;Comida di Buteco&quot; tem pratos especiais em 17 bares de Porto Alegre","previousItem":{"@type":"ListItem","@id":"https:\/\/www.jornalja.com.br\/arquivo\/category\/geral\/#listItem","name":"Geral"}}]},{"@type":"Organization","@id":"https:\/\/www.jornalja.com.br\/arquivo\/#organization","name":"Jornal J\u00c1","description":"Jornal J\u00c1 | Porto Alegre","url":"https:\/\/www.jornalja.com.br\/arquivo\/","telephone":"+555133307272","logo":{"@type":"ImageObject","url":"https:\/\/www.jornalja.com.br\/wp-content\/uploads\/cards\/JAslogan.png","@id":"https:\/\/www.jornalja.com.br\/arquivo\/comida-di-buteco-tem-pratos-especiais-em-17-bares-de-porto-alegre\/#organizationLogo"},"image":{"@id":"https:\/\/www.jornalja.com.br\/arquivo\/comida-di-buteco-tem-pratos-especiais-em-17-bares-de-porto-alegre\/#organizationLogo"}},{"@type":"Person","@id":"https:\/\/www.jornalja.com.br\/arquivo\/author\/daredacao\/#author","url":"https:\/\/www.jornalja.com.br\/arquivo\/author\/daredacao\/","name":"da Reda\u00e7\u00e3o","image":{"@type":"ImageObject","@id":"https:\/\/www.jornalja.com.br\/arquivo\/comida-di-buteco-tem-pratos-especiais-em-17-bares-de-porto-alegre\/#authorImage","url":"https:\/\/secure.gravatar.com\/avatar\/469fd857d6605ad19919d27ed29d35a968a25f6e8fd9318356bbb7f57aae9c65?s=96&d=mm&r=g","width":96,"height":96,"caption":"da Reda\u00e7\u00e3o"}},{"@type":"WebPage","@id":"https:\/\/www.jornalja.com.br\/arquivo\/comida-di-buteco-tem-pratos-especiais-em-17-bares-de-porto-alegre\/#webpage","url":"https:\/\/www.jornalja.com.br\/arquivo\/comida-di-buteco-tem-pratos-especiais-em-17-bares-de-porto-alegre\/","name":"\"Comida di Buteco\" tem pratos especiais em 17 bares de Porto Alegre | Arquivo","inLanguage":"pt-BR","isPartOf":{"@id":"https:\/\/www.jornalja.com.br\/arquivo\/#website"},"breadcrumb":{"@id":"https:\/\/www.jornalja.com.br\/arquivo\/comida-di-buteco-tem-pratos-especiais-em-17-bares-de-porto-alegre\/#breadcrumblist"},"author":{"@id":"https:\/\/www.jornalja.com.br\/arquivo\/author\/daredacao\/#author"},"creator":{"@id":"https:\/\/www.jornalja.com.br\/arquivo\/author\/daredacao\/#author"},"image":{"@type":"ImageObject","url":47510,"@id":"https:\/\/www.jornalja.com.br\/arquivo\/comida-di-buteco-tem-pratos-especiais-em-17-bares-de-porto-alegre\/#mainImage"},"primaryImageOfPage":{"@id":"https:\/\/www.jornalja.com.br\/arquivo\/comida-di-buteco-tem-pratos-especiais-em-17-bares-de-porto-alegre\/#mainImage"},"datePublished":"2017-04-24T19:24:35-03:00","dateModified":"2017-04-24T19:24:35-03:00"},{"@type":"WebSite","@id":"https:\/\/www.jornalja.com.br\/arquivo\/#website","url":"https:\/\/www.jornalja.com.br\/arquivo\/","name":"Arquivo","description":"Jornal J\u00c1 | Porto Alegre","inLanguage":"pt-BR","publisher":{"@id":"https:\/\/www.jornalja.com.br\/arquivo\/#organization"}}]},"og:locale":"pt_BR","og:site_name":"Arquivo | Jornal J\u00c1 | Porto Alegre","og:type":"article","og:title":"&quot;Comida di Buteco&quot; tem pratos especiais em 17 bares de Porto Alegre | Arquivo","og:url":"https:\/\/www.jornalja.com.br\/arquivo\/comida-di-buteco-tem-pratos-especiais-em-17-bares-de-porto-alegre\/","og:image":"https:\/\/www.jornalja.com.br\/economics\/wp-content\/uploads\/sites\/11\/2026\/08\/ja-folhaderosto-facebook.jpg","og:image:secure_url":"https:\/\/www.jornalja.com.br\/economics\/wp-content\/uploads\/sites\/11\/2026\/08\/ja-folhaderosto-facebook.jpg","article:published_time":"2017-04-24T22:24:35+00:00","article:modified_time":"2017-04-24T22:24:35+00:00","twitter:card":"summary","twitter:title":"&quot;Comida di Buteco&quot; tem pratos especiais em 17 bares de Porto Alegre | Arquivo","twitter:image":"https:\/\/www.jornalja.com.br\/economics\/wp-content\/uploads\/sites\/11\/2026\/08\/ja-folhaderosto-facebook.jpg"},"aioseo_meta_data":{"post_id":"47507","title":null,"description":null,"keywords":null,"keyphrases":null,"primary_term":null,"canonical_url":null,"og_title":null,"og_description":null,"og_object_type":"default","og_image_type":"default","og_image_url":null,"og_image_width":null,"og_image_height":null,"og_image_custom_url":null,"og_image_custom_fields":null,"og_video":null,"og_custom_url":null,"og_article_section":null,"og_article_tags":null,"twitter_use_og":false,"twitter_card":"default","twitter_image_type":"default","twitter_image_url":null,"twitter_image_custom_url":null,"twitter_image_custom_fields":null,"twitter_title":null,"twitter_description":null,"schema":{"blockGraphs":[],"customGraphs":[],"default":{"data":{"Article":[],"Course":[],"Dataset":[],"FAQPage":[],"Movie":[],"Person":[],"Product":[],"ProductReview":[],"Car":[],"Recipe":[],"Service":[],"SoftwareApplication":[],"WebPage":[]},"graphName":"","isEnabled":true},"graphs":[],"defaultGraph":"","defaultPostTypeGraph":""},"schema_type":null,"schema_type_options":null,"pillar_content":false,"robots_default":true,"robots_noindex":false,"robots_noarchive":false,"robots_nosnippet":false,"robots_nofollow":false,"robots_noimageindex":false,"robots_noodp":false,"robots_notranslate":false,"robots_max_snippet":null,"robots_max_videopreview":null,"robots_max_imagepreview":"large","priority":null,"frequency":null,"location":null,"local_seo":null,"breadcrumb_settings":null,"limit_modified_date":false,"ai":null,"created":"2020-12-20 20:35:51","updated":"2025-07-19 21:09:32","seo_analyzer_scan_date":null,"focus_keyword":null,"additional_keywords":null,"truseo_locale":null},"jetpack_sharing_enabled":true,"jetpack-related-posts":[{"id":14241,"url":"https:\/\/www.jornalja.com.br\/arquivo\/o-guaiba-nas-imagens-poeticas-de-achutti\/","url_meta":{"origin":47507,"position":0},"title":"O Gua\u00edba nas imagens po\u00e9ticas de Achutti","author":"da Reda\u00e7\u00e3o","date":"18 de junho de 2014","format":false,"excerpt":"Em \u201cO Gua\u00edba por Achutti\u201d \u2013 obra financiada via Minist\u00e9rio da Cultura, produ\u00e7\u00e3o executiva de Pedro Longhi, e Fl\u00e1vio Wild como designer \u2013, o fot\u00f3grafo revela a beleza e as mazelas de um espa\u00e7o aqu\u00e1tico de \u00e1guas sempre renovadas, cheio de hist\u00f3rias e lendas como as das cidades que foram\u2026","rel":"","context":"Em &quot;Cultura-Geral&quot;","block_context":{"text":"Cultura-Geral","link":"https:\/\/www.jornalja.com.br\/arquivo\/category\/materiasecundaria\/"},"img":{"alt_text":"","src":"","width":0,"height":0},"classes":[]},{"id":1280,"url":"https:\/\/www.jornalja.com.br\/arquivo\/o-menino-que-se-tornou-brizola\/","url_meta":{"origin":47507,"position":1},"title":"O Menino que se Tornou Brizola","author":"da Reda\u00e7\u00e3o","date":"28 de julho de 2008","format":false,"excerpt":"Autor: Cleber Dioni A vida de Leonel Brizola, com \u00eanfase para os primeiros anos em Porto Alegre, at\u00e9 o ex\u00edlio no Uruguai e a volta, quinze anos depois. \u00a0\"...\u00c9ramos todos jovens e nos identific\u00e1vamos com aquela massa an\u00f4nima a percorrer as ruas de Porto Alegre, gritando 'Get\u00falio', 'Get\u00falio' e empunhando\u2026","rel":"","context":"Em &quot;Livros&quot;","block_context":{"text":"Livros","link":"https:\/\/www.jornalja.com.br\/arquivo\/category\/livros\/"},"img":{"alt_text":"","src":"https:\/\/i0.wp.com\/www.jornalja.com.br\/wp-content\/uploads\/2008\/07\/brizola.gif?resize=350%2C200&ssl=1","width":350,"height":200},"classes":[]},{"id":13240,"url":"https:\/\/www.jornalja.com.br\/arquivo\/plano-diretor-estamos-construindo-o-caos\/","url_meta":{"origin":47507,"position":2},"title":"Plano diretor: &quot;Estamos construindo o caos&quot;","author":"Patr\u00edcia Marini","date":"26 de maio de 2014","format":false,"excerpt":"Desabafo que arquiteta Eliana Castilhos, delegada da Regi\u00e3o de Planejamento 1, postou nas redes sociais \u00e9 um testemunho do ambiente que se criou no Conselho do Plano Diretor de Porto Alegre, onde a aprova\u00e7\u00e3o de grandes empreendimentos \u00e9 empurrada guela abaixo dos conselheiros. Ao CMDUA Como delegada da Regi\u00e3o de\u2026","rel":"","context":"Em &quot;Geral&quot;","block_context":{"text":"Geral","link":"https:\/\/www.jornalja.com.br\/arquivo\/category\/geral\/"},"img":{"alt_text":"","src":"","width":0,"height":0},"classes":[]},{"id":13124,"url":"https:\/\/www.jornalja.com.br\/arquivo\/sangue-latino-no-iecine\/","url_meta":{"origin":47507,"position":3},"title":"Sangue latino no IECINE","author":"da Reda\u00e7\u00e3o","date":"18 de maio de 2014","format":false,"excerpt":"Francisco Ribeiro O Instituto Estadual de Cinema (IECINE) tem a frente, desde abril \u00faltimo, um novo diretor, o cineasta colombiano Juan Zapata, 36, que substitui Luiz Alberto Cassol. Radicado h\u00e1 dez anos em Porto Alegre, Zapata tem diante de si o desafio de conduzir at\u00e9 o final do ano um\u2026","rel":"","context":"Em &quot;Cultura-Geral&quot;","block_context":{"text":"Cultura-Geral","link":"https:\/\/www.jornalja.com.br\/arquivo\/category\/materiasecundaria\/"},"img":{"alt_text":"","src":"","width":0,"height":0},"classes":[]},{"id":12960,"url":"https:\/\/www.jornalja.com.br\/arquivo\/populacao-culpa-empresas-pela-greve-dos-rodoviarios\/","url_meta":{"origin":47507,"position":4},"title":"Popula\u00e7\u00e3o culpa empresas pela greve","author":"Patr\u00edcia Marini","date":"14 de fevereiro de 2014","format":false,"excerpt":"Pesquisa divulgada na edi\u00e7\u00e3o do jornal Metro desta sexta-feira,14, comprova o velho ditado: \u00e9 poss\u00edvel enganar muitos por algum tempo, mas n\u00e3o \u00e9 poss\u00edvel enganar a todos o tempo inteiro. A principal revela\u00e7\u00e3o foi que 59,8% dos entrevistados apontaram as empresas como as principais respons\u00e1veis pela grave e 46% culparam\u2026","rel":"","context":"Em &quot;X.Categorias velhas&quot;","block_context":{"text":"X.Categorias velhas","link":"https:\/\/www.jornalja.com.br\/arquivo\/category\/x-categorias-velhas\/"},"img":{"alt_text":"","src":"","width":0,"height":0},"classes":[]},{"id":13239,"url":"https:\/\/www.jornalja.com.br\/arquivo\/conselho-desdenha-do-plano-diretor\/","url_meta":{"origin":47507,"position":5},"title":"Porto Alegre: Conselho detona Plano Diretor","author":"Patr\u00edcia Marini","date":"25 de maio de 2014","format":false,"excerpt":"Den\u00fancia do arquiteto e \u00a0urbanista Ibir\u00e1 Santos Lucas. Ele diz que os conselheiros est\u00e3o votando com \"enorme irresponsabilidade\". \"Mudam regime com a maior naturalidade,,,regularizam absurdos de constru\u00e7\u00f5es irregulares... \"O CMDUA est\u00e1 flexibilizando a lei do plano diretor, de uma forma impactante na vida da cidade. Mudam regime com a maior\u2026","rel":"","context":"Em &quot;Geral&quot;","block_context":{"text":"Geral","link":"https:\/\/www.jornalja.com.br\/arquivo\/category\/geral\/"},"img":{"alt_text":"","src":"","width":0,"height":0},"classes":[]}],"jetpack_shortlink":"https:\/\/wp.me\/pbQjBd-cmf","jetpack_featured_media_url":"","_links":{"self":[{"href":"https:\/\/www.jornalja.com.br\/arquivo\/wp-json\/wp\/v2\/posts\/47507","targetHints":{"allow":["GET"]}}],"collection":[{"href":"https:\/\/www.jornalja.com.br\/arquivo\/wp-json\/wp\/v2\/posts"}],"about":[{"href":"https:\/\/www.jornalja.com.br\/arquivo\/wp-json\/wp\/v2\/types\/post"}],"author":[{"embeddable":true,"href":"https:\/\/www.jornalja.com.br\/arquivo\/wp-json\/wp\/v2\/users\/4"}],"replies":[{"embeddable":true,"href":"https:\/\/www.jornalja.com.br\/arquivo\/wp-json\/wp\/v2\/comments?post=47507"}],"version-history":[{"count":0,"href":"https:\/\/www.jornalja.com.br\/arquivo\/wp-json\/wp\/v2\/posts\/47507\/revisions"}],"wp:attachment":[{"href":"https:\/\/www.jornalja.com.br\/arquivo\/wp-json\/wp\/v2\/media?parent=47507"}],"wp:term":[{"taxonomy":"category","embeddable":true,"href":"https:\/\/www.jornalja.com.br\/arquivo\/wp-json\/wp\/v2\/categories?post=47507"},{"taxonomy":"post_tag","embeddable":true,"href":"https:\/\/www.jornalja.com.br\/arquivo\/wp-json\/wp\/v2\/tags?post=47507"}],"curies":[{"name":"wp","href":"https:\/\/api.w.org\/{rel}","templated":true}]}}