{"id":47519,"date":"2017-04-24T21:41:55","date_gmt":"2017-04-25T00:41:55","guid":{"rendered":"https:\/\/www.jornalja.com.br\/?p=47519"},"modified":"2017-04-24T21:41:55","modified_gmt":"2017-04-25T00:41:55","slug":"trabalhadores-denunciam-projeto-de-privatizacao-da-trensurb","status":"publish","type":"post","link":"https:\/\/www.jornalja.com.br\/arquivo\/trabalhadores-denunciam-projeto-de-privatizacao-da-trensurb\/","title":{"rendered":"Trabalhadores denunciam projeto de privatiza\u00e7\u00e3o da Trensurb"},"content":{"rendered":"<p><span class=\"assina\">Higino Barros<\/span><br \/>\nEstatal federal, respons\u00e1vel pelo transporte de 220 mil pessoas por dia na grande Porto Alegre, a Companhia de Trens Metropolitanos (Trensurb) passa por uma situa\u00e7\u00e3o cr\u00edtica.<br \/>\nAntigo feudo de partidos pol\u00edticos, submetida a uma terceiriza\u00e7\u00e3o danosa, com sucateamento das instala\u00e7\u00f5es e redu\u00e7\u00e3o no quadro funcional, h\u00e1 poucos dias a Trensurb viu os nomes de dois de seus ex-diretores citados por executivos da Odebrecht em dela\u00e7\u00f5es \u00e0 Opera\u00e7\u00e3o Lava Jato.<br \/>\nO\u00a0presidente do Sindicato dos Trabalhadores em Transportes Metrovi\u00e1rios e Conexas do RS,\u00a0Luis Henrique Chagas, falou ao J\u00c1 sobre a situa\u00e7\u00e3o da empresa.<br \/>\n<strong>P-<\/strong> <em>As dela\u00e7\u00f5es da Lava Jato implicam dois ex-presidentes da Trensurb. Qual o significado disso para os funcion\u00e1rios da empresa?<\/em><br \/>\n<strong>R<\/strong>&#8211; Infelizmente, nada que todos os trabalhadores da Trensurb n\u00e3o suspeitassem. Significa uma derrota para a classe trabalhadora, uma vez que s\u00e3o ex-sindicalistas e funcion\u00e1rios concursados. Talvez seja o que faltava para justificar o desmanche da empresa, projeto conhecido dos trabalhadores para levar \u00e0 privatiza\u00e7\u00e3o.<br \/>\n<strong>P<\/strong>&#8211; <em>H\u00e1 mais irregularidades na administra\u00e7\u00e3o da estatal de conhecimento dos trabalhadores?<\/em><br \/>\n<strong>R<\/strong>&#8211; O sistema de bilhetagem comprado e administrado pela ATP \u00e9 caso de pol\u00edcia, pois o pre\u00e7o \u00e9 absurdo e nem todo o dinheiro arrecadado pela ATP \u00e9 repassado para a Trensurb. Os trens novos continuam apresentando problemas. Por fim, os cargos de chefia est\u00e3o incorporando ao sal\u00e1rio os valores recebidos enquanto detentores de fun\u00e7\u00f5es gratificadas. O Sindimetr\u00f4 j\u00e1 fez essas den\u00fancias aos \u00f3rg\u00e3os competentes e aguarda resposta.<br \/>\n<strong>P<\/strong>&#8211; \u00a0<em>A companha sempre foi um feudo de partidos pol\u00edticos. Qual \u00e9 o partido agora que comanda a empresa?<\/em><br \/>\n<strong>R-<\/strong> Hoje a Trensurb\u00a0 est\u00e1 loteada entre PSDB, PMDB e PSD. Sem d\u00favida, a pr\u00e1tica de lotear cargos entre pessoas que n\u00e3o t\u00eam o menor compromisso com a empresa tem levado sistematicamente \u00e0 queda da qualidade do servi\u00e7o prestado. O Sindimetr\u00f4\/RS \u00e9 radicalmente contra esta pr\u00e1tica. Esse modelo acaba com a carreira interna para os metrovi\u00e1rios, j\u00e1 que s\u00f3 quem tem afinidade com estes partidos ocupa cargos de chefia, supervis\u00e3o etc.\u00a0 A Trensurb possui na atualidade 132 FGs (Fun\u00e7\u00f5es Gratificadas) e 23 CCs (Cargos em Comiss\u00e3o). \u00c9 quase 15% do quadro funcional. Um verdadeiro absurdo.<br \/>\n<strong>P<\/strong>&#8211;<em>Qual a situa\u00e7\u00e3o atual da Trensurb? Esta\u00e7\u00f5es, trens e rela\u00e7\u00f5es com os funcion\u00e1rios?<\/em><br \/>\n<strong>R-<\/strong> As esta\u00e7\u00f5es est\u00e3o caindo aos peda\u00e7os, literalmente. Escadas rolantes paradas, elevadores estragados, falta de cadeiras etc. O efetivo est\u00e1 reduzido em 30%, causando transtornos aos usu\u00e1rios e queda na qualidade do servi\u00e7o prestado. No caso dos trens, n\u00e3o existem mais manuten\u00e7\u00f5es preventivas, apenas corretivas. Isto fica evidenciado no aumento de panes no sistema. As gest\u00f5es passadas optaram por terceirizar a manuten\u00e7\u00e3o. Hoje, com a crise econ\u00f4mica estabelecida, faltam recursos para honrar estes compromissos, e aqueles trabalhadores que eram concursados para a manuten\u00e7\u00e3o foram demitidos.<br \/>\n<strong>Planos de privatiza\u00e7\u00e3o<\/strong><br \/>\n<strong>P<\/strong>&#8211; <em>Em rela\u00e7\u00e3o aos planos de privatiza\u00e7\u00e3o da Trensurb. Qual a posi\u00e7\u00e3o da categoria?<\/em><br \/>\nR- Os metrovi\u00e1rios s\u00e3o categoricamente contra a privatiza\u00e7\u00e3o. Somos a favor de uma empresa p\u00fablica, estatal, com tarifa social e excel\u00eancia no servi\u00e7o prestado. No Brasil, onde os metr\u00f4s s\u00e3o privados a tarifa \u00e9 mais que o dobro da praticada pelos trens estatais. No Rio de Janeiro, al\u00e9m do servi\u00e7o ser de p\u00e9ssima qualidade, a tarifa est\u00e1 em R$ 4,30. Em S\u00e3o Paulo, na parte privada a tarifa acaba de subir para mais de R$ 4,00. As condi\u00e7\u00f5es de trabalho s\u00e3o precarizadas e a rotatividade dos trabalhadores chega a 20% ao ano. O Sindimetr\u00f4\/RS tem feito trabalho junto \u00e0s C\u00e2maras de Vereadores e Assembleia Legislativa. V\u00e1rias frentes contra a privatiza\u00e7\u00e3o j\u00e1 foram criadas, inclusive no parlamento estadual, com a ades\u00e3o de 46 deputados. Pelo menos uma vez por m\u00eas entregamos material para os usu\u00e1rios mostrando o preju\u00edzo causado pela privatiza\u00e7\u00e3o.<br \/>\n<strong>P<\/strong>&#8211; <em>Os trabalhadores da empresa v\u00e3o aderir \u00e0 greve geral convocada para o dia 28?<\/em><br \/>\n<strong>R<\/strong>&#8211; Sim. Em assembleia realizada no dia \u00faltimo dia 19 os metrovi\u00e1rios decidiram, por unanimidade, aderirem a paralisa\u00e7\u00e3o chamada pelas centrais sindicais.<br \/>\n<strong>Nota \u00e0 imprensa<\/strong><br \/>\nAssim que foram divulgadas as dela\u00e7\u00f5es envolvendo a Trensurb, o ex-presidente Marco Arlindo Prates da Cunha enviou nota \u00e0 imprensa, reproduzida abaixo:<br \/>\n<em>N\u00e3o s\u00e3o verdadeiros os fatos relatados em dela\u00e7\u00e3o premiada, por executivos da Odebrecht, sobre suposta solicita\u00e7\u00e3o de recursos escusos para qualquer fim.<\/em><br \/>\n<em>A execu\u00e7\u00e3o da obra de extens\u00e3o da Trensurb seguiu e respeitou todas as condicionantes estipuladas pelo Tribunal de Contas de Uni\u00e3o para realiza\u00e7\u00e3o da mesma.<\/em><br \/>\n<em>Tenho todas as contas de minha gest\u00e3o aprovadas pelos \u00f3rg\u00e3os de controle.<\/em><br \/>\n<em>Essas s\u00e3o acusa\u00e7\u00f5es injuriosas, e vou provar minha total inoc\u00eancia e fazer que reparem os danos de imagem e profissional que me causaram.<\/em><br \/>\n<em>Estou \u00e0 disposi\u00e7\u00e3o da Justi\u00e7a para o cabal esclarecimento dos fatos.<\/em><br \/>\n<em>Marco Arildo Cunha<\/em><br \/>\n<em>Ex-presidente da Trensurb<\/em><\/p>\n","protected":false},"excerpt":{"rendered":"<p>Higino Barros Estatal federal, respons\u00e1vel pelo transporte de 220 mil pessoas por dia na grande Porto Alegre, a Companhia de Trens Metropolitanos (Trensurb) passa por uma situa\u00e7\u00e3o cr\u00edtica. Antigo feudo de partidos pol\u00edticos, submetida a uma terceiriza\u00e7\u00e3o danosa, com sucateamento das instala\u00e7\u00f5es e redu\u00e7\u00e3o no quadro funcional, h\u00e1 poucos dias a Trensurb viu os nomes [&hellip;]<\/p>\n","protected":false},"author":4,"featured_media":47526,"comment_status":"open","ping_status":"closed","sticky":false,"template":"","format":"standard","meta":{"_jetpack_newsletter_access":"","_jetpack_dont_email_post_to_subs":false,"_jetpack_newsletter_tier_id":0,"_jetpack_memberships_contains_paywalled_content":false,"_jetpack_feature_clip_id":0,"_jetpack_memberships_contains_paid_content":false,"footnotes":"","jetpack_post_was_ever_published":false},"categories":[26],"tags":[],"class_list":["post-47519","post","type-post","status-publish","format-standard","has-post-thumbnail","hentry","category-geral"],"aioseo_notices":[],"aioseo_head":"\n\t\t<!-- All in One SEO 5.0.1.1 - aioseo.com -->\n\t<meta name=\"robots\" content=\"max-image-preview:large\" \/>\n\t<meta name=\"author\" content=\"da Reda\u00e7\u00e3o\"\/>\n\t<link rel=\"canonical\" href=\"https:\/\/www.jornalja.com.br\/arquivo\/trabalhadores-denunciam-projeto-de-privatizacao-da-trensurb\/\" \/>\n\t<meta name=\"generator\" content=\"All in One SEO (AIOSEO) 5.0.1.1\" \/>\n\t\t<meta property=\"og:locale\" content=\"pt_BR\" \/>\n\t\t<meta property=\"og:site_name\" content=\"Arquivo | Jornal J\u00c1 | Porto Alegre\" \/>\n\t\t<meta property=\"og:type\" content=\"article\" \/>\n\t\t<meta property=\"og:title\" content=\"Trabalhadores denunciam projeto de privatiza\u00e7\u00e3o da Trensurb | Arquivo\" \/>\n\t\t<meta property=\"og:url\" content=\"https:\/\/www.jornalja.com.br\/arquivo\/trabalhadores-denunciam-projeto-de-privatizacao-da-trensurb\/\" \/>\n\t\t<meta property=\"og:image\" content=\"https:\/\/www.jornalja.com.br\/economics\/wp-content\/uploads\/sites\/11\/2026\/08\/ja-folhaderosto-facebook.jpg\" \/>\n\t\t<meta property=\"og:image:secure_url\" content=\"https:\/\/www.jornalja.com.br\/economics\/wp-content\/uploads\/sites\/11\/2026\/08\/ja-folhaderosto-facebook.jpg\" \/>\n\t\t<meta property=\"article:published_time\" content=\"2017-04-25T00:41:55+00:00\" \/>\n\t\t<meta property=\"article:modified_time\" content=\"2017-04-25T00:41:55+00:00\" \/>\n\t\t<meta name=\"twitter:card\" content=\"summary\" \/>\n\t\t<meta name=\"twitter:title\" content=\"Trabalhadores denunciam projeto de privatiza\u00e7\u00e3o da Trensurb | Arquivo\" \/>\n\t\t<meta name=\"twitter:image\" content=\"https:\/\/www.jornalja.com.br\/economics\/wp-content\/uploads\/sites\/11\/2026\/08\/ja-folhaderosto-facebook.jpg\" \/>\n\t\t<script type=\"application\/ld+json\" class=\"aioseo-schema\">\n\t\t\t{\"@context\":\"https:\\\/\\\/schema.org\",\"@graph\":[{\"@type\":\"BlogPosting\",\"@id\":\"https:\\\/\\\/www.jornalja.com.br\\\/arquivo\\\/trabalhadores-denunciam-projeto-de-privatizacao-da-trensurb\\\/#blogposting\",\"name\":\"Trabalhadores denunciam projeto de privatiza\\u00e7\\u00e3o da Trensurb | Arquivo\",\"headline\":\"Trabalhadores denunciam projeto de privatiza\\u00e7\\u00e3o da Trensurb\",\"author\":{\"@id\":\"https:\\\/\\\/www.jornalja.com.br\\\/arquivo\\\/author\\\/daredacao\\\/#author\"},\"publisher\":{\"@id\":\"https:\\\/\\\/www.jornalja.com.br\\\/arquivo\\\/#organization\"},\"image\":{\"@type\":\"ImageObject\",\"url\":47526},\"datePublished\":\"2017-04-24T21:41:55-03:00\",\"dateModified\":\"2017-04-24T21:41:55-03:00\",\"inLanguage\":\"pt-BR\",\"commentCount\":6,\"mainEntityOfPage\":{\"@id\":\"https:\\\/\\\/www.jornalja.com.br\\\/arquivo\\\/trabalhadores-denunciam-projeto-de-privatizacao-da-trensurb\\\/#webpage\"},\"isPartOf\":{\"@id\":\"https:\\\/\\\/www.jornalja.com.br\\\/arquivo\\\/trabalhadores-denunciam-projeto-de-privatizacao-da-trensurb\\\/#webpage\"},\"articleSection\":\"Geral\"},{\"@type\":\"BreadcrumbList\",\"@id\":\"https:\\\/\\\/www.jornalja.com.br\\\/arquivo\\\/trabalhadores-denunciam-projeto-de-privatizacao-da-trensurb\\\/#breadcrumblist\",\"itemListElement\":[{\"@type\":\"ListItem\",\"@id\":\"https:\\\/\\\/www.jornalja.com.br\\\/arquivo#listItem\",\"position\":1,\"name\":\"Home\",\"item\":\"https:\\\/\\\/www.jornalja.com.br\\\/arquivo\",\"nextItem\":{\"@type\":\"ListItem\",\"@id\":\"https:\\\/\\\/www.jornalja.com.br\\\/arquivo\\\/category\\\/geral\\\/#listItem\",\"name\":\"Geral\"}},{\"@type\":\"ListItem\",\"@id\":\"https:\\\/\\\/www.jornalja.com.br\\\/arquivo\\\/category\\\/geral\\\/#listItem\",\"position\":2,\"name\":\"Geral\",\"item\":\"https:\\\/\\\/www.jornalja.com.br\\\/arquivo\\\/category\\\/geral\\\/\",\"nextItem\":{\"@type\":\"ListItem\",\"@id\":\"https:\\\/\\\/www.jornalja.com.br\\\/arquivo\\\/trabalhadores-denunciam-projeto-de-privatizacao-da-trensurb\\\/#listItem\",\"name\":\"Trabalhadores denunciam projeto de privatiza\\u00e7\\u00e3o da Trensurb\"},\"previousItem\":{\"@type\":\"ListItem\",\"@id\":\"https:\\\/\\\/www.jornalja.com.br\\\/arquivo#listItem\",\"name\":\"Home\"}},{\"@type\":\"ListItem\",\"@id\":\"https:\\\/\\\/www.jornalja.com.br\\\/arquivo\\\/trabalhadores-denunciam-projeto-de-privatizacao-da-trensurb\\\/#listItem\",\"position\":3,\"name\":\"Trabalhadores denunciam projeto de privatiza\\u00e7\\u00e3o da Trensurb\",\"previousItem\":{\"@type\":\"ListItem\",\"@id\":\"https:\\\/\\\/www.jornalja.com.br\\\/arquivo\\\/category\\\/geral\\\/#listItem\",\"name\":\"Geral\"}}]},{\"@type\":\"Organization\",\"@id\":\"https:\\\/\\\/www.jornalja.com.br\\\/arquivo\\\/#organization\",\"name\":\"Jornal J\\u00c1\",\"description\":\"Jornal J\\u00c1 | Porto Alegre\",\"url\":\"https:\\\/\\\/www.jornalja.com.br\\\/arquivo\\\/\",\"telephone\":\"+555133307272\",\"logo\":{\"@type\":\"ImageObject\",\"url\":\"https:\\\/\\\/www.jornalja.com.br\\\/wp-content\\\/uploads\\\/cards\\\/JAslogan.png\",\"@id\":\"https:\\\/\\\/www.jornalja.com.br\\\/arquivo\\\/trabalhadores-denunciam-projeto-de-privatizacao-da-trensurb\\\/#organizationLogo\"},\"image\":{\"@id\":\"https:\\\/\\\/www.jornalja.com.br\\\/arquivo\\\/trabalhadores-denunciam-projeto-de-privatizacao-da-trensurb\\\/#organizationLogo\"}},{\"@type\":\"Person\",\"@id\":\"https:\\\/\\\/www.jornalja.com.br\\\/arquivo\\\/author\\\/daredacao\\\/#author\",\"url\":\"https:\\\/\\\/www.jornalja.com.br\\\/arquivo\\\/author\\\/daredacao\\\/\",\"name\":\"da Reda\\u00e7\\u00e3o\",\"image\":{\"@type\":\"ImageObject\",\"@id\":\"https:\\\/\\\/www.jornalja.com.br\\\/arquivo\\\/trabalhadores-denunciam-projeto-de-privatizacao-da-trensurb\\\/#authorImage\",\"url\":\"https:\\\/\\\/secure.gravatar.com\\\/avatar\\\/469fd857d6605ad19919d27ed29d35a968a25f6e8fd9318356bbb7f57aae9c65?s=96&d=mm&r=g\",\"width\":96,\"height\":96,\"caption\":\"da Reda\\u00e7\\u00e3o\"}},{\"@type\":\"WebPage\",\"@id\":\"https:\\\/\\\/www.jornalja.com.br\\\/arquivo\\\/trabalhadores-denunciam-projeto-de-privatizacao-da-trensurb\\\/#webpage\",\"url\":\"https:\\\/\\\/www.jornalja.com.br\\\/arquivo\\\/trabalhadores-denunciam-projeto-de-privatizacao-da-trensurb\\\/\",\"name\":\"Trabalhadores denunciam projeto de privatiza\\u00e7\\u00e3o da Trensurb | Arquivo\",\"inLanguage\":\"pt-BR\",\"isPartOf\":{\"@id\":\"https:\\\/\\\/www.jornalja.com.br\\\/arquivo\\\/#website\"},\"breadcrumb\":{\"@id\":\"https:\\\/\\\/www.jornalja.com.br\\\/arquivo\\\/trabalhadores-denunciam-projeto-de-privatizacao-da-trensurb\\\/#breadcrumblist\"},\"author\":{\"@id\":\"https:\\\/\\\/www.jornalja.com.br\\\/arquivo\\\/author\\\/daredacao\\\/#author\"},\"creator\":{\"@id\":\"https:\\\/\\\/www.jornalja.com.br\\\/arquivo\\\/author\\\/daredacao\\\/#author\"},\"image\":{\"@type\":\"ImageObject\",\"url\":47526,\"@id\":\"https:\\\/\\\/www.jornalja.com.br\\\/arquivo\\\/trabalhadores-denunciam-projeto-de-privatizacao-da-trensurb\\\/#mainImage\"},\"primaryImageOfPage\":{\"@id\":\"https:\\\/\\\/www.jornalja.com.br\\\/arquivo\\\/trabalhadores-denunciam-projeto-de-privatizacao-da-trensurb\\\/#mainImage\"},\"datePublished\":\"2017-04-24T21:41:55-03:00\",\"dateModified\":\"2017-04-24T21:41:55-03:00\"},{\"@type\":\"WebSite\",\"@id\":\"https:\\\/\\\/www.jornalja.com.br\\\/arquivo\\\/#website\",\"url\":\"https:\\\/\\\/www.jornalja.com.br\\\/arquivo\\\/\",\"name\":\"Arquivo\",\"description\":\"Jornal J\\u00c1 | Porto Alegre\",\"inLanguage\":\"pt-BR\",\"publisher\":{\"@id\":\"https:\\\/\\\/www.jornalja.com.br\\\/arquivo\\\/#organization\"}}]}\n\t\t<\/script>\n\t\t<!-- All in One SEO -->\n\n","aioseo_head_json":{"title":"Trabalhadores denunciam projeto de privatiza\u00e7\u00e3o da Trensurb | Arquivo","description":"","canonical_url":"https:\/\/www.jornalja.com.br\/arquivo\/trabalhadores-denunciam-projeto-de-privatizacao-da-trensurb\/","robots":"max-image-preview:large","keywords":"","webmasterTools":{"miscellaneous":""},"schema":{"@context":"https:\/\/schema.org","@graph":[{"@type":"BlogPosting","@id":"https:\/\/www.jornalja.com.br\/arquivo\/trabalhadores-denunciam-projeto-de-privatizacao-da-trensurb\/#blogposting","name":"Trabalhadores denunciam projeto de privatiza\u00e7\u00e3o da Trensurb | Arquivo","headline":"Trabalhadores denunciam projeto de privatiza\u00e7\u00e3o da Trensurb","author":{"@id":"https:\/\/www.jornalja.com.br\/arquivo\/author\/daredacao\/#author"},"publisher":{"@id":"https:\/\/www.jornalja.com.br\/arquivo\/#organization"},"image":{"@type":"ImageObject","url":47526},"datePublished":"2017-04-24T21:41:55-03:00","dateModified":"2017-04-24T21:41:55-03:00","inLanguage":"pt-BR","commentCount":6,"mainEntityOfPage":{"@id":"https:\/\/www.jornalja.com.br\/arquivo\/trabalhadores-denunciam-projeto-de-privatizacao-da-trensurb\/#webpage"},"isPartOf":{"@id":"https:\/\/www.jornalja.com.br\/arquivo\/trabalhadores-denunciam-projeto-de-privatizacao-da-trensurb\/#webpage"},"articleSection":"Geral"},{"@type":"BreadcrumbList","@id":"https:\/\/www.jornalja.com.br\/arquivo\/trabalhadores-denunciam-projeto-de-privatizacao-da-trensurb\/#breadcrumblist","itemListElement":[{"@type":"ListItem","@id":"https:\/\/www.jornalja.com.br\/arquivo#listItem","position":1,"name":"Home","item":"https:\/\/www.jornalja.com.br\/arquivo","nextItem":{"@type":"ListItem","@id":"https:\/\/www.jornalja.com.br\/arquivo\/category\/geral\/#listItem","name":"Geral"}},{"@type":"ListItem","@id":"https:\/\/www.jornalja.com.br\/arquivo\/category\/geral\/#listItem","position":2,"name":"Geral","item":"https:\/\/www.jornalja.com.br\/arquivo\/category\/geral\/","nextItem":{"@type":"ListItem","@id":"https:\/\/www.jornalja.com.br\/arquivo\/trabalhadores-denunciam-projeto-de-privatizacao-da-trensurb\/#listItem","name":"Trabalhadores denunciam projeto de privatiza\u00e7\u00e3o da Trensurb"},"previousItem":{"@type":"ListItem","@id":"https:\/\/www.jornalja.com.br\/arquivo#listItem","name":"Home"}},{"@type":"ListItem","@id":"https:\/\/www.jornalja.com.br\/arquivo\/trabalhadores-denunciam-projeto-de-privatizacao-da-trensurb\/#listItem","position":3,"name":"Trabalhadores denunciam projeto de privatiza\u00e7\u00e3o da Trensurb","previousItem":{"@type":"ListItem","@id":"https:\/\/www.jornalja.com.br\/arquivo\/category\/geral\/#listItem","name":"Geral"}}]},{"@type":"Organization","@id":"https:\/\/www.jornalja.com.br\/arquivo\/#organization","name":"Jornal J\u00c1","description":"Jornal J\u00c1 | Porto Alegre","url":"https:\/\/www.jornalja.com.br\/arquivo\/","telephone":"+555133307272","logo":{"@type":"ImageObject","url":"https:\/\/www.jornalja.com.br\/wp-content\/uploads\/cards\/JAslogan.png","@id":"https:\/\/www.jornalja.com.br\/arquivo\/trabalhadores-denunciam-projeto-de-privatizacao-da-trensurb\/#organizationLogo"},"image":{"@id":"https:\/\/www.jornalja.com.br\/arquivo\/trabalhadores-denunciam-projeto-de-privatizacao-da-trensurb\/#organizationLogo"}},{"@type":"Person","@id":"https:\/\/www.jornalja.com.br\/arquivo\/author\/daredacao\/#author","url":"https:\/\/www.jornalja.com.br\/arquivo\/author\/daredacao\/","name":"da Reda\u00e7\u00e3o","image":{"@type":"ImageObject","@id":"https:\/\/www.jornalja.com.br\/arquivo\/trabalhadores-denunciam-projeto-de-privatizacao-da-trensurb\/#authorImage","url":"https:\/\/secure.gravatar.com\/avatar\/469fd857d6605ad19919d27ed29d35a968a25f6e8fd9318356bbb7f57aae9c65?s=96&d=mm&r=g","width":96,"height":96,"caption":"da Reda\u00e7\u00e3o"}},{"@type":"WebPage","@id":"https:\/\/www.jornalja.com.br\/arquivo\/trabalhadores-denunciam-projeto-de-privatizacao-da-trensurb\/#webpage","url":"https:\/\/www.jornalja.com.br\/arquivo\/trabalhadores-denunciam-projeto-de-privatizacao-da-trensurb\/","name":"Trabalhadores denunciam projeto de privatiza\u00e7\u00e3o da Trensurb | Arquivo","inLanguage":"pt-BR","isPartOf":{"@id":"https:\/\/www.jornalja.com.br\/arquivo\/#website"},"breadcrumb":{"@id":"https:\/\/www.jornalja.com.br\/arquivo\/trabalhadores-denunciam-projeto-de-privatizacao-da-trensurb\/#breadcrumblist"},"author":{"@id":"https:\/\/www.jornalja.com.br\/arquivo\/author\/daredacao\/#author"},"creator":{"@id":"https:\/\/www.jornalja.com.br\/arquivo\/author\/daredacao\/#author"},"image":{"@type":"ImageObject","url":47526,"@id":"https:\/\/www.jornalja.com.br\/arquivo\/trabalhadores-denunciam-projeto-de-privatizacao-da-trensurb\/#mainImage"},"primaryImageOfPage":{"@id":"https:\/\/www.jornalja.com.br\/arquivo\/trabalhadores-denunciam-projeto-de-privatizacao-da-trensurb\/#mainImage"},"datePublished":"2017-04-24T21:41:55-03:00","dateModified":"2017-04-24T21:41:55-03:00"},{"@type":"WebSite","@id":"https:\/\/www.jornalja.com.br\/arquivo\/#website","url":"https:\/\/www.jornalja.com.br\/arquivo\/","name":"Arquivo","description":"Jornal J\u00c1 | Porto Alegre","inLanguage":"pt-BR","publisher":{"@id":"https:\/\/www.jornalja.com.br\/arquivo\/#organization"}}]},"og:locale":"pt_BR","og:site_name":"Arquivo | Jornal J\u00c1 | Porto Alegre","og:type":"article","og:title":"Trabalhadores denunciam projeto de privatiza\u00e7\u00e3o da Trensurb | Arquivo","og:url":"https:\/\/www.jornalja.com.br\/arquivo\/trabalhadores-denunciam-projeto-de-privatizacao-da-trensurb\/","og:image":"https:\/\/www.jornalja.com.br\/economics\/wp-content\/uploads\/sites\/11\/2026\/08\/ja-folhaderosto-facebook.jpg","og:image:secure_url":"https:\/\/www.jornalja.com.br\/economics\/wp-content\/uploads\/sites\/11\/2026\/08\/ja-folhaderosto-facebook.jpg","article:published_time":"2017-04-25T00:41:55+00:00","article:modified_time":"2017-04-25T00:41:55+00:00","twitter:card":"summary","twitter:title":"Trabalhadores denunciam projeto de privatiza\u00e7\u00e3o da Trensurb | Arquivo","twitter:image":"https:\/\/www.jornalja.com.br\/economics\/wp-content\/uploads\/sites\/11\/2026\/08\/ja-folhaderosto-facebook.jpg"},"aioseo_meta_data":{"post_id":"47519","title":null,"description":null,"keywords":null,"keyphrases":null,"primary_term":null,"canonical_url":null,"og_title":null,"og_description":null,"og_object_type":"default","og_image_type":"default","og_image_url":null,"og_image_width":null,"og_image_height":null,"og_image_custom_url":null,"og_image_custom_fields":null,"og_video":null,"og_custom_url":null,"og_article_section":null,"og_article_tags":null,"twitter_use_og":false,"twitter_card":"default","twitter_image_type":"default","twitter_image_url":null,"twitter_image_custom_url":null,"twitter_image_custom_fields":null,"twitter_title":null,"twitter_description":null,"schema":{"blockGraphs":[],"customGraphs":[],"default":{"data":{"Article":[],"Course":[],"Dataset":[],"FAQPage":[],"Movie":[],"Person":[],"Product":[],"ProductReview":[],"Car":[],"Recipe":[],"Service":[],"SoftwareApplication":[],"WebPage":[]},"graphName":"","isEnabled":true},"graphs":[]},"schema_type":null,"schema_type_options":null,"pillar_content":false,"robots_default":true,"robots_noindex":false,"robots_noarchive":false,"robots_nosnippet":false,"robots_nofollow":false,"robots_noimageindex":false,"robots_noodp":false,"robots_notranslate":false,"robots_max_snippet":null,"robots_max_videopreview":null,"robots_max_imagepreview":"large","priority":null,"frequency":null,"location":null,"local_seo":null,"breadcrumb_settings":null,"limit_modified_date":false,"ai":null,"created":"2020-12-20 20:35:51","updated":"2025-07-19 21:09:32","seo_analyzer_scan_date":null,"focus_keyword":null,"additional_keywords":null,"truseo_locale":null},"jetpack_sharing_enabled":true,"jetpack-related-posts":[{"id":14241,"url":"https:\/\/www.jornalja.com.br\/arquivo\/o-guaiba-nas-imagens-poeticas-de-achutti\/","url_meta":{"origin":47519,"position":0},"title":"O Gua\u00edba nas imagens po\u00e9ticas de Achutti","author":"da Reda\u00e7\u00e3o","date":"18 de junho de 2014","format":false,"excerpt":"Em \u201cO Gua\u00edba por Achutti\u201d \u2013 obra financiada via Minist\u00e9rio da Cultura, produ\u00e7\u00e3o executiva de Pedro Longhi, e Fl\u00e1vio Wild como designer \u2013, o fot\u00f3grafo revela a beleza e as mazelas de um espa\u00e7o aqu\u00e1tico de \u00e1guas sempre renovadas, cheio de hist\u00f3rias e lendas como as das cidades que foram\u2026","rel":"","context":"Em &quot;Cultura-Geral&quot;","block_context":{"text":"Cultura-Geral","link":"https:\/\/www.jornalja.com.br\/arquivo\/category\/materiasecundaria\/"},"img":{"alt_text":"","src":"","width":0,"height":0},"classes":[]},{"id":12960,"url":"https:\/\/www.jornalja.com.br\/arquivo\/populacao-culpa-empresas-pela-greve-dos-rodoviarios\/","url_meta":{"origin":47519,"position":1},"title":"Popula\u00e7\u00e3o culpa empresas pela greve","author":"Patr\u00edcia Marini","date":"14 de fevereiro de 2014","format":false,"excerpt":"Pesquisa divulgada na edi\u00e7\u00e3o do jornal Metro desta sexta-feira,14, comprova o velho ditado: \u00e9 poss\u00edvel enganar muitos por algum tempo, mas n\u00e3o \u00e9 poss\u00edvel enganar a todos o tempo inteiro. A principal revela\u00e7\u00e3o foi que 59,8% dos entrevistados apontaram as empresas como as principais respons\u00e1veis pela grave e 46% culparam\u2026","rel":"","context":"Em &quot;X.Categorias velhas&quot;","block_context":{"text":"X.Categorias velhas","link":"https:\/\/www.jornalja.com.br\/arquivo\/category\/x-categorias-velhas\/"},"img":{"alt_text":"","src":"","width":0,"height":0},"classes":[]},{"id":13109,"url":"https:\/\/www.jornalja.com.br\/arquivo\/judiciario-reconhece-poluicao-eletromagnetica\/","url_meta":{"origin":47519,"position":2},"title":"Judici\u00e1rio reconhece polui\u00e7\u00e3o eletromagn\u00e9tica","author":"Patr\u00edcia Marini","date":"16 de maio de 2014","format":false,"excerpt":"A\u00e7\u00e3o de duas associa\u00e7\u00f5es de moradores foi acolhida pelo Tribunal de Justi\u00e7a de S\u00e3o Paulo que. em decis\u00e3o in\u00e9dita, determinou a redu\u00e7\u00e3o do campo eletromagn\u00e9tico gerado pelas linhas de transmiss\u00e3o de energia que cortam os bairros City Boa\u00e7ava e Alto de Pinheiros. \u00c9 a primeira vez que um tribunal do\u2026","rel":"","context":"Em &quot;X.Categorias velhas&quot;","block_context":{"text":"X.Categorias velhas","link":"https:\/\/www.jornalja.com.br\/arquivo\/category\/x-categorias-velhas\/"},"img":{"alt_text":"","src":"","width":0,"height":0},"classes":[]},{"id":13128,"url":"https:\/\/www.jornalja.com.br\/arquivo\/maconha-terra-diz-que-uso-medicinal-e-desculpa\/","url_meta":{"origin":47519,"position":3},"title":"Maconha: Terra diz que uso medicinal \u00e9 desculpa","author":"Patr\u00edcia Marini","date":"4 de junho de 2014","format":false,"excerpt":"A condi\u00e7\u00e3o de pol\u00edtico, em \u00e9poca de campanha de campanha eleitoral, tira for\u00e7a do discurso do m\u00e9dico Osmar Terra contra a legaliza\u00e7\u00e3o da maconha. A tese dele de que a libera\u00e7\u00e3o vai ampliar exponencialmente o consumo \u00e9 discutivel, o consumo \u00e9 corrente. Mas seus alertas quanto aos riscos tem que\u2026","rel":"","context":"Em &quot;X.Categorias velhas&quot;","block_context":{"text":"X.Categorias velhas","link":"https:\/\/www.jornalja.com.br\/arquivo\/category\/x-categorias-velhas\/"},"img":{"alt_text":"","src":"","width":0,"height":0},"classes":[]},{"id":5440,"url":"https:\/\/www.jornalja.com.br\/arquivo\/casarao-da-venancio-destino-permanece-incerto\/","url_meta":{"origin":47519,"position":4},"title":"Estado ainda n\u00e3o sabe o que fazer com casar\u00e3o abandonado h\u00e1 20 anos","author":"Elmar Bones","date":"6 de julho de 2009","format":false,"excerpt":"O casar\u00e3o amarelo, numa esquina nobre de Porto Alegre (Ven\u00e2ncio Aires com Jo\u00e3o Pessoa), j\u00e1 abrigou uma escola. H\u00e1 duas d\u00e9cadas, pelo menos, est\u00e1 abandonado, porque seu propriet\u00e1rio, o governo do Estado do Rio Grande do Sul, n\u00e3o consegue achar um destino para ele. Planos n\u00e3o faltaram. O governador Ol\u00edvio\u2026","rel":"","context":"Em &quot;X.Categorias velhas&quot;","block_context":{"text":"X.Categorias velhas","link":"https:\/\/www.jornalja.com.br\/arquivo\/category\/x-categorias-velhas\/"},"img":{"alt_text":"geraldo1","src":"https:\/\/i0.wp.com\/www.jornalja.com.br\/wp-content\/uploads\/2009\/07\/geraldo1.jpg?resize=350%2C200&ssl=1","width":350,"height":200},"classes":[]},{"id":13101,"url":"https:\/\/www.jornalja.com.br\/arquivo\/morre-um-guerreiro-do-texto\/","url_meta":{"origin":47519,"position":5},"title":"Morre um guerreiro do texto","author":"Patr\u00edcia Marini","date":"14 de maio de 2014","format":false,"excerpt":"Por Ricardo Kotscho Reproduzido do blog do autor, 11\/5\/2014; t\u00edtulo original \u201cE l\u00e1 se foi o nosso Myltainho, guerreiro do texto\u201d. Mi\u00fado e franzino, meu amigo Myltainho era um valente e inconformado guerreiro na luta contra as injusti\u00e7as sociais, a hipocrisia, as maracutaias, o autoritarismo, a intoler\u00e2ncia, a viol\u00eancia, o\u2026","rel":"","context":"Em &quot;Geral&quot;","block_context":{"text":"Geral","link":"https:\/\/www.jornalja.com.br\/arquivo\/category\/geral\/"},"img":{"alt_text":"","src":"","width":0,"height":0},"classes":[]}],"jetpack_shortlink":"https:\/\/wp.me\/pbQjBd-cmr","jetpack_featured_media_url":"","_links":{"self":[{"href":"https:\/\/www.jornalja.com.br\/arquivo\/wp-json\/wp\/v2\/posts\/47519","targetHints":{"allow":["GET"]}}],"collection":[{"href":"https:\/\/www.jornalja.com.br\/arquivo\/wp-json\/wp\/v2\/posts"}],"about":[{"href":"https:\/\/www.jornalja.com.br\/arquivo\/wp-json\/wp\/v2\/types\/post"}],"author":[{"embeddable":true,"href":"https:\/\/www.jornalja.com.br\/arquivo\/wp-json\/wp\/v2\/users\/4"}],"replies":[{"embeddable":true,"href":"https:\/\/www.jornalja.com.br\/arquivo\/wp-json\/wp\/v2\/comments?post=47519"}],"version-history":[{"count":0,"href":"https:\/\/www.jornalja.com.br\/arquivo\/wp-json\/wp\/v2\/posts\/47519\/revisions"}],"wp:attachment":[{"href":"https:\/\/www.jornalja.com.br\/arquivo\/wp-json\/wp\/v2\/media?parent=47519"}],"wp:term":[{"taxonomy":"category","embeddable":true,"href":"https:\/\/www.jornalja.com.br\/arquivo\/wp-json\/wp\/v2\/categories?post=47519"},{"taxonomy":"post_tag","embeddable":true,"href":"https:\/\/www.jornalja.com.br\/arquivo\/wp-json\/wp\/v2\/tags?post=47519"}],"curies":[{"name":"wp","href":"https:\/\/api.w.org\/{rel}","templated":true}]}}