{"id":47520,"date":"2017-04-24T21:37:23","date_gmt":"2017-04-25T00:37:23","guid":{"rendered":"https:\/\/www.jornalja.com.br\/?p=47520"},"modified":"2017-04-24T21:37:23","modified_gmt":"2017-04-25T00:37:23","slug":"novo-minimo-regional-fiergs-diz-que-empresas-vao-demitir-e-fechar-vagas","status":"publish","type":"post","link":"https:\/\/www.jornalja.com.br\/arquivo\/novo-minimo-regional-fiergs-diz-que-empresas-vao-demitir-e-fechar-vagas\/","title":{"rendered":"Novo m\u00ednimo regional: Fiergs diz que &quot;empresas v\u00e3o demitir e fechar vagas&quot;"},"content":{"rendered":"<p>A Assembleia Legislativa retoma nesta ter\u00e7a-feira, 25, a vota\u00e7\u00e3o do sal\u00e1rio m\u00ednimo regional.<br \/>\nO projeto enviado pelo Executivo prop\u00f5e um aumento 6,48%, um pouco acima dos 6,29% de infla\u00e7\u00e3o registrado pelo IPCA (\u00cdndice Nacional de Pre\u00e7os ao Consumidor Amplo) em 2016, e n\u00e3o agradou aos empres\u00e1rios.<br \/>\nA Federa\u00e7\u00e3o das Ind\u00fastrias do Rio Grande do Sul (Fiergs), em &#8220;Carta Aberta&#8221; aos parlamentares, prev\u00ea que o aumento causar\u00e1 s\u00e9rios danos \u00e0 economia ga\u00facha. <em>&#8220;Aumentos reais nesse per\u00edodo cr\u00edtico agravam a situa\u00e7\u00e3o das empresas que, sem outra solu\u00e7\u00e3o, s\u00e3o obrigadas a demitir e fechar vagas&#8221;,\u00a0<\/em>diz um trecho da carta.<br \/>\nA proposta do governo representa um aumento real de 19% no piso estadual, segundo a Fiergs, que se baseia na infla\u00e7\u00e3o de 5,44%, entre fevereiro de 2016 e janeiro deste ano.<br \/>\n<strong>Centrais Sindicais querem aumento maior\u00a0<\/strong><br \/>\nPor outro lado, as centrais sindicais, como a CTB-RS (Central dos Trabalhadores e Trabalhadoras), reivindicam um reajuste maior do que o pretendido pelo governo.<br \/>\nOs sindicalistas j\u00e1 v\u00eam, h\u00e1 algumas semanas, desde que a mat\u00e9ria entrou em pauta na Assembleia, articulando com alguns parlamentares um aumento de\u00a010,45 %, que ser\u00e1 pedido atrav\u00e9s de uma emenda do Deputado Elton Weber (PSB).<br \/>\nApesar da press\u00e3o, o aumento proposto por Sartori deve passar sem dificuldades, j\u00e1 que precisa de maioria simples (metade dos parlamentares presentes mais um) e contar\u00e1 com o apoio dos partidos da oposi\u00e7\u00e3o, que somam pelo menos 14 votos. O PDT, que tamb\u00e9m deve votar a favor, soma mais sete. Com os oito do PMDB de Sartori, o reajuste fica garantido.<br \/>\nLeia a \u00edntegra da carta da Fiergs aos parlamentares:<br \/>\n<em><strong>CARTA ABERTA AOS DEPUTADOS ESTADUAIS<\/strong><\/em><br \/>\n<em><strong>\u00a0\u00a0\u00a0<\/strong>\u00a0\u00a0\u00a0\u00a0 Diante de mais uma vota\u00e7\u00e3o do Piso Salarial Regional do Rio Grande do Sul \u2013 que j\u00e1 est\u00e1 em patamar muito superior ao Sal\u00e1rio M\u00ednimo Nacional \u2013 a FIERGS sente-se no dever de alertar os parlamentares sobre o grave impacto desse reajuste na economia ga\u00facha atualmente em crise.<\/em><br \/>\n<em>\u00a0\u00a0\u00a0\u00a0\u00a0\u00a0\u00a0\u00a0 A\u00a0 proposta do Governo do Estado \u2013 de 6,48 % \u2013 significa uma eleva\u00e7\u00e3o real de 19,2%, considerando que a infla\u00e7\u00e3o medida pelo INPC acumulada entre fevereiro de 2016 e janeiro deste ano foi de 5,44%. E ainda h\u00e1 uma emenda sugerindo 8% de majora\u00e7\u00e3o, \u00a0ou seja, de 40,6% acima da infla\u00e7\u00e3o.<\/em><br \/>\n<em>\u00a0\u00a0\u00a0\u00a0\u00a0\u00a0\u00a0\u00a0 Al\u00e9m do mal em si que representa o Piso \u2013 lembrando que apenas cinco Estados no Brasil mant\u00eam \u00a0essa pr\u00e1tica \u2013 cumpre advertir que aumentos reais nesse per\u00edodo cr\u00edtico agravam a situa\u00e7\u00e3o das empresas que, sem outra solu\u00e7\u00e3o, s\u00e3o obrigadas a demitir e fechar vagas. <\/em><br \/>\n<em>\u00a0\u00a0\u00a0\u00a0\u00a0\u00a0\u00a0\u00a0 Ent\u00e3o, cumpre optar: gerar empregos no Rio Grande do Sul, respeitando o Sal\u00e1rio M\u00ednimo Nacional, ou os parlamentares ir\u00e3o aconselhar os ex-trabalhadores a se mudarem para os outros Estados que n\u00e3o t\u00eam o Piso Regional l\u00e1 buscando \u00a0novos empregos?<\/em><br \/>\n<em>Votar com responsabilidade e vis\u00e3o social.\u00a0<\/em><em style=\"font-weight: 300\">Esta \u00e9 a posi\u00e7\u00e3o da FIERGS.<\/em><\/p>\n","protected":false},"excerpt":{"rendered":"<p>A Assembleia Legislativa retoma nesta ter\u00e7a-feira, 25, a vota\u00e7\u00e3o do sal\u00e1rio m\u00ednimo regional. O projeto enviado pelo Executivo prop\u00f5e um aumento 6,48%, um pouco acima dos 6,29% de infla\u00e7\u00e3o registrado pelo IPCA (\u00cdndice Nacional de Pre\u00e7os ao Consumidor Amplo) em 2016, e n\u00e3o agradou aos empres\u00e1rios. A Federa\u00e7\u00e3o das Ind\u00fastrias do Rio Grande do Sul [&hellip;]<\/p>\n","protected":false},"author":4,"featured_media":47530,"comment_status":"open","ping_status":"closed","sticky":false,"template":"","format":"standard","meta":{"_jetpack_memberships_contains_paid_content":false,"footnotes":""},"categories":[26],"tags":[],"class_list":["post-47520","post","type-post","status-publish","format-standard","has-post-thumbnail","hentry","category-geral"],"aioseo_notices":[],"jetpack_featured_media_url":"","jetpack_sharing_enabled":true,"jetpack-related-posts":[],"jetpack_shortlink":"https:\/\/wp.me\/pbQjBd-cms","_links":{"self":[{"href":"https:\/\/www.jornalja.com.br\/arquivo\/wp-json\/wp\/v2\/posts\/47520","targetHints":{"allow":["GET"]}}],"collection":[{"href":"https:\/\/www.jornalja.com.br\/arquivo\/wp-json\/wp\/v2\/posts"}],"about":[{"href":"https:\/\/www.jornalja.com.br\/arquivo\/wp-json\/wp\/v2\/types\/post"}],"author":[{"embeddable":true,"href":"https:\/\/www.jornalja.com.br\/arquivo\/wp-json\/wp\/v2\/users\/4"}],"replies":[{"embeddable":true,"href":"https:\/\/www.jornalja.com.br\/arquivo\/wp-json\/wp\/v2\/comments?post=47520"}],"version-history":[{"count":0,"href":"https:\/\/www.jornalja.com.br\/arquivo\/wp-json\/wp\/v2\/posts\/47520\/revisions"}],"wp:featuredmedia":[{"embeddable":true,"href":"https:\/\/www.jornalja.com.br\/arquivo\/wp-json\/"}],"wp:attachment":[{"href":"https:\/\/www.jornalja.com.br\/arquivo\/wp-json\/wp\/v2\/media?parent=47520"}],"wp:term":[{"taxonomy":"category","embeddable":true,"href":"https:\/\/www.jornalja.com.br\/arquivo\/wp-json\/wp\/v2\/categories?post=47520"},{"taxonomy":"post_tag","embeddable":true,"href":"https:\/\/www.jornalja.com.br\/arquivo\/wp-json\/wp\/v2\/tags?post=47520"}],"curies":[{"name":"wp","href":"https:\/\/api.w.org\/{rel}","templated":true}]}}