{"id":47525,"date":"2017-04-24T22:08:29","date_gmt":"2017-04-25T01:08:29","guid":{"rendered":"https:\/\/www.jornalja.com.br\/?p=47525"},"modified":"2017-04-24T22:08:29","modified_gmt":"2017-04-25T01:08:29","slug":"igreja-gay-fundada-no-rio-de-janeiro-ha-dez-anos-chega-a-porto-alegre","status":"publish","type":"post","link":"https:\/\/www.jornalja.com.br\/arquivo\/igreja-gay-fundada-no-rio-de-janeiro-ha-dez-anos-chega-a-porto-alegre\/","title":{"rendered":"Igreja gay fundada no Rio de Janeiro h\u00e1 dez anos chega a Porto Alegre"},"content":{"rendered":"<p class=\"m_-2596251708931552609gmail-m_-1129164444782671561gmail-m_5948007324403001225gmail-m_-203823774875089211gmail-m_-1409650202017330148gmail-m_-1401168883035098039gmail-western\">Gays evang\u00e9licos do Rio de Janeiro est\u00e3o em Porto Alegre para evangelizar p\u00fablico homoafetivo. &#8220;Sorria, Jesus te aceita&#8221;, \u00e9 um dos slogans da <span style=\"color: #000000\">Igreja Crist\u00e3 Contempor\u00e2nea, fundada h\u00e1 10 anos no Rio de Janeiro. \u00a0<\/span><\/p>\n<p class=\"m_-2596251708931552609gmail-m_-1129164444782671561gmail-m_5948007324403001225gmail-m_-203823774875089211gmail-m_-1409650202017330148gmail-m_-1401168883035098039gmail-western\"><span style=\"color: #000000\">Adepta da teologia inclusiva, o principal objetivo da ICC \u00e9<\/span>\u00a0levar o\u00a0evangelho inclusivo para o p\u00fablico gay. O evento\u00a0ser\u00e1 coordenado pelos pastores Marcos Gladstone e F\u00e1bio Ign\u00e1cio, presidentes da denomina\u00e7\u00e3o.<\/p>\n<p class=\"m_-2596251708931552609gmail-m_-1129164444782671561gmail-m_5948007324403001225gmail-m_-203823774875089211gmail-m_-1409650202017330148gmail-m_-1401168883035098039gmail-western\"><span style=\"color: #000000\">Um encontro em Porto Alegre est\u00e1 programado para s\u00e1bado, dia 29 de abril, \u00e0s 18h, no Parque Ararigb\u00f3ia, na rua Saic\u00e3, n\u00famero 06, bairro Petr\u00f3polis. A expectativa dos organizadores \u00e9 que cerca de 500 pessoas participem do ato religioso. &#8220;Ser\u00e1 o maior evento gospel inclusivo j\u00e1 realizado no Sul do pa\u00eds&#8221;, anunciam os organizadores.\u00a0<\/span><\/p>\n<p class=\"m_-2596251708931552609gmail-m_-1129164444782671561gmail-m_5948007324403001225gmail-m_-203823774875089211gmail-m_-1409650202017330148gmail-m_-1401168883035098039gmail-western\"><img decoding=\"async\" class=\"wp-image-47528 alignright\" src=\"https:\/\/www.jornalja.com.br\/wp-content\/uploads\/2017\/04\/igreja-gay-pastores.jpg\" alt=\"igreja gay pastores\" width=\"320\" height=\"243\" \/>A igreja Crist\u00e3 Contempor\u00e2nea foi fundada pelos pastores Marcos Gladstone ao lado do seu companheiro e tamb\u00e9m pastor, F\u00e1bio In\u00e1cio. A denomina\u00e7\u00e3o tem<span style=\"color: #000000\">\u00a0cerca de 3 mil membros e possui templos no Rio de Janeiro, S\u00e3o Paulo e Minas Gerais.\u00a0<\/span><\/p>\n","protected":false},"excerpt":{"rendered":"<p>Gays evang\u00e9licos do Rio de Janeiro est\u00e3o em Porto Alegre para evangelizar p\u00fablico homoafetivo. &#8220;Sorria, Jesus te aceita&#8221;, \u00e9 um dos slogans da Igreja Crist\u00e3 Contempor\u00e2nea, fundada h\u00e1 10 anos no Rio de Janeiro. \u00a0 Adepta da teologia inclusiva, o principal objetivo da ICC \u00e9\u00a0levar o\u00a0evangelho inclusivo para o p\u00fablico gay. O evento\u00a0ser\u00e1 coordenado pelos [&hellip;]<\/p>\n","protected":false},"author":4,"featured_media":47527,"comment_status":"open","ping_status":"closed","sticky":false,"template":"","format":"standard","meta":{"_jetpack_memberships_contains_paid_content":false,"footnotes":""},"categories":[26],"tags":[],"class_list":["post-47525","post","type-post","status-publish","format-standard","has-post-thumbnail","hentry","category-geral"],"aioseo_notices":[],"jetpack_featured_media_url":"","jetpack_sharing_enabled":true,"jetpack-related-posts":[{"id":1280,"url":"https:\/\/www.jornalja.com.br\/arquivo\/o-menino-que-se-tornou-brizola\/","url_meta":{"origin":47525,"position":0},"title":"O Menino que se Tornou Brizola","author":"da Reda\u00e7\u00e3o","date":"28 de julho de 2008","format":false,"excerpt":"Autor: Cleber Dioni A vida de Leonel Brizola, com \u00eanfase para os primeiros anos em Porto Alegre, at\u00e9 o ex\u00edlio no Uruguai e a volta, quinze anos depois. \u00a0\"...\u00c9ramos todos jovens e nos identific\u00e1vamos com aquela massa an\u00f4nima a percorrer as ruas de Porto Alegre, gritando 'Get\u00falio', 'Get\u00falio' e empunhando\u2026","rel":"","context":"Em &quot;Livros&quot;","block_context":{"text":"Livros","link":"https:\/\/www.jornalja.com.br\/arquivo\/category\/livros\/"},"img":{"alt_text":"","src":"https:\/\/i0.wp.com\/www.jornalja.com.br\/wp-content\/uploads\/2008\/07\/brizola.gif?resize=350%2C200&ssl=1","width":350,"height":200},"classes":[]}],"jetpack_shortlink":"https:\/\/wp.me\/pbQjBd-cmx","_links":{"self":[{"href":"https:\/\/www.jornalja.com.br\/arquivo\/wp-json\/wp\/v2\/posts\/47525","targetHints":{"allow":["GET"]}}],"collection":[{"href":"https:\/\/www.jornalja.com.br\/arquivo\/wp-json\/wp\/v2\/posts"}],"about":[{"href":"https:\/\/www.jornalja.com.br\/arquivo\/wp-json\/wp\/v2\/types\/post"}],"author":[{"embeddable":true,"href":"https:\/\/www.jornalja.com.br\/arquivo\/wp-json\/wp\/v2\/users\/4"}],"replies":[{"embeddable":true,"href":"https:\/\/www.jornalja.com.br\/arquivo\/wp-json\/wp\/v2\/comments?post=47525"}],"version-history":[{"count":0,"href":"https:\/\/www.jornalja.com.br\/arquivo\/wp-json\/wp\/v2\/posts\/47525\/revisions"}],"wp:featuredmedia":[{"embeddable":true,"href":"https:\/\/www.jornalja.com.br\/arquivo\/wp-json\/"}],"wp:attachment":[{"href":"https:\/\/www.jornalja.com.br\/arquivo\/wp-json\/wp\/v2\/media?parent=47525"}],"wp:term":[{"taxonomy":"category","embeddable":true,"href":"https:\/\/www.jornalja.com.br\/arquivo\/wp-json\/wp\/v2\/categories?post=47525"},{"taxonomy":"post_tag","embeddable":true,"href":"https:\/\/www.jornalja.com.br\/arquivo\/wp-json\/wp\/v2\/tags?post=47525"}],"curies":[{"name":"wp","href":"https:\/\/api.w.org\/{rel}","templated":true}]}}