{"id":47564,"date":"2017-04-25T13:19:08","date_gmt":"2017-04-25T16:19:08","guid":{"rendered":"https:\/\/www.jornalja.com.br\/?p=47564"},"modified":"2017-04-25T13:19:08","modified_gmt":"2017-04-25T16:19:08","slug":"sergio-moro-faz-palestra-para-juizes-em-porto-alegre","status":"publish","type":"post","link":"https:\/\/www.jornalja.com.br\/arquivo\/sergio-moro-faz-palestra-para-juizes-em-porto-alegre\/","title":{"rendered":"S\u00e9rgio Moro faz palestra para ju\u00edzes em Porto Alegre"},"content":{"rendered":"<p>O ju\u00edz federal S\u00e9rgio Moro participa na tarde desta ter\u00e7a-feira de um curso sobre Direito Criminal e Processual na Escola da Ajuris. A palestra de Moro inicia \u00e0s 14h e tem o tema \u201cO ju\u00edz diante da lei do crime organizado\u201d. O evento \u00e9 apenas para ju\u00edzes.<br \/>\nAl\u00e9m de Moro, a programa\u00e7\u00e3o traz nesta tarde, o procurador de Justi\u00e7a criminal de S\u00e3o Paulo, Edilson Mougenot, abordando o tema \u201cTribunal do J\u00fari\u201d. A Ju\u00edza Patr\u00edcia Tonet tamb\u00e9m participa do evento, com o tema \u201dAudi\u00eancias por v\u00eddeoconfer\u00eancia.\u201d<br \/>\nO curso visa a atualiza\u00e7\u00e3o dos magistrados e \u00e9 realizado periodicamente atrav\u00e9s de um conv\u00eanio entre Ajuris e Tribunal de Justi\u00e7a.<\/p>\n","protected":false},"excerpt":{"rendered":"<p>O ju\u00edz federal S\u00e9rgio Moro participa na tarde desta ter\u00e7a-feira de um curso sobre Direito Criminal e Processual na Escola da Ajuris. A palestra de Moro inicia \u00e0s 14h e tem o tema \u201cO ju\u00edz diante da lei do crime organizado\u201d. O evento \u00e9 apenas para ju\u00edzes. Al\u00e9m de Moro, a programa\u00e7\u00e3o traz nesta tarde, [&hellip;]<\/p>\n","protected":false},"author":4,"featured_media":21610,"comment_status":"open","ping_status":"closed","sticky":false,"template":"","format":"standard","meta":{"_jetpack_memberships_contains_paid_content":false,"footnotes":""},"categories":[26],"tags":[],"class_list":["post-47564","post","type-post","status-publish","format-standard","has-post-thumbnail","hentry","category-geral"],"aioseo_notices":[],"jetpack_featured_media_url":"","jetpack_sharing_enabled":true,"jetpack-related-posts":[],"jetpack_shortlink":"https:\/\/wp.me\/pbQjBd-cna","_links":{"self":[{"href":"https:\/\/www.jornalja.com.br\/arquivo\/wp-json\/wp\/v2\/posts\/47564","targetHints":{"allow":["GET"]}}],"collection":[{"href":"https:\/\/www.jornalja.com.br\/arquivo\/wp-json\/wp\/v2\/posts"}],"about":[{"href":"https:\/\/www.jornalja.com.br\/arquivo\/wp-json\/wp\/v2\/types\/post"}],"author":[{"embeddable":true,"href":"https:\/\/www.jornalja.com.br\/arquivo\/wp-json\/wp\/v2\/users\/4"}],"replies":[{"embeddable":true,"href":"https:\/\/www.jornalja.com.br\/arquivo\/wp-json\/wp\/v2\/comments?post=47564"}],"version-history":[{"count":0,"href":"https:\/\/www.jornalja.com.br\/arquivo\/wp-json\/wp\/v2\/posts\/47564\/revisions"}],"wp:featuredmedia":[{"embeddable":true,"href":"https:\/\/www.jornalja.com.br\/arquivo\/wp-json\/"}],"wp:attachment":[{"href":"https:\/\/www.jornalja.com.br\/arquivo\/wp-json\/wp\/v2\/media?parent=47564"}],"wp:term":[{"taxonomy":"category","embeddable":true,"href":"https:\/\/www.jornalja.com.br\/arquivo\/wp-json\/wp\/v2\/categories?post=47564"},{"taxonomy":"post_tag","embeddable":true,"href":"https:\/\/www.jornalja.com.br\/arquivo\/wp-json\/wp\/v2\/tags?post=47564"}],"curies":[{"name":"wp","href":"https:\/\/api.w.org\/{rel}","templated":true}]}}