{"id":47569,"date":"2017-04-25T15:52:23","date_gmt":"2017-04-25T18:52:23","guid":{"rendered":"https:\/\/www.jornalja.com.br\/?p=47569"},"modified":"2017-04-25T15:52:23","modified_gmt":"2017-04-25T18:52:23","slug":"governo-desiste-de-negociar-com-fundacoes-e-pede-mediacao-do-trt","status":"publish","type":"post","link":"https:\/\/www.jornalja.com.br\/arquivo\/governo-desiste-de-negociar-com-fundacoes-e-pede-mediacao-do-trt\/","title":{"rendered":"Governo desiste de negociar com funda\u00e7\u00f5es e pede media\u00e7\u00e3o do TRT"},"content":{"rendered":"<p>Est\u00e3o suspensas as negocia\u00e7\u00f5es entre governo do Estado e os sindicatos dos servidores de seis funda\u00e7\u00f5es estaduais em processo de extin\u00e7\u00e3o, mais a Corag.<br \/>\nDe acordo com o advogado D\u00e9cio Caye, a Frente Jur\u00eddica que representa os funcion\u00e1rios, na manh\u00e3 de hoje, durante a segunda rodada de negocia\u00e7\u00f5es com a Funda\u00e7\u00e3o para o Desenvolvimento de Recursos Humanos (FDRH), o governo estadual n\u00e3o soube responder ao pedido de informa\u00e7\u00e3o sobre os recursos p\u00fablicos destinados \u00e0 manuten\u00e7\u00e3o dos servidores est\u00e1veis. &#8220;N\u00e3o podemos apresentar proposta por falta de informa\u00e7\u00f5es sobre o total de gastos que o governo teria com a manuten\u00e7\u00e3o dos servidores, os que t\u00eam estabilidade.<br \/>\nO governo, ent\u00e3o, prop\u00f4s suspender as negocia\u00e7\u00f5es e pedir intermedia\u00e7\u00e3o do Tribunal Regional do Trabalho da 4\u00aa Regi\u00e3o (TRT4), o que foi aceito pela Frente Jur\u00eddica.<br \/>\nO pr\u00f3ximo passo \u00e9 a coleta das assinaturas dos presidentes dessas funda\u00e7\u00f5es, em of\u00edcio solicitando a interven\u00e7\u00e3o do TRT4. As seis funda\u00e7\u00f5es envolvidas s\u00e3o a FDRH, Metroplan, Zoobot\u00e2nica, Piratini, Cientec e FEE, mais a Corag.<br \/>\n&nbsp;<\/p>\n","protected":false},"excerpt":{"rendered":"<p>Est\u00e3o suspensas as negocia\u00e7\u00f5es entre governo do Estado e os sindicatos dos servidores de seis funda\u00e7\u00f5es estaduais em processo de extin\u00e7\u00e3o, mais a Corag. De acordo com o advogado D\u00e9cio Caye, a Frente Jur\u00eddica que representa os funcion\u00e1rios, na manh\u00e3 de hoje, durante a segunda rodada de negocia\u00e7\u00f5es com a Funda\u00e7\u00e3o para o Desenvolvimento de [&hellip;]<\/p>\n","protected":false},"author":4,"featured_media":42795,"comment_status":"open","ping_status":"closed","sticky":false,"template":"","format":"standard","meta":{"_jetpack_memberships_contains_paid_content":false,"footnotes":""},"categories":[26],"tags":[],"class_list":["post-47569","post","type-post","status-publish","format-standard","has-post-thumbnail","hentry","category-geral"],"aioseo_notices":[],"jetpack_featured_media_url":"","jetpack_sharing_enabled":true,"jetpack-related-posts":[],"jetpack_shortlink":"https:\/\/wp.me\/pbQjBd-cnf","_links":{"self":[{"href":"https:\/\/www.jornalja.com.br\/arquivo\/wp-json\/wp\/v2\/posts\/47569","targetHints":{"allow":["GET"]}}],"collection":[{"href":"https:\/\/www.jornalja.com.br\/arquivo\/wp-json\/wp\/v2\/posts"}],"about":[{"href":"https:\/\/www.jornalja.com.br\/arquivo\/wp-json\/wp\/v2\/types\/post"}],"author":[{"embeddable":true,"href":"https:\/\/www.jornalja.com.br\/arquivo\/wp-json\/wp\/v2\/users\/4"}],"replies":[{"embeddable":true,"href":"https:\/\/www.jornalja.com.br\/arquivo\/wp-json\/wp\/v2\/comments?post=47569"}],"version-history":[{"count":0,"href":"https:\/\/www.jornalja.com.br\/arquivo\/wp-json\/wp\/v2\/posts\/47569\/revisions"}],"wp:featuredmedia":[{"embeddable":true,"href":"https:\/\/www.jornalja.com.br\/arquivo\/wp-json\/"}],"wp:attachment":[{"href":"https:\/\/www.jornalja.com.br\/arquivo\/wp-json\/wp\/v2\/media?parent=47569"}],"wp:term":[{"taxonomy":"category","embeddable":true,"href":"https:\/\/www.jornalja.com.br\/arquivo\/wp-json\/wp\/v2\/categories?post=47569"},{"taxonomy":"post_tag","embeddable":true,"href":"https:\/\/www.jornalja.com.br\/arquivo\/wp-json\/wp\/v2\/tags?post=47569"}],"curies":[{"name":"wp","href":"https:\/\/api.w.org\/{rel}","templated":true}]}}