{"id":47575,"date":"2017-04-25T19:37:18","date_gmt":"2017-04-25T22:37:18","guid":{"rendered":"https:\/\/www.jornalja.com.br\/?p=47575"},"modified":"2017-04-25T19:37:18","modified_gmt":"2017-04-25T22:37:18","slug":"ccs-demitidos-de-fundacao-foram-recontratados-por-secretaria","status":"publish","type":"post","link":"https:\/\/www.jornalja.com.br\/arquivo\/ccs-demitidos-de-fundacao-foram-recontratados-por-secretaria\/","title":{"rendered":"CCs demitidos de Funda\u00e7\u00e3o foram recontratados por Secretaria"},"content":{"rendered":"<p>Quarenta e cinco dos funcion\u00e1rios com cargo de confian\u00e7a demitidos da Funda\u00e7\u00e3o Estadual de Produ\u00e7\u00e3o e Pesquisa em Sa\u00fade (Fepps) foram recontratados pela Secretaria da Sa\u00fade.<br \/>\nAs nomea\u00e7\u00f5es foram publicadas no Di\u00e1rio Oficial do Estado nesta segunda e ter\u00e7a-feira.<br \/>\nA Fepps \u00e9 uma das nove funda\u00e7\u00f5es extintas pelo governo do Estado. Tinha 316 servidores de carreira, cedidos pela Secretaria da Sa\u00fade, que j\u00e1 voltaram ao seu lugar de origem.<br \/>\nCerca de outros 200 funcion\u00e1rios eram cargos de confian\u00e7a ou com contratos emergenciais, todos j\u00e1 demitidos, inclusive os 45 agora recontratados.<br \/>\n&#8220;Todo esse processo de extin\u00e7\u00e3o das funda\u00e7\u00f5es \u00e9 pouco l\u00f3gico pois o argumento para fechar a Fepps era a necessidade de cortar despesas&#8221;, diz o diretor do Sindicato dos T\u00e9cnicos Cient\u00edficos do Estado (Sintergs), Elp\u00eddio Borba.<br \/>\nPara a ex-diretora t\u00e9cnica da Fepps, Silvia Spalding, a sociedade est\u00e1 assistindo a destrui\u00e7\u00e3o da pesquisa em sa\u00fade no Estado. &#8220;Agora essas recontrata\u00e7\u00f5es de CCs, para cargos de chefias, com altos sal\u00e1rios, s\u00e3o ainda mais incompreens\u00edveis&#8221;, lamenta.<br \/>\nP\u00f3s-graduada em Farm\u00e1cia, com 38 anos de trabalho na sa\u00fade, 22 s\u00f3 na funda\u00e7\u00e3o, Silvia Spalding antecipou sua aposentadoria e, agora, dedica-se s\u00f3 \u00e0 Universidade.<br \/>\nNa sede da Fepps, na avenida Ipiranga, \u00a0metade das instala\u00e7\u00f5es j\u00e1 foram ocupadas pelo Centro Estadual de Vigil\u00e2ncia em Sa\u00fade, \u00f3rg\u00e3o da Secretaria.<\/p>\n","protected":false},"excerpt":{"rendered":"<p>Quarenta e cinco dos funcion\u00e1rios com cargo de confian\u00e7a demitidos da Funda\u00e7\u00e3o Estadual de Produ\u00e7\u00e3o e Pesquisa em Sa\u00fade (Fepps) foram recontratados pela Secretaria da Sa\u00fade. As nomea\u00e7\u00f5es foram publicadas no Di\u00e1rio Oficial do Estado nesta segunda e ter\u00e7a-feira. A Fepps \u00e9 uma das nove funda\u00e7\u00f5es extintas pelo governo do Estado. Tinha 316 servidores de [&hellip;]<\/p>\n","protected":false},"author":4,"featured_media":47584,"comment_status":"open","ping_status":"closed","sticky":false,"template":"","format":"standard","meta":{"_jetpack_memberships_contains_paid_content":false,"footnotes":""},"categories":[26],"tags":[],"class_list":["post-47575","post","type-post","status-publish","format-standard","has-post-thumbnail","hentry","category-geral"],"aioseo_notices":[],"jetpack_featured_media_url":"","jetpack_sharing_enabled":true,"jetpack-related-posts":[],"jetpack_shortlink":"https:\/\/wp.me\/pbQjBd-cnl","_links":{"self":[{"href":"https:\/\/www.jornalja.com.br\/arquivo\/wp-json\/wp\/v2\/posts\/47575","targetHints":{"allow":["GET"]}}],"collection":[{"href":"https:\/\/www.jornalja.com.br\/arquivo\/wp-json\/wp\/v2\/posts"}],"about":[{"href":"https:\/\/www.jornalja.com.br\/arquivo\/wp-json\/wp\/v2\/types\/post"}],"author":[{"embeddable":true,"href":"https:\/\/www.jornalja.com.br\/arquivo\/wp-json\/wp\/v2\/users\/4"}],"replies":[{"embeddable":true,"href":"https:\/\/www.jornalja.com.br\/arquivo\/wp-json\/wp\/v2\/comments?post=47575"}],"version-history":[{"count":1,"href":"https:\/\/www.jornalja.com.br\/arquivo\/wp-json\/wp\/v2\/posts\/47575\/revisions"}],"predecessor-version":[{"id":72204,"href":"https:\/\/www.jornalja.com.br\/arquivo\/wp-json\/wp\/v2\/posts\/47575\/revisions\/72204"}],"wp:featuredmedia":[{"embeddable":true,"href":"https:\/\/www.jornalja.com.br\/arquivo\/wp-json\/"}],"wp:attachment":[{"href":"https:\/\/www.jornalja.com.br\/arquivo\/wp-json\/wp\/v2\/media?parent=47575"}],"wp:term":[{"taxonomy":"category","embeddable":true,"href":"https:\/\/www.jornalja.com.br\/arquivo\/wp-json\/wp\/v2\/categories?post=47575"},{"taxonomy":"post_tag","embeddable":true,"href":"https:\/\/www.jornalja.com.br\/arquivo\/wp-json\/wp\/v2\/tags?post=47575"}],"curies":[{"name":"wp","href":"https:\/\/api.w.org\/{rel}","templated":true}]}}