{"id":47601,"date":"2017-04-26T17:28:44","date_gmt":"2017-04-26T20:28:44","guid":{"rendered":"https:\/\/www.jornalja.com.br\/?p=47601"},"modified":"2017-04-26T17:28:44","modified_gmt":"2017-04-26T20:28:44","slug":"capitolio-abre-circuito-do-festival-e-tudo-verdade","status":"publish","type":"post","link":"https:\/\/www.jornalja.com.br\/arquivo\/capitolio-abre-circuito-do-festival-e-tudo-verdade\/","title":{"rendered":"Capit\u00f3lio abre circuito do festival \u00c9 Tudo Verdade"},"content":{"rendered":"<p>Na pr\u00f3xima semana, Porto Alegre abre o circuito da edi\u00e7\u00e3o 2017 do \u00c9 Tudo Verdade \u2013 Festival Internacional de Document\u00e1rios. De 3 a 7 de maio, a Cinemateca Capit\u00f3lio Petrobras apresenta os destaques da 22\u00aa edi\u00e7\u00e3o do festival em 13 sess\u00f5es, incluindo os vencedores das competi\u00e7\u00f5es de longas e m\u00e9dias brasileiros, internacionais e latino-americanos.<br \/>\nA entrada \u00e9 franca e os ingressos estar\u00e3o dispon\u00edveis na bilheteria uma hora antes das sess\u00f5es. A mostra come\u00e7a com a pr\u00e9-estreia ga\u00facha de Quem \u00c9 Primavera das Neves, de Ana Luiza Azevedo e Jorge Furtado, em sess\u00e3o aberta ao p\u00fablico.<br \/>\nAmir Labaki, fundador e diretor do festival, ressalta que retornar a Porto Alegre \u00e9 um privil\u00e9gio e uma alegria. \u201cA volta \u00e9 ainda mais especial tendo por sede a Cinemateca Capit\u00f3lio Petrobras\u201d, comemora Amir Labaki.<br \/>\nNa programa\u00e7\u00e3o, destaca-se a pr\u00e9-estreia no Rio Grande do Sul de No Intenso Agora, de Jo\u00e3o Moreira Salles, marcando seu retorno ao cinema dez anos depois do lan\u00e7amento de Santiago. Da retrospectiva internacional do ano, 100: De Volta \u00e0 URSS\u00a0ser\u00e1 apresentado O Poder de Solovk\u00ed, de Marina Goldovskaya. Criado em 1923 e ativo at\u00e9 1939, Solovk\u00ed foi um dos primeiros campos de trabalhos for\u00e7ados na URSS.<br \/>\nFundado e dirigido pelo cr\u00edtico Amir Labaki, a 22\u00aa edi\u00e7\u00e3o do \u00c9 Tudo Verdade &#8211; Festival Internacional de Document\u00e1rios conta com patroc\u00ednio do BNDES, OI, Ita\u00fa e Petrobras, al\u00e9m do copatroc\u00ednio da Sabesp e SPcine. Conta tamb\u00e9m com o apoio do Minist\u00e9rio da Cultura &#8211; Secretaria do Audiovisual, atrav\u00e9s da Lei 8.313\/91 (Lei Rouanet) e da Secretaria de Estado da Cultura de S\u00e3o Paulo \u2013 Programa de A\u00e7\u00e3o Cultural\/Proac ICMS.<br \/>\n<strong>Programa\u00e7\u00e3o<\/strong><br \/>\nQuarta-feira<br \/>\n20h &#8211; Quem \u00e9 Primavera das Neves, de Ana Luiza Azevedo e Jorge Furtado<br \/>\nQuinta-feira, 4<br \/>\n16h30 \u2013 Eu, Um Negro, de Jean Rouch<br \/>\n18h00 &#8211; Sal para a Svan\u00e9cia, de Mikhail Kalat\u00f4zov<br \/>\n20h00 \u2013 No Intenso Agora, de Jo\u00e3o Moreira Salles<br \/>\nSexta-feira, 5<br \/>\n16h30 &#8211; Per\u00f3n, Mi Padre y Yo, de Eloy Mart\u00ednez<br \/>\n18h00 &#8211; Permanecer Vivo: Um M\u00e9todo, de Erik Lieshout<br \/>\n20h00 &#8211; Cidades Fantasmas, de Tyrell Spencer<br \/>\nS\u00e1bado, 6<br \/>\n16h30 \u2013 Vencedor da Competi\u00e7\u00e3o Latino-Americana<br \/>\n18h \u2013 Vencedor da Competi\u00e7\u00e3o Internacional<br \/>\n20h \u2013 Vencedor da Competi\u00e7\u00e3o Brasileira<br \/>\nDomingo, 7<br \/>\n16h30 \u2013 Abacus:\u00a0 Pequeno o Bastante para Condenar, de Steve James<br \/>\n18h \u2013 Permanecer Vivo: Um M\u00e9todo, de Erik Lieshout<br \/>\n20h \u2013 O Poder de Solovk\u00ed, de Marina Goldovskaya<br \/>\n<strong>Confira os filmes que ser\u00e3o apresentados:<\/strong><br \/>\nAbacus: Pequeno o Bastante para Condenar (Dir.: Steve James, EUA, 2016, 88 min.)<br \/>\nCompeti\u00e7\u00e3o Internacional: Longas ou M\u00e9dias-Metragens<br \/>\nDiretor do premiado \u201cBasquete Blues\u201d (1994), Steve James mergulha no singular processo da fam\u00edlia Sung de imigrantes chineses, donos do banco Abacus Federal Savings, acusados de fraude hipotec\u00e1ria em 2012 pelo procurador-geral de Nova York, Cyrus Vance Jr., na esteira da grave crise financeira de 2008.<br \/>\nCidades Fantasmas (Dir.: Tyrell Spencer, Brasil, 2017, 70 min.)<br \/>\nCompeti\u00e7\u00e3o Brasileira: Longas ou M\u00e9dias-Metragens<br \/>\nEm Humberstone (Chile), pouco restou da prosperidade do salitre. Perto da antiga Fordl\u00e2ndia (PA), casas de posseiros s\u00e3o os \u00faltimos sinais da cidade constru\u00edda por Henry Ford. Armero (Col\u00f4mbia), teve a popula\u00e7\u00e3o dizimada pela erup\u00e7\u00e3o do vulc\u00e3o Nevado del Ruiz, em 1985. Vinte e cinco anos depois de uma inunda\u00e7\u00e3o, ru\u00ednas da Villa Epecu\u00e9n (Argentina) exp\u00f5em os restos da velha esta\u00e7\u00e3o de \u00e1guas.<br \/>\nEu, Um Negro (Dir.: Jean Rouch, Fran\u00e7a, 1958, 80 min.)<br \/>\nProgramas Especiais<br \/>\nAtendendo a uma proposta do cineasta Jean Rouch, jovens imigrantes que vivem de biscates no bairro de Treichville, em Abidjan, Costa do Marfim, representam diante das c\u00e2meras personagens de uma vida ideal. Contrapondo a pobreza de suas condi\u00e7\u00f5es reais de sobreviv\u00eancia, assumem nomes tirados do cinema, como Edward G. Robinson, Dorothy Lamour e Tarzan. Homenagem ao centen\u00e1rio de nascimento de Jean Rouch (1917-2004).<br \/>\nNo Intenso Agora (Dir.: Jo\u00e3o Moreira Salles, Brasil, 2017, 127 min.)<br \/>\nProgramas Especiais<br \/>\nImagens recolhidas por sua m\u00e3e numa viagem \u00e0 China em 1966 d\u00e3o ao cineasta Jo\u00e3o Moreira Salles o fio inicial para este document\u00e1rio. Colocando em paralelo estas imagens e outras de diversas origens e arquivos, ele capta n\u00e3o s\u00f3 aspectos de sua vida familiar como os movimentos que atravessaram alguns dos momentos pol\u00edticos mais transformadores do s\u00e9culo XX.<br \/>\nO Poder de Solovk\u00ed (Dir.: Marina Goldovskaya, R\u00fassia, 1988, 93 min.)<br \/>\nRetrospectiva Internacional \u2013 100: De Volta \u00e0 URSS<br \/>\nCriado em 1923 e funcionando at\u00e9 1939, Solovk\u00ed foi um dos primeiros campos sovi\u00e9ticos de trabalhos for\u00e7ados. Mais de sessenta anos depois de suas deten\u00e7\u00f5es, antigos prisioneiros pol\u00edticos relembram suas experi\u00eancias e o cotidiano do campo onde imperava, como diziam os guardas do local, n\u00e3o o poder sovi\u00e9tico, mas o \u201cpoder solovi\u00e9tico\u201d.<br \/>\nPermanecer Vivo \u2013 Um M\u00e9todo (Dir.: Erik Lieshout, Pa\u00edses Baixos\/ B\u00e9lgica, 2016, 70 min.)<br \/>\nO Estado das Coisas<br \/>\nEm 1991, inspirado pelas hist\u00f3rias de vida de algumas pessoas com dist\u00farbios psiqui\u00e1tricos, o escritor franc\u00eas Michel Houellebecq escreveu seu provocativo ensaio \u201cRester Vivant\u201d (Permanecer vivo). Vinte e cinco anos depois, o roqueiro norte-americano Iggy Pop extrai do ensaio trechos que correspondem a alguns de seus pr\u00f3prios desafios pessoais.<br \/>\nPer\u00f3n, Meu Pai e Eu (Dir.: Blas Eloy Mart\u00ednez, Argentina, 2017, 80 min.)<br \/>\nCompeti\u00e7\u00e3o Internacional: Longas ou M\u00e9dias-Metragens e Competi\u00e7\u00e3o Latino-Americana<br \/>\nAutor de livros como \u201cSanta Evita\u201d (1996), o escritor e jornalista argentino Tom\u00e1s Eloy Martinez realizou, h\u00e1 45 anos, uma m\u00edtica entrevista com o ex-presidente Juan Domingo Per\u00f3n. Depois da morte do autor, em 2010, seu filho Blas Martinez recupera as grava\u00e7\u00f5es. Inicia, ent\u00e3o, um mergulho n\u00e3o s\u00f3 na hist\u00f3ria de seu pa\u00eds como em sua pr\u00f3pria viv\u00eancia pessoal.<br \/>\nQuem \u00e9 Primavera das Neves (Dir.: Ana Luiza Azevedo e Jorge Furtado, Brasil, 2017, 75 min.)<br \/>\nCompeti\u00e7\u00e3o Brasileira: Longas ou M\u00e9dias-Metragens<br \/>\nEm mar\u00e7o de 2010, o cineasta Jorge Furtado escreve uma postagem em seu blog, indagando quem pode ter not\u00edcias sobre a tradutora Primavera das Neves, cujo nome o fascina. A busca o leva ao encontro deste document\u00e1rio, em que \u00e9 guiado por amigas de inf\u00e2ncia da tradutora, Eulalie Ligneul, e a artista pl\u00e1stica Anna Bella Geiger.<br \/>\nSal para a Svan\u00e9cia (Dir.: Mikhail Kalat\u00f4zov, Ge\u00f3rgia, 1930, 62 min.)<br \/>\nRetrospectiva Internacional \u2013 100: De Volta \u00e0 URSS<br \/>\nNeste retrato etnogr\u00e1fico nada convencional da vida de uma isolada comunidade camponesa no C\u00e1ucaso, o cineasta georgiano Mikhail Kalat\u00f4zov incorporou materiais filmados originalmente para uma fic\u00e7\u00e3o que realizou no local, mas que n\u00e3o foi acabada. O resultado \u00e9 um filme h\u00edbrido, com roteiro do escritor Serguei Tretiak\u00f3v.<br \/>\n&nbsp;<\/p>\n","protected":false},"excerpt":{"rendered":"<p>Na pr\u00f3xima semana, Porto Alegre abre o circuito da edi\u00e7\u00e3o 2017 do \u00c9 Tudo Verdade \u2013 Festival Internacional de Document\u00e1rios. De 3 a 7 de maio, a Cinemateca Capit\u00f3lio Petrobras apresenta os destaques da 22\u00aa edi\u00e7\u00e3o do festival em 13 sess\u00f5es, incluindo os vencedores das competi\u00e7\u00f5es de longas e m\u00e9dias brasileiros, internacionais e latino-americanos. A [&hellip;]<\/p>\n","protected":false},"author":4,"featured_media":47602,"comment_status":"open","ping_status":"closed","sticky":false,"template":"","format":"standard","meta":{"_jetpack_newsletter_access":"","_jetpack_dont_email_post_to_subs":false,"_jetpack_newsletter_tier_id":0,"_jetpack_memberships_contains_paywalled_content":false,"_jetpack_feature_clip_id":0,"_jetpack_memberships_contains_paid_content":false,"footnotes":"","jetpack_post_was_ever_published":false},"categories":[26],"tags":[],"class_list":["post-47601","post","type-post","status-publish","format-standard","has-post-thumbnail","hentry","category-geral"],"aioseo_notices":[],"aioseo_head":"\n\t\t<!-- All in One SEO 5.0.1.1 - aioseo.com -->\n\t<meta name=\"robots\" content=\"max-image-preview:large\" \/>\n\t<meta name=\"author\" content=\"da Reda\u00e7\u00e3o\"\/>\n\t<link rel=\"canonical\" href=\"https:\/\/www.jornalja.com.br\/arquivo\/capitolio-abre-circuito-do-festival-e-tudo-verdade\/\" \/>\n\t<meta name=\"generator\" content=\"All in One SEO (AIOSEO) 5.0.1.1\" \/>\n\t\t<meta property=\"og:locale\" content=\"pt_BR\" \/>\n\t\t<meta property=\"og:site_name\" content=\"Arquivo | Jornal J\u00c1 | Porto Alegre\" \/>\n\t\t<meta property=\"og:type\" content=\"article\" \/>\n\t\t<meta property=\"og:title\" content=\"Capit\u00f3lio abre circuito do festival \u00c9 Tudo Verdade | Arquivo\" \/>\n\t\t<meta property=\"og:url\" content=\"https:\/\/www.jornalja.com.br\/arquivo\/capitolio-abre-circuito-do-festival-e-tudo-verdade\/\" \/>\n\t\t<meta property=\"og:image\" content=\"https:\/\/www.jornalja.com.br\/economics\/wp-content\/uploads\/sites\/11\/2026\/08\/ja-folhaderosto-facebook.jpg\" \/>\n\t\t<meta property=\"og:image:secure_url\" content=\"https:\/\/www.jornalja.com.br\/economics\/wp-content\/uploads\/sites\/11\/2026\/08\/ja-folhaderosto-facebook.jpg\" \/>\n\t\t<meta property=\"article:published_time\" content=\"2017-04-26T20:28:44+00:00\" \/>\n\t\t<meta property=\"article:modified_time\" content=\"2017-04-26T20:28:44+00:00\" \/>\n\t\t<meta name=\"twitter:card\" content=\"summary\" \/>\n\t\t<meta name=\"twitter:title\" content=\"Capit\u00f3lio abre circuito do festival \u00c9 Tudo Verdade | Arquivo\" \/>\n\t\t<meta name=\"twitter:image\" content=\"https:\/\/www.jornalja.com.br\/economics\/wp-content\/uploads\/sites\/11\/2026\/08\/ja-folhaderosto-facebook.jpg\" \/>\n\t\t<script type=\"application\/ld+json\" class=\"aioseo-schema\">\n\t\t\t{\"@context\":\"https:\\\/\\\/schema.org\",\"@graph\":[{\"@type\":\"BlogPosting\",\"@id\":\"https:\\\/\\\/www.jornalja.com.br\\\/arquivo\\\/capitolio-abre-circuito-do-festival-e-tudo-verdade\\\/#blogposting\",\"name\":\"Capit\\u00f3lio abre circuito do festival \\u00c9 Tudo Verdade | Arquivo\",\"headline\":\"Capit\\u00f3lio abre circuito do festival \\u00c9 Tudo Verdade\",\"author\":{\"@id\":\"https:\\\/\\\/www.jornalja.com.br\\\/arquivo\\\/author\\\/daredacao\\\/#author\"},\"publisher\":{\"@id\":\"https:\\\/\\\/www.jornalja.com.br\\\/arquivo\\\/#organization\"},\"image\":{\"@type\":\"ImageObject\",\"url\":47602},\"datePublished\":\"2017-04-26T17:28:44-03:00\",\"dateModified\":\"2017-04-26T17:28:44-03:00\",\"inLanguage\":\"pt-BR\",\"mainEntityOfPage\":{\"@id\":\"https:\\\/\\\/www.jornalja.com.br\\\/arquivo\\\/capitolio-abre-circuito-do-festival-e-tudo-verdade\\\/#webpage\"},\"isPartOf\":{\"@id\":\"https:\\\/\\\/www.jornalja.com.br\\\/arquivo\\\/capitolio-abre-circuito-do-festival-e-tudo-verdade\\\/#webpage\"},\"articleSection\":\"Geral\"},{\"@type\":\"BreadcrumbList\",\"@id\":\"https:\\\/\\\/www.jornalja.com.br\\\/arquivo\\\/capitolio-abre-circuito-do-festival-e-tudo-verdade\\\/#breadcrumblist\",\"itemListElement\":[{\"@type\":\"ListItem\",\"@id\":\"https:\\\/\\\/www.jornalja.com.br\\\/arquivo#listItem\",\"position\":1,\"name\":\"Home\",\"item\":\"https:\\\/\\\/www.jornalja.com.br\\\/arquivo\",\"nextItem\":{\"@type\":\"ListItem\",\"@id\":\"https:\\\/\\\/www.jornalja.com.br\\\/arquivo\\\/category\\\/geral\\\/#listItem\",\"name\":\"Geral\"}},{\"@type\":\"ListItem\",\"@id\":\"https:\\\/\\\/www.jornalja.com.br\\\/arquivo\\\/category\\\/geral\\\/#listItem\",\"position\":2,\"name\":\"Geral\",\"item\":\"https:\\\/\\\/www.jornalja.com.br\\\/arquivo\\\/category\\\/geral\\\/\",\"nextItem\":{\"@type\":\"ListItem\",\"@id\":\"https:\\\/\\\/www.jornalja.com.br\\\/arquivo\\\/capitolio-abre-circuito-do-festival-e-tudo-verdade\\\/#listItem\",\"name\":\"Capit\\u00f3lio abre circuito do festival \\u00c9 Tudo Verdade\"},\"previousItem\":{\"@type\":\"ListItem\",\"@id\":\"https:\\\/\\\/www.jornalja.com.br\\\/arquivo#listItem\",\"name\":\"Home\"}},{\"@type\":\"ListItem\",\"@id\":\"https:\\\/\\\/www.jornalja.com.br\\\/arquivo\\\/capitolio-abre-circuito-do-festival-e-tudo-verdade\\\/#listItem\",\"position\":3,\"name\":\"Capit\\u00f3lio abre circuito do festival \\u00c9 Tudo Verdade\",\"previousItem\":{\"@type\":\"ListItem\",\"@id\":\"https:\\\/\\\/www.jornalja.com.br\\\/arquivo\\\/category\\\/geral\\\/#listItem\",\"name\":\"Geral\"}}]},{\"@type\":\"Organization\",\"@id\":\"https:\\\/\\\/www.jornalja.com.br\\\/arquivo\\\/#organization\",\"name\":\"Jornal J\\u00c1\",\"description\":\"Jornal J\\u00c1 | Porto Alegre\",\"url\":\"https:\\\/\\\/www.jornalja.com.br\\\/arquivo\\\/\",\"telephone\":\"+555133307272\",\"logo\":{\"@type\":\"ImageObject\",\"url\":\"https:\\\/\\\/www.jornalja.com.br\\\/wp-content\\\/uploads\\\/cards\\\/JAslogan.png\",\"@id\":\"https:\\\/\\\/www.jornalja.com.br\\\/arquivo\\\/capitolio-abre-circuito-do-festival-e-tudo-verdade\\\/#organizationLogo\"},\"image\":{\"@id\":\"https:\\\/\\\/www.jornalja.com.br\\\/arquivo\\\/capitolio-abre-circuito-do-festival-e-tudo-verdade\\\/#organizationLogo\"}},{\"@type\":\"Person\",\"@id\":\"https:\\\/\\\/www.jornalja.com.br\\\/arquivo\\\/author\\\/daredacao\\\/#author\",\"url\":\"https:\\\/\\\/www.jornalja.com.br\\\/arquivo\\\/author\\\/daredacao\\\/\",\"name\":\"da Reda\\u00e7\\u00e3o\",\"image\":{\"@type\":\"ImageObject\",\"@id\":\"https:\\\/\\\/www.jornalja.com.br\\\/arquivo\\\/capitolio-abre-circuito-do-festival-e-tudo-verdade\\\/#authorImage\",\"url\":\"https:\\\/\\\/secure.gravatar.com\\\/avatar\\\/469fd857d6605ad19919d27ed29d35a968a25f6e8fd9318356bbb7f57aae9c65?s=96&d=mm&r=g\",\"width\":96,\"height\":96,\"caption\":\"da Reda\\u00e7\\u00e3o\"}},{\"@type\":\"WebPage\",\"@id\":\"https:\\\/\\\/www.jornalja.com.br\\\/arquivo\\\/capitolio-abre-circuito-do-festival-e-tudo-verdade\\\/#webpage\",\"url\":\"https:\\\/\\\/www.jornalja.com.br\\\/arquivo\\\/capitolio-abre-circuito-do-festival-e-tudo-verdade\\\/\",\"name\":\"Capit\\u00f3lio abre circuito do festival \\u00c9 Tudo Verdade | Arquivo\",\"inLanguage\":\"pt-BR\",\"isPartOf\":{\"@id\":\"https:\\\/\\\/www.jornalja.com.br\\\/arquivo\\\/#website\"},\"breadcrumb\":{\"@id\":\"https:\\\/\\\/www.jornalja.com.br\\\/arquivo\\\/capitolio-abre-circuito-do-festival-e-tudo-verdade\\\/#breadcrumblist\"},\"author\":{\"@id\":\"https:\\\/\\\/www.jornalja.com.br\\\/arquivo\\\/author\\\/daredacao\\\/#author\"},\"creator\":{\"@id\":\"https:\\\/\\\/www.jornalja.com.br\\\/arquivo\\\/author\\\/daredacao\\\/#author\"},\"image\":{\"@type\":\"ImageObject\",\"url\":47602,\"@id\":\"https:\\\/\\\/www.jornalja.com.br\\\/arquivo\\\/capitolio-abre-circuito-do-festival-e-tudo-verdade\\\/#mainImage\"},\"primaryImageOfPage\":{\"@id\":\"https:\\\/\\\/www.jornalja.com.br\\\/arquivo\\\/capitolio-abre-circuito-do-festival-e-tudo-verdade\\\/#mainImage\"},\"datePublished\":\"2017-04-26T17:28:44-03:00\",\"dateModified\":\"2017-04-26T17:28:44-03:00\"},{\"@type\":\"WebSite\",\"@id\":\"https:\\\/\\\/www.jornalja.com.br\\\/arquivo\\\/#website\",\"url\":\"https:\\\/\\\/www.jornalja.com.br\\\/arquivo\\\/\",\"name\":\"Arquivo\",\"description\":\"Jornal J\\u00c1 | Porto Alegre\",\"inLanguage\":\"pt-BR\",\"publisher\":{\"@id\":\"https:\\\/\\\/www.jornalja.com.br\\\/arquivo\\\/#organization\"}}]}\n\t\t<\/script>\n\t\t<!-- All in One SEO -->\n\n","aioseo_head_json":{"title":"Capit\u00f3lio abre circuito do festival \u00c9 Tudo Verdade | Arquivo","description":"","canonical_url":"https:\/\/www.jornalja.com.br\/arquivo\/capitolio-abre-circuito-do-festival-e-tudo-verdade\/","robots":"max-image-preview:large","keywords":"","webmasterTools":{"miscellaneous":""},"schema":{"@context":"https:\/\/schema.org","@graph":[{"@type":"BlogPosting","@id":"https:\/\/www.jornalja.com.br\/arquivo\/capitolio-abre-circuito-do-festival-e-tudo-verdade\/#blogposting","name":"Capit\u00f3lio abre circuito do festival \u00c9 Tudo Verdade | Arquivo","headline":"Capit\u00f3lio abre circuito do festival \u00c9 Tudo Verdade","author":{"@id":"https:\/\/www.jornalja.com.br\/arquivo\/author\/daredacao\/#author"},"publisher":{"@id":"https:\/\/www.jornalja.com.br\/arquivo\/#organization"},"image":{"@type":"ImageObject","url":47602},"datePublished":"2017-04-26T17:28:44-03:00","dateModified":"2017-04-26T17:28:44-03:00","inLanguage":"pt-BR","mainEntityOfPage":{"@id":"https:\/\/www.jornalja.com.br\/arquivo\/capitolio-abre-circuito-do-festival-e-tudo-verdade\/#webpage"},"isPartOf":{"@id":"https:\/\/www.jornalja.com.br\/arquivo\/capitolio-abre-circuito-do-festival-e-tudo-verdade\/#webpage"},"articleSection":"Geral"},{"@type":"BreadcrumbList","@id":"https:\/\/www.jornalja.com.br\/arquivo\/capitolio-abre-circuito-do-festival-e-tudo-verdade\/#breadcrumblist","itemListElement":[{"@type":"ListItem","@id":"https:\/\/www.jornalja.com.br\/arquivo#listItem","position":1,"name":"Home","item":"https:\/\/www.jornalja.com.br\/arquivo","nextItem":{"@type":"ListItem","@id":"https:\/\/www.jornalja.com.br\/arquivo\/category\/geral\/#listItem","name":"Geral"}},{"@type":"ListItem","@id":"https:\/\/www.jornalja.com.br\/arquivo\/category\/geral\/#listItem","position":2,"name":"Geral","item":"https:\/\/www.jornalja.com.br\/arquivo\/category\/geral\/","nextItem":{"@type":"ListItem","@id":"https:\/\/www.jornalja.com.br\/arquivo\/capitolio-abre-circuito-do-festival-e-tudo-verdade\/#listItem","name":"Capit\u00f3lio abre circuito do festival \u00c9 Tudo Verdade"},"previousItem":{"@type":"ListItem","@id":"https:\/\/www.jornalja.com.br\/arquivo#listItem","name":"Home"}},{"@type":"ListItem","@id":"https:\/\/www.jornalja.com.br\/arquivo\/capitolio-abre-circuito-do-festival-e-tudo-verdade\/#listItem","position":3,"name":"Capit\u00f3lio abre circuito do festival \u00c9 Tudo Verdade","previousItem":{"@type":"ListItem","@id":"https:\/\/www.jornalja.com.br\/arquivo\/category\/geral\/#listItem","name":"Geral"}}]},{"@type":"Organization","@id":"https:\/\/www.jornalja.com.br\/arquivo\/#organization","name":"Jornal J\u00c1","description":"Jornal J\u00c1 | Porto Alegre","url":"https:\/\/www.jornalja.com.br\/arquivo\/","telephone":"+555133307272","logo":{"@type":"ImageObject","url":"https:\/\/www.jornalja.com.br\/wp-content\/uploads\/cards\/JAslogan.png","@id":"https:\/\/www.jornalja.com.br\/arquivo\/capitolio-abre-circuito-do-festival-e-tudo-verdade\/#organizationLogo"},"image":{"@id":"https:\/\/www.jornalja.com.br\/arquivo\/capitolio-abre-circuito-do-festival-e-tudo-verdade\/#organizationLogo"}},{"@type":"Person","@id":"https:\/\/www.jornalja.com.br\/arquivo\/author\/daredacao\/#author","url":"https:\/\/www.jornalja.com.br\/arquivo\/author\/daredacao\/","name":"da Reda\u00e7\u00e3o","image":{"@type":"ImageObject","@id":"https:\/\/www.jornalja.com.br\/arquivo\/capitolio-abre-circuito-do-festival-e-tudo-verdade\/#authorImage","url":"https:\/\/secure.gravatar.com\/avatar\/469fd857d6605ad19919d27ed29d35a968a25f6e8fd9318356bbb7f57aae9c65?s=96&d=mm&r=g","width":96,"height":96,"caption":"da Reda\u00e7\u00e3o"}},{"@type":"WebPage","@id":"https:\/\/www.jornalja.com.br\/arquivo\/capitolio-abre-circuito-do-festival-e-tudo-verdade\/#webpage","url":"https:\/\/www.jornalja.com.br\/arquivo\/capitolio-abre-circuito-do-festival-e-tudo-verdade\/","name":"Capit\u00f3lio abre circuito do festival \u00c9 Tudo Verdade | Arquivo","inLanguage":"pt-BR","isPartOf":{"@id":"https:\/\/www.jornalja.com.br\/arquivo\/#website"},"breadcrumb":{"@id":"https:\/\/www.jornalja.com.br\/arquivo\/capitolio-abre-circuito-do-festival-e-tudo-verdade\/#breadcrumblist"},"author":{"@id":"https:\/\/www.jornalja.com.br\/arquivo\/author\/daredacao\/#author"},"creator":{"@id":"https:\/\/www.jornalja.com.br\/arquivo\/author\/daredacao\/#author"},"image":{"@type":"ImageObject","url":47602,"@id":"https:\/\/www.jornalja.com.br\/arquivo\/capitolio-abre-circuito-do-festival-e-tudo-verdade\/#mainImage"},"primaryImageOfPage":{"@id":"https:\/\/www.jornalja.com.br\/arquivo\/capitolio-abre-circuito-do-festival-e-tudo-verdade\/#mainImage"},"datePublished":"2017-04-26T17:28:44-03:00","dateModified":"2017-04-26T17:28:44-03:00"},{"@type":"WebSite","@id":"https:\/\/www.jornalja.com.br\/arquivo\/#website","url":"https:\/\/www.jornalja.com.br\/arquivo\/","name":"Arquivo","description":"Jornal J\u00c1 | Porto Alegre","inLanguage":"pt-BR","publisher":{"@id":"https:\/\/www.jornalja.com.br\/arquivo\/#organization"}}]},"og:locale":"pt_BR","og:site_name":"Arquivo | Jornal J\u00c1 | Porto Alegre","og:type":"article","og:title":"Capit\u00f3lio abre circuito do festival \u00c9 Tudo Verdade | Arquivo","og:url":"https:\/\/www.jornalja.com.br\/arquivo\/capitolio-abre-circuito-do-festival-e-tudo-verdade\/","og:image":"https:\/\/www.jornalja.com.br\/economics\/wp-content\/uploads\/sites\/11\/2026\/08\/ja-folhaderosto-facebook.jpg","og:image:secure_url":"https:\/\/www.jornalja.com.br\/economics\/wp-content\/uploads\/sites\/11\/2026\/08\/ja-folhaderosto-facebook.jpg","article:published_time":"2017-04-26T20:28:44+00:00","article:modified_time":"2017-04-26T20:28:44+00:00","twitter:card":"summary","twitter:title":"Capit\u00f3lio abre circuito do festival \u00c9 Tudo Verdade | Arquivo","twitter:image":"https:\/\/www.jornalja.com.br\/economics\/wp-content\/uploads\/sites\/11\/2026\/08\/ja-folhaderosto-facebook.jpg"},"aioseo_meta_data":{"post_id":"47601","title":null,"description":null,"keywords":null,"keyphrases":null,"primary_term":null,"canonical_url":null,"og_title":null,"og_description":null,"og_object_type":"default","og_image_type":"default","og_image_url":null,"og_image_width":null,"og_image_height":null,"og_image_custom_url":null,"og_image_custom_fields":null,"og_video":null,"og_custom_url":null,"og_article_section":null,"og_article_tags":null,"twitter_use_og":false,"twitter_card":"default","twitter_image_type":"default","twitter_image_url":null,"twitter_image_custom_url":null,"twitter_image_custom_fields":null,"twitter_title":null,"twitter_description":null,"schema":{"blockGraphs":[],"customGraphs":[],"default":{"data":{"Article":[],"Course":[],"Dataset":[],"FAQPage":[],"Movie":[],"Person":[],"Product":[],"ProductReview":[],"Car":[],"Recipe":[],"Service":[],"SoftwareApplication":[],"WebPage":[]},"graphName":"","isEnabled":true},"graphs":[],"defaultGraph":"","defaultPostTypeGraph":""},"schema_type":null,"schema_type_options":null,"pillar_content":false,"robots_default":true,"robots_noindex":false,"robots_noarchive":false,"robots_nosnippet":false,"robots_nofollow":false,"robots_noimageindex":false,"robots_noodp":false,"robots_notranslate":false,"robots_max_snippet":null,"robots_max_videopreview":null,"robots_max_imagepreview":"large","priority":null,"frequency":null,"location":null,"local_seo":null,"breadcrumb_settings":null,"limit_modified_date":false,"ai":null,"created":"2020-12-20 20:35:51","updated":"2025-07-19 21:11:00","seo_analyzer_scan_date":null,"focus_keyword":null,"additional_keywords":null,"truseo_locale":null},"jetpack_sharing_enabled":true,"jetpack-related-posts":[{"id":13124,"url":"https:\/\/www.jornalja.com.br\/arquivo\/sangue-latino-no-iecine\/","url_meta":{"origin":47601,"position":0},"title":"Sangue latino no IECINE","author":"da Reda\u00e7\u00e3o","date":"18 de maio de 2014","format":false,"excerpt":"Francisco Ribeiro O Instituto Estadual de Cinema (IECINE) tem a frente, desde abril \u00faltimo, um novo diretor, o cineasta colombiano Juan Zapata, 36, que substitui Luiz Alberto Cassol. Radicado h\u00e1 dez anos em Porto Alegre, Zapata tem diante de si o desafio de conduzir at\u00e9 o final do ano um\u2026","rel":"","context":"Em &quot;Cultura-Geral&quot;","block_context":{"text":"Cultura-Geral","link":"https:\/\/www.jornalja.com.br\/arquivo\/category\/materiasecundaria\/"},"img":{"alt_text":"","src":"","width":0,"height":0},"classes":[]},{"id":1280,"url":"https:\/\/www.jornalja.com.br\/arquivo\/o-menino-que-se-tornou-brizola\/","url_meta":{"origin":47601,"position":1},"title":"O Menino que se Tornou Brizola","author":"da Reda\u00e7\u00e3o","date":"28 de julho de 2008","format":false,"excerpt":"Autor: Cleber Dioni A vida de Leonel Brizola, com \u00eanfase para os primeiros anos em Porto Alegre, at\u00e9 o ex\u00edlio no Uruguai e a volta, quinze anos depois. \u00a0\"...\u00c9ramos todos jovens e nos identific\u00e1vamos com aquela massa an\u00f4nima a percorrer as ruas de Porto Alegre, gritando 'Get\u00falio', 'Get\u00falio' e empunhando\u2026","rel":"","context":"Em &quot;Livros&quot;","block_context":{"text":"Livros","link":"https:\/\/www.jornalja.com.br\/arquivo\/category\/livros\/"},"img":{"alt_text":"","src":"https:\/\/i0.wp.com\/www.jornalja.com.br\/wp-content\/uploads\/2008\/07\/brizola.gif?resize=350%2C200&ssl=1","width":350,"height":200},"classes":[]},{"id":13240,"url":"https:\/\/www.jornalja.com.br\/arquivo\/plano-diretor-estamos-construindo-o-caos\/","url_meta":{"origin":47601,"position":2},"title":"Plano diretor: &quot;Estamos construindo o caos&quot;","author":"Patr\u00edcia Marini","date":"26 de maio de 2014","format":false,"excerpt":"Desabafo que arquiteta Eliana Castilhos, delegada da Regi\u00e3o de Planejamento 1, postou nas redes sociais \u00e9 um testemunho do ambiente que se criou no Conselho do Plano Diretor de Porto Alegre, onde a aprova\u00e7\u00e3o de grandes empreendimentos \u00e9 empurrada guela abaixo dos conselheiros. Ao CMDUA Como delegada da Regi\u00e3o de\u2026","rel":"","context":"Em &quot;Geral&quot;","block_context":{"text":"Geral","link":"https:\/\/www.jornalja.com.br\/arquivo\/category\/geral\/"},"img":{"alt_text":"","src":"","width":0,"height":0},"classes":[]},{"id":12960,"url":"https:\/\/www.jornalja.com.br\/arquivo\/populacao-culpa-empresas-pela-greve-dos-rodoviarios\/","url_meta":{"origin":47601,"position":3},"title":"Popula\u00e7\u00e3o culpa empresas pela greve","author":"Patr\u00edcia Marini","date":"14 de fevereiro de 2014","format":false,"excerpt":"Pesquisa divulgada na edi\u00e7\u00e3o do jornal Metro desta sexta-feira,14, comprova o velho ditado: \u00e9 poss\u00edvel enganar muitos por algum tempo, mas n\u00e3o \u00e9 poss\u00edvel enganar a todos o tempo inteiro. A principal revela\u00e7\u00e3o foi que 59,8% dos entrevistados apontaram as empresas como as principais respons\u00e1veis pela grave e 46% culparam\u2026","rel":"","context":"Em &quot;X.Categorias velhas&quot;","block_context":{"text":"X.Categorias velhas","link":"https:\/\/www.jornalja.com.br\/arquivo\/category\/x-categorias-velhas\/"},"img":{"alt_text":"","src":"","width":0,"height":0},"classes":[]},{"id":14241,"url":"https:\/\/www.jornalja.com.br\/arquivo\/o-guaiba-nas-imagens-poeticas-de-achutti\/","url_meta":{"origin":47601,"position":4},"title":"O Gua\u00edba nas imagens po\u00e9ticas de Achutti","author":"da Reda\u00e7\u00e3o","date":"18 de junho de 2014","format":false,"excerpt":"Em \u201cO Gua\u00edba por Achutti\u201d \u2013 obra financiada via Minist\u00e9rio da Cultura, produ\u00e7\u00e3o executiva de Pedro Longhi, e Fl\u00e1vio Wild como designer \u2013, o fot\u00f3grafo revela a beleza e as mazelas de um espa\u00e7o aqu\u00e1tico de \u00e1guas sempre renovadas, cheio de hist\u00f3rias e lendas como as das cidades que foram\u2026","rel":"","context":"Em &quot;Cultura-Geral&quot;","block_context":{"text":"Cultura-Geral","link":"https:\/\/www.jornalja.com.br\/arquivo\/category\/materiasecundaria\/"},"img":{"alt_text":"","src":"","width":0,"height":0},"classes":[]},{"id":5440,"url":"https:\/\/www.jornalja.com.br\/arquivo\/casarao-da-venancio-destino-permanece-incerto\/","url_meta":{"origin":47601,"position":5},"title":"Estado ainda n\u00e3o sabe o que fazer com casar\u00e3o abandonado h\u00e1 20 anos","author":"Elmar Bones","date":"6 de julho de 2009","format":false,"excerpt":"O casar\u00e3o amarelo, numa esquina nobre de Porto Alegre (Ven\u00e2ncio Aires com Jo\u00e3o Pessoa), j\u00e1 abrigou uma escola. H\u00e1 duas d\u00e9cadas, pelo menos, est\u00e1 abandonado, porque seu propriet\u00e1rio, o governo do Estado do Rio Grande do Sul, n\u00e3o consegue achar um destino para ele. Planos n\u00e3o faltaram. O governador Ol\u00edvio\u2026","rel":"","context":"Em &quot;X.Categorias velhas&quot;","block_context":{"text":"X.Categorias velhas","link":"https:\/\/www.jornalja.com.br\/arquivo\/category\/x-categorias-velhas\/"},"img":{"alt_text":"geraldo1","src":"https:\/\/i0.wp.com\/www.jornalja.com.br\/wp-content\/uploads\/2009\/07\/geraldo1.jpg?resize=350%2C200&ssl=1","width":350,"height":200},"classes":[]}],"jetpack_shortlink":"https:\/\/wp.me\/pbQjBd-cnL","jetpack_featured_media_url":"","_links":{"self":[{"href":"https:\/\/www.jornalja.com.br\/arquivo\/wp-json\/wp\/v2\/posts\/47601","targetHints":{"allow":["GET"]}}],"collection":[{"href":"https:\/\/www.jornalja.com.br\/arquivo\/wp-json\/wp\/v2\/posts"}],"about":[{"href":"https:\/\/www.jornalja.com.br\/arquivo\/wp-json\/wp\/v2\/types\/post"}],"author":[{"embeddable":true,"href":"https:\/\/www.jornalja.com.br\/arquivo\/wp-json\/wp\/v2\/users\/4"}],"replies":[{"embeddable":true,"href":"https:\/\/www.jornalja.com.br\/arquivo\/wp-json\/wp\/v2\/comments?post=47601"}],"version-history":[{"count":0,"href":"https:\/\/www.jornalja.com.br\/arquivo\/wp-json\/wp\/v2\/posts\/47601\/revisions"}],"wp:attachment":[{"href":"https:\/\/www.jornalja.com.br\/arquivo\/wp-json\/wp\/v2\/media?parent=47601"}],"wp:term":[{"taxonomy":"category","embeddable":true,"href":"https:\/\/www.jornalja.com.br\/arquivo\/wp-json\/wp\/v2\/categories?post=47601"},{"taxonomy":"post_tag","embeddable":true,"href":"https:\/\/www.jornalja.com.br\/arquivo\/wp-json\/wp\/v2\/tags?post=47601"}],"curies":[{"name":"wp","href":"https:\/\/api.w.org\/{rel}","templated":true}]}}