{"id":47604,"date":"2017-04-26T18:34:24","date_gmt":"2017-04-26T21:34:24","guid":{"rendered":"https:\/\/www.jornalja.com.br\/?p=47604"},"modified":"2017-04-26T18:34:24","modified_gmt":"2017-04-26T21:34:24","slug":"prefeito-envia-a-camara-oito-projetos-para-enfrentar-a-crise-financeira","status":"publish","type":"post","link":"https:\/\/www.jornalja.com.br\/arquivo\/prefeito-envia-a-camara-oito-projetos-para-enfrentar-a-crise-financeira\/","title":{"rendered":"Prefeito envia \u00e0 C\u00e2mara oito projetos para enfrentar a crise financeira"},"content":{"rendered":"<p>A Prefeitura de Porto Alegre encaminhou oito projetos de lei \u00e0 C\u00e2mara Municipal, na tarde desta quarta-feira, 26. O objetivo, segundo o Executivo Municipal, \u00e9 enfrentar a crise financeira da Capital e reverter o atual fluxo de caixa, j\u00e1 que as despesas s\u00e3o crescentes frente a receitas estagnadas. As propostas tratam da revis\u00e3o anual dos vencimentos dos servidores, negocia\u00e7\u00f5es de d\u00edvidas do Munic\u00edpio, revis\u00e3o do teto dos CCs, autoriza\u00e7\u00e3o para pedido de empr\u00e9stimo, entre outros temas.<br \/>\nO vice-prefeito, Gustavo Paim, lembrou que os projetos s\u00e3o pontuais e que atacam diretamente as despesas da prefeitura. \u201cTodos os projetos t\u00eam sua urg\u00eancia para serem votados. Pedimos a compreens\u00e3o dos parlamentares para nos ajudarem a superar essa grave crise\u201d, afirmou.<br \/>\nO secret\u00e1rio municipal da Fazenda, Leonardo Busatto, apresentou as medidas a vereadores da base aliada e do bloco independente. Busatto ressaltou a situa\u00e7\u00e3o de colapso nas contas, e defendeu que a aprova\u00e7\u00e3o das medidas na C\u00e2mara v\u00e3o ajudar a prefeitura na busca do equil\u00edbrio entre receitas e despesas em 2018. Somente de d\u00edvidas com fornecedores e saques do caixa \u00fanico, referentes a 2016, s\u00e3o R$ 507 milh\u00f5es.<br \/>\nOs projetos:<br \/>\n1. Prop\u00f5e que a revis\u00e3o geral anual dos vencimentos de todos os servidores municipais, que ocorre sempre na data-base, maio de cada ano, observe a disponibilidade or\u00e7ament\u00e1rio-financeira do Munic\u00edpio. Isso inclui as vantagens pessoais e os sal\u00e1rios das fun\u00e7\u00f5es regidas pela Consolida\u00e7\u00e3o das Leis do Trabalho. Uma das raz\u00f5es para o projeto \u00e9 evitar que o munic\u00edpio de Porto Alegre descumpra os limites previstos na Lei de Responsabilidade Fiscal em rela\u00e7\u00e3o \u00e0s despesas de pessoal.<br \/>\n2. Trata das al\u00edquotas de contribui\u00e7\u00e3o previdenci\u00e1ria dos Servidores P\u00fablicos de Porto Alegre ao PREVIMPA. A al\u00edquota passaria de 11% para 14% (mesmo percentual pago pelos funcion\u00e1rios p\u00fablicos estaduais) a partir de 1\u00ba de julho de 2017. Os servidores inativos tamb\u00e9m passariam a contribuir com 14% (atualmente \u00e9 11%) somente no montante que exceder o teto de remunera\u00e7\u00e3o do INSS, que \u00e9 de R$ 5.531,31. Com a medida, estima-se a redu\u00e7\u00e3o em R$ 30 milh\u00f5es ao ano de aporte ao PREVIMPA oriundo da PMPA.<br \/>\n3. Prop\u00f5e a redu\u00e7\u00e3o da taxa de administra\u00e7\u00e3o destinada para a manuten\u00e7\u00e3o do Regime Pr\u00f3prio de Previd\u00eancia Social (RPPS) de 2% para 1,5%. Se aprovada, a medida permitir\u00e1 redu\u00e7\u00e3o anual de mais de R$ 12 milh\u00f5es aos cofres p\u00fablicos.<br \/>\n4. Extingue gratifica\u00e7\u00f5es da Secretaria Municipal de Educa\u00e7\u00e3o (Smed) que atuavam no Programa de Melhoria da Qualidade da Educa\u00e7\u00e3o do Munic\u00edpio de Porto Alegre, pois o programa est\u00e1 encerrado.<br \/>\n5. Pede autoriza\u00e7\u00e3o do Legislativo para a PMPA obter empr\u00e9stimo de at\u00e9 R$ 120 milh\u00f5es. O valor permitir\u00e1 \u00e0 Prefeitura disponibilizar os R$ 75 milh\u00f5es necess\u00e1rios para a conclus\u00e3o das obras de mobilidade urbana (as \u201cObras da Copa\u201d) e, quitar a d\u00edvida de R$ 45 milh\u00f5es das obras em andamento e\/ou paralisadas por falta de pagamento. A aprova\u00e7\u00e3o do empr\u00e9stimo permitir\u00e1 \u00e0 prefeitura concluir obras como a Avenida Tronco, a Trincheira da Cear\u00e1, entre outras.<br \/>\n6. Trata do protesto de devedores de d\u00edvida ativa que est\u00e3o em execu\u00e7\u00e3o judicial. Hoje essa a\u00e7\u00e3o \u00e9 vedada pela Lei Complementar 07\/1973. Em 2016, o retorno na execu\u00e7\u00e3o judicial foi de 2,98%. Estima-se que, com o protesto das d\u00edvidas, o retorno no pagamento ao munic\u00edpio gire em torno de 18%.<br \/>\n7. Permite a renegocia\u00e7\u00e3o das d\u00edvidas de 2016 com os fornecedores. Segundo a atual gest\u00e3o, as pend\u00eancias de 2016 chegam a R$ 507 milh\u00f5es. Deste valor, 44% s\u00e3o de despesas n\u00e3o empenhadas; 28% de saques de fundos vinculados; e 28% de despesas empenhadas. Pela proposta, os credores que aderirem, aceitar\u00e3o receber seus cr\u00e9ditos parcelados da seguinte forma:<br \/>\n&#8211; D\u00edvidas at\u00e9 R$ 15 mil ser\u00e3o pagas em 2017;<br \/>\n&#8211; De R$ 15 mil a R$ 50 mil \u2013 Pagas em 12 vezes a partir de janeiro de 2018;<br \/>\n&#8211; De R$ 50 mil a R$ 100 mil \u2013 Pagas em 24 vezes a partir de janeiro de 2018;<br \/>\n&#8211; De R$ 100 mil a R$ 300 mil \u2013 Pagas em 36 vezes a partir de janeiro de 2018;<br \/>\n&#8211; De R$ 300 mil a R$ 500 mil \u2013 Pagas em 48 vezes a partir de janeiro de 2018;<br \/>\n&#8211; Acima de R$ 500 mil \u2013 Pagas em 60 vezes a partir de janeiro de 2018;<br \/>\nAinda de acordo com o projeto, o credor poder\u00e1 abrir m\u00e3o de valores para receber em menos vezes e a Prefeitura poder\u00e1 fazer leil\u00e3o para pagar antecipadamente quem oferecer maior desconto, quando houver disponibilidade financeira para tanto.<br \/>\n8. Reduz 30% de cargos na Procempa e determina o teto dos Cargos em Comiss\u00e3o em R$ 9.300,00.<\/p>\n","protected":false},"excerpt":{"rendered":"<p>A Prefeitura de Porto Alegre encaminhou oito projetos de lei \u00e0 C\u00e2mara Municipal, na tarde desta quarta-feira, 26. O objetivo, segundo o Executivo Municipal, \u00e9 enfrentar a crise financeira da Capital e reverter o atual fluxo de caixa, j\u00e1 que as despesas s\u00e3o crescentes frente a receitas estagnadas. As propostas tratam da revis\u00e3o anual dos [&hellip;]<\/p>\n","protected":false},"author":4,"featured_media":47606,"comment_status":"open","ping_status":"closed","sticky":false,"template":"","format":"standard","meta":{"_jetpack_newsletter_access":"","_jetpack_dont_email_post_to_subs":false,"_jetpack_newsletter_tier_id":0,"_jetpack_memberships_contains_paywalled_content":false,"_jetpack_feature_clip_id":0,"_jetpack_memberships_contains_paid_content":false,"footnotes":"","jetpack_post_was_ever_published":false},"categories":[26],"tags":[],"class_list":["post-47604","post","type-post","status-publish","format-standard","has-post-thumbnail","hentry","category-geral"],"aioseo_notices":[],"aioseo_head":"\n\t\t<!-- All in One SEO 5.0.1.1 - aioseo.com -->\n\t<meta name=\"robots\" content=\"max-image-preview:large\" \/>\n\t<meta name=\"author\" content=\"da Reda\u00e7\u00e3o\"\/>\n\t<link rel=\"canonical\" href=\"https:\/\/www.jornalja.com.br\/arquivo\/prefeito-envia-a-camara-oito-projetos-para-enfrentar-a-crise-financeira\/\" \/>\n\t<meta name=\"generator\" content=\"All in One SEO (AIOSEO) 5.0.1.1\" \/>\n\t\t<meta property=\"og:locale\" content=\"pt_BR\" \/>\n\t\t<meta property=\"og:site_name\" content=\"Arquivo | Jornal J\u00c1 | Porto Alegre\" \/>\n\t\t<meta property=\"og:type\" content=\"article\" \/>\n\t\t<meta property=\"og:title\" content=\"Prefeito envia \u00e0 C\u00e2mara oito projetos para enfrentar a crise financeira | Arquivo\" \/>\n\t\t<meta property=\"og:url\" content=\"https:\/\/www.jornalja.com.br\/arquivo\/prefeito-envia-a-camara-oito-projetos-para-enfrentar-a-crise-financeira\/\" \/>\n\t\t<meta property=\"og:image\" content=\"https:\/\/www.jornalja.com.br\/economics\/wp-content\/uploads\/sites\/11\/2026\/08\/ja-folhaderosto-facebook.jpg\" \/>\n\t\t<meta property=\"og:image:secure_url\" content=\"https:\/\/www.jornalja.com.br\/economics\/wp-content\/uploads\/sites\/11\/2026\/08\/ja-folhaderosto-facebook.jpg\" \/>\n\t\t<meta property=\"article:published_time\" content=\"2017-04-26T21:34:24+00:00\" \/>\n\t\t<meta property=\"article:modified_time\" content=\"2017-04-26T21:34:24+00:00\" \/>\n\t\t<meta name=\"twitter:card\" content=\"summary\" \/>\n\t\t<meta name=\"twitter:title\" content=\"Prefeito envia \u00e0 C\u00e2mara oito projetos para enfrentar a crise financeira | Arquivo\" \/>\n\t\t<meta name=\"twitter:image\" content=\"https:\/\/www.jornalja.com.br\/economics\/wp-content\/uploads\/sites\/11\/2026\/08\/ja-folhaderosto-facebook.jpg\" \/>\n\t\t<script type=\"application\/ld+json\" class=\"aioseo-schema\">\n\t\t\t{\"@context\":\"https:\\\/\\\/schema.org\",\"@graph\":[{\"@type\":\"BlogPosting\",\"@id\":\"https:\\\/\\\/www.jornalja.com.br\\\/arquivo\\\/prefeito-envia-a-camara-oito-projetos-para-enfrentar-a-crise-financeira\\\/#blogposting\",\"name\":\"Prefeito envia \\u00e0 C\\u00e2mara oito projetos para enfrentar a crise financeira | Arquivo\",\"headline\":\"Prefeito envia \\u00e0 C\\u00e2mara oito projetos para enfrentar a crise financeira\",\"author\":{\"@id\":\"https:\\\/\\\/www.jornalja.com.br\\\/arquivo\\\/author\\\/daredacao\\\/#author\"},\"publisher\":{\"@id\":\"https:\\\/\\\/www.jornalja.com.br\\\/arquivo\\\/#organization\"},\"image\":{\"@type\":\"ImageObject\",\"url\":47606},\"datePublished\":\"2017-04-26T18:34:24-03:00\",\"dateModified\":\"2017-04-26T18:34:24-03:00\",\"inLanguage\":\"pt-BR\",\"mainEntityOfPage\":{\"@id\":\"https:\\\/\\\/www.jornalja.com.br\\\/arquivo\\\/prefeito-envia-a-camara-oito-projetos-para-enfrentar-a-crise-financeira\\\/#webpage\"},\"isPartOf\":{\"@id\":\"https:\\\/\\\/www.jornalja.com.br\\\/arquivo\\\/prefeito-envia-a-camara-oito-projetos-para-enfrentar-a-crise-financeira\\\/#webpage\"},\"articleSection\":\"Geral\"},{\"@type\":\"BreadcrumbList\",\"@id\":\"https:\\\/\\\/www.jornalja.com.br\\\/arquivo\\\/prefeito-envia-a-camara-oito-projetos-para-enfrentar-a-crise-financeira\\\/#breadcrumblist\",\"itemListElement\":[{\"@type\":\"ListItem\",\"@id\":\"https:\\\/\\\/www.jornalja.com.br\\\/arquivo#listItem\",\"position\":1,\"name\":\"Home\",\"item\":\"https:\\\/\\\/www.jornalja.com.br\\\/arquivo\",\"nextItem\":{\"@type\":\"ListItem\",\"@id\":\"https:\\\/\\\/www.jornalja.com.br\\\/arquivo\\\/category\\\/geral\\\/#listItem\",\"name\":\"Geral\"}},{\"@type\":\"ListItem\",\"@id\":\"https:\\\/\\\/www.jornalja.com.br\\\/arquivo\\\/category\\\/geral\\\/#listItem\",\"position\":2,\"name\":\"Geral\",\"item\":\"https:\\\/\\\/www.jornalja.com.br\\\/arquivo\\\/category\\\/geral\\\/\",\"nextItem\":{\"@type\":\"ListItem\",\"@id\":\"https:\\\/\\\/www.jornalja.com.br\\\/arquivo\\\/prefeito-envia-a-camara-oito-projetos-para-enfrentar-a-crise-financeira\\\/#listItem\",\"name\":\"Prefeito envia \\u00e0 C\\u00e2mara oito projetos para enfrentar a crise financeira\"},\"previousItem\":{\"@type\":\"ListItem\",\"@id\":\"https:\\\/\\\/www.jornalja.com.br\\\/arquivo#listItem\",\"name\":\"Home\"}},{\"@type\":\"ListItem\",\"@id\":\"https:\\\/\\\/www.jornalja.com.br\\\/arquivo\\\/prefeito-envia-a-camara-oito-projetos-para-enfrentar-a-crise-financeira\\\/#listItem\",\"position\":3,\"name\":\"Prefeito envia \\u00e0 C\\u00e2mara oito projetos para enfrentar a crise financeira\",\"previousItem\":{\"@type\":\"ListItem\",\"@id\":\"https:\\\/\\\/www.jornalja.com.br\\\/arquivo\\\/category\\\/geral\\\/#listItem\",\"name\":\"Geral\"}}]},{\"@type\":\"Organization\",\"@id\":\"https:\\\/\\\/www.jornalja.com.br\\\/arquivo\\\/#organization\",\"name\":\"Jornal J\\u00c1\",\"description\":\"Jornal J\\u00c1 | Porto Alegre\",\"url\":\"https:\\\/\\\/www.jornalja.com.br\\\/arquivo\\\/\",\"telephone\":\"+555133307272\",\"logo\":{\"@type\":\"ImageObject\",\"url\":\"https:\\\/\\\/www.jornalja.com.br\\\/wp-content\\\/uploads\\\/cards\\\/JAslogan.png\",\"@id\":\"https:\\\/\\\/www.jornalja.com.br\\\/arquivo\\\/prefeito-envia-a-camara-oito-projetos-para-enfrentar-a-crise-financeira\\\/#organizationLogo\"},\"image\":{\"@id\":\"https:\\\/\\\/www.jornalja.com.br\\\/arquivo\\\/prefeito-envia-a-camara-oito-projetos-para-enfrentar-a-crise-financeira\\\/#organizationLogo\"}},{\"@type\":\"Person\",\"@id\":\"https:\\\/\\\/www.jornalja.com.br\\\/arquivo\\\/author\\\/daredacao\\\/#author\",\"url\":\"https:\\\/\\\/www.jornalja.com.br\\\/arquivo\\\/author\\\/daredacao\\\/\",\"name\":\"da Reda\\u00e7\\u00e3o\",\"image\":{\"@type\":\"ImageObject\",\"@id\":\"https:\\\/\\\/www.jornalja.com.br\\\/arquivo\\\/prefeito-envia-a-camara-oito-projetos-para-enfrentar-a-crise-financeira\\\/#authorImage\",\"url\":\"https:\\\/\\\/secure.gravatar.com\\\/avatar\\\/469fd857d6605ad19919d27ed29d35a968a25f6e8fd9318356bbb7f57aae9c65?s=96&d=mm&r=g\",\"width\":96,\"height\":96,\"caption\":\"da Reda\\u00e7\\u00e3o\"}},{\"@type\":\"WebPage\",\"@id\":\"https:\\\/\\\/www.jornalja.com.br\\\/arquivo\\\/prefeito-envia-a-camara-oito-projetos-para-enfrentar-a-crise-financeira\\\/#webpage\",\"url\":\"https:\\\/\\\/www.jornalja.com.br\\\/arquivo\\\/prefeito-envia-a-camara-oito-projetos-para-enfrentar-a-crise-financeira\\\/\",\"name\":\"Prefeito envia \\u00e0 C\\u00e2mara oito projetos para enfrentar a crise financeira | Arquivo\",\"inLanguage\":\"pt-BR\",\"isPartOf\":{\"@id\":\"https:\\\/\\\/www.jornalja.com.br\\\/arquivo\\\/#website\"},\"breadcrumb\":{\"@id\":\"https:\\\/\\\/www.jornalja.com.br\\\/arquivo\\\/prefeito-envia-a-camara-oito-projetos-para-enfrentar-a-crise-financeira\\\/#breadcrumblist\"},\"author\":{\"@id\":\"https:\\\/\\\/www.jornalja.com.br\\\/arquivo\\\/author\\\/daredacao\\\/#author\"},\"creator\":{\"@id\":\"https:\\\/\\\/www.jornalja.com.br\\\/arquivo\\\/author\\\/daredacao\\\/#author\"},\"image\":{\"@type\":\"ImageObject\",\"url\":47606,\"@id\":\"https:\\\/\\\/www.jornalja.com.br\\\/arquivo\\\/prefeito-envia-a-camara-oito-projetos-para-enfrentar-a-crise-financeira\\\/#mainImage\"},\"primaryImageOfPage\":{\"@id\":\"https:\\\/\\\/www.jornalja.com.br\\\/arquivo\\\/prefeito-envia-a-camara-oito-projetos-para-enfrentar-a-crise-financeira\\\/#mainImage\"},\"datePublished\":\"2017-04-26T18:34:24-03:00\",\"dateModified\":\"2017-04-26T18:34:24-03:00\"},{\"@type\":\"WebSite\",\"@id\":\"https:\\\/\\\/www.jornalja.com.br\\\/arquivo\\\/#website\",\"url\":\"https:\\\/\\\/www.jornalja.com.br\\\/arquivo\\\/\",\"name\":\"Arquivo\",\"description\":\"Jornal J\\u00c1 | Porto Alegre\",\"inLanguage\":\"pt-BR\",\"publisher\":{\"@id\":\"https:\\\/\\\/www.jornalja.com.br\\\/arquivo\\\/#organization\"}}]}\n\t\t<\/script>\n\t\t<!-- All in One SEO -->\n\n","aioseo_head_json":{"title":"Prefeito envia \u00e0 C\u00e2mara oito projetos para enfrentar a crise financeira | Arquivo","description":"","canonical_url":"https:\/\/www.jornalja.com.br\/arquivo\/prefeito-envia-a-camara-oito-projetos-para-enfrentar-a-crise-financeira\/","robots":"max-image-preview:large","keywords":"","webmasterTools":{"miscellaneous":""},"schema":{"@context":"https:\/\/schema.org","@graph":[{"@type":"BlogPosting","@id":"https:\/\/www.jornalja.com.br\/arquivo\/prefeito-envia-a-camara-oito-projetos-para-enfrentar-a-crise-financeira\/#blogposting","name":"Prefeito envia \u00e0 C\u00e2mara oito projetos para enfrentar a crise financeira | Arquivo","headline":"Prefeito envia \u00e0 C\u00e2mara oito projetos para enfrentar a crise financeira","author":{"@id":"https:\/\/www.jornalja.com.br\/arquivo\/author\/daredacao\/#author"},"publisher":{"@id":"https:\/\/www.jornalja.com.br\/arquivo\/#organization"},"image":{"@type":"ImageObject","url":47606},"datePublished":"2017-04-26T18:34:24-03:00","dateModified":"2017-04-26T18:34:24-03:00","inLanguage":"pt-BR","mainEntityOfPage":{"@id":"https:\/\/www.jornalja.com.br\/arquivo\/prefeito-envia-a-camara-oito-projetos-para-enfrentar-a-crise-financeira\/#webpage"},"isPartOf":{"@id":"https:\/\/www.jornalja.com.br\/arquivo\/prefeito-envia-a-camara-oito-projetos-para-enfrentar-a-crise-financeira\/#webpage"},"articleSection":"Geral"},{"@type":"BreadcrumbList","@id":"https:\/\/www.jornalja.com.br\/arquivo\/prefeito-envia-a-camara-oito-projetos-para-enfrentar-a-crise-financeira\/#breadcrumblist","itemListElement":[{"@type":"ListItem","@id":"https:\/\/www.jornalja.com.br\/arquivo#listItem","position":1,"name":"Home","item":"https:\/\/www.jornalja.com.br\/arquivo","nextItem":{"@type":"ListItem","@id":"https:\/\/www.jornalja.com.br\/arquivo\/category\/geral\/#listItem","name":"Geral"}},{"@type":"ListItem","@id":"https:\/\/www.jornalja.com.br\/arquivo\/category\/geral\/#listItem","position":2,"name":"Geral","item":"https:\/\/www.jornalja.com.br\/arquivo\/category\/geral\/","nextItem":{"@type":"ListItem","@id":"https:\/\/www.jornalja.com.br\/arquivo\/prefeito-envia-a-camara-oito-projetos-para-enfrentar-a-crise-financeira\/#listItem","name":"Prefeito envia \u00e0 C\u00e2mara oito projetos para enfrentar a crise financeira"},"previousItem":{"@type":"ListItem","@id":"https:\/\/www.jornalja.com.br\/arquivo#listItem","name":"Home"}},{"@type":"ListItem","@id":"https:\/\/www.jornalja.com.br\/arquivo\/prefeito-envia-a-camara-oito-projetos-para-enfrentar-a-crise-financeira\/#listItem","position":3,"name":"Prefeito envia \u00e0 C\u00e2mara oito projetos para enfrentar a crise financeira","previousItem":{"@type":"ListItem","@id":"https:\/\/www.jornalja.com.br\/arquivo\/category\/geral\/#listItem","name":"Geral"}}]},{"@type":"Organization","@id":"https:\/\/www.jornalja.com.br\/arquivo\/#organization","name":"Jornal J\u00c1","description":"Jornal J\u00c1 | Porto Alegre","url":"https:\/\/www.jornalja.com.br\/arquivo\/","telephone":"+555133307272","logo":{"@type":"ImageObject","url":"https:\/\/www.jornalja.com.br\/wp-content\/uploads\/cards\/JAslogan.png","@id":"https:\/\/www.jornalja.com.br\/arquivo\/prefeito-envia-a-camara-oito-projetos-para-enfrentar-a-crise-financeira\/#organizationLogo"},"image":{"@id":"https:\/\/www.jornalja.com.br\/arquivo\/prefeito-envia-a-camara-oito-projetos-para-enfrentar-a-crise-financeira\/#organizationLogo"}},{"@type":"Person","@id":"https:\/\/www.jornalja.com.br\/arquivo\/author\/daredacao\/#author","url":"https:\/\/www.jornalja.com.br\/arquivo\/author\/daredacao\/","name":"da Reda\u00e7\u00e3o","image":{"@type":"ImageObject","@id":"https:\/\/www.jornalja.com.br\/arquivo\/prefeito-envia-a-camara-oito-projetos-para-enfrentar-a-crise-financeira\/#authorImage","url":"https:\/\/secure.gravatar.com\/avatar\/469fd857d6605ad19919d27ed29d35a968a25f6e8fd9318356bbb7f57aae9c65?s=96&d=mm&r=g","width":96,"height":96,"caption":"da Reda\u00e7\u00e3o"}},{"@type":"WebPage","@id":"https:\/\/www.jornalja.com.br\/arquivo\/prefeito-envia-a-camara-oito-projetos-para-enfrentar-a-crise-financeira\/#webpage","url":"https:\/\/www.jornalja.com.br\/arquivo\/prefeito-envia-a-camara-oito-projetos-para-enfrentar-a-crise-financeira\/","name":"Prefeito envia \u00e0 C\u00e2mara oito projetos para enfrentar a crise financeira | Arquivo","inLanguage":"pt-BR","isPartOf":{"@id":"https:\/\/www.jornalja.com.br\/arquivo\/#website"},"breadcrumb":{"@id":"https:\/\/www.jornalja.com.br\/arquivo\/prefeito-envia-a-camara-oito-projetos-para-enfrentar-a-crise-financeira\/#breadcrumblist"},"author":{"@id":"https:\/\/www.jornalja.com.br\/arquivo\/author\/daredacao\/#author"},"creator":{"@id":"https:\/\/www.jornalja.com.br\/arquivo\/author\/daredacao\/#author"},"image":{"@type":"ImageObject","url":47606,"@id":"https:\/\/www.jornalja.com.br\/arquivo\/prefeito-envia-a-camara-oito-projetos-para-enfrentar-a-crise-financeira\/#mainImage"},"primaryImageOfPage":{"@id":"https:\/\/www.jornalja.com.br\/arquivo\/prefeito-envia-a-camara-oito-projetos-para-enfrentar-a-crise-financeira\/#mainImage"},"datePublished":"2017-04-26T18:34:24-03:00","dateModified":"2017-04-26T18:34:24-03:00"},{"@type":"WebSite","@id":"https:\/\/www.jornalja.com.br\/arquivo\/#website","url":"https:\/\/www.jornalja.com.br\/arquivo\/","name":"Arquivo","description":"Jornal J\u00c1 | Porto Alegre","inLanguage":"pt-BR","publisher":{"@id":"https:\/\/www.jornalja.com.br\/arquivo\/#organization"}}]},"og:locale":"pt_BR","og:site_name":"Arquivo | Jornal J\u00c1 | Porto Alegre","og:type":"article","og:title":"Prefeito envia \u00e0 C\u00e2mara oito projetos para enfrentar a crise financeira | Arquivo","og:url":"https:\/\/www.jornalja.com.br\/arquivo\/prefeito-envia-a-camara-oito-projetos-para-enfrentar-a-crise-financeira\/","og:image":"https:\/\/www.jornalja.com.br\/economics\/wp-content\/uploads\/sites\/11\/2026\/08\/ja-folhaderosto-facebook.jpg","og:image:secure_url":"https:\/\/www.jornalja.com.br\/economics\/wp-content\/uploads\/sites\/11\/2026\/08\/ja-folhaderosto-facebook.jpg","article:published_time":"2017-04-26T21:34:24+00:00","article:modified_time":"2017-04-26T21:34:24+00:00","twitter:card":"summary","twitter:title":"Prefeito envia \u00e0 C\u00e2mara oito projetos para enfrentar a crise financeira | Arquivo","twitter:image":"https:\/\/www.jornalja.com.br\/economics\/wp-content\/uploads\/sites\/11\/2026\/08\/ja-folhaderosto-facebook.jpg"},"aioseo_meta_data":{"post_id":"47604","title":null,"description":null,"keywords":null,"keyphrases":null,"primary_term":null,"canonical_url":null,"og_title":null,"og_description":null,"og_object_type":"default","og_image_type":"default","og_image_url":null,"og_image_width":null,"og_image_height":null,"og_image_custom_url":null,"og_image_custom_fields":null,"og_video":null,"og_custom_url":null,"og_article_section":null,"og_article_tags":null,"twitter_use_og":false,"twitter_card":"default","twitter_image_type":"default","twitter_image_url":null,"twitter_image_custom_url":null,"twitter_image_custom_fields":null,"twitter_title":null,"twitter_description":null,"schema":{"blockGraphs":[],"customGraphs":[],"default":{"data":{"Article":[],"Course":[],"Dataset":[],"FAQPage":[],"Movie":[],"Person":[],"Product":[],"ProductReview":[],"Car":[],"Recipe":[],"Service":[],"SoftwareApplication":[],"WebPage":[]},"graphName":"","isEnabled":true},"graphs":[],"defaultGraph":"","defaultPostTypeGraph":""},"schema_type":null,"schema_type_options":null,"pillar_content":false,"robots_default":true,"robots_noindex":false,"robots_noarchive":false,"robots_nosnippet":false,"robots_nofollow":false,"robots_noimageindex":false,"robots_noodp":false,"robots_notranslate":false,"robots_max_snippet":null,"robots_max_videopreview":null,"robots_max_imagepreview":"large","priority":null,"frequency":null,"location":null,"local_seo":null,"breadcrumb_settings":null,"limit_modified_date":false,"ai":null,"created":"2020-12-20 20:35:51","updated":"2025-07-19 21:11:00","seo_analyzer_scan_date":null,"focus_keyword":null,"additional_keywords":null,"truseo_locale":null},"jetpack_sharing_enabled":true,"jetpack-related-posts":[{"id":13128,"url":"https:\/\/www.jornalja.com.br\/arquivo\/maconha-terra-diz-que-uso-medicinal-e-desculpa\/","url_meta":{"origin":47604,"position":0},"title":"Maconha: Terra diz que uso medicinal \u00e9 desculpa","author":"Patr\u00edcia Marini","date":"4 de junho de 2014","format":false,"excerpt":"A condi\u00e7\u00e3o de pol\u00edtico, em \u00e9poca de campanha de campanha eleitoral, tira for\u00e7a do discurso do m\u00e9dico Osmar Terra contra a legaliza\u00e7\u00e3o da maconha. A tese dele de que a libera\u00e7\u00e3o vai ampliar exponencialmente o consumo \u00e9 discutivel, o consumo \u00e9 corrente. Mas seus alertas quanto aos riscos tem que\u2026","rel":"","context":"Em &quot;X.Categorias velhas&quot;","block_context":{"text":"X.Categorias velhas","link":"https:\/\/www.jornalja.com.br\/arquivo\/category\/x-categorias-velhas\/"},"img":{"alt_text":"","src":"","width":0,"height":0},"classes":[]},{"id":13240,"url":"https:\/\/www.jornalja.com.br\/arquivo\/plano-diretor-estamos-construindo-o-caos\/","url_meta":{"origin":47604,"position":1},"title":"Plano diretor: &quot;Estamos construindo o caos&quot;","author":"Patr\u00edcia Marini","date":"26 de maio de 2014","format":false,"excerpt":"Desabafo que arquiteta Eliana Castilhos, delegada da Regi\u00e3o de Planejamento 1, postou nas redes sociais \u00e9 um testemunho do ambiente que se criou no Conselho do Plano Diretor de Porto Alegre, onde a aprova\u00e7\u00e3o de grandes empreendimentos \u00e9 empurrada guela abaixo dos conselheiros. Ao CMDUA Como delegada da Regi\u00e3o de\u2026","rel":"","context":"Em &quot;Geral&quot;","block_context":{"text":"Geral","link":"https:\/\/www.jornalja.com.br\/arquivo\/category\/geral\/"},"img":{"alt_text":"","src":"","width":0,"height":0},"classes":[]},{"id":13124,"url":"https:\/\/www.jornalja.com.br\/arquivo\/sangue-latino-no-iecine\/","url_meta":{"origin":47604,"position":2},"title":"Sangue latino no IECINE","author":"da Reda\u00e7\u00e3o","date":"18 de maio de 2014","format":false,"excerpt":"Francisco Ribeiro O Instituto Estadual de Cinema (IECINE) tem a frente, desde abril \u00faltimo, um novo diretor, o cineasta colombiano Juan Zapata, 36, que substitui Luiz Alberto Cassol. Radicado h\u00e1 dez anos em Porto Alegre, Zapata tem diante de si o desafio de conduzir at\u00e9 o final do ano um\u2026","rel":"","context":"Em &quot;Cultura-Geral&quot;","block_context":{"text":"Cultura-Geral","link":"https:\/\/www.jornalja.com.br\/arquivo\/category\/materiasecundaria\/"},"img":{"alt_text":"","src":"","width":0,"height":0},"classes":[]},{"id":14241,"url":"https:\/\/www.jornalja.com.br\/arquivo\/o-guaiba-nas-imagens-poeticas-de-achutti\/","url_meta":{"origin":47604,"position":3},"title":"O Gua\u00edba nas imagens po\u00e9ticas de Achutti","author":"da Reda\u00e7\u00e3o","date":"18 de junho de 2014","format":false,"excerpt":"Em \u201cO Gua\u00edba por Achutti\u201d \u2013 obra financiada via Minist\u00e9rio da Cultura, produ\u00e7\u00e3o executiva de Pedro Longhi, e Fl\u00e1vio Wild como designer \u2013, o fot\u00f3grafo revela a beleza e as mazelas de um espa\u00e7o aqu\u00e1tico de \u00e1guas sempre renovadas, cheio de hist\u00f3rias e lendas como as das cidades que foram\u2026","rel":"","context":"Em &quot;Cultura-Geral&quot;","block_context":{"text":"Cultura-Geral","link":"https:\/\/www.jornalja.com.br\/arquivo\/category\/materiasecundaria\/"},"img":{"alt_text":"","src":"","width":0,"height":0},"classes":[]},{"id":5440,"url":"https:\/\/www.jornalja.com.br\/arquivo\/casarao-da-venancio-destino-permanece-incerto\/","url_meta":{"origin":47604,"position":4},"title":"Estado ainda n\u00e3o sabe o que fazer com casar\u00e3o abandonado h\u00e1 20 anos","author":"Elmar Bones","date":"6 de julho de 2009","format":false,"excerpt":"O casar\u00e3o amarelo, numa esquina nobre de Porto Alegre (Ven\u00e2ncio Aires com Jo\u00e3o Pessoa), j\u00e1 abrigou uma escola. H\u00e1 duas d\u00e9cadas, pelo menos, est\u00e1 abandonado, porque seu propriet\u00e1rio, o governo do Estado do Rio Grande do Sul, n\u00e3o consegue achar um destino para ele. Planos n\u00e3o faltaram. O governador Ol\u00edvio\u2026","rel":"","context":"Em &quot;X.Categorias velhas&quot;","block_context":{"text":"X.Categorias velhas","link":"https:\/\/www.jornalja.com.br\/arquivo\/category\/x-categorias-velhas\/"},"img":{"alt_text":"geraldo1","src":"https:\/\/i0.wp.com\/www.jornalja.com.br\/wp-content\/uploads\/2009\/07\/geraldo1.jpg?resize=350%2C200&ssl=1","width":350,"height":200},"classes":[]},{"id":12960,"url":"https:\/\/www.jornalja.com.br\/arquivo\/populacao-culpa-empresas-pela-greve-dos-rodoviarios\/","url_meta":{"origin":47604,"position":5},"title":"Popula\u00e7\u00e3o culpa empresas pela greve","author":"Patr\u00edcia Marini","date":"14 de fevereiro de 2014","format":false,"excerpt":"Pesquisa divulgada na edi\u00e7\u00e3o do jornal Metro desta sexta-feira,14, comprova o velho ditado: \u00e9 poss\u00edvel enganar muitos por algum tempo, mas n\u00e3o \u00e9 poss\u00edvel enganar a todos o tempo inteiro. A principal revela\u00e7\u00e3o foi que 59,8% dos entrevistados apontaram as empresas como as principais respons\u00e1veis pela grave e 46% culparam\u2026","rel":"","context":"Em &quot;X.Categorias velhas&quot;","block_context":{"text":"X.Categorias velhas","link":"https:\/\/www.jornalja.com.br\/arquivo\/category\/x-categorias-velhas\/"},"img":{"alt_text":"","src":"","width":0,"height":0},"classes":[]}],"jetpack_shortlink":"https:\/\/wp.me\/pbQjBd-cnO","jetpack_featured_media_url":"","_links":{"self":[{"href":"https:\/\/www.jornalja.com.br\/arquivo\/wp-json\/wp\/v2\/posts\/47604","targetHints":{"allow":["GET"]}}],"collection":[{"href":"https:\/\/www.jornalja.com.br\/arquivo\/wp-json\/wp\/v2\/posts"}],"about":[{"href":"https:\/\/www.jornalja.com.br\/arquivo\/wp-json\/wp\/v2\/types\/post"}],"author":[{"embeddable":true,"href":"https:\/\/www.jornalja.com.br\/arquivo\/wp-json\/wp\/v2\/users\/4"}],"replies":[{"embeddable":true,"href":"https:\/\/www.jornalja.com.br\/arquivo\/wp-json\/wp\/v2\/comments?post=47604"}],"version-history":[{"count":0,"href":"https:\/\/www.jornalja.com.br\/arquivo\/wp-json\/wp\/v2\/posts\/47604\/revisions"}],"wp:attachment":[{"href":"https:\/\/www.jornalja.com.br\/arquivo\/wp-json\/wp\/v2\/media?parent=47604"}],"wp:term":[{"taxonomy":"category","embeddable":true,"href":"https:\/\/www.jornalja.com.br\/arquivo\/wp-json\/wp\/v2\/categories?post=47604"},{"taxonomy":"post_tag","embeddable":true,"href":"https:\/\/www.jornalja.com.br\/arquivo\/wp-json\/wp\/v2\/tags?post=47604"}],"curies":[{"name":"wp","href":"https:\/\/api.w.org\/{rel}","templated":true}]}}