{"id":47608,"date":"2017-04-27T17:11:04","date_gmt":"2017-04-27T20:11:04","guid":{"rendered":"https:\/\/www.jornalja.com.br\/?p=47608"},"modified":"2017-04-27T17:11:04","modified_gmt":"2017-04-27T20:11:04","slug":"bar-ocidente-tenta-renovacao-de-alvara-desde-1989","status":"publish","type":"post","link":"https:\/\/www.jornalja.com.br\/arquivo\/bar-ocidente-tenta-renovacao-de-alvara-desde-1989\/","title":{"rendered":"Bar Ocidente tenta renova\u00e7\u00e3o de alvar\u00e1 desde 1989"},"content":{"rendered":"<p>A interdi\u00e7\u00e3o do tradicional bar Ocidente foi publicada no Di\u00e1rio Oficial nesta ter\u00e7a-feira. O propriet\u00e1rio do Ocidente, Fiapo Barth, diz que ainda n\u00e3o foi notificado formalmente e que foi pego de surpresa pelas not\u00edcias veiculadas na imprensa.<br \/>\n\u201cOntem de manh\u00e3 eu estive em reuni\u00e3o com a Prefeitura para tratar da situa\u00e7\u00e3o do habite-se da casa e ningu\u00e9m me falou nada. A\u00ed de noite eu recebo essa not\u00edcia\u201d, afirma Fiapo.<br \/>\nA interdi\u00e7\u00e3o foi determinada pela Comiss\u00e3o Judicante Secretaria Municipal de Desenvolvimento Econ\u00f4mico. A secretaria alega que no final de 2016 houve uma a\u00e7\u00e3o fiscalizat\u00f3ria que notificou o estabelecimento por estar funcionando sem alvar\u00e1. Em janeiro deste ano, foi concedido prazo de 30 dias para recurso, que n\u00e3o foi apresentado.<br \/>\nO motivo para o fechamento da casa \u00e9 a falta de documenta\u00e7\u00e3o. O Ocidente funciona sem alvar\u00e1 desde 1989. Fiapo atribui a origem do problema a uma \u201cquase armadilha jur\u00eddica\u201d.<br \/>\nEra a \u00e9poca do auge do conflito entre moradores do Bom Fim e frequentadores da boemia do bairro. Diversos estabelecimento foram fechados, as batidas policiais eram constantes, principalmente na Osvaldo Aranha.<br \/>\n\u201cA Prefeitura n\u00e3o queria fechar o Ocidente, porque ficaria ruim politicamente, nem dar a renova\u00e7\u00e3o, porque ficaria ruim com a comunidade\u201d, explica.<br \/>\nCriou-se, assim, uma situa\u00e7\u00e3o jur\u00eddica aparentemente insol\u00favel e desde ent\u00e3o, uma das mais tradicionais casa noturnas de Porto Alegre funciona \u201cna corda bamba\u201d, como definiu seu propriet\u00e1rio.<br \/>\nA casa onde o Ocidente funciona \u00e9 muito antiga, em torno de 160 anos, segundo Fiapo, e portanto, n\u00e3o tem habite-se e \u00e9 dif\u00edcil at\u00e9 para a Prefeitura localizar a documenta\u00e7\u00e3o referente ao im\u00f3vel.<br \/>\nA casa \u00e9 considerada patrim\u00f4nio cultural da cidade de Porto Alegre desde 2012 e qualquer interven\u00e7\u00e3o tem que ser aprovada pelo Munic\u00edpio.<br \/>\nDepois de quase trinta anos brigando com a burocracia, Fiapo acredita que a solu\u00e7\u00e3o definitiva est\u00e1 bem pr\u00f3xima. O Ocidente montou uma equipe de engenheiros, arquitetos e advogados para trabalhar na regulariza\u00e7\u00e3o.<br \/>\nA estimativa \u00e9 que at\u00e9 o final de maio a situa\u00e7\u00e3o j\u00e1 esteja resolvida. \u201cEstamos t\u00e3o no limiar da regulariza\u00e7\u00e3o completa que seria at\u00e9 grosseiro fecharmos agora\u201d, defende Fiapo Barth.<br \/>\nFiapo acredita que o problema pode ser resolvido atrav\u00e9s do di\u00e1logo. Por enquanto, o Ocidente segue com suas atividades normalmente.<\/p>\n","protected":false},"excerpt":{"rendered":"<p>A interdi\u00e7\u00e3o do tradicional bar Ocidente foi publicada no Di\u00e1rio Oficial nesta ter\u00e7a-feira. O propriet\u00e1rio do Ocidente, Fiapo Barth, diz que ainda n\u00e3o foi notificado formalmente e que foi pego de surpresa pelas not\u00edcias veiculadas na imprensa. \u201cOntem de manh\u00e3 eu estive em reuni\u00e3o com a Prefeitura para tratar da situa\u00e7\u00e3o do habite-se da casa [&hellip;]<\/p>\n","protected":false},"author":4,"featured_media":47609,"comment_status":"open","ping_status":"closed","sticky":false,"template":"","format":"standard","meta":{"_jetpack_memberships_contains_paid_content":false,"footnotes":""},"categories":[26],"tags":[],"class_list":["post-47608","post","type-post","status-publish","format-standard","has-post-thumbnail","hentry","category-geral"],"aioseo_notices":[],"jetpack_featured_media_url":"","jetpack_sharing_enabled":true,"jetpack-related-posts":[],"jetpack_shortlink":"https:\/\/wp.me\/pbQjBd-cnS","_links":{"self":[{"href":"https:\/\/www.jornalja.com.br\/arquivo\/wp-json\/wp\/v2\/posts\/47608","targetHints":{"allow":["GET"]}}],"collection":[{"href":"https:\/\/www.jornalja.com.br\/arquivo\/wp-json\/wp\/v2\/posts"}],"about":[{"href":"https:\/\/www.jornalja.com.br\/arquivo\/wp-json\/wp\/v2\/types\/post"}],"author":[{"embeddable":true,"href":"https:\/\/www.jornalja.com.br\/arquivo\/wp-json\/wp\/v2\/users\/4"}],"replies":[{"embeddable":true,"href":"https:\/\/www.jornalja.com.br\/arquivo\/wp-json\/wp\/v2\/comments?post=47608"}],"version-history":[{"count":0,"href":"https:\/\/www.jornalja.com.br\/arquivo\/wp-json\/wp\/v2\/posts\/47608\/revisions"}],"wp:featuredmedia":[{"embeddable":true,"href":"https:\/\/www.jornalja.com.br\/arquivo\/wp-json\/"}],"wp:attachment":[{"href":"https:\/\/www.jornalja.com.br\/arquivo\/wp-json\/wp\/v2\/media?parent=47608"}],"wp:term":[{"taxonomy":"category","embeddable":true,"href":"https:\/\/www.jornalja.com.br\/arquivo\/wp-json\/wp\/v2\/categories?post=47608"},{"taxonomy":"post_tag","embeddable":true,"href":"https:\/\/www.jornalja.com.br\/arquivo\/wp-json\/wp\/v2\/tags?post=47608"}],"curies":[{"name":"wp","href":"https:\/\/api.w.org\/{rel}","templated":true}]}}