{"id":47618,"date":"2017-04-27T19:49:08","date_gmt":"2017-04-27T22:49:08","guid":{"rendered":"https:\/\/www.jornalja.com.br\/?p=47618"},"modified":"2017-04-27T19:49:08","modified_gmt":"2017-04-27T22:49:08","slug":"carris-tem-prejuizo-de-r-55-milhoes-por-mes-segundo-nova-presidente","status":"publish","type":"post","link":"https:\/\/www.jornalja.com.br\/arquivo\/carris-tem-prejuizo-de-r-55-milhoes-por-mes-segundo-nova-presidente\/","title":{"rendered":"Carris tem preju\u00edzo de R$ 5,5 milh\u00f5es por m\u00eas, segundo nova presidente"},"content":{"rendered":"<p>H\u00e1 10 dias empossada como presidente da Carris, Helen Machado, esteve na tarde desta quinta-feira na C\u00e2mara de Vereadores, apresentando as novas metas da empresa em sua administra\u00e7\u00e3o.<br \/>\nA Carris desde 2011 vem apresentando d\u00e9ficit, um dos principais assuntos discutidos pela nova gestora. \u00a0&#8221; Estamos num processo de constru\u00e7\u00e3o, com uma proposta vi\u00e1vel para recuperar a empresa&#8221;, destacou a gestora.<br \/>\nHelen Machado disse que a empresa tem hoje um d\u00e9ficit de R$ 5,5 milh\u00f5es por m\u00eas, e que o principal objetivo \u00e9 reverter esse quadro. &#8221; Precisamos avaliar nossa capacidade de receita&#8221;, ressaltou. Segundo ela a isen\u00e7\u00e3o na segunda da passagem teve impacto nas receitas da Empresa.<br \/>\n<strong>Marchezan n\u00e3o deu prazo para recupera\u00e7\u00e3o\u00a0<\/strong><br \/>\nApesar da nova gest\u00e3o ter como prioridade a recupera\u00e7\u00e3o financeira da empresa, n\u00e3o foi estipulado um tempo ou um prazo para que a Carris pare de dar preju\u00edzo. Segundo Helen esse resultado n\u00e3o vir\u00e1 rapidamente. &#8220;Esse n\u00e3o \u00e9 um quadro que se mude em dois meses, talvez nem em seis ou um ano&#8221;, afirmou.<br \/>\nEla ressaltou que a evolu\u00e7\u00e3o da empresa ser\u00e1 acompanha conforme estabelece o programa pr\u00f3-metas do Governo Municipal e que o Prefeito ir\u00e1 acompanhar periodicamente o desempenho da Carris. &#8220;O Prefeito tem que ver que estamos progredindo, que estamos apresentando desempenhos melhores&#8221;, finalizou.<br \/>\nDisse que j\u00e1 houve um corte de 34% de CCS na Carris e que mais acontecer\u00e3o nos pr\u00f3ximos dias, mas que cargos de comiss\u00e3o permanecer\u00e3o aqueles com\u00a0&#8220;efici\u00eancia t\u00e9cnica e que \u00a0apresentarem produtividade&#8221;.<br \/>\n<strong>Carris: n\u00fameros e servi\u00e7os s\u00e3o positivos em rela\u00e7\u00e3o ao d\u00e9ficit\u00a0<\/strong><br \/>\nHelen e outros vereadores ressaltaram, ao longo da sess\u00e3o plen\u00e1ria, os pontos positivos da empresa. A Carris hoje \u00e9 a empresa com mais \u00f4nibus com acesso para cadeirantes, tendo 75% da frota com acessibilidade. Tamb\u00e9m \u00e9 a companhia com maior n\u00famero de linha de longas com dist\u00e2ncias entre uma zona e outra da cidade\u00a0sendo chamada de empresa Transversal&#8221; pela pr\u00f3pria\u00a0Presidente.<br \/>\nA Companhia Carris Porto-Alegrense foi a empresa de transporte p\u00fablico que apresentou, no primeiro trimestre os melhores \u00edndices de qualidade do servi\u00e7o ofertado \u00e0 popula\u00e7\u00e3o de Porto Alegre.<br \/>\nEntre as medi\u00e7\u00f5es est\u00e3o o \u00cdndice de Viagens Realizadas (IVR), Pontualidade (ICV) e Reclama\u00e7\u00f5es de Passageiros.\u00a0Nos tr\u00eas primeiros meses do ano, o IVR da Carris se manteve em quase 100%. Ao todo, 99,47% das tabelas previstas realizaram a viagem.<br \/>\nJ\u00e1 no ICV a\u00a0Carris foi a empresa com maior \u00edndice de cumprimento de viagens, indicador avaliado pelo \u00f3rg\u00e3o gestor atrav\u00e9s do sistema Soma que mostra quando o \u00f4nibus est\u00e1 chegando na parada no hor\u00e1rio previsto.<br \/>\n&nbsp;<br \/>\n&nbsp;<\/p>\n","protected":false},"excerpt":{"rendered":"<p>H\u00e1 10 dias empossada como presidente da Carris, Helen Machado, esteve na tarde desta quinta-feira na C\u00e2mara de Vereadores, apresentando as novas metas da empresa em sua administra\u00e7\u00e3o. A Carris desde 2011 vem apresentando d\u00e9ficit, um dos principais assuntos discutidos pela nova gestora. \u00a0&#8221; Estamos num processo de constru\u00e7\u00e3o, com uma proposta vi\u00e1vel para recuperar [&hellip;]<\/p>\n","protected":false},"author":4,"featured_media":47622,"comment_status":"open","ping_status":"closed","sticky":false,"template":"","format":"standard","meta":{"_jetpack_newsletter_access":"","_jetpack_dont_email_post_to_subs":false,"_jetpack_newsletter_tier_id":0,"_jetpack_memberships_contains_paywalled_content":false,"_jetpack_feature_clip_id":0,"_jetpack_memberships_contains_paid_content":false,"footnotes":"","jetpack_post_was_ever_published":false},"categories":[26],"tags":[],"class_list":["post-47618","post","type-post","status-publish","format-standard","has-post-thumbnail","hentry","category-geral"],"aioseo_notices":[],"aioseo_head":"\n\t\t<!-- All in One SEO 5.0.1.1 - aioseo.com -->\n\t<meta name=\"robots\" content=\"max-image-preview:large\" \/>\n\t<meta name=\"author\" content=\"da Reda\u00e7\u00e3o\"\/>\n\t<link rel=\"canonical\" href=\"https:\/\/www.jornalja.com.br\/arquivo\/carris-tem-prejuizo-de-r-55-milhoes-por-mes-segundo-nova-presidente\/\" \/>\n\t<meta name=\"generator\" content=\"All in One SEO (AIOSEO) 5.0.1.1\" \/>\n\t\t<meta property=\"og:locale\" content=\"pt_BR\" \/>\n\t\t<meta property=\"og:site_name\" content=\"Arquivo | Jornal J\u00c1 | Porto Alegre\" \/>\n\t\t<meta property=\"og:type\" content=\"article\" \/>\n\t\t<meta property=\"og:title\" content=\"Carris tem preju\u00edzo de R$ 5,5 milh\u00f5es por m\u00eas, segundo nova presidente | Arquivo\" \/>\n\t\t<meta property=\"og:url\" content=\"https:\/\/www.jornalja.com.br\/arquivo\/carris-tem-prejuizo-de-r-55-milhoes-por-mes-segundo-nova-presidente\/\" \/>\n\t\t<meta property=\"og:image\" content=\"https:\/\/www.jornalja.com.br\/economics\/wp-content\/uploads\/sites\/11\/2026\/08\/ja-folhaderosto-facebook.jpg\" \/>\n\t\t<meta property=\"og:image:secure_url\" content=\"https:\/\/www.jornalja.com.br\/economics\/wp-content\/uploads\/sites\/11\/2026\/08\/ja-folhaderosto-facebook.jpg\" \/>\n\t\t<meta property=\"article:published_time\" content=\"2017-04-27T22:49:08+00:00\" \/>\n\t\t<meta property=\"article:modified_time\" content=\"2017-04-27T22:49:08+00:00\" \/>\n\t\t<meta name=\"twitter:card\" content=\"summary\" \/>\n\t\t<meta name=\"twitter:title\" content=\"Carris tem preju\u00edzo de R$ 5,5 milh\u00f5es por m\u00eas, segundo nova presidente | Arquivo\" \/>\n\t\t<meta name=\"twitter:image\" content=\"https:\/\/www.jornalja.com.br\/economics\/wp-content\/uploads\/sites\/11\/2026\/08\/ja-folhaderosto-facebook.jpg\" \/>\n\t\t<script type=\"application\/ld+json\" class=\"aioseo-schema\">\n\t\t\t{\"@context\":\"https:\\\/\\\/schema.org\",\"@graph\":[{\"@type\":\"BlogPosting\",\"@id\":\"https:\\\/\\\/www.jornalja.com.br\\\/arquivo\\\/carris-tem-prejuizo-de-r-55-milhoes-por-mes-segundo-nova-presidente\\\/#blogposting\",\"name\":\"Carris tem preju\\u00edzo de R$ 5,5 milh\\u00f5es por m\\u00eas, segundo nova presidente | Arquivo\",\"headline\":\"Carris tem preju\\u00edzo de R$ 5,5 milh\\u00f5es por m\\u00eas, segundo nova presidente\",\"author\":{\"@id\":\"https:\\\/\\\/www.jornalja.com.br\\\/arquivo\\\/author\\\/daredacao\\\/#author\"},\"publisher\":{\"@id\":\"https:\\\/\\\/www.jornalja.com.br\\\/arquivo\\\/#organization\"},\"image\":{\"@type\":\"ImageObject\",\"url\":47622},\"datePublished\":\"2017-04-27T19:49:08-03:00\",\"dateModified\":\"2017-04-27T19:49:08-03:00\",\"inLanguage\":\"pt-BR\",\"commentCount\":1,\"mainEntityOfPage\":{\"@id\":\"https:\\\/\\\/www.jornalja.com.br\\\/arquivo\\\/carris-tem-prejuizo-de-r-55-milhoes-por-mes-segundo-nova-presidente\\\/#webpage\"},\"isPartOf\":{\"@id\":\"https:\\\/\\\/www.jornalja.com.br\\\/arquivo\\\/carris-tem-prejuizo-de-r-55-milhoes-por-mes-segundo-nova-presidente\\\/#webpage\"},\"articleSection\":\"Geral\"},{\"@type\":\"BreadcrumbList\",\"@id\":\"https:\\\/\\\/www.jornalja.com.br\\\/arquivo\\\/carris-tem-prejuizo-de-r-55-milhoes-por-mes-segundo-nova-presidente\\\/#breadcrumblist\",\"itemListElement\":[{\"@type\":\"ListItem\",\"@id\":\"https:\\\/\\\/www.jornalja.com.br\\\/arquivo#listItem\",\"position\":1,\"name\":\"Home\",\"item\":\"https:\\\/\\\/www.jornalja.com.br\\\/arquivo\",\"nextItem\":{\"@type\":\"ListItem\",\"@id\":\"https:\\\/\\\/www.jornalja.com.br\\\/arquivo\\\/category\\\/geral\\\/#listItem\",\"name\":\"Geral\"}},{\"@type\":\"ListItem\",\"@id\":\"https:\\\/\\\/www.jornalja.com.br\\\/arquivo\\\/category\\\/geral\\\/#listItem\",\"position\":2,\"name\":\"Geral\",\"item\":\"https:\\\/\\\/www.jornalja.com.br\\\/arquivo\\\/category\\\/geral\\\/\",\"nextItem\":{\"@type\":\"ListItem\",\"@id\":\"https:\\\/\\\/www.jornalja.com.br\\\/arquivo\\\/carris-tem-prejuizo-de-r-55-milhoes-por-mes-segundo-nova-presidente\\\/#listItem\",\"name\":\"Carris tem preju\\u00edzo de R$ 5,5 milh\\u00f5es por m\\u00eas, segundo nova presidente\"},\"previousItem\":{\"@type\":\"ListItem\",\"@id\":\"https:\\\/\\\/www.jornalja.com.br\\\/arquivo#listItem\",\"name\":\"Home\"}},{\"@type\":\"ListItem\",\"@id\":\"https:\\\/\\\/www.jornalja.com.br\\\/arquivo\\\/carris-tem-prejuizo-de-r-55-milhoes-por-mes-segundo-nova-presidente\\\/#listItem\",\"position\":3,\"name\":\"Carris tem preju\\u00edzo de R$ 5,5 milh\\u00f5es por m\\u00eas, segundo nova presidente\",\"previousItem\":{\"@type\":\"ListItem\",\"@id\":\"https:\\\/\\\/www.jornalja.com.br\\\/arquivo\\\/category\\\/geral\\\/#listItem\",\"name\":\"Geral\"}}]},{\"@type\":\"Organization\",\"@id\":\"https:\\\/\\\/www.jornalja.com.br\\\/arquivo\\\/#organization\",\"name\":\"Jornal J\\u00c1\",\"description\":\"Jornal J\\u00c1 | Porto Alegre\",\"url\":\"https:\\\/\\\/www.jornalja.com.br\\\/arquivo\\\/\",\"telephone\":\"+555133307272\",\"logo\":{\"@type\":\"ImageObject\",\"url\":\"https:\\\/\\\/www.jornalja.com.br\\\/wp-content\\\/uploads\\\/cards\\\/JAslogan.png\",\"@id\":\"https:\\\/\\\/www.jornalja.com.br\\\/arquivo\\\/carris-tem-prejuizo-de-r-55-milhoes-por-mes-segundo-nova-presidente\\\/#organizationLogo\"},\"image\":{\"@id\":\"https:\\\/\\\/www.jornalja.com.br\\\/arquivo\\\/carris-tem-prejuizo-de-r-55-milhoes-por-mes-segundo-nova-presidente\\\/#organizationLogo\"}},{\"@type\":\"Person\",\"@id\":\"https:\\\/\\\/www.jornalja.com.br\\\/arquivo\\\/author\\\/daredacao\\\/#author\",\"url\":\"https:\\\/\\\/www.jornalja.com.br\\\/arquivo\\\/author\\\/daredacao\\\/\",\"name\":\"da Reda\\u00e7\\u00e3o\",\"image\":{\"@type\":\"ImageObject\",\"@id\":\"https:\\\/\\\/www.jornalja.com.br\\\/arquivo\\\/carris-tem-prejuizo-de-r-55-milhoes-por-mes-segundo-nova-presidente\\\/#authorImage\",\"url\":\"https:\\\/\\\/secure.gravatar.com\\\/avatar\\\/469fd857d6605ad19919d27ed29d35a968a25f6e8fd9318356bbb7f57aae9c65?s=96&d=mm&r=g\",\"width\":96,\"height\":96,\"caption\":\"da Reda\\u00e7\\u00e3o\"}},{\"@type\":\"WebPage\",\"@id\":\"https:\\\/\\\/www.jornalja.com.br\\\/arquivo\\\/carris-tem-prejuizo-de-r-55-milhoes-por-mes-segundo-nova-presidente\\\/#webpage\",\"url\":\"https:\\\/\\\/www.jornalja.com.br\\\/arquivo\\\/carris-tem-prejuizo-de-r-55-milhoes-por-mes-segundo-nova-presidente\\\/\",\"name\":\"Carris tem preju\\u00edzo de R$ 5,5 milh\\u00f5es por m\\u00eas, segundo nova presidente | Arquivo\",\"inLanguage\":\"pt-BR\",\"isPartOf\":{\"@id\":\"https:\\\/\\\/www.jornalja.com.br\\\/arquivo\\\/#website\"},\"breadcrumb\":{\"@id\":\"https:\\\/\\\/www.jornalja.com.br\\\/arquivo\\\/carris-tem-prejuizo-de-r-55-milhoes-por-mes-segundo-nova-presidente\\\/#breadcrumblist\"},\"author\":{\"@id\":\"https:\\\/\\\/www.jornalja.com.br\\\/arquivo\\\/author\\\/daredacao\\\/#author\"},\"creator\":{\"@id\":\"https:\\\/\\\/www.jornalja.com.br\\\/arquivo\\\/author\\\/daredacao\\\/#author\"},\"image\":{\"@type\":\"ImageObject\",\"url\":47622,\"@id\":\"https:\\\/\\\/www.jornalja.com.br\\\/arquivo\\\/carris-tem-prejuizo-de-r-55-milhoes-por-mes-segundo-nova-presidente\\\/#mainImage\"},\"primaryImageOfPage\":{\"@id\":\"https:\\\/\\\/www.jornalja.com.br\\\/arquivo\\\/carris-tem-prejuizo-de-r-55-milhoes-por-mes-segundo-nova-presidente\\\/#mainImage\"},\"datePublished\":\"2017-04-27T19:49:08-03:00\",\"dateModified\":\"2017-04-27T19:49:08-03:00\"},{\"@type\":\"WebSite\",\"@id\":\"https:\\\/\\\/www.jornalja.com.br\\\/arquivo\\\/#website\",\"url\":\"https:\\\/\\\/www.jornalja.com.br\\\/arquivo\\\/\",\"name\":\"Arquivo\",\"description\":\"Jornal J\\u00c1 | Porto Alegre\",\"inLanguage\":\"pt-BR\",\"publisher\":{\"@id\":\"https:\\\/\\\/www.jornalja.com.br\\\/arquivo\\\/#organization\"}}]}\n\t\t<\/script>\n\t\t<!-- All in One SEO -->\n\n","aioseo_head_json":{"title":"Carris tem preju\u00edzo de R$ 5,5 milh\u00f5es por m\u00eas, segundo nova presidente | Arquivo","description":"","canonical_url":"https:\/\/www.jornalja.com.br\/arquivo\/carris-tem-prejuizo-de-r-55-milhoes-por-mes-segundo-nova-presidente\/","robots":"max-image-preview:large","keywords":"","webmasterTools":{"miscellaneous":""},"schema":{"@context":"https:\/\/schema.org","@graph":[{"@type":"BlogPosting","@id":"https:\/\/www.jornalja.com.br\/arquivo\/carris-tem-prejuizo-de-r-55-milhoes-por-mes-segundo-nova-presidente\/#blogposting","name":"Carris tem preju\u00edzo de R$ 5,5 milh\u00f5es por m\u00eas, segundo nova presidente | Arquivo","headline":"Carris tem preju\u00edzo de R$ 5,5 milh\u00f5es por m\u00eas, segundo nova presidente","author":{"@id":"https:\/\/www.jornalja.com.br\/arquivo\/author\/daredacao\/#author"},"publisher":{"@id":"https:\/\/www.jornalja.com.br\/arquivo\/#organization"},"image":{"@type":"ImageObject","url":47622},"datePublished":"2017-04-27T19:49:08-03:00","dateModified":"2017-04-27T19:49:08-03:00","inLanguage":"pt-BR","commentCount":1,"mainEntityOfPage":{"@id":"https:\/\/www.jornalja.com.br\/arquivo\/carris-tem-prejuizo-de-r-55-milhoes-por-mes-segundo-nova-presidente\/#webpage"},"isPartOf":{"@id":"https:\/\/www.jornalja.com.br\/arquivo\/carris-tem-prejuizo-de-r-55-milhoes-por-mes-segundo-nova-presidente\/#webpage"},"articleSection":"Geral"},{"@type":"BreadcrumbList","@id":"https:\/\/www.jornalja.com.br\/arquivo\/carris-tem-prejuizo-de-r-55-milhoes-por-mes-segundo-nova-presidente\/#breadcrumblist","itemListElement":[{"@type":"ListItem","@id":"https:\/\/www.jornalja.com.br\/arquivo#listItem","position":1,"name":"Home","item":"https:\/\/www.jornalja.com.br\/arquivo","nextItem":{"@type":"ListItem","@id":"https:\/\/www.jornalja.com.br\/arquivo\/category\/geral\/#listItem","name":"Geral"}},{"@type":"ListItem","@id":"https:\/\/www.jornalja.com.br\/arquivo\/category\/geral\/#listItem","position":2,"name":"Geral","item":"https:\/\/www.jornalja.com.br\/arquivo\/category\/geral\/","nextItem":{"@type":"ListItem","@id":"https:\/\/www.jornalja.com.br\/arquivo\/carris-tem-prejuizo-de-r-55-milhoes-por-mes-segundo-nova-presidente\/#listItem","name":"Carris tem preju\u00edzo de R$ 5,5 milh\u00f5es por m\u00eas, segundo nova presidente"},"previousItem":{"@type":"ListItem","@id":"https:\/\/www.jornalja.com.br\/arquivo#listItem","name":"Home"}},{"@type":"ListItem","@id":"https:\/\/www.jornalja.com.br\/arquivo\/carris-tem-prejuizo-de-r-55-milhoes-por-mes-segundo-nova-presidente\/#listItem","position":3,"name":"Carris tem preju\u00edzo de R$ 5,5 milh\u00f5es por m\u00eas, segundo nova presidente","previousItem":{"@type":"ListItem","@id":"https:\/\/www.jornalja.com.br\/arquivo\/category\/geral\/#listItem","name":"Geral"}}]},{"@type":"Organization","@id":"https:\/\/www.jornalja.com.br\/arquivo\/#organization","name":"Jornal J\u00c1","description":"Jornal J\u00c1 | Porto Alegre","url":"https:\/\/www.jornalja.com.br\/arquivo\/","telephone":"+555133307272","logo":{"@type":"ImageObject","url":"https:\/\/www.jornalja.com.br\/wp-content\/uploads\/cards\/JAslogan.png","@id":"https:\/\/www.jornalja.com.br\/arquivo\/carris-tem-prejuizo-de-r-55-milhoes-por-mes-segundo-nova-presidente\/#organizationLogo"},"image":{"@id":"https:\/\/www.jornalja.com.br\/arquivo\/carris-tem-prejuizo-de-r-55-milhoes-por-mes-segundo-nova-presidente\/#organizationLogo"}},{"@type":"Person","@id":"https:\/\/www.jornalja.com.br\/arquivo\/author\/daredacao\/#author","url":"https:\/\/www.jornalja.com.br\/arquivo\/author\/daredacao\/","name":"da Reda\u00e7\u00e3o","image":{"@type":"ImageObject","@id":"https:\/\/www.jornalja.com.br\/arquivo\/carris-tem-prejuizo-de-r-55-milhoes-por-mes-segundo-nova-presidente\/#authorImage","url":"https:\/\/secure.gravatar.com\/avatar\/469fd857d6605ad19919d27ed29d35a968a25f6e8fd9318356bbb7f57aae9c65?s=96&d=mm&r=g","width":96,"height":96,"caption":"da Reda\u00e7\u00e3o"}},{"@type":"WebPage","@id":"https:\/\/www.jornalja.com.br\/arquivo\/carris-tem-prejuizo-de-r-55-milhoes-por-mes-segundo-nova-presidente\/#webpage","url":"https:\/\/www.jornalja.com.br\/arquivo\/carris-tem-prejuizo-de-r-55-milhoes-por-mes-segundo-nova-presidente\/","name":"Carris tem preju\u00edzo de R$ 5,5 milh\u00f5es por m\u00eas, segundo nova presidente | Arquivo","inLanguage":"pt-BR","isPartOf":{"@id":"https:\/\/www.jornalja.com.br\/arquivo\/#website"},"breadcrumb":{"@id":"https:\/\/www.jornalja.com.br\/arquivo\/carris-tem-prejuizo-de-r-55-milhoes-por-mes-segundo-nova-presidente\/#breadcrumblist"},"author":{"@id":"https:\/\/www.jornalja.com.br\/arquivo\/author\/daredacao\/#author"},"creator":{"@id":"https:\/\/www.jornalja.com.br\/arquivo\/author\/daredacao\/#author"},"image":{"@type":"ImageObject","url":47622,"@id":"https:\/\/www.jornalja.com.br\/arquivo\/carris-tem-prejuizo-de-r-55-milhoes-por-mes-segundo-nova-presidente\/#mainImage"},"primaryImageOfPage":{"@id":"https:\/\/www.jornalja.com.br\/arquivo\/carris-tem-prejuizo-de-r-55-milhoes-por-mes-segundo-nova-presidente\/#mainImage"},"datePublished":"2017-04-27T19:49:08-03:00","dateModified":"2017-04-27T19:49:08-03:00"},{"@type":"WebSite","@id":"https:\/\/www.jornalja.com.br\/arquivo\/#website","url":"https:\/\/www.jornalja.com.br\/arquivo\/","name":"Arquivo","description":"Jornal J\u00c1 | Porto Alegre","inLanguage":"pt-BR","publisher":{"@id":"https:\/\/www.jornalja.com.br\/arquivo\/#organization"}}]},"og:locale":"pt_BR","og:site_name":"Arquivo | Jornal J\u00c1 | Porto Alegre","og:type":"article","og:title":"Carris tem preju\u00edzo de R$ 5,5 milh\u00f5es por m\u00eas, segundo nova presidente | Arquivo","og:url":"https:\/\/www.jornalja.com.br\/arquivo\/carris-tem-prejuizo-de-r-55-milhoes-por-mes-segundo-nova-presidente\/","og:image":"https:\/\/www.jornalja.com.br\/economics\/wp-content\/uploads\/sites\/11\/2026\/08\/ja-folhaderosto-facebook.jpg","og:image:secure_url":"https:\/\/www.jornalja.com.br\/economics\/wp-content\/uploads\/sites\/11\/2026\/08\/ja-folhaderosto-facebook.jpg","article:published_time":"2017-04-27T22:49:08+00:00","article:modified_time":"2017-04-27T22:49:08+00:00","twitter:card":"summary","twitter:title":"Carris tem preju\u00edzo de R$ 5,5 milh\u00f5es por m\u00eas, segundo nova presidente | Arquivo","twitter:image":"https:\/\/www.jornalja.com.br\/economics\/wp-content\/uploads\/sites\/11\/2026\/08\/ja-folhaderosto-facebook.jpg"},"aioseo_meta_data":{"post_id":"47618","title":null,"description":null,"keywords":null,"keyphrases":null,"primary_term":null,"canonical_url":null,"og_title":null,"og_description":null,"og_object_type":"default","og_image_type":"default","og_image_url":null,"og_image_width":null,"og_image_height":null,"og_image_custom_url":null,"og_image_custom_fields":null,"og_video":null,"og_custom_url":null,"og_article_section":null,"og_article_tags":null,"twitter_use_og":false,"twitter_card":"default","twitter_image_type":"default","twitter_image_url":null,"twitter_image_custom_url":null,"twitter_image_custom_fields":null,"twitter_title":null,"twitter_description":null,"schema":{"blockGraphs":[],"customGraphs":[],"default":{"data":{"Article":[],"Course":[],"Dataset":[],"FAQPage":[],"Movie":[],"Person":[],"Product":[],"ProductReview":[],"Car":[],"Recipe":[],"Service":[],"SoftwareApplication":[],"WebPage":[]},"graphName":"","isEnabled":true},"graphs":[],"defaultGraph":"","defaultPostTypeGraph":""},"schema_type":null,"schema_type_options":null,"pillar_content":false,"robots_default":true,"robots_noindex":false,"robots_noarchive":false,"robots_nosnippet":false,"robots_nofollow":false,"robots_noimageindex":false,"robots_noodp":false,"robots_notranslate":false,"robots_max_snippet":null,"robots_max_videopreview":null,"robots_max_imagepreview":"large","priority":null,"frequency":null,"location":null,"local_seo":null,"breadcrumb_settings":null,"limit_modified_date":false,"ai":null,"created":"2020-12-20 20:35:51","updated":"2025-07-19 21:11:00","seo_analyzer_scan_date":null,"focus_keyword":null,"additional_keywords":null,"truseo_locale":null},"jetpack_sharing_enabled":true,"jetpack-related-posts":[{"id":12960,"url":"https:\/\/www.jornalja.com.br\/arquivo\/populacao-culpa-empresas-pela-greve-dos-rodoviarios\/","url_meta":{"origin":47618,"position":0},"title":"Popula\u00e7\u00e3o culpa empresas pela greve","author":"Patr\u00edcia Marini","date":"14 de fevereiro de 2014","format":false,"excerpt":"Pesquisa divulgada na edi\u00e7\u00e3o do jornal Metro desta sexta-feira,14, comprova o velho ditado: \u00e9 poss\u00edvel enganar muitos por algum tempo, mas n\u00e3o \u00e9 poss\u00edvel enganar a todos o tempo inteiro. A principal revela\u00e7\u00e3o foi que 59,8% dos entrevistados apontaram as empresas como as principais respons\u00e1veis pela grave e 46% culparam\u2026","rel":"","context":"Em &quot;X.Categorias velhas&quot;","block_context":{"text":"X.Categorias velhas","link":"https:\/\/www.jornalja.com.br\/arquivo\/category\/x-categorias-velhas\/"},"img":{"alt_text":"","src":"","width":0,"height":0},"classes":[]},{"id":13124,"url":"https:\/\/www.jornalja.com.br\/arquivo\/sangue-latino-no-iecine\/","url_meta":{"origin":47618,"position":1},"title":"Sangue latino no IECINE","author":"da Reda\u00e7\u00e3o","date":"18 de maio de 2014","format":false,"excerpt":"Francisco Ribeiro O Instituto Estadual de Cinema (IECINE) tem a frente, desde abril \u00faltimo, um novo diretor, o cineasta colombiano Juan Zapata, 36, que substitui Luiz Alberto Cassol. Radicado h\u00e1 dez anos em Porto Alegre, Zapata tem diante de si o desafio de conduzir at\u00e9 o final do ano um\u2026","rel":"","context":"Em &quot;Cultura-Geral&quot;","block_context":{"text":"Cultura-Geral","link":"https:\/\/www.jornalja.com.br\/arquivo\/category\/materiasecundaria\/"},"img":{"alt_text":"","src":"","width":0,"height":0},"classes":[]},{"id":13101,"url":"https:\/\/www.jornalja.com.br\/arquivo\/morre-um-guerreiro-do-texto\/","url_meta":{"origin":47618,"position":2},"title":"Morre um guerreiro do texto","author":"Patr\u00edcia Marini","date":"14 de maio de 2014","format":false,"excerpt":"Por Ricardo Kotscho Reproduzido do blog do autor, 11\/5\/2014; t\u00edtulo original \u201cE l\u00e1 se foi o nosso Myltainho, guerreiro do texto\u201d. Mi\u00fado e franzino, meu amigo Myltainho era um valente e inconformado guerreiro na luta contra as injusti\u00e7as sociais, a hipocrisia, as maracutaias, o autoritarismo, a intoler\u00e2ncia, a viol\u00eancia, o\u2026","rel":"","context":"Em &quot;Geral&quot;","block_context":{"text":"Geral","link":"https:\/\/www.jornalja.com.br\/arquivo\/category\/geral\/"},"img":{"alt_text":"","src":"","width":0,"height":0},"classes":[]},{"id":13128,"url":"https:\/\/www.jornalja.com.br\/arquivo\/maconha-terra-diz-que-uso-medicinal-e-desculpa\/","url_meta":{"origin":47618,"position":3},"title":"Maconha: Terra diz que uso medicinal \u00e9 desculpa","author":"Patr\u00edcia Marini","date":"4 de junho de 2014","format":false,"excerpt":"A condi\u00e7\u00e3o de pol\u00edtico, em \u00e9poca de campanha de campanha eleitoral, tira for\u00e7a do discurso do m\u00e9dico Osmar Terra contra a legaliza\u00e7\u00e3o da maconha. A tese dele de que a libera\u00e7\u00e3o vai ampliar exponencialmente o consumo \u00e9 discutivel, o consumo \u00e9 corrente. Mas seus alertas quanto aos riscos tem que\u2026","rel":"","context":"Em &quot;X.Categorias velhas&quot;","block_context":{"text":"X.Categorias velhas","link":"https:\/\/www.jornalja.com.br\/arquivo\/category\/x-categorias-velhas\/"},"img":{"alt_text":"","src":"","width":0,"height":0},"classes":[]},{"id":13240,"url":"https:\/\/www.jornalja.com.br\/arquivo\/plano-diretor-estamos-construindo-o-caos\/","url_meta":{"origin":47618,"position":4},"title":"Plano diretor: &quot;Estamos construindo o caos&quot;","author":"Patr\u00edcia Marini","date":"26 de maio de 2014","format":false,"excerpt":"Desabafo que arquiteta Eliana Castilhos, delegada da Regi\u00e3o de Planejamento 1, postou nas redes sociais \u00e9 um testemunho do ambiente que se criou no Conselho do Plano Diretor de Porto Alegre, onde a aprova\u00e7\u00e3o de grandes empreendimentos \u00e9 empurrada guela abaixo dos conselheiros. Ao CMDUA Como delegada da Regi\u00e3o de\u2026","rel":"","context":"Em &quot;Geral&quot;","block_context":{"text":"Geral","link":"https:\/\/www.jornalja.com.br\/arquivo\/category\/geral\/"},"img":{"alt_text":"","src":"","width":0,"height":0},"classes":[]},{"id":5440,"url":"https:\/\/www.jornalja.com.br\/arquivo\/casarao-da-venancio-destino-permanece-incerto\/","url_meta":{"origin":47618,"position":5},"title":"Estado ainda n\u00e3o sabe o que fazer com casar\u00e3o abandonado h\u00e1 20 anos","author":"Elmar Bones","date":"6 de julho de 2009","format":false,"excerpt":"O casar\u00e3o amarelo, numa esquina nobre de Porto Alegre (Ven\u00e2ncio Aires com Jo\u00e3o Pessoa), j\u00e1 abrigou uma escola. H\u00e1 duas d\u00e9cadas, pelo menos, est\u00e1 abandonado, porque seu propriet\u00e1rio, o governo do Estado do Rio Grande do Sul, n\u00e3o consegue achar um destino para ele. Planos n\u00e3o faltaram. O governador Ol\u00edvio\u2026","rel":"","context":"Em &quot;X.Categorias velhas&quot;","block_context":{"text":"X.Categorias velhas","link":"https:\/\/www.jornalja.com.br\/arquivo\/category\/x-categorias-velhas\/"},"img":{"alt_text":"geraldo1","src":"https:\/\/i0.wp.com\/www.jornalja.com.br\/wp-content\/uploads\/2009\/07\/geraldo1.jpg?resize=350%2C200&ssl=1","width":350,"height":200},"classes":[]}],"jetpack_shortlink":"https:\/\/wp.me\/pbQjBd-co2","jetpack_featured_media_url":"","_links":{"self":[{"href":"https:\/\/www.jornalja.com.br\/arquivo\/wp-json\/wp\/v2\/posts\/47618","targetHints":{"allow":["GET"]}}],"collection":[{"href":"https:\/\/www.jornalja.com.br\/arquivo\/wp-json\/wp\/v2\/posts"}],"about":[{"href":"https:\/\/www.jornalja.com.br\/arquivo\/wp-json\/wp\/v2\/types\/post"}],"author":[{"embeddable":true,"href":"https:\/\/www.jornalja.com.br\/arquivo\/wp-json\/wp\/v2\/users\/4"}],"replies":[{"embeddable":true,"href":"https:\/\/www.jornalja.com.br\/arquivo\/wp-json\/wp\/v2\/comments?post=47618"}],"version-history":[{"count":0,"href":"https:\/\/www.jornalja.com.br\/arquivo\/wp-json\/wp\/v2\/posts\/47618\/revisions"}],"wp:attachment":[{"href":"https:\/\/www.jornalja.com.br\/arquivo\/wp-json\/wp\/v2\/media?parent=47618"}],"wp:term":[{"taxonomy":"category","embeddable":true,"href":"https:\/\/www.jornalja.com.br\/arquivo\/wp-json\/wp\/v2\/categories?post=47618"},{"taxonomy":"post_tag","embeddable":true,"href":"https:\/\/www.jornalja.com.br\/arquivo\/wp-json\/wp\/v2\/tags?post=47618"}],"curies":[{"name":"wp","href":"https:\/\/api.w.org\/{rel}","templated":true}]}}