{"id":47644,"date":"2017-04-27T21:07:41","date_gmt":"2017-04-28T00:07:41","guid":{"rendered":"https:\/\/www.jornalja.com.br\/?p=47644"},"modified":"2017-04-27T21:07:41","modified_gmt":"2017-04-28T00:07:41","slug":"feira-nacional-da-reforma-agraria-mostra-a-producao-de-assentamentos","status":"publish","type":"post","link":"https:\/\/www.jornalja.com.br\/arquivo\/feira-nacional-da-reforma-agraria-mostra-a-producao-de-assentamentos\/","title":{"rendered":"Feira Nacional da Reforma Agr\u00e1ria mostra produ\u00e7\u00e3o de  assentamentos"},"content":{"rendered":"<p>Alimentos produzidos pelo Movimento dos Trabalhadores Rurais Sem Terra (MST) nos assentamentos do Rio Grande do Sul ser\u00e3o comercializados de 4 a 7 de maio no Parque da \u00c1gua Branca, em S\u00e3o Paulo, onde acontece a 2\u00ba Feira Nacional da Reforma Agr\u00e1ria.<br \/>\nEste ano as fam\u00edlias assentadas, que organizam sua produ\u00e7\u00e3o por meio de cooperativas e agroind\u00fastrias, enviar\u00e3o<strong>\u00a0<\/strong>24 mil quilos<strong>\u00a0<\/strong>de alimentos \u00e0 feira, entre eles, v\u00e1rios tipos de arroz, feij\u00f5es, sucos, p\u00e3es, cucas, bolachas e bolos, al\u00e9m de milho, leite em p\u00f3,<strong>\u00a0<\/strong>sementes de hortali\u00e7as, farinhas de milho e trigo, linha\u00e7a dourada, extrato de tomate, geleias, aipim, moranga, cuias, erva-mate e bombas de chimarr\u00e3o.<br \/>\nDe acordo com Adelar Pretto, do setor de Produ\u00e7\u00e3o do MST\/RS, a feira \u00e9 um instrumento para os produtores estabelecerem rela\u00e7\u00e3o direta com os consumidores e futuras rela\u00e7\u00f5es comerciais. \u201c\u00c9 uma oportunidade de mostramos que a Reforma Agr\u00e1ria d\u00e1 certo, que as fam\u00edlias est\u00e3o fazendo com que a terra cumpra a sua fun\u00e7\u00e3o social de produzir alimentos.<br \/>\nA feira, al\u00e9m de oferecer uma produ\u00e7\u00e3o saud\u00e1vel e diversificada, tamb\u00e9m contribui para elevar a unidade entre os trabalhadores camponeses e urbanos atrav\u00e9s de v\u00e1rios debates\u201d, complementa.<br \/>\n<strong>Arroz org\u00e2nico<\/strong><br \/>\nO produto de maior destaque \u00e9 o arroz agroecol\u00f3gico, que come\u00e7ou a ser produzido no ano de 1999 em assentamentos da Reforma Agr\u00e1ria na regi\u00e3o Metropolitana de Porto Alegre.<br \/>\nHoje o cultivo do gr\u00e3o, que \u00e9 100% saud\u00e1vel e sem o uso de venenos, envolve 616 fam\u00edlias em 22 assentamentos e 16 munic\u00edpios ga\u00fachos. Para a safra 2016-2017, a estimativa \u00e9 colher 550 mil sacas (27 mil toneladas) do gr\u00e3o, numa \u00e1rea plantada de cinco mil hectares. Por conta disto, os Sem Terras s\u00e3o conhecidos como os maiores produtores de arroz org\u00e2nico da Am\u00e9rica Latina.<br \/>\nPara esta segunda edi\u00e7\u00e3o da Feira Nacional da Reforma Agr\u00e1ria, a banca ga\u00facha estar\u00e1 oferecendo cerca de 6 mil quilos de arroz, entre eles o rubi, o preto, o arb\u00f3reo e o cateto. Quem passar pelo Parque da \u00c1gua Branca tamb\u00e9m poder\u00e1 provar arroz carreteiro, uma comida t\u00edpica do RS, no espa\u00e7o \u2018Culin\u00e1ria da Terra\u2019.<br \/>\nAs cooperativas que v\u00e3o participar da feira pelo RS s\u00e3o: Cooperativa dos Produtores Org\u00e2nicos da Reforma Agr\u00e1ria de Viam\u00e3o (Cooperav); Cooperativa de Produ\u00e7\u00e3o Agropecu\u00e1ria Nova Santa Rita (Coopan); Cooperativa de Produtos Org\u00e2nicos P\u00e3o da Terra; Cooperativa Agroecol\u00f3gica Nacional Terra e Vida (Conaterra); Cooperativa dos Trabalhadores Assentados da Regi\u00e3o de Porto Alegre (Cootap); Cooperativa de Sucos Monte V\u00eaneto; Cooperativa dos Trabalhadores da Reforma Agr\u00e1ria Terra Livre; e Cooperativa de Produ\u00e7\u00e3o Agropecu\u00e1ria Cascata (Cooptar).<br \/>\n&nbsp;<\/p>\n","protected":false},"excerpt":{"rendered":"<p>Alimentos produzidos pelo Movimento dos Trabalhadores Rurais Sem Terra (MST) nos assentamentos do Rio Grande do Sul ser\u00e3o comercializados de 4 a 7 de maio no Parque da \u00c1gua Branca, em S\u00e3o Paulo, onde acontece a 2\u00ba Feira Nacional da Reforma Agr\u00e1ria. Este ano as fam\u00edlias assentadas, que organizam sua produ\u00e7\u00e3o por meio de cooperativas [&hellip;]<\/p>\n","protected":false},"author":4,"featured_media":47646,"comment_status":"open","ping_status":"closed","sticky":false,"template":"","format":"standard","meta":{"_jetpack_newsletter_access":"","_jetpack_dont_email_post_to_subs":false,"_jetpack_newsletter_tier_id":0,"_jetpack_memberships_contains_paywalled_content":false,"_jetpack_feature_clip_id":0,"_jetpack_memberships_contains_paid_content":false,"footnotes":"","jetpack_post_was_ever_published":false},"categories":[26],"tags":[],"class_list":["post-47644","post","type-post","status-publish","format-standard","has-post-thumbnail","hentry","category-geral"],"aioseo_notices":[],"aioseo_head":"\n\t\t<!-- All in One SEO 5.0.1.1 - aioseo.com -->\n\t<meta name=\"robots\" content=\"max-image-preview:large\" \/>\n\t<meta name=\"author\" content=\"da Reda\u00e7\u00e3o\"\/>\n\t<link rel=\"canonical\" href=\"https:\/\/www.jornalja.com.br\/arquivo\/feira-nacional-da-reforma-agraria-mostra-a-producao-de-assentamentos\/\" \/>\n\t<meta name=\"generator\" content=\"All in One SEO (AIOSEO) 5.0.1.1\" \/>\n\t\t<meta property=\"og:locale\" content=\"pt_BR\" \/>\n\t\t<meta property=\"og:site_name\" content=\"Arquivo | Jornal J\u00c1 | Porto Alegre\" \/>\n\t\t<meta property=\"og:type\" content=\"article\" \/>\n\t\t<meta property=\"og:title\" content=\"Feira Nacional da Reforma Agr\u00e1ria mostra produ\u00e7\u00e3o de assentamentos | Arquivo\" \/>\n\t\t<meta property=\"og:url\" content=\"https:\/\/www.jornalja.com.br\/arquivo\/feira-nacional-da-reforma-agraria-mostra-a-producao-de-assentamentos\/\" \/>\n\t\t<meta property=\"og:image\" content=\"https:\/\/www.jornalja.com.br\/economics\/wp-content\/uploads\/sites\/11\/2026\/08\/ja-folhaderosto-facebook.jpg\" \/>\n\t\t<meta property=\"og:image:secure_url\" content=\"https:\/\/www.jornalja.com.br\/economics\/wp-content\/uploads\/sites\/11\/2026\/08\/ja-folhaderosto-facebook.jpg\" \/>\n\t\t<meta property=\"article:published_time\" content=\"2017-04-28T00:07:41+00:00\" \/>\n\t\t<meta property=\"article:modified_time\" content=\"2017-04-28T00:07:41+00:00\" \/>\n\t\t<meta name=\"twitter:card\" content=\"summary\" \/>\n\t\t<meta name=\"twitter:title\" content=\"Feira Nacional da Reforma Agr\u00e1ria mostra produ\u00e7\u00e3o de assentamentos | Arquivo\" \/>\n\t\t<meta name=\"twitter:image\" content=\"https:\/\/www.jornalja.com.br\/economics\/wp-content\/uploads\/sites\/11\/2026\/08\/ja-folhaderosto-facebook.jpg\" \/>\n\t\t<script type=\"application\/ld+json\" class=\"aioseo-schema\">\n\t\t\t{\"@context\":\"https:\\\/\\\/schema.org\",\"@graph\":[{\"@type\":\"BlogPosting\",\"@id\":\"https:\\\/\\\/www.jornalja.com.br\\\/arquivo\\\/feira-nacional-da-reforma-agraria-mostra-a-producao-de-assentamentos\\\/#blogposting\",\"name\":\"Feira Nacional da Reforma Agr\\u00e1ria mostra produ\\u00e7\\u00e3o de assentamentos | Arquivo\",\"headline\":\"Feira Nacional da Reforma Agr\\u00e1ria mostra produ\\u00e7\\u00e3o de  assentamentos\",\"author\":{\"@id\":\"https:\\\/\\\/www.jornalja.com.br\\\/arquivo\\\/author\\\/daredacao\\\/#author\"},\"publisher\":{\"@id\":\"https:\\\/\\\/www.jornalja.com.br\\\/arquivo\\\/#organization\"},\"image\":{\"@type\":\"ImageObject\",\"url\":47646},\"datePublished\":\"2017-04-27T21:07:41-03:00\",\"dateModified\":\"2017-04-27T21:07:41-03:00\",\"inLanguage\":\"pt-BR\",\"mainEntityOfPage\":{\"@id\":\"https:\\\/\\\/www.jornalja.com.br\\\/arquivo\\\/feira-nacional-da-reforma-agraria-mostra-a-producao-de-assentamentos\\\/#webpage\"},\"isPartOf\":{\"@id\":\"https:\\\/\\\/www.jornalja.com.br\\\/arquivo\\\/feira-nacional-da-reforma-agraria-mostra-a-producao-de-assentamentos\\\/#webpage\"},\"articleSection\":\"Geral\"},{\"@type\":\"BreadcrumbList\",\"@id\":\"https:\\\/\\\/www.jornalja.com.br\\\/arquivo\\\/feira-nacional-da-reforma-agraria-mostra-a-producao-de-assentamentos\\\/#breadcrumblist\",\"itemListElement\":[{\"@type\":\"ListItem\",\"@id\":\"https:\\\/\\\/www.jornalja.com.br\\\/arquivo#listItem\",\"position\":1,\"name\":\"Home\",\"item\":\"https:\\\/\\\/www.jornalja.com.br\\\/arquivo\",\"nextItem\":{\"@type\":\"ListItem\",\"@id\":\"https:\\\/\\\/www.jornalja.com.br\\\/arquivo\\\/category\\\/geral\\\/#listItem\",\"name\":\"Geral\"}},{\"@type\":\"ListItem\",\"@id\":\"https:\\\/\\\/www.jornalja.com.br\\\/arquivo\\\/category\\\/geral\\\/#listItem\",\"position\":2,\"name\":\"Geral\",\"item\":\"https:\\\/\\\/www.jornalja.com.br\\\/arquivo\\\/category\\\/geral\\\/\",\"nextItem\":{\"@type\":\"ListItem\",\"@id\":\"https:\\\/\\\/www.jornalja.com.br\\\/arquivo\\\/feira-nacional-da-reforma-agraria-mostra-a-producao-de-assentamentos\\\/#listItem\",\"name\":\"Feira Nacional da Reforma Agr\\u00e1ria mostra produ\\u00e7\\u00e3o de  assentamentos\"},\"previousItem\":{\"@type\":\"ListItem\",\"@id\":\"https:\\\/\\\/www.jornalja.com.br\\\/arquivo#listItem\",\"name\":\"Home\"}},{\"@type\":\"ListItem\",\"@id\":\"https:\\\/\\\/www.jornalja.com.br\\\/arquivo\\\/feira-nacional-da-reforma-agraria-mostra-a-producao-de-assentamentos\\\/#listItem\",\"position\":3,\"name\":\"Feira Nacional da Reforma Agr\\u00e1ria mostra produ\\u00e7\\u00e3o de  assentamentos\",\"previousItem\":{\"@type\":\"ListItem\",\"@id\":\"https:\\\/\\\/www.jornalja.com.br\\\/arquivo\\\/category\\\/geral\\\/#listItem\",\"name\":\"Geral\"}}]},{\"@type\":\"Organization\",\"@id\":\"https:\\\/\\\/www.jornalja.com.br\\\/arquivo\\\/#organization\",\"name\":\"Jornal J\\u00c1\",\"description\":\"Jornal J\\u00c1 | Porto Alegre\",\"url\":\"https:\\\/\\\/www.jornalja.com.br\\\/arquivo\\\/\",\"telephone\":\"+555133307272\",\"logo\":{\"@type\":\"ImageObject\",\"url\":\"https:\\\/\\\/www.jornalja.com.br\\\/wp-content\\\/uploads\\\/cards\\\/JAslogan.png\",\"@id\":\"https:\\\/\\\/www.jornalja.com.br\\\/arquivo\\\/feira-nacional-da-reforma-agraria-mostra-a-producao-de-assentamentos\\\/#organizationLogo\"},\"image\":{\"@id\":\"https:\\\/\\\/www.jornalja.com.br\\\/arquivo\\\/feira-nacional-da-reforma-agraria-mostra-a-producao-de-assentamentos\\\/#organizationLogo\"}},{\"@type\":\"Person\",\"@id\":\"https:\\\/\\\/www.jornalja.com.br\\\/arquivo\\\/author\\\/daredacao\\\/#author\",\"url\":\"https:\\\/\\\/www.jornalja.com.br\\\/arquivo\\\/author\\\/daredacao\\\/\",\"name\":\"da Reda\\u00e7\\u00e3o\",\"image\":{\"@type\":\"ImageObject\",\"@id\":\"https:\\\/\\\/www.jornalja.com.br\\\/arquivo\\\/feira-nacional-da-reforma-agraria-mostra-a-producao-de-assentamentos\\\/#authorImage\",\"url\":\"https:\\\/\\\/secure.gravatar.com\\\/avatar\\\/469fd857d6605ad19919d27ed29d35a968a25f6e8fd9318356bbb7f57aae9c65?s=96&d=mm&r=g\",\"width\":96,\"height\":96,\"caption\":\"da Reda\\u00e7\\u00e3o\"}},{\"@type\":\"WebPage\",\"@id\":\"https:\\\/\\\/www.jornalja.com.br\\\/arquivo\\\/feira-nacional-da-reforma-agraria-mostra-a-producao-de-assentamentos\\\/#webpage\",\"url\":\"https:\\\/\\\/www.jornalja.com.br\\\/arquivo\\\/feira-nacional-da-reforma-agraria-mostra-a-producao-de-assentamentos\\\/\",\"name\":\"Feira Nacional da Reforma Agr\\u00e1ria mostra produ\\u00e7\\u00e3o de assentamentos | Arquivo\",\"inLanguage\":\"pt-BR\",\"isPartOf\":{\"@id\":\"https:\\\/\\\/www.jornalja.com.br\\\/arquivo\\\/#website\"},\"breadcrumb\":{\"@id\":\"https:\\\/\\\/www.jornalja.com.br\\\/arquivo\\\/feira-nacional-da-reforma-agraria-mostra-a-producao-de-assentamentos\\\/#breadcrumblist\"},\"author\":{\"@id\":\"https:\\\/\\\/www.jornalja.com.br\\\/arquivo\\\/author\\\/daredacao\\\/#author\"},\"creator\":{\"@id\":\"https:\\\/\\\/www.jornalja.com.br\\\/arquivo\\\/author\\\/daredacao\\\/#author\"},\"image\":{\"@type\":\"ImageObject\",\"url\":47646,\"@id\":\"https:\\\/\\\/www.jornalja.com.br\\\/arquivo\\\/feira-nacional-da-reforma-agraria-mostra-a-producao-de-assentamentos\\\/#mainImage\"},\"primaryImageOfPage\":{\"@id\":\"https:\\\/\\\/www.jornalja.com.br\\\/arquivo\\\/feira-nacional-da-reforma-agraria-mostra-a-producao-de-assentamentos\\\/#mainImage\"},\"datePublished\":\"2017-04-27T21:07:41-03:00\",\"dateModified\":\"2017-04-27T21:07:41-03:00\"},{\"@type\":\"WebSite\",\"@id\":\"https:\\\/\\\/www.jornalja.com.br\\\/arquivo\\\/#website\",\"url\":\"https:\\\/\\\/www.jornalja.com.br\\\/arquivo\\\/\",\"name\":\"Arquivo\",\"description\":\"Jornal J\\u00c1 | Porto Alegre\",\"inLanguage\":\"pt-BR\",\"publisher\":{\"@id\":\"https:\\\/\\\/www.jornalja.com.br\\\/arquivo\\\/#organization\"}}]}\n\t\t<\/script>\n\t\t<!-- All in One SEO -->\n\n","aioseo_head_json":{"title":"Feira Nacional da Reforma Agr\u00e1ria mostra produ\u00e7\u00e3o de assentamentos | Arquivo","description":"","canonical_url":"https:\/\/www.jornalja.com.br\/arquivo\/feira-nacional-da-reforma-agraria-mostra-a-producao-de-assentamentos\/","robots":"max-image-preview:large","keywords":"","webmasterTools":{"miscellaneous":""},"schema":{"@context":"https:\/\/schema.org","@graph":[{"@type":"BlogPosting","@id":"https:\/\/www.jornalja.com.br\/arquivo\/feira-nacional-da-reforma-agraria-mostra-a-producao-de-assentamentos\/#blogposting","name":"Feira Nacional da Reforma Agr\u00e1ria mostra produ\u00e7\u00e3o de assentamentos | Arquivo","headline":"Feira Nacional da Reforma Agr\u00e1ria mostra produ\u00e7\u00e3o de  assentamentos","author":{"@id":"https:\/\/www.jornalja.com.br\/arquivo\/author\/daredacao\/#author"},"publisher":{"@id":"https:\/\/www.jornalja.com.br\/arquivo\/#organization"},"image":{"@type":"ImageObject","url":47646},"datePublished":"2017-04-27T21:07:41-03:00","dateModified":"2017-04-27T21:07:41-03:00","inLanguage":"pt-BR","mainEntityOfPage":{"@id":"https:\/\/www.jornalja.com.br\/arquivo\/feira-nacional-da-reforma-agraria-mostra-a-producao-de-assentamentos\/#webpage"},"isPartOf":{"@id":"https:\/\/www.jornalja.com.br\/arquivo\/feira-nacional-da-reforma-agraria-mostra-a-producao-de-assentamentos\/#webpage"},"articleSection":"Geral"},{"@type":"BreadcrumbList","@id":"https:\/\/www.jornalja.com.br\/arquivo\/feira-nacional-da-reforma-agraria-mostra-a-producao-de-assentamentos\/#breadcrumblist","itemListElement":[{"@type":"ListItem","@id":"https:\/\/www.jornalja.com.br\/arquivo#listItem","position":1,"name":"Home","item":"https:\/\/www.jornalja.com.br\/arquivo","nextItem":{"@type":"ListItem","@id":"https:\/\/www.jornalja.com.br\/arquivo\/category\/geral\/#listItem","name":"Geral"}},{"@type":"ListItem","@id":"https:\/\/www.jornalja.com.br\/arquivo\/category\/geral\/#listItem","position":2,"name":"Geral","item":"https:\/\/www.jornalja.com.br\/arquivo\/category\/geral\/","nextItem":{"@type":"ListItem","@id":"https:\/\/www.jornalja.com.br\/arquivo\/feira-nacional-da-reforma-agraria-mostra-a-producao-de-assentamentos\/#listItem","name":"Feira Nacional da Reforma Agr\u00e1ria mostra produ\u00e7\u00e3o de  assentamentos"},"previousItem":{"@type":"ListItem","@id":"https:\/\/www.jornalja.com.br\/arquivo#listItem","name":"Home"}},{"@type":"ListItem","@id":"https:\/\/www.jornalja.com.br\/arquivo\/feira-nacional-da-reforma-agraria-mostra-a-producao-de-assentamentos\/#listItem","position":3,"name":"Feira Nacional da Reforma Agr\u00e1ria mostra produ\u00e7\u00e3o de  assentamentos","previousItem":{"@type":"ListItem","@id":"https:\/\/www.jornalja.com.br\/arquivo\/category\/geral\/#listItem","name":"Geral"}}]},{"@type":"Organization","@id":"https:\/\/www.jornalja.com.br\/arquivo\/#organization","name":"Jornal J\u00c1","description":"Jornal J\u00c1 | Porto Alegre","url":"https:\/\/www.jornalja.com.br\/arquivo\/","telephone":"+555133307272","logo":{"@type":"ImageObject","url":"https:\/\/www.jornalja.com.br\/wp-content\/uploads\/cards\/JAslogan.png","@id":"https:\/\/www.jornalja.com.br\/arquivo\/feira-nacional-da-reforma-agraria-mostra-a-producao-de-assentamentos\/#organizationLogo"},"image":{"@id":"https:\/\/www.jornalja.com.br\/arquivo\/feira-nacional-da-reforma-agraria-mostra-a-producao-de-assentamentos\/#organizationLogo"}},{"@type":"Person","@id":"https:\/\/www.jornalja.com.br\/arquivo\/author\/daredacao\/#author","url":"https:\/\/www.jornalja.com.br\/arquivo\/author\/daredacao\/","name":"da Reda\u00e7\u00e3o","image":{"@type":"ImageObject","@id":"https:\/\/www.jornalja.com.br\/arquivo\/feira-nacional-da-reforma-agraria-mostra-a-producao-de-assentamentos\/#authorImage","url":"https:\/\/secure.gravatar.com\/avatar\/469fd857d6605ad19919d27ed29d35a968a25f6e8fd9318356bbb7f57aae9c65?s=96&d=mm&r=g","width":96,"height":96,"caption":"da Reda\u00e7\u00e3o"}},{"@type":"WebPage","@id":"https:\/\/www.jornalja.com.br\/arquivo\/feira-nacional-da-reforma-agraria-mostra-a-producao-de-assentamentos\/#webpage","url":"https:\/\/www.jornalja.com.br\/arquivo\/feira-nacional-da-reforma-agraria-mostra-a-producao-de-assentamentos\/","name":"Feira Nacional da Reforma Agr\u00e1ria mostra produ\u00e7\u00e3o de assentamentos | Arquivo","inLanguage":"pt-BR","isPartOf":{"@id":"https:\/\/www.jornalja.com.br\/arquivo\/#website"},"breadcrumb":{"@id":"https:\/\/www.jornalja.com.br\/arquivo\/feira-nacional-da-reforma-agraria-mostra-a-producao-de-assentamentos\/#breadcrumblist"},"author":{"@id":"https:\/\/www.jornalja.com.br\/arquivo\/author\/daredacao\/#author"},"creator":{"@id":"https:\/\/www.jornalja.com.br\/arquivo\/author\/daredacao\/#author"},"image":{"@type":"ImageObject","url":47646,"@id":"https:\/\/www.jornalja.com.br\/arquivo\/feira-nacional-da-reforma-agraria-mostra-a-producao-de-assentamentos\/#mainImage"},"primaryImageOfPage":{"@id":"https:\/\/www.jornalja.com.br\/arquivo\/feira-nacional-da-reforma-agraria-mostra-a-producao-de-assentamentos\/#mainImage"},"datePublished":"2017-04-27T21:07:41-03:00","dateModified":"2017-04-27T21:07:41-03:00"},{"@type":"WebSite","@id":"https:\/\/www.jornalja.com.br\/arquivo\/#website","url":"https:\/\/www.jornalja.com.br\/arquivo\/","name":"Arquivo","description":"Jornal J\u00c1 | Porto Alegre","inLanguage":"pt-BR","publisher":{"@id":"https:\/\/www.jornalja.com.br\/arquivo\/#organization"}}]},"og:locale":"pt_BR","og:site_name":"Arquivo | Jornal J\u00c1 | Porto Alegre","og:type":"article","og:title":"Feira Nacional da Reforma Agr\u00e1ria mostra produ\u00e7\u00e3o de assentamentos | Arquivo","og:url":"https:\/\/www.jornalja.com.br\/arquivo\/feira-nacional-da-reforma-agraria-mostra-a-producao-de-assentamentos\/","og:image":"https:\/\/www.jornalja.com.br\/economics\/wp-content\/uploads\/sites\/11\/2026\/08\/ja-folhaderosto-facebook.jpg","og:image:secure_url":"https:\/\/www.jornalja.com.br\/economics\/wp-content\/uploads\/sites\/11\/2026\/08\/ja-folhaderosto-facebook.jpg","article:published_time":"2017-04-28T00:07:41+00:00","article:modified_time":"2017-04-28T00:07:41+00:00","twitter:card":"summary","twitter:title":"Feira Nacional da Reforma Agr\u00e1ria mostra produ\u00e7\u00e3o de assentamentos | Arquivo","twitter:image":"https:\/\/www.jornalja.com.br\/economics\/wp-content\/uploads\/sites\/11\/2026\/08\/ja-folhaderosto-facebook.jpg"},"aioseo_meta_data":{"post_id":"47644","title":null,"description":null,"keywords":null,"keyphrases":null,"primary_term":null,"canonical_url":null,"og_title":null,"og_description":null,"og_object_type":"default","og_image_type":"default","og_image_url":null,"og_image_width":null,"og_image_height":null,"og_image_custom_url":null,"og_image_custom_fields":null,"og_video":null,"og_custom_url":null,"og_article_section":null,"og_article_tags":null,"twitter_use_og":false,"twitter_card":"default","twitter_image_type":"default","twitter_image_url":null,"twitter_image_custom_url":null,"twitter_image_custom_fields":null,"twitter_title":null,"twitter_description":null,"schema":{"blockGraphs":[],"customGraphs":[],"default":{"data":{"Article":[],"Course":[],"Dataset":[],"FAQPage":[],"Movie":[],"Person":[],"Product":[],"ProductReview":[],"Car":[],"Recipe":[],"Service":[],"SoftwareApplication":[],"WebPage":[]},"graphName":"","isEnabled":true},"graphs":[],"defaultGraph":"","defaultPostTypeGraph":""},"schema_type":null,"schema_type_options":null,"pillar_content":false,"robots_default":true,"robots_noindex":false,"robots_noarchive":false,"robots_nosnippet":false,"robots_nofollow":false,"robots_noimageindex":false,"robots_noodp":false,"robots_notranslate":false,"robots_max_snippet":null,"robots_max_videopreview":null,"robots_max_imagepreview":"large","priority":null,"frequency":null,"location":null,"local_seo":null,"breadcrumb_settings":null,"limit_modified_date":false,"ai":null,"created":"2020-12-20 20:35:51","updated":"2025-07-19 21:11:44","seo_analyzer_scan_date":null,"focus_keyword":null,"additional_keywords":null,"truseo_locale":null},"jetpack_sharing_enabled":true,"jetpack-related-posts":[{"id":13124,"url":"https:\/\/www.jornalja.com.br\/arquivo\/sangue-latino-no-iecine\/","url_meta":{"origin":47644,"position":0},"title":"Sangue latino no IECINE","author":"da Reda\u00e7\u00e3o","date":"18 de maio de 2014","format":false,"excerpt":"Francisco Ribeiro O Instituto Estadual de Cinema (IECINE) tem a frente, desde abril \u00faltimo, um novo diretor, o cineasta colombiano Juan Zapata, 36, que substitui Luiz Alberto Cassol. Radicado h\u00e1 dez anos em Porto Alegre, Zapata tem diante de si o desafio de conduzir at\u00e9 o final do ano um\u2026","rel":"","context":"Em &quot;Cultura-Geral&quot;","block_context":{"text":"Cultura-Geral","link":"https:\/\/www.jornalja.com.br\/arquivo\/category\/materiasecundaria\/"},"img":{"alt_text":"","src":"","width":0,"height":0},"classes":[]},{"id":14241,"url":"https:\/\/www.jornalja.com.br\/arquivo\/o-guaiba-nas-imagens-poeticas-de-achutti\/","url_meta":{"origin":47644,"position":1},"title":"O Gua\u00edba nas imagens po\u00e9ticas de Achutti","author":"da Reda\u00e7\u00e3o","date":"18 de junho de 2014","format":false,"excerpt":"Em \u201cO Gua\u00edba por Achutti\u201d \u2013 obra financiada via Minist\u00e9rio da Cultura, produ\u00e7\u00e3o executiva de Pedro Longhi, e Fl\u00e1vio Wild como designer \u2013, o fot\u00f3grafo revela a beleza e as mazelas de um espa\u00e7o aqu\u00e1tico de \u00e1guas sempre renovadas, cheio de hist\u00f3rias e lendas como as das cidades que foram\u2026","rel":"","context":"Em &quot;Cultura-Geral&quot;","block_context":{"text":"Cultura-Geral","link":"https:\/\/www.jornalja.com.br\/arquivo\/category\/materiasecundaria\/"},"img":{"alt_text":"","src":"","width":0,"height":0},"classes":[]},{"id":12960,"url":"https:\/\/www.jornalja.com.br\/arquivo\/populacao-culpa-empresas-pela-greve-dos-rodoviarios\/","url_meta":{"origin":47644,"position":2},"title":"Popula\u00e7\u00e3o culpa empresas pela greve","author":"Patr\u00edcia Marini","date":"14 de fevereiro de 2014","format":false,"excerpt":"Pesquisa divulgada na edi\u00e7\u00e3o do jornal Metro desta sexta-feira,14, comprova o velho ditado: \u00e9 poss\u00edvel enganar muitos por algum tempo, mas n\u00e3o \u00e9 poss\u00edvel enganar a todos o tempo inteiro. A principal revela\u00e7\u00e3o foi que 59,8% dos entrevistados apontaram as empresas como as principais respons\u00e1veis pela grave e 46% culparam\u2026","rel":"","context":"Em &quot;X.Categorias velhas&quot;","block_context":{"text":"X.Categorias velhas","link":"https:\/\/www.jornalja.com.br\/arquivo\/category\/x-categorias-velhas\/"},"img":{"alt_text":"","src":"","width":0,"height":0},"classes":[]},{"id":13101,"url":"https:\/\/www.jornalja.com.br\/arquivo\/morre-um-guerreiro-do-texto\/","url_meta":{"origin":47644,"position":3},"title":"Morre um guerreiro do texto","author":"Patr\u00edcia Marini","date":"14 de maio de 2014","format":false,"excerpt":"Por Ricardo Kotscho Reproduzido do blog do autor, 11\/5\/2014; t\u00edtulo original \u201cE l\u00e1 se foi o nosso Myltainho, guerreiro do texto\u201d. Mi\u00fado e franzino, meu amigo Myltainho era um valente e inconformado guerreiro na luta contra as injusti\u00e7as sociais, a hipocrisia, as maracutaias, o autoritarismo, a intoler\u00e2ncia, a viol\u00eancia, o\u2026","rel":"","context":"Em &quot;Geral&quot;","block_context":{"text":"Geral","link":"https:\/\/www.jornalja.com.br\/arquivo\/category\/geral\/"},"img":{"alt_text":"","src":"","width":0,"height":0},"classes":[]}],"jetpack_shortlink":"https:\/\/wp.me\/pbQjBd-cos","jetpack_featured_media_url":"","_links":{"self":[{"href":"https:\/\/www.jornalja.com.br\/arquivo\/wp-json\/wp\/v2\/posts\/47644","targetHints":{"allow":["GET"]}}],"collection":[{"href":"https:\/\/www.jornalja.com.br\/arquivo\/wp-json\/wp\/v2\/posts"}],"about":[{"href":"https:\/\/www.jornalja.com.br\/arquivo\/wp-json\/wp\/v2\/types\/post"}],"author":[{"embeddable":true,"href":"https:\/\/www.jornalja.com.br\/arquivo\/wp-json\/wp\/v2\/users\/4"}],"replies":[{"embeddable":true,"href":"https:\/\/www.jornalja.com.br\/arquivo\/wp-json\/wp\/v2\/comments?post=47644"}],"version-history":[{"count":0,"href":"https:\/\/www.jornalja.com.br\/arquivo\/wp-json\/wp\/v2\/posts\/47644\/revisions"}],"wp:attachment":[{"href":"https:\/\/www.jornalja.com.br\/arquivo\/wp-json\/wp\/v2\/media?parent=47644"}],"wp:term":[{"taxonomy":"category","embeddable":true,"href":"https:\/\/www.jornalja.com.br\/arquivo\/wp-json\/wp\/v2\/categories?post=47644"},{"taxonomy":"post_tag","embeddable":true,"href":"https:\/\/www.jornalja.com.br\/arquivo\/wp-json\/wp\/v2\/tags?post=47644"}],"curies":[{"name":"wp","href":"https:\/\/api.w.org\/{rel}","templated":true}]}}