{"id":47670,"date":"2017-04-29T20:56:42","date_gmt":"2017-04-29T23:56:42","guid":{"rendered":"https:\/\/www.jornalja.com.br\/?p=47670"},"modified":"2017-04-29T20:56:42","modified_gmt":"2017-04-29T23:56:42","slug":"cooperativas-catarinenses-crescem-15-em-2016","status":"publish","type":"post","link":"https:\/\/www.jornalja.com.br\/arquivo\/cooperativas-catarinenses-crescem-15-em-2016\/","title":{"rendered":"Cooperativas catarinenses crescem 15% em 2016"},"content":{"rendered":"<p>O cooperativismo catarinense \u2013 no campo e na cidade \u2013 continua em ascens\u00e3o e cresceu 15% no ano passado, de acordo com a Organiza\u00e7\u00e3o das Cooperativas do Estado de Santa Catarina.<br \/>\nS\u00e3o 265 cooperativas catarinenses com mais de 2 milh\u00f5es de associados, \u00a0mant\u00eam 58 mil empregos diretos e faturam mais de R$ 31,5 bilh\u00f5es de reais por ano.<br \/>\nOs dados foram apresentados esta semana \u00a0pelo presidente e o superintendente da Ocesc, <strong>Luiz Vicente Suzin<\/strong> e <strong>Neivo Luiz Panho.<\/strong><br \/>\n\u201cAs cooperativas ignoraram a recess\u00e3o de 2015 e 2016 e continuaram crescendo, com foco no mercado e aperfei\u00e7oamento constante da gest\u00e3o\u201d, resumiu o presidente.<br \/>\n\u00c9 o oitavo ano consecutivo de crescimento, ap\u00f3s a crise financeira internacional de 2008\/2009 que atingiu todos os continentes.<br \/>\nO quadro social teve uma expans\u00e3o de 9%, alcan\u00e7ando 2 milh\u00e3o 95,7 mil pessoas. Consideradas as fam\u00edlias cooperadas, isso significa que metade da popula\u00e7\u00e3o estadual est\u00e1 vinculada ao cooperativismo.<br \/>\nOs dirigentes destacaram o crescimento do quadro social no segmento de jovens e mulheres. O n\u00famero de jovens at\u00e9 25 anos que se associaram \u00e0s cooperativas teve um extraordin\u00e1rio crescimento de 67% no ano passado, chegando a quase meio milh\u00e3o de pessoas (490.366), representando 23% do total de associados.<br \/>\nSuzin e Panho destacaram que cresceu em 12% a participa\u00e7\u00e3o da mulher no quadro social das cooperativas de SC. Atualmente, 37% dos associados s\u00e3o do sexo feminino, \u00edndice que representa 784,5 mil pessoas.<br \/>\nO quadro geral do desempenho das cooperativas revela que, em 2016, o n\u00famero total de empregados diretos manteve-se est\u00e1vel com leve aumento de 2%, passando a 57.995 colaboradores.<br \/>\nEm 2016, as cooperativas catarinenses recolheram R$ 1 bilh\u00e3o 846 milh\u00f5es de reais em tributos, sendo R$ 1,225 bilh\u00e3o de reais de gera\u00e7\u00e3o de impostos sobre a receita bruta (crescimento de 17,5%) e R$ 620,9 milh\u00f5es de reais de gera\u00e7\u00e3o de contribui\u00e7\u00f5es sobre a folha de pagamento de sal\u00e1rios (aumento de 7%).<br \/>\nAs cooperativas dos ramos <strong>agropecu\u00e1rio<\/strong>, <strong>sa\u00fade<\/strong>, <strong>cr\u00e9dito<\/strong>, <strong>consumo, infraestrutura<\/strong> e <strong>transporte<\/strong> registraram o movimento econ\u00f4mico mais expressivo.<br \/>\n<strong>RAMOS<\/strong><br \/>\nAs 52 cooperativas <strong>agropecu\u00e1rias<\/strong> representam 63% do movimento econ\u00f4mico de todo o sistema cooperativista catarinense. No conjunto, essas cooperativas mant\u00eam um quadro social de 69.325 cooperados e um quadro funcional de 37.948 empregados. O faturamento anual do ramo agropecu\u00e1rio totalizou R$ 19 bilh\u00f5es 924 milh\u00f5es de reais.<br \/>\nO ramo de <strong>cr\u00e9dito<\/strong> apresenta o maior n\u00famero de associados e a segunda posi\u00e7\u00e3o em\u00a0 movimento econ\u00f4mico. As 62 cooperativas de cr\u00e9dito re\u00fanem 1 milh\u00e3o 389,4 mil cooperados, mant\u00eam 7.356 empregados e movimentaram R$ 5 bilh\u00f5es e 26,5 milh\u00f5es de reais no \u00faltimo ano.<br \/>\nO ramo de <strong>sa\u00fade<\/strong>, com 30 cooperativas e 11.631 associados, faturou R$ 3 bilh\u00f5es 249 \u00a0milh\u00f5es de reais.<br \/>\nO ramo de <strong>transporte<\/strong>, formado por 40 cooperativas teve R$ 1 bilh\u00e3o 405 milh\u00f5es de reais de movimento, beneficiando 10.563 cooperados. No ramo de <strong>infraestrutura<\/strong>atuam 33 cooperativas de eletrifica\u00e7\u00e3o rural com 311.466 associados. Em 2016, essas cooperativas faturaram R$ 739,5 milh\u00f5es de reais.<br \/>\nAs 14 sociedades cooperativas que atuam no ramo de <strong>consumo<\/strong> com 294.493 associados, faturaram R$ 1 bilh\u00e3o 125 milh\u00f5es de reais no ano passado.<br \/>\nOs ramos de trabalho, produ\u00e7\u00e3o, habitacional, mineral, especial e educacional, mesmo com menor express\u00e3o econ\u00f4mica, s\u00e3o instrumentos para a promo\u00e7\u00e3o de renda \u00e0s pessoas f\u00edsicas, que organizadas na forma de cooperativas prestam servi\u00e7os especializados aos mais diversos segmentos da sociedade. S\u00e3o 34 cooperativas formadas por 8.892 cooperados que, em 2016, geraram R$ 55,5 milh\u00f5es de reais em receitas.<br \/>\nLuiz Suzin e Neivo Panho tamb\u00e9m informaram que o Servi\u00e7o Nacional de Aprendizagem do Cooperativismo (SESCOOP\/SC), vinculado a OCESC, investiu, em 2016, R$ 21,3 milh\u00f5es de reais para a\u00e7\u00f5es de forma\u00e7\u00e3o profissional, promo\u00e7\u00e3o social e outras atividades, num total de 1.909 eventos, que atenderam 125.533 pessoas \u2013 entre associados, empregados e dirigentes de cooperativas.<\/p>\n<h2><em>N\u00daMEROS DO COOPERATIVISMO DE SC<\/em><\/h2>\n<p>For\u00e7a do cooperativismo catarinense:<br \/>\n265 cooperativas catarinenses;<br \/>\nRe\u00fanem 2.095.772 associados;<br \/>\n(MAIS DA METADE DA POPULA\u00c7\u00c3O EST\u00c1 VINCULADA AO COOPERATIVISMO)<br \/>\nMant\u00e9m 57.995 empregados;<br \/>\nFaturam mais de R$ 31,5 bilh\u00f5es de reais por ano;<\/p>\n<h1>Receita operacional bruta das cooperativas de SC em 2016<\/h1>\n<p>R$ 31 bilh\u00f5es 526,4 milh\u00f5es de reais.<br \/>\nCrescimento em 2016: 15%.<br \/>\nReceita dos principais ramos do cooperativismo:<br \/>\nAgropecu\u00e1rio: R$ 19 bilh\u00f5es 924 milh\u00f5es de reais. (63% do total)<br \/>\nCr\u00e9dito: R$ 5 bilh\u00f5es 26 milh\u00f5es de reais. (16%)<br \/>\nSa\u00fade: R$ 3 bilh\u00f5es 249 milh\u00f5es de reais. (10%)<br \/>\nTransporte: R$ 1 bilh\u00e3o 405 milh\u00f5es de reais. (5%)<br \/>\nConsumo: R$ 1 bilh\u00e3o 125 milh\u00f5es de reais. (4%)<br \/>\nInfraestrutura: R$ 739,6 milh\u00f5es de reais. (2%)<br \/>\nN\u00famero TOTAL de cooperados (associados) \u00e0s cooperativas de SC:<br \/>\n2.095.772 pessoas. Consideradas as c\u00e9lulas familiares, mais da metade da popula\u00e7\u00e3o catarinense est\u00e1 vinculada ao cooperativismo.<br \/>\nCrescimento em 2016: 9%.<br \/>\nN\u00famero de cooperados dos RAMOS do cooperativismo:<br \/>\nCr\u00e9dito: 1.389.402.<br \/>\nInfraestrutura: 311.466.<br \/>\nConsumo: 294.493.<br \/>\nAgropecu\u00e1rio: 69.325.<br \/>\nSa\u00fade: 11.631.<br \/>\nTransporte: 10.563.<br \/>\nEducacional: 5.069.<br \/>\nTrabalho: 2.878.<br \/>\nHabitacional: 690.<br \/>\nMineral: 154.<br \/>\nProdu\u00e7\u00e3o: 58.<br \/>\nEspecial: 43.<br \/>\nOs 12 ramos do cooperativismo catarinense:<br \/>\nAs cooperativas dos ramos <strong>agropecu\u00e1rio<\/strong>, <strong>sa\u00fade<\/strong>, <strong>cr\u00e9dito<\/strong>, <strong>consumo<\/strong>, <strong>infraestrutura<\/strong> e<strong>transporte<\/strong> registraram o movimento econ\u00f4mico mais expressivo. Os ramos de<strong>trabalho<\/strong>, <strong>produ\u00e7\u00e3o<\/strong>, <strong>habitacional<\/strong>, <strong>mineral<\/strong>, <strong>especial<\/strong> e <strong>educacional<\/strong>, mesmo com menor express\u00e3o econ\u00f4mica, s\u00e3o instrumentos para a promo\u00e7\u00e3o de renda \u00e0s pessoas f\u00edsicas, que organizadas na forma de cooperativas prestam servi\u00e7os especializados aos mais diversos segmentos da sociedade.<br \/>\nParticipa\u00e7\u00e3o da mulher no quadro social das cooperativas de SC:<br \/>\n37% ou 784.583 pessoas do sexo feminino.<br \/>\nCrescimento em 2016: 12%.<br \/>\nParticipa\u00e7\u00e3o de jovens at\u00e9 25 anos no quadro social:<br \/>\n23% ou 490.366 jovens.<br \/>\nDesempenho de 2016: aumento de 67%.<br \/>\nEmpregados de cooperativas:<br \/>\nAs 265 cooperativas catarinenses empregaram diretamente 57.995 pessoas em 2016.<br \/>\nCrescimento em 2016: 2%.<br \/>\nPagamento de tributos pelas cooperativas de SC:<br \/>\nEm 2016, as cooperativas catarinenses recolheram: R$ 1 bilh\u00e3o 846,3 milh\u00f5es de reais.<\/p>\n<ul>\n<li>Gera\u00e7\u00e3o de impostos sobre a Receita Bruta: R$ 1 bilh\u00e3o 225,4 milh\u00f5es de reais.<\/li>\n<\/ul>\n<p>Crescimento de 17,5%.<\/p>\n<ul>\n<li>Gera\u00e7\u00e3o de contribui\u00e7\u00f5es sobre a folha de pagamento: R$ 620,9 milh\u00f5es de reais.<\/li>\n<\/ul>\n<p>Crescimento de 7%.<br \/>\nSobras (resultado) das cooperativas antes das destina\u00e7\u00f5es legais:<br \/>\nR$ 1 bilh\u00e3o 241,2 milh\u00f5es de reais.<br \/>\nEvolu\u00e7\u00e3o em 2016: 2% .<br \/>\nPatrim\u00f4nio L\u00edquido das cooperativas catarinenses:<br \/>\nR$ 10 bilh\u00f5es 500 milh\u00f5es de reais.<br \/>\nCrescimento em 2016: 11%<\/p>\n<h3><strong>Investimentos na forma\u00e7\u00e3o profissional:<\/strong><\/h3>\n<p>O Servi\u00e7o Nacional de Aprendizagem do Cooperativismo (SESCOOP\/SC), vinculado \u00e0 OCESC, investiu, em 2016, <u>R$ 21,3 milh\u00f5es de reais<\/u> para a\u00e7\u00f5es de forma\u00e7\u00e3o profissional, promo\u00e7\u00e3o social e outras atividades, <u>num total de 1.909 eventos, que atenderam 125.533<\/u> pessoas \u2013 entre associados, empregados e dirigentes de cooperativas.<br \/>\nA\u00e7\u00f5es diretas: (cursos, semin\u00e1rios, workshops, encontros e demais eventos realizados diretamente pela unidade estadual do SESCOOP\/SC),<br \/>\nEventos: 35.<br \/>\nParticipantes: 981.<br \/>\nValores aplicados: R$ 738.226,00.<br \/>\nAux\u00edlio-duca\u00e7\u00e3o:<br \/>\nAlunos: 1.138.<br \/>\nCooperativas atendidas: 111.<br \/>\nValores aplicados: R$ 5.947.785,00.<br \/>\nPrograma Aprendiz Cooperativo:<br \/>\nJovens: 802.<br \/>\nCooperativas atendidas: 56.<br \/>\nValores aplicados: R$ 2.385.026,00.<br \/>\nA\u00e7\u00f5es delegadas: (Eventos realizados pelas cooperativas)<br \/>\nEventos: 1.618.<br \/>\nParticipantes: 103.431.<br \/>\nValores aplicados: R$ 8.652.817,00.<br \/>\nPromo\u00e7\u00e3o social:<br \/>\nEventos: 206.<br \/>\nParticipantes: 20.869.<br \/>\nValores aplicados: R$ 3.278.480,00.<br \/>\nMonitoramento:<br \/>\nEventos: 50.<br \/>\nCooperativas atendidas: 85.<br \/>\nValores aplicados: R$ 299.472,00.<br \/>\nManuten\u00e7\u00e3o da estrutura:<br \/>\nColaboradores: 13.<br \/>\nCusteio anual: R$ 2.072.980,00.<br \/>\nPrincipais programas mantidos pelo SESCOOP\/SC:<br \/>\nForma\u00e7\u00e3o e capacita\u00e7\u00e3o profissional, promo\u00e7\u00e3o social, monitoramento e desenvolvimento de cooperativas, a\u00e7\u00f5es centralizadas, a\u00e7\u00f5es delegadas, aux\u00edlio educa\u00e7\u00e3o, programa Cooperjovem, programa jovens lideran\u00e7as cooperativistas (JovemCoop), mulheres cooperativistas, jovem aprendiz, programa de desenvolvimento da gest\u00e3o de cooperativas (PDGC), forma\u00e7\u00e3o para conselheiros administrativos e fiscais para cooperativas de cr\u00e9dito (FORMACRED), monitoramento e auditoria em pequenas cooperativas.<br \/>\n&nbsp;<br \/>\n<strong>Foto 01 \u2013 Presidente da Ocesc Luiz Vicente Suzin destacou o crescimento do setor (Foto: Emanuelle Gomes Queiroz)<\/strong><br \/>\n<strong>Foto 02 \u2013 Presidente da Ocesc Luiz Vicente Suzin enfatizou investimentos feitos em 2016 (Foto: Emanuelle Gomes Queiroz)<\/strong><br \/>\n<strong>Foto 03 \u2013 Superintendente Neivo Luiz Panho apresentou avalia\u00e7\u00f5es e proje\u00e7\u00f5es das cooperativas (Foto: Emanuelle Gomes Queiroz)<\/strong><br \/>\n<strong>\u00a0<\/strong><br \/>\n&nbsp;<br \/>\n&nbsp;<br \/>\n<strong>MARCOS A. BEDIN<\/strong><br \/>\nRegistro de jornalista profissional MTE SC-00085-JP<br \/>\nMatr\u00edcula SJPSC 0172<br \/>\n<strong>MB Comunica\u00e7\u00e3o Empresarial\/Organizacional<\/strong><br \/>\n&nbsp;<br \/>\n&nbsp;<\/p>\n","protected":false},"excerpt":{"rendered":"<p>O cooperativismo catarinense \u2013 no campo e na cidade \u2013 continua em ascens\u00e3o e cresceu 15% no ano passado, de acordo com a Organiza\u00e7\u00e3o das Cooperativas do Estado de Santa Catarina. S\u00e3o 265 cooperativas catarinenses com mais de 2 milh\u00f5es de associados, \u00a0mant\u00eam 58 mil empregos diretos e faturam mais de R$ 31,5 bilh\u00f5es de [&hellip;]<\/p>\n","protected":false},"author":4,"featured_media":47672,"comment_status":"open","ping_status":"closed","sticky":false,"template":"","format":"standard","meta":{"_jetpack_newsletter_access":"","_jetpack_dont_email_post_to_subs":false,"_jetpack_newsletter_tier_id":0,"_jetpack_memberships_contains_paywalled_content":false,"_jetpack_feature_clip_id":0,"_jetpack_memberships_contains_paid_content":false,"footnotes":"","jetpack_post_was_ever_published":false},"categories":[26],"tags":[],"class_list":["post-47670","post","type-post","status-publish","format-standard","has-post-thumbnail","hentry","category-geral"],"aioseo_notices":[],"aioseo_head":"\n\t\t<!-- All in One SEO 5.0.1.1 - aioseo.com -->\n\t<meta name=\"robots\" content=\"max-image-preview:large\" \/>\n\t<meta name=\"author\" content=\"da Reda\u00e7\u00e3o\"\/>\n\t<link rel=\"canonical\" href=\"https:\/\/www.jornalja.com.br\/arquivo\/cooperativas-catarinenses-crescem-15-em-2016\/\" \/>\n\t<meta name=\"generator\" content=\"All in One SEO (AIOSEO) 5.0.1.1\" \/>\n\t\t<meta property=\"og:locale\" content=\"pt_BR\" \/>\n\t\t<meta property=\"og:site_name\" content=\"Arquivo | Jornal J\u00c1 | Porto Alegre\" \/>\n\t\t<meta property=\"og:type\" content=\"article\" \/>\n\t\t<meta property=\"og:title\" content=\"Cooperativas catarinenses crescem 15% em 2016 | Arquivo\" \/>\n\t\t<meta property=\"og:url\" content=\"https:\/\/www.jornalja.com.br\/arquivo\/cooperativas-catarinenses-crescem-15-em-2016\/\" \/>\n\t\t<meta property=\"og:image\" content=\"https:\/\/www.jornalja.com.br\/economics\/wp-content\/uploads\/sites\/11\/2026\/08\/ja-folhaderosto-facebook.jpg\" \/>\n\t\t<meta property=\"og:image:secure_url\" content=\"https:\/\/www.jornalja.com.br\/economics\/wp-content\/uploads\/sites\/11\/2026\/08\/ja-folhaderosto-facebook.jpg\" \/>\n\t\t<meta property=\"article:published_time\" content=\"2017-04-29T23:56:42+00:00\" \/>\n\t\t<meta property=\"article:modified_time\" content=\"2017-04-29T23:56:42+00:00\" \/>\n\t\t<meta name=\"twitter:card\" content=\"summary\" \/>\n\t\t<meta name=\"twitter:title\" content=\"Cooperativas catarinenses crescem 15% em 2016 | Arquivo\" \/>\n\t\t<meta name=\"twitter:image\" content=\"https:\/\/www.jornalja.com.br\/economics\/wp-content\/uploads\/sites\/11\/2026\/08\/ja-folhaderosto-facebook.jpg\" \/>\n\t\t<script type=\"application\/ld+json\" class=\"aioseo-schema\">\n\t\t\t{\"@context\":\"https:\\\/\\\/schema.org\",\"@graph\":[{\"@type\":\"BlogPosting\",\"@id\":\"https:\\\/\\\/www.jornalja.com.br\\\/arquivo\\\/cooperativas-catarinenses-crescem-15-em-2016\\\/#blogposting\",\"name\":\"Cooperativas catarinenses crescem 15% em 2016 | Arquivo\",\"headline\":\"Cooperativas catarinenses crescem 15% em 2016\",\"author\":{\"@id\":\"https:\\\/\\\/www.jornalja.com.br\\\/arquivo\\\/author\\\/daredacao\\\/#author\"},\"publisher\":{\"@id\":\"https:\\\/\\\/www.jornalja.com.br\\\/arquivo\\\/#organization\"},\"image\":{\"@type\":\"ImageObject\",\"url\":47672},\"datePublished\":\"2017-04-29T20:56:42-03:00\",\"dateModified\":\"2017-04-29T20:56:42-03:00\",\"inLanguage\":\"pt-BR\",\"mainEntityOfPage\":{\"@id\":\"https:\\\/\\\/www.jornalja.com.br\\\/arquivo\\\/cooperativas-catarinenses-crescem-15-em-2016\\\/#webpage\"},\"isPartOf\":{\"@id\":\"https:\\\/\\\/www.jornalja.com.br\\\/arquivo\\\/cooperativas-catarinenses-crescem-15-em-2016\\\/#webpage\"},\"articleSection\":\"Geral\"},{\"@type\":\"BreadcrumbList\",\"@id\":\"https:\\\/\\\/www.jornalja.com.br\\\/arquivo\\\/cooperativas-catarinenses-crescem-15-em-2016\\\/#breadcrumblist\",\"itemListElement\":[{\"@type\":\"ListItem\",\"@id\":\"https:\\\/\\\/www.jornalja.com.br\\\/arquivo#listItem\",\"position\":1,\"name\":\"Home\",\"item\":\"https:\\\/\\\/www.jornalja.com.br\\\/arquivo\",\"nextItem\":{\"@type\":\"ListItem\",\"@id\":\"https:\\\/\\\/www.jornalja.com.br\\\/arquivo\\\/category\\\/geral\\\/#listItem\",\"name\":\"Geral\"}},{\"@type\":\"ListItem\",\"@id\":\"https:\\\/\\\/www.jornalja.com.br\\\/arquivo\\\/category\\\/geral\\\/#listItem\",\"position\":2,\"name\":\"Geral\",\"item\":\"https:\\\/\\\/www.jornalja.com.br\\\/arquivo\\\/category\\\/geral\\\/\",\"nextItem\":{\"@type\":\"ListItem\",\"@id\":\"https:\\\/\\\/www.jornalja.com.br\\\/arquivo\\\/cooperativas-catarinenses-crescem-15-em-2016\\\/#listItem\",\"name\":\"Cooperativas catarinenses crescem 15% em 2016\"},\"previousItem\":{\"@type\":\"ListItem\",\"@id\":\"https:\\\/\\\/www.jornalja.com.br\\\/arquivo#listItem\",\"name\":\"Home\"}},{\"@type\":\"ListItem\",\"@id\":\"https:\\\/\\\/www.jornalja.com.br\\\/arquivo\\\/cooperativas-catarinenses-crescem-15-em-2016\\\/#listItem\",\"position\":3,\"name\":\"Cooperativas catarinenses crescem 15% em 2016\",\"previousItem\":{\"@type\":\"ListItem\",\"@id\":\"https:\\\/\\\/www.jornalja.com.br\\\/arquivo\\\/category\\\/geral\\\/#listItem\",\"name\":\"Geral\"}}]},{\"@type\":\"Organization\",\"@id\":\"https:\\\/\\\/www.jornalja.com.br\\\/arquivo\\\/#organization\",\"name\":\"Jornal J\\u00c1\",\"description\":\"Jornal J\\u00c1 | Porto Alegre\",\"url\":\"https:\\\/\\\/www.jornalja.com.br\\\/arquivo\\\/\",\"telephone\":\"+555133307272\",\"logo\":{\"@type\":\"ImageObject\",\"url\":\"https:\\\/\\\/www.jornalja.com.br\\\/wp-content\\\/uploads\\\/cards\\\/JAslogan.png\",\"@id\":\"https:\\\/\\\/www.jornalja.com.br\\\/arquivo\\\/cooperativas-catarinenses-crescem-15-em-2016\\\/#organizationLogo\"},\"image\":{\"@id\":\"https:\\\/\\\/www.jornalja.com.br\\\/arquivo\\\/cooperativas-catarinenses-crescem-15-em-2016\\\/#organizationLogo\"}},{\"@type\":\"Person\",\"@id\":\"https:\\\/\\\/www.jornalja.com.br\\\/arquivo\\\/author\\\/daredacao\\\/#author\",\"url\":\"https:\\\/\\\/www.jornalja.com.br\\\/arquivo\\\/author\\\/daredacao\\\/\",\"name\":\"da Reda\\u00e7\\u00e3o\",\"image\":{\"@type\":\"ImageObject\",\"@id\":\"https:\\\/\\\/www.jornalja.com.br\\\/arquivo\\\/cooperativas-catarinenses-crescem-15-em-2016\\\/#authorImage\",\"url\":\"https:\\\/\\\/secure.gravatar.com\\\/avatar\\\/469fd857d6605ad19919d27ed29d35a968a25f6e8fd9318356bbb7f57aae9c65?s=96&d=mm&r=g\",\"width\":96,\"height\":96,\"caption\":\"da Reda\\u00e7\\u00e3o\"}},{\"@type\":\"WebPage\",\"@id\":\"https:\\\/\\\/www.jornalja.com.br\\\/arquivo\\\/cooperativas-catarinenses-crescem-15-em-2016\\\/#webpage\",\"url\":\"https:\\\/\\\/www.jornalja.com.br\\\/arquivo\\\/cooperativas-catarinenses-crescem-15-em-2016\\\/\",\"name\":\"Cooperativas catarinenses crescem 15% em 2016 | Arquivo\",\"inLanguage\":\"pt-BR\",\"isPartOf\":{\"@id\":\"https:\\\/\\\/www.jornalja.com.br\\\/arquivo\\\/#website\"},\"breadcrumb\":{\"@id\":\"https:\\\/\\\/www.jornalja.com.br\\\/arquivo\\\/cooperativas-catarinenses-crescem-15-em-2016\\\/#breadcrumblist\"},\"author\":{\"@id\":\"https:\\\/\\\/www.jornalja.com.br\\\/arquivo\\\/author\\\/daredacao\\\/#author\"},\"creator\":{\"@id\":\"https:\\\/\\\/www.jornalja.com.br\\\/arquivo\\\/author\\\/daredacao\\\/#author\"},\"image\":{\"@type\":\"ImageObject\",\"url\":47672,\"@id\":\"https:\\\/\\\/www.jornalja.com.br\\\/arquivo\\\/cooperativas-catarinenses-crescem-15-em-2016\\\/#mainImage\"},\"primaryImageOfPage\":{\"@id\":\"https:\\\/\\\/www.jornalja.com.br\\\/arquivo\\\/cooperativas-catarinenses-crescem-15-em-2016\\\/#mainImage\"},\"datePublished\":\"2017-04-29T20:56:42-03:00\",\"dateModified\":\"2017-04-29T20:56:42-03:00\"},{\"@type\":\"WebSite\",\"@id\":\"https:\\\/\\\/www.jornalja.com.br\\\/arquivo\\\/#website\",\"url\":\"https:\\\/\\\/www.jornalja.com.br\\\/arquivo\\\/\",\"name\":\"Arquivo\",\"description\":\"Jornal J\\u00c1 | Porto Alegre\",\"inLanguage\":\"pt-BR\",\"publisher\":{\"@id\":\"https:\\\/\\\/www.jornalja.com.br\\\/arquivo\\\/#organization\"}}]}\n\t\t<\/script>\n\t\t<!-- All in One SEO -->\n\n","aioseo_head_json":{"title":"Cooperativas catarinenses crescem 15% em 2016 | Arquivo","description":"","canonical_url":"https:\/\/www.jornalja.com.br\/arquivo\/cooperativas-catarinenses-crescem-15-em-2016\/","robots":"max-image-preview:large","keywords":"","webmasterTools":{"miscellaneous":""},"schema":{"@context":"https:\/\/schema.org","@graph":[{"@type":"BlogPosting","@id":"https:\/\/www.jornalja.com.br\/arquivo\/cooperativas-catarinenses-crescem-15-em-2016\/#blogposting","name":"Cooperativas catarinenses crescem 15% em 2016 | Arquivo","headline":"Cooperativas catarinenses crescem 15% em 2016","author":{"@id":"https:\/\/www.jornalja.com.br\/arquivo\/author\/daredacao\/#author"},"publisher":{"@id":"https:\/\/www.jornalja.com.br\/arquivo\/#organization"},"image":{"@type":"ImageObject","url":47672},"datePublished":"2017-04-29T20:56:42-03:00","dateModified":"2017-04-29T20:56:42-03:00","inLanguage":"pt-BR","mainEntityOfPage":{"@id":"https:\/\/www.jornalja.com.br\/arquivo\/cooperativas-catarinenses-crescem-15-em-2016\/#webpage"},"isPartOf":{"@id":"https:\/\/www.jornalja.com.br\/arquivo\/cooperativas-catarinenses-crescem-15-em-2016\/#webpage"},"articleSection":"Geral"},{"@type":"BreadcrumbList","@id":"https:\/\/www.jornalja.com.br\/arquivo\/cooperativas-catarinenses-crescem-15-em-2016\/#breadcrumblist","itemListElement":[{"@type":"ListItem","@id":"https:\/\/www.jornalja.com.br\/arquivo#listItem","position":1,"name":"Home","item":"https:\/\/www.jornalja.com.br\/arquivo","nextItem":{"@type":"ListItem","@id":"https:\/\/www.jornalja.com.br\/arquivo\/category\/geral\/#listItem","name":"Geral"}},{"@type":"ListItem","@id":"https:\/\/www.jornalja.com.br\/arquivo\/category\/geral\/#listItem","position":2,"name":"Geral","item":"https:\/\/www.jornalja.com.br\/arquivo\/category\/geral\/","nextItem":{"@type":"ListItem","@id":"https:\/\/www.jornalja.com.br\/arquivo\/cooperativas-catarinenses-crescem-15-em-2016\/#listItem","name":"Cooperativas catarinenses crescem 15% em 2016"},"previousItem":{"@type":"ListItem","@id":"https:\/\/www.jornalja.com.br\/arquivo#listItem","name":"Home"}},{"@type":"ListItem","@id":"https:\/\/www.jornalja.com.br\/arquivo\/cooperativas-catarinenses-crescem-15-em-2016\/#listItem","position":3,"name":"Cooperativas catarinenses crescem 15% em 2016","previousItem":{"@type":"ListItem","@id":"https:\/\/www.jornalja.com.br\/arquivo\/category\/geral\/#listItem","name":"Geral"}}]},{"@type":"Organization","@id":"https:\/\/www.jornalja.com.br\/arquivo\/#organization","name":"Jornal J\u00c1","description":"Jornal J\u00c1 | Porto Alegre","url":"https:\/\/www.jornalja.com.br\/arquivo\/","telephone":"+555133307272","logo":{"@type":"ImageObject","url":"https:\/\/www.jornalja.com.br\/wp-content\/uploads\/cards\/JAslogan.png","@id":"https:\/\/www.jornalja.com.br\/arquivo\/cooperativas-catarinenses-crescem-15-em-2016\/#organizationLogo"},"image":{"@id":"https:\/\/www.jornalja.com.br\/arquivo\/cooperativas-catarinenses-crescem-15-em-2016\/#organizationLogo"}},{"@type":"Person","@id":"https:\/\/www.jornalja.com.br\/arquivo\/author\/daredacao\/#author","url":"https:\/\/www.jornalja.com.br\/arquivo\/author\/daredacao\/","name":"da Reda\u00e7\u00e3o","image":{"@type":"ImageObject","@id":"https:\/\/www.jornalja.com.br\/arquivo\/cooperativas-catarinenses-crescem-15-em-2016\/#authorImage","url":"https:\/\/secure.gravatar.com\/avatar\/469fd857d6605ad19919d27ed29d35a968a25f6e8fd9318356bbb7f57aae9c65?s=96&d=mm&r=g","width":96,"height":96,"caption":"da Reda\u00e7\u00e3o"}},{"@type":"WebPage","@id":"https:\/\/www.jornalja.com.br\/arquivo\/cooperativas-catarinenses-crescem-15-em-2016\/#webpage","url":"https:\/\/www.jornalja.com.br\/arquivo\/cooperativas-catarinenses-crescem-15-em-2016\/","name":"Cooperativas catarinenses crescem 15% em 2016 | Arquivo","inLanguage":"pt-BR","isPartOf":{"@id":"https:\/\/www.jornalja.com.br\/arquivo\/#website"},"breadcrumb":{"@id":"https:\/\/www.jornalja.com.br\/arquivo\/cooperativas-catarinenses-crescem-15-em-2016\/#breadcrumblist"},"author":{"@id":"https:\/\/www.jornalja.com.br\/arquivo\/author\/daredacao\/#author"},"creator":{"@id":"https:\/\/www.jornalja.com.br\/arquivo\/author\/daredacao\/#author"},"image":{"@type":"ImageObject","url":47672,"@id":"https:\/\/www.jornalja.com.br\/arquivo\/cooperativas-catarinenses-crescem-15-em-2016\/#mainImage"},"primaryImageOfPage":{"@id":"https:\/\/www.jornalja.com.br\/arquivo\/cooperativas-catarinenses-crescem-15-em-2016\/#mainImage"},"datePublished":"2017-04-29T20:56:42-03:00","dateModified":"2017-04-29T20:56:42-03:00"},{"@type":"WebSite","@id":"https:\/\/www.jornalja.com.br\/arquivo\/#website","url":"https:\/\/www.jornalja.com.br\/arquivo\/","name":"Arquivo","description":"Jornal J\u00c1 | Porto Alegre","inLanguage":"pt-BR","publisher":{"@id":"https:\/\/www.jornalja.com.br\/arquivo\/#organization"}}]},"og:locale":"pt_BR","og:site_name":"Arquivo | Jornal J\u00c1 | Porto Alegre","og:type":"article","og:title":"Cooperativas catarinenses crescem 15% em 2016 | Arquivo","og:url":"https:\/\/www.jornalja.com.br\/arquivo\/cooperativas-catarinenses-crescem-15-em-2016\/","og:image":"https:\/\/www.jornalja.com.br\/economics\/wp-content\/uploads\/sites\/11\/2026\/08\/ja-folhaderosto-facebook.jpg","og:image:secure_url":"https:\/\/www.jornalja.com.br\/economics\/wp-content\/uploads\/sites\/11\/2026\/08\/ja-folhaderosto-facebook.jpg","article:published_time":"2017-04-29T23:56:42+00:00","article:modified_time":"2017-04-29T23:56:42+00:00","twitter:card":"summary","twitter:title":"Cooperativas catarinenses crescem 15% em 2016 | Arquivo","twitter:image":"https:\/\/www.jornalja.com.br\/economics\/wp-content\/uploads\/sites\/11\/2026\/08\/ja-folhaderosto-facebook.jpg"},"aioseo_meta_data":{"post_id":"47670","title":null,"description":null,"keywords":null,"keyphrases":null,"primary_term":null,"canonical_url":null,"og_title":null,"og_description":null,"og_object_type":"default","og_image_type":"default","og_image_url":null,"og_image_width":null,"og_image_height":null,"og_image_custom_url":null,"og_image_custom_fields":null,"og_video":null,"og_custom_url":null,"og_article_section":null,"og_article_tags":null,"twitter_use_og":false,"twitter_card":"default","twitter_image_type":"default","twitter_image_url":null,"twitter_image_custom_url":null,"twitter_image_custom_fields":null,"twitter_title":null,"twitter_description":null,"schema":{"blockGraphs":[],"customGraphs":[],"default":{"data":{"Article":[],"Course":[],"Dataset":[],"FAQPage":[],"Movie":[],"Person":[],"Product":[],"ProductReview":[],"Car":[],"Recipe":[],"Service":[],"SoftwareApplication":[],"WebPage":[]},"graphName":"","isEnabled":true},"graphs":[]},"schema_type":null,"schema_type_options":null,"pillar_content":false,"robots_default":true,"robots_noindex":false,"robots_noarchive":false,"robots_nosnippet":false,"robots_nofollow":false,"robots_noimageindex":false,"robots_noodp":false,"robots_notranslate":false,"robots_max_snippet":null,"robots_max_videopreview":null,"robots_max_imagepreview":"large","priority":null,"frequency":null,"location":null,"local_seo":null,"breadcrumb_settings":null,"limit_modified_date":false,"ai":null,"created":"2020-12-20 20:35:51","updated":"2025-07-19 21:11:44","seo_analyzer_scan_date":null,"focus_keyword":null,"additional_keywords":null,"truseo_locale":null},"jetpack_sharing_enabled":true,"jetpack-related-posts":[{"id":14241,"url":"https:\/\/www.jornalja.com.br\/arquivo\/o-guaiba-nas-imagens-poeticas-de-achutti\/","url_meta":{"origin":47670,"position":0},"title":"O Gua\u00edba nas imagens po\u00e9ticas de Achutti","author":"da Reda\u00e7\u00e3o","date":"18 de junho de 2014","format":false,"excerpt":"Em \u201cO Gua\u00edba por Achutti\u201d \u2013 obra financiada via Minist\u00e9rio da Cultura, produ\u00e7\u00e3o executiva de Pedro Longhi, e Fl\u00e1vio Wild como designer \u2013, o fot\u00f3grafo revela a beleza e as mazelas de um espa\u00e7o aqu\u00e1tico de \u00e1guas sempre renovadas, cheio de hist\u00f3rias e lendas como as das cidades que foram\u2026","rel":"","context":"Em &quot;Cultura-Geral&quot;","block_context":{"text":"Cultura-Geral","link":"https:\/\/www.jornalja.com.br\/arquivo\/category\/materiasecundaria\/"},"img":{"alt_text":"","src":"","width":0,"height":0},"classes":[]},{"id":13124,"url":"https:\/\/www.jornalja.com.br\/arquivo\/sangue-latino-no-iecine\/","url_meta":{"origin":47670,"position":1},"title":"Sangue latino no IECINE","author":"da Reda\u00e7\u00e3o","date":"18 de maio de 2014","format":false,"excerpt":"Francisco Ribeiro O Instituto Estadual de Cinema (IECINE) tem a frente, desde abril \u00faltimo, um novo diretor, o cineasta colombiano Juan Zapata, 36, que substitui Luiz Alberto Cassol. Radicado h\u00e1 dez anos em Porto Alegre, Zapata tem diante de si o desafio de conduzir at\u00e9 o final do ano um\u2026","rel":"","context":"Em &quot;Cultura-Geral&quot;","block_context":{"text":"Cultura-Geral","link":"https:\/\/www.jornalja.com.br\/arquivo\/category\/materiasecundaria\/"},"img":{"alt_text":"","src":"","width":0,"height":0},"classes":[]},{"id":5440,"url":"https:\/\/www.jornalja.com.br\/arquivo\/casarao-da-venancio-destino-permanece-incerto\/","url_meta":{"origin":47670,"position":2},"title":"Estado ainda n\u00e3o sabe o que fazer com casar\u00e3o abandonado h\u00e1 20 anos","author":"Elmar Bones","date":"6 de julho de 2009","format":false,"excerpt":"O casar\u00e3o amarelo, numa esquina nobre de Porto Alegre (Ven\u00e2ncio Aires com Jo\u00e3o Pessoa), j\u00e1 abrigou uma escola. H\u00e1 duas d\u00e9cadas, pelo menos, est\u00e1 abandonado, porque seu propriet\u00e1rio, o governo do Estado do Rio Grande do Sul, n\u00e3o consegue achar um destino para ele. Planos n\u00e3o faltaram. O governador Ol\u00edvio\u2026","rel":"","context":"Em &quot;X.Categorias velhas&quot;","block_context":{"text":"X.Categorias velhas","link":"https:\/\/www.jornalja.com.br\/arquivo\/category\/x-categorias-velhas\/"},"img":{"alt_text":"geraldo1","src":"https:\/\/i0.wp.com\/www.jornalja.com.br\/wp-content\/uploads\/2009\/07\/geraldo1.jpg?resize=350%2C200&ssl=1","width":350,"height":200},"classes":[]},{"id":13240,"url":"https:\/\/www.jornalja.com.br\/arquivo\/plano-diretor-estamos-construindo-o-caos\/","url_meta":{"origin":47670,"position":3},"title":"Plano diretor: &quot;Estamos construindo o caos&quot;","author":"Patr\u00edcia Marini","date":"26 de maio de 2014","format":false,"excerpt":"Desabafo que arquiteta Eliana Castilhos, delegada da Regi\u00e3o de Planejamento 1, postou nas redes sociais \u00e9 um testemunho do ambiente que se criou no Conselho do Plano Diretor de Porto Alegre, onde a aprova\u00e7\u00e3o de grandes empreendimentos \u00e9 empurrada guela abaixo dos conselheiros. Ao CMDUA Como delegada da Regi\u00e3o de\u2026","rel":"","context":"Em &quot;Geral&quot;","block_context":{"text":"Geral","link":"https:\/\/www.jornalja.com.br\/arquivo\/category\/geral\/"},"img":{"alt_text":"","src":"","width":0,"height":0},"classes":[]},{"id":12960,"url":"https:\/\/www.jornalja.com.br\/arquivo\/populacao-culpa-empresas-pela-greve-dos-rodoviarios\/","url_meta":{"origin":47670,"position":4},"title":"Popula\u00e7\u00e3o culpa empresas pela greve","author":"Patr\u00edcia Marini","date":"14 de fevereiro de 2014","format":false,"excerpt":"Pesquisa divulgada na edi\u00e7\u00e3o do jornal Metro desta sexta-feira,14, comprova o velho ditado: \u00e9 poss\u00edvel enganar muitos por algum tempo, mas n\u00e3o \u00e9 poss\u00edvel enganar a todos o tempo inteiro. A principal revela\u00e7\u00e3o foi que 59,8% dos entrevistados apontaram as empresas como as principais respons\u00e1veis pela grave e 46% culparam\u2026","rel":"","context":"Em &quot;X.Categorias velhas&quot;","block_context":{"text":"X.Categorias velhas","link":"https:\/\/www.jornalja.com.br\/arquivo\/category\/x-categorias-velhas\/"},"img":{"alt_text":"","src":"","width":0,"height":0},"classes":[]},{"id":13101,"url":"https:\/\/www.jornalja.com.br\/arquivo\/morre-um-guerreiro-do-texto\/","url_meta":{"origin":47670,"position":5},"title":"Morre um guerreiro do texto","author":"Patr\u00edcia Marini","date":"14 de maio de 2014","format":false,"excerpt":"Por Ricardo Kotscho Reproduzido do blog do autor, 11\/5\/2014; t\u00edtulo original \u201cE l\u00e1 se foi o nosso Myltainho, guerreiro do texto\u201d. Mi\u00fado e franzino, meu amigo Myltainho era um valente e inconformado guerreiro na luta contra as injusti\u00e7as sociais, a hipocrisia, as maracutaias, o autoritarismo, a intoler\u00e2ncia, a viol\u00eancia, o\u2026","rel":"","context":"Em &quot;Geral&quot;","block_context":{"text":"Geral","link":"https:\/\/www.jornalja.com.br\/arquivo\/category\/geral\/"},"img":{"alt_text":"","src":"","width":0,"height":0},"classes":[]}],"jetpack_shortlink":"https:\/\/wp.me\/pbQjBd-coS","jetpack_featured_media_url":"","_links":{"self":[{"href":"https:\/\/www.jornalja.com.br\/arquivo\/wp-json\/wp\/v2\/posts\/47670","targetHints":{"allow":["GET"]}}],"collection":[{"href":"https:\/\/www.jornalja.com.br\/arquivo\/wp-json\/wp\/v2\/posts"}],"about":[{"href":"https:\/\/www.jornalja.com.br\/arquivo\/wp-json\/wp\/v2\/types\/post"}],"author":[{"embeddable":true,"href":"https:\/\/www.jornalja.com.br\/arquivo\/wp-json\/wp\/v2\/users\/4"}],"replies":[{"embeddable":true,"href":"https:\/\/www.jornalja.com.br\/arquivo\/wp-json\/wp\/v2\/comments?post=47670"}],"version-history":[{"count":0,"href":"https:\/\/www.jornalja.com.br\/arquivo\/wp-json\/wp\/v2\/posts\/47670\/revisions"}],"wp:attachment":[{"href":"https:\/\/www.jornalja.com.br\/arquivo\/wp-json\/wp\/v2\/media?parent=47670"}],"wp:term":[{"taxonomy":"category","embeddable":true,"href":"https:\/\/www.jornalja.com.br\/arquivo\/wp-json\/wp\/v2\/categories?post=47670"},{"taxonomy":"post_tag","embeddable":true,"href":"https:\/\/www.jornalja.com.br\/arquivo\/wp-json\/wp\/v2\/tags?post=47670"}],"curies":[{"name":"wp","href":"https:\/\/api.w.org\/{rel}","templated":true}]}}