{"id":47723,"date":"2017-04-29T20:05:00","date_gmt":"2017-04-29T23:05:00","guid":{"rendered":"https:\/\/www.jornalja.com.br\/?p=47723"},"modified":"2017-04-29T20:05:00","modified_gmt":"2017-04-29T23:05:00","slug":"quixote-gaucho-ocupa-a-entrada-da-biblioteca-da-usp","status":"publish","type":"post","link":"https:\/\/www.jornalja.com.br\/arquivo\/quixote-gaucho-ocupa-a-entrada-da-biblioteca-da-usp\/","title":{"rendered":"Quixote ga\u00facho ocupa a entrada da biblioteca da USP"},"content":{"rendered":"<p>Desde quinta-feira, 27 de abril, a obra \u201cO Triunfo de Dom Quixote\u201d,\u00a0 do ga\u00facho Enio Squeff, domina a entrada da biblioteca central da Universidade de S\u00e3o Paulo<br \/>\n<img loading=\"lazy\" decoding=\"async\" class=\"alignnone size-medium wp-image-47727\" src=\"https:\/\/www.jornalja.com.br\/wp-content\/uploads\/2017\/04\/dom-quixote-a-tela-1-300x189.jpg\" alt=\"dom quixote a tela\" width=\"300\" height=\"189\" \/><br \/>\nO quadro foi pintado em 2005 para a comemora\u00e7\u00e3o de 400 anos da edi\u00e7\u00e3o do livro de Miguel de Cervantes. Tem mais de 12 metros metros quadrados ( 3 m de altura, por 4 de comprimento).<br \/>\nNo total, foram retratados 30 dos mais de 200 personagens do livro de Miguel de Cervantes. No centro do quadro, pode-se ver Dom Quixote, montado em seu cavalo Rocinante: ele aponta uma lan\u00e7a para o c\u00e9u para onde dirige tamb\u00e9m o seu olhar.<br \/>\nAo seu redor, pode-se ver\u00a0 o cura, amigo de Dom Quixote, e um dos muitos mouros do livro, al\u00e9m de, dentre outros, uma Dulcin\u00e9ia idealizada num nicho (amor plat\u00f4nico de Dom Quixote).<br \/>\nO autor do livro,\u00a0 Miguel de Cervantes, tamb\u00e9m est\u00e1 no quadro, juntamente com Santo Amaro ( em homenagem ao bairro onde a pintura foi feita) e o bandeirante Borba Gato, duas &#8220;licen\u00e7as po\u00e9ticas&#8221;, como as define o pintor, pois nenhum deles foi contempor\u00e2neo do livro.<br \/>\nNo caso do bandeirante, houve a men\u00e7\u00e3o expl\u00edcita \u00e0 famosa est\u00e1tua de J\u00falio Guerra no pr\u00f3prio bairro. O pr\u00f3prio, ali\u00e1s, pintor aparece de costas, numa refer\u00eancia \u00e0 metalinguagem muito praticada na obra de Cervantes<br \/>\nNo canto do quadro, foi pintada uma natureza morta com frutas tropicais, criada n\u00e3o apenas como atra\u00e7\u00e3o para Sancho Pan\u00e7a e seu Russo, mas tamb\u00e9m como uma evoca\u00e7\u00e3o hist\u00f3rica j\u00e1 que, na \u00e9poca do livro, o Brasil, col\u00f4nia de Portugal, pertencia \u00e0 Coroa Espanhola.<br \/>\nDom Quixote est\u00e1 na parte central do quadro, usando uma armadura com uma faixa laranja: ela representaria a auto-intitulada nobreza do personagem<br \/>\nO<strong> artista Enio Squeff:<br \/>\n<\/strong>Nascido em Porto Alegre, Enio Squeff iniciou sua carreira como jornalista na &#8220;Veja&#8221;, transferido-se em seguida para &#8220;O\u00a0 Estado de S.Paulo&#8221;, onde foi\u00a0 editor da P\u00e1gina de artes do jornal. Mais tarde, continuou sua trajet\u00f3ria na\u00a0 &#8220;Folha de S. Paulo&#8221;, na qual, al\u00e9m de editorialista, fez cr\u00edtica musical. Foi a pedido do pr\u00f3prio jornal, que o hoje artista come\u00e7ou a\u00a0 ilustrar na p\u00e1gina tr\u00eas da &#8220;Folha&#8221;, quando, ent\u00e3o, iniciou sua carreira art\u00edstica.<br \/>\n<strong>Mas afinal, quem \u00e9 Dom Quixote?<\/strong>.<br \/>\nNascido numa remota localidade da Mancha, na Espanha,\u00a0 no s\u00e9culo XVI, o Dom Quixote, do livro de Cervantes, passa parte da sua vida mergulhado em livros sobre cavalaria. Depois de algum tempo, resolve se aventurar pelo mundo, como cavaleiro andante, ao lado de seu amigo e escudeiro, Sancho Pan\u00e7a, onde passar\u00e3o por diversos desafios, conquistas e batalhas, muitas delas meras digress\u00f5es do personagem t\u00edtulo.\u00a0 Diagnosticado como louco, depois de uma, sua trajet\u00f3ria em que a alucina\u00e7\u00e3o se confunde com a realidade, Dom Quixote, no segundo volume da obra de Cervantes, chega ao fim da vida, de forma tranquila. Aproveitou seus \u00faltimos dias em sua casa, a distribuir seus bens e onde, na vers\u00e3o de Cervantes, ser\u00e1 lembrado como um homem digno, que um dia perdeu o ju\u00edzo, mas que\u00a0 o recupera, pouco antes de seu fim.Escrito em 1605, a obra de Cervantes talvez seja hoje a obra mais conhecida da literatura ocidental<br \/>\n<strong><br \/>\n<img loading=\"lazy\" decoding=\"async\" class=\"alignnone size-medium wp-image-47726\" src=\"https:\/\/www.jornalja.com.br\/wp-content\/uploads\/2017\/04\/d.quixote-300x200.jpg\" alt=\"d.quixote\" width=\"300\" height=\"200\" \/><br \/>\n<\/strong><br \/>\n<span class=\"intertit titcapa assina\"><strong>&#8220;H\u00e1 que ter loucura para fazer o mundo melhor&#8221;<\/strong><\/span><br \/>\n<strong>Enio Squeff<\/strong><br \/>\nVivemos uma \u00e9poca em que tudo nos autoriza a sermos quixotescos. Miguel de Cervantes com seu personagem &#8211; o Cavaleiro da Triste Figura &#8211; nos ensina que, como disse o compositor Giuseppe Verdi, &#8211; via Shakespeare &#8211; a vida \u00e9 uma burla, uma brincadeira. &#8220;Tutto \u00e8 burla, dizia o seu Falstaff, ou seja, a vida \u00e9 um jogo, por vezes tr\u00e1gico e cruel, mas sempre um jogo.<br \/>\nNo entanto, na idade em que vestimos pijama e pantufas, Dom Quixote enceta suas aventuras, a enfrentar e a inventar seus gigantes &#8211; ainda que sejam Moinhos de Vento. Assim talvez devamos encarar nossos inimigos. E eu n\u00e3o me furto, como Richelieu, que dizia nunca ter tido outros inimigos, a n\u00e3o ser os que eram contra a Fran\u00e7a, de eleger como nossos advers\u00e1rios, os inimigos do homem, os inimigos da humanidade, quem sabe, os inimigos do Brasil.<br \/>\nSabemos muito bem quem s\u00e3o.<br \/>\nPor isso enfrentamos gigantes, ora fazendo arte, arquitetura, engenharia, medicina e ora at\u00e9, ou principalmente, sendo professores e alunos. N\u00e3o nos interessa-\u00a0 ou n\u00e3o deveria nos interessar\u00a0 -que nos acusem de sermos poetas, ou nefelibatas &#8211; aqueles que vivem nas nuvens. Realmente, n\u00e3o nos interessa. Mas nada \u00e9 simples: o quixotesco da nossa condi\u00e7\u00e3o, \u00e9 que sabemos, como o personagem de Cervantes, que o mundo \u00e9 torto. Numa certa medida, ele justifica,\u00a0 se n\u00e3o a loucura muito delirante, pelo menos a loucura por enquanto n\u00e3o tida como tal.<br \/>\n&nbsp;<br \/>\nNo belo poema intitulado &#8220;Pneumotorax&#8221;, Manuel Bandeira assaca uma frase estranha, aparentemente desalentadora. Diz o poeta: &#8220;A vida inteira que podia ter sido e que n\u00e3o foi&#8221;. \u00c9 um equ\u00edvoco, se quixotescamente lutamos, talvez n\u00e3o possamos repetir como Van Gogh na sua agonia de suicida, que dizia, quase o mesmo que Manuel Bandeira, ou seja, que a vida\u00a0 n\u00e3o tinha valido a pena.<br \/>\n&nbsp;<br \/>\nPobre Van Gogh, talvez n\u00e3o tivesse lido Dom Quixote. Ou Fernando Pessoa, a proferir que tudo vale a pena. se a alma n\u00e3o \u00e9 pequena.<br \/>\nDom Quixote teve a alma grande, a bendita loucura de inventar a sua vida &#8211; como se at\u00e9 a sua sa\u00edda de casa em seu cavalo, ainda de madrugada, belo dia por sinal, disposto a arrostar o mundo &#8211; come\u00e7asse ali, naquele momento em que, como disse, os velhos descansam, esperando a morte. E ele se inventa como cavaleiro andante.<br \/>\nAcho que esta \u00e9 li\u00e7\u00e3o de Dom Quixote: inventemos a nossa vida &#8211; ainda que levemos uma surra, ou quem sabe, n\u00e3o nos acossem pris\u00f5es preventivas e outras mazelas. Cultivemos nossas loucuras. Vivamos nelas.<br \/>\nTodo o ideal \u00e9 quixotesco, se for ideal. Digam de um artista que n\u00e3o sofreu &#8211; este n\u00e3o existe. Para Vin\u00edcius de Moraes, o sofrimento \u00e9 que\u00a0 definia o poeta.<br \/>\nEnfim, entrego-lhes o &#8220;Triunfo de Dom Quuixote. Espero que entendam que n\u00e3o existem triunfos, a n\u00e3o ser nas artes, no est\u00e1tico das artes,independentemente dos artistas. Existem vit\u00f3rias como uma ou outra &#8211; muito rara, que Dom Quixote obteve ao longo de suas aventuras.<br \/>\nMas s\u00e3o passageiras.<br \/>\nConsigno, n\u00e3o quixotescamente, como uma vit\u00f3ria, ter um obra\u00a0 minha nesta\u00a0 Biblioteca, nesta Universidade.<br \/>\nDe resto, ainda sobre Dom Quixote: ele sabia que tinha de enfrentar sempre mais dificuldades &#8211; porque seu ideal n\u00e3o era seu &#8211; era o da Humanidade. Ele pretendia livr\u00e1-la dos seus malfeitos.<br \/>\n\u00c9 o que faz o artista: ele inventa uma realidade que s\u00f3 acontecer\u00e1 se sua obra um dia, n\u00e3o necessariamente durante a sua vida, for apreciada de alguma maneira. A arte \u00e9 humanidade.<br \/>\nDizer do humano que ele \u00e9 humano, esta a condi\u00e7\u00e3o da arte. \u00c9 isso. Ponto. A crian\u00e7a continuar\u00e1 a pedir esmola na esquina, o ladr\u00e3o vestir\u00e1 a toga, com que julgar\u00e1 outros criminosos. Mas h\u00e1 que ter a loucura de querer fazer o mundo melhor.<br \/>\nTroquemos o mundo por nosso pa\u00eds. E quixotescamente, de novo,\u00a0 tentemos inventar algo de melhor do que a\u00ed est\u00e1. Pode n\u00e3o adiantar &#8211; Quixote sempre ensinar\u00e1 aos nossos p\u00f3steros que a luta vale a pena. \u00c9 essa a sua grande li\u00e7\u00e3o.<\/p>\n","protected":false},"excerpt":{"rendered":"<p>Desde quinta-feira, 27 de abril, a obra \u201cO Triunfo de Dom Quixote\u201d,\u00a0 do ga\u00facho Enio Squeff, domina a entrada da biblioteca central da Universidade de S\u00e3o Paulo O quadro foi pintado em 2005 para a comemora\u00e7\u00e3o de 400 anos da edi\u00e7\u00e3o do livro de Miguel de Cervantes. Tem mais de 12 metros metros quadrados ( [&hellip;]<\/p>\n","protected":false},"author":4,"featured_media":47724,"comment_status":"open","ping_status":"closed","sticky":false,"template":"","format":"standard","meta":{"_jetpack_newsletter_access":"","_jetpack_dont_email_post_to_subs":false,"_jetpack_newsletter_tier_id":0,"_jetpack_memberships_contains_paywalled_content":false,"_jetpack_feature_clip_id":0,"_jetpack_memberships_contains_paid_content":false,"footnotes":"","jetpack_post_was_ever_published":false},"categories":[26],"tags":[],"class_list":["post-47723","post","type-post","status-publish","format-standard","has-post-thumbnail","hentry","category-geral"],"aioseo_notices":[],"aioseo_head":"\n\t\t<!-- All in One SEO 5.0.1.1 - aioseo.com -->\n\t<meta name=\"robots\" content=\"max-image-preview:large\" \/>\n\t<meta name=\"author\" content=\"da Reda\u00e7\u00e3o\"\/>\n\t<link rel=\"canonical\" href=\"https:\/\/www.jornalja.com.br\/arquivo\/quixote-gaucho-ocupa-a-entrada-da-biblioteca-da-usp\/\" \/>\n\t<meta name=\"generator\" content=\"All in One SEO (AIOSEO) 5.0.1.1\" \/>\n\t\t<meta property=\"og:locale\" content=\"pt_BR\" \/>\n\t\t<meta property=\"og:site_name\" content=\"Arquivo | Jornal J\u00c1 | Porto Alegre\" \/>\n\t\t<meta property=\"og:type\" content=\"article\" \/>\n\t\t<meta property=\"og:title\" content=\"Quixote ga\u00facho ocupa a entrada da biblioteca da USP | Arquivo\" \/>\n\t\t<meta property=\"og:url\" content=\"https:\/\/www.jornalja.com.br\/arquivo\/quixote-gaucho-ocupa-a-entrada-da-biblioteca-da-usp\/\" \/>\n\t\t<meta property=\"og:image\" content=\"https:\/\/www.jornalja.com.br\/wp-content\/uploads\/2017\/04\/dom-quixote-a-tela-1-300x189.jpg\" \/>\n\t\t<meta property=\"og:image:secure_url\" content=\"https:\/\/www.jornalja.com.br\/wp-content\/uploads\/2017\/04\/dom-quixote-a-tela-1-300x189.jpg\" \/>\n\t\t<meta property=\"article:published_time\" content=\"2017-04-29T23:05:00+00:00\" \/>\n\t\t<meta property=\"article:modified_time\" content=\"2017-04-29T23:05:00+00:00\" \/>\n\t\t<meta name=\"twitter:card\" content=\"summary\" \/>\n\t\t<meta name=\"twitter:title\" content=\"Quixote ga\u00facho ocupa a entrada da biblioteca da USP | Arquivo\" \/>\n\t\t<meta name=\"twitter:image\" content=\"https:\/\/www.jornalja.com.br\/economics\/wp-content\/uploads\/sites\/11\/2026\/08\/ja-folhaderosto-facebook.jpg\" \/>\n\t\t<script type=\"application\/ld+json\" class=\"aioseo-schema\">\n\t\t\t{\"@context\":\"https:\\\/\\\/schema.org\",\"@graph\":[{\"@type\":\"BlogPosting\",\"@id\":\"https:\\\/\\\/www.jornalja.com.br\\\/arquivo\\\/quixote-gaucho-ocupa-a-entrada-da-biblioteca-da-usp\\\/#blogposting\",\"name\":\"Quixote ga\\u00facho ocupa a entrada da biblioteca da USP | Arquivo\",\"headline\":\"Quixote ga\\u00facho ocupa a entrada da biblioteca da USP\",\"author\":{\"@id\":\"https:\\\/\\\/www.jornalja.com.br\\\/arquivo\\\/author\\\/daredacao\\\/#author\"},\"publisher\":{\"@id\":\"https:\\\/\\\/www.jornalja.com.br\\\/arquivo\\\/#organization\"},\"image\":{\"@type\":\"ImageObject\",\"url\":47724},\"datePublished\":\"2017-04-29T20:05:00-03:00\",\"dateModified\":\"2017-04-29T20:05:00-03:00\",\"inLanguage\":\"pt-BR\",\"mainEntityOfPage\":{\"@id\":\"https:\\\/\\\/www.jornalja.com.br\\\/arquivo\\\/quixote-gaucho-ocupa-a-entrada-da-biblioteca-da-usp\\\/#webpage\"},\"isPartOf\":{\"@id\":\"https:\\\/\\\/www.jornalja.com.br\\\/arquivo\\\/quixote-gaucho-ocupa-a-entrada-da-biblioteca-da-usp\\\/#webpage\"},\"articleSection\":\"Geral\"},{\"@type\":\"BreadcrumbList\",\"@id\":\"https:\\\/\\\/www.jornalja.com.br\\\/arquivo\\\/quixote-gaucho-ocupa-a-entrada-da-biblioteca-da-usp\\\/#breadcrumblist\",\"itemListElement\":[{\"@type\":\"ListItem\",\"@id\":\"https:\\\/\\\/www.jornalja.com.br\\\/arquivo#listItem\",\"position\":1,\"name\":\"Home\",\"item\":\"https:\\\/\\\/www.jornalja.com.br\\\/arquivo\",\"nextItem\":{\"@type\":\"ListItem\",\"@id\":\"https:\\\/\\\/www.jornalja.com.br\\\/arquivo\\\/category\\\/geral\\\/#listItem\",\"name\":\"Geral\"}},{\"@type\":\"ListItem\",\"@id\":\"https:\\\/\\\/www.jornalja.com.br\\\/arquivo\\\/category\\\/geral\\\/#listItem\",\"position\":2,\"name\":\"Geral\",\"item\":\"https:\\\/\\\/www.jornalja.com.br\\\/arquivo\\\/category\\\/geral\\\/\",\"nextItem\":{\"@type\":\"ListItem\",\"@id\":\"https:\\\/\\\/www.jornalja.com.br\\\/arquivo\\\/quixote-gaucho-ocupa-a-entrada-da-biblioteca-da-usp\\\/#listItem\",\"name\":\"Quixote ga\\u00facho ocupa a entrada da biblioteca da USP\"},\"previousItem\":{\"@type\":\"ListItem\",\"@id\":\"https:\\\/\\\/www.jornalja.com.br\\\/arquivo#listItem\",\"name\":\"Home\"}},{\"@type\":\"ListItem\",\"@id\":\"https:\\\/\\\/www.jornalja.com.br\\\/arquivo\\\/quixote-gaucho-ocupa-a-entrada-da-biblioteca-da-usp\\\/#listItem\",\"position\":3,\"name\":\"Quixote ga\\u00facho ocupa a entrada da biblioteca da USP\",\"previousItem\":{\"@type\":\"ListItem\",\"@id\":\"https:\\\/\\\/www.jornalja.com.br\\\/arquivo\\\/category\\\/geral\\\/#listItem\",\"name\":\"Geral\"}}]},{\"@type\":\"Organization\",\"@id\":\"https:\\\/\\\/www.jornalja.com.br\\\/arquivo\\\/#organization\",\"name\":\"Jornal J\\u00c1\",\"description\":\"Jornal J\\u00c1 | Porto Alegre\",\"url\":\"https:\\\/\\\/www.jornalja.com.br\\\/arquivo\\\/\",\"telephone\":\"+555133307272\",\"logo\":{\"@type\":\"ImageObject\",\"url\":\"https:\\\/\\\/www.jornalja.com.br\\\/wp-content\\\/uploads\\\/cards\\\/JAslogan.png\",\"@id\":\"https:\\\/\\\/www.jornalja.com.br\\\/arquivo\\\/quixote-gaucho-ocupa-a-entrada-da-biblioteca-da-usp\\\/#organizationLogo\"},\"image\":{\"@id\":\"https:\\\/\\\/www.jornalja.com.br\\\/arquivo\\\/quixote-gaucho-ocupa-a-entrada-da-biblioteca-da-usp\\\/#organizationLogo\"}},{\"@type\":\"Person\",\"@id\":\"https:\\\/\\\/www.jornalja.com.br\\\/arquivo\\\/author\\\/daredacao\\\/#author\",\"url\":\"https:\\\/\\\/www.jornalja.com.br\\\/arquivo\\\/author\\\/daredacao\\\/\",\"name\":\"da Reda\\u00e7\\u00e3o\",\"image\":{\"@type\":\"ImageObject\",\"@id\":\"https:\\\/\\\/www.jornalja.com.br\\\/arquivo\\\/quixote-gaucho-ocupa-a-entrada-da-biblioteca-da-usp\\\/#authorImage\",\"url\":\"https:\\\/\\\/secure.gravatar.com\\\/avatar\\\/469fd857d6605ad19919d27ed29d35a968a25f6e8fd9318356bbb7f57aae9c65?s=96&d=mm&r=g\",\"width\":96,\"height\":96,\"caption\":\"da Reda\\u00e7\\u00e3o\"}},{\"@type\":\"WebPage\",\"@id\":\"https:\\\/\\\/www.jornalja.com.br\\\/arquivo\\\/quixote-gaucho-ocupa-a-entrada-da-biblioteca-da-usp\\\/#webpage\",\"url\":\"https:\\\/\\\/www.jornalja.com.br\\\/arquivo\\\/quixote-gaucho-ocupa-a-entrada-da-biblioteca-da-usp\\\/\",\"name\":\"Quixote ga\\u00facho ocupa a entrada da biblioteca da USP | Arquivo\",\"inLanguage\":\"pt-BR\",\"isPartOf\":{\"@id\":\"https:\\\/\\\/www.jornalja.com.br\\\/arquivo\\\/#website\"},\"breadcrumb\":{\"@id\":\"https:\\\/\\\/www.jornalja.com.br\\\/arquivo\\\/quixote-gaucho-ocupa-a-entrada-da-biblioteca-da-usp\\\/#breadcrumblist\"},\"author\":{\"@id\":\"https:\\\/\\\/www.jornalja.com.br\\\/arquivo\\\/author\\\/daredacao\\\/#author\"},\"creator\":{\"@id\":\"https:\\\/\\\/www.jornalja.com.br\\\/arquivo\\\/author\\\/daredacao\\\/#author\"},\"image\":{\"@type\":\"ImageObject\",\"url\":47724,\"@id\":\"https:\\\/\\\/www.jornalja.com.br\\\/arquivo\\\/quixote-gaucho-ocupa-a-entrada-da-biblioteca-da-usp\\\/#mainImage\"},\"primaryImageOfPage\":{\"@id\":\"https:\\\/\\\/www.jornalja.com.br\\\/arquivo\\\/quixote-gaucho-ocupa-a-entrada-da-biblioteca-da-usp\\\/#mainImage\"},\"datePublished\":\"2017-04-29T20:05:00-03:00\",\"dateModified\":\"2017-04-29T20:05:00-03:00\"},{\"@type\":\"WebSite\",\"@id\":\"https:\\\/\\\/www.jornalja.com.br\\\/arquivo\\\/#website\",\"url\":\"https:\\\/\\\/www.jornalja.com.br\\\/arquivo\\\/\",\"name\":\"Arquivo\",\"description\":\"Jornal J\\u00c1 | Porto Alegre\",\"inLanguage\":\"pt-BR\",\"publisher\":{\"@id\":\"https:\\\/\\\/www.jornalja.com.br\\\/arquivo\\\/#organization\"}}]}\n\t\t<\/script>\n\t\t<!-- All in One SEO -->\n\n","aioseo_head_json":{"title":"Quixote ga\u00facho ocupa a entrada da biblioteca da USP | Arquivo","description":"","canonical_url":"https:\/\/www.jornalja.com.br\/arquivo\/quixote-gaucho-ocupa-a-entrada-da-biblioteca-da-usp\/","robots":"max-image-preview:large","keywords":"","webmasterTools":{"miscellaneous":""},"schema":{"@context":"https:\/\/schema.org","@graph":[{"@type":"BlogPosting","@id":"https:\/\/www.jornalja.com.br\/arquivo\/quixote-gaucho-ocupa-a-entrada-da-biblioteca-da-usp\/#blogposting","name":"Quixote ga\u00facho ocupa a entrada da biblioteca da USP | Arquivo","headline":"Quixote ga\u00facho ocupa a entrada da biblioteca da USP","author":{"@id":"https:\/\/www.jornalja.com.br\/arquivo\/author\/daredacao\/#author"},"publisher":{"@id":"https:\/\/www.jornalja.com.br\/arquivo\/#organization"},"image":{"@type":"ImageObject","url":47724},"datePublished":"2017-04-29T20:05:00-03:00","dateModified":"2017-04-29T20:05:00-03:00","inLanguage":"pt-BR","mainEntityOfPage":{"@id":"https:\/\/www.jornalja.com.br\/arquivo\/quixote-gaucho-ocupa-a-entrada-da-biblioteca-da-usp\/#webpage"},"isPartOf":{"@id":"https:\/\/www.jornalja.com.br\/arquivo\/quixote-gaucho-ocupa-a-entrada-da-biblioteca-da-usp\/#webpage"},"articleSection":"Geral"},{"@type":"BreadcrumbList","@id":"https:\/\/www.jornalja.com.br\/arquivo\/quixote-gaucho-ocupa-a-entrada-da-biblioteca-da-usp\/#breadcrumblist","itemListElement":[{"@type":"ListItem","@id":"https:\/\/www.jornalja.com.br\/arquivo#listItem","position":1,"name":"Home","item":"https:\/\/www.jornalja.com.br\/arquivo","nextItem":{"@type":"ListItem","@id":"https:\/\/www.jornalja.com.br\/arquivo\/category\/geral\/#listItem","name":"Geral"}},{"@type":"ListItem","@id":"https:\/\/www.jornalja.com.br\/arquivo\/category\/geral\/#listItem","position":2,"name":"Geral","item":"https:\/\/www.jornalja.com.br\/arquivo\/category\/geral\/","nextItem":{"@type":"ListItem","@id":"https:\/\/www.jornalja.com.br\/arquivo\/quixote-gaucho-ocupa-a-entrada-da-biblioteca-da-usp\/#listItem","name":"Quixote ga\u00facho ocupa a entrada da biblioteca da USP"},"previousItem":{"@type":"ListItem","@id":"https:\/\/www.jornalja.com.br\/arquivo#listItem","name":"Home"}},{"@type":"ListItem","@id":"https:\/\/www.jornalja.com.br\/arquivo\/quixote-gaucho-ocupa-a-entrada-da-biblioteca-da-usp\/#listItem","position":3,"name":"Quixote ga\u00facho ocupa a entrada da biblioteca da USP","previousItem":{"@type":"ListItem","@id":"https:\/\/www.jornalja.com.br\/arquivo\/category\/geral\/#listItem","name":"Geral"}}]},{"@type":"Organization","@id":"https:\/\/www.jornalja.com.br\/arquivo\/#organization","name":"Jornal J\u00c1","description":"Jornal J\u00c1 | Porto Alegre","url":"https:\/\/www.jornalja.com.br\/arquivo\/","telephone":"+555133307272","logo":{"@type":"ImageObject","url":"https:\/\/www.jornalja.com.br\/wp-content\/uploads\/cards\/JAslogan.png","@id":"https:\/\/www.jornalja.com.br\/arquivo\/quixote-gaucho-ocupa-a-entrada-da-biblioteca-da-usp\/#organizationLogo"},"image":{"@id":"https:\/\/www.jornalja.com.br\/arquivo\/quixote-gaucho-ocupa-a-entrada-da-biblioteca-da-usp\/#organizationLogo"}},{"@type":"Person","@id":"https:\/\/www.jornalja.com.br\/arquivo\/author\/daredacao\/#author","url":"https:\/\/www.jornalja.com.br\/arquivo\/author\/daredacao\/","name":"da Reda\u00e7\u00e3o","image":{"@type":"ImageObject","@id":"https:\/\/www.jornalja.com.br\/arquivo\/quixote-gaucho-ocupa-a-entrada-da-biblioteca-da-usp\/#authorImage","url":"https:\/\/secure.gravatar.com\/avatar\/469fd857d6605ad19919d27ed29d35a968a25f6e8fd9318356bbb7f57aae9c65?s=96&d=mm&r=g","width":96,"height":96,"caption":"da Reda\u00e7\u00e3o"}},{"@type":"WebPage","@id":"https:\/\/www.jornalja.com.br\/arquivo\/quixote-gaucho-ocupa-a-entrada-da-biblioteca-da-usp\/#webpage","url":"https:\/\/www.jornalja.com.br\/arquivo\/quixote-gaucho-ocupa-a-entrada-da-biblioteca-da-usp\/","name":"Quixote ga\u00facho ocupa a entrada da biblioteca da USP | Arquivo","inLanguage":"pt-BR","isPartOf":{"@id":"https:\/\/www.jornalja.com.br\/arquivo\/#website"},"breadcrumb":{"@id":"https:\/\/www.jornalja.com.br\/arquivo\/quixote-gaucho-ocupa-a-entrada-da-biblioteca-da-usp\/#breadcrumblist"},"author":{"@id":"https:\/\/www.jornalja.com.br\/arquivo\/author\/daredacao\/#author"},"creator":{"@id":"https:\/\/www.jornalja.com.br\/arquivo\/author\/daredacao\/#author"},"image":{"@type":"ImageObject","url":47724,"@id":"https:\/\/www.jornalja.com.br\/arquivo\/quixote-gaucho-ocupa-a-entrada-da-biblioteca-da-usp\/#mainImage"},"primaryImageOfPage":{"@id":"https:\/\/www.jornalja.com.br\/arquivo\/quixote-gaucho-ocupa-a-entrada-da-biblioteca-da-usp\/#mainImage"},"datePublished":"2017-04-29T20:05:00-03:00","dateModified":"2017-04-29T20:05:00-03:00"},{"@type":"WebSite","@id":"https:\/\/www.jornalja.com.br\/arquivo\/#website","url":"https:\/\/www.jornalja.com.br\/arquivo\/","name":"Arquivo","description":"Jornal J\u00c1 | Porto Alegre","inLanguage":"pt-BR","publisher":{"@id":"https:\/\/www.jornalja.com.br\/arquivo\/#organization"}}]},"og:locale":"pt_BR","og:site_name":"Arquivo | Jornal J\u00c1 | Porto Alegre","og:type":"article","og:title":"Quixote ga\u00facho ocupa a entrada da biblioteca da USP | Arquivo","og:url":"https:\/\/www.jornalja.com.br\/arquivo\/quixote-gaucho-ocupa-a-entrada-da-biblioteca-da-usp\/","og:image":"https:\/\/www.jornalja.com.br\/wp-content\/uploads\/2017\/04\/dom-quixote-a-tela-1-300x189.jpg","og:image:secure_url":"https:\/\/www.jornalja.com.br\/wp-content\/uploads\/2017\/04\/dom-quixote-a-tela-1-300x189.jpg","article:published_time":"2017-04-29T23:05:00+00:00","article:modified_time":"2017-04-29T23:05:00+00:00","twitter:card":"summary","twitter:title":"Quixote ga\u00facho ocupa a entrada da biblioteca da USP | Arquivo","twitter:image":"https:\/\/www.jornalja.com.br\/economics\/wp-content\/uploads\/sites\/11\/2026\/08\/ja-folhaderosto-facebook.jpg"},"aioseo_meta_data":{"post_id":"47723","title":null,"description":null,"keywords":null,"keyphrases":null,"primary_term":null,"canonical_url":null,"og_title":null,"og_description":null,"og_object_type":"default","og_image_type":"default","og_image_url":null,"og_image_width":null,"og_image_height":null,"og_image_custom_url":null,"og_image_custom_fields":null,"og_video":null,"og_custom_url":null,"og_article_section":null,"og_article_tags":null,"twitter_use_og":false,"twitter_card":"default","twitter_image_type":"default","twitter_image_url":null,"twitter_image_custom_url":null,"twitter_image_custom_fields":null,"twitter_title":null,"twitter_description":null,"schema":{"blockGraphs":[],"customGraphs":[],"default":{"data":{"Article":[],"Course":[],"Dataset":[],"FAQPage":[],"Movie":[],"Person":[],"Product":[],"ProductReview":[],"Car":[],"Recipe":[],"Service":[],"SoftwareApplication":[],"WebPage":[]},"graphName":"","isEnabled":true},"graphs":[]},"schema_type":null,"schema_type_options":null,"pillar_content":false,"robots_default":true,"robots_noindex":false,"robots_noarchive":false,"robots_nosnippet":false,"robots_nofollow":false,"robots_noimageindex":false,"robots_noodp":false,"robots_notranslate":false,"robots_max_snippet":null,"robots_max_videopreview":null,"robots_max_imagepreview":"large","priority":null,"frequency":null,"location":null,"local_seo":null,"breadcrumb_settings":null,"limit_modified_date":false,"ai":null,"created":"2020-12-20 20:35:51","updated":"2025-07-19 21:11:44","seo_analyzer_scan_date":null,"focus_keyword":null,"additional_keywords":null,"truseo_locale":null},"jetpack_sharing_enabled":true,"jetpack-related-posts":[{"id":13124,"url":"https:\/\/www.jornalja.com.br\/arquivo\/sangue-latino-no-iecine\/","url_meta":{"origin":47723,"position":0},"title":"Sangue latino no IECINE","author":"da Reda\u00e7\u00e3o","date":"18 de maio de 2014","format":false,"excerpt":"Francisco Ribeiro O Instituto Estadual de Cinema (IECINE) tem a frente, desde abril \u00faltimo, um novo diretor, o cineasta colombiano Juan Zapata, 36, que substitui Luiz Alberto Cassol. Radicado h\u00e1 dez anos em Porto Alegre, Zapata tem diante de si o desafio de conduzir at\u00e9 o final do ano um\u2026","rel":"","context":"Em &quot;Cultura-Geral&quot;","block_context":{"text":"Cultura-Geral","link":"https:\/\/www.jornalja.com.br\/arquivo\/category\/materiasecundaria\/"},"img":{"alt_text":"","src":"","width":0,"height":0},"classes":[]},{"id":14241,"url":"https:\/\/www.jornalja.com.br\/arquivo\/o-guaiba-nas-imagens-poeticas-de-achutti\/","url_meta":{"origin":47723,"position":1},"title":"O Gua\u00edba nas imagens po\u00e9ticas de Achutti","author":"da Reda\u00e7\u00e3o","date":"18 de junho de 2014","format":false,"excerpt":"Em \u201cO Gua\u00edba por Achutti\u201d \u2013 obra financiada via Minist\u00e9rio da Cultura, produ\u00e7\u00e3o executiva de Pedro Longhi, e Fl\u00e1vio Wild como designer \u2013, o fot\u00f3grafo revela a beleza e as mazelas de um espa\u00e7o aqu\u00e1tico de \u00e1guas sempre renovadas, cheio de hist\u00f3rias e lendas como as das cidades que foram\u2026","rel":"","context":"Em &quot;Cultura-Geral&quot;","block_context":{"text":"Cultura-Geral","link":"https:\/\/www.jornalja.com.br\/arquivo\/category\/materiasecundaria\/"},"img":{"alt_text":"","src":"","width":0,"height":0},"classes":[]},{"id":1280,"url":"https:\/\/www.jornalja.com.br\/arquivo\/o-menino-que-se-tornou-brizola\/","url_meta":{"origin":47723,"position":2},"title":"O Menino que se Tornou Brizola","author":"da Reda\u00e7\u00e3o","date":"28 de julho de 2008","format":false,"excerpt":"Autor: Cleber Dioni A vida de Leonel Brizola, com \u00eanfase para os primeiros anos em Porto Alegre, at\u00e9 o ex\u00edlio no Uruguai e a volta, quinze anos depois. \u00a0\"...\u00c9ramos todos jovens e nos identific\u00e1vamos com aquela massa an\u00f4nima a percorrer as ruas de Porto Alegre, gritando 'Get\u00falio', 'Get\u00falio' e empunhando\u2026","rel":"","context":"Em &quot;Livros&quot;","block_context":{"text":"Livros","link":"https:\/\/www.jornalja.com.br\/arquivo\/category\/livros\/"},"img":{"alt_text":"","src":"https:\/\/i0.wp.com\/www.jornalja.com.br\/wp-content\/uploads\/2008\/07\/brizola.gif?resize=350%2C200&ssl=1","width":350,"height":200},"classes":[]},{"id":13240,"url":"https:\/\/www.jornalja.com.br\/arquivo\/plano-diretor-estamos-construindo-o-caos\/","url_meta":{"origin":47723,"position":3},"title":"Plano diretor: &quot;Estamos construindo o caos&quot;","author":"Patr\u00edcia Marini","date":"26 de maio de 2014","format":false,"excerpt":"Desabafo que arquiteta Eliana Castilhos, delegada da Regi\u00e3o de Planejamento 1, postou nas redes sociais \u00e9 um testemunho do ambiente que se criou no Conselho do Plano Diretor de Porto Alegre, onde a aprova\u00e7\u00e3o de grandes empreendimentos \u00e9 empurrada guela abaixo dos conselheiros. Ao CMDUA Como delegada da Regi\u00e3o de\u2026","rel":"","context":"Em &quot;Geral&quot;","block_context":{"text":"Geral","link":"https:\/\/www.jornalja.com.br\/arquivo\/category\/geral\/"},"img":{"alt_text":"","src":"","width":0,"height":0},"classes":[]},{"id":13128,"url":"https:\/\/www.jornalja.com.br\/arquivo\/maconha-terra-diz-que-uso-medicinal-e-desculpa\/","url_meta":{"origin":47723,"position":4},"title":"Maconha: Terra diz que uso medicinal \u00e9 desculpa","author":"Patr\u00edcia Marini","date":"4 de junho de 2014","format":false,"excerpt":"A condi\u00e7\u00e3o de pol\u00edtico, em \u00e9poca de campanha de campanha eleitoral, tira for\u00e7a do discurso do m\u00e9dico Osmar Terra contra a legaliza\u00e7\u00e3o da maconha. A tese dele de que a libera\u00e7\u00e3o vai ampliar exponencialmente o consumo \u00e9 discutivel, o consumo \u00e9 corrente. Mas seus alertas quanto aos riscos tem que\u2026","rel":"","context":"Em &quot;X.Categorias velhas&quot;","block_context":{"text":"X.Categorias velhas","link":"https:\/\/www.jornalja.com.br\/arquivo\/category\/x-categorias-velhas\/"},"img":{"alt_text":"","src":"","width":0,"height":0},"classes":[]},{"id":13101,"url":"https:\/\/www.jornalja.com.br\/arquivo\/morre-um-guerreiro-do-texto\/","url_meta":{"origin":47723,"position":5},"title":"Morre um guerreiro do texto","author":"Patr\u00edcia Marini","date":"14 de maio de 2014","format":false,"excerpt":"Por Ricardo Kotscho Reproduzido do blog do autor, 11\/5\/2014; t\u00edtulo original \u201cE l\u00e1 se foi o nosso Myltainho, guerreiro do texto\u201d. Mi\u00fado e franzino, meu amigo Myltainho era um valente e inconformado guerreiro na luta contra as injusti\u00e7as sociais, a hipocrisia, as maracutaias, o autoritarismo, a intoler\u00e2ncia, a viol\u00eancia, o\u2026","rel":"","context":"Em &quot;Geral&quot;","block_context":{"text":"Geral","link":"https:\/\/www.jornalja.com.br\/arquivo\/category\/geral\/"},"img":{"alt_text":"","src":"","width":0,"height":0},"classes":[]}],"jetpack_shortlink":"https:\/\/wp.me\/pbQjBd-cpJ","jetpack_featured_media_url":"","_links":{"self":[{"href":"https:\/\/www.jornalja.com.br\/arquivo\/wp-json\/wp\/v2\/posts\/47723","targetHints":{"allow":["GET"]}}],"collection":[{"href":"https:\/\/www.jornalja.com.br\/arquivo\/wp-json\/wp\/v2\/posts"}],"about":[{"href":"https:\/\/www.jornalja.com.br\/arquivo\/wp-json\/wp\/v2\/types\/post"}],"author":[{"embeddable":true,"href":"https:\/\/www.jornalja.com.br\/arquivo\/wp-json\/wp\/v2\/users\/4"}],"replies":[{"embeddable":true,"href":"https:\/\/www.jornalja.com.br\/arquivo\/wp-json\/wp\/v2\/comments?post=47723"}],"version-history":[{"count":0,"href":"https:\/\/www.jornalja.com.br\/arquivo\/wp-json\/wp\/v2\/posts\/47723\/revisions"}],"wp:attachment":[{"href":"https:\/\/www.jornalja.com.br\/arquivo\/wp-json\/wp\/v2\/media?parent=47723"}],"wp:term":[{"taxonomy":"category","embeddable":true,"href":"https:\/\/www.jornalja.com.br\/arquivo\/wp-json\/wp\/v2\/categories?post=47723"},{"taxonomy":"post_tag","embeddable":true,"href":"https:\/\/www.jornalja.com.br\/arquivo\/wp-json\/wp\/v2\/tags?post=47723"}],"curies":[{"name":"wp","href":"https:\/\/api.w.org\/{rel}","templated":true}]}}