{"id":47764,"date":"2017-04-10T18:44:08","date_gmt":"2017-04-10T21:44:08","guid":{"rendered":"https:\/\/www.jornalja.com.br\/?p=47764"},"modified":"2017-04-10T18:44:08","modified_gmt":"2017-04-10T21:44:08","slug":"dossie-siria-risco-de-escala-de-guerra-no-mundo","status":"publish","type":"post","link":"https:\/\/www.jornalja.com.br\/arquivo\/dossie-siria-risco-de-escala-de-guerra-no-mundo\/","title":{"rendered":"DOSSI\u00ca S\u00cdRIA: Risco de escala de guerra no mundo"},"content":{"rendered":"<p><span class=\"assina\">Paulo Timm <\/span><\/p>\n<p style=\"text-align: right\"><em>Abril, 07<\/em><\/p>\n<p>O an\u00fancio de que os Estados Unidos bombardearam uma base a\u00e9rea do Governo S\u00edrio est\u00e1 chocando o mundo, justo quando o Presidente norte-americano prometera deixar o Presidente daquele pa\u00eds em paz e dar prioridade aos assuntos internos dos Estados Unidos. A desculpa \u00e9 a mesma da \u00e9poca da invas\u00e3o do Iraque: a posse e uso de armas qu\u00edmicas de destrui\u00e7\u00e3o em massa colocam em cheque a seguran\u00e7a americana.<br \/>\nO ataque \u00e9 conden\u00e1vel por in\u00fameras raz\u00f5es:<\/p>\n<ol>\n<li>Retoma o car\u00e1ter belicoso da interven\u00e7\u00e3o americana nos assuntos internacionais, cuja mem\u00f3ria ainda nos reporta \u00e0 Guerra Suja do Vietname nos anos 60-70.<\/li>\n<li>Antecipa-se \u00e0s investiga\u00e7\u00f5es internacionais sobre a verdadeira responsabilidade sobre o ataque com o g\u00e1s sarin no \u00edncio da semana numa cidade s\u00edria.<\/li>\n<li>N\u00e3o responde \u00e0 nenhuma determina\u00e7\u00e3o das Na\u00e7\u00f5es Unidas, consistindo numa a\u00e7\u00e3o de responsabilidade exclusiva do Governo dos Estados Unidos.<\/li>\n<li>Desconhece o fato de que as Na\u00e7\u00f5es Unidas em relat\u00f3rio de 2015 reconheceu que tanto o Governo de Baschar Al Assad como os rebeldes possu\u00edam armas qu\u00edmicas e que ambos deveriam ser responsabilizados pelos ataques com armas qu\u00edmicas em 2013<\/li>\n<li>Ignora o fato de que seria estupidez do governo s\u00edrio usar armas qu\u00edmicas numa conjuntura de sucessivas vit\u00f3rias sobre for\u00e7as rebeldes no terreno e de que teve seu arsenal com estas armas neutralizado em 2015 por a\u00e7\u00e3o do Presidente Obama.<\/li>\n<\/ol>\n<p>O ataque norte-americano confronta n\u00e3o s\u00f3 o Governo S\u00edrio, mas a estabilidade mundial, ao se converter numa a\u00e7\u00e3o unilateral de alto poder ofensivo contra uma na\u00e7\u00e3o organizada, com o agravante de que pode trazer uma irrita\u00e7\u00e3o adicional pela presen\u00e7a dos russos na regi\u00e3o. Corremos o risco de ver as duas maiores pot\u00eancias nucleares do globo se confrontarem, sem qualquer possibilidade de media\u00e7\u00e3o.<\/p>\n<h1><\/h1>\n<p>-*-*-*-*-*-*-*-*-*-*-*-*-*-*-*-*-*-*-*-*-*-*-*-*-*-*-*-*-*-*-*-*-*-*-*-*-*-*-*-*-*-*-*-*-*-*-*-*-<br \/>\n<span class=\"intertit\"><a href=\"http:\/\/www.orientemidia.org\/declaracao-do-ministerio-das-relacoes-exteriores-da-siria\/\">Declara\u00e7\u00e3o do Minist\u00e9rio das Rela\u00e7\u00f5es\u00a0Exteriores da S\u00edria .\u00a0<\/a><em>1<\/em><\/span><br \/>\n7 abr 2017 |<br \/>\nOs grupos terroristas armados em atividade na regi\u00e3o de Khan Shaikoun, as partes ocidentais que utilizam estes grupos como instrumentos e a m\u00eddia que trabalha a seu servi\u00e7o espalharam aos quatro ventos as not\u00edcias sobre o ataque com g\u00e1s t\u00f3xico contra a cidade de Khan Shaikhoun, localizada na prov\u00edncia de Idleb. E como sempre ocorre, estas partes fizeram falsas acusa\u00e7\u00f5es, como o fizeram nos \u00faltimos quatro anos, contra as For\u00e7as Armadas da Rep\u00fablica \u00c1rabe da S\u00edria.<br \/>\nA Rep\u00fablica \u00c1rabe da S\u00edria nega, categoricamente, o uso de gases t\u00f3xicos contra Khan Shaikhoun ou qualquer outro vilarejo ou cidade da S\u00edria. E reafirma que o Ex\u00e9rcito \u00c1rabe S\u00edrio n\u00e3o possui quaisquer tipos de armas qu\u00edmicas, n\u00e3o fez uso delas no passado, n\u00e3o pretende usa-las no futuro e sequer busca obt\u00ea-las. J\u00e1 foi provado que o Ex\u00e9rcito \u00c1rabe S\u00edrio n\u00e3o fez uso deste tipo de armas, nem nas priores batalhas travadas contra os grupos terroristas armados.<br \/>\nA Rep\u00fablica \u00c1rabe da S\u00edria afirma que cumpriu com todos os seus compromissos assumidos perante o Tratado para a Proibi\u00e7\u00e3o de Armas Qu\u00edmicas, desde a sua ades\u00e3o no ano de 2013. A S\u00edria esclarece que os grupos terroristas armados e seus patrocinadores foram os respons\u00e1veis por promover tais ataques e outros, com o objetivo de acusar, posteriormente, o Estado s\u00edrio pela autoria, mesmo tendo em vista que a Rep\u00fablica \u00c1rabe da S\u00edria forneceu \u00e0 Organiza\u00e7\u00e3o para a Proibi\u00e7\u00e3o de Armas Qu\u00edmicas, ao Conselho de Seguran\u00e7a e \u00e0 alguns pa\u00edses amigos informa\u00e7\u00f5es detalhadas e precisas, durante os \u00faltimos anos e, especificamente, atrav\u00e9s das notas apresentadas pela S\u00edria, nas \u00faltimas semanas, sobre a a\u00e7\u00e3o de grupos terroristas armados para a entrada de materiais t\u00f3xicos na S\u00edria, incluindo a prov\u00edncia de Idleb, atrav\u00e9s dos pa\u00edses vizinhos, especialmente a Turquia, para que estes produtos fossem usados posteriormente.<br \/>\nEsta mobiliza\u00e7\u00e3o massiva e imediata dos pa\u00edses patrocinadores dos terroristas, para promover uma nova campanha contra a S\u00edria, que inclui o presidente do regime turco, os ministros de rela\u00e7\u00f5es exteriores de alguns pa\u00edses europeus inimigos da S\u00edria e os meios midi\u00e1ticos que servem aos prop\u00f3sitos destas partes, provam a exist\u00eancia de um plano premeditado destes para voltar no tempo, reativar o chamado \u2018arquivo qu\u00edmico da S\u00edria\u2019 e recome\u00e7ar do zero. Tudo isso para encobrir os crimes dos grupos terroristas armados e mostrar a aus\u00eancia de seriedade frente \u00e0s discuss\u00f5es de Astana e Genebra, que mostraram, de antem\u00e3o, n\u00e3o haver qualquer vontade verdadeira de se alcan\u00e7ar uma solu\u00e7\u00e3o pac\u00edfica para a crise na S\u00edria. Esta nova campanha ocorre em sequ\u00eancia \u00e0s conquistas alcan\u00e7adas pelo Ex\u00e9rcito \u00c1rabe S\u00edrio e pelas for\u00e7as amigas, em sua guerra contra o terrorismo, nos \u00faltimos dias e semanas. Al\u00e9m disso, estas cal\u00fanias ocorrem \u00e0s v\u00e9speras da realiza\u00e7\u00e3o da reuni\u00e3o da Uni\u00e3o Europeia, prevista para amanh\u00e3 de manh\u00e3, sobre a S\u00edria, que tem como objetivo perpetrar um ataque contra a S\u00edria e justificar as decis\u00f5es, que ser\u00e3o tomadas durante esta reuni\u00e3o, sobre tal agress\u00e3o.<br \/>\nA Rep\u00fablica \u00c1rabe da S\u00edria reitera sua mais veemente condena\u00e7\u00e3o ao crime cometido pelos grupos terroristas armados em Khan Shaikoun, que se soma, tamb\u00e9m, aos ganhos pol\u00edticos baratos \u00e0s custas das vidas de crian\u00e7as, mulheres e filhos do povo s\u00edrio. E afirma que rejeita o uso destes materiais t\u00f3xicos por parte de quem quer que seja, seja qual for o local, em quaisquer circunst\u00e2ncias e seja qual for o motivo. A Rep\u00fablica \u00c1rabe da S\u00edria salienta que todas estas alega\u00e7\u00f5es fabricadas n\u00e3o a impedir\u00e3o de continuar a sua luta contra o terrorismo e suas organiza\u00e7\u00f5es, seus apoiadores na Turquia, na Ar\u00e1bia Saudita, no Qatar e em alguns pa\u00edses da Uni\u00e3o Europeia. E continuar\u00e1 atuando para alcan\u00e7ar uma solu\u00e7\u00e3o pol\u00edtica para a crise na S\u00edria. A S\u00edria conclama, ainda, a comunidade internacional a apoiar os seus esfor\u00e7os para combater o terrorismo e a rejeitar as novas, falsas e fabricadas justificativas divulgadas pelas partes que n\u00e3o desejam o bem da S\u00edria e de seu povo.<br \/>\nDamasco, em 04\/04\/2017.<br \/>\n<a href=\"http:\/\/www.orientemidia.org\/declaracao-do-ministerio-das-relacoes-exteriores-da-siria\/?utm_source=dlvr.it&amp;utm_medium=facebook&amp;utm_campaign=declaracao-do-ministerio-das-relacoes-exteriores-da-siria\" target=\"_blank\" rel=\"noopener noreferrer\">http:\/\/www.orientemidia.org\/declaracao-do-ministerio-das-relacoes-exteriores-da-siria\/?utm_source=dlvr.it&amp;utm_medium=facebook&amp;utm_campaign=declaracao-do-ministerio-das-relacoes-exteriores-da-siria<\/a><br \/>\n-*-*-*-*-*-*-*-*-*-*-*-*-*-*-*-*-*-*-*-*-*-*-*-*-*-*-*-*-*-*-*-*-*-*-*-*-*-*-*-*-*-*-*-*-*-*-*-*-<\/p>\n<h1><a href=\"http:\/\/www.orientemidia.org\/acusacoes-infundadas-quem-realmente-utiliza-armas-quimicas-na-siria\/\">Acusa\u00e7\u00f5es infundadas: quem realmente utiliza\u00a0armas qu\u00edmicas na S\u00edria?\u00a0<\/a><\/h1>\n<p>5 abr 2017 |\u00a0<a href=\"http:\/\/www.orientemidia.org\/category\/mudanca-de-regime\/\">&#8220;Mudan\u00e7a de Regime&#8221;<\/a><br \/>\n<img loading=\"lazy\" decoding=\"async\" class=\"alignleft size-full wp-image-47766\" src=\"https:\/\/www.jornalja.com.br\/wp-content\/uploads\/2017\/04\/armas1.jpg\" alt=\"armas1\" width=\"611\" height=\"450\" \/>Oposicionistas s\u00edrios acusaram o ex\u00e9rcito nacional da utiliza\u00e7\u00e3o de armas qu\u00edmicas n\u00e3o apresentando nenhumas provas disso. Mas ser\u00e1 que os pa\u00edses ocidentais n\u00e3o necessitam de provas?<br \/>\nO ex\u00e9rcito nacional s\u00edrio nunca utilizou e n\u00e3o vai utilizar subst\u00e2ncias t\u00f3xicas, segundo diz o texto do comunicado do comando militar sobre as\u00a0acusa\u00e7\u00f5es por parte da oposi\u00e7\u00e3o armada de utiliza\u00e7\u00e3o das armas qu\u00edmicas na prov\u00edncia de Idlib. O comando do ex\u00e9rcito s\u00edrio lembrou que os grupos terroristas armados acusam Damasco da utiliza\u00e7\u00e3o de armas qu\u00edmicas quando n\u00e3o conseguem alcan\u00e7ar objetivos \u201cno terreno\u201d.<br \/>\nMas ser\u00e1 que existe algu\u00e9m que acredita na informa\u00e7\u00e3o de Damasco no Ocidente? Paris, logo ap\u00f3s ter ouvido sobre o ataque da oposi\u00e7\u00e3o s\u00edria, come\u00e7ou exigindo uma reuni\u00e3o urgente do Conselho da Seguran\u00e7a da ONU, que foi como resultado marcada para o dia 5 de abril. O secretariado da organiza\u00e7\u00e3o internacional expressou inquieta\u00e7\u00e3o, mas eles ainda n\u00e3o conseguiram verificar a informa\u00e7\u00e3o e perceber se houve realmente um ataque, comunicou sobre isso o representante do secret\u00e1rio-geral.<br \/>\nFonte Sputnik<br \/>\n<a href=\"http:\/\/www.orientemidia.org\/acusacoes-infundadas-quem-realmente-utiliza-armas-quimicas-na-siria\/?utm_source=dlvr.it&amp;utm_medium=facebook&amp;utm_campaign=acusacoes-infundadas-quem-realmente-utiliza-armas-quimicas-na-siria\" target=\"_blank\" rel=\"noopener noreferrer\">http:\/\/www.orientemidia.org\/acusacoes-infundadas-quem-realmente-utiliza-armas-quimicas-na-siria\/?utm_source=dlvr.it&amp;utm_medium=facebook&amp;utm_campaign=acusacoes-infundadas-quem-realmente-utiliza-armas-quimicas-na-siria<\/a><br \/>\n-*-*-*-*-*-*-*-*-*-*-*-*-*-*-*-*-*-*-*-*-*-*-*-*-*-*-*-*-*-*-*-*-*-*-*-*-*-*-*-*-*-*-*-*-*-*-*-*-<br \/>\n<strong>PREOCUPA\u00c7\u00c3O <\/strong><a href=\"http:\/\/www.facebook.com\/cesar.benjamin.58?hc_ref=NEWSFEED&amp;fref=nf\"><strong>Cesar Benjamin<\/strong><\/a><br \/>\nEntro na internet e vejo a not\u00edcia de que os Estados Unidos lan\u00e7aram hoje cinquenta m\u00edsseis contra a S\u00edria. A acusa\u00e7\u00e3o de que o governo sirio teria usado armas qu\u00edmicas conta a popula\u00e7\u00e3o \u00e9 pateticamente inveross\u00edmil. A S\u00edria desativou h\u00e1 tempos seus arsenais de armas qu\u00edmicas e est\u00e1 vencendo a guerra no terreno, com amplo apoio de seu povo. Por isso, ali\u00e1s, essa guerra saiu do notici\u00e1rio.<br \/>\nO governo s\u00edrio afirma que atacou posi\u00e7\u00f5es do chamado Estado Isl\u00e2mico. L\u00e1, al\u00e9m de armas convencionais, j\u00e1 identificadas, havia dep\u00f3sitos secretos de armas qu\u00edmicas, que vazaram.<br \/>\nO importante, agora, \u00e9 saber como o Estado Isl\u00e2mico obt\u00e9m armas qu\u00edmicas.<br \/>\nUma nova escalada na guerra da S\u00edria, com Trump na presid\u00eancia dos Estados Unidos, ser\u00e1 um desastre.<br \/>\n-*-*-*-*-*-*-*-*-*-*-*-*-*-*-*-*-*-*-*-*-*-*-*-*-*-*-*-*-*-*-*-*-*-*-*-*-*-*-*-*-*-*-*-*-*-*-*-*-<\/p>\n<h2><span class=\"intertit\"><a href=\"http:\/\/independenciasulamericana.com.br\/2017\/04\/economia-de-guerra-de-tio-sam-se-impoe-sobre-falso-pacifismo-enganador-de-trump\/\">Economia de guerra de Tio Sam se imp\u00f5e sobre falso pacifismo enganador de Trump<\/a><\/span><\/h2>\n<p><a href=\"http:\/\/independenciasulamericana.com.br\/\">http:\/\/independenciasulamericana.com.br\/<\/a>\u00a0 &#8211; <a href=\"http:\/\/independenciasulamericana.com.br\/2017\/04\/economia-de-guerra-de-tio-sam-se-impoe-sobre-falso-pacifismo-enganador-de-trump\/\"><strong>07\/04\/2017<\/strong><\/a><br \/>\n<img loading=\"lazy\" decoding=\"async\" class=\"alignleft size-full wp-image-47767\" src=\"https:\/\/www.jornalja.com.br\/wp-content\/uploads\/2017\/04\/armas2.jpg\" alt=\"armas2\" width=\"725\" height=\"408\" \/>Durou pouco, quase nada, \u00a0o bl\u00e1-bl\u00e1-bl\u00e1 falso pacifista de Donald Trump. Ele vendeu o discurso vazio, mentiroso \u00a0e furado de que havia chegado o tempo de os Estados Unidos pararem de fazer guerra contra os outros. S\u00e3o mais de 800 bases militares espalhadas pelos cinco continentes. O olho de Tio Sam precisa estar em todo o canto do mundo. N\u00e3o apenas para olhar, mas escutar, espionar e, principalmente, assaltar. C\u00e9sar chegava em Roma com seus ex\u00e9rcitos e suas presas, vindos das miss\u00f5es do imp\u00e9rio romano e distribu\u00eda os dotes aos generais que o acompanhavam, para preservar o poder no imp\u00e9rio. Santa ingenuidade de Trump, querendo acabar com a l\u00f3gica imperial para inaugurar outra era, a da coopera\u00e7\u00e3o, da pluralidade etc e tal. Disse, para ganhar elei\u00e7\u00e3o, que Obama estava de sacanagem com a S\u00edria. Claro, estava, mesmo. Hilary, que ajudou a construir o estado terrorista isl\u00e2mico, se preparava, caso fosse eleita, para criar espa\u00e7o a\u00e9reo restrito sobre a S\u00edria. Iria provocar a R\u00fassia e desafi\u00e1-la para a guerra. Perdeu a elei\u00e7\u00e3o com seu discurso guerreiro contra Putin. Trump conclu\u00edra que os americanos queriam paz e desenvolvimento. Ganhou a parada, elogiando Putin. Rasga, agora, o discurso. N\u00e3o percebeu ou fingiu n\u00e3o perceber que o desenvolvimento dos Estados Unidos depende da guerra? N\u00e3o leu Keynes?<strong><em>\u00a0<\/em><\/strong><em><strong>\u201cPenso ser incompat\u00edvel com a democracia capitalista que o governo eleve seus gastos na escala necess\u00e1ria capaz de fazer valer a minha tese \u2013 a do pleno emprego -, salvo em condi\u00e7\u00f5es de guerra. Se os Estados Unidos se INSENSIBILIZAREM para a prepara\u00e7\u00e3o das armas, aprender\u00e3o a conhecer sua for\u00e7a.\u201d<\/strong><\/em>. Esse foi o recado keynesiano que Roosevelt adotou, a partir de 1936, para vencer os estragos provocados pela crise de 1929. Ou seja, elevar os gastos do governo na produ\u00e7\u00e3o de n\u00e3o-mercadorias(produtos b\u00e9licos e espaciais), como diz Lauro Campos, em \u201cA crise da ideologia keynesiana\u201d, para tirar o capitalismo da crise do lassair faire. O capitalismo americano deixara de ser dinamizado pela produ\u00e7\u00e3o das mercadorias sujeitas ao jogo da concorr\u00eancia que produz defla\u00e7\u00e3o, o inferno do capital. Trump teria imaginado que seria suficiente, para dinamizar o capitalismo, apenas, trazer de volta aos Estados Unidos as empresas que emigraram para a China, para, de l\u00e1, exportar barato para os americanos, produzindo desemprego na Am\u00e9rica? Esqueceu do mais importante, o alimento constante do que o keynesianismo de guerra construiu: o ESTADO INDUSTRIAL MILITAR NORTE-AMERICANO, assim denominado por Eisenhower, em 1960. Como desarmar esse colosso guerreiro que puxa a demanda global capitalista, para evitar as crises de realiza\u00e7\u00e3o do capital, se deixado ao livre jogo do mercado? Os generais do Pent\u00e1gono enquadraram Trump, bonitinho. Exigiram a guerra. Certamente, fizeram com ele o que haviam aprontado com W. Bush, obrigando-o a aceitar a mentira, espalhada pela m\u00eddia, dependente desse status quo, de que Saddam, no Iraque, acumulava armas qu\u00edmicas. Depois de destru\u00ed-lo, viu que n\u00e3o existia arma alguma. Inventam, agora, que Assad, presidente da S\u00edria, utiliza armas qu\u00edmicas para bombardear popula\u00e7\u00f5es inocentes. Onde est\u00e3o as provas? N\u00e3o precisam. Bastam motiva\u00e7\u00f5es falsas. Por tr\u00e1s das apar\u00eancias est\u00e1 a realidade. Os terroristas isl\u00e2micos foram armados pelos Estados Unidos para aprontarem as motiva\u00e7\u00f5es que justificaram os ataques de ontem. Putin foi avisado com anteced\u00eancia ou esse papo \u00e9 constru\u00eddo pelo status guerreiro para dar a entender que o l\u00edder russo sabe que o poder est\u00e1 na ponta do fuzil e contra ele n\u00e3o h\u00e1 o que dizer? As verdades s\u00e3o as primeiras v\u00edtimas das guerras. N\u00e3o se v\u00ea o que ocorre, agora, no Brasil, nessa guerra econ\u00f4mica neoliberal contra o povo brasileiro, em que os donos do poder, que deram o golpe, \u00a0dizem que h\u00e1 um tremendo d\u00e9ficit na previd\u00eancia social para justificar seu desmonte, a fim de que seja dominado o SUS pelo sistema financeiro usur\u00e1rio, tendo a propagandear a favor da tese a grande m\u00eddia golpista? Eles constroem os argumentos e os vendem como verdade, a verdade do capital. O capital, agora, vai \u00e0 guerra, com Trump, porque sem a guerra, que \u00e9 o oxig\u00eanio do capitalismo americano, o imp\u00e9rio desaba.<br \/>\n&nbsp;<br \/>\n-*-*-*-*-*-*-*-*-*-*-*-*-*-*-*-*-*-*-*-*-*-*-*-*-*-*-*-*-*-*-*-*-*-*-*-*-*-*-*-*-*-*-*-*-*-*-*-*-<\/p>\n<h1><span class=\"intertit\">What The Media Isn\u2019t Telling You About Yesterday\u2019s Chemical Attack In Syria<\/span><\/h1>\n<p>By<a href=\"http:\/\/www.trueactivist.com\/author\/trueadmin777\/\">True Activist<\/a><br \/>\nPosted on\u00a0April 6, 2017<br \/>\n<img loading=\"lazy\" decoding=\"async\" class=\"alignleft size-full wp-image-47768\" src=\"https:\/\/www.jornalja.com.br\/wp-content\/uploads\/2017\/04\/armas3.jpg\" alt=\"armas3\" width=\"725\" height=\"498\" \/>There may be more to the story than we are being told.<br \/>\nBy:\u00a0<a href=\"http:\/\/theantimedia.org\/author\/dariuss1\/\"><strong>Darius Shahtahmasebi<\/strong><\/a>\u00a0\/\u00a0<a href=\"http:\/\/theantimedia.org\/\"><strong>AntiMedia<\/strong><\/a>\u00a0 \u00a0On Tuesday, yet another chemical weapons<a href=\"http:\/\/www.theguardian.com\/world\/2017\/apr\/04\/syria-chemical-attack-idlib-province\"><strong>\u00a0<\/strong><strong>attack occurred in Syria<\/strong><\/a>. This particular attack took place in the Idlib province, and dozens have reportedly died as a result.<br \/>\nSyria is no stranger to chemical weapons attacks. In 2013, there were two notably devastating attacks, both of which the Obama administration used to try to justify a\u00a0<a href=\"http:\/\/www.nytimes.com\/2013\/09\/01\/world\/middleeast\/syria.html\"><strong>direct strike on the Assad government<\/strong><\/a>.<br \/>\nThe U.N. thoroughly investigated the first 2013 attack. The U.N Commission of Inquiry\u2019s Carla Del Ponte ultimately\u00a0<a href=\"http:\/\/www.bbc.com\/news\/world-middle-east-22424188\"><strong>said<\/strong><\/a>\u00a0the evidence indicated the attack was carried out by the Syrian rebels \u2014 not the Syrian government. Despite this, support for the Syrian rebels from the U.S. and its allies\u00a0<a href=\"http:\/\/www.wsj.com\/articles\/obama-proposes-500-million-to-aid-syrian-rebels-1403813486\"><strong>only increased<\/strong><\/a>, raising serious questions about Obama\u2019s sincerity when condemning chemical attacks.<br \/>\nPulitzer-Prize winning journalist Seymour Hersh found the second major attack was committed in a\u00a0<a href=\"http:\/\/www.lrb.co.uk\/v35\/n24\/seymour-m-hersh\/whose-sarin\"><strong>similar manner<\/strong><\/a>. Hersh found that the U.S. quite deliberately attempted to frame the evidence to justify a strike on Assad without even considering al-Nusra, a terror group with access to nerve agents that should have been a prime suspect.<br \/>\nIn 2016, the U.N.<a href=\"http:\/\/foreignpolicy.com\/2016\/08\/24\/u-n-claims-syrian-regime-and-islamic-state-used-chemical-weapons\/\"><strong>\u00a0<\/strong><strong>concluded<\/strong><\/a>\u00a0that the Syrian government had, indeed, used chemical weapons during the years-long conflict, but that ISIS had, too. This is in light of the fact that in 2013, the U.N. also\u00a0<a href=\"http:\/\/www.opcw.org\/fileadmin\/OPCW\/EC\/M-33\/ecm33dec01_e_.pdf\"><strong>declared<\/strong><\/a>\u00a0that the regime no longer possessed chemical weapons.<br \/>\nThese facts are largely missing from any serious commentary on the most recent attack in Syria. Despite these reports being accessible and available, the world has instead decided to blatantly ignore them and rush to blame Assad once again. It is also worth noting that one of the sources blaming Syria and\/or Russia for this attack is the so-called Syrian Observatory for Human Rights (SOHR), an organization<a href=\"http:\/\/theantimedia.org\/media-syrian-source-t-shirt-shop\/\"><strong>\u00a0<\/strong><strong>run by a single anti-Assad dissident in Coventry, England<\/strong><\/a>. Having these claims bolstered by the White Helmets does nothing to aid its credibility given the group\u2019s leadership is reportedly driven by a \u201c<em>pro-interventionist agenda conceived by the Western governments and public relations groups that back them<\/em>,\u201d\u00a0<a href=\"http:\/\/www.alternet.org\/grayzone-project\/how-white-helmets-became-international-heroes-while-pushing-us-military\"><strong>according<\/strong><\/a>\u00a0to\u00a0<em>Alternet<\/em>.<br \/>\nYet without directly confirming any of the intelligence, the media and politicians are out in full force condemning the Assad government. As of this article\u2019s publication, the\u00a0<em>Guardian<\/em>\u00a0has three top headlines: one reporting on the attack and the next two condemning Assad directly (see<a href=\"http:\/\/www.theguardian.com\/commentisfree\/2017\/apr\/04\/the-guardian-view-on-syria-assad-knows-he-acts-with-impunity\"><strong>\u00a0<\/strong><strong>here<\/strong><\/a>\u00a0and\u00a0<a href=\"http:\/\/www.theguardian.com\/commentisfree\/2017\/apr\/04\/syria-assad-white-helmets-torture-eu-prosecute\"><strong>here<\/strong><\/a>).<br \/>\nEven a New Zealand newspaper, the\u00a0<em>New Zealand Herald<\/em>, ran an ambitious<a href=\"http:\/\/www.nzherald.co.nz\/opinion\/news\/article.cfm?c_id=466&amp;objectid=11832080\"><strong>\u00a0<\/strong><strong>article<\/strong><\/a>\u00a0entitled \u201cDonald Trump is the only leader who can stop Syrian atrocities.\u201d No \u2013 it is not\u00a0<em>The<\/em>\u00a0<em>Onion<\/em>.<br \/>\nIn the article, the writer ignores all of the aforementioned reports regarding attacks in 2013, claiming that in that year, \u201cthe Syrian regime used sarin.\u201d She also claims \u201cObama did nothing\u201d in response.<br \/>\nThe claim that Obama \u201cdid nothing\u201d<a href=\"http:\/\/theantimedia.org\/media-lying-obama-hands-off-syria\/\"><strong>\u00a0<\/strong><strong>makes no sense<\/strong><\/a>. In 2016 alone, Obama<a href=\"http:\/\/theantimedia.org\/nobel-peace-26000-bombs-2016\/\"><strong>\u00a0<\/strong><strong>dropped over 26,000 bombs<\/strong><\/a>\u00a0\u2014 almost half of which landed in Syria. These bombs also rained on Syrian troops in direct violation of international law.<a href=\"http:\/\/theantimedia.org\/trump-twitter-al-qaeda-syria\/\"><strong>\u00a0<\/strong><strong>As president, Obama also oversaw the CIA\u2019s expenditures of about $1 billion a year training Syrian rebels<\/strong><\/a>.<br \/>\nAs fears of \u201cfake news\u201d perpetuated by both the mainstream media and the president threaten our democratic institutions, how else can we describe these biased reports on Syria, if not \u201cfake news?\u201d News should be based on evidence, not molded around a foreign policy agenda of regime change.<br \/>\nPerhaps the Syrian government did use chemical weapons in a stupid move that would immediately attract international condemnation and calls for war<a href=\"http:\/\/theantimedia.org\/syrian-civil-war-assad-stay\/\"><strong>\u00a0<\/strong><strong>just days after the U.S. openly acknowledged they would consider leaving Assad alone<\/strong><\/a>. But what if the Syrian government wasn\u2019t responsible, and the attack was, once again, committed by the Syrian rebels? Will the world unite and join<a href=\"http:\/\/theantimedia.org\/congresswoman-us-funds-isis-syria\/\"><strong>\u00a0<\/strong><strong>Congresswoman Tulsi Gabbard in her calls to stop arming terror groups in Syria<\/strong><\/a>?<br \/>\nOr is it that we only care about chemical weapons attacks if there is an indication that the Syrian government was behind it?<br \/>\nOne should bear in mind that if the rebels did commit the attack, the U.S. could actually do something about it considering America and its allies actively support them. Withdrawing support for groups that resort to these tactics would contribute to Syria\u2019s safety and security. This is not a concern, however, because it appears the media\u2019s ultimate focus on this story is to garner support for further war and bloodshed in the Middle East \u2014 not less of it.<br \/>\n<a href=\"http:\/\/creativecommons.org\/licenses\/by\/4.0\/\"><strong>Creative Commons<\/strong><\/a>\u00a0\/\u00a0<a href=\"http:\/\/www.trueactivist.com\/\"><strong>True Activist<\/strong><\/a>\u00a0\/\u00a0<a href=\"http:\/\/www.trueactivist.com\/what-the-media-isnt-telling-you-about-yesterdays-chemical-attack-in-syria\/info@trueactivist.com\"><strong>Report a typo<\/strong><\/a><br \/>\nRead More:\u00a0<a href=\"http:\/\/www.trueactivist.com\/what-the-media-isnt-telling-you-about-yesterdays-chemical-attack-in-syria\/\"><strong>http:\/\/www.trueactivist.com\/what-the-media-isnt-telling-you-about-yesterdays-chemical-attack-in-syria\/<\/strong><\/a><\/p>\n","protected":false},"excerpt":{"rendered":"<p>Paulo Timm Abril, 07 O an\u00fancio de que os Estados Unidos bombardearam uma base a\u00e9rea do Governo S\u00edrio est\u00e1 chocando o mundo, justo quando o Presidente norte-americano prometera deixar o Presidente daquele pa\u00eds em paz e dar prioridade aos assuntos internos dos Estados Unidos. A desculpa \u00e9 a mesma da \u00e9poca da invas\u00e3o do Iraque: [&hellip;]<\/p>\n","protected":false},"author":4,"featured_media":47769,"comment_status":"open","ping_status":"closed","sticky":false,"template":"","format":"standard","meta":{"_jetpack_newsletter_access":"","_jetpack_dont_email_post_to_subs":false,"_jetpack_newsletter_tier_id":0,"_jetpack_memberships_contains_paywalled_content":false,"_jetpack_feature_clip_id":0,"_jetpack_memberships_contains_paid_content":false,"footnotes":"","jetpack_post_was_ever_published":false},"categories":[2014,2012],"tags":[],"class_list":["post-47764","post","type-post","status-publish","format-standard","has-post-thumbnail","hentry","category-em-pauta","category-debates"],"aioseo_notices":[],"aioseo_head":"\n\t\t<!-- All in One SEO 5.0.1.1 - aioseo.com -->\n\t<meta name=\"robots\" content=\"max-image-preview:large\" \/>\n\t<meta name=\"author\" content=\"da Reda\u00e7\u00e3o\"\/>\n\t<link rel=\"canonical\" href=\"https:\/\/www.jornalja.com.br\/arquivo\/dossie-siria-risco-de-escala-de-guerra-no-mundo\/\" \/>\n\t<meta name=\"generator\" content=\"All in One SEO (AIOSEO) 5.0.1.1\" \/>\n\t\t<meta property=\"og:locale\" content=\"pt_BR\" \/>\n\t\t<meta property=\"og:site_name\" content=\"Arquivo | Jornal J\u00c1 | Porto Alegre\" \/>\n\t\t<meta property=\"og:type\" content=\"article\" \/>\n\t\t<meta property=\"og:title\" content=\"DOSSI\u00ca S\u00cdRIA: Risco de escala de guerra no mundo | Arquivo\" \/>\n\t\t<meta property=\"og:url\" content=\"https:\/\/www.jornalja.com.br\/arquivo\/dossie-siria-risco-de-escala-de-guerra-no-mundo\/\" \/>\n\t\t<meta property=\"og:image\" content=\"https:\/\/www.jornalja.com.br\/wp-content\/uploads\/2017\/04\/armas1.jpg\" \/>\n\t\t<meta property=\"og:image:secure_url\" content=\"https:\/\/www.jornalja.com.br\/wp-content\/uploads\/2017\/04\/armas1.jpg\" \/>\n\t\t<meta property=\"article:published_time\" content=\"2017-04-10T21:44:08+00:00\" \/>\n\t\t<meta property=\"article:modified_time\" content=\"2017-04-10T21:44:08+00:00\" \/>\n\t\t<meta name=\"twitter:card\" content=\"summary\" \/>\n\t\t<meta name=\"twitter:title\" content=\"DOSSI\u00ca S\u00cdRIA: Risco de escala de guerra no mundo | Arquivo\" \/>\n\t\t<meta name=\"twitter:image\" content=\"https:\/\/www.jornalja.com.br\/economics\/wp-content\/uploads\/sites\/11\/2026\/08\/ja-folhaderosto-facebook.jpg\" \/>\n\t\t<script type=\"application\/ld+json\" class=\"aioseo-schema\">\n\t\t\t{\"@context\":\"https:\\\/\\\/schema.org\",\"@graph\":[{\"@type\":\"BlogPosting\",\"@id\":\"https:\\\/\\\/www.jornalja.com.br\\\/arquivo\\\/dossie-siria-risco-de-escala-de-guerra-no-mundo\\\/#blogposting\",\"name\":\"DOSSI\\u00ca S\\u00cdRIA: Risco de escala de guerra no mundo | Arquivo\",\"headline\":\"DOSSI\\u00ca S\\u00cdRIA: Risco de escala de guerra no mundo\",\"author\":{\"@id\":\"https:\\\/\\\/www.jornalja.com.br\\\/arquivo\\\/author\\\/daredacao\\\/#author\"},\"publisher\":{\"@id\":\"https:\\\/\\\/www.jornalja.com.br\\\/arquivo\\\/#organization\"},\"image\":{\"@type\":\"ImageObject\",\"url\":47769},\"datePublished\":\"2017-04-10T18:44:08-03:00\",\"dateModified\":\"2017-04-10T18:44:08-03:00\",\"inLanguage\":\"pt-BR\",\"mainEntityOfPage\":{\"@id\":\"https:\\\/\\\/www.jornalja.com.br\\\/arquivo\\\/dossie-siria-risco-de-escala-de-guerra-no-mundo\\\/#webpage\"},\"isPartOf\":{\"@id\":\"https:\\\/\\\/www.jornalja.com.br\\\/arquivo\\\/dossie-siria-risco-de-escala-de-guerra-no-mundo\\\/#webpage\"},\"articleSection\":\"CDD-Em Pauta, HOTSITE Comit\\u00ea pela Democracia\"},{\"@type\":\"BreadcrumbList\",\"@id\":\"https:\\\/\\\/www.jornalja.com.br\\\/arquivo\\\/dossie-siria-risco-de-escala-de-guerra-no-mundo\\\/#breadcrumblist\",\"itemListElement\":[{\"@type\":\"ListItem\",\"@id\":\"https:\\\/\\\/www.jornalja.com.br\\\/arquivo#listItem\",\"position\":1,\"name\":\"Home\",\"item\":\"https:\\\/\\\/www.jornalja.com.br\\\/arquivo\",\"nextItem\":{\"@type\":\"ListItem\",\"@id\":\"https:\\\/\\\/www.jornalja.com.br\\\/arquivo\\\/category\\\/debates\\\/#listItem\",\"name\":\"HOTSITE Comit\\u00ea pela Democracia\"}},{\"@type\":\"ListItem\",\"@id\":\"https:\\\/\\\/www.jornalja.com.br\\\/arquivo\\\/category\\\/debates\\\/#listItem\",\"position\":2,\"name\":\"HOTSITE Comit\\u00ea pela Democracia\",\"item\":\"https:\\\/\\\/www.jornalja.com.br\\\/arquivo\\\/category\\\/debates\\\/\",\"nextItem\":{\"@type\":\"ListItem\",\"@id\":\"https:\\\/\\\/www.jornalja.com.br\\\/arquivo\\\/dossie-siria-risco-de-escala-de-guerra-no-mundo\\\/#listItem\",\"name\":\"DOSSI\\u00ca S\\u00cdRIA: Risco de escala de guerra no mundo\"},\"previousItem\":{\"@type\":\"ListItem\",\"@id\":\"https:\\\/\\\/www.jornalja.com.br\\\/arquivo#listItem\",\"name\":\"Home\"}},{\"@type\":\"ListItem\",\"@id\":\"https:\\\/\\\/www.jornalja.com.br\\\/arquivo\\\/dossie-siria-risco-de-escala-de-guerra-no-mundo\\\/#listItem\",\"position\":3,\"name\":\"DOSSI\\u00ca S\\u00cdRIA: Risco de escala de guerra no mundo\",\"previousItem\":{\"@type\":\"ListItem\",\"@id\":\"https:\\\/\\\/www.jornalja.com.br\\\/arquivo\\\/category\\\/debates\\\/#listItem\",\"name\":\"HOTSITE Comit\\u00ea pela Democracia\"}}]},{\"@type\":\"Organization\",\"@id\":\"https:\\\/\\\/www.jornalja.com.br\\\/arquivo\\\/#organization\",\"name\":\"Jornal J\\u00c1\",\"description\":\"Jornal J\\u00c1 | Porto Alegre\",\"url\":\"https:\\\/\\\/www.jornalja.com.br\\\/arquivo\\\/\",\"telephone\":\"+555133307272\",\"logo\":{\"@type\":\"ImageObject\",\"url\":\"https:\\\/\\\/www.jornalja.com.br\\\/wp-content\\\/uploads\\\/cards\\\/JAslogan.png\",\"@id\":\"https:\\\/\\\/www.jornalja.com.br\\\/arquivo\\\/dossie-siria-risco-de-escala-de-guerra-no-mundo\\\/#organizationLogo\"},\"image\":{\"@id\":\"https:\\\/\\\/www.jornalja.com.br\\\/arquivo\\\/dossie-siria-risco-de-escala-de-guerra-no-mundo\\\/#organizationLogo\"}},{\"@type\":\"Person\",\"@id\":\"https:\\\/\\\/www.jornalja.com.br\\\/arquivo\\\/author\\\/daredacao\\\/#author\",\"url\":\"https:\\\/\\\/www.jornalja.com.br\\\/arquivo\\\/author\\\/daredacao\\\/\",\"name\":\"da Reda\\u00e7\\u00e3o\",\"image\":{\"@type\":\"ImageObject\",\"@id\":\"https:\\\/\\\/www.jornalja.com.br\\\/arquivo\\\/dossie-siria-risco-de-escala-de-guerra-no-mundo\\\/#authorImage\",\"url\":\"https:\\\/\\\/secure.gravatar.com\\\/avatar\\\/469fd857d6605ad19919d27ed29d35a968a25f6e8fd9318356bbb7f57aae9c65?s=96&d=mm&r=g\",\"width\":96,\"height\":96,\"caption\":\"da Reda\\u00e7\\u00e3o\"}},{\"@type\":\"WebPage\",\"@id\":\"https:\\\/\\\/www.jornalja.com.br\\\/arquivo\\\/dossie-siria-risco-de-escala-de-guerra-no-mundo\\\/#webpage\",\"url\":\"https:\\\/\\\/www.jornalja.com.br\\\/arquivo\\\/dossie-siria-risco-de-escala-de-guerra-no-mundo\\\/\",\"name\":\"DOSSI\\u00ca S\\u00cdRIA: Risco de escala de guerra no mundo | Arquivo\",\"inLanguage\":\"pt-BR\",\"isPartOf\":{\"@id\":\"https:\\\/\\\/www.jornalja.com.br\\\/arquivo\\\/#website\"},\"breadcrumb\":{\"@id\":\"https:\\\/\\\/www.jornalja.com.br\\\/arquivo\\\/dossie-siria-risco-de-escala-de-guerra-no-mundo\\\/#breadcrumblist\"},\"author\":{\"@id\":\"https:\\\/\\\/www.jornalja.com.br\\\/arquivo\\\/author\\\/daredacao\\\/#author\"},\"creator\":{\"@id\":\"https:\\\/\\\/www.jornalja.com.br\\\/arquivo\\\/author\\\/daredacao\\\/#author\"},\"image\":{\"@type\":\"ImageObject\",\"url\":47769,\"@id\":\"https:\\\/\\\/www.jornalja.com.br\\\/arquivo\\\/dossie-siria-risco-de-escala-de-guerra-no-mundo\\\/#mainImage\"},\"primaryImageOfPage\":{\"@id\":\"https:\\\/\\\/www.jornalja.com.br\\\/arquivo\\\/dossie-siria-risco-de-escala-de-guerra-no-mundo\\\/#mainImage\"},\"datePublished\":\"2017-04-10T18:44:08-03:00\",\"dateModified\":\"2017-04-10T18:44:08-03:00\"},{\"@type\":\"WebSite\",\"@id\":\"https:\\\/\\\/www.jornalja.com.br\\\/arquivo\\\/#website\",\"url\":\"https:\\\/\\\/www.jornalja.com.br\\\/arquivo\\\/\",\"name\":\"Arquivo\",\"description\":\"Jornal J\\u00c1 | Porto Alegre\",\"inLanguage\":\"pt-BR\",\"publisher\":{\"@id\":\"https:\\\/\\\/www.jornalja.com.br\\\/arquivo\\\/#organization\"}}]}\n\t\t<\/script>\n\t\t<!-- All in One SEO -->\n\n","aioseo_head_json":{"title":"DOSSI\u00ca S\u00cdRIA: Risco de escala de guerra no mundo | Arquivo","description":"","canonical_url":"https:\/\/www.jornalja.com.br\/arquivo\/dossie-siria-risco-de-escala-de-guerra-no-mundo\/","robots":"max-image-preview:large","keywords":"","webmasterTools":{"miscellaneous":""},"schema":{"@context":"https:\/\/schema.org","@graph":[{"@type":"BlogPosting","@id":"https:\/\/www.jornalja.com.br\/arquivo\/dossie-siria-risco-de-escala-de-guerra-no-mundo\/#blogposting","name":"DOSSI\u00ca S\u00cdRIA: Risco de escala de guerra no mundo | Arquivo","headline":"DOSSI\u00ca S\u00cdRIA: Risco de escala de guerra no mundo","author":{"@id":"https:\/\/www.jornalja.com.br\/arquivo\/author\/daredacao\/#author"},"publisher":{"@id":"https:\/\/www.jornalja.com.br\/arquivo\/#organization"},"image":{"@type":"ImageObject","url":47769},"datePublished":"2017-04-10T18:44:08-03:00","dateModified":"2017-04-10T18:44:08-03:00","inLanguage":"pt-BR","mainEntityOfPage":{"@id":"https:\/\/www.jornalja.com.br\/arquivo\/dossie-siria-risco-de-escala-de-guerra-no-mundo\/#webpage"},"isPartOf":{"@id":"https:\/\/www.jornalja.com.br\/arquivo\/dossie-siria-risco-de-escala-de-guerra-no-mundo\/#webpage"},"articleSection":"CDD-Em Pauta, HOTSITE Comit\u00ea pela Democracia"},{"@type":"BreadcrumbList","@id":"https:\/\/www.jornalja.com.br\/arquivo\/dossie-siria-risco-de-escala-de-guerra-no-mundo\/#breadcrumblist","itemListElement":[{"@type":"ListItem","@id":"https:\/\/www.jornalja.com.br\/arquivo#listItem","position":1,"name":"Home","item":"https:\/\/www.jornalja.com.br\/arquivo","nextItem":{"@type":"ListItem","@id":"https:\/\/www.jornalja.com.br\/arquivo\/category\/debates\/#listItem","name":"HOTSITE Comit\u00ea pela Democracia"}},{"@type":"ListItem","@id":"https:\/\/www.jornalja.com.br\/arquivo\/category\/debates\/#listItem","position":2,"name":"HOTSITE Comit\u00ea pela Democracia","item":"https:\/\/www.jornalja.com.br\/arquivo\/category\/debates\/","nextItem":{"@type":"ListItem","@id":"https:\/\/www.jornalja.com.br\/arquivo\/dossie-siria-risco-de-escala-de-guerra-no-mundo\/#listItem","name":"DOSSI\u00ca S\u00cdRIA: Risco de escala de guerra no mundo"},"previousItem":{"@type":"ListItem","@id":"https:\/\/www.jornalja.com.br\/arquivo#listItem","name":"Home"}},{"@type":"ListItem","@id":"https:\/\/www.jornalja.com.br\/arquivo\/dossie-siria-risco-de-escala-de-guerra-no-mundo\/#listItem","position":3,"name":"DOSSI\u00ca S\u00cdRIA: Risco de escala de guerra no mundo","previousItem":{"@type":"ListItem","@id":"https:\/\/www.jornalja.com.br\/arquivo\/category\/debates\/#listItem","name":"HOTSITE Comit\u00ea pela Democracia"}}]},{"@type":"Organization","@id":"https:\/\/www.jornalja.com.br\/arquivo\/#organization","name":"Jornal J\u00c1","description":"Jornal J\u00c1 | Porto Alegre","url":"https:\/\/www.jornalja.com.br\/arquivo\/","telephone":"+555133307272","logo":{"@type":"ImageObject","url":"https:\/\/www.jornalja.com.br\/wp-content\/uploads\/cards\/JAslogan.png","@id":"https:\/\/www.jornalja.com.br\/arquivo\/dossie-siria-risco-de-escala-de-guerra-no-mundo\/#organizationLogo"},"image":{"@id":"https:\/\/www.jornalja.com.br\/arquivo\/dossie-siria-risco-de-escala-de-guerra-no-mundo\/#organizationLogo"}},{"@type":"Person","@id":"https:\/\/www.jornalja.com.br\/arquivo\/author\/daredacao\/#author","url":"https:\/\/www.jornalja.com.br\/arquivo\/author\/daredacao\/","name":"da Reda\u00e7\u00e3o","image":{"@type":"ImageObject","@id":"https:\/\/www.jornalja.com.br\/arquivo\/dossie-siria-risco-de-escala-de-guerra-no-mundo\/#authorImage","url":"https:\/\/secure.gravatar.com\/avatar\/469fd857d6605ad19919d27ed29d35a968a25f6e8fd9318356bbb7f57aae9c65?s=96&d=mm&r=g","width":96,"height":96,"caption":"da Reda\u00e7\u00e3o"}},{"@type":"WebPage","@id":"https:\/\/www.jornalja.com.br\/arquivo\/dossie-siria-risco-de-escala-de-guerra-no-mundo\/#webpage","url":"https:\/\/www.jornalja.com.br\/arquivo\/dossie-siria-risco-de-escala-de-guerra-no-mundo\/","name":"DOSSI\u00ca S\u00cdRIA: Risco de escala de guerra no mundo | Arquivo","inLanguage":"pt-BR","isPartOf":{"@id":"https:\/\/www.jornalja.com.br\/arquivo\/#website"},"breadcrumb":{"@id":"https:\/\/www.jornalja.com.br\/arquivo\/dossie-siria-risco-de-escala-de-guerra-no-mundo\/#breadcrumblist"},"author":{"@id":"https:\/\/www.jornalja.com.br\/arquivo\/author\/daredacao\/#author"},"creator":{"@id":"https:\/\/www.jornalja.com.br\/arquivo\/author\/daredacao\/#author"},"image":{"@type":"ImageObject","url":47769,"@id":"https:\/\/www.jornalja.com.br\/arquivo\/dossie-siria-risco-de-escala-de-guerra-no-mundo\/#mainImage"},"primaryImageOfPage":{"@id":"https:\/\/www.jornalja.com.br\/arquivo\/dossie-siria-risco-de-escala-de-guerra-no-mundo\/#mainImage"},"datePublished":"2017-04-10T18:44:08-03:00","dateModified":"2017-04-10T18:44:08-03:00"},{"@type":"WebSite","@id":"https:\/\/www.jornalja.com.br\/arquivo\/#website","url":"https:\/\/www.jornalja.com.br\/arquivo\/","name":"Arquivo","description":"Jornal J\u00c1 | Porto Alegre","inLanguage":"pt-BR","publisher":{"@id":"https:\/\/www.jornalja.com.br\/arquivo\/#organization"}}]},"og:locale":"pt_BR","og:site_name":"Arquivo | Jornal J\u00c1 | Porto Alegre","og:type":"article","og:title":"DOSSI\u00ca S\u00cdRIA: Risco de escala de guerra no mundo | Arquivo","og:url":"https:\/\/www.jornalja.com.br\/arquivo\/dossie-siria-risco-de-escala-de-guerra-no-mundo\/","og:image":"https:\/\/www.jornalja.com.br\/wp-content\/uploads\/2017\/04\/armas1.jpg","og:image:secure_url":"https:\/\/www.jornalja.com.br\/wp-content\/uploads\/2017\/04\/armas1.jpg","article:published_time":"2017-04-10T21:44:08+00:00","article:modified_time":"2017-04-10T21:44:08+00:00","twitter:card":"summary","twitter:title":"DOSSI\u00ca S\u00cdRIA: Risco de escala de guerra no mundo | Arquivo","twitter:image":"https:\/\/www.jornalja.com.br\/economics\/wp-content\/uploads\/sites\/11\/2026\/08\/ja-folhaderosto-facebook.jpg"},"aioseo_meta_data":{"post_id":"47764","title":null,"description":null,"keywords":null,"keyphrases":null,"primary_term":null,"canonical_url":null,"og_title":null,"og_description":null,"og_object_type":"default","og_image_type":"default","og_image_url":null,"og_image_width":null,"og_image_height":null,"og_image_custom_url":null,"og_image_custom_fields":null,"og_video":null,"og_custom_url":null,"og_article_section":null,"og_article_tags":null,"twitter_use_og":false,"twitter_card":"default","twitter_image_type":"default","twitter_image_url":null,"twitter_image_custom_url":null,"twitter_image_custom_fields":null,"twitter_title":null,"twitter_description":null,"schema":{"blockGraphs":[],"customGraphs":[],"default":{"data":{"Article":[],"Course":[],"Dataset":[],"FAQPage":[],"Movie":[],"Person":[],"Product":[],"ProductReview":[],"Car":[],"Recipe":[],"Service":[],"SoftwareApplication":[],"WebPage":[]},"graphName":"","isEnabled":true},"graphs":[],"defaultGraph":"","defaultPostTypeGraph":""},"schema_type":null,"schema_type_options":null,"pillar_content":false,"robots_default":true,"robots_noindex":false,"robots_noarchive":false,"robots_nosnippet":false,"robots_nofollow":false,"robots_noimageindex":false,"robots_noodp":false,"robots_notranslate":false,"robots_max_snippet":null,"robots_max_videopreview":null,"robots_max_imagepreview":"large","priority":null,"frequency":null,"location":null,"local_seo":null,"breadcrumb_settings":null,"limit_modified_date":false,"ai":null,"created":"2020-12-20 20:35:51","updated":"2025-07-19 20:56:57","seo_analyzer_scan_date":null,"focus_keyword":null,"additional_keywords":null,"truseo_locale":null},"jetpack_sharing_enabled":true,"jetpack-related-posts":[{"id":13124,"url":"https:\/\/www.jornalja.com.br\/arquivo\/sangue-latino-no-iecine\/","url_meta":{"origin":47764,"position":0},"title":"Sangue latino no IECINE","author":"da Reda\u00e7\u00e3o","date":"18 de maio de 2014","format":false,"excerpt":"Francisco Ribeiro O Instituto Estadual de Cinema (IECINE) tem a frente, desde abril \u00faltimo, um novo diretor, o cineasta colombiano Juan Zapata, 36, que substitui Luiz Alberto Cassol. Radicado h\u00e1 dez anos em Porto Alegre, Zapata tem diante de si o desafio de conduzir at\u00e9 o final do ano um\u2026","rel":"","context":"Em &quot;Cultura-Geral&quot;","block_context":{"text":"Cultura-Geral","link":"https:\/\/www.jornalja.com.br\/arquivo\/category\/materiasecundaria\/"},"img":{"alt_text":"","src":"","width":0,"height":0},"classes":[]},{"id":13109,"url":"https:\/\/www.jornalja.com.br\/arquivo\/judiciario-reconhece-poluicao-eletromagnetica\/","url_meta":{"origin":47764,"position":1},"title":"Judici\u00e1rio reconhece polui\u00e7\u00e3o eletromagn\u00e9tica","author":"Patr\u00edcia Marini","date":"16 de maio de 2014","format":false,"excerpt":"A\u00e7\u00e3o de duas associa\u00e7\u00f5es de moradores foi acolhida pelo Tribunal de Justi\u00e7a de S\u00e3o Paulo que. em decis\u00e3o in\u00e9dita, determinou a redu\u00e7\u00e3o do campo eletromagn\u00e9tico gerado pelas linhas de transmiss\u00e3o de energia que cortam os bairros City Boa\u00e7ava e Alto de Pinheiros. \u00c9 a primeira vez que um tribunal do\u2026","rel":"","context":"Em &quot;X.Categorias velhas&quot;","block_context":{"text":"X.Categorias velhas","link":"https:\/\/www.jornalja.com.br\/arquivo\/category\/x-categorias-velhas\/"},"img":{"alt_text":"","src":"","width":0,"height":0},"classes":[]},{"id":13240,"url":"https:\/\/www.jornalja.com.br\/arquivo\/plano-diretor-estamos-construindo-o-caos\/","url_meta":{"origin":47764,"position":2},"title":"Plano diretor: &quot;Estamos construindo o caos&quot;","author":"Patr\u00edcia Marini","date":"26 de maio de 2014","format":false,"excerpt":"Desabafo que arquiteta Eliana Castilhos, delegada da Regi\u00e3o de Planejamento 1, postou nas redes sociais \u00e9 um testemunho do ambiente que se criou no Conselho do Plano Diretor de Porto Alegre, onde a aprova\u00e7\u00e3o de grandes empreendimentos \u00e9 empurrada guela abaixo dos conselheiros. Ao CMDUA Como delegada da Regi\u00e3o de\u2026","rel":"","context":"Em &quot;Geral&quot;","block_context":{"text":"Geral","link":"https:\/\/www.jornalja.com.br\/arquivo\/category\/geral\/"},"img":{"alt_text":"","src":"","width":0,"height":0},"classes":[]},{"id":13239,"url":"https:\/\/www.jornalja.com.br\/arquivo\/conselho-desdenha-do-plano-diretor\/","url_meta":{"origin":47764,"position":3},"title":"Porto Alegre: Conselho detona Plano Diretor","author":"Patr\u00edcia Marini","date":"25 de maio de 2014","format":false,"excerpt":"Den\u00fancia do arquiteto e \u00a0urbanista Ibir\u00e1 Santos Lucas. Ele diz que os conselheiros est\u00e3o votando com \"enorme irresponsabilidade\". \"Mudam regime com a maior naturalidade,,,regularizam absurdos de constru\u00e7\u00f5es irregulares... \"O CMDUA est\u00e1 flexibilizando a lei do plano diretor, de uma forma impactante na vida da cidade. Mudam regime com a maior\u2026","rel":"","context":"Em &quot;Geral&quot;","block_context":{"text":"Geral","link":"https:\/\/www.jornalja.com.br\/arquivo\/category\/geral\/"},"img":{"alt_text":"","src":"","width":0,"height":0},"classes":[]},{"id":5440,"url":"https:\/\/www.jornalja.com.br\/arquivo\/casarao-da-venancio-destino-permanece-incerto\/","url_meta":{"origin":47764,"position":4},"title":"Estado ainda n\u00e3o sabe o que fazer com casar\u00e3o abandonado h\u00e1 20 anos","author":"Elmar Bones","date":"6 de julho de 2009","format":false,"excerpt":"O casar\u00e3o amarelo, numa esquina nobre de Porto Alegre (Ven\u00e2ncio Aires com Jo\u00e3o Pessoa), j\u00e1 abrigou uma escola. H\u00e1 duas d\u00e9cadas, pelo menos, est\u00e1 abandonado, porque seu propriet\u00e1rio, o governo do Estado do Rio Grande do Sul, n\u00e3o consegue achar um destino para ele. Planos n\u00e3o faltaram. O governador Ol\u00edvio\u2026","rel":"","context":"Em &quot;X.Categorias velhas&quot;","block_context":{"text":"X.Categorias velhas","link":"https:\/\/www.jornalja.com.br\/arquivo\/category\/x-categorias-velhas\/"},"img":{"alt_text":"geraldo1","src":"https:\/\/i0.wp.com\/www.jornalja.com.br\/wp-content\/uploads\/2009\/07\/geraldo1.jpg?resize=350%2C200&ssl=1","width":350,"height":200},"classes":[]},{"id":13101,"url":"https:\/\/www.jornalja.com.br\/arquivo\/morre-um-guerreiro-do-texto\/","url_meta":{"origin":47764,"position":5},"title":"Morre um guerreiro do texto","author":"Patr\u00edcia Marini","date":"14 de maio de 2014","format":false,"excerpt":"Por Ricardo Kotscho Reproduzido do blog do autor, 11\/5\/2014; t\u00edtulo original \u201cE l\u00e1 se foi o nosso Myltainho, guerreiro do texto\u201d. Mi\u00fado e franzino, meu amigo Myltainho era um valente e inconformado guerreiro na luta contra as injusti\u00e7as sociais, a hipocrisia, as maracutaias, o autoritarismo, a intoler\u00e2ncia, a viol\u00eancia, o\u2026","rel":"","context":"Em &quot;Geral&quot;","block_context":{"text":"Geral","link":"https:\/\/www.jornalja.com.br\/arquivo\/category\/geral\/"},"img":{"alt_text":"","src":"","width":0,"height":0},"classes":[]}],"jetpack_shortlink":"https:\/\/wp.me\/pbQjBd-cqo","jetpack_featured_media_url":"","_links":{"self":[{"href":"https:\/\/www.jornalja.com.br\/arquivo\/wp-json\/wp\/v2\/posts\/47764","targetHints":{"allow":["GET"]}}],"collection":[{"href":"https:\/\/www.jornalja.com.br\/arquivo\/wp-json\/wp\/v2\/posts"}],"about":[{"href":"https:\/\/www.jornalja.com.br\/arquivo\/wp-json\/wp\/v2\/types\/post"}],"author":[{"embeddable":true,"href":"https:\/\/www.jornalja.com.br\/arquivo\/wp-json\/wp\/v2\/users\/4"}],"replies":[{"embeddable":true,"href":"https:\/\/www.jornalja.com.br\/arquivo\/wp-json\/wp\/v2\/comments?post=47764"}],"version-history":[{"count":0,"href":"https:\/\/www.jornalja.com.br\/arquivo\/wp-json\/wp\/v2\/posts\/47764\/revisions"}],"wp:attachment":[{"href":"https:\/\/www.jornalja.com.br\/arquivo\/wp-json\/wp\/v2\/media?parent=47764"}],"wp:term":[{"taxonomy":"category","embeddable":true,"href":"https:\/\/www.jornalja.com.br\/arquivo\/wp-json\/wp\/v2\/categories?post=47764"},{"taxonomy":"post_tag","embeddable":true,"href":"https:\/\/www.jornalja.com.br\/arquivo\/wp-json\/wp\/v2\/tags?post=47764"}],"curies":[{"name":"wp","href":"https:\/\/api.w.org\/{rel}","templated":true}]}}