{"id":47898,"date":"2017-05-02T15:35:25","date_gmt":"2017-05-02T18:35:25","guid":{"rendered":"https:\/\/www.jornalja.com.br\/?p=47898"},"modified":"2017-05-02T15:35:25","modified_gmt":"2017-05-02T18:35:25","slug":"alcance-e-repercussoes-da-greve-geral","status":"publish","type":"post","link":"https:\/\/www.jornalja.com.br\/arquivo\/alcance-e-repercussoes-da-greve-geral\/","title":{"rendered":"Alcance e repercuss\u00f5es da greve geral"},"content":{"rendered":"<p><em><strong>A divis\u00e3o pol\u00edtica da Fran\u00e7a.\u00a0 ( entrevista de Piketty para lib\u00e9ration Jan.2016 )<\/strong><\/em><br \/>\n<em> &#8220;Que espa\u00e7o encontrar entre o projeto da soberania de le pen e o programa liberal de macro?<\/em><br \/>\n<em> O Bloco Nacionalista obteve cerca de 30 % dos votos, se somarmos o pen, Dupont-Aignan e uma parte de Fillon. O Bloco Liberal &#8211; MacroN e uma parte de Fillon &#8211; digamos 30%. O BLOCO DE ESQUERDA 30 % tamb\u00e9m &#8211; no qual, claro, existem nuances entre as v\u00e1rias tend\u00eancias. A Fran\u00e7a est\u00e1 dividida em tr\u00eas: Grosso modo a tr\u00edade nacionalismo-liberalismo-socialismo do livro de Karsenti e Lemieux (1). Mas essas fronteiras s\u00e3o porosas e n\u00e3o congeladas. Tudo depender\u00e1 das legislativas e a capacidade desses blocos a unir-se. Fa\u00e7o parte daqueles que lamentam que face ao bloco liberal em forma\u00e7\u00e3o, a esquerda n\u00e3o ter organizado uma preliminar para apresentar apenas um \u00fanico candidato\u201d.<\/em><br \/>\n<em>[Thomas Piketty \u00e9 um dos iniciadores da chamada para uma prim\u00e1ria de toda a esquerda, em Liberta\u00e7\u00e3o, em Janeiro de 2016, o nr].<\/em><br \/>\n&nbsp;<br \/>\nOs \u00e2nimos, no Brasil, est\u00e3o muito acirrados para se pedir modera\u00e7\u00e3o e toler\u00e2ncia. \u00c9 como se estiv\u00e9ssemos no mata-mata. N\u00e3o h\u00e1 advers\u00e1rios, s\u00f3 inimigos, na arena pol\u00edtica, cada vez mais polarizados.Logo, n\u00e3o est\u00e1 havendo Pol\u00edtica, mas sua continua\u00e7\u00e3o pela gritaria que \u00e9 a ante-sala da guerra interna.(?) \u00a0Quando digo isso, quero dizer n\u00e3o s\u00f3 que as opini\u00f5es est\u00e3o dividas ao meio \u2013 CONTRA x A FAVOR e A FAVOR x CONTRA como uns e outros est\u00e3o se radicalizando em extremos. Nesse contexto, pobre dos centristas, maioria silenciosa em quase todas as crises. Isso ficou claro na Greve do dia 28. Quem\u00a0 promoveu e \u00a0sustentou a greve foram, realmente, \u00a0as for\u00e7as organizadas da esquerda \u2013 Sindicatos, Partidos, Movimentos, um grupo \u00a0de vanguarda, \u00a0relativamente pequeno, dando-lhe uma colora\u00e7\u00e3o nitidamente vermelha. Mas os que a radicalizaram com atos de enfrentamento \u00e0 Pol\u00edcia e quebradeiras, foram, em grande parte, segmentos de extrema esquerda, j\u00e1 conhecidos por tais atitudes. Entre eles sempre permeiam os \u2018agents provocateurs\u2019 de sempre. Contra a greve ficaram os azuis, met\u00e1fora que identifica todos aqueles que s\u00e3o e foram contr\u00e1rios \u00e0 Era Lulo-Petista e que, nas suas extremidades se associam cada vez mais ao fascismo, como o Prefeito D\u00f3ria que acusa os grevistas de vagabundos, perdendo crescentemente o centro. \u00a0Querem o imp\u00e9rio da letra da Lei e n\u00e3o a interpreta\u00e7\u00e3o que a legitima, que para os jurisconsultos ganha o nome sofisticado de hermen\u00eautica. E por isso est\u00e3o satisfeitos com o \u00a0\u00a0\u00a0\u00a0\u00a0\u00a0\u00a0\u00a0\u00a0 Governo Temer cujo lema, ali\u00e1s positivista, de afirma\u00e7\u00e3o conservadora das normalidades sociais, \u00e9 ORDEM E PROGRESSO. N\u00e3o se d\u00e3o conta, tais setores, que a Oposi\u00e7\u00e3o a Temer \u00e9 muito maior e mais ampla do que os promotores da Greve. Ela foi acompanhada pela maioria silenciosa engrossada pela classe m\u00e9dia. Segundo pesquisas recentes, apenas 9% dos brasileiros apoiam o Governo Temer. N\u00e3o se d\u00e3o conta, portanto, que, apesar do n\u00famero relativamente pequeno de manifestantes na sexta feira, h\u00e1 uma imensa maioria que rejeita \u00a0Temer e seu Governicho .Isso demonstra que o Governo perdeu a luta ideol\u00f3gica. Os eleitores n\u00e3o querem a PONTE PARA O FUTURO em curso. Ali\u00e1s, quem idealiza o futuro com o sacrif\u00edcio da gera\u00e7\u00e3o presente, geralmente o faz em benef\u00edcio pr\u00f3prio. N\u00e3o haver\u00e1 nada neste futuro constru\u00eddo sobre cassa\u00e7\u00e3o de direitos.<br \/>\nAl\u00e9m, portanto, da Greve em si, h\u00e1 que se ver as repercuss\u00f5es da Greve. Elas s\u00e3o marcantes e um jornal como o ESTAD\u00c3O o reconheceu. Entramos numa nova fase da conjuntura. Estudo da Funda\u00e7\u00e3o Getulio Vargas demonstra essas repercuss\u00f5es na INTERNET:<br \/>\n<em>\u00a0<\/em><em>A greve geral de 24 horas realizada nesta 6\u00aa feira (28.abr.2017) pelas centrais sindicais e por movimento sociais provocou uma inflex\u00e3o na disputa pol\u00edtica. Os grevistas venceram a disputa narrativa e conseguiram colar o r\u00f3tulo de perda de direitos nas reformas trabalhista e da Previd\u00eancia, prioridades do governo de Michel Temer.<\/em><br \/>\n<strong><em>JOGO SE REEQUILIBRA<\/em><\/strong><br \/>\n<em>O relat\u00f3rio aponta que os grupos mobilizados pelo impeachment de Dilma Rousseff \u2013denominados \u201cazuis\u201d\u2013 e os defensores da ex-presidente \u2013\u201dvermelhos\u201d\u2013 continuaram dominando as discuss\u00f5es nas redes ap\u00f3s a ascens\u00e3o de Michel Temer &#8211;<\/em><strong><em>FGV sobre a repercuss\u00e3o da greve geral na internet &#8211;<\/em><\/strong><br \/>\n<a href=\"https:\/\/www.jornalja.com.br\/confira-a-analise-da-fgv-sobre-a-repercussao-da-greve-geral-na-internet\/\"><em>https:\/\/www.jornalja.com.br\/confira-a-analise-da-fgv-sobre-a-repercussao-da-greve-geral-na-internet\/<\/em><\/a><em>.<\/em><br \/>\n<em>\u00a0<\/em><br \/>\nDo fundo da minha alma, proclamo,\u00a0 pois, para a recupera\u00e7\u00e3o da esperan\u00e7a::<br \/>\n&#8216;VAGABUNDOS , VAGABUNDAS, E VAGA &#8211; LGBT DE TODO MUNDO, UNI-VOS&#8221;<br \/>\nS\u00f3 a vagabundagem, ampla, universal e irrestrita \u00e9 capaz de nos dar uma luz nesta era de trevas&#8230;<\/p>\n","protected":false},"excerpt":{"rendered":"<p>A divis\u00e3o pol\u00edtica da Fran\u00e7a.\u00a0 ( entrevista de Piketty para lib\u00e9ration Jan.2016 ) &#8220;Que espa\u00e7o encontrar entre o projeto da soberania de le pen e o programa liberal de macro? O Bloco Nacionalista obteve cerca de 30 % dos votos, se somarmos o pen, Dupont-Aignan e uma parte de Fillon. O Bloco Liberal &#8211; MacroN [&hellip;]<\/p>\n","protected":false},"author":4,"featured_media":47900,"comment_status":"open","ping_status":"closed","sticky":false,"template":"","format":"standard","meta":{"_jetpack_newsletter_access":"","_jetpack_dont_email_post_to_subs":false,"_jetpack_newsletter_tier_id":0,"_jetpack_memberships_contains_paywalled_content":false,"_jetpack_feature_clip_id":0,"_jetpack_memberships_contains_paid_content":false,"footnotes":"","jetpack_post_was_ever_published":false},"categories":[2011,2012],"tags":[],"class_list":["post-47898","post","type-post","status-publish","format-standard","has-post-thumbnail","hentry","category-destaque","category-debates"],"aioseo_notices":[],"aioseo_head":"\n\t\t<!-- All in One SEO 5.0.1.1 - aioseo.com -->\n\t<meta name=\"robots\" content=\"max-image-preview:large\" \/>\n\t<meta name=\"author\" content=\"da Reda\u00e7\u00e3o\"\/>\n\t<link rel=\"canonical\" href=\"https:\/\/www.jornalja.com.br\/arquivo\/alcance-e-repercussoes-da-greve-geral\/\" \/>\n\t<meta name=\"generator\" content=\"All in One SEO (AIOSEO) 5.0.1.1\" \/>\n\t\t<meta property=\"og:locale\" content=\"pt_BR\" \/>\n\t\t<meta property=\"og:site_name\" content=\"Arquivo | Jornal J\u00c1 | Porto Alegre\" \/>\n\t\t<meta property=\"og:type\" content=\"article\" \/>\n\t\t<meta property=\"og:title\" content=\"Alcance e repercuss\u00f5es da greve geral | Arquivo\" \/>\n\t\t<meta property=\"og:url\" content=\"https:\/\/www.jornalja.com.br\/arquivo\/alcance-e-repercussoes-da-greve-geral\/\" \/>\n\t\t<meta property=\"og:image\" content=\"https:\/\/www.jornalja.com.br\/economics\/wp-content\/uploads\/sites\/11\/2026\/08\/ja-folhaderosto-facebook.jpg\" \/>\n\t\t<meta property=\"og:image:secure_url\" content=\"https:\/\/www.jornalja.com.br\/economics\/wp-content\/uploads\/sites\/11\/2026\/08\/ja-folhaderosto-facebook.jpg\" \/>\n\t\t<meta property=\"article:published_time\" content=\"2017-05-02T18:35:25+00:00\" \/>\n\t\t<meta property=\"article:modified_time\" content=\"2017-05-02T18:35:25+00:00\" \/>\n\t\t<meta name=\"twitter:card\" content=\"summary\" \/>\n\t\t<meta name=\"twitter:title\" content=\"Alcance e repercuss\u00f5es da greve geral | Arquivo\" \/>\n\t\t<meta name=\"twitter:image\" content=\"https:\/\/www.jornalja.com.br\/economics\/wp-content\/uploads\/sites\/11\/2026\/08\/ja-folhaderosto-facebook.jpg\" \/>\n\t\t<script type=\"application\/ld+json\" class=\"aioseo-schema\">\n\t\t\t{\"@context\":\"https:\\\/\\\/schema.org\",\"@graph\":[{\"@type\":\"BlogPosting\",\"@id\":\"https:\\\/\\\/www.jornalja.com.br\\\/arquivo\\\/alcance-e-repercussoes-da-greve-geral\\\/#blogposting\",\"name\":\"Alcance e repercuss\\u00f5es da greve geral | Arquivo\",\"headline\":\"Alcance e repercuss\\u00f5es da greve geral\",\"author\":{\"@id\":\"https:\\\/\\\/www.jornalja.com.br\\\/arquivo\\\/author\\\/daredacao\\\/#author\"},\"publisher\":{\"@id\":\"https:\\\/\\\/www.jornalja.com.br\\\/arquivo\\\/#organization\"},\"image\":{\"@type\":\"ImageObject\",\"url\":47900},\"datePublished\":\"2017-05-02T15:35:25-03:00\",\"dateModified\":\"2017-05-02T15:35:25-03:00\",\"inLanguage\":\"pt-BR\",\"mainEntityOfPage\":{\"@id\":\"https:\\\/\\\/www.jornalja.com.br\\\/arquivo\\\/alcance-e-repercussoes-da-greve-geral\\\/#webpage\"},\"isPartOf\":{\"@id\":\"https:\\\/\\\/www.jornalja.com.br\\\/arquivo\\\/alcance-e-repercussoes-da-greve-geral\\\/#webpage\"},\"articleSection\":\"CDD-artigo em destaque, HOTSITE Comit\\u00ea pela Democracia\"},{\"@type\":\"BreadcrumbList\",\"@id\":\"https:\\\/\\\/www.jornalja.com.br\\\/arquivo\\\/alcance-e-repercussoes-da-greve-geral\\\/#breadcrumblist\",\"itemListElement\":[{\"@type\":\"ListItem\",\"@id\":\"https:\\\/\\\/www.jornalja.com.br\\\/arquivo#listItem\",\"position\":1,\"name\":\"Home\",\"item\":\"https:\\\/\\\/www.jornalja.com.br\\\/arquivo\",\"nextItem\":{\"@type\":\"ListItem\",\"@id\":\"https:\\\/\\\/www.jornalja.com.br\\\/arquivo\\\/category\\\/destaque\\\/#listItem\",\"name\":\"CDD-artigo em destaque\"}},{\"@type\":\"ListItem\",\"@id\":\"https:\\\/\\\/www.jornalja.com.br\\\/arquivo\\\/category\\\/destaque\\\/#listItem\",\"position\":2,\"name\":\"CDD-artigo em destaque\",\"item\":\"https:\\\/\\\/www.jornalja.com.br\\\/arquivo\\\/category\\\/destaque\\\/\",\"nextItem\":{\"@type\":\"ListItem\",\"@id\":\"https:\\\/\\\/www.jornalja.com.br\\\/arquivo\\\/alcance-e-repercussoes-da-greve-geral\\\/#listItem\",\"name\":\"Alcance e repercuss\\u00f5es da greve geral\"},\"previousItem\":{\"@type\":\"ListItem\",\"@id\":\"https:\\\/\\\/www.jornalja.com.br\\\/arquivo#listItem\",\"name\":\"Home\"}},{\"@type\":\"ListItem\",\"@id\":\"https:\\\/\\\/www.jornalja.com.br\\\/arquivo\\\/alcance-e-repercussoes-da-greve-geral\\\/#listItem\",\"position\":3,\"name\":\"Alcance e repercuss\\u00f5es da greve geral\",\"previousItem\":{\"@type\":\"ListItem\",\"@id\":\"https:\\\/\\\/www.jornalja.com.br\\\/arquivo\\\/category\\\/destaque\\\/#listItem\",\"name\":\"CDD-artigo em destaque\"}}]},{\"@type\":\"Organization\",\"@id\":\"https:\\\/\\\/www.jornalja.com.br\\\/arquivo\\\/#organization\",\"name\":\"Jornal J\\u00c1\",\"description\":\"Jornal J\\u00c1 | Porto Alegre\",\"url\":\"https:\\\/\\\/www.jornalja.com.br\\\/arquivo\\\/\",\"telephone\":\"+555133307272\",\"logo\":{\"@type\":\"ImageObject\",\"url\":\"https:\\\/\\\/www.jornalja.com.br\\\/wp-content\\\/uploads\\\/cards\\\/JAslogan.png\",\"@id\":\"https:\\\/\\\/www.jornalja.com.br\\\/arquivo\\\/alcance-e-repercussoes-da-greve-geral\\\/#organizationLogo\"},\"image\":{\"@id\":\"https:\\\/\\\/www.jornalja.com.br\\\/arquivo\\\/alcance-e-repercussoes-da-greve-geral\\\/#organizationLogo\"}},{\"@type\":\"Person\",\"@id\":\"https:\\\/\\\/www.jornalja.com.br\\\/arquivo\\\/author\\\/daredacao\\\/#author\",\"url\":\"https:\\\/\\\/www.jornalja.com.br\\\/arquivo\\\/author\\\/daredacao\\\/\",\"name\":\"da Reda\\u00e7\\u00e3o\",\"image\":{\"@type\":\"ImageObject\",\"@id\":\"https:\\\/\\\/www.jornalja.com.br\\\/arquivo\\\/alcance-e-repercussoes-da-greve-geral\\\/#authorImage\",\"url\":\"https:\\\/\\\/secure.gravatar.com\\\/avatar\\\/469fd857d6605ad19919d27ed29d35a968a25f6e8fd9318356bbb7f57aae9c65?s=96&d=mm&r=g\",\"width\":96,\"height\":96,\"caption\":\"da Reda\\u00e7\\u00e3o\"}},{\"@type\":\"WebPage\",\"@id\":\"https:\\\/\\\/www.jornalja.com.br\\\/arquivo\\\/alcance-e-repercussoes-da-greve-geral\\\/#webpage\",\"url\":\"https:\\\/\\\/www.jornalja.com.br\\\/arquivo\\\/alcance-e-repercussoes-da-greve-geral\\\/\",\"name\":\"Alcance e repercuss\\u00f5es da greve geral | Arquivo\",\"inLanguage\":\"pt-BR\",\"isPartOf\":{\"@id\":\"https:\\\/\\\/www.jornalja.com.br\\\/arquivo\\\/#website\"},\"breadcrumb\":{\"@id\":\"https:\\\/\\\/www.jornalja.com.br\\\/arquivo\\\/alcance-e-repercussoes-da-greve-geral\\\/#breadcrumblist\"},\"author\":{\"@id\":\"https:\\\/\\\/www.jornalja.com.br\\\/arquivo\\\/author\\\/daredacao\\\/#author\"},\"creator\":{\"@id\":\"https:\\\/\\\/www.jornalja.com.br\\\/arquivo\\\/author\\\/daredacao\\\/#author\"},\"image\":{\"@type\":\"ImageObject\",\"url\":47900,\"@id\":\"https:\\\/\\\/www.jornalja.com.br\\\/arquivo\\\/alcance-e-repercussoes-da-greve-geral\\\/#mainImage\"},\"primaryImageOfPage\":{\"@id\":\"https:\\\/\\\/www.jornalja.com.br\\\/arquivo\\\/alcance-e-repercussoes-da-greve-geral\\\/#mainImage\"},\"datePublished\":\"2017-05-02T15:35:25-03:00\",\"dateModified\":\"2017-05-02T15:35:25-03:00\"},{\"@type\":\"WebSite\",\"@id\":\"https:\\\/\\\/www.jornalja.com.br\\\/arquivo\\\/#website\",\"url\":\"https:\\\/\\\/www.jornalja.com.br\\\/arquivo\\\/\",\"name\":\"Arquivo\",\"description\":\"Jornal J\\u00c1 | Porto Alegre\",\"inLanguage\":\"pt-BR\",\"publisher\":{\"@id\":\"https:\\\/\\\/www.jornalja.com.br\\\/arquivo\\\/#organization\"}}]}\n\t\t<\/script>\n\t\t<!-- All in One SEO -->\n\n","aioseo_head_json":{"title":"Alcance e repercuss\u00f5es da greve geral | Arquivo","description":"","canonical_url":"https:\/\/www.jornalja.com.br\/arquivo\/alcance-e-repercussoes-da-greve-geral\/","robots":"max-image-preview:large","keywords":"","webmasterTools":{"miscellaneous":""},"schema":{"@context":"https:\/\/schema.org","@graph":[{"@type":"BlogPosting","@id":"https:\/\/www.jornalja.com.br\/arquivo\/alcance-e-repercussoes-da-greve-geral\/#blogposting","name":"Alcance e repercuss\u00f5es da greve geral | Arquivo","headline":"Alcance e repercuss\u00f5es da greve geral","author":{"@id":"https:\/\/www.jornalja.com.br\/arquivo\/author\/daredacao\/#author"},"publisher":{"@id":"https:\/\/www.jornalja.com.br\/arquivo\/#organization"},"image":{"@type":"ImageObject","url":47900},"datePublished":"2017-05-02T15:35:25-03:00","dateModified":"2017-05-02T15:35:25-03:00","inLanguage":"pt-BR","mainEntityOfPage":{"@id":"https:\/\/www.jornalja.com.br\/arquivo\/alcance-e-repercussoes-da-greve-geral\/#webpage"},"isPartOf":{"@id":"https:\/\/www.jornalja.com.br\/arquivo\/alcance-e-repercussoes-da-greve-geral\/#webpage"},"articleSection":"CDD-artigo em destaque, HOTSITE Comit\u00ea pela Democracia"},{"@type":"BreadcrumbList","@id":"https:\/\/www.jornalja.com.br\/arquivo\/alcance-e-repercussoes-da-greve-geral\/#breadcrumblist","itemListElement":[{"@type":"ListItem","@id":"https:\/\/www.jornalja.com.br\/arquivo#listItem","position":1,"name":"Home","item":"https:\/\/www.jornalja.com.br\/arquivo","nextItem":{"@type":"ListItem","@id":"https:\/\/www.jornalja.com.br\/arquivo\/category\/destaque\/#listItem","name":"CDD-artigo em destaque"}},{"@type":"ListItem","@id":"https:\/\/www.jornalja.com.br\/arquivo\/category\/destaque\/#listItem","position":2,"name":"CDD-artigo em destaque","item":"https:\/\/www.jornalja.com.br\/arquivo\/category\/destaque\/","nextItem":{"@type":"ListItem","@id":"https:\/\/www.jornalja.com.br\/arquivo\/alcance-e-repercussoes-da-greve-geral\/#listItem","name":"Alcance e repercuss\u00f5es da greve geral"},"previousItem":{"@type":"ListItem","@id":"https:\/\/www.jornalja.com.br\/arquivo#listItem","name":"Home"}},{"@type":"ListItem","@id":"https:\/\/www.jornalja.com.br\/arquivo\/alcance-e-repercussoes-da-greve-geral\/#listItem","position":3,"name":"Alcance e repercuss\u00f5es da greve geral","previousItem":{"@type":"ListItem","@id":"https:\/\/www.jornalja.com.br\/arquivo\/category\/destaque\/#listItem","name":"CDD-artigo em destaque"}}]},{"@type":"Organization","@id":"https:\/\/www.jornalja.com.br\/arquivo\/#organization","name":"Jornal J\u00c1","description":"Jornal J\u00c1 | Porto Alegre","url":"https:\/\/www.jornalja.com.br\/arquivo\/","telephone":"+555133307272","logo":{"@type":"ImageObject","url":"https:\/\/www.jornalja.com.br\/wp-content\/uploads\/cards\/JAslogan.png","@id":"https:\/\/www.jornalja.com.br\/arquivo\/alcance-e-repercussoes-da-greve-geral\/#organizationLogo"},"image":{"@id":"https:\/\/www.jornalja.com.br\/arquivo\/alcance-e-repercussoes-da-greve-geral\/#organizationLogo"}},{"@type":"Person","@id":"https:\/\/www.jornalja.com.br\/arquivo\/author\/daredacao\/#author","url":"https:\/\/www.jornalja.com.br\/arquivo\/author\/daredacao\/","name":"da Reda\u00e7\u00e3o","image":{"@type":"ImageObject","@id":"https:\/\/www.jornalja.com.br\/arquivo\/alcance-e-repercussoes-da-greve-geral\/#authorImage","url":"https:\/\/secure.gravatar.com\/avatar\/469fd857d6605ad19919d27ed29d35a968a25f6e8fd9318356bbb7f57aae9c65?s=96&d=mm&r=g","width":96,"height":96,"caption":"da Reda\u00e7\u00e3o"}},{"@type":"WebPage","@id":"https:\/\/www.jornalja.com.br\/arquivo\/alcance-e-repercussoes-da-greve-geral\/#webpage","url":"https:\/\/www.jornalja.com.br\/arquivo\/alcance-e-repercussoes-da-greve-geral\/","name":"Alcance e repercuss\u00f5es da greve geral | Arquivo","inLanguage":"pt-BR","isPartOf":{"@id":"https:\/\/www.jornalja.com.br\/arquivo\/#website"},"breadcrumb":{"@id":"https:\/\/www.jornalja.com.br\/arquivo\/alcance-e-repercussoes-da-greve-geral\/#breadcrumblist"},"author":{"@id":"https:\/\/www.jornalja.com.br\/arquivo\/author\/daredacao\/#author"},"creator":{"@id":"https:\/\/www.jornalja.com.br\/arquivo\/author\/daredacao\/#author"},"image":{"@type":"ImageObject","url":47900,"@id":"https:\/\/www.jornalja.com.br\/arquivo\/alcance-e-repercussoes-da-greve-geral\/#mainImage"},"primaryImageOfPage":{"@id":"https:\/\/www.jornalja.com.br\/arquivo\/alcance-e-repercussoes-da-greve-geral\/#mainImage"},"datePublished":"2017-05-02T15:35:25-03:00","dateModified":"2017-05-02T15:35:25-03:00"},{"@type":"WebSite","@id":"https:\/\/www.jornalja.com.br\/arquivo\/#website","url":"https:\/\/www.jornalja.com.br\/arquivo\/","name":"Arquivo","description":"Jornal J\u00c1 | Porto Alegre","inLanguage":"pt-BR","publisher":{"@id":"https:\/\/www.jornalja.com.br\/arquivo\/#organization"}}]},"og:locale":"pt_BR","og:site_name":"Arquivo | Jornal J\u00c1 | Porto Alegre","og:type":"article","og:title":"Alcance e repercuss\u00f5es da greve geral | Arquivo","og:url":"https:\/\/www.jornalja.com.br\/arquivo\/alcance-e-repercussoes-da-greve-geral\/","og:image":"https:\/\/www.jornalja.com.br\/economics\/wp-content\/uploads\/sites\/11\/2026\/08\/ja-folhaderosto-facebook.jpg","og:image:secure_url":"https:\/\/www.jornalja.com.br\/economics\/wp-content\/uploads\/sites\/11\/2026\/08\/ja-folhaderosto-facebook.jpg","article:published_time":"2017-05-02T18:35:25+00:00","article:modified_time":"2017-05-02T18:35:25+00:00","twitter:card":"summary","twitter:title":"Alcance e repercuss\u00f5es da greve geral | Arquivo","twitter:image":"https:\/\/www.jornalja.com.br\/economics\/wp-content\/uploads\/sites\/11\/2026\/08\/ja-folhaderosto-facebook.jpg"},"aioseo_meta_data":{"post_id":"47898","title":null,"description":null,"keywords":null,"keyphrases":null,"primary_term":null,"canonical_url":null,"og_title":null,"og_description":null,"og_object_type":"default","og_image_type":"default","og_image_url":null,"og_image_width":null,"og_image_height":null,"og_image_custom_url":null,"og_image_custom_fields":null,"og_video":null,"og_custom_url":null,"og_article_section":null,"og_article_tags":null,"twitter_use_og":false,"twitter_card":"default","twitter_image_type":"default","twitter_image_url":null,"twitter_image_custom_url":null,"twitter_image_custom_fields":null,"twitter_title":null,"twitter_description":null,"schema":{"blockGraphs":[],"customGraphs":[],"default":{"data":{"Article":[],"Course":[],"Dataset":[],"FAQPage":[],"Movie":[],"Person":[],"Product":[],"ProductReview":[],"Car":[],"Recipe":[],"Service":[],"SoftwareApplication":[],"WebPage":[]},"graphName":"","isEnabled":true},"graphs":[],"defaultGraph":"","defaultPostTypeGraph":""},"schema_type":null,"schema_type_options":null,"pillar_content":false,"robots_default":true,"robots_noindex":false,"robots_noarchive":false,"robots_nosnippet":false,"robots_nofollow":false,"robots_noimageindex":false,"robots_noodp":false,"robots_notranslate":false,"robots_max_snippet":null,"robots_max_videopreview":null,"robots_max_imagepreview":"large","priority":null,"frequency":null,"location":null,"local_seo":null,"breadcrumb_settings":null,"limit_modified_date":false,"ai":null,"created":"2020-12-20 20:35:51","updated":"2025-07-19 21:14:29","seo_analyzer_scan_date":null,"focus_keyword":null,"additional_keywords":null,"truseo_locale":null},"jetpack_sharing_enabled":true,"jetpack-related-posts":[{"id":14241,"url":"https:\/\/www.jornalja.com.br\/arquivo\/o-guaiba-nas-imagens-poeticas-de-achutti\/","url_meta":{"origin":47898,"position":0},"title":"O Gua\u00edba nas imagens po\u00e9ticas de Achutti","author":"da Reda\u00e7\u00e3o","date":"18 de junho de 2014","format":false,"excerpt":"Em \u201cO Gua\u00edba por Achutti\u201d \u2013 obra financiada via Minist\u00e9rio da Cultura, produ\u00e7\u00e3o executiva de Pedro Longhi, e Fl\u00e1vio Wild como designer \u2013, o fot\u00f3grafo revela a beleza e as mazelas de um espa\u00e7o aqu\u00e1tico de \u00e1guas sempre renovadas, cheio de hist\u00f3rias e lendas como as das cidades que foram\u2026","rel":"","context":"Em &quot;Cultura-Geral&quot;","block_context":{"text":"Cultura-Geral","link":"https:\/\/www.jornalja.com.br\/arquivo\/category\/materiasecundaria\/"},"img":{"alt_text":"","src":"","width":0,"height":0},"classes":[]},{"id":13124,"url":"https:\/\/www.jornalja.com.br\/arquivo\/sangue-latino-no-iecine\/","url_meta":{"origin":47898,"position":1},"title":"Sangue latino no IECINE","author":"da Reda\u00e7\u00e3o","date":"18 de maio de 2014","format":false,"excerpt":"Francisco Ribeiro O Instituto Estadual de Cinema (IECINE) tem a frente, desde abril \u00faltimo, um novo diretor, o cineasta colombiano Juan Zapata, 36, que substitui Luiz Alberto Cassol. Radicado h\u00e1 dez anos em Porto Alegre, Zapata tem diante de si o desafio de conduzir at\u00e9 o final do ano um\u2026","rel":"","context":"Em &quot;Cultura-Geral&quot;","block_context":{"text":"Cultura-Geral","link":"https:\/\/www.jornalja.com.br\/arquivo\/category\/materiasecundaria\/"},"img":{"alt_text":"","src":"","width":0,"height":0},"classes":[]},{"id":13128,"url":"https:\/\/www.jornalja.com.br\/arquivo\/maconha-terra-diz-que-uso-medicinal-e-desculpa\/","url_meta":{"origin":47898,"position":2},"title":"Maconha: Terra diz que uso medicinal \u00e9 desculpa","author":"Patr\u00edcia Marini","date":"4 de junho de 2014","format":false,"excerpt":"A condi\u00e7\u00e3o de pol\u00edtico, em \u00e9poca de campanha de campanha eleitoral, tira for\u00e7a do discurso do m\u00e9dico Osmar Terra contra a legaliza\u00e7\u00e3o da maconha. A tese dele de que a libera\u00e7\u00e3o vai ampliar exponencialmente o consumo \u00e9 discutivel, o consumo \u00e9 corrente. Mas seus alertas quanto aos riscos tem que\u2026","rel":"","context":"Em &quot;X.Categorias velhas&quot;","block_context":{"text":"X.Categorias velhas","link":"https:\/\/www.jornalja.com.br\/arquivo\/category\/x-categorias-velhas\/"},"img":{"alt_text":"","src":"","width":0,"height":0},"classes":[]},{"id":13240,"url":"https:\/\/www.jornalja.com.br\/arquivo\/plano-diretor-estamos-construindo-o-caos\/","url_meta":{"origin":47898,"position":3},"title":"Plano diretor: &quot;Estamos construindo o caos&quot;","author":"Patr\u00edcia Marini","date":"26 de maio de 2014","format":false,"excerpt":"Desabafo que arquiteta Eliana Castilhos, delegada da Regi\u00e3o de Planejamento 1, postou nas redes sociais \u00e9 um testemunho do ambiente que se criou no Conselho do Plano Diretor de Porto Alegre, onde a aprova\u00e7\u00e3o de grandes empreendimentos \u00e9 empurrada guela abaixo dos conselheiros. Ao CMDUA Como delegada da Regi\u00e3o de\u2026","rel":"","context":"Em &quot;Geral&quot;","block_context":{"text":"Geral","link":"https:\/\/www.jornalja.com.br\/arquivo\/category\/geral\/"},"img":{"alt_text":"","src":"","width":0,"height":0},"classes":[]},{"id":5440,"url":"https:\/\/www.jornalja.com.br\/arquivo\/casarao-da-venancio-destino-permanece-incerto\/","url_meta":{"origin":47898,"position":4},"title":"Estado ainda n\u00e3o sabe o que fazer com casar\u00e3o abandonado h\u00e1 20 anos","author":"Elmar Bones","date":"6 de julho de 2009","format":false,"excerpt":"O casar\u00e3o amarelo, numa esquina nobre de Porto Alegre (Ven\u00e2ncio Aires com Jo\u00e3o Pessoa), j\u00e1 abrigou uma escola. H\u00e1 duas d\u00e9cadas, pelo menos, est\u00e1 abandonado, porque seu propriet\u00e1rio, o governo do Estado do Rio Grande do Sul, n\u00e3o consegue achar um destino para ele. Planos n\u00e3o faltaram. O governador Ol\u00edvio\u2026","rel":"","context":"Em &quot;X.Categorias velhas&quot;","block_context":{"text":"X.Categorias velhas","link":"https:\/\/www.jornalja.com.br\/arquivo\/category\/x-categorias-velhas\/"},"img":{"alt_text":"geraldo1","src":"https:\/\/i0.wp.com\/www.jornalja.com.br\/wp-content\/uploads\/2009\/07\/geraldo1.jpg?resize=350%2C200&ssl=1","width":350,"height":200},"classes":[]},{"id":13239,"url":"https:\/\/www.jornalja.com.br\/arquivo\/conselho-desdenha-do-plano-diretor\/","url_meta":{"origin":47898,"position":5},"title":"Porto Alegre: Conselho detona Plano Diretor","author":"Patr\u00edcia Marini","date":"25 de maio de 2014","format":false,"excerpt":"Den\u00fancia do arquiteto e \u00a0urbanista Ibir\u00e1 Santos Lucas. Ele diz que os conselheiros est\u00e3o votando com \"enorme irresponsabilidade\". \"Mudam regime com a maior naturalidade,,,regularizam absurdos de constru\u00e7\u00f5es irregulares... \"O CMDUA est\u00e1 flexibilizando a lei do plano diretor, de uma forma impactante na vida da cidade. Mudam regime com a maior\u2026","rel":"","context":"Em &quot;Geral&quot;","block_context":{"text":"Geral","link":"https:\/\/www.jornalja.com.br\/arquivo\/category\/geral\/"},"img":{"alt_text":"","src":"","width":0,"height":0},"classes":[]}],"jetpack_shortlink":"https:\/\/wp.me\/pbQjBd-csy","jetpack_featured_media_url":"","_links":{"self":[{"href":"https:\/\/www.jornalja.com.br\/arquivo\/wp-json\/wp\/v2\/posts\/47898","targetHints":{"allow":["GET"]}}],"collection":[{"href":"https:\/\/www.jornalja.com.br\/arquivo\/wp-json\/wp\/v2\/posts"}],"about":[{"href":"https:\/\/www.jornalja.com.br\/arquivo\/wp-json\/wp\/v2\/types\/post"}],"author":[{"embeddable":true,"href":"https:\/\/www.jornalja.com.br\/arquivo\/wp-json\/wp\/v2\/users\/4"}],"replies":[{"embeddable":true,"href":"https:\/\/www.jornalja.com.br\/arquivo\/wp-json\/wp\/v2\/comments?post=47898"}],"version-history":[{"count":0,"href":"https:\/\/www.jornalja.com.br\/arquivo\/wp-json\/wp\/v2\/posts\/47898\/revisions"}],"wp:attachment":[{"href":"https:\/\/www.jornalja.com.br\/arquivo\/wp-json\/wp\/v2\/media?parent=47898"}],"wp:term":[{"taxonomy":"category","embeddable":true,"href":"https:\/\/www.jornalja.com.br\/arquivo\/wp-json\/wp\/v2\/categories?post=47898"},{"taxonomy":"post_tag","embeddable":true,"href":"https:\/\/www.jornalja.com.br\/arquivo\/wp-json\/wp\/v2\/tags?post=47898"}],"curies":[{"name":"wp","href":"https:\/\/api.w.org\/{rel}","templated":true}]}}