{"id":47909,"date":"2017-05-02T17:00:36","date_gmt":"2017-05-02T20:00:36","guid":{"rendered":"https:\/\/www.jornalja.com.br\/?p=47909"},"modified":"2017-05-02T17:00:36","modified_gmt":"2017-05-02T20:00:36","slug":"santander-cultural-de-porto-alegre-ganha-premio-nacional","status":"publish","type":"post","link":"https:\/\/www.jornalja.com.br\/arquivo\/santander-cultural-de-porto-alegre-ganha-premio-nacional\/","title":{"rendered":"Santander Cultural de Porto Alegre ganha pr\u00eamio nacional"},"content":{"rendered":"<p>&nbsp;<br \/>\nA Associa\u00e7\u00e3o Brasileira de Cr\u00edticos de Arte \u2013 ABCA anunciou hoje (02) que o Santander ganhou o <em>Pr\u00eamio Paulo Mendes de Almeida<\/em> (melhor exposi\u00e7\u00e3o) com <em>Francisco Brennand \u2013 Senhor da V\u00e1rzea, da Argila e do Fogo<\/em>, realizada pelo Santander Cultural, em Porto Alegre, em 2016.<br \/>\nA premia\u00e7\u00e3o anual contempla dez categorias que apontam os destaques do cen\u00e1rio das artes visuais que mais contribu\u00edram para a cultura brasileira &#8211; artistas, cr\u00edticos, curadores, exposi\u00e7\u00f5es e institui\u00e7\u00f5es.<br \/>\nBrennand, que completa 90 anos no pr\u00f3ximo dia 11 de junho, foi homenageado pelo Santander com a mostra individual chamada <em>Francisco Brennand &#8211; Senhor da V\u00e1rzea, da Argila e do Fogo<\/em>, com curadoria de Emanoel Ara\u00fajo.<br \/>\nDe 8 de junho at\u00e9 4 de setembro de 2016, o Santander Cultural de Porto Alegre exibiu 84 obras (14 pinturas e desenhos, 6 murais, 4 placas e 60 esculturas, incluindo 1 conjunto de 500 ovos cer\u00e2micos), passando por quatro vertentes tem\u00e1ticas: o teatro das representa\u00e7\u00f5es mitol\u00f3gicas, o corpo em transmuta\u00e7\u00e3o interior, os frutos da terra e as v\u00edtimas hist\u00f3ricas<br \/>\nMarcos Madureira, vice-presidente executivo de Comunica\u00e7\u00e3o, Marketing, Rela\u00e7\u00f5es Institucionais e Sustentabilidade do Santander Brasil, destacou que \u201creceber o reconhecimento da ABCA de melhor exposi\u00e7\u00e3o do calend\u00e1rio de artes visuais nacional em 2016 com o artista Francisco Brennand \u00e9 uma honra para o Santander. S\u00e3o exemplos como esse que nos estimulam a continuar criando agendas culturais em todo Brasil que valorizam diferentes formas de express\u00e3o ancoradas na diversidade social, regional e cultural do Pa\u00eds\u201d.<br \/>\nOs pr\u00eamios s\u00e3o atribu\u00eddos pelo resultado da vota\u00e7\u00e3o de cerca de 150 associados, em escala nacional, a partir das indica\u00e7\u00f5es que cada um envia para discuss\u00e3o e aprova\u00e7\u00e3o em Assembleia Geral da entidade (realizada neste ano em 16 de mar\u00e7o).<br \/>\nA vota\u00e7\u00e3o foi feita por c\u00e9dula rubricada com as indica\u00e7\u00f5es aprovadas e a apura\u00e7\u00e3o dos resultados \u00e9 realizada por uma comiss\u00e3o de associados, com a participa\u00e7\u00e3o da diretoria. A abertura dos envelopes lacrados contendo os votos ocorreu dia 24 de abril, no MuBE \u2013 Museu Brasileiro da Escultura &#8211; em S\u00e3o Paulo.<br \/>\nO trof\u00e9u criado pela artista Maria Bonomi ser\u00e1 entregue aos premiados no dia 23 de maio, ter\u00e7a-feira, \u00e0s 20h, em cerim\u00f4nia no Teatro do SESC Vila Mariana, em S\u00e3o Paulo.<br \/>\n<img loading=\"lazy\" decoding=\"async\" class=\"alignnone size-full wp-image-47911\" src=\"https:\/\/www.jornalja.com.br\/wp-content\/uploads\/2017\/05\/Francisnco-Brennand_cr\u00e9d-Orlando-Azevedo.jpg\" alt=\"Francisnco Brennand fotografado por Orlando Azevedo\" width=\"725\" height=\"725\" \/>Francisco de Paula Coimbra de Almeida Brennand (acima, fotografado por Orlando Azavedo), ceramista, escultor, desenhista, pintor, tapeceiro e ilustrador, nasceu em 11 de junho de 1927, na cidade do Recife, capital de Pernambuco. Em novembro de 1971, o artista come\u00e7ou a reconstruir a velha Cer\u00e2mica S\u00e3o Jo\u00e3o da V\u00e1rzea, fundada pelo seu pai em 1917. Esse conjunto, encontrado em ru\u00ednas, deu in\u00edcio a um colossal projeto instalado num terreno de 14 mil metros quadrados, que hoje abriga mais de duas mil obras espalhadas por jardins, p\u00e1tios e lagos.<\/p>\n","protected":false},"excerpt":{"rendered":"<p>&nbsp; A Associa\u00e7\u00e3o Brasileira de Cr\u00edticos de Arte \u2013 ABCA anunciou hoje (02) que o Santander ganhou o Pr\u00eamio Paulo Mendes de Almeida (melhor exposi\u00e7\u00e3o) com Francisco Brennand \u2013 Senhor da V\u00e1rzea, da Argila e do Fogo, realizada pelo Santander Cultural, em Porto Alegre, em 2016. A premia\u00e7\u00e3o anual contempla dez categorias que apontam os [&hellip;]<\/p>\n","protected":false},"author":4,"featured_media":47910,"comment_status":"open","ping_status":"closed","sticky":false,"template":"","format":"standard","meta":{"_jetpack_newsletter_access":"","_jetpack_dont_email_post_to_subs":false,"_jetpack_newsletter_tier_id":0,"_jetpack_memberships_contains_paywalled_content":false,"_jetpack_feature_clip_id":0,"_jetpack_memberships_contains_paid_content":false,"footnotes":"","jetpack_post_was_ever_published":false},"categories":[26],"tags":[],"class_list":["post-47909","post","type-post","status-publish","format-standard","has-post-thumbnail","hentry","category-geral"],"aioseo_notices":[],"aioseo_head":"\n\t\t<!-- All in One SEO 5.0.1.1 - aioseo.com -->\n\t<meta name=\"robots\" content=\"max-image-preview:large\" \/>\n\t<meta name=\"author\" content=\"da Reda\u00e7\u00e3o\"\/>\n\t<link rel=\"canonical\" href=\"https:\/\/www.jornalja.com.br\/arquivo\/santander-cultural-de-porto-alegre-ganha-premio-nacional\/\" \/>\n\t<meta name=\"generator\" content=\"All in One SEO (AIOSEO) 5.0.1.1\" \/>\n\t\t<meta property=\"og:locale\" content=\"pt_BR\" \/>\n\t\t<meta property=\"og:site_name\" content=\"Arquivo | Jornal J\u00c1 | Porto Alegre\" \/>\n\t\t<meta property=\"og:type\" content=\"article\" \/>\n\t\t<meta property=\"og:title\" content=\"Santander Cultural de Porto Alegre ganha pr\u00eamio nacional | Arquivo\" \/>\n\t\t<meta property=\"og:url\" content=\"https:\/\/www.jornalja.com.br\/arquivo\/santander-cultural-de-porto-alegre-ganha-premio-nacional\/\" \/>\n\t\t<meta property=\"og:image\" content=\"https:\/\/www.jornalja.com.br\/wp-content\/uploads\/2017\/05\/Francisnco-Brennand_cr\u00e9d-Orlando-Azevedo.jpg\" \/>\n\t\t<meta property=\"og:image:secure_url\" content=\"https:\/\/www.jornalja.com.br\/wp-content\/uploads\/2017\/05\/Francisnco-Brennand_cr\u00e9d-Orlando-Azevedo.jpg\" \/>\n\t\t<meta property=\"article:published_time\" content=\"2017-05-02T20:00:36+00:00\" \/>\n\t\t<meta property=\"article:modified_time\" content=\"2017-05-02T20:00:36+00:00\" \/>\n\t\t<meta name=\"twitter:card\" content=\"summary\" \/>\n\t\t<meta name=\"twitter:title\" content=\"Santander Cultural de Porto Alegre ganha pr\u00eamio nacional | Arquivo\" \/>\n\t\t<meta name=\"twitter:image\" content=\"https:\/\/www.jornalja.com.br\/economics\/wp-content\/uploads\/sites\/11\/2026\/08\/ja-folhaderosto-facebook.jpg\" \/>\n\t\t<script type=\"application\/ld+json\" class=\"aioseo-schema\">\n\t\t\t{\"@context\":\"https:\\\/\\\/schema.org\",\"@graph\":[{\"@type\":\"BlogPosting\",\"@id\":\"https:\\\/\\\/www.jornalja.com.br\\\/arquivo\\\/santander-cultural-de-porto-alegre-ganha-premio-nacional\\\/#blogposting\",\"name\":\"Santander Cultural de Porto Alegre ganha pr\\u00eamio nacional | Arquivo\",\"headline\":\"Santander Cultural de Porto Alegre ganha pr\\u00eamio nacional\",\"author\":{\"@id\":\"https:\\\/\\\/www.jornalja.com.br\\\/arquivo\\\/author\\\/daredacao\\\/#author\"},\"publisher\":{\"@id\":\"https:\\\/\\\/www.jornalja.com.br\\\/arquivo\\\/#organization\"},\"image\":{\"@type\":\"ImageObject\",\"url\":47910},\"datePublished\":\"2017-05-02T17:00:36-03:00\",\"dateModified\":\"2017-05-02T17:00:36-03:00\",\"inLanguage\":\"pt-BR\",\"mainEntityOfPage\":{\"@id\":\"https:\\\/\\\/www.jornalja.com.br\\\/arquivo\\\/santander-cultural-de-porto-alegre-ganha-premio-nacional\\\/#webpage\"},\"isPartOf\":{\"@id\":\"https:\\\/\\\/www.jornalja.com.br\\\/arquivo\\\/santander-cultural-de-porto-alegre-ganha-premio-nacional\\\/#webpage\"},\"articleSection\":\"Geral\"},{\"@type\":\"BreadcrumbList\",\"@id\":\"https:\\\/\\\/www.jornalja.com.br\\\/arquivo\\\/santander-cultural-de-porto-alegre-ganha-premio-nacional\\\/#breadcrumblist\",\"itemListElement\":[{\"@type\":\"ListItem\",\"@id\":\"https:\\\/\\\/www.jornalja.com.br\\\/arquivo#listItem\",\"position\":1,\"name\":\"Home\",\"item\":\"https:\\\/\\\/www.jornalja.com.br\\\/arquivo\",\"nextItem\":{\"@type\":\"ListItem\",\"@id\":\"https:\\\/\\\/www.jornalja.com.br\\\/arquivo\\\/category\\\/geral\\\/#listItem\",\"name\":\"Geral\"}},{\"@type\":\"ListItem\",\"@id\":\"https:\\\/\\\/www.jornalja.com.br\\\/arquivo\\\/category\\\/geral\\\/#listItem\",\"position\":2,\"name\":\"Geral\",\"item\":\"https:\\\/\\\/www.jornalja.com.br\\\/arquivo\\\/category\\\/geral\\\/\",\"nextItem\":{\"@type\":\"ListItem\",\"@id\":\"https:\\\/\\\/www.jornalja.com.br\\\/arquivo\\\/santander-cultural-de-porto-alegre-ganha-premio-nacional\\\/#listItem\",\"name\":\"Santander Cultural de Porto Alegre ganha pr\\u00eamio nacional\"},\"previousItem\":{\"@type\":\"ListItem\",\"@id\":\"https:\\\/\\\/www.jornalja.com.br\\\/arquivo#listItem\",\"name\":\"Home\"}},{\"@type\":\"ListItem\",\"@id\":\"https:\\\/\\\/www.jornalja.com.br\\\/arquivo\\\/santander-cultural-de-porto-alegre-ganha-premio-nacional\\\/#listItem\",\"position\":3,\"name\":\"Santander Cultural de Porto Alegre ganha pr\\u00eamio nacional\",\"previousItem\":{\"@type\":\"ListItem\",\"@id\":\"https:\\\/\\\/www.jornalja.com.br\\\/arquivo\\\/category\\\/geral\\\/#listItem\",\"name\":\"Geral\"}}]},{\"@type\":\"Organization\",\"@id\":\"https:\\\/\\\/www.jornalja.com.br\\\/arquivo\\\/#organization\",\"name\":\"Jornal J\\u00c1\",\"description\":\"Jornal J\\u00c1 | Porto Alegre\",\"url\":\"https:\\\/\\\/www.jornalja.com.br\\\/arquivo\\\/\",\"telephone\":\"+555133307272\",\"logo\":{\"@type\":\"ImageObject\",\"url\":\"https:\\\/\\\/www.jornalja.com.br\\\/wp-content\\\/uploads\\\/cards\\\/JAslogan.png\",\"@id\":\"https:\\\/\\\/www.jornalja.com.br\\\/arquivo\\\/santander-cultural-de-porto-alegre-ganha-premio-nacional\\\/#organizationLogo\"},\"image\":{\"@id\":\"https:\\\/\\\/www.jornalja.com.br\\\/arquivo\\\/santander-cultural-de-porto-alegre-ganha-premio-nacional\\\/#organizationLogo\"}},{\"@type\":\"Person\",\"@id\":\"https:\\\/\\\/www.jornalja.com.br\\\/arquivo\\\/author\\\/daredacao\\\/#author\",\"url\":\"https:\\\/\\\/www.jornalja.com.br\\\/arquivo\\\/author\\\/daredacao\\\/\",\"name\":\"da Reda\\u00e7\\u00e3o\",\"image\":{\"@type\":\"ImageObject\",\"@id\":\"https:\\\/\\\/www.jornalja.com.br\\\/arquivo\\\/santander-cultural-de-porto-alegre-ganha-premio-nacional\\\/#authorImage\",\"url\":\"https:\\\/\\\/secure.gravatar.com\\\/avatar\\\/469fd857d6605ad19919d27ed29d35a968a25f6e8fd9318356bbb7f57aae9c65?s=96&d=mm&r=g\",\"width\":96,\"height\":96,\"caption\":\"da Reda\\u00e7\\u00e3o\"}},{\"@type\":\"WebPage\",\"@id\":\"https:\\\/\\\/www.jornalja.com.br\\\/arquivo\\\/santander-cultural-de-porto-alegre-ganha-premio-nacional\\\/#webpage\",\"url\":\"https:\\\/\\\/www.jornalja.com.br\\\/arquivo\\\/santander-cultural-de-porto-alegre-ganha-premio-nacional\\\/\",\"name\":\"Santander Cultural de Porto Alegre ganha pr\\u00eamio nacional | Arquivo\",\"inLanguage\":\"pt-BR\",\"isPartOf\":{\"@id\":\"https:\\\/\\\/www.jornalja.com.br\\\/arquivo\\\/#website\"},\"breadcrumb\":{\"@id\":\"https:\\\/\\\/www.jornalja.com.br\\\/arquivo\\\/santander-cultural-de-porto-alegre-ganha-premio-nacional\\\/#breadcrumblist\"},\"author\":{\"@id\":\"https:\\\/\\\/www.jornalja.com.br\\\/arquivo\\\/author\\\/daredacao\\\/#author\"},\"creator\":{\"@id\":\"https:\\\/\\\/www.jornalja.com.br\\\/arquivo\\\/author\\\/daredacao\\\/#author\"},\"image\":{\"@type\":\"ImageObject\",\"url\":47910,\"@id\":\"https:\\\/\\\/www.jornalja.com.br\\\/arquivo\\\/santander-cultural-de-porto-alegre-ganha-premio-nacional\\\/#mainImage\"},\"primaryImageOfPage\":{\"@id\":\"https:\\\/\\\/www.jornalja.com.br\\\/arquivo\\\/santander-cultural-de-porto-alegre-ganha-premio-nacional\\\/#mainImage\"},\"datePublished\":\"2017-05-02T17:00:36-03:00\",\"dateModified\":\"2017-05-02T17:00:36-03:00\"},{\"@type\":\"WebSite\",\"@id\":\"https:\\\/\\\/www.jornalja.com.br\\\/arquivo\\\/#website\",\"url\":\"https:\\\/\\\/www.jornalja.com.br\\\/arquivo\\\/\",\"name\":\"Arquivo\",\"description\":\"Jornal J\\u00c1 | Porto Alegre\",\"inLanguage\":\"pt-BR\",\"publisher\":{\"@id\":\"https:\\\/\\\/www.jornalja.com.br\\\/arquivo\\\/#organization\"}}]}\n\t\t<\/script>\n\t\t<!-- All in One SEO -->\n\n","aioseo_head_json":{"title":"Santander Cultural de Porto Alegre ganha pr\u00eamio nacional | Arquivo","description":"","canonical_url":"https:\/\/www.jornalja.com.br\/arquivo\/santander-cultural-de-porto-alegre-ganha-premio-nacional\/","robots":"max-image-preview:large","keywords":"","webmasterTools":{"miscellaneous":""},"schema":{"@context":"https:\/\/schema.org","@graph":[{"@type":"BlogPosting","@id":"https:\/\/www.jornalja.com.br\/arquivo\/santander-cultural-de-porto-alegre-ganha-premio-nacional\/#blogposting","name":"Santander Cultural de Porto Alegre ganha pr\u00eamio nacional | Arquivo","headline":"Santander Cultural de Porto Alegre ganha pr\u00eamio nacional","author":{"@id":"https:\/\/www.jornalja.com.br\/arquivo\/author\/daredacao\/#author"},"publisher":{"@id":"https:\/\/www.jornalja.com.br\/arquivo\/#organization"},"image":{"@type":"ImageObject","url":47910},"datePublished":"2017-05-02T17:00:36-03:00","dateModified":"2017-05-02T17:00:36-03:00","inLanguage":"pt-BR","mainEntityOfPage":{"@id":"https:\/\/www.jornalja.com.br\/arquivo\/santander-cultural-de-porto-alegre-ganha-premio-nacional\/#webpage"},"isPartOf":{"@id":"https:\/\/www.jornalja.com.br\/arquivo\/santander-cultural-de-porto-alegre-ganha-premio-nacional\/#webpage"},"articleSection":"Geral"},{"@type":"BreadcrumbList","@id":"https:\/\/www.jornalja.com.br\/arquivo\/santander-cultural-de-porto-alegre-ganha-premio-nacional\/#breadcrumblist","itemListElement":[{"@type":"ListItem","@id":"https:\/\/www.jornalja.com.br\/arquivo#listItem","position":1,"name":"Home","item":"https:\/\/www.jornalja.com.br\/arquivo","nextItem":{"@type":"ListItem","@id":"https:\/\/www.jornalja.com.br\/arquivo\/category\/geral\/#listItem","name":"Geral"}},{"@type":"ListItem","@id":"https:\/\/www.jornalja.com.br\/arquivo\/category\/geral\/#listItem","position":2,"name":"Geral","item":"https:\/\/www.jornalja.com.br\/arquivo\/category\/geral\/","nextItem":{"@type":"ListItem","@id":"https:\/\/www.jornalja.com.br\/arquivo\/santander-cultural-de-porto-alegre-ganha-premio-nacional\/#listItem","name":"Santander Cultural de Porto Alegre ganha pr\u00eamio nacional"},"previousItem":{"@type":"ListItem","@id":"https:\/\/www.jornalja.com.br\/arquivo#listItem","name":"Home"}},{"@type":"ListItem","@id":"https:\/\/www.jornalja.com.br\/arquivo\/santander-cultural-de-porto-alegre-ganha-premio-nacional\/#listItem","position":3,"name":"Santander Cultural de Porto Alegre ganha pr\u00eamio nacional","previousItem":{"@type":"ListItem","@id":"https:\/\/www.jornalja.com.br\/arquivo\/category\/geral\/#listItem","name":"Geral"}}]},{"@type":"Organization","@id":"https:\/\/www.jornalja.com.br\/arquivo\/#organization","name":"Jornal J\u00c1","description":"Jornal J\u00c1 | Porto Alegre","url":"https:\/\/www.jornalja.com.br\/arquivo\/","telephone":"+555133307272","logo":{"@type":"ImageObject","url":"https:\/\/www.jornalja.com.br\/wp-content\/uploads\/cards\/JAslogan.png","@id":"https:\/\/www.jornalja.com.br\/arquivo\/santander-cultural-de-porto-alegre-ganha-premio-nacional\/#organizationLogo"},"image":{"@id":"https:\/\/www.jornalja.com.br\/arquivo\/santander-cultural-de-porto-alegre-ganha-premio-nacional\/#organizationLogo"}},{"@type":"Person","@id":"https:\/\/www.jornalja.com.br\/arquivo\/author\/daredacao\/#author","url":"https:\/\/www.jornalja.com.br\/arquivo\/author\/daredacao\/","name":"da Reda\u00e7\u00e3o","image":{"@type":"ImageObject","@id":"https:\/\/www.jornalja.com.br\/arquivo\/santander-cultural-de-porto-alegre-ganha-premio-nacional\/#authorImage","url":"https:\/\/secure.gravatar.com\/avatar\/469fd857d6605ad19919d27ed29d35a968a25f6e8fd9318356bbb7f57aae9c65?s=96&d=mm&r=g","width":96,"height":96,"caption":"da Reda\u00e7\u00e3o"}},{"@type":"WebPage","@id":"https:\/\/www.jornalja.com.br\/arquivo\/santander-cultural-de-porto-alegre-ganha-premio-nacional\/#webpage","url":"https:\/\/www.jornalja.com.br\/arquivo\/santander-cultural-de-porto-alegre-ganha-premio-nacional\/","name":"Santander Cultural de Porto Alegre ganha pr\u00eamio nacional | Arquivo","inLanguage":"pt-BR","isPartOf":{"@id":"https:\/\/www.jornalja.com.br\/arquivo\/#website"},"breadcrumb":{"@id":"https:\/\/www.jornalja.com.br\/arquivo\/santander-cultural-de-porto-alegre-ganha-premio-nacional\/#breadcrumblist"},"author":{"@id":"https:\/\/www.jornalja.com.br\/arquivo\/author\/daredacao\/#author"},"creator":{"@id":"https:\/\/www.jornalja.com.br\/arquivo\/author\/daredacao\/#author"},"image":{"@type":"ImageObject","url":47910,"@id":"https:\/\/www.jornalja.com.br\/arquivo\/santander-cultural-de-porto-alegre-ganha-premio-nacional\/#mainImage"},"primaryImageOfPage":{"@id":"https:\/\/www.jornalja.com.br\/arquivo\/santander-cultural-de-porto-alegre-ganha-premio-nacional\/#mainImage"},"datePublished":"2017-05-02T17:00:36-03:00","dateModified":"2017-05-02T17:00:36-03:00"},{"@type":"WebSite","@id":"https:\/\/www.jornalja.com.br\/arquivo\/#website","url":"https:\/\/www.jornalja.com.br\/arquivo\/","name":"Arquivo","description":"Jornal J\u00c1 | Porto Alegre","inLanguage":"pt-BR","publisher":{"@id":"https:\/\/www.jornalja.com.br\/arquivo\/#organization"}}]},"og:locale":"pt_BR","og:site_name":"Arquivo | Jornal J\u00c1 | Porto Alegre","og:type":"article","og:title":"Santander Cultural de Porto Alegre ganha pr\u00eamio nacional | Arquivo","og:url":"https:\/\/www.jornalja.com.br\/arquivo\/santander-cultural-de-porto-alegre-ganha-premio-nacional\/","og:image":"https:\/\/www.jornalja.com.br\/wp-content\/uploads\/2017\/05\/Francisnco-Brennand_cr\u00e9d-Orlando-Azevedo.jpg","og:image:secure_url":"https:\/\/www.jornalja.com.br\/wp-content\/uploads\/2017\/05\/Francisnco-Brennand_cr\u00e9d-Orlando-Azevedo.jpg","article:published_time":"2017-05-02T20:00:36+00:00","article:modified_time":"2017-05-02T20:00:36+00:00","twitter:card":"summary","twitter:title":"Santander Cultural de Porto Alegre ganha pr\u00eamio nacional | Arquivo","twitter:image":"https:\/\/www.jornalja.com.br\/economics\/wp-content\/uploads\/sites\/11\/2026\/08\/ja-folhaderosto-facebook.jpg"},"aioseo_meta_data":{"post_id":"47909","title":null,"description":null,"keywords":null,"keyphrases":null,"primary_term":null,"canonical_url":null,"og_title":null,"og_description":null,"og_object_type":"default","og_image_type":"default","og_image_url":null,"og_image_width":null,"og_image_height":null,"og_image_custom_url":null,"og_image_custom_fields":null,"og_video":null,"og_custom_url":null,"og_article_section":null,"og_article_tags":null,"twitter_use_og":false,"twitter_card":"default","twitter_image_type":"default","twitter_image_url":null,"twitter_image_custom_url":null,"twitter_image_custom_fields":null,"twitter_title":null,"twitter_description":null,"schema":{"blockGraphs":[],"customGraphs":[],"default":{"data":{"Article":[],"Course":[],"Dataset":[],"FAQPage":[],"Movie":[],"Person":[],"Product":[],"ProductReview":[],"Car":[],"Recipe":[],"Service":[],"SoftwareApplication":[],"WebPage":[]},"graphName":"","isEnabled":true},"graphs":[],"defaultGraph":"","defaultPostTypeGraph":""},"schema_type":null,"schema_type_options":null,"pillar_content":false,"robots_default":true,"robots_noindex":false,"robots_noarchive":false,"robots_nosnippet":false,"robots_nofollow":false,"robots_noimageindex":false,"robots_noodp":false,"robots_notranslate":false,"robots_max_snippet":null,"robots_max_videopreview":null,"robots_max_imagepreview":"large","priority":null,"frequency":null,"location":null,"local_seo":null,"breadcrumb_settings":null,"limit_modified_date":false,"ai":null,"created":"2020-12-20 20:35:51","updated":"2025-07-19 21:16:53","seo_analyzer_scan_date":null,"focus_keyword":null,"additional_keywords":null,"truseo_locale":null},"jetpack_sharing_enabled":true,"jetpack-related-posts":[{"id":13124,"url":"https:\/\/www.jornalja.com.br\/arquivo\/sangue-latino-no-iecine\/","url_meta":{"origin":47909,"position":0},"title":"Sangue latino no IECINE","author":"da Reda\u00e7\u00e3o","date":"18 de maio de 2014","format":false,"excerpt":"Francisco Ribeiro O Instituto Estadual de Cinema (IECINE) tem a frente, desde abril \u00faltimo, um novo diretor, o cineasta colombiano Juan Zapata, 36, que substitui Luiz Alberto Cassol. Radicado h\u00e1 dez anos em Porto Alegre, Zapata tem diante de si o desafio de conduzir at\u00e9 o final do ano um\u2026","rel":"","context":"Em &quot;Cultura-Geral&quot;","block_context":{"text":"Cultura-Geral","link":"https:\/\/www.jornalja.com.br\/arquivo\/category\/materiasecundaria\/"},"img":{"alt_text":"","src":"","width":0,"height":0},"classes":[]},{"id":5440,"url":"https:\/\/www.jornalja.com.br\/arquivo\/casarao-da-venancio-destino-permanece-incerto\/","url_meta":{"origin":47909,"position":1},"title":"Estado ainda n\u00e3o sabe o que fazer com casar\u00e3o abandonado h\u00e1 20 anos","author":"Elmar Bones","date":"6 de julho de 2009","format":false,"excerpt":"O casar\u00e3o amarelo, numa esquina nobre de Porto Alegre (Ven\u00e2ncio Aires com Jo\u00e3o Pessoa), j\u00e1 abrigou uma escola. H\u00e1 duas d\u00e9cadas, pelo menos, est\u00e1 abandonado, porque seu propriet\u00e1rio, o governo do Estado do Rio Grande do Sul, n\u00e3o consegue achar um destino para ele. Planos n\u00e3o faltaram. O governador Ol\u00edvio\u2026","rel":"","context":"Em &quot;X.Categorias velhas&quot;","block_context":{"text":"X.Categorias velhas","link":"https:\/\/www.jornalja.com.br\/arquivo\/category\/x-categorias-velhas\/"},"img":{"alt_text":"geraldo1","src":"https:\/\/i0.wp.com\/www.jornalja.com.br\/wp-content\/uploads\/2009\/07\/geraldo1.jpg?resize=350%2C200&ssl=1","width":350,"height":200},"classes":[]},{"id":1280,"url":"https:\/\/www.jornalja.com.br\/arquivo\/o-menino-que-se-tornou-brizola\/","url_meta":{"origin":47909,"position":2},"title":"O Menino que se Tornou Brizola","author":"da Reda\u00e7\u00e3o","date":"28 de julho de 2008","format":false,"excerpt":"Autor: Cleber Dioni A vida de Leonel Brizola, com \u00eanfase para os primeiros anos em Porto Alegre, at\u00e9 o ex\u00edlio no Uruguai e a volta, quinze anos depois. \u00a0\"...\u00c9ramos todos jovens e nos identific\u00e1vamos com aquela massa an\u00f4nima a percorrer as ruas de Porto Alegre, gritando 'Get\u00falio', 'Get\u00falio' e empunhando\u2026","rel":"","context":"Em &quot;Livros&quot;","block_context":{"text":"Livros","link":"https:\/\/www.jornalja.com.br\/arquivo\/category\/livros\/"},"img":{"alt_text":"","src":"https:\/\/i0.wp.com\/www.jornalja.com.br\/wp-content\/uploads\/2008\/07\/brizola.gif?resize=350%2C200&ssl=1","width":350,"height":200},"classes":[]},{"id":13240,"url":"https:\/\/www.jornalja.com.br\/arquivo\/plano-diretor-estamos-construindo-o-caos\/","url_meta":{"origin":47909,"position":3},"title":"Plano diretor: &quot;Estamos construindo o caos&quot;","author":"Patr\u00edcia Marini","date":"26 de maio de 2014","format":false,"excerpt":"Desabafo que arquiteta Eliana Castilhos, delegada da Regi\u00e3o de Planejamento 1, postou nas redes sociais \u00e9 um testemunho do ambiente que se criou no Conselho do Plano Diretor de Porto Alegre, onde a aprova\u00e7\u00e3o de grandes empreendimentos \u00e9 empurrada guela abaixo dos conselheiros. Ao CMDUA Como delegada da Regi\u00e3o de\u2026","rel":"","context":"Em &quot;Geral&quot;","block_context":{"text":"Geral","link":"https:\/\/www.jornalja.com.br\/arquivo\/category\/geral\/"},"img":{"alt_text":"","src":"","width":0,"height":0},"classes":[]},{"id":14241,"url":"https:\/\/www.jornalja.com.br\/arquivo\/o-guaiba-nas-imagens-poeticas-de-achutti\/","url_meta":{"origin":47909,"position":4},"title":"O Gua\u00edba nas imagens po\u00e9ticas de Achutti","author":"da Reda\u00e7\u00e3o","date":"18 de junho de 2014","format":false,"excerpt":"Em \u201cO Gua\u00edba por Achutti\u201d \u2013 obra financiada via Minist\u00e9rio da Cultura, produ\u00e7\u00e3o executiva de Pedro Longhi, e Fl\u00e1vio Wild como designer \u2013, o fot\u00f3grafo revela a beleza e as mazelas de um espa\u00e7o aqu\u00e1tico de \u00e1guas sempre renovadas, cheio de hist\u00f3rias e lendas como as das cidades que foram\u2026","rel":"","context":"Em &quot;Cultura-Geral&quot;","block_context":{"text":"Cultura-Geral","link":"https:\/\/www.jornalja.com.br\/arquivo\/category\/materiasecundaria\/"},"img":{"alt_text":"","src":"","width":0,"height":0},"classes":[]},{"id":12960,"url":"https:\/\/www.jornalja.com.br\/arquivo\/populacao-culpa-empresas-pela-greve-dos-rodoviarios\/","url_meta":{"origin":47909,"position":5},"title":"Popula\u00e7\u00e3o culpa empresas pela greve","author":"Patr\u00edcia Marini","date":"14 de fevereiro de 2014","format":false,"excerpt":"Pesquisa divulgada na edi\u00e7\u00e3o do jornal Metro desta sexta-feira,14, comprova o velho ditado: \u00e9 poss\u00edvel enganar muitos por algum tempo, mas n\u00e3o \u00e9 poss\u00edvel enganar a todos o tempo inteiro. A principal revela\u00e7\u00e3o foi que 59,8% dos entrevistados apontaram as empresas como as principais respons\u00e1veis pela grave e 46% culparam\u2026","rel":"","context":"Em &quot;X.Categorias velhas&quot;","block_context":{"text":"X.Categorias velhas","link":"https:\/\/www.jornalja.com.br\/arquivo\/category\/x-categorias-velhas\/"},"img":{"alt_text":"","src":"","width":0,"height":0},"classes":[]}],"jetpack_shortlink":"https:\/\/wp.me\/pbQjBd-csJ","jetpack_featured_media_url":"","_links":{"self":[{"href":"https:\/\/www.jornalja.com.br\/arquivo\/wp-json\/wp\/v2\/posts\/47909","targetHints":{"allow":["GET"]}}],"collection":[{"href":"https:\/\/www.jornalja.com.br\/arquivo\/wp-json\/wp\/v2\/posts"}],"about":[{"href":"https:\/\/www.jornalja.com.br\/arquivo\/wp-json\/wp\/v2\/types\/post"}],"author":[{"embeddable":true,"href":"https:\/\/www.jornalja.com.br\/arquivo\/wp-json\/wp\/v2\/users\/4"}],"replies":[{"embeddable":true,"href":"https:\/\/www.jornalja.com.br\/arquivo\/wp-json\/wp\/v2\/comments?post=47909"}],"version-history":[{"count":0,"href":"https:\/\/www.jornalja.com.br\/arquivo\/wp-json\/wp\/v2\/posts\/47909\/revisions"}],"wp:attachment":[{"href":"https:\/\/www.jornalja.com.br\/arquivo\/wp-json\/wp\/v2\/media?parent=47909"}],"wp:term":[{"taxonomy":"category","embeddable":true,"href":"https:\/\/www.jornalja.com.br\/arquivo\/wp-json\/wp\/v2\/categories?post=47909"},{"taxonomy":"post_tag","embeddable":true,"href":"https:\/\/www.jornalja.com.br\/arquivo\/wp-json\/wp\/v2\/tags?post=47909"}],"curies":[{"name":"wp","href":"https:\/\/api.w.org\/{rel}","templated":true}]}}