{"id":47923,"date":"2017-05-02T21:20:57","date_gmt":"2017-05-03T00:20:57","guid":{"rendered":"https:\/\/www.jornalja.com.br\/?p=47923"},"modified":"2017-05-02T21:20:57","modified_gmt":"2017-05-03T00:20:57","slug":"agentes-penitenciarios-ocupam-ministerio-da-justica","status":"publish","type":"post","link":"https:\/\/www.jornalja.com.br\/arquivo\/agentes-penitenciarios-ocupam-ministerio-da-justica\/","title":{"rendered":"Agentes penitenci\u00e1rios ocupam Minist\u00e9rio da Justi\u00e7a"},"content":{"rendered":"<p>Cerca de 500 agentes penitenci\u00e1rios de v\u00e1rios estados entraram, na tarde de hoje (2) o pr\u00e9dio do Minist\u00e9rio da Justi\u00e7a, em Bras\u00edlia.<br \/>\nEles protestam contra a reforma da Previd\u00eancia, em tramita\u00e7\u00e3o na C\u00e2mara dos Deputados.<br \/>\nAgentes da For\u00e7a Nacional de Seguran\u00e7a est\u00e3o dentro e fora do pr\u00e9dio para impedir que mais pessoas entrem. Em v\u00eddeo publicado na p\u00e1gina oficial da Federa\u00e7\u00e3o Nacional Sindical dos Servidores Penitenci\u00e1rios (Fenaspen) no Facebook, um dirigente afirma que os agentes s\u00f3 deixar\u00e3o o minist\u00e9rio ap\u00f3s as regras de aposentadoria da categoria sa\u00edrem da Proposta de Emenda \u00e0 Constitui\u00e7\u00e3o (PEC) da Previd\u00eancia, enviada pelo governo ao Congresso Nacional.<br \/>\nA categoria reivindica o mesmo tratamento dado aos agentes de pol\u00edcia, com aposentadoria diferenciada, devido aos riscos da profiss\u00e3o.<br \/>\n<figure id=\"attachment_47926\" aria-describedby=\"caption-attachment-47926\" style=\"width: 581px\" class=\"wp-caption alignnone\"><img loading=\"lazy\" decoding=\"async\" class=\"size-full wp-image-47926\" src=\"https:\/\/www.jornalja.com.br\/wp-content\/uploads\/2017\/05\/agentes-penitenciarios-fpzzb_abr_02-05-2017.jpg\" alt=\"Bras\u00edlia - Em ato contra a reforma da Previd\u00eancia, agentes penitenci\u00e1rios de v\u00e1rios estados invadiram o pr\u00e9dio do Minist\u00e9rio da Justi\u00e7a (Fabio Rodrigues Pozzebom\/Ag\u00eancia Brasil)\" width=\"581\" height=\"387\" \/><figcaption id=\"caption-attachment-47926\" class=\"wp-caption-text\">Os\u00a0\u00a0agentes penitenci\u00e1rios querem direitos previdenci\u00e1rios iguais aos dos agentes policiais (Foto Fabio Rodrigues Pozzebom\/Ag\u00eancia Brasil)<\/figcaption><\/figure><br \/>\nDesde o in\u00edcio da manh\u00e3, os agentes penitenci\u00e1rios estavam acampados no gramado em frente ao Minist\u00e9rio da Justi\u00e7a. Filiado \u00e0 Fenaspen, o Sindicato dos Agentes de Atividades Penitenci\u00e1rias do Distrito Federal (Sindpen-DF) divulgou comunicado em apoio ao acampamento, que re\u00fane agentes penitenci\u00e1rios de v\u00e1rios estados e ter\u00e1 dura\u00e7\u00e3o de 48 horas.<br \/>\nSegundo a Pol\u00edcia Militar do Distrito Federal, os manifestantes quebraram a porta de vidro do acesso principal do Pal\u00e1cio da Justi\u00e7a e ocuparam o Sal\u00e3o Negro do edif\u00edcio.<br \/>\nOs participantes da mobiliza\u00e7\u00e3o tamb\u00e9m pedem a aprova\u00e7\u00e3o da PEC 308, de 2004, que cria as pol\u00edcias penitenci\u00e1rias federal e estaduais. Entre outros pontos, a PEC estabelece que as pol\u00edcias penitenci\u00e1rias ser\u00e3o subordinadas ao \u00f3rg\u00e3o administrador do Sistema Penitenci\u00e1rio da unidade federativa a que pertencer.<br \/>\nAl\u00e9m disso, ter\u00e3o como atribui\u00e7\u00f5es supervisionar e coordenar as atividades ligadas, direta ou indiretamente, \u00e0 seguran\u00e7a interna e externa dos estabelecimentos penais e \u00e0 promo\u00e7\u00e3o, elabora\u00e7\u00e3o e execu\u00e7\u00e3o de atividades policiais de car\u00e1ter preventivo, investigativo e ostensivo nos pres\u00eddios.<br \/>\nProcurado, o Minist\u00e9rio da Justi\u00e7a ainda n\u00e3o se manifestou sobre o ato.<\/p>\n<div class=\"galleria\" data-url=\"\/geral\/foto\/2017-05\/agentes-penitenciarios-invadem-o-ministerio-da-justica\"><em>\u00a0(Com informa\u00e7\u00f5es da Ag\u00eancia Brasil)<\/em><\/div>\n","protected":false},"excerpt":{"rendered":"<p>Cerca de 500 agentes penitenci\u00e1rios de v\u00e1rios estados entraram, na tarde de hoje (2) o pr\u00e9dio do Minist\u00e9rio da Justi\u00e7a, em Bras\u00edlia. Eles protestam contra a reforma da Previd\u00eancia, em tramita\u00e7\u00e3o na C\u00e2mara dos Deputados. Agentes da For\u00e7a Nacional de Seguran\u00e7a est\u00e3o dentro e fora do pr\u00e9dio para impedir que mais pessoas entrem. Em v\u00eddeo [&hellip;]<\/p>\n","protected":false},"author":4,"featured_media":47924,"comment_status":"open","ping_status":"closed","sticky":false,"template":"","format":"standard","meta":{"_jetpack_newsletter_access":"","_jetpack_dont_email_post_to_subs":false,"_jetpack_newsletter_tier_id":0,"_jetpack_memberships_contains_paywalled_content":false,"_jetpack_feature_clip_id":0,"_jetpack_memberships_contains_paid_content":false,"footnotes":"","jetpack_post_was_ever_published":false},"categories":[26],"tags":[],"class_list":["post-47923","post","type-post","status-publish","format-standard","has-post-thumbnail","hentry","category-geral"],"aioseo_notices":[],"aioseo_head":"\n\t\t<!-- All in One SEO 5.0.1.1 - aioseo.com -->\n\t<meta name=\"robots\" content=\"max-image-preview:large\" \/>\n\t<meta name=\"author\" content=\"da Reda\u00e7\u00e3o\"\/>\n\t<link rel=\"canonical\" href=\"https:\/\/www.jornalja.com.br\/arquivo\/agentes-penitenciarios-ocupam-ministerio-da-justica\/\" \/>\n\t<meta name=\"generator\" content=\"All in One SEO (AIOSEO) 5.0.1.1\" \/>\n\t\t<meta property=\"og:locale\" content=\"pt_BR\" \/>\n\t\t<meta property=\"og:site_name\" content=\"Arquivo | Jornal J\u00c1 | Porto Alegre\" \/>\n\t\t<meta property=\"og:type\" content=\"article\" \/>\n\t\t<meta property=\"og:title\" content=\"Agentes penitenci\u00e1rios ocupam Minist\u00e9rio da Justi\u00e7a | Arquivo\" \/>\n\t\t<meta property=\"og:url\" content=\"https:\/\/www.jornalja.com.br\/arquivo\/agentes-penitenciarios-ocupam-ministerio-da-justica\/\" \/>\n\t\t<meta property=\"og:image\" content=\"https:\/\/www.jornalja.com.br\/wp-content\/uploads\/2017\/05\/agentes-penitenciarios-fpzzb_abr_02-05-2017.jpg\" \/>\n\t\t<meta property=\"og:image:secure_url\" content=\"https:\/\/www.jornalja.com.br\/wp-content\/uploads\/2017\/05\/agentes-penitenciarios-fpzzb_abr_02-05-2017.jpg\" \/>\n\t\t<meta property=\"article:published_time\" content=\"2017-05-03T00:20:57+00:00\" \/>\n\t\t<meta property=\"article:modified_time\" content=\"2017-05-03T00:20:57+00:00\" \/>\n\t\t<meta name=\"twitter:card\" content=\"summary\" \/>\n\t\t<meta name=\"twitter:title\" content=\"Agentes penitenci\u00e1rios ocupam Minist\u00e9rio da Justi\u00e7a | Arquivo\" \/>\n\t\t<meta name=\"twitter:image\" content=\"https:\/\/www.jornalja.com.br\/economics\/wp-content\/uploads\/sites\/11\/2026\/08\/ja-folhaderosto-facebook.jpg\" \/>\n\t\t<script type=\"application\/ld+json\" class=\"aioseo-schema\">\n\t\t\t{\"@context\":\"https:\\\/\\\/schema.org\",\"@graph\":[{\"@type\":\"BlogPosting\",\"@id\":\"https:\\\/\\\/www.jornalja.com.br\\\/arquivo\\\/agentes-penitenciarios-ocupam-ministerio-da-justica\\\/#blogposting\",\"name\":\"Agentes penitenci\\u00e1rios ocupam Minist\\u00e9rio da Justi\\u00e7a | Arquivo\",\"headline\":\"Agentes penitenci\\u00e1rios ocupam Minist\\u00e9rio da Justi\\u00e7a\",\"author\":{\"@id\":\"https:\\\/\\\/www.jornalja.com.br\\\/arquivo\\\/author\\\/daredacao\\\/#author\"},\"publisher\":{\"@id\":\"https:\\\/\\\/www.jornalja.com.br\\\/arquivo\\\/#organization\"},\"image\":{\"@type\":\"ImageObject\",\"url\":47924},\"datePublished\":\"2017-05-02T21:20:57-03:00\",\"dateModified\":\"2017-05-02T21:20:57-03:00\",\"inLanguage\":\"pt-BR\",\"mainEntityOfPage\":{\"@id\":\"https:\\\/\\\/www.jornalja.com.br\\\/arquivo\\\/agentes-penitenciarios-ocupam-ministerio-da-justica\\\/#webpage\"},\"isPartOf\":{\"@id\":\"https:\\\/\\\/www.jornalja.com.br\\\/arquivo\\\/agentes-penitenciarios-ocupam-ministerio-da-justica\\\/#webpage\"},\"articleSection\":\"Geral\"},{\"@type\":\"BreadcrumbList\",\"@id\":\"https:\\\/\\\/www.jornalja.com.br\\\/arquivo\\\/agentes-penitenciarios-ocupam-ministerio-da-justica\\\/#breadcrumblist\",\"itemListElement\":[{\"@type\":\"ListItem\",\"@id\":\"https:\\\/\\\/www.jornalja.com.br\\\/arquivo#listItem\",\"position\":1,\"name\":\"Home\",\"item\":\"https:\\\/\\\/www.jornalja.com.br\\\/arquivo\",\"nextItem\":{\"@type\":\"ListItem\",\"@id\":\"https:\\\/\\\/www.jornalja.com.br\\\/arquivo\\\/category\\\/geral\\\/#listItem\",\"name\":\"Geral\"}},{\"@type\":\"ListItem\",\"@id\":\"https:\\\/\\\/www.jornalja.com.br\\\/arquivo\\\/category\\\/geral\\\/#listItem\",\"position\":2,\"name\":\"Geral\",\"item\":\"https:\\\/\\\/www.jornalja.com.br\\\/arquivo\\\/category\\\/geral\\\/\",\"nextItem\":{\"@type\":\"ListItem\",\"@id\":\"https:\\\/\\\/www.jornalja.com.br\\\/arquivo\\\/agentes-penitenciarios-ocupam-ministerio-da-justica\\\/#listItem\",\"name\":\"Agentes penitenci\\u00e1rios ocupam Minist\\u00e9rio da Justi\\u00e7a\"},\"previousItem\":{\"@type\":\"ListItem\",\"@id\":\"https:\\\/\\\/www.jornalja.com.br\\\/arquivo#listItem\",\"name\":\"Home\"}},{\"@type\":\"ListItem\",\"@id\":\"https:\\\/\\\/www.jornalja.com.br\\\/arquivo\\\/agentes-penitenciarios-ocupam-ministerio-da-justica\\\/#listItem\",\"position\":3,\"name\":\"Agentes penitenci\\u00e1rios ocupam Minist\\u00e9rio da Justi\\u00e7a\",\"previousItem\":{\"@type\":\"ListItem\",\"@id\":\"https:\\\/\\\/www.jornalja.com.br\\\/arquivo\\\/category\\\/geral\\\/#listItem\",\"name\":\"Geral\"}}]},{\"@type\":\"Organization\",\"@id\":\"https:\\\/\\\/www.jornalja.com.br\\\/arquivo\\\/#organization\",\"name\":\"Jornal J\\u00c1\",\"description\":\"Jornal J\\u00c1 | Porto Alegre\",\"url\":\"https:\\\/\\\/www.jornalja.com.br\\\/arquivo\\\/\",\"telephone\":\"+555133307272\",\"logo\":{\"@type\":\"ImageObject\",\"url\":\"https:\\\/\\\/www.jornalja.com.br\\\/wp-content\\\/uploads\\\/cards\\\/JAslogan.png\",\"@id\":\"https:\\\/\\\/www.jornalja.com.br\\\/arquivo\\\/agentes-penitenciarios-ocupam-ministerio-da-justica\\\/#organizationLogo\"},\"image\":{\"@id\":\"https:\\\/\\\/www.jornalja.com.br\\\/arquivo\\\/agentes-penitenciarios-ocupam-ministerio-da-justica\\\/#organizationLogo\"}},{\"@type\":\"Person\",\"@id\":\"https:\\\/\\\/www.jornalja.com.br\\\/arquivo\\\/author\\\/daredacao\\\/#author\",\"url\":\"https:\\\/\\\/www.jornalja.com.br\\\/arquivo\\\/author\\\/daredacao\\\/\",\"name\":\"da Reda\\u00e7\\u00e3o\",\"image\":{\"@type\":\"ImageObject\",\"@id\":\"https:\\\/\\\/www.jornalja.com.br\\\/arquivo\\\/agentes-penitenciarios-ocupam-ministerio-da-justica\\\/#authorImage\",\"url\":\"https:\\\/\\\/secure.gravatar.com\\\/avatar\\\/469fd857d6605ad19919d27ed29d35a968a25f6e8fd9318356bbb7f57aae9c65?s=96&d=mm&r=g\",\"width\":96,\"height\":96,\"caption\":\"da Reda\\u00e7\\u00e3o\"}},{\"@type\":\"WebPage\",\"@id\":\"https:\\\/\\\/www.jornalja.com.br\\\/arquivo\\\/agentes-penitenciarios-ocupam-ministerio-da-justica\\\/#webpage\",\"url\":\"https:\\\/\\\/www.jornalja.com.br\\\/arquivo\\\/agentes-penitenciarios-ocupam-ministerio-da-justica\\\/\",\"name\":\"Agentes penitenci\\u00e1rios ocupam Minist\\u00e9rio da Justi\\u00e7a | Arquivo\",\"inLanguage\":\"pt-BR\",\"isPartOf\":{\"@id\":\"https:\\\/\\\/www.jornalja.com.br\\\/arquivo\\\/#website\"},\"breadcrumb\":{\"@id\":\"https:\\\/\\\/www.jornalja.com.br\\\/arquivo\\\/agentes-penitenciarios-ocupam-ministerio-da-justica\\\/#breadcrumblist\"},\"author\":{\"@id\":\"https:\\\/\\\/www.jornalja.com.br\\\/arquivo\\\/author\\\/daredacao\\\/#author\"},\"creator\":{\"@id\":\"https:\\\/\\\/www.jornalja.com.br\\\/arquivo\\\/author\\\/daredacao\\\/#author\"},\"image\":{\"@type\":\"ImageObject\",\"url\":47924,\"@id\":\"https:\\\/\\\/www.jornalja.com.br\\\/arquivo\\\/agentes-penitenciarios-ocupam-ministerio-da-justica\\\/#mainImage\"},\"primaryImageOfPage\":{\"@id\":\"https:\\\/\\\/www.jornalja.com.br\\\/arquivo\\\/agentes-penitenciarios-ocupam-ministerio-da-justica\\\/#mainImage\"},\"datePublished\":\"2017-05-02T21:20:57-03:00\",\"dateModified\":\"2017-05-02T21:20:57-03:00\"},{\"@type\":\"WebSite\",\"@id\":\"https:\\\/\\\/www.jornalja.com.br\\\/arquivo\\\/#website\",\"url\":\"https:\\\/\\\/www.jornalja.com.br\\\/arquivo\\\/\",\"name\":\"Arquivo\",\"description\":\"Jornal J\\u00c1 | Porto Alegre\",\"inLanguage\":\"pt-BR\",\"publisher\":{\"@id\":\"https:\\\/\\\/www.jornalja.com.br\\\/arquivo\\\/#organization\"}}]}\n\t\t<\/script>\n\t\t<!-- All in One SEO -->\n\n","aioseo_head_json":{"title":"Agentes penitenci\u00e1rios ocupam Minist\u00e9rio da Justi\u00e7a | Arquivo","description":"","canonical_url":"https:\/\/www.jornalja.com.br\/arquivo\/agentes-penitenciarios-ocupam-ministerio-da-justica\/","robots":"max-image-preview:large","keywords":"","webmasterTools":{"miscellaneous":""},"schema":{"@context":"https:\/\/schema.org","@graph":[{"@type":"BlogPosting","@id":"https:\/\/www.jornalja.com.br\/arquivo\/agentes-penitenciarios-ocupam-ministerio-da-justica\/#blogposting","name":"Agentes penitenci\u00e1rios ocupam Minist\u00e9rio da Justi\u00e7a | Arquivo","headline":"Agentes penitenci\u00e1rios ocupam Minist\u00e9rio da Justi\u00e7a","author":{"@id":"https:\/\/www.jornalja.com.br\/arquivo\/author\/daredacao\/#author"},"publisher":{"@id":"https:\/\/www.jornalja.com.br\/arquivo\/#organization"},"image":{"@type":"ImageObject","url":47924},"datePublished":"2017-05-02T21:20:57-03:00","dateModified":"2017-05-02T21:20:57-03:00","inLanguage":"pt-BR","mainEntityOfPage":{"@id":"https:\/\/www.jornalja.com.br\/arquivo\/agentes-penitenciarios-ocupam-ministerio-da-justica\/#webpage"},"isPartOf":{"@id":"https:\/\/www.jornalja.com.br\/arquivo\/agentes-penitenciarios-ocupam-ministerio-da-justica\/#webpage"},"articleSection":"Geral"},{"@type":"BreadcrumbList","@id":"https:\/\/www.jornalja.com.br\/arquivo\/agentes-penitenciarios-ocupam-ministerio-da-justica\/#breadcrumblist","itemListElement":[{"@type":"ListItem","@id":"https:\/\/www.jornalja.com.br\/arquivo#listItem","position":1,"name":"Home","item":"https:\/\/www.jornalja.com.br\/arquivo","nextItem":{"@type":"ListItem","@id":"https:\/\/www.jornalja.com.br\/arquivo\/category\/geral\/#listItem","name":"Geral"}},{"@type":"ListItem","@id":"https:\/\/www.jornalja.com.br\/arquivo\/category\/geral\/#listItem","position":2,"name":"Geral","item":"https:\/\/www.jornalja.com.br\/arquivo\/category\/geral\/","nextItem":{"@type":"ListItem","@id":"https:\/\/www.jornalja.com.br\/arquivo\/agentes-penitenciarios-ocupam-ministerio-da-justica\/#listItem","name":"Agentes penitenci\u00e1rios ocupam Minist\u00e9rio da Justi\u00e7a"},"previousItem":{"@type":"ListItem","@id":"https:\/\/www.jornalja.com.br\/arquivo#listItem","name":"Home"}},{"@type":"ListItem","@id":"https:\/\/www.jornalja.com.br\/arquivo\/agentes-penitenciarios-ocupam-ministerio-da-justica\/#listItem","position":3,"name":"Agentes penitenci\u00e1rios ocupam Minist\u00e9rio da Justi\u00e7a","previousItem":{"@type":"ListItem","@id":"https:\/\/www.jornalja.com.br\/arquivo\/category\/geral\/#listItem","name":"Geral"}}]},{"@type":"Organization","@id":"https:\/\/www.jornalja.com.br\/arquivo\/#organization","name":"Jornal J\u00c1","description":"Jornal J\u00c1 | Porto Alegre","url":"https:\/\/www.jornalja.com.br\/arquivo\/","telephone":"+555133307272","logo":{"@type":"ImageObject","url":"https:\/\/www.jornalja.com.br\/wp-content\/uploads\/cards\/JAslogan.png","@id":"https:\/\/www.jornalja.com.br\/arquivo\/agentes-penitenciarios-ocupam-ministerio-da-justica\/#organizationLogo"},"image":{"@id":"https:\/\/www.jornalja.com.br\/arquivo\/agentes-penitenciarios-ocupam-ministerio-da-justica\/#organizationLogo"}},{"@type":"Person","@id":"https:\/\/www.jornalja.com.br\/arquivo\/author\/daredacao\/#author","url":"https:\/\/www.jornalja.com.br\/arquivo\/author\/daredacao\/","name":"da Reda\u00e7\u00e3o","image":{"@type":"ImageObject","@id":"https:\/\/www.jornalja.com.br\/arquivo\/agentes-penitenciarios-ocupam-ministerio-da-justica\/#authorImage","url":"https:\/\/secure.gravatar.com\/avatar\/469fd857d6605ad19919d27ed29d35a968a25f6e8fd9318356bbb7f57aae9c65?s=96&d=mm&r=g","width":96,"height":96,"caption":"da Reda\u00e7\u00e3o"}},{"@type":"WebPage","@id":"https:\/\/www.jornalja.com.br\/arquivo\/agentes-penitenciarios-ocupam-ministerio-da-justica\/#webpage","url":"https:\/\/www.jornalja.com.br\/arquivo\/agentes-penitenciarios-ocupam-ministerio-da-justica\/","name":"Agentes penitenci\u00e1rios ocupam Minist\u00e9rio da Justi\u00e7a | Arquivo","inLanguage":"pt-BR","isPartOf":{"@id":"https:\/\/www.jornalja.com.br\/arquivo\/#website"},"breadcrumb":{"@id":"https:\/\/www.jornalja.com.br\/arquivo\/agentes-penitenciarios-ocupam-ministerio-da-justica\/#breadcrumblist"},"author":{"@id":"https:\/\/www.jornalja.com.br\/arquivo\/author\/daredacao\/#author"},"creator":{"@id":"https:\/\/www.jornalja.com.br\/arquivo\/author\/daredacao\/#author"},"image":{"@type":"ImageObject","url":47924,"@id":"https:\/\/www.jornalja.com.br\/arquivo\/agentes-penitenciarios-ocupam-ministerio-da-justica\/#mainImage"},"primaryImageOfPage":{"@id":"https:\/\/www.jornalja.com.br\/arquivo\/agentes-penitenciarios-ocupam-ministerio-da-justica\/#mainImage"},"datePublished":"2017-05-02T21:20:57-03:00","dateModified":"2017-05-02T21:20:57-03:00"},{"@type":"WebSite","@id":"https:\/\/www.jornalja.com.br\/arquivo\/#website","url":"https:\/\/www.jornalja.com.br\/arquivo\/","name":"Arquivo","description":"Jornal J\u00c1 | Porto Alegre","inLanguage":"pt-BR","publisher":{"@id":"https:\/\/www.jornalja.com.br\/arquivo\/#organization"}}]},"og:locale":"pt_BR","og:site_name":"Arquivo | Jornal J\u00c1 | Porto Alegre","og:type":"article","og:title":"Agentes penitenci\u00e1rios ocupam Minist\u00e9rio da Justi\u00e7a | Arquivo","og:url":"https:\/\/www.jornalja.com.br\/arquivo\/agentes-penitenciarios-ocupam-ministerio-da-justica\/","og:image":"https:\/\/www.jornalja.com.br\/wp-content\/uploads\/2017\/05\/agentes-penitenciarios-fpzzb_abr_02-05-2017.jpg","og:image:secure_url":"https:\/\/www.jornalja.com.br\/wp-content\/uploads\/2017\/05\/agentes-penitenciarios-fpzzb_abr_02-05-2017.jpg","article:published_time":"2017-05-03T00:20:57+00:00","article:modified_time":"2017-05-03T00:20:57+00:00","twitter:card":"summary","twitter:title":"Agentes penitenci\u00e1rios ocupam Minist\u00e9rio da Justi\u00e7a | Arquivo","twitter:image":"https:\/\/www.jornalja.com.br\/economics\/wp-content\/uploads\/sites\/11\/2026\/08\/ja-folhaderosto-facebook.jpg"},"aioseo_meta_data":{"post_id":"47923","title":null,"description":null,"keywords":null,"keyphrases":null,"primary_term":null,"canonical_url":null,"og_title":null,"og_description":null,"og_object_type":"default","og_image_type":"default","og_image_url":null,"og_image_width":null,"og_image_height":null,"og_image_custom_url":null,"og_image_custom_fields":null,"og_video":null,"og_custom_url":null,"og_article_section":null,"og_article_tags":null,"twitter_use_og":false,"twitter_card":"default","twitter_image_type":"default","twitter_image_url":null,"twitter_image_custom_url":null,"twitter_image_custom_fields":null,"twitter_title":null,"twitter_description":null,"schema":{"blockGraphs":[],"customGraphs":[],"default":{"data":{"Article":[],"Course":[],"Dataset":[],"FAQPage":[],"Movie":[],"Person":[],"Product":[],"ProductReview":[],"Car":[],"Recipe":[],"Service":[],"SoftwareApplication":[],"WebPage":[]},"graphName":"","isEnabled":true},"graphs":[],"defaultGraph":"","defaultPostTypeGraph":""},"schema_type":null,"schema_type_options":null,"pillar_content":false,"robots_default":true,"robots_noindex":false,"robots_noarchive":false,"robots_nosnippet":false,"robots_nofollow":false,"robots_noimageindex":false,"robots_noodp":false,"robots_notranslate":false,"robots_max_snippet":null,"robots_max_videopreview":null,"robots_max_imagepreview":"large","priority":null,"frequency":null,"location":null,"local_seo":null,"breadcrumb_settings":null,"limit_modified_date":false,"ai":null,"created":"2020-12-20 20:35:51","updated":"2025-07-19 21:16:53","seo_analyzer_scan_date":null,"focus_keyword":null,"additional_keywords":null,"truseo_locale":null},"jetpack_sharing_enabled":true,"jetpack-related-posts":[{"id":13109,"url":"https:\/\/www.jornalja.com.br\/arquivo\/judiciario-reconhece-poluicao-eletromagnetica\/","url_meta":{"origin":47923,"position":0},"title":"Judici\u00e1rio reconhece polui\u00e7\u00e3o eletromagn\u00e9tica","author":"Patr\u00edcia Marini","date":"16 de maio de 2014","format":false,"excerpt":"A\u00e7\u00e3o de duas associa\u00e7\u00f5es de moradores foi acolhida pelo Tribunal de Justi\u00e7a de S\u00e3o Paulo que. em decis\u00e3o in\u00e9dita, determinou a redu\u00e7\u00e3o do campo eletromagn\u00e9tico gerado pelas linhas de transmiss\u00e3o de energia que cortam os bairros City Boa\u00e7ava e Alto de Pinheiros. \u00c9 a primeira vez que um tribunal do\u2026","rel":"","context":"Em &quot;X.Categorias velhas&quot;","block_context":{"text":"X.Categorias velhas","link":"https:\/\/www.jornalja.com.br\/arquivo\/category\/x-categorias-velhas\/"},"img":{"alt_text":"","src":"","width":0,"height":0},"classes":[]},{"id":5440,"url":"https:\/\/www.jornalja.com.br\/arquivo\/casarao-da-venancio-destino-permanece-incerto\/","url_meta":{"origin":47923,"position":1},"title":"Estado ainda n\u00e3o sabe o que fazer com casar\u00e3o abandonado h\u00e1 20 anos","author":"Elmar Bones","date":"6 de julho de 2009","format":false,"excerpt":"O casar\u00e3o amarelo, numa esquina nobre de Porto Alegre (Ven\u00e2ncio Aires com Jo\u00e3o Pessoa), j\u00e1 abrigou uma escola. H\u00e1 duas d\u00e9cadas, pelo menos, est\u00e1 abandonado, porque seu propriet\u00e1rio, o governo do Estado do Rio Grande do Sul, n\u00e3o consegue achar um destino para ele. Planos n\u00e3o faltaram. O governador Ol\u00edvio\u2026","rel":"","context":"Em &quot;X.Categorias velhas&quot;","block_context":{"text":"X.Categorias velhas","link":"https:\/\/www.jornalja.com.br\/arquivo\/category\/x-categorias-velhas\/"},"img":{"alt_text":"geraldo1","src":"https:\/\/i0.wp.com\/www.jornalja.com.br\/wp-content\/uploads\/2009\/07\/geraldo1.jpg?resize=350%2C200&ssl=1","width":350,"height":200},"classes":[]},{"id":14241,"url":"https:\/\/www.jornalja.com.br\/arquivo\/o-guaiba-nas-imagens-poeticas-de-achutti\/","url_meta":{"origin":47923,"position":2},"title":"O Gua\u00edba nas imagens po\u00e9ticas de Achutti","author":"da Reda\u00e7\u00e3o","date":"18 de junho de 2014","format":false,"excerpt":"Em \u201cO Gua\u00edba por Achutti\u201d \u2013 obra financiada via Minist\u00e9rio da Cultura, produ\u00e7\u00e3o executiva de Pedro Longhi, e Fl\u00e1vio Wild como designer \u2013, o fot\u00f3grafo revela a beleza e as mazelas de um espa\u00e7o aqu\u00e1tico de \u00e1guas sempre renovadas, cheio de hist\u00f3rias e lendas como as das cidades que foram\u2026","rel":"","context":"Em &quot;Cultura-Geral&quot;","block_context":{"text":"Cultura-Geral","link":"https:\/\/www.jornalja.com.br\/arquivo\/category\/materiasecundaria\/"},"img":{"alt_text":"","src":"","width":0,"height":0},"classes":[]},{"id":13124,"url":"https:\/\/www.jornalja.com.br\/arquivo\/sangue-latino-no-iecine\/","url_meta":{"origin":47923,"position":3},"title":"Sangue latino no IECINE","author":"da Reda\u00e7\u00e3o","date":"18 de maio de 2014","format":false,"excerpt":"Francisco Ribeiro O Instituto Estadual de Cinema (IECINE) tem a frente, desde abril \u00faltimo, um novo diretor, o cineasta colombiano Juan Zapata, 36, que substitui Luiz Alberto Cassol. Radicado h\u00e1 dez anos em Porto Alegre, Zapata tem diante de si o desafio de conduzir at\u00e9 o final do ano um\u2026","rel":"","context":"Em &quot;Cultura-Geral&quot;","block_context":{"text":"Cultura-Geral","link":"https:\/\/www.jornalja.com.br\/arquivo\/category\/materiasecundaria\/"},"img":{"alt_text":"","src":"","width":0,"height":0},"classes":[]}],"jetpack_shortlink":"https:\/\/wp.me\/pbQjBd-csX","jetpack_featured_media_url":"","_links":{"self":[{"href":"https:\/\/www.jornalja.com.br\/arquivo\/wp-json\/wp\/v2\/posts\/47923","targetHints":{"allow":["GET"]}}],"collection":[{"href":"https:\/\/www.jornalja.com.br\/arquivo\/wp-json\/wp\/v2\/posts"}],"about":[{"href":"https:\/\/www.jornalja.com.br\/arquivo\/wp-json\/wp\/v2\/types\/post"}],"author":[{"embeddable":true,"href":"https:\/\/www.jornalja.com.br\/arquivo\/wp-json\/wp\/v2\/users\/4"}],"replies":[{"embeddable":true,"href":"https:\/\/www.jornalja.com.br\/arquivo\/wp-json\/wp\/v2\/comments?post=47923"}],"version-history":[{"count":0,"href":"https:\/\/www.jornalja.com.br\/arquivo\/wp-json\/wp\/v2\/posts\/47923\/revisions"}],"wp:attachment":[{"href":"https:\/\/www.jornalja.com.br\/arquivo\/wp-json\/wp\/v2\/media?parent=47923"}],"wp:term":[{"taxonomy":"category","embeddable":true,"href":"https:\/\/www.jornalja.com.br\/arquivo\/wp-json\/wp\/v2\/categories?post=47923"},{"taxonomy":"post_tag","embeddable":true,"href":"https:\/\/www.jornalja.com.br\/arquivo\/wp-json\/wp\/v2\/tags?post=47923"}],"curies":[{"name":"wp","href":"https:\/\/api.w.org\/{rel}","templated":true}]}}