{"id":47931,"date":"2017-05-02T23:32:38","date_gmt":"2017-05-03T02:32:38","guid":{"rendered":"https:\/\/www.jornalja.com.br\/?p=47931"},"modified":"2017-05-02T23:32:38","modified_gmt":"2017-05-03T02:32:38","slug":"marchezan-pressiona-vereadores-a-aprovarem-seu-plano-de-metas","status":"publish","type":"post","link":"https:\/\/www.jornalja.com.br\/arquivo\/marchezan-pressiona-vereadores-a-aprovarem-seu-plano-de-metas\/","title":{"rendered":"Marchezan pressiona vereadores a aprovarem todas as suas medidas"},"content":{"rendered":"<p><span class=\"assina\">Matheus Chaparini<\/span><br \/>\nDiante do plen\u00e1rio da C\u00e2mara Municipal praticamente lotado, o prefeito Nelson Marchezan J\u00fanior apresentou o Programa de Metas para sua gest\u00e3o. Reconheceu que o plano, que cont\u00e9m 58 metas, traz alguns objetivos dif\u00edceis de serem alcan\u00e7ados, principalmente na \u00e1rea da educa\u00e7\u00e3o, mas afirmou que n\u00e3o seria vergonha n\u00e3o cumpri-las, mas n\u00e3o t\u00ea-las como metas.<br \/>\nMarchezan aproveitou o espa\u00e7o para rebater mat\u00e9rias publicadas na imprensa, relativas a trocas de cargos por apoio. Sem nominar a que texto se referia, o prefeito agradeceu aos vereadores, aos sindicatos e aos t\u00e9cnicos que indicaram \u201cpessoas de bem\u201d para ocupar postos no Executivo Municipal. Marchezan afirmou n\u00e3o ter problemas com indica\u00e7\u00f5es, desde que os indicados passem pelo Banco de Talentos e comprovem capacidade para as fun\u00e7\u00f5es indicadas.<br \/>\nA apresenta\u00e7\u00e3o das metas foi feita pelo secret\u00e1rio de Planejamento e Gest\u00e3o Jos\u00e9 Alfredo Parode e na sequ\u00eancia foi aberto o espa\u00e7o para que 30 pessoas inscritas se manifestassem ao microfone.<br \/>\nConselheiros do or\u00e7amento participativo defenderam a import\u00e2ncia do programa, afirmando que se trata de uma refer\u00eancia internacional e que tem grande import\u00e2ncia ao garantir a participa\u00e7\u00e3o direta da popula\u00e7\u00e3o nas decis\u00f5es relativas ao Munic\u00edpio. Este ano, as assembleias do or\u00e7amento participativo foram suspensas, portanto n\u00e3o apresentar\u00e1 novas demandas, como acontece todos os anos.<br \/>\n<span class=\"intertit\">Demandas do OP aparecem nas falas<\/span><br \/>\nMoradores de diversas comunidades pediam simplesmente que o prefeito e seus secret\u00e1rios compare\u00e7am \u00e0 sua localidade para conhecer os problemas de perto. Demandas que seriam encaminhadas atrav\u00e9s do OP acabaram aparecendo em diversas manifesta\u00e7\u00f5es ao microfone da tribuna.<br \/>\n\u201cTeria que ter outro Prometa s\u00f3 com as demandas do OP\u201d, afirmou Rosa Maria Labandeira, conselheira da regi\u00e3o Centro Sul do Or\u00e7amento Participativo. Ela cobrou do prefeito que seja feito um caderno, como acontecia anualmente, com as demandas resgatadas por regi\u00e3o. \u201c\u00c9 uma garantia de que n\u00e3o teremos uma interrup\u00e7\u00e3o no programa.\u201d<br \/>\nMarchezan defendeu a decis\u00e3o de n\u00e3o haver novas demandas este ano em fun\u00e7\u00e3o da situa\u00e7\u00e3o financeira do Munic\u00edpio e da quantidade de demandas acumuladas, de anos anteriores. \u201cTemos mais de duas mil obras pendentes, n\u00e3o vamos concluir tudo. Tem demandas desde 1992\u201d, justificou Marchezan. Segundo o prefeito, no ano passado n\u00e3o foi cumprido nem 10% do planejado no OP.<br \/>\nMarchezan se comprometeu a, duas vezes por m\u00eas, levar boa parte da estrutura de governo a comunidades de baixa renda localizadas longe do acesso aos servi\u00e7os p\u00fablicos, para aproximar o governo da popula\u00e7\u00e3o.<br \/>\n<span class=\"intertit\">Reciclagem de res\u00edduos ficou de fora das metas<\/span><br \/>\nCoordenador do F\u00f3rum das Unidades de Triagem de Porto Alegre, Ant\u00f4nio Matos cobrou que a triagem e reciclagem de res\u00edduos s\u00f3lidos n\u00e3o foi inclu\u00edda em nenhuma meta. \u201cN\u00e3o consta nada sobre reciclagem, \u00e9 como se n\u00e3o existisse\u201d, criticou.<br \/>\nAnt\u00f4nio lembrou que s\u00e3o 17 unidades de triagem em Porto Alegre, onde trabalham diretamente em torno de 500 pessoas. Por este sistema passam 2 mil toneladas de lixo recicl\u00e1vel por m\u00eas.<br \/>\nMarchezan reconheceu a import\u00e2ncia do trabalho desenvolvido pelas unidades de triagem e afirmou que foi uma falha da gest\u00e3o n\u00e3o ter inclu\u00eddo a atividades entre as metas.<br \/>\n<span class=\"intertit\">Sindicato cobra pagamentos atrasados da cultura<\/span><br \/>\nO \u00fanico protesto registrado nas galerias foi de um grupo que apresentou um cartaz com a frase &#8220;Prefeitura, pague a cultura.\u201d<br \/>\n<figure id=\"attachment_47934\" aria-describedby=\"caption-attachment-47934\" style=\"width: 725px\" class=\"wp-caption alignnone\"><img loading=\"lazy\" decoding=\"async\" class=\"wp-image-47934 size-full\" src=\"https:\/\/www.jornalja.com.br\/wp-content\/uploads\/2017\/05\/IMG_20170502_193339127.jpg\" alt=\"\u00danico protesto da audi\u00eancia pedia o pagamento das d\u00edvidas da Prefeitura com artistas \/ Matheus Chaparini\" width=\"725\" height=\"408\" \/><figcaption id=\"caption-attachment-47934\" class=\"wp-caption-text\">\u00danico protesto da audi\u00eancia pedia o pagamento das d\u00edvidas da Prefeitura com artistas \/ Matheus Chaparini\/J\u00c1<\/figcaption><\/figure><br \/>\nO presidente do Sated RS (Sindicato dos Artistas e T\u00e9cnicos em Espet\u00e1culos e Divers\u00f5es), F\u00e1bio Cunha, cobrou do prefeito a quita\u00e7\u00e3o dos pagamentos atrasados da gest\u00e3o passada aos artistas. \u201cTem pagamentos do Fumproarte de 2014 que ainda n\u00e3o foram feitos\u201d, afirmou. Segundo Cunha, somente em rela\u00e7\u00e3o ao Fumproarte, s\u00e3o mais de R$ 2 milh\u00f5es de d\u00edvidas da Prefeitura com os artistas, al\u00e9m de mais de R$ 1 milh\u00e3o da Companhia de Dan\u00e7a, e premia\u00e7\u00f5es que n\u00e3o foram pagas do Pr\u00eamio A\u00e7orianos.<br \/>\nUma <a href=\"http:\/\/www.facebook.com\/groups\/630716303787072\/\" target=\"_blank\" rel=\"noopener noreferrer\">p\u00e1gina foi criada no facebook<\/a>, atrav\u00e9s da qual diversos artistas informam sobre os valores n\u00e3o pagos pela Prefeitura.<br \/>\nF\u00e1bio Cunha questionou se a meta 29, que garante que 15% da capacidade m\u00e9dia de p\u00fablico dos espet\u00e1culos nos espa\u00e7os municipais seja disponibilizada gratuitamente para pessoas de baixa renda, n\u00e3o trar\u00e1 preju\u00edzos aos artistas. Marchezan garantiu: \u201cN\u00e3o sair\u00e1 do bolso dos artistas. N\u00e3o vamos tratar a Prefeitura como casa de fazer favor com o dinheiro dos outros.\u201d<br \/>\n<span class=\"intertit\">No encerramento, um recado \u00e0 C\u00e2mara e aos servidores<\/span><br \/>\nAp\u00f3s as manifesta\u00e7\u00f5es ao microfone, Marchezan fez quest\u00e3o de responder uma a uma \u00e0s coloca\u00e7\u00f5es da tribuna. O prefeito voltou a afirmar que a situa\u00e7\u00e3o das contas do Munic\u00edpio \u00e9 preocupante e que este ser\u00e1 um ano dif\u00edcil, mas disse acreditar que algumas \u00e1reas, como seguran\u00e7a, sa\u00fade e cultura, v\u00e3o avan\u00e7ar.<br \/>\nNelson Marchezan J\u00fanior afirmou que as gratifica\u00e7\u00f5es est\u00e3o sendo revistas e que a contribui\u00e7\u00e3o dos servidores para a melhoria da situa\u00e7\u00e3o financeira ser\u00e1 abrir m\u00e3o de reajuste nos pr\u00f3ximos anos.<br \/>\nMarchezan encerrou com\u00a0um recado aos vereadores e aos servidores municipais: \u201cSe todas as medidas do Executivo forem aprovadas, vamos empatar as contas somente no final de 2018. Se n\u00e3o forem aprovadas, \u00e9 um aviso aos servidores, vai atrasar sempre e em alguns meses n\u00e3o vamos pagar\u201d.<\/p>\n","protected":false},"excerpt":{"rendered":"<p>Matheus Chaparini Diante do plen\u00e1rio da C\u00e2mara Municipal praticamente lotado, o prefeito Nelson Marchezan J\u00fanior apresentou o Programa de Metas para sua gest\u00e3o. Reconheceu que o plano, que cont\u00e9m 58 metas, traz alguns objetivos dif\u00edceis de serem alcan\u00e7ados, principalmente na \u00e1rea da educa\u00e7\u00e3o, mas afirmou que n\u00e3o seria vergonha n\u00e3o cumpri-las, mas n\u00e3o t\u00ea-las como [&hellip;]<\/p>\n","protected":false},"author":4,"featured_media":47932,"comment_status":"open","ping_status":"closed","sticky":false,"template":"","format":"standard","meta":{"_jetpack_newsletter_access":"","_jetpack_dont_email_post_to_subs":false,"_jetpack_newsletter_tier_id":0,"_jetpack_memberships_contains_paywalled_content":false,"_jetpack_feature_clip_id":0,"_jetpack_memberships_contains_paid_content":false,"footnotes":"","jetpack_post_was_ever_published":false},"categories":[26],"tags":[],"class_list":["post-47931","post","type-post","status-publish","format-standard","has-post-thumbnail","hentry","category-geral"],"aioseo_notices":[],"aioseo_head":"\n\t\t<!-- All in One SEO 5.0.1.1 - aioseo.com -->\n\t<meta name=\"robots\" content=\"max-image-preview:large\" \/>\n\t<meta name=\"author\" content=\"da Reda\u00e7\u00e3o\"\/>\n\t<link rel=\"canonical\" href=\"https:\/\/www.jornalja.com.br\/arquivo\/marchezan-pressiona-vereadores-a-aprovarem-seu-plano-de-metas\/\" \/>\n\t<meta name=\"generator\" content=\"All in One SEO (AIOSEO) 5.0.1.1\" \/>\n\t\t<meta property=\"og:locale\" content=\"pt_BR\" \/>\n\t\t<meta property=\"og:site_name\" content=\"Arquivo | Jornal J\u00c1 | Porto Alegre\" \/>\n\t\t<meta property=\"og:type\" content=\"article\" \/>\n\t\t<meta property=\"og:title\" content=\"Marchezan pressiona vereadores a aprovarem todas as suas medidas | Arquivo\" \/>\n\t\t<meta property=\"og:url\" content=\"https:\/\/www.jornalja.com.br\/arquivo\/marchezan-pressiona-vereadores-a-aprovarem-seu-plano-de-metas\/\" \/>\n\t\t<meta property=\"og:image\" content=\"https:\/\/www.jornalja.com.br\/wp-content\/uploads\/2017\/05\/IMG_20170502_193339127.jpg\" \/>\n\t\t<meta property=\"og:image:secure_url\" content=\"https:\/\/www.jornalja.com.br\/wp-content\/uploads\/2017\/05\/IMG_20170502_193339127.jpg\" \/>\n\t\t<meta property=\"article:published_time\" content=\"2017-05-03T02:32:38+00:00\" \/>\n\t\t<meta property=\"article:modified_time\" content=\"2017-05-03T02:32:38+00:00\" \/>\n\t\t<meta name=\"twitter:card\" content=\"summary\" \/>\n\t\t<meta name=\"twitter:title\" content=\"Marchezan pressiona vereadores a aprovarem todas as suas medidas | Arquivo\" \/>\n\t\t<meta name=\"twitter:image\" content=\"https:\/\/www.jornalja.com.br\/economics\/wp-content\/uploads\/sites\/11\/2026\/08\/ja-folhaderosto-facebook.jpg\" \/>\n\t\t<script type=\"application\/ld+json\" class=\"aioseo-schema\">\n\t\t\t{\"@context\":\"https:\\\/\\\/schema.org\",\"@graph\":[{\"@type\":\"BlogPosting\",\"@id\":\"https:\\\/\\\/www.jornalja.com.br\\\/arquivo\\\/marchezan-pressiona-vereadores-a-aprovarem-seu-plano-de-metas\\\/#blogposting\",\"name\":\"Marchezan pressiona vereadores a aprovarem todas as suas medidas | Arquivo\",\"headline\":\"Marchezan pressiona vereadores a aprovarem todas as suas medidas\",\"author\":{\"@id\":\"https:\\\/\\\/www.jornalja.com.br\\\/arquivo\\\/author\\\/daredacao\\\/#author\"},\"publisher\":{\"@id\":\"https:\\\/\\\/www.jornalja.com.br\\\/arquivo\\\/#organization\"},\"image\":{\"@type\":\"ImageObject\",\"url\":47932},\"datePublished\":\"2017-05-02T23:32:38-03:00\",\"dateModified\":\"2017-05-02T23:32:38-03:00\",\"inLanguage\":\"pt-BR\",\"mainEntityOfPage\":{\"@id\":\"https:\\\/\\\/www.jornalja.com.br\\\/arquivo\\\/marchezan-pressiona-vereadores-a-aprovarem-seu-plano-de-metas\\\/#webpage\"},\"isPartOf\":{\"@id\":\"https:\\\/\\\/www.jornalja.com.br\\\/arquivo\\\/marchezan-pressiona-vereadores-a-aprovarem-seu-plano-de-metas\\\/#webpage\"},\"articleSection\":\"Geral\"},{\"@type\":\"BreadcrumbList\",\"@id\":\"https:\\\/\\\/www.jornalja.com.br\\\/arquivo\\\/marchezan-pressiona-vereadores-a-aprovarem-seu-plano-de-metas\\\/#breadcrumblist\",\"itemListElement\":[{\"@type\":\"ListItem\",\"@id\":\"https:\\\/\\\/www.jornalja.com.br\\\/arquivo#listItem\",\"position\":1,\"name\":\"Home\",\"item\":\"https:\\\/\\\/www.jornalja.com.br\\\/arquivo\",\"nextItem\":{\"@type\":\"ListItem\",\"@id\":\"https:\\\/\\\/www.jornalja.com.br\\\/arquivo\\\/category\\\/geral\\\/#listItem\",\"name\":\"Geral\"}},{\"@type\":\"ListItem\",\"@id\":\"https:\\\/\\\/www.jornalja.com.br\\\/arquivo\\\/category\\\/geral\\\/#listItem\",\"position\":2,\"name\":\"Geral\",\"item\":\"https:\\\/\\\/www.jornalja.com.br\\\/arquivo\\\/category\\\/geral\\\/\",\"nextItem\":{\"@type\":\"ListItem\",\"@id\":\"https:\\\/\\\/www.jornalja.com.br\\\/arquivo\\\/marchezan-pressiona-vereadores-a-aprovarem-seu-plano-de-metas\\\/#listItem\",\"name\":\"Marchezan pressiona vereadores a aprovarem todas as suas medidas\"},\"previousItem\":{\"@type\":\"ListItem\",\"@id\":\"https:\\\/\\\/www.jornalja.com.br\\\/arquivo#listItem\",\"name\":\"Home\"}},{\"@type\":\"ListItem\",\"@id\":\"https:\\\/\\\/www.jornalja.com.br\\\/arquivo\\\/marchezan-pressiona-vereadores-a-aprovarem-seu-plano-de-metas\\\/#listItem\",\"position\":3,\"name\":\"Marchezan pressiona vereadores a aprovarem todas as suas medidas\",\"previousItem\":{\"@type\":\"ListItem\",\"@id\":\"https:\\\/\\\/www.jornalja.com.br\\\/arquivo\\\/category\\\/geral\\\/#listItem\",\"name\":\"Geral\"}}]},{\"@type\":\"Organization\",\"@id\":\"https:\\\/\\\/www.jornalja.com.br\\\/arquivo\\\/#organization\",\"name\":\"Jornal J\\u00c1\",\"description\":\"Jornal J\\u00c1 | Porto Alegre\",\"url\":\"https:\\\/\\\/www.jornalja.com.br\\\/arquivo\\\/\",\"telephone\":\"+555133307272\",\"logo\":{\"@type\":\"ImageObject\",\"url\":\"https:\\\/\\\/www.jornalja.com.br\\\/wp-content\\\/uploads\\\/cards\\\/JAslogan.png\",\"@id\":\"https:\\\/\\\/www.jornalja.com.br\\\/arquivo\\\/marchezan-pressiona-vereadores-a-aprovarem-seu-plano-de-metas\\\/#organizationLogo\"},\"image\":{\"@id\":\"https:\\\/\\\/www.jornalja.com.br\\\/arquivo\\\/marchezan-pressiona-vereadores-a-aprovarem-seu-plano-de-metas\\\/#organizationLogo\"}},{\"@type\":\"Person\",\"@id\":\"https:\\\/\\\/www.jornalja.com.br\\\/arquivo\\\/author\\\/daredacao\\\/#author\",\"url\":\"https:\\\/\\\/www.jornalja.com.br\\\/arquivo\\\/author\\\/daredacao\\\/\",\"name\":\"da Reda\\u00e7\\u00e3o\",\"image\":{\"@type\":\"ImageObject\",\"@id\":\"https:\\\/\\\/www.jornalja.com.br\\\/arquivo\\\/marchezan-pressiona-vereadores-a-aprovarem-seu-plano-de-metas\\\/#authorImage\",\"url\":\"https:\\\/\\\/secure.gravatar.com\\\/avatar\\\/469fd857d6605ad19919d27ed29d35a968a25f6e8fd9318356bbb7f57aae9c65?s=96&d=mm&r=g\",\"width\":96,\"height\":96,\"caption\":\"da Reda\\u00e7\\u00e3o\"}},{\"@type\":\"WebPage\",\"@id\":\"https:\\\/\\\/www.jornalja.com.br\\\/arquivo\\\/marchezan-pressiona-vereadores-a-aprovarem-seu-plano-de-metas\\\/#webpage\",\"url\":\"https:\\\/\\\/www.jornalja.com.br\\\/arquivo\\\/marchezan-pressiona-vereadores-a-aprovarem-seu-plano-de-metas\\\/\",\"name\":\"Marchezan pressiona vereadores a aprovarem todas as suas medidas | Arquivo\",\"inLanguage\":\"pt-BR\",\"isPartOf\":{\"@id\":\"https:\\\/\\\/www.jornalja.com.br\\\/arquivo\\\/#website\"},\"breadcrumb\":{\"@id\":\"https:\\\/\\\/www.jornalja.com.br\\\/arquivo\\\/marchezan-pressiona-vereadores-a-aprovarem-seu-plano-de-metas\\\/#breadcrumblist\"},\"author\":{\"@id\":\"https:\\\/\\\/www.jornalja.com.br\\\/arquivo\\\/author\\\/daredacao\\\/#author\"},\"creator\":{\"@id\":\"https:\\\/\\\/www.jornalja.com.br\\\/arquivo\\\/author\\\/daredacao\\\/#author\"},\"image\":{\"@type\":\"ImageObject\",\"url\":47932,\"@id\":\"https:\\\/\\\/www.jornalja.com.br\\\/arquivo\\\/marchezan-pressiona-vereadores-a-aprovarem-seu-plano-de-metas\\\/#mainImage\"},\"primaryImageOfPage\":{\"@id\":\"https:\\\/\\\/www.jornalja.com.br\\\/arquivo\\\/marchezan-pressiona-vereadores-a-aprovarem-seu-plano-de-metas\\\/#mainImage\"},\"datePublished\":\"2017-05-02T23:32:38-03:00\",\"dateModified\":\"2017-05-02T23:32:38-03:00\"},{\"@type\":\"WebSite\",\"@id\":\"https:\\\/\\\/www.jornalja.com.br\\\/arquivo\\\/#website\",\"url\":\"https:\\\/\\\/www.jornalja.com.br\\\/arquivo\\\/\",\"name\":\"Arquivo\",\"description\":\"Jornal J\\u00c1 | Porto Alegre\",\"inLanguage\":\"pt-BR\",\"publisher\":{\"@id\":\"https:\\\/\\\/www.jornalja.com.br\\\/arquivo\\\/#organization\"}}]}\n\t\t<\/script>\n\t\t<!-- All in One SEO -->\n\n","aioseo_head_json":{"title":"Marchezan pressiona vereadores a aprovarem todas as suas medidas | Arquivo","description":"","canonical_url":"https:\/\/www.jornalja.com.br\/arquivo\/marchezan-pressiona-vereadores-a-aprovarem-seu-plano-de-metas\/","robots":"max-image-preview:large","keywords":"","webmasterTools":{"miscellaneous":""},"schema":{"@context":"https:\/\/schema.org","@graph":[{"@type":"BlogPosting","@id":"https:\/\/www.jornalja.com.br\/arquivo\/marchezan-pressiona-vereadores-a-aprovarem-seu-plano-de-metas\/#blogposting","name":"Marchezan pressiona vereadores a aprovarem todas as suas medidas | Arquivo","headline":"Marchezan pressiona vereadores a aprovarem todas as suas medidas","author":{"@id":"https:\/\/www.jornalja.com.br\/arquivo\/author\/daredacao\/#author"},"publisher":{"@id":"https:\/\/www.jornalja.com.br\/arquivo\/#organization"},"image":{"@type":"ImageObject","url":47932},"datePublished":"2017-05-02T23:32:38-03:00","dateModified":"2017-05-02T23:32:38-03:00","inLanguage":"pt-BR","mainEntityOfPage":{"@id":"https:\/\/www.jornalja.com.br\/arquivo\/marchezan-pressiona-vereadores-a-aprovarem-seu-plano-de-metas\/#webpage"},"isPartOf":{"@id":"https:\/\/www.jornalja.com.br\/arquivo\/marchezan-pressiona-vereadores-a-aprovarem-seu-plano-de-metas\/#webpage"},"articleSection":"Geral"},{"@type":"BreadcrumbList","@id":"https:\/\/www.jornalja.com.br\/arquivo\/marchezan-pressiona-vereadores-a-aprovarem-seu-plano-de-metas\/#breadcrumblist","itemListElement":[{"@type":"ListItem","@id":"https:\/\/www.jornalja.com.br\/arquivo#listItem","position":1,"name":"Home","item":"https:\/\/www.jornalja.com.br\/arquivo","nextItem":{"@type":"ListItem","@id":"https:\/\/www.jornalja.com.br\/arquivo\/category\/geral\/#listItem","name":"Geral"}},{"@type":"ListItem","@id":"https:\/\/www.jornalja.com.br\/arquivo\/category\/geral\/#listItem","position":2,"name":"Geral","item":"https:\/\/www.jornalja.com.br\/arquivo\/category\/geral\/","nextItem":{"@type":"ListItem","@id":"https:\/\/www.jornalja.com.br\/arquivo\/marchezan-pressiona-vereadores-a-aprovarem-seu-plano-de-metas\/#listItem","name":"Marchezan pressiona vereadores a aprovarem todas as suas medidas"},"previousItem":{"@type":"ListItem","@id":"https:\/\/www.jornalja.com.br\/arquivo#listItem","name":"Home"}},{"@type":"ListItem","@id":"https:\/\/www.jornalja.com.br\/arquivo\/marchezan-pressiona-vereadores-a-aprovarem-seu-plano-de-metas\/#listItem","position":3,"name":"Marchezan pressiona vereadores a aprovarem todas as suas medidas","previousItem":{"@type":"ListItem","@id":"https:\/\/www.jornalja.com.br\/arquivo\/category\/geral\/#listItem","name":"Geral"}}]},{"@type":"Organization","@id":"https:\/\/www.jornalja.com.br\/arquivo\/#organization","name":"Jornal J\u00c1","description":"Jornal J\u00c1 | Porto Alegre","url":"https:\/\/www.jornalja.com.br\/arquivo\/","telephone":"+555133307272","logo":{"@type":"ImageObject","url":"https:\/\/www.jornalja.com.br\/wp-content\/uploads\/cards\/JAslogan.png","@id":"https:\/\/www.jornalja.com.br\/arquivo\/marchezan-pressiona-vereadores-a-aprovarem-seu-plano-de-metas\/#organizationLogo"},"image":{"@id":"https:\/\/www.jornalja.com.br\/arquivo\/marchezan-pressiona-vereadores-a-aprovarem-seu-plano-de-metas\/#organizationLogo"}},{"@type":"Person","@id":"https:\/\/www.jornalja.com.br\/arquivo\/author\/daredacao\/#author","url":"https:\/\/www.jornalja.com.br\/arquivo\/author\/daredacao\/","name":"da Reda\u00e7\u00e3o","image":{"@type":"ImageObject","@id":"https:\/\/www.jornalja.com.br\/arquivo\/marchezan-pressiona-vereadores-a-aprovarem-seu-plano-de-metas\/#authorImage","url":"https:\/\/secure.gravatar.com\/avatar\/469fd857d6605ad19919d27ed29d35a968a25f6e8fd9318356bbb7f57aae9c65?s=96&d=mm&r=g","width":96,"height":96,"caption":"da Reda\u00e7\u00e3o"}},{"@type":"WebPage","@id":"https:\/\/www.jornalja.com.br\/arquivo\/marchezan-pressiona-vereadores-a-aprovarem-seu-plano-de-metas\/#webpage","url":"https:\/\/www.jornalja.com.br\/arquivo\/marchezan-pressiona-vereadores-a-aprovarem-seu-plano-de-metas\/","name":"Marchezan pressiona vereadores a aprovarem todas as suas medidas | Arquivo","inLanguage":"pt-BR","isPartOf":{"@id":"https:\/\/www.jornalja.com.br\/arquivo\/#website"},"breadcrumb":{"@id":"https:\/\/www.jornalja.com.br\/arquivo\/marchezan-pressiona-vereadores-a-aprovarem-seu-plano-de-metas\/#breadcrumblist"},"author":{"@id":"https:\/\/www.jornalja.com.br\/arquivo\/author\/daredacao\/#author"},"creator":{"@id":"https:\/\/www.jornalja.com.br\/arquivo\/author\/daredacao\/#author"},"image":{"@type":"ImageObject","url":47932,"@id":"https:\/\/www.jornalja.com.br\/arquivo\/marchezan-pressiona-vereadores-a-aprovarem-seu-plano-de-metas\/#mainImage"},"primaryImageOfPage":{"@id":"https:\/\/www.jornalja.com.br\/arquivo\/marchezan-pressiona-vereadores-a-aprovarem-seu-plano-de-metas\/#mainImage"},"datePublished":"2017-05-02T23:32:38-03:00","dateModified":"2017-05-02T23:32:38-03:00"},{"@type":"WebSite","@id":"https:\/\/www.jornalja.com.br\/arquivo\/#website","url":"https:\/\/www.jornalja.com.br\/arquivo\/","name":"Arquivo","description":"Jornal J\u00c1 | Porto Alegre","inLanguage":"pt-BR","publisher":{"@id":"https:\/\/www.jornalja.com.br\/arquivo\/#organization"}}]},"og:locale":"pt_BR","og:site_name":"Arquivo | Jornal J\u00c1 | Porto Alegre","og:type":"article","og:title":"Marchezan pressiona vereadores a aprovarem todas as suas medidas | Arquivo","og:url":"https:\/\/www.jornalja.com.br\/arquivo\/marchezan-pressiona-vereadores-a-aprovarem-seu-plano-de-metas\/","og:image":"https:\/\/www.jornalja.com.br\/wp-content\/uploads\/2017\/05\/IMG_20170502_193339127.jpg","og:image:secure_url":"https:\/\/www.jornalja.com.br\/wp-content\/uploads\/2017\/05\/IMG_20170502_193339127.jpg","article:published_time":"2017-05-03T02:32:38+00:00","article:modified_time":"2017-05-03T02:32:38+00:00","twitter:card":"summary","twitter:title":"Marchezan pressiona vereadores a aprovarem todas as suas medidas | Arquivo","twitter:image":"https:\/\/www.jornalja.com.br\/economics\/wp-content\/uploads\/sites\/11\/2026\/08\/ja-folhaderosto-facebook.jpg"},"aioseo_meta_data":{"post_id":"47931","title":null,"description":null,"keywords":null,"keyphrases":null,"primary_term":null,"canonical_url":null,"og_title":null,"og_description":null,"og_object_type":"default","og_image_type":"default","og_image_url":null,"og_image_width":null,"og_image_height":null,"og_image_custom_url":null,"og_image_custom_fields":null,"og_video":null,"og_custom_url":null,"og_article_section":null,"og_article_tags":null,"twitter_use_og":false,"twitter_card":"default","twitter_image_type":"default","twitter_image_url":null,"twitter_image_custom_url":null,"twitter_image_custom_fields":null,"twitter_title":null,"twitter_description":null,"schema":{"blockGraphs":[],"customGraphs":[],"default":{"data":{"Article":[],"Course":[],"Dataset":[],"FAQPage":[],"Movie":[],"Person":[],"Product":[],"ProductReview":[],"Car":[],"Recipe":[],"Service":[],"SoftwareApplication":[],"WebPage":[]},"graphName":"","isEnabled":true},"graphs":[]},"schema_type":null,"schema_type_options":null,"pillar_content":false,"robots_default":true,"robots_noindex":false,"robots_noarchive":false,"robots_nosnippet":false,"robots_nofollow":false,"robots_noimageindex":false,"robots_noodp":false,"robots_notranslate":false,"robots_max_snippet":null,"robots_max_videopreview":null,"robots_max_imagepreview":"large","priority":null,"frequency":null,"location":null,"local_seo":null,"breadcrumb_settings":null,"limit_modified_date":false,"ai":null,"created":"2020-12-20 20:35:51","updated":"2025-07-19 21:16:53","seo_analyzer_scan_date":null,"focus_keyword":null,"additional_keywords":null,"truseo_locale":null},"jetpack_sharing_enabled":true,"jetpack-related-posts":[{"id":5440,"url":"https:\/\/www.jornalja.com.br\/arquivo\/casarao-da-venancio-destino-permanece-incerto\/","url_meta":{"origin":47931,"position":0},"title":"Estado ainda n\u00e3o sabe o que fazer com casar\u00e3o abandonado h\u00e1 20 anos","author":"Elmar Bones","date":"6 de julho de 2009","format":false,"excerpt":"O casar\u00e3o amarelo, numa esquina nobre de Porto Alegre (Ven\u00e2ncio Aires com Jo\u00e3o Pessoa), j\u00e1 abrigou uma escola. H\u00e1 duas d\u00e9cadas, pelo menos, est\u00e1 abandonado, porque seu propriet\u00e1rio, o governo do Estado do Rio Grande do Sul, n\u00e3o consegue achar um destino para ele. Planos n\u00e3o faltaram. O governador Ol\u00edvio\u2026","rel":"","context":"Em &quot;X.Categorias velhas&quot;","block_context":{"text":"X.Categorias velhas","link":"https:\/\/www.jornalja.com.br\/arquivo\/category\/x-categorias-velhas\/"},"img":{"alt_text":"geraldo1","src":"https:\/\/i0.wp.com\/www.jornalja.com.br\/wp-content\/uploads\/2009\/07\/geraldo1.jpg?resize=350%2C200&ssl=1","width":350,"height":200},"classes":[]},{"id":14241,"url":"https:\/\/www.jornalja.com.br\/arquivo\/o-guaiba-nas-imagens-poeticas-de-achutti\/","url_meta":{"origin":47931,"position":1},"title":"O Gua\u00edba nas imagens po\u00e9ticas de Achutti","author":"da Reda\u00e7\u00e3o","date":"18 de junho de 2014","format":false,"excerpt":"Em \u201cO Gua\u00edba por Achutti\u201d \u2013 obra financiada via Minist\u00e9rio da Cultura, produ\u00e7\u00e3o executiva de Pedro Longhi, e Fl\u00e1vio Wild como designer \u2013, o fot\u00f3grafo revela a beleza e as mazelas de um espa\u00e7o aqu\u00e1tico de \u00e1guas sempre renovadas, cheio de hist\u00f3rias e lendas como as das cidades que foram\u2026","rel":"","context":"Em &quot;Cultura-Geral&quot;","block_context":{"text":"Cultura-Geral","link":"https:\/\/www.jornalja.com.br\/arquivo\/category\/materiasecundaria\/"},"img":{"alt_text":"","src":"","width":0,"height":0},"classes":[]},{"id":13240,"url":"https:\/\/www.jornalja.com.br\/arquivo\/plano-diretor-estamos-construindo-o-caos\/","url_meta":{"origin":47931,"position":2},"title":"Plano diretor: &quot;Estamos construindo o caos&quot;","author":"Patr\u00edcia Marini","date":"26 de maio de 2014","format":false,"excerpt":"Desabafo que arquiteta Eliana Castilhos, delegada da Regi\u00e3o de Planejamento 1, postou nas redes sociais \u00e9 um testemunho do ambiente que se criou no Conselho do Plano Diretor de Porto Alegre, onde a aprova\u00e7\u00e3o de grandes empreendimentos \u00e9 empurrada guela abaixo dos conselheiros. Ao CMDUA Como delegada da Regi\u00e3o de\u2026","rel":"","context":"Em &quot;Geral&quot;","block_context":{"text":"Geral","link":"https:\/\/www.jornalja.com.br\/arquivo\/category\/geral\/"},"img":{"alt_text":"","src":"","width":0,"height":0},"classes":[]},{"id":13124,"url":"https:\/\/www.jornalja.com.br\/arquivo\/sangue-latino-no-iecine\/","url_meta":{"origin":47931,"position":3},"title":"Sangue latino no IECINE","author":"da Reda\u00e7\u00e3o","date":"18 de maio de 2014","format":false,"excerpt":"Francisco Ribeiro O Instituto Estadual de Cinema (IECINE) tem a frente, desde abril \u00faltimo, um novo diretor, o cineasta colombiano Juan Zapata, 36, que substitui Luiz Alberto Cassol. Radicado h\u00e1 dez anos em Porto Alegre, Zapata tem diante de si o desafio de conduzir at\u00e9 o final do ano um\u2026","rel":"","context":"Em &quot;Cultura-Geral&quot;","block_context":{"text":"Cultura-Geral","link":"https:\/\/www.jornalja.com.br\/arquivo\/category\/materiasecundaria\/"},"img":{"alt_text":"","src":"","width":0,"height":0},"classes":[]},{"id":13239,"url":"https:\/\/www.jornalja.com.br\/arquivo\/conselho-desdenha-do-plano-diretor\/","url_meta":{"origin":47931,"position":4},"title":"Porto Alegre: Conselho detona Plano Diretor","author":"Patr\u00edcia Marini","date":"25 de maio de 2014","format":false,"excerpt":"Den\u00fancia do arquiteto e \u00a0urbanista Ibir\u00e1 Santos Lucas. Ele diz que os conselheiros est\u00e3o votando com \"enorme irresponsabilidade\". \"Mudam regime com a maior naturalidade,,,regularizam absurdos de constru\u00e7\u00f5es irregulares... \"O CMDUA est\u00e1 flexibilizando a lei do plano diretor, de uma forma impactante na vida da cidade. Mudam regime com a maior\u2026","rel":"","context":"Em &quot;Geral&quot;","block_context":{"text":"Geral","link":"https:\/\/www.jornalja.com.br\/arquivo\/category\/geral\/"},"img":{"alt_text":"","src":"","width":0,"height":0},"classes":[]},{"id":12960,"url":"https:\/\/www.jornalja.com.br\/arquivo\/populacao-culpa-empresas-pela-greve-dos-rodoviarios\/","url_meta":{"origin":47931,"position":5},"title":"Popula\u00e7\u00e3o culpa empresas pela greve","author":"Patr\u00edcia Marini","date":"14 de fevereiro de 2014","format":false,"excerpt":"Pesquisa divulgada na edi\u00e7\u00e3o do jornal Metro desta sexta-feira,14, comprova o velho ditado: \u00e9 poss\u00edvel enganar muitos por algum tempo, mas n\u00e3o \u00e9 poss\u00edvel enganar a todos o tempo inteiro. A principal revela\u00e7\u00e3o foi que 59,8% dos entrevistados apontaram as empresas como as principais respons\u00e1veis pela grave e 46% culparam\u2026","rel":"","context":"Em &quot;X.Categorias velhas&quot;","block_context":{"text":"X.Categorias velhas","link":"https:\/\/www.jornalja.com.br\/arquivo\/category\/x-categorias-velhas\/"},"img":{"alt_text":"","src":"","width":0,"height":0},"classes":[]}],"jetpack_shortlink":"https:\/\/wp.me\/pbQjBd-ct5","jetpack_featured_media_url":"","_links":{"self":[{"href":"https:\/\/www.jornalja.com.br\/arquivo\/wp-json\/wp\/v2\/posts\/47931","targetHints":{"allow":["GET"]}}],"collection":[{"href":"https:\/\/www.jornalja.com.br\/arquivo\/wp-json\/wp\/v2\/posts"}],"about":[{"href":"https:\/\/www.jornalja.com.br\/arquivo\/wp-json\/wp\/v2\/types\/post"}],"author":[{"embeddable":true,"href":"https:\/\/www.jornalja.com.br\/arquivo\/wp-json\/wp\/v2\/users\/4"}],"replies":[{"embeddable":true,"href":"https:\/\/www.jornalja.com.br\/arquivo\/wp-json\/wp\/v2\/comments?post=47931"}],"version-history":[{"count":0,"href":"https:\/\/www.jornalja.com.br\/arquivo\/wp-json\/wp\/v2\/posts\/47931\/revisions"}],"wp:attachment":[{"href":"https:\/\/www.jornalja.com.br\/arquivo\/wp-json\/wp\/v2\/media?parent=47931"}],"wp:term":[{"taxonomy":"category","embeddable":true,"href":"https:\/\/www.jornalja.com.br\/arquivo\/wp-json\/wp\/v2\/categories?post=47931"},{"taxonomy":"post_tag","embeddable":true,"href":"https:\/\/www.jornalja.com.br\/arquivo\/wp-json\/wp\/v2\/tags?post=47931"}],"curies":[{"name":"wp","href":"https:\/\/api.w.org\/{rel}","templated":true}]}}