{"id":47964,"date":"2017-05-04T10:40:06","date_gmt":"2017-05-04T13:40:06","guid":{"rendered":"https:\/\/www.jornalja.com.br\/?p=47964"},"modified":"2017-05-04T10:40:06","modified_gmt":"2017-05-04T13:40:06","slug":"movimento-defende-carris-publica-e-transparente","status":"publish","type":"post","link":"https:\/\/www.jornalja.com.br\/arquivo\/movimento-defende-carris-publica-e-transparente\/","title":{"rendered":"Movimento defende Carris p\u00fablica e transparente"},"content":{"rendered":"<p>A Companhia Carris Porto Alegrense, que j\u00e1 foi premiada como a melhor empresa de \u00f4nibus do Brasil, deve permanecer p\u00fablica e voltar a ser a empresa de transporte refer\u00eancia de qualidade\u00a0 em todo o pa\u00eds.<br \/>\nEsta foi a s\u00edntese das interven\u00e7\u00f5es dos participantes do col\u00f3quio \u201cQual a Carris que Queremos?\u201d, realizado pela bancada do PT na C\u00e2mara Municipal de Porto Alegre na tarde desta quarta-feira (03\/05).<br \/>\nO debate foi proposto pela Comiss\u00e3o de Funcion\u00e1rios, diante das amea\u00e7as de venda da empresa por parte do prefeito Nelson Marchezan Junior.<br \/>\nOs preju\u00edzos s\u00e3o uma realidade dos \u00faltimos anos, quando come\u00e7ou o sucateamento da frota, desmotiva\u00e7\u00e3o dos funcion\u00e1rios e do recente d\u00e9ficit da empresa.<br \/>\nEntre os encaminhamentos do debate est\u00e1 a apresenta\u00e7\u00e3o objetiva da real situa\u00e7\u00e3o a todas as bancadas na C\u00e2mara e ao Executivo.<br \/>\nA bancada petista integra as Frentes Parlamentares em Defesa da Carris e em Defesa do Servi\u00e7o P\u00fablico. O vereador Odacir Oliboni tamb\u00e9m protocolou Projeto de Lei condicionando a venda de empresas p\u00fablicas a realiza\u00e7\u00e3o de plebiscito.<br \/>\n<figure id=\"attachment_47966\" aria-describedby=\"caption-attachment-47966\" style=\"width: 725px\" class=\"wp-caption alignnone\"><img loading=\"lazy\" decoding=\"async\" class=\"size-full wp-image-47966\" src=\"https:\/\/www.jornalja.com.br\/wp-content\/uploads\/2017\/05\/Carris_ColoquioPT_Foto_Marta_Resing-3.jpg\" alt=\"Movimento vai mostrar ao Executivo e demais bancadas dados que confirmam a viabilidade da empresa \/ Foto Marta Resing\" width=\"725\" height=\"483\" \/><figcaption id=\"caption-attachment-47966\" class=\"wp-caption-text\">Movimento vai mostrar ao Executivo e demais bancadas dados que confirmam a viabilidade da empresa \/ Foto Marta Resing<\/figcaption><\/figure><br \/>\n&#8220;No Executivo fomos agentes p\u00fablicos capazes de gerir com qualidade e boa gest\u00e3o. Vamos apresentar as propostas de como fazer&#8221;, disse a l\u00edder da bancada, Sofia Cavedon, que conduziu o col\u00f3quio. Estiveram presentes tamb\u00e9m dos vereadores Adeli Sell e Marcelo Sgarbossa. Sofia anunciou que a bancada do PT vai solicitar nova auditoria do Tribunal de Contas do Estado (TCE) com urg\u00eancia na Carris.<br \/>\n<strong>Sucateamento intencional<\/strong><br \/>\n&#8220;Os problemas s\u00e3o de gest\u00e3o e n\u00f3s n\u00e3o somos respons\u00e1veis pela situa\u00e7\u00e3o\u201d afirmou Cristiano Soares, que falou pela Comiss\u00e3o de Funcion\u00e1rios. Segundo ele, dos 358 ve\u00edculos da empresa, cerca de 80 \u00f4nibus est\u00e3o parados por falta de pe\u00e7as, sem estimativa para voltarem a circular. \u201cDefendemos a Carris, forte, com papel estrat\u00e9gico para o desenvolvimento cidad\u00e3o, inclusiva e que permane\u00e7a sob controle p\u00fablico\u201d, registrou.<br \/>\nA Comiss\u00e3o de Funcion\u00e1rios e o Sindicato dos Rodovi\u00e1rios apresentaram um diagn\u00f3stico e um conjunto de informa\u00e7\u00f5es que retratam o descuido na gest\u00e3o da Companhia. Eles identificam uma uma s\u00e9rie de movimentos para inviabilizar a empresa dizendo que n\u00e3o \u00e9 sustent\u00e1vel, para encaminhar a sua privatiza\u00e7\u00e3o.<br \/>\nO vice-presidente do Sindicato dos Rodovi\u00e1rios, Sandro Abadi, disse que muitos \u00f4nibus em circula\u00e7\u00e3o est\u00e3o com pneus carecas, utilizando pe\u00e7as recicladas de outros carros, usando \u00e1gua da torneira para o sistema de arrefecimento e \u00f3leo queimado para completar o reservat\u00f3rio de \u00f3leo de motor. \u201cA Carris hoje tem a frota mais velha da capital\u201d, lamentou.<br \/>\n<strong>Funcion\u00e1rios inseguros<\/strong><br \/>\n\u201cComo funcion\u00e1rios estamos sendo massacrados, amea\u00e7ados de demiss\u00e3o por qualquer motivo e em p\u00e2nico com gest\u00f5es temer\u00e1rias. Nos sentimos ref\u00e9ns\u201d, desabafou Najla da Veiga, relatando que os administradores anunciam que 40% do quadro deve ser demitido. \u201cSomos uma empresa que preza o bom atendimento e nos mobilizamos por isso. Mas estamos sendo desrespeitados e penalizados\u201d, acentuou, respaldada por v\u00e1rios funcion\u00e1rios presentes.<br \/>\nO sucateamento da empresa, o encerramento da forma\u00e7\u00e3o permanente, e o descalabro salarial entre os quadros de carreira e os Cargos em Comiss\u00e3o tamb\u00e9m foram relatados.<br \/>\nO funcion\u00e1rio da Carris e representante da CUT no Comtu, Alceu Webber, refor\u00e7ou a estrat\u00e9gia do Executivo de sucatear e fragilizar a empresa para repass\u00e1-la \u00e0 iniciativa privada. Listou linhas rent\u00e1veis j\u00e1 repassadas para operadores privadas e linhas deficit\u00e1rias assumidas pela companhia p\u00fablica. \u201cEst\u00e3o retirando receita e precarizando. Com esta f\u00f3rmula n\u00e3o tem como n\u00e3o ter d\u00e9ficit\u201d, ironizou, defendendo regula\u00e7\u00e3o\u00a0 para evitar evas\u00e3o de receitas e apontando superfaturamento em contratos com prestadores de servi\u00e7o. Ele ressaltou ainda que quando a Carris foi premiada como a melhor do pa\u00eds, &#8220;t\u00ednhamos em curso o Programa Qualidade Carris, responsabilizando tanto operadores quanto manuten\u00e7\u00e3o, e havia quadros de transpar\u00eancia dos dados de cada per\u00edodo: absente\u00edsmo, acidentes, etc, e treinamento sistem\u00e1tico e permanente de todos os funcion\u00e1rios\u201d.<br \/>\n<strong>Desvios e irregularidades<\/strong><br \/>\n\u201c\u00c9 um festival de irregularidades, com roubos e dezenas de apontamentos pelo Tribunal de Contas do Estado\u201d, registrou o economista Paulo M\u00fczzel, funcion\u00e1rio p\u00fablico aposentado e presidente da empresa em 1989\/90. Com dados da pr\u00f3pria Prefeitura, mostrou que as \u00faltimas gest\u00f5es foram irrespons\u00e1veis, levando a empresa a um quadro de preju\u00edzos estimados em R$ 140 milh\u00f5es nos \u00faltimos tr\u00eas anos. Destacou ainda o crescimento do quadro de funcion\u00e1rios, que em 2000 era de 1.377, atualmente \u00e9 de 2.337.<br \/>\nPara Luiz Carlos Bertotto, especializado em empresas p\u00fablicas, e gestor da Carris em 1993\/94, \u00e9 um absurdo pensar em privatizar. \u201c\u00c9 preciso modernizar e mant\u00ea-la p\u00fablica. Bem gerida, pode-se fazer coisas de ponta e muito bem feitas. J\u00e1 foi a melhor empresa de transporte do Brasil e dava lucro\u201d, afirmou o ex-secret\u00e1rio municipal de Transportes, ex-presidente da EPTC, Detran e da EGR.<br \/>\n\u201c\u00c9 preciso controle na gest\u00e3o da empresa, na gest\u00e3o p\u00fablica da receita do transporte como prev\u00ea a Lei de Mobilidade. A Carris \u00e9 uma empresa vi\u00e1vel\u201d, garantiu. &#8220;J\u00e1 mostrou isso e tem voca\u00e7\u00e3o para atender a cidade. S\u00f3 n\u00e3o v\u00ea quem pensa a cidade como neg\u00f3cio e n\u00e3o como espa\u00e7o de cidadania\u201d, completou Mauri Cruz.<br \/>\n&nbsp;<br \/>\n(<em>Com informa\u00e7\u00f5es do gabinete de Sofia Cavedon)<\/em><br \/>\n&nbsp;<\/p>\n","protected":false},"excerpt":{"rendered":"<p>A Companhia Carris Porto Alegrense, que j\u00e1 foi premiada como a melhor empresa de \u00f4nibus do Brasil, deve permanecer p\u00fablica e voltar a ser a empresa de transporte refer\u00eancia de qualidade\u00a0 em todo o pa\u00eds. Esta foi a s\u00edntese das interven\u00e7\u00f5es dos participantes do col\u00f3quio \u201cQual a Carris que Queremos?\u201d, realizado pela bancada do PT [&hellip;]<\/p>\n","protected":false},"author":4,"featured_media":47965,"comment_status":"open","ping_status":"closed","sticky":false,"template":"","format":"standard","meta":{"_jetpack_newsletter_access":"","_jetpack_dont_email_post_to_subs":false,"_jetpack_newsletter_tier_id":0,"_jetpack_memberships_contains_paywalled_content":false,"_jetpack_feature_clip_id":0,"_jetpack_memberships_contains_paid_content":false,"footnotes":"","jetpack_post_was_ever_published":false},"categories":[26],"tags":[],"class_list":["post-47964","post","type-post","status-publish","format-standard","has-post-thumbnail","hentry","category-geral"],"aioseo_notices":[],"aioseo_head":"\n\t\t<!-- All in One SEO 5.0.1.1 - aioseo.com -->\n\t<meta name=\"robots\" content=\"max-image-preview:large\" \/>\n\t<meta name=\"author\" content=\"da Reda\u00e7\u00e3o\"\/>\n\t<link rel=\"canonical\" href=\"https:\/\/www.jornalja.com.br\/arquivo\/movimento-defende-carris-publica-e-transparente\/\" \/>\n\t<meta name=\"generator\" content=\"All in One SEO (AIOSEO) 5.0.1.1\" \/>\n\t\t<meta property=\"og:locale\" content=\"pt_BR\" \/>\n\t\t<meta property=\"og:site_name\" content=\"Arquivo | Jornal J\u00c1 | Porto Alegre\" \/>\n\t\t<meta property=\"og:type\" content=\"article\" \/>\n\t\t<meta property=\"og:title\" content=\"Movimento defende Carris p\u00fablica e transparente | Arquivo\" \/>\n\t\t<meta property=\"og:url\" content=\"https:\/\/www.jornalja.com.br\/arquivo\/movimento-defende-carris-publica-e-transparente\/\" \/>\n\t\t<meta property=\"og:image\" content=\"https:\/\/www.jornalja.com.br\/wp-content\/uploads\/2017\/05\/Carris_ColoquioPT_Foto_Marta_Resing-3.jpg\" \/>\n\t\t<meta property=\"og:image:secure_url\" content=\"https:\/\/www.jornalja.com.br\/wp-content\/uploads\/2017\/05\/Carris_ColoquioPT_Foto_Marta_Resing-3.jpg\" \/>\n\t\t<meta property=\"article:published_time\" content=\"2017-05-04T13:40:06+00:00\" \/>\n\t\t<meta property=\"article:modified_time\" content=\"2017-05-04T13:40:06+00:00\" \/>\n\t\t<meta name=\"twitter:card\" content=\"summary\" \/>\n\t\t<meta name=\"twitter:title\" content=\"Movimento defende Carris p\u00fablica e transparente | Arquivo\" \/>\n\t\t<meta name=\"twitter:image\" content=\"https:\/\/www.jornalja.com.br\/economics\/wp-content\/uploads\/sites\/11\/2026\/08\/ja-folhaderosto-facebook.jpg\" \/>\n\t\t<script type=\"application\/ld+json\" class=\"aioseo-schema\">\n\t\t\t{\"@context\":\"https:\\\/\\\/schema.org\",\"@graph\":[{\"@type\":\"BlogPosting\",\"@id\":\"https:\\\/\\\/www.jornalja.com.br\\\/arquivo\\\/movimento-defende-carris-publica-e-transparente\\\/#blogposting\",\"name\":\"Movimento defende Carris p\\u00fablica e transparente | Arquivo\",\"headline\":\"Movimento defende Carris p\\u00fablica e transparente\",\"author\":{\"@id\":\"https:\\\/\\\/www.jornalja.com.br\\\/arquivo\\\/author\\\/daredacao\\\/#author\"},\"publisher\":{\"@id\":\"https:\\\/\\\/www.jornalja.com.br\\\/arquivo\\\/#organization\"},\"image\":{\"@type\":\"ImageObject\",\"url\":47965},\"datePublished\":\"2017-05-04T10:40:06-03:00\",\"dateModified\":\"2017-05-04T10:40:06-03:00\",\"inLanguage\":\"pt-BR\",\"commentCount\":1,\"mainEntityOfPage\":{\"@id\":\"https:\\\/\\\/www.jornalja.com.br\\\/arquivo\\\/movimento-defende-carris-publica-e-transparente\\\/#webpage\"},\"isPartOf\":{\"@id\":\"https:\\\/\\\/www.jornalja.com.br\\\/arquivo\\\/movimento-defende-carris-publica-e-transparente\\\/#webpage\"},\"articleSection\":\"Geral\"},{\"@type\":\"BreadcrumbList\",\"@id\":\"https:\\\/\\\/www.jornalja.com.br\\\/arquivo\\\/movimento-defende-carris-publica-e-transparente\\\/#breadcrumblist\",\"itemListElement\":[{\"@type\":\"ListItem\",\"@id\":\"https:\\\/\\\/www.jornalja.com.br\\\/arquivo#listItem\",\"position\":1,\"name\":\"Home\",\"item\":\"https:\\\/\\\/www.jornalja.com.br\\\/arquivo\",\"nextItem\":{\"@type\":\"ListItem\",\"@id\":\"https:\\\/\\\/www.jornalja.com.br\\\/arquivo\\\/category\\\/geral\\\/#listItem\",\"name\":\"Geral\"}},{\"@type\":\"ListItem\",\"@id\":\"https:\\\/\\\/www.jornalja.com.br\\\/arquivo\\\/category\\\/geral\\\/#listItem\",\"position\":2,\"name\":\"Geral\",\"item\":\"https:\\\/\\\/www.jornalja.com.br\\\/arquivo\\\/category\\\/geral\\\/\",\"nextItem\":{\"@type\":\"ListItem\",\"@id\":\"https:\\\/\\\/www.jornalja.com.br\\\/arquivo\\\/movimento-defende-carris-publica-e-transparente\\\/#listItem\",\"name\":\"Movimento defende Carris p\\u00fablica e transparente\"},\"previousItem\":{\"@type\":\"ListItem\",\"@id\":\"https:\\\/\\\/www.jornalja.com.br\\\/arquivo#listItem\",\"name\":\"Home\"}},{\"@type\":\"ListItem\",\"@id\":\"https:\\\/\\\/www.jornalja.com.br\\\/arquivo\\\/movimento-defende-carris-publica-e-transparente\\\/#listItem\",\"position\":3,\"name\":\"Movimento defende Carris p\\u00fablica e transparente\",\"previousItem\":{\"@type\":\"ListItem\",\"@id\":\"https:\\\/\\\/www.jornalja.com.br\\\/arquivo\\\/category\\\/geral\\\/#listItem\",\"name\":\"Geral\"}}]},{\"@type\":\"Organization\",\"@id\":\"https:\\\/\\\/www.jornalja.com.br\\\/arquivo\\\/#organization\",\"name\":\"Jornal J\\u00c1\",\"description\":\"Jornal J\\u00c1 | Porto Alegre\",\"url\":\"https:\\\/\\\/www.jornalja.com.br\\\/arquivo\\\/\",\"telephone\":\"+555133307272\",\"logo\":{\"@type\":\"ImageObject\",\"url\":\"https:\\\/\\\/www.jornalja.com.br\\\/wp-content\\\/uploads\\\/cards\\\/JAslogan.png\",\"@id\":\"https:\\\/\\\/www.jornalja.com.br\\\/arquivo\\\/movimento-defende-carris-publica-e-transparente\\\/#organizationLogo\"},\"image\":{\"@id\":\"https:\\\/\\\/www.jornalja.com.br\\\/arquivo\\\/movimento-defende-carris-publica-e-transparente\\\/#organizationLogo\"}},{\"@type\":\"Person\",\"@id\":\"https:\\\/\\\/www.jornalja.com.br\\\/arquivo\\\/author\\\/daredacao\\\/#author\",\"url\":\"https:\\\/\\\/www.jornalja.com.br\\\/arquivo\\\/author\\\/daredacao\\\/\",\"name\":\"da Reda\\u00e7\\u00e3o\",\"image\":{\"@type\":\"ImageObject\",\"@id\":\"https:\\\/\\\/www.jornalja.com.br\\\/arquivo\\\/movimento-defende-carris-publica-e-transparente\\\/#authorImage\",\"url\":\"https:\\\/\\\/secure.gravatar.com\\\/avatar\\\/469fd857d6605ad19919d27ed29d35a968a25f6e8fd9318356bbb7f57aae9c65?s=96&d=mm&r=g\",\"width\":96,\"height\":96,\"caption\":\"da Reda\\u00e7\\u00e3o\"}},{\"@type\":\"WebPage\",\"@id\":\"https:\\\/\\\/www.jornalja.com.br\\\/arquivo\\\/movimento-defende-carris-publica-e-transparente\\\/#webpage\",\"url\":\"https:\\\/\\\/www.jornalja.com.br\\\/arquivo\\\/movimento-defende-carris-publica-e-transparente\\\/\",\"name\":\"Movimento defende Carris p\\u00fablica e transparente | Arquivo\",\"inLanguage\":\"pt-BR\",\"isPartOf\":{\"@id\":\"https:\\\/\\\/www.jornalja.com.br\\\/arquivo\\\/#website\"},\"breadcrumb\":{\"@id\":\"https:\\\/\\\/www.jornalja.com.br\\\/arquivo\\\/movimento-defende-carris-publica-e-transparente\\\/#breadcrumblist\"},\"author\":{\"@id\":\"https:\\\/\\\/www.jornalja.com.br\\\/arquivo\\\/author\\\/daredacao\\\/#author\"},\"creator\":{\"@id\":\"https:\\\/\\\/www.jornalja.com.br\\\/arquivo\\\/author\\\/daredacao\\\/#author\"},\"image\":{\"@type\":\"ImageObject\",\"url\":47965,\"@id\":\"https:\\\/\\\/www.jornalja.com.br\\\/arquivo\\\/movimento-defende-carris-publica-e-transparente\\\/#mainImage\"},\"primaryImageOfPage\":{\"@id\":\"https:\\\/\\\/www.jornalja.com.br\\\/arquivo\\\/movimento-defende-carris-publica-e-transparente\\\/#mainImage\"},\"datePublished\":\"2017-05-04T10:40:06-03:00\",\"dateModified\":\"2017-05-04T10:40:06-03:00\"},{\"@type\":\"WebSite\",\"@id\":\"https:\\\/\\\/www.jornalja.com.br\\\/arquivo\\\/#website\",\"url\":\"https:\\\/\\\/www.jornalja.com.br\\\/arquivo\\\/\",\"name\":\"Arquivo\",\"description\":\"Jornal J\\u00c1 | Porto Alegre\",\"inLanguage\":\"pt-BR\",\"publisher\":{\"@id\":\"https:\\\/\\\/www.jornalja.com.br\\\/arquivo\\\/#organization\"}}]}\n\t\t<\/script>\n\t\t<!-- All in One SEO -->\n\n","aioseo_head_json":{"title":"Movimento defende Carris p\u00fablica e transparente | Arquivo","description":"","canonical_url":"https:\/\/www.jornalja.com.br\/arquivo\/movimento-defende-carris-publica-e-transparente\/","robots":"max-image-preview:large","keywords":"","webmasterTools":{"miscellaneous":""},"schema":{"@context":"https:\/\/schema.org","@graph":[{"@type":"BlogPosting","@id":"https:\/\/www.jornalja.com.br\/arquivo\/movimento-defende-carris-publica-e-transparente\/#blogposting","name":"Movimento defende Carris p\u00fablica e transparente | Arquivo","headline":"Movimento defende Carris p\u00fablica e transparente","author":{"@id":"https:\/\/www.jornalja.com.br\/arquivo\/author\/daredacao\/#author"},"publisher":{"@id":"https:\/\/www.jornalja.com.br\/arquivo\/#organization"},"image":{"@type":"ImageObject","url":47965},"datePublished":"2017-05-04T10:40:06-03:00","dateModified":"2017-05-04T10:40:06-03:00","inLanguage":"pt-BR","commentCount":1,"mainEntityOfPage":{"@id":"https:\/\/www.jornalja.com.br\/arquivo\/movimento-defende-carris-publica-e-transparente\/#webpage"},"isPartOf":{"@id":"https:\/\/www.jornalja.com.br\/arquivo\/movimento-defende-carris-publica-e-transparente\/#webpage"},"articleSection":"Geral"},{"@type":"BreadcrumbList","@id":"https:\/\/www.jornalja.com.br\/arquivo\/movimento-defende-carris-publica-e-transparente\/#breadcrumblist","itemListElement":[{"@type":"ListItem","@id":"https:\/\/www.jornalja.com.br\/arquivo#listItem","position":1,"name":"Home","item":"https:\/\/www.jornalja.com.br\/arquivo","nextItem":{"@type":"ListItem","@id":"https:\/\/www.jornalja.com.br\/arquivo\/category\/geral\/#listItem","name":"Geral"}},{"@type":"ListItem","@id":"https:\/\/www.jornalja.com.br\/arquivo\/category\/geral\/#listItem","position":2,"name":"Geral","item":"https:\/\/www.jornalja.com.br\/arquivo\/category\/geral\/","nextItem":{"@type":"ListItem","@id":"https:\/\/www.jornalja.com.br\/arquivo\/movimento-defende-carris-publica-e-transparente\/#listItem","name":"Movimento defende Carris p\u00fablica e transparente"},"previousItem":{"@type":"ListItem","@id":"https:\/\/www.jornalja.com.br\/arquivo#listItem","name":"Home"}},{"@type":"ListItem","@id":"https:\/\/www.jornalja.com.br\/arquivo\/movimento-defende-carris-publica-e-transparente\/#listItem","position":3,"name":"Movimento defende Carris p\u00fablica e transparente","previousItem":{"@type":"ListItem","@id":"https:\/\/www.jornalja.com.br\/arquivo\/category\/geral\/#listItem","name":"Geral"}}]},{"@type":"Organization","@id":"https:\/\/www.jornalja.com.br\/arquivo\/#organization","name":"Jornal J\u00c1","description":"Jornal J\u00c1 | Porto Alegre","url":"https:\/\/www.jornalja.com.br\/arquivo\/","telephone":"+555133307272","logo":{"@type":"ImageObject","url":"https:\/\/www.jornalja.com.br\/wp-content\/uploads\/cards\/JAslogan.png","@id":"https:\/\/www.jornalja.com.br\/arquivo\/movimento-defende-carris-publica-e-transparente\/#organizationLogo"},"image":{"@id":"https:\/\/www.jornalja.com.br\/arquivo\/movimento-defende-carris-publica-e-transparente\/#organizationLogo"}},{"@type":"Person","@id":"https:\/\/www.jornalja.com.br\/arquivo\/author\/daredacao\/#author","url":"https:\/\/www.jornalja.com.br\/arquivo\/author\/daredacao\/","name":"da Reda\u00e7\u00e3o","image":{"@type":"ImageObject","@id":"https:\/\/www.jornalja.com.br\/arquivo\/movimento-defende-carris-publica-e-transparente\/#authorImage","url":"https:\/\/secure.gravatar.com\/avatar\/469fd857d6605ad19919d27ed29d35a968a25f6e8fd9318356bbb7f57aae9c65?s=96&d=mm&r=g","width":96,"height":96,"caption":"da Reda\u00e7\u00e3o"}},{"@type":"WebPage","@id":"https:\/\/www.jornalja.com.br\/arquivo\/movimento-defende-carris-publica-e-transparente\/#webpage","url":"https:\/\/www.jornalja.com.br\/arquivo\/movimento-defende-carris-publica-e-transparente\/","name":"Movimento defende Carris p\u00fablica e transparente | Arquivo","inLanguage":"pt-BR","isPartOf":{"@id":"https:\/\/www.jornalja.com.br\/arquivo\/#website"},"breadcrumb":{"@id":"https:\/\/www.jornalja.com.br\/arquivo\/movimento-defende-carris-publica-e-transparente\/#breadcrumblist"},"author":{"@id":"https:\/\/www.jornalja.com.br\/arquivo\/author\/daredacao\/#author"},"creator":{"@id":"https:\/\/www.jornalja.com.br\/arquivo\/author\/daredacao\/#author"},"image":{"@type":"ImageObject","url":47965,"@id":"https:\/\/www.jornalja.com.br\/arquivo\/movimento-defende-carris-publica-e-transparente\/#mainImage"},"primaryImageOfPage":{"@id":"https:\/\/www.jornalja.com.br\/arquivo\/movimento-defende-carris-publica-e-transparente\/#mainImage"},"datePublished":"2017-05-04T10:40:06-03:00","dateModified":"2017-05-04T10:40:06-03:00"},{"@type":"WebSite","@id":"https:\/\/www.jornalja.com.br\/arquivo\/#website","url":"https:\/\/www.jornalja.com.br\/arquivo\/","name":"Arquivo","description":"Jornal J\u00c1 | Porto Alegre","inLanguage":"pt-BR","publisher":{"@id":"https:\/\/www.jornalja.com.br\/arquivo\/#organization"}}]},"og:locale":"pt_BR","og:site_name":"Arquivo | Jornal J\u00c1 | Porto Alegre","og:type":"article","og:title":"Movimento defende Carris p\u00fablica e transparente | Arquivo","og:url":"https:\/\/www.jornalja.com.br\/arquivo\/movimento-defende-carris-publica-e-transparente\/","og:image":"https:\/\/www.jornalja.com.br\/wp-content\/uploads\/2017\/05\/Carris_ColoquioPT_Foto_Marta_Resing-3.jpg","og:image:secure_url":"https:\/\/www.jornalja.com.br\/wp-content\/uploads\/2017\/05\/Carris_ColoquioPT_Foto_Marta_Resing-3.jpg","article:published_time":"2017-05-04T13:40:06+00:00","article:modified_time":"2017-05-04T13:40:06+00:00","twitter:card":"summary","twitter:title":"Movimento defende Carris p\u00fablica e transparente | Arquivo","twitter:image":"https:\/\/www.jornalja.com.br\/economics\/wp-content\/uploads\/sites\/11\/2026\/08\/ja-folhaderosto-facebook.jpg"},"aioseo_meta_data":{"post_id":"47964","title":null,"description":null,"keywords":null,"keyphrases":null,"primary_term":null,"canonical_url":null,"og_title":null,"og_description":null,"og_object_type":"default","og_image_type":"default","og_image_url":null,"og_image_width":null,"og_image_height":null,"og_image_custom_url":null,"og_image_custom_fields":null,"og_video":null,"og_custom_url":null,"og_article_section":null,"og_article_tags":null,"twitter_use_og":false,"twitter_card":"default","twitter_image_type":"default","twitter_image_url":null,"twitter_image_custom_url":null,"twitter_image_custom_fields":null,"twitter_title":null,"twitter_description":null,"schema":{"blockGraphs":[],"customGraphs":[],"default":{"data":{"Article":[],"Course":[],"Dataset":[],"FAQPage":[],"Movie":[],"Person":[],"Product":[],"ProductReview":[],"Car":[],"Recipe":[],"Service":[],"SoftwareApplication":[],"WebPage":[]},"graphName":"","isEnabled":true},"graphs":[]},"schema_type":null,"schema_type_options":null,"pillar_content":false,"robots_default":true,"robots_noindex":false,"robots_noarchive":false,"robots_nosnippet":false,"robots_nofollow":false,"robots_noimageindex":false,"robots_noodp":false,"robots_notranslate":false,"robots_max_snippet":null,"robots_max_videopreview":null,"robots_max_imagepreview":"large","priority":null,"frequency":null,"location":null,"local_seo":null,"breadcrumb_settings":null,"limit_modified_date":false,"ai":null,"created":"2020-12-20 20:35:51","updated":"2025-07-19 21:16:53","seo_analyzer_scan_date":null,"focus_keyword":null,"additional_keywords":null,"truseo_locale":null},"jetpack_sharing_enabled":true,"jetpack-related-posts":[{"id":12960,"url":"https:\/\/www.jornalja.com.br\/arquivo\/populacao-culpa-empresas-pela-greve-dos-rodoviarios\/","url_meta":{"origin":47964,"position":0},"title":"Popula\u00e7\u00e3o culpa empresas pela greve","author":"Patr\u00edcia Marini","date":"14 de fevereiro de 2014","format":false,"excerpt":"Pesquisa divulgada na edi\u00e7\u00e3o do jornal Metro desta sexta-feira,14, comprova o velho ditado: \u00e9 poss\u00edvel enganar muitos por algum tempo, mas n\u00e3o \u00e9 poss\u00edvel enganar a todos o tempo inteiro. A principal revela\u00e7\u00e3o foi que 59,8% dos entrevistados apontaram as empresas como as principais respons\u00e1veis pela grave e 46% culparam\u2026","rel":"","context":"Em &quot;X.Categorias velhas&quot;","block_context":{"text":"X.Categorias velhas","link":"https:\/\/www.jornalja.com.br\/arquivo\/category\/x-categorias-velhas\/"},"img":{"alt_text":"","src":"","width":0,"height":0},"classes":[]},{"id":5440,"url":"https:\/\/www.jornalja.com.br\/arquivo\/casarao-da-venancio-destino-permanece-incerto\/","url_meta":{"origin":47964,"position":1},"title":"Estado ainda n\u00e3o sabe o que fazer com casar\u00e3o abandonado h\u00e1 20 anos","author":"Elmar Bones","date":"6 de julho de 2009","format":false,"excerpt":"O casar\u00e3o amarelo, numa esquina nobre de Porto Alegre (Ven\u00e2ncio Aires com Jo\u00e3o Pessoa), j\u00e1 abrigou uma escola. H\u00e1 duas d\u00e9cadas, pelo menos, est\u00e1 abandonado, porque seu propriet\u00e1rio, o governo do Estado do Rio Grande do Sul, n\u00e3o consegue achar um destino para ele. Planos n\u00e3o faltaram. O governador Ol\u00edvio\u2026","rel":"","context":"Em &quot;X.Categorias velhas&quot;","block_context":{"text":"X.Categorias velhas","link":"https:\/\/www.jornalja.com.br\/arquivo\/category\/x-categorias-velhas\/"},"img":{"alt_text":"geraldo1","src":"https:\/\/i0.wp.com\/www.jornalja.com.br\/wp-content\/uploads\/2009\/07\/geraldo1.jpg?resize=350%2C200&ssl=1","width":350,"height":200},"classes":[]},{"id":13124,"url":"https:\/\/www.jornalja.com.br\/arquivo\/sangue-latino-no-iecine\/","url_meta":{"origin":47964,"position":2},"title":"Sangue latino no IECINE","author":"da Reda\u00e7\u00e3o","date":"18 de maio de 2014","format":false,"excerpt":"Francisco Ribeiro O Instituto Estadual de Cinema (IECINE) tem a frente, desde abril \u00faltimo, um novo diretor, o cineasta colombiano Juan Zapata, 36, que substitui Luiz Alberto Cassol. Radicado h\u00e1 dez anos em Porto Alegre, Zapata tem diante de si o desafio de conduzir at\u00e9 o final do ano um\u2026","rel":"","context":"Em &quot;Cultura-Geral&quot;","block_context":{"text":"Cultura-Geral","link":"https:\/\/www.jornalja.com.br\/arquivo\/category\/materiasecundaria\/"},"img":{"alt_text":"","src":"","width":0,"height":0},"classes":[]},{"id":13128,"url":"https:\/\/www.jornalja.com.br\/arquivo\/maconha-terra-diz-que-uso-medicinal-e-desculpa\/","url_meta":{"origin":47964,"position":3},"title":"Maconha: Terra diz que uso medicinal \u00e9 desculpa","author":"Patr\u00edcia Marini","date":"4 de junho de 2014","format":false,"excerpt":"A condi\u00e7\u00e3o de pol\u00edtico, em \u00e9poca de campanha de campanha eleitoral, tira for\u00e7a do discurso do m\u00e9dico Osmar Terra contra a legaliza\u00e7\u00e3o da maconha. A tese dele de que a libera\u00e7\u00e3o vai ampliar exponencialmente o consumo \u00e9 discutivel, o consumo \u00e9 corrente. Mas seus alertas quanto aos riscos tem que\u2026","rel":"","context":"Em &quot;X.Categorias velhas&quot;","block_context":{"text":"X.Categorias velhas","link":"https:\/\/www.jornalja.com.br\/arquivo\/category\/x-categorias-velhas\/"},"img":{"alt_text":"","src":"","width":0,"height":0},"classes":[]},{"id":1280,"url":"https:\/\/www.jornalja.com.br\/arquivo\/o-menino-que-se-tornou-brizola\/","url_meta":{"origin":47964,"position":4},"title":"O Menino que se Tornou Brizola","author":"da Reda\u00e7\u00e3o","date":"28 de julho de 2008","format":false,"excerpt":"Autor: Cleber Dioni A vida de Leonel Brizola, com \u00eanfase para os primeiros anos em Porto Alegre, at\u00e9 o ex\u00edlio no Uruguai e a volta, quinze anos depois. \u00a0\"...\u00c9ramos todos jovens e nos identific\u00e1vamos com aquela massa an\u00f4nima a percorrer as ruas de Porto Alegre, gritando 'Get\u00falio', 'Get\u00falio' e empunhando\u2026","rel":"","context":"Em &quot;Livros&quot;","block_context":{"text":"Livros","link":"https:\/\/www.jornalja.com.br\/arquivo\/category\/livros\/"},"img":{"alt_text":"","src":"https:\/\/i0.wp.com\/www.jornalja.com.br\/wp-content\/uploads\/2008\/07\/brizola.gif?resize=350%2C200&ssl=1","width":350,"height":200},"classes":[]},{"id":14241,"url":"https:\/\/www.jornalja.com.br\/arquivo\/o-guaiba-nas-imagens-poeticas-de-achutti\/","url_meta":{"origin":47964,"position":5},"title":"O Gua\u00edba nas imagens po\u00e9ticas de Achutti","author":"da Reda\u00e7\u00e3o","date":"18 de junho de 2014","format":false,"excerpt":"Em \u201cO Gua\u00edba por Achutti\u201d \u2013 obra financiada via Minist\u00e9rio da Cultura, produ\u00e7\u00e3o executiva de Pedro Longhi, e Fl\u00e1vio Wild como designer \u2013, o fot\u00f3grafo revela a beleza e as mazelas de um espa\u00e7o aqu\u00e1tico de \u00e1guas sempre renovadas, cheio de hist\u00f3rias e lendas como as das cidades que foram\u2026","rel":"","context":"Em &quot;Cultura-Geral&quot;","block_context":{"text":"Cultura-Geral","link":"https:\/\/www.jornalja.com.br\/arquivo\/category\/materiasecundaria\/"},"img":{"alt_text":"","src":"","width":0,"height":0},"classes":[]}],"jetpack_shortlink":"https:\/\/wp.me\/pbQjBd-ctC","jetpack_featured_media_url":"","_links":{"self":[{"href":"https:\/\/www.jornalja.com.br\/arquivo\/wp-json\/wp\/v2\/posts\/47964","targetHints":{"allow":["GET"]}}],"collection":[{"href":"https:\/\/www.jornalja.com.br\/arquivo\/wp-json\/wp\/v2\/posts"}],"about":[{"href":"https:\/\/www.jornalja.com.br\/arquivo\/wp-json\/wp\/v2\/types\/post"}],"author":[{"embeddable":true,"href":"https:\/\/www.jornalja.com.br\/arquivo\/wp-json\/wp\/v2\/users\/4"}],"replies":[{"embeddable":true,"href":"https:\/\/www.jornalja.com.br\/arquivo\/wp-json\/wp\/v2\/comments?post=47964"}],"version-history":[{"count":0,"href":"https:\/\/www.jornalja.com.br\/arquivo\/wp-json\/wp\/v2\/posts\/47964\/revisions"}],"wp:attachment":[{"href":"https:\/\/www.jornalja.com.br\/arquivo\/wp-json\/wp\/v2\/media?parent=47964"}],"wp:term":[{"taxonomy":"category","embeddable":true,"href":"https:\/\/www.jornalja.com.br\/arquivo\/wp-json\/wp\/v2\/categories?post=47964"},{"taxonomy":"post_tag","embeddable":true,"href":"https:\/\/www.jornalja.com.br\/arquivo\/wp-json\/wp\/v2\/tags?post=47964"}],"curies":[{"name":"wp","href":"https:\/\/api.w.org\/{rel}","templated":true}]}}