{"id":47976,"date":"2017-05-05T11:26:57","date_gmt":"2017-05-05T14:26:57","guid":{"rendered":"https:\/\/www.jornalja.com.br\/?p=47976"},"modified":"2017-05-05T11:26:57","modified_gmt":"2017-05-05T14:26:57","slug":"geracao-de-energia-eolica-no-brasil-cresce-55-em-2016","status":"publish","type":"post","link":"https:\/\/www.jornalja.com.br\/arquivo\/geracao-de-energia-eolica-no-brasil-cresce-55-em-2016\/","title":{"rendered":"Gera\u00e7\u00e3o de energia e\u00f3lica no Brasil cresce 55% em 2016"},"content":{"rendered":"<p>A ABEE\u00f3lica lan\u00e7ou hoje seu <a href=\"http:\/\/www.abeeolica.org.br\/wp-content\/uploads\/2017\/05\/424_Boletim_Anual_de_Geracao_Eolica_2016_Alta.pdf\">Boletim Anual de Gera\u00e7\u00e3o E\u00f3lica 2016<\/a>, publica\u00e7\u00e3o que re\u00fane os principais dados da ind\u00fastria e\u00f3lia no Brasil e analisa o cen\u00e1rio de desenvolvimento desta fonte renov\u00e1vel de energia.<br \/>\nNo ano passado, foram adicionados \u00e0 matriz el\u00e9trica brasileira mais 2 GW de energia e\u00f3lica em 81 novos parques, fazendo com que o setor chegasse ao final de 2016 com 10,75 GW de capacidade instalada em 430 parques, representando 7% da matriz. Foram gerados mais de 30 mil postos de trabalho em 2016 e o investimento no per\u00edodo foi de US$ 5,4 bilh\u00f5es. Tamb\u00e9m importante mencionar que, em 2016, a gera\u00e7\u00e3o de energia e\u00f3lica cresceu 55% em rela\u00e7\u00e3o a 2015, de acordo com a CCEE (C\u00e2mara de Comercializa\u00e7\u00e3o de Energia El\u00e9trica).<br \/>\nEm 2016, a energia e\u00f3lica gerou energia equivalente ao abastecimento mensal de uma m\u00e9dia de 17,27 milh\u00f5es de resid\u00eancias por m\u00eas,o equivalente a cerca de 52 milh\u00f5es de habitantes, tendo registrado crescimento de 58% em rela\u00e7\u00e3o ao ano anterior, quando a energia e\u00f3lica abasteceu 33 milh\u00f5es de pessoas.<br \/>\nO ano de 2016 tamb\u00e9m foi de recordes para a e\u00f3lica. Um exemplo: conforme dados do ONS (Operador Nacional do Sistema), no dia 5 de novembro de 2016, um s\u00e1bado, 52% da energia do Nordeste veio das e\u00f3licas.<br \/>\nImportante destacar ainda como foi o desempenho da energia e\u00f3lica em rela\u00e7\u00e3o aos demais pa\u00edses. De acordo com dados do GWEC (Global Wind Energy Council), o Brasil ultrapassou a It\u00e1lia e ocupa agora a nona posi\u00e7\u00e3o no Ranking Mundial de capacidade instalada de energia e\u00f3lica. J\u00e1 no ranking de nova capacidade instalada no ano, Brasil caiu uma posi\u00e7\u00e3o e est\u00e1 em quinto lugar. O Relat\u00f3rio Anual do GWEC pode ser lido aqui: <a href=\"http:\/\/bit.ly\/2p6A86l\">http:\/\/bit.ly\/2p6A86l <\/a><br \/>\n\u201cOs n\u00fameros apresentados no Boletim refletem um setor vigoroso e com grande capacidade de capta\u00e7\u00e3o de recursos e de investimentos. Em 2017, vamos instalar uma consider\u00e1vel nova capacidade e devemos terminar o ano com cerca de 13 GW. Ser\u00e1 um bom resultado, mas sempre \u00e9 bom lembrar que ele \u00e9 consequ\u00eancia de leil\u00f5es realizados em anos anteriores. Como sabemos, o cancelamento do Leil\u00e3o de Reserva no final do ano foi uma not\u00edcia muito negativa para a ind\u00fastria e tirou o setor de sua trajet\u00f3ria positiva: 2016 foi o primeiro ano, desde que as e\u00f3licas come\u00e7aram a participar de leil\u00f5es, em que n\u00e3o houve contrata\u00e7\u00e3o de energia dessa fonte. Por isso, todos os nossos esfor\u00e7os neste momento est\u00e3o num di\u00e1logo transparente e t\u00e9cnico com governo sobre a necessidade de novos leil\u00f5es. A contrata\u00e7\u00e3o de energia e\u00f3lica em 2017 \u00e9 indispens\u00e1vel para o futuro da fonte no Brasil\u201d, analisa Elbia Gannoum, Presidente executiva da ABEE\u00f3lica.<br \/>\nPara ler o Boletim Anual de Gera\u00e7\u00e3o 2016, acesse <a href=\"http:\/\/www.abeeolica.org.br\/wp-content\/uploads\/2017\/05\/424_Boletim_Anual_de_Geracao_Eolica_2016_Alta.pdf\">http:\/\/www.abeeolica.org.br\/wp-content\/uploads\/2017\/05\/424_Boletim_Anual_de_Geracao_Eolica_2016_Alta.pdf<\/a><\/p>\n","protected":false},"excerpt":{"rendered":"<p>A ABEE\u00f3lica lan\u00e7ou hoje seu Boletim Anual de Gera\u00e7\u00e3o E\u00f3lica 2016, publica\u00e7\u00e3o que re\u00fane os principais dados da ind\u00fastria e\u00f3lia no Brasil e analisa o cen\u00e1rio de desenvolvimento desta fonte renov\u00e1vel de energia. No ano passado, foram adicionados \u00e0 matriz el\u00e9trica brasileira mais 2 GW de energia e\u00f3lica em 81 novos parques, fazendo com que [&hellip;]<\/p>\n","protected":false},"author":4,"featured_media":24065,"comment_status":"open","ping_status":"closed","sticky":false,"template":"","format":"standard","meta":{"_jetpack_newsletter_access":"","_jetpack_dont_email_post_to_subs":false,"_jetpack_newsletter_tier_id":0,"_jetpack_memberships_contains_paywalled_content":false,"_jetpack_feature_clip_id":0,"_jetpack_memberships_contains_paid_content":false,"footnotes":"","jetpack_post_was_ever_published":false},"categories":[26],"tags":[],"class_list":["post-47976","post","type-post","status-publish","format-standard","has-post-thumbnail","hentry","category-geral"],"aioseo_notices":[],"aioseo_head":"\n\t\t<!-- All in One SEO 5.0.1.1 - aioseo.com -->\n\t<meta name=\"robots\" content=\"max-image-preview:large\" \/>\n\t<meta name=\"author\" content=\"da Reda\u00e7\u00e3o\"\/>\n\t<link rel=\"canonical\" href=\"https:\/\/www.jornalja.com.br\/arquivo\/geracao-de-energia-eolica-no-brasil-cresce-55-em-2016\/\" \/>\n\t<meta name=\"generator\" content=\"All in One SEO (AIOSEO) 5.0.1.1\" \/>\n\t\t<meta property=\"og:locale\" content=\"pt_BR\" \/>\n\t\t<meta property=\"og:site_name\" content=\"Arquivo | Jornal J\u00c1 | Porto Alegre\" \/>\n\t\t<meta property=\"og:type\" content=\"article\" \/>\n\t\t<meta property=\"og:title\" content=\"Gera\u00e7\u00e3o de energia e\u00f3lica no Brasil cresce 55% em 2016 | Arquivo\" \/>\n\t\t<meta property=\"og:url\" content=\"https:\/\/www.jornalja.com.br\/arquivo\/geracao-de-energia-eolica-no-brasil-cresce-55-em-2016\/\" \/>\n\t\t<meta property=\"og:image\" content=\"https:\/\/www.jornalja.com.br\/economics\/wp-content\/uploads\/sites\/11\/2026\/08\/ja-folhaderosto-facebook.jpg\" \/>\n\t\t<meta property=\"og:image:secure_url\" content=\"https:\/\/www.jornalja.com.br\/economics\/wp-content\/uploads\/sites\/11\/2026\/08\/ja-folhaderosto-facebook.jpg\" \/>\n\t\t<meta property=\"article:published_time\" content=\"2017-05-05T14:26:57+00:00\" \/>\n\t\t<meta property=\"article:modified_time\" content=\"2017-05-05T14:26:57+00:00\" \/>\n\t\t<meta name=\"twitter:card\" content=\"summary\" \/>\n\t\t<meta name=\"twitter:title\" content=\"Gera\u00e7\u00e3o de energia e\u00f3lica no Brasil cresce 55% em 2016 | Arquivo\" \/>\n\t\t<meta name=\"twitter:image\" content=\"https:\/\/www.jornalja.com.br\/economics\/wp-content\/uploads\/sites\/11\/2026\/08\/ja-folhaderosto-facebook.jpg\" \/>\n\t\t<script type=\"application\/ld+json\" class=\"aioseo-schema\">\n\t\t\t{\"@context\":\"https:\\\/\\\/schema.org\",\"@graph\":[{\"@type\":\"BlogPosting\",\"@id\":\"https:\\\/\\\/www.jornalja.com.br\\\/arquivo\\\/geracao-de-energia-eolica-no-brasil-cresce-55-em-2016\\\/#blogposting\",\"name\":\"Gera\\u00e7\\u00e3o de energia e\\u00f3lica no Brasil cresce 55% em 2016 | Arquivo\",\"headline\":\"Gera\\u00e7\\u00e3o de energia e\\u00f3lica no Brasil cresce 55% em 2016\",\"author\":{\"@id\":\"https:\\\/\\\/www.jornalja.com.br\\\/arquivo\\\/author\\\/daredacao\\\/#author\"},\"publisher\":{\"@id\":\"https:\\\/\\\/www.jornalja.com.br\\\/arquivo\\\/#organization\"},\"image\":{\"@type\":\"ImageObject\",\"url\":24065},\"datePublished\":\"2017-05-05T11:26:57-03:00\",\"dateModified\":\"2017-05-05T11:26:57-03:00\",\"inLanguage\":\"pt-BR\",\"mainEntityOfPage\":{\"@id\":\"https:\\\/\\\/www.jornalja.com.br\\\/arquivo\\\/geracao-de-energia-eolica-no-brasil-cresce-55-em-2016\\\/#webpage\"},\"isPartOf\":{\"@id\":\"https:\\\/\\\/www.jornalja.com.br\\\/arquivo\\\/geracao-de-energia-eolica-no-brasil-cresce-55-em-2016\\\/#webpage\"},\"articleSection\":\"Geral\"},{\"@type\":\"BreadcrumbList\",\"@id\":\"https:\\\/\\\/www.jornalja.com.br\\\/arquivo\\\/geracao-de-energia-eolica-no-brasil-cresce-55-em-2016\\\/#breadcrumblist\",\"itemListElement\":[{\"@type\":\"ListItem\",\"@id\":\"https:\\\/\\\/www.jornalja.com.br\\\/arquivo#listItem\",\"position\":1,\"name\":\"Home\",\"item\":\"https:\\\/\\\/www.jornalja.com.br\\\/arquivo\",\"nextItem\":{\"@type\":\"ListItem\",\"@id\":\"https:\\\/\\\/www.jornalja.com.br\\\/arquivo\\\/category\\\/geral\\\/#listItem\",\"name\":\"Geral\"}},{\"@type\":\"ListItem\",\"@id\":\"https:\\\/\\\/www.jornalja.com.br\\\/arquivo\\\/category\\\/geral\\\/#listItem\",\"position\":2,\"name\":\"Geral\",\"item\":\"https:\\\/\\\/www.jornalja.com.br\\\/arquivo\\\/category\\\/geral\\\/\",\"nextItem\":{\"@type\":\"ListItem\",\"@id\":\"https:\\\/\\\/www.jornalja.com.br\\\/arquivo\\\/geracao-de-energia-eolica-no-brasil-cresce-55-em-2016\\\/#listItem\",\"name\":\"Gera\\u00e7\\u00e3o de energia e\\u00f3lica no Brasil cresce 55% em 2016\"},\"previousItem\":{\"@type\":\"ListItem\",\"@id\":\"https:\\\/\\\/www.jornalja.com.br\\\/arquivo#listItem\",\"name\":\"Home\"}},{\"@type\":\"ListItem\",\"@id\":\"https:\\\/\\\/www.jornalja.com.br\\\/arquivo\\\/geracao-de-energia-eolica-no-brasil-cresce-55-em-2016\\\/#listItem\",\"position\":3,\"name\":\"Gera\\u00e7\\u00e3o de energia e\\u00f3lica no Brasil cresce 55% em 2016\",\"previousItem\":{\"@type\":\"ListItem\",\"@id\":\"https:\\\/\\\/www.jornalja.com.br\\\/arquivo\\\/category\\\/geral\\\/#listItem\",\"name\":\"Geral\"}}]},{\"@type\":\"Organization\",\"@id\":\"https:\\\/\\\/www.jornalja.com.br\\\/arquivo\\\/#organization\",\"name\":\"Jornal J\\u00c1\",\"description\":\"Jornal J\\u00c1 | Porto Alegre\",\"url\":\"https:\\\/\\\/www.jornalja.com.br\\\/arquivo\\\/\",\"telephone\":\"+555133307272\",\"logo\":{\"@type\":\"ImageObject\",\"url\":\"https:\\\/\\\/www.jornalja.com.br\\\/wp-content\\\/uploads\\\/cards\\\/JAslogan.png\",\"@id\":\"https:\\\/\\\/www.jornalja.com.br\\\/arquivo\\\/geracao-de-energia-eolica-no-brasil-cresce-55-em-2016\\\/#organizationLogo\"},\"image\":{\"@id\":\"https:\\\/\\\/www.jornalja.com.br\\\/arquivo\\\/geracao-de-energia-eolica-no-brasil-cresce-55-em-2016\\\/#organizationLogo\"}},{\"@type\":\"Person\",\"@id\":\"https:\\\/\\\/www.jornalja.com.br\\\/arquivo\\\/author\\\/daredacao\\\/#author\",\"url\":\"https:\\\/\\\/www.jornalja.com.br\\\/arquivo\\\/author\\\/daredacao\\\/\",\"name\":\"da Reda\\u00e7\\u00e3o\",\"image\":{\"@type\":\"ImageObject\",\"@id\":\"https:\\\/\\\/www.jornalja.com.br\\\/arquivo\\\/geracao-de-energia-eolica-no-brasil-cresce-55-em-2016\\\/#authorImage\",\"url\":\"https:\\\/\\\/secure.gravatar.com\\\/avatar\\\/469fd857d6605ad19919d27ed29d35a968a25f6e8fd9318356bbb7f57aae9c65?s=96&d=mm&r=g\",\"width\":96,\"height\":96,\"caption\":\"da Reda\\u00e7\\u00e3o\"}},{\"@type\":\"WebPage\",\"@id\":\"https:\\\/\\\/www.jornalja.com.br\\\/arquivo\\\/geracao-de-energia-eolica-no-brasil-cresce-55-em-2016\\\/#webpage\",\"url\":\"https:\\\/\\\/www.jornalja.com.br\\\/arquivo\\\/geracao-de-energia-eolica-no-brasil-cresce-55-em-2016\\\/\",\"name\":\"Gera\\u00e7\\u00e3o de energia e\\u00f3lica no Brasil cresce 55% em 2016 | Arquivo\",\"inLanguage\":\"pt-BR\",\"isPartOf\":{\"@id\":\"https:\\\/\\\/www.jornalja.com.br\\\/arquivo\\\/#website\"},\"breadcrumb\":{\"@id\":\"https:\\\/\\\/www.jornalja.com.br\\\/arquivo\\\/geracao-de-energia-eolica-no-brasil-cresce-55-em-2016\\\/#breadcrumblist\"},\"author\":{\"@id\":\"https:\\\/\\\/www.jornalja.com.br\\\/arquivo\\\/author\\\/daredacao\\\/#author\"},\"creator\":{\"@id\":\"https:\\\/\\\/www.jornalja.com.br\\\/arquivo\\\/author\\\/daredacao\\\/#author\"},\"image\":{\"@type\":\"ImageObject\",\"url\":24065,\"@id\":\"https:\\\/\\\/www.jornalja.com.br\\\/arquivo\\\/geracao-de-energia-eolica-no-brasil-cresce-55-em-2016\\\/#mainImage\"},\"primaryImageOfPage\":{\"@id\":\"https:\\\/\\\/www.jornalja.com.br\\\/arquivo\\\/geracao-de-energia-eolica-no-brasil-cresce-55-em-2016\\\/#mainImage\"},\"datePublished\":\"2017-05-05T11:26:57-03:00\",\"dateModified\":\"2017-05-05T11:26:57-03:00\"},{\"@type\":\"WebSite\",\"@id\":\"https:\\\/\\\/www.jornalja.com.br\\\/arquivo\\\/#website\",\"url\":\"https:\\\/\\\/www.jornalja.com.br\\\/arquivo\\\/\",\"name\":\"Arquivo\",\"description\":\"Jornal J\\u00c1 | Porto Alegre\",\"inLanguage\":\"pt-BR\",\"publisher\":{\"@id\":\"https:\\\/\\\/www.jornalja.com.br\\\/arquivo\\\/#organization\"}}]}\n\t\t<\/script>\n\t\t<!-- All in One SEO -->\n\n","aioseo_head_json":{"title":"Gera\u00e7\u00e3o de energia e\u00f3lica no Brasil cresce 55% em 2016 | Arquivo","description":"","canonical_url":"https:\/\/www.jornalja.com.br\/arquivo\/geracao-de-energia-eolica-no-brasil-cresce-55-em-2016\/","robots":"max-image-preview:large","keywords":"","webmasterTools":{"miscellaneous":""},"schema":{"@context":"https:\/\/schema.org","@graph":[{"@type":"BlogPosting","@id":"https:\/\/www.jornalja.com.br\/arquivo\/geracao-de-energia-eolica-no-brasil-cresce-55-em-2016\/#blogposting","name":"Gera\u00e7\u00e3o de energia e\u00f3lica no Brasil cresce 55% em 2016 | Arquivo","headline":"Gera\u00e7\u00e3o de energia e\u00f3lica no Brasil cresce 55% em 2016","author":{"@id":"https:\/\/www.jornalja.com.br\/arquivo\/author\/daredacao\/#author"},"publisher":{"@id":"https:\/\/www.jornalja.com.br\/arquivo\/#organization"},"image":{"@type":"ImageObject","url":24065},"datePublished":"2017-05-05T11:26:57-03:00","dateModified":"2017-05-05T11:26:57-03:00","inLanguage":"pt-BR","mainEntityOfPage":{"@id":"https:\/\/www.jornalja.com.br\/arquivo\/geracao-de-energia-eolica-no-brasil-cresce-55-em-2016\/#webpage"},"isPartOf":{"@id":"https:\/\/www.jornalja.com.br\/arquivo\/geracao-de-energia-eolica-no-brasil-cresce-55-em-2016\/#webpage"},"articleSection":"Geral"},{"@type":"BreadcrumbList","@id":"https:\/\/www.jornalja.com.br\/arquivo\/geracao-de-energia-eolica-no-brasil-cresce-55-em-2016\/#breadcrumblist","itemListElement":[{"@type":"ListItem","@id":"https:\/\/www.jornalja.com.br\/arquivo#listItem","position":1,"name":"Home","item":"https:\/\/www.jornalja.com.br\/arquivo","nextItem":{"@type":"ListItem","@id":"https:\/\/www.jornalja.com.br\/arquivo\/category\/geral\/#listItem","name":"Geral"}},{"@type":"ListItem","@id":"https:\/\/www.jornalja.com.br\/arquivo\/category\/geral\/#listItem","position":2,"name":"Geral","item":"https:\/\/www.jornalja.com.br\/arquivo\/category\/geral\/","nextItem":{"@type":"ListItem","@id":"https:\/\/www.jornalja.com.br\/arquivo\/geracao-de-energia-eolica-no-brasil-cresce-55-em-2016\/#listItem","name":"Gera\u00e7\u00e3o de energia e\u00f3lica no Brasil cresce 55% em 2016"},"previousItem":{"@type":"ListItem","@id":"https:\/\/www.jornalja.com.br\/arquivo#listItem","name":"Home"}},{"@type":"ListItem","@id":"https:\/\/www.jornalja.com.br\/arquivo\/geracao-de-energia-eolica-no-brasil-cresce-55-em-2016\/#listItem","position":3,"name":"Gera\u00e7\u00e3o de energia e\u00f3lica no Brasil cresce 55% em 2016","previousItem":{"@type":"ListItem","@id":"https:\/\/www.jornalja.com.br\/arquivo\/category\/geral\/#listItem","name":"Geral"}}]},{"@type":"Organization","@id":"https:\/\/www.jornalja.com.br\/arquivo\/#organization","name":"Jornal J\u00c1","description":"Jornal J\u00c1 | Porto Alegre","url":"https:\/\/www.jornalja.com.br\/arquivo\/","telephone":"+555133307272","logo":{"@type":"ImageObject","url":"https:\/\/www.jornalja.com.br\/wp-content\/uploads\/cards\/JAslogan.png","@id":"https:\/\/www.jornalja.com.br\/arquivo\/geracao-de-energia-eolica-no-brasil-cresce-55-em-2016\/#organizationLogo"},"image":{"@id":"https:\/\/www.jornalja.com.br\/arquivo\/geracao-de-energia-eolica-no-brasil-cresce-55-em-2016\/#organizationLogo"}},{"@type":"Person","@id":"https:\/\/www.jornalja.com.br\/arquivo\/author\/daredacao\/#author","url":"https:\/\/www.jornalja.com.br\/arquivo\/author\/daredacao\/","name":"da Reda\u00e7\u00e3o","image":{"@type":"ImageObject","@id":"https:\/\/www.jornalja.com.br\/arquivo\/geracao-de-energia-eolica-no-brasil-cresce-55-em-2016\/#authorImage","url":"https:\/\/secure.gravatar.com\/avatar\/469fd857d6605ad19919d27ed29d35a968a25f6e8fd9318356bbb7f57aae9c65?s=96&d=mm&r=g","width":96,"height":96,"caption":"da Reda\u00e7\u00e3o"}},{"@type":"WebPage","@id":"https:\/\/www.jornalja.com.br\/arquivo\/geracao-de-energia-eolica-no-brasil-cresce-55-em-2016\/#webpage","url":"https:\/\/www.jornalja.com.br\/arquivo\/geracao-de-energia-eolica-no-brasil-cresce-55-em-2016\/","name":"Gera\u00e7\u00e3o de energia e\u00f3lica no Brasil cresce 55% em 2016 | Arquivo","inLanguage":"pt-BR","isPartOf":{"@id":"https:\/\/www.jornalja.com.br\/arquivo\/#website"},"breadcrumb":{"@id":"https:\/\/www.jornalja.com.br\/arquivo\/geracao-de-energia-eolica-no-brasil-cresce-55-em-2016\/#breadcrumblist"},"author":{"@id":"https:\/\/www.jornalja.com.br\/arquivo\/author\/daredacao\/#author"},"creator":{"@id":"https:\/\/www.jornalja.com.br\/arquivo\/author\/daredacao\/#author"},"image":{"@type":"ImageObject","url":24065,"@id":"https:\/\/www.jornalja.com.br\/arquivo\/geracao-de-energia-eolica-no-brasil-cresce-55-em-2016\/#mainImage"},"primaryImageOfPage":{"@id":"https:\/\/www.jornalja.com.br\/arquivo\/geracao-de-energia-eolica-no-brasil-cresce-55-em-2016\/#mainImage"},"datePublished":"2017-05-05T11:26:57-03:00","dateModified":"2017-05-05T11:26:57-03:00"},{"@type":"WebSite","@id":"https:\/\/www.jornalja.com.br\/arquivo\/#website","url":"https:\/\/www.jornalja.com.br\/arquivo\/","name":"Arquivo","description":"Jornal J\u00c1 | Porto Alegre","inLanguage":"pt-BR","publisher":{"@id":"https:\/\/www.jornalja.com.br\/arquivo\/#organization"}}]},"og:locale":"pt_BR","og:site_name":"Arquivo | Jornal J\u00c1 | Porto Alegre","og:type":"article","og:title":"Gera\u00e7\u00e3o de energia e\u00f3lica no Brasil cresce 55% em 2016 | Arquivo","og:url":"https:\/\/www.jornalja.com.br\/arquivo\/geracao-de-energia-eolica-no-brasil-cresce-55-em-2016\/","og:image":"https:\/\/www.jornalja.com.br\/economics\/wp-content\/uploads\/sites\/11\/2026\/08\/ja-folhaderosto-facebook.jpg","og:image:secure_url":"https:\/\/www.jornalja.com.br\/economics\/wp-content\/uploads\/sites\/11\/2026\/08\/ja-folhaderosto-facebook.jpg","article:published_time":"2017-05-05T14:26:57+00:00","article:modified_time":"2017-05-05T14:26:57+00:00","twitter:card":"summary","twitter:title":"Gera\u00e7\u00e3o de energia e\u00f3lica no Brasil cresce 55% em 2016 | Arquivo","twitter:image":"https:\/\/www.jornalja.com.br\/economics\/wp-content\/uploads\/sites\/11\/2026\/08\/ja-folhaderosto-facebook.jpg"},"aioseo_meta_data":{"post_id":"47976","title":null,"description":null,"keywords":null,"keyphrases":null,"primary_term":null,"canonical_url":null,"og_title":null,"og_description":null,"og_object_type":"default","og_image_type":"default","og_image_url":null,"og_image_width":null,"og_image_height":null,"og_image_custom_url":null,"og_image_custom_fields":null,"og_video":null,"og_custom_url":null,"og_article_section":null,"og_article_tags":null,"twitter_use_og":false,"twitter_card":"default","twitter_image_type":"default","twitter_image_url":null,"twitter_image_custom_url":null,"twitter_image_custom_fields":null,"twitter_title":null,"twitter_description":null,"schema":{"blockGraphs":[],"customGraphs":[],"default":{"data":{"Article":[],"Course":[],"Dataset":[],"FAQPage":[],"Movie":[],"Person":[],"Product":[],"ProductReview":[],"Car":[],"Recipe":[],"Service":[],"SoftwareApplication":[],"WebPage":[]},"graphName":"","isEnabled":true},"graphs":[],"defaultGraph":"","defaultPostTypeGraph":""},"schema_type":null,"schema_type_options":null,"pillar_content":false,"robots_default":true,"robots_noindex":false,"robots_noarchive":false,"robots_nosnippet":false,"robots_nofollow":false,"robots_noimageindex":false,"robots_noodp":false,"robots_notranslate":false,"robots_max_snippet":null,"robots_max_videopreview":null,"robots_max_imagepreview":"large","priority":null,"frequency":null,"location":null,"local_seo":null,"breadcrumb_settings":null,"limit_modified_date":false,"ai":null,"created":"2020-12-20 20:35:51","updated":"2025-07-19 21:18:31","seo_analyzer_scan_date":null,"focus_keyword":null,"additional_keywords":null,"truseo_locale":null},"jetpack_sharing_enabled":true,"jetpack-related-posts":[{"id":13109,"url":"https:\/\/www.jornalja.com.br\/arquivo\/judiciario-reconhece-poluicao-eletromagnetica\/","url_meta":{"origin":47976,"position":0},"title":"Judici\u00e1rio reconhece polui\u00e7\u00e3o eletromagn\u00e9tica","author":"Patr\u00edcia Marini","date":"16 de maio de 2014","format":false,"excerpt":"A\u00e7\u00e3o de duas associa\u00e7\u00f5es de moradores foi acolhida pelo Tribunal de Justi\u00e7a de S\u00e3o Paulo que. em decis\u00e3o in\u00e9dita, determinou a redu\u00e7\u00e3o do campo eletromagn\u00e9tico gerado pelas linhas de transmiss\u00e3o de energia que cortam os bairros City Boa\u00e7ava e Alto de Pinheiros. \u00c9 a primeira vez que um tribunal do\u2026","rel":"","context":"Em &quot;X.Categorias velhas&quot;","block_context":{"text":"X.Categorias velhas","link":"https:\/\/www.jornalja.com.br\/arquivo\/category\/x-categorias-velhas\/"},"img":{"alt_text":"","src":"","width":0,"height":0},"classes":[]},{"id":14241,"url":"https:\/\/www.jornalja.com.br\/arquivo\/o-guaiba-nas-imagens-poeticas-de-achutti\/","url_meta":{"origin":47976,"position":1},"title":"O Gua\u00edba nas imagens po\u00e9ticas de Achutti","author":"da Reda\u00e7\u00e3o","date":"18 de junho de 2014","format":false,"excerpt":"Em \u201cO Gua\u00edba por Achutti\u201d \u2013 obra financiada via Minist\u00e9rio da Cultura, produ\u00e7\u00e3o executiva de Pedro Longhi, e Fl\u00e1vio Wild como designer \u2013, o fot\u00f3grafo revela a beleza e as mazelas de um espa\u00e7o aqu\u00e1tico de \u00e1guas sempre renovadas, cheio de hist\u00f3rias e lendas como as das cidades que foram\u2026","rel":"","context":"Em &quot;Cultura-Geral&quot;","block_context":{"text":"Cultura-Geral","link":"https:\/\/www.jornalja.com.br\/arquivo\/category\/materiasecundaria\/"},"img":{"alt_text":"","src":"","width":0,"height":0},"classes":[]},{"id":13101,"url":"https:\/\/www.jornalja.com.br\/arquivo\/morre-um-guerreiro-do-texto\/","url_meta":{"origin":47976,"position":2},"title":"Morre um guerreiro do texto","author":"Patr\u00edcia Marini","date":"14 de maio de 2014","format":false,"excerpt":"Por Ricardo Kotscho Reproduzido do blog do autor, 11\/5\/2014; t\u00edtulo original \u201cE l\u00e1 se foi o nosso Myltainho, guerreiro do texto\u201d. Mi\u00fado e franzino, meu amigo Myltainho era um valente e inconformado guerreiro na luta contra as injusti\u00e7as sociais, a hipocrisia, as maracutaias, o autoritarismo, a intoler\u00e2ncia, a viol\u00eancia, o\u2026","rel":"","context":"Em &quot;Geral&quot;","block_context":{"text":"Geral","link":"https:\/\/www.jornalja.com.br\/arquivo\/category\/geral\/"},"img":{"alt_text":"","src":"","width":0,"height":0},"classes":[]},{"id":13124,"url":"https:\/\/www.jornalja.com.br\/arquivo\/sangue-latino-no-iecine\/","url_meta":{"origin":47976,"position":3},"title":"Sangue latino no IECINE","author":"da Reda\u00e7\u00e3o","date":"18 de maio de 2014","format":false,"excerpt":"Francisco Ribeiro O Instituto Estadual de Cinema (IECINE) tem a frente, desde abril \u00faltimo, um novo diretor, o cineasta colombiano Juan Zapata, 36, que substitui Luiz Alberto Cassol. Radicado h\u00e1 dez anos em Porto Alegre, Zapata tem diante de si o desafio de conduzir at\u00e9 o final do ano um\u2026","rel":"","context":"Em &quot;Cultura-Geral&quot;","block_context":{"text":"Cultura-Geral","link":"https:\/\/www.jornalja.com.br\/arquivo\/category\/materiasecundaria\/"},"img":{"alt_text":"","src":"","width":0,"height":0},"classes":[]}],"jetpack_shortlink":"https:\/\/wp.me\/pbQjBd-ctO","jetpack_featured_media_url":"","_links":{"self":[{"href":"https:\/\/www.jornalja.com.br\/arquivo\/wp-json\/wp\/v2\/posts\/47976","targetHints":{"allow":["GET"]}}],"collection":[{"href":"https:\/\/www.jornalja.com.br\/arquivo\/wp-json\/wp\/v2\/posts"}],"about":[{"href":"https:\/\/www.jornalja.com.br\/arquivo\/wp-json\/wp\/v2\/types\/post"}],"author":[{"embeddable":true,"href":"https:\/\/www.jornalja.com.br\/arquivo\/wp-json\/wp\/v2\/users\/4"}],"replies":[{"embeddable":true,"href":"https:\/\/www.jornalja.com.br\/arquivo\/wp-json\/wp\/v2\/comments?post=47976"}],"version-history":[{"count":0,"href":"https:\/\/www.jornalja.com.br\/arquivo\/wp-json\/wp\/v2\/posts\/47976\/revisions"}],"wp:attachment":[{"href":"https:\/\/www.jornalja.com.br\/arquivo\/wp-json\/wp\/v2\/media?parent=47976"}],"wp:term":[{"taxonomy":"category","embeddable":true,"href":"https:\/\/www.jornalja.com.br\/arquivo\/wp-json\/wp\/v2\/categories?post=47976"},{"taxonomy":"post_tag","embeddable":true,"href":"https:\/\/www.jornalja.com.br\/arquivo\/wp-json\/wp\/v2\/tags?post=47976"}],"curies":[{"name":"wp","href":"https:\/\/api.w.org\/{rel}","templated":true}]}}