{"id":48006,"date":"2017-05-04T22:33:51","date_gmt":"2017-05-05T01:33:51","guid":{"rendered":"https:\/\/www.jornalja.com.br\/?p=48006"},"modified":"2017-05-04T22:33:51","modified_gmt":"2017-05-05T01:33:51","slug":"deputado-quer-unir-gauchos-e-mineiros-na-luta-pela-lei-kandir","status":"publish","type":"post","link":"https:\/\/www.jornalja.com.br\/arquivo\/deputado-quer-unir-gauchos-e-mineiros-na-luta-pela-lei-kandir\/","title":{"rendered":"Deputado quer unir ga\u00fachos e mineiros na luta pela Lei Kandir"},"content":{"rendered":"<p>\u201cN\u00e3o \u00e9 verdade que o Estado est\u00e1 endividado pela incompet\u00eancia ou gastan\u00e7a\u201d.<br \/>\nA afirma\u00e7\u00e3o \u00e9 do deputado Tarc\u00edsio Zimmermann (PT), ao falar no plen\u00e1rio da Assembleia Legislativa na tarde desta quinta-feira (4) sobre a import\u00e2ncia do cumprimento da Lei Kandir, que manda indenizar os Estados pelas isen\u00e7\u00f5es de impostos nas exporta\u00e7\u00f5es<br \/>\nZimmermann chegou a pedir que o secret\u00e1rio estadual da Fazenda, Giovani Feltes, deixe o cargo e reassuma seu mandato de deputado federal em Bras\u00edlia, para liderar a luta pela recupera\u00e7\u00e3o dos recursos da Lei Kandir na C\u00e2mara Federal.<br \/>\n\u201cN\u00e3o \u00e9 conselho, mas um pedido: renuncie e assuma na C\u00e2mara Federal, mobilize o PMDB, a base de apoio, o PP, o PSDB\u201d, disse Zimmermann, assegurando total apoio do PT, PSOL, PCdoB e at\u00e9 do PDT para assumir a lideran\u00e7a da luta pelo ressarcimento dessas perdas.<br \/>\nSegundo ele, a cada ano, R$ 4 bilh\u00f5es deixam de circular na economia ga\u00facha por causa da falta de um encontro de contas entre Estado e Uni\u00e3o.<br \/>\n\u201cQual a dificuldade do governador Sartori em colocar esse assunto no centro da pauta?\u201d, indagou da tribuna.<br \/>\nO assunto estar\u00e1 em debate amanh\u00e3 (5) no Teatro Dante Barone, com deputados de Minas Gerais, Estado que est\u00e1 conseguindo impor uma abordagem que abarca as d\u00edvidas dos estados, a Lei Kandir e o regime de recupera\u00e7\u00e3o fiscal.<br \/>\nCom isso, Minas deixa de ser devedora para tornar-se credora da Uni\u00e3o.<br \/>\n<strong>Os efeitos da Lei Kandir, na pr\u00e1tica<\/strong><br \/>\nA Lei Kandir foi institu\u00edda em 1996 para dar competitividade \u00e0s exporta\u00e7\u00f5es. De 1995 a 1998, um real valia um d\u00f3lar por determina\u00e7\u00e3o do governo Fernando Henrique. A infla\u00e7\u00e3o foi controlada, mas as exporta\u00e7\u00f5es desabaram. \u201cA infla\u00e7\u00e3o no per\u00edodo 95\/98 foi de 37%, mas a d\u00edvida do Rio Grande do Sul cresceu 122%\u201d, rememorou o parlamentar.<br \/>\nA Lei Kandir proibiu o Estado de cobrar ICMS sobre exporta\u00e7\u00f5es de mat\u00e9rias-primas e produtos semielaborados, com a promessa de reembolsar as perdas, o que n\u00e3o aconteceu. Portanto, atingiu em cheio estados exportadores.<br \/>\nZimmermann usa dados divulgados pelo governo Sartori para mostrar que a d\u00edvida do Estado foi de R$ 24 bilh\u00f5es, ao final do governo Alceu Collares, para R$ 54 bilh\u00f5es ao final do governo Antonio Britto.<br \/>\n\u201cE chegamos a este quadro, em que o Rio Grande do Sul tem d\u00edvida de R$ 58 bilh\u00f5es e perdas com a Lei Kandir de R$ 43 bilh\u00f5es\u201d, afirmou.<br \/>\nO fato novo, ressaltou est\u00e1 na decis\u00e3o do Supremo Tribunal Federal, que em novembro de 2016 determinou que o Congresso Nacional, em 12 meses, regulamente o ressarcimento das perdas.<br \/>\nPara ilustrar, relatou di\u00e1logo com o prefeito de Camaqu\u00e3, Eloi Ferreira (PSDB), que aceitou o convite para participar amanh\u00e3 dessa discuss\u00e3o na Assembleia. \u201cCamaqu\u00e3 perde R$ 4,7 milh\u00f5es anuais\u201d, argumentou Zimmermann. \u201cA pauta n\u00e3o \u00e9 dos partidos, mas do povo ga\u00facho.\u201d<br \/>\nNo Vale dos Sinos, Novo Hamburgo perde R$ 5 milh\u00f5es por ano, e Campo Bom, a cidade natal do secret\u00e1rio\u00a0Giovani Feltes, mais de R$ 5 milh\u00f5es anuais.<br \/>\n<em>(Com informa\u00e7\u00f5es da Ag\u00eancia AL)<\/em><br \/>\n&nbsp;<\/p>\n","protected":false},"excerpt":{"rendered":"<p>\u201cN\u00e3o \u00e9 verdade que o Estado est\u00e1 endividado pela incompet\u00eancia ou gastan\u00e7a\u201d. A afirma\u00e7\u00e3o \u00e9 do deputado Tarc\u00edsio Zimmermann (PT), ao falar no plen\u00e1rio da Assembleia Legislativa na tarde desta quinta-feira (4) sobre a import\u00e2ncia do cumprimento da Lei Kandir, que manda indenizar os Estados pelas isen\u00e7\u00f5es de impostos nas exporta\u00e7\u00f5es Zimmermann chegou a pedir [&hellip;]<\/p>\n","protected":false},"author":4,"featured_media":48008,"comment_status":"open","ping_status":"closed","sticky":false,"template":"","format":"standard","meta":{"_jetpack_newsletter_access":"","_jetpack_dont_email_post_to_subs":false,"_jetpack_newsletter_tier_id":0,"_jetpack_memberships_contains_paywalled_content":false,"_jetpack_feature_clip_id":0,"_jetpack_memberships_contains_paid_content":false,"footnotes":"","jetpack_post_was_ever_published":false},"categories":[26],"tags":[],"class_list":["post-48006","post","type-post","status-publish","format-standard","has-post-thumbnail","hentry","category-geral"],"aioseo_notices":[],"aioseo_head":"\n\t\t<!-- All in One SEO 5.0.1.1 - aioseo.com -->\n\t<meta name=\"robots\" content=\"max-image-preview:large\" \/>\n\t<meta name=\"author\" content=\"da Reda\u00e7\u00e3o\"\/>\n\t<link rel=\"canonical\" href=\"https:\/\/www.jornalja.com.br\/arquivo\/deputado-quer-unir-gauchos-e-mineiros-na-luta-pela-lei-kandir\/\" \/>\n\t<meta name=\"generator\" content=\"All in One SEO (AIOSEO) 5.0.1.1\" \/>\n\t\t<meta property=\"og:locale\" content=\"pt_BR\" \/>\n\t\t<meta property=\"og:site_name\" content=\"Arquivo | Jornal J\u00c1 | Porto Alegre\" \/>\n\t\t<meta property=\"og:type\" content=\"article\" \/>\n\t\t<meta property=\"og:title\" content=\"Deputado quer unir ga\u00fachos e mineiros na luta pela Lei Kandir | Arquivo\" \/>\n\t\t<meta property=\"og:url\" content=\"https:\/\/www.jornalja.com.br\/arquivo\/deputado-quer-unir-gauchos-e-mineiros-na-luta-pela-lei-kandir\/\" \/>\n\t\t<meta property=\"og:image\" content=\"https:\/\/www.jornalja.com.br\/economics\/wp-content\/uploads\/sites\/11\/2026\/08\/ja-folhaderosto-facebook.jpg\" \/>\n\t\t<meta property=\"og:image:secure_url\" content=\"https:\/\/www.jornalja.com.br\/economics\/wp-content\/uploads\/sites\/11\/2026\/08\/ja-folhaderosto-facebook.jpg\" \/>\n\t\t<meta property=\"article:published_time\" content=\"2017-05-05T01:33:51+00:00\" \/>\n\t\t<meta property=\"article:modified_time\" content=\"2017-05-05T01:33:51+00:00\" \/>\n\t\t<meta name=\"twitter:card\" content=\"summary\" \/>\n\t\t<meta name=\"twitter:title\" content=\"Deputado quer unir ga\u00fachos e mineiros na luta pela Lei Kandir | Arquivo\" \/>\n\t\t<meta name=\"twitter:image\" content=\"https:\/\/www.jornalja.com.br\/economics\/wp-content\/uploads\/sites\/11\/2026\/08\/ja-folhaderosto-facebook.jpg\" \/>\n\t\t<script type=\"application\/ld+json\" class=\"aioseo-schema\">\n\t\t\t{\"@context\":\"https:\\\/\\\/schema.org\",\"@graph\":[{\"@type\":\"BlogPosting\",\"@id\":\"https:\\\/\\\/www.jornalja.com.br\\\/arquivo\\\/deputado-quer-unir-gauchos-e-mineiros-na-luta-pela-lei-kandir\\\/#blogposting\",\"name\":\"Deputado quer unir ga\\u00fachos e mineiros na luta pela Lei Kandir | Arquivo\",\"headline\":\"Deputado quer unir ga\\u00fachos e mineiros na luta pela Lei Kandir\",\"author\":{\"@id\":\"https:\\\/\\\/www.jornalja.com.br\\\/arquivo\\\/author\\\/daredacao\\\/#author\"},\"publisher\":{\"@id\":\"https:\\\/\\\/www.jornalja.com.br\\\/arquivo\\\/#organization\"},\"image\":{\"@type\":\"ImageObject\",\"url\":48008},\"datePublished\":\"2017-05-04T22:33:51-03:00\",\"dateModified\":\"2017-05-04T22:33:51-03:00\",\"inLanguage\":\"pt-BR\",\"mainEntityOfPage\":{\"@id\":\"https:\\\/\\\/www.jornalja.com.br\\\/arquivo\\\/deputado-quer-unir-gauchos-e-mineiros-na-luta-pela-lei-kandir\\\/#webpage\"},\"isPartOf\":{\"@id\":\"https:\\\/\\\/www.jornalja.com.br\\\/arquivo\\\/deputado-quer-unir-gauchos-e-mineiros-na-luta-pela-lei-kandir\\\/#webpage\"},\"articleSection\":\"Geral\"},{\"@type\":\"BreadcrumbList\",\"@id\":\"https:\\\/\\\/www.jornalja.com.br\\\/arquivo\\\/deputado-quer-unir-gauchos-e-mineiros-na-luta-pela-lei-kandir\\\/#breadcrumblist\",\"itemListElement\":[{\"@type\":\"ListItem\",\"@id\":\"https:\\\/\\\/www.jornalja.com.br\\\/arquivo#listItem\",\"position\":1,\"name\":\"Home\",\"item\":\"https:\\\/\\\/www.jornalja.com.br\\\/arquivo\",\"nextItem\":{\"@type\":\"ListItem\",\"@id\":\"https:\\\/\\\/www.jornalja.com.br\\\/arquivo\\\/category\\\/geral\\\/#listItem\",\"name\":\"Geral\"}},{\"@type\":\"ListItem\",\"@id\":\"https:\\\/\\\/www.jornalja.com.br\\\/arquivo\\\/category\\\/geral\\\/#listItem\",\"position\":2,\"name\":\"Geral\",\"item\":\"https:\\\/\\\/www.jornalja.com.br\\\/arquivo\\\/category\\\/geral\\\/\",\"nextItem\":{\"@type\":\"ListItem\",\"@id\":\"https:\\\/\\\/www.jornalja.com.br\\\/arquivo\\\/deputado-quer-unir-gauchos-e-mineiros-na-luta-pela-lei-kandir\\\/#listItem\",\"name\":\"Deputado quer unir ga\\u00fachos e mineiros na luta pela Lei Kandir\"},\"previousItem\":{\"@type\":\"ListItem\",\"@id\":\"https:\\\/\\\/www.jornalja.com.br\\\/arquivo#listItem\",\"name\":\"Home\"}},{\"@type\":\"ListItem\",\"@id\":\"https:\\\/\\\/www.jornalja.com.br\\\/arquivo\\\/deputado-quer-unir-gauchos-e-mineiros-na-luta-pela-lei-kandir\\\/#listItem\",\"position\":3,\"name\":\"Deputado quer unir ga\\u00fachos e mineiros na luta pela Lei Kandir\",\"previousItem\":{\"@type\":\"ListItem\",\"@id\":\"https:\\\/\\\/www.jornalja.com.br\\\/arquivo\\\/category\\\/geral\\\/#listItem\",\"name\":\"Geral\"}}]},{\"@type\":\"Organization\",\"@id\":\"https:\\\/\\\/www.jornalja.com.br\\\/arquivo\\\/#organization\",\"name\":\"Jornal J\\u00c1\",\"description\":\"Jornal J\\u00c1 | Porto Alegre\",\"url\":\"https:\\\/\\\/www.jornalja.com.br\\\/arquivo\\\/\",\"telephone\":\"+555133307272\",\"logo\":{\"@type\":\"ImageObject\",\"url\":\"https:\\\/\\\/www.jornalja.com.br\\\/wp-content\\\/uploads\\\/cards\\\/JAslogan.png\",\"@id\":\"https:\\\/\\\/www.jornalja.com.br\\\/arquivo\\\/deputado-quer-unir-gauchos-e-mineiros-na-luta-pela-lei-kandir\\\/#organizationLogo\"},\"image\":{\"@id\":\"https:\\\/\\\/www.jornalja.com.br\\\/arquivo\\\/deputado-quer-unir-gauchos-e-mineiros-na-luta-pela-lei-kandir\\\/#organizationLogo\"}},{\"@type\":\"Person\",\"@id\":\"https:\\\/\\\/www.jornalja.com.br\\\/arquivo\\\/author\\\/daredacao\\\/#author\",\"url\":\"https:\\\/\\\/www.jornalja.com.br\\\/arquivo\\\/author\\\/daredacao\\\/\",\"name\":\"da Reda\\u00e7\\u00e3o\",\"image\":{\"@type\":\"ImageObject\",\"@id\":\"https:\\\/\\\/www.jornalja.com.br\\\/arquivo\\\/deputado-quer-unir-gauchos-e-mineiros-na-luta-pela-lei-kandir\\\/#authorImage\",\"url\":\"https:\\\/\\\/secure.gravatar.com\\\/avatar\\\/469fd857d6605ad19919d27ed29d35a968a25f6e8fd9318356bbb7f57aae9c65?s=96&d=mm&r=g\",\"width\":96,\"height\":96,\"caption\":\"da Reda\\u00e7\\u00e3o\"}},{\"@type\":\"WebPage\",\"@id\":\"https:\\\/\\\/www.jornalja.com.br\\\/arquivo\\\/deputado-quer-unir-gauchos-e-mineiros-na-luta-pela-lei-kandir\\\/#webpage\",\"url\":\"https:\\\/\\\/www.jornalja.com.br\\\/arquivo\\\/deputado-quer-unir-gauchos-e-mineiros-na-luta-pela-lei-kandir\\\/\",\"name\":\"Deputado quer unir ga\\u00fachos e mineiros na luta pela Lei Kandir | Arquivo\",\"inLanguage\":\"pt-BR\",\"isPartOf\":{\"@id\":\"https:\\\/\\\/www.jornalja.com.br\\\/arquivo\\\/#website\"},\"breadcrumb\":{\"@id\":\"https:\\\/\\\/www.jornalja.com.br\\\/arquivo\\\/deputado-quer-unir-gauchos-e-mineiros-na-luta-pela-lei-kandir\\\/#breadcrumblist\"},\"author\":{\"@id\":\"https:\\\/\\\/www.jornalja.com.br\\\/arquivo\\\/author\\\/daredacao\\\/#author\"},\"creator\":{\"@id\":\"https:\\\/\\\/www.jornalja.com.br\\\/arquivo\\\/author\\\/daredacao\\\/#author\"},\"image\":{\"@type\":\"ImageObject\",\"url\":48008,\"@id\":\"https:\\\/\\\/www.jornalja.com.br\\\/arquivo\\\/deputado-quer-unir-gauchos-e-mineiros-na-luta-pela-lei-kandir\\\/#mainImage\"},\"primaryImageOfPage\":{\"@id\":\"https:\\\/\\\/www.jornalja.com.br\\\/arquivo\\\/deputado-quer-unir-gauchos-e-mineiros-na-luta-pela-lei-kandir\\\/#mainImage\"},\"datePublished\":\"2017-05-04T22:33:51-03:00\",\"dateModified\":\"2017-05-04T22:33:51-03:00\"},{\"@type\":\"WebSite\",\"@id\":\"https:\\\/\\\/www.jornalja.com.br\\\/arquivo\\\/#website\",\"url\":\"https:\\\/\\\/www.jornalja.com.br\\\/arquivo\\\/\",\"name\":\"Arquivo\",\"description\":\"Jornal J\\u00c1 | Porto Alegre\",\"inLanguage\":\"pt-BR\",\"publisher\":{\"@id\":\"https:\\\/\\\/www.jornalja.com.br\\\/arquivo\\\/#organization\"}}]}\n\t\t<\/script>\n\t\t<!-- All in One SEO -->\n\n","aioseo_head_json":{"title":"Deputado quer unir ga\u00fachos e mineiros na luta pela Lei Kandir | Arquivo","description":"","canonical_url":"https:\/\/www.jornalja.com.br\/arquivo\/deputado-quer-unir-gauchos-e-mineiros-na-luta-pela-lei-kandir\/","robots":"max-image-preview:large","keywords":"","webmasterTools":{"miscellaneous":""},"schema":{"@context":"https:\/\/schema.org","@graph":[{"@type":"BlogPosting","@id":"https:\/\/www.jornalja.com.br\/arquivo\/deputado-quer-unir-gauchos-e-mineiros-na-luta-pela-lei-kandir\/#blogposting","name":"Deputado quer unir ga\u00fachos e mineiros na luta pela Lei Kandir | Arquivo","headline":"Deputado quer unir ga\u00fachos e mineiros na luta pela Lei Kandir","author":{"@id":"https:\/\/www.jornalja.com.br\/arquivo\/author\/daredacao\/#author"},"publisher":{"@id":"https:\/\/www.jornalja.com.br\/arquivo\/#organization"},"image":{"@type":"ImageObject","url":48008},"datePublished":"2017-05-04T22:33:51-03:00","dateModified":"2017-05-04T22:33:51-03:00","inLanguage":"pt-BR","mainEntityOfPage":{"@id":"https:\/\/www.jornalja.com.br\/arquivo\/deputado-quer-unir-gauchos-e-mineiros-na-luta-pela-lei-kandir\/#webpage"},"isPartOf":{"@id":"https:\/\/www.jornalja.com.br\/arquivo\/deputado-quer-unir-gauchos-e-mineiros-na-luta-pela-lei-kandir\/#webpage"},"articleSection":"Geral"},{"@type":"BreadcrumbList","@id":"https:\/\/www.jornalja.com.br\/arquivo\/deputado-quer-unir-gauchos-e-mineiros-na-luta-pela-lei-kandir\/#breadcrumblist","itemListElement":[{"@type":"ListItem","@id":"https:\/\/www.jornalja.com.br\/arquivo#listItem","position":1,"name":"Home","item":"https:\/\/www.jornalja.com.br\/arquivo","nextItem":{"@type":"ListItem","@id":"https:\/\/www.jornalja.com.br\/arquivo\/category\/geral\/#listItem","name":"Geral"}},{"@type":"ListItem","@id":"https:\/\/www.jornalja.com.br\/arquivo\/category\/geral\/#listItem","position":2,"name":"Geral","item":"https:\/\/www.jornalja.com.br\/arquivo\/category\/geral\/","nextItem":{"@type":"ListItem","@id":"https:\/\/www.jornalja.com.br\/arquivo\/deputado-quer-unir-gauchos-e-mineiros-na-luta-pela-lei-kandir\/#listItem","name":"Deputado quer unir ga\u00fachos e mineiros na luta pela Lei Kandir"},"previousItem":{"@type":"ListItem","@id":"https:\/\/www.jornalja.com.br\/arquivo#listItem","name":"Home"}},{"@type":"ListItem","@id":"https:\/\/www.jornalja.com.br\/arquivo\/deputado-quer-unir-gauchos-e-mineiros-na-luta-pela-lei-kandir\/#listItem","position":3,"name":"Deputado quer unir ga\u00fachos e mineiros na luta pela Lei Kandir","previousItem":{"@type":"ListItem","@id":"https:\/\/www.jornalja.com.br\/arquivo\/category\/geral\/#listItem","name":"Geral"}}]},{"@type":"Organization","@id":"https:\/\/www.jornalja.com.br\/arquivo\/#organization","name":"Jornal J\u00c1","description":"Jornal J\u00c1 | Porto Alegre","url":"https:\/\/www.jornalja.com.br\/arquivo\/","telephone":"+555133307272","logo":{"@type":"ImageObject","url":"https:\/\/www.jornalja.com.br\/wp-content\/uploads\/cards\/JAslogan.png","@id":"https:\/\/www.jornalja.com.br\/arquivo\/deputado-quer-unir-gauchos-e-mineiros-na-luta-pela-lei-kandir\/#organizationLogo"},"image":{"@id":"https:\/\/www.jornalja.com.br\/arquivo\/deputado-quer-unir-gauchos-e-mineiros-na-luta-pela-lei-kandir\/#organizationLogo"}},{"@type":"Person","@id":"https:\/\/www.jornalja.com.br\/arquivo\/author\/daredacao\/#author","url":"https:\/\/www.jornalja.com.br\/arquivo\/author\/daredacao\/","name":"da Reda\u00e7\u00e3o","image":{"@type":"ImageObject","@id":"https:\/\/www.jornalja.com.br\/arquivo\/deputado-quer-unir-gauchos-e-mineiros-na-luta-pela-lei-kandir\/#authorImage","url":"https:\/\/secure.gravatar.com\/avatar\/469fd857d6605ad19919d27ed29d35a968a25f6e8fd9318356bbb7f57aae9c65?s=96&d=mm&r=g","width":96,"height":96,"caption":"da Reda\u00e7\u00e3o"}},{"@type":"WebPage","@id":"https:\/\/www.jornalja.com.br\/arquivo\/deputado-quer-unir-gauchos-e-mineiros-na-luta-pela-lei-kandir\/#webpage","url":"https:\/\/www.jornalja.com.br\/arquivo\/deputado-quer-unir-gauchos-e-mineiros-na-luta-pela-lei-kandir\/","name":"Deputado quer unir ga\u00fachos e mineiros na luta pela Lei Kandir | Arquivo","inLanguage":"pt-BR","isPartOf":{"@id":"https:\/\/www.jornalja.com.br\/arquivo\/#website"},"breadcrumb":{"@id":"https:\/\/www.jornalja.com.br\/arquivo\/deputado-quer-unir-gauchos-e-mineiros-na-luta-pela-lei-kandir\/#breadcrumblist"},"author":{"@id":"https:\/\/www.jornalja.com.br\/arquivo\/author\/daredacao\/#author"},"creator":{"@id":"https:\/\/www.jornalja.com.br\/arquivo\/author\/daredacao\/#author"},"image":{"@type":"ImageObject","url":48008,"@id":"https:\/\/www.jornalja.com.br\/arquivo\/deputado-quer-unir-gauchos-e-mineiros-na-luta-pela-lei-kandir\/#mainImage"},"primaryImageOfPage":{"@id":"https:\/\/www.jornalja.com.br\/arquivo\/deputado-quer-unir-gauchos-e-mineiros-na-luta-pela-lei-kandir\/#mainImage"},"datePublished":"2017-05-04T22:33:51-03:00","dateModified":"2017-05-04T22:33:51-03:00"},{"@type":"WebSite","@id":"https:\/\/www.jornalja.com.br\/arquivo\/#website","url":"https:\/\/www.jornalja.com.br\/arquivo\/","name":"Arquivo","description":"Jornal J\u00c1 | Porto Alegre","inLanguage":"pt-BR","publisher":{"@id":"https:\/\/www.jornalja.com.br\/arquivo\/#organization"}}]},"og:locale":"pt_BR","og:site_name":"Arquivo | Jornal J\u00c1 | Porto Alegre","og:type":"article","og:title":"Deputado quer unir ga\u00fachos e mineiros na luta pela Lei Kandir | Arquivo","og:url":"https:\/\/www.jornalja.com.br\/arquivo\/deputado-quer-unir-gauchos-e-mineiros-na-luta-pela-lei-kandir\/","og:image":"https:\/\/www.jornalja.com.br\/economics\/wp-content\/uploads\/sites\/11\/2026\/08\/ja-folhaderosto-facebook.jpg","og:image:secure_url":"https:\/\/www.jornalja.com.br\/economics\/wp-content\/uploads\/sites\/11\/2026\/08\/ja-folhaderosto-facebook.jpg","article:published_time":"2017-05-05T01:33:51+00:00","article:modified_time":"2017-05-05T01:33:51+00:00","twitter:card":"summary","twitter:title":"Deputado quer unir ga\u00fachos e mineiros na luta pela Lei Kandir | Arquivo","twitter:image":"https:\/\/www.jornalja.com.br\/economics\/wp-content\/uploads\/sites\/11\/2026\/08\/ja-folhaderosto-facebook.jpg"},"aioseo_meta_data":{"post_id":"48006","title":null,"description":null,"keywords":null,"keyphrases":null,"primary_term":null,"canonical_url":null,"og_title":null,"og_description":null,"og_object_type":"default","og_image_type":"default","og_image_url":null,"og_image_width":null,"og_image_height":null,"og_image_custom_url":null,"og_image_custom_fields":null,"og_video":null,"og_custom_url":null,"og_article_section":null,"og_article_tags":null,"twitter_use_og":false,"twitter_card":"default","twitter_image_type":"default","twitter_image_url":null,"twitter_image_custom_url":null,"twitter_image_custom_fields":null,"twitter_title":null,"twitter_description":null,"schema":{"blockGraphs":[],"customGraphs":[],"default":{"data":{"Article":[],"Course":[],"Dataset":[],"FAQPage":[],"Movie":[],"Person":[],"Product":[],"ProductReview":[],"Car":[],"Recipe":[],"Service":[],"SoftwareApplication":[],"WebPage":[]},"graphName":"","isEnabled":true},"graphs":[],"defaultGraph":"","defaultPostTypeGraph":""},"schema_type":null,"schema_type_options":null,"pillar_content":false,"robots_default":true,"robots_noindex":false,"robots_noarchive":false,"robots_nosnippet":false,"robots_nofollow":false,"robots_noimageindex":false,"robots_noodp":false,"robots_notranslate":false,"robots_max_snippet":null,"robots_max_videopreview":null,"robots_max_imagepreview":"large","priority":null,"frequency":null,"location":null,"local_seo":null,"breadcrumb_settings":null,"limit_modified_date":false,"ai":null,"created":"2020-12-20 20:35:51","updated":"2025-07-19 21:18:31","seo_analyzer_scan_date":null,"focus_keyword":null,"additional_keywords":null,"truseo_locale":null},"jetpack_sharing_enabled":true,"jetpack-related-posts":[{"id":13128,"url":"https:\/\/www.jornalja.com.br\/arquivo\/maconha-terra-diz-que-uso-medicinal-e-desculpa\/","url_meta":{"origin":48006,"position":0},"title":"Maconha: Terra diz que uso medicinal \u00e9 desculpa","author":"Patr\u00edcia Marini","date":"4 de junho de 2014","format":false,"excerpt":"A condi\u00e7\u00e3o de pol\u00edtico, em \u00e9poca de campanha de campanha eleitoral, tira for\u00e7a do discurso do m\u00e9dico Osmar Terra contra a legaliza\u00e7\u00e3o da maconha. A tese dele de que a libera\u00e7\u00e3o vai ampliar exponencialmente o consumo \u00e9 discutivel, o consumo \u00e9 corrente. Mas seus alertas quanto aos riscos tem que\u2026","rel":"","context":"Em &quot;X.Categorias velhas&quot;","block_context":{"text":"X.Categorias velhas","link":"https:\/\/www.jornalja.com.br\/arquivo\/category\/x-categorias-velhas\/"},"img":{"alt_text":"","src":"","width":0,"height":0},"classes":[]},{"id":13101,"url":"https:\/\/www.jornalja.com.br\/arquivo\/morre-um-guerreiro-do-texto\/","url_meta":{"origin":48006,"position":1},"title":"Morre um guerreiro do texto","author":"Patr\u00edcia Marini","date":"14 de maio de 2014","format":false,"excerpt":"Por Ricardo Kotscho Reproduzido do blog do autor, 11\/5\/2014; t\u00edtulo original \u201cE l\u00e1 se foi o nosso Myltainho, guerreiro do texto\u201d. Mi\u00fado e franzino, meu amigo Myltainho era um valente e inconformado guerreiro na luta contra as injusti\u00e7as sociais, a hipocrisia, as maracutaias, o autoritarismo, a intoler\u00e2ncia, a viol\u00eancia, o\u2026","rel":"","context":"Em &quot;Geral&quot;","block_context":{"text":"Geral","link":"https:\/\/www.jornalja.com.br\/arquivo\/category\/geral\/"},"img":{"alt_text":"","src":"","width":0,"height":0},"classes":[]},{"id":13124,"url":"https:\/\/www.jornalja.com.br\/arquivo\/sangue-latino-no-iecine\/","url_meta":{"origin":48006,"position":2},"title":"Sangue latino no IECINE","author":"da Reda\u00e7\u00e3o","date":"18 de maio de 2014","format":false,"excerpt":"Francisco Ribeiro O Instituto Estadual de Cinema (IECINE) tem a frente, desde abril \u00faltimo, um novo diretor, o cineasta colombiano Juan Zapata, 36, que substitui Luiz Alberto Cassol. Radicado h\u00e1 dez anos em Porto Alegre, Zapata tem diante de si o desafio de conduzir at\u00e9 o final do ano um\u2026","rel":"","context":"Em &quot;Cultura-Geral&quot;","block_context":{"text":"Cultura-Geral","link":"https:\/\/www.jornalja.com.br\/arquivo\/category\/materiasecundaria\/"},"img":{"alt_text":"","src":"","width":0,"height":0},"classes":[]},{"id":13239,"url":"https:\/\/www.jornalja.com.br\/arquivo\/conselho-desdenha-do-plano-diretor\/","url_meta":{"origin":48006,"position":3},"title":"Porto Alegre: Conselho detona Plano Diretor","author":"Patr\u00edcia Marini","date":"25 de maio de 2014","format":false,"excerpt":"Den\u00fancia do arquiteto e \u00a0urbanista Ibir\u00e1 Santos Lucas. Ele diz que os conselheiros est\u00e3o votando com \"enorme irresponsabilidade\". \"Mudam regime com a maior naturalidade,,,regularizam absurdos de constru\u00e7\u00f5es irregulares... \"O CMDUA est\u00e1 flexibilizando a lei do plano diretor, de uma forma impactante na vida da cidade. Mudam regime com a maior\u2026","rel":"","context":"Em &quot;Geral&quot;","block_context":{"text":"Geral","link":"https:\/\/www.jornalja.com.br\/arquivo\/category\/geral\/"},"img":{"alt_text":"","src":"","width":0,"height":0},"classes":[]},{"id":13109,"url":"https:\/\/www.jornalja.com.br\/arquivo\/judiciario-reconhece-poluicao-eletromagnetica\/","url_meta":{"origin":48006,"position":4},"title":"Judici\u00e1rio reconhece polui\u00e7\u00e3o eletromagn\u00e9tica","author":"Patr\u00edcia Marini","date":"16 de maio de 2014","format":false,"excerpt":"A\u00e7\u00e3o de duas associa\u00e7\u00f5es de moradores foi acolhida pelo Tribunal de Justi\u00e7a de S\u00e3o Paulo que. em decis\u00e3o in\u00e9dita, determinou a redu\u00e7\u00e3o do campo eletromagn\u00e9tico gerado pelas linhas de transmiss\u00e3o de energia que cortam os bairros City Boa\u00e7ava e Alto de Pinheiros. \u00c9 a primeira vez que um tribunal do\u2026","rel":"","context":"Em &quot;X.Categorias velhas&quot;","block_context":{"text":"X.Categorias velhas","link":"https:\/\/www.jornalja.com.br\/arquivo\/category\/x-categorias-velhas\/"},"img":{"alt_text":"","src":"","width":0,"height":0},"classes":[]},{"id":14241,"url":"https:\/\/www.jornalja.com.br\/arquivo\/o-guaiba-nas-imagens-poeticas-de-achutti\/","url_meta":{"origin":48006,"position":5},"title":"O Gua\u00edba nas imagens po\u00e9ticas de Achutti","author":"da Reda\u00e7\u00e3o","date":"18 de junho de 2014","format":false,"excerpt":"Em \u201cO Gua\u00edba por Achutti\u201d \u2013 obra financiada via Minist\u00e9rio da Cultura, produ\u00e7\u00e3o executiva de Pedro Longhi, e Fl\u00e1vio Wild como designer \u2013, o fot\u00f3grafo revela a beleza e as mazelas de um espa\u00e7o aqu\u00e1tico de \u00e1guas sempre renovadas, cheio de hist\u00f3rias e lendas como as das cidades que foram\u2026","rel":"","context":"Em &quot;Cultura-Geral&quot;","block_context":{"text":"Cultura-Geral","link":"https:\/\/www.jornalja.com.br\/arquivo\/category\/materiasecundaria\/"},"img":{"alt_text":"","src":"","width":0,"height":0},"classes":[]}],"jetpack_shortlink":"https:\/\/wp.me\/pbQjBd-cui","jetpack_featured_media_url":"","_links":{"self":[{"href":"https:\/\/www.jornalja.com.br\/arquivo\/wp-json\/wp\/v2\/posts\/48006","targetHints":{"allow":["GET"]}}],"collection":[{"href":"https:\/\/www.jornalja.com.br\/arquivo\/wp-json\/wp\/v2\/posts"}],"about":[{"href":"https:\/\/www.jornalja.com.br\/arquivo\/wp-json\/wp\/v2\/types\/post"}],"author":[{"embeddable":true,"href":"https:\/\/www.jornalja.com.br\/arquivo\/wp-json\/wp\/v2\/users\/4"}],"replies":[{"embeddable":true,"href":"https:\/\/www.jornalja.com.br\/arquivo\/wp-json\/wp\/v2\/comments?post=48006"}],"version-history":[{"count":0,"href":"https:\/\/www.jornalja.com.br\/arquivo\/wp-json\/wp\/v2\/posts\/48006\/revisions"}],"wp:attachment":[{"href":"https:\/\/www.jornalja.com.br\/arquivo\/wp-json\/wp\/v2\/media?parent=48006"}],"wp:term":[{"taxonomy":"category","embeddable":true,"href":"https:\/\/www.jornalja.com.br\/arquivo\/wp-json\/wp\/v2\/categories?post=48006"},{"taxonomy":"post_tag","embeddable":true,"href":"https:\/\/www.jornalja.com.br\/arquivo\/wp-json\/wp\/v2\/tags?post=48006"}],"curies":[{"name":"wp","href":"https:\/\/api.w.org\/{rel}","templated":true}]}}