{"id":48020,"date":"2017-05-05T19:56:41","date_gmt":"2017-05-05T22:56:41","guid":{"rendered":"https:\/\/www.jornalja.com.br\/?p=48020"},"modified":"2017-05-05T19:56:41","modified_gmt":"2017-05-05T22:56:41","slug":"petrobras-poe-ativos-a-venda-e-estimula-demissoes-voluntarias","status":"publish","type":"post","link":"https:\/\/www.jornalja.com.br\/arquivo\/petrobras-poe-ativos-a-venda-e-estimula-demissoes-voluntarias\/","title":{"rendered":"Petrobras p\u00f5e ativos \u00e0 venda e estimula demiss\u00f5es volunt\u00e1rias"},"content":{"rendered":"<p>A Petrobras est\u00e1 \u00e0 venda. S\u00e3o pelo menos R$ 21 bilh\u00f5es que a maior estatal brasileira quer arrecadar em vendendo ativos.<br \/>\nQuem se interessar que apresente sua proposta: tem a BR Distribuidora com oito mil postos de combust\u00edveris, a Transpetro com uma frota e 181 navios ( 55 pr\u00f3prios), 20 usinas t\u00e9rmicas, 16 refinarias (outras duas, Premium I e Premium II, que seriam constru\u00eddas no Maranh\u00e3o e no Cear\u00e1, n\u00e3o sa\u00edram do papel, nem v\u00e3o sair).<br \/>\nSem falar nos mega projetos das refinarias da Rnest, em Pernambuco, e do Comperj, em S\u00e3o Gon\u00e7alo, no Estado do Rio, que tiveram suas capacidades de produ\u00e7\u00e3o bastante reduzidas.<br \/>\nA\u00a0 \u00a0Petrobras \u00e9 dona ainda de tr\u00eas refinarias no exterior, mesmo tendo se livrado de Okinawa no Jap\u00e3o. F\u00e1bricas de etanol, rede de postos de servi\u00e7os, usinas de biodiesel, projeto de energia e\u00f3lica e por a\u00ed vai.<br \/>\nA venda desses ativos n\u00e3o significa, necessariamente, a venda de 100% das a\u00e7\u00f5es, embora a empresa possa abrir m\u00e3o do controle acion\u00e1rio.<br \/>\nA Petrobras est\u00e1 precisando de dinheiro para continuar explorando a \u00e1rea do pr\u00e9-sal, este sim um investimento de excelente resultado. \u00a0Por isso, est\u00e1 inclu\u00eddo na rela\u00e7\u00e3o dos ativos oferecidos.<br \/>\nNo m\u00eas de janeiro deste ano foram 1,588 milh\u00f5es de barris de \u00f3leo equivalente (BOE) isto \u00e9, 47% da produ\u00e7\u00e3o brasileira.<br \/>\nFazem parte deste acervo oferecido ao mercado nacional e estrangeiro f\u00e1bricas de fertilizantes (Fafens) em Sergipe e Bahia. A de Mato Grosso Do Sul recentemente obteve autoriza\u00e7\u00e3o do Tribunal de Contas da Uni\u00e3o (TCU) para retomar as obras contando com a participa\u00e7\u00e3o de um cons\u00f3rcio chin\u00eas.<br \/>\nUm dos motivos que pode tornar esses ativos mais atraentes \u00e9 a redu\u00e7\u00e3o do quadro de pessoal, evitando ou reduzindo passivos trabalhistas.<br \/>\nUma a\u00e7\u00e3o deste g\u00eanero j\u00e1 foi tomada com a realiza\u00e7\u00e3o dos Programas de Indeniza\u00e7\u00e3o de Demiss\u00e3o volunt\u00e1ria (PIDV).<br \/>\nO primeiro come\u00e7ou em 2014, o segundo, este ano. J\u00e1 deixaram a empresa mais de 16 mil empregados.<br \/>\nAinda tem muita gente que pode optar pelo PIDV, planejado para acabar em setembro deste ano. O n\u00famero de empregados concursados \u00e9 bem menor do que os terceirizados (99.423). Os concursados, \u00fanicos que podem aderir ao PIDV, somam 49.385.<br \/>\nA maior indeniza\u00e7\u00e3o \u00e9 de aproximadamente R$ 600 mil. Esse programa aceita somente empregados da holding. (G.P.)<br \/>\n&nbsp;<br \/>\n&nbsp;<\/p>\n","protected":false},"excerpt":{"rendered":"<p>A Petrobras est\u00e1 \u00e0 venda. S\u00e3o pelo menos R$ 21 bilh\u00f5es que a maior estatal brasileira quer arrecadar em vendendo ativos. Quem se interessar que apresente sua proposta: tem a BR Distribuidora com oito mil postos de combust\u00edveris, a Transpetro com uma frota e 181 navios ( 55 pr\u00f3prios), 20 usinas t\u00e9rmicas, 16 refinarias (outras [&hellip;]<\/p>\n","protected":false},"author":4,"featured_media":48052,"comment_status":"open","ping_status":"closed","sticky":false,"template":"","format":"standard","meta":{"_jetpack_newsletter_access":"","_jetpack_dont_email_post_to_subs":false,"_jetpack_newsletter_tier_id":0,"_jetpack_memberships_contains_paywalled_content":false,"_jetpack_feature_clip_id":0,"_jetpack_memberships_contains_paid_content":false,"footnotes":"","jetpack_post_was_ever_published":false},"categories":[26],"tags":[],"class_list":["post-48020","post","type-post","status-publish","format-standard","has-post-thumbnail","hentry","category-geral"],"aioseo_notices":[],"aioseo_head":"\n\t\t<!-- All in One SEO 5.0.1.1 - aioseo.com -->\n\t<meta name=\"robots\" content=\"max-image-preview:large\" \/>\n\t<meta name=\"author\" content=\"da Reda\u00e7\u00e3o\"\/>\n\t<link rel=\"canonical\" href=\"https:\/\/www.jornalja.com.br\/arquivo\/petrobras-poe-ativos-a-venda-e-estimula-demissoes-voluntarias\/\" \/>\n\t<meta name=\"generator\" content=\"All in One SEO (AIOSEO) 5.0.1.1\" \/>\n\t\t<meta property=\"og:locale\" content=\"pt_BR\" \/>\n\t\t<meta property=\"og:site_name\" content=\"Arquivo | Jornal J\u00c1 | Porto Alegre\" \/>\n\t\t<meta property=\"og:type\" content=\"article\" \/>\n\t\t<meta property=\"og:title\" content=\"Petrobras p\u00f5e ativos \u00e0 venda e estimula demiss\u00f5es volunt\u00e1rias | Arquivo\" \/>\n\t\t<meta property=\"og:url\" content=\"https:\/\/www.jornalja.com.br\/arquivo\/petrobras-poe-ativos-a-venda-e-estimula-demissoes-voluntarias\/\" \/>\n\t\t<meta property=\"og:image\" content=\"https:\/\/www.jornalja.com.br\/economics\/wp-content\/uploads\/sites\/11\/2026\/08\/ja-folhaderosto-facebook.jpg\" \/>\n\t\t<meta property=\"og:image:secure_url\" content=\"https:\/\/www.jornalja.com.br\/economics\/wp-content\/uploads\/sites\/11\/2026\/08\/ja-folhaderosto-facebook.jpg\" \/>\n\t\t<meta property=\"article:published_time\" content=\"2017-05-05T22:56:41+00:00\" \/>\n\t\t<meta property=\"article:modified_time\" content=\"2017-05-05T22:56:41+00:00\" \/>\n\t\t<meta name=\"twitter:card\" content=\"summary\" \/>\n\t\t<meta name=\"twitter:title\" content=\"Petrobras p\u00f5e ativos \u00e0 venda e estimula demiss\u00f5es volunt\u00e1rias | Arquivo\" \/>\n\t\t<meta name=\"twitter:image\" content=\"https:\/\/www.jornalja.com.br\/economics\/wp-content\/uploads\/sites\/11\/2026\/08\/ja-folhaderosto-facebook.jpg\" \/>\n\t\t<script type=\"application\/ld+json\" class=\"aioseo-schema\">\n\t\t\t{\"@context\":\"https:\\\/\\\/schema.org\",\"@graph\":[{\"@type\":\"BlogPosting\",\"@id\":\"https:\\\/\\\/www.jornalja.com.br\\\/arquivo\\\/petrobras-poe-ativos-a-venda-e-estimula-demissoes-voluntarias\\\/#blogposting\",\"name\":\"Petrobras p\\u00f5e ativos \\u00e0 venda e estimula demiss\\u00f5es volunt\\u00e1rias | Arquivo\",\"headline\":\"Petrobras p\\u00f5e ativos \\u00e0 venda e estimula demiss\\u00f5es volunt\\u00e1rias\",\"author\":{\"@id\":\"https:\\\/\\\/www.jornalja.com.br\\\/arquivo\\\/author\\\/daredacao\\\/#author\"},\"publisher\":{\"@id\":\"https:\\\/\\\/www.jornalja.com.br\\\/arquivo\\\/#organization\"},\"image\":{\"@type\":\"ImageObject\",\"url\":48052},\"datePublished\":\"2017-05-05T19:56:41-03:00\",\"dateModified\":\"2017-05-05T19:56:41-03:00\",\"inLanguage\":\"pt-BR\",\"mainEntityOfPage\":{\"@id\":\"https:\\\/\\\/www.jornalja.com.br\\\/arquivo\\\/petrobras-poe-ativos-a-venda-e-estimula-demissoes-voluntarias\\\/#webpage\"},\"isPartOf\":{\"@id\":\"https:\\\/\\\/www.jornalja.com.br\\\/arquivo\\\/petrobras-poe-ativos-a-venda-e-estimula-demissoes-voluntarias\\\/#webpage\"},\"articleSection\":\"Geral\"},{\"@type\":\"BreadcrumbList\",\"@id\":\"https:\\\/\\\/www.jornalja.com.br\\\/arquivo\\\/petrobras-poe-ativos-a-venda-e-estimula-demissoes-voluntarias\\\/#breadcrumblist\",\"itemListElement\":[{\"@type\":\"ListItem\",\"@id\":\"https:\\\/\\\/www.jornalja.com.br\\\/arquivo#listItem\",\"position\":1,\"name\":\"Home\",\"item\":\"https:\\\/\\\/www.jornalja.com.br\\\/arquivo\",\"nextItem\":{\"@type\":\"ListItem\",\"@id\":\"https:\\\/\\\/www.jornalja.com.br\\\/arquivo\\\/category\\\/geral\\\/#listItem\",\"name\":\"Geral\"}},{\"@type\":\"ListItem\",\"@id\":\"https:\\\/\\\/www.jornalja.com.br\\\/arquivo\\\/category\\\/geral\\\/#listItem\",\"position\":2,\"name\":\"Geral\",\"item\":\"https:\\\/\\\/www.jornalja.com.br\\\/arquivo\\\/category\\\/geral\\\/\",\"nextItem\":{\"@type\":\"ListItem\",\"@id\":\"https:\\\/\\\/www.jornalja.com.br\\\/arquivo\\\/petrobras-poe-ativos-a-venda-e-estimula-demissoes-voluntarias\\\/#listItem\",\"name\":\"Petrobras p\\u00f5e ativos \\u00e0 venda e estimula demiss\\u00f5es volunt\\u00e1rias\"},\"previousItem\":{\"@type\":\"ListItem\",\"@id\":\"https:\\\/\\\/www.jornalja.com.br\\\/arquivo#listItem\",\"name\":\"Home\"}},{\"@type\":\"ListItem\",\"@id\":\"https:\\\/\\\/www.jornalja.com.br\\\/arquivo\\\/petrobras-poe-ativos-a-venda-e-estimula-demissoes-voluntarias\\\/#listItem\",\"position\":3,\"name\":\"Petrobras p\\u00f5e ativos \\u00e0 venda e estimula demiss\\u00f5es volunt\\u00e1rias\",\"previousItem\":{\"@type\":\"ListItem\",\"@id\":\"https:\\\/\\\/www.jornalja.com.br\\\/arquivo\\\/category\\\/geral\\\/#listItem\",\"name\":\"Geral\"}}]},{\"@type\":\"Organization\",\"@id\":\"https:\\\/\\\/www.jornalja.com.br\\\/arquivo\\\/#organization\",\"name\":\"Jornal J\\u00c1\",\"description\":\"Jornal J\\u00c1 | Porto Alegre\",\"url\":\"https:\\\/\\\/www.jornalja.com.br\\\/arquivo\\\/\",\"telephone\":\"+555133307272\",\"logo\":{\"@type\":\"ImageObject\",\"url\":\"https:\\\/\\\/www.jornalja.com.br\\\/wp-content\\\/uploads\\\/cards\\\/JAslogan.png\",\"@id\":\"https:\\\/\\\/www.jornalja.com.br\\\/arquivo\\\/petrobras-poe-ativos-a-venda-e-estimula-demissoes-voluntarias\\\/#organizationLogo\"},\"image\":{\"@id\":\"https:\\\/\\\/www.jornalja.com.br\\\/arquivo\\\/petrobras-poe-ativos-a-venda-e-estimula-demissoes-voluntarias\\\/#organizationLogo\"}},{\"@type\":\"Person\",\"@id\":\"https:\\\/\\\/www.jornalja.com.br\\\/arquivo\\\/author\\\/daredacao\\\/#author\",\"url\":\"https:\\\/\\\/www.jornalja.com.br\\\/arquivo\\\/author\\\/daredacao\\\/\",\"name\":\"da Reda\\u00e7\\u00e3o\",\"image\":{\"@type\":\"ImageObject\",\"@id\":\"https:\\\/\\\/www.jornalja.com.br\\\/arquivo\\\/petrobras-poe-ativos-a-venda-e-estimula-demissoes-voluntarias\\\/#authorImage\",\"url\":\"https:\\\/\\\/secure.gravatar.com\\\/avatar\\\/469fd857d6605ad19919d27ed29d35a968a25f6e8fd9318356bbb7f57aae9c65?s=96&d=mm&r=g\",\"width\":96,\"height\":96,\"caption\":\"da Reda\\u00e7\\u00e3o\"}},{\"@type\":\"WebPage\",\"@id\":\"https:\\\/\\\/www.jornalja.com.br\\\/arquivo\\\/petrobras-poe-ativos-a-venda-e-estimula-demissoes-voluntarias\\\/#webpage\",\"url\":\"https:\\\/\\\/www.jornalja.com.br\\\/arquivo\\\/petrobras-poe-ativos-a-venda-e-estimula-demissoes-voluntarias\\\/\",\"name\":\"Petrobras p\\u00f5e ativos \\u00e0 venda e estimula demiss\\u00f5es volunt\\u00e1rias | Arquivo\",\"inLanguage\":\"pt-BR\",\"isPartOf\":{\"@id\":\"https:\\\/\\\/www.jornalja.com.br\\\/arquivo\\\/#website\"},\"breadcrumb\":{\"@id\":\"https:\\\/\\\/www.jornalja.com.br\\\/arquivo\\\/petrobras-poe-ativos-a-venda-e-estimula-demissoes-voluntarias\\\/#breadcrumblist\"},\"author\":{\"@id\":\"https:\\\/\\\/www.jornalja.com.br\\\/arquivo\\\/author\\\/daredacao\\\/#author\"},\"creator\":{\"@id\":\"https:\\\/\\\/www.jornalja.com.br\\\/arquivo\\\/author\\\/daredacao\\\/#author\"},\"image\":{\"@type\":\"ImageObject\",\"url\":48052,\"@id\":\"https:\\\/\\\/www.jornalja.com.br\\\/arquivo\\\/petrobras-poe-ativos-a-venda-e-estimula-demissoes-voluntarias\\\/#mainImage\"},\"primaryImageOfPage\":{\"@id\":\"https:\\\/\\\/www.jornalja.com.br\\\/arquivo\\\/petrobras-poe-ativos-a-venda-e-estimula-demissoes-voluntarias\\\/#mainImage\"},\"datePublished\":\"2017-05-05T19:56:41-03:00\",\"dateModified\":\"2017-05-05T19:56:41-03:00\"},{\"@type\":\"WebSite\",\"@id\":\"https:\\\/\\\/www.jornalja.com.br\\\/arquivo\\\/#website\",\"url\":\"https:\\\/\\\/www.jornalja.com.br\\\/arquivo\\\/\",\"name\":\"Arquivo\",\"description\":\"Jornal J\\u00c1 | Porto Alegre\",\"inLanguage\":\"pt-BR\",\"publisher\":{\"@id\":\"https:\\\/\\\/www.jornalja.com.br\\\/arquivo\\\/#organization\"}}]}\n\t\t<\/script>\n\t\t<!-- All in One SEO -->\n\n","aioseo_head_json":{"title":"Petrobras p\u00f5e ativos \u00e0 venda e estimula demiss\u00f5es volunt\u00e1rias | Arquivo","description":"","canonical_url":"https:\/\/www.jornalja.com.br\/arquivo\/petrobras-poe-ativos-a-venda-e-estimula-demissoes-voluntarias\/","robots":"max-image-preview:large","keywords":"","webmasterTools":{"miscellaneous":""},"schema":{"@context":"https:\/\/schema.org","@graph":[{"@type":"BlogPosting","@id":"https:\/\/www.jornalja.com.br\/arquivo\/petrobras-poe-ativos-a-venda-e-estimula-demissoes-voluntarias\/#blogposting","name":"Petrobras p\u00f5e ativos \u00e0 venda e estimula demiss\u00f5es volunt\u00e1rias | Arquivo","headline":"Petrobras p\u00f5e ativos \u00e0 venda e estimula demiss\u00f5es volunt\u00e1rias","author":{"@id":"https:\/\/www.jornalja.com.br\/arquivo\/author\/daredacao\/#author"},"publisher":{"@id":"https:\/\/www.jornalja.com.br\/arquivo\/#organization"},"image":{"@type":"ImageObject","url":48052},"datePublished":"2017-05-05T19:56:41-03:00","dateModified":"2017-05-05T19:56:41-03:00","inLanguage":"pt-BR","mainEntityOfPage":{"@id":"https:\/\/www.jornalja.com.br\/arquivo\/petrobras-poe-ativos-a-venda-e-estimula-demissoes-voluntarias\/#webpage"},"isPartOf":{"@id":"https:\/\/www.jornalja.com.br\/arquivo\/petrobras-poe-ativos-a-venda-e-estimula-demissoes-voluntarias\/#webpage"},"articleSection":"Geral"},{"@type":"BreadcrumbList","@id":"https:\/\/www.jornalja.com.br\/arquivo\/petrobras-poe-ativos-a-venda-e-estimula-demissoes-voluntarias\/#breadcrumblist","itemListElement":[{"@type":"ListItem","@id":"https:\/\/www.jornalja.com.br\/arquivo#listItem","position":1,"name":"Home","item":"https:\/\/www.jornalja.com.br\/arquivo","nextItem":{"@type":"ListItem","@id":"https:\/\/www.jornalja.com.br\/arquivo\/category\/geral\/#listItem","name":"Geral"}},{"@type":"ListItem","@id":"https:\/\/www.jornalja.com.br\/arquivo\/category\/geral\/#listItem","position":2,"name":"Geral","item":"https:\/\/www.jornalja.com.br\/arquivo\/category\/geral\/","nextItem":{"@type":"ListItem","@id":"https:\/\/www.jornalja.com.br\/arquivo\/petrobras-poe-ativos-a-venda-e-estimula-demissoes-voluntarias\/#listItem","name":"Petrobras p\u00f5e ativos \u00e0 venda e estimula demiss\u00f5es volunt\u00e1rias"},"previousItem":{"@type":"ListItem","@id":"https:\/\/www.jornalja.com.br\/arquivo#listItem","name":"Home"}},{"@type":"ListItem","@id":"https:\/\/www.jornalja.com.br\/arquivo\/petrobras-poe-ativos-a-venda-e-estimula-demissoes-voluntarias\/#listItem","position":3,"name":"Petrobras p\u00f5e ativos \u00e0 venda e estimula demiss\u00f5es volunt\u00e1rias","previousItem":{"@type":"ListItem","@id":"https:\/\/www.jornalja.com.br\/arquivo\/category\/geral\/#listItem","name":"Geral"}}]},{"@type":"Organization","@id":"https:\/\/www.jornalja.com.br\/arquivo\/#organization","name":"Jornal J\u00c1","description":"Jornal J\u00c1 | Porto Alegre","url":"https:\/\/www.jornalja.com.br\/arquivo\/","telephone":"+555133307272","logo":{"@type":"ImageObject","url":"https:\/\/www.jornalja.com.br\/wp-content\/uploads\/cards\/JAslogan.png","@id":"https:\/\/www.jornalja.com.br\/arquivo\/petrobras-poe-ativos-a-venda-e-estimula-demissoes-voluntarias\/#organizationLogo"},"image":{"@id":"https:\/\/www.jornalja.com.br\/arquivo\/petrobras-poe-ativos-a-venda-e-estimula-demissoes-voluntarias\/#organizationLogo"}},{"@type":"Person","@id":"https:\/\/www.jornalja.com.br\/arquivo\/author\/daredacao\/#author","url":"https:\/\/www.jornalja.com.br\/arquivo\/author\/daredacao\/","name":"da Reda\u00e7\u00e3o","image":{"@type":"ImageObject","@id":"https:\/\/www.jornalja.com.br\/arquivo\/petrobras-poe-ativos-a-venda-e-estimula-demissoes-voluntarias\/#authorImage","url":"https:\/\/secure.gravatar.com\/avatar\/469fd857d6605ad19919d27ed29d35a968a25f6e8fd9318356bbb7f57aae9c65?s=96&d=mm&r=g","width":96,"height":96,"caption":"da Reda\u00e7\u00e3o"}},{"@type":"WebPage","@id":"https:\/\/www.jornalja.com.br\/arquivo\/petrobras-poe-ativos-a-venda-e-estimula-demissoes-voluntarias\/#webpage","url":"https:\/\/www.jornalja.com.br\/arquivo\/petrobras-poe-ativos-a-venda-e-estimula-demissoes-voluntarias\/","name":"Petrobras p\u00f5e ativos \u00e0 venda e estimula demiss\u00f5es volunt\u00e1rias | Arquivo","inLanguage":"pt-BR","isPartOf":{"@id":"https:\/\/www.jornalja.com.br\/arquivo\/#website"},"breadcrumb":{"@id":"https:\/\/www.jornalja.com.br\/arquivo\/petrobras-poe-ativos-a-venda-e-estimula-demissoes-voluntarias\/#breadcrumblist"},"author":{"@id":"https:\/\/www.jornalja.com.br\/arquivo\/author\/daredacao\/#author"},"creator":{"@id":"https:\/\/www.jornalja.com.br\/arquivo\/author\/daredacao\/#author"},"image":{"@type":"ImageObject","url":48052,"@id":"https:\/\/www.jornalja.com.br\/arquivo\/petrobras-poe-ativos-a-venda-e-estimula-demissoes-voluntarias\/#mainImage"},"primaryImageOfPage":{"@id":"https:\/\/www.jornalja.com.br\/arquivo\/petrobras-poe-ativos-a-venda-e-estimula-demissoes-voluntarias\/#mainImage"},"datePublished":"2017-05-05T19:56:41-03:00","dateModified":"2017-05-05T19:56:41-03:00"},{"@type":"WebSite","@id":"https:\/\/www.jornalja.com.br\/arquivo\/#website","url":"https:\/\/www.jornalja.com.br\/arquivo\/","name":"Arquivo","description":"Jornal J\u00c1 | Porto Alegre","inLanguage":"pt-BR","publisher":{"@id":"https:\/\/www.jornalja.com.br\/arquivo\/#organization"}}]},"og:locale":"pt_BR","og:site_name":"Arquivo | Jornal J\u00c1 | Porto Alegre","og:type":"article","og:title":"Petrobras p\u00f5e ativos \u00e0 venda e estimula demiss\u00f5es volunt\u00e1rias | Arquivo","og:url":"https:\/\/www.jornalja.com.br\/arquivo\/petrobras-poe-ativos-a-venda-e-estimula-demissoes-voluntarias\/","og:image":"https:\/\/www.jornalja.com.br\/economics\/wp-content\/uploads\/sites\/11\/2026\/08\/ja-folhaderosto-facebook.jpg","og:image:secure_url":"https:\/\/www.jornalja.com.br\/economics\/wp-content\/uploads\/sites\/11\/2026\/08\/ja-folhaderosto-facebook.jpg","article:published_time":"2017-05-05T22:56:41+00:00","article:modified_time":"2017-05-05T22:56:41+00:00","twitter:card":"summary","twitter:title":"Petrobras p\u00f5e ativos \u00e0 venda e estimula demiss\u00f5es volunt\u00e1rias | Arquivo","twitter:image":"https:\/\/www.jornalja.com.br\/economics\/wp-content\/uploads\/sites\/11\/2026\/08\/ja-folhaderosto-facebook.jpg"},"aioseo_meta_data":{"post_id":"48020","title":null,"description":null,"keywords":null,"keyphrases":null,"primary_term":null,"canonical_url":null,"og_title":null,"og_description":null,"og_object_type":"default","og_image_type":"default","og_image_url":null,"og_image_width":null,"og_image_height":null,"og_image_custom_url":null,"og_image_custom_fields":null,"og_video":null,"og_custom_url":null,"og_article_section":null,"og_article_tags":null,"twitter_use_og":false,"twitter_card":"default","twitter_image_type":"default","twitter_image_url":null,"twitter_image_custom_url":null,"twitter_image_custom_fields":null,"twitter_title":null,"twitter_description":null,"schema":{"blockGraphs":[],"customGraphs":[],"default":{"data":{"Article":[],"Course":[],"Dataset":[],"FAQPage":[],"Movie":[],"Person":[],"Product":[],"ProductReview":[],"Car":[],"Recipe":[],"Service":[],"SoftwareApplication":[],"WebPage":[]},"graphName":"","isEnabled":true},"graphs":[],"defaultGraph":"","defaultPostTypeGraph":""},"schema_type":null,"schema_type_options":null,"pillar_content":false,"robots_default":true,"robots_noindex":false,"robots_noarchive":false,"robots_nosnippet":false,"robots_nofollow":false,"robots_noimageindex":false,"robots_noodp":false,"robots_notranslate":false,"robots_max_snippet":null,"robots_max_videopreview":null,"robots_max_imagepreview":"large","priority":null,"frequency":null,"location":null,"local_seo":null,"breadcrumb_settings":null,"limit_modified_date":false,"ai":null,"created":"2020-12-20 20:35:51","updated":"2025-07-19 21:22:25","seo_analyzer_scan_date":null,"focus_keyword":null,"additional_keywords":null,"truseo_locale":null},"jetpack_sharing_enabled":true,"jetpack-related-posts":[{"id":13240,"url":"https:\/\/www.jornalja.com.br\/arquivo\/plano-diretor-estamos-construindo-o-caos\/","url_meta":{"origin":48020,"position":0},"title":"Plano diretor: &quot;Estamos construindo o caos&quot;","author":"Patr\u00edcia Marini","date":"26 de maio de 2014","format":false,"excerpt":"Desabafo que arquiteta Eliana Castilhos, delegada da Regi\u00e3o de Planejamento 1, postou nas redes sociais \u00e9 um testemunho do ambiente que se criou no Conselho do Plano Diretor de Porto Alegre, onde a aprova\u00e7\u00e3o de grandes empreendimentos \u00e9 empurrada guela abaixo dos conselheiros. Ao CMDUA Como delegada da Regi\u00e3o de\u2026","rel":"","context":"Em &quot;Geral&quot;","block_context":{"text":"Geral","link":"https:\/\/www.jornalja.com.br\/arquivo\/category\/geral\/"},"img":{"alt_text":"","src":"","width":0,"height":0},"classes":[]},{"id":13124,"url":"https:\/\/www.jornalja.com.br\/arquivo\/sangue-latino-no-iecine\/","url_meta":{"origin":48020,"position":1},"title":"Sangue latino no IECINE","author":"da Reda\u00e7\u00e3o","date":"18 de maio de 2014","format":false,"excerpt":"Francisco Ribeiro O Instituto Estadual de Cinema (IECINE) tem a frente, desde abril \u00faltimo, um novo diretor, o cineasta colombiano Juan Zapata, 36, que substitui Luiz Alberto Cassol. Radicado h\u00e1 dez anos em Porto Alegre, Zapata tem diante de si o desafio de conduzir at\u00e9 o final do ano um\u2026","rel":"","context":"Em &quot;Cultura-Geral&quot;","block_context":{"text":"Cultura-Geral","link":"https:\/\/www.jornalja.com.br\/arquivo\/category\/materiasecundaria\/"},"img":{"alt_text":"","src":"","width":0,"height":0},"classes":[]},{"id":5440,"url":"https:\/\/www.jornalja.com.br\/arquivo\/casarao-da-venancio-destino-permanece-incerto\/","url_meta":{"origin":48020,"position":2},"title":"Estado ainda n\u00e3o sabe o que fazer com casar\u00e3o abandonado h\u00e1 20 anos","author":"Elmar Bones","date":"6 de julho de 2009","format":false,"excerpt":"O casar\u00e3o amarelo, numa esquina nobre de Porto Alegre (Ven\u00e2ncio Aires com Jo\u00e3o Pessoa), j\u00e1 abrigou uma escola. H\u00e1 duas d\u00e9cadas, pelo menos, est\u00e1 abandonado, porque seu propriet\u00e1rio, o governo do Estado do Rio Grande do Sul, n\u00e3o consegue achar um destino para ele. Planos n\u00e3o faltaram. O governador Ol\u00edvio\u2026","rel":"","context":"Em &quot;X.Categorias velhas&quot;","block_context":{"text":"X.Categorias velhas","link":"https:\/\/www.jornalja.com.br\/arquivo\/category\/x-categorias-velhas\/"},"img":{"alt_text":"geraldo1","src":"https:\/\/i0.wp.com\/www.jornalja.com.br\/wp-content\/uploads\/2009\/07\/geraldo1.jpg?resize=350%2C200&ssl=1","width":350,"height":200},"classes":[]},{"id":13101,"url":"https:\/\/www.jornalja.com.br\/arquivo\/morre-um-guerreiro-do-texto\/","url_meta":{"origin":48020,"position":3},"title":"Morre um guerreiro do texto","author":"Patr\u00edcia Marini","date":"14 de maio de 2014","format":false,"excerpt":"Por Ricardo Kotscho Reproduzido do blog do autor, 11\/5\/2014; t\u00edtulo original \u201cE l\u00e1 se foi o nosso Myltainho, guerreiro do texto\u201d. Mi\u00fado e franzino, meu amigo Myltainho era um valente e inconformado guerreiro na luta contra as injusti\u00e7as sociais, a hipocrisia, as maracutaias, o autoritarismo, a intoler\u00e2ncia, a viol\u00eancia, o\u2026","rel":"","context":"Em &quot;Geral&quot;","block_context":{"text":"Geral","link":"https:\/\/www.jornalja.com.br\/arquivo\/category\/geral\/"},"img":{"alt_text":"","src":"","width":0,"height":0},"classes":[]},{"id":14241,"url":"https:\/\/www.jornalja.com.br\/arquivo\/o-guaiba-nas-imagens-poeticas-de-achutti\/","url_meta":{"origin":48020,"position":4},"title":"O Gua\u00edba nas imagens po\u00e9ticas de Achutti","author":"da Reda\u00e7\u00e3o","date":"18 de junho de 2014","format":false,"excerpt":"Em \u201cO Gua\u00edba por Achutti\u201d \u2013 obra financiada via Minist\u00e9rio da Cultura, produ\u00e7\u00e3o executiva de Pedro Longhi, e Fl\u00e1vio Wild como designer \u2013, o fot\u00f3grafo revela a beleza e as mazelas de um espa\u00e7o aqu\u00e1tico de \u00e1guas sempre renovadas, cheio de hist\u00f3rias e lendas como as das cidades que foram\u2026","rel":"","context":"Em &quot;Cultura-Geral&quot;","block_context":{"text":"Cultura-Geral","link":"https:\/\/www.jornalja.com.br\/arquivo\/category\/materiasecundaria\/"},"img":{"alt_text":"","src":"","width":0,"height":0},"classes":[]},{"id":13109,"url":"https:\/\/www.jornalja.com.br\/arquivo\/judiciario-reconhece-poluicao-eletromagnetica\/","url_meta":{"origin":48020,"position":5},"title":"Judici\u00e1rio reconhece polui\u00e7\u00e3o eletromagn\u00e9tica","author":"Patr\u00edcia Marini","date":"16 de maio de 2014","format":false,"excerpt":"A\u00e7\u00e3o de duas associa\u00e7\u00f5es de moradores foi acolhida pelo Tribunal de Justi\u00e7a de S\u00e3o Paulo que. em decis\u00e3o in\u00e9dita, determinou a redu\u00e7\u00e3o do campo eletromagn\u00e9tico gerado pelas linhas de transmiss\u00e3o de energia que cortam os bairros City Boa\u00e7ava e Alto de Pinheiros. \u00c9 a primeira vez que um tribunal do\u2026","rel":"","context":"Em &quot;X.Categorias velhas&quot;","block_context":{"text":"X.Categorias velhas","link":"https:\/\/www.jornalja.com.br\/arquivo\/category\/x-categorias-velhas\/"},"img":{"alt_text":"","src":"","width":0,"height":0},"classes":[]}],"jetpack_shortlink":"https:\/\/wp.me\/pbQjBd-cuw","jetpack_featured_media_url":"","_links":{"self":[{"href":"https:\/\/www.jornalja.com.br\/arquivo\/wp-json\/wp\/v2\/posts\/48020","targetHints":{"allow":["GET"]}}],"collection":[{"href":"https:\/\/www.jornalja.com.br\/arquivo\/wp-json\/wp\/v2\/posts"}],"about":[{"href":"https:\/\/www.jornalja.com.br\/arquivo\/wp-json\/wp\/v2\/types\/post"}],"author":[{"embeddable":true,"href":"https:\/\/www.jornalja.com.br\/arquivo\/wp-json\/wp\/v2\/users\/4"}],"replies":[{"embeddable":true,"href":"https:\/\/www.jornalja.com.br\/arquivo\/wp-json\/wp\/v2\/comments?post=48020"}],"version-history":[{"count":0,"href":"https:\/\/www.jornalja.com.br\/arquivo\/wp-json\/wp\/v2\/posts\/48020\/revisions"}],"wp:attachment":[{"href":"https:\/\/www.jornalja.com.br\/arquivo\/wp-json\/wp\/v2\/media?parent=48020"}],"wp:term":[{"taxonomy":"category","embeddable":true,"href":"https:\/\/www.jornalja.com.br\/arquivo\/wp-json\/wp\/v2\/categories?post=48020"},{"taxonomy":"post_tag","embeddable":true,"href":"https:\/\/www.jornalja.com.br\/arquivo\/wp-json\/wp\/v2\/tags?post=48020"}],"curies":[{"name":"wp","href":"https:\/\/api.w.org\/{rel}","templated":true}]}}