{"id":48042,"date":"2017-05-05T19:22:06","date_gmt":"2017-05-05T22:22:06","guid":{"rendered":"https:\/\/www.jornalja.com.br\/?p=48042"},"modified":"2017-05-05T19:22:06","modified_gmt":"2017-05-05T22:22:06","slug":"presidente-do-stf-anuncia-comissao-para-apurar-acoes-contra-liberdade-de-imprensa","status":"publish","type":"post","link":"https:\/\/www.jornalja.com.br\/arquivo\/presidente-do-stf-anuncia-comissao-para-apurar-acoes-contra-liberdade-de-imprensa\/","title":{"rendered":"Presidente do STF anuncia comiss\u00e3o para apurar a\u00e7\u00f5es contra liberdade de imprensa"},"content":{"rendered":"<h1 class=\"titulo_content\">Marilia Marasciulo, do\u00a0Portal Imprensa<\/h1>\n<div class=\"ck\">\n<div>Na confer\u00eancia de abertura do<a href=\"http:\/\/www.portalimprensa.com.br\/forumliberdadedeimprensa\/9edicao\/home2.asp\" target=\"_blank\" rel=\"noopener noreferrer\"> 9\u00ba F\u00f3rum Liberdade de Imprensa e Democracia<\/a>, realizado na \u00faltima quarta-feira (3), em Bras\u00edlia, a presidente do Supremo Tribunal Federal (STF), ministra C\u00e1rmen L\u00facia, defendeu a import\u00e2ncia da liberdade de imprensa para a democracia e cidadania. A ministra anunciou ainda a cria\u00e7\u00e3o de uma comiss\u00e3o no Conselho Nacional de Justi\u00e7a (CNJ), o qual tamb\u00e9m preside, para investigar poss\u00edveis restri\u00e7\u00f5es do Judici\u00e1rio \u00e0 liberdade de imprensa.<\/div>\n<div><\/div>\n<div>Na vis\u00e3o da ministra, o Brasil atualmente n\u00e3o \u00e9 um pa\u00eds que garante o exerc\u00edcio livre do jornalismo, embora tenha uma Constitui\u00e7\u00e3o que garanta o direito dos cidad\u00e3os de informar, de serem informados e de terem liberdade de buscar informa\u00e7\u00f5es. &#8220;\u00c9 proibido qualquer tipo de censura. E, no entanto, continua a haver censura e jornalistas que n\u00e3o podem exercer seus direitos&#8221;, disse. &#8220;Quero apurar isso de uma forma melhor, para saber quais s\u00e3o os problemas gerados com uma Constitui\u00e7\u00e3o que garante a liberdade, com um texto que n\u00e3o necessita de grande interven\u00e7\u00e3o para ser interpretado.&#8221;<\/div>\n<div><\/div>\n<div>Criado pelo ex-presidente do STF e do CNJ ministro Joaquim Barbosa, o F\u00f3rum Nacional do Poder Judici\u00e1rio e Liberdade de Imprensa n\u00e3o havia sido implantado na comiss\u00e3o. Segundo a ministra, a portaria deve ser publicada nos pr\u00f3ximos dias. &#8220;Tenho f\u00e9 na imprensa livre n\u00e3o porque algu\u00e9m tenha assim deixado, mas porque \u00e9 um direito fundamental do cidad\u00e3o e h\u00e1 na imprensa os dados necess\u00e1rios para formar suas pr\u00f3prias convic\u00e7\u00f5es. Um cidad\u00e3o que n\u00e3o tem informa\u00e7\u00e3o \u00e9 um analfabeto pol\u00edtico\u201d, afirmou C\u00e1rmen L\u00facia.<\/div>\n<div><\/div>\n<div>A ministra avaliou tamb\u00e9m que o mundo est\u00e1 vivendo grandes transforma\u00e7\u00f5es e que os princ\u00edpios garantidores de cidadania respons\u00e1vel n\u00e3o s\u00e3o f\u00e1ceis de serem cumpridos. No entanto, ela disse considerar a liberdade de imprensa um dos fatores mais importantes para que se tenha uma democracia forte e &#8220;para que eventuais tentativas de qualquer tipo de cerceamento ou de restri\u00e7\u00e3o \u00e0 democracia, sejam apenas isso, tentativas infrut\u00edferas.&#8221; Para concluir, lembrou uma frase de Ruy Barbosa: &#8220;entre boas leis ou boa imprensa, prefiro que tenhamos boa imprensa, porque dela sai a frutifica\u00e7\u00e3o de boas leis.&#8221;<\/div>\n<div><\/div>\n<div>Trof\u00e9u do Portal e Revista IMPRENSA<\/div>\n<div><\/div>\n<div>H\u00e1 nove anos, o F\u00f3rum Liberdade de Imprensa e Democracia re\u00fane profissionais da \u00e1rea e o p\u00fablico em geral para debater sobre o papel da imprensa na sociedade e os riscos de interfer\u00eancias na liberdade de atua\u00e7\u00e3o dos jornalistas. Na edi\u00e7\u00e3o deste ano, realizada no audit\u00f3rio da OAB em Bras\u00edlia no dia 3 de maio, foi lan\u00e7ado o Trof\u00e9u Liberdade de Imprensa, concedido a quatro brasileiros que desempenham um papel importante na defesa da liberdade de imprensa no pa\u00eds.<\/div>\n<div><\/div>\n<div>O trof\u00e9u foi concedido a um jornalista, um legislador, um magistrado e um acad\u00eamico. Nesta edi\u00e7\u00e3o de lan\u00e7amento com apoio da Souza Cruz, os homenageados foram Caco Barcellos, jornalista e criador do programa Profiss\u00e3o Rep\u00f3rter; Miro Teixeira, deputado federal pelo Rio de Janeiro; Carlos Ayres Britto, advogado e ex-ministro do Supremo Tribunal Federal e relator do julgamento de inconstitucionalidade da Lei de Imprensa; e Fernando Schuler, Doutor em Filosofia e titular da C\u00e1tedra Insper e Palavra Aberta.<\/div>\n<\/div>\n","protected":false},"excerpt":{"rendered":"<p>Marilia Marasciulo, do\u00a0Portal Imprensa Na confer\u00eancia de abertura do 9\u00ba F\u00f3rum Liberdade de Imprensa e Democracia, realizado na \u00faltima quarta-feira (3), em Bras\u00edlia, a presidente do Supremo Tribunal Federal (STF), ministra C\u00e1rmen L\u00facia, defendeu a import\u00e2ncia da liberdade de imprensa para a democracia e cidadania. A ministra anunciou ainda a cria\u00e7\u00e3o de uma comiss\u00e3o no [&hellip;]<\/p>\n","protected":false},"author":4,"featured_media":0,"comment_status":"open","ping_status":"closed","sticky":false,"template":"","format":"standard","meta":{"_jetpack_newsletter_access":"","_jetpack_dont_email_post_to_subs":false,"_jetpack_newsletter_tier_id":0,"_jetpack_memberships_contains_paywalled_content":false,"_jetpack_feature_clip_id":0,"_jetpack_memberships_contains_paid_content":false,"footnotes":"","jetpack_post_was_ever_published":false},"categories":[2022],"tags":[],"class_list":["post-48042","post","type-post","status-publish","format-standard","hentry","category-notas"],"aioseo_notices":[],"aioseo_head":"\n\t\t<!-- All in One SEO 5.0.1.1 - aioseo.com -->\n\t<meta name=\"robots\" content=\"max-image-preview:large\" \/>\n\t<meta name=\"author\" content=\"da Reda\u00e7\u00e3o\"\/>\n\t<link rel=\"canonical\" href=\"https:\/\/www.jornalja.com.br\/arquivo\/presidente-do-stf-anuncia-comissao-para-apurar-acoes-contra-liberdade-de-imprensa\/\" \/>\n\t<meta name=\"generator\" content=\"All in One SEO (AIOSEO) 5.0.1.1\" \/>\n\t\t<meta property=\"og:locale\" content=\"pt_BR\" \/>\n\t\t<meta property=\"og:site_name\" content=\"Arquivo | Jornal J\u00c1 | Porto Alegre\" \/>\n\t\t<meta property=\"og:type\" content=\"article\" \/>\n\t\t<meta property=\"og:title\" content=\"Presidente do STF anuncia comiss\u00e3o para apurar a\u00e7\u00f5es contra liberdade de imprensa | Arquivo\" \/>\n\t\t<meta property=\"og:url\" content=\"https:\/\/www.jornalja.com.br\/arquivo\/presidente-do-stf-anuncia-comissao-para-apurar-acoes-contra-liberdade-de-imprensa\/\" \/>\n\t\t<meta property=\"og:image\" content=\"https:\/\/www.jornalja.com.br\/economics\/wp-content\/uploads\/sites\/11\/2026\/08\/ja-folhaderosto-facebook.jpg\" \/>\n\t\t<meta property=\"og:image:secure_url\" content=\"https:\/\/www.jornalja.com.br\/economics\/wp-content\/uploads\/sites\/11\/2026\/08\/ja-folhaderosto-facebook.jpg\" \/>\n\t\t<meta property=\"article:published_time\" content=\"2017-05-05T22:22:06+00:00\" \/>\n\t\t<meta property=\"article:modified_time\" content=\"2017-05-05T22:22:06+00:00\" \/>\n\t\t<meta name=\"twitter:card\" content=\"summary\" \/>\n\t\t<meta name=\"twitter:title\" content=\"Presidente do STF anuncia comiss\u00e3o para apurar a\u00e7\u00f5es contra liberdade de imprensa | Arquivo\" \/>\n\t\t<meta name=\"twitter:image\" content=\"https:\/\/www.jornalja.com.br\/economics\/wp-content\/uploads\/sites\/11\/2026\/08\/ja-folhaderosto-facebook.jpg\" \/>\n\t\t<script type=\"application\/ld+json\" class=\"aioseo-schema\">\n\t\t\t{\"@context\":\"https:\\\/\\\/schema.org\",\"@graph\":[{\"@type\":\"BlogPosting\",\"@id\":\"https:\\\/\\\/www.jornalja.com.br\\\/arquivo\\\/presidente-do-stf-anuncia-comissao-para-apurar-acoes-contra-liberdade-de-imprensa\\\/#blogposting\",\"name\":\"Presidente do STF anuncia comiss\\u00e3o para apurar a\\u00e7\\u00f5es contra liberdade de imprensa | Arquivo\",\"headline\":\"Presidente do STF anuncia comiss\\u00e3o para apurar a\\u00e7\\u00f5es contra liberdade de imprensa\",\"author\":{\"@id\":\"https:\\\/\\\/www.jornalja.com.br\\\/arquivo\\\/author\\\/daredacao\\\/#author\"},\"publisher\":{\"@id\":\"https:\\\/\\\/www.jornalja.com.br\\\/arquivo\\\/#organization\"},\"image\":{\"@type\":\"ImageObject\",\"url\":\"https:\\\/\\\/www.jornalja.com.br\\\/wp-content\\\/uploads\\\/cards\\\/JAslogan.png\",\"@id\":\"https:\\\/\\\/www.jornalja.com.br\\\/arquivo\\\/#articleImage\"},\"datePublished\":\"2017-05-05T19:22:06-03:00\",\"dateModified\":\"2017-05-05T19:22:06-03:00\",\"inLanguage\":\"pt-BR\",\"mainEntityOfPage\":{\"@id\":\"https:\\\/\\\/www.jornalja.com.br\\\/arquivo\\\/presidente-do-stf-anuncia-comissao-para-apurar-acoes-contra-liberdade-de-imprensa\\\/#webpage\"},\"isPartOf\":{\"@id\":\"https:\\\/\\\/www.jornalja.com.br\\\/arquivo\\\/presidente-do-stf-anuncia-comissao-para-apurar-acoes-contra-liberdade-de-imprensa\\\/#webpage\"},\"articleSection\":\"NOTAS\"},{\"@type\":\"BreadcrumbList\",\"@id\":\"https:\\\/\\\/www.jornalja.com.br\\\/arquivo\\\/presidente-do-stf-anuncia-comissao-para-apurar-acoes-contra-liberdade-de-imprensa\\\/#breadcrumblist\",\"itemListElement\":[{\"@type\":\"ListItem\",\"@id\":\"https:\\\/\\\/www.jornalja.com.br\\\/arquivo#listItem\",\"position\":1,\"name\":\"Home\",\"item\":\"https:\\\/\\\/www.jornalja.com.br\\\/arquivo\",\"nextItem\":{\"@type\":\"ListItem\",\"@id\":\"https:\\\/\\\/www.jornalja.com.br\\\/arquivo\\\/category\\\/notas\\\/#listItem\",\"name\":\"NOTAS\"}},{\"@type\":\"ListItem\",\"@id\":\"https:\\\/\\\/www.jornalja.com.br\\\/arquivo\\\/category\\\/notas\\\/#listItem\",\"position\":2,\"name\":\"NOTAS\",\"item\":\"https:\\\/\\\/www.jornalja.com.br\\\/arquivo\\\/category\\\/notas\\\/\",\"nextItem\":{\"@type\":\"ListItem\",\"@id\":\"https:\\\/\\\/www.jornalja.com.br\\\/arquivo\\\/presidente-do-stf-anuncia-comissao-para-apurar-acoes-contra-liberdade-de-imprensa\\\/#listItem\",\"name\":\"Presidente do STF anuncia comiss\\u00e3o para apurar a\\u00e7\\u00f5es contra liberdade de imprensa\"},\"previousItem\":{\"@type\":\"ListItem\",\"@id\":\"https:\\\/\\\/www.jornalja.com.br\\\/arquivo#listItem\",\"name\":\"Home\"}},{\"@type\":\"ListItem\",\"@id\":\"https:\\\/\\\/www.jornalja.com.br\\\/arquivo\\\/presidente-do-stf-anuncia-comissao-para-apurar-acoes-contra-liberdade-de-imprensa\\\/#listItem\",\"position\":3,\"name\":\"Presidente do STF anuncia comiss\\u00e3o para apurar a\\u00e7\\u00f5es contra liberdade de imprensa\",\"previousItem\":{\"@type\":\"ListItem\",\"@id\":\"https:\\\/\\\/www.jornalja.com.br\\\/arquivo\\\/category\\\/notas\\\/#listItem\",\"name\":\"NOTAS\"}}]},{\"@type\":\"Organization\",\"@id\":\"https:\\\/\\\/www.jornalja.com.br\\\/arquivo\\\/#organization\",\"name\":\"Jornal J\\u00c1\",\"description\":\"Jornal J\\u00c1 | Porto Alegre\",\"url\":\"https:\\\/\\\/www.jornalja.com.br\\\/arquivo\\\/\",\"telephone\":\"+555133307272\",\"logo\":{\"@type\":\"ImageObject\",\"url\":\"https:\\\/\\\/www.jornalja.com.br\\\/wp-content\\\/uploads\\\/cards\\\/JAslogan.png\",\"@id\":\"https:\\\/\\\/www.jornalja.com.br\\\/arquivo\\\/presidente-do-stf-anuncia-comissao-para-apurar-acoes-contra-liberdade-de-imprensa\\\/#organizationLogo\"},\"image\":{\"@id\":\"https:\\\/\\\/www.jornalja.com.br\\\/arquivo\\\/presidente-do-stf-anuncia-comissao-para-apurar-acoes-contra-liberdade-de-imprensa\\\/#organizationLogo\"}},{\"@type\":\"Person\",\"@id\":\"https:\\\/\\\/www.jornalja.com.br\\\/arquivo\\\/author\\\/daredacao\\\/#author\",\"url\":\"https:\\\/\\\/www.jornalja.com.br\\\/arquivo\\\/author\\\/daredacao\\\/\",\"name\":\"da Reda\\u00e7\\u00e3o\",\"image\":{\"@type\":\"ImageObject\",\"@id\":\"https:\\\/\\\/www.jornalja.com.br\\\/arquivo\\\/presidente-do-stf-anuncia-comissao-para-apurar-acoes-contra-liberdade-de-imprensa\\\/#authorImage\",\"url\":\"https:\\\/\\\/secure.gravatar.com\\\/avatar\\\/469fd857d6605ad19919d27ed29d35a968a25f6e8fd9318356bbb7f57aae9c65?s=96&d=mm&r=g\",\"width\":96,\"height\":96,\"caption\":\"da Reda\\u00e7\\u00e3o\"}},{\"@type\":\"WebPage\",\"@id\":\"https:\\\/\\\/www.jornalja.com.br\\\/arquivo\\\/presidente-do-stf-anuncia-comissao-para-apurar-acoes-contra-liberdade-de-imprensa\\\/#webpage\",\"url\":\"https:\\\/\\\/www.jornalja.com.br\\\/arquivo\\\/presidente-do-stf-anuncia-comissao-para-apurar-acoes-contra-liberdade-de-imprensa\\\/\",\"name\":\"Presidente do STF anuncia comiss\\u00e3o para apurar a\\u00e7\\u00f5es contra liberdade de imprensa | Arquivo\",\"inLanguage\":\"pt-BR\",\"isPartOf\":{\"@id\":\"https:\\\/\\\/www.jornalja.com.br\\\/arquivo\\\/#website\"},\"breadcrumb\":{\"@id\":\"https:\\\/\\\/www.jornalja.com.br\\\/arquivo\\\/presidente-do-stf-anuncia-comissao-para-apurar-acoes-contra-liberdade-de-imprensa\\\/#breadcrumblist\"},\"author\":{\"@id\":\"https:\\\/\\\/www.jornalja.com.br\\\/arquivo\\\/author\\\/daredacao\\\/#author\"},\"creator\":{\"@id\":\"https:\\\/\\\/www.jornalja.com.br\\\/arquivo\\\/author\\\/daredacao\\\/#author\"},\"datePublished\":\"2017-05-05T19:22:06-03:00\",\"dateModified\":\"2017-05-05T19:22:06-03:00\"},{\"@type\":\"WebSite\",\"@id\":\"https:\\\/\\\/www.jornalja.com.br\\\/arquivo\\\/#website\",\"url\":\"https:\\\/\\\/www.jornalja.com.br\\\/arquivo\\\/\",\"name\":\"Arquivo\",\"description\":\"Jornal J\\u00c1 | Porto Alegre\",\"inLanguage\":\"pt-BR\",\"publisher\":{\"@id\":\"https:\\\/\\\/www.jornalja.com.br\\\/arquivo\\\/#organization\"}}]}\n\t\t<\/script>\n\t\t<!-- All in One SEO -->\n\n","aioseo_head_json":{"title":"Presidente do STF anuncia comiss\u00e3o para apurar a\u00e7\u00f5es contra liberdade de imprensa | Arquivo","description":"","canonical_url":"https:\/\/www.jornalja.com.br\/arquivo\/presidente-do-stf-anuncia-comissao-para-apurar-acoes-contra-liberdade-de-imprensa\/","robots":"max-image-preview:large","keywords":"","webmasterTools":{"miscellaneous":""},"schema":{"@context":"https:\/\/schema.org","@graph":[{"@type":"BlogPosting","@id":"https:\/\/www.jornalja.com.br\/arquivo\/presidente-do-stf-anuncia-comissao-para-apurar-acoes-contra-liberdade-de-imprensa\/#blogposting","name":"Presidente do STF anuncia comiss\u00e3o para apurar a\u00e7\u00f5es contra liberdade de imprensa | Arquivo","headline":"Presidente do STF anuncia comiss\u00e3o para apurar a\u00e7\u00f5es contra liberdade de imprensa","author":{"@id":"https:\/\/www.jornalja.com.br\/arquivo\/author\/daredacao\/#author"},"publisher":{"@id":"https:\/\/www.jornalja.com.br\/arquivo\/#organization"},"image":{"@type":"ImageObject","url":"https:\/\/www.jornalja.com.br\/wp-content\/uploads\/cards\/JAslogan.png","@id":"https:\/\/www.jornalja.com.br\/arquivo\/#articleImage"},"datePublished":"2017-05-05T19:22:06-03:00","dateModified":"2017-05-05T19:22:06-03:00","inLanguage":"pt-BR","mainEntityOfPage":{"@id":"https:\/\/www.jornalja.com.br\/arquivo\/presidente-do-stf-anuncia-comissao-para-apurar-acoes-contra-liberdade-de-imprensa\/#webpage"},"isPartOf":{"@id":"https:\/\/www.jornalja.com.br\/arquivo\/presidente-do-stf-anuncia-comissao-para-apurar-acoes-contra-liberdade-de-imprensa\/#webpage"},"articleSection":"NOTAS"},{"@type":"BreadcrumbList","@id":"https:\/\/www.jornalja.com.br\/arquivo\/presidente-do-stf-anuncia-comissao-para-apurar-acoes-contra-liberdade-de-imprensa\/#breadcrumblist","itemListElement":[{"@type":"ListItem","@id":"https:\/\/www.jornalja.com.br\/arquivo#listItem","position":1,"name":"Home","item":"https:\/\/www.jornalja.com.br\/arquivo","nextItem":{"@type":"ListItem","@id":"https:\/\/www.jornalja.com.br\/arquivo\/category\/notas\/#listItem","name":"NOTAS"}},{"@type":"ListItem","@id":"https:\/\/www.jornalja.com.br\/arquivo\/category\/notas\/#listItem","position":2,"name":"NOTAS","item":"https:\/\/www.jornalja.com.br\/arquivo\/category\/notas\/","nextItem":{"@type":"ListItem","@id":"https:\/\/www.jornalja.com.br\/arquivo\/presidente-do-stf-anuncia-comissao-para-apurar-acoes-contra-liberdade-de-imprensa\/#listItem","name":"Presidente do STF anuncia comiss\u00e3o para apurar a\u00e7\u00f5es contra liberdade de imprensa"},"previousItem":{"@type":"ListItem","@id":"https:\/\/www.jornalja.com.br\/arquivo#listItem","name":"Home"}},{"@type":"ListItem","@id":"https:\/\/www.jornalja.com.br\/arquivo\/presidente-do-stf-anuncia-comissao-para-apurar-acoes-contra-liberdade-de-imprensa\/#listItem","position":3,"name":"Presidente do STF anuncia comiss\u00e3o para apurar a\u00e7\u00f5es contra liberdade de imprensa","previousItem":{"@type":"ListItem","@id":"https:\/\/www.jornalja.com.br\/arquivo\/category\/notas\/#listItem","name":"NOTAS"}}]},{"@type":"Organization","@id":"https:\/\/www.jornalja.com.br\/arquivo\/#organization","name":"Jornal J\u00c1","description":"Jornal J\u00c1 | Porto Alegre","url":"https:\/\/www.jornalja.com.br\/arquivo\/","telephone":"+555133307272","logo":{"@type":"ImageObject","url":"https:\/\/www.jornalja.com.br\/wp-content\/uploads\/cards\/JAslogan.png","@id":"https:\/\/www.jornalja.com.br\/arquivo\/presidente-do-stf-anuncia-comissao-para-apurar-acoes-contra-liberdade-de-imprensa\/#organizationLogo"},"image":{"@id":"https:\/\/www.jornalja.com.br\/arquivo\/presidente-do-stf-anuncia-comissao-para-apurar-acoes-contra-liberdade-de-imprensa\/#organizationLogo"}},{"@type":"Person","@id":"https:\/\/www.jornalja.com.br\/arquivo\/author\/daredacao\/#author","url":"https:\/\/www.jornalja.com.br\/arquivo\/author\/daredacao\/","name":"da Reda\u00e7\u00e3o","image":{"@type":"ImageObject","@id":"https:\/\/www.jornalja.com.br\/arquivo\/presidente-do-stf-anuncia-comissao-para-apurar-acoes-contra-liberdade-de-imprensa\/#authorImage","url":"https:\/\/secure.gravatar.com\/avatar\/469fd857d6605ad19919d27ed29d35a968a25f6e8fd9318356bbb7f57aae9c65?s=96&d=mm&r=g","width":96,"height":96,"caption":"da Reda\u00e7\u00e3o"}},{"@type":"WebPage","@id":"https:\/\/www.jornalja.com.br\/arquivo\/presidente-do-stf-anuncia-comissao-para-apurar-acoes-contra-liberdade-de-imprensa\/#webpage","url":"https:\/\/www.jornalja.com.br\/arquivo\/presidente-do-stf-anuncia-comissao-para-apurar-acoes-contra-liberdade-de-imprensa\/","name":"Presidente do STF anuncia comiss\u00e3o para apurar a\u00e7\u00f5es contra liberdade de imprensa | Arquivo","inLanguage":"pt-BR","isPartOf":{"@id":"https:\/\/www.jornalja.com.br\/arquivo\/#website"},"breadcrumb":{"@id":"https:\/\/www.jornalja.com.br\/arquivo\/presidente-do-stf-anuncia-comissao-para-apurar-acoes-contra-liberdade-de-imprensa\/#breadcrumblist"},"author":{"@id":"https:\/\/www.jornalja.com.br\/arquivo\/author\/daredacao\/#author"},"creator":{"@id":"https:\/\/www.jornalja.com.br\/arquivo\/author\/daredacao\/#author"},"datePublished":"2017-05-05T19:22:06-03:00","dateModified":"2017-05-05T19:22:06-03:00"},{"@type":"WebSite","@id":"https:\/\/www.jornalja.com.br\/arquivo\/#website","url":"https:\/\/www.jornalja.com.br\/arquivo\/","name":"Arquivo","description":"Jornal J\u00c1 | Porto Alegre","inLanguage":"pt-BR","publisher":{"@id":"https:\/\/www.jornalja.com.br\/arquivo\/#organization"}}]},"og:locale":"pt_BR","og:site_name":"Arquivo | Jornal J\u00c1 | Porto Alegre","og:type":"article","og:title":"Presidente do STF anuncia comiss\u00e3o para apurar a\u00e7\u00f5es contra liberdade de imprensa | Arquivo","og:url":"https:\/\/www.jornalja.com.br\/arquivo\/presidente-do-stf-anuncia-comissao-para-apurar-acoes-contra-liberdade-de-imprensa\/","og:image":"https:\/\/www.jornalja.com.br\/economics\/wp-content\/uploads\/sites\/11\/2026\/08\/ja-folhaderosto-facebook.jpg","og:image:secure_url":"https:\/\/www.jornalja.com.br\/economics\/wp-content\/uploads\/sites\/11\/2026\/08\/ja-folhaderosto-facebook.jpg","article:published_time":"2017-05-05T22:22:06+00:00","article:modified_time":"2017-05-05T22:22:06+00:00","twitter:card":"summary","twitter:title":"Presidente do STF anuncia comiss\u00e3o para apurar a\u00e7\u00f5es contra liberdade de imprensa | Arquivo","twitter:image":"https:\/\/www.jornalja.com.br\/economics\/wp-content\/uploads\/sites\/11\/2026\/08\/ja-folhaderosto-facebook.jpg"},"aioseo_meta_data":{"post_id":"48042","title":null,"description":null,"keywords":null,"keyphrases":null,"primary_term":null,"canonical_url":null,"og_title":null,"og_description":null,"og_object_type":"default","og_image_type":"default","og_image_url":null,"og_image_width":null,"og_image_height":null,"og_image_custom_url":null,"og_image_custom_fields":null,"og_video":null,"og_custom_url":null,"og_article_section":null,"og_article_tags":null,"twitter_use_og":false,"twitter_card":"default","twitter_image_type":"default","twitter_image_url":null,"twitter_image_custom_url":null,"twitter_image_custom_fields":null,"twitter_title":null,"twitter_description":null,"schema":{"blockGraphs":[],"customGraphs":[],"default":{"data":{"Article":[],"Course":[],"Dataset":[],"FAQPage":[],"Movie":[],"Person":[],"Product":[],"ProductReview":[],"Car":[],"Recipe":[],"Service":[],"SoftwareApplication":[],"WebPage":[]},"graphName":"","isEnabled":true},"graphs":[],"defaultGraph":"","defaultPostTypeGraph":""},"schema_type":null,"schema_type_options":null,"pillar_content":false,"robots_default":true,"robots_noindex":false,"robots_noarchive":false,"robots_nosnippet":false,"robots_nofollow":false,"robots_noimageindex":false,"robots_noodp":false,"robots_notranslate":false,"robots_max_snippet":null,"robots_max_videopreview":null,"robots_max_imagepreview":"large","priority":null,"frequency":null,"location":null,"local_seo":null,"breadcrumb_settings":null,"limit_modified_date":false,"ai":null,"created":"2020-12-20 20:35:51","updated":"2025-07-19 21:18:31","seo_analyzer_scan_date":null,"focus_keyword":null,"additional_keywords":null,"truseo_locale":null},"jetpack_sharing_enabled":true,"jetpack-related-posts":[{"id":13101,"url":"https:\/\/www.jornalja.com.br\/arquivo\/morre-um-guerreiro-do-texto\/","url_meta":{"origin":48042,"position":0},"title":"Morre um guerreiro do texto","author":"Patr\u00edcia Marini","date":"14 de maio de 2014","format":false,"excerpt":"Por Ricardo Kotscho Reproduzido do blog do autor, 11\/5\/2014; t\u00edtulo original \u201cE l\u00e1 se foi o nosso Myltainho, guerreiro do texto\u201d. Mi\u00fado e franzino, meu amigo Myltainho era um valente e inconformado guerreiro na luta contra as injusti\u00e7as sociais, a hipocrisia, as maracutaias, o autoritarismo, a intoler\u00e2ncia, a viol\u00eancia, o\u2026","rel":"","context":"Em &quot;Geral&quot;","block_context":{"text":"Geral","link":"https:\/\/www.jornalja.com.br\/arquivo\/category\/geral\/"},"img":{"alt_text":"","src":"","width":0,"height":0},"classes":[]},{"id":13240,"url":"https:\/\/www.jornalja.com.br\/arquivo\/plano-diretor-estamos-construindo-o-caos\/","url_meta":{"origin":48042,"position":1},"title":"Plano diretor: &quot;Estamos construindo o caos&quot;","author":"Patr\u00edcia Marini","date":"26 de maio de 2014","format":false,"excerpt":"Desabafo que arquiteta Eliana Castilhos, delegada da Regi\u00e3o de Planejamento 1, postou nas redes sociais \u00e9 um testemunho do ambiente que se criou no Conselho do Plano Diretor de Porto Alegre, onde a aprova\u00e7\u00e3o de grandes empreendimentos \u00e9 empurrada guela abaixo dos conselheiros. Ao CMDUA Como delegada da Regi\u00e3o de\u2026","rel":"","context":"Em &quot;Geral&quot;","block_context":{"text":"Geral","link":"https:\/\/www.jornalja.com.br\/arquivo\/category\/geral\/"},"img":{"alt_text":"","src":"","width":0,"height":0},"classes":[]},{"id":5440,"url":"https:\/\/www.jornalja.com.br\/arquivo\/casarao-da-venancio-destino-permanece-incerto\/","url_meta":{"origin":48042,"position":2},"title":"Estado ainda n\u00e3o sabe o que fazer com casar\u00e3o abandonado h\u00e1 20 anos","author":"Elmar Bones","date":"6 de julho de 2009","format":false,"excerpt":"O casar\u00e3o amarelo, numa esquina nobre de Porto Alegre (Ven\u00e2ncio Aires com Jo\u00e3o Pessoa), j\u00e1 abrigou uma escola. H\u00e1 duas d\u00e9cadas, pelo menos, est\u00e1 abandonado, porque seu propriet\u00e1rio, o governo do Estado do Rio Grande do Sul, n\u00e3o consegue achar um destino para ele. Planos n\u00e3o faltaram. O governador Ol\u00edvio\u2026","rel":"","context":"Em &quot;X.Categorias velhas&quot;","block_context":{"text":"X.Categorias velhas","link":"https:\/\/www.jornalja.com.br\/arquivo\/category\/x-categorias-velhas\/"},"img":{"alt_text":"geraldo1","src":"https:\/\/i0.wp.com\/www.jornalja.com.br\/wp-content\/uploads\/2009\/07\/geraldo1.jpg?resize=350%2C200&ssl=1","width":350,"height":200},"classes":[]},{"id":1280,"url":"https:\/\/www.jornalja.com.br\/arquivo\/o-menino-que-se-tornou-brizola\/","url_meta":{"origin":48042,"position":3},"title":"O Menino que se Tornou Brizola","author":"da Reda\u00e7\u00e3o","date":"28 de julho de 2008","format":false,"excerpt":"Autor: Cleber Dioni A vida de Leonel Brizola, com \u00eanfase para os primeiros anos em Porto Alegre, at\u00e9 o ex\u00edlio no Uruguai e a volta, quinze anos depois. \u00a0\"...\u00c9ramos todos jovens e nos identific\u00e1vamos com aquela massa an\u00f4nima a percorrer as ruas de Porto Alegre, gritando 'Get\u00falio', 'Get\u00falio' e empunhando\u2026","rel":"","context":"Em &quot;Livros&quot;","block_context":{"text":"Livros","link":"https:\/\/www.jornalja.com.br\/arquivo\/category\/livros\/"},"img":{"alt_text":"","src":"https:\/\/i0.wp.com\/www.jornalja.com.br\/wp-content\/uploads\/2008\/07\/brizola.gif?resize=350%2C200&ssl=1","width":350,"height":200},"classes":[]},{"id":13124,"url":"https:\/\/www.jornalja.com.br\/arquivo\/sangue-latino-no-iecine\/","url_meta":{"origin":48042,"position":4},"title":"Sangue latino no IECINE","author":"da Reda\u00e7\u00e3o","date":"18 de maio de 2014","format":false,"excerpt":"Francisco Ribeiro O Instituto Estadual de Cinema (IECINE) tem a frente, desde abril \u00faltimo, um novo diretor, o cineasta colombiano Juan Zapata, 36, que substitui Luiz Alberto Cassol. Radicado h\u00e1 dez anos em Porto Alegre, Zapata tem diante de si o desafio de conduzir at\u00e9 o final do ano um\u2026","rel":"","context":"Em &quot;Cultura-Geral&quot;","block_context":{"text":"Cultura-Geral","link":"https:\/\/www.jornalja.com.br\/arquivo\/category\/materiasecundaria\/"},"img":{"alt_text":"","src":"","width":0,"height":0},"classes":[]},{"id":13109,"url":"https:\/\/www.jornalja.com.br\/arquivo\/judiciario-reconhece-poluicao-eletromagnetica\/","url_meta":{"origin":48042,"position":5},"title":"Judici\u00e1rio reconhece polui\u00e7\u00e3o eletromagn\u00e9tica","author":"Patr\u00edcia Marini","date":"16 de maio de 2014","format":false,"excerpt":"A\u00e7\u00e3o de duas associa\u00e7\u00f5es de moradores foi acolhida pelo Tribunal de Justi\u00e7a de S\u00e3o Paulo que. em decis\u00e3o in\u00e9dita, determinou a redu\u00e7\u00e3o do campo eletromagn\u00e9tico gerado pelas linhas de transmiss\u00e3o de energia que cortam os bairros City Boa\u00e7ava e Alto de Pinheiros. \u00c9 a primeira vez que um tribunal do\u2026","rel":"","context":"Em &quot;X.Categorias velhas&quot;","block_context":{"text":"X.Categorias velhas","link":"https:\/\/www.jornalja.com.br\/arquivo\/category\/x-categorias-velhas\/"},"img":{"alt_text":"","src":"","width":0,"height":0},"classes":[]}],"jetpack_shortlink":"https:\/\/wp.me\/pbQjBd-cuS","jetpack_featured_media_url":"","_links":{"self":[{"href":"https:\/\/www.jornalja.com.br\/arquivo\/wp-json\/wp\/v2\/posts\/48042","targetHints":{"allow":["GET"]}}],"collection":[{"href":"https:\/\/www.jornalja.com.br\/arquivo\/wp-json\/wp\/v2\/posts"}],"about":[{"href":"https:\/\/www.jornalja.com.br\/arquivo\/wp-json\/wp\/v2\/types\/post"}],"author":[{"embeddable":true,"href":"https:\/\/www.jornalja.com.br\/arquivo\/wp-json\/wp\/v2\/users\/4"}],"replies":[{"embeddable":true,"href":"https:\/\/www.jornalja.com.br\/arquivo\/wp-json\/wp\/v2\/comments?post=48042"}],"version-history":[{"count":0,"href":"https:\/\/www.jornalja.com.br\/arquivo\/wp-json\/wp\/v2\/posts\/48042\/revisions"}],"wp:attachment":[{"href":"https:\/\/www.jornalja.com.br\/arquivo\/wp-json\/wp\/v2\/media?parent=48042"}],"wp:term":[{"taxonomy":"category","embeddable":true,"href":"https:\/\/www.jornalja.com.br\/arquivo\/wp-json\/wp\/v2\/categories?post=48042"},{"taxonomy":"post_tag","embeddable":true,"href":"https:\/\/www.jornalja.com.br\/arquivo\/wp-json\/wp\/v2\/tags?post=48042"}],"curies":[{"name":"wp","href":"https:\/\/api.w.org\/{rel}","templated":true}]}}