{"id":48051,"date":"2017-05-05T21:04:06","date_gmt":"2017-05-06T00:04:06","guid":{"rendered":"https:\/\/www.jornalja.com.br\/?p=48051"},"modified":"2017-05-05T21:04:06","modified_gmt":"2017-05-06T00:04:06","slug":"alimentos-saudaveis-no-campo-e-na-cidade-em-evento-do-iab-e-ufrgs","status":"publish","type":"post","link":"https:\/\/www.jornalja.com.br\/arquivo\/alimentos-saudaveis-no-campo-e-na-cidade-em-evento-do-iab-e-ufrgs\/","title":{"rendered":"Alimentos saud\u00e1veis no campo e na cidade em evento do IAB e UFRGS"},"content":{"rendered":"<p><strong>Alimentos Saud\u00e1veis no Campo e na Cidade: Porto Alegre em Foco<\/strong><br \/>\nA Roda de Di\u00e1logo \u201cAlimentos Saud\u00e1veis no Campo e na Cidade \u2013 Porto Alegre em Foco\u201d, marcada para 10 de maio \u00e0s 19h30 no Solar do Instituto de Arquitetos do Brasil (IAB), \u00e9 o come\u00e7o de uma discuss\u00e3o p\u00fablica que cumina na III\u00a0Confer\u00eancia Internacional Agricultura e Alimenta\u00e7\u00e3o em uma Sociedade Urbanizada, que ser\u00e1 realizada em 2018 pela UFRGS.<br \/>\nAp\u00f3s duas edi\u00e7\u00f5es europ\u00e9ias, este ano a AgUrb busca refletir em que medida a cidade de Porto Alegre tem se adequado \u00e0s agendas internacionais sobre produ\u00e7\u00e3o e consumo de alimentos, construindo um sistema de abastecimento alimentar resiliente, atrav\u00e9s de din\u00e2micas socialmente inclusivas e ecologicamente biodiversas.<br \/>\nNa quarta-feira, o encontro ser\u00e1 mediado pelo presidente do IAB \u2013 Rafael Passos, com a presen\u00e7a Rosane de Marco (Rede Agroecol\u00f3gica Metropolitana &#8211; RAMA), Leonardo Melgarejo (Coletivo Cidade que Queremos) e Gabriela Bratkowski (Centro Colaborador em Alimenta\u00e7\u00e3o e Nutri\u00e7\u00e3o do Escolar -CECANE\/UFRGS). Representando a Prefeitura, estava confirmada a participa\u00e7\u00e3o de\u00a0Kevin Krieger, ent\u00e3o secret\u00e1rio de Governan\u00e7a, mas ele saiu do governo e ainda n\u00e3o se sabe quem o substituir\u00e1.<br \/>\nCom entrada franca, a Roda de Di\u00e1logo faz parte do projeto \u201cQuarta no IAB\u201d e inaugura o \u201cCiclo Alimentos Saud\u00e1veis para o Campo e a Cidade\u201d, um conjunto de a\u00e7\u00f5es mobilizadoras para a III Confer\u00eancia Internacional Agricultura e Alimenta\u00e7\u00e3o em uma Sociedade Urbanizada.\u00a0O Solar do IAB fica na rua Gen. Canabarro, 363, Centro de Porto Alegre. Entrada franca.<br \/>\n<strong>III Confer\u00eancia Internacional Agricultura e Alimenta\u00e7\u00e3o em uma Sociedade Urbanizada \u2013 AgUrb<\/strong><br \/>\nAp\u00f3s duas bem sucedidas edi\u00e7\u00f5es europ\u00e9ias, a III Confer\u00eancia Internacional Agricultura e Alimenta\u00e7\u00e3o em uma Sociedade Urbanizada \u2013 AgUrb, acontecer\u00e1 no Brasil reunindo interessados em refletir sobre novas estrat\u00e9gias de produ\u00e7\u00e3o, distribui\u00e7\u00e3o e consumo de alimentos para o s\u00e9culo XXI.<br \/>\nA\u00a0AgUrb\u00a0\u00e9 direcionada para os diferentes atores envolvidos no campo agroalimentar, desde acad\u00eamicos; gestores p\u00fablicos; profissionais; movimentos sociais, federa\u00e7\u00f5es e sindicatos; empres\u00e1rios e consumidores.<br \/>\nBusca ser um espa\u00e7o de encontro e di\u00e1logo em que atores heterog\u00eaneos e multidisciplinares possam refletir e\u00a0construir uma\u00a0agenda social, pol\u00edtica e acad\u00eamica internacional que considere os desafios colocados para\u00a0o abastecimento alimentar de uma popula\u00e7\u00e3o crescentemente urbana, com recursos ambientais finitos<br \/>\nPromovida e sediada pela Universidade Federal do Rio Grande do Sul,\u00a0acontecer\u00e1 no\u00a02\u00ba semestre de 2018.<br \/>\nA organiza\u00e7\u00e3o conta com a orienta\u00e7\u00e3o de um Comit\u00ea Cient\u00edfico formado por acad\u00eamicos de renome como:\u00a0Dr. Gianluca Brunori da Universidade de Pisa,\u00a0Dr. Andries Visser da Universidade de Wageningen, Dr\u00a0Ye Jingzhong da Universidade Agr\u00edcola da China, Dr.\u00a0Renato Maluf\u00a0da\u00a0Universidade Federal Rural do Rio de Janeiro, Dr. Walter Belik da UNICAMP, entre outros.<br \/>\nA articula\u00e7\u00e3o da Confer\u00eancia conta ainda com uma ampla rede de organiza\u00e7\u00f5es tais como a Embrapa, Clima Temperado, Associa\u00e7\u00e3o Brasileira de Agroecologia &#8211; ABA, Rede Ecovida, Contag e Fetags, Fetrafi e Via Campesina, entre outros.<br \/>\nAo longo de 2017, ser\u00e3o realizadas uma s\u00e9rie de atividades preparat\u00f3rias descentralizadas, de tal sorte a criar uma mobiliza\u00e7\u00e3o local e nacional em torno da AgUrb.<br \/>\nInteressados em receber atualiza\u00e7\u00f5es\u00a0sobre o processo organizativo\u00a0da Confer\u00eancia, atividades preparat\u00f3rias, chamadas para artigos, abertura de inscri\u00e7\u00f5es, entre outras informa\u00e7\u00f5es, podem se cadastrar para recebimento de nossa newsletter:\u00a0<a href=\"http:\/\/eepurl.com\/cIBIff\" data-saferedirecturl=\"http:\/\/www.google.com\/url?hl=pt-BR&amp;q=http:\/\/eepurl.com\/cIBIff&amp;source=gmail&amp;ust=1494113256959000&amp;usg=AFQjCNEEDF7uxjStZABx6rtoqlzObicOwg\">http:\/\/eepurl.com\/cIBIff<\/a><br \/>\nAs\u00a0atividades\u00a0preparat\u00f3rias podem ser acompanhadas na Funpage:\u00a0<a href=\"http:\/\/migre.me\/wcnXx\" data-saferedirecturl=\"http:\/\/www.google.com\/url?hl=pt-BR&amp;q=http:\/\/migre.me\/wcnXx&amp;source=gmail&amp;ust=1494113256959000&amp;usg=AFQjCNFAOwA9FDhEig04gP7vM1bLzZqcCQ\">http:\/\/migre.me\/wcnXx<\/a><br \/>\nSite com informa\u00e7\u00f5es das\u00a0edi\u00e7\u00f5es anteriores:\u00a0<a href=\"http:\/\/www.agricultureinanurbanizingsociety.com\/\" data-saferedirecturl=\"http:\/\/www.google.com\/url?hl=pt-BR&amp;q=http:\/\/www.agricultureinanurbanizingsociety.com\/&amp;source=gmail&amp;ust=1494113256959000&amp;usg=AFQjCNHVXOUr1lw---WuALrq-dTHmIIU9A\">www.agricultureinanurbanizingsociety.com<\/a><\/p>\n","protected":false},"excerpt":{"rendered":"<p>Alimentos Saud\u00e1veis no Campo e na Cidade: Porto Alegre em Foco A Roda de Di\u00e1logo \u201cAlimentos Saud\u00e1veis no Campo e na Cidade \u2013 Porto Alegre em Foco\u201d, marcada para 10 de maio \u00e0s 19h30 no Solar do Instituto de Arquitetos do Brasil (IAB), \u00e9 o come\u00e7o de uma discuss\u00e3o p\u00fablica que cumina na III\u00a0Confer\u00eancia Internacional [&hellip;]<\/p>\n","protected":false},"author":4,"featured_media":48055,"comment_status":"open","ping_status":"closed","sticky":false,"template":"","format":"standard","meta":{"_jetpack_newsletter_access":"","_jetpack_dont_email_post_to_subs":false,"_jetpack_newsletter_tier_id":0,"_jetpack_memberships_contains_paywalled_content":false,"_jetpack_feature_clip_id":0,"_jetpack_memberships_contains_paid_content":false,"footnotes":"","jetpack_post_was_ever_published":false},"categories":[26],"tags":[],"class_list":["post-48051","post","type-post","status-publish","format-standard","has-post-thumbnail","hentry","category-geral"],"aioseo_notices":[],"aioseo_head":"\n\t\t<!-- All in One SEO 5.0.1.1 - aioseo.com -->\n\t<meta name=\"robots\" content=\"max-image-preview:large\" \/>\n\t<meta name=\"author\" content=\"da Reda\u00e7\u00e3o\"\/>\n\t<link rel=\"canonical\" href=\"https:\/\/www.jornalja.com.br\/arquivo\/alimentos-saudaveis-no-campo-e-na-cidade-em-evento-do-iab-e-ufrgs\/\" \/>\n\t<meta name=\"generator\" content=\"All in One SEO (AIOSEO) 5.0.1.1\" \/>\n\t\t<meta property=\"og:locale\" content=\"pt_BR\" \/>\n\t\t<meta property=\"og:site_name\" content=\"Arquivo | Jornal J\u00c1 | Porto Alegre\" \/>\n\t\t<meta property=\"og:type\" content=\"article\" \/>\n\t\t<meta property=\"og:title\" content=\"Alimentos saud\u00e1veis no campo e na cidade em evento do IAB e UFRGS | Arquivo\" \/>\n\t\t<meta property=\"og:url\" content=\"https:\/\/www.jornalja.com.br\/arquivo\/alimentos-saudaveis-no-campo-e-na-cidade-em-evento-do-iab-e-ufrgs\/\" \/>\n\t\t<meta property=\"og:image\" content=\"https:\/\/www.jornalja.com.br\/economics\/wp-content\/uploads\/sites\/11\/2026\/08\/ja-folhaderosto-facebook.jpg\" \/>\n\t\t<meta property=\"og:image:secure_url\" content=\"https:\/\/www.jornalja.com.br\/economics\/wp-content\/uploads\/sites\/11\/2026\/08\/ja-folhaderosto-facebook.jpg\" \/>\n\t\t<meta property=\"article:published_time\" content=\"2017-05-06T00:04:06+00:00\" \/>\n\t\t<meta property=\"article:modified_time\" content=\"2017-05-06T00:04:06+00:00\" \/>\n\t\t<meta name=\"twitter:card\" content=\"summary\" \/>\n\t\t<meta name=\"twitter:title\" content=\"Alimentos saud\u00e1veis no campo e na cidade em evento do IAB e UFRGS | Arquivo\" \/>\n\t\t<meta name=\"twitter:image\" content=\"https:\/\/www.jornalja.com.br\/economics\/wp-content\/uploads\/sites\/11\/2026\/08\/ja-folhaderosto-facebook.jpg\" \/>\n\t\t<script type=\"application\/ld+json\" class=\"aioseo-schema\">\n\t\t\t{\"@context\":\"https:\\\/\\\/schema.org\",\"@graph\":[{\"@type\":\"BlogPosting\",\"@id\":\"https:\\\/\\\/www.jornalja.com.br\\\/arquivo\\\/alimentos-saudaveis-no-campo-e-na-cidade-em-evento-do-iab-e-ufrgs\\\/#blogposting\",\"name\":\"Alimentos saud\\u00e1veis no campo e na cidade em evento do IAB e UFRGS | Arquivo\",\"headline\":\"Alimentos saud\\u00e1veis no campo e na cidade em evento do IAB e UFRGS\",\"author\":{\"@id\":\"https:\\\/\\\/www.jornalja.com.br\\\/arquivo\\\/author\\\/daredacao\\\/#author\"},\"publisher\":{\"@id\":\"https:\\\/\\\/www.jornalja.com.br\\\/arquivo\\\/#organization\"},\"image\":{\"@type\":\"ImageObject\",\"url\":48055},\"datePublished\":\"2017-05-05T21:04:06-03:00\",\"dateModified\":\"2017-05-05T21:04:06-03:00\",\"inLanguage\":\"pt-BR\",\"mainEntityOfPage\":{\"@id\":\"https:\\\/\\\/www.jornalja.com.br\\\/arquivo\\\/alimentos-saudaveis-no-campo-e-na-cidade-em-evento-do-iab-e-ufrgs\\\/#webpage\"},\"isPartOf\":{\"@id\":\"https:\\\/\\\/www.jornalja.com.br\\\/arquivo\\\/alimentos-saudaveis-no-campo-e-na-cidade-em-evento-do-iab-e-ufrgs\\\/#webpage\"},\"articleSection\":\"Geral\"},{\"@type\":\"BreadcrumbList\",\"@id\":\"https:\\\/\\\/www.jornalja.com.br\\\/arquivo\\\/alimentos-saudaveis-no-campo-e-na-cidade-em-evento-do-iab-e-ufrgs\\\/#breadcrumblist\",\"itemListElement\":[{\"@type\":\"ListItem\",\"@id\":\"https:\\\/\\\/www.jornalja.com.br\\\/arquivo#listItem\",\"position\":1,\"name\":\"Home\",\"item\":\"https:\\\/\\\/www.jornalja.com.br\\\/arquivo\",\"nextItem\":{\"@type\":\"ListItem\",\"@id\":\"https:\\\/\\\/www.jornalja.com.br\\\/arquivo\\\/category\\\/geral\\\/#listItem\",\"name\":\"Geral\"}},{\"@type\":\"ListItem\",\"@id\":\"https:\\\/\\\/www.jornalja.com.br\\\/arquivo\\\/category\\\/geral\\\/#listItem\",\"position\":2,\"name\":\"Geral\",\"item\":\"https:\\\/\\\/www.jornalja.com.br\\\/arquivo\\\/category\\\/geral\\\/\",\"nextItem\":{\"@type\":\"ListItem\",\"@id\":\"https:\\\/\\\/www.jornalja.com.br\\\/arquivo\\\/alimentos-saudaveis-no-campo-e-na-cidade-em-evento-do-iab-e-ufrgs\\\/#listItem\",\"name\":\"Alimentos saud\\u00e1veis no campo e na cidade em evento do IAB e UFRGS\"},\"previousItem\":{\"@type\":\"ListItem\",\"@id\":\"https:\\\/\\\/www.jornalja.com.br\\\/arquivo#listItem\",\"name\":\"Home\"}},{\"@type\":\"ListItem\",\"@id\":\"https:\\\/\\\/www.jornalja.com.br\\\/arquivo\\\/alimentos-saudaveis-no-campo-e-na-cidade-em-evento-do-iab-e-ufrgs\\\/#listItem\",\"position\":3,\"name\":\"Alimentos saud\\u00e1veis no campo e na cidade em evento do IAB e UFRGS\",\"previousItem\":{\"@type\":\"ListItem\",\"@id\":\"https:\\\/\\\/www.jornalja.com.br\\\/arquivo\\\/category\\\/geral\\\/#listItem\",\"name\":\"Geral\"}}]},{\"@type\":\"Organization\",\"@id\":\"https:\\\/\\\/www.jornalja.com.br\\\/arquivo\\\/#organization\",\"name\":\"Jornal J\\u00c1\",\"description\":\"Jornal J\\u00c1 | Porto Alegre\",\"url\":\"https:\\\/\\\/www.jornalja.com.br\\\/arquivo\\\/\",\"telephone\":\"+555133307272\",\"logo\":{\"@type\":\"ImageObject\",\"url\":\"https:\\\/\\\/www.jornalja.com.br\\\/wp-content\\\/uploads\\\/cards\\\/JAslogan.png\",\"@id\":\"https:\\\/\\\/www.jornalja.com.br\\\/arquivo\\\/alimentos-saudaveis-no-campo-e-na-cidade-em-evento-do-iab-e-ufrgs\\\/#organizationLogo\"},\"image\":{\"@id\":\"https:\\\/\\\/www.jornalja.com.br\\\/arquivo\\\/alimentos-saudaveis-no-campo-e-na-cidade-em-evento-do-iab-e-ufrgs\\\/#organizationLogo\"}},{\"@type\":\"Person\",\"@id\":\"https:\\\/\\\/www.jornalja.com.br\\\/arquivo\\\/author\\\/daredacao\\\/#author\",\"url\":\"https:\\\/\\\/www.jornalja.com.br\\\/arquivo\\\/author\\\/daredacao\\\/\",\"name\":\"da Reda\\u00e7\\u00e3o\",\"image\":{\"@type\":\"ImageObject\",\"@id\":\"https:\\\/\\\/www.jornalja.com.br\\\/arquivo\\\/alimentos-saudaveis-no-campo-e-na-cidade-em-evento-do-iab-e-ufrgs\\\/#authorImage\",\"url\":\"https:\\\/\\\/secure.gravatar.com\\\/avatar\\\/469fd857d6605ad19919d27ed29d35a968a25f6e8fd9318356bbb7f57aae9c65?s=96&d=mm&r=g\",\"width\":96,\"height\":96,\"caption\":\"da Reda\\u00e7\\u00e3o\"}},{\"@type\":\"WebPage\",\"@id\":\"https:\\\/\\\/www.jornalja.com.br\\\/arquivo\\\/alimentos-saudaveis-no-campo-e-na-cidade-em-evento-do-iab-e-ufrgs\\\/#webpage\",\"url\":\"https:\\\/\\\/www.jornalja.com.br\\\/arquivo\\\/alimentos-saudaveis-no-campo-e-na-cidade-em-evento-do-iab-e-ufrgs\\\/\",\"name\":\"Alimentos saud\\u00e1veis no campo e na cidade em evento do IAB e UFRGS | Arquivo\",\"inLanguage\":\"pt-BR\",\"isPartOf\":{\"@id\":\"https:\\\/\\\/www.jornalja.com.br\\\/arquivo\\\/#website\"},\"breadcrumb\":{\"@id\":\"https:\\\/\\\/www.jornalja.com.br\\\/arquivo\\\/alimentos-saudaveis-no-campo-e-na-cidade-em-evento-do-iab-e-ufrgs\\\/#breadcrumblist\"},\"author\":{\"@id\":\"https:\\\/\\\/www.jornalja.com.br\\\/arquivo\\\/author\\\/daredacao\\\/#author\"},\"creator\":{\"@id\":\"https:\\\/\\\/www.jornalja.com.br\\\/arquivo\\\/author\\\/daredacao\\\/#author\"},\"image\":{\"@type\":\"ImageObject\",\"url\":48055,\"@id\":\"https:\\\/\\\/www.jornalja.com.br\\\/arquivo\\\/alimentos-saudaveis-no-campo-e-na-cidade-em-evento-do-iab-e-ufrgs\\\/#mainImage\"},\"primaryImageOfPage\":{\"@id\":\"https:\\\/\\\/www.jornalja.com.br\\\/arquivo\\\/alimentos-saudaveis-no-campo-e-na-cidade-em-evento-do-iab-e-ufrgs\\\/#mainImage\"},\"datePublished\":\"2017-05-05T21:04:06-03:00\",\"dateModified\":\"2017-05-05T21:04:06-03:00\"},{\"@type\":\"WebSite\",\"@id\":\"https:\\\/\\\/www.jornalja.com.br\\\/arquivo\\\/#website\",\"url\":\"https:\\\/\\\/www.jornalja.com.br\\\/arquivo\\\/\",\"name\":\"Arquivo\",\"description\":\"Jornal J\\u00c1 | Porto Alegre\",\"inLanguage\":\"pt-BR\",\"publisher\":{\"@id\":\"https:\\\/\\\/www.jornalja.com.br\\\/arquivo\\\/#organization\"}}]}\n\t\t<\/script>\n\t\t<!-- All in One SEO -->\n\n","aioseo_head_json":{"title":"Alimentos saud\u00e1veis no campo e na cidade em evento do IAB e UFRGS | Arquivo","description":"","canonical_url":"https:\/\/www.jornalja.com.br\/arquivo\/alimentos-saudaveis-no-campo-e-na-cidade-em-evento-do-iab-e-ufrgs\/","robots":"max-image-preview:large","keywords":"","webmasterTools":{"miscellaneous":""},"schema":{"@context":"https:\/\/schema.org","@graph":[{"@type":"BlogPosting","@id":"https:\/\/www.jornalja.com.br\/arquivo\/alimentos-saudaveis-no-campo-e-na-cidade-em-evento-do-iab-e-ufrgs\/#blogposting","name":"Alimentos saud\u00e1veis no campo e na cidade em evento do IAB e UFRGS | Arquivo","headline":"Alimentos saud\u00e1veis no campo e na cidade em evento do IAB e UFRGS","author":{"@id":"https:\/\/www.jornalja.com.br\/arquivo\/author\/daredacao\/#author"},"publisher":{"@id":"https:\/\/www.jornalja.com.br\/arquivo\/#organization"},"image":{"@type":"ImageObject","url":48055},"datePublished":"2017-05-05T21:04:06-03:00","dateModified":"2017-05-05T21:04:06-03:00","inLanguage":"pt-BR","mainEntityOfPage":{"@id":"https:\/\/www.jornalja.com.br\/arquivo\/alimentos-saudaveis-no-campo-e-na-cidade-em-evento-do-iab-e-ufrgs\/#webpage"},"isPartOf":{"@id":"https:\/\/www.jornalja.com.br\/arquivo\/alimentos-saudaveis-no-campo-e-na-cidade-em-evento-do-iab-e-ufrgs\/#webpage"},"articleSection":"Geral"},{"@type":"BreadcrumbList","@id":"https:\/\/www.jornalja.com.br\/arquivo\/alimentos-saudaveis-no-campo-e-na-cidade-em-evento-do-iab-e-ufrgs\/#breadcrumblist","itemListElement":[{"@type":"ListItem","@id":"https:\/\/www.jornalja.com.br\/arquivo#listItem","position":1,"name":"Home","item":"https:\/\/www.jornalja.com.br\/arquivo","nextItem":{"@type":"ListItem","@id":"https:\/\/www.jornalja.com.br\/arquivo\/category\/geral\/#listItem","name":"Geral"}},{"@type":"ListItem","@id":"https:\/\/www.jornalja.com.br\/arquivo\/category\/geral\/#listItem","position":2,"name":"Geral","item":"https:\/\/www.jornalja.com.br\/arquivo\/category\/geral\/","nextItem":{"@type":"ListItem","@id":"https:\/\/www.jornalja.com.br\/arquivo\/alimentos-saudaveis-no-campo-e-na-cidade-em-evento-do-iab-e-ufrgs\/#listItem","name":"Alimentos saud\u00e1veis no campo e na cidade em evento do IAB e UFRGS"},"previousItem":{"@type":"ListItem","@id":"https:\/\/www.jornalja.com.br\/arquivo#listItem","name":"Home"}},{"@type":"ListItem","@id":"https:\/\/www.jornalja.com.br\/arquivo\/alimentos-saudaveis-no-campo-e-na-cidade-em-evento-do-iab-e-ufrgs\/#listItem","position":3,"name":"Alimentos saud\u00e1veis no campo e na cidade em evento do IAB e UFRGS","previousItem":{"@type":"ListItem","@id":"https:\/\/www.jornalja.com.br\/arquivo\/category\/geral\/#listItem","name":"Geral"}}]},{"@type":"Organization","@id":"https:\/\/www.jornalja.com.br\/arquivo\/#organization","name":"Jornal J\u00c1","description":"Jornal J\u00c1 | Porto Alegre","url":"https:\/\/www.jornalja.com.br\/arquivo\/","telephone":"+555133307272","logo":{"@type":"ImageObject","url":"https:\/\/www.jornalja.com.br\/wp-content\/uploads\/cards\/JAslogan.png","@id":"https:\/\/www.jornalja.com.br\/arquivo\/alimentos-saudaveis-no-campo-e-na-cidade-em-evento-do-iab-e-ufrgs\/#organizationLogo"},"image":{"@id":"https:\/\/www.jornalja.com.br\/arquivo\/alimentos-saudaveis-no-campo-e-na-cidade-em-evento-do-iab-e-ufrgs\/#organizationLogo"}},{"@type":"Person","@id":"https:\/\/www.jornalja.com.br\/arquivo\/author\/daredacao\/#author","url":"https:\/\/www.jornalja.com.br\/arquivo\/author\/daredacao\/","name":"da Reda\u00e7\u00e3o","image":{"@type":"ImageObject","@id":"https:\/\/www.jornalja.com.br\/arquivo\/alimentos-saudaveis-no-campo-e-na-cidade-em-evento-do-iab-e-ufrgs\/#authorImage","url":"https:\/\/secure.gravatar.com\/avatar\/469fd857d6605ad19919d27ed29d35a968a25f6e8fd9318356bbb7f57aae9c65?s=96&d=mm&r=g","width":96,"height":96,"caption":"da Reda\u00e7\u00e3o"}},{"@type":"WebPage","@id":"https:\/\/www.jornalja.com.br\/arquivo\/alimentos-saudaveis-no-campo-e-na-cidade-em-evento-do-iab-e-ufrgs\/#webpage","url":"https:\/\/www.jornalja.com.br\/arquivo\/alimentos-saudaveis-no-campo-e-na-cidade-em-evento-do-iab-e-ufrgs\/","name":"Alimentos saud\u00e1veis no campo e na cidade em evento do IAB e UFRGS | Arquivo","inLanguage":"pt-BR","isPartOf":{"@id":"https:\/\/www.jornalja.com.br\/arquivo\/#website"},"breadcrumb":{"@id":"https:\/\/www.jornalja.com.br\/arquivo\/alimentos-saudaveis-no-campo-e-na-cidade-em-evento-do-iab-e-ufrgs\/#breadcrumblist"},"author":{"@id":"https:\/\/www.jornalja.com.br\/arquivo\/author\/daredacao\/#author"},"creator":{"@id":"https:\/\/www.jornalja.com.br\/arquivo\/author\/daredacao\/#author"},"image":{"@type":"ImageObject","url":48055,"@id":"https:\/\/www.jornalja.com.br\/arquivo\/alimentos-saudaveis-no-campo-e-na-cidade-em-evento-do-iab-e-ufrgs\/#mainImage"},"primaryImageOfPage":{"@id":"https:\/\/www.jornalja.com.br\/arquivo\/alimentos-saudaveis-no-campo-e-na-cidade-em-evento-do-iab-e-ufrgs\/#mainImage"},"datePublished":"2017-05-05T21:04:06-03:00","dateModified":"2017-05-05T21:04:06-03:00"},{"@type":"WebSite","@id":"https:\/\/www.jornalja.com.br\/arquivo\/#website","url":"https:\/\/www.jornalja.com.br\/arquivo\/","name":"Arquivo","description":"Jornal J\u00c1 | Porto Alegre","inLanguage":"pt-BR","publisher":{"@id":"https:\/\/www.jornalja.com.br\/arquivo\/#organization"}}]},"og:locale":"pt_BR","og:site_name":"Arquivo | Jornal J\u00c1 | Porto Alegre","og:type":"article","og:title":"Alimentos saud\u00e1veis no campo e na cidade em evento do IAB e UFRGS | Arquivo","og:url":"https:\/\/www.jornalja.com.br\/arquivo\/alimentos-saudaveis-no-campo-e-na-cidade-em-evento-do-iab-e-ufrgs\/","og:image":"https:\/\/www.jornalja.com.br\/economics\/wp-content\/uploads\/sites\/11\/2026\/08\/ja-folhaderosto-facebook.jpg","og:image:secure_url":"https:\/\/www.jornalja.com.br\/economics\/wp-content\/uploads\/sites\/11\/2026\/08\/ja-folhaderosto-facebook.jpg","article:published_time":"2017-05-06T00:04:06+00:00","article:modified_time":"2017-05-06T00:04:06+00:00","twitter:card":"summary","twitter:title":"Alimentos saud\u00e1veis no campo e na cidade em evento do IAB e UFRGS | Arquivo","twitter:image":"https:\/\/www.jornalja.com.br\/economics\/wp-content\/uploads\/sites\/11\/2026\/08\/ja-folhaderosto-facebook.jpg"},"aioseo_meta_data":{"post_id":"48051","title":null,"description":null,"keywords":null,"keyphrases":null,"primary_term":null,"canonical_url":null,"og_title":null,"og_description":null,"og_object_type":"default","og_image_type":"default","og_image_url":null,"og_image_width":null,"og_image_height":null,"og_image_custom_url":null,"og_image_custom_fields":null,"og_video":null,"og_custom_url":null,"og_article_section":null,"og_article_tags":null,"twitter_use_og":false,"twitter_card":"default","twitter_image_type":"default","twitter_image_url":null,"twitter_image_custom_url":null,"twitter_image_custom_fields":null,"twitter_title":null,"twitter_description":null,"schema":{"blockGraphs":[],"customGraphs":[],"default":{"data":{"Article":[],"Course":[],"Dataset":[],"FAQPage":[],"Movie":[],"Person":[],"Product":[],"ProductReview":[],"Car":[],"Recipe":[],"Service":[],"SoftwareApplication":[],"WebPage":[]},"graphName":"","isEnabled":true},"graphs":[],"defaultGraph":"","defaultPostTypeGraph":""},"schema_type":null,"schema_type_options":null,"pillar_content":false,"robots_default":true,"robots_noindex":false,"robots_noarchive":false,"robots_nosnippet":false,"robots_nofollow":false,"robots_noimageindex":false,"robots_noodp":false,"robots_notranslate":false,"robots_max_snippet":null,"robots_max_videopreview":null,"robots_max_imagepreview":"large","priority":null,"frequency":null,"location":null,"local_seo":null,"breadcrumb_settings":null,"limit_modified_date":false,"ai":null,"created":"2020-12-20 20:35:51","updated":"2025-07-19 21:22:25","seo_analyzer_scan_date":null,"focus_keyword":null,"additional_keywords":null,"truseo_locale":null},"jetpack_sharing_enabled":true,"jetpack-related-posts":[{"id":14241,"url":"https:\/\/www.jornalja.com.br\/arquivo\/o-guaiba-nas-imagens-poeticas-de-achutti\/","url_meta":{"origin":48051,"position":0},"title":"O Gua\u00edba nas imagens po\u00e9ticas de Achutti","author":"da Reda\u00e7\u00e3o","date":"18 de junho de 2014","format":false,"excerpt":"Em \u201cO Gua\u00edba por Achutti\u201d \u2013 obra financiada via Minist\u00e9rio da Cultura, produ\u00e7\u00e3o executiva de Pedro Longhi, e Fl\u00e1vio Wild como designer \u2013, o fot\u00f3grafo revela a beleza e as mazelas de um espa\u00e7o aqu\u00e1tico de \u00e1guas sempre renovadas, cheio de hist\u00f3rias e lendas como as das cidades que foram\u2026","rel":"","context":"Em &quot;Cultura-Geral&quot;","block_context":{"text":"Cultura-Geral","link":"https:\/\/www.jornalja.com.br\/arquivo\/category\/materiasecundaria\/"},"img":{"alt_text":"","src":"","width":0,"height":0},"classes":[]},{"id":13124,"url":"https:\/\/www.jornalja.com.br\/arquivo\/sangue-latino-no-iecine\/","url_meta":{"origin":48051,"position":1},"title":"Sangue latino no IECINE","author":"da Reda\u00e7\u00e3o","date":"18 de maio de 2014","format":false,"excerpt":"Francisco Ribeiro O Instituto Estadual de Cinema (IECINE) tem a frente, desde abril \u00faltimo, um novo diretor, o cineasta colombiano Juan Zapata, 36, que substitui Luiz Alberto Cassol. Radicado h\u00e1 dez anos em Porto Alegre, Zapata tem diante de si o desafio de conduzir at\u00e9 o final do ano um\u2026","rel":"","context":"Em &quot;Cultura-Geral&quot;","block_context":{"text":"Cultura-Geral","link":"https:\/\/www.jornalja.com.br\/arquivo\/category\/materiasecundaria\/"},"img":{"alt_text":"","src":"","width":0,"height":0},"classes":[]},{"id":13109,"url":"https:\/\/www.jornalja.com.br\/arquivo\/judiciario-reconhece-poluicao-eletromagnetica\/","url_meta":{"origin":48051,"position":2},"title":"Judici\u00e1rio reconhece polui\u00e7\u00e3o eletromagn\u00e9tica","author":"Patr\u00edcia Marini","date":"16 de maio de 2014","format":false,"excerpt":"A\u00e7\u00e3o de duas associa\u00e7\u00f5es de moradores foi acolhida pelo Tribunal de Justi\u00e7a de S\u00e3o Paulo que. em decis\u00e3o in\u00e9dita, determinou a redu\u00e7\u00e3o do campo eletromagn\u00e9tico gerado pelas linhas de transmiss\u00e3o de energia que cortam os bairros City Boa\u00e7ava e Alto de Pinheiros. \u00c9 a primeira vez que um tribunal do\u2026","rel":"","context":"Em &quot;X.Categorias velhas&quot;","block_context":{"text":"X.Categorias velhas","link":"https:\/\/www.jornalja.com.br\/arquivo\/category\/x-categorias-velhas\/"},"img":{"alt_text":"","src":"","width":0,"height":0},"classes":[]},{"id":1280,"url":"https:\/\/www.jornalja.com.br\/arquivo\/o-menino-que-se-tornou-brizola\/","url_meta":{"origin":48051,"position":3},"title":"O Menino que se Tornou Brizola","author":"da Reda\u00e7\u00e3o","date":"28 de julho de 2008","format":false,"excerpt":"Autor: Cleber Dioni A vida de Leonel Brizola, com \u00eanfase para os primeiros anos em Porto Alegre, at\u00e9 o ex\u00edlio no Uruguai e a volta, quinze anos depois. \u00a0\"...\u00c9ramos todos jovens e nos identific\u00e1vamos com aquela massa an\u00f4nima a percorrer as ruas de Porto Alegre, gritando 'Get\u00falio', 'Get\u00falio' e empunhando\u2026","rel":"","context":"Em &quot;Livros&quot;","block_context":{"text":"Livros","link":"https:\/\/www.jornalja.com.br\/arquivo\/category\/livros\/"},"img":{"alt_text":"","src":"https:\/\/i0.wp.com\/www.jornalja.com.br\/wp-content\/uploads\/2008\/07\/brizola.gif?resize=350%2C200&ssl=1","width":350,"height":200},"classes":[]},{"id":13240,"url":"https:\/\/www.jornalja.com.br\/arquivo\/plano-diretor-estamos-construindo-o-caos\/","url_meta":{"origin":48051,"position":4},"title":"Plano diretor: &quot;Estamos construindo o caos&quot;","author":"Patr\u00edcia Marini","date":"26 de maio de 2014","format":false,"excerpt":"Desabafo que arquiteta Eliana Castilhos, delegada da Regi\u00e3o de Planejamento 1, postou nas redes sociais \u00e9 um testemunho do ambiente que se criou no Conselho do Plano Diretor de Porto Alegre, onde a aprova\u00e7\u00e3o de grandes empreendimentos \u00e9 empurrada guela abaixo dos conselheiros. Ao CMDUA Como delegada da Regi\u00e3o de\u2026","rel":"","context":"Em &quot;Geral&quot;","block_context":{"text":"Geral","link":"https:\/\/www.jornalja.com.br\/arquivo\/category\/geral\/"},"img":{"alt_text":"","src":"","width":0,"height":0},"classes":[]},{"id":13239,"url":"https:\/\/www.jornalja.com.br\/arquivo\/conselho-desdenha-do-plano-diretor\/","url_meta":{"origin":48051,"position":5},"title":"Porto Alegre: Conselho detona Plano Diretor","author":"Patr\u00edcia Marini","date":"25 de maio de 2014","format":false,"excerpt":"Den\u00fancia do arquiteto e \u00a0urbanista Ibir\u00e1 Santos Lucas. Ele diz que os conselheiros est\u00e3o votando com \"enorme irresponsabilidade\". \"Mudam regime com a maior naturalidade,,,regularizam absurdos de constru\u00e7\u00f5es irregulares... \"O CMDUA est\u00e1 flexibilizando a lei do plano diretor, de uma forma impactante na vida da cidade. Mudam regime com a maior\u2026","rel":"","context":"Em &quot;Geral&quot;","block_context":{"text":"Geral","link":"https:\/\/www.jornalja.com.br\/arquivo\/category\/geral\/"},"img":{"alt_text":"","src":"","width":0,"height":0},"classes":[]}],"jetpack_shortlink":"https:\/\/wp.me\/pbQjBd-cv1","jetpack_featured_media_url":"","_links":{"self":[{"href":"https:\/\/www.jornalja.com.br\/arquivo\/wp-json\/wp\/v2\/posts\/48051","targetHints":{"allow":["GET"]}}],"collection":[{"href":"https:\/\/www.jornalja.com.br\/arquivo\/wp-json\/wp\/v2\/posts"}],"about":[{"href":"https:\/\/www.jornalja.com.br\/arquivo\/wp-json\/wp\/v2\/types\/post"}],"author":[{"embeddable":true,"href":"https:\/\/www.jornalja.com.br\/arquivo\/wp-json\/wp\/v2\/users\/4"}],"replies":[{"embeddable":true,"href":"https:\/\/www.jornalja.com.br\/arquivo\/wp-json\/wp\/v2\/comments?post=48051"}],"version-history":[{"count":0,"href":"https:\/\/www.jornalja.com.br\/arquivo\/wp-json\/wp\/v2\/posts\/48051\/revisions"}],"wp:attachment":[{"href":"https:\/\/www.jornalja.com.br\/arquivo\/wp-json\/wp\/v2\/media?parent=48051"}],"wp:term":[{"taxonomy":"category","embeddable":true,"href":"https:\/\/www.jornalja.com.br\/arquivo\/wp-json\/wp\/v2\/categories?post=48051"},{"taxonomy":"post_tag","embeddable":true,"href":"https:\/\/www.jornalja.com.br\/arquivo\/wp-json\/wp\/v2\/tags?post=48051"}],"curies":[{"name":"wp","href":"https:\/\/api.w.org\/{rel}","templated":true}]}}