{"id":48061,"date":"2017-05-07T19:10:39","date_gmt":"2017-05-07T22:10:39","guid":{"rendered":"https:\/\/www.jornalja.com.br\/?p=48061"},"modified":"2017-05-07T19:10:39","modified_gmt":"2017-05-07T22:10:39","slug":"sartori-avalia-dificuldades-para-as-privatizacoes-de-ceee-crm-e-sulgas","status":"publish","type":"post","link":"https:\/\/www.jornalja.com.br\/arquivo\/sartori-avalia-dificuldades-para-as-privatizacoes-de-ceee-crm-e-sulgas\/","title":{"rendered":"Sartori avalia dificuldades para as privatiza\u00e7\u00f5es de CEEE, CRM e Sulg\u00e1s"},"content":{"rendered":"<p>Esgota-se o prazo que o governador Sartori tem para tomar as medidas exigidas pelo governo federal para incluir o Rio Grande do Sul no Programa de Recupera\u00e7\u00e3o dos Estados.<br \/>\nO programa, que suspende por tr\u00eas anos o pagamento da d\u00edvida com a Uni\u00e3o, \u00e9 vital para o governo Sartori e ele ainda n\u00e3o tem garantias de que conseguir\u00e1 se enquadrar na pol\u00edtica de Temer.<br \/>\nA tarefa mais urgente para o governo \u00e9 criar condi\u00e7\u00f5es para privatizar tr\u00eas estatais da \u00e1rea de energia: a Companhia Estadual de Energia El\u00e9trica (CEEE), a Companhia Riograndense de Minera\u00e7\u00e3o (CRM) e a Sulg\u00e1s.<br \/>\nO projeto do governo que abre caminho para privatiz\u00e1-las est\u00e1 no Legislativo desde dezembro.\u00c9 a PEC 259,\u00a0 que revoga a exig\u00eancia de plebiscito para extin\u00e7\u00e3o, fus\u00e3o ou altera\u00e7\u00e3o das tr\u00eas estatais.<br \/>\nNesta segunda, 8, em reuni\u00e3o com seus principais assessores e o l\u00edder do governo na Assembleia, Sartori definiu a pr\u00f3xima ter\u00e7a-feira, \u00a016 de maio, para votar o projeto.<br \/>\nSe ganhar a batalha na Assembleia o governador, em seguida, envia um projeto pedindo a extin\u00e7\u00e3o das companhias.<br \/>\nEsta \u00a0hip\u00f3tese, no entanto, mostra-se improv\u00e1vel at\u00e9 o momento.<br \/>\nSartori precisa de 33 votos da Casa para aprovar a PEC 259 e posteriormente de maioria absoluta para privatizar as estatais. Na contabilidade interna, dos gabinetes, o governo tem entre 26 e 29 votos favor\u00e1veis ao projeto. N\u00e3o s\u00e3o conhecidos os trunfos que o governo teria, se os tem, \u00a0para conseguir os votos que faltam.<br \/>\nO plebiscito pode ser o caminho a ser seguido mas para isso ter\u00e1 tempo um curto, por um processo\u00a0 caro e incerto.<br \/>\nSegundo a lei N\u00ba 9.207, de 1991, que regulamenta a &#8220;realiza\u00e7\u00e3o de consultas referend\u00e1rias e plebiscit\u00e1rias no \u00e2mbito legislativo&#8221;, um plebiscito deve obedecer as seguintes regras:<\/p>\n<ul>\n<li>o governador Sartori precisar\u00e1 apresentar um projeto propondo a extin\u00e7\u00e3o de cada uma das estatais.<\/li>\n<li>depois disso, a mesa ou 1\\3 dos parlamentares requisita a realiza\u00e7\u00e3o do plebiscito, que deve ter aprova\u00e7\u00e3o por maioria absoluta para seguir para o TRE, que organizar\u00e1 o pleito.<\/li>\n<li>O plebiscito em anos n\u00e3o eleitorais, como 2017, deve ocorrer no dia 15 de novembro.<\/li>\n<\/ul>\n<p>Ou seja, Sartori tem at\u00e9 o dia 15 de junho para encaminhar o plebiscito caso\u00a0 perca a vota\u00e7\u00e3o da PEC 259.<br \/>\n<strong>Demais PECs a serem votadas<\/strong><br \/>\nAs PECs d\u00e3o continuidade \u00e0s mat\u00e9rias aprovadas pela Assembleia no final de 2016 e promovem altera\u00e7\u00f5es na estrutura do Estado, como o tempo de contribui\u00e7\u00e3o dos servidores p\u00fablicos (PEC 261 2016), a extin\u00e7\u00e3o do direito aos adicionais por tempo de servi\u00e7o (PEC 258 2016), assim como a revoga\u00e7\u00e3o do artigo 35 da Constitui\u00e7\u00e3o Estadual que fixa prazo para pagamento da remunera\u00e7\u00e3o mensal dos servidores p\u00fablicos at\u00e9 o \u00faltimo dia \u00fatil de cada m\u00eas e determina o pagamento do d\u00e9cimo terceiro sal\u00e1rio at\u00e9 o dia 20 de dezembro (PEC 257 2016). Tamb\u00e9m consta a extin\u00e7\u00e3o da licen\u00e7a-pr\u00eamio (PEC 242 2015) e a licen\u00e7a aos servidores para atividades sindicais sem a remunera\u00e7\u00e3o (PEC 256 2016).<br \/>\n<strong>(Felipe Uhr)\u00a0<\/strong><\/p>\n","protected":false},"excerpt":{"rendered":"<p>Esgota-se o prazo que o governador Sartori tem para tomar as medidas exigidas pelo governo federal para incluir o Rio Grande do Sul no Programa de Recupera\u00e7\u00e3o dos Estados. O programa, que suspende por tr\u00eas anos o pagamento da d\u00edvida com a Uni\u00e3o, \u00e9 vital para o governo Sartori e ele ainda n\u00e3o tem garantias [&hellip;]<\/p>\n","protected":false},"author":4,"featured_media":48034,"comment_status":"open","ping_status":"closed","sticky":false,"template":"","format":"standard","meta":{"_jetpack_newsletter_access":"","_jetpack_dont_email_post_to_subs":false,"_jetpack_newsletter_tier_id":0,"_jetpack_memberships_contains_paywalled_content":false,"_jetpack_feature_clip_id":0,"_jetpack_memberships_contains_paid_content":false,"footnotes":"","jetpack_post_was_ever_published":false},"categories":[26],"tags":[],"class_list":["post-48061","post","type-post","status-publish","format-standard","has-post-thumbnail","hentry","category-geral"],"aioseo_notices":[],"aioseo_head":"\n\t\t<!-- All in One SEO 5.0.1.1 - aioseo.com -->\n\t<meta name=\"robots\" content=\"max-image-preview:large\" \/>\n\t<meta name=\"author\" content=\"da Reda\u00e7\u00e3o\"\/>\n\t<link rel=\"canonical\" href=\"https:\/\/www.jornalja.com.br\/arquivo\/sartori-avalia-dificuldades-para-as-privatizacoes-de-ceee-crm-e-sulgas\/\" \/>\n\t<meta name=\"generator\" content=\"All in One SEO (AIOSEO) 5.0.1.1\" \/>\n\t\t<meta property=\"og:locale\" content=\"pt_BR\" \/>\n\t\t<meta property=\"og:site_name\" content=\"Arquivo | Jornal J\u00c1 | Porto Alegre\" \/>\n\t\t<meta property=\"og:type\" content=\"article\" \/>\n\t\t<meta property=\"og:title\" content=\"Sartori avalia dificuldades para as privatiza\u00e7\u00f5es de CEEE, CRM e Sulg\u00e1s | Arquivo\" \/>\n\t\t<meta property=\"og:url\" content=\"https:\/\/www.jornalja.com.br\/arquivo\/sartori-avalia-dificuldades-para-as-privatizacoes-de-ceee-crm-e-sulgas\/\" \/>\n\t\t<meta property=\"og:image\" content=\"https:\/\/www.jornalja.com.br\/economics\/wp-content\/uploads\/sites\/11\/2026\/08\/ja-folhaderosto-facebook.jpg\" \/>\n\t\t<meta property=\"og:image:secure_url\" content=\"https:\/\/www.jornalja.com.br\/economics\/wp-content\/uploads\/sites\/11\/2026\/08\/ja-folhaderosto-facebook.jpg\" \/>\n\t\t<meta property=\"article:published_time\" content=\"2017-05-07T22:10:39+00:00\" \/>\n\t\t<meta property=\"article:modified_time\" content=\"2017-05-07T22:10:39+00:00\" \/>\n\t\t<meta name=\"twitter:card\" content=\"summary\" \/>\n\t\t<meta name=\"twitter:title\" content=\"Sartori avalia dificuldades para as privatiza\u00e7\u00f5es de CEEE, CRM e Sulg\u00e1s | Arquivo\" \/>\n\t\t<meta name=\"twitter:image\" content=\"https:\/\/www.jornalja.com.br\/economics\/wp-content\/uploads\/sites\/11\/2026\/08\/ja-folhaderosto-facebook.jpg\" \/>\n\t\t<script type=\"application\/ld+json\" class=\"aioseo-schema\">\n\t\t\t{\"@context\":\"https:\\\/\\\/schema.org\",\"@graph\":[{\"@type\":\"BlogPosting\",\"@id\":\"https:\\\/\\\/www.jornalja.com.br\\\/arquivo\\\/sartori-avalia-dificuldades-para-as-privatizacoes-de-ceee-crm-e-sulgas\\\/#blogposting\",\"name\":\"Sartori avalia dificuldades para as privatiza\\u00e7\\u00f5es de CEEE, CRM e Sulg\\u00e1s | Arquivo\",\"headline\":\"Sartori avalia dificuldades para as privatiza\\u00e7\\u00f5es de CEEE, CRM e Sulg\\u00e1s\",\"author\":{\"@id\":\"https:\\\/\\\/www.jornalja.com.br\\\/arquivo\\\/author\\\/daredacao\\\/#author\"},\"publisher\":{\"@id\":\"https:\\\/\\\/www.jornalja.com.br\\\/arquivo\\\/#organization\"},\"image\":{\"@type\":\"ImageObject\",\"url\":48034},\"datePublished\":\"2017-05-07T19:10:39-03:00\",\"dateModified\":\"2017-05-07T19:10:39-03:00\",\"inLanguage\":\"pt-BR\",\"mainEntityOfPage\":{\"@id\":\"https:\\\/\\\/www.jornalja.com.br\\\/arquivo\\\/sartori-avalia-dificuldades-para-as-privatizacoes-de-ceee-crm-e-sulgas\\\/#webpage\"},\"isPartOf\":{\"@id\":\"https:\\\/\\\/www.jornalja.com.br\\\/arquivo\\\/sartori-avalia-dificuldades-para-as-privatizacoes-de-ceee-crm-e-sulgas\\\/#webpage\"},\"articleSection\":\"Geral\"},{\"@type\":\"BreadcrumbList\",\"@id\":\"https:\\\/\\\/www.jornalja.com.br\\\/arquivo\\\/sartori-avalia-dificuldades-para-as-privatizacoes-de-ceee-crm-e-sulgas\\\/#breadcrumblist\",\"itemListElement\":[{\"@type\":\"ListItem\",\"@id\":\"https:\\\/\\\/www.jornalja.com.br\\\/arquivo#listItem\",\"position\":1,\"name\":\"Home\",\"item\":\"https:\\\/\\\/www.jornalja.com.br\\\/arquivo\",\"nextItem\":{\"@type\":\"ListItem\",\"@id\":\"https:\\\/\\\/www.jornalja.com.br\\\/arquivo\\\/category\\\/geral\\\/#listItem\",\"name\":\"Geral\"}},{\"@type\":\"ListItem\",\"@id\":\"https:\\\/\\\/www.jornalja.com.br\\\/arquivo\\\/category\\\/geral\\\/#listItem\",\"position\":2,\"name\":\"Geral\",\"item\":\"https:\\\/\\\/www.jornalja.com.br\\\/arquivo\\\/category\\\/geral\\\/\",\"nextItem\":{\"@type\":\"ListItem\",\"@id\":\"https:\\\/\\\/www.jornalja.com.br\\\/arquivo\\\/sartori-avalia-dificuldades-para-as-privatizacoes-de-ceee-crm-e-sulgas\\\/#listItem\",\"name\":\"Sartori avalia dificuldades para as privatiza\\u00e7\\u00f5es de CEEE, CRM e Sulg\\u00e1s\"},\"previousItem\":{\"@type\":\"ListItem\",\"@id\":\"https:\\\/\\\/www.jornalja.com.br\\\/arquivo#listItem\",\"name\":\"Home\"}},{\"@type\":\"ListItem\",\"@id\":\"https:\\\/\\\/www.jornalja.com.br\\\/arquivo\\\/sartori-avalia-dificuldades-para-as-privatizacoes-de-ceee-crm-e-sulgas\\\/#listItem\",\"position\":3,\"name\":\"Sartori avalia dificuldades para as privatiza\\u00e7\\u00f5es de CEEE, CRM e Sulg\\u00e1s\",\"previousItem\":{\"@type\":\"ListItem\",\"@id\":\"https:\\\/\\\/www.jornalja.com.br\\\/arquivo\\\/category\\\/geral\\\/#listItem\",\"name\":\"Geral\"}}]},{\"@type\":\"Organization\",\"@id\":\"https:\\\/\\\/www.jornalja.com.br\\\/arquivo\\\/#organization\",\"name\":\"Jornal J\\u00c1\",\"description\":\"Jornal J\\u00c1 | Porto Alegre\",\"url\":\"https:\\\/\\\/www.jornalja.com.br\\\/arquivo\\\/\",\"telephone\":\"+555133307272\",\"logo\":{\"@type\":\"ImageObject\",\"url\":\"https:\\\/\\\/www.jornalja.com.br\\\/wp-content\\\/uploads\\\/cards\\\/JAslogan.png\",\"@id\":\"https:\\\/\\\/www.jornalja.com.br\\\/arquivo\\\/sartori-avalia-dificuldades-para-as-privatizacoes-de-ceee-crm-e-sulgas\\\/#organizationLogo\"},\"image\":{\"@id\":\"https:\\\/\\\/www.jornalja.com.br\\\/arquivo\\\/sartori-avalia-dificuldades-para-as-privatizacoes-de-ceee-crm-e-sulgas\\\/#organizationLogo\"}},{\"@type\":\"Person\",\"@id\":\"https:\\\/\\\/www.jornalja.com.br\\\/arquivo\\\/author\\\/daredacao\\\/#author\",\"url\":\"https:\\\/\\\/www.jornalja.com.br\\\/arquivo\\\/author\\\/daredacao\\\/\",\"name\":\"da Reda\\u00e7\\u00e3o\",\"image\":{\"@type\":\"ImageObject\",\"@id\":\"https:\\\/\\\/www.jornalja.com.br\\\/arquivo\\\/sartori-avalia-dificuldades-para-as-privatizacoes-de-ceee-crm-e-sulgas\\\/#authorImage\",\"url\":\"https:\\\/\\\/secure.gravatar.com\\\/avatar\\\/469fd857d6605ad19919d27ed29d35a968a25f6e8fd9318356bbb7f57aae9c65?s=96&d=mm&r=g\",\"width\":96,\"height\":96,\"caption\":\"da Reda\\u00e7\\u00e3o\"}},{\"@type\":\"WebPage\",\"@id\":\"https:\\\/\\\/www.jornalja.com.br\\\/arquivo\\\/sartori-avalia-dificuldades-para-as-privatizacoes-de-ceee-crm-e-sulgas\\\/#webpage\",\"url\":\"https:\\\/\\\/www.jornalja.com.br\\\/arquivo\\\/sartori-avalia-dificuldades-para-as-privatizacoes-de-ceee-crm-e-sulgas\\\/\",\"name\":\"Sartori avalia dificuldades para as privatiza\\u00e7\\u00f5es de CEEE, CRM e Sulg\\u00e1s | Arquivo\",\"inLanguage\":\"pt-BR\",\"isPartOf\":{\"@id\":\"https:\\\/\\\/www.jornalja.com.br\\\/arquivo\\\/#website\"},\"breadcrumb\":{\"@id\":\"https:\\\/\\\/www.jornalja.com.br\\\/arquivo\\\/sartori-avalia-dificuldades-para-as-privatizacoes-de-ceee-crm-e-sulgas\\\/#breadcrumblist\"},\"author\":{\"@id\":\"https:\\\/\\\/www.jornalja.com.br\\\/arquivo\\\/author\\\/daredacao\\\/#author\"},\"creator\":{\"@id\":\"https:\\\/\\\/www.jornalja.com.br\\\/arquivo\\\/author\\\/daredacao\\\/#author\"},\"image\":{\"@type\":\"ImageObject\",\"url\":48034,\"@id\":\"https:\\\/\\\/www.jornalja.com.br\\\/arquivo\\\/sartori-avalia-dificuldades-para-as-privatizacoes-de-ceee-crm-e-sulgas\\\/#mainImage\"},\"primaryImageOfPage\":{\"@id\":\"https:\\\/\\\/www.jornalja.com.br\\\/arquivo\\\/sartori-avalia-dificuldades-para-as-privatizacoes-de-ceee-crm-e-sulgas\\\/#mainImage\"},\"datePublished\":\"2017-05-07T19:10:39-03:00\",\"dateModified\":\"2017-05-07T19:10:39-03:00\"},{\"@type\":\"WebSite\",\"@id\":\"https:\\\/\\\/www.jornalja.com.br\\\/arquivo\\\/#website\",\"url\":\"https:\\\/\\\/www.jornalja.com.br\\\/arquivo\\\/\",\"name\":\"Arquivo\",\"description\":\"Jornal J\\u00c1 | Porto Alegre\",\"inLanguage\":\"pt-BR\",\"publisher\":{\"@id\":\"https:\\\/\\\/www.jornalja.com.br\\\/arquivo\\\/#organization\"}}]}\n\t\t<\/script>\n\t\t<!-- All in One SEO -->\n\n","aioseo_head_json":{"title":"Sartori avalia dificuldades para as privatiza\u00e7\u00f5es de CEEE, CRM e Sulg\u00e1s | Arquivo","description":"","canonical_url":"https:\/\/www.jornalja.com.br\/arquivo\/sartori-avalia-dificuldades-para-as-privatizacoes-de-ceee-crm-e-sulgas\/","robots":"max-image-preview:large","keywords":"","webmasterTools":{"miscellaneous":""},"schema":{"@context":"https:\/\/schema.org","@graph":[{"@type":"BlogPosting","@id":"https:\/\/www.jornalja.com.br\/arquivo\/sartori-avalia-dificuldades-para-as-privatizacoes-de-ceee-crm-e-sulgas\/#blogposting","name":"Sartori avalia dificuldades para as privatiza\u00e7\u00f5es de CEEE, CRM e Sulg\u00e1s | Arquivo","headline":"Sartori avalia dificuldades para as privatiza\u00e7\u00f5es de CEEE, CRM e Sulg\u00e1s","author":{"@id":"https:\/\/www.jornalja.com.br\/arquivo\/author\/daredacao\/#author"},"publisher":{"@id":"https:\/\/www.jornalja.com.br\/arquivo\/#organization"},"image":{"@type":"ImageObject","url":48034},"datePublished":"2017-05-07T19:10:39-03:00","dateModified":"2017-05-07T19:10:39-03:00","inLanguage":"pt-BR","mainEntityOfPage":{"@id":"https:\/\/www.jornalja.com.br\/arquivo\/sartori-avalia-dificuldades-para-as-privatizacoes-de-ceee-crm-e-sulgas\/#webpage"},"isPartOf":{"@id":"https:\/\/www.jornalja.com.br\/arquivo\/sartori-avalia-dificuldades-para-as-privatizacoes-de-ceee-crm-e-sulgas\/#webpage"},"articleSection":"Geral"},{"@type":"BreadcrumbList","@id":"https:\/\/www.jornalja.com.br\/arquivo\/sartori-avalia-dificuldades-para-as-privatizacoes-de-ceee-crm-e-sulgas\/#breadcrumblist","itemListElement":[{"@type":"ListItem","@id":"https:\/\/www.jornalja.com.br\/arquivo#listItem","position":1,"name":"Home","item":"https:\/\/www.jornalja.com.br\/arquivo","nextItem":{"@type":"ListItem","@id":"https:\/\/www.jornalja.com.br\/arquivo\/category\/geral\/#listItem","name":"Geral"}},{"@type":"ListItem","@id":"https:\/\/www.jornalja.com.br\/arquivo\/category\/geral\/#listItem","position":2,"name":"Geral","item":"https:\/\/www.jornalja.com.br\/arquivo\/category\/geral\/","nextItem":{"@type":"ListItem","@id":"https:\/\/www.jornalja.com.br\/arquivo\/sartori-avalia-dificuldades-para-as-privatizacoes-de-ceee-crm-e-sulgas\/#listItem","name":"Sartori avalia dificuldades para as privatiza\u00e7\u00f5es de CEEE, CRM e Sulg\u00e1s"},"previousItem":{"@type":"ListItem","@id":"https:\/\/www.jornalja.com.br\/arquivo#listItem","name":"Home"}},{"@type":"ListItem","@id":"https:\/\/www.jornalja.com.br\/arquivo\/sartori-avalia-dificuldades-para-as-privatizacoes-de-ceee-crm-e-sulgas\/#listItem","position":3,"name":"Sartori avalia dificuldades para as privatiza\u00e7\u00f5es de CEEE, CRM e Sulg\u00e1s","previousItem":{"@type":"ListItem","@id":"https:\/\/www.jornalja.com.br\/arquivo\/category\/geral\/#listItem","name":"Geral"}}]},{"@type":"Organization","@id":"https:\/\/www.jornalja.com.br\/arquivo\/#organization","name":"Jornal J\u00c1","description":"Jornal J\u00c1 | Porto Alegre","url":"https:\/\/www.jornalja.com.br\/arquivo\/","telephone":"+555133307272","logo":{"@type":"ImageObject","url":"https:\/\/www.jornalja.com.br\/wp-content\/uploads\/cards\/JAslogan.png","@id":"https:\/\/www.jornalja.com.br\/arquivo\/sartori-avalia-dificuldades-para-as-privatizacoes-de-ceee-crm-e-sulgas\/#organizationLogo"},"image":{"@id":"https:\/\/www.jornalja.com.br\/arquivo\/sartori-avalia-dificuldades-para-as-privatizacoes-de-ceee-crm-e-sulgas\/#organizationLogo"}},{"@type":"Person","@id":"https:\/\/www.jornalja.com.br\/arquivo\/author\/daredacao\/#author","url":"https:\/\/www.jornalja.com.br\/arquivo\/author\/daredacao\/","name":"da Reda\u00e7\u00e3o","image":{"@type":"ImageObject","@id":"https:\/\/www.jornalja.com.br\/arquivo\/sartori-avalia-dificuldades-para-as-privatizacoes-de-ceee-crm-e-sulgas\/#authorImage","url":"https:\/\/secure.gravatar.com\/avatar\/469fd857d6605ad19919d27ed29d35a968a25f6e8fd9318356bbb7f57aae9c65?s=96&d=mm&r=g","width":96,"height":96,"caption":"da Reda\u00e7\u00e3o"}},{"@type":"WebPage","@id":"https:\/\/www.jornalja.com.br\/arquivo\/sartori-avalia-dificuldades-para-as-privatizacoes-de-ceee-crm-e-sulgas\/#webpage","url":"https:\/\/www.jornalja.com.br\/arquivo\/sartori-avalia-dificuldades-para-as-privatizacoes-de-ceee-crm-e-sulgas\/","name":"Sartori avalia dificuldades para as privatiza\u00e7\u00f5es de CEEE, CRM e Sulg\u00e1s | Arquivo","inLanguage":"pt-BR","isPartOf":{"@id":"https:\/\/www.jornalja.com.br\/arquivo\/#website"},"breadcrumb":{"@id":"https:\/\/www.jornalja.com.br\/arquivo\/sartori-avalia-dificuldades-para-as-privatizacoes-de-ceee-crm-e-sulgas\/#breadcrumblist"},"author":{"@id":"https:\/\/www.jornalja.com.br\/arquivo\/author\/daredacao\/#author"},"creator":{"@id":"https:\/\/www.jornalja.com.br\/arquivo\/author\/daredacao\/#author"},"image":{"@type":"ImageObject","url":48034,"@id":"https:\/\/www.jornalja.com.br\/arquivo\/sartori-avalia-dificuldades-para-as-privatizacoes-de-ceee-crm-e-sulgas\/#mainImage"},"primaryImageOfPage":{"@id":"https:\/\/www.jornalja.com.br\/arquivo\/sartori-avalia-dificuldades-para-as-privatizacoes-de-ceee-crm-e-sulgas\/#mainImage"},"datePublished":"2017-05-07T19:10:39-03:00","dateModified":"2017-05-07T19:10:39-03:00"},{"@type":"WebSite","@id":"https:\/\/www.jornalja.com.br\/arquivo\/#website","url":"https:\/\/www.jornalja.com.br\/arquivo\/","name":"Arquivo","description":"Jornal J\u00c1 | Porto Alegre","inLanguage":"pt-BR","publisher":{"@id":"https:\/\/www.jornalja.com.br\/arquivo\/#organization"}}]},"og:locale":"pt_BR","og:site_name":"Arquivo | Jornal J\u00c1 | Porto Alegre","og:type":"article","og:title":"Sartori avalia dificuldades para as privatiza\u00e7\u00f5es de CEEE, CRM e Sulg\u00e1s | Arquivo","og:url":"https:\/\/www.jornalja.com.br\/arquivo\/sartori-avalia-dificuldades-para-as-privatizacoes-de-ceee-crm-e-sulgas\/","og:image":"https:\/\/www.jornalja.com.br\/economics\/wp-content\/uploads\/sites\/11\/2026\/08\/ja-folhaderosto-facebook.jpg","og:image:secure_url":"https:\/\/www.jornalja.com.br\/economics\/wp-content\/uploads\/sites\/11\/2026\/08\/ja-folhaderosto-facebook.jpg","article:published_time":"2017-05-07T22:10:39+00:00","article:modified_time":"2017-05-07T22:10:39+00:00","twitter:card":"summary","twitter:title":"Sartori avalia dificuldades para as privatiza\u00e7\u00f5es de CEEE, CRM e Sulg\u00e1s | Arquivo","twitter:image":"https:\/\/www.jornalja.com.br\/economics\/wp-content\/uploads\/sites\/11\/2026\/08\/ja-folhaderosto-facebook.jpg"},"aioseo_meta_data":{"post_id":"48061","title":null,"description":null,"keywords":null,"keyphrases":null,"primary_term":null,"canonical_url":null,"og_title":null,"og_description":null,"og_object_type":"default","og_image_type":"default","og_image_url":null,"og_image_width":null,"og_image_height":null,"og_image_custom_url":null,"og_image_custom_fields":null,"og_video":null,"og_custom_url":null,"og_article_section":null,"og_article_tags":null,"twitter_use_og":false,"twitter_card":"default","twitter_image_type":"default","twitter_image_url":null,"twitter_image_custom_url":null,"twitter_image_custom_fields":null,"twitter_title":null,"twitter_description":null,"schema":{"blockGraphs":[],"customGraphs":[],"default":{"data":{"Article":[],"Course":[],"Dataset":[],"FAQPage":[],"Movie":[],"Person":[],"Product":[],"ProductReview":[],"Car":[],"Recipe":[],"Service":[],"SoftwareApplication":[],"WebPage":[]},"graphName":"","isEnabled":true},"graphs":[],"defaultGraph":"","defaultPostTypeGraph":""},"schema_type":null,"schema_type_options":null,"pillar_content":false,"robots_default":true,"robots_noindex":false,"robots_noarchive":false,"robots_nosnippet":false,"robots_nofollow":false,"robots_noimageindex":false,"robots_noodp":false,"robots_notranslate":false,"robots_max_snippet":null,"robots_max_videopreview":null,"robots_max_imagepreview":"large","priority":null,"frequency":null,"location":null,"local_seo":null,"breadcrumb_settings":null,"limit_modified_date":false,"ai":null,"created":"2020-12-20 20:35:51","updated":"2025-07-19 21:22:25","seo_analyzer_scan_date":null,"focus_keyword":null,"additional_keywords":null,"truseo_locale":null},"jetpack_sharing_enabled":true,"jetpack-related-posts":[{"id":5440,"url":"https:\/\/www.jornalja.com.br\/arquivo\/casarao-da-venancio-destino-permanece-incerto\/","url_meta":{"origin":48061,"position":0},"title":"Estado ainda n\u00e3o sabe o que fazer com casar\u00e3o abandonado h\u00e1 20 anos","author":"Elmar Bones","date":"6 de julho de 2009","format":false,"excerpt":"O casar\u00e3o amarelo, numa esquina nobre de Porto Alegre (Ven\u00e2ncio Aires com Jo\u00e3o Pessoa), j\u00e1 abrigou uma escola. H\u00e1 duas d\u00e9cadas, pelo menos, est\u00e1 abandonado, porque seu propriet\u00e1rio, o governo do Estado do Rio Grande do Sul, n\u00e3o consegue achar um destino para ele. Planos n\u00e3o faltaram. O governador Ol\u00edvio\u2026","rel":"","context":"Em &quot;X.Categorias velhas&quot;","block_context":{"text":"X.Categorias velhas","link":"https:\/\/www.jornalja.com.br\/arquivo\/category\/x-categorias-velhas\/"},"img":{"alt_text":"geraldo1","src":"https:\/\/i0.wp.com\/www.jornalja.com.br\/wp-content\/uploads\/2009\/07\/geraldo1.jpg?resize=350%2C200&ssl=1","width":350,"height":200},"classes":[]},{"id":13109,"url":"https:\/\/www.jornalja.com.br\/arquivo\/judiciario-reconhece-poluicao-eletromagnetica\/","url_meta":{"origin":48061,"position":1},"title":"Judici\u00e1rio reconhece polui\u00e7\u00e3o eletromagn\u00e9tica","author":"Patr\u00edcia Marini","date":"16 de maio de 2014","format":false,"excerpt":"A\u00e7\u00e3o de duas associa\u00e7\u00f5es de moradores foi acolhida pelo Tribunal de Justi\u00e7a de S\u00e3o Paulo que. em decis\u00e3o in\u00e9dita, determinou a redu\u00e7\u00e3o do campo eletromagn\u00e9tico gerado pelas linhas de transmiss\u00e3o de energia que cortam os bairros City Boa\u00e7ava e Alto de Pinheiros. \u00c9 a primeira vez que um tribunal do\u2026","rel":"","context":"Em &quot;X.Categorias velhas&quot;","block_context":{"text":"X.Categorias velhas","link":"https:\/\/www.jornalja.com.br\/arquivo\/category\/x-categorias-velhas\/"},"img":{"alt_text":"","src":"","width":0,"height":0},"classes":[]},{"id":12960,"url":"https:\/\/www.jornalja.com.br\/arquivo\/populacao-culpa-empresas-pela-greve-dos-rodoviarios\/","url_meta":{"origin":48061,"position":2},"title":"Popula\u00e7\u00e3o culpa empresas pela greve","author":"Patr\u00edcia Marini","date":"14 de fevereiro de 2014","format":false,"excerpt":"Pesquisa divulgada na edi\u00e7\u00e3o do jornal Metro desta sexta-feira,14, comprova o velho ditado: \u00e9 poss\u00edvel enganar muitos por algum tempo, mas n\u00e3o \u00e9 poss\u00edvel enganar a todos o tempo inteiro. A principal revela\u00e7\u00e3o foi que 59,8% dos entrevistados apontaram as empresas como as principais respons\u00e1veis pela grave e 46% culparam\u2026","rel":"","context":"Em &quot;X.Categorias velhas&quot;","block_context":{"text":"X.Categorias velhas","link":"https:\/\/www.jornalja.com.br\/arquivo\/category\/x-categorias-velhas\/"},"img":{"alt_text":"","src":"","width":0,"height":0},"classes":[]},{"id":13128,"url":"https:\/\/www.jornalja.com.br\/arquivo\/maconha-terra-diz-que-uso-medicinal-e-desculpa\/","url_meta":{"origin":48061,"position":3},"title":"Maconha: Terra diz que uso medicinal \u00e9 desculpa","author":"Patr\u00edcia Marini","date":"4 de junho de 2014","format":false,"excerpt":"A condi\u00e7\u00e3o de pol\u00edtico, em \u00e9poca de campanha de campanha eleitoral, tira for\u00e7a do discurso do m\u00e9dico Osmar Terra contra a legaliza\u00e7\u00e3o da maconha. A tese dele de que a libera\u00e7\u00e3o vai ampliar exponencialmente o consumo \u00e9 discutivel, o consumo \u00e9 corrente. Mas seus alertas quanto aos riscos tem que\u2026","rel":"","context":"Em &quot;X.Categorias velhas&quot;","block_context":{"text":"X.Categorias velhas","link":"https:\/\/www.jornalja.com.br\/arquivo\/category\/x-categorias-velhas\/"},"img":{"alt_text":"","src":"","width":0,"height":0},"classes":[]},{"id":13124,"url":"https:\/\/www.jornalja.com.br\/arquivo\/sangue-latino-no-iecine\/","url_meta":{"origin":48061,"position":4},"title":"Sangue latino no IECINE","author":"da Reda\u00e7\u00e3o","date":"18 de maio de 2014","format":false,"excerpt":"Francisco Ribeiro O Instituto Estadual de Cinema (IECINE) tem a frente, desde abril \u00faltimo, um novo diretor, o cineasta colombiano Juan Zapata, 36, que substitui Luiz Alberto Cassol. Radicado h\u00e1 dez anos em Porto Alegre, Zapata tem diante de si o desafio de conduzir at\u00e9 o final do ano um\u2026","rel":"","context":"Em &quot;Cultura-Geral&quot;","block_context":{"text":"Cultura-Geral","link":"https:\/\/www.jornalja.com.br\/arquivo\/category\/materiasecundaria\/"},"img":{"alt_text":"","src":"","width":0,"height":0},"classes":[]}],"jetpack_shortlink":"https:\/\/wp.me\/pbQjBd-cvb","jetpack_featured_media_url":"","_links":{"self":[{"href":"https:\/\/www.jornalja.com.br\/arquivo\/wp-json\/wp\/v2\/posts\/48061","targetHints":{"allow":["GET"]}}],"collection":[{"href":"https:\/\/www.jornalja.com.br\/arquivo\/wp-json\/wp\/v2\/posts"}],"about":[{"href":"https:\/\/www.jornalja.com.br\/arquivo\/wp-json\/wp\/v2\/types\/post"}],"author":[{"embeddable":true,"href":"https:\/\/www.jornalja.com.br\/arquivo\/wp-json\/wp\/v2\/users\/4"}],"replies":[{"embeddable":true,"href":"https:\/\/www.jornalja.com.br\/arquivo\/wp-json\/wp\/v2\/comments?post=48061"}],"version-history":[{"count":0,"href":"https:\/\/www.jornalja.com.br\/arquivo\/wp-json\/wp\/v2\/posts\/48061\/revisions"}],"wp:attachment":[{"href":"https:\/\/www.jornalja.com.br\/arquivo\/wp-json\/wp\/v2\/media?parent=48061"}],"wp:term":[{"taxonomy":"category","embeddable":true,"href":"https:\/\/www.jornalja.com.br\/arquivo\/wp-json\/wp\/v2\/categories?post=48061"},{"taxonomy":"post_tag","embeddable":true,"href":"https:\/\/www.jornalja.com.br\/arquivo\/wp-json\/wp\/v2\/tags?post=48061"}],"curies":[{"name":"wp","href":"https:\/\/api.w.org\/{rel}","templated":true}]}}