{"id":48111,"date":"2017-05-08T10:18:04","date_gmt":"2017-05-08T13:18:04","guid":{"rendered":"https:\/\/www.jornalja.com.br\/?p=48111"},"modified":"2017-05-08T10:18:04","modified_gmt":"2017-05-08T13:18:04","slug":"felipe-amaral-vence-em-porto-alegre-e-disputa-vaga-para-o-mundial-de-hipismo","status":"publish","type":"post","link":"https:\/\/www.jornalja.com.br\/arquivo\/felipe-amaral-vence-em-porto-alegre-e-disputa-vaga-para-o-mundial-de-hipismo\/","title":{"rendered":"Felipe Amaral vence em Porto Alegre e disputa vaga para o mundial de hipismo"},"content":{"rendered":"<div id=\"u_1_0\" class=\"_4-u2 mbm _4mrt _5jmm _5pat _5v3q _4-u8\" data-ft=\"{&quot;top_level_post_id&quot;:&quot;739478976232974&quot;,&quot;tl_objid&quot;:&quot;739478976232974&quot;,&quot;fbfeed_location&quot;:50}\" data-fte=\"1\" data-ftr=\"1\">\n<div id=\"u_1_8\" class=\"_3ccb\" data-gt=\"{&quot;type&quot;:&quot;click2canvas&quot;,&quot;fbsource&quot;:703,&quot;ref&quot;:&quot;nf_generic&quot;}\">\n<div class=\"fbUserContent _5pcr\">\n<div class=\"_1dwg _1w_m\">\n<div>\n<div id=\"js_3\" class=\"_5pbx userContent\" data-ft=\"{&quot;tn&quot;:&quot;K&quot;}\">\n<div id=\"id_590f9c3bbaddd1288841148\" class=\"text_exposed_root text_exposed\">\nMontando<em> Premiere Carthoes BZ<\/em>, o atleta venceu a prova final do concurso, neste domingo, sem faltas nos dois percursos<br \/>\nDepois de 1h50min de prova, o cavaleiro carioca Felipe Amaral, de 26 anos, subiu no lugar mais alto do p\u00f3dio para comemorar pela primeira vez o t\u00edtulo m\u00e1ximo do The Best Jump 2017, mais importante certame h\u00edpico do Estado.<br \/>\nEm sintonia com o seu<em> Premiere Carthoes BZ<\/em>, ele venceu o Grande Pr\u00eamio Massey Fergunson Cidade de Porto Al<span class=\"text_exposed_show\">egre ao completar os dois percursos da prova sem faltas, garantindo o ouro em 51,85 segundos de tempo na segunda passagem. <\/span><br \/>\n<span class=\"text_exposed_show\">\u201c\u00c9 uma grande emo\u00e7\u00e3o vencer o The Best Jump. Esta \u00e9 a primeira etapa de um grande sonho. Ainda estamos longe, mas espero poder levar o cavalo da mesma forma e preparado para quando chegar a Copa do Mundo, em Paris\u201c, vibrou o campe\u00e3o com o ouro nas m\u00e3os. <\/span><br \/>\n<span class=\"text_exposed_show\">A m\u00e9dia de tempo que cada competidor levou para percorrer o percurso foi de 70 segundos. 1h10min foi a dura\u00e7\u00e3o da primeira parte da prova. O tempo do segundo percurso foi de 45 minutos. O pr\u00eamio desta prova \u00e9 de R$ 110 mil.<br \/>\n<\/span><br \/>\n<span class=\"text_exposed_show\">O vice-campe\u00e3o do The Best Jump foi Artemus de Almeida, que saltou com Cassilano Jmen e completou o segundo percurso em 55,60 segundos, com 1 ponto perdido por ter excedido o tempo. O bronze ficou com Jos\u00e9 Francisco Mesquita Musa, montando Criz Wood Jmen, que ultrapassou o \u00faltimo obst\u00e1culo em 54,01 segundos, com 5 pontos perdidos.<br \/>\n<\/span><br \/>\n<span class=\"text_exposed_show\">A prova, com obst\u00e1culos de 1,60 teve dois percursos distintos e contou com 31 conjuntos, sendo 13 habilitados para a segunda passagem.<br \/>\nOutras provas<br \/>\n<\/span><br \/>\n<span class=\"text_exposed_show\">Durante a manh\u00e3 do \u00faltimo dia do The Best Jump, o conjunto Mariana Frauches Chaves, de Minas Gerais, e Serena do Camar\u00e3o garantiu o melhor tempo na prova Pr\u00eamio Casa Perini, ao completar o percurso da prova N12, com obst\u00e1culos de 1,25m, em 25,43 segundos. J\u00e1 o Pr\u00eamio Savarauto, que contou com obst\u00e1culos de 1,35m, ficou com a amazona ga\u00facha Laura Bosquirolli Tigre montando Cher da Boa Vista, que conquistaram o ouro na prova com o tempo de 31,27 segundos.<br \/>\nO Concurso<br \/>\n<\/span><br \/>\n<span class=\"text_exposed_show\">A edi\u00e7\u00e3o 49 do The Best Jump, que nas competi\u00e7\u00f5es h\u00edpicas internacionais \u00e9 conhecido como CSI2*-W, distribuiu premia\u00e7\u00e3o total de R$ 216 mil e trouxe a Porto Alegre cinco cavaleiros ol\u00edmpicos (os brasileiros Doda Miranda, Felipe Amaral, Sthephan de Freitas Barcha e os argentinos Justo e Matias Albarracin) que participaram das 24 provas da competi\u00e7\u00e3o iniciada na quinta-feira e que encerrou neste domingo. Ao todo, participaram mais de 200 conjuntos.<br \/>\n<\/span><br \/>\n<span class=\"text_exposed_show\">O evento, com entrada franca, reuniu grande p\u00fablico, que conferiu, na H\u00edpica, a t\u00e9cnica dos cavaleiros e amazonas da Argentina, Uruguai, Brasil e Portugal. O vencedor est\u00e1 habilitado para concorrer a uma das duas vagas sul-americanas para o Mundial de Hipismo, que ser\u00e1 realizado, em abril de 2018, em Paris.<br \/>\n<\/span><br \/>\n<span class=\"text_exposed_show\">O The Best Jump \u00e9 organizado pela Federa\u00e7\u00e3o Ga\u00facha de Esportes Equestres (FGEE), a Confedera\u00e7\u00e3o Brasileiro de Hipismo (CBH) e a Federa\u00e7\u00e3o Equestre Internacional (FEI), com entrada franca.<\/span><br \/>\n<em>(Cm informa\u00e7\u00f5es da assessoria de imprensa)<\/em>\n<\/div>\n<\/div>\n<div class=\"_3x-2\">\n<div data-ft=\"{&quot;tn&quot;:&quot;H&quot;}\">\n<div class=\"mtm\">\n<div class=\"_2a2q\">\n<div class=\"uiScaledImageContainer\"><img loading=\"lazy\" decoding=\"async\" class=\"scaledImageFitHeight img\" src=\"http:\/\/scontent.fpoa8-2.fna.fbcdn.net\/v\/t1.0-0\/p320x320\/18403571_739478926232979_8614583523797801659_n.jpg?oh=0e47e596dff1471baf124b685d7d4c94&amp;oe=59BE7F9D\" alt=\"A imagem pode conter: 1 pessoa, sorrindo, em p\u00e9 e sapatos\" width=\"308\" height=\"461\" \/><\/div>\n<div class=\"uiScaledImageContainer\"><img loading=\"lazy\" decoding=\"async\" class=\"scaledImageFitHeight img\" src=\"http:\/\/scontent.fpoa8-2.fna.fbcdn.net\/v\/t1.0-0\/s350x350\/18423975_739478929566312_8488723603374126428_n.jpg?oh=b240104b7139318b3ea85d2b7d2cfdd2&amp;oe=5979EBFE\" alt=\"A imagem pode conter: uma ou mais pessoas, pessoas andando a cavalo, cavalo e atividades ao ar livre\" width=\"346\" height=\"230\" \/><\/div>\n<div class=\"uiScaledImageContainer\"><img loading=\"lazy\" decoding=\"async\" class=\"scaledImageFitHeight img\" src=\"http:\/\/scontent.fpoa8-2.fna.fbcdn.net\/v\/t1.0-0\/s350x350\/18342308_739478952899643_538250798877356470_n.jpg?oh=5a67d1db9e8b5847ae001dba397cc42b&amp;oe=59BD6CAB\" alt=\"A imagem pode conter: uma ou mais pessoas e sapatos\" width=\"344\" height=\"229\" \/><\/div>\n<\/div>\n<\/div>\n<\/div>\n<\/div>\n<div><\/div>\n<\/div>\n<\/div>\n<\/div>\n<\/div>\n<\/div>\n<div id=\"u_1_2\" class=\"_4-u2 mbm _4mrt _5jmm _5pat _5v3q _4-u8\" data-ft=\"{&quot;top_level_post_id&quot;:&quot;739351219579083&quot;,&quot;tl_objid&quot;:&quot;739351219579083&quot;,&quot;fbfeed_location&quot;:50}\" data-fte=\"1\" data-ftr=\"1\"><\/div>\n","protected":false},"excerpt":{"rendered":"<p>Montando Premiere Carthoes BZ, o atleta venceu a prova final do concurso, neste domingo, sem faltas nos dois percursos Depois de 1h50min de prova, o cavaleiro carioca Felipe Amaral, de 26 anos, subiu no lugar mais alto do p\u00f3dio para comemorar pela primeira vez o t\u00edtulo m\u00e1ximo do The Best Jump 2017, mais importante certame [&hellip;]<\/p>\n","protected":false},"author":4,"featured_media":48113,"comment_status":"open","ping_status":"closed","sticky":false,"template":"","format":"standard","meta":{"_jetpack_newsletter_access":"","_jetpack_dont_email_post_to_subs":false,"_jetpack_newsletter_tier_id":0,"_jetpack_memberships_contains_paywalled_content":false,"_jetpack_feature_clip_id":0,"_jetpack_memberships_contains_paid_content":false,"footnotes":"","jetpack_post_was_ever_published":false},"categories":[26],"tags":[],"class_list":["post-48111","post","type-post","status-publish","format-standard","has-post-thumbnail","hentry","category-geral"],"aioseo_notices":[],"aioseo_head":"\n\t\t<!-- All in One SEO 5.0.1.1 - aioseo.com -->\n\t<meta name=\"robots\" content=\"max-image-preview:large\" \/>\n\t<meta name=\"author\" content=\"da Reda\u00e7\u00e3o\"\/>\n\t<link rel=\"canonical\" href=\"https:\/\/www.jornalja.com.br\/arquivo\/felipe-amaral-vence-em-porto-alegre-e-disputa-vaga-para-o-mundial-de-hipismo\/\" \/>\n\t<meta name=\"generator\" content=\"All in One SEO (AIOSEO) 5.0.1.1\" \/>\n\t\t<meta property=\"og:locale\" content=\"pt_BR\" \/>\n\t\t<meta property=\"og:site_name\" content=\"Arquivo | Jornal J\u00c1 | Porto Alegre\" \/>\n\t\t<meta property=\"og:type\" content=\"article\" \/>\n\t\t<meta property=\"og:title\" content=\"Felipe Amaral vence em Porto Alegre e disputa vaga para o mundial de hipismo | Arquivo\" \/>\n\t\t<meta property=\"og:url\" content=\"https:\/\/www.jornalja.com.br\/arquivo\/felipe-amaral-vence-em-porto-alegre-e-disputa-vaga-para-o-mundial-de-hipismo\/\" \/>\n\t\t<meta property=\"og:image\" content=\"https:\/\/scontent.fpoa8-2.fna.fbcdn.net\/v\/t1.0-0\/p320x320\/18403571_739478926232979_8614583523797801659_n.jpg?oh=0e47e596dff1471baf124b685d7d4c94&#038;oe=59BE7F9D\" \/>\n\t\t<meta property=\"og:image:secure_url\" content=\"https:\/\/scontent.fpoa8-2.fna.fbcdn.net\/v\/t1.0-0\/p320x320\/18403571_739478926232979_8614583523797801659_n.jpg?oh=0e47e596dff1471baf124b685d7d4c94&#038;oe=59BE7F9D\" \/>\n\t\t<meta property=\"article:published_time\" content=\"2017-05-08T13:18:04+00:00\" \/>\n\t\t<meta property=\"article:modified_time\" content=\"2017-05-08T13:18:04+00:00\" \/>\n\t\t<meta name=\"twitter:card\" content=\"summary\" \/>\n\t\t<meta name=\"twitter:title\" content=\"Felipe Amaral vence em Porto Alegre e disputa vaga para o mundial de hipismo | Arquivo\" \/>\n\t\t<meta name=\"twitter:image\" content=\"https:\/\/www.jornalja.com.br\/economics\/wp-content\/uploads\/sites\/11\/2026\/08\/ja-folhaderosto-facebook.jpg\" \/>\n\t\t<script type=\"application\/ld+json\" class=\"aioseo-schema\">\n\t\t\t{\"@context\":\"https:\\\/\\\/schema.org\",\"@graph\":[{\"@type\":\"BlogPosting\",\"@id\":\"https:\\\/\\\/www.jornalja.com.br\\\/arquivo\\\/felipe-amaral-vence-em-porto-alegre-e-disputa-vaga-para-o-mundial-de-hipismo\\\/#blogposting\",\"name\":\"Felipe Amaral vence em Porto Alegre e disputa vaga para o mundial de hipismo | Arquivo\",\"headline\":\"Felipe Amaral vence em Porto Alegre e disputa vaga para o mundial de hipismo\",\"author\":{\"@id\":\"https:\\\/\\\/www.jornalja.com.br\\\/arquivo\\\/author\\\/daredacao\\\/#author\"},\"publisher\":{\"@id\":\"https:\\\/\\\/www.jornalja.com.br\\\/arquivo\\\/#organization\"},\"image\":{\"@type\":\"ImageObject\",\"url\":48113},\"datePublished\":\"2017-05-08T10:18:04-03:00\",\"dateModified\":\"2017-05-08T10:18:04-03:00\",\"inLanguage\":\"pt-BR\",\"mainEntityOfPage\":{\"@id\":\"https:\\\/\\\/www.jornalja.com.br\\\/arquivo\\\/felipe-amaral-vence-em-porto-alegre-e-disputa-vaga-para-o-mundial-de-hipismo\\\/#webpage\"},\"isPartOf\":{\"@id\":\"https:\\\/\\\/www.jornalja.com.br\\\/arquivo\\\/felipe-amaral-vence-em-porto-alegre-e-disputa-vaga-para-o-mundial-de-hipismo\\\/#webpage\"},\"articleSection\":\"Geral\"},{\"@type\":\"BreadcrumbList\",\"@id\":\"https:\\\/\\\/www.jornalja.com.br\\\/arquivo\\\/felipe-amaral-vence-em-porto-alegre-e-disputa-vaga-para-o-mundial-de-hipismo\\\/#breadcrumblist\",\"itemListElement\":[{\"@type\":\"ListItem\",\"@id\":\"https:\\\/\\\/www.jornalja.com.br\\\/arquivo#listItem\",\"position\":1,\"name\":\"Home\",\"item\":\"https:\\\/\\\/www.jornalja.com.br\\\/arquivo\",\"nextItem\":{\"@type\":\"ListItem\",\"@id\":\"https:\\\/\\\/www.jornalja.com.br\\\/arquivo\\\/category\\\/geral\\\/#listItem\",\"name\":\"Geral\"}},{\"@type\":\"ListItem\",\"@id\":\"https:\\\/\\\/www.jornalja.com.br\\\/arquivo\\\/category\\\/geral\\\/#listItem\",\"position\":2,\"name\":\"Geral\",\"item\":\"https:\\\/\\\/www.jornalja.com.br\\\/arquivo\\\/category\\\/geral\\\/\",\"nextItem\":{\"@type\":\"ListItem\",\"@id\":\"https:\\\/\\\/www.jornalja.com.br\\\/arquivo\\\/felipe-amaral-vence-em-porto-alegre-e-disputa-vaga-para-o-mundial-de-hipismo\\\/#listItem\",\"name\":\"Felipe Amaral vence em Porto Alegre e disputa vaga para o mundial de hipismo\"},\"previousItem\":{\"@type\":\"ListItem\",\"@id\":\"https:\\\/\\\/www.jornalja.com.br\\\/arquivo#listItem\",\"name\":\"Home\"}},{\"@type\":\"ListItem\",\"@id\":\"https:\\\/\\\/www.jornalja.com.br\\\/arquivo\\\/felipe-amaral-vence-em-porto-alegre-e-disputa-vaga-para-o-mundial-de-hipismo\\\/#listItem\",\"position\":3,\"name\":\"Felipe Amaral vence em Porto Alegre e disputa vaga para o mundial de hipismo\",\"previousItem\":{\"@type\":\"ListItem\",\"@id\":\"https:\\\/\\\/www.jornalja.com.br\\\/arquivo\\\/category\\\/geral\\\/#listItem\",\"name\":\"Geral\"}}]},{\"@type\":\"Organization\",\"@id\":\"https:\\\/\\\/www.jornalja.com.br\\\/arquivo\\\/#organization\",\"name\":\"Jornal J\\u00c1\",\"description\":\"Jornal J\\u00c1 | Porto Alegre\",\"url\":\"https:\\\/\\\/www.jornalja.com.br\\\/arquivo\\\/\",\"telephone\":\"+555133307272\",\"logo\":{\"@type\":\"ImageObject\",\"url\":\"https:\\\/\\\/www.jornalja.com.br\\\/wp-content\\\/uploads\\\/cards\\\/JAslogan.png\",\"@id\":\"https:\\\/\\\/www.jornalja.com.br\\\/arquivo\\\/felipe-amaral-vence-em-porto-alegre-e-disputa-vaga-para-o-mundial-de-hipismo\\\/#organizationLogo\"},\"image\":{\"@id\":\"https:\\\/\\\/www.jornalja.com.br\\\/arquivo\\\/felipe-amaral-vence-em-porto-alegre-e-disputa-vaga-para-o-mundial-de-hipismo\\\/#organizationLogo\"}},{\"@type\":\"Person\",\"@id\":\"https:\\\/\\\/www.jornalja.com.br\\\/arquivo\\\/author\\\/daredacao\\\/#author\",\"url\":\"https:\\\/\\\/www.jornalja.com.br\\\/arquivo\\\/author\\\/daredacao\\\/\",\"name\":\"da Reda\\u00e7\\u00e3o\",\"image\":{\"@type\":\"ImageObject\",\"@id\":\"https:\\\/\\\/www.jornalja.com.br\\\/arquivo\\\/felipe-amaral-vence-em-porto-alegre-e-disputa-vaga-para-o-mundial-de-hipismo\\\/#authorImage\",\"url\":\"https:\\\/\\\/secure.gravatar.com\\\/avatar\\\/469fd857d6605ad19919d27ed29d35a968a25f6e8fd9318356bbb7f57aae9c65?s=96&d=mm&r=g\",\"width\":96,\"height\":96,\"caption\":\"da Reda\\u00e7\\u00e3o\"}},{\"@type\":\"WebPage\",\"@id\":\"https:\\\/\\\/www.jornalja.com.br\\\/arquivo\\\/felipe-amaral-vence-em-porto-alegre-e-disputa-vaga-para-o-mundial-de-hipismo\\\/#webpage\",\"url\":\"https:\\\/\\\/www.jornalja.com.br\\\/arquivo\\\/felipe-amaral-vence-em-porto-alegre-e-disputa-vaga-para-o-mundial-de-hipismo\\\/\",\"name\":\"Felipe Amaral vence em Porto Alegre e disputa vaga para o mundial de hipismo | Arquivo\",\"inLanguage\":\"pt-BR\",\"isPartOf\":{\"@id\":\"https:\\\/\\\/www.jornalja.com.br\\\/arquivo\\\/#website\"},\"breadcrumb\":{\"@id\":\"https:\\\/\\\/www.jornalja.com.br\\\/arquivo\\\/felipe-amaral-vence-em-porto-alegre-e-disputa-vaga-para-o-mundial-de-hipismo\\\/#breadcrumblist\"},\"author\":{\"@id\":\"https:\\\/\\\/www.jornalja.com.br\\\/arquivo\\\/author\\\/daredacao\\\/#author\"},\"creator\":{\"@id\":\"https:\\\/\\\/www.jornalja.com.br\\\/arquivo\\\/author\\\/daredacao\\\/#author\"},\"image\":{\"@type\":\"ImageObject\",\"url\":48113,\"@id\":\"https:\\\/\\\/www.jornalja.com.br\\\/arquivo\\\/felipe-amaral-vence-em-porto-alegre-e-disputa-vaga-para-o-mundial-de-hipismo\\\/#mainImage\"},\"primaryImageOfPage\":{\"@id\":\"https:\\\/\\\/www.jornalja.com.br\\\/arquivo\\\/felipe-amaral-vence-em-porto-alegre-e-disputa-vaga-para-o-mundial-de-hipismo\\\/#mainImage\"},\"datePublished\":\"2017-05-08T10:18:04-03:00\",\"dateModified\":\"2017-05-08T10:18:04-03:00\"},{\"@type\":\"WebSite\",\"@id\":\"https:\\\/\\\/www.jornalja.com.br\\\/arquivo\\\/#website\",\"url\":\"https:\\\/\\\/www.jornalja.com.br\\\/arquivo\\\/\",\"name\":\"Arquivo\",\"description\":\"Jornal J\\u00c1 | Porto Alegre\",\"inLanguage\":\"pt-BR\",\"publisher\":{\"@id\":\"https:\\\/\\\/www.jornalja.com.br\\\/arquivo\\\/#organization\"}}]}\n\t\t<\/script>\n\t\t<!-- All in One SEO -->\n\n","aioseo_head_json":{"title":"Felipe Amaral vence em Porto Alegre e disputa vaga para o mundial de hipismo | Arquivo","description":"","canonical_url":"https:\/\/www.jornalja.com.br\/arquivo\/felipe-amaral-vence-em-porto-alegre-e-disputa-vaga-para-o-mundial-de-hipismo\/","robots":"max-image-preview:large","keywords":"","webmasterTools":{"miscellaneous":""},"schema":{"@context":"https:\/\/schema.org","@graph":[{"@type":"BlogPosting","@id":"https:\/\/www.jornalja.com.br\/arquivo\/felipe-amaral-vence-em-porto-alegre-e-disputa-vaga-para-o-mundial-de-hipismo\/#blogposting","name":"Felipe Amaral vence em Porto Alegre e disputa vaga para o mundial de hipismo | Arquivo","headline":"Felipe Amaral vence em Porto Alegre e disputa vaga para o mundial de hipismo","author":{"@id":"https:\/\/www.jornalja.com.br\/arquivo\/author\/daredacao\/#author"},"publisher":{"@id":"https:\/\/www.jornalja.com.br\/arquivo\/#organization"},"image":{"@type":"ImageObject","url":48113},"datePublished":"2017-05-08T10:18:04-03:00","dateModified":"2017-05-08T10:18:04-03:00","inLanguage":"pt-BR","mainEntityOfPage":{"@id":"https:\/\/www.jornalja.com.br\/arquivo\/felipe-amaral-vence-em-porto-alegre-e-disputa-vaga-para-o-mundial-de-hipismo\/#webpage"},"isPartOf":{"@id":"https:\/\/www.jornalja.com.br\/arquivo\/felipe-amaral-vence-em-porto-alegre-e-disputa-vaga-para-o-mundial-de-hipismo\/#webpage"},"articleSection":"Geral"},{"@type":"BreadcrumbList","@id":"https:\/\/www.jornalja.com.br\/arquivo\/felipe-amaral-vence-em-porto-alegre-e-disputa-vaga-para-o-mundial-de-hipismo\/#breadcrumblist","itemListElement":[{"@type":"ListItem","@id":"https:\/\/www.jornalja.com.br\/arquivo#listItem","position":1,"name":"Home","item":"https:\/\/www.jornalja.com.br\/arquivo","nextItem":{"@type":"ListItem","@id":"https:\/\/www.jornalja.com.br\/arquivo\/category\/geral\/#listItem","name":"Geral"}},{"@type":"ListItem","@id":"https:\/\/www.jornalja.com.br\/arquivo\/category\/geral\/#listItem","position":2,"name":"Geral","item":"https:\/\/www.jornalja.com.br\/arquivo\/category\/geral\/","nextItem":{"@type":"ListItem","@id":"https:\/\/www.jornalja.com.br\/arquivo\/felipe-amaral-vence-em-porto-alegre-e-disputa-vaga-para-o-mundial-de-hipismo\/#listItem","name":"Felipe Amaral vence em Porto Alegre e disputa vaga para o mundial de hipismo"},"previousItem":{"@type":"ListItem","@id":"https:\/\/www.jornalja.com.br\/arquivo#listItem","name":"Home"}},{"@type":"ListItem","@id":"https:\/\/www.jornalja.com.br\/arquivo\/felipe-amaral-vence-em-porto-alegre-e-disputa-vaga-para-o-mundial-de-hipismo\/#listItem","position":3,"name":"Felipe Amaral vence em Porto Alegre e disputa vaga para o mundial de hipismo","previousItem":{"@type":"ListItem","@id":"https:\/\/www.jornalja.com.br\/arquivo\/category\/geral\/#listItem","name":"Geral"}}]},{"@type":"Organization","@id":"https:\/\/www.jornalja.com.br\/arquivo\/#organization","name":"Jornal J\u00c1","description":"Jornal J\u00c1 | Porto Alegre","url":"https:\/\/www.jornalja.com.br\/arquivo\/","telephone":"+555133307272","logo":{"@type":"ImageObject","url":"https:\/\/www.jornalja.com.br\/wp-content\/uploads\/cards\/JAslogan.png","@id":"https:\/\/www.jornalja.com.br\/arquivo\/felipe-amaral-vence-em-porto-alegre-e-disputa-vaga-para-o-mundial-de-hipismo\/#organizationLogo"},"image":{"@id":"https:\/\/www.jornalja.com.br\/arquivo\/felipe-amaral-vence-em-porto-alegre-e-disputa-vaga-para-o-mundial-de-hipismo\/#organizationLogo"}},{"@type":"Person","@id":"https:\/\/www.jornalja.com.br\/arquivo\/author\/daredacao\/#author","url":"https:\/\/www.jornalja.com.br\/arquivo\/author\/daredacao\/","name":"da Reda\u00e7\u00e3o","image":{"@type":"ImageObject","@id":"https:\/\/www.jornalja.com.br\/arquivo\/felipe-amaral-vence-em-porto-alegre-e-disputa-vaga-para-o-mundial-de-hipismo\/#authorImage","url":"https:\/\/secure.gravatar.com\/avatar\/469fd857d6605ad19919d27ed29d35a968a25f6e8fd9318356bbb7f57aae9c65?s=96&d=mm&r=g","width":96,"height":96,"caption":"da Reda\u00e7\u00e3o"}},{"@type":"WebPage","@id":"https:\/\/www.jornalja.com.br\/arquivo\/felipe-amaral-vence-em-porto-alegre-e-disputa-vaga-para-o-mundial-de-hipismo\/#webpage","url":"https:\/\/www.jornalja.com.br\/arquivo\/felipe-amaral-vence-em-porto-alegre-e-disputa-vaga-para-o-mundial-de-hipismo\/","name":"Felipe Amaral vence em Porto Alegre e disputa vaga para o mundial de hipismo | Arquivo","inLanguage":"pt-BR","isPartOf":{"@id":"https:\/\/www.jornalja.com.br\/arquivo\/#website"},"breadcrumb":{"@id":"https:\/\/www.jornalja.com.br\/arquivo\/felipe-amaral-vence-em-porto-alegre-e-disputa-vaga-para-o-mundial-de-hipismo\/#breadcrumblist"},"author":{"@id":"https:\/\/www.jornalja.com.br\/arquivo\/author\/daredacao\/#author"},"creator":{"@id":"https:\/\/www.jornalja.com.br\/arquivo\/author\/daredacao\/#author"},"image":{"@type":"ImageObject","url":48113,"@id":"https:\/\/www.jornalja.com.br\/arquivo\/felipe-amaral-vence-em-porto-alegre-e-disputa-vaga-para-o-mundial-de-hipismo\/#mainImage"},"primaryImageOfPage":{"@id":"https:\/\/www.jornalja.com.br\/arquivo\/felipe-amaral-vence-em-porto-alegre-e-disputa-vaga-para-o-mundial-de-hipismo\/#mainImage"},"datePublished":"2017-05-08T10:18:04-03:00","dateModified":"2017-05-08T10:18:04-03:00"},{"@type":"WebSite","@id":"https:\/\/www.jornalja.com.br\/arquivo\/#website","url":"https:\/\/www.jornalja.com.br\/arquivo\/","name":"Arquivo","description":"Jornal J\u00c1 | Porto Alegre","inLanguage":"pt-BR","publisher":{"@id":"https:\/\/www.jornalja.com.br\/arquivo\/#organization"}}]},"og:locale":"pt_BR","og:site_name":"Arquivo | Jornal J\u00c1 | Porto Alegre","og:type":"article","og:title":"Felipe Amaral vence em Porto Alegre e disputa vaga para o mundial de hipismo | Arquivo","og:url":"https:\/\/www.jornalja.com.br\/arquivo\/felipe-amaral-vence-em-porto-alegre-e-disputa-vaga-para-o-mundial-de-hipismo\/","og:image":"https:\/\/scontent.fpoa8-2.fna.fbcdn.net\/v\/t1.0-0\/p320x320\/18403571_739478926232979_8614583523797801659_n.jpg?oh=0e47e596dff1471baf124b685d7d4c94&#038;oe=59BE7F9D","og:image:secure_url":"https:\/\/scontent.fpoa8-2.fna.fbcdn.net\/v\/t1.0-0\/p320x320\/18403571_739478926232979_8614583523797801659_n.jpg?oh=0e47e596dff1471baf124b685d7d4c94&#038;oe=59BE7F9D","article:published_time":"2017-05-08T13:18:04+00:00","article:modified_time":"2017-05-08T13:18:04+00:00","twitter:card":"summary","twitter:title":"Felipe Amaral vence em Porto Alegre e disputa vaga para o mundial de hipismo | Arquivo","twitter:image":"https:\/\/www.jornalja.com.br\/economics\/wp-content\/uploads\/sites\/11\/2026\/08\/ja-folhaderosto-facebook.jpg"},"aioseo_meta_data":{"post_id":"48111","title":null,"description":null,"keywords":null,"keyphrases":null,"primary_term":null,"canonical_url":null,"og_title":null,"og_description":null,"og_object_type":"default","og_image_type":"default","og_image_url":null,"og_image_width":null,"og_image_height":null,"og_image_custom_url":null,"og_image_custom_fields":null,"og_video":null,"og_custom_url":null,"og_article_section":null,"og_article_tags":null,"twitter_use_og":false,"twitter_card":"default","twitter_image_type":"default","twitter_image_url":null,"twitter_image_custom_url":null,"twitter_image_custom_fields":null,"twitter_title":null,"twitter_description":null,"schema":{"blockGraphs":[],"customGraphs":[],"default":{"data":{"Article":[],"Course":[],"Dataset":[],"FAQPage":[],"Movie":[],"Person":[],"Product":[],"ProductReview":[],"Car":[],"Recipe":[],"Service":[],"SoftwareApplication":[],"WebPage":[]},"graphName":"","isEnabled":true},"graphs":[]},"schema_type":null,"schema_type_options":null,"pillar_content":false,"robots_default":true,"robots_noindex":false,"robots_noarchive":false,"robots_nosnippet":false,"robots_nofollow":false,"robots_noimageindex":false,"robots_noodp":false,"robots_notranslate":false,"robots_max_snippet":null,"robots_max_videopreview":null,"robots_max_imagepreview":"large","priority":null,"frequency":null,"location":null,"local_seo":null,"breadcrumb_settings":null,"limit_modified_date":false,"ai":null,"created":"2020-12-20 20:35:51","updated":"2025-07-19 21:25:13","seo_analyzer_scan_date":null,"focus_keyword":null,"additional_keywords":null,"truseo_locale":null},"jetpack_sharing_enabled":true,"jetpack-related-posts":[{"id":1280,"url":"https:\/\/www.jornalja.com.br\/arquivo\/o-menino-que-se-tornou-brizola\/","url_meta":{"origin":48111,"position":0},"title":"O Menino que se Tornou Brizola","author":"da Reda\u00e7\u00e3o","date":"28 de julho de 2008","format":false,"excerpt":"Autor: Cleber Dioni A vida de Leonel Brizola, com \u00eanfase para os primeiros anos em Porto Alegre, at\u00e9 o ex\u00edlio no Uruguai e a volta, quinze anos depois. \u00a0\"...\u00c9ramos todos jovens e nos identific\u00e1vamos com aquela massa an\u00f4nima a percorrer as ruas de Porto Alegre, gritando 'Get\u00falio', 'Get\u00falio' e empunhando\u2026","rel":"","context":"Em &quot;Livros&quot;","block_context":{"text":"Livros","link":"https:\/\/www.jornalja.com.br\/arquivo\/category\/livros\/"},"img":{"alt_text":"","src":"https:\/\/i0.wp.com\/www.jornalja.com.br\/wp-content\/uploads\/2008\/07\/brizola.gif?resize=350%2C200&ssl=1","width":350,"height":200},"classes":[]},{"id":14241,"url":"https:\/\/www.jornalja.com.br\/arquivo\/o-guaiba-nas-imagens-poeticas-de-achutti\/","url_meta":{"origin":48111,"position":1},"title":"O Gua\u00edba nas imagens po\u00e9ticas de Achutti","author":"da Reda\u00e7\u00e3o","date":"18 de junho de 2014","format":false,"excerpt":"Em \u201cO Gua\u00edba por Achutti\u201d \u2013 obra financiada via Minist\u00e9rio da Cultura, produ\u00e7\u00e3o executiva de Pedro Longhi, e Fl\u00e1vio Wild como designer \u2013, o fot\u00f3grafo revela a beleza e as mazelas de um espa\u00e7o aqu\u00e1tico de \u00e1guas sempre renovadas, cheio de hist\u00f3rias e lendas como as das cidades que foram\u2026","rel":"","context":"Em &quot;Cultura-Geral&quot;","block_context":{"text":"Cultura-Geral","link":"https:\/\/www.jornalja.com.br\/arquivo\/category\/materiasecundaria\/"},"img":{"alt_text":"","src":"","width":0,"height":0},"classes":[]},{"id":13124,"url":"https:\/\/www.jornalja.com.br\/arquivo\/sangue-latino-no-iecine\/","url_meta":{"origin":48111,"position":2},"title":"Sangue latino no IECINE","author":"da Reda\u00e7\u00e3o","date":"18 de maio de 2014","format":false,"excerpt":"Francisco Ribeiro O Instituto Estadual de Cinema (IECINE) tem a frente, desde abril \u00faltimo, um novo diretor, o cineasta colombiano Juan Zapata, 36, que substitui Luiz Alberto Cassol. Radicado h\u00e1 dez anos em Porto Alegre, Zapata tem diante de si o desafio de conduzir at\u00e9 o final do ano um\u2026","rel":"","context":"Em &quot;Cultura-Geral&quot;","block_context":{"text":"Cultura-Geral","link":"https:\/\/www.jornalja.com.br\/arquivo\/category\/materiasecundaria\/"},"img":{"alt_text":"","src":"","width":0,"height":0},"classes":[]},{"id":13240,"url":"https:\/\/www.jornalja.com.br\/arquivo\/plano-diretor-estamos-construindo-o-caos\/","url_meta":{"origin":48111,"position":3},"title":"Plano diretor: &quot;Estamos construindo o caos&quot;","author":"Patr\u00edcia Marini","date":"26 de maio de 2014","format":false,"excerpt":"Desabafo que arquiteta Eliana Castilhos, delegada da Regi\u00e3o de Planejamento 1, postou nas redes sociais \u00e9 um testemunho do ambiente que se criou no Conselho do Plano Diretor de Porto Alegre, onde a aprova\u00e7\u00e3o de grandes empreendimentos \u00e9 empurrada guela abaixo dos conselheiros. Ao CMDUA Como delegada da Regi\u00e3o de\u2026","rel":"","context":"Em &quot;Geral&quot;","block_context":{"text":"Geral","link":"https:\/\/www.jornalja.com.br\/arquivo\/category\/geral\/"},"img":{"alt_text":"","src":"","width":0,"height":0},"classes":[]},{"id":12960,"url":"https:\/\/www.jornalja.com.br\/arquivo\/populacao-culpa-empresas-pela-greve-dos-rodoviarios\/","url_meta":{"origin":48111,"position":4},"title":"Popula\u00e7\u00e3o culpa empresas pela greve","author":"Patr\u00edcia Marini","date":"14 de fevereiro de 2014","format":false,"excerpt":"Pesquisa divulgada na edi\u00e7\u00e3o do jornal Metro desta sexta-feira,14, comprova o velho ditado: \u00e9 poss\u00edvel enganar muitos por algum tempo, mas n\u00e3o \u00e9 poss\u00edvel enganar a todos o tempo inteiro. A principal revela\u00e7\u00e3o foi que 59,8% dos entrevistados apontaram as empresas como as principais respons\u00e1veis pela grave e 46% culparam\u2026","rel":"","context":"Em &quot;X.Categorias velhas&quot;","block_context":{"text":"X.Categorias velhas","link":"https:\/\/www.jornalja.com.br\/arquivo\/category\/x-categorias-velhas\/"},"img":{"alt_text":"","src":"","width":0,"height":0},"classes":[]},{"id":13239,"url":"https:\/\/www.jornalja.com.br\/arquivo\/conselho-desdenha-do-plano-diretor\/","url_meta":{"origin":48111,"position":5},"title":"Porto Alegre: Conselho detona Plano Diretor","author":"Patr\u00edcia Marini","date":"25 de maio de 2014","format":false,"excerpt":"Den\u00fancia do arquiteto e \u00a0urbanista Ibir\u00e1 Santos Lucas. Ele diz que os conselheiros est\u00e3o votando com \"enorme irresponsabilidade\". \"Mudam regime com a maior naturalidade,,,regularizam absurdos de constru\u00e7\u00f5es irregulares... \"O CMDUA est\u00e1 flexibilizando a lei do plano diretor, de uma forma impactante na vida da cidade. Mudam regime com a maior\u2026","rel":"","context":"Em &quot;Geral&quot;","block_context":{"text":"Geral","link":"https:\/\/www.jornalja.com.br\/arquivo\/category\/geral\/"},"img":{"alt_text":"","src":"","width":0,"height":0},"classes":[]}],"jetpack_shortlink":"https:\/\/wp.me\/pbQjBd-cvZ","jetpack_featured_media_url":"","_links":{"self":[{"href":"https:\/\/www.jornalja.com.br\/arquivo\/wp-json\/wp\/v2\/posts\/48111","targetHints":{"allow":["GET"]}}],"collection":[{"href":"https:\/\/www.jornalja.com.br\/arquivo\/wp-json\/wp\/v2\/posts"}],"about":[{"href":"https:\/\/www.jornalja.com.br\/arquivo\/wp-json\/wp\/v2\/types\/post"}],"author":[{"embeddable":true,"href":"https:\/\/www.jornalja.com.br\/arquivo\/wp-json\/wp\/v2\/users\/4"}],"replies":[{"embeddable":true,"href":"https:\/\/www.jornalja.com.br\/arquivo\/wp-json\/wp\/v2\/comments?post=48111"}],"version-history":[{"count":0,"href":"https:\/\/www.jornalja.com.br\/arquivo\/wp-json\/wp\/v2\/posts\/48111\/revisions"}],"wp:attachment":[{"href":"https:\/\/www.jornalja.com.br\/arquivo\/wp-json\/wp\/v2\/media?parent=48111"}],"wp:term":[{"taxonomy":"category","embeddable":true,"href":"https:\/\/www.jornalja.com.br\/arquivo\/wp-json\/wp\/v2\/categories?post=48111"},{"taxonomy":"post_tag","embeddable":true,"href":"https:\/\/www.jornalja.com.br\/arquivo\/wp-json\/wp\/v2\/tags?post=48111"}],"curies":[{"name":"wp","href":"https:\/\/api.w.org\/{rel}","templated":true}]}}