{"id":48115,"date":"2017-05-08T10:12:39","date_gmt":"2017-05-08T13:12:39","guid":{"rendered":"https:\/\/www.jornalja.com.br\/?p=48115"},"modified":"2017-05-08T10:12:39","modified_gmt":"2017-05-08T13:12:39","slug":"seminario-aborda-os-100-anos-da-revolucao-russa","status":"publish","type":"post","link":"https:\/\/www.jornalja.com.br\/arquivo\/seminario-aborda-os-100-anos-da-revolucao-russa\/","title":{"rendered":"Semin\u00e1rio aborda os 100 anos da Revolu\u00e7\u00e3o Russa"},"content":{"rendered":"<div><\/div>\n<p>Os 100 anos da Revolu\u00e7\u00e3o Russa ser\u00e3o tema de semin\u00e1rio realizado de 8 de maio a 12 de junho, todas as segundas-feiras, \u00e0s 18h30.<br \/>\nPromovida pelo Instituto de Filosofia e Ci\u00eancias Humanas da UFRGS (IFCH), pelo Instituto Hist\u00f3rico e Geogr\u00e1fico do RS (IHGRGS), pela Funda\u00e7\u00e3o Maur\u00edcio Grabois (FMG) e pelo Centro Brasileiro de Solidariedade aos Povos e Luta pela Paz (CEBRAPAZ), a atividade ressalta a import\u00e2ncia do tema, que marcou todo o s\u00e9culo XX e continua repercutindo no s\u00e9culo XXI.<br \/>\nAl\u00e9m da hist\u00f3ria da Revolu\u00e7\u00e3o Russa e da experi\u00eancia da Uni\u00e3o Sovi\u00e9tica (URSS), o semin\u00e1rio ir\u00e1 examinar o conjunto de experi\u00eancias revolucion\u00e1rias dos \u00faltimos 100 anos, o processo de descoloniza\u00e7\u00e3o, as causas e as li\u00e7\u00f5es do colapso sovi\u00e9tico, as experi\u00eancias socialistas que persistem e as perspectivas da luta pelo socialismo no s\u00e9culo XXI.<br \/>\nAs mesas de debate contar\u00e3o com a presen\u00e7a de intelectuais e estudiosos de cinco Estados brasileiros \u2013 al\u00e9m de Cuba \u2013, com representa\u00e7\u00e3o de sete universidades. As inscri\u00e7\u00f5es podem ser feitas pelo email\u00a0<span id=\"m_-2419021496390160281cloakea880491c8d029398c8a8bdbb7f7c1a2\"><a href=\"mailto:ihgrgs@terra.com.br\" target=\"_blank\" rel=\"noopener noreferrer\">ihgrgs@terra.com.br<\/a><\/span>\u00a0ou nas secretarias do IFCH (Campus Vale) e do IHGRGS. Informa\u00e7\u00f5es podem ser obtidas pelos telefones (51) 3308.9800 e 3224.3760.<br \/>\nAl\u00e9m das entidades acima citadas, outras treze institui\u00e7\u00f5es copromovem o semin\u00e1rio e outras tantas ap\u00f3iam sua realiza\u00e7\u00e3o, entre elas o Sindicato dos Jornalistas Profissionais do RS (SINDJORS).<br \/>\n<strong>Programa\u00e7\u00e3o:<\/strong><br \/>\n08.05 \u2013 Mesa de abertura. Institui\u00e7\u00f5es organizadoras:<br \/>\nIFCH\/UFRGS, IHGRGS, FMG e CEBRAPAZ<br \/>\n08.05 \u2013 Mesa \u2013\u00a0<em>O legado de 100 Anos da Revolu\u00e7\u00e3o Russa<\/em><br \/>\nPalestrantes: historiador Augusto Buonicore (FMG), historiadora Anal\u00facia Danilevicz (UFRGS) e historiador Lu\u00eds Dario (UFRGS)<br \/>\nCoordena\u00e7\u00e3o: historiador Miguel do Esp\u00edrito Santo (Presidente do IHGRGS)<br \/>\n15.05 \u2013 Mesa \u2013\u00a0<em>A URSS, o movimento comunista internacional e a luta anticolonial<\/em><br \/>\nPalestrantes: fil\u00f3sofo e historiador Jo\u00e3o Quartim de Moraes (UNICAMP), historiador Enrique Serra Padr\u00f3s (UFRGS) e prof. de Rela\u00e7\u00f5es Internacionais Diego Pautasso (UNISINOS)<br \/>\nCoordena\u00e7\u00e3o: historiadora Ana Regina F. Sim\u00e3o (ESPM\/ULBRA)<br \/>\n22.05 \u2013 Mesa \u2013\u00a0<em>Raz\u00f5es e li\u00e7\u00f5es do colapso sovi\u00e9tico<\/em><br \/>\nPalestrantes: historiador Valter Pomar (Universidade do ABC), jornalista e escritor Bernardo Joffily (Autor do\u00a0<em>Atlas Hist\u00f3rico do Brasil<\/em>) e historiador Paulo Visentini (UFRGS)<br \/>\nCoordena\u00e7\u00e3o: cientista pol\u00edtica Mercedes Canepa (UFRGS)<br \/>\n29.05 \u2013 Mesa \u2013\u00a0<em>A crise do capitalismo \u2013 Civiliza\u00e7\u00e3o ou Barb\u00e1rie?<\/em><br \/>\nPalestrantes: economista Luiz Gonzaga Belluzzo (UNICAMP), economista Renildo de Souza (UFBa) e economista Gentil Corazza (UFRGS)<br \/>\nCoordena\u00e7\u00e3o: historiadora S\u00f4nia Ranincheski (UFRGS)<br \/>\n05.06 \u2013 Mesa \u2013\u00a0<em>Socialismo hoje \u2013 Cuba, Vietn\u00e3, China<\/em><br \/>\nPalestrantes: ge\u00f3grafo Elias Jabbour (UERJ), Raphael Hidalgo (Cuba) e historiador Raul Carrion (Presidente FMG-RS)<br \/>\nCoordena\u00e7\u00e3o: historiadora Cl\u00e1udia Wasserman (Diretora do IFCH-UFRGS)<br \/>\n12.06 \u2013 Mesa \u2013\u00a0<em>A luta pelo Socialismo no s\u00e9culo XXI<\/em><br \/>\nPalestrantes: escritor Renato Rabelo (Presidente da FMG), advogado, escritor e ex-ministro Tarso Genro e jornalista, escritor e ex-ministro Roberto Amaral<br \/>\nCoordena\u00e7\u00e3o: cientista pol\u00edtica Celi Pinto (UFRGS)<br \/>\nInstitui\u00e7\u00f5es Promotoras:<br \/>\nIFCH\/UFRGS, IHGRGS, FMG e CEBRAPAZ<br \/>\nEntidades copromotoras:<br \/>\nADUFRGS-SINDICAL, AFOCEFE, FECOSUL, FETRAFI, SEMAPI, SINDBANC\u00c1RIOS, SIMPA, SINDIPETROSUL, SINTTEL, SITRAMICO, SINDISERF, UAMPA e UNE<br \/>\nInscri\u00e7\u00e3o de apoio (com certificado): R$ 100<br \/>\nInscri\u00e7\u00e3o normal: R$ 40<br \/>\nInscri\u00e7\u00e3o de estudante: R$ 20<br \/>\nEmiss\u00e3o de certificado: R$ 10<br \/>\n(Vagas limitadas)<br \/>\nLocais:<br \/>\n8 de maio a 5 de junho: Teatro do Instituto Hist\u00f3rico e Geogr\u00e1fico do RS (Rua Riachuelo 1317)<br \/>\n12 de junho: Sal\u00e3o de Atos II da Reitoria da UFRGS (Av. Paulo Gama, 110)<br \/>\n&nbsp;<\/p>\n","protected":false},"excerpt":{"rendered":"<p>Os 100 anos da Revolu\u00e7\u00e3o Russa ser\u00e3o tema de semin\u00e1rio realizado de 8 de maio a 12 de junho, todas as segundas-feiras, \u00e0s 18h30. Promovida pelo Instituto de Filosofia e Ci\u00eancias Humanas da UFRGS (IFCH), pelo Instituto Hist\u00f3rico e Geogr\u00e1fico do RS (IHGRGS), pela Funda\u00e7\u00e3o Maur\u00edcio Grabois (FMG) e pelo Centro Brasileiro de Solidariedade aos [&hellip;]<\/p>\n","protected":false},"author":4,"featured_media":48128,"comment_status":"open","ping_status":"closed","sticky":false,"template":"","format":"standard","meta":{"_jetpack_newsletter_access":"","_jetpack_dont_email_post_to_subs":false,"_jetpack_newsletter_tier_id":0,"_jetpack_memberships_contains_paywalled_content":false,"_jetpack_feature_clip_id":0,"_jetpack_memberships_contains_paid_content":false,"footnotes":"","jetpack_post_was_ever_published":false},"categories":[26],"tags":[],"class_list":["post-48115","post","type-post","status-publish","format-standard","has-post-thumbnail","hentry","category-geral"],"aioseo_notices":[],"aioseo_head":"\n\t\t<!-- All in One SEO 5.0.1.1 - aioseo.com -->\n\t<meta name=\"robots\" content=\"max-image-preview:large\" \/>\n\t<meta name=\"author\" content=\"da Reda\u00e7\u00e3o\"\/>\n\t<link rel=\"canonical\" href=\"https:\/\/www.jornalja.com.br\/arquivo\/seminario-aborda-os-100-anos-da-revolucao-russa\/\" \/>\n\t<meta name=\"generator\" content=\"All in One SEO (AIOSEO) 5.0.1.1\" \/>\n\t\t<meta property=\"og:locale\" content=\"pt_BR\" \/>\n\t\t<meta property=\"og:site_name\" content=\"Arquivo | Jornal J\u00c1 | Porto Alegre\" \/>\n\t\t<meta property=\"og:type\" content=\"article\" \/>\n\t\t<meta property=\"og:title\" content=\"Semin\u00e1rio aborda os 100 anos da Revolu\u00e7\u00e3o Russa | Arquivo\" \/>\n\t\t<meta property=\"og:url\" content=\"https:\/\/www.jornalja.com.br\/arquivo\/seminario-aborda-os-100-anos-da-revolucao-russa\/\" \/>\n\t\t<meta property=\"og:image\" content=\"https:\/\/www.jornalja.com.br\/economics\/wp-content\/uploads\/sites\/11\/2026\/08\/ja-folhaderosto-facebook.jpg\" \/>\n\t\t<meta property=\"og:image:secure_url\" content=\"https:\/\/www.jornalja.com.br\/economics\/wp-content\/uploads\/sites\/11\/2026\/08\/ja-folhaderosto-facebook.jpg\" \/>\n\t\t<meta property=\"article:published_time\" content=\"2017-05-08T13:12:39+00:00\" \/>\n\t\t<meta property=\"article:modified_time\" content=\"2017-05-08T13:12:39+00:00\" \/>\n\t\t<meta name=\"twitter:card\" content=\"summary\" \/>\n\t\t<meta name=\"twitter:title\" content=\"Semin\u00e1rio aborda os 100 anos da Revolu\u00e7\u00e3o Russa | Arquivo\" \/>\n\t\t<meta name=\"twitter:image\" content=\"https:\/\/www.jornalja.com.br\/economics\/wp-content\/uploads\/sites\/11\/2026\/08\/ja-folhaderosto-facebook.jpg\" \/>\n\t\t<script type=\"application\/ld+json\" class=\"aioseo-schema\">\n\t\t\t{\"@context\":\"https:\\\/\\\/schema.org\",\"@graph\":[{\"@type\":\"BlogPosting\",\"@id\":\"https:\\\/\\\/www.jornalja.com.br\\\/arquivo\\\/seminario-aborda-os-100-anos-da-revolucao-russa\\\/#blogposting\",\"name\":\"Semin\\u00e1rio aborda os 100 anos da Revolu\\u00e7\\u00e3o Russa | Arquivo\",\"headline\":\"Semin\\u00e1rio aborda os 100 anos da Revolu\\u00e7\\u00e3o Russa\",\"author\":{\"@id\":\"https:\\\/\\\/www.jornalja.com.br\\\/arquivo\\\/author\\\/daredacao\\\/#author\"},\"publisher\":{\"@id\":\"https:\\\/\\\/www.jornalja.com.br\\\/arquivo\\\/#organization\"},\"image\":{\"@type\":\"ImageObject\",\"url\":48128},\"datePublished\":\"2017-05-08T10:12:39-03:00\",\"dateModified\":\"2017-05-08T10:12:39-03:00\",\"inLanguage\":\"pt-BR\",\"mainEntityOfPage\":{\"@id\":\"https:\\\/\\\/www.jornalja.com.br\\\/arquivo\\\/seminario-aborda-os-100-anos-da-revolucao-russa\\\/#webpage\"},\"isPartOf\":{\"@id\":\"https:\\\/\\\/www.jornalja.com.br\\\/arquivo\\\/seminario-aborda-os-100-anos-da-revolucao-russa\\\/#webpage\"},\"articleSection\":\"Geral\"},{\"@type\":\"BreadcrumbList\",\"@id\":\"https:\\\/\\\/www.jornalja.com.br\\\/arquivo\\\/seminario-aborda-os-100-anos-da-revolucao-russa\\\/#breadcrumblist\",\"itemListElement\":[{\"@type\":\"ListItem\",\"@id\":\"https:\\\/\\\/www.jornalja.com.br\\\/arquivo#listItem\",\"position\":1,\"name\":\"Home\",\"item\":\"https:\\\/\\\/www.jornalja.com.br\\\/arquivo\",\"nextItem\":{\"@type\":\"ListItem\",\"@id\":\"https:\\\/\\\/www.jornalja.com.br\\\/arquivo\\\/category\\\/geral\\\/#listItem\",\"name\":\"Geral\"}},{\"@type\":\"ListItem\",\"@id\":\"https:\\\/\\\/www.jornalja.com.br\\\/arquivo\\\/category\\\/geral\\\/#listItem\",\"position\":2,\"name\":\"Geral\",\"item\":\"https:\\\/\\\/www.jornalja.com.br\\\/arquivo\\\/category\\\/geral\\\/\",\"nextItem\":{\"@type\":\"ListItem\",\"@id\":\"https:\\\/\\\/www.jornalja.com.br\\\/arquivo\\\/seminario-aborda-os-100-anos-da-revolucao-russa\\\/#listItem\",\"name\":\"Semin\\u00e1rio aborda os 100 anos da Revolu\\u00e7\\u00e3o Russa\"},\"previousItem\":{\"@type\":\"ListItem\",\"@id\":\"https:\\\/\\\/www.jornalja.com.br\\\/arquivo#listItem\",\"name\":\"Home\"}},{\"@type\":\"ListItem\",\"@id\":\"https:\\\/\\\/www.jornalja.com.br\\\/arquivo\\\/seminario-aborda-os-100-anos-da-revolucao-russa\\\/#listItem\",\"position\":3,\"name\":\"Semin\\u00e1rio aborda os 100 anos da Revolu\\u00e7\\u00e3o Russa\",\"previousItem\":{\"@type\":\"ListItem\",\"@id\":\"https:\\\/\\\/www.jornalja.com.br\\\/arquivo\\\/category\\\/geral\\\/#listItem\",\"name\":\"Geral\"}}]},{\"@type\":\"Organization\",\"@id\":\"https:\\\/\\\/www.jornalja.com.br\\\/arquivo\\\/#organization\",\"name\":\"Jornal J\\u00c1\",\"description\":\"Jornal J\\u00c1 | Porto Alegre\",\"url\":\"https:\\\/\\\/www.jornalja.com.br\\\/arquivo\\\/\",\"telephone\":\"+555133307272\",\"logo\":{\"@type\":\"ImageObject\",\"url\":\"https:\\\/\\\/www.jornalja.com.br\\\/wp-content\\\/uploads\\\/cards\\\/JAslogan.png\",\"@id\":\"https:\\\/\\\/www.jornalja.com.br\\\/arquivo\\\/seminario-aborda-os-100-anos-da-revolucao-russa\\\/#organizationLogo\"},\"image\":{\"@id\":\"https:\\\/\\\/www.jornalja.com.br\\\/arquivo\\\/seminario-aborda-os-100-anos-da-revolucao-russa\\\/#organizationLogo\"}},{\"@type\":\"Person\",\"@id\":\"https:\\\/\\\/www.jornalja.com.br\\\/arquivo\\\/author\\\/daredacao\\\/#author\",\"url\":\"https:\\\/\\\/www.jornalja.com.br\\\/arquivo\\\/author\\\/daredacao\\\/\",\"name\":\"da Reda\\u00e7\\u00e3o\",\"image\":{\"@type\":\"ImageObject\",\"@id\":\"https:\\\/\\\/www.jornalja.com.br\\\/arquivo\\\/seminario-aborda-os-100-anos-da-revolucao-russa\\\/#authorImage\",\"url\":\"https:\\\/\\\/secure.gravatar.com\\\/avatar\\\/469fd857d6605ad19919d27ed29d35a968a25f6e8fd9318356bbb7f57aae9c65?s=96&d=mm&r=g\",\"width\":96,\"height\":96,\"caption\":\"da Reda\\u00e7\\u00e3o\"}},{\"@type\":\"WebPage\",\"@id\":\"https:\\\/\\\/www.jornalja.com.br\\\/arquivo\\\/seminario-aborda-os-100-anos-da-revolucao-russa\\\/#webpage\",\"url\":\"https:\\\/\\\/www.jornalja.com.br\\\/arquivo\\\/seminario-aborda-os-100-anos-da-revolucao-russa\\\/\",\"name\":\"Semin\\u00e1rio aborda os 100 anos da Revolu\\u00e7\\u00e3o Russa | Arquivo\",\"inLanguage\":\"pt-BR\",\"isPartOf\":{\"@id\":\"https:\\\/\\\/www.jornalja.com.br\\\/arquivo\\\/#website\"},\"breadcrumb\":{\"@id\":\"https:\\\/\\\/www.jornalja.com.br\\\/arquivo\\\/seminario-aborda-os-100-anos-da-revolucao-russa\\\/#breadcrumblist\"},\"author\":{\"@id\":\"https:\\\/\\\/www.jornalja.com.br\\\/arquivo\\\/author\\\/daredacao\\\/#author\"},\"creator\":{\"@id\":\"https:\\\/\\\/www.jornalja.com.br\\\/arquivo\\\/author\\\/daredacao\\\/#author\"},\"image\":{\"@type\":\"ImageObject\",\"url\":48128,\"@id\":\"https:\\\/\\\/www.jornalja.com.br\\\/arquivo\\\/seminario-aborda-os-100-anos-da-revolucao-russa\\\/#mainImage\"},\"primaryImageOfPage\":{\"@id\":\"https:\\\/\\\/www.jornalja.com.br\\\/arquivo\\\/seminario-aborda-os-100-anos-da-revolucao-russa\\\/#mainImage\"},\"datePublished\":\"2017-05-08T10:12:39-03:00\",\"dateModified\":\"2017-05-08T10:12:39-03:00\"},{\"@type\":\"WebSite\",\"@id\":\"https:\\\/\\\/www.jornalja.com.br\\\/arquivo\\\/#website\",\"url\":\"https:\\\/\\\/www.jornalja.com.br\\\/arquivo\\\/\",\"name\":\"Arquivo\",\"description\":\"Jornal J\\u00c1 | Porto Alegre\",\"inLanguage\":\"pt-BR\",\"publisher\":{\"@id\":\"https:\\\/\\\/www.jornalja.com.br\\\/arquivo\\\/#organization\"}}]}\n\t\t<\/script>\n\t\t<!-- All in One SEO -->\n\n","aioseo_head_json":{"title":"Semin\u00e1rio aborda os 100 anos da Revolu\u00e7\u00e3o Russa | Arquivo","description":"","canonical_url":"https:\/\/www.jornalja.com.br\/arquivo\/seminario-aborda-os-100-anos-da-revolucao-russa\/","robots":"max-image-preview:large","keywords":"","webmasterTools":{"miscellaneous":""},"schema":{"@context":"https:\/\/schema.org","@graph":[{"@type":"BlogPosting","@id":"https:\/\/www.jornalja.com.br\/arquivo\/seminario-aborda-os-100-anos-da-revolucao-russa\/#blogposting","name":"Semin\u00e1rio aborda os 100 anos da Revolu\u00e7\u00e3o Russa | Arquivo","headline":"Semin\u00e1rio aborda os 100 anos da Revolu\u00e7\u00e3o Russa","author":{"@id":"https:\/\/www.jornalja.com.br\/arquivo\/author\/daredacao\/#author"},"publisher":{"@id":"https:\/\/www.jornalja.com.br\/arquivo\/#organization"},"image":{"@type":"ImageObject","url":48128},"datePublished":"2017-05-08T10:12:39-03:00","dateModified":"2017-05-08T10:12:39-03:00","inLanguage":"pt-BR","mainEntityOfPage":{"@id":"https:\/\/www.jornalja.com.br\/arquivo\/seminario-aborda-os-100-anos-da-revolucao-russa\/#webpage"},"isPartOf":{"@id":"https:\/\/www.jornalja.com.br\/arquivo\/seminario-aborda-os-100-anos-da-revolucao-russa\/#webpage"},"articleSection":"Geral"},{"@type":"BreadcrumbList","@id":"https:\/\/www.jornalja.com.br\/arquivo\/seminario-aborda-os-100-anos-da-revolucao-russa\/#breadcrumblist","itemListElement":[{"@type":"ListItem","@id":"https:\/\/www.jornalja.com.br\/arquivo#listItem","position":1,"name":"Home","item":"https:\/\/www.jornalja.com.br\/arquivo","nextItem":{"@type":"ListItem","@id":"https:\/\/www.jornalja.com.br\/arquivo\/category\/geral\/#listItem","name":"Geral"}},{"@type":"ListItem","@id":"https:\/\/www.jornalja.com.br\/arquivo\/category\/geral\/#listItem","position":2,"name":"Geral","item":"https:\/\/www.jornalja.com.br\/arquivo\/category\/geral\/","nextItem":{"@type":"ListItem","@id":"https:\/\/www.jornalja.com.br\/arquivo\/seminario-aborda-os-100-anos-da-revolucao-russa\/#listItem","name":"Semin\u00e1rio aborda os 100 anos da Revolu\u00e7\u00e3o Russa"},"previousItem":{"@type":"ListItem","@id":"https:\/\/www.jornalja.com.br\/arquivo#listItem","name":"Home"}},{"@type":"ListItem","@id":"https:\/\/www.jornalja.com.br\/arquivo\/seminario-aborda-os-100-anos-da-revolucao-russa\/#listItem","position":3,"name":"Semin\u00e1rio aborda os 100 anos da Revolu\u00e7\u00e3o Russa","previousItem":{"@type":"ListItem","@id":"https:\/\/www.jornalja.com.br\/arquivo\/category\/geral\/#listItem","name":"Geral"}}]},{"@type":"Organization","@id":"https:\/\/www.jornalja.com.br\/arquivo\/#organization","name":"Jornal J\u00c1","description":"Jornal J\u00c1 | Porto Alegre","url":"https:\/\/www.jornalja.com.br\/arquivo\/","telephone":"+555133307272","logo":{"@type":"ImageObject","url":"https:\/\/www.jornalja.com.br\/wp-content\/uploads\/cards\/JAslogan.png","@id":"https:\/\/www.jornalja.com.br\/arquivo\/seminario-aborda-os-100-anos-da-revolucao-russa\/#organizationLogo"},"image":{"@id":"https:\/\/www.jornalja.com.br\/arquivo\/seminario-aborda-os-100-anos-da-revolucao-russa\/#organizationLogo"}},{"@type":"Person","@id":"https:\/\/www.jornalja.com.br\/arquivo\/author\/daredacao\/#author","url":"https:\/\/www.jornalja.com.br\/arquivo\/author\/daredacao\/","name":"da Reda\u00e7\u00e3o","image":{"@type":"ImageObject","@id":"https:\/\/www.jornalja.com.br\/arquivo\/seminario-aborda-os-100-anos-da-revolucao-russa\/#authorImage","url":"https:\/\/secure.gravatar.com\/avatar\/469fd857d6605ad19919d27ed29d35a968a25f6e8fd9318356bbb7f57aae9c65?s=96&d=mm&r=g","width":96,"height":96,"caption":"da Reda\u00e7\u00e3o"}},{"@type":"WebPage","@id":"https:\/\/www.jornalja.com.br\/arquivo\/seminario-aborda-os-100-anos-da-revolucao-russa\/#webpage","url":"https:\/\/www.jornalja.com.br\/arquivo\/seminario-aborda-os-100-anos-da-revolucao-russa\/","name":"Semin\u00e1rio aborda os 100 anos da Revolu\u00e7\u00e3o Russa | Arquivo","inLanguage":"pt-BR","isPartOf":{"@id":"https:\/\/www.jornalja.com.br\/arquivo\/#website"},"breadcrumb":{"@id":"https:\/\/www.jornalja.com.br\/arquivo\/seminario-aborda-os-100-anos-da-revolucao-russa\/#breadcrumblist"},"author":{"@id":"https:\/\/www.jornalja.com.br\/arquivo\/author\/daredacao\/#author"},"creator":{"@id":"https:\/\/www.jornalja.com.br\/arquivo\/author\/daredacao\/#author"},"image":{"@type":"ImageObject","url":48128,"@id":"https:\/\/www.jornalja.com.br\/arquivo\/seminario-aborda-os-100-anos-da-revolucao-russa\/#mainImage"},"primaryImageOfPage":{"@id":"https:\/\/www.jornalja.com.br\/arquivo\/seminario-aborda-os-100-anos-da-revolucao-russa\/#mainImage"},"datePublished":"2017-05-08T10:12:39-03:00","dateModified":"2017-05-08T10:12:39-03:00"},{"@type":"WebSite","@id":"https:\/\/www.jornalja.com.br\/arquivo\/#website","url":"https:\/\/www.jornalja.com.br\/arquivo\/","name":"Arquivo","description":"Jornal J\u00c1 | Porto Alegre","inLanguage":"pt-BR","publisher":{"@id":"https:\/\/www.jornalja.com.br\/arquivo\/#organization"}}]},"og:locale":"pt_BR","og:site_name":"Arquivo | Jornal J\u00c1 | Porto Alegre","og:type":"article","og:title":"Semin\u00e1rio aborda os 100 anos da Revolu\u00e7\u00e3o Russa | Arquivo","og:url":"https:\/\/www.jornalja.com.br\/arquivo\/seminario-aborda-os-100-anos-da-revolucao-russa\/","og:image":"https:\/\/www.jornalja.com.br\/economics\/wp-content\/uploads\/sites\/11\/2026\/08\/ja-folhaderosto-facebook.jpg","og:image:secure_url":"https:\/\/www.jornalja.com.br\/economics\/wp-content\/uploads\/sites\/11\/2026\/08\/ja-folhaderosto-facebook.jpg","article:published_time":"2017-05-08T13:12:39+00:00","article:modified_time":"2017-05-08T13:12:39+00:00","twitter:card":"summary","twitter:title":"Semin\u00e1rio aborda os 100 anos da Revolu\u00e7\u00e3o Russa | Arquivo","twitter:image":"https:\/\/www.jornalja.com.br\/economics\/wp-content\/uploads\/sites\/11\/2026\/08\/ja-folhaderosto-facebook.jpg"},"aioseo_meta_data":{"post_id":"48115","title":null,"description":null,"keywords":null,"keyphrases":null,"primary_term":null,"canonical_url":null,"og_title":null,"og_description":null,"og_object_type":"default","og_image_type":"default","og_image_url":null,"og_image_width":null,"og_image_height":null,"og_image_custom_url":null,"og_image_custom_fields":null,"og_video":null,"og_custom_url":null,"og_article_section":null,"og_article_tags":null,"twitter_use_og":false,"twitter_card":"default","twitter_image_type":"default","twitter_image_url":null,"twitter_image_custom_url":null,"twitter_image_custom_fields":null,"twitter_title":null,"twitter_description":null,"schema":{"blockGraphs":[],"customGraphs":[],"default":{"data":{"Article":[],"Course":[],"Dataset":[],"FAQPage":[],"Movie":[],"Person":[],"Product":[],"ProductReview":[],"Car":[],"Recipe":[],"Service":[],"SoftwareApplication":[],"WebPage":[]},"graphName":"","isEnabled":true},"graphs":[],"defaultGraph":"","defaultPostTypeGraph":""},"schema_type":null,"schema_type_options":null,"pillar_content":false,"robots_default":true,"robots_noindex":false,"robots_noarchive":false,"robots_nosnippet":false,"robots_nofollow":false,"robots_noimageindex":false,"robots_noodp":false,"robots_notranslate":false,"robots_max_snippet":null,"robots_max_videopreview":null,"robots_max_imagepreview":"large","priority":null,"frequency":null,"location":null,"local_seo":null,"breadcrumb_settings":null,"limit_modified_date":false,"ai":null,"created":"2020-12-20 20:35:51","updated":"2025-07-19 21:25:13","seo_analyzer_scan_date":null,"focus_keyword":null,"additional_keywords":null,"truseo_locale":null},"jetpack_sharing_enabled":true,"jetpack-related-posts":[{"id":14241,"url":"https:\/\/www.jornalja.com.br\/arquivo\/o-guaiba-nas-imagens-poeticas-de-achutti\/","url_meta":{"origin":48115,"position":0},"title":"O Gua\u00edba nas imagens po\u00e9ticas de Achutti","author":"da Reda\u00e7\u00e3o","date":"18 de junho de 2014","format":false,"excerpt":"Em \u201cO Gua\u00edba por Achutti\u201d \u2013 obra financiada via Minist\u00e9rio da Cultura, produ\u00e7\u00e3o executiva de Pedro Longhi, e Fl\u00e1vio Wild como designer \u2013, o fot\u00f3grafo revela a beleza e as mazelas de um espa\u00e7o aqu\u00e1tico de \u00e1guas sempre renovadas, cheio de hist\u00f3rias e lendas como as das cidades que foram\u2026","rel":"","context":"Em &quot;Cultura-Geral&quot;","block_context":{"text":"Cultura-Geral","link":"https:\/\/www.jornalja.com.br\/arquivo\/category\/materiasecundaria\/"},"img":{"alt_text":"","src":"","width":0,"height":0},"classes":[]},{"id":13101,"url":"https:\/\/www.jornalja.com.br\/arquivo\/morre-um-guerreiro-do-texto\/","url_meta":{"origin":48115,"position":1},"title":"Morre um guerreiro do texto","author":"Patr\u00edcia Marini","date":"14 de maio de 2014","format":false,"excerpt":"Por Ricardo Kotscho Reproduzido do blog do autor, 11\/5\/2014; t\u00edtulo original \u201cE l\u00e1 se foi o nosso Myltainho, guerreiro do texto\u201d. Mi\u00fado e franzino, meu amigo Myltainho era um valente e inconformado guerreiro na luta contra as injusti\u00e7as sociais, a hipocrisia, as maracutaias, o autoritarismo, a intoler\u00e2ncia, a viol\u00eancia, o\u2026","rel":"","context":"Em &quot;Geral&quot;","block_context":{"text":"Geral","link":"https:\/\/www.jornalja.com.br\/arquivo\/category\/geral\/"},"img":{"alt_text":"","src":"","width":0,"height":0},"classes":[]},{"id":13124,"url":"https:\/\/www.jornalja.com.br\/arquivo\/sangue-latino-no-iecine\/","url_meta":{"origin":48115,"position":2},"title":"Sangue latino no IECINE","author":"da Reda\u00e7\u00e3o","date":"18 de maio de 2014","format":false,"excerpt":"Francisco Ribeiro O Instituto Estadual de Cinema (IECINE) tem a frente, desde abril \u00faltimo, um novo diretor, o cineasta colombiano Juan Zapata, 36, que substitui Luiz Alberto Cassol. Radicado h\u00e1 dez anos em Porto Alegre, Zapata tem diante de si o desafio de conduzir at\u00e9 o final do ano um\u2026","rel":"","context":"Em &quot;Cultura-Geral&quot;","block_context":{"text":"Cultura-Geral","link":"https:\/\/www.jornalja.com.br\/arquivo\/category\/materiasecundaria\/"},"img":{"alt_text":"","src":"","width":0,"height":0},"classes":[]},{"id":5440,"url":"https:\/\/www.jornalja.com.br\/arquivo\/casarao-da-venancio-destino-permanece-incerto\/","url_meta":{"origin":48115,"position":3},"title":"Estado ainda n\u00e3o sabe o que fazer com casar\u00e3o abandonado h\u00e1 20 anos","author":"Elmar Bones","date":"6 de julho de 2009","format":false,"excerpt":"O casar\u00e3o amarelo, numa esquina nobre de Porto Alegre (Ven\u00e2ncio Aires com Jo\u00e3o Pessoa), j\u00e1 abrigou uma escola. H\u00e1 duas d\u00e9cadas, pelo menos, est\u00e1 abandonado, porque seu propriet\u00e1rio, o governo do Estado do Rio Grande do Sul, n\u00e3o consegue achar um destino para ele. Planos n\u00e3o faltaram. O governador Ol\u00edvio\u2026","rel":"","context":"Em &quot;X.Categorias velhas&quot;","block_context":{"text":"X.Categorias velhas","link":"https:\/\/www.jornalja.com.br\/arquivo\/category\/x-categorias-velhas\/"},"img":{"alt_text":"geraldo1","src":"https:\/\/i0.wp.com\/www.jornalja.com.br\/wp-content\/uploads\/2009\/07\/geraldo1.jpg?resize=350%2C200&ssl=1","width":350,"height":200},"classes":[]},{"id":1280,"url":"https:\/\/www.jornalja.com.br\/arquivo\/o-menino-que-se-tornou-brizola\/","url_meta":{"origin":48115,"position":4},"title":"O Menino que se Tornou Brizola","author":"da Reda\u00e7\u00e3o","date":"28 de julho de 2008","format":false,"excerpt":"Autor: Cleber Dioni A vida de Leonel Brizola, com \u00eanfase para os primeiros anos em Porto Alegre, at\u00e9 o ex\u00edlio no Uruguai e a volta, quinze anos depois. \u00a0\"...\u00c9ramos todos jovens e nos identific\u00e1vamos com aquela massa an\u00f4nima a percorrer as ruas de Porto Alegre, gritando 'Get\u00falio', 'Get\u00falio' e empunhando\u2026","rel":"","context":"Em &quot;Livros&quot;","block_context":{"text":"Livros","link":"https:\/\/www.jornalja.com.br\/arquivo\/category\/livros\/"},"img":{"alt_text":"","src":"https:\/\/i0.wp.com\/www.jornalja.com.br\/wp-content\/uploads\/2008\/07\/brizola.gif?resize=350%2C200&ssl=1","width":350,"height":200},"classes":[]},{"id":13109,"url":"https:\/\/www.jornalja.com.br\/arquivo\/judiciario-reconhece-poluicao-eletromagnetica\/","url_meta":{"origin":48115,"position":5},"title":"Judici\u00e1rio reconhece polui\u00e7\u00e3o eletromagn\u00e9tica","author":"Patr\u00edcia Marini","date":"16 de maio de 2014","format":false,"excerpt":"A\u00e7\u00e3o de duas associa\u00e7\u00f5es de moradores foi acolhida pelo Tribunal de Justi\u00e7a de S\u00e3o Paulo que. em decis\u00e3o in\u00e9dita, determinou a redu\u00e7\u00e3o do campo eletromagn\u00e9tico gerado pelas linhas de transmiss\u00e3o de energia que cortam os bairros City Boa\u00e7ava e Alto de Pinheiros. \u00c9 a primeira vez que um tribunal do\u2026","rel":"","context":"Em &quot;X.Categorias velhas&quot;","block_context":{"text":"X.Categorias velhas","link":"https:\/\/www.jornalja.com.br\/arquivo\/category\/x-categorias-velhas\/"},"img":{"alt_text":"","src":"","width":0,"height":0},"classes":[]}],"jetpack_shortlink":"https:\/\/wp.me\/pbQjBd-cw3","jetpack_featured_media_url":"","_links":{"self":[{"href":"https:\/\/www.jornalja.com.br\/arquivo\/wp-json\/wp\/v2\/posts\/48115","targetHints":{"allow":["GET"]}}],"collection":[{"href":"https:\/\/www.jornalja.com.br\/arquivo\/wp-json\/wp\/v2\/posts"}],"about":[{"href":"https:\/\/www.jornalja.com.br\/arquivo\/wp-json\/wp\/v2\/types\/post"}],"author":[{"embeddable":true,"href":"https:\/\/www.jornalja.com.br\/arquivo\/wp-json\/wp\/v2\/users\/4"}],"replies":[{"embeddable":true,"href":"https:\/\/www.jornalja.com.br\/arquivo\/wp-json\/wp\/v2\/comments?post=48115"}],"version-history":[{"count":0,"href":"https:\/\/www.jornalja.com.br\/arquivo\/wp-json\/wp\/v2\/posts\/48115\/revisions"}],"wp:attachment":[{"href":"https:\/\/www.jornalja.com.br\/arquivo\/wp-json\/wp\/v2\/media?parent=48115"}],"wp:term":[{"taxonomy":"category","embeddable":true,"href":"https:\/\/www.jornalja.com.br\/arquivo\/wp-json\/wp\/v2\/categories?post=48115"},{"taxonomy":"post_tag","embeddable":true,"href":"https:\/\/www.jornalja.com.br\/arquivo\/wp-json\/wp\/v2\/tags?post=48115"}],"curies":[{"name":"wp","href":"https:\/\/api.w.org\/{rel}","templated":true}]}}