{"id":48118,"date":"2017-05-07T19:45:45","date_gmt":"2017-05-07T22:45:45","guid":{"rendered":"https:\/\/www.jornalja.com.br\/?p=48118"},"modified":"2017-05-07T19:45:45","modified_gmt":"2017-05-07T22:45:45","slug":"cosmopolitica-2017-discute-a-crise-na-democracia-e-sua-relacao-com-a-midia","status":"publish","type":"post","link":"https:\/\/www.jornalja.com.br\/arquivo\/cosmopolitica-2017-discute-a-crise-na-democracia-e-sua-relacao-com-a-midia\/","title":{"rendered":"Cosmopol\u00edtica 2017 discute a crise na democracia e sua rela\u00e7\u00e3o com a m\u00eddia"},"content":{"rendered":"<p>&nbsp;<br \/>\nPara discutir a crise na democracia e sua rela\u00e7\u00e3o com a m\u00eddia, a opini\u00e3o p\u00fablica e as institui\u00e7\u00f5es, a Associa\u00e7\u00e3o Brasileira de Pesquisadores em Comunica\u00e7\u00e3o e Pol\u00edtica\u00a0e\u00a0a Universidade Federal do Rio Grande do Sul (UFRGS)<strong>\u00a0<\/strong>promovem a s\u00e9tima edi\u00e7\u00e3o do Congresso Compol\u00edtica, de 10 a 12 de maio, na\u00a0Faculdade de Biblioteconomia e\u00a0Comunica\u00e7\u00e3o (Fabico), em Porto Alegre.<br \/>\nCom o tema \u201c<em>Democracia em crise? M\u00eddia, opini\u00e3o p\u00fablica e institui\u00e7\u00f5es do Brasil contempor\u00e2neo<\/em>\u201d, o congresso tem uma extensa programa\u00e7\u00e3o que inclui debates e apresenta\u00e7\u00e3o de pesquisas sobre comunica\u00e7\u00e3o e democracia, sociedade civil, institui\u00e7\u00f5es p\u00fablicas, cultura pol\u00edtica, internet, jornalismo e marketing pol\u00edtico.<br \/>\nA confer\u00eancia de abertura, no dia 10 de maio, ser\u00e1 feita por Stephen Coleman, professor de comunica\u00e7\u00e3o pol\u00edtica na Faculdade de Artes, Humanidades e Cultura da Universidade de Leeds, no Reino Unido. Intitulada\u00a0\u201c<em>Democratic agency in an age of digital networks\u201d<\/em>, a palestra, por videoconfer\u00eancia, abordar\u00e1 os desafios da democracia contempor\u00e2nea face aos impactos das m\u00eddias digitais.<br \/>\nA programa\u00e7\u00e3o abrange ainda premia\u00e7\u00e3o de teses e disserta\u00e7\u00f5es, lan\u00e7amento de livros e atividades culturais. Mais informa\u00e7\u00f5es sobre o evento e as inscri\u00e7\u00f5es podem ser encontradas no site <a href=\"http:\/\/www.ufrgs.br\/compolitica2017\" data-saferedirecturl=\"http:\/\/www.google.com\/url?hl=pt-BR&amp;q=http:\/\/www.ufrgs.br\/compolitica2017&amp;source=gmail&amp;ust=1494282747807000&amp;usg=AFQjCNFZ1F5qDQIccIsrDmUtryz-cXM3dg\">www.ufrgs.br\/compolitica2017<\/a>.<br \/>\n<strong>Programa\u00e7\u00e3o:<\/strong><br \/>\n<strong>\u00a0<\/strong><strong><em>10 de maio (quarta-feira)<\/em><\/strong><br \/>\n<strong>10h<\/strong>\u00a0&#8211; Credenciamento<br \/>\n<strong>17h<\/strong>\u00a0&#8211; Abertura da Exposi\u00e7\u00e3o &#8220;Mem\u00f3ria Ocupa Fabico&#8221; (UFRGS)<br \/>\n<strong>18h &#8211;<\/strong>\u00a0Cerim\u00f4nia de abertura<br \/>\n<strong>18h15<\/strong>\u00a0&#8211; Videoconfer\u00eancia de abertura:\u00a0DEMOCRATIC\u00a0AGENCY IN AN AGE OF DIGITAL NETWORKS\u00a0(O agir democr\u00e1tico numa era de redes digitais)<\/p>\n<ul>\n<li>STEPHEN COLEMAN<em>(<\/em>Leeds University\/UK)<\/li>\n<\/ul>\n<p><strong>19h15<\/strong>\u00a0&#8211; Mesa\u00a0DEMOCRACIA EM\u00a0CRISE? POL\u00cdTICA, M\u00cdDIA E OPINI\u00c3O P\u00daBLICA<\/p>\n<ul>\n<li>FERNANDO LATTMAN-WELTMAN (UERJ)<\/li>\n<li>LUIS FELIPE MIGUEL (UnB)<\/li>\n<li>MARIA HELENA WEBER (UFRGS)<\/li>\n<\/ul>\n<p><strong><em>11 de maio (quinta-feira)<\/em><\/strong><br \/>\n<strong>8h30<\/strong>\u00a0&#8211; Mesa\u00a0M\u00cdDIA E INSTITUI\u00c7\u00d5ES NA ATUAL CONJUNTURA BRASILEIRA<\/p>\n<ul>\n<li>AFONSO ALBUQUERQUE (UFF)<\/li>\n<li>FERNANDO AZEVEDO (UFSCAR)<\/li>\n<li>LUCIANA VEIGA (Unirio)<\/li>\n<li>RUDIMAR BALDISSERA (UFRGS)<\/li>\n<\/ul>\n<p><strong>10h30 &#8211;<\/strong>\u00a0Mesa CONFLITOS POL\u00cdTICOS, M\u00cdDIAS E OPINI\u00c3O P\u00daBLICA<\/p>\n<ul>\n<li>ARTHUR ITUASSU (PUC- RIO)<\/li>\n<li>PAULO VAZ (UFRJ)<\/li>\n<li>VERA CHAIA (PUCSP)<\/li>\n<li>ZELIA LEAL ADGHIRNI (UnB)<\/li>\n<\/ul>\n<p><strong>14h \u00e0s<\/strong>\u00a0<strong>18h<\/strong>\u00a0\u2013\u00a0Reuni\u00e3o dos Grupos de Trabalho<br \/>\n<strong>20h30<\/strong>\u00a0&#8211; Lan\u00e7amento de livros, debate com autores e sess\u00e3o de aut\u00f3grafos<br \/>\n<strong><em>12 de maio (sexta-feira)<\/em><\/strong><br \/>\n<strong>8h30 &#8211; <\/strong>Mesa INTERNET E OS DESAFIOS DA COMUNICA\u00c7\u00c3O POL\u00cdTICA<\/p>\n<ul>\n<li>ALESSANDRA ALD\u00c9 (UERJ)<\/li>\n<li>S\u00c9RGIO BRAGA (UFPr)<\/li>\n<li>SIVALDO PEREIRA (UnB)<\/li>\n<li>KELLY PRUD\u00caNCIO (UFPr)<\/li>\n<\/ul>\n<p><strong>10h30 <\/strong>Mesa DEMOCRACIA DIGITAL: PESQUISA E INTERNACIONALIZA\u00c7\u00c3O<\/p>\n<ul>\n<li>EMERSON CERVI (UFPR)<\/li>\n<li>MARCO CEPIK (UFRGS)<\/li>\n<li>WILSON GOMES (UFBA)<\/li>\n<li>VIKTOR CHAGAS (UFF)<\/li>\n<\/ul>\n<p><strong>14h \u00e0s<\/strong>\u00a0<strong>18h<\/strong>\u00a0\u2013 Reuni\u00e3o dos Grupos de Trabalho<br \/>\n<strong>18h30<\/strong>\u00a0&#8211; Assembleia da Associa\u00e7\u00e3o Compol\u00edtica<br \/>\n&nbsp;<\/p>\n","protected":false},"excerpt":{"rendered":"<p>&nbsp; Para discutir a crise na democracia e sua rela\u00e7\u00e3o com a m\u00eddia, a opini\u00e3o p\u00fablica e as institui\u00e7\u00f5es, a Associa\u00e7\u00e3o Brasileira de Pesquisadores em Comunica\u00e7\u00e3o e Pol\u00edtica\u00a0e\u00a0a Universidade Federal do Rio Grande do Sul (UFRGS)\u00a0promovem a s\u00e9tima edi\u00e7\u00e3o do Congresso Compol\u00edtica, de 10 a 12 de maio, na\u00a0Faculdade de Biblioteconomia e\u00a0Comunica\u00e7\u00e3o (Fabico), em Porto [&hellip;]<\/p>\n","protected":false},"author":4,"featured_media":0,"comment_status":"open","ping_status":"closed","sticky":false,"template":"","format":"standard","meta":{"_jetpack_newsletter_access":"","_jetpack_dont_email_post_to_subs":false,"_jetpack_newsletter_tier_id":0,"_jetpack_memberships_contains_paywalled_content":false,"_jetpack_feature_clip_id":0,"_jetpack_memberships_contains_paid_content":false,"footnotes":"","jetpack_post_was_ever_published":false},"categories":[2022],"tags":[],"class_list":["post-48118","post","type-post","status-publish","format-standard","hentry","category-notas"],"aioseo_notices":[],"aioseo_head":"\n\t\t<!-- All in One SEO 5.0.1.1 - aioseo.com -->\n\t<meta name=\"robots\" content=\"max-image-preview:large\" \/>\n\t<meta name=\"author\" content=\"da Reda\u00e7\u00e3o\"\/>\n\t<link rel=\"canonical\" href=\"https:\/\/www.jornalja.com.br\/arquivo\/cosmopolitica-2017-discute-a-crise-na-democracia-e-sua-relacao-com-a-midia\/\" \/>\n\t<meta name=\"generator\" content=\"All in One SEO (AIOSEO) 5.0.1.1\" \/>\n\t\t<meta property=\"og:locale\" content=\"pt_BR\" \/>\n\t\t<meta property=\"og:site_name\" content=\"Arquivo | Jornal J\u00c1 | Porto Alegre\" \/>\n\t\t<meta property=\"og:type\" content=\"article\" \/>\n\t\t<meta property=\"og:title\" content=\"Cosmopol\u00edtica 2017 discute a crise na democracia e sua rela\u00e7\u00e3o com a m\u00eddia | Arquivo\" \/>\n\t\t<meta property=\"og:url\" content=\"https:\/\/www.jornalja.com.br\/arquivo\/cosmopolitica-2017-discute-a-crise-na-democracia-e-sua-relacao-com-a-midia\/\" \/>\n\t\t<meta property=\"og:image\" content=\"https:\/\/www.jornalja.com.br\/economics\/wp-content\/uploads\/sites\/11\/2026\/08\/ja-folhaderosto-facebook.jpg\" \/>\n\t\t<meta property=\"og:image:secure_url\" content=\"https:\/\/www.jornalja.com.br\/economics\/wp-content\/uploads\/sites\/11\/2026\/08\/ja-folhaderosto-facebook.jpg\" \/>\n\t\t<meta property=\"article:published_time\" content=\"2017-05-07T22:45:45+00:00\" \/>\n\t\t<meta property=\"article:modified_time\" content=\"2017-05-07T22:45:45+00:00\" \/>\n\t\t<meta name=\"twitter:card\" content=\"summary\" \/>\n\t\t<meta name=\"twitter:title\" content=\"Cosmopol\u00edtica 2017 discute a crise na democracia e sua rela\u00e7\u00e3o com a m\u00eddia | Arquivo\" \/>\n\t\t<meta name=\"twitter:image\" content=\"https:\/\/www.jornalja.com.br\/economics\/wp-content\/uploads\/sites\/11\/2026\/08\/ja-folhaderosto-facebook.jpg\" \/>\n\t\t<script type=\"application\/ld+json\" class=\"aioseo-schema\">\n\t\t\t{\"@context\":\"https:\\\/\\\/schema.org\",\"@graph\":[{\"@type\":\"BlogPosting\",\"@id\":\"https:\\\/\\\/www.jornalja.com.br\\\/arquivo\\\/cosmopolitica-2017-discute-a-crise-na-democracia-e-sua-relacao-com-a-midia\\\/#blogposting\",\"name\":\"Cosmopol\\u00edtica 2017 discute a crise na democracia e sua rela\\u00e7\\u00e3o com a m\\u00eddia | Arquivo\",\"headline\":\"Cosmopol\\u00edtica 2017 discute a crise na democracia e sua rela\\u00e7\\u00e3o com a m\\u00eddia\",\"author\":{\"@id\":\"https:\\\/\\\/www.jornalja.com.br\\\/arquivo\\\/author\\\/daredacao\\\/#author\"},\"publisher\":{\"@id\":\"https:\\\/\\\/www.jornalja.com.br\\\/arquivo\\\/#organization\"},\"image\":{\"@type\":\"ImageObject\",\"url\":\"https:\\\/\\\/www.jornalja.com.br\\\/wp-content\\\/uploads\\\/cards\\\/JAslogan.png\",\"@id\":\"https:\\\/\\\/www.jornalja.com.br\\\/arquivo\\\/#articleImage\"},\"datePublished\":\"2017-05-07T19:45:45-03:00\",\"dateModified\":\"2017-05-07T19:45:45-03:00\",\"inLanguage\":\"pt-BR\",\"mainEntityOfPage\":{\"@id\":\"https:\\\/\\\/www.jornalja.com.br\\\/arquivo\\\/cosmopolitica-2017-discute-a-crise-na-democracia-e-sua-relacao-com-a-midia\\\/#webpage\"},\"isPartOf\":{\"@id\":\"https:\\\/\\\/www.jornalja.com.br\\\/arquivo\\\/cosmopolitica-2017-discute-a-crise-na-democracia-e-sua-relacao-com-a-midia\\\/#webpage\"},\"articleSection\":\"NOTAS\"},{\"@type\":\"BreadcrumbList\",\"@id\":\"https:\\\/\\\/www.jornalja.com.br\\\/arquivo\\\/cosmopolitica-2017-discute-a-crise-na-democracia-e-sua-relacao-com-a-midia\\\/#breadcrumblist\",\"itemListElement\":[{\"@type\":\"ListItem\",\"@id\":\"https:\\\/\\\/www.jornalja.com.br\\\/arquivo#listItem\",\"position\":1,\"name\":\"Home\",\"item\":\"https:\\\/\\\/www.jornalja.com.br\\\/arquivo\",\"nextItem\":{\"@type\":\"ListItem\",\"@id\":\"https:\\\/\\\/www.jornalja.com.br\\\/arquivo\\\/category\\\/notas\\\/#listItem\",\"name\":\"NOTAS\"}},{\"@type\":\"ListItem\",\"@id\":\"https:\\\/\\\/www.jornalja.com.br\\\/arquivo\\\/category\\\/notas\\\/#listItem\",\"position\":2,\"name\":\"NOTAS\",\"item\":\"https:\\\/\\\/www.jornalja.com.br\\\/arquivo\\\/category\\\/notas\\\/\",\"nextItem\":{\"@type\":\"ListItem\",\"@id\":\"https:\\\/\\\/www.jornalja.com.br\\\/arquivo\\\/cosmopolitica-2017-discute-a-crise-na-democracia-e-sua-relacao-com-a-midia\\\/#listItem\",\"name\":\"Cosmopol\\u00edtica 2017 discute a crise na democracia e sua rela\\u00e7\\u00e3o com a m\\u00eddia\"},\"previousItem\":{\"@type\":\"ListItem\",\"@id\":\"https:\\\/\\\/www.jornalja.com.br\\\/arquivo#listItem\",\"name\":\"Home\"}},{\"@type\":\"ListItem\",\"@id\":\"https:\\\/\\\/www.jornalja.com.br\\\/arquivo\\\/cosmopolitica-2017-discute-a-crise-na-democracia-e-sua-relacao-com-a-midia\\\/#listItem\",\"position\":3,\"name\":\"Cosmopol\\u00edtica 2017 discute a crise na democracia e sua rela\\u00e7\\u00e3o com a m\\u00eddia\",\"previousItem\":{\"@type\":\"ListItem\",\"@id\":\"https:\\\/\\\/www.jornalja.com.br\\\/arquivo\\\/category\\\/notas\\\/#listItem\",\"name\":\"NOTAS\"}}]},{\"@type\":\"Organization\",\"@id\":\"https:\\\/\\\/www.jornalja.com.br\\\/arquivo\\\/#organization\",\"name\":\"Jornal J\\u00c1\",\"description\":\"Jornal J\\u00c1 | Porto Alegre\",\"url\":\"https:\\\/\\\/www.jornalja.com.br\\\/arquivo\\\/\",\"telephone\":\"+555133307272\",\"logo\":{\"@type\":\"ImageObject\",\"url\":\"https:\\\/\\\/www.jornalja.com.br\\\/wp-content\\\/uploads\\\/cards\\\/JAslogan.png\",\"@id\":\"https:\\\/\\\/www.jornalja.com.br\\\/arquivo\\\/cosmopolitica-2017-discute-a-crise-na-democracia-e-sua-relacao-com-a-midia\\\/#organizationLogo\"},\"image\":{\"@id\":\"https:\\\/\\\/www.jornalja.com.br\\\/arquivo\\\/cosmopolitica-2017-discute-a-crise-na-democracia-e-sua-relacao-com-a-midia\\\/#organizationLogo\"}},{\"@type\":\"Person\",\"@id\":\"https:\\\/\\\/www.jornalja.com.br\\\/arquivo\\\/author\\\/daredacao\\\/#author\",\"url\":\"https:\\\/\\\/www.jornalja.com.br\\\/arquivo\\\/author\\\/daredacao\\\/\",\"name\":\"da Reda\\u00e7\\u00e3o\",\"image\":{\"@type\":\"ImageObject\",\"@id\":\"https:\\\/\\\/www.jornalja.com.br\\\/arquivo\\\/cosmopolitica-2017-discute-a-crise-na-democracia-e-sua-relacao-com-a-midia\\\/#authorImage\",\"url\":\"https:\\\/\\\/secure.gravatar.com\\\/avatar\\\/469fd857d6605ad19919d27ed29d35a968a25f6e8fd9318356bbb7f57aae9c65?s=96&d=mm&r=g\",\"width\":96,\"height\":96,\"caption\":\"da Reda\\u00e7\\u00e3o\"}},{\"@type\":\"WebPage\",\"@id\":\"https:\\\/\\\/www.jornalja.com.br\\\/arquivo\\\/cosmopolitica-2017-discute-a-crise-na-democracia-e-sua-relacao-com-a-midia\\\/#webpage\",\"url\":\"https:\\\/\\\/www.jornalja.com.br\\\/arquivo\\\/cosmopolitica-2017-discute-a-crise-na-democracia-e-sua-relacao-com-a-midia\\\/\",\"name\":\"Cosmopol\\u00edtica 2017 discute a crise na democracia e sua rela\\u00e7\\u00e3o com a m\\u00eddia | Arquivo\",\"inLanguage\":\"pt-BR\",\"isPartOf\":{\"@id\":\"https:\\\/\\\/www.jornalja.com.br\\\/arquivo\\\/#website\"},\"breadcrumb\":{\"@id\":\"https:\\\/\\\/www.jornalja.com.br\\\/arquivo\\\/cosmopolitica-2017-discute-a-crise-na-democracia-e-sua-relacao-com-a-midia\\\/#breadcrumblist\"},\"author\":{\"@id\":\"https:\\\/\\\/www.jornalja.com.br\\\/arquivo\\\/author\\\/daredacao\\\/#author\"},\"creator\":{\"@id\":\"https:\\\/\\\/www.jornalja.com.br\\\/arquivo\\\/author\\\/daredacao\\\/#author\"},\"datePublished\":\"2017-05-07T19:45:45-03:00\",\"dateModified\":\"2017-05-07T19:45:45-03:00\"},{\"@type\":\"WebSite\",\"@id\":\"https:\\\/\\\/www.jornalja.com.br\\\/arquivo\\\/#website\",\"url\":\"https:\\\/\\\/www.jornalja.com.br\\\/arquivo\\\/\",\"name\":\"Arquivo\",\"description\":\"Jornal J\\u00c1 | Porto Alegre\",\"inLanguage\":\"pt-BR\",\"publisher\":{\"@id\":\"https:\\\/\\\/www.jornalja.com.br\\\/arquivo\\\/#organization\"}}]}\n\t\t<\/script>\n\t\t<!-- All in One SEO -->\n\n","aioseo_head_json":{"title":"Cosmopol\u00edtica 2017 discute a crise na democracia e sua rela\u00e7\u00e3o com a m\u00eddia | Arquivo","description":"","canonical_url":"https:\/\/www.jornalja.com.br\/arquivo\/cosmopolitica-2017-discute-a-crise-na-democracia-e-sua-relacao-com-a-midia\/","robots":"max-image-preview:large","keywords":"","webmasterTools":{"miscellaneous":""},"schema":{"@context":"https:\/\/schema.org","@graph":[{"@type":"BlogPosting","@id":"https:\/\/www.jornalja.com.br\/arquivo\/cosmopolitica-2017-discute-a-crise-na-democracia-e-sua-relacao-com-a-midia\/#blogposting","name":"Cosmopol\u00edtica 2017 discute a crise na democracia e sua rela\u00e7\u00e3o com a m\u00eddia | Arquivo","headline":"Cosmopol\u00edtica 2017 discute a crise na democracia e sua rela\u00e7\u00e3o com a m\u00eddia","author":{"@id":"https:\/\/www.jornalja.com.br\/arquivo\/author\/daredacao\/#author"},"publisher":{"@id":"https:\/\/www.jornalja.com.br\/arquivo\/#organization"},"image":{"@type":"ImageObject","url":"https:\/\/www.jornalja.com.br\/wp-content\/uploads\/cards\/JAslogan.png","@id":"https:\/\/www.jornalja.com.br\/arquivo\/#articleImage"},"datePublished":"2017-05-07T19:45:45-03:00","dateModified":"2017-05-07T19:45:45-03:00","inLanguage":"pt-BR","mainEntityOfPage":{"@id":"https:\/\/www.jornalja.com.br\/arquivo\/cosmopolitica-2017-discute-a-crise-na-democracia-e-sua-relacao-com-a-midia\/#webpage"},"isPartOf":{"@id":"https:\/\/www.jornalja.com.br\/arquivo\/cosmopolitica-2017-discute-a-crise-na-democracia-e-sua-relacao-com-a-midia\/#webpage"},"articleSection":"NOTAS"},{"@type":"BreadcrumbList","@id":"https:\/\/www.jornalja.com.br\/arquivo\/cosmopolitica-2017-discute-a-crise-na-democracia-e-sua-relacao-com-a-midia\/#breadcrumblist","itemListElement":[{"@type":"ListItem","@id":"https:\/\/www.jornalja.com.br\/arquivo#listItem","position":1,"name":"Home","item":"https:\/\/www.jornalja.com.br\/arquivo","nextItem":{"@type":"ListItem","@id":"https:\/\/www.jornalja.com.br\/arquivo\/category\/notas\/#listItem","name":"NOTAS"}},{"@type":"ListItem","@id":"https:\/\/www.jornalja.com.br\/arquivo\/category\/notas\/#listItem","position":2,"name":"NOTAS","item":"https:\/\/www.jornalja.com.br\/arquivo\/category\/notas\/","nextItem":{"@type":"ListItem","@id":"https:\/\/www.jornalja.com.br\/arquivo\/cosmopolitica-2017-discute-a-crise-na-democracia-e-sua-relacao-com-a-midia\/#listItem","name":"Cosmopol\u00edtica 2017 discute a crise na democracia e sua rela\u00e7\u00e3o com a m\u00eddia"},"previousItem":{"@type":"ListItem","@id":"https:\/\/www.jornalja.com.br\/arquivo#listItem","name":"Home"}},{"@type":"ListItem","@id":"https:\/\/www.jornalja.com.br\/arquivo\/cosmopolitica-2017-discute-a-crise-na-democracia-e-sua-relacao-com-a-midia\/#listItem","position":3,"name":"Cosmopol\u00edtica 2017 discute a crise na democracia e sua rela\u00e7\u00e3o com a m\u00eddia","previousItem":{"@type":"ListItem","@id":"https:\/\/www.jornalja.com.br\/arquivo\/category\/notas\/#listItem","name":"NOTAS"}}]},{"@type":"Organization","@id":"https:\/\/www.jornalja.com.br\/arquivo\/#organization","name":"Jornal J\u00c1","description":"Jornal J\u00c1 | Porto Alegre","url":"https:\/\/www.jornalja.com.br\/arquivo\/","telephone":"+555133307272","logo":{"@type":"ImageObject","url":"https:\/\/www.jornalja.com.br\/wp-content\/uploads\/cards\/JAslogan.png","@id":"https:\/\/www.jornalja.com.br\/arquivo\/cosmopolitica-2017-discute-a-crise-na-democracia-e-sua-relacao-com-a-midia\/#organizationLogo"},"image":{"@id":"https:\/\/www.jornalja.com.br\/arquivo\/cosmopolitica-2017-discute-a-crise-na-democracia-e-sua-relacao-com-a-midia\/#organizationLogo"}},{"@type":"Person","@id":"https:\/\/www.jornalja.com.br\/arquivo\/author\/daredacao\/#author","url":"https:\/\/www.jornalja.com.br\/arquivo\/author\/daredacao\/","name":"da Reda\u00e7\u00e3o","image":{"@type":"ImageObject","@id":"https:\/\/www.jornalja.com.br\/arquivo\/cosmopolitica-2017-discute-a-crise-na-democracia-e-sua-relacao-com-a-midia\/#authorImage","url":"https:\/\/secure.gravatar.com\/avatar\/469fd857d6605ad19919d27ed29d35a968a25f6e8fd9318356bbb7f57aae9c65?s=96&d=mm&r=g","width":96,"height":96,"caption":"da Reda\u00e7\u00e3o"}},{"@type":"WebPage","@id":"https:\/\/www.jornalja.com.br\/arquivo\/cosmopolitica-2017-discute-a-crise-na-democracia-e-sua-relacao-com-a-midia\/#webpage","url":"https:\/\/www.jornalja.com.br\/arquivo\/cosmopolitica-2017-discute-a-crise-na-democracia-e-sua-relacao-com-a-midia\/","name":"Cosmopol\u00edtica 2017 discute a crise na democracia e sua rela\u00e7\u00e3o com a m\u00eddia | Arquivo","inLanguage":"pt-BR","isPartOf":{"@id":"https:\/\/www.jornalja.com.br\/arquivo\/#website"},"breadcrumb":{"@id":"https:\/\/www.jornalja.com.br\/arquivo\/cosmopolitica-2017-discute-a-crise-na-democracia-e-sua-relacao-com-a-midia\/#breadcrumblist"},"author":{"@id":"https:\/\/www.jornalja.com.br\/arquivo\/author\/daredacao\/#author"},"creator":{"@id":"https:\/\/www.jornalja.com.br\/arquivo\/author\/daredacao\/#author"},"datePublished":"2017-05-07T19:45:45-03:00","dateModified":"2017-05-07T19:45:45-03:00"},{"@type":"WebSite","@id":"https:\/\/www.jornalja.com.br\/arquivo\/#website","url":"https:\/\/www.jornalja.com.br\/arquivo\/","name":"Arquivo","description":"Jornal J\u00c1 | Porto Alegre","inLanguage":"pt-BR","publisher":{"@id":"https:\/\/www.jornalja.com.br\/arquivo\/#organization"}}]},"og:locale":"pt_BR","og:site_name":"Arquivo | Jornal J\u00c1 | Porto Alegre","og:type":"article","og:title":"Cosmopol\u00edtica 2017 discute a crise na democracia e sua rela\u00e7\u00e3o com a m\u00eddia | Arquivo","og:url":"https:\/\/www.jornalja.com.br\/arquivo\/cosmopolitica-2017-discute-a-crise-na-democracia-e-sua-relacao-com-a-midia\/","og:image":"https:\/\/www.jornalja.com.br\/economics\/wp-content\/uploads\/sites\/11\/2026\/08\/ja-folhaderosto-facebook.jpg","og:image:secure_url":"https:\/\/www.jornalja.com.br\/economics\/wp-content\/uploads\/sites\/11\/2026\/08\/ja-folhaderosto-facebook.jpg","article:published_time":"2017-05-07T22:45:45+00:00","article:modified_time":"2017-05-07T22:45:45+00:00","twitter:card":"summary","twitter:title":"Cosmopol\u00edtica 2017 discute a crise na democracia e sua rela\u00e7\u00e3o com a m\u00eddia | Arquivo","twitter:image":"https:\/\/www.jornalja.com.br\/economics\/wp-content\/uploads\/sites\/11\/2026\/08\/ja-folhaderosto-facebook.jpg"},"aioseo_meta_data":{"post_id":"48118","title":null,"description":null,"keywords":null,"keyphrases":null,"primary_term":null,"canonical_url":null,"og_title":null,"og_description":null,"og_object_type":"default","og_image_type":"default","og_image_url":null,"og_image_width":null,"og_image_height":null,"og_image_custom_url":null,"og_image_custom_fields":null,"og_video":null,"og_custom_url":null,"og_article_section":null,"og_article_tags":null,"twitter_use_og":false,"twitter_card":"default","twitter_image_type":"default","twitter_image_url":null,"twitter_image_custom_url":null,"twitter_image_custom_fields":null,"twitter_title":null,"twitter_description":null,"schema":{"blockGraphs":[],"customGraphs":[],"default":{"data":{"Article":[],"Course":[],"Dataset":[],"FAQPage":[],"Movie":[],"Person":[],"Product":[],"ProductReview":[],"Car":[],"Recipe":[],"Service":[],"SoftwareApplication":[],"WebPage":[]},"graphName":"","isEnabled":true},"graphs":[],"defaultGraph":"","defaultPostTypeGraph":""},"schema_type":null,"schema_type_options":null,"pillar_content":false,"robots_default":true,"robots_noindex":false,"robots_noarchive":false,"robots_nosnippet":false,"robots_nofollow":false,"robots_noimageindex":false,"robots_noodp":false,"robots_notranslate":false,"robots_max_snippet":null,"robots_max_videopreview":null,"robots_max_imagepreview":"large","priority":null,"frequency":null,"location":null,"local_seo":null,"breadcrumb_settings":null,"limit_modified_date":false,"ai":null,"created":"2020-12-20 20:35:51","updated":"2025-07-19 21:22:25","seo_analyzer_scan_date":null,"focus_keyword":null,"additional_keywords":null,"truseo_locale":null},"jetpack_sharing_enabled":true,"jetpack-related-posts":[{"id":12960,"url":"https:\/\/www.jornalja.com.br\/arquivo\/populacao-culpa-empresas-pela-greve-dos-rodoviarios\/","url_meta":{"origin":48118,"position":0},"title":"Popula\u00e7\u00e3o culpa empresas pela greve","author":"Patr\u00edcia Marini","date":"14 de fevereiro de 2014","format":false,"excerpt":"Pesquisa divulgada na edi\u00e7\u00e3o do jornal Metro desta sexta-feira,14, comprova o velho ditado: \u00e9 poss\u00edvel enganar muitos por algum tempo, mas n\u00e3o \u00e9 poss\u00edvel enganar a todos o tempo inteiro. A principal revela\u00e7\u00e3o foi que 59,8% dos entrevistados apontaram as empresas como as principais respons\u00e1veis pela grave e 46% culparam\u2026","rel":"","context":"Em &quot;X.Categorias velhas&quot;","block_context":{"text":"X.Categorias velhas","link":"https:\/\/www.jornalja.com.br\/arquivo\/category\/x-categorias-velhas\/"},"img":{"alt_text":"","src":"","width":0,"height":0},"classes":[]},{"id":13128,"url":"https:\/\/www.jornalja.com.br\/arquivo\/maconha-terra-diz-que-uso-medicinal-e-desculpa\/","url_meta":{"origin":48118,"position":1},"title":"Maconha: Terra diz que uso medicinal \u00e9 desculpa","author":"Patr\u00edcia Marini","date":"4 de junho de 2014","format":false,"excerpt":"A condi\u00e7\u00e3o de pol\u00edtico, em \u00e9poca de campanha de campanha eleitoral, tira for\u00e7a do discurso do m\u00e9dico Osmar Terra contra a legaliza\u00e7\u00e3o da maconha. A tese dele de que a libera\u00e7\u00e3o vai ampliar exponencialmente o consumo \u00e9 discutivel, o consumo \u00e9 corrente. Mas seus alertas quanto aos riscos tem que\u2026","rel":"","context":"Em &quot;X.Categorias velhas&quot;","block_context":{"text":"X.Categorias velhas","link":"https:\/\/www.jornalja.com.br\/arquivo\/category\/x-categorias-velhas\/"},"img":{"alt_text":"","src":"","width":0,"height":0},"classes":[]},{"id":13240,"url":"https:\/\/www.jornalja.com.br\/arquivo\/plano-diretor-estamos-construindo-o-caos\/","url_meta":{"origin":48118,"position":2},"title":"Plano diretor: &quot;Estamos construindo o caos&quot;","author":"Patr\u00edcia Marini","date":"26 de maio de 2014","format":false,"excerpt":"Desabafo que arquiteta Eliana Castilhos, delegada da Regi\u00e3o de Planejamento 1, postou nas redes sociais \u00e9 um testemunho do ambiente que se criou no Conselho do Plano Diretor de Porto Alegre, onde a aprova\u00e7\u00e3o de grandes empreendimentos \u00e9 empurrada guela abaixo dos conselheiros. Ao CMDUA Como delegada da Regi\u00e3o de\u2026","rel":"","context":"Em &quot;Geral&quot;","block_context":{"text":"Geral","link":"https:\/\/www.jornalja.com.br\/arquivo\/category\/geral\/"},"img":{"alt_text":"","src":"","width":0,"height":0},"classes":[]},{"id":13124,"url":"https:\/\/www.jornalja.com.br\/arquivo\/sangue-latino-no-iecine\/","url_meta":{"origin":48118,"position":3},"title":"Sangue latino no IECINE","author":"da Reda\u00e7\u00e3o","date":"18 de maio de 2014","format":false,"excerpt":"Francisco Ribeiro O Instituto Estadual de Cinema (IECINE) tem a frente, desde abril \u00faltimo, um novo diretor, o cineasta colombiano Juan Zapata, 36, que substitui Luiz Alberto Cassol. Radicado h\u00e1 dez anos em Porto Alegre, Zapata tem diante de si o desafio de conduzir at\u00e9 o final do ano um\u2026","rel":"","context":"Em &quot;Cultura-Geral&quot;","block_context":{"text":"Cultura-Geral","link":"https:\/\/www.jornalja.com.br\/arquivo\/category\/materiasecundaria\/"},"img":{"alt_text":"","src":"","width":0,"height":0},"classes":[]},{"id":14241,"url":"https:\/\/www.jornalja.com.br\/arquivo\/o-guaiba-nas-imagens-poeticas-de-achutti\/","url_meta":{"origin":48118,"position":4},"title":"O Gua\u00edba nas imagens po\u00e9ticas de Achutti","author":"da Reda\u00e7\u00e3o","date":"18 de junho de 2014","format":false,"excerpt":"Em \u201cO Gua\u00edba por Achutti\u201d \u2013 obra financiada via Minist\u00e9rio da Cultura, produ\u00e7\u00e3o executiva de Pedro Longhi, e Fl\u00e1vio Wild como designer \u2013, o fot\u00f3grafo revela a beleza e as mazelas de um espa\u00e7o aqu\u00e1tico de \u00e1guas sempre renovadas, cheio de hist\u00f3rias e lendas como as das cidades que foram\u2026","rel":"","context":"Em &quot;Cultura-Geral&quot;","block_context":{"text":"Cultura-Geral","link":"https:\/\/www.jornalja.com.br\/arquivo\/category\/materiasecundaria\/"},"img":{"alt_text":"","src":"","width":0,"height":0},"classes":[]},{"id":13109,"url":"https:\/\/www.jornalja.com.br\/arquivo\/judiciario-reconhece-poluicao-eletromagnetica\/","url_meta":{"origin":48118,"position":5},"title":"Judici\u00e1rio reconhece polui\u00e7\u00e3o eletromagn\u00e9tica","author":"Patr\u00edcia Marini","date":"16 de maio de 2014","format":false,"excerpt":"A\u00e7\u00e3o de duas associa\u00e7\u00f5es de moradores foi acolhida pelo Tribunal de Justi\u00e7a de S\u00e3o Paulo que. em decis\u00e3o in\u00e9dita, determinou a redu\u00e7\u00e3o do campo eletromagn\u00e9tico gerado pelas linhas de transmiss\u00e3o de energia que cortam os bairros City Boa\u00e7ava e Alto de Pinheiros. \u00c9 a primeira vez que um tribunal do\u2026","rel":"","context":"Em &quot;X.Categorias velhas&quot;","block_context":{"text":"X.Categorias velhas","link":"https:\/\/www.jornalja.com.br\/arquivo\/category\/x-categorias-velhas\/"},"img":{"alt_text":"","src":"","width":0,"height":0},"classes":[]}],"jetpack_shortlink":"https:\/\/wp.me\/pbQjBd-cw6","jetpack_featured_media_url":"","_links":{"self":[{"href":"https:\/\/www.jornalja.com.br\/arquivo\/wp-json\/wp\/v2\/posts\/48118","targetHints":{"allow":["GET"]}}],"collection":[{"href":"https:\/\/www.jornalja.com.br\/arquivo\/wp-json\/wp\/v2\/posts"}],"about":[{"href":"https:\/\/www.jornalja.com.br\/arquivo\/wp-json\/wp\/v2\/types\/post"}],"author":[{"embeddable":true,"href":"https:\/\/www.jornalja.com.br\/arquivo\/wp-json\/wp\/v2\/users\/4"}],"replies":[{"embeddable":true,"href":"https:\/\/www.jornalja.com.br\/arquivo\/wp-json\/wp\/v2\/comments?post=48118"}],"version-history":[{"count":0,"href":"https:\/\/www.jornalja.com.br\/arquivo\/wp-json\/wp\/v2\/posts\/48118\/revisions"}],"wp:attachment":[{"href":"https:\/\/www.jornalja.com.br\/arquivo\/wp-json\/wp\/v2\/media?parent=48118"}],"wp:term":[{"taxonomy":"category","embeddable":true,"href":"https:\/\/www.jornalja.com.br\/arquivo\/wp-json\/wp\/v2\/categories?post=48118"},{"taxonomy":"post_tag","embeddable":true,"href":"https:\/\/www.jornalja.com.br\/arquivo\/wp-json\/wp\/v2\/tags?post=48118"}],"curies":[{"name":"wp","href":"https:\/\/api.w.org\/{rel}","templated":true}]}}