{"id":48121,"date":"2017-05-07T21:47:02","date_gmt":"2017-05-08T00:47:02","guid":{"rendered":"https:\/\/www.jornalja.com.br\/?p=48121"},"modified":"2017-05-07T21:47:02","modified_gmt":"2017-05-08T00:47:02","slug":"a-realidade-e-o-seu-contrario","status":"publish","type":"post","link":"https:\/\/www.jornalja.com.br\/arquivo\/a-realidade-e-o-seu-contrario\/","title":{"rendered":"A realidade e o seu contr\u00e1rio"},"content":{"rendered":"<p><span class=\"assina\">Jo\u00e3o Alberto Wohlfart<\/span><br \/>\nOs desdobramentos dos fatos relacionados ao golpe no Brasil desafiam a an\u00e1lise e o pensamento cr\u00edtico. Um olhar retrospectivo no tempo cronol\u00f3gico de um ano identifica significativas mudan\u00e7as na coalis\u00e3o e na combina\u00e7\u00e3o das for\u00e7as pol\u00edticas e sociais. Isto significa dizer que toda a realidade est\u00e1 impregnada de seu contr\u00e1rio, e ela \u00e9 movida por esta for\u00e7a que habita em seu interior. No artigo que segue faremos uma leitura dos fatos pelo vi\u00e9s da contradi\u00e7\u00e3o de for\u00e7as que move a sociedade.<br \/>\nPartindo do fat\u00eddico dezessete de abril de 2016, quando os deputados autorizaram o golpe contra a presidente Dilma, com invoca\u00e7\u00e3o de Deus, da moralidade e dos familiares, a elite dominante esmagava o povo destitu\u00eddo de lideran\u00e7a e de capacidade de rea\u00e7\u00e3o. Muitos representantes da casa grande ocuparam postos importantes no governo Dilma em cujo interior se formou o golpe. Os que amplamente foram favorecidos por este governo deram o golpe e submeteram o pa\u00eds a um dom\u00ednio patriarcal jamais visto na hist\u00f3ria.<br \/>\nDe um ano para c\u00e1 houve uma ofensiva da direita pol\u00edtica e da classe dominante numa velocidade e intensidade jamais vistas. Fomos tomados de surpresa por uma avalanche devastadora dos Direitos Humanos, da Democracia, das conquistas sociais, das riquezas nacionais e da pr\u00f3pria organiza\u00e7\u00e3o social. A burguesia imp\u00f4s a sua agenda de retrocessos e o povo se curvou diante desta ofensiva extremamente agressiva. Estas for\u00e7as se organizaram de tal maneira que a sua a\u00e7\u00e3o fosse devastadora, numa organiza\u00e7\u00e3o criminosa que reuniu o congresso nacional, o judici\u00e1rio, o Supremo Tribunal Federal, a m\u00eddia, o empresariado nacional e internacional etc.<br \/>\nNuma ofensiva jamais vista, a elite conservadora foi \u00e0s ruas numa multid\u00e3o de milh\u00f5es de pessoas para pedir o impedimento da Presidente Dilma. A grande m\u00eddia conseguiu difundir a ideia de que Lula e o PT s\u00e3o os principais corruptos e os respons\u00e1veis por ela. Diante de uma agenda de retrocessos conseguiram difundir a mentalidade antipetista e o \u00f3dio contra os seus principais l\u00edderes. Este discurso pegou de tal maneira que as pessoas, nas ruas, falassem intensamente contra a figura de Lula.<br \/>\nAssistimos sem capacidade de rea\u00e7\u00e3o a um conjunto de for\u00e7as que v\u00eam de cima e esmagam a sociedade. Todas as for\u00e7as conservadoras historicamente atuantes no Brasil convergiram e impuseram de cima para baixo, sem dialogar com a sociedade, os seus interesses e a sua agenda. E nesta l\u00f3gica acabaram com a Constitui\u00e7\u00e3o Federal, com a Democracia, com os Direitos Sociais, com a Previd\u00eancia social, revestidos da generosidade do esp\u00edrito de entrega das riquezas nacionais e do perd\u00e3o das d\u00edvidas de grandes corpora\u00e7\u00f5es econ\u00f4micas e dos bancos.<br \/>\nMas os ventos mudaram. A sociedade como um todo, a classe popular e a classe trabalhadora acordaram. As for\u00e7as mudaram de sentido e agora elas v\u00eam de baixo, da base social e do povo espoliado com os retrocessos do governo Temer. A greve geral do dia 28 de abril \u00e9 um indicativo muito claro disso. Uma mobiliza\u00e7\u00e3o geral, organizada, integrada e intersindical, com paraliza\u00e7\u00e3o de quase todas as atividades e ades\u00e3o de muitas categorias de trabalhadores, foi a maior greve geral j\u00e1 organizada neste pa\u00eds. Mesmo ironizando publicamente a greve, a base do governo Temer tremeu.<br \/>\nMesmo diante da avalanche de destrui\u00e7\u00f5es que ruiu com a economia, a sociedade e os Direitos fundamentais, h\u00e1 uma intensa for\u00e7a que vem da base da sociedade. Grupos sociais dispersos soltaram a sua voz e se alinharam para lutar contra os retrocessos sociais. Uma novidade significativa do cen\u00e1rio da greve geral \u00e9 a voz da CNBB, com posicionamento favor\u00e1vel \u00e0s manifesta\u00e7\u00f5es por parte de mais de 100 bispos. Pelo que tudo indica a Igreja Cat\u00f3lica brasileira volta \u00e0 profecia das d\u00e9cadas de 70 e 80 com um posicionamento social claro em favor dos explorados pelo sistema.<br \/>\nJ\u00e1 h\u00e1 uma convic\u00e7\u00e3o mais ampla de que o governo Temer retira direitos, \u00e9 extremamente corrupto e penaliza cada vez mais a popula\u00e7\u00e3o. Percebe-se uma for\u00e7a de reorganiza\u00e7\u00e3o das bases numa sucessiva intensifica\u00e7\u00e3o dos movimentos para efetivar a manuten\u00e7\u00e3o das conquistas. As paraliza\u00e7\u00f5es do dia 28 de abril e as manifesta\u00e7\u00f5es do dia primeiro de maio s\u00e3o apenas o come\u00e7o de um intenso movimento de mobiliza\u00e7\u00f5es. Muita coisa que estava esquecida e n\u00e3o se sabia mais fazer foi reaprendida. \u00c9 prov\u00e1vel que os movimentos de base se intensifiquem cada vez mais e derrubem o governo ileg\u00edtimo que assaltou o poder.<br \/>\nDepois de uma ofensiva ultraconservadora jamais vista na hist\u00f3ria do Planeta e que deixou a sociedade e a economia em frangalhos, vemos o ressurgimento de uma organiza\u00e7\u00e3o a partir das bases populares. A mobiliza\u00e7\u00e3o do dia 28 de abril aglutinou Sindicatos, trabalhadores, religi\u00f5es, intelectuais, Universidades, pol\u00edticos etc. numa for\u00e7a organizada para impedir a continuidade dos assaltos aos Direitos fundamentais historicamente conquistados. O importante \u00e9 que o projeto golpista n\u00e3o vai continuar as suas imposi\u00e7\u00f5es sem resist\u00eancia e sem oposi\u00e7\u00e3o. Chegou a vez das bases populares se organizarem e produzirem um movimento oposto de baixo para cima e derrotar os canalhas que golpearam o Brasil e a Democracia.<br \/>\nO movimento intersindical que organizou as \u00faltimas mobiliza\u00e7\u00f5es no Brasil \u00e9 a primeira for\u00e7a sistem\u00e1tica contra o golpe e os seus retrocessos. De agora em diante, a tend\u00eancia \u00e9 de que, quanto maior a repress\u00e3o policial e os ataques aos Direitos Humanos, maior ser\u00e1 a resist\u00eancia contra o golpismo. J\u00e1 perdeu legitimidade o discurso da elite e da grande m\u00eddia acerca da moraliza\u00e7\u00e3o do pa\u00eds que seria promovida pelo governo Temer. Em contrapartida, est\u00e1 tomando conta a convic\u00e7\u00e3o coletiva da retirada de Direitos com as reformas trabalhista e previdenci\u00e1ria. Esta nova tend\u00eancia da opini\u00e3o p\u00fablica deve desdobrar-se em novas formas de organiza\u00e7\u00e3o das bases contra golpes e viola\u00e7\u00f5es.<br \/>\nUm dos aspectos mais significativos \u00e9 a ocupa\u00e7\u00e3o das ruas e pra\u00e7as de nossas cidades. Milh\u00f5es de trabalhadores ocuparam as ruas e soltaram em un\u00edssono o grito contra o esfacelamento da na\u00e7\u00e3o brasileira levado a efeito por uma corja de bandidos pol\u00edticos distribu\u00eddos em todas as esferas do Estado. As pra\u00e7as p\u00fablicas de nossas cidades se transformaram em palco de aulas p\u00fablicas sobre a realidade mundial e brasileira, sobre Democracia, sobre Direitos Humanos e sobre cidadania. A dispers\u00e3o da grande massa popular se transformou numa organiza\u00e7\u00e3o social nas ruas e pra\u00e7as e num movimento de resist\u00eancia aos ataques contra a soberania popular, contra soberania nacional e contra as conquistas hist\u00f3ricas.<br \/>\nO movimento golpista entrou em contradi\u00e7\u00e3o. Mesmo com toda a sua for\u00e7a de destrui\u00e7\u00e3o e de imposi\u00e7\u00e3o dos interesses da classe capitalista dominante, produziu a contradi\u00e7\u00e3o interna. O fortalecimento das bases a partir de sua capacidade de organiza\u00e7\u00e3o estabelece uma for\u00e7a que far\u00e1 frente aos ataques golpistas que pretendem destruir conquistas hist\u00f3ricas do povo brasileiro. Mesmo com o cassete nas ruas e a intensa m\u00eddia, os movimentos v\u00e3o aprofundar cada vez mais a resist\u00eancia, com a capacidade de derrubar as aves de rapina que aplicaram o golpe.<br \/>\n&nbsp;<\/p>\n","protected":false},"excerpt":{"rendered":"<p>Jo\u00e3o Alberto Wohlfart Os desdobramentos dos fatos relacionados ao golpe no Brasil desafiam a an\u00e1lise e o pensamento cr\u00edtico. Um olhar retrospectivo no tempo cronol\u00f3gico de um ano identifica significativas mudan\u00e7as na coalis\u00e3o e na combina\u00e7\u00e3o das for\u00e7as pol\u00edticas e sociais. Isto significa dizer que toda a realidade est\u00e1 impregnada de seu contr\u00e1rio, e ela [&hellip;]<\/p>\n","protected":false},"author":4,"featured_media":48123,"comment_status":"open","ping_status":"closed","sticky":false,"template":"","format":"standard","meta":{"_jetpack_newsletter_access":"","_jetpack_dont_email_post_to_subs":false,"_jetpack_newsletter_tier_id":0,"_jetpack_memberships_contains_paywalled_content":false,"_jetpack_feature_clip_id":0,"_jetpack_memberships_contains_paid_content":false,"footnotes":"","jetpack_post_was_ever_published":false},"categories":[2011,2012],"tags":[],"class_list":["post-48121","post","type-post","status-publish","format-standard","has-post-thumbnail","hentry","category-destaque","category-debates"],"aioseo_notices":[],"aioseo_head":"\n\t\t<!-- All in One SEO 5.0.1.1 - aioseo.com -->\n\t<meta name=\"robots\" content=\"max-image-preview:large\" \/>\n\t<meta name=\"author\" content=\"da Reda\u00e7\u00e3o\"\/>\n\t<link rel=\"canonical\" href=\"https:\/\/www.jornalja.com.br\/arquivo\/a-realidade-e-o-seu-contrario\/\" \/>\n\t<meta name=\"generator\" content=\"All in One SEO (AIOSEO) 5.0.1.1\" \/>\n\t\t<meta property=\"og:locale\" content=\"pt_BR\" \/>\n\t\t<meta property=\"og:site_name\" content=\"Arquivo | Jornal J\u00c1 | Porto Alegre\" \/>\n\t\t<meta property=\"og:type\" content=\"article\" \/>\n\t\t<meta property=\"og:title\" content=\"A realidade e o seu contr\u00e1rio | Arquivo\" \/>\n\t\t<meta property=\"og:url\" content=\"https:\/\/www.jornalja.com.br\/arquivo\/a-realidade-e-o-seu-contrario\/\" \/>\n\t\t<meta property=\"og:image\" content=\"https:\/\/www.jornalja.com.br\/economics\/wp-content\/uploads\/sites\/11\/2026\/08\/ja-folhaderosto-facebook.jpg\" \/>\n\t\t<meta property=\"og:image:secure_url\" content=\"https:\/\/www.jornalja.com.br\/economics\/wp-content\/uploads\/sites\/11\/2026\/08\/ja-folhaderosto-facebook.jpg\" \/>\n\t\t<meta property=\"article:published_time\" content=\"2017-05-08T00:47:02+00:00\" \/>\n\t\t<meta property=\"article:modified_time\" content=\"2017-05-08T00:47:02+00:00\" \/>\n\t\t<meta name=\"twitter:card\" content=\"summary\" \/>\n\t\t<meta name=\"twitter:title\" content=\"A realidade e o seu contr\u00e1rio | Arquivo\" \/>\n\t\t<meta name=\"twitter:image\" content=\"https:\/\/www.jornalja.com.br\/economics\/wp-content\/uploads\/sites\/11\/2026\/08\/ja-folhaderosto-facebook.jpg\" \/>\n\t\t<script type=\"application\/ld+json\" class=\"aioseo-schema\">\n\t\t\t{\"@context\":\"https:\\\/\\\/schema.org\",\"@graph\":[{\"@type\":\"BlogPosting\",\"@id\":\"https:\\\/\\\/www.jornalja.com.br\\\/arquivo\\\/a-realidade-e-o-seu-contrario\\\/#blogposting\",\"name\":\"A realidade e o seu contr\\u00e1rio | Arquivo\",\"headline\":\"A realidade e o seu contr\\u00e1rio\",\"author\":{\"@id\":\"https:\\\/\\\/www.jornalja.com.br\\\/arquivo\\\/author\\\/daredacao\\\/#author\"},\"publisher\":{\"@id\":\"https:\\\/\\\/www.jornalja.com.br\\\/arquivo\\\/#organization\"},\"image\":{\"@type\":\"ImageObject\",\"url\":48123},\"datePublished\":\"2017-05-07T21:47:02-03:00\",\"dateModified\":\"2017-05-07T21:47:02-03:00\",\"inLanguage\":\"pt-BR\",\"mainEntityOfPage\":{\"@id\":\"https:\\\/\\\/www.jornalja.com.br\\\/arquivo\\\/a-realidade-e-o-seu-contrario\\\/#webpage\"},\"isPartOf\":{\"@id\":\"https:\\\/\\\/www.jornalja.com.br\\\/arquivo\\\/a-realidade-e-o-seu-contrario\\\/#webpage\"},\"articleSection\":\"CDD-artigo em destaque, HOTSITE Comit\\u00ea pela Democracia\"},{\"@type\":\"BreadcrumbList\",\"@id\":\"https:\\\/\\\/www.jornalja.com.br\\\/arquivo\\\/a-realidade-e-o-seu-contrario\\\/#breadcrumblist\",\"itemListElement\":[{\"@type\":\"ListItem\",\"@id\":\"https:\\\/\\\/www.jornalja.com.br\\\/arquivo#listItem\",\"position\":1,\"name\":\"Home\",\"item\":\"https:\\\/\\\/www.jornalja.com.br\\\/arquivo\",\"nextItem\":{\"@type\":\"ListItem\",\"@id\":\"https:\\\/\\\/www.jornalja.com.br\\\/arquivo\\\/category\\\/destaque\\\/#listItem\",\"name\":\"CDD-artigo em destaque\"}},{\"@type\":\"ListItem\",\"@id\":\"https:\\\/\\\/www.jornalja.com.br\\\/arquivo\\\/category\\\/destaque\\\/#listItem\",\"position\":2,\"name\":\"CDD-artigo em destaque\",\"item\":\"https:\\\/\\\/www.jornalja.com.br\\\/arquivo\\\/category\\\/destaque\\\/\",\"nextItem\":{\"@type\":\"ListItem\",\"@id\":\"https:\\\/\\\/www.jornalja.com.br\\\/arquivo\\\/a-realidade-e-o-seu-contrario\\\/#listItem\",\"name\":\"A realidade e o seu contr\\u00e1rio\"},\"previousItem\":{\"@type\":\"ListItem\",\"@id\":\"https:\\\/\\\/www.jornalja.com.br\\\/arquivo#listItem\",\"name\":\"Home\"}},{\"@type\":\"ListItem\",\"@id\":\"https:\\\/\\\/www.jornalja.com.br\\\/arquivo\\\/a-realidade-e-o-seu-contrario\\\/#listItem\",\"position\":3,\"name\":\"A realidade e o seu contr\\u00e1rio\",\"previousItem\":{\"@type\":\"ListItem\",\"@id\":\"https:\\\/\\\/www.jornalja.com.br\\\/arquivo\\\/category\\\/destaque\\\/#listItem\",\"name\":\"CDD-artigo em destaque\"}}]},{\"@type\":\"Organization\",\"@id\":\"https:\\\/\\\/www.jornalja.com.br\\\/arquivo\\\/#organization\",\"name\":\"Jornal J\\u00c1\",\"description\":\"Jornal J\\u00c1 | Porto Alegre\",\"url\":\"https:\\\/\\\/www.jornalja.com.br\\\/arquivo\\\/\",\"telephone\":\"+555133307272\",\"logo\":{\"@type\":\"ImageObject\",\"url\":\"https:\\\/\\\/www.jornalja.com.br\\\/wp-content\\\/uploads\\\/cards\\\/JAslogan.png\",\"@id\":\"https:\\\/\\\/www.jornalja.com.br\\\/arquivo\\\/a-realidade-e-o-seu-contrario\\\/#organizationLogo\"},\"image\":{\"@id\":\"https:\\\/\\\/www.jornalja.com.br\\\/arquivo\\\/a-realidade-e-o-seu-contrario\\\/#organizationLogo\"}},{\"@type\":\"Person\",\"@id\":\"https:\\\/\\\/www.jornalja.com.br\\\/arquivo\\\/author\\\/daredacao\\\/#author\",\"url\":\"https:\\\/\\\/www.jornalja.com.br\\\/arquivo\\\/author\\\/daredacao\\\/\",\"name\":\"da Reda\\u00e7\\u00e3o\",\"image\":{\"@type\":\"ImageObject\",\"@id\":\"https:\\\/\\\/www.jornalja.com.br\\\/arquivo\\\/a-realidade-e-o-seu-contrario\\\/#authorImage\",\"url\":\"https:\\\/\\\/secure.gravatar.com\\\/avatar\\\/469fd857d6605ad19919d27ed29d35a968a25f6e8fd9318356bbb7f57aae9c65?s=96&d=mm&r=g\",\"width\":96,\"height\":96,\"caption\":\"da Reda\\u00e7\\u00e3o\"}},{\"@type\":\"WebPage\",\"@id\":\"https:\\\/\\\/www.jornalja.com.br\\\/arquivo\\\/a-realidade-e-o-seu-contrario\\\/#webpage\",\"url\":\"https:\\\/\\\/www.jornalja.com.br\\\/arquivo\\\/a-realidade-e-o-seu-contrario\\\/\",\"name\":\"A realidade e o seu contr\\u00e1rio | Arquivo\",\"inLanguage\":\"pt-BR\",\"isPartOf\":{\"@id\":\"https:\\\/\\\/www.jornalja.com.br\\\/arquivo\\\/#website\"},\"breadcrumb\":{\"@id\":\"https:\\\/\\\/www.jornalja.com.br\\\/arquivo\\\/a-realidade-e-o-seu-contrario\\\/#breadcrumblist\"},\"author\":{\"@id\":\"https:\\\/\\\/www.jornalja.com.br\\\/arquivo\\\/author\\\/daredacao\\\/#author\"},\"creator\":{\"@id\":\"https:\\\/\\\/www.jornalja.com.br\\\/arquivo\\\/author\\\/daredacao\\\/#author\"},\"image\":{\"@type\":\"ImageObject\",\"url\":48123,\"@id\":\"https:\\\/\\\/www.jornalja.com.br\\\/arquivo\\\/a-realidade-e-o-seu-contrario\\\/#mainImage\"},\"primaryImageOfPage\":{\"@id\":\"https:\\\/\\\/www.jornalja.com.br\\\/arquivo\\\/a-realidade-e-o-seu-contrario\\\/#mainImage\"},\"datePublished\":\"2017-05-07T21:47:02-03:00\",\"dateModified\":\"2017-05-07T21:47:02-03:00\"},{\"@type\":\"WebSite\",\"@id\":\"https:\\\/\\\/www.jornalja.com.br\\\/arquivo\\\/#website\",\"url\":\"https:\\\/\\\/www.jornalja.com.br\\\/arquivo\\\/\",\"name\":\"Arquivo\",\"description\":\"Jornal J\\u00c1 | Porto Alegre\",\"inLanguage\":\"pt-BR\",\"publisher\":{\"@id\":\"https:\\\/\\\/www.jornalja.com.br\\\/arquivo\\\/#organization\"}}]}\n\t\t<\/script>\n\t\t<!-- All in One SEO -->\n\n","aioseo_head_json":{"title":"A realidade e o seu contr\u00e1rio | Arquivo","description":"","canonical_url":"https:\/\/www.jornalja.com.br\/arquivo\/a-realidade-e-o-seu-contrario\/","robots":"max-image-preview:large","keywords":"","webmasterTools":{"miscellaneous":""},"schema":{"@context":"https:\/\/schema.org","@graph":[{"@type":"BlogPosting","@id":"https:\/\/www.jornalja.com.br\/arquivo\/a-realidade-e-o-seu-contrario\/#blogposting","name":"A realidade e o seu contr\u00e1rio | Arquivo","headline":"A realidade e o seu contr\u00e1rio","author":{"@id":"https:\/\/www.jornalja.com.br\/arquivo\/author\/daredacao\/#author"},"publisher":{"@id":"https:\/\/www.jornalja.com.br\/arquivo\/#organization"},"image":{"@type":"ImageObject","url":48123},"datePublished":"2017-05-07T21:47:02-03:00","dateModified":"2017-05-07T21:47:02-03:00","inLanguage":"pt-BR","mainEntityOfPage":{"@id":"https:\/\/www.jornalja.com.br\/arquivo\/a-realidade-e-o-seu-contrario\/#webpage"},"isPartOf":{"@id":"https:\/\/www.jornalja.com.br\/arquivo\/a-realidade-e-o-seu-contrario\/#webpage"},"articleSection":"CDD-artigo em destaque, HOTSITE Comit\u00ea pela Democracia"},{"@type":"BreadcrumbList","@id":"https:\/\/www.jornalja.com.br\/arquivo\/a-realidade-e-o-seu-contrario\/#breadcrumblist","itemListElement":[{"@type":"ListItem","@id":"https:\/\/www.jornalja.com.br\/arquivo#listItem","position":1,"name":"Home","item":"https:\/\/www.jornalja.com.br\/arquivo","nextItem":{"@type":"ListItem","@id":"https:\/\/www.jornalja.com.br\/arquivo\/category\/destaque\/#listItem","name":"CDD-artigo em destaque"}},{"@type":"ListItem","@id":"https:\/\/www.jornalja.com.br\/arquivo\/category\/destaque\/#listItem","position":2,"name":"CDD-artigo em destaque","item":"https:\/\/www.jornalja.com.br\/arquivo\/category\/destaque\/","nextItem":{"@type":"ListItem","@id":"https:\/\/www.jornalja.com.br\/arquivo\/a-realidade-e-o-seu-contrario\/#listItem","name":"A realidade e o seu contr\u00e1rio"},"previousItem":{"@type":"ListItem","@id":"https:\/\/www.jornalja.com.br\/arquivo#listItem","name":"Home"}},{"@type":"ListItem","@id":"https:\/\/www.jornalja.com.br\/arquivo\/a-realidade-e-o-seu-contrario\/#listItem","position":3,"name":"A realidade e o seu contr\u00e1rio","previousItem":{"@type":"ListItem","@id":"https:\/\/www.jornalja.com.br\/arquivo\/category\/destaque\/#listItem","name":"CDD-artigo em destaque"}}]},{"@type":"Organization","@id":"https:\/\/www.jornalja.com.br\/arquivo\/#organization","name":"Jornal J\u00c1","description":"Jornal J\u00c1 | Porto Alegre","url":"https:\/\/www.jornalja.com.br\/arquivo\/","telephone":"+555133307272","logo":{"@type":"ImageObject","url":"https:\/\/www.jornalja.com.br\/wp-content\/uploads\/cards\/JAslogan.png","@id":"https:\/\/www.jornalja.com.br\/arquivo\/a-realidade-e-o-seu-contrario\/#organizationLogo"},"image":{"@id":"https:\/\/www.jornalja.com.br\/arquivo\/a-realidade-e-o-seu-contrario\/#organizationLogo"}},{"@type":"Person","@id":"https:\/\/www.jornalja.com.br\/arquivo\/author\/daredacao\/#author","url":"https:\/\/www.jornalja.com.br\/arquivo\/author\/daredacao\/","name":"da Reda\u00e7\u00e3o","image":{"@type":"ImageObject","@id":"https:\/\/www.jornalja.com.br\/arquivo\/a-realidade-e-o-seu-contrario\/#authorImage","url":"https:\/\/secure.gravatar.com\/avatar\/469fd857d6605ad19919d27ed29d35a968a25f6e8fd9318356bbb7f57aae9c65?s=96&d=mm&r=g","width":96,"height":96,"caption":"da Reda\u00e7\u00e3o"}},{"@type":"WebPage","@id":"https:\/\/www.jornalja.com.br\/arquivo\/a-realidade-e-o-seu-contrario\/#webpage","url":"https:\/\/www.jornalja.com.br\/arquivo\/a-realidade-e-o-seu-contrario\/","name":"A realidade e o seu contr\u00e1rio | Arquivo","inLanguage":"pt-BR","isPartOf":{"@id":"https:\/\/www.jornalja.com.br\/arquivo\/#website"},"breadcrumb":{"@id":"https:\/\/www.jornalja.com.br\/arquivo\/a-realidade-e-o-seu-contrario\/#breadcrumblist"},"author":{"@id":"https:\/\/www.jornalja.com.br\/arquivo\/author\/daredacao\/#author"},"creator":{"@id":"https:\/\/www.jornalja.com.br\/arquivo\/author\/daredacao\/#author"},"image":{"@type":"ImageObject","url":48123,"@id":"https:\/\/www.jornalja.com.br\/arquivo\/a-realidade-e-o-seu-contrario\/#mainImage"},"primaryImageOfPage":{"@id":"https:\/\/www.jornalja.com.br\/arquivo\/a-realidade-e-o-seu-contrario\/#mainImage"},"datePublished":"2017-05-07T21:47:02-03:00","dateModified":"2017-05-07T21:47:02-03:00"},{"@type":"WebSite","@id":"https:\/\/www.jornalja.com.br\/arquivo\/#website","url":"https:\/\/www.jornalja.com.br\/arquivo\/","name":"Arquivo","description":"Jornal J\u00c1 | Porto Alegre","inLanguage":"pt-BR","publisher":{"@id":"https:\/\/www.jornalja.com.br\/arquivo\/#organization"}}]},"og:locale":"pt_BR","og:site_name":"Arquivo | Jornal J\u00c1 | Porto Alegre","og:type":"article","og:title":"A realidade e o seu contr\u00e1rio | Arquivo","og:url":"https:\/\/www.jornalja.com.br\/arquivo\/a-realidade-e-o-seu-contrario\/","og:image":"https:\/\/www.jornalja.com.br\/economics\/wp-content\/uploads\/sites\/11\/2026\/08\/ja-folhaderosto-facebook.jpg","og:image:secure_url":"https:\/\/www.jornalja.com.br\/economics\/wp-content\/uploads\/sites\/11\/2026\/08\/ja-folhaderosto-facebook.jpg","article:published_time":"2017-05-08T00:47:02+00:00","article:modified_time":"2017-05-08T00:47:02+00:00","twitter:card":"summary","twitter:title":"A realidade e o seu contr\u00e1rio | Arquivo","twitter:image":"https:\/\/www.jornalja.com.br\/economics\/wp-content\/uploads\/sites\/11\/2026\/08\/ja-folhaderosto-facebook.jpg"},"aioseo_meta_data":{"post_id":"48121","title":null,"description":null,"keywords":null,"keyphrases":null,"primary_term":null,"canonical_url":null,"og_title":null,"og_description":null,"og_object_type":"default","og_image_type":"default","og_image_url":null,"og_image_width":null,"og_image_height":null,"og_image_custom_url":null,"og_image_custom_fields":null,"og_video":null,"og_custom_url":null,"og_article_section":null,"og_article_tags":null,"twitter_use_og":false,"twitter_card":"default","twitter_image_type":"default","twitter_image_url":null,"twitter_image_custom_url":null,"twitter_image_custom_fields":null,"twitter_title":null,"twitter_description":null,"schema":{"blockGraphs":[],"customGraphs":[],"default":{"data":{"Article":[],"Course":[],"Dataset":[],"FAQPage":[],"Movie":[],"Person":[],"Product":[],"ProductReview":[],"Car":[],"Recipe":[],"Service":[],"SoftwareApplication":[],"WebPage":[]},"graphName":"","isEnabled":true},"graphs":[]},"schema_type":null,"schema_type_options":null,"pillar_content":false,"robots_default":true,"robots_noindex":false,"robots_noarchive":false,"robots_nosnippet":false,"robots_nofollow":false,"robots_noimageindex":false,"robots_noodp":false,"robots_notranslate":false,"robots_max_snippet":null,"robots_max_videopreview":null,"robots_max_imagepreview":"large","priority":null,"frequency":null,"location":null,"local_seo":null,"breadcrumb_settings":null,"limit_modified_date":false,"ai":null,"created":"2020-12-20 20:35:51","updated":"2025-07-19 21:22:25","seo_analyzer_scan_date":null,"focus_keyword":null,"additional_keywords":null,"truseo_locale":null},"jetpack_sharing_enabled":true,"jetpack-related-posts":[{"id":13128,"url":"https:\/\/www.jornalja.com.br\/arquivo\/maconha-terra-diz-que-uso-medicinal-e-desculpa\/","url_meta":{"origin":48121,"position":0},"title":"Maconha: Terra diz que uso medicinal \u00e9 desculpa","author":"Patr\u00edcia Marini","date":"4 de junho de 2014","format":false,"excerpt":"A condi\u00e7\u00e3o de pol\u00edtico, em \u00e9poca de campanha de campanha eleitoral, tira for\u00e7a do discurso do m\u00e9dico Osmar Terra contra a legaliza\u00e7\u00e3o da maconha. A tese dele de que a libera\u00e7\u00e3o vai ampliar exponencialmente o consumo \u00e9 discutivel, o consumo \u00e9 corrente. Mas seus alertas quanto aos riscos tem que\u2026","rel":"","context":"Em &quot;X.Categorias velhas&quot;","block_context":{"text":"X.Categorias velhas","link":"https:\/\/www.jornalja.com.br\/arquivo\/category\/x-categorias-velhas\/"},"img":{"alt_text":"","src":"","width":0,"height":0},"classes":[]},{"id":13101,"url":"https:\/\/www.jornalja.com.br\/arquivo\/morre-um-guerreiro-do-texto\/","url_meta":{"origin":48121,"position":1},"title":"Morre um guerreiro do texto","author":"Patr\u00edcia Marini","date":"14 de maio de 2014","format":false,"excerpt":"Por Ricardo Kotscho Reproduzido do blog do autor, 11\/5\/2014; t\u00edtulo original \u201cE l\u00e1 se foi o nosso Myltainho, guerreiro do texto\u201d. Mi\u00fado e franzino, meu amigo Myltainho era um valente e inconformado guerreiro na luta contra as injusti\u00e7as sociais, a hipocrisia, as maracutaias, o autoritarismo, a intoler\u00e2ncia, a viol\u00eancia, o\u2026","rel":"","context":"Em &quot;Geral&quot;","block_context":{"text":"Geral","link":"https:\/\/www.jornalja.com.br\/arquivo\/category\/geral\/"},"img":{"alt_text":"","src":"","width":0,"height":0},"classes":[]},{"id":13124,"url":"https:\/\/www.jornalja.com.br\/arquivo\/sangue-latino-no-iecine\/","url_meta":{"origin":48121,"position":2},"title":"Sangue latino no IECINE","author":"da Reda\u00e7\u00e3o","date":"18 de maio de 2014","format":false,"excerpt":"Francisco Ribeiro O Instituto Estadual de Cinema (IECINE) tem a frente, desde abril \u00faltimo, um novo diretor, o cineasta colombiano Juan Zapata, 36, que substitui Luiz Alberto Cassol. Radicado h\u00e1 dez anos em Porto Alegre, Zapata tem diante de si o desafio de conduzir at\u00e9 o final do ano um\u2026","rel":"","context":"Em &quot;Cultura-Geral&quot;","block_context":{"text":"Cultura-Geral","link":"https:\/\/www.jornalja.com.br\/arquivo\/category\/materiasecundaria\/"},"img":{"alt_text":"","src":"","width":0,"height":0},"classes":[]},{"id":5440,"url":"https:\/\/www.jornalja.com.br\/arquivo\/casarao-da-venancio-destino-permanece-incerto\/","url_meta":{"origin":48121,"position":3},"title":"Estado ainda n\u00e3o sabe o que fazer com casar\u00e3o abandonado h\u00e1 20 anos","author":"Elmar Bones","date":"6 de julho de 2009","format":false,"excerpt":"O casar\u00e3o amarelo, numa esquina nobre de Porto Alegre (Ven\u00e2ncio Aires com Jo\u00e3o Pessoa), j\u00e1 abrigou uma escola. H\u00e1 duas d\u00e9cadas, pelo menos, est\u00e1 abandonado, porque seu propriet\u00e1rio, o governo do Estado do Rio Grande do Sul, n\u00e3o consegue achar um destino para ele. Planos n\u00e3o faltaram. O governador Ol\u00edvio\u2026","rel":"","context":"Em &quot;X.Categorias velhas&quot;","block_context":{"text":"X.Categorias velhas","link":"https:\/\/www.jornalja.com.br\/arquivo\/category\/x-categorias-velhas\/"},"img":{"alt_text":"geraldo1","src":"https:\/\/i0.wp.com\/www.jornalja.com.br\/wp-content\/uploads\/2009\/07\/geraldo1.jpg?resize=350%2C200&ssl=1","width":350,"height":200},"classes":[]},{"id":13240,"url":"https:\/\/www.jornalja.com.br\/arquivo\/plano-diretor-estamos-construindo-o-caos\/","url_meta":{"origin":48121,"position":4},"title":"Plano diretor: &quot;Estamos construindo o caos&quot;","author":"Patr\u00edcia Marini","date":"26 de maio de 2014","format":false,"excerpt":"Desabafo que arquiteta Eliana Castilhos, delegada da Regi\u00e3o de Planejamento 1, postou nas redes sociais \u00e9 um testemunho do ambiente que se criou no Conselho do Plano Diretor de Porto Alegre, onde a aprova\u00e7\u00e3o de grandes empreendimentos \u00e9 empurrada guela abaixo dos conselheiros. Ao CMDUA Como delegada da Regi\u00e3o de\u2026","rel":"","context":"Em &quot;Geral&quot;","block_context":{"text":"Geral","link":"https:\/\/www.jornalja.com.br\/arquivo\/category\/geral\/"},"img":{"alt_text":"","src":"","width":0,"height":0},"classes":[]}],"jetpack_shortlink":"https:\/\/wp.me\/pbQjBd-cw9","jetpack_featured_media_url":"","_links":{"self":[{"href":"https:\/\/www.jornalja.com.br\/arquivo\/wp-json\/wp\/v2\/posts\/48121","targetHints":{"allow":["GET"]}}],"collection":[{"href":"https:\/\/www.jornalja.com.br\/arquivo\/wp-json\/wp\/v2\/posts"}],"about":[{"href":"https:\/\/www.jornalja.com.br\/arquivo\/wp-json\/wp\/v2\/types\/post"}],"author":[{"embeddable":true,"href":"https:\/\/www.jornalja.com.br\/arquivo\/wp-json\/wp\/v2\/users\/4"}],"replies":[{"embeddable":true,"href":"https:\/\/www.jornalja.com.br\/arquivo\/wp-json\/wp\/v2\/comments?post=48121"}],"version-history":[{"count":0,"href":"https:\/\/www.jornalja.com.br\/arquivo\/wp-json\/wp\/v2\/posts\/48121\/revisions"}],"wp:attachment":[{"href":"https:\/\/www.jornalja.com.br\/arquivo\/wp-json\/wp\/v2\/media?parent=48121"}],"wp:term":[{"taxonomy":"category","embeddable":true,"href":"https:\/\/www.jornalja.com.br\/arquivo\/wp-json\/wp\/v2\/categories?post=48121"},{"taxonomy":"post_tag","embeddable":true,"href":"https:\/\/www.jornalja.com.br\/arquivo\/wp-json\/wp\/v2\/tags?post=48121"}],"curies":[{"name":"wp","href":"https:\/\/api.w.org\/{rel}","templated":true}]}}