{"id":48158,"date":"2017-05-08T22:14:49","date_gmt":"2017-05-09T01:14:49","guid":{"rendered":"https:\/\/www.jornalja.com.br\/?p=48158"},"modified":"2017-05-08T22:14:49","modified_gmt":"2017-05-09T01:14:49","slug":"peticao-colhe-assinatura-para-valer-a-lei-que-indeniza-estados-exportadores","status":"publish","type":"post","link":"https:\/\/www.jornalja.com.br\/arquivo\/peticao-colhe-assinatura-para-valer-a-lei-que-indeniza-estados-exportadores\/","title":{"rendered":"Peti\u00e7\u00e3o colhe assinaturas em defesa da lei que indeniza Estados exportadores"},"content":{"rendered":"<p>Est\u00e1 dispon\u00edvel na p\u00e1gina da Assembleia Legislativa do RS, <a href=\"http:\/\/www2.al.rs.gov.br\/inscricoes\/inscricao_lei_kandir.asp\">peti\u00e7\u00e3o p\u00fablica <\/a>para colher pela internet assinaturas em defesa do cumprimento da Lei Kandir, que manda indenizar os Estados pelas isen\u00e7\u00f5es de impostos nas exporta\u00e7\u00f5es.<br \/>\nAs assinaturas da peti\u00e7\u00e3o ser\u00e3o encaminhadas \u00e0 Comiss\u00e3o Especial da C\u00e2mara dos Deputados que analisa o assunto, instalada semana passada.<br \/>\nA peti\u00e7\u00e3o foi criada ap\u00f3s semin\u00e1rio sobre o tema, na sexta-feira, na Assembleia. Promovido pela Presid\u00eancia da Casa, o semin\u00e1rio n\u00e3o foi acompanhado por deputados da base do governo, mas teve a presen\u00e7a de mais de 400 pessoas, entre prefeitos e vereadores de cerca de 108 munic\u00edpios, representantes do governo estadual, e entidades de classe de diferentes categorias de trabalhadores e demais poderes do Estado.<br \/>\nO principal palestrante do semin\u00e1rio \u201cA d\u00edvida dos Estados, a Lei Kandir e o Regime de Recupera\u00e7\u00e3o Fiscal\u201d foi o mineiro Tadeu\u00a0 Leite, do PMDB, que preside a comiss\u00e3o especial sobre o assunto na C\u00e2mara Federal. Ele afirmou que a pauta vem crescendo.<br \/>\nMinas Gerais foi o primeiro estado a exigir que os d\u00e9bitos da Uni\u00e3o com os estados sejam considerados na negocia\u00e7\u00e3o da d\u00edvida dos estados, em debate na C\u00e2mara Federal.<br \/>\nNo caso de Minas, o estado trocaria o papel de devedor pelo de credor. No Rio Grande do Sul, um encontro de contas abateria R$ 43 bilh\u00f5es de uma d\u00edvida de R$ 58 bilh\u00f5es. S\u00e3o cerca de R$ 4 bilh\u00f5es por ano, dos quais 25% seriam repassados aos munic\u00edpios.<br \/>\nA Receita ga\u00facha calcula que, em 20 anos, apenas 20,3% das perdas do Rio Grande do Sul com as isen\u00e7\u00f5es concedidas pela Uni\u00e3o foram compensadas. Os munic\u00edpios tamb\u00e9m perdem: cerca de R$ R$ 91,1 milh\u00f5es por ano deixam de ser repassados para Porto Alegre, e R$ 7 milh\u00f5es a Uruguaiana, por exemplo.<br \/>\n\u201cTemos reconhecimento, temos um prazo e unidade pol\u00edtica\u201d, avaliou o presidente da Assembleia ga\u00facha, Edegar Pretto.<br \/>\n\u201cA Lei Kandir causa danos muito grandes aos estados exportadores. Temos perda l\u00edquida de R$ 3,5 bilh\u00f5es por ano\u201d, afirmou o secret\u00e1rio adjunto da Fazenda do RS, Luis Ant\u00f4nio Bins.<br \/>\n\u201cComo \u00e9 que o seu vizinho cobra de voc\u00ea se a d\u00edvida dele contigo \u00e9 maior ainda?\u201d, questionou o mineiro Tadeu Leite. Segundo ele, Minas deve cerca de R$ 88 bilh\u00f5es \u00e0 Uni\u00e3o, mas tem R$ 135 bilh\u00f5es acumulados em ren\u00fancia de ICMS que nunca foram compensados. \u201cMinas quer pagar sua d\u00edvida, mas sem aderir ao regime de recupera\u00e7\u00e3o fiscal proposto pelo governo. N\u00e3o \u00e9 privatizando nem congelando sal\u00e1rios que resolveremos esta quest\u00e3o,.<br \/>\nOutro painelista, o ex-deputado Paulo Duarte, do Mato Grosso do Sul, ressaltou a falta de incentivo ao processo industrial no Brasil. \u201cO que a Lei Kandir fez foi incentivar a exporta\u00e7\u00e3o de empregos e desestimular nosso processo industrial. N\u00e3o estamos pedindo ajuda ao governo, mas buscando restabelecer a justi\u00e7a\u201d. Segundo Duarte, o Mato Grosso do Sul paga dois meses e meio de arrecada\u00e7\u00e3o por ano por conta da sua d\u00edvida federal.<br \/>\nPara o deputado federal Henrique Fontana, que representou o Congresso Nacional no semin\u00e1rio, a Lei Kandir rompeu o pacto federativo. \u201cEstados pagam, pagam, pagam e devem cada vez mais\u201d.<br \/>\nDos deputados estaduais, acompanharam o semin\u00e1rio os petistas Stela Farias, l\u00edder da bancada, Ad\u00e3o Villaverde, Nelsinho Metal\u00fargico.<br \/>\n<strong>Lei Kandir<\/strong><br \/>\nEm vigor desde 13 de setembro de 1996, a Lei Kandir isenta do ICMS os produtos e servi\u00e7os destinados \u00e0 exporta\u00e7\u00e3o e causou perdas importantes na arrecada\u00e7\u00e3o de impostos estaduais. A partir de decis\u00e3o do Supremo Tribunal Federal, que atendendo A\u00e7\u00e3o Direta de Inconstitucionalidade por omiss\u00e3o proposta em 2013 pelo Estado do Par\u00e1 e apoiada pelo RS, foi determinado ao Congresso Nacional a regulamenta\u00e7\u00e3o, num prazo de 12 meses, dos ressarcimentos devidos a Estados e Munic\u00edpios.<br \/>\nCriada em 1996, pelo ent\u00e3o ministro do Planejamento Ant\u00f4nio Kandir, a mat\u00e9ria estabeleceu a isen\u00e7\u00e3o de pagamento de ICMS sobre a exporta\u00e7\u00e3o de produtos prim\u00e1rios e semielaborados. At\u00e9 2002, a Lei estabelecia crit\u00e9rios para a compensa\u00e7\u00e3o aos Estados. No entanto, a partir de 2004, a Lei Complementar 115 deixou de fixar par\u00e2metros para os repasses, obrigando os governadores a negociarem ano a ano o montante da compensa\u00e7\u00e3o.<br \/>\nPor determina\u00e7\u00e3o do STF, o Congresso Nacional tem at\u00e9 dezembro para criar legisla\u00e7\u00e3o espec\u00edfica que regulamente a forma de ressarcimento aos estados exportadores. Caso n\u00e3o o fa\u00e7a, ficar\u00e1 a cargo do Tribunal de Contas da Uni\u00e3o estabelecer tais crit\u00e9rios.<br \/>\nPara assinar a peti\u00e7\u00e3o clique\u00a0<a href=\"http:\/\/www2.al.rs.gov.br\/inscricoes\/inscricao_lei_kandir.asp\">aqui.<\/a><br \/>\n&nbsp;<br \/>\n&nbsp;<\/p>\n","protected":false},"excerpt":{"rendered":"<p>Est\u00e1 dispon\u00edvel na p\u00e1gina da Assembleia Legislativa do RS, peti\u00e7\u00e3o p\u00fablica para colher pela internet assinaturas em defesa do cumprimento da Lei Kandir, que manda indenizar os Estados pelas isen\u00e7\u00f5es de impostos nas exporta\u00e7\u00f5es. As assinaturas da peti\u00e7\u00e3o ser\u00e3o encaminhadas \u00e0 Comiss\u00e3o Especial da C\u00e2mara dos Deputados que analisa o assunto, instalada semana passada. A [&hellip;]<\/p>\n","protected":false},"author":4,"featured_media":48160,"comment_status":"open","ping_status":"closed","sticky":false,"template":"","format":"standard","meta":{"_jetpack_newsletter_access":"","_jetpack_dont_email_post_to_subs":false,"_jetpack_newsletter_tier_id":0,"_jetpack_memberships_contains_paywalled_content":false,"_jetpack_feature_clip_id":0,"_jetpack_memberships_contains_paid_content":false,"footnotes":"","jetpack_post_was_ever_published":false},"categories":[26],"tags":[],"class_list":["post-48158","post","type-post","status-publish","format-standard","has-post-thumbnail","hentry","category-geral"],"aioseo_notices":[],"aioseo_head":"\n\t\t<!-- All in One SEO 5.0.1.1 - aioseo.com -->\n\t<meta name=\"robots\" content=\"max-image-preview:large\" \/>\n\t<meta name=\"author\" content=\"da Reda\u00e7\u00e3o\"\/>\n\t<link rel=\"canonical\" href=\"https:\/\/www.jornalja.com.br\/arquivo\/peticao-colhe-assinatura-para-valer-a-lei-que-indeniza-estados-exportadores\/\" \/>\n\t<meta name=\"generator\" content=\"All in One SEO (AIOSEO) 5.0.1.1\" \/>\n\t\t<meta property=\"og:locale\" content=\"pt_BR\" \/>\n\t\t<meta property=\"og:site_name\" content=\"Arquivo | Jornal J\u00c1 | Porto Alegre\" \/>\n\t\t<meta property=\"og:type\" content=\"article\" \/>\n\t\t<meta property=\"og:title\" content=\"Peti\u00e7\u00e3o colhe assinaturas em defesa da lei que indeniza Estados exportadores | Arquivo\" \/>\n\t\t<meta property=\"og:url\" content=\"https:\/\/www.jornalja.com.br\/arquivo\/peticao-colhe-assinatura-para-valer-a-lei-que-indeniza-estados-exportadores\/\" \/>\n\t\t<meta property=\"og:image\" content=\"https:\/\/www.jornalja.com.br\/economics\/wp-content\/uploads\/sites\/11\/2026\/08\/ja-folhaderosto-facebook.jpg\" \/>\n\t\t<meta property=\"og:image:secure_url\" content=\"https:\/\/www.jornalja.com.br\/economics\/wp-content\/uploads\/sites\/11\/2026\/08\/ja-folhaderosto-facebook.jpg\" \/>\n\t\t<meta property=\"article:published_time\" content=\"2017-05-09T01:14:49+00:00\" \/>\n\t\t<meta property=\"article:modified_time\" content=\"2017-05-09T01:14:49+00:00\" \/>\n\t\t<meta name=\"twitter:card\" content=\"summary\" \/>\n\t\t<meta name=\"twitter:title\" content=\"Peti\u00e7\u00e3o colhe assinaturas em defesa da lei que indeniza Estados exportadores | Arquivo\" \/>\n\t\t<meta name=\"twitter:image\" content=\"https:\/\/www.jornalja.com.br\/economics\/wp-content\/uploads\/sites\/11\/2026\/08\/ja-folhaderosto-facebook.jpg\" \/>\n\t\t<script type=\"application\/ld+json\" class=\"aioseo-schema\">\n\t\t\t{\"@context\":\"https:\\\/\\\/schema.org\",\"@graph\":[{\"@type\":\"BlogPosting\",\"@id\":\"https:\\\/\\\/www.jornalja.com.br\\\/arquivo\\\/peticao-colhe-assinatura-para-valer-a-lei-que-indeniza-estados-exportadores\\\/#blogposting\",\"name\":\"Peti\\u00e7\\u00e3o colhe assinaturas em defesa da lei que indeniza Estados exportadores | Arquivo\",\"headline\":\"Peti\\u00e7\\u00e3o colhe assinaturas em defesa da lei que indeniza Estados exportadores\",\"author\":{\"@id\":\"https:\\\/\\\/www.jornalja.com.br\\\/arquivo\\\/author\\\/daredacao\\\/#author\"},\"publisher\":{\"@id\":\"https:\\\/\\\/www.jornalja.com.br\\\/arquivo\\\/#organization\"},\"image\":{\"@type\":\"ImageObject\",\"url\":48160},\"datePublished\":\"2017-05-08T22:14:49-03:00\",\"dateModified\":\"2017-05-08T22:14:49-03:00\",\"inLanguage\":\"pt-BR\",\"mainEntityOfPage\":{\"@id\":\"https:\\\/\\\/www.jornalja.com.br\\\/arquivo\\\/peticao-colhe-assinatura-para-valer-a-lei-que-indeniza-estados-exportadores\\\/#webpage\"},\"isPartOf\":{\"@id\":\"https:\\\/\\\/www.jornalja.com.br\\\/arquivo\\\/peticao-colhe-assinatura-para-valer-a-lei-que-indeniza-estados-exportadores\\\/#webpage\"},\"articleSection\":\"Geral\"},{\"@type\":\"BreadcrumbList\",\"@id\":\"https:\\\/\\\/www.jornalja.com.br\\\/arquivo\\\/peticao-colhe-assinatura-para-valer-a-lei-que-indeniza-estados-exportadores\\\/#breadcrumblist\",\"itemListElement\":[{\"@type\":\"ListItem\",\"@id\":\"https:\\\/\\\/www.jornalja.com.br\\\/arquivo#listItem\",\"position\":1,\"name\":\"Home\",\"item\":\"https:\\\/\\\/www.jornalja.com.br\\\/arquivo\",\"nextItem\":{\"@type\":\"ListItem\",\"@id\":\"https:\\\/\\\/www.jornalja.com.br\\\/arquivo\\\/category\\\/geral\\\/#listItem\",\"name\":\"Geral\"}},{\"@type\":\"ListItem\",\"@id\":\"https:\\\/\\\/www.jornalja.com.br\\\/arquivo\\\/category\\\/geral\\\/#listItem\",\"position\":2,\"name\":\"Geral\",\"item\":\"https:\\\/\\\/www.jornalja.com.br\\\/arquivo\\\/category\\\/geral\\\/\",\"nextItem\":{\"@type\":\"ListItem\",\"@id\":\"https:\\\/\\\/www.jornalja.com.br\\\/arquivo\\\/peticao-colhe-assinatura-para-valer-a-lei-que-indeniza-estados-exportadores\\\/#listItem\",\"name\":\"Peti\\u00e7\\u00e3o colhe assinaturas em defesa da lei que indeniza Estados exportadores\"},\"previousItem\":{\"@type\":\"ListItem\",\"@id\":\"https:\\\/\\\/www.jornalja.com.br\\\/arquivo#listItem\",\"name\":\"Home\"}},{\"@type\":\"ListItem\",\"@id\":\"https:\\\/\\\/www.jornalja.com.br\\\/arquivo\\\/peticao-colhe-assinatura-para-valer-a-lei-que-indeniza-estados-exportadores\\\/#listItem\",\"position\":3,\"name\":\"Peti\\u00e7\\u00e3o colhe assinaturas em defesa da lei que indeniza Estados exportadores\",\"previousItem\":{\"@type\":\"ListItem\",\"@id\":\"https:\\\/\\\/www.jornalja.com.br\\\/arquivo\\\/category\\\/geral\\\/#listItem\",\"name\":\"Geral\"}}]},{\"@type\":\"Organization\",\"@id\":\"https:\\\/\\\/www.jornalja.com.br\\\/arquivo\\\/#organization\",\"name\":\"Jornal J\\u00c1\",\"description\":\"Jornal J\\u00c1 | Porto Alegre\",\"url\":\"https:\\\/\\\/www.jornalja.com.br\\\/arquivo\\\/\",\"telephone\":\"+555133307272\",\"logo\":{\"@type\":\"ImageObject\",\"url\":\"https:\\\/\\\/www.jornalja.com.br\\\/wp-content\\\/uploads\\\/cards\\\/JAslogan.png\",\"@id\":\"https:\\\/\\\/www.jornalja.com.br\\\/arquivo\\\/peticao-colhe-assinatura-para-valer-a-lei-que-indeniza-estados-exportadores\\\/#organizationLogo\"},\"image\":{\"@id\":\"https:\\\/\\\/www.jornalja.com.br\\\/arquivo\\\/peticao-colhe-assinatura-para-valer-a-lei-que-indeniza-estados-exportadores\\\/#organizationLogo\"}},{\"@type\":\"Person\",\"@id\":\"https:\\\/\\\/www.jornalja.com.br\\\/arquivo\\\/author\\\/daredacao\\\/#author\",\"url\":\"https:\\\/\\\/www.jornalja.com.br\\\/arquivo\\\/author\\\/daredacao\\\/\",\"name\":\"da Reda\\u00e7\\u00e3o\",\"image\":{\"@type\":\"ImageObject\",\"@id\":\"https:\\\/\\\/www.jornalja.com.br\\\/arquivo\\\/peticao-colhe-assinatura-para-valer-a-lei-que-indeniza-estados-exportadores\\\/#authorImage\",\"url\":\"https:\\\/\\\/secure.gravatar.com\\\/avatar\\\/469fd857d6605ad19919d27ed29d35a968a25f6e8fd9318356bbb7f57aae9c65?s=96&d=mm&r=g\",\"width\":96,\"height\":96,\"caption\":\"da Reda\\u00e7\\u00e3o\"}},{\"@type\":\"WebPage\",\"@id\":\"https:\\\/\\\/www.jornalja.com.br\\\/arquivo\\\/peticao-colhe-assinatura-para-valer-a-lei-que-indeniza-estados-exportadores\\\/#webpage\",\"url\":\"https:\\\/\\\/www.jornalja.com.br\\\/arquivo\\\/peticao-colhe-assinatura-para-valer-a-lei-que-indeniza-estados-exportadores\\\/\",\"name\":\"Peti\\u00e7\\u00e3o colhe assinaturas em defesa da lei que indeniza Estados exportadores | Arquivo\",\"inLanguage\":\"pt-BR\",\"isPartOf\":{\"@id\":\"https:\\\/\\\/www.jornalja.com.br\\\/arquivo\\\/#website\"},\"breadcrumb\":{\"@id\":\"https:\\\/\\\/www.jornalja.com.br\\\/arquivo\\\/peticao-colhe-assinatura-para-valer-a-lei-que-indeniza-estados-exportadores\\\/#breadcrumblist\"},\"author\":{\"@id\":\"https:\\\/\\\/www.jornalja.com.br\\\/arquivo\\\/author\\\/daredacao\\\/#author\"},\"creator\":{\"@id\":\"https:\\\/\\\/www.jornalja.com.br\\\/arquivo\\\/author\\\/daredacao\\\/#author\"},\"image\":{\"@type\":\"ImageObject\",\"url\":48160,\"@id\":\"https:\\\/\\\/www.jornalja.com.br\\\/arquivo\\\/peticao-colhe-assinatura-para-valer-a-lei-que-indeniza-estados-exportadores\\\/#mainImage\"},\"primaryImageOfPage\":{\"@id\":\"https:\\\/\\\/www.jornalja.com.br\\\/arquivo\\\/peticao-colhe-assinatura-para-valer-a-lei-que-indeniza-estados-exportadores\\\/#mainImage\"},\"datePublished\":\"2017-05-08T22:14:49-03:00\",\"dateModified\":\"2017-05-08T22:14:49-03:00\"},{\"@type\":\"WebSite\",\"@id\":\"https:\\\/\\\/www.jornalja.com.br\\\/arquivo\\\/#website\",\"url\":\"https:\\\/\\\/www.jornalja.com.br\\\/arquivo\\\/\",\"name\":\"Arquivo\",\"description\":\"Jornal J\\u00c1 | Porto Alegre\",\"inLanguage\":\"pt-BR\",\"publisher\":{\"@id\":\"https:\\\/\\\/www.jornalja.com.br\\\/arquivo\\\/#organization\"}}]}\n\t\t<\/script>\n\t\t<!-- All in One SEO -->\n\n","aioseo_head_json":{"title":"Peti\u00e7\u00e3o colhe assinaturas em defesa da lei que indeniza Estados exportadores | Arquivo","description":"","canonical_url":"https:\/\/www.jornalja.com.br\/arquivo\/peticao-colhe-assinatura-para-valer-a-lei-que-indeniza-estados-exportadores\/","robots":"max-image-preview:large","keywords":"","webmasterTools":{"miscellaneous":""},"schema":{"@context":"https:\/\/schema.org","@graph":[{"@type":"BlogPosting","@id":"https:\/\/www.jornalja.com.br\/arquivo\/peticao-colhe-assinatura-para-valer-a-lei-que-indeniza-estados-exportadores\/#blogposting","name":"Peti\u00e7\u00e3o colhe assinaturas em defesa da lei que indeniza Estados exportadores | Arquivo","headline":"Peti\u00e7\u00e3o colhe assinaturas em defesa da lei que indeniza Estados exportadores","author":{"@id":"https:\/\/www.jornalja.com.br\/arquivo\/author\/daredacao\/#author"},"publisher":{"@id":"https:\/\/www.jornalja.com.br\/arquivo\/#organization"},"image":{"@type":"ImageObject","url":48160},"datePublished":"2017-05-08T22:14:49-03:00","dateModified":"2017-05-08T22:14:49-03:00","inLanguage":"pt-BR","mainEntityOfPage":{"@id":"https:\/\/www.jornalja.com.br\/arquivo\/peticao-colhe-assinatura-para-valer-a-lei-que-indeniza-estados-exportadores\/#webpage"},"isPartOf":{"@id":"https:\/\/www.jornalja.com.br\/arquivo\/peticao-colhe-assinatura-para-valer-a-lei-que-indeniza-estados-exportadores\/#webpage"},"articleSection":"Geral"},{"@type":"BreadcrumbList","@id":"https:\/\/www.jornalja.com.br\/arquivo\/peticao-colhe-assinatura-para-valer-a-lei-que-indeniza-estados-exportadores\/#breadcrumblist","itemListElement":[{"@type":"ListItem","@id":"https:\/\/www.jornalja.com.br\/arquivo#listItem","position":1,"name":"Home","item":"https:\/\/www.jornalja.com.br\/arquivo","nextItem":{"@type":"ListItem","@id":"https:\/\/www.jornalja.com.br\/arquivo\/category\/geral\/#listItem","name":"Geral"}},{"@type":"ListItem","@id":"https:\/\/www.jornalja.com.br\/arquivo\/category\/geral\/#listItem","position":2,"name":"Geral","item":"https:\/\/www.jornalja.com.br\/arquivo\/category\/geral\/","nextItem":{"@type":"ListItem","@id":"https:\/\/www.jornalja.com.br\/arquivo\/peticao-colhe-assinatura-para-valer-a-lei-que-indeniza-estados-exportadores\/#listItem","name":"Peti\u00e7\u00e3o colhe assinaturas em defesa da lei que indeniza Estados exportadores"},"previousItem":{"@type":"ListItem","@id":"https:\/\/www.jornalja.com.br\/arquivo#listItem","name":"Home"}},{"@type":"ListItem","@id":"https:\/\/www.jornalja.com.br\/arquivo\/peticao-colhe-assinatura-para-valer-a-lei-que-indeniza-estados-exportadores\/#listItem","position":3,"name":"Peti\u00e7\u00e3o colhe assinaturas em defesa da lei que indeniza Estados exportadores","previousItem":{"@type":"ListItem","@id":"https:\/\/www.jornalja.com.br\/arquivo\/category\/geral\/#listItem","name":"Geral"}}]},{"@type":"Organization","@id":"https:\/\/www.jornalja.com.br\/arquivo\/#organization","name":"Jornal J\u00c1","description":"Jornal J\u00c1 | Porto Alegre","url":"https:\/\/www.jornalja.com.br\/arquivo\/","telephone":"+555133307272","logo":{"@type":"ImageObject","url":"https:\/\/www.jornalja.com.br\/wp-content\/uploads\/cards\/JAslogan.png","@id":"https:\/\/www.jornalja.com.br\/arquivo\/peticao-colhe-assinatura-para-valer-a-lei-que-indeniza-estados-exportadores\/#organizationLogo"},"image":{"@id":"https:\/\/www.jornalja.com.br\/arquivo\/peticao-colhe-assinatura-para-valer-a-lei-que-indeniza-estados-exportadores\/#organizationLogo"}},{"@type":"Person","@id":"https:\/\/www.jornalja.com.br\/arquivo\/author\/daredacao\/#author","url":"https:\/\/www.jornalja.com.br\/arquivo\/author\/daredacao\/","name":"da Reda\u00e7\u00e3o","image":{"@type":"ImageObject","@id":"https:\/\/www.jornalja.com.br\/arquivo\/peticao-colhe-assinatura-para-valer-a-lei-que-indeniza-estados-exportadores\/#authorImage","url":"https:\/\/secure.gravatar.com\/avatar\/469fd857d6605ad19919d27ed29d35a968a25f6e8fd9318356bbb7f57aae9c65?s=96&d=mm&r=g","width":96,"height":96,"caption":"da Reda\u00e7\u00e3o"}},{"@type":"WebPage","@id":"https:\/\/www.jornalja.com.br\/arquivo\/peticao-colhe-assinatura-para-valer-a-lei-que-indeniza-estados-exportadores\/#webpage","url":"https:\/\/www.jornalja.com.br\/arquivo\/peticao-colhe-assinatura-para-valer-a-lei-que-indeniza-estados-exportadores\/","name":"Peti\u00e7\u00e3o colhe assinaturas em defesa da lei que indeniza Estados exportadores | Arquivo","inLanguage":"pt-BR","isPartOf":{"@id":"https:\/\/www.jornalja.com.br\/arquivo\/#website"},"breadcrumb":{"@id":"https:\/\/www.jornalja.com.br\/arquivo\/peticao-colhe-assinatura-para-valer-a-lei-que-indeniza-estados-exportadores\/#breadcrumblist"},"author":{"@id":"https:\/\/www.jornalja.com.br\/arquivo\/author\/daredacao\/#author"},"creator":{"@id":"https:\/\/www.jornalja.com.br\/arquivo\/author\/daredacao\/#author"},"image":{"@type":"ImageObject","url":48160,"@id":"https:\/\/www.jornalja.com.br\/arquivo\/peticao-colhe-assinatura-para-valer-a-lei-que-indeniza-estados-exportadores\/#mainImage"},"primaryImageOfPage":{"@id":"https:\/\/www.jornalja.com.br\/arquivo\/peticao-colhe-assinatura-para-valer-a-lei-que-indeniza-estados-exportadores\/#mainImage"},"datePublished":"2017-05-08T22:14:49-03:00","dateModified":"2017-05-08T22:14:49-03:00"},{"@type":"WebSite","@id":"https:\/\/www.jornalja.com.br\/arquivo\/#website","url":"https:\/\/www.jornalja.com.br\/arquivo\/","name":"Arquivo","description":"Jornal J\u00c1 | Porto Alegre","inLanguage":"pt-BR","publisher":{"@id":"https:\/\/www.jornalja.com.br\/arquivo\/#organization"}}]},"og:locale":"pt_BR","og:site_name":"Arquivo | Jornal J\u00c1 | Porto Alegre","og:type":"article","og:title":"Peti\u00e7\u00e3o colhe assinaturas em defesa da lei que indeniza Estados exportadores | Arquivo","og:url":"https:\/\/www.jornalja.com.br\/arquivo\/peticao-colhe-assinatura-para-valer-a-lei-que-indeniza-estados-exportadores\/","og:image":"https:\/\/www.jornalja.com.br\/economics\/wp-content\/uploads\/sites\/11\/2026\/08\/ja-folhaderosto-facebook.jpg","og:image:secure_url":"https:\/\/www.jornalja.com.br\/economics\/wp-content\/uploads\/sites\/11\/2026\/08\/ja-folhaderosto-facebook.jpg","article:published_time":"2017-05-09T01:14:49+00:00","article:modified_time":"2017-05-09T01:14:49+00:00","twitter:card":"summary","twitter:title":"Peti\u00e7\u00e3o colhe assinaturas em defesa da lei que indeniza Estados exportadores | Arquivo","twitter:image":"https:\/\/www.jornalja.com.br\/economics\/wp-content\/uploads\/sites\/11\/2026\/08\/ja-folhaderosto-facebook.jpg"},"aioseo_meta_data":{"post_id":"48158","title":null,"description":null,"keywords":null,"keyphrases":null,"primary_term":null,"canonical_url":null,"og_title":null,"og_description":null,"og_object_type":"default","og_image_type":"default","og_image_url":null,"og_image_width":null,"og_image_height":null,"og_image_custom_url":null,"og_image_custom_fields":null,"og_video":null,"og_custom_url":null,"og_article_section":null,"og_article_tags":null,"twitter_use_og":false,"twitter_card":"default","twitter_image_type":"default","twitter_image_url":null,"twitter_image_custom_url":null,"twitter_image_custom_fields":null,"twitter_title":null,"twitter_description":null,"schema":{"blockGraphs":[],"customGraphs":[],"default":{"data":{"Article":[],"Course":[],"Dataset":[],"FAQPage":[],"Movie":[],"Person":[],"Product":[],"ProductReview":[],"Car":[],"Recipe":[],"Service":[],"SoftwareApplication":[],"WebPage":[]},"graphName":"","isEnabled":true},"graphs":[],"defaultGraph":"","defaultPostTypeGraph":""},"schema_type":null,"schema_type_options":null,"pillar_content":false,"robots_default":true,"robots_noindex":false,"robots_noarchive":false,"robots_nosnippet":false,"robots_nofollow":false,"robots_noimageindex":false,"robots_noodp":false,"robots_notranslate":false,"robots_max_snippet":null,"robots_max_videopreview":null,"robots_max_imagepreview":"large","priority":null,"frequency":null,"location":null,"local_seo":null,"breadcrumb_settings":null,"limit_modified_date":false,"ai":null,"created":"2020-12-20 20:35:51","updated":"2025-07-19 21:25:13","seo_analyzer_scan_date":null,"focus_keyword":null,"additional_keywords":null,"truseo_locale":null},"jetpack_sharing_enabled":true,"jetpack-related-posts":[{"id":13128,"url":"https:\/\/www.jornalja.com.br\/arquivo\/maconha-terra-diz-que-uso-medicinal-e-desculpa\/","url_meta":{"origin":48158,"position":0},"title":"Maconha: Terra diz que uso medicinal \u00e9 desculpa","author":"Patr\u00edcia Marini","date":"4 de junho de 2014","format":false,"excerpt":"A condi\u00e7\u00e3o de pol\u00edtico, em \u00e9poca de campanha de campanha eleitoral, tira for\u00e7a do discurso do m\u00e9dico Osmar Terra contra a legaliza\u00e7\u00e3o da maconha. A tese dele de que a libera\u00e7\u00e3o vai ampliar exponencialmente o consumo \u00e9 discutivel, o consumo \u00e9 corrente. Mas seus alertas quanto aos riscos tem que\u2026","rel":"","context":"Em &quot;X.Categorias velhas&quot;","block_context":{"text":"X.Categorias velhas","link":"https:\/\/www.jornalja.com.br\/arquivo\/category\/x-categorias-velhas\/"},"img":{"alt_text":"","src":"","width":0,"height":0},"classes":[]},{"id":13109,"url":"https:\/\/www.jornalja.com.br\/arquivo\/judiciario-reconhece-poluicao-eletromagnetica\/","url_meta":{"origin":48158,"position":1},"title":"Judici\u00e1rio reconhece polui\u00e7\u00e3o eletromagn\u00e9tica","author":"Patr\u00edcia Marini","date":"16 de maio de 2014","format":false,"excerpt":"A\u00e7\u00e3o de duas associa\u00e7\u00f5es de moradores foi acolhida pelo Tribunal de Justi\u00e7a de S\u00e3o Paulo que. em decis\u00e3o in\u00e9dita, determinou a redu\u00e7\u00e3o do campo eletromagn\u00e9tico gerado pelas linhas de transmiss\u00e3o de energia que cortam os bairros City Boa\u00e7ava e Alto de Pinheiros. \u00c9 a primeira vez que um tribunal do\u2026","rel":"","context":"Em &quot;X.Categorias velhas&quot;","block_context":{"text":"X.Categorias velhas","link":"https:\/\/www.jornalja.com.br\/arquivo\/category\/x-categorias-velhas\/"},"img":{"alt_text":"","src":"","width":0,"height":0},"classes":[]},{"id":5440,"url":"https:\/\/www.jornalja.com.br\/arquivo\/casarao-da-venancio-destino-permanece-incerto\/","url_meta":{"origin":48158,"position":2},"title":"Estado ainda n\u00e3o sabe o que fazer com casar\u00e3o abandonado h\u00e1 20 anos","author":"Elmar Bones","date":"6 de julho de 2009","format":false,"excerpt":"O casar\u00e3o amarelo, numa esquina nobre de Porto Alegre (Ven\u00e2ncio Aires com Jo\u00e3o Pessoa), j\u00e1 abrigou uma escola. H\u00e1 duas d\u00e9cadas, pelo menos, est\u00e1 abandonado, porque seu propriet\u00e1rio, o governo do Estado do Rio Grande do Sul, n\u00e3o consegue achar um destino para ele. Planos n\u00e3o faltaram. O governador Ol\u00edvio\u2026","rel":"","context":"Em &quot;X.Categorias velhas&quot;","block_context":{"text":"X.Categorias velhas","link":"https:\/\/www.jornalja.com.br\/arquivo\/category\/x-categorias-velhas\/"},"img":{"alt_text":"geraldo1","src":"https:\/\/i0.wp.com\/www.jornalja.com.br\/wp-content\/uploads\/2009\/07\/geraldo1.jpg?resize=350%2C200&ssl=1","width":350,"height":200},"classes":[]},{"id":12960,"url":"https:\/\/www.jornalja.com.br\/arquivo\/populacao-culpa-empresas-pela-greve-dos-rodoviarios\/","url_meta":{"origin":48158,"position":3},"title":"Popula\u00e7\u00e3o culpa empresas pela greve","author":"Patr\u00edcia Marini","date":"14 de fevereiro de 2014","format":false,"excerpt":"Pesquisa divulgada na edi\u00e7\u00e3o do jornal Metro desta sexta-feira,14, comprova o velho ditado: \u00e9 poss\u00edvel enganar muitos por algum tempo, mas n\u00e3o \u00e9 poss\u00edvel enganar a todos o tempo inteiro. A principal revela\u00e7\u00e3o foi que 59,8% dos entrevistados apontaram as empresas como as principais respons\u00e1veis pela grave e 46% culparam\u2026","rel":"","context":"Em &quot;X.Categorias velhas&quot;","block_context":{"text":"X.Categorias velhas","link":"https:\/\/www.jornalja.com.br\/arquivo\/category\/x-categorias-velhas\/"},"img":{"alt_text":"","src":"","width":0,"height":0},"classes":[]},{"id":13239,"url":"https:\/\/www.jornalja.com.br\/arquivo\/conselho-desdenha-do-plano-diretor\/","url_meta":{"origin":48158,"position":4},"title":"Porto Alegre: Conselho detona Plano Diretor","author":"Patr\u00edcia Marini","date":"25 de maio de 2014","format":false,"excerpt":"Den\u00fancia do arquiteto e \u00a0urbanista Ibir\u00e1 Santos Lucas. Ele diz que os conselheiros est\u00e3o votando com \"enorme irresponsabilidade\". \"Mudam regime com a maior naturalidade,,,regularizam absurdos de constru\u00e7\u00f5es irregulares... \"O CMDUA est\u00e1 flexibilizando a lei do plano diretor, de uma forma impactante na vida da cidade. Mudam regime com a maior\u2026","rel":"","context":"Em &quot;Geral&quot;","block_context":{"text":"Geral","link":"https:\/\/www.jornalja.com.br\/arquivo\/category\/geral\/"},"img":{"alt_text":"","src":"","width":0,"height":0},"classes":[]},{"id":13124,"url":"https:\/\/www.jornalja.com.br\/arquivo\/sangue-latino-no-iecine\/","url_meta":{"origin":48158,"position":5},"title":"Sangue latino no IECINE","author":"da Reda\u00e7\u00e3o","date":"18 de maio de 2014","format":false,"excerpt":"Francisco Ribeiro O Instituto Estadual de Cinema (IECINE) tem a frente, desde abril \u00faltimo, um novo diretor, o cineasta colombiano Juan Zapata, 36, que substitui Luiz Alberto Cassol. Radicado h\u00e1 dez anos em Porto Alegre, Zapata tem diante de si o desafio de conduzir at\u00e9 o final do ano um\u2026","rel":"","context":"Em &quot;Cultura-Geral&quot;","block_context":{"text":"Cultura-Geral","link":"https:\/\/www.jornalja.com.br\/arquivo\/category\/materiasecundaria\/"},"img":{"alt_text":"","src":"","width":0,"height":0},"classes":[]}],"jetpack_shortlink":"https:\/\/wp.me\/pbQjBd-cwK","jetpack_featured_media_url":"","_links":{"self":[{"href":"https:\/\/www.jornalja.com.br\/arquivo\/wp-json\/wp\/v2\/posts\/48158","targetHints":{"allow":["GET"]}}],"collection":[{"href":"https:\/\/www.jornalja.com.br\/arquivo\/wp-json\/wp\/v2\/posts"}],"about":[{"href":"https:\/\/www.jornalja.com.br\/arquivo\/wp-json\/wp\/v2\/types\/post"}],"author":[{"embeddable":true,"href":"https:\/\/www.jornalja.com.br\/arquivo\/wp-json\/wp\/v2\/users\/4"}],"replies":[{"embeddable":true,"href":"https:\/\/www.jornalja.com.br\/arquivo\/wp-json\/wp\/v2\/comments?post=48158"}],"version-history":[{"count":0,"href":"https:\/\/www.jornalja.com.br\/arquivo\/wp-json\/wp\/v2\/posts\/48158\/revisions"}],"wp:attachment":[{"href":"https:\/\/www.jornalja.com.br\/arquivo\/wp-json\/wp\/v2\/media?parent=48158"}],"wp:term":[{"taxonomy":"category","embeddable":true,"href":"https:\/\/www.jornalja.com.br\/arquivo\/wp-json\/wp\/v2\/categories?post=48158"},{"taxonomy":"post_tag","embeddable":true,"href":"https:\/\/www.jornalja.com.br\/arquivo\/wp-json\/wp\/v2\/tags?post=48158"}],"curies":[{"name":"wp","href":"https:\/\/api.w.org\/{rel}","templated":true}]}}