{"id":48164,"date":"2017-05-08T22:23:02","date_gmt":"2017-05-09T01:23:02","guid":{"rendered":"https:\/\/www.jornalja.com.br\/?p=48164"},"modified":"2017-05-08T22:23:02","modified_gmt":"2017-05-09T01:23:02","slug":"3o-encontro-nacional-pelo-direito-a-comunicacao-comeca-dia-26","status":"publish","type":"post","link":"https:\/\/www.jornalja.com.br\/arquivo\/3o-encontro-nacional-pelo-direito-a-comunicacao-comeca-dia-26\/","title":{"rendered":"3\u00ba Encontro Nacional pelo Direito \u00e0 Comunica\u00e7\u00e3o come\u00e7a dia 26"},"content":{"rendered":"<section id=\"about\" class=\"about\">Est\u00e3o abertas as inscri\u00e7\u00f5es para o 3\u00ba Encontro Nacional pelo Direito \u00e0 Comunica\u00e7\u00e3o, que acontece em Bras\u00edlia de 26 a 28 de maio, no Campus Darcy Ribeiro, da UnB.<br \/>\nDesde os anos 1990, o F\u00f3rum Nacional pela Democratiza\u00e7\u00e3o da Comunica\u00e7\u00e3o (FNDC) congrega entidades da sociedade para enfrentar os problemas da \u00e1rea no pa\u00eds, partindo do pressuposto de que a democracia no Brasil n\u00e3o pode existir sem a efetiva democratiza\u00e7\u00e3o dos meios de comunica\u00e7\u00e3o.<br \/>\nS\u00e3o mais de 500 organiza\u00e7\u00f5es filiadas, entre associa\u00e7\u00f5es, sindicatos, movimentos sociais, institui\u00e7\u00f5es n\u00e3o-governamentais e coletivos que se articulam para denunciar e combater a grave concentra\u00e7\u00e3o econ\u00f4mica da m\u00eddia no pa\u00eds, a aus\u00eancia de pluralidade pol\u00edtica e de diversidade social e cultural nas fontes de informa\u00e7\u00e3o, os obst\u00e1culos \u00e0 consolida\u00e7\u00e3o de uma comunica\u00e7\u00e3o p\u00fablica e cidad\u00e3 e as in\u00fameras viola\u00e7\u00f5es \u00e0 liberdade de express\u00e3o.<br \/>\nO\u00a0FNDC, em parceria com a Universidade de Bras\u00edlia (UnB), promove o 3\u00ba Encontro Nacional do Direto \u00e0 Comunica\u00e7\u00e3o (ENDC), em Bras\u00edlia (DF). Em suas edi\u00e7\u00f5es anteriores (2013 e 2015), o ENDC reuniu milhares de pessoas para debater m\u00eddia e democracia no Brasil.<br \/>\nPara esta pr\u00f3xima edi\u00e7\u00e3o, est\u00e3o previstas confer\u00eancias e atividades que abordar\u00e3o temas como viola\u00e7\u00f5es \u00e0 liberdade de express\u00e3o, constru\u00e7\u00e3o de um marco regulat\u00f3rio democr\u00e1tico para a m\u00eddia brasileira, defesa da comunica\u00e7\u00e3o p\u00fablica, pol\u00edticas de internet (liberdade de express\u00e3o e direito \u00e0 privacidade), pol\u00edticas de inclus\u00e3o digital, entre outros, incluindo a participa\u00e7\u00e3o de convidados nacionais e internacionais referenciais em cada uma dessas agendas.<br \/>\nO 3\u00ba ENDC visa, ainda, estabelecer redes e fortalecer os mais diversos movimentos em prol do direito \u00e0 comunica\u00e7\u00e3o, potencializando o espectro de a\u00e7\u00e3o dos diversos atores e a capacidade de intervir na formula\u00e7\u00e3o de pol\u00edticas p\u00fablicas.<br \/>\nQualquer interessado\/a poder\u00e1 se inscrever como participante do evento <a href=\"http:\/\/www.doity.com.br\/3endc\">nesta p\u00e1gina<\/a>.<br \/>\nA taxa de 65 reais inclui material do encontro e alimenta\u00e7\u00e3o (almo\u00e7o e coffe-break) para os dias 27 e 28 de maio.<br \/>\n<strong>20\u00aa Plen\u00e1ria Nacional do FNDC<\/strong><br \/>\nComo parte da programa\u00e7\u00e3o do 3\u00ba ENDC, o F\u00f3rum Nacional pela Democratiza\u00e7\u00e3o da Comunica\u00e7\u00e3o tamb\u00e9m realizar\u00e1 sua 20\u00aa Plen\u00e1ria Nacional, no dia 28 de maio. Entidades Nacionais filiadas e Comit\u00eas Regionais do FNDC poder\u00e3o indicar delegados\/as, de acordo com as regras gerais aprovadas pelo Conselho Deliberativo do F\u00f3rum &gt;&gt;&gt; <strong><a href=\"http:\/\/www.fndc.org.br\/plenarias\/xx-plenaria-maio-2017\/\" target=\"_blank\" rel=\"noopener noreferrer\">Confira aqui<\/a><\/strong>.<br \/>\nVeja a programa\u00e7\u00e3o <a href=\"http:\/\/www.doity.com.br\/3endc\/blog\/programacao\"><strong>aqui<\/strong><\/a>.<br \/>\n<\/section>\n","protected":false},"excerpt":{"rendered":"<p>Est\u00e3o abertas as inscri\u00e7\u00f5es para o 3\u00ba Encontro Nacional pelo Direito \u00e0 Comunica\u00e7\u00e3o, que acontece em Bras\u00edlia de 26 a 28 de maio, no Campus Darcy Ribeiro, da UnB. Desde os anos 1990, o F\u00f3rum Nacional pela Democratiza\u00e7\u00e3o da Comunica\u00e7\u00e3o (FNDC) congrega entidades da sociedade para enfrentar os problemas da \u00e1rea no pa\u00eds, partindo do [&hellip;]<\/p>\n","protected":false},"author":4,"featured_media":0,"comment_status":"open","ping_status":"closed","sticky":false,"template":"","format":"standard","meta":{"_jetpack_newsletter_access":"","_jetpack_dont_email_post_to_subs":false,"_jetpack_newsletter_tier_id":0,"_jetpack_memberships_contains_paywalled_content":false,"_jetpack_feature_clip_id":0,"_jetpack_memberships_contains_paid_content":false,"footnotes":"","jetpack_post_was_ever_published":false},"categories":[2022],"tags":[],"class_list":["post-48164","post","type-post","status-publish","format-standard","hentry","category-notas"],"aioseo_notices":[],"aioseo_head":"\n\t\t<!-- All in One SEO 5.0.1.1 - aioseo.com -->\n\t<meta name=\"robots\" content=\"max-image-preview:large\" \/>\n\t<meta name=\"author\" content=\"da Reda\u00e7\u00e3o\"\/>\n\t<link rel=\"canonical\" href=\"https:\/\/www.jornalja.com.br\/arquivo\/3o-encontro-nacional-pelo-direito-a-comunicacao-comeca-dia-26\/\" \/>\n\t<meta name=\"generator\" content=\"All in One SEO (AIOSEO) 5.0.1.1\" \/>\n\t\t<meta property=\"og:locale\" content=\"pt_BR\" \/>\n\t\t<meta property=\"og:site_name\" content=\"Arquivo | Jornal J\u00c1 | Porto Alegre\" \/>\n\t\t<meta property=\"og:type\" content=\"article\" \/>\n\t\t<meta property=\"og:title\" content=\"3\u00ba Encontro Nacional pelo Direito \u00e0 Comunica\u00e7\u00e3o come\u00e7a dia 26 | Arquivo\" \/>\n\t\t<meta property=\"og:url\" content=\"https:\/\/www.jornalja.com.br\/arquivo\/3o-encontro-nacional-pelo-direito-a-comunicacao-comeca-dia-26\/\" \/>\n\t\t<meta property=\"og:image\" content=\"https:\/\/www.jornalja.com.br\/economics\/wp-content\/uploads\/sites\/11\/2026\/08\/ja-folhaderosto-facebook.jpg\" \/>\n\t\t<meta property=\"og:image:secure_url\" content=\"https:\/\/www.jornalja.com.br\/economics\/wp-content\/uploads\/sites\/11\/2026\/08\/ja-folhaderosto-facebook.jpg\" \/>\n\t\t<meta property=\"article:published_time\" content=\"2017-05-09T01:23:02+00:00\" \/>\n\t\t<meta property=\"article:modified_time\" content=\"2017-05-09T01:23:02+00:00\" \/>\n\t\t<meta name=\"twitter:card\" content=\"summary\" \/>\n\t\t<meta name=\"twitter:title\" content=\"3\u00ba Encontro Nacional pelo Direito \u00e0 Comunica\u00e7\u00e3o come\u00e7a dia 26 | Arquivo\" \/>\n\t\t<meta name=\"twitter:image\" content=\"https:\/\/www.jornalja.com.br\/economics\/wp-content\/uploads\/sites\/11\/2026\/08\/ja-folhaderosto-facebook.jpg\" \/>\n\t\t<script type=\"application\/ld+json\" class=\"aioseo-schema\">\n\t\t\t{\"@context\":\"https:\\\/\\\/schema.org\",\"@graph\":[{\"@type\":\"BlogPosting\",\"@id\":\"https:\\\/\\\/www.jornalja.com.br\\\/arquivo\\\/3o-encontro-nacional-pelo-direito-a-comunicacao-comeca-dia-26\\\/#blogposting\",\"name\":\"3\\u00ba Encontro Nacional pelo Direito \\u00e0 Comunica\\u00e7\\u00e3o come\\u00e7a dia 26 | Arquivo\",\"headline\":\"3\\u00ba Encontro Nacional pelo Direito \\u00e0 Comunica\\u00e7\\u00e3o come\\u00e7a dia 26\",\"author\":{\"@id\":\"https:\\\/\\\/www.jornalja.com.br\\\/arquivo\\\/author\\\/daredacao\\\/#author\"},\"publisher\":{\"@id\":\"https:\\\/\\\/www.jornalja.com.br\\\/arquivo\\\/#organization\"},\"image\":{\"@type\":\"ImageObject\",\"url\":\"https:\\\/\\\/www.jornalja.com.br\\\/wp-content\\\/uploads\\\/cards\\\/JAslogan.png\",\"@id\":\"https:\\\/\\\/www.jornalja.com.br\\\/arquivo\\\/#articleImage\"},\"datePublished\":\"2017-05-08T22:23:02-03:00\",\"dateModified\":\"2017-05-08T22:23:02-03:00\",\"inLanguage\":\"pt-BR\",\"mainEntityOfPage\":{\"@id\":\"https:\\\/\\\/www.jornalja.com.br\\\/arquivo\\\/3o-encontro-nacional-pelo-direito-a-comunicacao-comeca-dia-26\\\/#webpage\"},\"isPartOf\":{\"@id\":\"https:\\\/\\\/www.jornalja.com.br\\\/arquivo\\\/3o-encontro-nacional-pelo-direito-a-comunicacao-comeca-dia-26\\\/#webpage\"},\"articleSection\":\"NOTAS\"},{\"@type\":\"BreadcrumbList\",\"@id\":\"https:\\\/\\\/www.jornalja.com.br\\\/arquivo\\\/3o-encontro-nacional-pelo-direito-a-comunicacao-comeca-dia-26\\\/#breadcrumblist\",\"itemListElement\":[{\"@type\":\"ListItem\",\"@id\":\"https:\\\/\\\/www.jornalja.com.br\\\/arquivo#listItem\",\"position\":1,\"name\":\"Home\",\"item\":\"https:\\\/\\\/www.jornalja.com.br\\\/arquivo\",\"nextItem\":{\"@type\":\"ListItem\",\"@id\":\"https:\\\/\\\/www.jornalja.com.br\\\/arquivo\\\/category\\\/notas\\\/#listItem\",\"name\":\"NOTAS\"}},{\"@type\":\"ListItem\",\"@id\":\"https:\\\/\\\/www.jornalja.com.br\\\/arquivo\\\/category\\\/notas\\\/#listItem\",\"position\":2,\"name\":\"NOTAS\",\"item\":\"https:\\\/\\\/www.jornalja.com.br\\\/arquivo\\\/category\\\/notas\\\/\",\"nextItem\":{\"@type\":\"ListItem\",\"@id\":\"https:\\\/\\\/www.jornalja.com.br\\\/arquivo\\\/3o-encontro-nacional-pelo-direito-a-comunicacao-comeca-dia-26\\\/#listItem\",\"name\":\"3\\u00ba Encontro Nacional pelo Direito \\u00e0 Comunica\\u00e7\\u00e3o come\\u00e7a dia 26\"},\"previousItem\":{\"@type\":\"ListItem\",\"@id\":\"https:\\\/\\\/www.jornalja.com.br\\\/arquivo#listItem\",\"name\":\"Home\"}},{\"@type\":\"ListItem\",\"@id\":\"https:\\\/\\\/www.jornalja.com.br\\\/arquivo\\\/3o-encontro-nacional-pelo-direito-a-comunicacao-comeca-dia-26\\\/#listItem\",\"position\":3,\"name\":\"3\\u00ba Encontro Nacional pelo Direito \\u00e0 Comunica\\u00e7\\u00e3o come\\u00e7a dia 26\",\"previousItem\":{\"@type\":\"ListItem\",\"@id\":\"https:\\\/\\\/www.jornalja.com.br\\\/arquivo\\\/category\\\/notas\\\/#listItem\",\"name\":\"NOTAS\"}}]},{\"@type\":\"Organization\",\"@id\":\"https:\\\/\\\/www.jornalja.com.br\\\/arquivo\\\/#organization\",\"name\":\"Jornal J\\u00c1\",\"description\":\"Jornal J\\u00c1 | Porto Alegre\",\"url\":\"https:\\\/\\\/www.jornalja.com.br\\\/arquivo\\\/\",\"telephone\":\"+555133307272\",\"logo\":{\"@type\":\"ImageObject\",\"url\":\"https:\\\/\\\/www.jornalja.com.br\\\/wp-content\\\/uploads\\\/cards\\\/JAslogan.png\",\"@id\":\"https:\\\/\\\/www.jornalja.com.br\\\/arquivo\\\/3o-encontro-nacional-pelo-direito-a-comunicacao-comeca-dia-26\\\/#organizationLogo\"},\"image\":{\"@id\":\"https:\\\/\\\/www.jornalja.com.br\\\/arquivo\\\/3o-encontro-nacional-pelo-direito-a-comunicacao-comeca-dia-26\\\/#organizationLogo\"}},{\"@type\":\"Person\",\"@id\":\"https:\\\/\\\/www.jornalja.com.br\\\/arquivo\\\/author\\\/daredacao\\\/#author\",\"url\":\"https:\\\/\\\/www.jornalja.com.br\\\/arquivo\\\/author\\\/daredacao\\\/\",\"name\":\"da Reda\\u00e7\\u00e3o\",\"image\":{\"@type\":\"ImageObject\",\"@id\":\"https:\\\/\\\/www.jornalja.com.br\\\/arquivo\\\/3o-encontro-nacional-pelo-direito-a-comunicacao-comeca-dia-26\\\/#authorImage\",\"url\":\"https:\\\/\\\/secure.gravatar.com\\\/avatar\\\/469fd857d6605ad19919d27ed29d35a968a25f6e8fd9318356bbb7f57aae9c65?s=96&d=mm&r=g\",\"width\":96,\"height\":96,\"caption\":\"da Reda\\u00e7\\u00e3o\"}},{\"@type\":\"WebPage\",\"@id\":\"https:\\\/\\\/www.jornalja.com.br\\\/arquivo\\\/3o-encontro-nacional-pelo-direito-a-comunicacao-comeca-dia-26\\\/#webpage\",\"url\":\"https:\\\/\\\/www.jornalja.com.br\\\/arquivo\\\/3o-encontro-nacional-pelo-direito-a-comunicacao-comeca-dia-26\\\/\",\"name\":\"3\\u00ba Encontro Nacional pelo Direito \\u00e0 Comunica\\u00e7\\u00e3o come\\u00e7a dia 26 | Arquivo\",\"inLanguage\":\"pt-BR\",\"isPartOf\":{\"@id\":\"https:\\\/\\\/www.jornalja.com.br\\\/arquivo\\\/#website\"},\"breadcrumb\":{\"@id\":\"https:\\\/\\\/www.jornalja.com.br\\\/arquivo\\\/3o-encontro-nacional-pelo-direito-a-comunicacao-comeca-dia-26\\\/#breadcrumblist\"},\"author\":{\"@id\":\"https:\\\/\\\/www.jornalja.com.br\\\/arquivo\\\/author\\\/daredacao\\\/#author\"},\"creator\":{\"@id\":\"https:\\\/\\\/www.jornalja.com.br\\\/arquivo\\\/author\\\/daredacao\\\/#author\"},\"datePublished\":\"2017-05-08T22:23:02-03:00\",\"dateModified\":\"2017-05-08T22:23:02-03:00\"},{\"@type\":\"WebSite\",\"@id\":\"https:\\\/\\\/www.jornalja.com.br\\\/arquivo\\\/#website\",\"url\":\"https:\\\/\\\/www.jornalja.com.br\\\/arquivo\\\/\",\"name\":\"Arquivo\",\"description\":\"Jornal J\\u00c1 | Porto Alegre\",\"inLanguage\":\"pt-BR\",\"publisher\":{\"@id\":\"https:\\\/\\\/www.jornalja.com.br\\\/arquivo\\\/#organization\"}}]}\n\t\t<\/script>\n\t\t<!-- All in One SEO -->\n\n","aioseo_head_json":{"title":"3\u00ba Encontro Nacional pelo Direito \u00e0 Comunica\u00e7\u00e3o come\u00e7a dia 26 | Arquivo","description":"","canonical_url":"https:\/\/www.jornalja.com.br\/arquivo\/3o-encontro-nacional-pelo-direito-a-comunicacao-comeca-dia-26\/","robots":"max-image-preview:large","keywords":"","webmasterTools":{"miscellaneous":""},"schema":{"@context":"https:\/\/schema.org","@graph":[{"@type":"BlogPosting","@id":"https:\/\/www.jornalja.com.br\/arquivo\/3o-encontro-nacional-pelo-direito-a-comunicacao-comeca-dia-26\/#blogposting","name":"3\u00ba Encontro Nacional pelo Direito \u00e0 Comunica\u00e7\u00e3o come\u00e7a dia 26 | Arquivo","headline":"3\u00ba Encontro Nacional pelo Direito \u00e0 Comunica\u00e7\u00e3o come\u00e7a dia 26","author":{"@id":"https:\/\/www.jornalja.com.br\/arquivo\/author\/daredacao\/#author"},"publisher":{"@id":"https:\/\/www.jornalja.com.br\/arquivo\/#organization"},"image":{"@type":"ImageObject","url":"https:\/\/www.jornalja.com.br\/wp-content\/uploads\/cards\/JAslogan.png","@id":"https:\/\/www.jornalja.com.br\/arquivo\/#articleImage"},"datePublished":"2017-05-08T22:23:02-03:00","dateModified":"2017-05-08T22:23:02-03:00","inLanguage":"pt-BR","mainEntityOfPage":{"@id":"https:\/\/www.jornalja.com.br\/arquivo\/3o-encontro-nacional-pelo-direito-a-comunicacao-comeca-dia-26\/#webpage"},"isPartOf":{"@id":"https:\/\/www.jornalja.com.br\/arquivo\/3o-encontro-nacional-pelo-direito-a-comunicacao-comeca-dia-26\/#webpage"},"articleSection":"NOTAS"},{"@type":"BreadcrumbList","@id":"https:\/\/www.jornalja.com.br\/arquivo\/3o-encontro-nacional-pelo-direito-a-comunicacao-comeca-dia-26\/#breadcrumblist","itemListElement":[{"@type":"ListItem","@id":"https:\/\/www.jornalja.com.br\/arquivo#listItem","position":1,"name":"Home","item":"https:\/\/www.jornalja.com.br\/arquivo","nextItem":{"@type":"ListItem","@id":"https:\/\/www.jornalja.com.br\/arquivo\/category\/notas\/#listItem","name":"NOTAS"}},{"@type":"ListItem","@id":"https:\/\/www.jornalja.com.br\/arquivo\/category\/notas\/#listItem","position":2,"name":"NOTAS","item":"https:\/\/www.jornalja.com.br\/arquivo\/category\/notas\/","nextItem":{"@type":"ListItem","@id":"https:\/\/www.jornalja.com.br\/arquivo\/3o-encontro-nacional-pelo-direito-a-comunicacao-comeca-dia-26\/#listItem","name":"3\u00ba Encontro Nacional pelo Direito \u00e0 Comunica\u00e7\u00e3o come\u00e7a dia 26"},"previousItem":{"@type":"ListItem","@id":"https:\/\/www.jornalja.com.br\/arquivo#listItem","name":"Home"}},{"@type":"ListItem","@id":"https:\/\/www.jornalja.com.br\/arquivo\/3o-encontro-nacional-pelo-direito-a-comunicacao-comeca-dia-26\/#listItem","position":3,"name":"3\u00ba Encontro Nacional pelo Direito \u00e0 Comunica\u00e7\u00e3o come\u00e7a dia 26","previousItem":{"@type":"ListItem","@id":"https:\/\/www.jornalja.com.br\/arquivo\/category\/notas\/#listItem","name":"NOTAS"}}]},{"@type":"Organization","@id":"https:\/\/www.jornalja.com.br\/arquivo\/#organization","name":"Jornal J\u00c1","description":"Jornal J\u00c1 | Porto Alegre","url":"https:\/\/www.jornalja.com.br\/arquivo\/","telephone":"+555133307272","logo":{"@type":"ImageObject","url":"https:\/\/www.jornalja.com.br\/wp-content\/uploads\/cards\/JAslogan.png","@id":"https:\/\/www.jornalja.com.br\/arquivo\/3o-encontro-nacional-pelo-direito-a-comunicacao-comeca-dia-26\/#organizationLogo"},"image":{"@id":"https:\/\/www.jornalja.com.br\/arquivo\/3o-encontro-nacional-pelo-direito-a-comunicacao-comeca-dia-26\/#organizationLogo"}},{"@type":"Person","@id":"https:\/\/www.jornalja.com.br\/arquivo\/author\/daredacao\/#author","url":"https:\/\/www.jornalja.com.br\/arquivo\/author\/daredacao\/","name":"da Reda\u00e7\u00e3o","image":{"@type":"ImageObject","@id":"https:\/\/www.jornalja.com.br\/arquivo\/3o-encontro-nacional-pelo-direito-a-comunicacao-comeca-dia-26\/#authorImage","url":"https:\/\/secure.gravatar.com\/avatar\/469fd857d6605ad19919d27ed29d35a968a25f6e8fd9318356bbb7f57aae9c65?s=96&d=mm&r=g","width":96,"height":96,"caption":"da Reda\u00e7\u00e3o"}},{"@type":"WebPage","@id":"https:\/\/www.jornalja.com.br\/arquivo\/3o-encontro-nacional-pelo-direito-a-comunicacao-comeca-dia-26\/#webpage","url":"https:\/\/www.jornalja.com.br\/arquivo\/3o-encontro-nacional-pelo-direito-a-comunicacao-comeca-dia-26\/","name":"3\u00ba Encontro Nacional pelo Direito \u00e0 Comunica\u00e7\u00e3o come\u00e7a dia 26 | Arquivo","inLanguage":"pt-BR","isPartOf":{"@id":"https:\/\/www.jornalja.com.br\/arquivo\/#website"},"breadcrumb":{"@id":"https:\/\/www.jornalja.com.br\/arquivo\/3o-encontro-nacional-pelo-direito-a-comunicacao-comeca-dia-26\/#breadcrumblist"},"author":{"@id":"https:\/\/www.jornalja.com.br\/arquivo\/author\/daredacao\/#author"},"creator":{"@id":"https:\/\/www.jornalja.com.br\/arquivo\/author\/daredacao\/#author"},"datePublished":"2017-05-08T22:23:02-03:00","dateModified":"2017-05-08T22:23:02-03:00"},{"@type":"WebSite","@id":"https:\/\/www.jornalja.com.br\/arquivo\/#website","url":"https:\/\/www.jornalja.com.br\/arquivo\/","name":"Arquivo","description":"Jornal J\u00c1 | Porto Alegre","inLanguage":"pt-BR","publisher":{"@id":"https:\/\/www.jornalja.com.br\/arquivo\/#organization"}}]},"og:locale":"pt_BR","og:site_name":"Arquivo | Jornal J\u00c1 | Porto Alegre","og:type":"article","og:title":"3\u00ba Encontro Nacional pelo Direito \u00e0 Comunica\u00e7\u00e3o come\u00e7a dia 26 | Arquivo","og:url":"https:\/\/www.jornalja.com.br\/arquivo\/3o-encontro-nacional-pelo-direito-a-comunicacao-comeca-dia-26\/","og:image":"https:\/\/www.jornalja.com.br\/economics\/wp-content\/uploads\/sites\/11\/2026\/08\/ja-folhaderosto-facebook.jpg","og:image:secure_url":"https:\/\/www.jornalja.com.br\/economics\/wp-content\/uploads\/sites\/11\/2026\/08\/ja-folhaderosto-facebook.jpg","article:published_time":"2017-05-09T01:23:02+00:00","article:modified_time":"2017-05-09T01:23:02+00:00","twitter:card":"summary","twitter:title":"3\u00ba Encontro Nacional pelo Direito \u00e0 Comunica\u00e7\u00e3o come\u00e7a dia 26 | Arquivo","twitter:image":"https:\/\/www.jornalja.com.br\/economics\/wp-content\/uploads\/sites\/11\/2026\/08\/ja-folhaderosto-facebook.jpg"},"aioseo_meta_data":{"post_id":"48164","title":null,"description":null,"keywords":null,"keyphrases":null,"primary_term":null,"canonical_url":null,"og_title":null,"og_description":null,"og_object_type":"default","og_image_type":"default","og_image_url":null,"og_image_width":null,"og_image_height":null,"og_image_custom_url":null,"og_image_custom_fields":null,"og_video":null,"og_custom_url":null,"og_article_section":null,"og_article_tags":null,"twitter_use_og":false,"twitter_card":"default","twitter_image_type":"default","twitter_image_url":null,"twitter_image_custom_url":null,"twitter_image_custom_fields":null,"twitter_title":null,"twitter_description":null,"schema":{"blockGraphs":[],"customGraphs":[],"default":{"data":{"Article":[],"Course":[],"Dataset":[],"FAQPage":[],"Movie":[],"Person":[],"Product":[],"ProductReview":[],"Car":[],"Recipe":[],"Service":[],"SoftwareApplication":[],"WebPage":[]},"graphName":"","isEnabled":true},"graphs":[]},"schema_type":null,"schema_type_options":null,"pillar_content":false,"robots_default":true,"robots_noindex":false,"robots_noarchive":false,"robots_nosnippet":false,"robots_nofollow":false,"robots_noimageindex":false,"robots_noodp":false,"robots_notranslate":false,"robots_max_snippet":null,"robots_max_videopreview":null,"robots_max_imagepreview":"large","priority":null,"frequency":null,"location":null,"local_seo":null,"breadcrumb_settings":null,"limit_modified_date":false,"ai":null,"created":"2020-12-20 20:35:51","updated":"2025-07-19 21:25:13","seo_analyzer_scan_date":null,"focus_keyword":null,"additional_keywords":null,"truseo_locale":null},"jetpack_sharing_enabled":true,"jetpack-related-posts":[{"id":13124,"url":"https:\/\/www.jornalja.com.br\/arquivo\/sangue-latino-no-iecine\/","url_meta":{"origin":48164,"position":0},"title":"Sangue latino no IECINE","author":"da Reda\u00e7\u00e3o","date":"18 de maio de 2014","format":false,"excerpt":"Francisco Ribeiro O Instituto Estadual de Cinema (IECINE) tem a frente, desde abril \u00faltimo, um novo diretor, o cineasta colombiano Juan Zapata, 36, que substitui Luiz Alberto Cassol. Radicado h\u00e1 dez anos em Porto Alegre, Zapata tem diante de si o desafio de conduzir at\u00e9 o final do ano um\u2026","rel":"","context":"Em &quot;Cultura-Geral&quot;","block_context":{"text":"Cultura-Geral","link":"https:\/\/www.jornalja.com.br\/arquivo\/category\/materiasecundaria\/"},"img":{"alt_text":"","src":"","width":0,"height":0},"classes":[]},{"id":13109,"url":"https:\/\/www.jornalja.com.br\/arquivo\/judiciario-reconhece-poluicao-eletromagnetica\/","url_meta":{"origin":48164,"position":1},"title":"Judici\u00e1rio reconhece polui\u00e7\u00e3o eletromagn\u00e9tica","author":"Patr\u00edcia Marini","date":"16 de maio de 2014","format":false,"excerpt":"A\u00e7\u00e3o de duas associa\u00e7\u00f5es de moradores foi acolhida pelo Tribunal de Justi\u00e7a de S\u00e3o Paulo que. em decis\u00e3o in\u00e9dita, determinou a redu\u00e7\u00e3o do campo eletromagn\u00e9tico gerado pelas linhas de transmiss\u00e3o de energia que cortam os bairros City Boa\u00e7ava e Alto de Pinheiros. \u00c9 a primeira vez que um tribunal do\u2026","rel":"","context":"Em &quot;X.Categorias velhas&quot;","block_context":{"text":"X.Categorias velhas","link":"https:\/\/www.jornalja.com.br\/arquivo\/category\/x-categorias-velhas\/"},"img":{"alt_text":"","src":"","width":0,"height":0},"classes":[]},{"id":13240,"url":"https:\/\/www.jornalja.com.br\/arquivo\/plano-diretor-estamos-construindo-o-caos\/","url_meta":{"origin":48164,"position":2},"title":"Plano diretor: &quot;Estamos construindo o caos&quot;","author":"Patr\u00edcia Marini","date":"26 de maio de 2014","format":false,"excerpt":"Desabafo que arquiteta Eliana Castilhos, delegada da Regi\u00e3o de Planejamento 1, postou nas redes sociais \u00e9 um testemunho do ambiente que se criou no Conselho do Plano Diretor de Porto Alegre, onde a aprova\u00e7\u00e3o de grandes empreendimentos \u00e9 empurrada guela abaixo dos conselheiros. Ao CMDUA Como delegada da Regi\u00e3o de\u2026","rel":"","context":"Em &quot;Geral&quot;","block_context":{"text":"Geral","link":"https:\/\/www.jornalja.com.br\/arquivo\/category\/geral\/"},"img":{"alt_text":"","src":"","width":0,"height":0},"classes":[]},{"id":5440,"url":"https:\/\/www.jornalja.com.br\/arquivo\/casarao-da-venancio-destino-permanece-incerto\/","url_meta":{"origin":48164,"position":3},"title":"Estado ainda n\u00e3o sabe o que fazer com casar\u00e3o abandonado h\u00e1 20 anos","author":"Elmar Bones","date":"6 de julho de 2009","format":false,"excerpt":"O casar\u00e3o amarelo, numa esquina nobre de Porto Alegre (Ven\u00e2ncio Aires com Jo\u00e3o Pessoa), j\u00e1 abrigou uma escola. H\u00e1 duas d\u00e9cadas, pelo menos, est\u00e1 abandonado, porque seu propriet\u00e1rio, o governo do Estado do Rio Grande do Sul, n\u00e3o consegue achar um destino para ele. Planos n\u00e3o faltaram. O governador Ol\u00edvio\u2026","rel":"","context":"Em &quot;X.Categorias velhas&quot;","block_context":{"text":"X.Categorias velhas","link":"https:\/\/www.jornalja.com.br\/arquivo\/category\/x-categorias-velhas\/"},"img":{"alt_text":"geraldo1","src":"https:\/\/i0.wp.com\/www.jornalja.com.br\/wp-content\/uploads\/2009\/07\/geraldo1.jpg?resize=350%2C200&ssl=1","width":350,"height":200},"classes":[]},{"id":13101,"url":"https:\/\/www.jornalja.com.br\/arquivo\/morre-um-guerreiro-do-texto\/","url_meta":{"origin":48164,"position":4},"title":"Morre um guerreiro do texto","author":"Patr\u00edcia Marini","date":"14 de maio de 2014","format":false,"excerpt":"Por Ricardo Kotscho Reproduzido do blog do autor, 11\/5\/2014; t\u00edtulo original \u201cE l\u00e1 se foi o nosso Myltainho, guerreiro do texto\u201d. Mi\u00fado e franzino, meu amigo Myltainho era um valente e inconformado guerreiro na luta contra as injusti\u00e7as sociais, a hipocrisia, as maracutaias, o autoritarismo, a intoler\u00e2ncia, a viol\u00eancia, o\u2026","rel":"","context":"Em &quot;Geral&quot;","block_context":{"text":"Geral","link":"https:\/\/www.jornalja.com.br\/arquivo\/category\/geral\/"},"img":{"alt_text":"","src":"","width":0,"height":0},"classes":[]},{"id":13239,"url":"https:\/\/www.jornalja.com.br\/arquivo\/conselho-desdenha-do-plano-diretor\/","url_meta":{"origin":48164,"position":5},"title":"Porto Alegre: Conselho detona Plano Diretor","author":"Patr\u00edcia Marini","date":"25 de maio de 2014","format":false,"excerpt":"Den\u00fancia do arquiteto e \u00a0urbanista Ibir\u00e1 Santos Lucas. Ele diz que os conselheiros est\u00e3o votando com \"enorme irresponsabilidade\". \"Mudam regime com a maior naturalidade,,,regularizam absurdos de constru\u00e7\u00f5es irregulares... \"O CMDUA est\u00e1 flexibilizando a lei do plano diretor, de uma forma impactante na vida da cidade. Mudam regime com a maior\u2026","rel":"","context":"Em &quot;Geral&quot;","block_context":{"text":"Geral","link":"https:\/\/www.jornalja.com.br\/arquivo\/category\/geral\/"},"img":{"alt_text":"","src":"","width":0,"height":0},"classes":[]}],"jetpack_shortlink":"https:\/\/wp.me\/pbQjBd-cwQ","jetpack_featured_media_url":"","_links":{"self":[{"href":"https:\/\/www.jornalja.com.br\/arquivo\/wp-json\/wp\/v2\/posts\/48164","targetHints":{"allow":["GET"]}}],"collection":[{"href":"https:\/\/www.jornalja.com.br\/arquivo\/wp-json\/wp\/v2\/posts"}],"about":[{"href":"https:\/\/www.jornalja.com.br\/arquivo\/wp-json\/wp\/v2\/types\/post"}],"author":[{"embeddable":true,"href":"https:\/\/www.jornalja.com.br\/arquivo\/wp-json\/wp\/v2\/users\/4"}],"replies":[{"embeddable":true,"href":"https:\/\/www.jornalja.com.br\/arquivo\/wp-json\/wp\/v2\/comments?post=48164"}],"version-history":[{"count":0,"href":"https:\/\/www.jornalja.com.br\/arquivo\/wp-json\/wp\/v2\/posts\/48164\/revisions"}],"wp:attachment":[{"href":"https:\/\/www.jornalja.com.br\/arquivo\/wp-json\/wp\/v2\/media?parent=48164"}],"wp:term":[{"taxonomy":"category","embeddable":true,"href":"https:\/\/www.jornalja.com.br\/arquivo\/wp-json\/wp\/v2\/categories?post=48164"},{"taxonomy":"post_tag","embeddable":true,"href":"https:\/\/www.jornalja.com.br\/arquivo\/wp-json\/wp\/v2\/tags?post=48164"}],"curies":[{"name":"wp","href":"https:\/\/api.w.org\/{rel}","templated":true}]}}