{"id":48172,"date":"2017-05-08T22:56:15","date_gmt":"2017-05-09T01:56:15","guid":{"rendered":"https:\/\/www.jornalja.com.br\/?p=48172"},"modified":"2017-05-08T22:56:15","modified_gmt":"2017-05-09T01:56:15","slug":"o-que-pensa-a-juiza-de-curitiba-que-proibiu-acampamentos-nas-pracas","status":"publish","type":"post","link":"https:\/\/www.jornalja.com.br\/arquivo\/o-que-pensa-a-juiza-de-curitiba-que-proibiu-acampamentos-nas-pracas\/","title":{"rendered":"O que pensa a ju\u00edza de Curitiba que proibiu &quot;acampamentos nas pra\u00e7as&quot;"},"content":{"rendered":"<h2><\/h2>\n<p><strong>Ju\u00edza que restringiu atos pr\u00f3-lula em Curitiba atacou petista nas redes sociais<\/strong><br \/>\n<em>Da Reda\u00e7\u00e3o da Carta Capital<\/em><br \/>\nA ju\u00edza Diele Denardin Zydek, que na sexta-feira 5 restringiu as manifesta\u00e7\u00f5es favor\u00e1veis ao ex-presidente Luiz In\u00e1cio Lula da Silva nas cercanias da sede da Justi\u00e7a Federal em Curitiba, usou suas redes sociais para manifestar oposi\u00e7\u00e3o a Lula, \u00e0 ex-presidenta Dilma Rousseff, ao PT e \u00e0 esquerda.<br \/>\nZydek \u00e9 magistrada da 5\u00aa Vara da Fazenda P\u00fablica do Paran\u00e1. Sua decis\u00e3o foi tomada atendendo pedido do prefeito de Curitiba, Rafael Greca (PMN), que havia pedido um \u201cInterdito Proibit\u00f3rio\u201d ap\u00f3s o Movimento dos Trabalhadores Sem Terra (MST) solicitar um espa\u00e7o nas proximidades do pr\u00e9dio da Justi\u00e7a Federal, onde Lula vai depor nesta quarta-feira 10, para montar um acampamento.<br \/>\nO MST promete levar 20 mil pessoas para Curitiba e a prefeitura da capital paranaense v\u00ea risco de confus\u00e3o com apoiadores da Opera\u00e7\u00e3o Lava Jato, que tamb\u00e9m prometem se reunir no local. Pela decis\u00e3o de Zydek, entre as 23 horas desta segunda-feira 8 e \u00e0s 23 horas de quarta-feira 10, est\u00e3o proibidas, entre outras medidas, \u201ca montagem de estruturas e acampamentos nas ruas e pra\u00e7as da cidade, sob pena de multa di\u00e1ria de 50 mil reais\u201d. Segundo ela, a prefeitura e o MST devem negociar formas para garantir o protesto e o direito de ir e vir dos moradores do bairro onde fica a Justi\u00e7a Federal.<br \/>\nZydek tem um perfil aberto no Facebook, no qual compartilha conte\u00fados pessoais e pol\u00edticos. Em 4 de mar\u00e7o do ano passado, a magistrada celebrou a condu\u00e7\u00e3o coercitiva de Lula, ordenada pelo juiz Sergio Moro, que interrogar\u00e1 Lula. &#8220;E hoje a casa caiu para o Lula&#8230;&#8221;, escreveu ela, ao lado de \u00edcones de aplausos. Minutos depois, a magistrada compartilhou nota de um site que elogiava Moro pela decis\u00e3o e chamou o colega de &#8220;inspira\u00e7\u00e3o&#8221; e &#8220;\u00eddolo&#8221;.<br \/>\nEm seguida, compartilhou cartaz de apoio \u00e0 Lava Jato assinado pelo movimento Quero me Defender, que advoga pela redu\u00e7\u00e3o da maioridade penal e pelo armamento da popula\u00e7\u00e3o civil.<br \/>\nEm 9 de mar\u00e7o, Zydek divulgou em sua rede a convoca\u00e7\u00e3o do Vem Pra Rua para os atos de 13 de mar\u00e7o contra Dilma Rousseff, que pediam o impeachment da petista, concretizado semanas depois.<br \/>\nEm 16 de mar\u00e7o, a magistrada lamentou o fato de Lula ter aceitado o posto de ministro-chefe da Casa Civil de Dilma Rousseff e chamou o caso de &#8220;manobra criminosa&#8221;.<br \/>\nA nomea\u00e7\u00e3o de Lula foi um dos \u00faltimos movimentos de Dilma para tentar se manter no poder. A estrat\u00e9gia naufragou, no entanto, gra\u00e7as ao vazamento de uma conversa entre ela e Lula, feita ilegalmente pela Pol\u00edcia Federal e tamb\u00e9m divulgada ilegalmente por Moro. Ainda assim, o \u00e1udio subsidiou decis\u00e3o de Gilmar Mendes para barrar a nomea\u00e7\u00e3o. Posteriormente, o ministro Teori Zavascki confirmou a ilegalidade do \u00e1udio.<br \/>\nNo mesmo dia, Zydek comentou o \u00e1udio e festejou o que seria o medo de Lula diante da &#8220;Rep\u00fablica de Curitiba&#8221;.<br \/>\nEm outras postagens que indicam seu posicionamento pol\u00edtico, Zydek disse em 10 de maio de 2016 se &#8220;sentir envergonhada&#8221; diante da atua\u00e7\u00e3o da senadora Gleisi Hoffmann, do PT do Paran\u00e1, e em 12 de maio compartilhou um meme com o que dizia ser &#8220;o eterno erro da esquerda&#8221;.<br \/>\nO meme trazia uma frase a respeito de n\u00e3o se dever &#8220;fortalecer o fraco enfraquecendo o forte&#8221; e atribu\u00eda o dito a Abraham Lincoln, presidente dos EUA no s\u00e9culo XIX. A frase nunca foi dita por Lincoln, mas pelo reverendo presbiteriano conservador William John Henry Boetcker, que nasceu quando Lincoln j\u00e1 estava morto.<br \/>\nSegundo a Lei Org\u00e2nica da Magistratura Nacional, essas manifesta\u00e7\u00f5es p\u00fablicas feitas pela ju\u00edza s\u00e3o conden\u00e1veis. O exerc\u00edcio de atividade pol\u00edtico-partid\u00e1ria, como a participa\u00e7\u00e3o em atos, pode ser punido com perda de cargo.<br \/>\nMagistrados tamb\u00e9m s\u00e3o proibidos por lei de &#8220;manifestar, por qualquer meio de comunica\u00e7\u00e3o, opini\u00e3o sobre processo pendente de julgamento, seu ou de outrem, ou ju\u00edzo depreciativo sobre despachos, votos ou senten\u00e7as, de \u00f3rg\u00e3os judiciais, ressalvada a cr\u00edtica nos autos e em obras t\u00e9cnicas ou no exerc\u00edcio do magist\u00e9rio&#8221;.<\/p>\n","protected":false},"excerpt":{"rendered":"<p>Ju\u00edza que restringiu atos pr\u00f3-lula em Curitiba atacou petista nas redes sociais Da Reda\u00e7\u00e3o da Carta Capital A ju\u00edza Diele Denardin Zydek, que na sexta-feira 5 restringiu as manifesta\u00e7\u00f5es favor\u00e1veis ao ex-presidente Luiz In\u00e1cio Lula da Silva nas cercanias da sede da Justi\u00e7a Federal em Curitiba, usou suas redes sociais para manifestar oposi\u00e7\u00e3o a Lula, [&hellip;]<\/p>\n","protected":false},"author":4,"featured_media":0,"comment_status":"open","ping_status":"closed","sticky":false,"template":"","format":"standard","meta":{"_jetpack_newsletter_access":"","_jetpack_dont_email_post_to_subs":false,"_jetpack_newsletter_tier_id":0,"_jetpack_memberships_contains_paywalled_content":false,"_jetpack_feature_clip_id":0,"_jetpack_memberships_contains_paid_content":false,"footnotes":"","jetpack_post_was_ever_published":false},"categories":[2022],"tags":[],"class_list":["post-48172","post","type-post","status-publish","format-standard","hentry","category-notas"],"aioseo_notices":[],"aioseo_head":"\n\t\t<!-- All in One SEO 5.0.1.1 - aioseo.com -->\n\t<meta name=\"robots\" content=\"max-image-preview:large\" \/>\n\t<meta name=\"author\" content=\"da Reda\u00e7\u00e3o\"\/>\n\t<link rel=\"canonical\" href=\"https:\/\/www.jornalja.com.br\/arquivo\/o-que-pensa-a-juiza-de-curitiba-que-proibiu-acampamentos-nas-pracas\/\" \/>\n\t<meta name=\"generator\" content=\"All in One SEO (AIOSEO) 5.0.1.1\" \/>\n\t\t<meta property=\"og:locale\" content=\"pt_BR\" \/>\n\t\t<meta property=\"og:site_name\" content=\"Arquivo | Jornal J\u00c1 | Porto Alegre\" \/>\n\t\t<meta property=\"og:type\" content=\"article\" \/>\n\t\t<meta property=\"og:title\" content=\"O que pensa a ju\u00edza de Curitiba que proibiu &quot;acampamentos nas pra\u00e7as&quot; | Arquivo\" \/>\n\t\t<meta property=\"og:url\" content=\"https:\/\/www.jornalja.com.br\/arquivo\/o-que-pensa-a-juiza-de-curitiba-que-proibiu-acampamentos-nas-pracas\/\" \/>\n\t\t<meta property=\"og:image\" content=\"https:\/\/www.jornalja.com.br\/economics\/wp-content\/uploads\/sites\/11\/2026\/08\/ja-folhaderosto-facebook.jpg\" \/>\n\t\t<meta property=\"og:image:secure_url\" content=\"https:\/\/www.jornalja.com.br\/economics\/wp-content\/uploads\/sites\/11\/2026\/08\/ja-folhaderosto-facebook.jpg\" \/>\n\t\t<meta property=\"article:published_time\" content=\"2017-05-09T01:56:15+00:00\" \/>\n\t\t<meta property=\"article:modified_time\" content=\"2017-05-09T01:56:15+00:00\" \/>\n\t\t<meta name=\"twitter:card\" content=\"summary\" \/>\n\t\t<meta name=\"twitter:title\" content=\"O que pensa a ju\u00edza de Curitiba que proibiu &quot;acampamentos nas pra\u00e7as&quot; | Arquivo\" \/>\n\t\t<meta name=\"twitter:image\" content=\"https:\/\/www.jornalja.com.br\/economics\/wp-content\/uploads\/sites\/11\/2026\/08\/ja-folhaderosto-facebook.jpg\" \/>\n\t\t<script type=\"application\/ld+json\" class=\"aioseo-schema\">\n\t\t\t{\"@context\":\"https:\\\/\\\/schema.org\",\"@graph\":[{\"@type\":\"BlogPosting\",\"@id\":\"https:\\\/\\\/www.jornalja.com.br\\\/arquivo\\\/o-que-pensa-a-juiza-de-curitiba-que-proibiu-acampamentos-nas-pracas\\\/#blogposting\",\"name\":\"O que pensa a ju\\u00edza de Curitiba que proibiu \\\"acampamentos nas pra\\u00e7as\\\" | Arquivo\",\"headline\":\"O que pensa a ju\\u00edza de Curitiba que proibiu &quot;acampamentos nas pra\\u00e7as&quot;\",\"author\":{\"@id\":\"https:\\\/\\\/www.jornalja.com.br\\\/arquivo\\\/author\\\/daredacao\\\/#author\"},\"publisher\":{\"@id\":\"https:\\\/\\\/www.jornalja.com.br\\\/arquivo\\\/#organization\"},\"image\":{\"@type\":\"ImageObject\",\"url\":\"https:\\\/\\\/www.jornalja.com.br\\\/wp-content\\\/uploads\\\/cards\\\/JAslogan.png\",\"@id\":\"https:\\\/\\\/www.jornalja.com.br\\\/arquivo\\\/#articleImage\"},\"datePublished\":\"2017-05-08T22:56:15-03:00\",\"dateModified\":\"2017-05-08T22:56:15-03:00\",\"inLanguage\":\"pt-BR\",\"mainEntityOfPage\":{\"@id\":\"https:\\\/\\\/www.jornalja.com.br\\\/arquivo\\\/o-que-pensa-a-juiza-de-curitiba-que-proibiu-acampamentos-nas-pracas\\\/#webpage\"},\"isPartOf\":{\"@id\":\"https:\\\/\\\/www.jornalja.com.br\\\/arquivo\\\/o-que-pensa-a-juiza-de-curitiba-que-proibiu-acampamentos-nas-pracas\\\/#webpage\"},\"articleSection\":\"NOTAS\"},{\"@type\":\"BreadcrumbList\",\"@id\":\"https:\\\/\\\/www.jornalja.com.br\\\/arquivo\\\/o-que-pensa-a-juiza-de-curitiba-que-proibiu-acampamentos-nas-pracas\\\/#breadcrumblist\",\"itemListElement\":[{\"@type\":\"ListItem\",\"@id\":\"https:\\\/\\\/www.jornalja.com.br\\\/arquivo#listItem\",\"position\":1,\"name\":\"Home\",\"item\":\"https:\\\/\\\/www.jornalja.com.br\\\/arquivo\",\"nextItem\":{\"@type\":\"ListItem\",\"@id\":\"https:\\\/\\\/www.jornalja.com.br\\\/arquivo\\\/category\\\/notas\\\/#listItem\",\"name\":\"NOTAS\"}},{\"@type\":\"ListItem\",\"@id\":\"https:\\\/\\\/www.jornalja.com.br\\\/arquivo\\\/category\\\/notas\\\/#listItem\",\"position\":2,\"name\":\"NOTAS\",\"item\":\"https:\\\/\\\/www.jornalja.com.br\\\/arquivo\\\/category\\\/notas\\\/\",\"nextItem\":{\"@type\":\"ListItem\",\"@id\":\"https:\\\/\\\/www.jornalja.com.br\\\/arquivo\\\/o-que-pensa-a-juiza-de-curitiba-que-proibiu-acampamentos-nas-pracas\\\/#listItem\",\"name\":\"O que pensa a ju\\u00edza de Curitiba que proibiu &quot;acampamentos nas pra\\u00e7as&quot;\"},\"previousItem\":{\"@type\":\"ListItem\",\"@id\":\"https:\\\/\\\/www.jornalja.com.br\\\/arquivo#listItem\",\"name\":\"Home\"}},{\"@type\":\"ListItem\",\"@id\":\"https:\\\/\\\/www.jornalja.com.br\\\/arquivo\\\/o-que-pensa-a-juiza-de-curitiba-que-proibiu-acampamentos-nas-pracas\\\/#listItem\",\"position\":3,\"name\":\"O que pensa a ju\\u00edza de Curitiba que proibiu &quot;acampamentos nas pra\\u00e7as&quot;\",\"previousItem\":{\"@type\":\"ListItem\",\"@id\":\"https:\\\/\\\/www.jornalja.com.br\\\/arquivo\\\/category\\\/notas\\\/#listItem\",\"name\":\"NOTAS\"}}]},{\"@type\":\"Organization\",\"@id\":\"https:\\\/\\\/www.jornalja.com.br\\\/arquivo\\\/#organization\",\"name\":\"Jornal J\\u00c1\",\"description\":\"Jornal J\\u00c1 | Porto Alegre\",\"url\":\"https:\\\/\\\/www.jornalja.com.br\\\/arquivo\\\/\",\"telephone\":\"+555133307272\",\"logo\":{\"@type\":\"ImageObject\",\"url\":\"https:\\\/\\\/www.jornalja.com.br\\\/wp-content\\\/uploads\\\/cards\\\/JAslogan.png\",\"@id\":\"https:\\\/\\\/www.jornalja.com.br\\\/arquivo\\\/o-que-pensa-a-juiza-de-curitiba-que-proibiu-acampamentos-nas-pracas\\\/#organizationLogo\"},\"image\":{\"@id\":\"https:\\\/\\\/www.jornalja.com.br\\\/arquivo\\\/o-que-pensa-a-juiza-de-curitiba-que-proibiu-acampamentos-nas-pracas\\\/#organizationLogo\"}},{\"@type\":\"Person\",\"@id\":\"https:\\\/\\\/www.jornalja.com.br\\\/arquivo\\\/author\\\/daredacao\\\/#author\",\"url\":\"https:\\\/\\\/www.jornalja.com.br\\\/arquivo\\\/author\\\/daredacao\\\/\",\"name\":\"da Reda\\u00e7\\u00e3o\",\"image\":{\"@type\":\"ImageObject\",\"@id\":\"https:\\\/\\\/www.jornalja.com.br\\\/arquivo\\\/o-que-pensa-a-juiza-de-curitiba-que-proibiu-acampamentos-nas-pracas\\\/#authorImage\",\"url\":\"https:\\\/\\\/secure.gravatar.com\\\/avatar\\\/469fd857d6605ad19919d27ed29d35a968a25f6e8fd9318356bbb7f57aae9c65?s=96&d=mm&r=g\",\"width\":96,\"height\":96,\"caption\":\"da Reda\\u00e7\\u00e3o\"}},{\"@type\":\"WebPage\",\"@id\":\"https:\\\/\\\/www.jornalja.com.br\\\/arquivo\\\/o-que-pensa-a-juiza-de-curitiba-que-proibiu-acampamentos-nas-pracas\\\/#webpage\",\"url\":\"https:\\\/\\\/www.jornalja.com.br\\\/arquivo\\\/o-que-pensa-a-juiza-de-curitiba-que-proibiu-acampamentos-nas-pracas\\\/\",\"name\":\"O que pensa a ju\\u00edza de Curitiba que proibiu \\\"acampamentos nas pra\\u00e7as\\\" | Arquivo\",\"inLanguage\":\"pt-BR\",\"isPartOf\":{\"@id\":\"https:\\\/\\\/www.jornalja.com.br\\\/arquivo\\\/#website\"},\"breadcrumb\":{\"@id\":\"https:\\\/\\\/www.jornalja.com.br\\\/arquivo\\\/o-que-pensa-a-juiza-de-curitiba-que-proibiu-acampamentos-nas-pracas\\\/#breadcrumblist\"},\"author\":{\"@id\":\"https:\\\/\\\/www.jornalja.com.br\\\/arquivo\\\/author\\\/daredacao\\\/#author\"},\"creator\":{\"@id\":\"https:\\\/\\\/www.jornalja.com.br\\\/arquivo\\\/author\\\/daredacao\\\/#author\"},\"datePublished\":\"2017-05-08T22:56:15-03:00\",\"dateModified\":\"2017-05-08T22:56:15-03:00\"},{\"@type\":\"WebSite\",\"@id\":\"https:\\\/\\\/www.jornalja.com.br\\\/arquivo\\\/#website\",\"url\":\"https:\\\/\\\/www.jornalja.com.br\\\/arquivo\\\/\",\"name\":\"Arquivo\",\"description\":\"Jornal J\\u00c1 | Porto Alegre\",\"inLanguage\":\"pt-BR\",\"publisher\":{\"@id\":\"https:\\\/\\\/www.jornalja.com.br\\\/arquivo\\\/#organization\"}}]}\n\t\t<\/script>\n\t\t<!-- All in One SEO -->\n\n","aioseo_head_json":{"title":"O que pensa a ju\u00edza de Curitiba que proibiu \"acampamentos nas pra\u00e7as\" | Arquivo","description":"","canonical_url":"https:\/\/www.jornalja.com.br\/arquivo\/o-que-pensa-a-juiza-de-curitiba-que-proibiu-acampamentos-nas-pracas\/","robots":"max-image-preview:large","keywords":"","webmasterTools":{"miscellaneous":""},"schema":{"@context":"https:\/\/schema.org","@graph":[{"@type":"BlogPosting","@id":"https:\/\/www.jornalja.com.br\/arquivo\/o-que-pensa-a-juiza-de-curitiba-que-proibiu-acampamentos-nas-pracas\/#blogposting","name":"O que pensa a ju\u00edza de Curitiba que proibiu \"acampamentos nas pra\u00e7as\" | Arquivo","headline":"O que pensa a ju\u00edza de Curitiba que proibiu &quot;acampamentos nas pra\u00e7as&quot;","author":{"@id":"https:\/\/www.jornalja.com.br\/arquivo\/author\/daredacao\/#author"},"publisher":{"@id":"https:\/\/www.jornalja.com.br\/arquivo\/#organization"},"image":{"@type":"ImageObject","url":"https:\/\/www.jornalja.com.br\/wp-content\/uploads\/cards\/JAslogan.png","@id":"https:\/\/www.jornalja.com.br\/arquivo\/#articleImage"},"datePublished":"2017-05-08T22:56:15-03:00","dateModified":"2017-05-08T22:56:15-03:00","inLanguage":"pt-BR","mainEntityOfPage":{"@id":"https:\/\/www.jornalja.com.br\/arquivo\/o-que-pensa-a-juiza-de-curitiba-que-proibiu-acampamentos-nas-pracas\/#webpage"},"isPartOf":{"@id":"https:\/\/www.jornalja.com.br\/arquivo\/o-que-pensa-a-juiza-de-curitiba-que-proibiu-acampamentos-nas-pracas\/#webpage"},"articleSection":"NOTAS"},{"@type":"BreadcrumbList","@id":"https:\/\/www.jornalja.com.br\/arquivo\/o-que-pensa-a-juiza-de-curitiba-que-proibiu-acampamentos-nas-pracas\/#breadcrumblist","itemListElement":[{"@type":"ListItem","@id":"https:\/\/www.jornalja.com.br\/arquivo#listItem","position":1,"name":"Home","item":"https:\/\/www.jornalja.com.br\/arquivo","nextItem":{"@type":"ListItem","@id":"https:\/\/www.jornalja.com.br\/arquivo\/category\/notas\/#listItem","name":"NOTAS"}},{"@type":"ListItem","@id":"https:\/\/www.jornalja.com.br\/arquivo\/category\/notas\/#listItem","position":2,"name":"NOTAS","item":"https:\/\/www.jornalja.com.br\/arquivo\/category\/notas\/","nextItem":{"@type":"ListItem","@id":"https:\/\/www.jornalja.com.br\/arquivo\/o-que-pensa-a-juiza-de-curitiba-que-proibiu-acampamentos-nas-pracas\/#listItem","name":"O que pensa a ju\u00edza de Curitiba que proibiu &quot;acampamentos nas pra\u00e7as&quot;"},"previousItem":{"@type":"ListItem","@id":"https:\/\/www.jornalja.com.br\/arquivo#listItem","name":"Home"}},{"@type":"ListItem","@id":"https:\/\/www.jornalja.com.br\/arquivo\/o-que-pensa-a-juiza-de-curitiba-que-proibiu-acampamentos-nas-pracas\/#listItem","position":3,"name":"O que pensa a ju\u00edza de Curitiba que proibiu &quot;acampamentos nas pra\u00e7as&quot;","previousItem":{"@type":"ListItem","@id":"https:\/\/www.jornalja.com.br\/arquivo\/category\/notas\/#listItem","name":"NOTAS"}}]},{"@type":"Organization","@id":"https:\/\/www.jornalja.com.br\/arquivo\/#organization","name":"Jornal J\u00c1","description":"Jornal J\u00c1 | Porto Alegre","url":"https:\/\/www.jornalja.com.br\/arquivo\/","telephone":"+555133307272","logo":{"@type":"ImageObject","url":"https:\/\/www.jornalja.com.br\/wp-content\/uploads\/cards\/JAslogan.png","@id":"https:\/\/www.jornalja.com.br\/arquivo\/o-que-pensa-a-juiza-de-curitiba-que-proibiu-acampamentos-nas-pracas\/#organizationLogo"},"image":{"@id":"https:\/\/www.jornalja.com.br\/arquivo\/o-que-pensa-a-juiza-de-curitiba-que-proibiu-acampamentos-nas-pracas\/#organizationLogo"}},{"@type":"Person","@id":"https:\/\/www.jornalja.com.br\/arquivo\/author\/daredacao\/#author","url":"https:\/\/www.jornalja.com.br\/arquivo\/author\/daredacao\/","name":"da Reda\u00e7\u00e3o","image":{"@type":"ImageObject","@id":"https:\/\/www.jornalja.com.br\/arquivo\/o-que-pensa-a-juiza-de-curitiba-que-proibiu-acampamentos-nas-pracas\/#authorImage","url":"https:\/\/secure.gravatar.com\/avatar\/469fd857d6605ad19919d27ed29d35a968a25f6e8fd9318356bbb7f57aae9c65?s=96&d=mm&r=g","width":96,"height":96,"caption":"da Reda\u00e7\u00e3o"}},{"@type":"WebPage","@id":"https:\/\/www.jornalja.com.br\/arquivo\/o-que-pensa-a-juiza-de-curitiba-que-proibiu-acampamentos-nas-pracas\/#webpage","url":"https:\/\/www.jornalja.com.br\/arquivo\/o-que-pensa-a-juiza-de-curitiba-que-proibiu-acampamentos-nas-pracas\/","name":"O que pensa a ju\u00edza de Curitiba que proibiu \"acampamentos nas pra\u00e7as\" | Arquivo","inLanguage":"pt-BR","isPartOf":{"@id":"https:\/\/www.jornalja.com.br\/arquivo\/#website"},"breadcrumb":{"@id":"https:\/\/www.jornalja.com.br\/arquivo\/o-que-pensa-a-juiza-de-curitiba-que-proibiu-acampamentos-nas-pracas\/#breadcrumblist"},"author":{"@id":"https:\/\/www.jornalja.com.br\/arquivo\/author\/daredacao\/#author"},"creator":{"@id":"https:\/\/www.jornalja.com.br\/arquivo\/author\/daredacao\/#author"},"datePublished":"2017-05-08T22:56:15-03:00","dateModified":"2017-05-08T22:56:15-03:00"},{"@type":"WebSite","@id":"https:\/\/www.jornalja.com.br\/arquivo\/#website","url":"https:\/\/www.jornalja.com.br\/arquivo\/","name":"Arquivo","description":"Jornal J\u00c1 | Porto Alegre","inLanguage":"pt-BR","publisher":{"@id":"https:\/\/www.jornalja.com.br\/arquivo\/#organization"}}]},"og:locale":"pt_BR","og:site_name":"Arquivo | Jornal J\u00c1 | Porto Alegre","og:type":"article","og:title":"O que pensa a ju\u00edza de Curitiba que proibiu &quot;acampamentos nas pra\u00e7as&quot; | Arquivo","og:url":"https:\/\/www.jornalja.com.br\/arquivo\/o-que-pensa-a-juiza-de-curitiba-que-proibiu-acampamentos-nas-pracas\/","og:image":"https:\/\/www.jornalja.com.br\/economics\/wp-content\/uploads\/sites\/11\/2026\/08\/ja-folhaderosto-facebook.jpg","og:image:secure_url":"https:\/\/www.jornalja.com.br\/economics\/wp-content\/uploads\/sites\/11\/2026\/08\/ja-folhaderosto-facebook.jpg","article:published_time":"2017-05-09T01:56:15+00:00","article:modified_time":"2017-05-09T01:56:15+00:00","twitter:card":"summary","twitter:title":"O que pensa a ju\u00edza de Curitiba que proibiu &quot;acampamentos nas pra\u00e7as&quot; | Arquivo","twitter:image":"https:\/\/www.jornalja.com.br\/economics\/wp-content\/uploads\/sites\/11\/2026\/08\/ja-folhaderosto-facebook.jpg"},"aioseo_meta_data":{"post_id":"48172","title":null,"description":null,"keywords":null,"keyphrases":null,"primary_term":null,"canonical_url":null,"og_title":null,"og_description":null,"og_object_type":"default","og_image_type":"default","og_image_url":null,"og_image_width":null,"og_image_height":null,"og_image_custom_url":null,"og_image_custom_fields":null,"og_video":null,"og_custom_url":null,"og_article_section":null,"og_article_tags":null,"twitter_use_og":false,"twitter_card":"default","twitter_image_type":"default","twitter_image_url":null,"twitter_image_custom_url":null,"twitter_image_custom_fields":null,"twitter_title":null,"twitter_description":null,"schema":{"blockGraphs":[],"customGraphs":[],"default":{"data":{"Article":[],"Course":[],"Dataset":[],"FAQPage":[],"Movie":[],"Person":[],"Product":[],"ProductReview":[],"Car":[],"Recipe":[],"Service":[],"SoftwareApplication":[],"WebPage":[]},"graphName":"","isEnabled":true},"graphs":[],"defaultGraph":"","defaultPostTypeGraph":""},"schema_type":null,"schema_type_options":null,"pillar_content":false,"robots_default":true,"robots_noindex":false,"robots_noarchive":false,"robots_nosnippet":false,"robots_nofollow":false,"robots_noimageindex":false,"robots_noodp":false,"robots_notranslate":false,"robots_max_snippet":null,"robots_max_videopreview":null,"robots_max_imagepreview":"large","priority":null,"frequency":null,"location":null,"local_seo":null,"breadcrumb_settings":null,"limit_modified_date":false,"ai":null,"created":"2020-12-20 20:35:51","updated":"2025-07-19 21:25:13","seo_analyzer_scan_date":null,"focus_keyword":null,"additional_keywords":null,"truseo_locale":null},"jetpack_sharing_enabled":true,"jetpack-related-posts":[{"id":13240,"url":"https:\/\/www.jornalja.com.br\/arquivo\/plano-diretor-estamos-construindo-o-caos\/","url_meta":{"origin":48172,"position":0},"title":"Plano diretor: &quot;Estamos construindo o caos&quot;","author":"Patr\u00edcia Marini","date":"26 de maio de 2014","format":false,"excerpt":"Desabafo que arquiteta Eliana Castilhos, delegada da Regi\u00e3o de Planejamento 1, postou nas redes sociais \u00e9 um testemunho do ambiente que se criou no Conselho do Plano Diretor de Porto Alegre, onde a aprova\u00e7\u00e3o de grandes empreendimentos \u00e9 empurrada guela abaixo dos conselheiros. Ao CMDUA Como delegada da Regi\u00e3o de\u2026","rel":"","context":"Em &quot;Geral&quot;","block_context":{"text":"Geral","link":"https:\/\/www.jornalja.com.br\/arquivo\/category\/geral\/"},"img":{"alt_text":"","src":"","width":0,"height":0},"classes":[]},{"id":14241,"url":"https:\/\/www.jornalja.com.br\/arquivo\/o-guaiba-nas-imagens-poeticas-de-achutti\/","url_meta":{"origin":48172,"position":1},"title":"O Gua\u00edba nas imagens po\u00e9ticas de Achutti","author":"da Reda\u00e7\u00e3o","date":"18 de junho de 2014","format":false,"excerpt":"Em \u201cO Gua\u00edba por Achutti\u201d \u2013 obra financiada via Minist\u00e9rio da Cultura, produ\u00e7\u00e3o executiva de Pedro Longhi, e Fl\u00e1vio Wild como designer \u2013, o fot\u00f3grafo revela a beleza e as mazelas de um espa\u00e7o aqu\u00e1tico de \u00e1guas sempre renovadas, cheio de hist\u00f3rias e lendas como as das cidades que foram\u2026","rel":"","context":"Em &quot;Cultura-Geral&quot;","block_context":{"text":"Cultura-Geral","link":"https:\/\/www.jornalja.com.br\/arquivo\/category\/materiasecundaria\/"},"img":{"alt_text":"","src":"","width":0,"height":0},"classes":[]},{"id":12960,"url":"https:\/\/www.jornalja.com.br\/arquivo\/populacao-culpa-empresas-pela-greve-dos-rodoviarios\/","url_meta":{"origin":48172,"position":2},"title":"Popula\u00e7\u00e3o culpa empresas pela greve","author":"Patr\u00edcia Marini","date":"14 de fevereiro de 2014","format":false,"excerpt":"Pesquisa divulgada na edi\u00e7\u00e3o do jornal Metro desta sexta-feira,14, comprova o velho ditado: \u00e9 poss\u00edvel enganar muitos por algum tempo, mas n\u00e3o \u00e9 poss\u00edvel enganar a todos o tempo inteiro. A principal revela\u00e7\u00e3o foi que 59,8% dos entrevistados apontaram as empresas como as principais respons\u00e1veis pela grave e 46% culparam\u2026","rel":"","context":"Em &quot;X.Categorias velhas&quot;","block_context":{"text":"X.Categorias velhas","link":"https:\/\/www.jornalja.com.br\/arquivo\/category\/x-categorias-velhas\/"},"img":{"alt_text":"","src":"","width":0,"height":0},"classes":[]},{"id":13109,"url":"https:\/\/www.jornalja.com.br\/arquivo\/judiciario-reconhece-poluicao-eletromagnetica\/","url_meta":{"origin":48172,"position":3},"title":"Judici\u00e1rio reconhece polui\u00e7\u00e3o eletromagn\u00e9tica","author":"Patr\u00edcia Marini","date":"16 de maio de 2014","format":false,"excerpt":"A\u00e7\u00e3o de duas associa\u00e7\u00f5es de moradores foi acolhida pelo Tribunal de Justi\u00e7a de S\u00e3o Paulo que. em decis\u00e3o in\u00e9dita, determinou a redu\u00e7\u00e3o do campo eletromagn\u00e9tico gerado pelas linhas de transmiss\u00e3o de energia que cortam os bairros City Boa\u00e7ava e Alto de Pinheiros. \u00c9 a primeira vez que um tribunal do\u2026","rel":"","context":"Em &quot;X.Categorias velhas&quot;","block_context":{"text":"X.Categorias velhas","link":"https:\/\/www.jornalja.com.br\/arquivo\/category\/x-categorias-velhas\/"},"img":{"alt_text":"","src":"","width":0,"height":0},"classes":[]},{"id":13101,"url":"https:\/\/www.jornalja.com.br\/arquivo\/morre-um-guerreiro-do-texto\/","url_meta":{"origin":48172,"position":4},"title":"Morre um guerreiro do texto","author":"Patr\u00edcia Marini","date":"14 de maio de 2014","format":false,"excerpt":"Por Ricardo Kotscho Reproduzido do blog do autor, 11\/5\/2014; t\u00edtulo original \u201cE l\u00e1 se foi o nosso Myltainho, guerreiro do texto\u201d. Mi\u00fado e franzino, meu amigo Myltainho era um valente e inconformado guerreiro na luta contra as injusti\u00e7as sociais, a hipocrisia, as maracutaias, o autoritarismo, a intoler\u00e2ncia, a viol\u00eancia, o\u2026","rel":"","context":"Em &quot;Geral&quot;","block_context":{"text":"Geral","link":"https:\/\/www.jornalja.com.br\/arquivo\/category\/geral\/"},"img":{"alt_text":"","src":"","width":0,"height":0},"classes":[]},{"id":13128,"url":"https:\/\/www.jornalja.com.br\/arquivo\/maconha-terra-diz-que-uso-medicinal-e-desculpa\/","url_meta":{"origin":48172,"position":5},"title":"Maconha: Terra diz que uso medicinal \u00e9 desculpa","author":"Patr\u00edcia Marini","date":"4 de junho de 2014","format":false,"excerpt":"A condi\u00e7\u00e3o de pol\u00edtico, em \u00e9poca de campanha de campanha eleitoral, tira for\u00e7a do discurso do m\u00e9dico Osmar Terra contra a legaliza\u00e7\u00e3o da maconha. A tese dele de que a libera\u00e7\u00e3o vai ampliar exponencialmente o consumo \u00e9 discutivel, o consumo \u00e9 corrente. Mas seus alertas quanto aos riscos tem que\u2026","rel":"","context":"Em &quot;X.Categorias velhas&quot;","block_context":{"text":"X.Categorias velhas","link":"https:\/\/www.jornalja.com.br\/arquivo\/category\/x-categorias-velhas\/"},"img":{"alt_text":"","src":"","width":0,"height":0},"classes":[]}],"jetpack_shortlink":"https:\/\/wp.me\/pbQjBd-cwY","jetpack_featured_media_url":"","_links":{"self":[{"href":"https:\/\/www.jornalja.com.br\/arquivo\/wp-json\/wp\/v2\/posts\/48172","targetHints":{"allow":["GET"]}}],"collection":[{"href":"https:\/\/www.jornalja.com.br\/arquivo\/wp-json\/wp\/v2\/posts"}],"about":[{"href":"https:\/\/www.jornalja.com.br\/arquivo\/wp-json\/wp\/v2\/types\/post"}],"author":[{"embeddable":true,"href":"https:\/\/www.jornalja.com.br\/arquivo\/wp-json\/wp\/v2\/users\/4"}],"replies":[{"embeddable":true,"href":"https:\/\/www.jornalja.com.br\/arquivo\/wp-json\/wp\/v2\/comments?post=48172"}],"version-history":[{"count":0,"href":"https:\/\/www.jornalja.com.br\/arquivo\/wp-json\/wp\/v2\/posts\/48172\/revisions"}],"wp:attachment":[{"href":"https:\/\/www.jornalja.com.br\/arquivo\/wp-json\/wp\/v2\/media?parent=48172"}],"wp:term":[{"taxonomy":"category","embeddable":true,"href":"https:\/\/www.jornalja.com.br\/arquivo\/wp-json\/wp\/v2\/categories?post=48172"},{"taxonomy":"post_tag","embeddable":true,"href":"https:\/\/www.jornalja.com.br\/arquivo\/wp-json\/wp\/v2\/tags?post=48172"}],"curies":[{"name":"wp","href":"https:\/\/api.w.org\/{rel}","templated":true}]}}