{"id":48194,"date":"2017-05-09T16:27:39","date_gmt":"2017-05-09T19:27:39","guid":{"rendered":"https:\/\/www.jornalja.com.br\/?p=48194"},"modified":"2017-05-09T16:27:39","modified_gmt":"2017-05-09T19:27:39","slug":"irga-lanca-versao-impressa-de-livro-sobre-arroz-no-programa-da-onu","status":"publish","type":"post","link":"https:\/\/www.jornalja.com.br\/arquivo\/irga-lanca-versao-impressa-de-livro-sobre-arroz-no-programa-da-onu\/","title":{"rendered":"IRGA lan\u00e7a vers\u00e3o impressa de livro sobre arroz no programa da ONU"},"content":{"rendered":"<p>Ser\u00e1 lan\u00e7ado hoje, \u00e0s 18 horas, na 5\u00aa Expoarroz, em Pelotas, a edi\u00e7\u00e3o impressa do livro \u201cArroz no Programa Mundial de Alimenta\u00e7\u00e3o das Na\u00e7\u00f5es Unidas\u201d, de autoria do engenheiro qu\u00edmico Gilberto Amato, pesquisador da Funda\u00e7\u00e3o de Ci\u00eancia e Tecnologia (Cientec), atualmente\u00a0trabalhando como\u00a0assessor t\u00e9cnico do Instituto Rio Grandense do Arroz (Irga).<br \/>\nDesde mar\u00e7o dispon\u00edvel no site do Irga em formato de e-book, a obra divulga conhecimentos sobre o arroz, sua import\u00e2ncia e benef\u00edcios para a sa\u00fade.<br \/>\nA obra foi inicialmente escrita na It\u00e1lia, em espanhol, por Amato, como um cap\u00edtulo para o livro \u201cCBS21 &#8211; Cuba e Brasil no S\u00e9culo XXI\u201d.<br \/>\nDepois de muitas pesquisas realizadas nos \u00faltimos seis anos, o engenheiro ampliou o assunto e lan\u00e7ou uma obra que aborda os tipos de arroz, suas caracter\u00edsticas, hist\u00f3ria e a import\u00e2ncia do cereal para uma alimenta\u00e7\u00e3o saud\u00e1vel.<br \/>\nPara tanto, teve apoio da Funda\u00e7\u00e3o de Ci\u00eancia e Tecnologia (Cientec), dos resultados de pesquisa da Universidade Federal de Pelotas (UFPel) desenvolvidas no laborat\u00f3rio de gr\u00e3os Labgr\u00e3o\/FAEM\/UFPel e dos mestres do\u00a0Instituto de Agroqu\u00edmica y Tecnolog\u00eda de Alimentos (IATA), da Espanha.<br \/>\n\u201cReunimos o conhecimento de tantas pessoas com o nosso e colocamos de uma forma, digamos assim, palat\u00e1vel para o leitor\u201d, explica Amato.<br \/>\nAl\u00e9m da quest\u00e3o t\u00e9cnica, o livro tamb\u00e9m faz um debate sobre o envio de alimentos saud\u00e1veis para pa\u00edses necessitados. Amato comenta que \u00e9 muito triste a situa\u00e7\u00e3o de pessoas que passam fome. \u201cNo livro, eu tamb\u00e9m passo esse sentimento, de algu\u00e9m que esteve no local, viu e sentiu como algumas pessoas vivem\u201d, explica.<br \/>\nO autor defende na obra que, pelo fato do arroz ter a prote\u00edna mais nobre entre todos os cereais, o gr\u00e3o \u00e9 o mais indicado para ser encaminhado para lugares em situa\u00e7\u00e3o prec\u00e1ria. \u201cA s\u00edntese do livro \u00e9 essa, levar a mensagem de distribuir de forma organizada um arroz de qualidade \u00e0s pessoas necessitadas\u201d, acrescenta.<br \/>\nEste \u00e9 o 4\u00ba livro escrito por Amato na \u00e1rea. S\u00e3o eles: &#8220;Parboiliza\u00e7\u00e3o do Arroz no Brasil&#8221; (1991); &#8220;Arroz Parboilizado: tecnologia limpa, produto nobre&#8221; (2002); &#8220;A Parboiliza\u00e7\u00e3o do Arroz&#8221;; e &#8220;Arroz no Programa Mundial de Alimenta\u00e7\u00e3o das Na\u00e7\u00f5es Unidas&#8221; (2017). O engenheiro \u00e9 um dos poucos a ter escrito obras sobre parboiliza\u00e7\u00e3o e o \u00fanico a escrever em outra l\u00edngua. Entre os pr\u00f3ximos lan\u00e7amentos est\u00e1 \u201cArroz de A a Z\u201d, um gloss\u00e1rio de termos t\u00e9cnicos com mais de 500 verbetes.<br \/>\n&nbsp;<\/p>\n","protected":false},"excerpt":{"rendered":"<p>Ser\u00e1 lan\u00e7ado hoje, \u00e0s 18 horas, na 5\u00aa Expoarroz, em Pelotas, a edi\u00e7\u00e3o impressa do livro \u201cArroz no Programa Mundial de Alimenta\u00e7\u00e3o das Na\u00e7\u00f5es Unidas\u201d, de autoria do engenheiro qu\u00edmico Gilberto Amato, pesquisador da Funda\u00e7\u00e3o de Ci\u00eancia e Tecnologia (Cientec), atualmente\u00a0trabalhando como\u00a0assessor t\u00e9cnico do Instituto Rio Grandense do Arroz (Irga). Desde mar\u00e7o dispon\u00edvel no site [&hellip;]<\/p>\n","protected":false},"author":4,"featured_media":48197,"comment_status":"open","ping_status":"closed","sticky":false,"template":"","format":"standard","meta":{"_jetpack_newsletter_access":"","_jetpack_dont_email_post_to_subs":false,"_jetpack_newsletter_tier_id":0,"_jetpack_memberships_contains_paywalled_content":false,"_jetpack_feature_clip_id":0,"_jetpack_memberships_contains_paid_content":false,"footnotes":"","jetpack_post_was_ever_published":false},"categories":[26],"tags":[],"class_list":["post-48194","post","type-post","status-publish","format-standard","has-post-thumbnail","hentry","category-geral"],"aioseo_notices":[],"aioseo_head":"\n\t\t<!-- All in One SEO 5.0.1.1 - aioseo.com -->\n\t<meta name=\"robots\" content=\"max-image-preview:large\" \/>\n\t<meta name=\"author\" content=\"da Reda\u00e7\u00e3o\"\/>\n\t<link rel=\"canonical\" href=\"https:\/\/www.jornalja.com.br\/arquivo\/irga-lanca-versao-impressa-de-livro-sobre-arroz-no-programa-da-onu\/\" \/>\n\t<meta name=\"generator\" content=\"All in One SEO (AIOSEO) 5.0.1.1\" \/>\n\t\t<meta property=\"og:locale\" content=\"pt_BR\" \/>\n\t\t<meta property=\"og:site_name\" content=\"Arquivo | Jornal J\u00c1 | Porto Alegre\" \/>\n\t\t<meta property=\"og:type\" content=\"article\" \/>\n\t\t<meta property=\"og:title\" content=\"IRGA lan\u00e7a vers\u00e3o impressa de livro sobre arroz no programa da ONU | Arquivo\" \/>\n\t\t<meta property=\"og:url\" content=\"https:\/\/www.jornalja.com.br\/arquivo\/irga-lanca-versao-impressa-de-livro-sobre-arroz-no-programa-da-onu\/\" \/>\n\t\t<meta property=\"og:image\" content=\"https:\/\/www.jornalja.com.br\/economics\/wp-content\/uploads\/sites\/11\/2026\/08\/ja-folhaderosto-facebook.jpg\" \/>\n\t\t<meta property=\"og:image:secure_url\" content=\"https:\/\/www.jornalja.com.br\/economics\/wp-content\/uploads\/sites\/11\/2026\/08\/ja-folhaderosto-facebook.jpg\" \/>\n\t\t<meta property=\"article:published_time\" content=\"2017-05-09T19:27:39+00:00\" \/>\n\t\t<meta property=\"article:modified_time\" content=\"2017-05-09T19:27:39+00:00\" \/>\n\t\t<meta name=\"twitter:card\" content=\"summary\" \/>\n\t\t<meta name=\"twitter:title\" content=\"IRGA lan\u00e7a vers\u00e3o impressa de livro sobre arroz no programa da ONU | Arquivo\" \/>\n\t\t<meta name=\"twitter:image\" content=\"https:\/\/www.jornalja.com.br\/economics\/wp-content\/uploads\/sites\/11\/2026\/08\/ja-folhaderosto-facebook.jpg\" \/>\n\t\t<script type=\"application\/ld+json\" class=\"aioseo-schema\">\n\t\t\t{\"@context\":\"https:\\\/\\\/schema.org\",\"@graph\":[{\"@type\":\"BlogPosting\",\"@id\":\"https:\\\/\\\/www.jornalja.com.br\\\/arquivo\\\/irga-lanca-versao-impressa-de-livro-sobre-arroz-no-programa-da-onu\\\/#blogposting\",\"name\":\"IRGA lan\\u00e7a vers\\u00e3o impressa de livro sobre arroz no programa da ONU | Arquivo\",\"headline\":\"IRGA lan\\u00e7a vers\\u00e3o impressa de livro sobre arroz no programa da ONU\",\"author\":{\"@id\":\"https:\\\/\\\/www.jornalja.com.br\\\/arquivo\\\/author\\\/daredacao\\\/#author\"},\"publisher\":{\"@id\":\"https:\\\/\\\/www.jornalja.com.br\\\/arquivo\\\/#organization\"},\"image\":{\"@type\":\"ImageObject\",\"url\":48197},\"datePublished\":\"2017-05-09T16:27:39-03:00\",\"dateModified\":\"2017-05-09T16:27:39-03:00\",\"inLanguage\":\"pt-BR\",\"mainEntityOfPage\":{\"@id\":\"https:\\\/\\\/www.jornalja.com.br\\\/arquivo\\\/irga-lanca-versao-impressa-de-livro-sobre-arroz-no-programa-da-onu\\\/#webpage\"},\"isPartOf\":{\"@id\":\"https:\\\/\\\/www.jornalja.com.br\\\/arquivo\\\/irga-lanca-versao-impressa-de-livro-sobre-arroz-no-programa-da-onu\\\/#webpage\"},\"articleSection\":\"Geral\"},{\"@type\":\"BreadcrumbList\",\"@id\":\"https:\\\/\\\/www.jornalja.com.br\\\/arquivo\\\/irga-lanca-versao-impressa-de-livro-sobre-arroz-no-programa-da-onu\\\/#breadcrumblist\",\"itemListElement\":[{\"@type\":\"ListItem\",\"@id\":\"https:\\\/\\\/www.jornalja.com.br\\\/arquivo#listItem\",\"position\":1,\"name\":\"Home\",\"item\":\"https:\\\/\\\/www.jornalja.com.br\\\/arquivo\",\"nextItem\":{\"@type\":\"ListItem\",\"@id\":\"https:\\\/\\\/www.jornalja.com.br\\\/arquivo\\\/category\\\/geral\\\/#listItem\",\"name\":\"Geral\"}},{\"@type\":\"ListItem\",\"@id\":\"https:\\\/\\\/www.jornalja.com.br\\\/arquivo\\\/category\\\/geral\\\/#listItem\",\"position\":2,\"name\":\"Geral\",\"item\":\"https:\\\/\\\/www.jornalja.com.br\\\/arquivo\\\/category\\\/geral\\\/\",\"nextItem\":{\"@type\":\"ListItem\",\"@id\":\"https:\\\/\\\/www.jornalja.com.br\\\/arquivo\\\/irga-lanca-versao-impressa-de-livro-sobre-arroz-no-programa-da-onu\\\/#listItem\",\"name\":\"IRGA lan\\u00e7a vers\\u00e3o impressa de livro sobre arroz no programa da ONU\"},\"previousItem\":{\"@type\":\"ListItem\",\"@id\":\"https:\\\/\\\/www.jornalja.com.br\\\/arquivo#listItem\",\"name\":\"Home\"}},{\"@type\":\"ListItem\",\"@id\":\"https:\\\/\\\/www.jornalja.com.br\\\/arquivo\\\/irga-lanca-versao-impressa-de-livro-sobre-arroz-no-programa-da-onu\\\/#listItem\",\"position\":3,\"name\":\"IRGA lan\\u00e7a vers\\u00e3o impressa de livro sobre arroz no programa da ONU\",\"previousItem\":{\"@type\":\"ListItem\",\"@id\":\"https:\\\/\\\/www.jornalja.com.br\\\/arquivo\\\/category\\\/geral\\\/#listItem\",\"name\":\"Geral\"}}]},{\"@type\":\"Organization\",\"@id\":\"https:\\\/\\\/www.jornalja.com.br\\\/arquivo\\\/#organization\",\"name\":\"Jornal J\\u00c1\",\"description\":\"Jornal J\\u00c1 | Porto Alegre\",\"url\":\"https:\\\/\\\/www.jornalja.com.br\\\/arquivo\\\/\",\"telephone\":\"+555133307272\",\"logo\":{\"@type\":\"ImageObject\",\"url\":\"https:\\\/\\\/www.jornalja.com.br\\\/wp-content\\\/uploads\\\/cards\\\/JAslogan.png\",\"@id\":\"https:\\\/\\\/www.jornalja.com.br\\\/arquivo\\\/irga-lanca-versao-impressa-de-livro-sobre-arroz-no-programa-da-onu\\\/#organizationLogo\"},\"image\":{\"@id\":\"https:\\\/\\\/www.jornalja.com.br\\\/arquivo\\\/irga-lanca-versao-impressa-de-livro-sobre-arroz-no-programa-da-onu\\\/#organizationLogo\"}},{\"@type\":\"Person\",\"@id\":\"https:\\\/\\\/www.jornalja.com.br\\\/arquivo\\\/author\\\/daredacao\\\/#author\",\"url\":\"https:\\\/\\\/www.jornalja.com.br\\\/arquivo\\\/author\\\/daredacao\\\/\",\"name\":\"da Reda\\u00e7\\u00e3o\",\"image\":{\"@type\":\"ImageObject\",\"@id\":\"https:\\\/\\\/www.jornalja.com.br\\\/arquivo\\\/irga-lanca-versao-impressa-de-livro-sobre-arroz-no-programa-da-onu\\\/#authorImage\",\"url\":\"https:\\\/\\\/secure.gravatar.com\\\/avatar\\\/469fd857d6605ad19919d27ed29d35a968a25f6e8fd9318356bbb7f57aae9c65?s=96&d=mm&r=g\",\"width\":96,\"height\":96,\"caption\":\"da Reda\\u00e7\\u00e3o\"}},{\"@type\":\"WebPage\",\"@id\":\"https:\\\/\\\/www.jornalja.com.br\\\/arquivo\\\/irga-lanca-versao-impressa-de-livro-sobre-arroz-no-programa-da-onu\\\/#webpage\",\"url\":\"https:\\\/\\\/www.jornalja.com.br\\\/arquivo\\\/irga-lanca-versao-impressa-de-livro-sobre-arroz-no-programa-da-onu\\\/\",\"name\":\"IRGA lan\\u00e7a vers\\u00e3o impressa de livro sobre arroz no programa da ONU | Arquivo\",\"inLanguage\":\"pt-BR\",\"isPartOf\":{\"@id\":\"https:\\\/\\\/www.jornalja.com.br\\\/arquivo\\\/#website\"},\"breadcrumb\":{\"@id\":\"https:\\\/\\\/www.jornalja.com.br\\\/arquivo\\\/irga-lanca-versao-impressa-de-livro-sobre-arroz-no-programa-da-onu\\\/#breadcrumblist\"},\"author\":{\"@id\":\"https:\\\/\\\/www.jornalja.com.br\\\/arquivo\\\/author\\\/daredacao\\\/#author\"},\"creator\":{\"@id\":\"https:\\\/\\\/www.jornalja.com.br\\\/arquivo\\\/author\\\/daredacao\\\/#author\"},\"image\":{\"@type\":\"ImageObject\",\"url\":48197,\"@id\":\"https:\\\/\\\/www.jornalja.com.br\\\/arquivo\\\/irga-lanca-versao-impressa-de-livro-sobre-arroz-no-programa-da-onu\\\/#mainImage\"},\"primaryImageOfPage\":{\"@id\":\"https:\\\/\\\/www.jornalja.com.br\\\/arquivo\\\/irga-lanca-versao-impressa-de-livro-sobre-arroz-no-programa-da-onu\\\/#mainImage\"},\"datePublished\":\"2017-05-09T16:27:39-03:00\",\"dateModified\":\"2017-05-09T16:27:39-03:00\"},{\"@type\":\"WebSite\",\"@id\":\"https:\\\/\\\/www.jornalja.com.br\\\/arquivo\\\/#website\",\"url\":\"https:\\\/\\\/www.jornalja.com.br\\\/arquivo\\\/\",\"name\":\"Arquivo\",\"description\":\"Jornal J\\u00c1 | Porto Alegre\",\"inLanguage\":\"pt-BR\",\"publisher\":{\"@id\":\"https:\\\/\\\/www.jornalja.com.br\\\/arquivo\\\/#organization\"}}]}\n\t\t<\/script>\n\t\t<!-- All in One SEO -->\n\n","aioseo_head_json":{"title":"IRGA lan\u00e7a vers\u00e3o impressa de livro sobre arroz no programa da ONU | Arquivo","description":"","canonical_url":"https:\/\/www.jornalja.com.br\/arquivo\/irga-lanca-versao-impressa-de-livro-sobre-arroz-no-programa-da-onu\/","robots":"max-image-preview:large","keywords":"","webmasterTools":{"miscellaneous":""},"schema":{"@context":"https:\/\/schema.org","@graph":[{"@type":"BlogPosting","@id":"https:\/\/www.jornalja.com.br\/arquivo\/irga-lanca-versao-impressa-de-livro-sobre-arroz-no-programa-da-onu\/#blogposting","name":"IRGA lan\u00e7a vers\u00e3o impressa de livro sobre arroz no programa da ONU | Arquivo","headline":"IRGA lan\u00e7a vers\u00e3o impressa de livro sobre arroz no programa da ONU","author":{"@id":"https:\/\/www.jornalja.com.br\/arquivo\/author\/daredacao\/#author"},"publisher":{"@id":"https:\/\/www.jornalja.com.br\/arquivo\/#organization"},"image":{"@type":"ImageObject","url":48197},"datePublished":"2017-05-09T16:27:39-03:00","dateModified":"2017-05-09T16:27:39-03:00","inLanguage":"pt-BR","mainEntityOfPage":{"@id":"https:\/\/www.jornalja.com.br\/arquivo\/irga-lanca-versao-impressa-de-livro-sobre-arroz-no-programa-da-onu\/#webpage"},"isPartOf":{"@id":"https:\/\/www.jornalja.com.br\/arquivo\/irga-lanca-versao-impressa-de-livro-sobre-arroz-no-programa-da-onu\/#webpage"},"articleSection":"Geral"},{"@type":"BreadcrumbList","@id":"https:\/\/www.jornalja.com.br\/arquivo\/irga-lanca-versao-impressa-de-livro-sobre-arroz-no-programa-da-onu\/#breadcrumblist","itemListElement":[{"@type":"ListItem","@id":"https:\/\/www.jornalja.com.br\/arquivo#listItem","position":1,"name":"Home","item":"https:\/\/www.jornalja.com.br\/arquivo","nextItem":{"@type":"ListItem","@id":"https:\/\/www.jornalja.com.br\/arquivo\/category\/geral\/#listItem","name":"Geral"}},{"@type":"ListItem","@id":"https:\/\/www.jornalja.com.br\/arquivo\/category\/geral\/#listItem","position":2,"name":"Geral","item":"https:\/\/www.jornalja.com.br\/arquivo\/category\/geral\/","nextItem":{"@type":"ListItem","@id":"https:\/\/www.jornalja.com.br\/arquivo\/irga-lanca-versao-impressa-de-livro-sobre-arroz-no-programa-da-onu\/#listItem","name":"IRGA lan\u00e7a vers\u00e3o impressa de livro sobre arroz no programa da ONU"},"previousItem":{"@type":"ListItem","@id":"https:\/\/www.jornalja.com.br\/arquivo#listItem","name":"Home"}},{"@type":"ListItem","@id":"https:\/\/www.jornalja.com.br\/arquivo\/irga-lanca-versao-impressa-de-livro-sobre-arroz-no-programa-da-onu\/#listItem","position":3,"name":"IRGA lan\u00e7a vers\u00e3o impressa de livro sobre arroz no programa da ONU","previousItem":{"@type":"ListItem","@id":"https:\/\/www.jornalja.com.br\/arquivo\/category\/geral\/#listItem","name":"Geral"}}]},{"@type":"Organization","@id":"https:\/\/www.jornalja.com.br\/arquivo\/#organization","name":"Jornal J\u00c1","description":"Jornal J\u00c1 | Porto Alegre","url":"https:\/\/www.jornalja.com.br\/arquivo\/","telephone":"+555133307272","logo":{"@type":"ImageObject","url":"https:\/\/www.jornalja.com.br\/wp-content\/uploads\/cards\/JAslogan.png","@id":"https:\/\/www.jornalja.com.br\/arquivo\/irga-lanca-versao-impressa-de-livro-sobre-arroz-no-programa-da-onu\/#organizationLogo"},"image":{"@id":"https:\/\/www.jornalja.com.br\/arquivo\/irga-lanca-versao-impressa-de-livro-sobre-arroz-no-programa-da-onu\/#organizationLogo"}},{"@type":"Person","@id":"https:\/\/www.jornalja.com.br\/arquivo\/author\/daredacao\/#author","url":"https:\/\/www.jornalja.com.br\/arquivo\/author\/daredacao\/","name":"da Reda\u00e7\u00e3o","image":{"@type":"ImageObject","@id":"https:\/\/www.jornalja.com.br\/arquivo\/irga-lanca-versao-impressa-de-livro-sobre-arroz-no-programa-da-onu\/#authorImage","url":"https:\/\/secure.gravatar.com\/avatar\/469fd857d6605ad19919d27ed29d35a968a25f6e8fd9318356bbb7f57aae9c65?s=96&d=mm&r=g","width":96,"height":96,"caption":"da Reda\u00e7\u00e3o"}},{"@type":"WebPage","@id":"https:\/\/www.jornalja.com.br\/arquivo\/irga-lanca-versao-impressa-de-livro-sobre-arroz-no-programa-da-onu\/#webpage","url":"https:\/\/www.jornalja.com.br\/arquivo\/irga-lanca-versao-impressa-de-livro-sobre-arroz-no-programa-da-onu\/","name":"IRGA lan\u00e7a vers\u00e3o impressa de livro sobre arroz no programa da ONU | Arquivo","inLanguage":"pt-BR","isPartOf":{"@id":"https:\/\/www.jornalja.com.br\/arquivo\/#website"},"breadcrumb":{"@id":"https:\/\/www.jornalja.com.br\/arquivo\/irga-lanca-versao-impressa-de-livro-sobre-arroz-no-programa-da-onu\/#breadcrumblist"},"author":{"@id":"https:\/\/www.jornalja.com.br\/arquivo\/author\/daredacao\/#author"},"creator":{"@id":"https:\/\/www.jornalja.com.br\/arquivo\/author\/daredacao\/#author"},"image":{"@type":"ImageObject","url":48197,"@id":"https:\/\/www.jornalja.com.br\/arquivo\/irga-lanca-versao-impressa-de-livro-sobre-arroz-no-programa-da-onu\/#mainImage"},"primaryImageOfPage":{"@id":"https:\/\/www.jornalja.com.br\/arquivo\/irga-lanca-versao-impressa-de-livro-sobre-arroz-no-programa-da-onu\/#mainImage"},"datePublished":"2017-05-09T16:27:39-03:00","dateModified":"2017-05-09T16:27:39-03:00"},{"@type":"WebSite","@id":"https:\/\/www.jornalja.com.br\/arquivo\/#website","url":"https:\/\/www.jornalja.com.br\/arquivo\/","name":"Arquivo","description":"Jornal J\u00c1 | Porto Alegre","inLanguage":"pt-BR","publisher":{"@id":"https:\/\/www.jornalja.com.br\/arquivo\/#organization"}}]},"og:locale":"pt_BR","og:site_name":"Arquivo | Jornal J\u00c1 | Porto Alegre","og:type":"article","og:title":"IRGA lan\u00e7a vers\u00e3o impressa de livro sobre arroz no programa da ONU | Arquivo","og:url":"https:\/\/www.jornalja.com.br\/arquivo\/irga-lanca-versao-impressa-de-livro-sobre-arroz-no-programa-da-onu\/","og:image":"https:\/\/www.jornalja.com.br\/economics\/wp-content\/uploads\/sites\/11\/2026\/08\/ja-folhaderosto-facebook.jpg","og:image:secure_url":"https:\/\/www.jornalja.com.br\/economics\/wp-content\/uploads\/sites\/11\/2026\/08\/ja-folhaderosto-facebook.jpg","article:published_time":"2017-05-09T19:27:39+00:00","article:modified_time":"2017-05-09T19:27:39+00:00","twitter:card":"summary","twitter:title":"IRGA lan\u00e7a vers\u00e3o impressa de livro sobre arroz no programa da ONU | Arquivo","twitter:image":"https:\/\/www.jornalja.com.br\/economics\/wp-content\/uploads\/sites\/11\/2026\/08\/ja-folhaderosto-facebook.jpg"},"aioseo_meta_data":{"post_id":"48194","title":null,"description":null,"keywords":null,"keyphrases":null,"primary_term":null,"canonical_url":null,"og_title":null,"og_description":null,"og_object_type":"default","og_image_type":"default","og_image_url":null,"og_image_width":null,"og_image_height":null,"og_image_custom_url":null,"og_image_custom_fields":null,"og_video":null,"og_custom_url":null,"og_article_section":null,"og_article_tags":null,"twitter_use_og":false,"twitter_card":"default","twitter_image_type":"default","twitter_image_url":null,"twitter_image_custom_url":null,"twitter_image_custom_fields":null,"twitter_title":null,"twitter_description":null,"schema":{"blockGraphs":[],"customGraphs":[],"default":{"data":{"Article":[],"Course":[],"Dataset":[],"FAQPage":[],"Movie":[],"Person":[],"Product":[],"ProductReview":[],"Car":[],"Recipe":[],"Service":[],"SoftwareApplication":[],"WebPage":[]},"graphName":"","isEnabled":true},"graphs":[],"defaultGraph":"","defaultPostTypeGraph":""},"schema_type":null,"schema_type_options":null,"pillar_content":false,"robots_default":true,"robots_noindex":false,"robots_noarchive":false,"robots_nosnippet":false,"robots_nofollow":false,"robots_noimageindex":false,"robots_noodp":false,"robots_notranslate":false,"robots_max_snippet":null,"robots_max_videopreview":null,"robots_max_imagepreview":"large","priority":null,"frequency":null,"location":null,"local_seo":null,"breadcrumb_settings":null,"limit_modified_date":false,"ai":null,"created":"2020-12-20 20:35:51","updated":"2025-07-19 21:26:32","seo_analyzer_scan_date":null,"focus_keyword":null,"additional_keywords":null,"truseo_locale":null},"jetpack_sharing_enabled":true,"jetpack-related-posts":[{"id":13101,"url":"https:\/\/www.jornalja.com.br\/arquivo\/morre-um-guerreiro-do-texto\/","url_meta":{"origin":48194,"position":0},"title":"Morre um guerreiro do texto","author":"Patr\u00edcia Marini","date":"14 de maio de 2014","format":false,"excerpt":"Por Ricardo Kotscho Reproduzido do blog do autor, 11\/5\/2014; t\u00edtulo original \u201cE l\u00e1 se foi o nosso Myltainho, guerreiro do texto\u201d. Mi\u00fado e franzino, meu amigo Myltainho era um valente e inconformado guerreiro na luta contra as injusti\u00e7as sociais, a hipocrisia, as maracutaias, o autoritarismo, a intoler\u00e2ncia, a viol\u00eancia, o\u2026","rel":"","context":"Em &quot;Geral&quot;","block_context":{"text":"Geral","link":"https:\/\/www.jornalja.com.br\/arquivo\/category\/geral\/"},"img":{"alt_text":"","src":"","width":0,"height":0},"classes":[]},{"id":13109,"url":"https:\/\/www.jornalja.com.br\/arquivo\/judiciario-reconhece-poluicao-eletromagnetica\/","url_meta":{"origin":48194,"position":1},"title":"Judici\u00e1rio reconhece polui\u00e7\u00e3o eletromagn\u00e9tica","author":"Patr\u00edcia Marini","date":"16 de maio de 2014","format":false,"excerpt":"A\u00e7\u00e3o de duas associa\u00e7\u00f5es de moradores foi acolhida pelo Tribunal de Justi\u00e7a de S\u00e3o Paulo que. em decis\u00e3o in\u00e9dita, determinou a redu\u00e7\u00e3o do campo eletromagn\u00e9tico gerado pelas linhas de transmiss\u00e3o de energia que cortam os bairros City Boa\u00e7ava e Alto de Pinheiros. \u00c9 a primeira vez que um tribunal do\u2026","rel":"","context":"Em &quot;X.Categorias velhas&quot;","block_context":{"text":"X.Categorias velhas","link":"https:\/\/www.jornalja.com.br\/arquivo\/category\/x-categorias-velhas\/"},"img":{"alt_text":"","src":"","width":0,"height":0},"classes":[]},{"id":14241,"url":"https:\/\/www.jornalja.com.br\/arquivo\/o-guaiba-nas-imagens-poeticas-de-achutti\/","url_meta":{"origin":48194,"position":2},"title":"O Gua\u00edba nas imagens po\u00e9ticas de Achutti","author":"da Reda\u00e7\u00e3o","date":"18 de junho de 2014","format":false,"excerpt":"Em \u201cO Gua\u00edba por Achutti\u201d \u2013 obra financiada via Minist\u00e9rio da Cultura, produ\u00e7\u00e3o executiva de Pedro Longhi, e Fl\u00e1vio Wild como designer \u2013, o fot\u00f3grafo revela a beleza e as mazelas de um espa\u00e7o aqu\u00e1tico de \u00e1guas sempre renovadas, cheio de hist\u00f3rias e lendas como as das cidades que foram\u2026","rel":"","context":"Em &quot;Cultura-Geral&quot;","block_context":{"text":"Cultura-Geral","link":"https:\/\/www.jornalja.com.br\/arquivo\/category\/materiasecundaria\/"},"img":{"alt_text":"","src":"","width":0,"height":0},"classes":[]},{"id":1280,"url":"https:\/\/www.jornalja.com.br\/arquivo\/o-menino-que-se-tornou-brizola\/","url_meta":{"origin":48194,"position":3},"title":"O Menino que se Tornou Brizola","author":"da Reda\u00e7\u00e3o","date":"28 de julho de 2008","format":false,"excerpt":"Autor: Cleber Dioni A vida de Leonel Brizola, com \u00eanfase para os primeiros anos em Porto Alegre, at\u00e9 o ex\u00edlio no Uruguai e a volta, quinze anos depois. \u00a0\"...\u00c9ramos todos jovens e nos identific\u00e1vamos com aquela massa an\u00f4nima a percorrer as ruas de Porto Alegre, gritando 'Get\u00falio', 'Get\u00falio' e empunhando\u2026","rel":"","context":"Em &quot;Livros&quot;","block_context":{"text":"Livros","link":"https:\/\/www.jornalja.com.br\/arquivo\/category\/livros\/"},"img":{"alt_text":"","src":"https:\/\/i0.wp.com\/www.jornalja.com.br\/wp-content\/uploads\/2008\/07\/brizola.gif?resize=350%2C200&ssl=1","width":350,"height":200},"classes":[]},{"id":13240,"url":"https:\/\/www.jornalja.com.br\/arquivo\/plano-diretor-estamos-construindo-o-caos\/","url_meta":{"origin":48194,"position":4},"title":"Plano diretor: &quot;Estamos construindo o caos&quot;","author":"Patr\u00edcia Marini","date":"26 de maio de 2014","format":false,"excerpt":"Desabafo que arquiteta Eliana Castilhos, delegada da Regi\u00e3o de Planejamento 1, postou nas redes sociais \u00e9 um testemunho do ambiente que se criou no Conselho do Plano Diretor de Porto Alegre, onde a aprova\u00e7\u00e3o de grandes empreendimentos \u00e9 empurrada guela abaixo dos conselheiros. Ao CMDUA Como delegada da Regi\u00e3o de\u2026","rel":"","context":"Em &quot;Geral&quot;","block_context":{"text":"Geral","link":"https:\/\/www.jornalja.com.br\/arquivo\/category\/geral\/"},"img":{"alt_text":"","src":"","width":0,"height":0},"classes":[]},{"id":12960,"url":"https:\/\/www.jornalja.com.br\/arquivo\/populacao-culpa-empresas-pela-greve-dos-rodoviarios\/","url_meta":{"origin":48194,"position":5},"title":"Popula\u00e7\u00e3o culpa empresas pela greve","author":"Patr\u00edcia Marini","date":"14 de fevereiro de 2014","format":false,"excerpt":"Pesquisa divulgada na edi\u00e7\u00e3o do jornal Metro desta sexta-feira,14, comprova o velho ditado: \u00e9 poss\u00edvel enganar muitos por algum tempo, mas n\u00e3o \u00e9 poss\u00edvel enganar a todos o tempo inteiro. A principal revela\u00e7\u00e3o foi que 59,8% dos entrevistados apontaram as empresas como as principais respons\u00e1veis pela grave e 46% culparam\u2026","rel":"","context":"Em &quot;X.Categorias velhas&quot;","block_context":{"text":"X.Categorias velhas","link":"https:\/\/www.jornalja.com.br\/arquivo\/category\/x-categorias-velhas\/"},"img":{"alt_text":"","src":"","width":0,"height":0},"classes":[]}],"jetpack_shortlink":"https:\/\/wp.me\/pbQjBd-cxk","jetpack_featured_media_url":"","_links":{"self":[{"href":"https:\/\/www.jornalja.com.br\/arquivo\/wp-json\/wp\/v2\/posts\/48194","targetHints":{"allow":["GET"]}}],"collection":[{"href":"https:\/\/www.jornalja.com.br\/arquivo\/wp-json\/wp\/v2\/posts"}],"about":[{"href":"https:\/\/www.jornalja.com.br\/arquivo\/wp-json\/wp\/v2\/types\/post"}],"author":[{"embeddable":true,"href":"https:\/\/www.jornalja.com.br\/arquivo\/wp-json\/wp\/v2\/users\/4"}],"replies":[{"embeddable":true,"href":"https:\/\/www.jornalja.com.br\/arquivo\/wp-json\/wp\/v2\/comments?post=48194"}],"version-history":[{"count":0,"href":"https:\/\/www.jornalja.com.br\/arquivo\/wp-json\/wp\/v2\/posts\/48194\/revisions"}],"wp:attachment":[{"href":"https:\/\/www.jornalja.com.br\/arquivo\/wp-json\/wp\/v2\/media?parent=48194"}],"wp:term":[{"taxonomy":"category","embeddable":true,"href":"https:\/\/www.jornalja.com.br\/arquivo\/wp-json\/wp\/v2\/categories?post=48194"},{"taxonomy":"post_tag","embeddable":true,"href":"https:\/\/www.jornalja.com.br\/arquivo\/wp-json\/wp\/v2\/tags?post=48194"}],"curies":[{"name":"wp","href":"https:\/\/api.w.org\/{rel}","templated":true}]}}