{"id":48230,"date":"2017-05-09T19:59:24","date_gmt":"2017-05-09T22:59:24","guid":{"rendered":"https:\/\/www.jornalja.com.br\/?p=48230"},"modified":"2017-05-09T19:59:24","modified_gmt":"2017-05-09T22:59:24","slug":"mico-leao-dourado-reaparece-no-rio-de-janeiro-apos-mais-de-um-seculo","status":"publish","type":"post","link":"https:\/\/www.jornalja.com.br\/arquivo\/mico-leao-dourado-reaparece-no-rio-de-janeiro-apos-mais-de-um-seculo\/","title":{"rendered":"Mico-le\u00e3o-dourado reaparece no Rio de Janeiro ap\u00f3s mais de um s\u00e9culo"},"content":{"rendered":"<p>Um mico-le\u00e3o-dourado foi fotografado na Esta\u00e7\u00e3o Biol\u00f3gica Fiocruz Mata Atl\u00e2ntica, campus avan\u00e7ado para pesquisas em biodiversidade e sa\u00fade da Funda\u00e7\u00e3o Oswaldo Cruz (Fiocruz), em Jacarepagu\u00e1.<br \/>\nA esp\u00e9cie de primata exclusiva da Mata Atl\u00e2ntica brasileira &#8211; estampada na nota de R$ 20 &#8211; foi avistada juntamente com um grupo de saguis-de-tufo-branco pelos bi\u00f3logos Iuri Ver\u00edssimo e Monique Medeiros, que trabalham na gest\u00e3o ambiental e no levantamento da biodiversidade da Esta\u00e7\u00e3o Biol\u00f3gica da Fiocruz.<\/p>\n<div>Segundo o bi\u00f3logo respons\u00e1vel pela gest\u00e3o ambiental do Programa de Desenvolvimento do Campus Fiocruz Mata Atl\u00e2ntica \/ Esta\u00e7\u00e3o Biol\u00f3gica, Ricardo Moratelli, o pr\u00f3ximo passo \u00e9 descobrir a origem desses animais \u2014 se s\u00e3o remanescentes de uma popula\u00e7\u00e3o local ou se foram trazidos de outra regi\u00e3o e soltos na \u00e1rea.<\/div>\n<div><\/div>\n<div>A Esta\u00e7\u00e3o Biol\u00f3gica da Fiocruz \u00e9\u00a0adjacente e parcialmente sobreposta ao Parque Estadual da Pedra Branca, que abriga a maior floresta urbana das Am\u00e9ricas, segundo c\u00e1lculos da equipe de pesquisadores, h\u00e1 aproximadamente 50 km2 de florestas de baixada (entre 100\u2013300 m) bem preservadas, que s\u00e3o o <em>habitat<\/em> preferido do mico-le\u00e3o-dourado.<\/div>\n<div><\/div>\n<div><strong>Primata da Mata Atl\u00e2ntica\u00a0<\/strong><\/div>\n<div><\/div>\n<div>O mico-le\u00e3o-dourado \u00e9 uma esp\u00e9cie de primata exclusiva da Mata Atl\u00e2ntica brasileira. Os primeiros naturalistas europeus que visitaram a regi\u00e3o do atual estado do Rio de Janeiro, entre os s\u00e9culos 16 e 19, ficaram encantados com esses primatas e alguns exemplares foram prontamente coletados e enviados para a Europa, sendo formalmente descritos em 1766 pelo celebre naturalista sueco Carolus Linnaeus.<\/div>\n<div><\/div>\n<div>Registros do per\u00edodo colonial at\u00e9 inicio do s\u00e9culo 19 indicam que a esp\u00e9cie ocorria ao longo de quase toda faixa litor\u00e2nea do estado do Rio de Janeiro, incluindo o munic\u00edpio do Rio. Devido \u00e0 r\u00e1pida perda de habitat ao longo dos s\u00e9culos 19 e 20, a esp\u00e9cie foi localmente extinta na maior parte de sua \u00e1rea de distribui\u00e7\u00e3o. At\u00e9 a d\u00e9cada de 1940, a esp\u00e9cie ainda ocorria em Araruama e Maric\u00e1, mas logo depois ficou restrita \u00e0 uma pequena regi\u00e3o na bacia do Rio S\u00e3o Jo\u00e3o.<\/div>\n<div><\/div>\n<div>Na in\u00edcio da d\u00e9cada de 1960, quando restavam cerca de 200 micos, o primatologista e conservacionista Adelmar Coimbra Filho estabeleceu as bases de um programa de salvamento para a esp\u00e9cie. Esse esfor\u00e7o se consolidou em um grande projeto de preserva\u00e7\u00e3o, prote\u00e7\u00e3o e estudo do mico-le\u00e3o-dourado, que desde 1992 \u00e9 liderado pela Associa\u00e7\u00e3o Mico-Le\u00e3o-Dourado. Hoje, existem cerca de 3.200 micos vivendo livremente, com todas as popula\u00e7\u00f5es concentradas em alguns poucos munic\u00edpios do interior do Rio de Janeiro, sendo as maiores nas Reserva de Po\u00e7o das Antas e Reserva Biol\u00f3gica Uni\u00e3o.<\/div>\n<div><\/div>\n<div><em>(Fonte: Fiocruz Mata Atl\u00e2ntica)<\/em><\/div>\n","protected":false},"excerpt":{"rendered":"<p>Um mico-le\u00e3o-dourado foi fotografado na Esta\u00e7\u00e3o Biol\u00f3gica Fiocruz Mata Atl\u00e2ntica, campus avan\u00e7ado para pesquisas em biodiversidade e sa\u00fade da Funda\u00e7\u00e3o Oswaldo Cruz (Fiocruz), em Jacarepagu\u00e1. A esp\u00e9cie de primata exclusiva da Mata Atl\u00e2ntica brasileira &#8211; estampada na nota de R$ 20 &#8211; foi avistada juntamente com um grupo de saguis-de-tufo-branco pelos bi\u00f3logos Iuri Ver\u00edssimo e [&hellip;]<\/p>\n","protected":false},"author":4,"featured_media":48231,"comment_status":"open","ping_status":"closed","sticky":false,"template":"","format":"standard","meta":{"_jetpack_newsletter_access":"","_jetpack_dont_email_post_to_subs":false,"_jetpack_newsletter_tier_id":0,"_jetpack_memberships_contains_paywalled_content":false,"_jetpack_feature_clip_id":0,"_jetpack_memberships_contains_paid_content":false,"footnotes":"","jetpack_post_was_ever_published":false},"categories":[26],"tags":[],"class_list":["post-48230","post","type-post","status-publish","format-standard","has-post-thumbnail","hentry","category-geral"],"aioseo_notices":[],"aioseo_head":"\n\t\t<!-- All in One SEO 5.0.1.1 - aioseo.com -->\n\t<meta name=\"robots\" content=\"max-image-preview:large\" \/>\n\t<meta name=\"author\" content=\"da Reda\u00e7\u00e3o\"\/>\n\t<link rel=\"canonical\" href=\"https:\/\/www.jornalja.com.br\/arquivo\/mico-leao-dourado-reaparece-no-rio-de-janeiro-apos-mais-de-um-seculo\/\" \/>\n\t<meta name=\"generator\" content=\"All in One SEO (AIOSEO) 5.0.1.1\" \/>\n\t\t<meta property=\"og:locale\" content=\"pt_BR\" \/>\n\t\t<meta property=\"og:site_name\" content=\"Arquivo | Jornal J\u00c1 | Porto Alegre\" \/>\n\t\t<meta property=\"og:type\" content=\"article\" \/>\n\t\t<meta property=\"og:title\" content=\"Mico-le\u00e3o-dourado reaparece no Rio de Janeiro ap\u00f3s mais de um s\u00e9culo | Arquivo\" \/>\n\t\t<meta property=\"og:url\" content=\"https:\/\/www.jornalja.com.br\/arquivo\/mico-leao-dourado-reaparece-no-rio-de-janeiro-apos-mais-de-um-seculo\/\" \/>\n\t\t<meta property=\"og:image\" content=\"https:\/\/www.jornalja.com.br\/economics\/wp-content\/uploads\/sites\/11\/2026\/08\/ja-folhaderosto-facebook.jpg\" \/>\n\t\t<meta property=\"og:image:secure_url\" content=\"https:\/\/www.jornalja.com.br\/economics\/wp-content\/uploads\/sites\/11\/2026\/08\/ja-folhaderosto-facebook.jpg\" \/>\n\t\t<meta property=\"article:published_time\" content=\"2017-05-09T22:59:24+00:00\" \/>\n\t\t<meta property=\"article:modified_time\" content=\"2017-05-09T22:59:24+00:00\" \/>\n\t\t<meta name=\"twitter:card\" content=\"summary\" \/>\n\t\t<meta name=\"twitter:title\" content=\"Mico-le\u00e3o-dourado reaparece no Rio de Janeiro ap\u00f3s mais de um s\u00e9culo | Arquivo\" \/>\n\t\t<meta name=\"twitter:image\" content=\"https:\/\/www.jornalja.com.br\/economics\/wp-content\/uploads\/sites\/11\/2026\/08\/ja-folhaderosto-facebook.jpg\" \/>\n\t\t<script type=\"application\/ld+json\" class=\"aioseo-schema\">\n\t\t\t{\"@context\":\"https:\\\/\\\/schema.org\",\"@graph\":[{\"@type\":\"BlogPosting\",\"@id\":\"https:\\\/\\\/www.jornalja.com.br\\\/arquivo\\\/mico-leao-dourado-reaparece-no-rio-de-janeiro-apos-mais-de-um-seculo\\\/#blogposting\",\"name\":\"Mico-le\\u00e3o-dourado reaparece no Rio de Janeiro ap\\u00f3s mais de um s\\u00e9culo | Arquivo\",\"headline\":\"Mico-le\\u00e3o-dourado reaparece no Rio de Janeiro ap\\u00f3s mais de um s\\u00e9culo\",\"author\":{\"@id\":\"https:\\\/\\\/www.jornalja.com.br\\\/arquivo\\\/author\\\/daredacao\\\/#author\"},\"publisher\":{\"@id\":\"https:\\\/\\\/www.jornalja.com.br\\\/arquivo\\\/#organization\"},\"image\":{\"@type\":\"ImageObject\",\"url\":48231},\"datePublished\":\"2017-05-09T19:59:24-03:00\",\"dateModified\":\"2017-05-09T19:59:24-03:00\",\"inLanguage\":\"pt-BR\",\"mainEntityOfPage\":{\"@id\":\"https:\\\/\\\/www.jornalja.com.br\\\/arquivo\\\/mico-leao-dourado-reaparece-no-rio-de-janeiro-apos-mais-de-um-seculo\\\/#webpage\"},\"isPartOf\":{\"@id\":\"https:\\\/\\\/www.jornalja.com.br\\\/arquivo\\\/mico-leao-dourado-reaparece-no-rio-de-janeiro-apos-mais-de-um-seculo\\\/#webpage\"},\"articleSection\":\"Geral\"},{\"@type\":\"BreadcrumbList\",\"@id\":\"https:\\\/\\\/www.jornalja.com.br\\\/arquivo\\\/mico-leao-dourado-reaparece-no-rio-de-janeiro-apos-mais-de-um-seculo\\\/#breadcrumblist\",\"itemListElement\":[{\"@type\":\"ListItem\",\"@id\":\"https:\\\/\\\/www.jornalja.com.br\\\/arquivo#listItem\",\"position\":1,\"name\":\"Home\",\"item\":\"https:\\\/\\\/www.jornalja.com.br\\\/arquivo\",\"nextItem\":{\"@type\":\"ListItem\",\"@id\":\"https:\\\/\\\/www.jornalja.com.br\\\/arquivo\\\/category\\\/geral\\\/#listItem\",\"name\":\"Geral\"}},{\"@type\":\"ListItem\",\"@id\":\"https:\\\/\\\/www.jornalja.com.br\\\/arquivo\\\/category\\\/geral\\\/#listItem\",\"position\":2,\"name\":\"Geral\",\"item\":\"https:\\\/\\\/www.jornalja.com.br\\\/arquivo\\\/category\\\/geral\\\/\",\"nextItem\":{\"@type\":\"ListItem\",\"@id\":\"https:\\\/\\\/www.jornalja.com.br\\\/arquivo\\\/mico-leao-dourado-reaparece-no-rio-de-janeiro-apos-mais-de-um-seculo\\\/#listItem\",\"name\":\"Mico-le\\u00e3o-dourado reaparece no Rio de Janeiro ap\\u00f3s mais de um s\\u00e9culo\"},\"previousItem\":{\"@type\":\"ListItem\",\"@id\":\"https:\\\/\\\/www.jornalja.com.br\\\/arquivo#listItem\",\"name\":\"Home\"}},{\"@type\":\"ListItem\",\"@id\":\"https:\\\/\\\/www.jornalja.com.br\\\/arquivo\\\/mico-leao-dourado-reaparece-no-rio-de-janeiro-apos-mais-de-um-seculo\\\/#listItem\",\"position\":3,\"name\":\"Mico-le\\u00e3o-dourado reaparece no Rio de Janeiro ap\\u00f3s mais de um s\\u00e9culo\",\"previousItem\":{\"@type\":\"ListItem\",\"@id\":\"https:\\\/\\\/www.jornalja.com.br\\\/arquivo\\\/category\\\/geral\\\/#listItem\",\"name\":\"Geral\"}}]},{\"@type\":\"Organization\",\"@id\":\"https:\\\/\\\/www.jornalja.com.br\\\/arquivo\\\/#organization\",\"name\":\"Jornal J\\u00c1\",\"description\":\"Jornal J\\u00c1 | Porto Alegre\",\"url\":\"https:\\\/\\\/www.jornalja.com.br\\\/arquivo\\\/\",\"telephone\":\"+555133307272\",\"logo\":{\"@type\":\"ImageObject\",\"url\":\"https:\\\/\\\/www.jornalja.com.br\\\/wp-content\\\/uploads\\\/cards\\\/JAslogan.png\",\"@id\":\"https:\\\/\\\/www.jornalja.com.br\\\/arquivo\\\/mico-leao-dourado-reaparece-no-rio-de-janeiro-apos-mais-de-um-seculo\\\/#organizationLogo\"},\"image\":{\"@id\":\"https:\\\/\\\/www.jornalja.com.br\\\/arquivo\\\/mico-leao-dourado-reaparece-no-rio-de-janeiro-apos-mais-de-um-seculo\\\/#organizationLogo\"}},{\"@type\":\"Person\",\"@id\":\"https:\\\/\\\/www.jornalja.com.br\\\/arquivo\\\/author\\\/daredacao\\\/#author\",\"url\":\"https:\\\/\\\/www.jornalja.com.br\\\/arquivo\\\/author\\\/daredacao\\\/\",\"name\":\"da Reda\\u00e7\\u00e3o\",\"image\":{\"@type\":\"ImageObject\",\"@id\":\"https:\\\/\\\/www.jornalja.com.br\\\/arquivo\\\/mico-leao-dourado-reaparece-no-rio-de-janeiro-apos-mais-de-um-seculo\\\/#authorImage\",\"url\":\"https:\\\/\\\/secure.gravatar.com\\\/avatar\\\/469fd857d6605ad19919d27ed29d35a968a25f6e8fd9318356bbb7f57aae9c65?s=96&d=mm&r=g\",\"width\":96,\"height\":96,\"caption\":\"da Reda\\u00e7\\u00e3o\"}},{\"@type\":\"WebPage\",\"@id\":\"https:\\\/\\\/www.jornalja.com.br\\\/arquivo\\\/mico-leao-dourado-reaparece-no-rio-de-janeiro-apos-mais-de-um-seculo\\\/#webpage\",\"url\":\"https:\\\/\\\/www.jornalja.com.br\\\/arquivo\\\/mico-leao-dourado-reaparece-no-rio-de-janeiro-apos-mais-de-um-seculo\\\/\",\"name\":\"Mico-le\\u00e3o-dourado reaparece no Rio de Janeiro ap\\u00f3s mais de um s\\u00e9culo | Arquivo\",\"inLanguage\":\"pt-BR\",\"isPartOf\":{\"@id\":\"https:\\\/\\\/www.jornalja.com.br\\\/arquivo\\\/#website\"},\"breadcrumb\":{\"@id\":\"https:\\\/\\\/www.jornalja.com.br\\\/arquivo\\\/mico-leao-dourado-reaparece-no-rio-de-janeiro-apos-mais-de-um-seculo\\\/#breadcrumblist\"},\"author\":{\"@id\":\"https:\\\/\\\/www.jornalja.com.br\\\/arquivo\\\/author\\\/daredacao\\\/#author\"},\"creator\":{\"@id\":\"https:\\\/\\\/www.jornalja.com.br\\\/arquivo\\\/author\\\/daredacao\\\/#author\"},\"image\":{\"@type\":\"ImageObject\",\"url\":48231,\"@id\":\"https:\\\/\\\/www.jornalja.com.br\\\/arquivo\\\/mico-leao-dourado-reaparece-no-rio-de-janeiro-apos-mais-de-um-seculo\\\/#mainImage\"},\"primaryImageOfPage\":{\"@id\":\"https:\\\/\\\/www.jornalja.com.br\\\/arquivo\\\/mico-leao-dourado-reaparece-no-rio-de-janeiro-apos-mais-de-um-seculo\\\/#mainImage\"},\"datePublished\":\"2017-05-09T19:59:24-03:00\",\"dateModified\":\"2017-05-09T19:59:24-03:00\"},{\"@type\":\"WebSite\",\"@id\":\"https:\\\/\\\/www.jornalja.com.br\\\/arquivo\\\/#website\",\"url\":\"https:\\\/\\\/www.jornalja.com.br\\\/arquivo\\\/\",\"name\":\"Arquivo\",\"description\":\"Jornal J\\u00c1 | Porto Alegre\",\"inLanguage\":\"pt-BR\",\"publisher\":{\"@id\":\"https:\\\/\\\/www.jornalja.com.br\\\/arquivo\\\/#organization\"}}]}\n\t\t<\/script>\n\t\t<!-- All in One SEO -->\n\n","aioseo_head_json":{"title":"Mico-le\u00e3o-dourado reaparece no Rio de Janeiro ap\u00f3s mais de um s\u00e9culo | Arquivo","description":"","canonical_url":"https:\/\/www.jornalja.com.br\/arquivo\/mico-leao-dourado-reaparece-no-rio-de-janeiro-apos-mais-de-um-seculo\/","robots":"max-image-preview:large","keywords":"","webmasterTools":{"miscellaneous":""},"schema":{"@context":"https:\/\/schema.org","@graph":[{"@type":"BlogPosting","@id":"https:\/\/www.jornalja.com.br\/arquivo\/mico-leao-dourado-reaparece-no-rio-de-janeiro-apos-mais-de-um-seculo\/#blogposting","name":"Mico-le\u00e3o-dourado reaparece no Rio de Janeiro ap\u00f3s mais de um s\u00e9culo | Arquivo","headline":"Mico-le\u00e3o-dourado reaparece no Rio de Janeiro ap\u00f3s mais de um s\u00e9culo","author":{"@id":"https:\/\/www.jornalja.com.br\/arquivo\/author\/daredacao\/#author"},"publisher":{"@id":"https:\/\/www.jornalja.com.br\/arquivo\/#organization"},"image":{"@type":"ImageObject","url":48231},"datePublished":"2017-05-09T19:59:24-03:00","dateModified":"2017-05-09T19:59:24-03:00","inLanguage":"pt-BR","mainEntityOfPage":{"@id":"https:\/\/www.jornalja.com.br\/arquivo\/mico-leao-dourado-reaparece-no-rio-de-janeiro-apos-mais-de-um-seculo\/#webpage"},"isPartOf":{"@id":"https:\/\/www.jornalja.com.br\/arquivo\/mico-leao-dourado-reaparece-no-rio-de-janeiro-apos-mais-de-um-seculo\/#webpage"},"articleSection":"Geral"},{"@type":"BreadcrumbList","@id":"https:\/\/www.jornalja.com.br\/arquivo\/mico-leao-dourado-reaparece-no-rio-de-janeiro-apos-mais-de-um-seculo\/#breadcrumblist","itemListElement":[{"@type":"ListItem","@id":"https:\/\/www.jornalja.com.br\/arquivo#listItem","position":1,"name":"Home","item":"https:\/\/www.jornalja.com.br\/arquivo","nextItem":{"@type":"ListItem","@id":"https:\/\/www.jornalja.com.br\/arquivo\/category\/geral\/#listItem","name":"Geral"}},{"@type":"ListItem","@id":"https:\/\/www.jornalja.com.br\/arquivo\/category\/geral\/#listItem","position":2,"name":"Geral","item":"https:\/\/www.jornalja.com.br\/arquivo\/category\/geral\/","nextItem":{"@type":"ListItem","@id":"https:\/\/www.jornalja.com.br\/arquivo\/mico-leao-dourado-reaparece-no-rio-de-janeiro-apos-mais-de-um-seculo\/#listItem","name":"Mico-le\u00e3o-dourado reaparece no Rio de Janeiro ap\u00f3s mais de um s\u00e9culo"},"previousItem":{"@type":"ListItem","@id":"https:\/\/www.jornalja.com.br\/arquivo#listItem","name":"Home"}},{"@type":"ListItem","@id":"https:\/\/www.jornalja.com.br\/arquivo\/mico-leao-dourado-reaparece-no-rio-de-janeiro-apos-mais-de-um-seculo\/#listItem","position":3,"name":"Mico-le\u00e3o-dourado reaparece no Rio de Janeiro ap\u00f3s mais de um s\u00e9culo","previousItem":{"@type":"ListItem","@id":"https:\/\/www.jornalja.com.br\/arquivo\/category\/geral\/#listItem","name":"Geral"}}]},{"@type":"Organization","@id":"https:\/\/www.jornalja.com.br\/arquivo\/#organization","name":"Jornal J\u00c1","description":"Jornal J\u00c1 | Porto Alegre","url":"https:\/\/www.jornalja.com.br\/arquivo\/","telephone":"+555133307272","logo":{"@type":"ImageObject","url":"https:\/\/www.jornalja.com.br\/wp-content\/uploads\/cards\/JAslogan.png","@id":"https:\/\/www.jornalja.com.br\/arquivo\/mico-leao-dourado-reaparece-no-rio-de-janeiro-apos-mais-de-um-seculo\/#organizationLogo"},"image":{"@id":"https:\/\/www.jornalja.com.br\/arquivo\/mico-leao-dourado-reaparece-no-rio-de-janeiro-apos-mais-de-um-seculo\/#organizationLogo"}},{"@type":"Person","@id":"https:\/\/www.jornalja.com.br\/arquivo\/author\/daredacao\/#author","url":"https:\/\/www.jornalja.com.br\/arquivo\/author\/daredacao\/","name":"da Reda\u00e7\u00e3o","image":{"@type":"ImageObject","@id":"https:\/\/www.jornalja.com.br\/arquivo\/mico-leao-dourado-reaparece-no-rio-de-janeiro-apos-mais-de-um-seculo\/#authorImage","url":"https:\/\/secure.gravatar.com\/avatar\/469fd857d6605ad19919d27ed29d35a968a25f6e8fd9318356bbb7f57aae9c65?s=96&d=mm&r=g","width":96,"height":96,"caption":"da Reda\u00e7\u00e3o"}},{"@type":"WebPage","@id":"https:\/\/www.jornalja.com.br\/arquivo\/mico-leao-dourado-reaparece-no-rio-de-janeiro-apos-mais-de-um-seculo\/#webpage","url":"https:\/\/www.jornalja.com.br\/arquivo\/mico-leao-dourado-reaparece-no-rio-de-janeiro-apos-mais-de-um-seculo\/","name":"Mico-le\u00e3o-dourado reaparece no Rio de Janeiro ap\u00f3s mais de um s\u00e9culo | Arquivo","inLanguage":"pt-BR","isPartOf":{"@id":"https:\/\/www.jornalja.com.br\/arquivo\/#website"},"breadcrumb":{"@id":"https:\/\/www.jornalja.com.br\/arquivo\/mico-leao-dourado-reaparece-no-rio-de-janeiro-apos-mais-de-um-seculo\/#breadcrumblist"},"author":{"@id":"https:\/\/www.jornalja.com.br\/arquivo\/author\/daredacao\/#author"},"creator":{"@id":"https:\/\/www.jornalja.com.br\/arquivo\/author\/daredacao\/#author"},"image":{"@type":"ImageObject","url":48231,"@id":"https:\/\/www.jornalja.com.br\/arquivo\/mico-leao-dourado-reaparece-no-rio-de-janeiro-apos-mais-de-um-seculo\/#mainImage"},"primaryImageOfPage":{"@id":"https:\/\/www.jornalja.com.br\/arquivo\/mico-leao-dourado-reaparece-no-rio-de-janeiro-apos-mais-de-um-seculo\/#mainImage"},"datePublished":"2017-05-09T19:59:24-03:00","dateModified":"2017-05-09T19:59:24-03:00"},{"@type":"WebSite","@id":"https:\/\/www.jornalja.com.br\/arquivo\/#website","url":"https:\/\/www.jornalja.com.br\/arquivo\/","name":"Arquivo","description":"Jornal J\u00c1 | Porto Alegre","inLanguage":"pt-BR","publisher":{"@id":"https:\/\/www.jornalja.com.br\/arquivo\/#organization"}}]},"og:locale":"pt_BR","og:site_name":"Arquivo | Jornal J\u00c1 | Porto Alegre","og:type":"article","og:title":"Mico-le\u00e3o-dourado reaparece no Rio de Janeiro ap\u00f3s mais de um s\u00e9culo | Arquivo","og:url":"https:\/\/www.jornalja.com.br\/arquivo\/mico-leao-dourado-reaparece-no-rio-de-janeiro-apos-mais-de-um-seculo\/","og:image":"https:\/\/www.jornalja.com.br\/economics\/wp-content\/uploads\/sites\/11\/2026\/08\/ja-folhaderosto-facebook.jpg","og:image:secure_url":"https:\/\/www.jornalja.com.br\/economics\/wp-content\/uploads\/sites\/11\/2026\/08\/ja-folhaderosto-facebook.jpg","article:published_time":"2017-05-09T22:59:24+00:00","article:modified_time":"2017-05-09T22:59:24+00:00","twitter:card":"summary","twitter:title":"Mico-le\u00e3o-dourado reaparece no Rio de Janeiro ap\u00f3s mais de um s\u00e9culo | Arquivo","twitter:image":"https:\/\/www.jornalja.com.br\/economics\/wp-content\/uploads\/sites\/11\/2026\/08\/ja-folhaderosto-facebook.jpg"},"aioseo_meta_data":{"post_id":"48230","title":null,"description":null,"keywords":null,"keyphrases":null,"primary_term":null,"canonical_url":null,"og_title":null,"og_description":null,"og_object_type":"default","og_image_type":"default","og_image_url":null,"og_image_width":null,"og_image_height":null,"og_image_custom_url":null,"og_image_custom_fields":null,"og_video":null,"og_custom_url":null,"og_article_section":null,"og_article_tags":null,"twitter_use_og":false,"twitter_card":"default","twitter_image_type":"default","twitter_image_url":null,"twitter_image_custom_url":null,"twitter_image_custom_fields":null,"twitter_title":null,"twitter_description":null,"schema":{"blockGraphs":[],"customGraphs":[],"default":{"data":{"Article":[],"Course":[],"Dataset":[],"FAQPage":[],"Movie":[],"Person":[],"Product":[],"ProductReview":[],"Car":[],"Recipe":[],"Service":[],"SoftwareApplication":[],"WebPage":[]},"graphName":"","isEnabled":true},"graphs":[],"defaultGraph":"","defaultPostTypeGraph":""},"schema_type":null,"schema_type_options":null,"pillar_content":false,"robots_default":true,"robots_noindex":false,"robots_noarchive":false,"robots_nosnippet":false,"robots_nofollow":false,"robots_noimageindex":false,"robots_noodp":false,"robots_notranslate":false,"robots_max_snippet":null,"robots_max_videopreview":null,"robots_max_imagepreview":"large","priority":null,"frequency":null,"location":null,"local_seo":null,"breadcrumb_settings":null,"limit_modified_date":false,"ai":null,"created":"2020-12-20 20:35:21","updated":"2025-07-19 21:26:32","seo_analyzer_scan_date":null,"focus_keyword":null,"additional_keywords":null,"truseo_locale":null},"jetpack_sharing_enabled":true,"jetpack-related-posts":[{"id":14241,"url":"https:\/\/www.jornalja.com.br\/arquivo\/o-guaiba-nas-imagens-poeticas-de-achutti\/","url_meta":{"origin":48230,"position":0},"title":"O Gua\u00edba nas imagens po\u00e9ticas de Achutti","author":"da Reda\u00e7\u00e3o","date":"18 de junho de 2014","format":false,"excerpt":"Em \u201cO Gua\u00edba por Achutti\u201d \u2013 obra financiada via Minist\u00e9rio da Cultura, produ\u00e7\u00e3o executiva de Pedro Longhi, e Fl\u00e1vio Wild como designer \u2013, o fot\u00f3grafo revela a beleza e as mazelas de um espa\u00e7o aqu\u00e1tico de \u00e1guas sempre renovadas, cheio de hist\u00f3rias e lendas como as das cidades que foram\u2026","rel":"","context":"Em &quot;Cultura-Geral&quot;","block_context":{"text":"Cultura-Geral","link":"https:\/\/www.jornalja.com.br\/arquivo\/category\/materiasecundaria\/"},"img":{"alt_text":"","src":"","width":0,"height":0},"classes":[]},{"id":13240,"url":"https:\/\/www.jornalja.com.br\/arquivo\/plano-diretor-estamos-construindo-o-caos\/","url_meta":{"origin":48230,"position":1},"title":"Plano diretor: &quot;Estamos construindo o caos&quot;","author":"Patr\u00edcia Marini","date":"26 de maio de 2014","format":false,"excerpt":"Desabafo que arquiteta Eliana Castilhos, delegada da Regi\u00e3o de Planejamento 1, postou nas redes sociais \u00e9 um testemunho do ambiente que se criou no Conselho do Plano Diretor de Porto Alegre, onde a aprova\u00e7\u00e3o de grandes empreendimentos \u00e9 empurrada guela abaixo dos conselheiros. Ao CMDUA Como delegada da Regi\u00e3o de\u2026","rel":"","context":"Em &quot;Geral&quot;","block_context":{"text":"Geral","link":"https:\/\/www.jornalja.com.br\/arquivo\/category\/geral\/"},"img":{"alt_text":"","src":"","width":0,"height":0},"classes":[]},{"id":13124,"url":"https:\/\/www.jornalja.com.br\/arquivo\/sangue-latino-no-iecine\/","url_meta":{"origin":48230,"position":2},"title":"Sangue latino no IECINE","author":"da Reda\u00e7\u00e3o","date":"18 de maio de 2014","format":false,"excerpt":"Francisco Ribeiro O Instituto Estadual de Cinema (IECINE) tem a frente, desde abril \u00faltimo, um novo diretor, o cineasta colombiano Juan Zapata, 36, que substitui Luiz Alberto Cassol. Radicado h\u00e1 dez anos em Porto Alegre, Zapata tem diante de si o desafio de conduzir at\u00e9 o final do ano um\u2026","rel":"","context":"Em &quot;Cultura-Geral&quot;","block_context":{"text":"Cultura-Geral","link":"https:\/\/www.jornalja.com.br\/arquivo\/category\/materiasecundaria\/"},"img":{"alt_text":"","src":"","width":0,"height":0},"classes":[]}],"jetpack_shortlink":"https:\/\/wp.me\/pbQjBd-cxU","jetpack_featured_media_url":"","_links":{"self":[{"href":"https:\/\/www.jornalja.com.br\/arquivo\/wp-json\/wp\/v2\/posts\/48230","targetHints":{"allow":["GET"]}}],"collection":[{"href":"https:\/\/www.jornalja.com.br\/arquivo\/wp-json\/wp\/v2\/posts"}],"about":[{"href":"https:\/\/www.jornalja.com.br\/arquivo\/wp-json\/wp\/v2\/types\/post"}],"author":[{"embeddable":true,"href":"https:\/\/www.jornalja.com.br\/arquivo\/wp-json\/wp\/v2\/users\/4"}],"replies":[{"embeddable":true,"href":"https:\/\/www.jornalja.com.br\/arquivo\/wp-json\/wp\/v2\/comments?post=48230"}],"version-history":[{"count":0,"href":"https:\/\/www.jornalja.com.br\/arquivo\/wp-json\/wp\/v2\/posts\/48230\/revisions"}],"wp:attachment":[{"href":"https:\/\/www.jornalja.com.br\/arquivo\/wp-json\/wp\/v2\/media?parent=48230"}],"wp:term":[{"taxonomy":"category","embeddable":true,"href":"https:\/\/www.jornalja.com.br\/arquivo\/wp-json\/wp\/v2\/categories?post=48230"},{"taxonomy":"post_tag","embeddable":true,"href":"https:\/\/www.jornalja.com.br\/arquivo\/wp-json\/wp\/v2\/tags?post=48230"}],"curies":[{"name":"wp","href":"https:\/\/api.w.org\/{rel}","templated":true}]}}