{"id":48251,"date":"2017-05-11T17:12:28","date_gmt":"2017-05-11T20:12:28","guid":{"rendered":"https:\/\/www.jornalja.com.br\/?p=48251"},"modified":"2017-05-11T17:12:28","modified_gmt":"2017-05-11T20:12:28","slug":"zoobotanica-expoe-suas-colecoes-na-semana-dos-museus","status":"publish","type":"post","link":"https:\/\/www.jornalja.com.br\/arquivo\/zoobotanica-expoe-suas-colecoes-na-semana-dos-museus\/","title":{"rendered":"Zoobot\u00e2nica exp\u00f5e suas cole\u00e7\u00f5es na Semana dos Museus"},"content":{"rendered":"<p>O Museu de Ci\u00eancias Naturais, da Funda\u00e7\u00e3o Zoobot\u00e2nica do Rio Grande do Sul, realiza dia 18 deste m\u00eas mais uma edi\u00e7\u00e3o do &#8220;Museu de Portas Abertas&#8221;. As inscri\u00e7\u00f5es est\u00e3o abertas, s\u00e3o gratuitas, mas limitadas. Dia 21,\u00a0os pesquisadores da FZB realizam uma a\u00e7\u00e3o educativa com o projeto Ci\u00eancia na Pra\u00e7a, expondo ao ar livre pe\u00e7as do acervo e realiza\u00e7\u00e3o de atividades l\u00fadicas e educativas.<br \/>\nEstudantes e comunidade em geral ter\u00e3o a oportunidade de obter informa\u00e7\u00f5es sobre as pesquisas e atividades que s\u00e3o realizadas e conhecer as cole\u00e7\u00f5es bot\u00e2nicas, de paleontologia, de vertebrados e invertebrados.<br \/>\n<figure id=\"attachment_48254\" aria-describedby=\"caption-attachment-48254\" style=\"width: 580px\" class=\"wp-caption alignnone\"><img loading=\"lazy\" decoding=\"async\" class=\"wp-image-48254 size-full\" src=\"https:\/\/www.jornalja.com.br\/wp-content\/uploads\/2017\/05\/15338783_1623677244599633_2960386409965590471_n-e1494529482617.jpg\" width=\"580\" height=\"714\" \/><figcaption id=\"caption-attachment-48254\" class=\"wp-caption-text\">Cole\u00e7\u00f5es na pra\u00e7a<\/figcaption><\/figure><br \/>\n<figure id=\"attachment_47757\" aria-describedby=\"caption-attachment-47757\" style=\"width: 725px\" class=\"wp-caption alignnone\"><img loading=\"lazy\" decoding=\"async\" class=\"wp-image-47757 size-full\" src=\"https:\/\/www.jornalja.com.br\/wp-content\/uploads\/2017\/04\/Cobras.jpg\" alt=\"Cobras \/Divulga\u00e7\u00e3o\" width=\"725\" height=\"566\" \/><figcaption id=\"caption-attachment-47757\" class=\"wp-caption-text\">Serpentes da cole\u00e7\u00e3o ser\u00e3o expostas dia 21 \/Divulga\u00e7\u00e3o<\/figcaption><\/figure><br \/>\nNo Brasil esse dia est\u00e1 inserido na Semana Nacional dos Museus, iniciativa do Instituto Brasileiro de Museus (IBRAM), \u00f3rg\u00e3o do Minist\u00e9rio da Cultura. Neste ano a Semana Nacional dos Museus, que j\u00e1 est\u00e1 em sua 15\u00aa edi\u00e7\u00e3o, ocorrer\u00e1 entre os dias 15 e 21 de maio, durante a qual institui\u00e7\u00f5es museol\u00f3gicas de todo o pa\u00eds promover\u00e3o atividades especiais em torno do tema proposto pelo Conselho Internacional de Museus (ICOM): Museus e hist\u00f3rias controversas: dizer o indiz\u00edvel em museus.<br \/>\nA programa\u00e7\u00e3o completa de todos os museus do Brasil pode ser acessada no site do IBRAM \u00a0(www.museus.gov.br).<br \/>\n<figure id=\"attachment_48331\" aria-describedby=\"caption-attachment-48331\" style=\"width: 549px\" class=\"wp-caption alignnone\"><img loading=\"lazy\" decoding=\"async\" class=\"wp-image-48331 size-full\" src=\"https:\/\/www.jornalja.com.br\/wp-content\/uploads\/2017\/05\/14264938_1057822267672539_6164837321234978466_n-e1494532829867.jpg\" alt=\"Pesquisadores no Herb\u00e1rio do Museu\/FZB, que poder\u00e1 ser visitado \/Divulga\u00e7\u00e3o\" width=\"549\" height=\"320\" \/><figcaption id=\"caption-attachment-48331\" class=\"wp-caption-text\">Pesquisadores no Herb\u00e1rio do Museu\/FZB, que poder\u00e1 ser visitado \/Divulga\u00e7\u00e3o<\/figcaption><\/figure><br \/>\n<figure id=\"attachment_48256\" aria-describedby=\"caption-attachment-48256\" style=\"width: 725px\" class=\"wp-caption alignnone\"><img loading=\"lazy\" decoding=\"async\" class=\"wp-image-48256 size-full\" src=\"https:\/\/www.jornalja.com.br\/wp-content\/uploads\/2017\/05\/Dan-liquens-5.jpg\" alt=\"Esp\u00e9cies de brom\u00e9lias e l\u00edquens, biomonitores da qualidade do ar\" width=\"725\" height=\"536\" \/><figcaption id=\"caption-attachment-48256\" class=\"wp-caption-text\">Esp\u00e9cies de brom\u00e9lias e l\u00edquens, biomonitores da qualidade do ar\/Cleber Dioni<\/figcaption><\/figure><br \/>\nA programa\u00e7\u00e3o no MCN\/FZB come\u00e7a antes, <strong>dia 16<\/strong> deste m\u00eas, com uma a\u00e7\u00e3o educativa, entre as 10h e 16h, voltada para a Escola Municipal de Ensino Fundamental Porto Novo, em Porto Alegre. Haver\u00e1 exposi\u00e7\u00e3o de pe\u00e7as do acervo e realiza\u00e7\u00e3o de atividades l\u00fadicas e educativas, a fim de levar o Museu ao p\u00fablico escolar.<br \/>\n<strong>No dia 18<\/strong>, haver\u00e1 apenas a cobran\u00e7a do ingresso e estacionamento no Jardim Bot\u00e2nico. A visita \u00e9 guiada, mediante agendamento (www.sip.fzb.rs.gov.br), \u00e0s cole\u00e7\u00f5es cient\u00edficas e laborat\u00f3rios, conhecendo as atividades desenvolvidas em pesquisa, curadoria e educa\u00e7\u00e3o ambiental.<br \/>\n<figure id=\"attachment_48311\" aria-describedby=\"caption-attachment-48311\" style=\"width: 725px\" class=\"wp-caption alignnone\"><img loading=\"lazy\" decoding=\"async\" class=\"wp-image-48311 size-full\" src=\"https:\/\/www.jornalja.com.br\/wp-content\/uploads\/2017\/05\/cole\u00e7\u00f5es-de-insetos_grilos.jpg\" alt=\"Os grilos da cole\u00e7\u00e3o de insetos\/Divulga\u00e7\u00e3o \" width=\"725\" height=\"468\" \/><figcaption id=\"caption-attachment-48311\" class=\"wp-caption-text\">Os grilos da cole\u00e7\u00e3o de insetos do Museu\/Divulga\u00e7\u00e3o<\/figcaption><\/figure><br \/>\nO Museu de Ci\u00eancias Naturais da Funda\u00e7\u00e3o Zoobot\u00e2nica fica dentro do Jardim Bot\u00e2nico de Porto Alegre, na rua Dr. Salvador Fran\u00e7a, 1427.<\/p>\n","protected":false},"excerpt":{"rendered":"<p>O Museu de Ci\u00eancias Naturais, da Funda\u00e7\u00e3o Zoobot\u00e2nica do Rio Grande do Sul, realiza dia 18 deste m\u00eas mais uma edi\u00e7\u00e3o do &#8220;Museu de Portas Abertas&#8221;. As inscri\u00e7\u00f5es est\u00e3o abertas, s\u00e3o gratuitas, mas limitadas. Dia 21,\u00a0os pesquisadores da FZB realizam uma a\u00e7\u00e3o educativa com o projeto Ci\u00eancia na Pra\u00e7a, expondo ao ar livre pe\u00e7as do [&hellip;]<\/p>\n","protected":false},"author":4,"featured_media":48252,"comment_status":"open","ping_status":"closed","sticky":false,"template":"","format":"standard","meta":{"_jetpack_newsletter_access":"","_jetpack_dont_email_post_to_subs":false,"_jetpack_newsletter_tier_id":0,"_jetpack_memberships_contains_paywalled_content":false,"_jetpack_feature_clip_id":0,"_jetpack_memberships_contains_paid_content":false,"footnotes":"","jetpack_post_was_ever_published":false},"categories":[26],"tags":[],"class_list":["post-48251","post","type-post","status-publish","format-standard","has-post-thumbnail","hentry","category-geral"],"aioseo_notices":[],"aioseo_head":"\n\t\t<!-- All in One SEO 5.0.1.1 - aioseo.com -->\n\t<meta name=\"robots\" content=\"max-image-preview:large\" \/>\n\t<meta name=\"author\" content=\"da Reda\u00e7\u00e3o\"\/>\n\t<link rel=\"canonical\" href=\"https:\/\/www.jornalja.com.br\/arquivo\/zoobotanica-expoe-suas-colecoes-na-semana-dos-museus\/\" \/>\n\t<meta name=\"generator\" content=\"All in One SEO (AIOSEO) 5.0.1.1\" \/>\n\t\t<meta property=\"og:locale\" content=\"pt_BR\" \/>\n\t\t<meta property=\"og:site_name\" content=\"Arquivo | Jornal J\u00c1 | Porto Alegre\" \/>\n\t\t<meta property=\"og:type\" content=\"article\" \/>\n\t\t<meta property=\"og:title\" content=\"Zoobot\u00e2nica exp\u00f5e suas cole\u00e7\u00f5es na Semana dos Museus | Arquivo\" \/>\n\t\t<meta property=\"og:url\" content=\"https:\/\/www.jornalja.com.br\/arquivo\/zoobotanica-expoe-suas-colecoes-na-semana-dos-museus\/\" \/>\n\t\t<meta property=\"og:image\" content=\"https:\/\/www.jornalja.com.br\/wp-content\/uploads\/2017\/05\/15338783_1623677244599633_2960386409965590471_n-e1494529482617.jpg\" \/>\n\t\t<meta property=\"og:image:secure_url\" content=\"https:\/\/www.jornalja.com.br\/wp-content\/uploads\/2017\/05\/15338783_1623677244599633_2960386409965590471_n-e1494529482617.jpg\" \/>\n\t\t<meta property=\"article:published_time\" content=\"2017-05-11T20:12:28+00:00\" \/>\n\t\t<meta property=\"article:modified_time\" content=\"2017-05-11T20:12:28+00:00\" \/>\n\t\t<meta name=\"twitter:card\" content=\"summary\" \/>\n\t\t<meta name=\"twitter:title\" content=\"Zoobot\u00e2nica exp\u00f5e suas cole\u00e7\u00f5es na Semana dos Museus | Arquivo\" \/>\n\t\t<meta name=\"twitter:image\" content=\"https:\/\/www.jornalja.com.br\/economics\/wp-content\/uploads\/sites\/11\/2026\/08\/ja-folhaderosto-facebook.jpg\" \/>\n\t\t<script type=\"application\/ld+json\" class=\"aioseo-schema\">\n\t\t\t{\"@context\":\"https:\\\/\\\/schema.org\",\"@graph\":[{\"@type\":\"BlogPosting\",\"@id\":\"https:\\\/\\\/www.jornalja.com.br\\\/arquivo\\\/zoobotanica-expoe-suas-colecoes-na-semana-dos-museus\\\/#blogposting\",\"name\":\"Zoobot\\u00e2nica exp\\u00f5e suas cole\\u00e7\\u00f5es na Semana dos Museus | Arquivo\",\"headline\":\"Zoobot\\u00e2nica exp\\u00f5e suas cole\\u00e7\\u00f5es na Semana dos Museus\",\"author\":{\"@id\":\"https:\\\/\\\/www.jornalja.com.br\\\/arquivo\\\/author\\\/daredacao\\\/#author\"},\"publisher\":{\"@id\":\"https:\\\/\\\/www.jornalja.com.br\\\/arquivo\\\/#organization\"},\"image\":{\"@type\":\"ImageObject\",\"url\":48252},\"datePublished\":\"2017-05-11T17:12:28-03:00\",\"dateModified\":\"2017-05-11T17:12:28-03:00\",\"inLanguage\":\"pt-BR\",\"mainEntityOfPage\":{\"@id\":\"https:\\\/\\\/www.jornalja.com.br\\\/arquivo\\\/zoobotanica-expoe-suas-colecoes-na-semana-dos-museus\\\/#webpage\"},\"isPartOf\":{\"@id\":\"https:\\\/\\\/www.jornalja.com.br\\\/arquivo\\\/zoobotanica-expoe-suas-colecoes-na-semana-dos-museus\\\/#webpage\"},\"articleSection\":\"Geral\"},{\"@type\":\"BreadcrumbList\",\"@id\":\"https:\\\/\\\/www.jornalja.com.br\\\/arquivo\\\/zoobotanica-expoe-suas-colecoes-na-semana-dos-museus\\\/#breadcrumblist\",\"itemListElement\":[{\"@type\":\"ListItem\",\"@id\":\"https:\\\/\\\/www.jornalja.com.br\\\/arquivo#listItem\",\"position\":1,\"name\":\"Home\",\"item\":\"https:\\\/\\\/www.jornalja.com.br\\\/arquivo\",\"nextItem\":{\"@type\":\"ListItem\",\"@id\":\"https:\\\/\\\/www.jornalja.com.br\\\/arquivo\\\/category\\\/geral\\\/#listItem\",\"name\":\"Geral\"}},{\"@type\":\"ListItem\",\"@id\":\"https:\\\/\\\/www.jornalja.com.br\\\/arquivo\\\/category\\\/geral\\\/#listItem\",\"position\":2,\"name\":\"Geral\",\"item\":\"https:\\\/\\\/www.jornalja.com.br\\\/arquivo\\\/category\\\/geral\\\/\",\"nextItem\":{\"@type\":\"ListItem\",\"@id\":\"https:\\\/\\\/www.jornalja.com.br\\\/arquivo\\\/zoobotanica-expoe-suas-colecoes-na-semana-dos-museus\\\/#listItem\",\"name\":\"Zoobot\\u00e2nica exp\\u00f5e suas cole\\u00e7\\u00f5es na Semana dos Museus\"},\"previousItem\":{\"@type\":\"ListItem\",\"@id\":\"https:\\\/\\\/www.jornalja.com.br\\\/arquivo#listItem\",\"name\":\"Home\"}},{\"@type\":\"ListItem\",\"@id\":\"https:\\\/\\\/www.jornalja.com.br\\\/arquivo\\\/zoobotanica-expoe-suas-colecoes-na-semana-dos-museus\\\/#listItem\",\"position\":3,\"name\":\"Zoobot\\u00e2nica exp\\u00f5e suas cole\\u00e7\\u00f5es na Semana dos Museus\",\"previousItem\":{\"@type\":\"ListItem\",\"@id\":\"https:\\\/\\\/www.jornalja.com.br\\\/arquivo\\\/category\\\/geral\\\/#listItem\",\"name\":\"Geral\"}}]},{\"@type\":\"Organization\",\"@id\":\"https:\\\/\\\/www.jornalja.com.br\\\/arquivo\\\/#organization\",\"name\":\"Jornal J\\u00c1\",\"description\":\"Jornal J\\u00c1 | Porto Alegre\",\"url\":\"https:\\\/\\\/www.jornalja.com.br\\\/arquivo\\\/\",\"telephone\":\"+555133307272\",\"logo\":{\"@type\":\"ImageObject\",\"url\":\"https:\\\/\\\/www.jornalja.com.br\\\/wp-content\\\/uploads\\\/cards\\\/JAslogan.png\",\"@id\":\"https:\\\/\\\/www.jornalja.com.br\\\/arquivo\\\/zoobotanica-expoe-suas-colecoes-na-semana-dos-museus\\\/#organizationLogo\"},\"image\":{\"@id\":\"https:\\\/\\\/www.jornalja.com.br\\\/arquivo\\\/zoobotanica-expoe-suas-colecoes-na-semana-dos-museus\\\/#organizationLogo\"}},{\"@type\":\"Person\",\"@id\":\"https:\\\/\\\/www.jornalja.com.br\\\/arquivo\\\/author\\\/daredacao\\\/#author\",\"url\":\"https:\\\/\\\/www.jornalja.com.br\\\/arquivo\\\/author\\\/daredacao\\\/\",\"name\":\"da Reda\\u00e7\\u00e3o\",\"image\":{\"@type\":\"ImageObject\",\"@id\":\"https:\\\/\\\/www.jornalja.com.br\\\/arquivo\\\/zoobotanica-expoe-suas-colecoes-na-semana-dos-museus\\\/#authorImage\",\"url\":\"https:\\\/\\\/secure.gravatar.com\\\/avatar\\\/469fd857d6605ad19919d27ed29d35a968a25f6e8fd9318356bbb7f57aae9c65?s=96&d=mm&r=g\",\"width\":96,\"height\":96,\"caption\":\"da Reda\\u00e7\\u00e3o\"}},{\"@type\":\"WebPage\",\"@id\":\"https:\\\/\\\/www.jornalja.com.br\\\/arquivo\\\/zoobotanica-expoe-suas-colecoes-na-semana-dos-museus\\\/#webpage\",\"url\":\"https:\\\/\\\/www.jornalja.com.br\\\/arquivo\\\/zoobotanica-expoe-suas-colecoes-na-semana-dos-museus\\\/\",\"name\":\"Zoobot\\u00e2nica exp\\u00f5e suas cole\\u00e7\\u00f5es na Semana dos Museus | Arquivo\",\"inLanguage\":\"pt-BR\",\"isPartOf\":{\"@id\":\"https:\\\/\\\/www.jornalja.com.br\\\/arquivo\\\/#website\"},\"breadcrumb\":{\"@id\":\"https:\\\/\\\/www.jornalja.com.br\\\/arquivo\\\/zoobotanica-expoe-suas-colecoes-na-semana-dos-museus\\\/#breadcrumblist\"},\"author\":{\"@id\":\"https:\\\/\\\/www.jornalja.com.br\\\/arquivo\\\/author\\\/daredacao\\\/#author\"},\"creator\":{\"@id\":\"https:\\\/\\\/www.jornalja.com.br\\\/arquivo\\\/author\\\/daredacao\\\/#author\"},\"image\":{\"@type\":\"ImageObject\",\"url\":48252,\"@id\":\"https:\\\/\\\/www.jornalja.com.br\\\/arquivo\\\/zoobotanica-expoe-suas-colecoes-na-semana-dos-museus\\\/#mainImage\"},\"primaryImageOfPage\":{\"@id\":\"https:\\\/\\\/www.jornalja.com.br\\\/arquivo\\\/zoobotanica-expoe-suas-colecoes-na-semana-dos-museus\\\/#mainImage\"},\"datePublished\":\"2017-05-11T17:12:28-03:00\",\"dateModified\":\"2017-05-11T17:12:28-03:00\"},{\"@type\":\"WebSite\",\"@id\":\"https:\\\/\\\/www.jornalja.com.br\\\/arquivo\\\/#website\",\"url\":\"https:\\\/\\\/www.jornalja.com.br\\\/arquivo\\\/\",\"name\":\"Arquivo\",\"description\":\"Jornal J\\u00c1 | Porto Alegre\",\"inLanguage\":\"pt-BR\",\"publisher\":{\"@id\":\"https:\\\/\\\/www.jornalja.com.br\\\/arquivo\\\/#organization\"}}]}\n\t\t<\/script>\n\t\t<!-- All in One SEO -->\n\n","aioseo_head_json":{"title":"Zoobot\u00e2nica exp\u00f5e suas cole\u00e7\u00f5es na Semana dos Museus | Arquivo","description":"","canonical_url":"https:\/\/www.jornalja.com.br\/arquivo\/zoobotanica-expoe-suas-colecoes-na-semana-dos-museus\/","robots":"max-image-preview:large","keywords":"","webmasterTools":{"miscellaneous":""},"schema":{"@context":"https:\/\/schema.org","@graph":[{"@type":"BlogPosting","@id":"https:\/\/www.jornalja.com.br\/arquivo\/zoobotanica-expoe-suas-colecoes-na-semana-dos-museus\/#blogposting","name":"Zoobot\u00e2nica exp\u00f5e suas cole\u00e7\u00f5es na Semana dos Museus | Arquivo","headline":"Zoobot\u00e2nica exp\u00f5e suas cole\u00e7\u00f5es na Semana dos Museus","author":{"@id":"https:\/\/www.jornalja.com.br\/arquivo\/author\/daredacao\/#author"},"publisher":{"@id":"https:\/\/www.jornalja.com.br\/arquivo\/#organization"},"image":{"@type":"ImageObject","url":48252},"datePublished":"2017-05-11T17:12:28-03:00","dateModified":"2017-05-11T17:12:28-03:00","inLanguage":"pt-BR","mainEntityOfPage":{"@id":"https:\/\/www.jornalja.com.br\/arquivo\/zoobotanica-expoe-suas-colecoes-na-semana-dos-museus\/#webpage"},"isPartOf":{"@id":"https:\/\/www.jornalja.com.br\/arquivo\/zoobotanica-expoe-suas-colecoes-na-semana-dos-museus\/#webpage"},"articleSection":"Geral"},{"@type":"BreadcrumbList","@id":"https:\/\/www.jornalja.com.br\/arquivo\/zoobotanica-expoe-suas-colecoes-na-semana-dos-museus\/#breadcrumblist","itemListElement":[{"@type":"ListItem","@id":"https:\/\/www.jornalja.com.br\/arquivo#listItem","position":1,"name":"Home","item":"https:\/\/www.jornalja.com.br\/arquivo","nextItem":{"@type":"ListItem","@id":"https:\/\/www.jornalja.com.br\/arquivo\/category\/geral\/#listItem","name":"Geral"}},{"@type":"ListItem","@id":"https:\/\/www.jornalja.com.br\/arquivo\/category\/geral\/#listItem","position":2,"name":"Geral","item":"https:\/\/www.jornalja.com.br\/arquivo\/category\/geral\/","nextItem":{"@type":"ListItem","@id":"https:\/\/www.jornalja.com.br\/arquivo\/zoobotanica-expoe-suas-colecoes-na-semana-dos-museus\/#listItem","name":"Zoobot\u00e2nica exp\u00f5e suas cole\u00e7\u00f5es na Semana dos Museus"},"previousItem":{"@type":"ListItem","@id":"https:\/\/www.jornalja.com.br\/arquivo#listItem","name":"Home"}},{"@type":"ListItem","@id":"https:\/\/www.jornalja.com.br\/arquivo\/zoobotanica-expoe-suas-colecoes-na-semana-dos-museus\/#listItem","position":3,"name":"Zoobot\u00e2nica exp\u00f5e suas cole\u00e7\u00f5es na Semana dos Museus","previousItem":{"@type":"ListItem","@id":"https:\/\/www.jornalja.com.br\/arquivo\/category\/geral\/#listItem","name":"Geral"}}]},{"@type":"Organization","@id":"https:\/\/www.jornalja.com.br\/arquivo\/#organization","name":"Jornal J\u00c1","description":"Jornal J\u00c1 | Porto Alegre","url":"https:\/\/www.jornalja.com.br\/arquivo\/","telephone":"+555133307272","logo":{"@type":"ImageObject","url":"https:\/\/www.jornalja.com.br\/wp-content\/uploads\/cards\/JAslogan.png","@id":"https:\/\/www.jornalja.com.br\/arquivo\/zoobotanica-expoe-suas-colecoes-na-semana-dos-museus\/#organizationLogo"},"image":{"@id":"https:\/\/www.jornalja.com.br\/arquivo\/zoobotanica-expoe-suas-colecoes-na-semana-dos-museus\/#organizationLogo"}},{"@type":"Person","@id":"https:\/\/www.jornalja.com.br\/arquivo\/author\/daredacao\/#author","url":"https:\/\/www.jornalja.com.br\/arquivo\/author\/daredacao\/","name":"da Reda\u00e7\u00e3o","image":{"@type":"ImageObject","@id":"https:\/\/www.jornalja.com.br\/arquivo\/zoobotanica-expoe-suas-colecoes-na-semana-dos-museus\/#authorImage","url":"https:\/\/secure.gravatar.com\/avatar\/469fd857d6605ad19919d27ed29d35a968a25f6e8fd9318356bbb7f57aae9c65?s=96&d=mm&r=g","width":96,"height":96,"caption":"da Reda\u00e7\u00e3o"}},{"@type":"WebPage","@id":"https:\/\/www.jornalja.com.br\/arquivo\/zoobotanica-expoe-suas-colecoes-na-semana-dos-museus\/#webpage","url":"https:\/\/www.jornalja.com.br\/arquivo\/zoobotanica-expoe-suas-colecoes-na-semana-dos-museus\/","name":"Zoobot\u00e2nica exp\u00f5e suas cole\u00e7\u00f5es na Semana dos Museus | Arquivo","inLanguage":"pt-BR","isPartOf":{"@id":"https:\/\/www.jornalja.com.br\/arquivo\/#website"},"breadcrumb":{"@id":"https:\/\/www.jornalja.com.br\/arquivo\/zoobotanica-expoe-suas-colecoes-na-semana-dos-museus\/#breadcrumblist"},"author":{"@id":"https:\/\/www.jornalja.com.br\/arquivo\/author\/daredacao\/#author"},"creator":{"@id":"https:\/\/www.jornalja.com.br\/arquivo\/author\/daredacao\/#author"},"image":{"@type":"ImageObject","url":48252,"@id":"https:\/\/www.jornalja.com.br\/arquivo\/zoobotanica-expoe-suas-colecoes-na-semana-dos-museus\/#mainImage"},"primaryImageOfPage":{"@id":"https:\/\/www.jornalja.com.br\/arquivo\/zoobotanica-expoe-suas-colecoes-na-semana-dos-museus\/#mainImage"},"datePublished":"2017-05-11T17:12:28-03:00","dateModified":"2017-05-11T17:12:28-03:00"},{"@type":"WebSite","@id":"https:\/\/www.jornalja.com.br\/arquivo\/#website","url":"https:\/\/www.jornalja.com.br\/arquivo\/","name":"Arquivo","description":"Jornal J\u00c1 | Porto Alegre","inLanguage":"pt-BR","publisher":{"@id":"https:\/\/www.jornalja.com.br\/arquivo\/#organization"}}]},"og:locale":"pt_BR","og:site_name":"Arquivo | Jornal J\u00c1 | Porto Alegre","og:type":"article","og:title":"Zoobot\u00e2nica exp\u00f5e suas cole\u00e7\u00f5es na Semana dos Museus | Arquivo","og:url":"https:\/\/www.jornalja.com.br\/arquivo\/zoobotanica-expoe-suas-colecoes-na-semana-dos-museus\/","og:image":"https:\/\/www.jornalja.com.br\/wp-content\/uploads\/2017\/05\/15338783_1623677244599633_2960386409965590471_n-e1494529482617.jpg","og:image:secure_url":"https:\/\/www.jornalja.com.br\/wp-content\/uploads\/2017\/05\/15338783_1623677244599633_2960386409965590471_n-e1494529482617.jpg","article:published_time":"2017-05-11T20:12:28+00:00","article:modified_time":"2017-05-11T20:12:28+00:00","twitter:card":"summary","twitter:title":"Zoobot\u00e2nica exp\u00f5e suas cole\u00e7\u00f5es na Semana dos Museus | Arquivo","twitter:image":"https:\/\/www.jornalja.com.br\/economics\/wp-content\/uploads\/sites\/11\/2026\/08\/ja-folhaderosto-facebook.jpg"},"aioseo_meta_data":{"post_id":"48251","title":null,"description":null,"keywords":null,"keyphrases":null,"primary_term":null,"canonical_url":null,"og_title":null,"og_description":null,"og_object_type":"default","og_image_type":"default","og_image_url":null,"og_image_width":null,"og_image_height":null,"og_image_custom_url":null,"og_image_custom_fields":null,"og_video":null,"og_custom_url":null,"og_article_section":null,"og_article_tags":null,"twitter_use_og":false,"twitter_card":"default","twitter_image_type":"default","twitter_image_url":null,"twitter_image_custom_url":null,"twitter_image_custom_fields":null,"twitter_title":null,"twitter_description":null,"schema":{"blockGraphs":[],"customGraphs":[],"default":{"data":{"Article":[],"Course":[],"Dataset":[],"FAQPage":[],"Movie":[],"Person":[],"Product":[],"ProductReview":[],"Car":[],"Recipe":[],"Service":[],"SoftwareApplication":[],"WebPage":[]},"graphName":"","isEnabled":true},"graphs":[],"defaultGraph":"","defaultPostTypeGraph":""},"schema_type":null,"schema_type_options":null,"pillar_content":false,"robots_default":true,"robots_noindex":false,"robots_noarchive":false,"robots_nosnippet":false,"robots_nofollow":false,"robots_noimageindex":false,"robots_noodp":false,"robots_notranslate":false,"robots_max_snippet":null,"robots_max_videopreview":null,"robots_max_imagepreview":"large","priority":null,"frequency":null,"location":null,"local_seo":null,"breadcrumb_settings":null,"limit_modified_date":false,"ai":null,"created":"2020-12-20 20:35:21","updated":"2025-07-19 21:27:44","seo_analyzer_scan_date":null,"focus_keyword":null,"additional_keywords":null,"truseo_locale":null},"jetpack_sharing_enabled":true,"jetpack-related-posts":[{"id":13124,"url":"https:\/\/www.jornalja.com.br\/arquivo\/sangue-latino-no-iecine\/","url_meta":{"origin":48251,"position":0},"title":"Sangue latino no IECINE","author":"da Reda\u00e7\u00e3o","date":"18 de maio de 2014","format":false,"excerpt":"Francisco Ribeiro O Instituto Estadual de Cinema (IECINE) tem a frente, desde abril \u00faltimo, um novo diretor, o cineasta colombiano Juan Zapata, 36, que substitui Luiz Alberto Cassol. Radicado h\u00e1 dez anos em Porto Alegre, Zapata tem diante de si o desafio de conduzir at\u00e9 o final do ano um\u2026","rel":"","context":"Em &quot;Cultura-Geral&quot;","block_context":{"text":"Cultura-Geral","link":"https:\/\/www.jornalja.com.br\/arquivo\/category\/materiasecundaria\/"},"img":{"alt_text":"","src":"","width":0,"height":0},"classes":[]},{"id":13109,"url":"https:\/\/www.jornalja.com.br\/arquivo\/judiciario-reconhece-poluicao-eletromagnetica\/","url_meta":{"origin":48251,"position":1},"title":"Judici\u00e1rio reconhece polui\u00e7\u00e3o eletromagn\u00e9tica","author":"Patr\u00edcia Marini","date":"16 de maio de 2014","format":false,"excerpt":"A\u00e7\u00e3o de duas associa\u00e7\u00f5es de moradores foi acolhida pelo Tribunal de Justi\u00e7a de S\u00e3o Paulo que. em decis\u00e3o in\u00e9dita, determinou a redu\u00e7\u00e3o do campo eletromagn\u00e9tico gerado pelas linhas de transmiss\u00e3o de energia que cortam os bairros City Boa\u00e7ava e Alto de Pinheiros. \u00c9 a primeira vez que um tribunal do\u2026","rel":"","context":"Em &quot;X.Categorias velhas&quot;","block_context":{"text":"X.Categorias velhas","link":"https:\/\/www.jornalja.com.br\/arquivo\/category\/x-categorias-velhas\/"},"img":{"alt_text":"","src":"","width":0,"height":0},"classes":[]},{"id":12960,"url":"https:\/\/www.jornalja.com.br\/arquivo\/populacao-culpa-empresas-pela-greve-dos-rodoviarios\/","url_meta":{"origin":48251,"position":2},"title":"Popula\u00e7\u00e3o culpa empresas pela greve","author":"Patr\u00edcia Marini","date":"14 de fevereiro de 2014","format":false,"excerpt":"Pesquisa divulgada na edi\u00e7\u00e3o do jornal Metro desta sexta-feira,14, comprova o velho ditado: \u00e9 poss\u00edvel enganar muitos por algum tempo, mas n\u00e3o \u00e9 poss\u00edvel enganar a todos o tempo inteiro. A principal revela\u00e7\u00e3o foi que 59,8% dos entrevistados apontaram as empresas como as principais respons\u00e1veis pela grave e 46% culparam\u2026","rel":"","context":"Em &quot;X.Categorias velhas&quot;","block_context":{"text":"X.Categorias velhas","link":"https:\/\/www.jornalja.com.br\/arquivo\/category\/x-categorias-velhas\/"},"img":{"alt_text":"","src":"","width":0,"height":0},"classes":[]},{"id":13128,"url":"https:\/\/www.jornalja.com.br\/arquivo\/maconha-terra-diz-que-uso-medicinal-e-desculpa\/","url_meta":{"origin":48251,"position":3},"title":"Maconha: Terra diz que uso medicinal \u00e9 desculpa","author":"Patr\u00edcia Marini","date":"4 de junho de 2014","format":false,"excerpt":"A condi\u00e7\u00e3o de pol\u00edtico, em \u00e9poca de campanha de campanha eleitoral, tira for\u00e7a do discurso do m\u00e9dico Osmar Terra contra a legaliza\u00e7\u00e3o da maconha. A tese dele de que a libera\u00e7\u00e3o vai ampliar exponencialmente o consumo \u00e9 discutivel, o consumo \u00e9 corrente. Mas seus alertas quanto aos riscos tem que\u2026","rel":"","context":"Em &quot;X.Categorias velhas&quot;","block_context":{"text":"X.Categorias velhas","link":"https:\/\/www.jornalja.com.br\/arquivo\/category\/x-categorias-velhas\/"},"img":{"alt_text":"","src":"","width":0,"height":0},"classes":[]},{"id":13101,"url":"https:\/\/www.jornalja.com.br\/arquivo\/morre-um-guerreiro-do-texto\/","url_meta":{"origin":48251,"position":4},"title":"Morre um guerreiro do texto","author":"Patr\u00edcia Marini","date":"14 de maio de 2014","format":false,"excerpt":"Por Ricardo Kotscho Reproduzido do blog do autor, 11\/5\/2014; t\u00edtulo original \u201cE l\u00e1 se foi o nosso Myltainho, guerreiro do texto\u201d. Mi\u00fado e franzino, meu amigo Myltainho era um valente e inconformado guerreiro na luta contra as injusti\u00e7as sociais, a hipocrisia, as maracutaias, o autoritarismo, a intoler\u00e2ncia, a viol\u00eancia, o\u2026","rel":"","context":"Em &quot;Geral&quot;","block_context":{"text":"Geral","link":"https:\/\/www.jornalja.com.br\/arquivo\/category\/geral\/"},"img":{"alt_text":"","src":"","width":0,"height":0},"classes":[]},{"id":13240,"url":"https:\/\/www.jornalja.com.br\/arquivo\/plano-diretor-estamos-construindo-o-caos\/","url_meta":{"origin":48251,"position":5},"title":"Plano diretor: &quot;Estamos construindo o caos&quot;","author":"Patr\u00edcia Marini","date":"26 de maio de 2014","format":false,"excerpt":"Desabafo que arquiteta Eliana Castilhos, delegada da Regi\u00e3o de Planejamento 1, postou nas redes sociais \u00e9 um testemunho do ambiente que se criou no Conselho do Plano Diretor de Porto Alegre, onde a aprova\u00e7\u00e3o de grandes empreendimentos \u00e9 empurrada guela abaixo dos conselheiros. Ao CMDUA Como delegada da Regi\u00e3o de\u2026","rel":"","context":"Em &quot;Geral&quot;","block_context":{"text":"Geral","link":"https:\/\/www.jornalja.com.br\/arquivo\/category\/geral\/"},"img":{"alt_text":"","src":"","width":0,"height":0},"classes":[]}],"jetpack_shortlink":"https:\/\/wp.me\/pbQjBd-cyf","jetpack_featured_media_url":"","_links":{"self":[{"href":"https:\/\/www.jornalja.com.br\/arquivo\/wp-json\/wp\/v2\/posts\/48251","targetHints":{"allow":["GET"]}}],"collection":[{"href":"https:\/\/www.jornalja.com.br\/arquivo\/wp-json\/wp\/v2\/posts"}],"about":[{"href":"https:\/\/www.jornalja.com.br\/arquivo\/wp-json\/wp\/v2\/types\/post"}],"author":[{"embeddable":true,"href":"https:\/\/www.jornalja.com.br\/arquivo\/wp-json\/wp\/v2\/users\/4"}],"replies":[{"embeddable":true,"href":"https:\/\/www.jornalja.com.br\/arquivo\/wp-json\/wp\/v2\/comments?post=48251"}],"version-history":[{"count":0,"href":"https:\/\/www.jornalja.com.br\/arquivo\/wp-json\/wp\/v2\/posts\/48251\/revisions"}],"wp:attachment":[{"href":"https:\/\/www.jornalja.com.br\/arquivo\/wp-json\/wp\/v2\/media?parent=48251"}],"wp:term":[{"taxonomy":"category","embeddable":true,"href":"https:\/\/www.jornalja.com.br\/arquivo\/wp-json\/wp\/v2\/categories?post=48251"},{"taxonomy":"post_tag","embeddable":true,"href":"https:\/\/www.jornalja.com.br\/arquivo\/wp-json\/wp\/v2\/tags?post=48251"}],"curies":[{"name":"wp","href":"https:\/\/api.w.org\/{rel}","templated":true}]}}