{"id":48262,"date":"2017-05-10T19:45:23","date_gmt":"2017-05-10T22:45:23","guid":{"rendered":"https:\/\/www.jornalja.com.br\/?p=48262"},"modified":"2017-05-10T19:45:23","modified_gmt":"2017-05-10T22:45:23","slug":"policia-tenta-decifrar-o-recado-dos-criminosos-que-incendiaram-onibus","status":"publish","type":"post","link":"https:\/\/www.jornalja.com.br\/arquivo\/policia-tenta-decifrar-o-recado-dos-criminosos-que-incendiaram-onibus\/","title":{"rendered":"Pol\u00edcia tenta decifrar o recado dos criminosos que incendiaram \u00f4nibus"},"content":{"rendered":"<p><img loading=\"lazy\" decoding=\"async\" class=\"alignnone size-full wp-image-48289\" src=\"https:\/\/www.jornalja.com.br\/wp-content\/uploads\/2017\/05\/onibus-queima-foto-douglas-rodrigues.jpg\" alt=\"onibus queima foto douglas rodrigues\" width=\"600\" height=\"800\" \/>Uma homem entrou no \u00f4nibus com um gal\u00e3o de gasolina. Os passageiros ainda estavam desembarcando, quando ele come\u00e7ou a espalhar o combust\u00edvel mandando todos descerem. Em seguida, saiu do ve\u00edculo e ateou fogo.<br \/>\nEste \u00e9 o relato do motorista Aureo Reis, do \u00f4nibus da linha 731 Parque dos Maias, incendiado no final da tarde desta quarta-feira,\u00a0no Terminal Parob\u00e9, no Centro Hist\u00f3rico de Porto Alegre.<br \/>\n&#8220;Ele chegou atirando gasolina em tudo, eu fiquei molhado, pois o cinto de seguran\u00e7a travou. Quase n\u00e3o deu tempo de sair. Em seguida ele j\u00e1 ateou fogo e o painel come\u00e7ou a incendiar&#8221;, contou. O homem, com o rosto descoberto, saiu correndo.<\/p>\n<div id=\"sas_38013\">\n<div style=\"width: 640px;\" class=\"wp-video\"><video class=\"wp-video-shortcode\" id=\"video-48262-1\" width=\"640\" height=\"352\" preload=\"metadata\" controls=\"controls\"><source type=\"video\/mp4\" src=\"https:\/\/www.jornalja.com.br\/wp-content\/uploads\/2017\/05\/VID-20170511-WA0002.mp4?_=1\" \/><a href=\"https:\/\/www.jornalja.com.br\/wp-content\/uploads\/2017\/05\/VID-20170511-WA0002.mp4\">https:\/\/www.jornalja.com.br\/wp-content\/uploads\/2017\/05\/VID-20170511-WA0002.mp4<\/a><\/video><\/div><br \/>\nO terminal concentra grande parte\u00a0dos \u00f4nibus que passam pelo Centro de Porto Alegre. O fato ocorreu perto das 18h, um dos hor\u00e1rios de maior movimento no local.<\/div>\n<div><\/div>\n<p><span style=\"font-weight: 300\">As motiva\u00e7\u00f5es do crime, no entanto, s\u00e3o desconhecidas.<\/span><br \/>\nSegundo um militar do Centro Integrado de Comando e Controle (CICC), as informa\u00e7\u00f5es apuradas at\u00e9 o momento d\u00e3o conta de que o \u00f4nibus estava parado no terminal aguardando o embarque de passageiros. \u00a0Ele disse que o crime foi praticado por quatro indiv\u00edduos e &#8220;um deles teria queimado os p\u00e9s durante a a\u00e7\u00e3o\u201d..<\/p>\n<div id=\"sas_38013\">\n<figure id=\"attachment_48290\" aria-describedby=\"caption-attachment-48290\" style=\"width: 725px\" class=\"wp-caption alignnone\"><img loading=\"lazy\" decoding=\"async\" class=\"size-full wp-image-48290\" src=\"https:\/\/www.jornalja.com.br\/wp-content\/uploads\/2017\/05\/onibus-queima-parob\u00e9-vazio.jpg\" alt=\"O terminal, vazio, depois do ataque ao \u00f4nibus da linha 731-Parque dos Maias-Sert\u00f3rio \/ J\u00c1\" width=\"725\" height=\"408\" \/><figcaption id=\"caption-attachment-48290\" class=\"wp-caption-text\">O terminal, vazio, depois do ataque ao \u00f4nibus da linha 731-Parque dos Maias-Sert\u00f3rio \/ J\u00c1<\/figcaption><\/figure><br \/>\nO prefeito Nelson Marchezan J\u00fanior que chegou a ir at\u00e9 o terminal conferir o ocorrido arriscou um palpite: seria uma resposta \u00e0 ofensiva das for\u00e7as de seguran\u00e7a no Estado e na Capital dos \u00faltimos meses.<br \/>\n<figure id=\"attachment_48287\" aria-describedby=\"caption-attachment-48287\" style=\"width: 725px\" class=\"wp-caption alignnone\"><img loading=\"lazy\" decoding=\"async\" class=\"size-full wp-image-48287\" src=\"https:\/\/www.jornalja.com.br\/wp-content\/uploads\/2017\/05\/Pa\u00e7o-com-GM-ap\u00f3s-onibus-queimado.jpg\" alt=\"No in\u00edcio da noite de quarta-feira, depois do inc\u00eandio, duas viaturas da Guarda Municipal ficaram em frente \u00e0 Prefeitura \/ Jornal J\u00c1\" width=\"725\" height=\"408\" \/><figcaption id=\"caption-attachment-48287\" class=\"wp-caption-text\">No in\u00edcio da noite de quarta-feira, depois do inc\u00eandio, duas viaturas da Guarda Municipal ficaram em frente \u00e0 Prefeitura \/ Jornal J\u00c1<\/figcaption><\/figure>\n<\/div>\n<div>A pol\u00edcia n\u00e3o tem pistas e ainda n\u00e3o decifrou o recado dos criminosos.<\/div>\n<div><\/div>\n<div>Na madrugada de quinta-feira, mais um \u00f4nibus foi incendiado, na zona Sul de Porto Alegre. Foi no final da linha 149-Icara\u00ed, na avenida Capivari, na Vila Cruzeiro.<\/div>\n<div>\nSegundo a Brigada Militar, um grupo de criminosos abordou o motorista e ordenou que ele e o cobrador descessem do coletivo. Logo em seguida, dois bandidos encapuzados com um gal\u00e3o de gasolina atearam fogo no \u00f4nibus. Ningu\u00e9m ficou ferido. As causas do crime ainda s\u00e3o desconhecidas.<br \/>\nConforme a Empresa P\u00fablica de Transporte e Circula\u00e7\u00e3o (EPTC), os coletivos da linha Icara\u00ed n\u00e3o est\u00e3o circulando no in\u00edcio desta manh\u00e3 em Porto Alegre.<br \/>\nNo terminal Parob\u00e9,\u00a0as linhas D73, D72, 731, 721 e 727 foram transferidas emergencialmente para a avenida J\u00falio de Castilhos.<\/p>\n<div><\/div>\n<\/div>\n","protected":false},"excerpt":{"rendered":"<p>Uma homem entrou no \u00f4nibus com um gal\u00e3o de gasolina. Os passageiros ainda estavam desembarcando, quando ele come\u00e7ou a espalhar o combust\u00edvel mandando todos descerem. Em seguida, saiu do ve\u00edculo e ateou fogo. Este \u00e9 o relato do motorista Aureo Reis, do \u00f4nibus da linha 731 Parque dos Maias, incendiado no final da tarde desta [&hellip;]<\/p>\n","protected":false},"author":4,"featured_media":48263,"comment_status":"open","ping_status":"closed","sticky":false,"template":"","format":"standard","meta":{"_jetpack_newsletter_access":"","_jetpack_dont_email_post_to_subs":false,"_jetpack_newsletter_tier_id":0,"_jetpack_memberships_contains_paywalled_content":false,"_jetpack_feature_clip_id":0,"_jetpack_memberships_contains_paid_content":false,"footnotes":"","jetpack_post_was_ever_published":false},"categories":[26],"tags":[],"class_list":["post-48262","post","type-post","status-publish","format-standard","has-post-thumbnail","hentry","category-geral"],"aioseo_notices":[],"aioseo_head":"\n\t\t<!-- All in One SEO 5.0.1.1 - aioseo.com -->\n\t<meta name=\"robots\" content=\"max-image-preview:large\" \/>\n\t<meta name=\"author\" content=\"da Reda\u00e7\u00e3o\"\/>\n\t<link rel=\"canonical\" href=\"https:\/\/www.jornalja.com.br\/arquivo\/policia-tenta-decifrar-o-recado-dos-criminosos-que-incendiaram-onibus\/\" \/>\n\t<meta name=\"generator\" content=\"All in One SEO (AIOSEO) 5.0.1.1\" \/>\n\t\t<meta property=\"og:locale\" content=\"pt_BR\" \/>\n\t\t<meta property=\"og:site_name\" content=\"Arquivo | Jornal J\u00c1 | Porto Alegre\" \/>\n\t\t<meta property=\"og:type\" content=\"article\" \/>\n\t\t<meta property=\"og:title\" content=\"Pol\u00edcia tenta decifrar o recado dos criminosos que incendiaram \u00f4nibus | Arquivo\" \/>\n\t\t<meta property=\"og:url\" content=\"https:\/\/www.jornalja.com.br\/arquivo\/policia-tenta-decifrar-o-recado-dos-criminosos-que-incendiaram-onibus\/\" \/>\n\t\t<meta property=\"og:image\" content=\"https:\/\/www.jornalja.com.br\/wp-content\/uploads\/2017\/05\/onibus-queima-foto-douglas-rodrigues.jpg\" \/>\n\t\t<meta property=\"og:image:secure_url\" content=\"https:\/\/www.jornalja.com.br\/wp-content\/uploads\/2017\/05\/onibus-queima-foto-douglas-rodrigues.jpg\" \/>\n\t\t<meta property=\"article:published_time\" content=\"2017-05-10T22:45:23+00:00\" \/>\n\t\t<meta property=\"article:modified_time\" content=\"2017-05-10T22:45:23+00:00\" \/>\n\t\t<meta name=\"twitter:card\" content=\"summary\" \/>\n\t\t<meta name=\"twitter:title\" content=\"Pol\u00edcia tenta decifrar o recado dos criminosos que incendiaram \u00f4nibus | Arquivo\" \/>\n\t\t<meta name=\"twitter:image\" content=\"https:\/\/www.jornalja.com.br\/economics\/wp-content\/uploads\/sites\/11\/2026\/08\/ja-folhaderosto-facebook.jpg\" \/>\n\t\t<script type=\"application\/ld+json\" class=\"aioseo-schema\">\n\t\t\t{\"@context\":\"https:\\\/\\\/schema.org\",\"@graph\":[{\"@type\":\"BlogPosting\",\"@id\":\"https:\\\/\\\/www.jornalja.com.br\\\/arquivo\\\/policia-tenta-decifrar-o-recado-dos-criminosos-que-incendiaram-onibus\\\/#blogposting\",\"name\":\"Pol\\u00edcia tenta decifrar o recado dos criminosos que incendiaram \\u00f4nibus | Arquivo\",\"headline\":\"Pol\\u00edcia tenta decifrar o recado dos criminosos que incendiaram \\u00f4nibus\",\"author\":{\"@id\":\"https:\\\/\\\/www.jornalja.com.br\\\/arquivo\\\/author\\\/daredacao\\\/#author\"},\"publisher\":{\"@id\":\"https:\\\/\\\/www.jornalja.com.br\\\/arquivo\\\/#organization\"},\"image\":{\"@type\":\"ImageObject\",\"url\":48263},\"datePublished\":\"2017-05-10T19:45:23-03:00\",\"dateModified\":\"2017-05-10T19:45:23-03:00\",\"inLanguage\":\"pt-BR\",\"mainEntityOfPage\":{\"@id\":\"https:\\\/\\\/www.jornalja.com.br\\\/arquivo\\\/policia-tenta-decifrar-o-recado-dos-criminosos-que-incendiaram-onibus\\\/#webpage\"},\"isPartOf\":{\"@id\":\"https:\\\/\\\/www.jornalja.com.br\\\/arquivo\\\/policia-tenta-decifrar-o-recado-dos-criminosos-que-incendiaram-onibus\\\/#webpage\"},\"articleSection\":\"Geral\"},{\"@type\":\"BreadcrumbList\",\"@id\":\"https:\\\/\\\/www.jornalja.com.br\\\/arquivo\\\/policia-tenta-decifrar-o-recado-dos-criminosos-que-incendiaram-onibus\\\/#breadcrumblist\",\"itemListElement\":[{\"@type\":\"ListItem\",\"@id\":\"https:\\\/\\\/www.jornalja.com.br\\\/arquivo#listItem\",\"position\":1,\"name\":\"Home\",\"item\":\"https:\\\/\\\/www.jornalja.com.br\\\/arquivo\",\"nextItem\":{\"@type\":\"ListItem\",\"@id\":\"https:\\\/\\\/www.jornalja.com.br\\\/arquivo\\\/category\\\/geral\\\/#listItem\",\"name\":\"Geral\"}},{\"@type\":\"ListItem\",\"@id\":\"https:\\\/\\\/www.jornalja.com.br\\\/arquivo\\\/category\\\/geral\\\/#listItem\",\"position\":2,\"name\":\"Geral\",\"item\":\"https:\\\/\\\/www.jornalja.com.br\\\/arquivo\\\/category\\\/geral\\\/\",\"nextItem\":{\"@type\":\"ListItem\",\"@id\":\"https:\\\/\\\/www.jornalja.com.br\\\/arquivo\\\/policia-tenta-decifrar-o-recado-dos-criminosos-que-incendiaram-onibus\\\/#listItem\",\"name\":\"Pol\\u00edcia tenta decifrar o recado dos criminosos que incendiaram \\u00f4nibus\"},\"previousItem\":{\"@type\":\"ListItem\",\"@id\":\"https:\\\/\\\/www.jornalja.com.br\\\/arquivo#listItem\",\"name\":\"Home\"}},{\"@type\":\"ListItem\",\"@id\":\"https:\\\/\\\/www.jornalja.com.br\\\/arquivo\\\/policia-tenta-decifrar-o-recado-dos-criminosos-que-incendiaram-onibus\\\/#listItem\",\"position\":3,\"name\":\"Pol\\u00edcia tenta decifrar o recado dos criminosos que incendiaram \\u00f4nibus\",\"previousItem\":{\"@type\":\"ListItem\",\"@id\":\"https:\\\/\\\/www.jornalja.com.br\\\/arquivo\\\/category\\\/geral\\\/#listItem\",\"name\":\"Geral\"}}]},{\"@type\":\"Organization\",\"@id\":\"https:\\\/\\\/www.jornalja.com.br\\\/arquivo\\\/#organization\",\"name\":\"Jornal J\\u00c1\",\"description\":\"Jornal J\\u00c1 | Porto Alegre\",\"url\":\"https:\\\/\\\/www.jornalja.com.br\\\/arquivo\\\/\",\"telephone\":\"+555133307272\",\"logo\":{\"@type\":\"ImageObject\",\"url\":\"https:\\\/\\\/www.jornalja.com.br\\\/wp-content\\\/uploads\\\/cards\\\/JAslogan.png\",\"@id\":\"https:\\\/\\\/www.jornalja.com.br\\\/arquivo\\\/policia-tenta-decifrar-o-recado-dos-criminosos-que-incendiaram-onibus\\\/#organizationLogo\"},\"image\":{\"@id\":\"https:\\\/\\\/www.jornalja.com.br\\\/arquivo\\\/policia-tenta-decifrar-o-recado-dos-criminosos-que-incendiaram-onibus\\\/#organizationLogo\"}},{\"@type\":\"Person\",\"@id\":\"https:\\\/\\\/www.jornalja.com.br\\\/arquivo\\\/author\\\/daredacao\\\/#author\",\"url\":\"https:\\\/\\\/www.jornalja.com.br\\\/arquivo\\\/author\\\/daredacao\\\/\",\"name\":\"da Reda\\u00e7\\u00e3o\",\"image\":{\"@type\":\"ImageObject\",\"@id\":\"https:\\\/\\\/www.jornalja.com.br\\\/arquivo\\\/policia-tenta-decifrar-o-recado-dos-criminosos-que-incendiaram-onibus\\\/#authorImage\",\"url\":\"https:\\\/\\\/secure.gravatar.com\\\/avatar\\\/469fd857d6605ad19919d27ed29d35a968a25f6e8fd9318356bbb7f57aae9c65?s=96&d=mm&r=g\",\"width\":96,\"height\":96,\"caption\":\"da Reda\\u00e7\\u00e3o\"}},{\"@type\":\"WebPage\",\"@id\":\"https:\\\/\\\/www.jornalja.com.br\\\/arquivo\\\/policia-tenta-decifrar-o-recado-dos-criminosos-que-incendiaram-onibus\\\/#webpage\",\"url\":\"https:\\\/\\\/www.jornalja.com.br\\\/arquivo\\\/policia-tenta-decifrar-o-recado-dos-criminosos-que-incendiaram-onibus\\\/\",\"name\":\"Pol\\u00edcia tenta decifrar o recado dos criminosos que incendiaram \\u00f4nibus | Arquivo\",\"inLanguage\":\"pt-BR\",\"isPartOf\":{\"@id\":\"https:\\\/\\\/www.jornalja.com.br\\\/arquivo\\\/#website\"},\"breadcrumb\":{\"@id\":\"https:\\\/\\\/www.jornalja.com.br\\\/arquivo\\\/policia-tenta-decifrar-o-recado-dos-criminosos-que-incendiaram-onibus\\\/#breadcrumblist\"},\"author\":{\"@id\":\"https:\\\/\\\/www.jornalja.com.br\\\/arquivo\\\/author\\\/daredacao\\\/#author\"},\"creator\":{\"@id\":\"https:\\\/\\\/www.jornalja.com.br\\\/arquivo\\\/author\\\/daredacao\\\/#author\"},\"image\":{\"@type\":\"ImageObject\",\"url\":48263,\"@id\":\"https:\\\/\\\/www.jornalja.com.br\\\/arquivo\\\/policia-tenta-decifrar-o-recado-dos-criminosos-que-incendiaram-onibus\\\/#mainImage\"},\"primaryImageOfPage\":{\"@id\":\"https:\\\/\\\/www.jornalja.com.br\\\/arquivo\\\/policia-tenta-decifrar-o-recado-dos-criminosos-que-incendiaram-onibus\\\/#mainImage\"},\"datePublished\":\"2017-05-10T19:45:23-03:00\",\"dateModified\":\"2017-05-10T19:45:23-03:00\"},{\"@type\":\"WebSite\",\"@id\":\"https:\\\/\\\/www.jornalja.com.br\\\/arquivo\\\/#website\",\"url\":\"https:\\\/\\\/www.jornalja.com.br\\\/arquivo\\\/\",\"name\":\"Arquivo\",\"description\":\"Jornal J\\u00c1 | Porto Alegre\",\"inLanguage\":\"pt-BR\",\"publisher\":{\"@id\":\"https:\\\/\\\/www.jornalja.com.br\\\/arquivo\\\/#organization\"}}]}\n\t\t<\/script>\n\t\t<!-- All in One SEO -->\n\n","aioseo_head_json":{"title":"Pol\u00edcia tenta decifrar o recado dos criminosos que incendiaram \u00f4nibus | Arquivo","description":"","canonical_url":"https:\/\/www.jornalja.com.br\/arquivo\/policia-tenta-decifrar-o-recado-dos-criminosos-que-incendiaram-onibus\/","robots":"max-image-preview:large","keywords":"","webmasterTools":{"miscellaneous":""},"schema":{"@context":"https:\/\/schema.org","@graph":[{"@type":"BlogPosting","@id":"https:\/\/www.jornalja.com.br\/arquivo\/policia-tenta-decifrar-o-recado-dos-criminosos-que-incendiaram-onibus\/#blogposting","name":"Pol\u00edcia tenta decifrar o recado dos criminosos que incendiaram \u00f4nibus | Arquivo","headline":"Pol\u00edcia tenta decifrar o recado dos criminosos que incendiaram \u00f4nibus","author":{"@id":"https:\/\/www.jornalja.com.br\/arquivo\/author\/daredacao\/#author"},"publisher":{"@id":"https:\/\/www.jornalja.com.br\/arquivo\/#organization"},"image":{"@type":"ImageObject","url":48263},"datePublished":"2017-05-10T19:45:23-03:00","dateModified":"2017-05-10T19:45:23-03:00","inLanguage":"pt-BR","mainEntityOfPage":{"@id":"https:\/\/www.jornalja.com.br\/arquivo\/policia-tenta-decifrar-o-recado-dos-criminosos-que-incendiaram-onibus\/#webpage"},"isPartOf":{"@id":"https:\/\/www.jornalja.com.br\/arquivo\/policia-tenta-decifrar-o-recado-dos-criminosos-que-incendiaram-onibus\/#webpage"},"articleSection":"Geral"},{"@type":"BreadcrumbList","@id":"https:\/\/www.jornalja.com.br\/arquivo\/policia-tenta-decifrar-o-recado-dos-criminosos-que-incendiaram-onibus\/#breadcrumblist","itemListElement":[{"@type":"ListItem","@id":"https:\/\/www.jornalja.com.br\/arquivo#listItem","position":1,"name":"Home","item":"https:\/\/www.jornalja.com.br\/arquivo","nextItem":{"@type":"ListItem","@id":"https:\/\/www.jornalja.com.br\/arquivo\/category\/geral\/#listItem","name":"Geral"}},{"@type":"ListItem","@id":"https:\/\/www.jornalja.com.br\/arquivo\/category\/geral\/#listItem","position":2,"name":"Geral","item":"https:\/\/www.jornalja.com.br\/arquivo\/category\/geral\/","nextItem":{"@type":"ListItem","@id":"https:\/\/www.jornalja.com.br\/arquivo\/policia-tenta-decifrar-o-recado-dos-criminosos-que-incendiaram-onibus\/#listItem","name":"Pol\u00edcia tenta decifrar o recado dos criminosos que incendiaram \u00f4nibus"},"previousItem":{"@type":"ListItem","@id":"https:\/\/www.jornalja.com.br\/arquivo#listItem","name":"Home"}},{"@type":"ListItem","@id":"https:\/\/www.jornalja.com.br\/arquivo\/policia-tenta-decifrar-o-recado-dos-criminosos-que-incendiaram-onibus\/#listItem","position":3,"name":"Pol\u00edcia tenta decifrar o recado dos criminosos que incendiaram \u00f4nibus","previousItem":{"@type":"ListItem","@id":"https:\/\/www.jornalja.com.br\/arquivo\/category\/geral\/#listItem","name":"Geral"}}]},{"@type":"Organization","@id":"https:\/\/www.jornalja.com.br\/arquivo\/#organization","name":"Jornal J\u00c1","description":"Jornal J\u00c1 | Porto Alegre","url":"https:\/\/www.jornalja.com.br\/arquivo\/","telephone":"+555133307272","logo":{"@type":"ImageObject","url":"https:\/\/www.jornalja.com.br\/wp-content\/uploads\/cards\/JAslogan.png","@id":"https:\/\/www.jornalja.com.br\/arquivo\/policia-tenta-decifrar-o-recado-dos-criminosos-que-incendiaram-onibus\/#organizationLogo"},"image":{"@id":"https:\/\/www.jornalja.com.br\/arquivo\/policia-tenta-decifrar-o-recado-dos-criminosos-que-incendiaram-onibus\/#organizationLogo"}},{"@type":"Person","@id":"https:\/\/www.jornalja.com.br\/arquivo\/author\/daredacao\/#author","url":"https:\/\/www.jornalja.com.br\/arquivo\/author\/daredacao\/","name":"da Reda\u00e7\u00e3o","image":{"@type":"ImageObject","@id":"https:\/\/www.jornalja.com.br\/arquivo\/policia-tenta-decifrar-o-recado-dos-criminosos-que-incendiaram-onibus\/#authorImage","url":"https:\/\/secure.gravatar.com\/avatar\/469fd857d6605ad19919d27ed29d35a968a25f6e8fd9318356bbb7f57aae9c65?s=96&d=mm&r=g","width":96,"height":96,"caption":"da Reda\u00e7\u00e3o"}},{"@type":"WebPage","@id":"https:\/\/www.jornalja.com.br\/arquivo\/policia-tenta-decifrar-o-recado-dos-criminosos-que-incendiaram-onibus\/#webpage","url":"https:\/\/www.jornalja.com.br\/arquivo\/policia-tenta-decifrar-o-recado-dos-criminosos-que-incendiaram-onibus\/","name":"Pol\u00edcia tenta decifrar o recado dos criminosos que incendiaram \u00f4nibus | Arquivo","inLanguage":"pt-BR","isPartOf":{"@id":"https:\/\/www.jornalja.com.br\/arquivo\/#website"},"breadcrumb":{"@id":"https:\/\/www.jornalja.com.br\/arquivo\/policia-tenta-decifrar-o-recado-dos-criminosos-que-incendiaram-onibus\/#breadcrumblist"},"author":{"@id":"https:\/\/www.jornalja.com.br\/arquivo\/author\/daredacao\/#author"},"creator":{"@id":"https:\/\/www.jornalja.com.br\/arquivo\/author\/daredacao\/#author"},"image":{"@type":"ImageObject","url":48263,"@id":"https:\/\/www.jornalja.com.br\/arquivo\/policia-tenta-decifrar-o-recado-dos-criminosos-que-incendiaram-onibus\/#mainImage"},"primaryImageOfPage":{"@id":"https:\/\/www.jornalja.com.br\/arquivo\/policia-tenta-decifrar-o-recado-dos-criminosos-que-incendiaram-onibus\/#mainImage"},"datePublished":"2017-05-10T19:45:23-03:00","dateModified":"2017-05-10T19:45:23-03:00"},{"@type":"WebSite","@id":"https:\/\/www.jornalja.com.br\/arquivo\/#website","url":"https:\/\/www.jornalja.com.br\/arquivo\/","name":"Arquivo","description":"Jornal J\u00c1 | Porto Alegre","inLanguage":"pt-BR","publisher":{"@id":"https:\/\/www.jornalja.com.br\/arquivo\/#organization"}}]},"og:locale":"pt_BR","og:site_name":"Arquivo | Jornal J\u00c1 | Porto Alegre","og:type":"article","og:title":"Pol\u00edcia tenta decifrar o recado dos criminosos que incendiaram \u00f4nibus | Arquivo","og:url":"https:\/\/www.jornalja.com.br\/arquivo\/policia-tenta-decifrar-o-recado-dos-criminosos-que-incendiaram-onibus\/","og:image":"https:\/\/www.jornalja.com.br\/wp-content\/uploads\/2017\/05\/onibus-queima-foto-douglas-rodrigues.jpg","og:image:secure_url":"https:\/\/www.jornalja.com.br\/wp-content\/uploads\/2017\/05\/onibus-queima-foto-douglas-rodrigues.jpg","article:published_time":"2017-05-10T22:45:23+00:00","article:modified_time":"2017-05-10T22:45:23+00:00","twitter:card":"summary","twitter:title":"Pol\u00edcia tenta decifrar o recado dos criminosos que incendiaram \u00f4nibus | Arquivo","twitter:image":"https:\/\/www.jornalja.com.br\/economics\/wp-content\/uploads\/sites\/11\/2026\/08\/ja-folhaderosto-facebook.jpg"},"aioseo_meta_data":{"post_id":"48262","title":null,"description":null,"keywords":null,"keyphrases":null,"primary_term":null,"canonical_url":null,"og_title":null,"og_description":null,"og_object_type":"default","og_image_type":"default","og_image_url":null,"og_image_width":null,"og_image_height":null,"og_image_custom_url":null,"og_image_custom_fields":null,"og_video":null,"og_custom_url":null,"og_article_section":null,"og_article_tags":null,"twitter_use_og":false,"twitter_card":"default","twitter_image_type":"default","twitter_image_url":null,"twitter_image_custom_url":null,"twitter_image_custom_fields":null,"twitter_title":null,"twitter_description":null,"schema":{"blockGraphs":[],"customGraphs":[],"default":{"data":{"Article":[],"Course":[],"Dataset":[],"FAQPage":[],"Movie":[],"Person":[],"Product":[],"ProductReview":[],"Car":[],"Recipe":[],"Service":[],"SoftwareApplication":[],"WebPage":[]},"graphName":"","isEnabled":true},"graphs":[],"defaultGraph":"","defaultPostTypeGraph":""},"schema_type":null,"schema_type_options":null,"pillar_content":false,"robots_default":true,"robots_noindex":false,"robots_noarchive":false,"robots_nosnippet":false,"robots_nofollow":false,"robots_noimageindex":false,"robots_noodp":false,"robots_notranslate":false,"robots_max_snippet":null,"robots_max_videopreview":null,"robots_max_imagepreview":"large","priority":null,"frequency":null,"location":null,"local_seo":null,"breadcrumb_settings":null,"limit_modified_date":false,"ai":null,"created":"2020-12-20 20:35:21","updated":"2025-07-19 21:26:32","seo_analyzer_scan_date":null,"focus_keyword":null,"additional_keywords":null,"truseo_locale":null},"jetpack_sharing_enabled":true,"jetpack-related-posts":[{"id":13240,"url":"https:\/\/www.jornalja.com.br\/arquivo\/plano-diretor-estamos-construindo-o-caos\/","url_meta":{"origin":48262,"position":0},"title":"Plano diretor: &quot;Estamos construindo o caos&quot;","author":"Patr\u00edcia Marini","date":"26 de maio de 2014","format":false,"excerpt":"Desabafo que arquiteta Eliana Castilhos, delegada da Regi\u00e3o de Planejamento 1, postou nas redes sociais \u00e9 um testemunho do ambiente que se criou no Conselho do Plano Diretor de Porto Alegre, onde a aprova\u00e7\u00e3o de grandes empreendimentos \u00e9 empurrada guela abaixo dos conselheiros. Ao CMDUA Como delegada da Regi\u00e3o de\u2026","rel":"","context":"Em &quot;Geral&quot;","block_context":{"text":"Geral","link":"https:\/\/www.jornalja.com.br\/arquivo\/category\/geral\/"},"img":{"alt_text":"","src":"","width":0,"height":0},"classes":[]},{"id":13101,"url":"https:\/\/www.jornalja.com.br\/arquivo\/morre-um-guerreiro-do-texto\/","url_meta":{"origin":48262,"position":1},"title":"Morre um guerreiro do texto","author":"Patr\u00edcia Marini","date":"14 de maio de 2014","format":false,"excerpt":"Por Ricardo Kotscho Reproduzido do blog do autor, 11\/5\/2014; t\u00edtulo original \u201cE l\u00e1 se foi o nosso Myltainho, guerreiro do texto\u201d. Mi\u00fado e franzino, meu amigo Myltainho era um valente e inconformado guerreiro na luta contra as injusti\u00e7as sociais, a hipocrisia, as maracutaias, o autoritarismo, a intoler\u00e2ncia, a viol\u00eancia, o\u2026","rel":"","context":"Em &quot;Geral&quot;","block_context":{"text":"Geral","link":"https:\/\/www.jornalja.com.br\/arquivo\/category\/geral\/"},"img":{"alt_text":"","src":"","width":0,"height":0},"classes":[]},{"id":5440,"url":"https:\/\/www.jornalja.com.br\/arquivo\/casarao-da-venancio-destino-permanece-incerto\/","url_meta":{"origin":48262,"position":2},"title":"Estado ainda n\u00e3o sabe o que fazer com casar\u00e3o abandonado h\u00e1 20 anos","author":"Elmar Bones","date":"6 de julho de 2009","format":false,"excerpt":"O casar\u00e3o amarelo, numa esquina nobre de Porto Alegre (Ven\u00e2ncio Aires com Jo\u00e3o Pessoa), j\u00e1 abrigou uma escola. H\u00e1 duas d\u00e9cadas, pelo menos, est\u00e1 abandonado, porque seu propriet\u00e1rio, o governo do Estado do Rio Grande do Sul, n\u00e3o consegue achar um destino para ele. Planos n\u00e3o faltaram. O governador Ol\u00edvio\u2026","rel":"","context":"Em &quot;X.Categorias velhas&quot;","block_context":{"text":"X.Categorias velhas","link":"https:\/\/www.jornalja.com.br\/arquivo\/category\/x-categorias-velhas\/"},"img":{"alt_text":"geraldo1","src":"https:\/\/i0.wp.com\/www.jornalja.com.br\/wp-content\/uploads\/2009\/07\/geraldo1.jpg?resize=350%2C200&ssl=1","width":350,"height":200},"classes":[]},{"id":1280,"url":"https:\/\/www.jornalja.com.br\/arquivo\/o-menino-que-se-tornou-brizola\/","url_meta":{"origin":48262,"position":3},"title":"O Menino que se Tornou Brizola","author":"da Reda\u00e7\u00e3o","date":"28 de julho de 2008","format":false,"excerpt":"Autor: Cleber Dioni A vida de Leonel Brizola, com \u00eanfase para os primeiros anos em Porto Alegre, at\u00e9 o ex\u00edlio no Uruguai e a volta, quinze anos depois. \u00a0\"...\u00c9ramos todos jovens e nos identific\u00e1vamos com aquela massa an\u00f4nima a percorrer as ruas de Porto Alegre, gritando 'Get\u00falio', 'Get\u00falio' e empunhando\u2026","rel":"","context":"Em &quot;Livros&quot;","block_context":{"text":"Livros","link":"https:\/\/www.jornalja.com.br\/arquivo\/category\/livros\/"},"img":{"alt_text":"","src":"https:\/\/i0.wp.com\/www.jornalja.com.br\/wp-content\/uploads\/2008\/07\/brizola.gif?resize=350%2C200&ssl=1","width":350,"height":200},"classes":[]},{"id":13109,"url":"https:\/\/www.jornalja.com.br\/arquivo\/judiciario-reconhece-poluicao-eletromagnetica\/","url_meta":{"origin":48262,"position":4},"title":"Judici\u00e1rio reconhece polui\u00e7\u00e3o eletromagn\u00e9tica","author":"Patr\u00edcia Marini","date":"16 de maio de 2014","format":false,"excerpt":"A\u00e7\u00e3o de duas associa\u00e7\u00f5es de moradores foi acolhida pelo Tribunal de Justi\u00e7a de S\u00e3o Paulo que. em decis\u00e3o in\u00e9dita, determinou a redu\u00e7\u00e3o do campo eletromagn\u00e9tico gerado pelas linhas de transmiss\u00e3o de energia que cortam os bairros City Boa\u00e7ava e Alto de Pinheiros. \u00c9 a primeira vez que um tribunal do\u2026","rel":"","context":"Em &quot;X.Categorias velhas&quot;","block_context":{"text":"X.Categorias velhas","link":"https:\/\/www.jornalja.com.br\/arquivo\/category\/x-categorias-velhas\/"},"img":{"alt_text":"","src":"","width":0,"height":0},"classes":[]},{"id":13124,"url":"https:\/\/www.jornalja.com.br\/arquivo\/sangue-latino-no-iecine\/","url_meta":{"origin":48262,"position":5},"title":"Sangue latino no IECINE","author":"da Reda\u00e7\u00e3o","date":"18 de maio de 2014","format":false,"excerpt":"Francisco Ribeiro O Instituto Estadual de Cinema (IECINE) tem a frente, desde abril \u00faltimo, um novo diretor, o cineasta colombiano Juan Zapata, 36, que substitui Luiz Alberto Cassol. Radicado h\u00e1 dez anos em Porto Alegre, Zapata tem diante de si o desafio de conduzir at\u00e9 o final do ano um\u2026","rel":"","context":"Em &quot;Cultura-Geral&quot;","block_context":{"text":"Cultura-Geral","link":"https:\/\/www.jornalja.com.br\/arquivo\/category\/materiasecundaria\/"},"img":{"alt_text":"","src":"","width":0,"height":0},"classes":[]}],"jetpack_shortlink":"https:\/\/wp.me\/pbQjBd-cyq","jetpack_featured_media_url":"","_links":{"self":[{"href":"https:\/\/www.jornalja.com.br\/arquivo\/wp-json\/wp\/v2\/posts\/48262","targetHints":{"allow":["GET"]}}],"collection":[{"href":"https:\/\/www.jornalja.com.br\/arquivo\/wp-json\/wp\/v2\/posts"}],"about":[{"href":"https:\/\/www.jornalja.com.br\/arquivo\/wp-json\/wp\/v2\/types\/post"}],"author":[{"embeddable":true,"href":"https:\/\/www.jornalja.com.br\/arquivo\/wp-json\/wp\/v2\/users\/4"}],"replies":[{"embeddable":true,"href":"https:\/\/www.jornalja.com.br\/arquivo\/wp-json\/wp\/v2\/comments?post=48262"}],"version-history":[{"count":0,"href":"https:\/\/www.jornalja.com.br\/arquivo\/wp-json\/wp\/v2\/posts\/48262\/revisions"}],"wp:attachment":[{"href":"https:\/\/www.jornalja.com.br\/arquivo\/wp-json\/wp\/v2\/media?parent=48262"}],"wp:term":[{"taxonomy":"category","embeddable":true,"href":"https:\/\/www.jornalja.com.br\/arquivo\/wp-json\/wp\/v2\/categories?post=48262"},{"taxonomy":"post_tag","embeddable":true,"href":"https:\/\/www.jornalja.com.br\/arquivo\/wp-json\/wp\/v2\/tags?post=48262"}],"curies":[{"name":"wp","href":"https:\/\/api.w.org\/{rel}","templated":true}]}}