{"id":48393,"date":"2017-05-12T23:44:59","date_gmt":"2017-05-13T02:44:59","guid":{"rendered":"https:\/\/www.jornalja.com.br\/?p=48393"},"modified":"2017-05-12T23:44:59","modified_gmt":"2017-05-13T02:44:59","slug":"boemia-x-sossego-rotinas-em-conflito-na-cidade-baixa","status":"publish","type":"post","link":"https:\/\/www.jornalja.com.br\/arquivo\/boemia-x-sossego-rotinas-em-conflito-na-cidade-baixa\/","title":{"rendered":"Boemia X Sossego: rotinas em conflito na Cidade Baixa"},"content":{"rendered":"<p><span class=\"assina\">Matheus Chaparini<\/span><br \/>\n\u00c9 sexta-feira na Cidade Baixa, o Guilherme chegou cedo para trabalhar, \u00e9 dia de movimento no bar. \u00c9 sexta-feira na Cidade Baixa, a Roberta chegou cansada da semana de trabalho, quer sossegar. \u00c9 sexta-feira na Cidade Baixa, a Iai\u00e1 trabalhou doze horas atendendo telefone, quer dar um rol\u00ea com a gurizada e tomar um drink.<br \/>\nA Cidade Baixa lida com o conflito constante de ser um bairro diurno e noturno, residencial\u00a0e bo\u00eamio. \u00c9 uma rela\u00e7\u00e3o hist\u00f3rica daquele peda\u00e7o de Porto Alegre. \u00a0De tempos em tempos, esta rela\u00e7\u00e3o beira o insustent\u00e1vel e gera transtornos para todas as partes.<br \/>\nDesde mar\u00e7o, a Prefeitura de Porto Alegre lan\u00e7ou mais uma edi\u00e7\u00e3o da Opera\u00e7\u00e3o Sossego, movida pelas reclama\u00e7\u00f5es constantes de moradores do bairro. Durante o m\u00eas de abril, a opera\u00e7\u00e3o fechou nove bares na Cidade Baixa, seis deles na rua Jo\u00e3o Alfredo.<br \/>\nO foco \u00e9 a Jo\u00e3o Alfredo, rua que vem atraindo mais gente e novos bares de dois ou tr\u00eas anos para c\u00e1.\u00a0 Tr\u00eas estabelecimentos eram os principais alvos das reclama\u00e7\u00f5es dos moradores: o mini mercado Vertente, a loja de conveni\u00eancias Tamandu\u00e1 e a Toca, uma janela atrav\u00e9s da qual se adquiria tr\u00eas lat\u00f5es ao incr\u00edvel pre\u00e7o de 10 reais. Em comum: a cerveja barata para ser consumida na cal\u00e7ada. Os tr\u00eas permaneciam fechados at\u00e9 o fechamento desta reportagem.<br \/>\nAs principais reclama\u00e7\u00f5es dos moradores s\u00e3o relativas ao barulho at\u00e9 tarde da madrugada, cheiro de urina nas cal\u00e7adas e \u00e0 dificuldade de circula\u00e7\u00e3o pela quantidade de gente.<br \/>\nA opera\u00e7\u00e3o n\u00e3o \u00e9 exatamente uma novidade. Em 2011, por exemplo, outra edi\u00e7\u00e3o da Sossego fechou 23 bares, devastando a noite da Cidade Baixa e \u201chigienizando\u201d a regi\u00e3o. Processos como este tamb\u00e9m n\u00e3o s\u00e3o de hoje. Na virada dos 80 pros 90, o Bom Fim passou por um processo semelhante.<br \/>\nOs diretor do Departamento de Ind\u00fastria e Com\u00e9rcio, Fernando Coronel, afirma que n\u00e3o \u00e9 inten\u00e7\u00e3o da atual gest\u00e3o municipal tirar a boemia dali e levar para outra regi\u00e3o. Ele conta que participou de reuni\u00f5es com moradores e comerciantes e que o objetivo \u00e9 harmonizar.<br \/>\n\u201cSabemos que tem um polo empreendedor, tem gente trabalhando, gerando emprego e tem a parte das pessoas que querem sossego. Com conversa e planejamento \u00e9 poss\u00edvel conviver em harmonia\u201d, afirmou.<br \/>\n<span class=\"intertit\">Regulariza\u00e7\u00e3o \u00e9 quase imposs\u00edvel<\/span><br \/>\n<figure id=\"attachment_48309\" aria-describedby=\"caption-attachment-48309\" style=\"width: 300px\" class=\"wp-caption alignleft\"><img loading=\"lazy\" decoding=\"async\" class=\"size-medium wp-image-48309\" src=\"https:\/\/www.jornalja.com.br\/wp-content\/uploads\/2017\/05\/Mat\u00e9ria-Cidade-baixa.-foto-Matheus-Chaparini-Guilherme-512-300x169.jpg\" alt=\"\" width=\"300\" height=\"169\" \/><figcaption id=\"caption-attachment-48309\" class=\"wp-caption-text\">Guilherme Carlin, do Espa\u00e7o Cultural 512: &#8220;\u00c9 imposs\u00edvel abrir uma casa noturna sem estar irregular.&#8221;<\/figcaption><\/figure><br \/>\nO espa\u00e7o cultural 512 foi uma das casas que recebeu a visita da fiscaliza\u00e7\u00e3o. No dia 25 de mar\u00e7o, o estabelecimento foi notificado por funcionar em desacordo com o alvar\u00e1. O 512 possui alvar\u00e1 de bar e restaurante, como a maioria das casas noturnas do bairro.<br \/>\nNo dia 4 de abril, a casa foi interditada. Por\u00e9m, o auto de infra\u00e7\u00e3o possu\u00eda uma informa\u00e7\u00e3o incorreta, o que acabou embasando a defesa do comerciante. O auto foi feito \u00e0 1h57. De fato, \u00e0quela hora o 512 n\u00e3o poderia estar tocando m\u00fasica. Por\u00e9m, o decreto 17902 de agosto de 2012 permite que os bares da Cidade Baixa funcionem at\u00e9 as 2h \u00e0s sextas, s\u00e1bados e v\u00e9speras de feriado e at\u00e9 a 1h nos demais dias. Para Guilherme, o desafio agora \u00e9 criar no p\u00fablico o h\u00e1bito de chegar mais cedo.<br \/>\nA principal reclama\u00e7\u00e3o de Guilherme e do v\u00e1rios outros comerciantes \u00e9 a morosidade para se regularizar. Desde 2015, ele espera por uma visita do Corpo de Bombeiros para dar andamento ao PPCI (Plano de Preven\u00e7\u00e3o e prote\u00e7\u00e3o contra Inc\u00eandio) e, consequentemente, ao alvar\u00e1 de casa noturna. \u201c\u00c9 imposs\u00edvel abrir uma casa noturna sem estar irregular. A fila \u00e9 de mais de dois anos, enquanto isso o aluguel est\u00e1 correndo\u201d, explica, justificando a op\u00e7\u00e3o dos comerciantes por uma solu\u00e7\u00e3o provis\u00f3ria de funcionamento.<br \/>\n<span class=\"intertit\">Bairro misto, mas n\u00e3o lixeira<\/span><br \/>\n<figure id=\"attachment_48310\" aria-describedby=\"caption-attachment-48310\" style=\"width: 300px\" class=\"wp-caption alignleft\"><img loading=\"lazy\" decoding=\"async\" class=\"size-medium wp-image-48310\" src=\"https:\/\/www.jornalja.com.br\/wp-content\/uploads\/2017\/05\/Mat\u00e9ria-Cidade-baixa.-foto-Matheus-Chaparini-Roberta-Rosito-300x169.jpg\" alt=\"\" width=\"300\" height=\"169\" \/><figcaption id=\"caption-attachment-48310\" class=\"wp-caption-text\">Roberta Rosito Correa, da Associa\u00e7\u00e3o dos Amigos da Cidade Baixa: o problema \u00e9 a boemia de cal\u00e7ada.<\/figcaption><\/figure><br \/>\nRoberta Rosito Correa mora h\u00e1 doze anos na frente do bar Opini\u00e3o, na rua Jos\u00e9 do Patroc\u00ednio. Ela diz que seu problema maior n\u00e3o \u00e9 com a casa, que recebe grande espet\u00e1culo \u00e0 noite, mas com a boemia de cal\u00e7ada. \u201cEu gosto de morar aqui. Eu s\u00f3 me irrito com o xixi e o v\u00f4mito todos os dias na minha porta\u201d, afirma.<br \/>\nRoberta representa a Associa\u00e7\u00e3o dos Amigos das Cidade Baixa, um dos pelo menos quatro grupos que representam os moradores do bairro. Ela defende o di\u00e1logo entre moradores e propriet\u00e1rios de bar. \u201c70% s\u00e3o moradores do bairro. \u00c9 poss\u00edvel buscar um entendimento\u201d<br \/>\nPara Roberta, o p\u00fablico da rua promove uma degrada\u00e7\u00e3o do bairro. A noite acaba e fica o lixo, a picha\u00e7\u00e3o, o cheiro de mijo. \u201cA gente sabe que mora num bairro misto, s\u00f3 n\u00e3o queremos que ele seja a lixeira da cidade. Se as pessoas ficassem dentro dos bares e os bares tivessem isolamento ac\u00fastico e respeitassem os hor\u00e1rios, daria para conviver em harmonia.\u201d<br \/>\nRoberta reconhece que \u00e9 uma situa\u00e7\u00e3o complexa, pois n\u00e3o h\u00e1 como impedir que as pessoas fiquem na via p\u00fablica, mas pondera: \u201cDroga rolando na cal\u00e7ada, bebida vendida para menores, carro com som alto, para tudo isso tem legisla\u00e7\u00e3o.\u201d<br \/>\n<span class=\"intertit\">A rua como \u00fanica op\u00e7\u00e3o de lazer noturno<\/span><br \/>\n<figure id=\"attachment_48308\" aria-describedby=\"caption-attachment-48308\" style=\"width: 300px\" class=\"wp-caption alignleft\"><img loading=\"lazy\" decoding=\"async\" class=\"size-medium wp-image-48308\" src=\"https:\/\/www.jornalja.com.br\/wp-content\/uploads\/2017\/05\/Mat\u00e9ria-Cidade-baixa.-Iai\u00e1-Moraes.-foto-Matheus-Chaparini-7-300x169.jpg\" alt=\"\" width=\"300\" height=\"169\" \/><figcaption id=\"caption-attachment-48308\" class=\"wp-caption-text\">Iai\u00e1 Moraes, frequentadora da Jo\u00e3o Alfredo: &#8220;Quando a pessoa escolhe morar na Cidade Baixa, sabe que tem barulho.&#8221;<\/figcaption><\/figure><br \/>\nPara muitos jovens, sobretudo os de menor poder aquisitivo, a op\u00e7\u00e3o dispon\u00edvel para o lazer noturno \u00e9 beber cerveja barata com os amigos na cal\u00e7ada. Ou, ao inv\u00e9s da bebida \u00e0 base de cevada e outro cereais n\u00e3o maltados, o tradicional kit: uma garrafa de vodka, outra de energ\u00e9tico, gelo a gosto.<br \/>\nIai\u00e1 Moraes \u00e9 uma destas jovens. Frequenta a Cidade Baixa h\u00e1 pelo menos quatro anos. Diz que prefere beber na cal\u00e7ada em fun\u00e7\u00e3o do pre\u00e7o das bebidas nas casas noturnas.<br \/>\nPara ela, a raz\u00e3o que faz da Jo\u00e3o Alfredo o ponto de concentra\u00e7\u00e3o \u00e9 a l\u00f3gica de que todo mundo quer ir aonde est\u00e1 o movimento, ou seja, quanto mais gente, mais gente. H\u00e1 alguns meses, Iai\u00e1 e seus amigos costumavam abrir os trabalhos no Jo\u00e3o Alfredo e depois migrar para a esquina do Opini\u00e3o. Depois de diversas reclama\u00e7\u00f5es de moradores e abordagens da pol\u00edcia, preferem ficar a noite toda na Jo\u00e3o. \u201cAqui j\u00e1 tem as filas das casas noturnas na cal\u00e7ada, ent\u00e3o mistura tudo.\u201d<br \/>\nA jovem reconhece o transtorno causado pela agita\u00e7\u00e3o noturna, mas considera que n\u00e3o \u00e9 novidade para os moradores. \u201cQuando a pessoa escolhe morar na Cidade Baixa, sabe que tem barulho. Eu moro na Santana por isso: sossego.\u201d<br \/>\n<span class=\"intertit\">Amanhece, cantam os can\u00e1rios<\/span><br \/>\n<figure id=\"attachment_48394\" aria-describedby=\"caption-attachment-48394\" style=\"width: 300px\" class=\"wp-caption alignleft\"><img loading=\"lazy\" decoding=\"async\" class=\"size-medium wp-image-48394\" src=\"https:\/\/www.jornalja.com.br\/wp-content\/uploads\/2017\/05\/IMG_20170502_101618689-1-300x169.jpg\" alt=\"\" width=\"300\" height=\"169\" \/><figcaption id=\"caption-attachment-48394\" class=\"wp-caption-text\">Luis Felippe, morador e comerciante: &#8220;\u00c9 uma mocidade muito mal educada.&#8221;<\/figcaption><\/figure><br \/>\nAmanhece na Jo\u00e3o Alfredo e o que se ouve \u00e9 o ru\u00eddo dos carros e o canto de oito can\u00e1rios belgas da Ferragem Felippe.\u00a0 Seu Felippe \u00e9 das antigas. Conhece a Cidade Baixa desde que conhece o mundo. Nasceu na regi\u00e3o da Ilhota, onde hoje fica o Gin\u00e1sio Tesourinha, no final da d\u00e9cada de 1920.<br \/>\nH\u00e1 49 anos mant\u00e9m a ferragem na antiga Rua da Margem. A lembran\u00e7a que traz daquele tempo \u00e9 de uma regi\u00e3o residencial, de classe m\u00e9dia baixa, quase sem pr\u00e9dios, s\u00f3 casas, uma farm\u00e1cia, uma lojinha e um armaz\u00e9m. E o bonde Menino Deus, que passava por ali.<br \/>\nFelippe estima que a atividade noturna tenha intensificado na Jo\u00e3o Alfredo nos \u00faltimos dez anos. Abre a ferragem \u00e0s 7h15, fecha \u00e0s 18h. Da noite, v\u00ea apenas os resqu\u00edcios. \u201cMe mijam na porta todos os dias. \u00c9 uma mocidade muito mal educada\u201d, critica.<\/p>\n","protected":false},"excerpt":{"rendered":"<p>Matheus Chaparini \u00c9 sexta-feira na Cidade Baixa, o Guilherme chegou cedo para trabalhar, \u00e9 dia de movimento no bar. \u00c9 sexta-feira na Cidade Baixa, a Roberta chegou cansada da semana de trabalho, quer sossegar. \u00c9 sexta-feira na Cidade Baixa, a Iai\u00e1 trabalhou doze horas atendendo telefone, quer dar um rol\u00ea com a gurizada e tomar [&hellip;]<\/p>\n","protected":false},"author":4,"featured_media":48397,"comment_status":"open","ping_status":"closed","sticky":false,"template":"","format":"standard","meta":{"_jetpack_newsletter_access":"","_jetpack_dont_email_post_to_subs":false,"_jetpack_newsletter_tier_id":0,"_jetpack_memberships_contains_paywalled_content":false,"_jetpack_feature_clip_id":0,"_jetpack_memberships_contains_paid_content":false,"footnotes":"","jetpack_post_was_ever_published":false},"categories":[26],"tags":[],"class_list":["post-48393","post","type-post","status-publish","format-standard","has-post-thumbnail","hentry","category-geral"],"aioseo_notices":[],"aioseo_head":"\n\t\t<!-- All in One SEO 5.0.1.1 - aioseo.com -->\n\t<meta name=\"robots\" content=\"max-image-preview:large\" \/>\n\t<meta name=\"author\" content=\"da Reda\u00e7\u00e3o\"\/>\n\t<link rel=\"canonical\" href=\"https:\/\/www.jornalja.com.br\/arquivo\/boemia-x-sossego-rotinas-em-conflito-na-cidade-baixa\/\" \/>\n\t<meta name=\"generator\" content=\"All in One SEO (AIOSEO) 5.0.1.1\" \/>\n\t\t<meta property=\"og:locale\" content=\"pt_BR\" \/>\n\t\t<meta property=\"og:site_name\" content=\"Arquivo | Jornal J\u00c1 | Porto Alegre\" \/>\n\t\t<meta property=\"og:type\" content=\"article\" \/>\n\t\t<meta property=\"og:title\" content=\"Boemia X Sossego: rotinas em conflito na Cidade Baixa | Arquivo\" \/>\n\t\t<meta property=\"og:url\" content=\"https:\/\/www.jornalja.com.br\/arquivo\/boemia-x-sossego-rotinas-em-conflito-na-cidade-baixa\/\" \/>\n\t\t<meta property=\"og:image\" content=\"https:\/\/www.jornalja.com.br\/wp-content\/uploads\/2017\/05\/Mat\u00e9ria-Cidade-baixa.-foto-Matheus-Chaparini-Guilherme-512-300x169.jpg\" \/>\n\t\t<meta property=\"og:image:secure_url\" content=\"https:\/\/www.jornalja.com.br\/wp-content\/uploads\/2017\/05\/Mat\u00e9ria-Cidade-baixa.-foto-Matheus-Chaparini-Guilherme-512-300x169.jpg\" \/>\n\t\t<meta property=\"article:published_time\" content=\"2017-05-13T02:44:59+00:00\" \/>\n\t\t<meta property=\"article:modified_time\" content=\"2017-05-13T02:44:59+00:00\" \/>\n\t\t<meta name=\"twitter:card\" content=\"summary\" \/>\n\t\t<meta name=\"twitter:title\" content=\"Boemia X Sossego: rotinas em conflito na Cidade Baixa | Arquivo\" \/>\n\t\t<meta name=\"twitter:image\" content=\"https:\/\/www.jornalja.com.br\/economics\/wp-content\/uploads\/sites\/11\/2026\/08\/ja-folhaderosto-facebook.jpg\" \/>\n\t\t<script type=\"application\/ld+json\" class=\"aioseo-schema\">\n\t\t\t{\"@context\":\"https:\\\/\\\/schema.org\",\"@graph\":[{\"@type\":\"BlogPosting\",\"@id\":\"https:\\\/\\\/www.jornalja.com.br\\\/arquivo\\\/boemia-x-sossego-rotinas-em-conflito-na-cidade-baixa\\\/#blogposting\",\"name\":\"Boemia X Sossego: rotinas em conflito na Cidade Baixa | Arquivo\",\"headline\":\"Boemia X Sossego: rotinas em conflito na Cidade Baixa\",\"author\":{\"@id\":\"https:\\\/\\\/www.jornalja.com.br\\\/arquivo\\\/author\\\/daredacao\\\/#author\"},\"publisher\":{\"@id\":\"https:\\\/\\\/www.jornalja.com.br\\\/arquivo\\\/#organization\"},\"image\":{\"@type\":\"ImageObject\",\"url\":48397},\"datePublished\":\"2017-05-12T23:44:59-03:00\",\"dateModified\":\"2017-05-12T23:44:59-03:00\",\"inLanguage\":\"pt-BR\",\"mainEntityOfPage\":{\"@id\":\"https:\\\/\\\/www.jornalja.com.br\\\/arquivo\\\/boemia-x-sossego-rotinas-em-conflito-na-cidade-baixa\\\/#webpage\"},\"isPartOf\":{\"@id\":\"https:\\\/\\\/www.jornalja.com.br\\\/arquivo\\\/boemia-x-sossego-rotinas-em-conflito-na-cidade-baixa\\\/#webpage\"},\"articleSection\":\"Geral\"},{\"@type\":\"BreadcrumbList\",\"@id\":\"https:\\\/\\\/www.jornalja.com.br\\\/arquivo\\\/boemia-x-sossego-rotinas-em-conflito-na-cidade-baixa\\\/#breadcrumblist\",\"itemListElement\":[{\"@type\":\"ListItem\",\"@id\":\"https:\\\/\\\/www.jornalja.com.br\\\/arquivo#listItem\",\"position\":1,\"name\":\"Home\",\"item\":\"https:\\\/\\\/www.jornalja.com.br\\\/arquivo\",\"nextItem\":{\"@type\":\"ListItem\",\"@id\":\"https:\\\/\\\/www.jornalja.com.br\\\/arquivo\\\/category\\\/geral\\\/#listItem\",\"name\":\"Geral\"}},{\"@type\":\"ListItem\",\"@id\":\"https:\\\/\\\/www.jornalja.com.br\\\/arquivo\\\/category\\\/geral\\\/#listItem\",\"position\":2,\"name\":\"Geral\",\"item\":\"https:\\\/\\\/www.jornalja.com.br\\\/arquivo\\\/category\\\/geral\\\/\",\"nextItem\":{\"@type\":\"ListItem\",\"@id\":\"https:\\\/\\\/www.jornalja.com.br\\\/arquivo\\\/boemia-x-sossego-rotinas-em-conflito-na-cidade-baixa\\\/#listItem\",\"name\":\"Boemia X Sossego: rotinas em conflito na Cidade Baixa\"},\"previousItem\":{\"@type\":\"ListItem\",\"@id\":\"https:\\\/\\\/www.jornalja.com.br\\\/arquivo#listItem\",\"name\":\"Home\"}},{\"@type\":\"ListItem\",\"@id\":\"https:\\\/\\\/www.jornalja.com.br\\\/arquivo\\\/boemia-x-sossego-rotinas-em-conflito-na-cidade-baixa\\\/#listItem\",\"position\":3,\"name\":\"Boemia X Sossego: rotinas em conflito na Cidade Baixa\",\"previousItem\":{\"@type\":\"ListItem\",\"@id\":\"https:\\\/\\\/www.jornalja.com.br\\\/arquivo\\\/category\\\/geral\\\/#listItem\",\"name\":\"Geral\"}}]},{\"@type\":\"Organization\",\"@id\":\"https:\\\/\\\/www.jornalja.com.br\\\/arquivo\\\/#organization\",\"name\":\"Jornal J\\u00c1\",\"description\":\"Jornal J\\u00c1 | Porto Alegre\",\"url\":\"https:\\\/\\\/www.jornalja.com.br\\\/arquivo\\\/\",\"telephone\":\"+555133307272\",\"logo\":{\"@type\":\"ImageObject\",\"url\":\"https:\\\/\\\/www.jornalja.com.br\\\/wp-content\\\/uploads\\\/cards\\\/JAslogan.png\",\"@id\":\"https:\\\/\\\/www.jornalja.com.br\\\/arquivo\\\/boemia-x-sossego-rotinas-em-conflito-na-cidade-baixa\\\/#organizationLogo\"},\"image\":{\"@id\":\"https:\\\/\\\/www.jornalja.com.br\\\/arquivo\\\/boemia-x-sossego-rotinas-em-conflito-na-cidade-baixa\\\/#organizationLogo\"}},{\"@type\":\"Person\",\"@id\":\"https:\\\/\\\/www.jornalja.com.br\\\/arquivo\\\/author\\\/daredacao\\\/#author\",\"url\":\"https:\\\/\\\/www.jornalja.com.br\\\/arquivo\\\/author\\\/daredacao\\\/\",\"name\":\"da Reda\\u00e7\\u00e3o\",\"image\":{\"@type\":\"ImageObject\",\"@id\":\"https:\\\/\\\/www.jornalja.com.br\\\/arquivo\\\/boemia-x-sossego-rotinas-em-conflito-na-cidade-baixa\\\/#authorImage\",\"url\":\"https:\\\/\\\/secure.gravatar.com\\\/avatar\\\/469fd857d6605ad19919d27ed29d35a968a25f6e8fd9318356bbb7f57aae9c65?s=96&d=mm&r=g\",\"width\":96,\"height\":96,\"caption\":\"da Reda\\u00e7\\u00e3o\"}},{\"@type\":\"WebPage\",\"@id\":\"https:\\\/\\\/www.jornalja.com.br\\\/arquivo\\\/boemia-x-sossego-rotinas-em-conflito-na-cidade-baixa\\\/#webpage\",\"url\":\"https:\\\/\\\/www.jornalja.com.br\\\/arquivo\\\/boemia-x-sossego-rotinas-em-conflito-na-cidade-baixa\\\/\",\"name\":\"Boemia X Sossego: rotinas em conflito na Cidade Baixa | Arquivo\",\"inLanguage\":\"pt-BR\",\"isPartOf\":{\"@id\":\"https:\\\/\\\/www.jornalja.com.br\\\/arquivo\\\/#website\"},\"breadcrumb\":{\"@id\":\"https:\\\/\\\/www.jornalja.com.br\\\/arquivo\\\/boemia-x-sossego-rotinas-em-conflito-na-cidade-baixa\\\/#breadcrumblist\"},\"author\":{\"@id\":\"https:\\\/\\\/www.jornalja.com.br\\\/arquivo\\\/author\\\/daredacao\\\/#author\"},\"creator\":{\"@id\":\"https:\\\/\\\/www.jornalja.com.br\\\/arquivo\\\/author\\\/daredacao\\\/#author\"},\"image\":{\"@type\":\"ImageObject\",\"url\":48397,\"@id\":\"https:\\\/\\\/www.jornalja.com.br\\\/arquivo\\\/boemia-x-sossego-rotinas-em-conflito-na-cidade-baixa\\\/#mainImage\"},\"primaryImageOfPage\":{\"@id\":\"https:\\\/\\\/www.jornalja.com.br\\\/arquivo\\\/boemia-x-sossego-rotinas-em-conflito-na-cidade-baixa\\\/#mainImage\"},\"datePublished\":\"2017-05-12T23:44:59-03:00\",\"dateModified\":\"2017-05-12T23:44:59-03:00\"},{\"@type\":\"WebSite\",\"@id\":\"https:\\\/\\\/www.jornalja.com.br\\\/arquivo\\\/#website\",\"url\":\"https:\\\/\\\/www.jornalja.com.br\\\/arquivo\\\/\",\"name\":\"Arquivo\",\"description\":\"Jornal J\\u00c1 | Porto Alegre\",\"inLanguage\":\"pt-BR\",\"publisher\":{\"@id\":\"https:\\\/\\\/www.jornalja.com.br\\\/arquivo\\\/#organization\"}}]}\n\t\t<\/script>\n\t\t<!-- All in One SEO -->\n\n","aioseo_head_json":{"title":"Boemia X Sossego: rotinas em conflito na Cidade Baixa | Arquivo","description":"","canonical_url":"https:\/\/www.jornalja.com.br\/arquivo\/boemia-x-sossego-rotinas-em-conflito-na-cidade-baixa\/","robots":"max-image-preview:large","keywords":"","webmasterTools":{"miscellaneous":""},"schema":{"@context":"https:\/\/schema.org","@graph":[{"@type":"BlogPosting","@id":"https:\/\/www.jornalja.com.br\/arquivo\/boemia-x-sossego-rotinas-em-conflito-na-cidade-baixa\/#blogposting","name":"Boemia X Sossego: rotinas em conflito na Cidade Baixa | Arquivo","headline":"Boemia X Sossego: rotinas em conflito na Cidade Baixa","author":{"@id":"https:\/\/www.jornalja.com.br\/arquivo\/author\/daredacao\/#author"},"publisher":{"@id":"https:\/\/www.jornalja.com.br\/arquivo\/#organization"},"image":{"@type":"ImageObject","url":48397},"datePublished":"2017-05-12T23:44:59-03:00","dateModified":"2017-05-12T23:44:59-03:00","inLanguage":"pt-BR","mainEntityOfPage":{"@id":"https:\/\/www.jornalja.com.br\/arquivo\/boemia-x-sossego-rotinas-em-conflito-na-cidade-baixa\/#webpage"},"isPartOf":{"@id":"https:\/\/www.jornalja.com.br\/arquivo\/boemia-x-sossego-rotinas-em-conflito-na-cidade-baixa\/#webpage"},"articleSection":"Geral"},{"@type":"BreadcrumbList","@id":"https:\/\/www.jornalja.com.br\/arquivo\/boemia-x-sossego-rotinas-em-conflito-na-cidade-baixa\/#breadcrumblist","itemListElement":[{"@type":"ListItem","@id":"https:\/\/www.jornalja.com.br\/arquivo#listItem","position":1,"name":"Home","item":"https:\/\/www.jornalja.com.br\/arquivo","nextItem":{"@type":"ListItem","@id":"https:\/\/www.jornalja.com.br\/arquivo\/category\/geral\/#listItem","name":"Geral"}},{"@type":"ListItem","@id":"https:\/\/www.jornalja.com.br\/arquivo\/category\/geral\/#listItem","position":2,"name":"Geral","item":"https:\/\/www.jornalja.com.br\/arquivo\/category\/geral\/","nextItem":{"@type":"ListItem","@id":"https:\/\/www.jornalja.com.br\/arquivo\/boemia-x-sossego-rotinas-em-conflito-na-cidade-baixa\/#listItem","name":"Boemia X Sossego: rotinas em conflito na Cidade Baixa"},"previousItem":{"@type":"ListItem","@id":"https:\/\/www.jornalja.com.br\/arquivo#listItem","name":"Home"}},{"@type":"ListItem","@id":"https:\/\/www.jornalja.com.br\/arquivo\/boemia-x-sossego-rotinas-em-conflito-na-cidade-baixa\/#listItem","position":3,"name":"Boemia X Sossego: rotinas em conflito na Cidade Baixa","previousItem":{"@type":"ListItem","@id":"https:\/\/www.jornalja.com.br\/arquivo\/category\/geral\/#listItem","name":"Geral"}}]},{"@type":"Organization","@id":"https:\/\/www.jornalja.com.br\/arquivo\/#organization","name":"Jornal J\u00c1","description":"Jornal J\u00c1 | Porto Alegre","url":"https:\/\/www.jornalja.com.br\/arquivo\/","telephone":"+555133307272","logo":{"@type":"ImageObject","url":"https:\/\/www.jornalja.com.br\/wp-content\/uploads\/cards\/JAslogan.png","@id":"https:\/\/www.jornalja.com.br\/arquivo\/boemia-x-sossego-rotinas-em-conflito-na-cidade-baixa\/#organizationLogo"},"image":{"@id":"https:\/\/www.jornalja.com.br\/arquivo\/boemia-x-sossego-rotinas-em-conflito-na-cidade-baixa\/#organizationLogo"}},{"@type":"Person","@id":"https:\/\/www.jornalja.com.br\/arquivo\/author\/daredacao\/#author","url":"https:\/\/www.jornalja.com.br\/arquivo\/author\/daredacao\/","name":"da Reda\u00e7\u00e3o","image":{"@type":"ImageObject","@id":"https:\/\/www.jornalja.com.br\/arquivo\/boemia-x-sossego-rotinas-em-conflito-na-cidade-baixa\/#authorImage","url":"https:\/\/secure.gravatar.com\/avatar\/469fd857d6605ad19919d27ed29d35a968a25f6e8fd9318356bbb7f57aae9c65?s=96&d=mm&r=g","width":96,"height":96,"caption":"da Reda\u00e7\u00e3o"}},{"@type":"WebPage","@id":"https:\/\/www.jornalja.com.br\/arquivo\/boemia-x-sossego-rotinas-em-conflito-na-cidade-baixa\/#webpage","url":"https:\/\/www.jornalja.com.br\/arquivo\/boemia-x-sossego-rotinas-em-conflito-na-cidade-baixa\/","name":"Boemia X Sossego: rotinas em conflito na Cidade Baixa | Arquivo","inLanguage":"pt-BR","isPartOf":{"@id":"https:\/\/www.jornalja.com.br\/arquivo\/#website"},"breadcrumb":{"@id":"https:\/\/www.jornalja.com.br\/arquivo\/boemia-x-sossego-rotinas-em-conflito-na-cidade-baixa\/#breadcrumblist"},"author":{"@id":"https:\/\/www.jornalja.com.br\/arquivo\/author\/daredacao\/#author"},"creator":{"@id":"https:\/\/www.jornalja.com.br\/arquivo\/author\/daredacao\/#author"},"image":{"@type":"ImageObject","url":48397,"@id":"https:\/\/www.jornalja.com.br\/arquivo\/boemia-x-sossego-rotinas-em-conflito-na-cidade-baixa\/#mainImage"},"primaryImageOfPage":{"@id":"https:\/\/www.jornalja.com.br\/arquivo\/boemia-x-sossego-rotinas-em-conflito-na-cidade-baixa\/#mainImage"},"datePublished":"2017-05-12T23:44:59-03:00","dateModified":"2017-05-12T23:44:59-03:00"},{"@type":"WebSite","@id":"https:\/\/www.jornalja.com.br\/arquivo\/#website","url":"https:\/\/www.jornalja.com.br\/arquivo\/","name":"Arquivo","description":"Jornal J\u00c1 | Porto Alegre","inLanguage":"pt-BR","publisher":{"@id":"https:\/\/www.jornalja.com.br\/arquivo\/#organization"}}]},"og:locale":"pt_BR","og:site_name":"Arquivo | Jornal J\u00c1 | Porto Alegre","og:type":"article","og:title":"Boemia X Sossego: rotinas em conflito na Cidade Baixa | Arquivo","og:url":"https:\/\/www.jornalja.com.br\/arquivo\/boemia-x-sossego-rotinas-em-conflito-na-cidade-baixa\/","og:image":"https:\/\/www.jornalja.com.br\/wp-content\/uploads\/2017\/05\/Mat\u00e9ria-Cidade-baixa.-foto-Matheus-Chaparini-Guilherme-512-300x169.jpg","og:image:secure_url":"https:\/\/www.jornalja.com.br\/wp-content\/uploads\/2017\/05\/Mat\u00e9ria-Cidade-baixa.-foto-Matheus-Chaparini-Guilherme-512-300x169.jpg","article:published_time":"2017-05-13T02:44:59+00:00","article:modified_time":"2017-05-13T02:44:59+00:00","twitter:card":"summary","twitter:title":"Boemia X Sossego: rotinas em conflito na Cidade Baixa | Arquivo","twitter:image":"https:\/\/www.jornalja.com.br\/economics\/wp-content\/uploads\/sites\/11\/2026\/08\/ja-folhaderosto-facebook.jpg"},"aioseo_meta_data":{"post_id":"48393","title":null,"description":null,"keywords":null,"keyphrases":null,"primary_term":null,"canonical_url":null,"og_title":null,"og_description":null,"og_object_type":"default","og_image_type":"default","og_image_url":null,"og_image_width":null,"og_image_height":null,"og_image_custom_url":null,"og_image_custom_fields":null,"og_video":null,"og_custom_url":null,"og_article_section":null,"og_article_tags":null,"twitter_use_og":false,"twitter_card":"default","twitter_image_type":"default","twitter_image_url":null,"twitter_image_custom_url":null,"twitter_image_custom_fields":null,"twitter_title":null,"twitter_description":null,"schema":{"blockGraphs":[],"customGraphs":[],"default":{"data":{"Article":[],"Course":[],"Dataset":[],"FAQPage":[],"Movie":[],"Person":[],"Product":[],"ProductReview":[],"Car":[],"Recipe":[],"Service":[],"SoftwareApplication":[],"WebPage":[]},"graphName":"","isEnabled":true},"graphs":[]},"schema_type":null,"schema_type_options":null,"pillar_content":false,"robots_default":true,"robots_noindex":false,"robots_noarchive":false,"robots_nosnippet":false,"robots_nofollow":false,"robots_noimageindex":false,"robots_noodp":false,"robots_notranslate":false,"robots_max_snippet":null,"robots_max_videopreview":null,"robots_max_imagepreview":"large","priority":null,"frequency":null,"location":null,"local_seo":null,"breadcrumb_settings":null,"limit_modified_date":false,"ai":null,"created":"2020-12-20 20:35:21","updated":"2025-07-19 21:33:53","seo_analyzer_scan_date":null,"focus_keyword":null,"additional_keywords":null,"truseo_locale":null},"jetpack_sharing_enabled":true,"jetpack-related-posts":[{"id":14241,"url":"https:\/\/www.jornalja.com.br\/arquivo\/o-guaiba-nas-imagens-poeticas-de-achutti\/","url_meta":{"origin":48393,"position":0},"title":"O Gua\u00edba nas imagens po\u00e9ticas de Achutti","author":"da Reda\u00e7\u00e3o","date":"18 de junho de 2014","format":false,"excerpt":"Em \u201cO Gua\u00edba por Achutti\u201d \u2013 obra financiada via Minist\u00e9rio da Cultura, produ\u00e7\u00e3o executiva de Pedro Longhi, e Fl\u00e1vio Wild como designer \u2013, o fot\u00f3grafo revela a beleza e as mazelas de um espa\u00e7o aqu\u00e1tico de \u00e1guas sempre renovadas, cheio de hist\u00f3rias e lendas como as das cidades que foram\u2026","rel":"","context":"Em &quot;Cultura-Geral&quot;","block_context":{"text":"Cultura-Geral","link":"https:\/\/www.jornalja.com.br\/arquivo\/category\/materiasecundaria\/"},"img":{"alt_text":"","src":"","width":0,"height":0},"classes":[]},{"id":13124,"url":"https:\/\/www.jornalja.com.br\/arquivo\/sangue-latino-no-iecine\/","url_meta":{"origin":48393,"position":1},"title":"Sangue latino no IECINE","author":"da Reda\u00e7\u00e3o","date":"18 de maio de 2014","format":false,"excerpt":"Francisco Ribeiro O Instituto Estadual de Cinema (IECINE) tem a frente, desde abril \u00faltimo, um novo diretor, o cineasta colombiano Juan Zapata, 36, que substitui Luiz Alberto Cassol. Radicado h\u00e1 dez anos em Porto Alegre, Zapata tem diante de si o desafio de conduzir at\u00e9 o final do ano um\u2026","rel":"","context":"Em &quot;Cultura-Geral&quot;","block_context":{"text":"Cultura-Geral","link":"https:\/\/www.jornalja.com.br\/arquivo\/category\/materiasecundaria\/"},"img":{"alt_text":"","src":"","width":0,"height":0},"classes":[]},{"id":12960,"url":"https:\/\/www.jornalja.com.br\/arquivo\/populacao-culpa-empresas-pela-greve-dos-rodoviarios\/","url_meta":{"origin":48393,"position":2},"title":"Popula\u00e7\u00e3o culpa empresas pela greve","author":"Patr\u00edcia Marini","date":"14 de fevereiro de 2014","format":false,"excerpt":"Pesquisa divulgada na edi\u00e7\u00e3o do jornal Metro desta sexta-feira,14, comprova o velho ditado: \u00e9 poss\u00edvel enganar muitos por algum tempo, mas n\u00e3o \u00e9 poss\u00edvel enganar a todos o tempo inteiro. A principal revela\u00e7\u00e3o foi que 59,8% dos entrevistados apontaram as empresas como as principais respons\u00e1veis pela grave e 46% culparam\u2026","rel":"","context":"Em &quot;X.Categorias velhas&quot;","block_context":{"text":"X.Categorias velhas","link":"https:\/\/www.jornalja.com.br\/arquivo\/category\/x-categorias-velhas\/"},"img":{"alt_text":"","src":"","width":0,"height":0},"classes":[]},{"id":13109,"url":"https:\/\/www.jornalja.com.br\/arquivo\/judiciario-reconhece-poluicao-eletromagnetica\/","url_meta":{"origin":48393,"position":3},"title":"Judici\u00e1rio reconhece polui\u00e7\u00e3o eletromagn\u00e9tica","author":"Patr\u00edcia Marini","date":"16 de maio de 2014","format":false,"excerpt":"A\u00e7\u00e3o de duas associa\u00e7\u00f5es de moradores foi acolhida pelo Tribunal de Justi\u00e7a de S\u00e3o Paulo que. em decis\u00e3o in\u00e9dita, determinou a redu\u00e7\u00e3o do campo eletromagn\u00e9tico gerado pelas linhas de transmiss\u00e3o de energia que cortam os bairros City Boa\u00e7ava e Alto de Pinheiros. \u00c9 a primeira vez que um tribunal do\u2026","rel":"","context":"Em &quot;X.Categorias velhas&quot;","block_context":{"text":"X.Categorias velhas","link":"https:\/\/www.jornalja.com.br\/arquivo\/category\/x-categorias-velhas\/"},"img":{"alt_text":"","src":"","width":0,"height":0},"classes":[]},{"id":13239,"url":"https:\/\/www.jornalja.com.br\/arquivo\/conselho-desdenha-do-plano-diretor\/","url_meta":{"origin":48393,"position":4},"title":"Porto Alegre: Conselho detona Plano Diretor","author":"Patr\u00edcia Marini","date":"25 de maio de 2014","format":false,"excerpt":"Den\u00fancia do arquiteto e \u00a0urbanista Ibir\u00e1 Santos Lucas. Ele diz que os conselheiros est\u00e3o votando com \"enorme irresponsabilidade\". \"Mudam regime com a maior naturalidade,,,regularizam absurdos de constru\u00e7\u00f5es irregulares... \"O CMDUA est\u00e1 flexibilizando a lei do plano diretor, de uma forma impactante na vida da cidade. Mudam regime com a maior\u2026","rel":"","context":"Em &quot;Geral&quot;","block_context":{"text":"Geral","link":"https:\/\/www.jornalja.com.br\/arquivo\/category\/geral\/"},"img":{"alt_text":"","src":"","width":0,"height":0},"classes":[]},{"id":13240,"url":"https:\/\/www.jornalja.com.br\/arquivo\/plano-diretor-estamos-construindo-o-caos\/","url_meta":{"origin":48393,"position":5},"title":"Plano diretor: &quot;Estamos construindo o caos&quot;","author":"Patr\u00edcia Marini","date":"26 de maio de 2014","format":false,"excerpt":"Desabafo que arquiteta Eliana Castilhos, delegada da Regi\u00e3o de Planejamento 1, postou nas redes sociais \u00e9 um testemunho do ambiente que se criou no Conselho do Plano Diretor de Porto Alegre, onde a aprova\u00e7\u00e3o de grandes empreendimentos \u00e9 empurrada guela abaixo dos conselheiros. Ao CMDUA Como delegada da Regi\u00e3o de\u2026","rel":"","context":"Em &quot;Geral&quot;","block_context":{"text":"Geral","link":"https:\/\/www.jornalja.com.br\/arquivo\/category\/geral\/"},"img":{"alt_text":"","src":"","width":0,"height":0},"classes":[]}],"jetpack_shortlink":"https:\/\/wp.me\/pbQjBd-cAx","jetpack_featured_media_url":"","_links":{"self":[{"href":"https:\/\/www.jornalja.com.br\/arquivo\/wp-json\/wp\/v2\/posts\/48393","targetHints":{"allow":["GET"]}}],"collection":[{"href":"https:\/\/www.jornalja.com.br\/arquivo\/wp-json\/wp\/v2\/posts"}],"about":[{"href":"https:\/\/www.jornalja.com.br\/arquivo\/wp-json\/wp\/v2\/types\/post"}],"author":[{"embeddable":true,"href":"https:\/\/www.jornalja.com.br\/arquivo\/wp-json\/wp\/v2\/users\/4"}],"replies":[{"embeddable":true,"href":"https:\/\/www.jornalja.com.br\/arquivo\/wp-json\/wp\/v2\/comments?post=48393"}],"version-history":[{"count":0,"href":"https:\/\/www.jornalja.com.br\/arquivo\/wp-json\/wp\/v2\/posts\/48393\/revisions"}],"wp:attachment":[{"href":"https:\/\/www.jornalja.com.br\/arquivo\/wp-json\/wp\/v2\/media?parent=48393"}],"wp:term":[{"taxonomy":"category","embeddable":true,"href":"https:\/\/www.jornalja.com.br\/arquivo\/wp-json\/wp\/v2\/categories?post=48393"},{"taxonomy":"post_tag","embeddable":true,"href":"https:\/\/www.jornalja.com.br\/arquivo\/wp-json\/wp\/v2\/tags?post=48393"}],"curies":[{"name":"wp","href":"https:\/\/api.w.org\/{rel}","templated":true}]}}