{"id":48396,"date":"2017-05-12T23:50:48","date_gmt":"2017-05-13T02:50:48","guid":{"rendered":"https:\/\/www.jornalja.com.br\/?p=48396"},"modified":"2017-05-12T23:50:48","modified_gmt":"2017-05-13T02:50:48","slug":"um-conflito-que-vem-de-longe","status":"publish","type":"post","link":"https:\/\/www.jornalja.com.br\/arquivo\/um-conflito-que-vem-de-longe\/","title":{"rendered":"Um conflito que vem de longe"},"content":{"rendered":"<p><span class=\"assina\">Matheus Chaparini<\/span><br \/>\nEsse conflito n\u00e3o \u00e9 de hoje, vem de longe. Fica evidente, desde o s\u00e9culo XIX a rela\u00e7\u00e3o dif\u00edcil entre os vizinhos que querem dormir e os que fazem carnaval, ou ficam pelas tabernas bebendo e tocando viol\u00e3o. A interven\u00e7\u00e3o do Estado, tentando fazer com que a festa acabe cedo, tamb\u00e9m n\u00e3o \u00e9 novidade. A explica\u00e7\u00e3o \u00e9 do historiador Marcus Vinicius de Freitas Rosa.<br \/>\nMarcus \u00e9 doutor em Hist\u00f3ria pela Universidade de Campinas, estuda a hist\u00f3ria do racismo em Porto Alegre e tamb\u00e9m a trajet\u00f3ria do carnaval porto alegrense. Para ele, a hist\u00f3ria do bairro \u00e9 pouco conhecida mesmo por seus moradores. Al\u00e9m disso, h\u00e1 maneiras contradit\u00f3rias de se caracterizar este espa\u00e7o, mas uma coisa lhe parece certa: \u201cesse papo de que h\u00e1 30 anos n\u00e3o havia boemia na Cidade Baixa n\u00e3o convence.\u201d<br \/>\n<span class=\"intertit\">Alagadi\u00e7a e ocupada por pobres<\/span><br \/>\n<figure id=\"attachment_48313\" aria-describedby=\"caption-attachment-48313\" style=\"width: 725px\" class=\"wp-caption alignnone\"><img loading=\"lazy\" decoding=\"async\" class=\"wp-image-48313 size-full\" src=\"https:\/\/www.jornalja.com.br\/wp-content\/uploads\/2017\/05\/Fototeca-Sioma-Breitman-Museu-Joaquim-Jos\u00e9-Felizardo-2.jpg\" alt=\"\" width=\"725\" height=\"519\" \/><figcaption id=\"caption-attachment-48313\" class=\"wp-caption-text\">Antes da canaliza\u00e7\u00e3o do Arroio Dil\u00favio, Riachinho passava nos fundos das casas da Rua da Margem, atual Jo\u00e3o Alfredo \/ Acervo do Museu de Porto Alegre Joaquim Felizardo \/ Jacob Prudencio Herrmann (Atribuido)<\/figcaption><\/figure><br \/>\nO bairro Cidade Baixa foi delimitado em 1959, pela lei 2022, que criou diversos bairros da capital. No s\u00e9culo XIX, o termo Cidade Baixa tinha uma concep\u00e7\u00e3o mais ampla, abarcava v\u00e1rios territ\u00f3rios considerados fora da cidade, da Duque para baixo, incluindo a regi\u00e3o da Ilhota \u2013 reconhecida por seus filhos ilustres, como Lupic\u00ednio Rodrigues e Tesourinha, Areal da Baronesa, o territ\u00f3rio conhecido como Emboscadas at\u00e9 o Arraial do Menino Deus. A Lima e Silva se chamava Rua da Olaria, a Jos\u00e9 do Patroc\u00ednio era a Conc\u00f3rdia e a Jo\u00e3o Alfredo, Rua da Margem, pois suas casas davam de fundos para o Riachinho.<br \/>\nTratava-se de uma regi\u00e3o entrecortada por riachos e pequenos c\u00f3rregos, o que a tornava alagadi\u00e7a e insalubre. Isso antes da canaliza\u00e7\u00e3o do Arroio Dil\u00favio, nas d\u00e9cadas de 1930 e 40, e da constru\u00e7\u00e3o da avenida Ipiranga, \u00e9poca de grande expans\u00e3o da cidade. Naquele tempo, antes dos aterros, o Gua\u00edba tinha suas \u00e1guas chegando at\u00e9 o P\u00e3o dos Pobres, na rua da Rep\u00fablica, ent\u00e3o rua do Imperador.<br \/>\nDesde esta \u00e9poca, conviviam naquela regi\u00e3o grupos sociais muito distintos, como senhores de escravos e negros cativos e, ap\u00f3s a aboli\u00e7\u00e3o, negros libertos e imigrantes europeus. Na maioria, gente pobre.<br \/>\n\u201cAli n\u00e3o era uma regi\u00e3o residencial de classe m\u00e9dia como \u00e9 hoje\u201d, afirma o historiador Pablo Silva. Pablo estuda a cria\u00e7\u00e3o de vilas populares em Porto Alegre, a partir da d\u00e9cada de 1940. Seu objeto de estudo \u00e9 a Restinga, que considera \u201cfruto da remo\u00e7\u00e3o de um quilombo urbano.\u201d A cria\u00e7\u00e3o deste que hoje \u00e9 um dos maiores bairros de Porto Alegre remonta \u00e0 expuls\u00e3o das fam\u00edlias que ocupavam a Ilhota.<br \/>\n<figure id=\"attachment_48312\" aria-describedby=\"caption-attachment-48312\" style=\"width: 725px\" class=\"wp-caption alignnone\"><img loading=\"lazy\" decoding=\"async\" class=\"wp-image-48312 size-full\" src=\"https:\/\/www.jornalja.com.br\/wp-content\/uploads\/2017\/05\/Fototeca-Sioma-Breitman-Museu-Joaquim-Jos\u00e9-Felizardo-1.jpg\" alt=\"\" width=\"725\" height=\"510\" \/><figcaption id=\"caption-attachment-48312\" class=\"wp-caption-text\">Uma cena Veneziana, na Rua da Margem, as pequenas embarca\u00e7\u00f5es \/\u00a0Acervo do Museu de Porto Alegre Joaquim Felizardo \/ Lunara *<\/figcaption><\/figure><br \/>\nO historiador atribui a ess\u00eancia da Cidade Baixa como bairro bo\u00eamio \u00e0 ocupa\u00e7\u00e3o do espa\u00e7o p\u00fablico pelas comunidades negras, principalmente a Ilhota, e a elementos culturais negros como a capoeira, o candombl\u00e9 e o samba, que constitu\u00edam espa\u00e7os de socializa\u00e7\u00e3o. \u201cOs negros sempre tiveram um cacoete maior de ocupa\u00e7\u00e3o de espa\u00e7o p\u00fablicos para suas atividades culturais, diferente de uma ideia mais recatada da burguesia, de sal\u00f5es fechados.\u201d<br \/>\nAl\u00e9m disso, Pablo cita que a regi\u00e3o era local de aflu\u00eancia bo\u00eamia tamb\u00e9m em fun\u00e7\u00e3o de ser zona de meretr\u00edcio. Ainda hoje, h\u00e1 pelo menos cinco prost\u00edbulos no bairro, uma das regi\u00f5es com maior concentra\u00e7\u00e3o deste tipo de estabelecimento em Porto Alegre.<br \/>\nEntre as d\u00e9cadas de 1940 e 1970, momento de expans\u00e3o da cidade, ocorreu a remo\u00e7\u00e3o for\u00e7ada dos casebres da Ilhota. Para Pablo Silva, h\u00e1 um elemento racial por tr\u00e1s deste projeto. \u201cParece que havia um inc\u00f4modo em a cultura negra estar t\u00e3o pr\u00f3xima ao Centro e ao Menino Deus. Era uma disparidade social grande.\u201d<br \/>\nPara Pablo, o movimento que acontece hoje na Cidade Baixa \u00e9, conscientemente ou n\u00e3o, uma retomada do espa\u00e7o p\u00fablico pela popula\u00e7\u00e3o de baixa renda.<br \/>\n\u201cO Pessoal da periferia n\u00e3o tem acesso a bens culturais como a classe m\u00e9dia e os ricos e est\u00e1 sempre sendo cerceado. O carnaval foi para o Porto Seco, os bares do Centro est\u00e3o sempre sendo fechados\u201d, afirma Pablo.<br \/>\n<span class=\"intertit\">O direito de fazer festa na rua<\/span><br \/>\nMarcus Vinicius cita a presen\u00e7a de diversos clubes negros desde o final do s\u00e9culo XIX, como o Floresta Aurora, o Sat\u00e9lite e o Prontid\u00e3o, al\u00e9m dos blocos de carnaval. \u201cEstes clubes lutaram pela aboli\u00e7\u00e3o, quando conquistaram, passaram a lutar por outros direitos. Inclusive o direito de fazer festa\u201d, afirma o historiador.<br \/>\nAl\u00e9m de estudar a hist\u00f3ria da regi\u00e3o, Marcus Vinicius de Freitas Rosa foi morador da Cidade Baixa durante dez anos e frequentador da boemia do bairro. Para ele, o conflito atual decorre da presen\u00e7a de pessoas que n\u00e3o frequentavam o espa\u00e7o at\u00e9 alguns anos atr\u00e1s.<br \/>\nEle tra\u00e7a um paralelo com a grande presen\u00e7a de universit\u00e1rios no bairro e a diversifica\u00e7\u00e3o do p\u00fablico universit\u00e1rio desde a implementa\u00e7\u00e3o das cotas nas universidade. \u201cS\u00e3o espa\u00e7os que at\u00e9 ontem eram frequentados por universit\u00e1rios brancos, agora tamb\u00e9m s\u00e3o por universit\u00e1rios com origem na periferia, que trazem seus amigos. Se v\u00ea que s\u00e3o diferentes, bebem outras bebidas, escutam outras m\u00fasicas. \u00c9 uma indigna\u00e7\u00e3o seletiva.\u201d<br \/>\n&nbsp;<\/p>\n<div class=\"blocotexto\">\n<span class=\"descreve\">* Na edi\u00e7\u00e3o de maio do impresso J\u00e1 Porto Alegre esta foto foi publicada sem os devidos cr\u00e9ditos, que j\u00e1 foram corrigidos nesta publica\u00e7\u00e3o.<\/span>\n<\/div>\n","protected":false},"excerpt":{"rendered":"<p>Matheus Chaparini Esse conflito n\u00e3o \u00e9 de hoje, vem de longe. Fica evidente, desde o s\u00e9culo XIX a rela\u00e7\u00e3o dif\u00edcil entre os vizinhos que querem dormir e os que fazem carnaval, ou ficam pelas tabernas bebendo e tocando viol\u00e3o. A interven\u00e7\u00e3o do Estado, tentando fazer com que a festa acabe cedo, tamb\u00e9m n\u00e3o \u00e9 novidade. [&hellip;]<\/p>\n","protected":false},"author":4,"featured_media":48314,"comment_status":"open","ping_status":"closed","sticky":false,"template":"","format":"standard","meta":{"_jetpack_newsletter_access":"","_jetpack_dont_email_post_to_subs":false,"_jetpack_newsletter_tier_id":0,"_jetpack_memberships_contains_paywalled_content":false,"_jetpack_feature_clip_id":0,"_jetpack_memberships_contains_paid_content":false,"footnotes":"","jetpack_post_was_ever_published":false},"categories":[26],"tags":[],"class_list":["post-48396","post","type-post","status-publish","format-standard","has-post-thumbnail","hentry","category-geral"],"aioseo_notices":[],"aioseo_head":"\n\t\t<!-- All in One SEO 5.0.1.1 - aioseo.com -->\n\t<meta name=\"robots\" content=\"max-image-preview:large\" \/>\n\t<meta name=\"author\" content=\"da Reda\u00e7\u00e3o\"\/>\n\t<link rel=\"canonical\" href=\"https:\/\/www.jornalja.com.br\/arquivo\/um-conflito-que-vem-de-longe\/\" \/>\n\t<meta name=\"generator\" content=\"All in One SEO (AIOSEO) 5.0.1.1\" \/>\n\t\t<meta property=\"og:locale\" content=\"pt_BR\" \/>\n\t\t<meta property=\"og:site_name\" content=\"Arquivo | Jornal J\u00c1 | Porto Alegre\" \/>\n\t\t<meta property=\"og:type\" content=\"article\" \/>\n\t\t<meta property=\"og:title\" content=\"Um conflito que vem de longe | Arquivo\" \/>\n\t\t<meta property=\"og:url\" content=\"https:\/\/www.jornalja.com.br\/arquivo\/um-conflito-que-vem-de-longe\/\" \/>\n\t\t<meta property=\"og:image\" content=\"https:\/\/www.jornalja.com.br\/wp-content\/uploads\/2017\/05\/Fototeca-Sioma-Breitman-Museu-Joaquim-Jos\u00e9-Felizardo-2.jpg\" \/>\n\t\t<meta property=\"og:image:secure_url\" content=\"https:\/\/www.jornalja.com.br\/wp-content\/uploads\/2017\/05\/Fototeca-Sioma-Breitman-Museu-Joaquim-Jos\u00e9-Felizardo-2.jpg\" \/>\n\t\t<meta property=\"article:published_time\" content=\"2017-05-13T02:50:48+00:00\" \/>\n\t\t<meta property=\"article:modified_time\" content=\"2017-05-13T02:50:48+00:00\" \/>\n\t\t<meta name=\"twitter:card\" content=\"summary\" \/>\n\t\t<meta name=\"twitter:title\" content=\"Um conflito que vem de longe | Arquivo\" \/>\n\t\t<meta name=\"twitter:image\" content=\"https:\/\/www.jornalja.com.br\/economics\/wp-content\/uploads\/sites\/11\/2026\/08\/ja-folhaderosto-facebook.jpg\" \/>\n\t\t<script type=\"application\/ld+json\" class=\"aioseo-schema\">\n\t\t\t{\"@context\":\"https:\\\/\\\/schema.org\",\"@graph\":[{\"@type\":\"BlogPosting\",\"@id\":\"https:\\\/\\\/www.jornalja.com.br\\\/arquivo\\\/um-conflito-que-vem-de-longe\\\/#blogposting\",\"name\":\"Um conflito que vem de longe | Arquivo\",\"headline\":\"Um conflito que vem de longe\",\"author\":{\"@id\":\"https:\\\/\\\/www.jornalja.com.br\\\/arquivo\\\/author\\\/daredacao\\\/#author\"},\"publisher\":{\"@id\":\"https:\\\/\\\/www.jornalja.com.br\\\/arquivo\\\/#organization\"},\"image\":{\"@type\":\"ImageObject\",\"url\":48314},\"datePublished\":\"2017-05-12T23:50:48-03:00\",\"dateModified\":\"2017-05-12T23:50:48-03:00\",\"inLanguage\":\"pt-BR\",\"mainEntityOfPage\":{\"@id\":\"https:\\\/\\\/www.jornalja.com.br\\\/arquivo\\\/um-conflito-que-vem-de-longe\\\/#webpage\"},\"isPartOf\":{\"@id\":\"https:\\\/\\\/www.jornalja.com.br\\\/arquivo\\\/um-conflito-que-vem-de-longe\\\/#webpage\"},\"articleSection\":\"Geral\"},{\"@type\":\"BreadcrumbList\",\"@id\":\"https:\\\/\\\/www.jornalja.com.br\\\/arquivo\\\/um-conflito-que-vem-de-longe\\\/#breadcrumblist\",\"itemListElement\":[{\"@type\":\"ListItem\",\"@id\":\"https:\\\/\\\/www.jornalja.com.br\\\/arquivo#listItem\",\"position\":1,\"name\":\"Home\",\"item\":\"https:\\\/\\\/www.jornalja.com.br\\\/arquivo\",\"nextItem\":{\"@type\":\"ListItem\",\"@id\":\"https:\\\/\\\/www.jornalja.com.br\\\/arquivo\\\/category\\\/geral\\\/#listItem\",\"name\":\"Geral\"}},{\"@type\":\"ListItem\",\"@id\":\"https:\\\/\\\/www.jornalja.com.br\\\/arquivo\\\/category\\\/geral\\\/#listItem\",\"position\":2,\"name\":\"Geral\",\"item\":\"https:\\\/\\\/www.jornalja.com.br\\\/arquivo\\\/category\\\/geral\\\/\",\"nextItem\":{\"@type\":\"ListItem\",\"@id\":\"https:\\\/\\\/www.jornalja.com.br\\\/arquivo\\\/um-conflito-que-vem-de-longe\\\/#listItem\",\"name\":\"Um conflito que vem de longe\"},\"previousItem\":{\"@type\":\"ListItem\",\"@id\":\"https:\\\/\\\/www.jornalja.com.br\\\/arquivo#listItem\",\"name\":\"Home\"}},{\"@type\":\"ListItem\",\"@id\":\"https:\\\/\\\/www.jornalja.com.br\\\/arquivo\\\/um-conflito-que-vem-de-longe\\\/#listItem\",\"position\":3,\"name\":\"Um conflito que vem de longe\",\"previousItem\":{\"@type\":\"ListItem\",\"@id\":\"https:\\\/\\\/www.jornalja.com.br\\\/arquivo\\\/category\\\/geral\\\/#listItem\",\"name\":\"Geral\"}}]},{\"@type\":\"Organization\",\"@id\":\"https:\\\/\\\/www.jornalja.com.br\\\/arquivo\\\/#organization\",\"name\":\"Jornal J\\u00c1\",\"description\":\"Jornal J\\u00c1 | Porto Alegre\",\"url\":\"https:\\\/\\\/www.jornalja.com.br\\\/arquivo\\\/\",\"telephone\":\"+555133307272\",\"logo\":{\"@type\":\"ImageObject\",\"url\":\"https:\\\/\\\/www.jornalja.com.br\\\/wp-content\\\/uploads\\\/cards\\\/JAslogan.png\",\"@id\":\"https:\\\/\\\/www.jornalja.com.br\\\/arquivo\\\/um-conflito-que-vem-de-longe\\\/#organizationLogo\"},\"image\":{\"@id\":\"https:\\\/\\\/www.jornalja.com.br\\\/arquivo\\\/um-conflito-que-vem-de-longe\\\/#organizationLogo\"}},{\"@type\":\"Person\",\"@id\":\"https:\\\/\\\/www.jornalja.com.br\\\/arquivo\\\/author\\\/daredacao\\\/#author\",\"url\":\"https:\\\/\\\/www.jornalja.com.br\\\/arquivo\\\/author\\\/daredacao\\\/\",\"name\":\"da Reda\\u00e7\\u00e3o\",\"image\":{\"@type\":\"ImageObject\",\"@id\":\"https:\\\/\\\/www.jornalja.com.br\\\/arquivo\\\/um-conflito-que-vem-de-longe\\\/#authorImage\",\"url\":\"https:\\\/\\\/secure.gravatar.com\\\/avatar\\\/469fd857d6605ad19919d27ed29d35a968a25f6e8fd9318356bbb7f57aae9c65?s=96&d=mm&r=g\",\"width\":96,\"height\":96,\"caption\":\"da Reda\\u00e7\\u00e3o\"}},{\"@type\":\"WebPage\",\"@id\":\"https:\\\/\\\/www.jornalja.com.br\\\/arquivo\\\/um-conflito-que-vem-de-longe\\\/#webpage\",\"url\":\"https:\\\/\\\/www.jornalja.com.br\\\/arquivo\\\/um-conflito-que-vem-de-longe\\\/\",\"name\":\"Um conflito que vem de longe | Arquivo\",\"inLanguage\":\"pt-BR\",\"isPartOf\":{\"@id\":\"https:\\\/\\\/www.jornalja.com.br\\\/arquivo\\\/#website\"},\"breadcrumb\":{\"@id\":\"https:\\\/\\\/www.jornalja.com.br\\\/arquivo\\\/um-conflito-que-vem-de-longe\\\/#breadcrumblist\"},\"author\":{\"@id\":\"https:\\\/\\\/www.jornalja.com.br\\\/arquivo\\\/author\\\/daredacao\\\/#author\"},\"creator\":{\"@id\":\"https:\\\/\\\/www.jornalja.com.br\\\/arquivo\\\/author\\\/daredacao\\\/#author\"},\"image\":{\"@type\":\"ImageObject\",\"url\":48314,\"@id\":\"https:\\\/\\\/www.jornalja.com.br\\\/arquivo\\\/um-conflito-que-vem-de-longe\\\/#mainImage\"},\"primaryImageOfPage\":{\"@id\":\"https:\\\/\\\/www.jornalja.com.br\\\/arquivo\\\/um-conflito-que-vem-de-longe\\\/#mainImage\"},\"datePublished\":\"2017-05-12T23:50:48-03:00\",\"dateModified\":\"2017-05-12T23:50:48-03:00\"},{\"@type\":\"WebSite\",\"@id\":\"https:\\\/\\\/www.jornalja.com.br\\\/arquivo\\\/#website\",\"url\":\"https:\\\/\\\/www.jornalja.com.br\\\/arquivo\\\/\",\"name\":\"Arquivo\",\"description\":\"Jornal J\\u00c1 | Porto Alegre\",\"inLanguage\":\"pt-BR\",\"publisher\":{\"@id\":\"https:\\\/\\\/www.jornalja.com.br\\\/arquivo\\\/#organization\"}}]}\n\t\t<\/script>\n\t\t<!-- All in One SEO -->\n\n","aioseo_head_json":{"title":"Um conflito que vem de longe | Arquivo","description":"","canonical_url":"https:\/\/www.jornalja.com.br\/arquivo\/um-conflito-que-vem-de-longe\/","robots":"max-image-preview:large","keywords":"","webmasterTools":{"miscellaneous":""},"schema":{"@context":"https:\/\/schema.org","@graph":[{"@type":"BlogPosting","@id":"https:\/\/www.jornalja.com.br\/arquivo\/um-conflito-que-vem-de-longe\/#blogposting","name":"Um conflito que vem de longe | Arquivo","headline":"Um conflito que vem de longe","author":{"@id":"https:\/\/www.jornalja.com.br\/arquivo\/author\/daredacao\/#author"},"publisher":{"@id":"https:\/\/www.jornalja.com.br\/arquivo\/#organization"},"image":{"@type":"ImageObject","url":48314},"datePublished":"2017-05-12T23:50:48-03:00","dateModified":"2017-05-12T23:50:48-03:00","inLanguage":"pt-BR","mainEntityOfPage":{"@id":"https:\/\/www.jornalja.com.br\/arquivo\/um-conflito-que-vem-de-longe\/#webpage"},"isPartOf":{"@id":"https:\/\/www.jornalja.com.br\/arquivo\/um-conflito-que-vem-de-longe\/#webpage"},"articleSection":"Geral"},{"@type":"BreadcrumbList","@id":"https:\/\/www.jornalja.com.br\/arquivo\/um-conflito-que-vem-de-longe\/#breadcrumblist","itemListElement":[{"@type":"ListItem","@id":"https:\/\/www.jornalja.com.br\/arquivo#listItem","position":1,"name":"Home","item":"https:\/\/www.jornalja.com.br\/arquivo","nextItem":{"@type":"ListItem","@id":"https:\/\/www.jornalja.com.br\/arquivo\/category\/geral\/#listItem","name":"Geral"}},{"@type":"ListItem","@id":"https:\/\/www.jornalja.com.br\/arquivo\/category\/geral\/#listItem","position":2,"name":"Geral","item":"https:\/\/www.jornalja.com.br\/arquivo\/category\/geral\/","nextItem":{"@type":"ListItem","@id":"https:\/\/www.jornalja.com.br\/arquivo\/um-conflito-que-vem-de-longe\/#listItem","name":"Um conflito que vem de longe"},"previousItem":{"@type":"ListItem","@id":"https:\/\/www.jornalja.com.br\/arquivo#listItem","name":"Home"}},{"@type":"ListItem","@id":"https:\/\/www.jornalja.com.br\/arquivo\/um-conflito-que-vem-de-longe\/#listItem","position":3,"name":"Um conflito que vem de longe","previousItem":{"@type":"ListItem","@id":"https:\/\/www.jornalja.com.br\/arquivo\/category\/geral\/#listItem","name":"Geral"}}]},{"@type":"Organization","@id":"https:\/\/www.jornalja.com.br\/arquivo\/#organization","name":"Jornal J\u00c1","description":"Jornal J\u00c1 | Porto Alegre","url":"https:\/\/www.jornalja.com.br\/arquivo\/","telephone":"+555133307272","logo":{"@type":"ImageObject","url":"https:\/\/www.jornalja.com.br\/wp-content\/uploads\/cards\/JAslogan.png","@id":"https:\/\/www.jornalja.com.br\/arquivo\/um-conflito-que-vem-de-longe\/#organizationLogo"},"image":{"@id":"https:\/\/www.jornalja.com.br\/arquivo\/um-conflito-que-vem-de-longe\/#organizationLogo"}},{"@type":"Person","@id":"https:\/\/www.jornalja.com.br\/arquivo\/author\/daredacao\/#author","url":"https:\/\/www.jornalja.com.br\/arquivo\/author\/daredacao\/","name":"da Reda\u00e7\u00e3o","image":{"@type":"ImageObject","@id":"https:\/\/www.jornalja.com.br\/arquivo\/um-conflito-que-vem-de-longe\/#authorImage","url":"https:\/\/secure.gravatar.com\/avatar\/469fd857d6605ad19919d27ed29d35a968a25f6e8fd9318356bbb7f57aae9c65?s=96&d=mm&r=g","width":96,"height":96,"caption":"da Reda\u00e7\u00e3o"}},{"@type":"WebPage","@id":"https:\/\/www.jornalja.com.br\/arquivo\/um-conflito-que-vem-de-longe\/#webpage","url":"https:\/\/www.jornalja.com.br\/arquivo\/um-conflito-que-vem-de-longe\/","name":"Um conflito que vem de longe | Arquivo","inLanguage":"pt-BR","isPartOf":{"@id":"https:\/\/www.jornalja.com.br\/arquivo\/#website"},"breadcrumb":{"@id":"https:\/\/www.jornalja.com.br\/arquivo\/um-conflito-que-vem-de-longe\/#breadcrumblist"},"author":{"@id":"https:\/\/www.jornalja.com.br\/arquivo\/author\/daredacao\/#author"},"creator":{"@id":"https:\/\/www.jornalja.com.br\/arquivo\/author\/daredacao\/#author"},"image":{"@type":"ImageObject","url":48314,"@id":"https:\/\/www.jornalja.com.br\/arquivo\/um-conflito-que-vem-de-longe\/#mainImage"},"primaryImageOfPage":{"@id":"https:\/\/www.jornalja.com.br\/arquivo\/um-conflito-que-vem-de-longe\/#mainImage"},"datePublished":"2017-05-12T23:50:48-03:00","dateModified":"2017-05-12T23:50:48-03:00"},{"@type":"WebSite","@id":"https:\/\/www.jornalja.com.br\/arquivo\/#website","url":"https:\/\/www.jornalja.com.br\/arquivo\/","name":"Arquivo","description":"Jornal J\u00c1 | Porto Alegre","inLanguage":"pt-BR","publisher":{"@id":"https:\/\/www.jornalja.com.br\/arquivo\/#organization"}}]},"og:locale":"pt_BR","og:site_name":"Arquivo | Jornal J\u00c1 | Porto Alegre","og:type":"article","og:title":"Um conflito que vem de longe | Arquivo","og:url":"https:\/\/www.jornalja.com.br\/arquivo\/um-conflito-que-vem-de-longe\/","og:image":"https:\/\/www.jornalja.com.br\/wp-content\/uploads\/2017\/05\/Fototeca-Sioma-Breitman-Museu-Joaquim-Jos\u00e9-Felizardo-2.jpg","og:image:secure_url":"https:\/\/www.jornalja.com.br\/wp-content\/uploads\/2017\/05\/Fototeca-Sioma-Breitman-Museu-Joaquim-Jos\u00e9-Felizardo-2.jpg","article:published_time":"2017-05-13T02:50:48+00:00","article:modified_time":"2017-05-13T02:50:48+00:00","twitter:card":"summary","twitter:title":"Um conflito que vem de longe | Arquivo","twitter:image":"https:\/\/www.jornalja.com.br\/economics\/wp-content\/uploads\/sites\/11\/2026\/08\/ja-folhaderosto-facebook.jpg"},"aioseo_meta_data":{"post_id":"48396","title":null,"description":null,"keywords":null,"keyphrases":null,"primary_term":null,"canonical_url":null,"og_title":null,"og_description":null,"og_object_type":"default","og_image_type":"default","og_image_url":null,"og_image_width":null,"og_image_height":null,"og_image_custom_url":null,"og_image_custom_fields":null,"og_video":null,"og_custom_url":null,"og_article_section":null,"og_article_tags":null,"twitter_use_og":false,"twitter_card":"default","twitter_image_type":"default","twitter_image_url":null,"twitter_image_custom_url":null,"twitter_image_custom_fields":null,"twitter_title":null,"twitter_description":null,"schema":{"blockGraphs":[],"customGraphs":[],"default":{"data":{"Article":[],"Course":[],"Dataset":[],"FAQPage":[],"Movie":[],"Person":[],"Product":[],"ProductReview":[],"Car":[],"Recipe":[],"Service":[],"SoftwareApplication":[],"WebPage":[]},"graphName":"","isEnabled":true},"graphs":[],"defaultGraph":"","defaultPostTypeGraph":""},"schema_type":null,"schema_type_options":null,"pillar_content":false,"robots_default":true,"robots_noindex":false,"robots_noarchive":false,"robots_nosnippet":false,"robots_nofollow":false,"robots_noimageindex":false,"robots_noodp":false,"robots_notranslate":false,"robots_max_snippet":null,"robots_max_videopreview":null,"robots_max_imagepreview":"large","priority":null,"frequency":null,"location":null,"local_seo":null,"breadcrumb_settings":null,"limit_modified_date":false,"ai":null,"created":"2020-12-20 20:35:21","updated":"2025-07-19 21:33:53","seo_analyzer_scan_date":null,"focus_keyword":null,"additional_keywords":null,"truseo_locale":null},"jetpack_sharing_enabled":true,"jetpack-related-posts":[{"id":5440,"url":"https:\/\/www.jornalja.com.br\/arquivo\/casarao-da-venancio-destino-permanece-incerto\/","url_meta":{"origin":48396,"position":0},"title":"Estado ainda n\u00e3o sabe o que fazer com casar\u00e3o abandonado h\u00e1 20 anos","author":"Elmar Bones","date":"6 de julho de 2009","format":false,"excerpt":"O casar\u00e3o amarelo, numa esquina nobre de Porto Alegre (Ven\u00e2ncio Aires com Jo\u00e3o Pessoa), j\u00e1 abrigou uma escola. H\u00e1 duas d\u00e9cadas, pelo menos, est\u00e1 abandonado, porque seu propriet\u00e1rio, o governo do Estado do Rio Grande do Sul, n\u00e3o consegue achar um destino para ele. Planos n\u00e3o faltaram. O governador Ol\u00edvio\u2026","rel":"","context":"Em &quot;X.Categorias velhas&quot;","block_context":{"text":"X.Categorias velhas","link":"https:\/\/www.jornalja.com.br\/arquivo\/category\/x-categorias-velhas\/"},"img":{"alt_text":"geraldo1","src":"https:\/\/i0.wp.com\/www.jornalja.com.br\/wp-content\/uploads\/2009\/07\/geraldo1.jpg?resize=350%2C200&ssl=1","width":350,"height":200},"classes":[]},{"id":13124,"url":"https:\/\/www.jornalja.com.br\/arquivo\/sangue-latino-no-iecine\/","url_meta":{"origin":48396,"position":1},"title":"Sangue latino no IECINE","author":"da Reda\u00e7\u00e3o","date":"18 de maio de 2014","format":false,"excerpt":"Francisco Ribeiro O Instituto Estadual de Cinema (IECINE) tem a frente, desde abril \u00faltimo, um novo diretor, o cineasta colombiano Juan Zapata, 36, que substitui Luiz Alberto Cassol. Radicado h\u00e1 dez anos em Porto Alegre, Zapata tem diante de si o desafio de conduzir at\u00e9 o final do ano um\u2026","rel":"","context":"Em &quot;Cultura-Geral&quot;","block_context":{"text":"Cultura-Geral","link":"https:\/\/www.jornalja.com.br\/arquivo\/category\/materiasecundaria\/"},"img":{"alt_text":"","src":"","width":0,"height":0},"classes":[]},{"id":14241,"url":"https:\/\/www.jornalja.com.br\/arquivo\/o-guaiba-nas-imagens-poeticas-de-achutti\/","url_meta":{"origin":48396,"position":2},"title":"O Gua\u00edba nas imagens po\u00e9ticas de Achutti","author":"da Reda\u00e7\u00e3o","date":"18 de junho de 2014","format":false,"excerpt":"Em \u201cO Gua\u00edba por Achutti\u201d \u2013 obra financiada via Minist\u00e9rio da Cultura, produ\u00e7\u00e3o executiva de Pedro Longhi, e Fl\u00e1vio Wild como designer \u2013, o fot\u00f3grafo revela a beleza e as mazelas de um espa\u00e7o aqu\u00e1tico de \u00e1guas sempre renovadas, cheio de hist\u00f3rias e lendas como as das cidades que foram\u2026","rel":"","context":"Em &quot;Cultura-Geral&quot;","block_context":{"text":"Cultura-Geral","link":"https:\/\/www.jornalja.com.br\/arquivo\/category\/materiasecundaria\/"},"img":{"alt_text":"","src":"","width":0,"height":0},"classes":[]},{"id":13240,"url":"https:\/\/www.jornalja.com.br\/arquivo\/plano-diretor-estamos-construindo-o-caos\/","url_meta":{"origin":48396,"position":3},"title":"Plano diretor: &quot;Estamos construindo o caos&quot;","author":"Patr\u00edcia Marini","date":"26 de maio de 2014","format":false,"excerpt":"Desabafo que arquiteta Eliana Castilhos, delegada da Regi\u00e3o de Planejamento 1, postou nas redes sociais \u00e9 um testemunho do ambiente que se criou no Conselho do Plano Diretor de Porto Alegre, onde a aprova\u00e7\u00e3o de grandes empreendimentos \u00e9 empurrada guela abaixo dos conselheiros. Ao CMDUA Como delegada da Regi\u00e3o de\u2026","rel":"","context":"Em &quot;Geral&quot;","block_context":{"text":"Geral","link":"https:\/\/www.jornalja.com.br\/arquivo\/category\/geral\/"},"img":{"alt_text":"","src":"","width":0,"height":0},"classes":[]},{"id":1280,"url":"https:\/\/www.jornalja.com.br\/arquivo\/o-menino-que-se-tornou-brizola\/","url_meta":{"origin":48396,"position":4},"title":"O Menino que se Tornou Brizola","author":"da Reda\u00e7\u00e3o","date":"28 de julho de 2008","format":false,"excerpt":"Autor: Cleber Dioni A vida de Leonel Brizola, com \u00eanfase para os primeiros anos em Porto Alegre, at\u00e9 o ex\u00edlio no Uruguai e a volta, quinze anos depois. \u00a0\"...\u00c9ramos todos jovens e nos identific\u00e1vamos com aquela massa an\u00f4nima a percorrer as ruas de Porto Alegre, gritando 'Get\u00falio', 'Get\u00falio' e empunhando\u2026","rel":"","context":"Em &quot;Livros&quot;","block_context":{"text":"Livros","link":"https:\/\/www.jornalja.com.br\/arquivo\/category\/livros\/"},"img":{"alt_text":"","src":"https:\/\/i0.wp.com\/www.jornalja.com.br\/wp-content\/uploads\/2008\/07\/brizola.gif?resize=350%2C200&ssl=1","width":350,"height":200},"classes":[]},{"id":13101,"url":"https:\/\/www.jornalja.com.br\/arquivo\/morre-um-guerreiro-do-texto\/","url_meta":{"origin":48396,"position":5},"title":"Morre um guerreiro do texto","author":"Patr\u00edcia Marini","date":"14 de maio de 2014","format":false,"excerpt":"Por Ricardo Kotscho Reproduzido do blog do autor, 11\/5\/2014; t\u00edtulo original \u201cE l\u00e1 se foi o nosso Myltainho, guerreiro do texto\u201d. Mi\u00fado e franzino, meu amigo Myltainho era um valente e inconformado guerreiro na luta contra as injusti\u00e7as sociais, a hipocrisia, as maracutaias, o autoritarismo, a intoler\u00e2ncia, a viol\u00eancia, o\u2026","rel":"","context":"Em &quot;Geral&quot;","block_context":{"text":"Geral","link":"https:\/\/www.jornalja.com.br\/arquivo\/category\/geral\/"},"img":{"alt_text":"","src":"","width":0,"height":0},"classes":[]}],"jetpack_shortlink":"https:\/\/wp.me\/pbQjBd-cAA","jetpack_featured_media_url":"","_links":{"self":[{"href":"https:\/\/www.jornalja.com.br\/arquivo\/wp-json\/wp\/v2\/posts\/48396","targetHints":{"allow":["GET"]}}],"collection":[{"href":"https:\/\/www.jornalja.com.br\/arquivo\/wp-json\/wp\/v2\/posts"}],"about":[{"href":"https:\/\/www.jornalja.com.br\/arquivo\/wp-json\/wp\/v2\/types\/post"}],"author":[{"embeddable":true,"href":"https:\/\/www.jornalja.com.br\/arquivo\/wp-json\/wp\/v2\/users\/4"}],"replies":[{"embeddable":true,"href":"https:\/\/www.jornalja.com.br\/arquivo\/wp-json\/wp\/v2\/comments?post=48396"}],"version-history":[{"count":0,"href":"https:\/\/www.jornalja.com.br\/arquivo\/wp-json\/wp\/v2\/posts\/48396\/revisions"}],"wp:attachment":[{"href":"https:\/\/www.jornalja.com.br\/arquivo\/wp-json\/wp\/v2\/media?parent=48396"}],"wp:term":[{"taxonomy":"category","embeddable":true,"href":"https:\/\/www.jornalja.com.br\/arquivo\/wp-json\/wp\/v2\/categories?post=48396"},{"taxonomy":"post_tag","embeddable":true,"href":"https:\/\/www.jornalja.com.br\/arquivo\/wp-json\/wp\/v2\/tags?post=48396"}],"curies":[{"name":"wp","href":"https:\/\/api.w.org\/{rel}","templated":true}]}}