{"id":48405,"date":"2017-05-12T23:50:03","date_gmt":"2017-05-13T02:50:03","guid":{"rendered":"https:\/\/www.jornalja.com.br\/?p=48405"},"modified":"2017-05-12T23:50:03","modified_gmt":"2017-05-13T02:50:03","slug":"na-noite-selvagem-da-cidade-baixa","status":"publish","type":"post","link":"https:\/\/www.jornalja.com.br\/arquivo\/na-noite-selvagem-da-cidade-baixa\/","title":{"rendered":"Na noite selvagem da Cidade Baixa"},"content":{"rendered":"<p><span class=\"assina\">Matheus Chaparini<\/span><br \/>\nS\u00e3o seis e pouco de um s\u00e1bado qualquer. Anoitece em Porto Alegre. Na Jo\u00e3o Alfredo, as casas noturnas come\u00e7am o expediente interno para abrir as portas em algumas horas. Alguns moradores ainda circulam pelas ruas do bairro, com o mate debaixo do bra\u00e7o e piazada na volta. At\u00e9 aqui, o ambiente \u00e9 calmo e quase silencioso. Mas todos sabem: hoje tem.<br \/>\nA chave do bairro misto come\u00e7a a virar.<br \/>\nNa rep\u00fablica, mesas na cal\u00e7ada. Na Lima e Silva se bebe sentado, cedo e geralmente dentro dos bares. Na Patroc\u00ednio, o agito se concentra mais no entorno do Opini\u00e3o, nas esquinas da Lopo Gon\u00e7alves e da Joaquim Nabuco. Por ali, se consegue um litro de cerveja popular nacional \u2013 vulgo litr\u00e3o, vulgo Danone \u2013 a partir de oito pila. Quatro, se tu tiver parceria para dividir. E serve uma galera.<br \/>\nOs moradores mais conservadores, consideram que a Cidade Baixa \u00e9 um bairro residencial e n\u00e3o querem nem saber de bares, casas noturnas, gente bebendo e falando pelas cal\u00e7adas. Outro grupo, compreende que o bairro \u00e9 misto, residencial e comercial, diurno e noturno, e preferem o di\u00e1logo com os donos de bar para buscar um conv\u00edvio harmonioso. Mas os dois grupos e os donos de bar t\u00eam um consenso: o maior transtorno \u00e9 causado pela muvuca de rua. Pelo pessoal que compra cerveja barata em pequenos estabelecimentos, ou trazem seu pr\u00f3prio trago e bebem pelas cal\u00e7adas.<br \/>\n<figure id=\"attachment_48398\" aria-describedby=\"caption-attachment-48398\" style=\"width: 725px\" class=\"wp-caption alignnone\"><img loading=\"lazy\" decoding=\"async\" class=\"wp-image-48398 size-full\" src=\"https:\/\/www.jornalja.com.br\/wp-content\/uploads\/2017\/05\/CB-Foto-Ricardo-Stricher-18.jpg\" alt=\"\" width=\"725\" height=\"482\" \/><figcaption id=\"caption-attachment-48398\" class=\"wp-caption-text\">A Jo\u00e3o Alfredo ferve, as cal\u00e7adas n\u00e3o d\u00e3o conta do p\u00fablico, que se espalha pela rua \/ Ricardo Stricher<\/figcaption><\/figure><br \/>\nEm um debate recente, um comerciante descreveu o comportamento dos bo\u00eamios de cal\u00e7ada da CB: \u201cparecem uns selvagens\u201d. A descri\u00e7\u00e3o do elemento: jovens, um kit de vodka com energ\u00e9tico, saquinho de gelo derretendo na cal\u00e7ada, baseadinho na roda e, quando poss\u00edvel, um carro de porta-malas aberto tocando funk.<br \/>\nS\u00f3 que este movimento \u00e9 muito mil grau e bomba todo final de semana, fecha a Jo\u00e3o Alfredo e enche ainda outras cal\u00e7adas do bairro. Para melhor compreens\u00e3o, a reportagem achou por bem fazer uma incurs\u00e3o \u00e0 noite dos selvagens.\u00a0 Quem s\u00e3o? De onde v\u00eam? Do que se alimentam? O que os traz \u00e0 Cidade Baixa?<br \/>\n<span class=\"intertit\">23h Vai embrazando<\/span><br \/>\nO Margot j\u00e1 tem fila. O silencio tamb\u00e9m. \u00a0Mas a festa ainda t\u00e1 come\u00e7ando.<br \/>\n<span class=\"intertit\">1h30 Hoje \u00e9 dia de maldade<\/span><br \/>\nA Joao Alfredo ferve. As cal\u00e7adas n\u00e3o d\u00e3o conta do p\u00fablico, que se espalha pela rua. No ponto de maior concentra\u00e7\u00e3o, pr\u00f3ximo ao cruzamento com a Luis Afonso, s\u00f3 passa um carro por vez. Onde tem um bar ou ambulantes vendendo bebida, tem gente em volta. Onde n\u00e3o h\u00e1 com\u00e9rcio, muda a bebida. \u00c9 o kit.<br \/>\n<span class=\"intertit\">2h N\u00e3o olha pro lado quem t\u00e1 passando \u00e9 o bonde<\/span><br \/>\n<figure id=\"attachment_48407\" aria-describedby=\"caption-attachment-48407\" style=\"width: 300px\" class=\"wp-caption alignleft\"><img loading=\"lazy\" decoding=\"async\" class=\"size-medium wp-image-48407\" src=\"https:\/\/www.jornalja.com.br\/wp-content\/uploads\/2017\/05\/Mat\u00e9ria-Cidade-baixa.-foto-Matheus-Chaparini-SMIC-GM-300x169.jpg\" alt=\"\" width=\"300\" height=\"169\" \/><figcaption id=\"caption-attachment-48407\" class=\"wp-caption-text\">Pontualmente \u00e0s 2h, passa o comboio da SMIC e da Guarda Municipal \/ Matheus Chaparini<\/figcaption><\/figure><br \/>\nUma Kombi da Smic passa para conferir a situa\u00e7\u00e3o. O fiscais espicham os olhos pras portas dos bares, pelos vidros fechados do ve\u00edculo. Quatro viaturas da Guarda Municipal v\u00eam atr\u00e1s, dando escolta. O hor\u00e1rio estourou, restam trinta minutos de acr\u00e9scimo para que os estabelecimentos fechem. Pras bandas da Jos\u00e9 do Patroc\u00ednio, a muvuca j\u00e1 diminui.<br \/>\n\u00c0s 2h30 encerra oficialmente o hor\u00e1rio de funcionamento dos bares e muitos deles fecham as portas. Na rua, o movimento \u00e9 igual ou maior do que h\u00e1 uma hora. E nada indica que v\u00e1 diminuir em breve.<br \/>\n<span class=\"intertit\">2h44 Namorar pra qu\u00ea?<\/span><br \/>\nO rep\u00f3rter ziguezagueia dentre a boemia. Pr\u00f3ximo a um carro bombando funk cercado de gente, um rapaz de vinte e pouco anos me aborda. Do nada. O meu! Deixa eu te mostrar o presente que eu ganhei.\u00a0 Uma jaqueta bonita, de marca, que ele vestia. Abra\u00e7ada nele, uma loira baixinha reivindica a autoria: fui eu que dei o presente, n\u00e3o sou a melhor namorada do mundo? Melhor ex-namorada, corrige ele.<br \/>\nMas a\u00ed j\u00e1 \u00e9 assunto por demais complexo para ser abordado nesta reportagem. O rapaz se chama Christian, mora no IAPI e frequenta a Jo\u00e3o Alfredo h\u00e1 dois meses, desde que se separou da mo\u00e7a loira que lhe deu a jaqueta e que comemorava com ele o anivers\u00e1rio.<br \/>\nChristian diz que prefere beber na rua com a gurizada a entrar em casas noturnas. Al\u00e9m disso, tem o pre\u00e7o do ingresso: \u201c\u00e9 uma facada.\u201d<br \/>\n<span class=\"intertit\">2h52 Se tu for pol\u00edcia j\u00e1 era<\/span><br \/>\n<figure id=\"attachment_48406\" aria-describedby=\"caption-attachment-48406\" style=\"width: 300px\" class=\"wp-caption alignleft\"><img loading=\"lazy\" decoding=\"async\" class=\"size-medium wp-image-48406\" src=\"https:\/\/www.jornalja.com.br\/wp-content\/uploads\/2017\/05\/Mat\u00e9ria-Cidade-baixa.-Pixo-Anormal.-foto-Matheus-Chaparini-14-300x169.jpg\" alt=\"\" width=\"300\" height=\"169\" \/><figcaption id=\"caption-attachment-48406\" class=\"wp-caption-text\">&#8220;Aqui re\u00fane toda galera do pixo&#8221;\/ Matheus Chaparini<\/figcaption><\/figure><br \/>\nNa parede, ele assina Panga. E prefere se identificar assim na reportagem. Mora no Iapi e frequenta a Jo\u00e3o Alfredo \u201cporque aqui re\u00fane toda a galera do pixo.\u201d Conversa tranquilamente com a reportagem, mas no final indaga: tu n\u00e3o \u00e9 pol\u00edcia, n\u00e9\u00bf N\u00e3o, sou rep\u00f3rter. Bom, se tu for pol\u00edcia j\u00e1 era, j\u00e1 falei mesmo, diz Panga, dando de ombros, j\u00e1 embalado por dois litros de vinho. Combinou com de encontrar um amigo, mas levou camb\u00e3o e teve de beber sozinho o que serviria para dois.<br \/>\nNa esquina da Luis afonso, o odor ur\u00ednico \u00e9 fragrante.<br \/>\nMais adiante, dois jovens picham a fachada de um bar com um canet\u00e3o. Emanueu \u00e9 um deles. Na parede, ele \u00e9 o Anormal. Mora da Vila Farrapos, frequenta bares da Zona Norte, mas tamb\u00e9m cola na Jo\u00e3o Alfredo h\u00e1 pelo menos cinco anos, \u201cporque aqui se re\u00fanem todas etnias, \u00e9 todo mundo junto.\u201d A maioria pixa com caneta, \u201cmas o spray t\u00e1 sempre junto.\u201d Nesse grupo, o drink \u00e9 a cacha\u00e7a com suco tang. \u201cE \u00e1gua, em pequenas doses.\u201d<br \/>\n<span class=\"intertit\">3h14 Oh, novinha eu quero te ver contente<\/span><br \/>\nIai\u00e1 \u00e9 frequentadora desde 2013. O rol\u00ea era o seguinte: aquecimento na Jo\u00e3o, depois Jos\u00e9 do Patroc\u00ednio, esquina do Opini\u00e3o, o segundo tempo. Uma sequencia de reclama\u00e7\u00f5es de moradores e abordagens policiais acabou com a migra\u00e7\u00e3o. \u201cComo j\u00e1 tem aglomera\u00e7\u00e3o com as filas dos bares, fica tudo misturado.\u201d Aos dezenove, faz cursinho pr\u00e9-vestibular. Antes disso, trabalhava como telefonista, atendendo emerg\u00eancias da SAMU em turnos de 12h.<br \/>\nCom a verba curta para entrar nas casas noturnas, a op\u00e7\u00e3o de lazer \u00e9 beber kit na cal\u00e7ada.<br \/>\nA grana \u00e9 o principal motivo pelo qual prefere fazer sua festa na rua. Dentro dos bares, ela diz, a bebida \u00e9 muito cara. Al\u00e9m do que, \u201co rol\u00ea da rua \u00e9 bem melhor.\u201d Iai\u00e1 conta que j\u00e1 encerrou os trabalhos \u00e0s 5h com a rua ainda cheia e, em outra ocasi\u00e3o, \u00e0s 7h, ainda com os \u00faltimos inimigos do fim tomando a saideiria.<br \/>\nAqui o drink \u00e9 o cl\u00e1ssico kit. Com a chegada do frio, o vinho tamb\u00e9m ganha espa\u00e7o.<br \/>\nComento que h\u00e1 v\u00e1rias reclama\u00e7\u00f5es de moradores \u00e0 prefeitura e \u00e0 Brigada. \u201cQuando tu escolhe onde morar tu j\u00e1 sabe se vai ter barulho. Eu moro na Santana justamente por isso: sossego.\u201d<br \/>\n<span class=\"intertit\">3h48 Aumenta o volume que \u00e9 rap do bom<\/span><br \/>\n<figure id=\"attachment_48307\" aria-describedby=\"caption-attachment-48307\" style=\"width: 300px\" class=\"wp-caption alignleft\"><img loading=\"lazy\" decoding=\"async\" class=\"size-medium wp-image-48307\" src=\"https:\/\/www.jornalja.com.br\/wp-content\/uploads\/2017\/05\/Mat\u00e9ria-Cidade-baixa.-foto-Matheus-Chaparini-Zandrio-300x169.jpg\" alt=\"\" width=\"300\" height=\"169\" \/><figcaption id=\"caption-attachment-48307\" class=\"wp-caption-text\">Zandrio, rap nos palcos e nas cal\u00e7adas \/ Matheus Chaparini<\/figcaption><\/figure><br \/>\nZandrio aparentava des\u00e2nimo. Tinha show marcado com seu grupo de rap, Pilaghetto, em uma casa noturna da Cidade Baixa. A apresenta\u00e7\u00e3o foi cancelada de \u00faltima hora por problemas t\u00e9cnicos da casa. Restou a cal\u00e7ada como palco. Yago Zandrio \u00e9 rapper. Se divide entre apresenta\u00e7\u00f5es fechadas e rimas na rua. Gosta de freestyle e frequenta batalhas de rima. Ele conta que por ali se re\u00fanem v\u00e1rios rappers e, mesmo sem um evento formal, os MCs se encontram e duelam.<br \/>\n\u201cS\u00e3o raros os eventos de rap na Cidade Baixa. E quando tem, s\u00e3o produtores que trazem grandes nomes de fora e n\u00e3o d\u00e3o espa\u00e7o aos artistas locais\u201d, critica Zandrio.<br \/>\n<span class=\"intertit\">5h30 No cord\u00e3o da saideira<\/span><br \/>\nDaqui a uma hora \u00e9 manh\u00e3 de domingo. Ultima incurs\u00e3o da reportagem pelas ruas do bairro bo\u00eamio. Na Patroc\u00ednio, quase nada. Na esquina da Lima e Silva com a Rep\u00fablica, ainda tem lugar aberto para comer um xis ou tomar a saideira depois da boate. H\u00e1 alguns grupos de moradores de rua acordados. A noite est\u00e1 fria, congela a cara, encaranga as m\u00e3os. Invi\u00e1vel dormir sem um teto e paredes.<br \/>\nNa Jo\u00e3o Alfredo, a festa segue. Um carro toca m\u00fasica eletr\u00f4nica em alto volume, um rapper improvisa versos e v\u00e1rios grupos persistem. Mais de cem pessoas, tranquilamente. A noite s\u00f3 acaba quando termina. Mas esta reportagem acaba aqui.<br \/>\n<figure id=\"attachment_48401\" aria-describedby=\"caption-attachment-48401\" style=\"width: 725px\" class=\"wp-caption alignnone\"><img loading=\"lazy\" decoding=\"async\" class=\"wp-image-48401 size-full\" src=\"https:\/\/www.jornalja.com.br\/wp-content\/uploads\/2017\/05\/CB-Foto-Ricardo-Stricher-16.jpg\" alt=\"\" width=\"725\" height=\"482\" \/><figcaption id=\"caption-attachment-48401\" class=\"wp-caption-text\">Na hora em que fecham os bares, a festa da rua segue forte \/\u00a0Ricardo Stricher<\/figcaption><\/figure><\/p>\n","protected":false},"excerpt":{"rendered":"<p>Matheus Chaparini S\u00e3o seis e pouco de um s\u00e1bado qualquer. Anoitece em Porto Alegre. Na Jo\u00e3o Alfredo, as casas noturnas come\u00e7am o expediente interno para abrir as portas em algumas horas. Alguns moradores ainda circulam pelas ruas do bairro, com o mate debaixo do bra\u00e7o e piazada na volta. At\u00e9 aqui, o ambiente \u00e9 calmo [&hellip;]<\/p>\n","protected":false},"author":4,"featured_media":48399,"comment_status":"open","ping_status":"closed","sticky":false,"template":"","format":"standard","meta":{"_jetpack_newsletter_access":"","_jetpack_dont_email_post_to_subs":false,"_jetpack_newsletter_tier_id":0,"_jetpack_memberships_contains_paywalled_content":false,"_jetpack_feature_clip_id":0,"_jetpack_memberships_contains_paid_content":false,"footnotes":"","jetpack_post_was_ever_published":false},"categories":[26],"tags":[],"class_list":["post-48405","post","type-post","status-publish","format-standard","has-post-thumbnail","hentry","category-geral"],"aioseo_notices":[],"aioseo_head":"\n\t\t<!-- All in One SEO 5.0.1.1 - aioseo.com -->\n\t<meta name=\"robots\" content=\"max-image-preview:large\" \/>\n\t<meta name=\"author\" content=\"da Reda\u00e7\u00e3o\"\/>\n\t<link rel=\"canonical\" href=\"https:\/\/www.jornalja.com.br\/arquivo\/na-noite-selvagem-da-cidade-baixa\/\" \/>\n\t<meta name=\"generator\" content=\"All in One SEO (AIOSEO) 5.0.1.1\" \/>\n\t\t<meta property=\"og:locale\" content=\"pt_BR\" \/>\n\t\t<meta property=\"og:site_name\" content=\"Arquivo | Jornal J\u00c1 | Porto Alegre\" \/>\n\t\t<meta property=\"og:type\" content=\"article\" \/>\n\t\t<meta property=\"og:title\" content=\"Na noite selvagem da Cidade Baixa | Arquivo\" \/>\n\t\t<meta property=\"og:url\" content=\"https:\/\/www.jornalja.com.br\/arquivo\/na-noite-selvagem-da-cidade-baixa\/\" \/>\n\t\t<meta property=\"og:image\" content=\"https:\/\/www.jornalja.com.br\/wp-content\/uploads\/2017\/05\/CB-Foto-Ricardo-Stricher-18.jpg\" \/>\n\t\t<meta property=\"og:image:secure_url\" content=\"https:\/\/www.jornalja.com.br\/wp-content\/uploads\/2017\/05\/CB-Foto-Ricardo-Stricher-18.jpg\" \/>\n\t\t<meta property=\"article:published_time\" content=\"2017-05-13T02:50:03+00:00\" \/>\n\t\t<meta property=\"article:modified_time\" content=\"2017-05-13T02:50:03+00:00\" \/>\n\t\t<meta name=\"twitter:card\" content=\"summary\" \/>\n\t\t<meta name=\"twitter:title\" content=\"Na noite selvagem da Cidade Baixa | Arquivo\" \/>\n\t\t<meta name=\"twitter:image\" content=\"https:\/\/www.jornalja.com.br\/economics\/wp-content\/uploads\/sites\/11\/2026\/08\/ja-folhaderosto-facebook.jpg\" \/>\n\t\t<script type=\"application\/ld+json\" class=\"aioseo-schema\">\n\t\t\t{\"@context\":\"https:\\\/\\\/schema.org\",\"@graph\":[{\"@type\":\"BlogPosting\",\"@id\":\"https:\\\/\\\/www.jornalja.com.br\\\/arquivo\\\/na-noite-selvagem-da-cidade-baixa\\\/#blogposting\",\"name\":\"Na noite selvagem da Cidade Baixa | Arquivo\",\"headline\":\"Na noite selvagem da Cidade Baixa\",\"author\":{\"@id\":\"https:\\\/\\\/www.jornalja.com.br\\\/arquivo\\\/author\\\/daredacao\\\/#author\"},\"publisher\":{\"@id\":\"https:\\\/\\\/www.jornalja.com.br\\\/arquivo\\\/#organization\"},\"image\":{\"@type\":\"ImageObject\",\"url\":48399},\"datePublished\":\"2017-05-12T23:50:03-03:00\",\"dateModified\":\"2017-05-12T23:50:03-03:00\",\"inLanguage\":\"pt-BR\",\"commentCount\":1,\"mainEntityOfPage\":{\"@id\":\"https:\\\/\\\/www.jornalja.com.br\\\/arquivo\\\/na-noite-selvagem-da-cidade-baixa\\\/#webpage\"},\"isPartOf\":{\"@id\":\"https:\\\/\\\/www.jornalja.com.br\\\/arquivo\\\/na-noite-selvagem-da-cidade-baixa\\\/#webpage\"},\"articleSection\":\"Geral\"},{\"@type\":\"BreadcrumbList\",\"@id\":\"https:\\\/\\\/www.jornalja.com.br\\\/arquivo\\\/na-noite-selvagem-da-cidade-baixa\\\/#breadcrumblist\",\"itemListElement\":[{\"@type\":\"ListItem\",\"@id\":\"https:\\\/\\\/www.jornalja.com.br\\\/arquivo#listItem\",\"position\":1,\"name\":\"Home\",\"item\":\"https:\\\/\\\/www.jornalja.com.br\\\/arquivo\",\"nextItem\":{\"@type\":\"ListItem\",\"@id\":\"https:\\\/\\\/www.jornalja.com.br\\\/arquivo\\\/category\\\/geral\\\/#listItem\",\"name\":\"Geral\"}},{\"@type\":\"ListItem\",\"@id\":\"https:\\\/\\\/www.jornalja.com.br\\\/arquivo\\\/category\\\/geral\\\/#listItem\",\"position\":2,\"name\":\"Geral\",\"item\":\"https:\\\/\\\/www.jornalja.com.br\\\/arquivo\\\/category\\\/geral\\\/\",\"nextItem\":{\"@type\":\"ListItem\",\"@id\":\"https:\\\/\\\/www.jornalja.com.br\\\/arquivo\\\/na-noite-selvagem-da-cidade-baixa\\\/#listItem\",\"name\":\"Na noite selvagem da Cidade Baixa\"},\"previousItem\":{\"@type\":\"ListItem\",\"@id\":\"https:\\\/\\\/www.jornalja.com.br\\\/arquivo#listItem\",\"name\":\"Home\"}},{\"@type\":\"ListItem\",\"@id\":\"https:\\\/\\\/www.jornalja.com.br\\\/arquivo\\\/na-noite-selvagem-da-cidade-baixa\\\/#listItem\",\"position\":3,\"name\":\"Na noite selvagem da Cidade Baixa\",\"previousItem\":{\"@type\":\"ListItem\",\"@id\":\"https:\\\/\\\/www.jornalja.com.br\\\/arquivo\\\/category\\\/geral\\\/#listItem\",\"name\":\"Geral\"}}]},{\"@type\":\"Organization\",\"@id\":\"https:\\\/\\\/www.jornalja.com.br\\\/arquivo\\\/#organization\",\"name\":\"Jornal J\\u00c1\",\"description\":\"Jornal J\\u00c1 | Porto Alegre\",\"url\":\"https:\\\/\\\/www.jornalja.com.br\\\/arquivo\\\/\",\"telephone\":\"+555133307272\",\"logo\":{\"@type\":\"ImageObject\",\"url\":\"https:\\\/\\\/www.jornalja.com.br\\\/wp-content\\\/uploads\\\/cards\\\/JAslogan.png\",\"@id\":\"https:\\\/\\\/www.jornalja.com.br\\\/arquivo\\\/na-noite-selvagem-da-cidade-baixa\\\/#organizationLogo\"},\"image\":{\"@id\":\"https:\\\/\\\/www.jornalja.com.br\\\/arquivo\\\/na-noite-selvagem-da-cidade-baixa\\\/#organizationLogo\"}},{\"@type\":\"Person\",\"@id\":\"https:\\\/\\\/www.jornalja.com.br\\\/arquivo\\\/author\\\/daredacao\\\/#author\",\"url\":\"https:\\\/\\\/www.jornalja.com.br\\\/arquivo\\\/author\\\/daredacao\\\/\",\"name\":\"da Reda\\u00e7\\u00e3o\",\"image\":{\"@type\":\"ImageObject\",\"@id\":\"https:\\\/\\\/www.jornalja.com.br\\\/arquivo\\\/na-noite-selvagem-da-cidade-baixa\\\/#authorImage\",\"url\":\"https:\\\/\\\/secure.gravatar.com\\\/avatar\\\/469fd857d6605ad19919d27ed29d35a968a25f6e8fd9318356bbb7f57aae9c65?s=96&d=mm&r=g\",\"width\":96,\"height\":96,\"caption\":\"da Reda\\u00e7\\u00e3o\"}},{\"@type\":\"WebPage\",\"@id\":\"https:\\\/\\\/www.jornalja.com.br\\\/arquivo\\\/na-noite-selvagem-da-cidade-baixa\\\/#webpage\",\"url\":\"https:\\\/\\\/www.jornalja.com.br\\\/arquivo\\\/na-noite-selvagem-da-cidade-baixa\\\/\",\"name\":\"Na noite selvagem da Cidade Baixa | Arquivo\",\"inLanguage\":\"pt-BR\",\"isPartOf\":{\"@id\":\"https:\\\/\\\/www.jornalja.com.br\\\/arquivo\\\/#website\"},\"breadcrumb\":{\"@id\":\"https:\\\/\\\/www.jornalja.com.br\\\/arquivo\\\/na-noite-selvagem-da-cidade-baixa\\\/#breadcrumblist\"},\"author\":{\"@id\":\"https:\\\/\\\/www.jornalja.com.br\\\/arquivo\\\/author\\\/daredacao\\\/#author\"},\"creator\":{\"@id\":\"https:\\\/\\\/www.jornalja.com.br\\\/arquivo\\\/author\\\/daredacao\\\/#author\"},\"image\":{\"@type\":\"ImageObject\",\"url\":48399,\"@id\":\"https:\\\/\\\/www.jornalja.com.br\\\/arquivo\\\/na-noite-selvagem-da-cidade-baixa\\\/#mainImage\"},\"primaryImageOfPage\":{\"@id\":\"https:\\\/\\\/www.jornalja.com.br\\\/arquivo\\\/na-noite-selvagem-da-cidade-baixa\\\/#mainImage\"},\"datePublished\":\"2017-05-12T23:50:03-03:00\",\"dateModified\":\"2017-05-12T23:50:03-03:00\"},{\"@type\":\"WebSite\",\"@id\":\"https:\\\/\\\/www.jornalja.com.br\\\/arquivo\\\/#website\",\"url\":\"https:\\\/\\\/www.jornalja.com.br\\\/arquivo\\\/\",\"name\":\"Arquivo\",\"description\":\"Jornal J\\u00c1 | Porto Alegre\",\"inLanguage\":\"pt-BR\",\"publisher\":{\"@id\":\"https:\\\/\\\/www.jornalja.com.br\\\/arquivo\\\/#organization\"}}]}\n\t\t<\/script>\n\t\t<!-- All in One SEO -->\n\n","aioseo_head_json":{"title":"Na noite selvagem da Cidade Baixa | Arquivo","description":"","canonical_url":"https:\/\/www.jornalja.com.br\/arquivo\/na-noite-selvagem-da-cidade-baixa\/","robots":"max-image-preview:large","keywords":"","webmasterTools":{"miscellaneous":""},"schema":{"@context":"https:\/\/schema.org","@graph":[{"@type":"BlogPosting","@id":"https:\/\/www.jornalja.com.br\/arquivo\/na-noite-selvagem-da-cidade-baixa\/#blogposting","name":"Na noite selvagem da Cidade Baixa | Arquivo","headline":"Na noite selvagem da Cidade Baixa","author":{"@id":"https:\/\/www.jornalja.com.br\/arquivo\/author\/daredacao\/#author"},"publisher":{"@id":"https:\/\/www.jornalja.com.br\/arquivo\/#organization"},"image":{"@type":"ImageObject","url":48399},"datePublished":"2017-05-12T23:50:03-03:00","dateModified":"2017-05-12T23:50:03-03:00","inLanguage":"pt-BR","commentCount":1,"mainEntityOfPage":{"@id":"https:\/\/www.jornalja.com.br\/arquivo\/na-noite-selvagem-da-cidade-baixa\/#webpage"},"isPartOf":{"@id":"https:\/\/www.jornalja.com.br\/arquivo\/na-noite-selvagem-da-cidade-baixa\/#webpage"},"articleSection":"Geral"},{"@type":"BreadcrumbList","@id":"https:\/\/www.jornalja.com.br\/arquivo\/na-noite-selvagem-da-cidade-baixa\/#breadcrumblist","itemListElement":[{"@type":"ListItem","@id":"https:\/\/www.jornalja.com.br\/arquivo#listItem","position":1,"name":"Home","item":"https:\/\/www.jornalja.com.br\/arquivo","nextItem":{"@type":"ListItem","@id":"https:\/\/www.jornalja.com.br\/arquivo\/category\/geral\/#listItem","name":"Geral"}},{"@type":"ListItem","@id":"https:\/\/www.jornalja.com.br\/arquivo\/category\/geral\/#listItem","position":2,"name":"Geral","item":"https:\/\/www.jornalja.com.br\/arquivo\/category\/geral\/","nextItem":{"@type":"ListItem","@id":"https:\/\/www.jornalja.com.br\/arquivo\/na-noite-selvagem-da-cidade-baixa\/#listItem","name":"Na noite selvagem da Cidade Baixa"},"previousItem":{"@type":"ListItem","@id":"https:\/\/www.jornalja.com.br\/arquivo#listItem","name":"Home"}},{"@type":"ListItem","@id":"https:\/\/www.jornalja.com.br\/arquivo\/na-noite-selvagem-da-cidade-baixa\/#listItem","position":3,"name":"Na noite selvagem da Cidade Baixa","previousItem":{"@type":"ListItem","@id":"https:\/\/www.jornalja.com.br\/arquivo\/category\/geral\/#listItem","name":"Geral"}}]},{"@type":"Organization","@id":"https:\/\/www.jornalja.com.br\/arquivo\/#organization","name":"Jornal J\u00c1","description":"Jornal J\u00c1 | Porto Alegre","url":"https:\/\/www.jornalja.com.br\/arquivo\/","telephone":"+555133307272","logo":{"@type":"ImageObject","url":"https:\/\/www.jornalja.com.br\/wp-content\/uploads\/cards\/JAslogan.png","@id":"https:\/\/www.jornalja.com.br\/arquivo\/na-noite-selvagem-da-cidade-baixa\/#organizationLogo"},"image":{"@id":"https:\/\/www.jornalja.com.br\/arquivo\/na-noite-selvagem-da-cidade-baixa\/#organizationLogo"}},{"@type":"Person","@id":"https:\/\/www.jornalja.com.br\/arquivo\/author\/daredacao\/#author","url":"https:\/\/www.jornalja.com.br\/arquivo\/author\/daredacao\/","name":"da Reda\u00e7\u00e3o","image":{"@type":"ImageObject","@id":"https:\/\/www.jornalja.com.br\/arquivo\/na-noite-selvagem-da-cidade-baixa\/#authorImage","url":"https:\/\/secure.gravatar.com\/avatar\/469fd857d6605ad19919d27ed29d35a968a25f6e8fd9318356bbb7f57aae9c65?s=96&d=mm&r=g","width":96,"height":96,"caption":"da Reda\u00e7\u00e3o"}},{"@type":"WebPage","@id":"https:\/\/www.jornalja.com.br\/arquivo\/na-noite-selvagem-da-cidade-baixa\/#webpage","url":"https:\/\/www.jornalja.com.br\/arquivo\/na-noite-selvagem-da-cidade-baixa\/","name":"Na noite selvagem da Cidade Baixa | Arquivo","inLanguage":"pt-BR","isPartOf":{"@id":"https:\/\/www.jornalja.com.br\/arquivo\/#website"},"breadcrumb":{"@id":"https:\/\/www.jornalja.com.br\/arquivo\/na-noite-selvagem-da-cidade-baixa\/#breadcrumblist"},"author":{"@id":"https:\/\/www.jornalja.com.br\/arquivo\/author\/daredacao\/#author"},"creator":{"@id":"https:\/\/www.jornalja.com.br\/arquivo\/author\/daredacao\/#author"},"image":{"@type":"ImageObject","url":48399,"@id":"https:\/\/www.jornalja.com.br\/arquivo\/na-noite-selvagem-da-cidade-baixa\/#mainImage"},"primaryImageOfPage":{"@id":"https:\/\/www.jornalja.com.br\/arquivo\/na-noite-selvagem-da-cidade-baixa\/#mainImage"},"datePublished":"2017-05-12T23:50:03-03:00","dateModified":"2017-05-12T23:50:03-03:00"},{"@type":"WebSite","@id":"https:\/\/www.jornalja.com.br\/arquivo\/#website","url":"https:\/\/www.jornalja.com.br\/arquivo\/","name":"Arquivo","description":"Jornal J\u00c1 | Porto Alegre","inLanguage":"pt-BR","publisher":{"@id":"https:\/\/www.jornalja.com.br\/arquivo\/#organization"}}]},"og:locale":"pt_BR","og:site_name":"Arquivo | Jornal J\u00c1 | Porto Alegre","og:type":"article","og:title":"Na noite selvagem da Cidade Baixa | Arquivo","og:url":"https:\/\/www.jornalja.com.br\/arquivo\/na-noite-selvagem-da-cidade-baixa\/","og:image":"https:\/\/www.jornalja.com.br\/wp-content\/uploads\/2017\/05\/CB-Foto-Ricardo-Stricher-18.jpg","og:image:secure_url":"https:\/\/www.jornalja.com.br\/wp-content\/uploads\/2017\/05\/CB-Foto-Ricardo-Stricher-18.jpg","article:published_time":"2017-05-13T02:50:03+00:00","article:modified_time":"2017-05-13T02:50:03+00:00","twitter:card":"summary","twitter:title":"Na noite selvagem da Cidade Baixa | Arquivo","twitter:image":"https:\/\/www.jornalja.com.br\/economics\/wp-content\/uploads\/sites\/11\/2026\/08\/ja-folhaderosto-facebook.jpg"},"aioseo_meta_data":{"post_id":"48405","title":null,"description":null,"keywords":null,"keyphrases":null,"primary_term":null,"canonical_url":null,"og_title":null,"og_description":null,"og_object_type":"default","og_image_type":"default","og_image_url":null,"og_image_width":null,"og_image_height":null,"og_image_custom_url":null,"og_image_custom_fields":null,"og_video":null,"og_custom_url":null,"og_article_section":null,"og_article_tags":null,"twitter_use_og":false,"twitter_card":"default","twitter_image_type":"default","twitter_image_url":null,"twitter_image_custom_url":null,"twitter_image_custom_fields":null,"twitter_title":null,"twitter_description":null,"schema":{"blockGraphs":[],"customGraphs":[],"default":{"data":{"Article":[],"Course":[],"Dataset":[],"FAQPage":[],"Movie":[],"Person":[],"Product":[],"ProductReview":[],"Car":[],"Recipe":[],"Service":[],"SoftwareApplication":[],"WebPage":[]},"graphName":"","isEnabled":true},"graphs":[]},"schema_type":null,"schema_type_options":null,"pillar_content":false,"robots_default":true,"robots_noindex":false,"robots_noarchive":false,"robots_nosnippet":false,"robots_nofollow":false,"robots_noimageindex":false,"robots_noodp":false,"robots_notranslate":false,"robots_max_snippet":null,"robots_max_videopreview":null,"robots_max_imagepreview":"large","priority":null,"frequency":null,"location":null,"local_seo":null,"breadcrumb_settings":null,"limit_modified_date":false,"ai":null,"created":"2020-12-20 20:35:21","updated":"2025-07-19 21:33:53","seo_analyzer_scan_date":null,"focus_keyword":null,"additional_keywords":null,"truseo_locale":null},"jetpack_sharing_enabled":true,"jetpack-related-posts":[{"id":13109,"url":"https:\/\/www.jornalja.com.br\/arquivo\/judiciario-reconhece-poluicao-eletromagnetica\/","url_meta":{"origin":48405,"position":0},"title":"Judici\u00e1rio reconhece polui\u00e7\u00e3o eletromagn\u00e9tica","author":"Patr\u00edcia Marini","date":"16 de maio de 2014","format":false,"excerpt":"A\u00e7\u00e3o de duas associa\u00e7\u00f5es de moradores foi acolhida pelo Tribunal de Justi\u00e7a de S\u00e3o Paulo que. em decis\u00e3o in\u00e9dita, determinou a redu\u00e7\u00e3o do campo eletromagn\u00e9tico gerado pelas linhas de transmiss\u00e3o de energia que cortam os bairros City Boa\u00e7ava e Alto de Pinheiros. \u00c9 a primeira vez que um tribunal do\u2026","rel":"","context":"Em &quot;X.Categorias velhas&quot;","block_context":{"text":"X.Categorias velhas","link":"https:\/\/www.jornalja.com.br\/arquivo\/category\/x-categorias-velhas\/"},"img":{"alt_text":"","src":"","width":0,"height":0},"classes":[]},{"id":14241,"url":"https:\/\/www.jornalja.com.br\/arquivo\/o-guaiba-nas-imagens-poeticas-de-achutti\/","url_meta":{"origin":48405,"position":1},"title":"O Gua\u00edba nas imagens po\u00e9ticas de Achutti","author":"da Reda\u00e7\u00e3o","date":"18 de junho de 2014","format":false,"excerpt":"Em \u201cO Gua\u00edba por Achutti\u201d \u2013 obra financiada via Minist\u00e9rio da Cultura, produ\u00e7\u00e3o executiva de Pedro Longhi, e Fl\u00e1vio Wild como designer \u2013, o fot\u00f3grafo revela a beleza e as mazelas de um espa\u00e7o aqu\u00e1tico de \u00e1guas sempre renovadas, cheio de hist\u00f3rias e lendas como as das cidades que foram\u2026","rel":"","context":"Em &quot;Cultura-Geral&quot;","block_context":{"text":"Cultura-Geral","link":"https:\/\/www.jornalja.com.br\/arquivo\/category\/materiasecundaria\/"},"img":{"alt_text":"","src":"","width":0,"height":0},"classes":[]},{"id":13239,"url":"https:\/\/www.jornalja.com.br\/arquivo\/conselho-desdenha-do-plano-diretor\/","url_meta":{"origin":48405,"position":2},"title":"Porto Alegre: Conselho detona Plano Diretor","author":"Patr\u00edcia Marini","date":"25 de maio de 2014","format":false,"excerpt":"Den\u00fancia do arquiteto e \u00a0urbanista Ibir\u00e1 Santos Lucas. Ele diz que os conselheiros est\u00e3o votando com \"enorme irresponsabilidade\". \"Mudam regime com a maior naturalidade,,,regularizam absurdos de constru\u00e7\u00f5es irregulares... \"O CMDUA est\u00e1 flexibilizando a lei do plano diretor, de uma forma impactante na vida da cidade. Mudam regime com a maior\u2026","rel":"","context":"Em &quot;Geral&quot;","block_context":{"text":"Geral","link":"https:\/\/www.jornalja.com.br\/arquivo\/category\/geral\/"},"img":{"alt_text":"","src":"","width":0,"height":0},"classes":[]},{"id":5440,"url":"https:\/\/www.jornalja.com.br\/arquivo\/casarao-da-venancio-destino-permanece-incerto\/","url_meta":{"origin":48405,"position":3},"title":"Estado ainda n\u00e3o sabe o que fazer com casar\u00e3o abandonado h\u00e1 20 anos","author":"Elmar Bones","date":"6 de julho de 2009","format":false,"excerpt":"O casar\u00e3o amarelo, numa esquina nobre de Porto Alegre (Ven\u00e2ncio Aires com Jo\u00e3o Pessoa), j\u00e1 abrigou uma escola. H\u00e1 duas d\u00e9cadas, pelo menos, est\u00e1 abandonado, porque seu propriet\u00e1rio, o governo do Estado do Rio Grande do Sul, n\u00e3o consegue achar um destino para ele. Planos n\u00e3o faltaram. O governador Ol\u00edvio\u2026","rel":"","context":"Em &quot;X.Categorias velhas&quot;","block_context":{"text":"X.Categorias velhas","link":"https:\/\/www.jornalja.com.br\/arquivo\/category\/x-categorias-velhas\/"},"img":{"alt_text":"geraldo1","src":"https:\/\/i0.wp.com\/www.jornalja.com.br\/wp-content\/uploads\/2009\/07\/geraldo1.jpg?resize=350%2C200&ssl=1","width":350,"height":200},"classes":[]},{"id":13124,"url":"https:\/\/www.jornalja.com.br\/arquivo\/sangue-latino-no-iecine\/","url_meta":{"origin":48405,"position":4},"title":"Sangue latino no IECINE","author":"da Reda\u00e7\u00e3o","date":"18 de maio de 2014","format":false,"excerpt":"Francisco Ribeiro O Instituto Estadual de Cinema (IECINE) tem a frente, desde abril \u00faltimo, um novo diretor, o cineasta colombiano Juan Zapata, 36, que substitui Luiz Alberto Cassol. Radicado h\u00e1 dez anos em Porto Alegre, Zapata tem diante de si o desafio de conduzir at\u00e9 o final do ano um\u2026","rel":"","context":"Em &quot;Cultura-Geral&quot;","block_context":{"text":"Cultura-Geral","link":"https:\/\/www.jornalja.com.br\/arquivo\/category\/materiasecundaria\/"},"img":{"alt_text":"","src":"","width":0,"height":0},"classes":[]},{"id":13101,"url":"https:\/\/www.jornalja.com.br\/arquivo\/morre-um-guerreiro-do-texto\/","url_meta":{"origin":48405,"position":5},"title":"Morre um guerreiro do texto","author":"Patr\u00edcia Marini","date":"14 de maio de 2014","format":false,"excerpt":"Por Ricardo Kotscho Reproduzido do blog do autor, 11\/5\/2014; t\u00edtulo original \u201cE l\u00e1 se foi o nosso Myltainho, guerreiro do texto\u201d. Mi\u00fado e franzino, meu amigo Myltainho era um valente e inconformado guerreiro na luta contra as injusti\u00e7as sociais, a hipocrisia, as maracutaias, o autoritarismo, a intoler\u00e2ncia, a viol\u00eancia, o\u2026","rel":"","context":"Em &quot;Geral&quot;","block_context":{"text":"Geral","link":"https:\/\/www.jornalja.com.br\/arquivo\/category\/geral\/"},"img":{"alt_text":"","src":"","width":0,"height":0},"classes":[]}],"jetpack_shortlink":"https:\/\/wp.me\/pbQjBd-cAJ","jetpack_featured_media_url":"","_links":{"self":[{"href":"https:\/\/www.jornalja.com.br\/arquivo\/wp-json\/wp\/v2\/posts\/48405","targetHints":{"allow":["GET"]}}],"collection":[{"href":"https:\/\/www.jornalja.com.br\/arquivo\/wp-json\/wp\/v2\/posts"}],"about":[{"href":"https:\/\/www.jornalja.com.br\/arquivo\/wp-json\/wp\/v2\/types\/post"}],"author":[{"embeddable":true,"href":"https:\/\/www.jornalja.com.br\/arquivo\/wp-json\/wp\/v2\/users\/4"}],"replies":[{"embeddable":true,"href":"https:\/\/www.jornalja.com.br\/arquivo\/wp-json\/wp\/v2\/comments?post=48405"}],"version-history":[{"count":0,"href":"https:\/\/www.jornalja.com.br\/arquivo\/wp-json\/wp\/v2\/posts\/48405\/revisions"}],"wp:attachment":[{"href":"https:\/\/www.jornalja.com.br\/arquivo\/wp-json\/wp\/v2\/media?parent=48405"}],"wp:term":[{"taxonomy":"category","embeddable":true,"href":"https:\/\/www.jornalja.com.br\/arquivo\/wp-json\/wp\/v2\/categories?post=48405"},{"taxonomy":"post_tag","embeddable":true,"href":"https:\/\/www.jornalja.com.br\/arquivo\/wp-json\/wp\/v2\/tags?post=48405"}],"curies":[{"name":"wp","href":"https:\/\/api.w.org\/{rel}","templated":true}]}}