{"id":48441,"date":"2017-05-15T00:58:13","date_gmt":"2017-05-15T03:58:13","guid":{"rendered":"https:\/\/www.jornalja.com.br\/?p=48441"},"modified":"2017-05-15T00:58:13","modified_gmt":"2017-05-15T03:58:13","slug":"paim-acumula-o-cargo-de-vice-prefeito-com-a-articulacao-politica","status":"publish","type":"post","link":"https:\/\/www.jornalja.com.br\/arquivo\/paim-acumula-o-cargo-de-vice-prefeito-com-a-articulacao-politica\/","title":{"rendered":"Paim acumula o cargo de vice-prefeito com Articula\u00e7\u00e3o Pol\u00edtica"},"content":{"rendered":"<p>O Partido Progressista (PP) n\u00e3o indicou um novo nome para o lugar de Kevin Krieger, que deixou o governo Marchezan repentinamente h\u00e1 dez dias.<br \/>\nO\u00a0vice-prefeito, Gustavo Paim, do mesmo partido, vai acumular a Secretaria\u00a0de Rela\u00e7\u00f5es Institucionais e Articula\u00e7\u00e3o Pol\u00edtica, a super-pasta que era ocupada por Krieger, que ainda respondia provisoriamente pelo Meio Ambiente, que continua sem titular desde o in\u00edcio da gest\u00e3o.<br \/>\nA not\u00edcia foi divulgada pela prefeitura no domingo. Em nota, informou que caber\u00e1 a Paim \u201cfazer a interlocu\u00e7\u00e3o do governo com todas as entidades locais, regionais, nacionais e internacionais\u201d, em especial com os vereadores.<br \/>\n&#8220;O\u00a0di\u00e1logo ser\u00e1 a base de nossa atua\u00e7\u00e3o com a C\u00e2mara Municipal, com as entidades e com a sociedade civil organizada\u201d, disse Paim, que toma posse nesta segunda-feira (15).<br \/>\nGustavo Paim\u00a0\u00e9 advogado, professor universit\u00e1rio, especialista em gest\u00e3o p\u00fablica, mestre e doutor em direito.<br \/>\n<figure id=\"attachment_48443\" aria-describedby=\"caption-attachment-48443\" style=\"width: 329px\" class=\"wp-caption alignleft\"><img loading=\"lazy\" decoding=\"async\" class=\" wp-image-48443\" src=\"https:\/\/www.jornalja.com.br\/wp-content\/uploads\/2017\/05\/Kevin-Krieger-Marchezan-e-Gustavo-Paim-foto-Ricardo-Giusti-PMPA.jpg\" alt=\"\" width=\"329\" height=\"223\" \/><figcaption id=\"caption-attachment-48443\" class=\"wp-caption-text\">Kevin Krieger (E) quando secret\u00e1rio, com o prefeito Marchezan e o vice, Gustavo Paim \/ Foto: Ricardo Giusti\/PMPA<\/figcaption><\/figure><br \/>\nDepois de ter sido l\u00edder do governo de Jos\u00e9 Fortunati (PDT) na C\u00e2mara, na \u00faltima legislatura, Krieger foi o principal articulador da alian\u00e7a do PP com o PSDB na campanha eleitoral.<br \/>\nA sa\u00edda de Kevin Krieger do secretariado, com pouco mais de 100 dias de governo, foi surpreendente. Vers\u00f5es explicativas se multiplicaram.<\/p>\n<div id=\"pageContainer1\" class=\"page\" data-page-number=\"1\" data-loaded=\"true\">\n<div class=\"textLayer\">\n<div data-canvas-width=\"30.44423266129032\">At\u00e9 coment\u00e1rios sobre uma cena de pugilato, no gabinete onde se deu o desfecho, chegaram \u00e0s redes sociais. Correu o boato de que a briga foi gravada em v\u00eddeo por um guarda\u00a0municipal, mas nada disso se confirma.<\/div>\n<div data-canvas-width=\"486.901889129613\"><\/div>\n<div data-canvas-width=\"602.4849821429806\">A vers\u00e3o oficial, dada pelo ex-secret\u00e1rio,\u00a0tampouco \u00e9 convincente.\u00a0Coordenador da campanha, homem forte do\u00a0governo municipal, na secretaria de Rela\u00e7\u00f5es Institucionais e Articula\u00e7\u00e3o Pol\u00edtica, criada sob medida para ele,\u00a0alegou &#8220;motivos pessoais&#8221;\u00a0para sua<\/div>\n<div data-canvas-width=\"666.1563669509034\">decis\u00e3o. Com um filho rec\u00e9m-nascido, queria ter\u00a0mais tempo para a fam\u00edlia.<\/div>\n<div data-canvas-width=\"512.6922590966128\"><\/div>\n<div data-canvas-width=\"512.6922590966128\">A assessoria de Krieger assegura que sua sa\u00edda foi\u00a0uma decis\u00e3o pessoal do secret\u00e1rio, tomada antes mesmo do in\u00edcio do mandato,\u00a0que a rela\u00e7\u00e3o dele com Marchezan n\u00e3o foi afetada.\u00a0Entretanto, nenhuma das partes fala sobre o\u00a0assunto.<\/div>\n<\/div>\n<\/div>\n<div id=\"pageContainer2\" class=\"page\" data-page-number=\"2\" data-loaded=\"true\">\n<div class=\"canvasWrapper\"><\/div>\n<div class=\"textLayer\">\n<div data-canvas-width=\"714.915170703871\">Semanas antes, Krieger fizera chegar aos jornais seu\u00a0descontentamento. Queixava-se de ter sido\u00a0escanteado do governo, n\u00e3o sendo ouvido em\u00a0quest\u00f5es cruciais da administra\u00e7\u00e3o e na indica\u00e7\u00e3o\u00a0de nomes para ocupar cargos.\u00a0Ele trocou a prefeitura pelo futebol, passando a\u00a0coordenar as categorias de base do Gr\u00eamio.<\/div>\n<div data-canvas-width=\"714.915170703871\"><\/div>\n<div data-canvas-width=\"714.915170703871\">\n<figure id=\"attachment_48445\" aria-describedby=\"caption-attachment-48445\" style=\"width: 132px\" class=\"wp-caption alignleft\"><img loading=\"lazy\" decoding=\"async\" class=\" wp-image-48445\" src=\"https:\/\/www.jornalja.com.br\/wp-content\/uploads\/2017\/05\/marchezan-carlos-fett.jpg\" alt=\"\" width=\"132\" height=\"151\" \/><figcaption id=\"caption-attachment-48445\" class=\"wp-caption-text\">Carlos Fett, do PP \/ PMPA<\/figcaption><\/figure><br \/>\nKevin foi o primeiro secret\u00e1rio a deixar o governo,\u00a0mas n\u00e3o a primeira baixa. No final de mar\u00e7o, Carlos\u00a0Fett deixou o cargo de secret\u00e1rio adjunto de\u00a0Administra\u00e7\u00e3o.\u00a0Fett ocupava cargo em comiss\u00e3o desde o governo\u00a0Jos\u00e9 Fortunati. Em paralelo, era pr\u00f3-reitor de\u00a0assuntos institucionais do Grupo Educacional\u00a0Facinepe, investigado pelo Minist\u00e9rio da Educa\u00e7\u00e3o\u00a0por suspeita de irregularidades em cursos de p\u00f3s-gradua\u00e7\u00e3o. Fett \u00e9 tesoureiro do diret\u00f3rio do Partido\u00a0Progressista.\n<\/div>\n<div data-canvas-width=\"693.1938239985533\"><\/div>\n<div data-canvas-width=\"693.1938239985533\">\n<figure id=\"attachment_48444\" aria-describedby=\"caption-attachment-48444\" style=\"width: 184px\" class=\"wp-caption alignright\"><img loading=\"lazy\" decoding=\"async\" class=\" wp-image-48444\" src=\"https:\/\/www.jornalja.com.br\/wp-content\/uploads\/2017\/05\/Luis-Fernando-Ferreira-ex-carris.jpg\" alt=\"\" width=\"184\" height=\"267\" \/><figcaption id=\"caption-attachment-48444\" class=\"wp-caption-text\">Luis Fernando Ferreira assumiu a presid\u00eancia da Carris por 20 dias \u00a0\/ PMPA<\/figcaption><\/figure><br \/>\nEm fevereiro, a baixa foi na Carris. Ap\u00f3s 20 dias no\u00a0cargo, o presidente nomeado por Marchezan pediu\u00a0para sair. Luis Fernando Ferreira tinha o perfil para\n<\/div>\n<div data-canvas-width=\"532.2733419154356\">\na vaga: empreendedor, selecionado atrav\u00e9s do\u00a0banco de talentos e especializado em gest\u00e3o de\u00a0empresas em crise. Assumiu o posto com a miss\u00e3o\u00a0de reverter os maus resultados e salvar a empresa da amea\u00e7a de privatiza\u00e7\u00e3o. Tamb\u00e9m saiu alegando motivos pessoais.<\/p>\n<div id=\"pageContainer3\" class=\"page\" data-page-number=\"3\" data-loaded=\"true\">\n<div class=\"textLayer\">\n<div data-canvas-width=\"654.0057246426294\"><\/div>\n<div data-canvas-width=\"654.0057246426294\">No quinto m\u00eas de sua gest\u00e3o, Marchezan ainda n\u00e3o tem seu secretariado completo. Tr\u00eas pastas estrat\u00e9gicas ainda n\u00e3o t\u00eam titular: articula\u00e7\u00e3o pol\u00edtica,\u00a0transpar\u00eancia e gest\u00e3o e meio ambiente e\u00a0sustentabilidade<\/div>\n<\/div>\n<\/div>\n<\/div>\n<\/div>\n<\/div>\n","protected":false},"excerpt":{"rendered":"<p>O Partido Progressista (PP) n\u00e3o indicou um novo nome para o lugar de Kevin Krieger, que deixou o governo Marchezan repentinamente h\u00e1 dez dias. O\u00a0vice-prefeito, Gustavo Paim, do mesmo partido, vai acumular a Secretaria\u00a0de Rela\u00e7\u00f5es Institucionais e Articula\u00e7\u00e3o Pol\u00edtica, a super-pasta que era ocupada por Krieger, que ainda respondia provisoriamente pelo Meio Ambiente, que continua [&hellip;]<\/p>\n","protected":false},"author":4,"featured_media":48442,"comment_status":"open","ping_status":"closed","sticky":false,"template":"","format":"standard","meta":{"_jetpack_newsletter_access":"","_jetpack_dont_email_post_to_subs":false,"_jetpack_newsletter_tier_id":0,"_jetpack_memberships_contains_paywalled_content":false,"_jetpack_feature_clip_id":0,"_jetpack_memberships_contains_paid_content":false,"footnotes":"","jetpack_post_was_ever_published":false},"categories":[26],"tags":[],"class_list":["post-48441","post","type-post","status-publish","format-standard","has-post-thumbnail","hentry","category-geral"],"aioseo_notices":[],"aioseo_head":"\n\t\t<!-- All in One SEO 5.0.1.1 - aioseo.com -->\n\t<meta name=\"robots\" content=\"max-image-preview:large\" \/>\n\t<meta name=\"author\" content=\"da Reda\u00e7\u00e3o\"\/>\n\t<link rel=\"canonical\" href=\"https:\/\/www.jornalja.com.br\/arquivo\/paim-acumula-o-cargo-de-vice-prefeito-com-a-articulacao-politica\/\" \/>\n\t<meta name=\"generator\" content=\"All in One SEO (AIOSEO) 5.0.1.1\" \/>\n\t\t<meta property=\"og:locale\" content=\"pt_BR\" \/>\n\t\t<meta property=\"og:site_name\" content=\"Arquivo | Jornal J\u00c1 | Porto Alegre\" \/>\n\t\t<meta property=\"og:type\" content=\"article\" \/>\n\t\t<meta property=\"og:title\" content=\"Paim acumula o cargo de vice-prefeito com Articula\u00e7\u00e3o Pol\u00edtica | Arquivo\" \/>\n\t\t<meta property=\"og:url\" content=\"https:\/\/www.jornalja.com.br\/arquivo\/paim-acumula-o-cargo-de-vice-prefeito-com-a-articulacao-politica\/\" \/>\n\t\t<meta property=\"og:image\" content=\"https:\/\/www.jornalja.com.br\/wp-content\/uploads\/2017\/05\/Kevin-Krieger-Marchezan-e-Gustavo-Paim-foto-Ricardo-Giusti-PMPA.jpg\" \/>\n\t\t<meta property=\"og:image:secure_url\" content=\"https:\/\/www.jornalja.com.br\/wp-content\/uploads\/2017\/05\/Kevin-Krieger-Marchezan-e-Gustavo-Paim-foto-Ricardo-Giusti-PMPA.jpg\" \/>\n\t\t<meta property=\"article:published_time\" content=\"2017-05-15T03:58:13+00:00\" \/>\n\t\t<meta property=\"article:modified_time\" content=\"2017-05-15T03:58:13+00:00\" \/>\n\t\t<meta name=\"twitter:card\" content=\"summary\" \/>\n\t\t<meta name=\"twitter:title\" content=\"Paim acumula o cargo de vice-prefeito com Articula\u00e7\u00e3o Pol\u00edtica | Arquivo\" \/>\n\t\t<meta name=\"twitter:image\" content=\"https:\/\/www.jornalja.com.br\/economics\/wp-content\/uploads\/sites\/11\/2026\/08\/ja-folhaderosto-facebook.jpg\" \/>\n\t\t<script type=\"application\/ld+json\" class=\"aioseo-schema\">\n\t\t\t{\"@context\":\"https:\\\/\\\/schema.org\",\"@graph\":[{\"@type\":\"BlogPosting\",\"@id\":\"https:\\\/\\\/www.jornalja.com.br\\\/arquivo\\\/paim-acumula-o-cargo-de-vice-prefeito-com-a-articulacao-politica\\\/#blogposting\",\"name\":\"Paim acumula o cargo de vice-prefeito com Articula\\u00e7\\u00e3o Pol\\u00edtica | Arquivo\",\"headline\":\"Paim acumula o cargo de vice-prefeito com Articula\\u00e7\\u00e3o Pol\\u00edtica\",\"author\":{\"@id\":\"https:\\\/\\\/www.jornalja.com.br\\\/arquivo\\\/author\\\/daredacao\\\/#author\"},\"publisher\":{\"@id\":\"https:\\\/\\\/www.jornalja.com.br\\\/arquivo\\\/#organization\"},\"image\":{\"@type\":\"ImageObject\",\"url\":48442},\"datePublished\":\"2017-05-15T00:58:13-03:00\",\"dateModified\":\"2017-05-15T00:58:13-03:00\",\"inLanguage\":\"pt-BR\",\"mainEntityOfPage\":{\"@id\":\"https:\\\/\\\/www.jornalja.com.br\\\/arquivo\\\/paim-acumula-o-cargo-de-vice-prefeito-com-a-articulacao-politica\\\/#webpage\"},\"isPartOf\":{\"@id\":\"https:\\\/\\\/www.jornalja.com.br\\\/arquivo\\\/paim-acumula-o-cargo-de-vice-prefeito-com-a-articulacao-politica\\\/#webpage\"},\"articleSection\":\"Geral\"},{\"@type\":\"BreadcrumbList\",\"@id\":\"https:\\\/\\\/www.jornalja.com.br\\\/arquivo\\\/paim-acumula-o-cargo-de-vice-prefeito-com-a-articulacao-politica\\\/#breadcrumblist\",\"itemListElement\":[{\"@type\":\"ListItem\",\"@id\":\"https:\\\/\\\/www.jornalja.com.br\\\/arquivo#listItem\",\"position\":1,\"name\":\"Home\",\"item\":\"https:\\\/\\\/www.jornalja.com.br\\\/arquivo\",\"nextItem\":{\"@type\":\"ListItem\",\"@id\":\"https:\\\/\\\/www.jornalja.com.br\\\/arquivo\\\/category\\\/geral\\\/#listItem\",\"name\":\"Geral\"}},{\"@type\":\"ListItem\",\"@id\":\"https:\\\/\\\/www.jornalja.com.br\\\/arquivo\\\/category\\\/geral\\\/#listItem\",\"position\":2,\"name\":\"Geral\",\"item\":\"https:\\\/\\\/www.jornalja.com.br\\\/arquivo\\\/category\\\/geral\\\/\",\"nextItem\":{\"@type\":\"ListItem\",\"@id\":\"https:\\\/\\\/www.jornalja.com.br\\\/arquivo\\\/paim-acumula-o-cargo-de-vice-prefeito-com-a-articulacao-politica\\\/#listItem\",\"name\":\"Paim acumula o cargo de vice-prefeito com Articula\\u00e7\\u00e3o Pol\\u00edtica\"},\"previousItem\":{\"@type\":\"ListItem\",\"@id\":\"https:\\\/\\\/www.jornalja.com.br\\\/arquivo#listItem\",\"name\":\"Home\"}},{\"@type\":\"ListItem\",\"@id\":\"https:\\\/\\\/www.jornalja.com.br\\\/arquivo\\\/paim-acumula-o-cargo-de-vice-prefeito-com-a-articulacao-politica\\\/#listItem\",\"position\":3,\"name\":\"Paim acumula o cargo de vice-prefeito com Articula\\u00e7\\u00e3o Pol\\u00edtica\",\"previousItem\":{\"@type\":\"ListItem\",\"@id\":\"https:\\\/\\\/www.jornalja.com.br\\\/arquivo\\\/category\\\/geral\\\/#listItem\",\"name\":\"Geral\"}}]},{\"@type\":\"Organization\",\"@id\":\"https:\\\/\\\/www.jornalja.com.br\\\/arquivo\\\/#organization\",\"name\":\"Jornal J\\u00c1\",\"description\":\"Jornal J\\u00c1 | Porto Alegre\",\"url\":\"https:\\\/\\\/www.jornalja.com.br\\\/arquivo\\\/\",\"telephone\":\"+555133307272\",\"logo\":{\"@type\":\"ImageObject\",\"url\":\"https:\\\/\\\/www.jornalja.com.br\\\/wp-content\\\/uploads\\\/cards\\\/JAslogan.png\",\"@id\":\"https:\\\/\\\/www.jornalja.com.br\\\/arquivo\\\/paim-acumula-o-cargo-de-vice-prefeito-com-a-articulacao-politica\\\/#organizationLogo\"},\"image\":{\"@id\":\"https:\\\/\\\/www.jornalja.com.br\\\/arquivo\\\/paim-acumula-o-cargo-de-vice-prefeito-com-a-articulacao-politica\\\/#organizationLogo\"}},{\"@type\":\"Person\",\"@id\":\"https:\\\/\\\/www.jornalja.com.br\\\/arquivo\\\/author\\\/daredacao\\\/#author\",\"url\":\"https:\\\/\\\/www.jornalja.com.br\\\/arquivo\\\/author\\\/daredacao\\\/\",\"name\":\"da Reda\\u00e7\\u00e3o\",\"image\":{\"@type\":\"ImageObject\",\"@id\":\"https:\\\/\\\/www.jornalja.com.br\\\/arquivo\\\/paim-acumula-o-cargo-de-vice-prefeito-com-a-articulacao-politica\\\/#authorImage\",\"url\":\"https:\\\/\\\/secure.gravatar.com\\\/avatar\\\/469fd857d6605ad19919d27ed29d35a968a25f6e8fd9318356bbb7f57aae9c65?s=96&d=mm&r=g\",\"width\":96,\"height\":96,\"caption\":\"da Reda\\u00e7\\u00e3o\"}},{\"@type\":\"WebPage\",\"@id\":\"https:\\\/\\\/www.jornalja.com.br\\\/arquivo\\\/paim-acumula-o-cargo-de-vice-prefeito-com-a-articulacao-politica\\\/#webpage\",\"url\":\"https:\\\/\\\/www.jornalja.com.br\\\/arquivo\\\/paim-acumula-o-cargo-de-vice-prefeito-com-a-articulacao-politica\\\/\",\"name\":\"Paim acumula o cargo de vice-prefeito com Articula\\u00e7\\u00e3o Pol\\u00edtica | Arquivo\",\"inLanguage\":\"pt-BR\",\"isPartOf\":{\"@id\":\"https:\\\/\\\/www.jornalja.com.br\\\/arquivo\\\/#website\"},\"breadcrumb\":{\"@id\":\"https:\\\/\\\/www.jornalja.com.br\\\/arquivo\\\/paim-acumula-o-cargo-de-vice-prefeito-com-a-articulacao-politica\\\/#breadcrumblist\"},\"author\":{\"@id\":\"https:\\\/\\\/www.jornalja.com.br\\\/arquivo\\\/author\\\/daredacao\\\/#author\"},\"creator\":{\"@id\":\"https:\\\/\\\/www.jornalja.com.br\\\/arquivo\\\/author\\\/daredacao\\\/#author\"},\"image\":{\"@type\":\"ImageObject\",\"url\":48442,\"@id\":\"https:\\\/\\\/www.jornalja.com.br\\\/arquivo\\\/paim-acumula-o-cargo-de-vice-prefeito-com-a-articulacao-politica\\\/#mainImage\"},\"primaryImageOfPage\":{\"@id\":\"https:\\\/\\\/www.jornalja.com.br\\\/arquivo\\\/paim-acumula-o-cargo-de-vice-prefeito-com-a-articulacao-politica\\\/#mainImage\"},\"datePublished\":\"2017-05-15T00:58:13-03:00\",\"dateModified\":\"2017-05-15T00:58:13-03:00\"},{\"@type\":\"WebSite\",\"@id\":\"https:\\\/\\\/www.jornalja.com.br\\\/arquivo\\\/#website\",\"url\":\"https:\\\/\\\/www.jornalja.com.br\\\/arquivo\\\/\",\"name\":\"Arquivo\",\"description\":\"Jornal J\\u00c1 | Porto Alegre\",\"inLanguage\":\"pt-BR\",\"publisher\":{\"@id\":\"https:\\\/\\\/www.jornalja.com.br\\\/arquivo\\\/#organization\"}}]}\n\t\t<\/script>\n\t\t<!-- All in One SEO -->\n\n","aioseo_head_json":{"title":"Paim acumula o cargo de vice-prefeito com Articula\u00e7\u00e3o Pol\u00edtica | Arquivo","description":"","canonical_url":"https:\/\/www.jornalja.com.br\/arquivo\/paim-acumula-o-cargo-de-vice-prefeito-com-a-articulacao-politica\/","robots":"max-image-preview:large","keywords":"","webmasterTools":{"miscellaneous":""},"schema":{"@context":"https:\/\/schema.org","@graph":[{"@type":"BlogPosting","@id":"https:\/\/www.jornalja.com.br\/arquivo\/paim-acumula-o-cargo-de-vice-prefeito-com-a-articulacao-politica\/#blogposting","name":"Paim acumula o cargo de vice-prefeito com Articula\u00e7\u00e3o Pol\u00edtica | Arquivo","headline":"Paim acumula o cargo de vice-prefeito com Articula\u00e7\u00e3o Pol\u00edtica","author":{"@id":"https:\/\/www.jornalja.com.br\/arquivo\/author\/daredacao\/#author"},"publisher":{"@id":"https:\/\/www.jornalja.com.br\/arquivo\/#organization"},"image":{"@type":"ImageObject","url":48442},"datePublished":"2017-05-15T00:58:13-03:00","dateModified":"2017-05-15T00:58:13-03:00","inLanguage":"pt-BR","mainEntityOfPage":{"@id":"https:\/\/www.jornalja.com.br\/arquivo\/paim-acumula-o-cargo-de-vice-prefeito-com-a-articulacao-politica\/#webpage"},"isPartOf":{"@id":"https:\/\/www.jornalja.com.br\/arquivo\/paim-acumula-o-cargo-de-vice-prefeito-com-a-articulacao-politica\/#webpage"},"articleSection":"Geral"},{"@type":"BreadcrumbList","@id":"https:\/\/www.jornalja.com.br\/arquivo\/paim-acumula-o-cargo-de-vice-prefeito-com-a-articulacao-politica\/#breadcrumblist","itemListElement":[{"@type":"ListItem","@id":"https:\/\/www.jornalja.com.br\/arquivo#listItem","position":1,"name":"Home","item":"https:\/\/www.jornalja.com.br\/arquivo","nextItem":{"@type":"ListItem","@id":"https:\/\/www.jornalja.com.br\/arquivo\/category\/geral\/#listItem","name":"Geral"}},{"@type":"ListItem","@id":"https:\/\/www.jornalja.com.br\/arquivo\/category\/geral\/#listItem","position":2,"name":"Geral","item":"https:\/\/www.jornalja.com.br\/arquivo\/category\/geral\/","nextItem":{"@type":"ListItem","@id":"https:\/\/www.jornalja.com.br\/arquivo\/paim-acumula-o-cargo-de-vice-prefeito-com-a-articulacao-politica\/#listItem","name":"Paim acumula o cargo de vice-prefeito com Articula\u00e7\u00e3o Pol\u00edtica"},"previousItem":{"@type":"ListItem","@id":"https:\/\/www.jornalja.com.br\/arquivo#listItem","name":"Home"}},{"@type":"ListItem","@id":"https:\/\/www.jornalja.com.br\/arquivo\/paim-acumula-o-cargo-de-vice-prefeito-com-a-articulacao-politica\/#listItem","position":3,"name":"Paim acumula o cargo de vice-prefeito com Articula\u00e7\u00e3o Pol\u00edtica","previousItem":{"@type":"ListItem","@id":"https:\/\/www.jornalja.com.br\/arquivo\/category\/geral\/#listItem","name":"Geral"}}]},{"@type":"Organization","@id":"https:\/\/www.jornalja.com.br\/arquivo\/#organization","name":"Jornal J\u00c1","description":"Jornal J\u00c1 | Porto Alegre","url":"https:\/\/www.jornalja.com.br\/arquivo\/","telephone":"+555133307272","logo":{"@type":"ImageObject","url":"https:\/\/www.jornalja.com.br\/wp-content\/uploads\/cards\/JAslogan.png","@id":"https:\/\/www.jornalja.com.br\/arquivo\/paim-acumula-o-cargo-de-vice-prefeito-com-a-articulacao-politica\/#organizationLogo"},"image":{"@id":"https:\/\/www.jornalja.com.br\/arquivo\/paim-acumula-o-cargo-de-vice-prefeito-com-a-articulacao-politica\/#organizationLogo"}},{"@type":"Person","@id":"https:\/\/www.jornalja.com.br\/arquivo\/author\/daredacao\/#author","url":"https:\/\/www.jornalja.com.br\/arquivo\/author\/daredacao\/","name":"da Reda\u00e7\u00e3o","image":{"@type":"ImageObject","@id":"https:\/\/www.jornalja.com.br\/arquivo\/paim-acumula-o-cargo-de-vice-prefeito-com-a-articulacao-politica\/#authorImage","url":"https:\/\/secure.gravatar.com\/avatar\/469fd857d6605ad19919d27ed29d35a968a25f6e8fd9318356bbb7f57aae9c65?s=96&d=mm&r=g","width":96,"height":96,"caption":"da Reda\u00e7\u00e3o"}},{"@type":"WebPage","@id":"https:\/\/www.jornalja.com.br\/arquivo\/paim-acumula-o-cargo-de-vice-prefeito-com-a-articulacao-politica\/#webpage","url":"https:\/\/www.jornalja.com.br\/arquivo\/paim-acumula-o-cargo-de-vice-prefeito-com-a-articulacao-politica\/","name":"Paim acumula o cargo de vice-prefeito com Articula\u00e7\u00e3o Pol\u00edtica | Arquivo","inLanguage":"pt-BR","isPartOf":{"@id":"https:\/\/www.jornalja.com.br\/arquivo\/#website"},"breadcrumb":{"@id":"https:\/\/www.jornalja.com.br\/arquivo\/paim-acumula-o-cargo-de-vice-prefeito-com-a-articulacao-politica\/#breadcrumblist"},"author":{"@id":"https:\/\/www.jornalja.com.br\/arquivo\/author\/daredacao\/#author"},"creator":{"@id":"https:\/\/www.jornalja.com.br\/arquivo\/author\/daredacao\/#author"},"image":{"@type":"ImageObject","url":48442,"@id":"https:\/\/www.jornalja.com.br\/arquivo\/paim-acumula-o-cargo-de-vice-prefeito-com-a-articulacao-politica\/#mainImage"},"primaryImageOfPage":{"@id":"https:\/\/www.jornalja.com.br\/arquivo\/paim-acumula-o-cargo-de-vice-prefeito-com-a-articulacao-politica\/#mainImage"},"datePublished":"2017-05-15T00:58:13-03:00","dateModified":"2017-05-15T00:58:13-03:00"},{"@type":"WebSite","@id":"https:\/\/www.jornalja.com.br\/arquivo\/#website","url":"https:\/\/www.jornalja.com.br\/arquivo\/","name":"Arquivo","description":"Jornal J\u00c1 | Porto Alegre","inLanguage":"pt-BR","publisher":{"@id":"https:\/\/www.jornalja.com.br\/arquivo\/#organization"}}]},"og:locale":"pt_BR","og:site_name":"Arquivo | Jornal J\u00c1 | Porto Alegre","og:type":"article","og:title":"Paim acumula o cargo de vice-prefeito com Articula\u00e7\u00e3o Pol\u00edtica | Arquivo","og:url":"https:\/\/www.jornalja.com.br\/arquivo\/paim-acumula-o-cargo-de-vice-prefeito-com-a-articulacao-politica\/","og:image":"https:\/\/www.jornalja.com.br\/wp-content\/uploads\/2017\/05\/Kevin-Krieger-Marchezan-e-Gustavo-Paim-foto-Ricardo-Giusti-PMPA.jpg","og:image:secure_url":"https:\/\/www.jornalja.com.br\/wp-content\/uploads\/2017\/05\/Kevin-Krieger-Marchezan-e-Gustavo-Paim-foto-Ricardo-Giusti-PMPA.jpg","article:published_time":"2017-05-15T03:58:13+00:00","article:modified_time":"2017-05-15T03:58:13+00:00","twitter:card":"summary","twitter:title":"Paim acumula o cargo de vice-prefeito com Articula\u00e7\u00e3o Pol\u00edtica | Arquivo","twitter:image":"https:\/\/www.jornalja.com.br\/economics\/wp-content\/uploads\/sites\/11\/2026\/08\/ja-folhaderosto-facebook.jpg"},"aioseo_meta_data":{"post_id":"48441","title":null,"description":null,"keywords":null,"keyphrases":null,"primary_term":null,"canonical_url":null,"og_title":null,"og_description":null,"og_object_type":"default","og_image_type":"default","og_image_url":null,"og_image_width":null,"og_image_height":null,"og_image_custom_url":null,"og_image_custom_fields":null,"og_video":null,"og_custom_url":null,"og_article_section":null,"og_article_tags":null,"twitter_use_og":false,"twitter_card":"default","twitter_image_type":"default","twitter_image_url":null,"twitter_image_custom_url":null,"twitter_image_custom_fields":null,"twitter_title":null,"twitter_description":null,"schema":{"blockGraphs":[],"customGraphs":[],"default":{"data":{"Article":[],"Course":[],"Dataset":[],"FAQPage":[],"Movie":[],"Person":[],"Product":[],"ProductReview":[],"Car":[],"Recipe":[],"Service":[],"SoftwareApplication":[],"WebPage":[]},"graphName":"","isEnabled":true},"graphs":[]},"schema_type":null,"schema_type_options":null,"pillar_content":false,"robots_default":true,"robots_noindex":false,"robots_noarchive":false,"robots_nosnippet":false,"robots_nofollow":false,"robots_noimageindex":false,"robots_noodp":false,"robots_notranslate":false,"robots_max_snippet":null,"robots_max_videopreview":null,"robots_max_imagepreview":"large","priority":null,"frequency":null,"location":null,"local_seo":null,"breadcrumb_settings":null,"limit_modified_date":false,"ai":null,"created":"2020-12-20 20:35:21","updated":"2025-07-19 21:33:53","seo_analyzer_scan_date":null,"focus_keyword":null,"additional_keywords":null,"truseo_locale":null},"jetpack_sharing_enabled":true,"jetpack-related-posts":[{"id":5440,"url":"https:\/\/www.jornalja.com.br\/arquivo\/casarao-da-venancio-destino-permanece-incerto\/","url_meta":{"origin":48441,"position":0},"title":"Estado ainda n\u00e3o sabe o que fazer com casar\u00e3o abandonado h\u00e1 20 anos","author":"Elmar Bones","date":"6 de julho de 2009","format":false,"excerpt":"O casar\u00e3o amarelo, numa esquina nobre de Porto Alegre (Ven\u00e2ncio Aires com Jo\u00e3o Pessoa), j\u00e1 abrigou uma escola. H\u00e1 duas d\u00e9cadas, pelo menos, est\u00e1 abandonado, porque seu propriet\u00e1rio, o governo do Estado do Rio Grande do Sul, n\u00e3o consegue achar um destino para ele. Planos n\u00e3o faltaram. O governador Ol\u00edvio\u2026","rel":"","context":"Em &quot;X.Categorias velhas&quot;","block_context":{"text":"X.Categorias velhas","link":"https:\/\/www.jornalja.com.br\/arquivo\/category\/x-categorias-velhas\/"},"img":{"alt_text":"geraldo1","src":"https:\/\/i0.wp.com\/www.jornalja.com.br\/wp-content\/uploads\/2009\/07\/geraldo1.jpg?resize=350%2C200&ssl=1","width":350,"height":200},"classes":[]},{"id":13128,"url":"https:\/\/www.jornalja.com.br\/arquivo\/maconha-terra-diz-que-uso-medicinal-e-desculpa\/","url_meta":{"origin":48441,"position":1},"title":"Maconha: Terra diz que uso medicinal \u00e9 desculpa","author":"Patr\u00edcia Marini","date":"4 de junho de 2014","format":false,"excerpt":"A condi\u00e7\u00e3o de pol\u00edtico, em \u00e9poca de campanha de campanha eleitoral, tira for\u00e7a do discurso do m\u00e9dico Osmar Terra contra a legaliza\u00e7\u00e3o da maconha. A tese dele de que a libera\u00e7\u00e3o vai ampliar exponencialmente o consumo \u00e9 discutivel, o consumo \u00e9 corrente. Mas seus alertas quanto aos riscos tem que\u2026","rel":"","context":"Em &quot;X.Categorias velhas&quot;","block_context":{"text":"X.Categorias velhas","link":"https:\/\/www.jornalja.com.br\/arquivo\/category\/x-categorias-velhas\/"},"img":{"alt_text":"","src":"","width":0,"height":0},"classes":[]},{"id":14241,"url":"https:\/\/www.jornalja.com.br\/arquivo\/o-guaiba-nas-imagens-poeticas-de-achutti\/","url_meta":{"origin":48441,"position":2},"title":"O Gua\u00edba nas imagens po\u00e9ticas de Achutti","author":"da Reda\u00e7\u00e3o","date":"18 de junho de 2014","format":false,"excerpt":"Em \u201cO Gua\u00edba por Achutti\u201d \u2013 obra financiada via Minist\u00e9rio da Cultura, produ\u00e7\u00e3o executiva de Pedro Longhi, e Fl\u00e1vio Wild como designer \u2013, o fot\u00f3grafo revela a beleza e as mazelas de um espa\u00e7o aqu\u00e1tico de \u00e1guas sempre renovadas, cheio de hist\u00f3rias e lendas como as das cidades que foram\u2026","rel":"","context":"Em &quot;Cultura-Geral&quot;","block_context":{"text":"Cultura-Geral","link":"https:\/\/www.jornalja.com.br\/arquivo\/category\/materiasecundaria\/"},"img":{"alt_text":"","src":"","width":0,"height":0},"classes":[]},{"id":13124,"url":"https:\/\/www.jornalja.com.br\/arquivo\/sangue-latino-no-iecine\/","url_meta":{"origin":48441,"position":3},"title":"Sangue latino no IECINE","author":"da Reda\u00e7\u00e3o","date":"18 de maio de 2014","format":false,"excerpt":"Francisco Ribeiro O Instituto Estadual de Cinema (IECINE) tem a frente, desde abril \u00faltimo, um novo diretor, o cineasta colombiano Juan Zapata, 36, que substitui Luiz Alberto Cassol. Radicado h\u00e1 dez anos em Porto Alegre, Zapata tem diante de si o desafio de conduzir at\u00e9 o final do ano um\u2026","rel":"","context":"Em &quot;Cultura-Geral&quot;","block_context":{"text":"Cultura-Geral","link":"https:\/\/www.jornalja.com.br\/arquivo\/category\/materiasecundaria\/"},"img":{"alt_text":"","src":"","width":0,"height":0},"classes":[]},{"id":12960,"url":"https:\/\/www.jornalja.com.br\/arquivo\/populacao-culpa-empresas-pela-greve-dos-rodoviarios\/","url_meta":{"origin":48441,"position":4},"title":"Popula\u00e7\u00e3o culpa empresas pela greve","author":"Patr\u00edcia Marini","date":"14 de fevereiro de 2014","format":false,"excerpt":"Pesquisa divulgada na edi\u00e7\u00e3o do jornal Metro desta sexta-feira,14, comprova o velho ditado: \u00e9 poss\u00edvel enganar muitos por algum tempo, mas n\u00e3o \u00e9 poss\u00edvel enganar a todos o tempo inteiro. A principal revela\u00e7\u00e3o foi que 59,8% dos entrevistados apontaram as empresas como as principais respons\u00e1veis pela grave e 46% culparam\u2026","rel":"","context":"Em &quot;X.Categorias velhas&quot;","block_context":{"text":"X.Categorias velhas","link":"https:\/\/www.jornalja.com.br\/arquivo\/category\/x-categorias-velhas\/"},"img":{"alt_text":"","src":"","width":0,"height":0},"classes":[]}],"jetpack_shortlink":"https:\/\/wp.me\/pbQjBd-cBj","jetpack_featured_media_url":"","_links":{"self":[{"href":"https:\/\/www.jornalja.com.br\/arquivo\/wp-json\/wp\/v2\/posts\/48441","targetHints":{"allow":["GET"]}}],"collection":[{"href":"https:\/\/www.jornalja.com.br\/arquivo\/wp-json\/wp\/v2\/posts"}],"about":[{"href":"https:\/\/www.jornalja.com.br\/arquivo\/wp-json\/wp\/v2\/types\/post"}],"author":[{"embeddable":true,"href":"https:\/\/www.jornalja.com.br\/arquivo\/wp-json\/wp\/v2\/users\/4"}],"replies":[{"embeddable":true,"href":"https:\/\/www.jornalja.com.br\/arquivo\/wp-json\/wp\/v2\/comments?post=48441"}],"version-history":[{"count":0,"href":"https:\/\/www.jornalja.com.br\/arquivo\/wp-json\/wp\/v2\/posts\/48441\/revisions"}],"wp:attachment":[{"href":"https:\/\/www.jornalja.com.br\/arquivo\/wp-json\/wp\/v2\/media?parent=48441"}],"wp:term":[{"taxonomy":"category","embeddable":true,"href":"https:\/\/www.jornalja.com.br\/arquivo\/wp-json\/wp\/v2\/categories?post=48441"},{"taxonomy":"post_tag","embeddable":true,"href":"https:\/\/www.jornalja.com.br\/arquivo\/wp-json\/wp\/v2\/tags?post=48441"}],"curies":[{"name":"wp","href":"https:\/\/api.w.org\/{rel}","templated":true}]}}