{"id":48449,"date":"2017-05-15T06:13:18","date_gmt":"2017-05-15T09:13:18","guid":{"rendered":"https:\/\/www.jornalja.com.br\/?p=48449"},"modified":"2017-05-15T06:13:18","modified_gmt":"2017-05-15T09:13:18","slug":"reporter-fotografico-e-detido-apos-marcha-antifascista-em-sao-paulo","status":"publish","type":"post","link":"https:\/\/www.jornalja.com.br\/arquivo\/reporter-fotografico-e-detido-apos-marcha-antifascista-em-sao-paulo\/","title":{"rendered":"Rep\u00f3rter fotogr\u00e1fico \u00e9 detido ap\u00f3s Marcha Antifascista em S\u00e3o Paulo"},"content":{"rendered":"<p><strong>Fl\u00e1via Martinelli, para os Jornalistas Livres<\/strong><br \/>\nS\u00e1bado, dia 13 de maio, por volta das 18hs, um rep\u00f3rter fotogr\u00e1fico dos Jornalistas Livres teve seu equipamento apreendido pela Pol\u00edcia Militar depois da Marcha Antifascista que ocorreu no Centro de S\u00e3o Paulo. O ato terminou ap\u00f3s mais uma interven\u00e7\u00e3o truculenta da PM com bombas de g\u00e1s e o jornalista foi abordado quando manifesta\u00e7\u00e3o j\u00e1 havia terminado. \u201cEram mais de 15 policiais. Eles chegaram com arma em punho e me mandaram, com um grupo de cerca de 15 manifestantes, colocar a m\u00e3o na cabe\u00e7a e encostar na parede. Quando me identifiquei como rep\u00f3rter dos Jornalistas Livres, pegaram a m\u00e1quina fotogr\u00e1fica que estava na minha mochila\u201d, conta o profissional que prefere n\u00e3o ser identificado.<br \/>\nOs policiais obrigaram nosso fot\u00f3grafo a ligar a m\u00e1quina. Quando constataram que o equipamento estava sem o cart\u00e3o de mem\u00f3ria, a revista foi intensificada. \u201cUm dos policiais disse: \u2018Vou procurar por todos os seus orif\u00edcios\u2019\u201d, recorda o rep\u00f3rter que foi obrigado a tirar sapatos e teve os bolsos revirados. O cart\u00e3o de mem\u00f3ria foi encontrado e as fotos, ent\u00e3o, foram vistas pelos PMs. O equipamento e a mochila do profissional foram apreendidos e ele foi levado 2\u00ba Distrito Policial do Bom Retiro. Os outros manifestantes tamb\u00e9m foram ao DP, com a justificativa de que passariam por \u201caverigua\u00e7\u00e3o\u201d e eram testemunhas da apreens\u00e3o do material jornal\u00edstico.<br \/>\n\u201cA viola\u00e7\u00e3o aos direitos que garantem a liberdade de imprensa j\u00e1 aconteceu no momento da abordagem. Os policiais n\u00e3o poderiam visualizar as fotos e poder\u00e3o responder por inqu\u00e9rito civil e criminal por todo o procedimento. O Minist\u00e9rio P\u00fablico tem claras recomenda\u00e7\u00f5es t\u00e9cnicas para os policiais militares n\u00e3o violarem ou apreenderem equipamentos e materiais da imprensa\u201d, diz o advogado ativista Fl\u00e1vio Bezerra.<br \/>\n\u201cFui levado para a delegacia depois de uma hora de revista. Fui algemado e colocado no porta-malas da viatura\u201d, conta o fot\u00f3grafo. \u201cOs policiais disseram que haviam imagens de depreda\u00e7\u00e3o do patrim\u00f4nio no cart\u00e3o de mem\u00f3ria e que o material jornal\u00edstico seria encaminhado \u00e0 per\u00edcia. Eu, na verdade, nem tinha tido tempo de ver o que fotografei.\u201d<br \/>\nDe acordo com a nota t\u00e9cnica feita pela Ong Artigo 19, entidade civil especializada em liberdade de express\u00e3o \u2013 na qual o MP fundamentou suas recomenda\u00e7\u00f5es \u00e0 PM \u2013 levar profissionais da imprensa a delegacias na qualidade de \u201ctestemunhas\u201d sobre acusa\u00e7\u00f5es que sequer lhes s\u00e3o informadas, al\u00e9m de inviabilizar o trabalho s\u00e3o formas de intimidar o exerc\u00edcio do jornalismo.<br \/>\nA Organiza\u00e7\u00e3o dos Estados Americanos (OEA) atenta \u00e0 essa press\u00e3o espec\u00edfica a que est\u00e3o sujeitos os comunicadores ressalta: \u201cEm situa\u00e7\u00f5es de conflitividade social especial, a percep\u00e7\u00e3o de que possam ser for\u00e7ados a depor n\u00e3o apenas limita a possibilidade de o jornalista acessar fontes de informa\u00e7\u00e3o, como tamb\u00e9m aumenta o risco de que venham a se converter em um alvo para grupos violentos. Al\u00e9m disso, as autoridades n\u00e3o devem exigir de jornalistas que demonstrem que os testemunhos divulgados sobre os fatos s\u00e3o exatos ou que provem frente a um juiz a veracidade das den\u00fancias reportadas.\u201d<br \/>\nForam mais de seis horas at\u00e9 o rep\u00f3rter fotogr\u00e1fico dos Jornalistas Livres ser liberado. O cart\u00e3o de mem\u00f3ria de fato foi confiscado mas devidamente lacrado pela delegada de pol\u00edcia que, por sua vez, encaminhou o caso \u00e0 Corregedoria da Pol\u00edcia Militar de S\u00e3o Paulo. A conduta dos policiais envolvidos ser\u00e1 investigada.<br \/>\nO material jornal\u00edstico ser\u00e1 encaminhado \u00e0 per\u00edcia criminal nos pr\u00f3ximos dias mas os advogados dos Jornalistas Livres entrar\u00e3o com processo para garantir o direito de exercer o artigo 5\u00ba da Constitui\u00e7\u00e3o que disp\u00f5e que: \u201cas atividades exercidas por rep\u00f3rteres, fot\u00f3grafos e demais profissionais de comunica\u00e7\u00e3o s\u00e3o essenciais para o efetivo respeito ao direito humano \u00e0 liberdade de express\u00e3o no contexto de manifesta\u00e7\u00f5es e eventos p\u00fablicos (&#8230;)\u201d<br \/>\nColaboraram: Martha Raquel e Adolfo V\u00e1rzea, para os Jornalistas Livres<\/p>\n","protected":false},"excerpt":{"rendered":"<p>Fl\u00e1via Martinelli, para os Jornalistas Livres S\u00e1bado, dia 13 de maio, por volta das 18hs, um rep\u00f3rter fotogr\u00e1fico dos Jornalistas Livres teve seu equipamento apreendido pela Pol\u00edcia Militar depois da Marcha Antifascista que ocorreu no Centro de S\u00e3o Paulo. O ato terminou ap\u00f3s mais uma interven\u00e7\u00e3o truculenta da PM com bombas de g\u00e1s e o [&hellip;]<\/p>\n","protected":false},"author":4,"featured_media":0,"comment_status":"open","ping_status":"closed","sticky":false,"template":"","format":"standard","meta":{"_jetpack_newsletter_access":"","_jetpack_dont_email_post_to_subs":false,"_jetpack_newsletter_tier_id":0,"_jetpack_memberships_contains_paywalled_content":false,"_jetpack_feature_clip_id":0,"_jetpack_memberships_contains_paid_content":false,"footnotes":"","jetpack_post_was_ever_published":false},"categories":[2022],"tags":[],"class_list":["post-48449","post","type-post","status-publish","format-standard","hentry","category-notas"],"aioseo_notices":[],"aioseo_head":"\n\t\t<!-- All in One SEO 5.0.1.1 - aioseo.com -->\n\t<meta name=\"robots\" content=\"max-image-preview:large\" \/>\n\t<meta name=\"author\" content=\"da Reda\u00e7\u00e3o\"\/>\n\t<link rel=\"canonical\" href=\"https:\/\/www.jornalja.com.br\/arquivo\/reporter-fotografico-e-detido-apos-marcha-antifascista-em-sao-paulo\/\" \/>\n\t<meta name=\"generator\" content=\"All in One SEO (AIOSEO) 5.0.1.1\" \/>\n\t\t<meta property=\"og:locale\" content=\"pt_BR\" \/>\n\t\t<meta property=\"og:site_name\" content=\"Arquivo | Jornal J\u00c1 | Porto Alegre\" \/>\n\t\t<meta property=\"og:type\" content=\"article\" \/>\n\t\t<meta property=\"og:title\" content=\"Rep\u00f3rter fotogr\u00e1fico \u00e9 detido ap\u00f3s Marcha Antifascista em S\u00e3o Paulo | Arquivo\" \/>\n\t\t<meta property=\"og:url\" content=\"https:\/\/www.jornalja.com.br\/arquivo\/reporter-fotografico-e-detido-apos-marcha-antifascista-em-sao-paulo\/\" \/>\n\t\t<meta property=\"og:image\" content=\"https:\/\/www.jornalja.com.br\/economics\/wp-content\/uploads\/sites\/11\/2026\/08\/ja-folhaderosto-facebook.jpg\" \/>\n\t\t<meta property=\"og:image:secure_url\" content=\"https:\/\/www.jornalja.com.br\/economics\/wp-content\/uploads\/sites\/11\/2026\/08\/ja-folhaderosto-facebook.jpg\" \/>\n\t\t<meta property=\"article:published_time\" content=\"2017-05-15T09:13:18+00:00\" \/>\n\t\t<meta property=\"article:modified_time\" content=\"2017-05-15T09:13:18+00:00\" \/>\n\t\t<meta name=\"twitter:card\" content=\"summary\" \/>\n\t\t<meta name=\"twitter:title\" content=\"Rep\u00f3rter fotogr\u00e1fico \u00e9 detido ap\u00f3s Marcha Antifascista em S\u00e3o Paulo | Arquivo\" \/>\n\t\t<meta name=\"twitter:image\" content=\"https:\/\/www.jornalja.com.br\/economics\/wp-content\/uploads\/sites\/11\/2026\/08\/ja-folhaderosto-facebook.jpg\" \/>\n\t\t<script type=\"application\/ld+json\" class=\"aioseo-schema\">\n\t\t\t{\"@context\":\"https:\\\/\\\/schema.org\",\"@graph\":[{\"@type\":\"BlogPosting\",\"@id\":\"https:\\\/\\\/www.jornalja.com.br\\\/arquivo\\\/reporter-fotografico-e-detido-apos-marcha-antifascista-em-sao-paulo\\\/#blogposting\",\"name\":\"Rep\\u00f3rter fotogr\\u00e1fico \\u00e9 detido ap\\u00f3s Marcha Antifascista em S\\u00e3o Paulo | Arquivo\",\"headline\":\"Rep\\u00f3rter fotogr\\u00e1fico \\u00e9 detido ap\\u00f3s Marcha Antifascista em S\\u00e3o Paulo\",\"author\":{\"@id\":\"https:\\\/\\\/www.jornalja.com.br\\\/arquivo\\\/author\\\/daredacao\\\/#author\"},\"publisher\":{\"@id\":\"https:\\\/\\\/www.jornalja.com.br\\\/arquivo\\\/#organization\"},\"image\":{\"@type\":\"ImageObject\",\"url\":\"https:\\\/\\\/www.jornalja.com.br\\\/wp-content\\\/uploads\\\/cards\\\/JAslogan.png\",\"@id\":\"https:\\\/\\\/www.jornalja.com.br\\\/arquivo\\\/#articleImage\"},\"datePublished\":\"2017-05-15T06:13:18-03:00\",\"dateModified\":\"2017-05-15T06:13:18-03:00\",\"inLanguage\":\"pt-BR\",\"mainEntityOfPage\":{\"@id\":\"https:\\\/\\\/www.jornalja.com.br\\\/arquivo\\\/reporter-fotografico-e-detido-apos-marcha-antifascista-em-sao-paulo\\\/#webpage\"},\"isPartOf\":{\"@id\":\"https:\\\/\\\/www.jornalja.com.br\\\/arquivo\\\/reporter-fotografico-e-detido-apos-marcha-antifascista-em-sao-paulo\\\/#webpage\"},\"articleSection\":\"NOTAS\"},{\"@type\":\"BreadcrumbList\",\"@id\":\"https:\\\/\\\/www.jornalja.com.br\\\/arquivo\\\/reporter-fotografico-e-detido-apos-marcha-antifascista-em-sao-paulo\\\/#breadcrumblist\",\"itemListElement\":[{\"@type\":\"ListItem\",\"@id\":\"https:\\\/\\\/www.jornalja.com.br\\\/arquivo#listItem\",\"position\":1,\"name\":\"Home\",\"item\":\"https:\\\/\\\/www.jornalja.com.br\\\/arquivo\",\"nextItem\":{\"@type\":\"ListItem\",\"@id\":\"https:\\\/\\\/www.jornalja.com.br\\\/arquivo\\\/category\\\/notas\\\/#listItem\",\"name\":\"NOTAS\"}},{\"@type\":\"ListItem\",\"@id\":\"https:\\\/\\\/www.jornalja.com.br\\\/arquivo\\\/category\\\/notas\\\/#listItem\",\"position\":2,\"name\":\"NOTAS\",\"item\":\"https:\\\/\\\/www.jornalja.com.br\\\/arquivo\\\/category\\\/notas\\\/\",\"nextItem\":{\"@type\":\"ListItem\",\"@id\":\"https:\\\/\\\/www.jornalja.com.br\\\/arquivo\\\/reporter-fotografico-e-detido-apos-marcha-antifascista-em-sao-paulo\\\/#listItem\",\"name\":\"Rep\\u00f3rter fotogr\\u00e1fico \\u00e9 detido ap\\u00f3s Marcha Antifascista em S\\u00e3o Paulo\"},\"previousItem\":{\"@type\":\"ListItem\",\"@id\":\"https:\\\/\\\/www.jornalja.com.br\\\/arquivo#listItem\",\"name\":\"Home\"}},{\"@type\":\"ListItem\",\"@id\":\"https:\\\/\\\/www.jornalja.com.br\\\/arquivo\\\/reporter-fotografico-e-detido-apos-marcha-antifascista-em-sao-paulo\\\/#listItem\",\"position\":3,\"name\":\"Rep\\u00f3rter fotogr\\u00e1fico \\u00e9 detido ap\\u00f3s Marcha Antifascista em S\\u00e3o Paulo\",\"previousItem\":{\"@type\":\"ListItem\",\"@id\":\"https:\\\/\\\/www.jornalja.com.br\\\/arquivo\\\/category\\\/notas\\\/#listItem\",\"name\":\"NOTAS\"}}]},{\"@type\":\"Organization\",\"@id\":\"https:\\\/\\\/www.jornalja.com.br\\\/arquivo\\\/#organization\",\"name\":\"Jornal J\\u00c1\",\"description\":\"Jornal J\\u00c1 | Porto Alegre\",\"url\":\"https:\\\/\\\/www.jornalja.com.br\\\/arquivo\\\/\",\"telephone\":\"+555133307272\",\"logo\":{\"@type\":\"ImageObject\",\"url\":\"https:\\\/\\\/www.jornalja.com.br\\\/wp-content\\\/uploads\\\/cards\\\/JAslogan.png\",\"@id\":\"https:\\\/\\\/www.jornalja.com.br\\\/arquivo\\\/reporter-fotografico-e-detido-apos-marcha-antifascista-em-sao-paulo\\\/#organizationLogo\"},\"image\":{\"@id\":\"https:\\\/\\\/www.jornalja.com.br\\\/arquivo\\\/reporter-fotografico-e-detido-apos-marcha-antifascista-em-sao-paulo\\\/#organizationLogo\"}},{\"@type\":\"Person\",\"@id\":\"https:\\\/\\\/www.jornalja.com.br\\\/arquivo\\\/author\\\/daredacao\\\/#author\",\"url\":\"https:\\\/\\\/www.jornalja.com.br\\\/arquivo\\\/author\\\/daredacao\\\/\",\"name\":\"da Reda\\u00e7\\u00e3o\",\"image\":{\"@type\":\"ImageObject\",\"@id\":\"https:\\\/\\\/www.jornalja.com.br\\\/arquivo\\\/reporter-fotografico-e-detido-apos-marcha-antifascista-em-sao-paulo\\\/#authorImage\",\"url\":\"https:\\\/\\\/secure.gravatar.com\\\/avatar\\\/469fd857d6605ad19919d27ed29d35a968a25f6e8fd9318356bbb7f57aae9c65?s=96&d=mm&r=g\",\"width\":96,\"height\":96,\"caption\":\"da Reda\\u00e7\\u00e3o\"}},{\"@type\":\"WebPage\",\"@id\":\"https:\\\/\\\/www.jornalja.com.br\\\/arquivo\\\/reporter-fotografico-e-detido-apos-marcha-antifascista-em-sao-paulo\\\/#webpage\",\"url\":\"https:\\\/\\\/www.jornalja.com.br\\\/arquivo\\\/reporter-fotografico-e-detido-apos-marcha-antifascista-em-sao-paulo\\\/\",\"name\":\"Rep\\u00f3rter fotogr\\u00e1fico \\u00e9 detido ap\\u00f3s Marcha Antifascista em S\\u00e3o Paulo | Arquivo\",\"inLanguage\":\"pt-BR\",\"isPartOf\":{\"@id\":\"https:\\\/\\\/www.jornalja.com.br\\\/arquivo\\\/#website\"},\"breadcrumb\":{\"@id\":\"https:\\\/\\\/www.jornalja.com.br\\\/arquivo\\\/reporter-fotografico-e-detido-apos-marcha-antifascista-em-sao-paulo\\\/#breadcrumblist\"},\"author\":{\"@id\":\"https:\\\/\\\/www.jornalja.com.br\\\/arquivo\\\/author\\\/daredacao\\\/#author\"},\"creator\":{\"@id\":\"https:\\\/\\\/www.jornalja.com.br\\\/arquivo\\\/author\\\/daredacao\\\/#author\"},\"datePublished\":\"2017-05-15T06:13:18-03:00\",\"dateModified\":\"2017-05-15T06:13:18-03:00\"},{\"@type\":\"WebSite\",\"@id\":\"https:\\\/\\\/www.jornalja.com.br\\\/arquivo\\\/#website\",\"url\":\"https:\\\/\\\/www.jornalja.com.br\\\/arquivo\\\/\",\"name\":\"Arquivo\",\"description\":\"Jornal J\\u00c1 | Porto Alegre\",\"inLanguage\":\"pt-BR\",\"publisher\":{\"@id\":\"https:\\\/\\\/www.jornalja.com.br\\\/arquivo\\\/#organization\"}}]}\n\t\t<\/script>\n\t\t<!-- All in One SEO -->\n\n","aioseo_head_json":{"title":"Rep\u00f3rter fotogr\u00e1fico \u00e9 detido ap\u00f3s Marcha Antifascista em S\u00e3o Paulo | Arquivo","description":"","canonical_url":"https:\/\/www.jornalja.com.br\/arquivo\/reporter-fotografico-e-detido-apos-marcha-antifascista-em-sao-paulo\/","robots":"max-image-preview:large","keywords":"","webmasterTools":{"miscellaneous":""},"schema":{"@context":"https:\/\/schema.org","@graph":[{"@type":"BlogPosting","@id":"https:\/\/www.jornalja.com.br\/arquivo\/reporter-fotografico-e-detido-apos-marcha-antifascista-em-sao-paulo\/#blogposting","name":"Rep\u00f3rter fotogr\u00e1fico \u00e9 detido ap\u00f3s Marcha Antifascista em S\u00e3o Paulo | Arquivo","headline":"Rep\u00f3rter fotogr\u00e1fico \u00e9 detido ap\u00f3s Marcha Antifascista em S\u00e3o Paulo","author":{"@id":"https:\/\/www.jornalja.com.br\/arquivo\/author\/daredacao\/#author"},"publisher":{"@id":"https:\/\/www.jornalja.com.br\/arquivo\/#organization"},"image":{"@type":"ImageObject","url":"https:\/\/www.jornalja.com.br\/wp-content\/uploads\/cards\/JAslogan.png","@id":"https:\/\/www.jornalja.com.br\/arquivo\/#articleImage"},"datePublished":"2017-05-15T06:13:18-03:00","dateModified":"2017-05-15T06:13:18-03:00","inLanguage":"pt-BR","mainEntityOfPage":{"@id":"https:\/\/www.jornalja.com.br\/arquivo\/reporter-fotografico-e-detido-apos-marcha-antifascista-em-sao-paulo\/#webpage"},"isPartOf":{"@id":"https:\/\/www.jornalja.com.br\/arquivo\/reporter-fotografico-e-detido-apos-marcha-antifascista-em-sao-paulo\/#webpage"},"articleSection":"NOTAS"},{"@type":"BreadcrumbList","@id":"https:\/\/www.jornalja.com.br\/arquivo\/reporter-fotografico-e-detido-apos-marcha-antifascista-em-sao-paulo\/#breadcrumblist","itemListElement":[{"@type":"ListItem","@id":"https:\/\/www.jornalja.com.br\/arquivo#listItem","position":1,"name":"Home","item":"https:\/\/www.jornalja.com.br\/arquivo","nextItem":{"@type":"ListItem","@id":"https:\/\/www.jornalja.com.br\/arquivo\/category\/notas\/#listItem","name":"NOTAS"}},{"@type":"ListItem","@id":"https:\/\/www.jornalja.com.br\/arquivo\/category\/notas\/#listItem","position":2,"name":"NOTAS","item":"https:\/\/www.jornalja.com.br\/arquivo\/category\/notas\/","nextItem":{"@type":"ListItem","@id":"https:\/\/www.jornalja.com.br\/arquivo\/reporter-fotografico-e-detido-apos-marcha-antifascista-em-sao-paulo\/#listItem","name":"Rep\u00f3rter fotogr\u00e1fico \u00e9 detido ap\u00f3s Marcha Antifascista em S\u00e3o Paulo"},"previousItem":{"@type":"ListItem","@id":"https:\/\/www.jornalja.com.br\/arquivo#listItem","name":"Home"}},{"@type":"ListItem","@id":"https:\/\/www.jornalja.com.br\/arquivo\/reporter-fotografico-e-detido-apos-marcha-antifascista-em-sao-paulo\/#listItem","position":3,"name":"Rep\u00f3rter fotogr\u00e1fico \u00e9 detido ap\u00f3s Marcha Antifascista em S\u00e3o Paulo","previousItem":{"@type":"ListItem","@id":"https:\/\/www.jornalja.com.br\/arquivo\/category\/notas\/#listItem","name":"NOTAS"}}]},{"@type":"Organization","@id":"https:\/\/www.jornalja.com.br\/arquivo\/#organization","name":"Jornal J\u00c1","description":"Jornal J\u00c1 | Porto Alegre","url":"https:\/\/www.jornalja.com.br\/arquivo\/","telephone":"+555133307272","logo":{"@type":"ImageObject","url":"https:\/\/www.jornalja.com.br\/wp-content\/uploads\/cards\/JAslogan.png","@id":"https:\/\/www.jornalja.com.br\/arquivo\/reporter-fotografico-e-detido-apos-marcha-antifascista-em-sao-paulo\/#organizationLogo"},"image":{"@id":"https:\/\/www.jornalja.com.br\/arquivo\/reporter-fotografico-e-detido-apos-marcha-antifascista-em-sao-paulo\/#organizationLogo"}},{"@type":"Person","@id":"https:\/\/www.jornalja.com.br\/arquivo\/author\/daredacao\/#author","url":"https:\/\/www.jornalja.com.br\/arquivo\/author\/daredacao\/","name":"da Reda\u00e7\u00e3o","image":{"@type":"ImageObject","@id":"https:\/\/www.jornalja.com.br\/arquivo\/reporter-fotografico-e-detido-apos-marcha-antifascista-em-sao-paulo\/#authorImage","url":"https:\/\/secure.gravatar.com\/avatar\/469fd857d6605ad19919d27ed29d35a968a25f6e8fd9318356bbb7f57aae9c65?s=96&d=mm&r=g","width":96,"height":96,"caption":"da Reda\u00e7\u00e3o"}},{"@type":"WebPage","@id":"https:\/\/www.jornalja.com.br\/arquivo\/reporter-fotografico-e-detido-apos-marcha-antifascista-em-sao-paulo\/#webpage","url":"https:\/\/www.jornalja.com.br\/arquivo\/reporter-fotografico-e-detido-apos-marcha-antifascista-em-sao-paulo\/","name":"Rep\u00f3rter fotogr\u00e1fico \u00e9 detido ap\u00f3s Marcha Antifascista em S\u00e3o Paulo | Arquivo","inLanguage":"pt-BR","isPartOf":{"@id":"https:\/\/www.jornalja.com.br\/arquivo\/#website"},"breadcrumb":{"@id":"https:\/\/www.jornalja.com.br\/arquivo\/reporter-fotografico-e-detido-apos-marcha-antifascista-em-sao-paulo\/#breadcrumblist"},"author":{"@id":"https:\/\/www.jornalja.com.br\/arquivo\/author\/daredacao\/#author"},"creator":{"@id":"https:\/\/www.jornalja.com.br\/arquivo\/author\/daredacao\/#author"},"datePublished":"2017-05-15T06:13:18-03:00","dateModified":"2017-05-15T06:13:18-03:00"},{"@type":"WebSite","@id":"https:\/\/www.jornalja.com.br\/arquivo\/#website","url":"https:\/\/www.jornalja.com.br\/arquivo\/","name":"Arquivo","description":"Jornal J\u00c1 | Porto Alegre","inLanguage":"pt-BR","publisher":{"@id":"https:\/\/www.jornalja.com.br\/arquivo\/#organization"}}]},"og:locale":"pt_BR","og:site_name":"Arquivo | Jornal J\u00c1 | Porto Alegre","og:type":"article","og:title":"Rep\u00f3rter fotogr\u00e1fico \u00e9 detido ap\u00f3s Marcha Antifascista em S\u00e3o Paulo | Arquivo","og:url":"https:\/\/www.jornalja.com.br\/arquivo\/reporter-fotografico-e-detido-apos-marcha-antifascista-em-sao-paulo\/","og:image":"https:\/\/www.jornalja.com.br\/economics\/wp-content\/uploads\/sites\/11\/2026\/08\/ja-folhaderosto-facebook.jpg","og:image:secure_url":"https:\/\/www.jornalja.com.br\/economics\/wp-content\/uploads\/sites\/11\/2026\/08\/ja-folhaderosto-facebook.jpg","article:published_time":"2017-05-15T09:13:18+00:00","article:modified_time":"2017-05-15T09:13:18+00:00","twitter:card":"summary","twitter:title":"Rep\u00f3rter fotogr\u00e1fico \u00e9 detido ap\u00f3s Marcha Antifascista em S\u00e3o Paulo | Arquivo","twitter:image":"https:\/\/www.jornalja.com.br\/economics\/wp-content\/uploads\/sites\/11\/2026\/08\/ja-folhaderosto-facebook.jpg"},"aioseo_meta_data":{"post_id":"48449","title":null,"description":null,"keywords":null,"keyphrases":null,"primary_term":null,"canonical_url":null,"og_title":null,"og_description":null,"og_object_type":"default","og_image_type":"default","og_image_url":null,"og_image_width":null,"og_image_height":null,"og_image_custom_url":null,"og_image_custom_fields":null,"og_video":null,"og_custom_url":null,"og_article_section":null,"og_article_tags":null,"twitter_use_og":false,"twitter_card":"default","twitter_image_type":"default","twitter_image_url":null,"twitter_image_custom_url":null,"twitter_image_custom_fields":null,"twitter_title":null,"twitter_description":null,"schema":{"blockGraphs":[],"customGraphs":[],"default":{"data":{"Article":[],"Course":[],"Dataset":[],"FAQPage":[],"Movie":[],"Person":[],"Product":[],"ProductReview":[],"Car":[],"Recipe":[],"Service":[],"SoftwareApplication":[],"WebPage":[]},"graphName":"","isEnabled":true},"graphs":[],"defaultGraph":"","defaultPostTypeGraph":""},"schema_type":null,"schema_type_options":null,"pillar_content":false,"robots_default":true,"robots_noindex":false,"robots_noarchive":false,"robots_nosnippet":false,"robots_nofollow":false,"robots_noimageindex":false,"robots_noodp":false,"robots_notranslate":false,"robots_max_snippet":null,"robots_max_videopreview":null,"robots_max_imagepreview":"large","priority":null,"frequency":null,"location":null,"local_seo":null,"breadcrumb_settings":null,"limit_modified_date":false,"ai":null,"created":"2020-12-20 20:35:21","updated":"2025-07-19 21:33:53","seo_analyzer_scan_date":null,"focus_keyword":null,"additional_keywords":null,"truseo_locale":null},"jetpack_sharing_enabled":true,"jetpack-related-posts":[{"id":13101,"url":"https:\/\/www.jornalja.com.br\/arquivo\/morre-um-guerreiro-do-texto\/","url_meta":{"origin":48449,"position":0},"title":"Morre um guerreiro do texto","author":"Patr\u00edcia Marini","date":"14 de maio de 2014","format":false,"excerpt":"Por Ricardo Kotscho Reproduzido do blog do autor, 11\/5\/2014; t\u00edtulo original \u201cE l\u00e1 se foi o nosso Myltainho, guerreiro do texto\u201d. Mi\u00fado e franzino, meu amigo Myltainho era um valente e inconformado guerreiro na luta contra as injusti\u00e7as sociais, a hipocrisia, as maracutaias, o autoritarismo, a intoler\u00e2ncia, a viol\u00eancia, o\u2026","rel":"","context":"Em &quot;Geral&quot;","block_context":{"text":"Geral","link":"https:\/\/www.jornalja.com.br\/arquivo\/category\/geral\/"},"img":{"alt_text":"","src":"","width":0,"height":0},"classes":[]},{"id":14241,"url":"https:\/\/www.jornalja.com.br\/arquivo\/o-guaiba-nas-imagens-poeticas-de-achutti\/","url_meta":{"origin":48449,"position":1},"title":"O Gua\u00edba nas imagens po\u00e9ticas de Achutti","author":"da Reda\u00e7\u00e3o","date":"18 de junho de 2014","format":false,"excerpt":"Em \u201cO Gua\u00edba por Achutti\u201d \u2013 obra financiada via Minist\u00e9rio da Cultura, produ\u00e7\u00e3o executiva de Pedro Longhi, e Fl\u00e1vio Wild como designer \u2013, o fot\u00f3grafo revela a beleza e as mazelas de um espa\u00e7o aqu\u00e1tico de \u00e1guas sempre renovadas, cheio de hist\u00f3rias e lendas como as das cidades que foram\u2026","rel":"","context":"Em &quot;Cultura-Geral&quot;","block_context":{"text":"Cultura-Geral","link":"https:\/\/www.jornalja.com.br\/arquivo\/category\/materiasecundaria\/"},"img":{"alt_text":"","src":"","width":0,"height":0},"classes":[]},{"id":12960,"url":"https:\/\/www.jornalja.com.br\/arquivo\/populacao-culpa-empresas-pela-greve-dos-rodoviarios\/","url_meta":{"origin":48449,"position":2},"title":"Popula\u00e7\u00e3o culpa empresas pela greve","author":"Patr\u00edcia Marini","date":"14 de fevereiro de 2014","format":false,"excerpt":"Pesquisa divulgada na edi\u00e7\u00e3o do jornal Metro desta sexta-feira,14, comprova o velho ditado: \u00e9 poss\u00edvel enganar muitos por algum tempo, mas n\u00e3o \u00e9 poss\u00edvel enganar a todos o tempo inteiro. A principal revela\u00e7\u00e3o foi que 59,8% dos entrevistados apontaram as empresas como as principais respons\u00e1veis pela grave e 46% culparam\u2026","rel":"","context":"Em &quot;X.Categorias velhas&quot;","block_context":{"text":"X.Categorias velhas","link":"https:\/\/www.jornalja.com.br\/arquivo\/category\/x-categorias-velhas\/"},"img":{"alt_text":"","src":"","width":0,"height":0},"classes":[]},{"id":13109,"url":"https:\/\/www.jornalja.com.br\/arquivo\/judiciario-reconhece-poluicao-eletromagnetica\/","url_meta":{"origin":48449,"position":3},"title":"Judici\u00e1rio reconhece polui\u00e7\u00e3o eletromagn\u00e9tica","author":"Patr\u00edcia Marini","date":"16 de maio de 2014","format":false,"excerpt":"A\u00e7\u00e3o de duas associa\u00e7\u00f5es de moradores foi acolhida pelo Tribunal de Justi\u00e7a de S\u00e3o Paulo que. em decis\u00e3o in\u00e9dita, determinou a redu\u00e7\u00e3o do campo eletromagn\u00e9tico gerado pelas linhas de transmiss\u00e3o de energia que cortam os bairros City Boa\u00e7ava e Alto de Pinheiros. \u00c9 a primeira vez que um tribunal do\u2026","rel":"","context":"Em &quot;X.Categorias velhas&quot;","block_context":{"text":"X.Categorias velhas","link":"https:\/\/www.jornalja.com.br\/arquivo\/category\/x-categorias-velhas\/"},"img":{"alt_text":"","src":"","width":0,"height":0},"classes":[]},{"id":1280,"url":"https:\/\/www.jornalja.com.br\/arquivo\/o-menino-que-se-tornou-brizola\/","url_meta":{"origin":48449,"position":4},"title":"O Menino que se Tornou Brizola","author":"da Reda\u00e7\u00e3o","date":"28 de julho de 2008","format":false,"excerpt":"Autor: Cleber Dioni A vida de Leonel Brizola, com \u00eanfase para os primeiros anos em Porto Alegre, at\u00e9 o ex\u00edlio no Uruguai e a volta, quinze anos depois. \u00a0\"...\u00c9ramos todos jovens e nos identific\u00e1vamos com aquela massa an\u00f4nima a percorrer as ruas de Porto Alegre, gritando 'Get\u00falio', 'Get\u00falio' e empunhando\u2026","rel":"","context":"Em &quot;Livros&quot;","block_context":{"text":"Livros","link":"https:\/\/www.jornalja.com.br\/arquivo\/category\/livros\/"},"img":{"alt_text":"","src":"https:\/\/i0.wp.com\/www.jornalja.com.br\/wp-content\/uploads\/2008\/07\/brizola.gif?resize=350%2C200&ssl=1","width":350,"height":200},"classes":[]},{"id":13124,"url":"https:\/\/www.jornalja.com.br\/arquivo\/sangue-latino-no-iecine\/","url_meta":{"origin":48449,"position":5},"title":"Sangue latino no IECINE","author":"da Reda\u00e7\u00e3o","date":"18 de maio de 2014","format":false,"excerpt":"Francisco Ribeiro O Instituto Estadual de Cinema (IECINE) tem a frente, desde abril \u00faltimo, um novo diretor, o cineasta colombiano Juan Zapata, 36, que substitui Luiz Alberto Cassol. Radicado h\u00e1 dez anos em Porto Alegre, Zapata tem diante de si o desafio de conduzir at\u00e9 o final do ano um\u2026","rel":"","context":"Em &quot;Cultura-Geral&quot;","block_context":{"text":"Cultura-Geral","link":"https:\/\/www.jornalja.com.br\/arquivo\/category\/materiasecundaria\/"},"img":{"alt_text":"","src":"","width":0,"height":0},"classes":[]}],"jetpack_shortlink":"https:\/\/wp.me\/pbQjBd-cBr","jetpack_featured_media_url":"","_links":{"self":[{"href":"https:\/\/www.jornalja.com.br\/arquivo\/wp-json\/wp\/v2\/posts\/48449","targetHints":{"allow":["GET"]}}],"collection":[{"href":"https:\/\/www.jornalja.com.br\/arquivo\/wp-json\/wp\/v2\/posts"}],"about":[{"href":"https:\/\/www.jornalja.com.br\/arquivo\/wp-json\/wp\/v2\/types\/post"}],"author":[{"embeddable":true,"href":"https:\/\/www.jornalja.com.br\/arquivo\/wp-json\/wp\/v2\/users\/4"}],"replies":[{"embeddable":true,"href":"https:\/\/www.jornalja.com.br\/arquivo\/wp-json\/wp\/v2\/comments?post=48449"}],"version-history":[{"count":0,"href":"https:\/\/www.jornalja.com.br\/arquivo\/wp-json\/wp\/v2\/posts\/48449\/revisions"}],"wp:attachment":[{"href":"https:\/\/www.jornalja.com.br\/arquivo\/wp-json\/wp\/v2\/media?parent=48449"}],"wp:term":[{"taxonomy":"category","embeddable":true,"href":"https:\/\/www.jornalja.com.br\/arquivo\/wp-json\/wp\/v2\/categories?post=48449"},{"taxonomy":"post_tag","embeddable":true,"href":"https:\/\/www.jornalja.com.br\/arquivo\/wp-json\/wp\/v2\/tags?post=48449"}],"curies":[{"name":"wp","href":"https:\/\/api.w.org\/{rel}","templated":true}]}}