{"id":48462,"date":"2017-05-15T10:35:06","date_gmt":"2017-05-15T13:35:06","guid":{"rendered":"https:\/\/www.jornalja.com.br\/?p=48462"},"modified":"2017-05-15T10:35:06","modified_gmt":"2017-05-15T13:35:06","slug":"cpi-dos-shoppings-em-porto-alegre-nao-ha-transparencia-na-prestacao-de-contas","status":"publish","type":"post","link":"https:\/\/www.jornalja.com.br\/arquivo\/cpi-dos-shoppings-em-porto-alegre-nao-ha-transparencia-na-prestacao-de-contas\/","title":{"rendered":"CPI dos shoppings em Porto Alegre: &quot;N\u00e3o h\u00e1 transpar\u00eancia na presta\u00e7\u00e3o de contas&quot;"},"content":{"rendered":"<p>Foi protocolado h\u00e1 uma semana, na C\u00e2mara de Vereadores, o requerimento que pede a abertura da CPI dos Shoppings em Porto Alegre. O documento assinado por 16 vereadores \u00e9 de autoria do l\u00edder do governo no Legislativo, o vereador Claudio Janta (Solidariedade).<br \/>\nNa justificativa do pedido, o vereador refor\u00e7a que \u00e9 not\u00f3ria a crise provocada pela retra\u00e7\u00e3o nas vendas em fun\u00e7\u00e3o da recess\u00e3o econ\u00f4mica e dos altos custos de aluguel.<br \/>\nJanta falou ao Jornal J\u00e1:<br \/>\n<strong>Porque a instala\u00e7\u00e3o da CPI?<\/strong><br \/>\nNa verdade tivemos v\u00e1rias interven\u00e7\u00f5es aqui na C\u00e2mara de Vereadores, de grupos de lojistas que ainda t\u00eam opera\u00e7\u00e3o em shoppings, do Sindlojas, da CDL, diversas entidades e outros representantes que tem seus filiados operando em shopping centers. O\u00a0 que ocorre&#8230; o shopping \u00e9 um grande empreendimento como um condom\u00ednio, ent\u00e3o as pessoas pagam pra ter acesso a algumas coisas, servi\u00e7os que o shopping oferece. Mas a,\u00ed por exemplo, eles n\u00e3o incluem nesse aluguel a tarifa do estacionamento. Toda verba que o shopping arrecada com estacionamento ele n\u00e3o inclui nesse aluguel. Tamb\u00e9m n\u00e3o inclui as grandes lojas nesse rateio. E tamb\u00e9m quando o shopping faz as grandes promo\u00e7\u00f5es para datas comemorativas como dia das m\u00e3es ou Natal ele faz um rateio do dinheiro gasto nas propagandas e n\u00e3o inclui novamente as grandes lojas, quem paga s\u00e3o as pequenas. Hoje estamos vendo diversas opera\u00e7\u00f5es abandonando os shoppings e indo pra rua. E a\u00ed, tu tens algumas dificuldades, como estacionamento nas avenidas, diminui o n\u00famero de empregos porque a opera\u00e7\u00e3o diminui seu ritmo. E no Estado foram mais de mil lojas que fecharam nos shoppings e se tu for contar que cada uma tem pelo menos cinco funcion\u00e1rios, s\u00e3o milhares de empregos, j\u00e1 que muitas delas tamb\u00e9m n\u00e3o conseguem se transferir para a rua. Esse \u00e9 outro problema, j\u00e1 que no shopping n\u00e3o se pode vender o ponto, ou seja, o comerciante faz o investimento e depois n\u00e3o consegue passar a diante porque esse ponto \u00e9 do shopping.<br \/>\n<strong>O que a CPI pretende investigar?<\/strong><br \/>\nEla pretende na verdade achar solu\u00e7\u00f5es para que melhore isso. Vamos chamar as partes. O que procura essa CPI \u00e9 melhorar essa rela\u00e7\u00e3o do Shopping com os lojistas, \u00e9 manter os empregos em Porto Alegre. Saber porque quando os shoppings come\u00e7aram n\u00e3o cobravam estacionamento, agora cobram e esse valor n\u00e3o entra na partilha do condom\u00ednio ou porque um lojista n\u00e3o consegue dar desconto num estacionamento para o seu cliente se h\u00e1 o livre mercado. Vamos convidar representantes dos shoppings, espero que venham pra essa discuss\u00e3o. Vamos trazer a DCL, o Sindlojas, representa\u00e7\u00f5es de todos os segmentos\u00a0 pra explicar isso pra popula\u00e7\u00e3o de Porto Alegre. Chamar a SMURB (Secretaria Municipal do Urbanismo) pra explicar que contrapartidas esses empreendimentos deram pra Porto Alegre, que contrapartidas o munic\u00edpio deu pra eles. Tem uma lei que o Sindicato do Comerci\u00e1rios j\u00e1 nos informou, que esses empreendimentos devem ter banheiros, refeit\u00f3rios e creches para esses funcion\u00e1rios e isso n\u00e3o foi cumprido em algumas amplia\u00e7\u00f5es, e n\u00f3s vamos buscar saber porque n\u00e3o foi cumprido nessa CPI.<br \/>\n<strong>H\u00e1 uma a\u00e7\u00e3o judicial dos lojistas alegando que n\u00e3o h\u00e1 transpar\u00eancia dos shoppings quanto ao lucro. Os n\u00fameros n\u00e3o s\u00e3o divulgados.<\/strong><br \/>\nN\u00f3s vamos pedir pra buscar esses n\u00fameros. O estacionamento \u00e9 uma das coisas. Ele poderia por exemplo pagar toda a publicidade, ou ajudar a pagar por exemplo a seguran\u00e7a. Outra coisa, quem paga os seguran\u00e7as que fazem a seguran\u00e7a do estacionamento, s\u00e3o os lojistas? Quer dizer, n\u00e3o h\u00e1 transpar\u00eancia na presta\u00e7\u00e3o de contas. Se as administra\u00e7\u00f5es n\u00e3o quiseram discutir isso com os seus lojistas, virando at\u00e9 mesmo uma a\u00e7\u00e3o judicial, acho que cabe \u00e0 C\u00e2mara de Vereadores fazer a sua parte.<br \/>\n<strong>Quais os passos agora?<\/strong><br \/>\nA CPI ainda n\u00e3o foi instalada. Ela foi protocolada, tem que cumprir agora os tr\u00e2mites legais. Vai para o setor legislativo, que vai analisar os documentos que n\u00f3s enviamos junto, pra ver se tem o embasamento necess\u00e1rio pra abertura da CPI. Depois o presidente da Casa instala a CPI, escolher o relator, o presidente e o vice-presidente. Os partidos t\u00eam um prazo pra enviar seus membros, quem vai participar, e depois disso a gente pode come\u00e7ar os trabalhos da CPI.<br \/>\n<strong>O shoppings est\u00e3o perdendo opera\u00e7\u00f5es. Por outro lado, houve a amplia\u00e7\u00e3o de alguns e interesses de abertura de outros shoppings. N\u00e3o h\u00e1 uma falta de l\u00f3gica a\u00ed?<\/strong><br \/>\nAcredito que Porto Alegre \u00e9 a cidade que mais tenha shoppings. Na verdade tu vende uma ilus\u00e3o. Que h\u00e1 seguran\u00e7a, que tem a pessoa ali dentro para comprar. Tem duas formas de ver a venda no com\u00e9rcio: o caixa. E o outro \u00e9 o volume de vendas. Isso \u00e9 que mede. Se tu te sentar num shopping num dia, vai ver que as pessoas v\u00e3o pra ir no cinema, \u00a0\u00e0s vezes pra se proteger da chuva, enfim&#8230; O volume de venda das lojas, tirando as lojas \u00e2ncora, \u00e9 pequeno. E at\u00e9 mesmo essas lojas (\u00e2ncoras), muitas est\u00e3o saindo. Alguns shoppings tamb\u00e9m n\u00e3o s\u00e3o s\u00f3 shoppings, o Moinhos tem um hotel como loja \u00e2ncora. O Iguatemi tem um hospital. O Praia de Belas construiu duas torres comerciais. Eles est\u00e3o buscando outros meios. O custo operacional de uma loja dentro do shopping \u00e9 muito alto. Se paga muito, at\u00e9 a seguran\u00e7a \u00e9 uma dificuldade, pois os caras est\u00e3o roubando dentro dos shoppings tamb\u00e9m e o com\u00e9rcio de rua t\u00e1 se erguendo novamente.<br \/>\n<strong>H\u00e1 um crescimento nesse ramo&#8230;.<\/strong><br \/>\n\u00c9, na rua o propriet\u00e1rio faz o que ele quiser, abre e fecha quando quer. Em v\u00e1rios pontos, foram recuperadas as lojas no com\u00e9rcio de rua. Azenha, Assis Brasil, Bom Fim.\u00a0 No centro, a Dr. Flores, Vig\u00e1rio, Marechal, Andradas. Diversas lojas tradicionais foram pro centro.<br \/>\n<strong>Al\u00e9m do relacionamento (entre lojistas e shoppings), leis podem ser criadas a partir dessa CPI.<\/strong><br \/>\nClaro. Pode ser que mediante toda conclus\u00e3o do trabalho, possa vim a ser constru\u00eddo junto \u00e0 Prefeitura, com o relat\u00f3rio da CPI, uma normativa ou um marco regulat\u00f3rio para uma boa conviv\u00eancia entre lojistas e shoppings.<br \/>\n<strong>O prefeito sempre exalta a parceria do poder privado junto ao p\u00fablico. At\u00e9 que ponto essa CPI pode prejudicar essa rela\u00e7\u00e3o j\u00e1 que ir\u00e1 apurar o poder privado?<\/strong>N\u00f3s estamos fortalecendo o poder privado. S\u00f3 que buscando entendimento entre as partes. Esse \u00e9 o papel do poder p\u00fablico. N\u00f3s estamos vendo o papel de uma parte que gera emprego, riqueza ao munic\u00edpio. O shopping precisa do lojista, o lojista precisa do shopping, e a cidade precisa de ambos. Ent\u00e3o queremos que esse entendimento seja harmonioso. N\u00e3o podemos chegar num shopping e ter um monte de opera\u00e7\u00f5es fechadas. A popula\u00e7\u00e3o quer todo tipo de opera\u00e7\u00f5es em um centro comercial. Esse \u00e9 o livre com\u00e9rcio. Dar o direito ao meu consumidor pra ele poder consumir no meu restaurante e n\u00e3o pagar estacionamento, por exemplo. N\u00f3s vamos procurar o desenvolvimento da cidade e que haja uma harmonia entre as partes.<br \/>\n&nbsp;<br \/>\n&nbsp;<\/p>\n","protected":false},"excerpt":{"rendered":"<p>Foi protocolado h\u00e1 uma semana, na C\u00e2mara de Vereadores, o requerimento que pede a abertura da CPI dos Shoppings em Porto Alegre. O documento assinado por 16 vereadores \u00e9 de autoria do l\u00edder do governo no Legislativo, o vereador Claudio Janta (Solidariedade). Na justificativa do pedido, o vereador refor\u00e7a que \u00e9 not\u00f3ria a crise provocada [&hellip;]<\/p>\n","protected":false},"author":4,"featured_media":48464,"comment_status":"open","ping_status":"closed","sticky":false,"template":"","format":"standard","meta":{"_jetpack_newsletter_access":"","_jetpack_dont_email_post_to_subs":false,"_jetpack_newsletter_tier_id":0,"_jetpack_memberships_contains_paywalled_content":false,"_jetpack_feature_clip_id":0,"_jetpack_memberships_contains_paid_content":false,"footnotes":"","jetpack_post_was_ever_published":false},"categories":[26],"tags":[],"class_list":["post-48462","post","type-post","status-publish","format-standard","has-post-thumbnail","hentry","category-geral"],"aioseo_notices":[],"aioseo_head":"\n\t\t<!-- All in One SEO 5.0.1.1 - aioseo.com -->\n\t<meta name=\"robots\" content=\"max-image-preview:large\" \/>\n\t<meta name=\"author\" content=\"da Reda\u00e7\u00e3o\"\/>\n\t<link rel=\"canonical\" href=\"https:\/\/www.jornalja.com.br\/arquivo\/cpi-dos-shoppings-em-porto-alegre-nao-ha-transparencia-na-prestacao-de-contas\/\" \/>\n\t<meta name=\"generator\" content=\"All in One SEO (AIOSEO) 5.0.1.1\" \/>\n\t\t<meta property=\"og:locale\" content=\"pt_BR\" \/>\n\t\t<meta property=\"og:site_name\" content=\"Arquivo | Jornal J\u00c1 | Porto Alegre\" \/>\n\t\t<meta property=\"og:type\" content=\"article\" \/>\n\t\t<meta property=\"og:title\" content=\"CPI dos shoppings em Porto Alegre: &quot;N\u00e3o h\u00e1 transpar\u00eancia na presta\u00e7\u00e3o de contas&quot; | Arquivo\" \/>\n\t\t<meta property=\"og:url\" content=\"https:\/\/www.jornalja.com.br\/arquivo\/cpi-dos-shoppings-em-porto-alegre-nao-ha-transparencia-na-prestacao-de-contas\/\" \/>\n\t\t<meta property=\"og:image\" content=\"https:\/\/www.jornalja.com.br\/economics\/wp-content\/uploads\/sites\/11\/2026\/08\/ja-folhaderosto-facebook.jpg\" \/>\n\t\t<meta property=\"og:image:secure_url\" content=\"https:\/\/www.jornalja.com.br\/economics\/wp-content\/uploads\/sites\/11\/2026\/08\/ja-folhaderosto-facebook.jpg\" \/>\n\t\t<meta property=\"article:published_time\" content=\"2017-05-15T13:35:06+00:00\" \/>\n\t\t<meta property=\"article:modified_time\" content=\"2017-05-15T13:35:06+00:00\" \/>\n\t\t<meta name=\"twitter:card\" content=\"summary\" \/>\n\t\t<meta name=\"twitter:title\" content=\"CPI dos shoppings em Porto Alegre: &quot;N\u00e3o h\u00e1 transpar\u00eancia na presta\u00e7\u00e3o de contas&quot; | Arquivo\" \/>\n\t\t<meta name=\"twitter:image\" content=\"https:\/\/www.jornalja.com.br\/economics\/wp-content\/uploads\/sites\/11\/2026\/08\/ja-folhaderosto-facebook.jpg\" \/>\n\t\t<script type=\"application\/ld+json\" class=\"aioseo-schema\">\n\t\t\t{\"@context\":\"https:\\\/\\\/schema.org\",\"@graph\":[{\"@type\":\"BlogPosting\",\"@id\":\"https:\\\/\\\/www.jornalja.com.br\\\/arquivo\\\/cpi-dos-shoppings-em-porto-alegre-nao-ha-transparencia-na-prestacao-de-contas\\\/#blogposting\",\"name\":\"CPI dos shoppings em Porto Alegre: \\\"N\\u00e3o h\\u00e1 transpar\\u00eancia na presta\\u00e7\\u00e3o de contas\\\" | Arquivo\",\"headline\":\"CPI dos shoppings em Porto Alegre: &quot;N\\u00e3o h\\u00e1 transpar\\u00eancia na presta\\u00e7\\u00e3o de contas&quot;\",\"author\":{\"@id\":\"https:\\\/\\\/www.jornalja.com.br\\\/arquivo\\\/author\\\/daredacao\\\/#author\"},\"publisher\":{\"@id\":\"https:\\\/\\\/www.jornalja.com.br\\\/arquivo\\\/#organization\"},\"image\":{\"@type\":\"ImageObject\",\"url\":48464},\"datePublished\":\"2017-05-15T10:35:06-03:00\",\"dateModified\":\"2017-05-15T10:35:06-03:00\",\"inLanguage\":\"pt-BR\",\"mainEntityOfPage\":{\"@id\":\"https:\\\/\\\/www.jornalja.com.br\\\/arquivo\\\/cpi-dos-shoppings-em-porto-alegre-nao-ha-transparencia-na-prestacao-de-contas\\\/#webpage\"},\"isPartOf\":{\"@id\":\"https:\\\/\\\/www.jornalja.com.br\\\/arquivo\\\/cpi-dos-shoppings-em-porto-alegre-nao-ha-transparencia-na-prestacao-de-contas\\\/#webpage\"},\"articleSection\":\"Geral\"},{\"@type\":\"BreadcrumbList\",\"@id\":\"https:\\\/\\\/www.jornalja.com.br\\\/arquivo\\\/cpi-dos-shoppings-em-porto-alegre-nao-ha-transparencia-na-prestacao-de-contas\\\/#breadcrumblist\",\"itemListElement\":[{\"@type\":\"ListItem\",\"@id\":\"https:\\\/\\\/www.jornalja.com.br\\\/arquivo#listItem\",\"position\":1,\"name\":\"Home\",\"item\":\"https:\\\/\\\/www.jornalja.com.br\\\/arquivo\",\"nextItem\":{\"@type\":\"ListItem\",\"@id\":\"https:\\\/\\\/www.jornalja.com.br\\\/arquivo\\\/category\\\/geral\\\/#listItem\",\"name\":\"Geral\"}},{\"@type\":\"ListItem\",\"@id\":\"https:\\\/\\\/www.jornalja.com.br\\\/arquivo\\\/category\\\/geral\\\/#listItem\",\"position\":2,\"name\":\"Geral\",\"item\":\"https:\\\/\\\/www.jornalja.com.br\\\/arquivo\\\/category\\\/geral\\\/\",\"nextItem\":{\"@type\":\"ListItem\",\"@id\":\"https:\\\/\\\/www.jornalja.com.br\\\/arquivo\\\/cpi-dos-shoppings-em-porto-alegre-nao-ha-transparencia-na-prestacao-de-contas\\\/#listItem\",\"name\":\"CPI dos shoppings em Porto Alegre: &quot;N\\u00e3o h\\u00e1 transpar\\u00eancia na presta\\u00e7\\u00e3o de contas&quot;\"},\"previousItem\":{\"@type\":\"ListItem\",\"@id\":\"https:\\\/\\\/www.jornalja.com.br\\\/arquivo#listItem\",\"name\":\"Home\"}},{\"@type\":\"ListItem\",\"@id\":\"https:\\\/\\\/www.jornalja.com.br\\\/arquivo\\\/cpi-dos-shoppings-em-porto-alegre-nao-ha-transparencia-na-prestacao-de-contas\\\/#listItem\",\"position\":3,\"name\":\"CPI dos shoppings em Porto Alegre: &quot;N\\u00e3o h\\u00e1 transpar\\u00eancia na presta\\u00e7\\u00e3o de contas&quot;\",\"previousItem\":{\"@type\":\"ListItem\",\"@id\":\"https:\\\/\\\/www.jornalja.com.br\\\/arquivo\\\/category\\\/geral\\\/#listItem\",\"name\":\"Geral\"}}]},{\"@type\":\"Organization\",\"@id\":\"https:\\\/\\\/www.jornalja.com.br\\\/arquivo\\\/#organization\",\"name\":\"Jornal J\\u00c1\",\"description\":\"Jornal J\\u00c1 | Porto Alegre\",\"url\":\"https:\\\/\\\/www.jornalja.com.br\\\/arquivo\\\/\",\"telephone\":\"+555133307272\",\"logo\":{\"@type\":\"ImageObject\",\"url\":\"https:\\\/\\\/www.jornalja.com.br\\\/wp-content\\\/uploads\\\/cards\\\/JAslogan.png\",\"@id\":\"https:\\\/\\\/www.jornalja.com.br\\\/arquivo\\\/cpi-dos-shoppings-em-porto-alegre-nao-ha-transparencia-na-prestacao-de-contas\\\/#organizationLogo\"},\"image\":{\"@id\":\"https:\\\/\\\/www.jornalja.com.br\\\/arquivo\\\/cpi-dos-shoppings-em-porto-alegre-nao-ha-transparencia-na-prestacao-de-contas\\\/#organizationLogo\"}},{\"@type\":\"Person\",\"@id\":\"https:\\\/\\\/www.jornalja.com.br\\\/arquivo\\\/author\\\/daredacao\\\/#author\",\"url\":\"https:\\\/\\\/www.jornalja.com.br\\\/arquivo\\\/author\\\/daredacao\\\/\",\"name\":\"da Reda\\u00e7\\u00e3o\",\"image\":{\"@type\":\"ImageObject\",\"@id\":\"https:\\\/\\\/www.jornalja.com.br\\\/arquivo\\\/cpi-dos-shoppings-em-porto-alegre-nao-ha-transparencia-na-prestacao-de-contas\\\/#authorImage\",\"url\":\"https:\\\/\\\/secure.gravatar.com\\\/avatar\\\/469fd857d6605ad19919d27ed29d35a968a25f6e8fd9318356bbb7f57aae9c65?s=96&d=mm&r=g\",\"width\":96,\"height\":96,\"caption\":\"da Reda\\u00e7\\u00e3o\"}},{\"@type\":\"WebPage\",\"@id\":\"https:\\\/\\\/www.jornalja.com.br\\\/arquivo\\\/cpi-dos-shoppings-em-porto-alegre-nao-ha-transparencia-na-prestacao-de-contas\\\/#webpage\",\"url\":\"https:\\\/\\\/www.jornalja.com.br\\\/arquivo\\\/cpi-dos-shoppings-em-porto-alegre-nao-ha-transparencia-na-prestacao-de-contas\\\/\",\"name\":\"CPI dos shoppings em Porto Alegre: \\\"N\\u00e3o h\\u00e1 transpar\\u00eancia na presta\\u00e7\\u00e3o de contas\\\" | Arquivo\",\"inLanguage\":\"pt-BR\",\"isPartOf\":{\"@id\":\"https:\\\/\\\/www.jornalja.com.br\\\/arquivo\\\/#website\"},\"breadcrumb\":{\"@id\":\"https:\\\/\\\/www.jornalja.com.br\\\/arquivo\\\/cpi-dos-shoppings-em-porto-alegre-nao-ha-transparencia-na-prestacao-de-contas\\\/#breadcrumblist\"},\"author\":{\"@id\":\"https:\\\/\\\/www.jornalja.com.br\\\/arquivo\\\/author\\\/daredacao\\\/#author\"},\"creator\":{\"@id\":\"https:\\\/\\\/www.jornalja.com.br\\\/arquivo\\\/author\\\/daredacao\\\/#author\"},\"image\":{\"@type\":\"ImageObject\",\"url\":48464,\"@id\":\"https:\\\/\\\/www.jornalja.com.br\\\/arquivo\\\/cpi-dos-shoppings-em-porto-alegre-nao-ha-transparencia-na-prestacao-de-contas\\\/#mainImage\"},\"primaryImageOfPage\":{\"@id\":\"https:\\\/\\\/www.jornalja.com.br\\\/arquivo\\\/cpi-dos-shoppings-em-porto-alegre-nao-ha-transparencia-na-prestacao-de-contas\\\/#mainImage\"},\"datePublished\":\"2017-05-15T10:35:06-03:00\",\"dateModified\":\"2017-05-15T10:35:06-03:00\"},{\"@type\":\"WebSite\",\"@id\":\"https:\\\/\\\/www.jornalja.com.br\\\/arquivo\\\/#website\",\"url\":\"https:\\\/\\\/www.jornalja.com.br\\\/arquivo\\\/\",\"name\":\"Arquivo\",\"description\":\"Jornal J\\u00c1 | Porto Alegre\",\"inLanguage\":\"pt-BR\",\"publisher\":{\"@id\":\"https:\\\/\\\/www.jornalja.com.br\\\/arquivo\\\/#organization\"}}]}\n\t\t<\/script>\n\t\t<!-- All in One SEO -->\n\n","aioseo_head_json":{"title":"CPI dos shoppings em Porto Alegre: \"N\u00e3o h\u00e1 transpar\u00eancia na presta\u00e7\u00e3o de contas\" | Arquivo","description":"","canonical_url":"https:\/\/www.jornalja.com.br\/arquivo\/cpi-dos-shoppings-em-porto-alegre-nao-ha-transparencia-na-prestacao-de-contas\/","robots":"max-image-preview:large","keywords":"","webmasterTools":{"miscellaneous":""},"schema":{"@context":"https:\/\/schema.org","@graph":[{"@type":"BlogPosting","@id":"https:\/\/www.jornalja.com.br\/arquivo\/cpi-dos-shoppings-em-porto-alegre-nao-ha-transparencia-na-prestacao-de-contas\/#blogposting","name":"CPI dos shoppings em Porto Alegre: \"N\u00e3o h\u00e1 transpar\u00eancia na presta\u00e7\u00e3o de contas\" | Arquivo","headline":"CPI dos shoppings em Porto Alegre: &quot;N\u00e3o h\u00e1 transpar\u00eancia na presta\u00e7\u00e3o de contas&quot;","author":{"@id":"https:\/\/www.jornalja.com.br\/arquivo\/author\/daredacao\/#author"},"publisher":{"@id":"https:\/\/www.jornalja.com.br\/arquivo\/#organization"},"image":{"@type":"ImageObject","url":48464},"datePublished":"2017-05-15T10:35:06-03:00","dateModified":"2017-05-15T10:35:06-03:00","inLanguage":"pt-BR","mainEntityOfPage":{"@id":"https:\/\/www.jornalja.com.br\/arquivo\/cpi-dos-shoppings-em-porto-alegre-nao-ha-transparencia-na-prestacao-de-contas\/#webpage"},"isPartOf":{"@id":"https:\/\/www.jornalja.com.br\/arquivo\/cpi-dos-shoppings-em-porto-alegre-nao-ha-transparencia-na-prestacao-de-contas\/#webpage"},"articleSection":"Geral"},{"@type":"BreadcrumbList","@id":"https:\/\/www.jornalja.com.br\/arquivo\/cpi-dos-shoppings-em-porto-alegre-nao-ha-transparencia-na-prestacao-de-contas\/#breadcrumblist","itemListElement":[{"@type":"ListItem","@id":"https:\/\/www.jornalja.com.br\/arquivo#listItem","position":1,"name":"Home","item":"https:\/\/www.jornalja.com.br\/arquivo","nextItem":{"@type":"ListItem","@id":"https:\/\/www.jornalja.com.br\/arquivo\/category\/geral\/#listItem","name":"Geral"}},{"@type":"ListItem","@id":"https:\/\/www.jornalja.com.br\/arquivo\/category\/geral\/#listItem","position":2,"name":"Geral","item":"https:\/\/www.jornalja.com.br\/arquivo\/category\/geral\/","nextItem":{"@type":"ListItem","@id":"https:\/\/www.jornalja.com.br\/arquivo\/cpi-dos-shoppings-em-porto-alegre-nao-ha-transparencia-na-prestacao-de-contas\/#listItem","name":"CPI dos shoppings em Porto Alegre: &quot;N\u00e3o h\u00e1 transpar\u00eancia na presta\u00e7\u00e3o de contas&quot;"},"previousItem":{"@type":"ListItem","@id":"https:\/\/www.jornalja.com.br\/arquivo#listItem","name":"Home"}},{"@type":"ListItem","@id":"https:\/\/www.jornalja.com.br\/arquivo\/cpi-dos-shoppings-em-porto-alegre-nao-ha-transparencia-na-prestacao-de-contas\/#listItem","position":3,"name":"CPI dos shoppings em Porto Alegre: &quot;N\u00e3o h\u00e1 transpar\u00eancia na presta\u00e7\u00e3o de contas&quot;","previousItem":{"@type":"ListItem","@id":"https:\/\/www.jornalja.com.br\/arquivo\/category\/geral\/#listItem","name":"Geral"}}]},{"@type":"Organization","@id":"https:\/\/www.jornalja.com.br\/arquivo\/#organization","name":"Jornal J\u00c1","description":"Jornal J\u00c1 | Porto Alegre","url":"https:\/\/www.jornalja.com.br\/arquivo\/","telephone":"+555133307272","logo":{"@type":"ImageObject","url":"https:\/\/www.jornalja.com.br\/wp-content\/uploads\/cards\/JAslogan.png","@id":"https:\/\/www.jornalja.com.br\/arquivo\/cpi-dos-shoppings-em-porto-alegre-nao-ha-transparencia-na-prestacao-de-contas\/#organizationLogo"},"image":{"@id":"https:\/\/www.jornalja.com.br\/arquivo\/cpi-dos-shoppings-em-porto-alegre-nao-ha-transparencia-na-prestacao-de-contas\/#organizationLogo"}},{"@type":"Person","@id":"https:\/\/www.jornalja.com.br\/arquivo\/author\/daredacao\/#author","url":"https:\/\/www.jornalja.com.br\/arquivo\/author\/daredacao\/","name":"da Reda\u00e7\u00e3o","image":{"@type":"ImageObject","@id":"https:\/\/www.jornalja.com.br\/arquivo\/cpi-dos-shoppings-em-porto-alegre-nao-ha-transparencia-na-prestacao-de-contas\/#authorImage","url":"https:\/\/secure.gravatar.com\/avatar\/469fd857d6605ad19919d27ed29d35a968a25f6e8fd9318356bbb7f57aae9c65?s=96&d=mm&r=g","width":96,"height":96,"caption":"da Reda\u00e7\u00e3o"}},{"@type":"WebPage","@id":"https:\/\/www.jornalja.com.br\/arquivo\/cpi-dos-shoppings-em-porto-alegre-nao-ha-transparencia-na-prestacao-de-contas\/#webpage","url":"https:\/\/www.jornalja.com.br\/arquivo\/cpi-dos-shoppings-em-porto-alegre-nao-ha-transparencia-na-prestacao-de-contas\/","name":"CPI dos shoppings em Porto Alegre: \"N\u00e3o h\u00e1 transpar\u00eancia na presta\u00e7\u00e3o de contas\" | Arquivo","inLanguage":"pt-BR","isPartOf":{"@id":"https:\/\/www.jornalja.com.br\/arquivo\/#website"},"breadcrumb":{"@id":"https:\/\/www.jornalja.com.br\/arquivo\/cpi-dos-shoppings-em-porto-alegre-nao-ha-transparencia-na-prestacao-de-contas\/#breadcrumblist"},"author":{"@id":"https:\/\/www.jornalja.com.br\/arquivo\/author\/daredacao\/#author"},"creator":{"@id":"https:\/\/www.jornalja.com.br\/arquivo\/author\/daredacao\/#author"},"image":{"@type":"ImageObject","url":48464,"@id":"https:\/\/www.jornalja.com.br\/arquivo\/cpi-dos-shoppings-em-porto-alegre-nao-ha-transparencia-na-prestacao-de-contas\/#mainImage"},"primaryImageOfPage":{"@id":"https:\/\/www.jornalja.com.br\/arquivo\/cpi-dos-shoppings-em-porto-alegre-nao-ha-transparencia-na-prestacao-de-contas\/#mainImage"},"datePublished":"2017-05-15T10:35:06-03:00","dateModified":"2017-05-15T10:35:06-03:00"},{"@type":"WebSite","@id":"https:\/\/www.jornalja.com.br\/arquivo\/#website","url":"https:\/\/www.jornalja.com.br\/arquivo\/","name":"Arquivo","description":"Jornal J\u00c1 | Porto Alegre","inLanguage":"pt-BR","publisher":{"@id":"https:\/\/www.jornalja.com.br\/arquivo\/#organization"}}]},"og:locale":"pt_BR","og:site_name":"Arquivo | Jornal J\u00c1 | Porto Alegre","og:type":"article","og:title":"CPI dos shoppings em Porto Alegre: &quot;N\u00e3o h\u00e1 transpar\u00eancia na presta\u00e7\u00e3o de contas&quot; | Arquivo","og:url":"https:\/\/www.jornalja.com.br\/arquivo\/cpi-dos-shoppings-em-porto-alegre-nao-ha-transparencia-na-prestacao-de-contas\/","og:image":"https:\/\/www.jornalja.com.br\/economics\/wp-content\/uploads\/sites\/11\/2026\/08\/ja-folhaderosto-facebook.jpg","og:image:secure_url":"https:\/\/www.jornalja.com.br\/economics\/wp-content\/uploads\/sites\/11\/2026\/08\/ja-folhaderosto-facebook.jpg","article:published_time":"2017-05-15T13:35:06+00:00","article:modified_time":"2017-05-15T13:35:06+00:00","twitter:card":"summary","twitter:title":"CPI dos shoppings em Porto Alegre: &quot;N\u00e3o h\u00e1 transpar\u00eancia na presta\u00e7\u00e3o de contas&quot; | Arquivo","twitter:image":"https:\/\/www.jornalja.com.br\/economics\/wp-content\/uploads\/sites\/11\/2026\/08\/ja-folhaderosto-facebook.jpg"},"aioseo_meta_data":{"post_id":"48462","title":null,"description":null,"keywords":null,"keyphrases":null,"primary_term":null,"canonical_url":null,"og_title":null,"og_description":null,"og_object_type":"default","og_image_type":"default","og_image_url":null,"og_image_width":null,"og_image_height":null,"og_image_custom_url":null,"og_image_custom_fields":null,"og_video":null,"og_custom_url":null,"og_article_section":null,"og_article_tags":null,"twitter_use_og":false,"twitter_card":"default","twitter_image_type":"default","twitter_image_url":null,"twitter_image_custom_url":null,"twitter_image_custom_fields":null,"twitter_title":null,"twitter_description":null,"schema":{"blockGraphs":[],"customGraphs":[],"default":{"data":{"Article":[],"Course":[],"Dataset":[],"FAQPage":[],"Movie":[],"Person":[],"Product":[],"ProductReview":[],"Car":[],"Recipe":[],"Service":[],"SoftwareApplication":[],"WebPage":[]},"graphName":"","isEnabled":true},"graphs":[]},"schema_type":null,"schema_type_options":null,"pillar_content":false,"robots_default":true,"robots_noindex":false,"robots_noarchive":false,"robots_nosnippet":false,"robots_nofollow":false,"robots_noimageindex":false,"robots_noodp":false,"robots_notranslate":false,"robots_max_snippet":null,"robots_max_videopreview":null,"robots_max_imagepreview":"large","priority":null,"frequency":null,"location":null,"local_seo":null,"breadcrumb_settings":null,"limit_modified_date":false,"ai":null,"created":"2020-12-20 20:35:21","updated":"2025-07-19 21:34:53","seo_analyzer_scan_date":null,"focus_keyword":null,"additional_keywords":null,"truseo_locale":null},"jetpack_sharing_enabled":true,"jetpack-related-posts":[{"id":13240,"url":"https:\/\/www.jornalja.com.br\/arquivo\/plano-diretor-estamos-construindo-o-caos\/","url_meta":{"origin":48462,"position":0},"title":"Plano diretor: &quot;Estamos construindo o caos&quot;","author":"Patr\u00edcia Marini","date":"26 de maio de 2014","format":false,"excerpt":"Desabafo que arquiteta Eliana Castilhos, delegada da Regi\u00e3o de Planejamento 1, postou nas redes sociais \u00e9 um testemunho do ambiente que se criou no Conselho do Plano Diretor de Porto Alegre, onde a aprova\u00e7\u00e3o de grandes empreendimentos \u00e9 empurrada guela abaixo dos conselheiros. Ao CMDUA Como delegada da Regi\u00e3o de\u2026","rel":"","context":"Em &quot;Geral&quot;","block_context":{"text":"Geral","link":"https:\/\/www.jornalja.com.br\/arquivo\/category\/geral\/"},"img":{"alt_text":"","src":"","width":0,"height":0},"classes":[]},{"id":13124,"url":"https:\/\/www.jornalja.com.br\/arquivo\/sangue-latino-no-iecine\/","url_meta":{"origin":48462,"position":1},"title":"Sangue latino no IECINE","author":"da Reda\u00e7\u00e3o","date":"18 de maio de 2014","format":false,"excerpt":"Francisco Ribeiro O Instituto Estadual de Cinema (IECINE) tem a frente, desde abril \u00faltimo, um novo diretor, o cineasta colombiano Juan Zapata, 36, que substitui Luiz Alberto Cassol. Radicado h\u00e1 dez anos em Porto Alegre, Zapata tem diante de si o desafio de conduzir at\u00e9 o final do ano um\u2026","rel":"","context":"Em &quot;Cultura-Geral&quot;","block_context":{"text":"Cultura-Geral","link":"https:\/\/www.jornalja.com.br\/arquivo\/category\/materiasecundaria\/"},"img":{"alt_text":"","src":"","width":0,"height":0},"classes":[]},{"id":1280,"url":"https:\/\/www.jornalja.com.br\/arquivo\/o-menino-que-se-tornou-brizola\/","url_meta":{"origin":48462,"position":2},"title":"O Menino que se Tornou Brizola","author":"da Reda\u00e7\u00e3o","date":"28 de julho de 2008","format":false,"excerpt":"Autor: Cleber Dioni A vida de Leonel Brizola, com \u00eanfase para os primeiros anos em Porto Alegre, at\u00e9 o ex\u00edlio no Uruguai e a volta, quinze anos depois. \u00a0\"...\u00c9ramos todos jovens e nos identific\u00e1vamos com aquela massa an\u00f4nima a percorrer as ruas de Porto Alegre, gritando 'Get\u00falio', 'Get\u00falio' e empunhando\u2026","rel":"","context":"Em &quot;Livros&quot;","block_context":{"text":"Livros","link":"https:\/\/www.jornalja.com.br\/arquivo\/category\/livros\/"},"img":{"alt_text":"","src":"https:\/\/i0.wp.com\/www.jornalja.com.br\/wp-content\/uploads\/2008\/07\/brizola.gif?resize=350%2C200&ssl=1","width":350,"height":200},"classes":[]},{"id":5440,"url":"https:\/\/www.jornalja.com.br\/arquivo\/casarao-da-venancio-destino-permanece-incerto\/","url_meta":{"origin":48462,"position":3},"title":"Estado ainda n\u00e3o sabe o que fazer com casar\u00e3o abandonado h\u00e1 20 anos","author":"Elmar Bones","date":"6 de julho de 2009","format":false,"excerpt":"O casar\u00e3o amarelo, numa esquina nobre de Porto Alegre (Ven\u00e2ncio Aires com Jo\u00e3o Pessoa), j\u00e1 abrigou uma escola. H\u00e1 duas d\u00e9cadas, pelo menos, est\u00e1 abandonado, porque seu propriet\u00e1rio, o governo do Estado do Rio Grande do Sul, n\u00e3o consegue achar um destino para ele. Planos n\u00e3o faltaram. O governador Ol\u00edvio\u2026","rel":"","context":"Em &quot;X.Categorias velhas&quot;","block_context":{"text":"X.Categorias velhas","link":"https:\/\/www.jornalja.com.br\/arquivo\/category\/x-categorias-velhas\/"},"img":{"alt_text":"geraldo1","src":"https:\/\/i0.wp.com\/www.jornalja.com.br\/wp-content\/uploads\/2009\/07\/geraldo1.jpg?resize=350%2C200&ssl=1","width":350,"height":200},"classes":[]},{"id":14241,"url":"https:\/\/www.jornalja.com.br\/arquivo\/o-guaiba-nas-imagens-poeticas-de-achutti\/","url_meta":{"origin":48462,"position":4},"title":"O Gua\u00edba nas imagens po\u00e9ticas de Achutti","author":"da Reda\u00e7\u00e3o","date":"18 de junho de 2014","format":false,"excerpt":"Em \u201cO Gua\u00edba por Achutti\u201d \u2013 obra financiada via Minist\u00e9rio da Cultura, produ\u00e7\u00e3o executiva de Pedro Longhi, e Fl\u00e1vio Wild como designer \u2013, o fot\u00f3grafo revela a beleza e as mazelas de um espa\u00e7o aqu\u00e1tico de \u00e1guas sempre renovadas, cheio de hist\u00f3rias e lendas como as das cidades que foram\u2026","rel":"","context":"Em &quot;Cultura-Geral&quot;","block_context":{"text":"Cultura-Geral","link":"https:\/\/www.jornalja.com.br\/arquivo\/category\/materiasecundaria\/"},"img":{"alt_text":"","src":"","width":0,"height":0},"classes":[]},{"id":12960,"url":"https:\/\/www.jornalja.com.br\/arquivo\/populacao-culpa-empresas-pela-greve-dos-rodoviarios\/","url_meta":{"origin":48462,"position":5},"title":"Popula\u00e7\u00e3o culpa empresas pela greve","author":"Patr\u00edcia Marini","date":"14 de fevereiro de 2014","format":false,"excerpt":"Pesquisa divulgada na edi\u00e7\u00e3o do jornal Metro desta sexta-feira,14, comprova o velho ditado: \u00e9 poss\u00edvel enganar muitos por algum tempo, mas n\u00e3o \u00e9 poss\u00edvel enganar a todos o tempo inteiro. A principal revela\u00e7\u00e3o foi que 59,8% dos entrevistados apontaram as empresas como as principais respons\u00e1veis pela grave e 46% culparam\u2026","rel":"","context":"Em &quot;X.Categorias velhas&quot;","block_context":{"text":"X.Categorias velhas","link":"https:\/\/www.jornalja.com.br\/arquivo\/category\/x-categorias-velhas\/"},"img":{"alt_text":"","src":"","width":0,"height":0},"classes":[]}],"jetpack_shortlink":"https:\/\/wp.me\/pbQjBd-cBE","jetpack_featured_media_url":"","_links":{"self":[{"href":"https:\/\/www.jornalja.com.br\/arquivo\/wp-json\/wp\/v2\/posts\/48462","targetHints":{"allow":["GET"]}}],"collection":[{"href":"https:\/\/www.jornalja.com.br\/arquivo\/wp-json\/wp\/v2\/posts"}],"about":[{"href":"https:\/\/www.jornalja.com.br\/arquivo\/wp-json\/wp\/v2\/types\/post"}],"author":[{"embeddable":true,"href":"https:\/\/www.jornalja.com.br\/arquivo\/wp-json\/wp\/v2\/users\/4"}],"replies":[{"embeddable":true,"href":"https:\/\/www.jornalja.com.br\/arquivo\/wp-json\/wp\/v2\/comments?post=48462"}],"version-history":[{"count":0,"href":"https:\/\/www.jornalja.com.br\/arquivo\/wp-json\/wp\/v2\/posts\/48462\/revisions"}],"wp:attachment":[{"href":"https:\/\/www.jornalja.com.br\/arquivo\/wp-json\/wp\/v2\/media?parent=48462"}],"wp:term":[{"taxonomy":"category","embeddable":true,"href":"https:\/\/www.jornalja.com.br\/arquivo\/wp-json\/wp\/v2\/categories?post=48462"},{"taxonomy":"post_tag","embeddable":true,"href":"https:\/\/www.jornalja.com.br\/arquivo\/wp-json\/wp\/v2\/tags?post=48462"}],"curies":[{"name":"wp","href":"https:\/\/api.w.org\/{rel}","templated":true}]}}