{"id":48488,"date":"2017-05-15T19:53:18","date_gmt":"2017-05-15T22:53:18","guid":{"rendered":"https:\/\/www.jornalja.com.br\/?p=48488"},"modified":"2017-05-15T19:53:18","modified_gmt":"2017-05-15T22:53:18","slug":"casa-dos-conselhos-vai-abrigar-a-universidade-aberta-de-porto-alegre","status":"publish","type":"post","link":"https:\/\/www.jornalja.com.br\/arquivo\/casa-dos-conselhos-vai-abrigar-a-universidade-aberta-de-porto-alegre\/","title":{"rendered":"Casa dos Conselhos vai abrigar a Universidade Aberta de Porto Alegre"},"content":{"rendered":"<p>Num restaurante do Barra Shopping, na hora do almo\u00e7o, foi lan\u00e7ada nesta segunda-feira (15) a Universidade Aberta de Porto Alegre. Segundo a prefeitura, \u00e9\u00a0um\u00a0projeto que re\u00fane &#8220;debate de ideias, empreendedorismo e forma\u00e7\u00e3o profissional e cultural para o grande p\u00fablico&#8221;.<br \/>\nCoordenado pelas secretarias de Cultura, Educa\u00e7\u00e3o e Desenvolvimento Econ\u00f4mico, a UnA ter\u00e1 sua aula inaugural na quarrta-feira (17), na Casa dos Conselhos, abrindo\u00a0a temporada de cursos da s\u00e9rie Provoca\u00e7\u00f5es Contempor\u00e2neas: uma agenda para o Brasil do s\u00e9culo XXI. Os conselhos municipais n\u00e3o t\u00eam se reunido na Casa este ano.<br \/>\nO slogan \u00e9 \u201cideias t\u00eam consequ\u00eancias\u201d. \u00a0No lan\u00e7amento, falaram o prefeito da Capital, Nelson Marchezan Junior, e os secret\u00e1rios de Cultura, Luciano Alabarse, do Desenvolvimento, Ricardo Gomes, e outros parceiros do projeto, como o professor da UFRGS Sergius Gonzaga, da Coordena\u00e7\u00e3o do Livro e Literatura da Secretaria de Cultura.<br \/>\n<figure id=\"attachment_48497\" aria-describedby=\"caption-attachment-48497\" style=\"width: 309px\" class=\"wp-caption alignleft\"><img loading=\"lazy\" decoding=\"async\" class=\" wp-image-48497\" src=\"https:\/\/www.jornalja.com.br\/wp-content\/uploads\/2017\/05\/UnA-sergius-gonzaga-foto-cesar-alopes-pmpa.jpg\" alt=\"\" width=\"309\" height=\"209\" \/><figcaption id=\"caption-attachment-48497\" class=\"wp-caption-text\">S\u00e9rgius Gonzaga \u00a0fala no lan\u00e7amento da UnA<br \/>\/ Foto Cesar Lopes\/ PMPA<\/figcaption><\/figure><br \/>\nPara Gonzaga, \u201ca discuss\u00e3o aberta, franca e abrangente de temas contempor\u00e2neos e decisivos para a realidade do pa\u00eds e do mundo ser\u00e1 uma ferramenta extremamente importante, pois permitir\u00e1 uma <em>virada de mentalidade<\/em>: romper com a estreiteza ideol\u00f3gica que tomou conta do debate p\u00fablico e tentar enxergar com clareza e profundidade os desafios do nosso tempo\u201d.<br \/>\nO tema da aula inaugural ser\u00e1 &#8220;O que \u00e9 uma sociedade justa? Liberdade <em>vs. <\/em>Igualdade no debate contempor\u00e2neo\u201d, com o professor do IBMEC Diogo Costa, mestre pela Columbia University e doutorando pelo King&#8217;s College London, e o professor da UFRGS Nelson Boeira, doutor pela Yale University, ex-Secret\u00e1rio da Cultura do Estado e ex-reitor da Universidade Estadual do Rio Grande do Sul (UERGS).<br \/>\nSegundo o secret\u00e1rio-adjunto da Cultura, Eduardo Wolf, um dos idealizadores da proposta, a s\u00e9rie<strong> Provoca\u00e7\u00f5es Contempor\u00e2neas <\/strong>\u00e9 um excelente modo de envolver as pessoas neste debate de ideias, mostrando como somos todos afetados. \u201cSeja para discutir temas espec\u00edficos como a reforma pol\u00edtica ou a situa\u00e7\u00e3o econ\u00f4mica do pa\u00eds, seja para abordar temas mais conceituais, como a discuss\u00e3o sobre a sociedade justa, o fato \u00e9 que o modo como pensamos sobre essas ideias sempre tem consequ\u00eancias para nossa vida em sociedade: tamanho do Estado, impostos, nossas leis, nossas no\u00e7\u00f5es de certo e errado\u201d, argumentou Wolf.<br \/>\nAl\u00e9m do debate de ideias, por\u00e9m, a \u00eanfase da Universidade Aberta de Porto Alegre ser\u00e1 nas\u00a0pautas de empreendedorismo. Outro objetivo central da UnA \u00e9 a forma\u00e7\u00e3o continuada e a qualifica\u00e7\u00e3o dos professores da rede municipal.<br \/>\n\u201cEspero que esse venha a ser mais do que um programa de a\u00e7\u00f5es, mas que se institucionalize como um programa cont\u00ednuo, de capacita\u00e7\u00e3o t\u00e9cnica, pessoal e profissional. Que seja um debate de id\u00e9ias condizente com o perfil da cidade empreendedora que \u00e9 Porto Alegre. Nossa Capital j\u00e1 teve alto \u00edndice educacional e ainda \u00e9 vista como uma refer\u00eancia, e por isso tenho confian\u00e7a que voltaremos a alcan\u00e7ar\u00a0 patamares mais altos. E Universidade Aberta ter\u00e1 papel importante neste sentido, permitindo e estimulando, tamb\u00e9m, a capacita\u00e7\u00e3o continua dos nossos professores\u201d ressaltou Wolf, durante o lan\u00e7amento.<br \/>\nAp\u00f3s a aula inaugural, explicou S\u00e9rgius Gonzaga, ser\u00e3o realizadas atividades permanentes, durante quatro semanas, sempre com profissionais de refer\u00eancia em suas \u00e1reas.<br \/>\n\u201cCome\u00e7arem com algo que valoriza a gram\u00e1tica, em curso com o maior especialista em ling\u00fc\u00edstica que temos hoje, o professor Cl\u00e1udio Moreno, falando sobre pontua\u00e7\u00e3o e, mais do que isso, sobre a import\u00e2ncia de mantermos os valores da l\u00edngua portuguesa e seus elementos de corre\u00e7\u00e3o\u201d antecipou o coordenador do Livro e Literatura da Secretaria de Cultura.<br \/>\n&nbsp;<br \/>\n<strong>Servi\u00e7o<\/strong><br \/>\n&#8220;O que \u00e9 uma sociedade justa? O debate sobre igualdade versus liberdade\u201d<br \/>\nHora: 19h30 min<br \/>\nLocal: Casa dos Conselhos ( Av. Jo\u00e3o Pessoa,1.110)<br \/>\nPalestrantes:\u00a0 Prof. Diogo Costa, mestre pela Columbia University e doutorando pelo King&#8217;s College London, e Prof. Nelson Boeira, doutor pela Yale University e Ex-Secret\u00e1rio da Cultura do Estado e ex-reitor da UERGS<br \/>\nCapacidade: 70 pessoas, com certifica\u00e7\u00e3o<br \/>\nInforma\u00e7\u00f5es: <a href=\"mailto:universidadeaberta.poa@gmail.com\">universidadeaberta.poa@gmail.com<\/a><br \/>\n&nbsp;<\/p>\n","protected":false},"excerpt":{"rendered":"<p>Num restaurante do Barra Shopping, na hora do almo\u00e7o, foi lan\u00e7ada nesta segunda-feira (15) a Universidade Aberta de Porto Alegre. Segundo a prefeitura, \u00e9\u00a0um\u00a0projeto que re\u00fane &#8220;debate de ideias, empreendedorismo e forma\u00e7\u00e3o profissional e cultural para o grande p\u00fablico&#8221;. Coordenado pelas secretarias de Cultura, Educa\u00e7\u00e3o e Desenvolvimento Econ\u00f4mico, a UnA ter\u00e1 sua aula inaugural na [&hellip;]<\/p>\n","protected":false},"author":4,"featured_media":48496,"comment_status":"open","ping_status":"closed","sticky":false,"template":"","format":"standard","meta":{"_jetpack_newsletter_access":"","_jetpack_dont_email_post_to_subs":false,"_jetpack_newsletter_tier_id":0,"_jetpack_memberships_contains_paywalled_content":false,"_jetpack_feature_clip_id":0,"_jetpack_memberships_contains_paid_content":false,"footnotes":"","jetpack_post_was_ever_published":false},"categories":[26],"tags":[],"class_list":["post-48488","post","type-post","status-publish","format-standard","has-post-thumbnail","hentry","category-geral"],"aioseo_notices":[],"aioseo_head":"\n\t\t<!-- All in One SEO 5.0.1.1 - aioseo.com -->\n\t<meta name=\"robots\" content=\"max-image-preview:large\" \/>\n\t<meta name=\"author\" content=\"da Reda\u00e7\u00e3o\"\/>\n\t<link rel=\"canonical\" href=\"https:\/\/www.jornalja.com.br\/arquivo\/casa-dos-conselhos-vai-abrigar-a-universidade-aberta-de-porto-alegre\/\" \/>\n\t<meta name=\"generator\" content=\"All in One SEO (AIOSEO) 5.0.1.1\" \/>\n\t\t<meta property=\"og:locale\" content=\"pt_BR\" \/>\n\t\t<meta property=\"og:site_name\" content=\"Arquivo | Jornal J\u00c1 | Porto Alegre\" \/>\n\t\t<meta property=\"og:type\" content=\"article\" \/>\n\t\t<meta property=\"og:title\" content=\"Casa dos Conselhos vai abrigar a Universidade Aberta de Porto Alegre | Arquivo\" \/>\n\t\t<meta property=\"og:url\" content=\"https:\/\/www.jornalja.com.br\/arquivo\/casa-dos-conselhos-vai-abrigar-a-universidade-aberta-de-porto-alegre\/\" \/>\n\t\t<meta property=\"og:image\" content=\"https:\/\/www.jornalja.com.br\/wp-content\/uploads\/2017\/05\/UnA-sergius-gonzaga-foto-cesar-alopes-pmpa.jpg\" \/>\n\t\t<meta property=\"og:image:secure_url\" content=\"https:\/\/www.jornalja.com.br\/wp-content\/uploads\/2017\/05\/UnA-sergius-gonzaga-foto-cesar-alopes-pmpa.jpg\" \/>\n\t\t<meta property=\"article:published_time\" content=\"2017-05-15T22:53:18+00:00\" \/>\n\t\t<meta property=\"article:modified_time\" content=\"2017-05-15T22:53:18+00:00\" \/>\n\t\t<meta name=\"twitter:card\" content=\"summary\" \/>\n\t\t<meta name=\"twitter:title\" content=\"Casa dos Conselhos vai abrigar a Universidade Aberta de Porto Alegre | Arquivo\" \/>\n\t\t<meta name=\"twitter:image\" content=\"https:\/\/www.jornalja.com.br\/economics\/wp-content\/uploads\/sites\/11\/2026\/08\/ja-folhaderosto-facebook.jpg\" \/>\n\t\t<script type=\"application\/ld+json\" class=\"aioseo-schema\">\n\t\t\t{\"@context\":\"https:\\\/\\\/schema.org\",\"@graph\":[{\"@type\":\"BlogPosting\",\"@id\":\"https:\\\/\\\/www.jornalja.com.br\\\/arquivo\\\/casa-dos-conselhos-vai-abrigar-a-universidade-aberta-de-porto-alegre\\\/#blogposting\",\"name\":\"Casa dos Conselhos vai abrigar a Universidade Aberta de Porto Alegre | Arquivo\",\"headline\":\"Casa dos Conselhos vai abrigar a Universidade Aberta de Porto Alegre\",\"author\":{\"@id\":\"https:\\\/\\\/www.jornalja.com.br\\\/arquivo\\\/author\\\/daredacao\\\/#author\"},\"publisher\":{\"@id\":\"https:\\\/\\\/www.jornalja.com.br\\\/arquivo\\\/#organization\"},\"image\":{\"@type\":\"ImageObject\",\"url\":48496},\"datePublished\":\"2017-05-15T19:53:18-03:00\",\"dateModified\":\"2017-05-15T19:53:18-03:00\",\"inLanguage\":\"pt-BR\",\"mainEntityOfPage\":{\"@id\":\"https:\\\/\\\/www.jornalja.com.br\\\/arquivo\\\/casa-dos-conselhos-vai-abrigar-a-universidade-aberta-de-porto-alegre\\\/#webpage\"},\"isPartOf\":{\"@id\":\"https:\\\/\\\/www.jornalja.com.br\\\/arquivo\\\/casa-dos-conselhos-vai-abrigar-a-universidade-aberta-de-porto-alegre\\\/#webpage\"},\"articleSection\":\"Geral\"},{\"@type\":\"BreadcrumbList\",\"@id\":\"https:\\\/\\\/www.jornalja.com.br\\\/arquivo\\\/casa-dos-conselhos-vai-abrigar-a-universidade-aberta-de-porto-alegre\\\/#breadcrumblist\",\"itemListElement\":[{\"@type\":\"ListItem\",\"@id\":\"https:\\\/\\\/www.jornalja.com.br\\\/arquivo#listItem\",\"position\":1,\"name\":\"Home\",\"item\":\"https:\\\/\\\/www.jornalja.com.br\\\/arquivo\",\"nextItem\":{\"@type\":\"ListItem\",\"@id\":\"https:\\\/\\\/www.jornalja.com.br\\\/arquivo\\\/category\\\/geral\\\/#listItem\",\"name\":\"Geral\"}},{\"@type\":\"ListItem\",\"@id\":\"https:\\\/\\\/www.jornalja.com.br\\\/arquivo\\\/category\\\/geral\\\/#listItem\",\"position\":2,\"name\":\"Geral\",\"item\":\"https:\\\/\\\/www.jornalja.com.br\\\/arquivo\\\/category\\\/geral\\\/\",\"nextItem\":{\"@type\":\"ListItem\",\"@id\":\"https:\\\/\\\/www.jornalja.com.br\\\/arquivo\\\/casa-dos-conselhos-vai-abrigar-a-universidade-aberta-de-porto-alegre\\\/#listItem\",\"name\":\"Casa dos Conselhos vai abrigar a Universidade Aberta de Porto Alegre\"},\"previousItem\":{\"@type\":\"ListItem\",\"@id\":\"https:\\\/\\\/www.jornalja.com.br\\\/arquivo#listItem\",\"name\":\"Home\"}},{\"@type\":\"ListItem\",\"@id\":\"https:\\\/\\\/www.jornalja.com.br\\\/arquivo\\\/casa-dos-conselhos-vai-abrigar-a-universidade-aberta-de-porto-alegre\\\/#listItem\",\"position\":3,\"name\":\"Casa dos Conselhos vai abrigar a Universidade Aberta de Porto Alegre\",\"previousItem\":{\"@type\":\"ListItem\",\"@id\":\"https:\\\/\\\/www.jornalja.com.br\\\/arquivo\\\/category\\\/geral\\\/#listItem\",\"name\":\"Geral\"}}]},{\"@type\":\"Organization\",\"@id\":\"https:\\\/\\\/www.jornalja.com.br\\\/arquivo\\\/#organization\",\"name\":\"Jornal J\\u00c1\",\"description\":\"Jornal J\\u00c1 | Porto Alegre\",\"url\":\"https:\\\/\\\/www.jornalja.com.br\\\/arquivo\\\/\",\"telephone\":\"+555133307272\",\"logo\":{\"@type\":\"ImageObject\",\"url\":\"https:\\\/\\\/www.jornalja.com.br\\\/wp-content\\\/uploads\\\/cards\\\/JAslogan.png\",\"@id\":\"https:\\\/\\\/www.jornalja.com.br\\\/arquivo\\\/casa-dos-conselhos-vai-abrigar-a-universidade-aberta-de-porto-alegre\\\/#organizationLogo\"},\"image\":{\"@id\":\"https:\\\/\\\/www.jornalja.com.br\\\/arquivo\\\/casa-dos-conselhos-vai-abrigar-a-universidade-aberta-de-porto-alegre\\\/#organizationLogo\"}},{\"@type\":\"Person\",\"@id\":\"https:\\\/\\\/www.jornalja.com.br\\\/arquivo\\\/author\\\/daredacao\\\/#author\",\"url\":\"https:\\\/\\\/www.jornalja.com.br\\\/arquivo\\\/author\\\/daredacao\\\/\",\"name\":\"da Reda\\u00e7\\u00e3o\",\"image\":{\"@type\":\"ImageObject\",\"@id\":\"https:\\\/\\\/www.jornalja.com.br\\\/arquivo\\\/casa-dos-conselhos-vai-abrigar-a-universidade-aberta-de-porto-alegre\\\/#authorImage\",\"url\":\"https:\\\/\\\/secure.gravatar.com\\\/avatar\\\/469fd857d6605ad19919d27ed29d35a968a25f6e8fd9318356bbb7f57aae9c65?s=96&d=mm&r=g\",\"width\":96,\"height\":96,\"caption\":\"da Reda\\u00e7\\u00e3o\"}},{\"@type\":\"WebPage\",\"@id\":\"https:\\\/\\\/www.jornalja.com.br\\\/arquivo\\\/casa-dos-conselhos-vai-abrigar-a-universidade-aberta-de-porto-alegre\\\/#webpage\",\"url\":\"https:\\\/\\\/www.jornalja.com.br\\\/arquivo\\\/casa-dos-conselhos-vai-abrigar-a-universidade-aberta-de-porto-alegre\\\/\",\"name\":\"Casa dos Conselhos vai abrigar a Universidade Aberta de Porto Alegre | Arquivo\",\"inLanguage\":\"pt-BR\",\"isPartOf\":{\"@id\":\"https:\\\/\\\/www.jornalja.com.br\\\/arquivo\\\/#website\"},\"breadcrumb\":{\"@id\":\"https:\\\/\\\/www.jornalja.com.br\\\/arquivo\\\/casa-dos-conselhos-vai-abrigar-a-universidade-aberta-de-porto-alegre\\\/#breadcrumblist\"},\"author\":{\"@id\":\"https:\\\/\\\/www.jornalja.com.br\\\/arquivo\\\/author\\\/daredacao\\\/#author\"},\"creator\":{\"@id\":\"https:\\\/\\\/www.jornalja.com.br\\\/arquivo\\\/author\\\/daredacao\\\/#author\"},\"image\":{\"@type\":\"ImageObject\",\"url\":48496,\"@id\":\"https:\\\/\\\/www.jornalja.com.br\\\/arquivo\\\/casa-dos-conselhos-vai-abrigar-a-universidade-aberta-de-porto-alegre\\\/#mainImage\"},\"primaryImageOfPage\":{\"@id\":\"https:\\\/\\\/www.jornalja.com.br\\\/arquivo\\\/casa-dos-conselhos-vai-abrigar-a-universidade-aberta-de-porto-alegre\\\/#mainImage\"},\"datePublished\":\"2017-05-15T19:53:18-03:00\",\"dateModified\":\"2017-05-15T19:53:18-03:00\"},{\"@type\":\"WebSite\",\"@id\":\"https:\\\/\\\/www.jornalja.com.br\\\/arquivo\\\/#website\",\"url\":\"https:\\\/\\\/www.jornalja.com.br\\\/arquivo\\\/\",\"name\":\"Arquivo\",\"description\":\"Jornal J\\u00c1 | Porto Alegre\",\"inLanguage\":\"pt-BR\",\"publisher\":{\"@id\":\"https:\\\/\\\/www.jornalja.com.br\\\/arquivo\\\/#organization\"}}]}\n\t\t<\/script>\n\t\t<!-- All in One SEO -->\n\n","aioseo_head_json":{"title":"Casa dos Conselhos vai abrigar a Universidade Aberta de Porto Alegre | Arquivo","description":"","canonical_url":"https:\/\/www.jornalja.com.br\/arquivo\/casa-dos-conselhos-vai-abrigar-a-universidade-aberta-de-porto-alegre\/","robots":"max-image-preview:large","keywords":"","webmasterTools":{"miscellaneous":""},"schema":{"@context":"https:\/\/schema.org","@graph":[{"@type":"BlogPosting","@id":"https:\/\/www.jornalja.com.br\/arquivo\/casa-dos-conselhos-vai-abrigar-a-universidade-aberta-de-porto-alegre\/#blogposting","name":"Casa dos Conselhos vai abrigar a Universidade Aberta de Porto Alegre | Arquivo","headline":"Casa dos Conselhos vai abrigar a Universidade Aberta de Porto Alegre","author":{"@id":"https:\/\/www.jornalja.com.br\/arquivo\/author\/daredacao\/#author"},"publisher":{"@id":"https:\/\/www.jornalja.com.br\/arquivo\/#organization"},"image":{"@type":"ImageObject","url":48496},"datePublished":"2017-05-15T19:53:18-03:00","dateModified":"2017-05-15T19:53:18-03:00","inLanguage":"pt-BR","mainEntityOfPage":{"@id":"https:\/\/www.jornalja.com.br\/arquivo\/casa-dos-conselhos-vai-abrigar-a-universidade-aberta-de-porto-alegre\/#webpage"},"isPartOf":{"@id":"https:\/\/www.jornalja.com.br\/arquivo\/casa-dos-conselhos-vai-abrigar-a-universidade-aberta-de-porto-alegre\/#webpage"},"articleSection":"Geral"},{"@type":"BreadcrumbList","@id":"https:\/\/www.jornalja.com.br\/arquivo\/casa-dos-conselhos-vai-abrigar-a-universidade-aberta-de-porto-alegre\/#breadcrumblist","itemListElement":[{"@type":"ListItem","@id":"https:\/\/www.jornalja.com.br\/arquivo#listItem","position":1,"name":"Home","item":"https:\/\/www.jornalja.com.br\/arquivo","nextItem":{"@type":"ListItem","@id":"https:\/\/www.jornalja.com.br\/arquivo\/category\/geral\/#listItem","name":"Geral"}},{"@type":"ListItem","@id":"https:\/\/www.jornalja.com.br\/arquivo\/category\/geral\/#listItem","position":2,"name":"Geral","item":"https:\/\/www.jornalja.com.br\/arquivo\/category\/geral\/","nextItem":{"@type":"ListItem","@id":"https:\/\/www.jornalja.com.br\/arquivo\/casa-dos-conselhos-vai-abrigar-a-universidade-aberta-de-porto-alegre\/#listItem","name":"Casa dos Conselhos vai abrigar a Universidade Aberta de Porto Alegre"},"previousItem":{"@type":"ListItem","@id":"https:\/\/www.jornalja.com.br\/arquivo#listItem","name":"Home"}},{"@type":"ListItem","@id":"https:\/\/www.jornalja.com.br\/arquivo\/casa-dos-conselhos-vai-abrigar-a-universidade-aberta-de-porto-alegre\/#listItem","position":3,"name":"Casa dos Conselhos vai abrigar a Universidade Aberta de Porto Alegre","previousItem":{"@type":"ListItem","@id":"https:\/\/www.jornalja.com.br\/arquivo\/category\/geral\/#listItem","name":"Geral"}}]},{"@type":"Organization","@id":"https:\/\/www.jornalja.com.br\/arquivo\/#organization","name":"Jornal J\u00c1","description":"Jornal J\u00c1 | Porto Alegre","url":"https:\/\/www.jornalja.com.br\/arquivo\/","telephone":"+555133307272","logo":{"@type":"ImageObject","url":"https:\/\/www.jornalja.com.br\/wp-content\/uploads\/cards\/JAslogan.png","@id":"https:\/\/www.jornalja.com.br\/arquivo\/casa-dos-conselhos-vai-abrigar-a-universidade-aberta-de-porto-alegre\/#organizationLogo"},"image":{"@id":"https:\/\/www.jornalja.com.br\/arquivo\/casa-dos-conselhos-vai-abrigar-a-universidade-aberta-de-porto-alegre\/#organizationLogo"}},{"@type":"Person","@id":"https:\/\/www.jornalja.com.br\/arquivo\/author\/daredacao\/#author","url":"https:\/\/www.jornalja.com.br\/arquivo\/author\/daredacao\/","name":"da Reda\u00e7\u00e3o","image":{"@type":"ImageObject","@id":"https:\/\/www.jornalja.com.br\/arquivo\/casa-dos-conselhos-vai-abrigar-a-universidade-aberta-de-porto-alegre\/#authorImage","url":"https:\/\/secure.gravatar.com\/avatar\/469fd857d6605ad19919d27ed29d35a968a25f6e8fd9318356bbb7f57aae9c65?s=96&d=mm&r=g","width":96,"height":96,"caption":"da Reda\u00e7\u00e3o"}},{"@type":"WebPage","@id":"https:\/\/www.jornalja.com.br\/arquivo\/casa-dos-conselhos-vai-abrigar-a-universidade-aberta-de-porto-alegre\/#webpage","url":"https:\/\/www.jornalja.com.br\/arquivo\/casa-dos-conselhos-vai-abrigar-a-universidade-aberta-de-porto-alegre\/","name":"Casa dos Conselhos vai abrigar a Universidade Aberta de Porto Alegre | Arquivo","inLanguage":"pt-BR","isPartOf":{"@id":"https:\/\/www.jornalja.com.br\/arquivo\/#website"},"breadcrumb":{"@id":"https:\/\/www.jornalja.com.br\/arquivo\/casa-dos-conselhos-vai-abrigar-a-universidade-aberta-de-porto-alegre\/#breadcrumblist"},"author":{"@id":"https:\/\/www.jornalja.com.br\/arquivo\/author\/daredacao\/#author"},"creator":{"@id":"https:\/\/www.jornalja.com.br\/arquivo\/author\/daredacao\/#author"},"image":{"@type":"ImageObject","url":48496,"@id":"https:\/\/www.jornalja.com.br\/arquivo\/casa-dos-conselhos-vai-abrigar-a-universidade-aberta-de-porto-alegre\/#mainImage"},"primaryImageOfPage":{"@id":"https:\/\/www.jornalja.com.br\/arquivo\/casa-dos-conselhos-vai-abrigar-a-universidade-aberta-de-porto-alegre\/#mainImage"},"datePublished":"2017-05-15T19:53:18-03:00","dateModified":"2017-05-15T19:53:18-03:00"},{"@type":"WebSite","@id":"https:\/\/www.jornalja.com.br\/arquivo\/#website","url":"https:\/\/www.jornalja.com.br\/arquivo\/","name":"Arquivo","description":"Jornal J\u00c1 | Porto Alegre","inLanguage":"pt-BR","publisher":{"@id":"https:\/\/www.jornalja.com.br\/arquivo\/#organization"}}]},"og:locale":"pt_BR","og:site_name":"Arquivo | Jornal J\u00c1 | Porto Alegre","og:type":"article","og:title":"Casa dos Conselhos vai abrigar a Universidade Aberta de Porto Alegre | Arquivo","og:url":"https:\/\/www.jornalja.com.br\/arquivo\/casa-dos-conselhos-vai-abrigar-a-universidade-aberta-de-porto-alegre\/","og:image":"https:\/\/www.jornalja.com.br\/wp-content\/uploads\/2017\/05\/UnA-sergius-gonzaga-foto-cesar-alopes-pmpa.jpg","og:image:secure_url":"https:\/\/www.jornalja.com.br\/wp-content\/uploads\/2017\/05\/UnA-sergius-gonzaga-foto-cesar-alopes-pmpa.jpg","article:published_time":"2017-05-15T22:53:18+00:00","article:modified_time":"2017-05-15T22:53:18+00:00","twitter:card":"summary","twitter:title":"Casa dos Conselhos vai abrigar a Universidade Aberta de Porto Alegre | Arquivo","twitter:image":"https:\/\/www.jornalja.com.br\/economics\/wp-content\/uploads\/sites\/11\/2026\/08\/ja-folhaderosto-facebook.jpg"},"aioseo_meta_data":{"post_id":"48488","title":null,"description":null,"keywords":null,"keyphrases":null,"primary_term":null,"canonical_url":null,"og_title":null,"og_description":null,"og_object_type":"default","og_image_type":"default","og_image_url":null,"og_image_width":null,"og_image_height":null,"og_image_custom_url":null,"og_image_custom_fields":null,"og_video":null,"og_custom_url":null,"og_article_section":null,"og_article_tags":null,"twitter_use_og":false,"twitter_card":"default","twitter_image_type":"default","twitter_image_url":null,"twitter_image_custom_url":null,"twitter_image_custom_fields":null,"twitter_title":null,"twitter_description":null,"schema":{"blockGraphs":[],"customGraphs":[],"default":{"data":{"Article":[],"Course":[],"Dataset":[],"FAQPage":[],"Movie":[],"Person":[],"Product":[],"ProductReview":[],"Car":[],"Recipe":[],"Service":[],"SoftwareApplication":[],"WebPage":[]},"graphName":"","isEnabled":true},"graphs":[]},"schema_type":null,"schema_type_options":null,"pillar_content":false,"robots_default":true,"robots_noindex":false,"robots_noarchive":false,"robots_nosnippet":false,"robots_nofollow":false,"robots_noimageindex":false,"robots_noodp":false,"robots_notranslate":false,"robots_max_snippet":null,"robots_max_videopreview":null,"robots_max_imagepreview":"large","priority":null,"frequency":null,"location":null,"local_seo":null,"breadcrumb_settings":null,"limit_modified_date":false,"ai":null,"created":"2020-12-20 20:35:21","updated":"2025-07-19 21:34:53","seo_analyzer_scan_date":null,"focus_keyword":null,"additional_keywords":null,"truseo_locale":null},"jetpack_sharing_enabled":true,"jetpack-related-posts":[{"id":14241,"url":"https:\/\/www.jornalja.com.br\/arquivo\/o-guaiba-nas-imagens-poeticas-de-achutti\/","url_meta":{"origin":48488,"position":0},"title":"O Gua\u00edba nas imagens po\u00e9ticas de Achutti","author":"da Reda\u00e7\u00e3o","date":"18 de junho de 2014","format":false,"excerpt":"Em \u201cO Gua\u00edba por Achutti\u201d \u2013 obra financiada via Minist\u00e9rio da Cultura, produ\u00e7\u00e3o executiva de Pedro Longhi, e Fl\u00e1vio Wild como designer \u2013, o fot\u00f3grafo revela a beleza e as mazelas de um espa\u00e7o aqu\u00e1tico de \u00e1guas sempre renovadas, cheio de hist\u00f3rias e lendas como as das cidades que foram\u2026","rel":"","context":"Em &quot;Cultura-Geral&quot;","block_context":{"text":"Cultura-Geral","link":"https:\/\/www.jornalja.com.br\/arquivo\/category\/materiasecundaria\/"},"img":{"alt_text":"","src":"","width":0,"height":0},"classes":[]},{"id":13124,"url":"https:\/\/www.jornalja.com.br\/arquivo\/sangue-latino-no-iecine\/","url_meta":{"origin":48488,"position":1},"title":"Sangue latino no IECINE","author":"da Reda\u00e7\u00e3o","date":"18 de maio de 2014","format":false,"excerpt":"Francisco Ribeiro O Instituto Estadual de Cinema (IECINE) tem a frente, desde abril \u00faltimo, um novo diretor, o cineasta colombiano Juan Zapata, 36, que substitui Luiz Alberto Cassol. Radicado h\u00e1 dez anos em Porto Alegre, Zapata tem diante de si o desafio de conduzir at\u00e9 o final do ano um\u2026","rel":"","context":"Em &quot;Cultura-Geral&quot;","block_context":{"text":"Cultura-Geral","link":"https:\/\/www.jornalja.com.br\/arquivo\/category\/materiasecundaria\/"},"img":{"alt_text":"","src":"","width":0,"height":0},"classes":[]},{"id":13240,"url":"https:\/\/www.jornalja.com.br\/arquivo\/plano-diretor-estamos-construindo-o-caos\/","url_meta":{"origin":48488,"position":2},"title":"Plano diretor: &quot;Estamos construindo o caos&quot;","author":"Patr\u00edcia Marini","date":"26 de maio de 2014","format":false,"excerpt":"Desabafo que arquiteta Eliana Castilhos, delegada da Regi\u00e3o de Planejamento 1, postou nas redes sociais \u00e9 um testemunho do ambiente que se criou no Conselho do Plano Diretor de Porto Alegre, onde a aprova\u00e7\u00e3o de grandes empreendimentos \u00e9 empurrada guela abaixo dos conselheiros. Ao CMDUA Como delegada da Regi\u00e3o de\u2026","rel":"","context":"Em &quot;Geral&quot;","block_context":{"text":"Geral","link":"https:\/\/www.jornalja.com.br\/arquivo\/category\/geral\/"},"img":{"alt_text":"","src":"","width":0,"height":0},"classes":[]},{"id":13239,"url":"https:\/\/www.jornalja.com.br\/arquivo\/conselho-desdenha-do-plano-diretor\/","url_meta":{"origin":48488,"position":3},"title":"Porto Alegre: Conselho detona Plano Diretor","author":"Patr\u00edcia Marini","date":"25 de maio de 2014","format":false,"excerpt":"Den\u00fancia do arquiteto e \u00a0urbanista Ibir\u00e1 Santos Lucas. Ele diz que os conselheiros est\u00e3o votando com \"enorme irresponsabilidade\". \"Mudam regime com a maior naturalidade,,,regularizam absurdos de constru\u00e7\u00f5es irregulares... \"O CMDUA est\u00e1 flexibilizando a lei do plano diretor, de uma forma impactante na vida da cidade. Mudam regime com a maior\u2026","rel":"","context":"Em &quot;Geral&quot;","block_context":{"text":"Geral","link":"https:\/\/www.jornalja.com.br\/arquivo\/category\/geral\/"},"img":{"alt_text":"","src":"","width":0,"height":0},"classes":[]},{"id":5440,"url":"https:\/\/www.jornalja.com.br\/arquivo\/casarao-da-venancio-destino-permanece-incerto\/","url_meta":{"origin":48488,"position":4},"title":"Estado ainda n\u00e3o sabe o que fazer com casar\u00e3o abandonado h\u00e1 20 anos","author":"Elmar Bones","date":"6 de julho de 2009","format":false,"excerpt":"O casar\u00e3o amarelo, numa esquina nobre de Porto Alegre (Ven\u00e2ncio Aires com Jo\u00e3o Pessoa), j\u00e1 abrigou uma escola. H\u00e1 duas d\u00e9cadas, pelo menos, est\u00e1 abandonado, porque seu propriet\u00e1rio, o governo do Estado do Rio Grande do Sul, n\u00e3o consegue achar um destino para ele. Planos n\u00e3o faltaram. O governador Ol\u00edvio\u2026","rel":"","context":"Em &quot;X.Categorias velhas&quot;","block_context":{"text":"X.Categorias velhas","link":"https:\/\/www.jornalja.com.br\/arquivo\/category\/x-categorias-velhas\/"},"img":{"alt_text":"geraldo1","src":"https:\/\/i0.wp.com\/www.jornalja.com.br\/wp-content\/uploads\/2009\/07\/geraldo1.jpg?resize=350%2C200&ssl=1","width":350,"height":200},"classes":[]},{"id":1280,"url":"https:\/\/www.jornalja.com.br\/arquivo\/o-menino-que-se-tornou-brizola\/","url_meta":{"origin":48488,"position":5},"title":"O Menino que se Tornou Brizola","author":"da Reda\u00e7\u00e3o","date":"28 de julho de 2008","format":false,"excerpt":"Autor: Cleber Dioni A vida de Leonel Brizola, com \u00eanfase para os primeiros anos em Porto Alegre, at\u00e9 o ex\u00edlio no Uruguai e a volta, quinze anos depois. \u00a0\"...\u00c9ramos todos jovens e nos identific\u00e1vamos com aquela massa an\u00f4nima a percorrer as ruas de Porto Alegre, gritando 'Get\u00falio', 'Get\u00falio' e empunhando\u2026","rel":"","context":"Em &quot;Livros&quot;","block_context":{"text":"Livros","link":"https:\/\/www.jornalja.com.br\/arquivo\/category\/livros\/"},"img":{"alt_text":"","src":"https:\/\/i0.wp.com\/www.jornalja.com.br\/wp-content\/uploads\/2008\/07\/brizola.gif?resize=350%2C200&ssl=1","width":350,"height":200},"classes":[]}],"jetpack_shortlink":"https:\/\/wp.me\/pbQjBd-cC4","jetpack_featured_media_url":"","_links":{"self":[{"href":"https:\/\/www.jornalja.com.br\/arquivo\/wp-json\/wp\/v2\/posts\/48488","targetHints":{"allow":["GET"]}}],"collection":[{"href":"https:\/\/www.jornalja.com.br\/arquivo\/wp-json\/wp\/v2\/posts"}],"about":[{"href":"https:\/\/www.jornalja.com.br\/arquivo\/wp-json\/wp\/v2\/types\/post"}],"author":[{"embeddable":true,"href":"https:\/\/www.jornalja.com.br\/arquivo\/wp-json\/wp\/v2\/users\/4"}],"replies":[{"embeddable":true,"href":"https:\/\/www.jornalja.com.br\/arquivo\/wp-json\/wp\/v2\/comments?post=48488"}],"version-history":[{"count":0,"href":"https:\/\/www.jornalja.com.br\/arquivo\/wp-json\/wp\/v2\/posts\/48488\/revisions"}],"wp:attachment":[{"href":"https:\/\/www.jornalja.com.br\/arquivo\/wp-json\/wp\/v2\/media?parent=48488"}],"wp:term":[{"taxonomy":"category","embeddable":true,"href":"https:\/\/www.jornalja.com.br\/arquivo\/wp-json\/wp\/v2\/categories?post=48488"},{"taxonomy":"post_tag","embeddable":true,"href":"https:\/\/www.jornalja.com.br\/arquivo\/wp-json\/wp\/v2\/tags?post=48488"}],"curies":[{"name":"wp","href":"https:\/\/api.w.org\/{rel}","templated":true}]}}