{"id":48494,"date":"2017-05-16T18:36:59","date_gmt":"2017-05-16T21:36:59","guid":{"rendered":"https:\/\/www.jornalja.com.br\/?p=48494"},"modified":"2017-05-16T18:36:59","modified_gmt":"2017-05-16T21:36:59","slug":"crescimento-de-conflitos-por-agua-aponta-para-falta-de-gestao-hidrica","status":"publish","type":"post","link":"https:\/\/www.jornalja.com.br\/arquivo\/crescimento-de-conflitos-por-agua-aponta-para-falta-de-gestao-hidrica\/","title":{"rendered":"Crescimento de conflitos por \u00e1gua aponta para falta de gest\u00e3o h\u00eddrica"},"content":{"rendered":"<p>Levantamento da CPT (Comiss\u00e3o Pastoral da Terra), publicado no documento \u201cConflitos no Campos Brasil 2016\u201d, revela que os conflitos por \u00e1gua aumentaram 150% no pa\u00eds entre 2011 e 2016. Os registros saltaram de 69 para 172 ocorr\u00eancias no per\u00edodo analisado.<br \/>\n\u201cApesar da abund\u00e2ncia de \u00e1gua no territ\u00f3rio brasileiro, isso demonstra que esses recursos n\u00e3o est\u00e3o dispon\u00edveis de maneira a atender a demanda de toda a popula\u00e7\u00e3o. O crescimento aponta falta de gest\u00e3o h\u00eddrica no pa\u00eds\u201d, avalia Luiz Roberto Gravina Pladevall, presidente da Apecs (Associa\u00e7\u00e3o Paulista de Empresas de Consultoria e Servi\u00e7os em Saneamento e Meio Ambiente), entidade que congrega atualmente cerca de 40 empresas de servi\u00e7os e consultoria em saneamento b\u00e1sico e meio ambiente.<br \/>\nA pesquisa revelou que dos 172 conflitos de 2016, 101 (58%) ocorreram por decis\u00f5es de uso e preserva\u00e7\u00e3o da \u00e1gua e 54 (31%) por cria\u00e7\u00e3o de barragens e a\u00e7udes. Outros 17 (10%) est\u00e3o relacionados a apropria\u00e7\u00e3o particular. Para o dirigente, mesmo com a implanta\u00e7\u00e3o do Plano Nacional de Saneamento B\u00e1sico (Plansab) h\u00e1 dez anos, a gest\u00e3o dos recursos h\u00eddricos avan\u00e7ou pouco no pa\u00eds. \u201cAinda n\u00e3o conseguimos transformar essas demandas em uma pol\u00edtica p\u00fablica do pa\u00eds\u201d, aponta Pladevall.<br \/>\nA regi\u00e3o Sudeste registra a maior parte dos conflitos segundo a pesquisa. S\u00e3o 68 registros, dos 101. \u201cA regi\u00e3o mais populosa brasileira enfrenta desafios que, se n\u00e3o forem resolvidos, poder\u00e3o ampliar ainda mais essas disputas por \u00e1gua. Um pa\u00eds que ainda n\u00e3o conseguiu resolver problemas b\u00e1sicos de abastecimento e saneamento dificilmente conseguir\u00e1 alcan\u00e7ar o desenvolvimento adequado\u201d, sentencia o presidente da Apecs.<br \/>\n<strong>No cen\u00e1rio atual, universaliza\u00e7\u00e3o do abastecimento s\u00f3 em 2043<\/strong><br \/>\nEm 2007, entrou em vigor da Lei do Saneamento B\u00e1sico (Lei n\u00ba 11.445\/07). Ela criou uma nova refer\u00eancia regulat\u00f3ria do saneamento b\u00e1sico brasileiro e estabeleceu o Plansab (Plano Nacional de Saneamento B\u00e1sico), com o objetivo de universalizar os servi\u00e7os de abastecimento de \u00e1gua e saneamento at\u00e9 o ano de 2033.<br \/>\nEstudos da CNI (Confedera\u00e7\u00e3o Nacional da Ind\u00fastria) apontam que, no cen\u00e1rio atual, s\u00f3 chegar\u00edamos \u00e0 universaliza\u00e7\u00e3o do abastecimento de \u00e1gua em 2043 e do esgotamento sanit\u00e1rio em 2054.<\/p>\n","protected":false},"excerpt":{"rendered":"<p>Levantamento da CPT (Comiss\u00e3o Pastoral da Terra), publicado no documento \u201cConflitos no Campos Brasil 2016\u201d, revela que os conflitos por \u00e1gua aumentaram 150% no pa\u00eds entre 2011 e 2016. Os registros saltaram de 69 para 172 ocorr\u00eancias no per\u00edodo analisado. \u201cApesar da abund\u00e2ncia de \u00e1gua no territ\u00f3rio brasileiro, isso demonstra que esses recursos n\u00e3o est\u00e3o [&hellip;]<\/p>\n","protected":false},"author":4,"featured_media":48529,"comment_status":"open","ping_status":"closed","sticky":false,"template":"","format":"standard","meta":{"_jetpack_newsletter_access":"","_jetpack_dont_email_post_to_subs":false,"_jetpack_newsletter_tier_id":0,"_jetpack_memberships_contains_paywalled_content":false,"_jetpack_feature_clip_id":0,"_jetpack_memberships_contains_paid_content":false,"footnotes":"","jetpack_post_was_ever_published":false},"categories":[26],"tags":[],"class_list":["post-48494","post","type-post","status-publish","format-standard","has-post-thumbnail","hentry","category-geral"],"aioseo_notices":[],"aioseo_head":"\n\t\t<!-- All in One SEO 5.0.1.1 - aioseo.com -->\n\t<meta name=\"robots\" content=\"max-image-preview:large\" \/>\n\t<meta name=\"author\" content=\"da Reda\u00e7\u00e3o\"\/>\n\t<link rel=\"canonical\" href=\"https:\/\/www.jornalja.com.br\/arquivo\/crescimento-de-conflitos-por-agua-aponta-para-falta-de-gestao-hidrica\/\" \/>\n\t<meta name=\"generator\" content=\"All in One SEO (AIOSEO) 5.0.1.1\" \/>\n\t\t<meta property=\"og:locale\" content=\"pt_BR\" \/>\n\t\t<meta property=\"og:site_name\" content=\"Arquivo | Jornal J\u00c1 | Porto Alegre\" \/>\n\t\t<meta property=\"og:type\" content=\"article\" \/>\n\t\t<meta property=\"og:title\" content=\"Crescimento de conflitos por \u00e1gua aponta para falta de gest\u00e3o h\u00eddrica | Arquivo\" \/>\n\t\t<meta property=\"og:url\" content=\"https:\/\/www.jornalja.com.br\/arquivo\/crescimento-de-conflitos-por-agua-aponta-para-falta-de-gestao-hidrica\/\" \/>\n\t\t<meta property=\"og:image\" content=\"https:\/\/www.jornalja.com.br\/economics\/wp-content\/uploads\/sites\/11\/2026\/08\/ja-folhaderosto-facebook.jpg\" \/>\n\t\t<meta property=\"og:image:secure_url\" content=\"https:\/\/www.jornalja.com.br\/economics\/wp-content\/uploads\/sites\/11\/2026\/08\/ja-folhaderosto-facebook.jpg\" \/>\n\t\t<meta property=\"article:published_time\" content=\"2017-05-16T21:36:59+00:00\" \/>\n\t\t<meta property=\"article:modified_time\" content=\"2017-05-16T21:36:59+00:00\" \/>\n\t\t<meta name=\"twitter:card\" content=\"summary\" \/>\n\t\t<meta name=\"twitter:title\" content=\"Crescimento de conflitos por \u00e1gua aponta para falta de gest\u00e3o h\u00eddrica | Arquivo\" \/>\n\t\t<meta name=\"twitter:image\" content=\"https:\/\/www.jornalja.com.br\/economics\/wp-content\/uploads\/sites\/11\/2026\/08\/ja-folhaderosto-facebook.jpg\" \/>\n\t\t<script type=\"application\/ld+json\" class=\"aioseo-schema\">\n\t\t\t{\"@context\":\"https:\\\/\\\/schema.org\",\"@graph\":[{\"@type\":\"BlogPosting\",\"@id\":\"https:\\\/\\\/www.jornalja.com.br\\\/arquivo\\\/crescimento-de-conflitos-por-agua-aponta-para-falta-de-gestao-hidrica\\\/#blogposting\",\"name\":\"Crescimento de conflitos por \\u00e1gua aponta para falta de gest\\u00e3o h\\u00eddrica | Arquivo\",\"headline\":\"Crescimento de conflitos por \\u00e1gua aponta para falta de gest\\u00e3o h\\u00eddrica\",\"author\":{\"@id\":\"https:\\\/\\\/www.jornalja.com.br\\\/arquivo\\\/author\\\/daredacao\\\/#author\"},\"publisher\":{\"@id\":\"https:\\\/\\\/www.jornalja.com.br\\\/arquivo\\\/#organization\"},\"image\":{\"@type\":\"ImageObject\",\"url\":48529},\"datePublished\":\"2017-05-16T18:36:59-03:00\",\"dateModified\":\"2017-05-16T18:36:59-03:00\",\"inLanguage\":\"pt-BR\",\"mainEntityOfPage\":{\"@id\":\"https:\\\/\\\/www.jornalja.com.br\\\/arquivo\\\/crescimento-de-conflitos-por-agua-aponta-para-falta-de-gestao-hidrica\\\/#webpage\"},\"isPartOf\":{\"@id\":\"https:\\\/\\\/www.jornalja.com.br\\\/arquivo\\\/crescimento-de-conflitos-por-agua-aponta-para-falta-de-gestao-hidrica\\\/#webpage\"},\"articleSection\":\"Geral\"},{\"@type\":\"BreadcrumbList\",\"@id\":\"https:\\\/\\\/www.jornalja.com.br\\\/arquivo\\\/crescimento-de-conflitos-por-agua-aponta-para-falta-de-gestao-hidrica\\\/#breadcrumblist\",\"itemListElement\":[{\"@type\":\"ListItem\",\"@id\":\"https:\\\/\\\/www.jornalja.com.br\\\/arquivo#listItem\",\"position\":1,\"name\":\"Home\",\"item\":\"https:\\\/\\\/www.jornalja.com.br\\\/arquivo\",\"nextItem\":{\"@type\":\"ListItem\",\"@id\":\"https:\\\/\\\/www.jornalja.com.br\\\/arquivo\\\/category\\\/geral\\\/#listItem\",\"name\":\"Geral\"}},{\"@type\":\"ListItem\",\"@id\":\"https:\\\/\\\/www.jornalja.com.br\\\/arquivo\\\/category\\\/geral\\\/#listItem\",\"position\":2,\"name\":\"Geral\",\"item\":\"https:\\\/\\\/www.jornalja.com.br\\\/arquivo\\\/category\\\/geral\\\/\",\"nextItem\":{\"@type\":\"ListItem\",\"@id\":\"https:\\\/\\\/www.jornalja.com.br\\\/arquivo\\\/crescimento-de-conflitos-por-agua-aponta-para-falta-de-gestao-hidrica\\\/#listItem\",\"name\":\"Crescimento de conflitos por \\u00e1gua aponta para falta de gest\\u00e3o h\\u00eddrica\"},\"previousItem\":{\"@type\":\"ListItem\",\"@id\":\"https:\\\/\\\/www.jornalja.com.br\\\/arquivo#listItem\",\"name\":\"Home\"}},{\"@type\":\"ListItem\",\"@id\":\"https:\\\/\\\/www.jornalja.com.br\\\/arquivo\\\/crescimento-de-conflitos-por-agua-aponta-para-falta-de-gestao-hidrica\\\/#listItem\",\"position\":3,\"name\":\"Crescimento de conflitos por \\u00e1gua aponta para falta de gest\\u00e3o h\\u00eddrica\",\"previousItem\":{\"@type\":\"ListItem\",\"@id\":\"https:\\\/\\\/www.jornalja.com.br\\\/arquivo\\\/category\\\/geral\\\/#listItem\",\"name\":\"Geral\"}}]},{\"@type\":\"Organization\",\"@id\":\"https:\\\/\\\/www.jornalja.com.br\\\/arquivo\\\/#organization\",\"name\":\"Jornal J\\u00c1\",\"description\":\"Jornal J\\u00c1 | Porto Alegre\",\"url\":\"https:\\\/\\\/www.jornalja.com.br\\\/arquivo\\\/\",\"telephone\":\"+555133307272\",\"logo\":{\"@type\":\"ImageObject\",\"url\":\"https:\\\/\\\/www.jornalja.com.br\\\/wp-content\\\/uploads\\\/cards\\\/JAslogan.png\",\"@id\":\"https:\\\/\\\/www.jornalja.com.br\\\/arquivo\\\/crescimento-de-conflitos-por-agua-aponta-para-falta-de-gestao-hidrica\\\/#organizationLogo\"},\"image\":{\"@id\":\"https:\\\/\\\/www.jornalja.com.br\\\/arquivo\\\/crescimento-de-conflitos-por-agua-aponta-para-falta-de-gestao-hidrica\\\/#organizationLogo\"}},{\"@type\":\"Person\",\"@id\":\"https:\\\/\\\/www.jornalja.com.br\\\/arquivo\\\/author\\\/daredacao\\\/#author\",\"url\":\"https:\\\/\\\/www.jornalja.com.br\\\/arquivo\\\/author\\\/daredacao\\\/\",\"name\":\"da Reda\\u00e7\\u00e3o\",\"image\":{\"@type\":\"ImageObject\",\"@id\":\"https:\\\/\\\/www.jornalja.com.br\\\/arquivo\\\/crescimento-de-conflitos-por-agua-aponta-para-falta-de-gestao-hidrica\\\/#authorImage\",\"url\":\"https:\\\/\\\/secure.gravatar.com\\\/avatar\\\/469fd857d6605ad19919d27ed29d35a968a25f6e8fd9318356bbb7f57aae9c65?s=96&d=mm&r=g\",\"width\":96,\"height\":96,\"caption\":\"da Reda\\u00e7\\u00e3o\"}},{\"@type\":\"WebPage\",\"@id\":\"https:\\\/\\\/www.jornalja.com.br\\\/arquivo\\\/crescimento-de-conflitos-por-agua-aponta-para-falta-de-gestao-hidrica\\\/#webpage\",\"url\":\"https:\\\/\\\/www.jornalja.com.br\\\/arquivo\\\/crescimento-de-conflitos-por-agua-aponta-para-falta-de-gestao-hidrica\\\/\",\"name\":\"Crescimento de conflitos por \\u00e1gua aponta para falta de gest\\u00e3o h\\u00eddrica | Arquivo\",\"inLanguage\":\"pt-BR\",\"isPartOf\":{\"@id\":\"https:\\\/\\\/www.jornalja.com.br\\\/arquivo\\\/#website\"},\"breadcrumb\":{\"@id\":\"https:\\\/\\\/www.jornalja.com.br\\\/arquivo\\\/crescimento-de-conflitos-por-agua-aponta-para-falta-de-gestao-hidrica\\\/#breadcrumblist\"},\"author\":{\"@id\":\"https:\\\/\\\/www.jornalja.com.br\\\/arquivo\\\/author\\\/daredacao\\\/#author\"},\"creator\":{\"@id\":\"https:\\\/\\\/www.jornalja.com.br\\\/arquivo\\\/author\\\/daredacao\\\/#author\"},\"image\":{\"@type\":\"ImageObject\",\"url\":48529,\"@id\":\"https:\\\/\\\/www.jornalja.com.br\\\/arquivo\\\/crescimento-de-conflitos-por-agua-aponta-para-falta-de-gestao-hidrica\\\/#mainImage\"},\"primaryImageOfPage\":{\"@id\":\"https:\\\/\\\/www.jornalja.com.br\\\/arquivo\\\/crescimento-de-conflitos-por-agua-aponta-para-falta-de-gestao-hidrica\\\/#mainImage\"},\"datePublished\":\"2017-05-16T18:36:59-03:00\",\"dateModified\":\"2017-05-16T18:36:59-03:00\"},{\"@type\":\"WebSite\",\"@id\":\"https:\\\/\\\/www.jornalja.com.br\\\/arquivo\\\/#website\",\"url\":\"https:\\\/\\\/www.jornalja.com.br\\\/arquivo\\\/\",\"name\":\"Arquivo\",\"description\":\"Jornal J\\u00c1 | Porto Alegre\",\"inLanguage\":\"pt-BR\",\"publisher\":{\"@id\":\"https:\\\/\\\/www.jornalja.com.br\\\/arquivo\\\/#organization\"}}]}\n\t\t<\/script>\n\t\t<!-- All in One SEO -->\n\n","aioseo_head_json":{"title":"Crescimento de conflitos por \u00e1gua aponta para falta de gest\u00e3o h\u00eddrica | Arquivo","description":"","canonical_url":"https:\/\/www.jornalja.com.br\/arquivo\/crescimento-de-conflitos-por-agua-aponta-para-falta-de-gestao-hidrica\/","robots":"max-image-preview:large","keywords":"","webmasterTools":{"miscellaneous":""},"schema":{"@context":"https:\/\/schema.org","@graph":[{"@type":"BlogPosting","@id":"https:\/\/www.jornalja.com.br\/arquivo\/crescimento-de-conflitos-por-agua-aponta-para-falta-de-gestao-hidrica\/#blogposting","name":"Crescimento de conflitos por \u00e1gua aponta para falta de gest\u00e3o h\u00eddrica | Arquivo","headline":"Crescimento de conflitos por \u00e1gua aponta para falta de gest\u00e3o h\u00eddrica","author":{"@id":"https:\/\/www.jornalja.com.br\/arquivo\/author\/daredacao\/#author"},"publisher":{"@id":"https:\/\/www.jornalja.com.br\/arquivo\/#organization"},"image":{"@type":"ImageObject","url":48529},"datePublished":"2017-05-16T18:36:59-03:00","dateModified":"2017-05-16T18:36:59-03:00","inLanguage":"pt-BR","mainEntityOfPage":{"@id":"https:\/\/www.jornalja.com.br\/arquivo\/crescimento-de-conflitos-por-agua-aponta-para-falta-de-gestao-hidrica\/#webpage"},"isPartOf":{"@id":"https:\/\/www.jornalja.com.br\/arquivo\/crescimento-de-conflitos-por-agua-aponta-para-falta-de-gestao-hidrica\/#webpage"},"articleSection":"Geral"},{"@type":"BreadcrumbList","@id":"https:\/\/www.jornalja.com.br\/arquivo\/crescimento-de-conflitos-por-agua-aponta-para-falta-de-gestao-hidrica\/#breadcrumblist","itemListElement":[{"@type":"ListItem","@id":"https:\/\/www.jornalja.com.br\/arquivo#listItem","position":1,"name":"Home","item":"https:\/\/www.jornalja.com.br\/arquivo","nextItem":{"@type":"ListItem","@id":"https:\/\/www.jornalja.com.br\/arquivo\/category\/geral\/#listItem","name":"Geral"}},{"@type":"ListItem","@id":"https:\/\/www.jornalja.com.br\/arquivo\/category\/geral\/#listItem","position":2,"name":"Geral","item":"https:\/\/www.jornalja.com.br\/arquivo\/category\/geral\/","nextItem":{"@type":"ListItem","@id":"https:\/\/www.jornalja.com.br\/arquivo\/crescimento-de-conflitos-por-agua-aponta-para-falta-de-gestao-hidrica\/#listItem","name":"Crescimento de conflitos por \u00e1gua aponta para falta de gest\u00e3o h\u00eddrica"},"previousItem":{"@type":"ListItem","@id":"https:\/\/www.jornalja.com.br\/arquivo#listItem","name":"Home"}},{"@type":"ListItem","@id":"https:\/\/www.jornalja.com.br\/arquivo\/crescimento-de-conflitos-por-agua-aponta-para-falta-de-gestao-hidrica\/#listItem","position":3,"name":"Crescimento de conflitos por \u00e1gua aponta para falta de gest\u00e3o h\u00eddrica","previousItem":{"@type":"ListItem","@id":"https:\/\/www.jornalja.com.br\/arquivo\/category\/geral\/#listItem","name":"Geral"}}]},{"@type":"Organization","@id":"https:\/\/www.jornalja.com.br\/arquivo\/#organization","name":"Jornal J\u00c1","description":"Jornal J\u00c1 | Porto Alegre","url":"https:\/\/www.jornalja.com.br\/arquivo\/","telephone":"+555133307272","logo":{"@type":"ImageObject","url":"https:\/\/www.jornalja.com.br\/wp-content\/uploads\/cards\/JAslogan.png","@id":"https:\/\/www.jornalja.com.br\/arquivo\/crescimento-de-conflitos-por-agua-aponta-para-falta-de-gestao-hidrica\/#organizationLogo"},"image":{"@id":"https:\/\/www.jornalja.com.br\/arquivo\/crescimento-de-conflitos-por-agua-aponta-para-falta-de-gestao-hidrica\/#organizationLogo"}},{"@type":"Person","@id":"https:\/\/www.jornalja.com.br\/arquivo\/author\/daredacao\/#author","url":"https:\/\/www.jornalja.com.br\/arquivo\/author\/daredacao\/","name":"da Reda\u00e7\u00e3o","image":{"@type":"ImageObject","@id":"https:\/\/www.jornalja.com.br\/arquivo\/crescimento-de-conflitos-por-agua-aponta-para-falta-de-gestao-hidrica\/#authorImage","url":"https:\/\/secure.gravatar.com\/avatar\/469fd857d6605ad19919d27ed29d35a968a25f6e8fd9318356bbb7f57aae9c65?s=96&d=mm&r=g","width":96,"height":96,"caption":"da Reda\u00e7\u00e3o"}},{"@type":"WebPage","@id":"https:\/\/www.jornalja.com.br\/arquivo\/crescimento-de-conflitos-por-agua-aponta-para-falta-de-gestao-hidrica\/#webpage","url":"https:\/\/www.jornalja.com.br\/arquivo\/crescimento-de-conflitos-por-agua-aponta-para-falta-de-gestao-hidrica\/","name":"Crescimento de conflitos por \u00e1gua aponta para falta de gest\u00e3o h\u00eddrica | Arquivo","inLanguage":"pt-BR","isPartOf":{"@id":"https:\/\/www.jornalja.com.br\/arquivo\/#website"},"breadcrumb":{"@id":"https:\/\/www.jornalja.com.br\/arquivo\/crescimento-de-conflitos-por-agua-aponta-para-falta-de-gestao-hidrica\/#breadcrumblist"},"author":{"@id":"https:\/\/www.jornalja.com.br\/arquivo\/author\/daredacao\/#author"},"creator":{"@id":"https:\/\/www.jornalja.com.br\/arquivo\/author\/daredacao\/#author"},"image":{"@type":"ImageObject","url":48529,"@id":"https:\/\/www.jornalja.com.br\/arquivo\/crescimento-de-conflitos-por-agua-aponta-para-falta-de-gestao-hidrica\/#mainImage"},"primaryImageOfPage":{"@id":"https:\/\/www.jornalja.com.br\/arquivo\/crescimento-de-conflitos-por-agua-aponta-para-falta-de-gestao-hidrica\/#mainImage"},"datePublished":"2017-05-16T18:36:59-03:00","dateModified":"2017-05-16T18:36:59-03:00"},{"@type":"WebSite","@id":"https:\/\/www.jornalja.com.br\/arquivo\/#website","url":"https:\/\/www.jornalja.com.br\/arquivo\/","name":"Arquivo","description":"Jornal J\u00c1 | Porto Alegre","inLanguage":"pt-BR","publisher":{"@id":"https:\/\/www.jornalja.com.br\/arquivo\/#organization"}}]},"og:locale":"pt_BR","og:site_name":"Arquivo | Jornal J\u00c1 | Porto Alegre","og:type":"article","og:title":"Crescimento de conflitos por \u00e1gua aponta para falta de gest\u00e3o h\u00eddrica | Arquivo","og:url":"https:\/\/www.jornalja.com.br\/arquivo\/crescimento-de-conflitos-por-agua-aponta-para-falta-de-gestao-hidrica\/","og:image":"https:\/\/www.jornalja.com.br\/economics\/wp-content\/uploads\/sites\/11\/2026\/08\/ja-folhaderosto-facebook.jpg","og:image:secure_url":"https:\/\/www.jornalja.com.br\/economics\/wp-content\/uploads\/sites\/11\/2026\/08\/ja-folhaderosto-facebook.jpg","article:published_time":"2017-05-16T21:36:59+00:00","article:modified_time":"2017-05-16T21:36:59+00:00","twitter:card":"summary","twitter:title":"Crescimento de conflitos por \u00e1gua aponta para falta de gest\u00e3o h\u00eddrica | Arquivo","twitter:image":"https:\/\/www.jornalja.com.br\/economics\/wp-content\/uploads\/sites\/11\/2026\/08\/ja-folhaderosto-facebook.jpg"},"aioseo_meta_data":{"post_id":"48494","title":null,"description":null,"keywords":null,"keyphrases":null,"primary_term":null,"canonical_url":null,"og_title":null,"og_description":null,"og_object_type":"default","og_image_type":"default","og_image_url":null,"og_image_width":null,"og_image_height":null,"og_image_custom_url":null,"og_image_custom_fields":null,"og_video":null,"og_custom_url":null,"og_article_section":null,"og_article_tags":null,"twitter_use_og":false,"twitter_card":"default","twitter_image_type":"default","twitter_image_url":null,"twitter_image_custom_url":null,"twitter_image_custom_fields":null,"twitter_title":null,"twitter_description":null,"schema":{"blockGraphs":[],"customGraphs":[],"default":{"data":{"Article":[],"Course":[],"Dataset":[],"FAQPage":[],"Movie":[],"Person":[],"Product":[],"ProductReview":[],"Car":[],"Recipe":[],"Service":[],"SoftwareApplication":[],"WebPage":[]},"graphName":"","isEnabled":true},"graphs":[],"defaultGraph":"","defaultPostTypeGraph":""},"schema_type":null,"schema_type_options":null,"pillar_content":false,"robots_default":true,"robots_noindex":false,"robots_noarchive":false,"robots_nosnippet":false,"robots_nofollow":false,"robots_noimageindex":false,"robots_noodp":false,"robots_notranslate":false,"robots_max_snippet":null,"robots_max_videopreview":null,"robots_max_imagepreview":"large","priority":null,"frequency":null,"location":null,"local_seo":null,"breadcrumb_settings":null,"limit_modified_date":false,"ai":null,"created":"2020-12-20 20:35:21","updated":"2025-07-19 21:34:53","seo_analyzer_scan_date":null,"focus_keyword":null,"additional_keywords":null,"truseo_locale":null},"jetpack_sharing_enabled":true,"jetpack-related-posts":[{"id":12960,"url":"https:\/\/www.jornalja.com.br\/arquivo\/populacao-culpa-empresas-pela-greve-dos-rodoviarios\/","url_meta":{"origin":48494,"position":0},"title":"Popula\u00e7\u00e3o culpa empresas pela greve","author":"Patr\u00edcia Marini","date":"14 de fevereiro de 2014","format":false,"excerpt":"Pesquisa divulgada na edi\u00e7\u00e3o do jornal Metro desta sexta-feira,14, comprova o velho ditado: \u00e9 poss\u00edvel enganar muitos por algum tempo, mas n\u00e3o \u00e9 poss\u00edvel enganar a todos o tempo inteiro. A principal revela\u00e7\u00e3o foi que 59,8% dos entrevistados apontaram as empresas como as principais respons\u00e1veis pela grave e 46% culparam\u2026","rel":"","context":"Em &quot;X.Categorias velhas&quot;","block_context":{"text":"X.Categorias velhas","link":"https:\/\/www.jornalja.com.br\/arquivo\/category\/x-categorias-velhas\/"},"img":{"alt_text":"","src":"","width":0,"height":0},"classes":[]},{"id":14241,"url":"https:\/\/www.jornalja.com.br\/arquivo\/o-guaiba-nas-imagens-poeticas-de-achutti\/","url_meta":{"origin":48494,"position":1},"title":"O Gua\u00edba nas imagens po\u00e9ticas de Achutti","author":"da Reda\u00e7\u00e3o","date":"18 de junho de 2014","format":false,"excerpt":"Em \u201cO Gua\u00edba por Achutti\u201d \u2013 obra financiada via Minist\u00e9rio da Cultura, produ\u00e7\u00e3o executiva de Pedro Longhi, e Fl\u00e1vio Wild como designer \u2013, o fot\u00f3grafo revela a beleza e as mazelas de um espa\u00e7o aqu\u00e1tico de \u00e1guas sempre renovadas, cheio de hist\u00f3rias e lendas como as das cidades que foram\u2026","rel":"","context":"Em &quot;Cultura-Geral&quot;","block_context":{"text":"Cultura-Geral","link":"https:\/\/www.jornalja.com.br\/arquivo\/category\/materiasecundaria\/"},"img":{"alt_text":"","src":"","width":0,"height":0},"classes":[]},{"id":13109,"url":"https:\/\/www.jornalja.com.br\/arquivo\/judiciario-reconhece-poluicao-eletromagnetica\/","url_meta":{"origin":48494,"position":2},"title":"Judici\u00e1rio reconhece polui\u00e7\u00e3o eletromagn\u00e9tica","author":"Patr\u00edcia Marini","date":"16 de maio de 2014","format":false,"excerpt":"A\u00e7\u00e3o de duas associa\u00e7\u00f5es de moradores foi acolhida pelo Tribunal de Justi\u00e7a de S\u00e3o Paulo que. em decis\u00e3o in\u00e9dita, determinou a redu\u00e7\u00e3o do campo eletromagn\u00e9tico gerado pelas linhas de transmiss\u00e3o de energia que cortam os bairros City Boa\u00e7ava e Alto de Pinheiros. \u00c9 a primeira vez que um tribunal do\u2026","rel":"","context":"Em &quot;X.Categorias velhas&quot;","block_context":{"text":"X.Categorias velhas","link":"https:\/\/www.jornalja.com.br\/arquivo\/category\/x-categorias-velhas\/"},"img":{"alt_text":"","src":"","width":0,"height":0},"classes":[]},{"id":13240,"url":"https:\/\/www.jornalja.com.br\/arquivo\/plano-diretor-estamos-construindo-o-caos\/","url_meta":{"origin":48494,"position":3},"title":"Plano diretor: &quot;Estamos construindo o caos&quot;","author":"Patr\u00edcia Marini","date":"26 de maio de 2014","format":false,"excerpt":"Desabafo que arquiteta Eliana Castilhos, delegada da Regi\u00e3o de Planejamento 1, postou nas redes sociais \u00e9 um testemunho do ambiente que se criou no Conselho do Plano Diretor de Porto Alegre, onde a aprova\u00e7\u00e3o de grandes empreendimentos \u00e9 empurrada guela abaixo dos conselheiros. Ao CMDUA Como delegada da Regi\u00e3o de\u2026","rel":"","context":"Em &quot;Geral&quot;","block_context":{"text":"Geral","link":"https:\/\/www.jornalja.com.br\/arquivo\/category\/geral\/"},"img":{"alt_text":"","src":"","width":0,"height":0},"classes":[]},{"id":5440,"url":"https:\/\/www.jornalja.com.br\/arquivo\/casarao-da-venancio-destino-permanece-incerto\/","url_meta":{"origin":48494,"position":4},"title":"Estado ainda n\u00e3o sabe o que fazer com casar\u00e3o abandonado h\u00e1 20 anos","author":"Elmar Bones","date":"6 de julho de 2009","format":false,"excerpt":"O casar\u00e3o amarelo, numa esquina nobre de Porto Alegre (Ven\u00e2ncio Aires com Jo\u00e3o Pessoa), j\u00e1 abrigou uma escola. H\u00e1 duas d\u00e9cadas, pelo menos, est\u00e1 abandonado, porque seu propriet\u00e1rio, o governo do Estado do Rio Grande do Sul, n\u00e3o consegue achar um destino para ele. Planos n\u00e3o faltaram. O governador Ol\u00edvio\u2026","rel":"","context":"Em &quot;X.Categorias velhas&quot;","block_context":{"text":"X.Categorias velhas","link":"https:\/\/www.jornalja.com.br\/arquivo\/category\/x-categorias-velhas\/"},"img":{"alt_text":"geraldo1","src":"https:\/\/i0.wp.com\/www.jornalja.com.br\/wp-content\/uploads\/2009\/07\/geraldo1.jpg?resize=350%2C200&ssl=1","width":350,"height":200},"classes":[]},{"id":13124,"url":"https:\/\/www.jornalja.com.br\/arquivo\/sangue-latino-no-iecine\/","url_meta":{"origin":48494,"position":5},"title":"Sangue latino no IECINE","author":"da Reda\u00e7\u00e3o","date":"18 de maio de 2014","format":false,"excerpt":"Francisco Ribeiro O Instituto Estadual de Cinema (IECINE) tem a frente, desde abril \u00faltimo, um novo diretor, o cineasta colombiano Juan Zapata, 36, que substitui Luiz Alberto Cassol. Radicado h\u00e1 dez anos em Porto Alegre, Zapata tem diante de si o desafio de conduzir at\u00e9 o final do ano um\u2026","rel":"","context":"Em &quot;Cultura-Geral&quot;","block_context":{"text":"Cultura-Geral","link":"https:\/\/www.jornalja.com.br\/arquivo\/category\/materiasecundaria\/"},"img":{"alt_text":"","src":"","width":0,"height":0},"classes":[]}],"jetpack_shortlink":"https:\/\/wp.me\/pbQjBd-cCa","jetpack_featured_media_url":"","_links":{"self":[{"href":"https:\/\/www.jornalja.com.br\/arquivo\/wp-json\/wp\/v2\/posts\/48494","targetHints":{"allow":["GET"]}}],"collection":[{"href":"https:\/\/www.jornalja.com.br\/arquivo\/wp-json\/wp\/v2\/posts"}],"about":[{"href":"https:\/\/www.jornalja.com.br\/arquivo\/wp-json\/wp\/v2\/types\/post"}],"author":[{"embeddable":true,"href":"https:\/\/www.jornalja.com.br\/arquivo\/wp-json\/wp\/v2\/users\/4"}],"replies":[{"embeddable":true,"href":"https:\/\/www.jornalja.com.br\/arquivo\/wp-json\/wp\/v2\/comments?post=48494"}],"version-history":[{"count":0,"href":"https:\/\/www.jornalja.com.br\/arquivo\/wp-json\/wp\/v2\/posts\/48494\/revisions"}],"wp:attachment":[{"href":"https:\/\/www.jornalja.com.br\/arquivo\/wp-json\/wp\/v2\/media?parent=48494"}],"wp:term":[{"taxonomy":"category","embeddable":true,"href":"https:\/\/www.jornalja.com.br\/arquivo\/wp-json\/wp\/v2\/categories?post=48494"},{"taxonomy":"post_tag","embeddable":true,"href":"https:\/\/www.jornalja.com.br\/arquivo\/wp-json\/wp\/v2\/tags?post=48494"}],"curies":[{"name":"wp","href":"https:\/\/api.w.org\/{rel}","templated":true}]}}