{"id":48524,"date":"2017-05-16T18:55:43","date_gmt":"2017-05-16T21:55:43","guid":{"rendered":"https:\/\/www.jornalja.com.br\/?p=48524"},"modified":"2017-05-16T18:55:43","modified_gmt":"2017-05-16T21:55:43","slug":"anvisa-inclui-a-cannabis-na-lista-oficial-de-farmacos","status":"publish","type":"post","link":"https:\/\/www.jornalja.com.br\/arquivo\/anvisa-inclui-a-cannabis-na-lista-oficial-de-farmacos\/","title":{"rendered":"Anvisa inclui a Cannabis na lista oficial de f\u00e1rmacos"},"content":{"rendered":"<div class=\"journal-content-article\">\n<article class=\"noticia-padrao\">\n<div class=\"corpo-noticia\">\n<h1 class=\"titulo-noticia\"><\/h1>\n<p><span class=\"resumo-noticia\">A <em>Cannabis sativa<\/em>\u00a0entrou para a lista das Denomina\u00e7\u00f5es Comuns Brasileiras. As regras para importa\u00e7\u00e3o de canabidiol e registro de medicamento com maconha, por\u00e9m, n\u00e3o mudam.<\/span><br \/>\nA Anvisa atualizou a lista das Denomina\u00e7\u00f5es Comuns Brasileiras (DCB) com a inclus\u00e3o de 19 novas subst\u00e2ncias entre produtos biol\u00f3gicos, princ\u00edpios ativos, excipientes e plantas de interesse da ind\u00fastria farmac\u00eautica.<br \/>\nA atualiza\u00e7\u00e3o da lista \u00e9 uma rotina da Ag\u00eancia, mas a altera\u00e7\u00e3o chamou a aten\u00e7\u00e3o desta vez pela inclus\u00e3o da\u00a0<em>Cannabis sativa L<\/em>., a maconha.<br \/>\nA inclus\u00e3o, no entanto, n\u00e3o altera as regras para <a href=\"http:\/\/portal.anvisa.gov.br\/importacao-por-pessoa-fisica\">importa\u00e7\u00e3o de medicamentos com\u00a0canabidiol<\/a>\u00a0ou outros extratos da maconha. A medida tamb\u00e9m n\u00e3o \u00e9 uma autoriza\u00e7\u00e3o ou reconhecimento da\u00a0<em>Cannabis<\/em>\u00a0como planta\u00a0medicinal. Isso porque a\u00a0DCB \u00e9 uma lista de nomes oficiais para\u00a0todas as subst\u00e2ncias que s\u00e3o ou podem vir a ser de interesse da ind\u00fastria farmac\u00eautica no Brasil.<\/p>\n<h3><\/h3>\n<p>A lista (DCB) define os nomes oficiais de uma s\u00e9rie de subst\u00e2ncias para que a Anvisa e os\u00a0fabricantes\u00a0de medicamentos falem a mesma l\u00edngua. Se um fabricante, por exemplo, pedir o registro de um medicamento,\u00a0as subst\u00e2ncias precisam aparecer na lista para que ele\u00a0fa\u00e7a o pedido e a Anvisa inicie a an\u00e1lise, independentemente do resultado. Ou seja, qualquer processo s\u00f3 come\u00e7a a ser analisado se a subst\u00e2ncia j\u00e1 constar na lista.<br \/>\nJ\u00e1 existe um\u00a0medicamento com Cannabis registrado no Brasil. \u00c9 o\u00a0Mevatyl\u00a0\u00ae, que cont\u00e9m subst\u00e2ncias extra\u00eddas da\u00a0Cannabis, mas n\u00e3o a planta em si. Ou seja, o\u00a0Mevatyl\u00a0\u00e9 obtido a partir de extratos isolados da\u00a0Cannabis.\u00a0A planta n\u00e3o estava na lista DCB ainda.<\/p>\n<h3><\/h3>\n<p>A inclus\u00e3o na lista n\u00e3o significa que a Cannabis foi reconhecida como planta medicinal. Para que isso aconte\u00e7a, \u00e9 necess\u00e1rio que um empresa apresente um pedido para registro de um medicamento feito com a planta em si, e isso ainda n\u00e3o aconteceu. O registro do medicamento n\u00e3o\u00a0analisa\u00a0apenas as subst\u00e2ncias utilizadas, mas todo o processo de extra\u00e7\u00e3o, s\u00edntese e produ\u00e7\u00e3o do produto. \u00c9 isso que vai garantir que o produto gere os efeitos desejados de tratamento.<\/p>\n<h3><\/h3>\n<p>A DCB, portanto, \u00e9 apenas a lista de nomes oficiais, diferente da Farmacopeia, que \u00e9 um comp\u00eandio de monografias que detalham a forma de fabrica\u00e7\u00e3o de um medicamento e seus padr\u00f5es de qualidade para que possam ser registrados no Brasil.<br \/>\nAs publica\u00e7\u00f5es de atos da Anvisa n\u00e3o est\u00e3o na edi\u00e7\u00e3o desta ter\u00e7a-feira do DOU, nem de ontem, por causa do ataque cibern\u00e9tico.<br \/>\n&nbsp;<br \/>\n(<em>Com informa\u00e7\u00f5es da Anvisa)<\/em>\n<\/div>\n<\/article>\n<\/div>\n","protected":false},"excerpt":{"rendered":"<p>A Cannabis sativa\u00a0entrou para a lista das Denomina\u00e7\u00f5es Comuns Brasileiras. As regras para importa\u00e7\u00e3o de canabidiol e registro de medicamento com maconha, por\u00e9m, n\u00e3o mudam. A Anvisa atualizou a lista das Denomina\u00e7\u00f5es Comuns Brasileiras (DCB) com a inclus\u00e3o de 19 novas subst\u00e2ncias entre produtos biol\u00f3gicos, princ\u00edpios ativos, excipientes e plantas de interesse da ind\u00fastria farmac\u00eautica. [&hellip;]<\/p>\n","protected":false},"author":4,"featured_media":48533,"comment_status":"open","ping_status":"closed","sticky":false,"template":"","format":"standard","meta":{"_jetpack_newsletter_access":"","_jetpack_dont_email_post_to_subs":false,"_jetpack_newsletter_tier_id":0,"_jetpack_memberships_contains_paywalled_content":false,"_jetpack_feature_clip_id":0,"_jetpack_memberships_contains_paid_content":false,"footnotes":"","jetpack_post_was_ever_published":false},"categories":[26],"tags":[],"class_list":["post-48524","post","type-post","status-publish","format-standard","has-post-thumbnail","hentry","category-geral"],"aioseo_notices":[],"aioseo_head":"\n\t\t<!-- All in One SEO 5.0.1.1 - aioseo.com -->\n\t<meta name=\"robots\" content=\"max-image-preview:large\" \/>\n\t<meta name=\"author\" content=\"da Reda\u00e7\u00e3o\"\/>\n\t<link rel=\"canonical\" href=\"https:\/\/www.jornalja.com.br\/arquivo\/anvisa-inclui-a-cannabis-na-lista-oficial-de-farmacos\/\" \/>\n\t<meta name=\"generator\" content=\"All in One SEO (AIOSEO) 5.0.1.1\" \/>\n\t\t<meta property=\"og:locale\" content=\"pt_BR\" \/>\n\t\t<meta property=\"og:site_name\" content=\"Arquivo | Jornal J\u00c1 | Porto Alegre\" \/>\n\t\t<meta property=\"og:type\" content=\"article\" \/>\n\t\t<meta property=\"og:title\" content=\"Anvisa inclui a Cannabis na lista oficial de f\u00e1rmacos | Arquivo\" \/>\n\t\t<meta property=\"og:url\" content=\"https:\/\/www.jornalja.com.br\/arquivo\/anvisa-inclui-a-cannabis-na-lista-oficial-de-farmacos\/\" \/>\n\t\t<meta property=\"og:image\" content=\"https:\/\/www.jornalja.com.br\/economics\/wp-content\/uploads\/sites\/11\/2026\/08\/ja-folhaderosto-facebook.jpg\" \/>\n\t\t<meta property=\"og:image:secure_url\" content=\"https:\/\/www.jornalja.com.br\/economics\/wp-content\/uploads\/sites\/11\/2026\/08\/ja-folhaderosto-facebook.jpg\" \/>\n\t\t<meta property=\"article:published_time\" content=\"2017-05-16T21:55:43+00:00\" \/>\n\t\t<meta property=\"article:modified_time\" content=\"2017-05-16T21:55:43+00:00\" \/>\n\t\t<meta name=\"twitter:card\" content=\"summary\" \/>\n\t\t<meta name=\"twitter:title\" content=\"Anvisa inclui a Cannabis na lista oficial de f\u00e1rmacos | Arquivo\" \/>\n\t\t<meta name=\"twitter:image\" content=\"https:\/\/www.jornalja.com.br\/economics\/wp-content\/uploads\/sites\/11\/2026\/08\/ja-folhaderosto-facebook.jpg\" \/>\n\t\t<script type=\"application\/ld+json\" class=\"aioseo-schema\">\n\t\t\t{\"@context\":\"https:\\\/\\\/schema.org\",\"@graph\":[{\"@type\":\"BlogPosting\",\"@id\":\"https:\\\/\\\/www.jornalja.com.br\\\/arquivo\\\/anvisa-inclui-a-cannabis-na-lista-oficial-de-farmacos\\\/#blogposting\",\"name\":\"Anvisa inclui a Cannabis na lista oficial de f\\u00e1rmacos | Arquivo\",\"headline\":\"Anvisa inclui a Cannabis na lista oficial de f\\u00e1rmacos\",\"author\":{\"@id\":\"https:\\\/\\\/www.jornalja.com.br\\\/arquivo\\\/author\\\/daredacao\\\/#author\"},\"publisher\":{\"@id\":\"https:\\\/\\\/www.jornalja.com.br\\\/arquivo\\\/#organization\"},\"image\":{\"@type\":\"ImageObject\",\"url\":48533},\"datePublished\":\"2017-05-16T18:55:43-03:00\",\"dateModified\":\"2017-05-16T18:55:43-03:00\",\"inLanguage\":\"pt-BR\",\"mainEntityOfPage\":{\"@id\":\"https:\\\/\\\/www.jornalja.com.br\\\/arquivo\\\/anvisa-inclui-a-cannabis-na-lista-oficial-de-farmacos\\\/#webpage\"},\"isPartOf\":{\"@id\":\"https:\\\/\\\/www.jornalja.com.br\\\/arquivo\\\/anvisa-inclui-a-cannabis-na-lista-oficial-de-farmacos\\\/#webpage\"},\"articleSection\":\"Geral\"},{\"@type\":\"BreadcrumbList\",\"@id\":\"https:\\\/\\\/www.jornalja.com.br\\\/arquivo\\\/anvisa-inclui-a-cannabis-na-lista-oficial-de-farmacos\\\/#breadcrumblist\",\"itemListElement\":[{\"@type\":\"ListItem\",\"@id\":\"https:\\\/\\\/www.jornalja.com.br\\\/arquivo#listItem\",\"position\":1,\"name\":\"Home\",\"item\":\"https:\\\/\\\/www.jornalja.com.br\\\/arquivo\",\"nextItem\":{\"@type\":\"ListItem\",\"@id\":\"https:\\\/\\\/www.jornalja.com.br\\\/arquivo\\\/category\\\/geral\\\/#listItem\",\"name\":\"Geral\"}},{\"@type\":\"ListItem\",\"@id\":\"https:\\\/\\\/www.jornalja.com.br\\\/arquivo\\\/category\\\/geral\\\/#listItem\",\"position\":2,\"name\":\"Geral\",\"item\":\"https:\\\/\\\/www.jornalja.com.br\\\/arquivo\\\/category\\\/geral\\\/\",\"nextItem\":{\"@type\":\"ListItem\",\"@id\":\"https:\\\/\\\/www.jornalja.com.br\\\/arquivo\\\/anvisa-inclui-a-cannabis-na-lista-oficial-de-farmacos\\\/#listItem\",\"name\":\"Anvisa inclui a Cannabis na lista oficial de f\\u00e1rmacos\"},\"previousItem\":{\"@type\":\"ListItem\",\"@id\":\"https:\\\/\\\/www.jornalja.com.br\\\/arquivo#listItem\",\"name\":\"Home\"}},{\"@type\":\"ListItem\",\"@id\":\"https:\\\/\\\/www.jornalja.com.br\\\/arquivo\\\/anvisa-inclui-a-cannabis-na-lista-oficial-de-farmacos\\\/#listItem\",\"position\":3,\"name\":\"Anvisa inclui a Cannabis na lista oficial de f\\u00e1rmacos\",\"previousItem\":{\"@type\":\"ListItem\",\"@id\":\"https:\\\/\\\/www.jornalja.com.br\\\/arquivo\\\/category\\\/geral\\\/#listItem\",\"name\":\"Geral\"}}]},{\"@type\":\"Organization\",\"@id\":\"https:\\\/\\\/www.jornalja.com.br\\\/arquivo\\\/#organization\",\"name\":\"Jornal J\\u00c1\",\"description\":\"Jornal J\\u00c1 | Porto Alegre\",\"url\":\"https:\\\/\\\/www.jornalja.com.br\\\/arquivo\\\/\",\"telephone\":\"+555133307272\",\"logo\":{\"@type\":\"ImageObject\",\"url\":\"https:\\\/\\\/www.jornalja.com.br\\\/wp-content\\\/uploads\\\/cards\\\/JAslogan.png\",\"@id\":\"https:\\\/\\\/www.jornalja.com.br\\\/arquivo\\\/anvisa-inclui-a-cannabis-na-lista-oficial-de-farmacos\\\/#organizationLogo\"},\"image\":{\"@id\":\"https:\\\/\\\/www.jornalja.com.br\\\/arquivo\\\/anvisa-inclui-a-cannabis-na-lista-oficial-de-farmacos\\\/#organizationLogo\"}},{\"@type\":\"Person\",\"@id\":\"https:\\\/\\\/www.jornalja.com.br\\\/arquivo\\\/author\\\/daredacao\\\/#author\",\"url\":\"https:\\\/\\\/www.jornalja.com.br\\\/arquivo\\\/author\\\/daredacao\\\/\",\"name\":\"da Reda\\u00e7\\u00e3o\",\"image\":{\"@type\":\"ImageObject\",\"@id\":\"https:\\\/\\\/www.jornalja.com.br\\\/arquivo\\\/anvisa-inclui-a-cannabis-na-lista-oficial-de-farmacos\\\/#authorImage\",\"url\":\"https:\\\/\\\/secure.gravatar.com\\\/avatar\\\/469fd857d6605ad19919d27ed29d35a968a25f6e8fd9318356bbb7f57aae9c65?s=96&d=mm&r=g\",\"width\":96,\"height\":96,\"caption\":\"da Reda\\u00e7\\u00e3o\"}},{\"@type\":\"WebPage\",\"@id\":\"https:\\\/\\\/www.jornalja.com.br\\\/arquivo\\\/anvisa-inclui-a-cannabis-na-lista-oficial-de-farmacos\\\/#webpage\",\"url\":\"https:\\\/\\\/www.jornalja.com.br\\\/arquivo\\\/anvisa-inclui-a-cannabis-na-lista-oficial-de-farmacos\\\/\",\"name\":\"Anvisa inclui a Cannabis na lista oficial de f\\u00e1rmacos | Arquivo\",\"inLanguage\":\"pt-BR\",\"isPartOf\":{\"@id\":\"https:\\\/\\\/www.jornalja.com.br\\\/arquivo\\\/#website\"},\"breadcrumb\":{\"@id\":\"https:\\\/\\\/www.jornalja.com.br\\\/arquivo\\\/anvisa-inclui-a-cannabis-na-lista-oficial-de-farmacos\\\/#breadcrumblist\"},\"author\":{\"@id\":\"https:\\\/\\\/www.jornalja.com.br\\\/arquivo\\\/author\\\/daredacao\\\/#author\"},\"creator\":{\"@id\":\"https:\\\/\\\/www.jornalja.com.br\\\/arquivo\\\/author\\\/daredacao\\\/#author\"},\"image\":{\"@type\":\"ImageObject\",\"url\":48533,\"@id\":\"https:\\\/\\\/www.jornalja.com.br\\\/arquivo\\\/anvisa-inclui-a-cannabis-na-lista-oficial-de-farmacos\\\/#mainImage\"},\"primaryImageOfPage\":{\"@id\":\"https:\\\/\\\/www.jornalja.com.br\\\/arquivo\\\/anvisa-inclui-a-cannabis-na-lista-oficial-de-farmacos\\\/#mainImage\"},\"datePublished\":\"2017-05-16T18:55:43-03:00\",\"dateModified\":\"2017-05-16T18:55:43-03:00\"},{\"@type\":\"WebSite\",\"@id\":\"https:\\\/\\\/www.jornalja.com.br\\\/arquivo\\\/#website\",\"url\":\"https:\\\/\\\/www.jornalja.com.br\\\/arquivo\\\/\",\"name\":\"Arquivo\",\"description\":\"Jornal J\\u00c1 | Porto Alegre\",\"inLanguage\":\"pt-BR\",\"publisher\":{\"@id\":\"https:\\\/\\\/www.jornalja.com.br\\\/arquivo\\\/#organization\"}}]}\n\t\t<\/script>\n\t\t<!-- All in One SEO -->\n\n","aioseo_head_json":{"title":"Anvisa inclui a Cannabis na lista oficial de f\u00e1rmacos | Arquivo","description":"","canonical_url":"https:\/\/www.jornalja.com.br\/arquivo\/anvisa-inclui-a-cannabis-na-lista-oficial-de-farmacos\/","robots":"max-image-preview:large","keywords":"","webmasterTools":{"miscellaneous":""},"schema":{"@context":"https:\/\/schema.org","@graph":[{"@type":"BlogPosting","@id":"https:\/\/www.jornalja.com.br\/arquivo\/anvisa-inclui-a-cannabis-na-lista-oficial-de-farmacos\/#blogposting","name":"Anvisa inclui a Cannabis na lista oficial de f\u00e1rmacos | Arquivo","headline":"Anvisa inclui a Cannabis na lista oficial de f\u00e1rmacos","author":{"@id":"https:\/\/www.jornalja.com.br\/arquivo\/author\/daredacao\/#author"},"publisher":{"@id":"https:\/\/www.jornalja.com.br\/arquivo\/#organization"},"image":{"@type":"ImageObject","url":48533},"datePublished":"2017-05-16T18:55:43-03:00","dateModified":"2017-05-16T18:55:43-03:00","inLanguage":"pt-BR","mainEntityOfPage":{"@id":"https:\/\/www.jornalja.com.br\/arquivo\/anvisa-inclui-a-cannabis-na-lista-oficial-de-farmacos\/#webpage"},"isPartOf":{"@id":"https:\/\/www.jornalja.com.br\/arquivo\/anvisa-inclui-a-cannabis-na-lista-oficial-de-farmacos\/#webpage"},"articleSection":"Geral"},{"@type":"BreadcrumbList","@id":"https:\/\/www.jornalja.com.br\/arquivo\/anvisa-inclui-a-cannabis-na-lista-oficial-de-farmacos\/#breadcrumblist","itemListElement":[{"@type":"ListItem","@id":"https:\/\/www.jornalja.com.br\/arquivo#listItem","position":1,"name":"Home","item":"https:\/\/www.jornalja.com.br\/arquivo","nextItem":{"@type":"ListItem","@id":"https:\/\/www.jornalja.com.br\/arquivo\/category\/geral\/#listItem","name":"Geral"}},{"@type":"ListItem","@id":"https:\/\/www.jornalja.com.br\/arquivo\/category\/geral\/#listItem","position":2,"name":"Geral","item":"https:\/\/www.jornalja.com.br\/arquivo\/category\/geral\/","nextItem":{"@type":"ListItem","@id":"https:\/\/www.jornalja.com.br\/arquivo\/anvisa-inclui-a-cannabis-na-lista-oficial-de-farmacos\/#listItem","name":"Anvisa inclui a Cannabis na lista oficial de f\u00e1rmacos"},"previousItem":{"@type":"ListItem","@id":"https:\/\/www.jornalja.com.br\/arquivo#listItem","name":"Home"}},{"@type":"ListItem","@id":"https:\/\/www.jornalja.com.br\/arquivo\/anvisa-inclui-a-cannabis-na-lista-oficial-de-farmacos\/#listItem","position":3,"name":"Anvisa inclui a Cannabis na lista oficial de f\u00e1rmacos","previousItem":{"@type":"ListItem","@id":"https:\/\/www.jornalja.com.br\/arquivo\/category\/geral\/#listItem","name":"Geral"}}]},{"@type":"Organization","@id":"https:\/\/www.jornalja.com.br\/arquivo\/#organization","name":"Jornal J\u00c1","description":"Jornal J\u00c1 | Porto Alegre","url":"https:\/\/www.jornalja.com.br\/arquivo\/","telephone":"+555133307272","logo":{"@type":"ImageObject","url":"https:\/\/www.jornalja.com.br\/wp-content\/uploads\/cards\/JAslogan.png","@id":"https:\/\/www.jornalja.com.br\/arquivo\/anvisa-inclui-a-cannabis-na-lista-oficial-de-farmacos\/#organizationLogo"},"image":{"@id":"https:\/\/www.jornalja.com.br\/arquivo\/anvisa-inclui-a-cannabis-na-lista-oficial-de-farmacos\/#organizationLogo"}},{"@type":"Person","@id":"https:\/\/www.jornalja.com.br\/arquivo\/author\/daredacao\/#author","url":"https:\/\/www.jornalja.com.br\/arquivo\/author\/daredacao\/","name":"da Reda\u00e7\u00e3o","image":{"@type":"ImageObject","@id":"https:\/\/www.jornalja.com.br\/arquivo\/anvisa-inclui-a-cannabis-na-lista-oficial-de-farmacos\/#authorImage","url":"https:\/\/secure.gravatar.com\/avatar\/469fd857d6605ad19919d27ed29d35a968a25f6e8fd9318356bbb7f57aae9c65?s=96&d=mm&r=g","width":96,"height":96,"caption":"da Reda\u00e7\u00e3o"}},{"@type":"WebPage","@id":"https:\/\/www.jornalja.com.br\/arquivo\/anvisa-inclui-a-cannabis-na-lista-oficial-de-farmacos\/#webpage","url":"https:\/\/www.jornalja.com.br\/arquivo\/anvisa-inclui-a-cannabis-na-lista-oficial-de-farmacos\/","name":"Anvisa inclui a Cannabis na lista oficial de f\u00e1rmacos | Arquivo","inLanguage":"pt-BR","isPartOf":{"@id":"https:\/\/www.jornalja.com.br\/arquivo\/#website"},"breadcrumb":{"@id":"https:\/\/www.jornalja.com.br\/arquivo\/anvisa-inclui-a-cannabis-na-lista-oficial-de-farmacos\/#breadcrumblist"},"author":{"@id":"https:\/\/www.jornalja.com.br\/arquivo\/author\/daredacao\/#author"},"creator":{"@id":"https:\/\/www.jornalja.com.br\/arquivo\/author\/daredacao\/#author"},"image":{"@type":"ImageObject","url":48533,"@id":"https:\/\/www.jornalja.com.br\/arquivo\/anvisa-inclui-a-cannabis-na-lista-oficial-de-farmacos\/#mainImage"},"primaryImageOfPage":{"@id":"https:\/\/www.jornalja.com.br\/arquivo\/anvisa-inclui-a-cannabis-na-lista-oficial-de-farmacos\/#mainImage"},"datePublished":"2017-05-16T18:55:43-03:00","dateModified":"2017-05-16T18:55:43-03:00"},{"@type":"WebSite","@id":"https:\/\/www.jornalja.com.br\/arquivo\/#website","url":"https:\/\/www.jornalja.com.br\/arquivo\/","name":"Arquivo","description":"Jornal J\u00c1 | Porto Alegre","inLanguage":"pt-BR","publisher":{"@id":"https:\/\/www.jornalja.com.br\/arquivo\/#organization"}}]},"og:locale":"pt_BR","og:site_name":"Arquivo | Jornal J\u00c1 | Porto Alegre","og:type":"article","og:title":"Anvisa inclui a Cannabis na lista oficial de f\u00e1rmacos | Arquivo","og:url":"https:\/\/www.jornalja.com.br\/arquivo\/anvisa-inclui-a-cannabis-na-lista-oficial-de-farmacos\/","og:image":"https:\/\/www.jornalja.com.br\/economics\/wp-content\/uploads\/sites\/11\/2026\/08\/ja-folhaderosto-facebook.jpg","og:image:secure_url":"https:\/\/www.jornalja.com.br\/economics\/wp-content\/uploads\/sites\/11\/2026\/08\/ja-folhaderosto-facebook.jpg","article:published_time":"2017-05-16T21:55:43+00:00","article:modified_time":"2017-05-16T21:55:43+00:00","twitter:card":"summary","twitter:title":"Anvisa inclui a Cannabis na lista oficial de f\u00e1rmacos | Arquivo","twitter:image":"https:\/\/www.jornalja.com.br\/economics\/wp-content\/uploads\/sites\/11\/2026\/08\/ja-folhaderosto-facebook.jpg"},"aioseo_meta_data":{"post_id":"48524","title":null,"description":null,"keywords":null,"keyphrases":null,"primary_term":null,"canonical_url":null,"og_title":null,"og_description":null,"og_object_type":"default","og_image_type":"default","og_image_url":null,"og_image_width":null,"og_image_height":null,"og_image_custom_url":null,"og_image_custom_fields":null,"og_video":null,"og_custom_url":null,"og_article_section":null,"og_article_tags":null,"twitter_use_og":false,"twitter_card":"default","twitter_image_type":"default","twitter_image_url":null,"twitter_image_custom_url":null,"twitter_image_custom_fields":null,"twitter_title":null,"twitter_description":null,"schema":{"blockGraphs":[],"customGraphs":[],"default":{"data":{"Article":[],"Course":[],"Dataset":[],"FAQPage":[],"Movie":[],"Person":[],"Product":[],"ProductReview":[],"Car":[],"Recipe":[],"Service":[],"SoftwareApplication":[],"WebPage":[]},"graphName":"","isEnabled":true},"graphs":[]},"schema_type":null,"schema_type_options":null,"pillar_content":false,"robots_default":true,"robots_noindex":false,"robots_noarchive":false,"robots_nosnippet":false,"robots_nofollow":false,"robots_noimageindex":false,"robots_noodp":false,"robots_notranslate":false,"robots_max_snippet":null,"robots_max_videopreview":null,"robots_max_imagepreview":"large","priority":null,"frequency":null,"location":null,"local_seo":null,"breadcrumb_settings":null,"limit_modified_date":false,"ai":null,"created":"2020-12-20 20:35:21","updated":"2025-07-19 21:34:53","seo_analyzer_scan_date":null,"focus_keyword":null,"additional_keywords":null,"truseo_locale":null},"jetpack_sharing_enabled":true,"jetpack-related-posts":[{"id":13128,"url":"https:\/\/www.jornalja.com.br\/arquivo\/maconha-terra-diz-que-uso-medicinal-e-desculpa\/","url_meta":{"origin":48524,"position":0},"title":"Maconha: Terra diz que uso medicinal \u00e9 desculpa","author":"Patr\u00edcia Marini","date":"4 de junho de 2014","format":false,"excerpt":"A condi\u00e7\u00e3o de pol\u00edtico, em \u00e9poca de campanha de campanha eleitoral, tira for\u00e7a do discurso do m\u00e9dico Osmar Terra contra a legaliza\u00e7\u00e3o da maconha. A tese dele de que a libera\u00e7\u00e3o vai ampliar exponencialmente o consumo \u00e9 discutivel, o consumo \u00e9 corrente. Mas seus alertas quanto aos riscos tem que\u2026","rel":"","context":"Em &quot;X.Categorias velhas&quot;","block_context":{"text":"X.Categorias velhas","link":"https:\/\/www.jornalja.com.br\/arquivo\/category\/x-categorias-velhas\/"},"img":{"alt_text":"","src":"","width":0,"height":0},"classes":[]},{"id":13101,"url":"https:\/\/www.jornalja.com.br\/arquivo\/morre-um-guerreiro-do-texto\/","url_meta":{"origin":48524,"position":1},"title":"Morre um guerreiro do texto","author":"Patr\u00edcia Marini","date":"14 de maio de 2014","format":false,"excerpt":"Por Ricardo Kotscho Reproduzido do blog do autor, 11\/5\/2014; t\u00edtulo original \u201cE l\u00e1 se foi o nosso Myltainho, guerreiro do texto\u201d. Mi\u00fado e franzino, meu amigo Myltainho era um valente e inconformado guerreiro na luta contra as injusti\u00e7as sociais, a hipocrisia, as maracutaias, o autoritarismo, a intoler\u00e2ncia, a viol\u00eancia, o\u2026","rel":"","context":"Em &quot;Geral&quot;","block_context":{"text":"Geral","link":"https:\/\/www.jornalja.com.br\/arquivo\/category\/geral\/"},"img":{"alt_text":"","src":"","width":0,"height":0},"classes":[]},{"id":13109,"url":"https:\/\/www.jornalja.com.br\/arquivo\/judiciario-reconhece-poluicao-eletromagnetica\/","url_meta":{"origin":48524,"position":2},"title":"Judici\u00e1rio reconhece polui\u00e7\u00e3o eletromagn\u00e9tica","author":"Patr\u00edcia Marini","date":"16 de maio de 2014","format":false,"excerpt":"A\u00e7\u00e3o de duas associa\u00e7\u00f5es de moradores foi acolhida pelo Tribunal de Justi\u00e7a de S\u00e3o Paulo que. em decis\u00e3o in\u00e9dita, determinou a redu\u00e7\u00e3o do campo eletromagn\u00e9tico gerado pelas linhas de transmiss\u00e3o de energia que cortam os bairros City Boa\u00e7ava e Alto de Pinheiros. \u00c9 a primeira vez que um tribunal do\u2026","rel":"","context":"Em &quot;X.Categorias velhas&quot;","block_context":{"text":"X.Categorias velhas","link":"https:\/\/www.jornalja.com.br\/arquivo\/category\/x-categorias-velhas\/"},"img":{"alt_text":"","src":"","width":0,"height":0},"classes":[]},{"id":14241,"url":"https:\/\/www.jornalja.com.br\/arquivo\/o-guaiba-nas-imagens-poeticas-de-achutti\/","url_meta":{"origin":48524,"position":3},"title":"O Gua\u00edba nas imagens po\u00e9ticas de Achutti","author":"da Reda\u00e7\u00e3o","date":"18 de junho de 2014","format":false,"excerpt":"Em \u201cO Gua\u00edba por Achutti\u201d \u2013 obra financiada via Minist\u00e9rio da Cultura, produ\u00e7\u00e3o executiva de Pedro Longhi, e Fl\u00e1vio Wild como designer \u2013, o fot\u00f3grafo revela a beleza e as mazelas de um espa\u00e7o aqu\u00e1tico de \u00e1guas sempre renovadas, cheio de hist\u00f3rias e lendas como as das cidades que foram\u2026","rel":"","context":"Em &quot;Cultura-Geral&quot;","block_context":{"text":"Cultura-Geral","link":"https:\/\/www.jornalja.com.br\/arquivo\/category\/materiasecundaria\/"},"img":{"alt_text":"","src":"","width":0,"height":0},"classes":[]},{"id":13124,"url":"https:\/\/www.jornalja.com.br\/arquivo\/sangue-latino-no-iecine\/","url_meta":{"origin":48524,"position":4},"title":"Sangue latino no IECINE","author":"da Reda\u00e7\u00e3o","date":"18 de maio de 2014","format":false,"excerpt":"Francisco Ribeiro O Instituto Estadual de Cinema (IECINE) tem a frente, desde abril \u00faltimo, um novo diretor, o cineasta colombiano Juan Zapata, 36, que substitui Luiz Alberto Cassol. Radicado h\u00e1 dez anos em Porto Alegre, Zapata tem diante de si o desafio de conduzir at\u00e9 o final do ano um\u2026","rel":"","context":"Em &quot;Cultura-Geral&quot;","block_context":{"text":"Cultura-Geral","link":"https:\/\/www.jornalja.com.br\/arquivo\/category\/materiasecundaria\/"},"img":{"alt_text":"","src":"","width":0,"height":0},"classes":[]}],"jetpack_shortlink":"https:\/\/wp.me\/pbQjBd-cCE","jetpack_featured_media_url":"","_links":{"self":[{"href":"https:\/\/www.jornalja.com.br\/arquivo\/wp-json\/wp\/v2\/posts\/48524","targetHints":{"allow":["GET"]}}],"collection":[{"href":"https:\/\/www.jornalja.com.br\/arquivo\/wp-json\/wp\/v2\/posts"}],"about":[{"href":"https:\/\/www.jornalja.com.br\/arquivo\/wp-json\/wp\/v2\/types\/post"}],"author":[{"embeddable":true,"href":"https:\/\/www.jornalja.com.br\/arquivo\/wp-json\/wp\/v2\/users\/4"}],"replies":[{"embeddable":true,"href":"https:\/\/www.jornalja.com.br\/arquivo\/wp-json\/wp\/v2\/comments?post=48524"}],"version-history":[{"count":0,"href":"https:\/\/www.jornalja.com.br\/arquivo\/wp-json\/wp\/v2\/posts\/48524\/revisions"}],"wp:attachment":[{"href":"https:\/\/www.jornalja.com.br\/arquivo\/wp-json\/wp\/v2\/media?parent=48524"}],"wp:term":[{"taxonomy":"category","embeddable":true,"href":"https:\/\/www.jornalja.com.br\/arquivo\/wp-json\/wp\/v2\/categories?post=48524"},{"taxonomy":"post_tag","embeddable":true,"href":"https:\/\/www.jornalja.com.br\/arquivo\/wp-json\/wp\/v2\/tags?post=48524"}],"curies":[{"name":"wp","href":"https:\/\/api.w.org\/{rel}","templated":true}]}}